{"id":469250,"date":"2025-09-13T05:45:03","date_gmt":"2025-09-13T03:45:03","guid":{"rendered":"https:\/\/www.radiopiu.net\/wordpress\/?p=469250"},"modified":"2025-09-13T05:49:37","modified_gmt":"2025-09-13T03:49:37","slug":"i-sindaci-smentiscono-lanas-non-ci-sara-nessuna-chiusura-nulla-e-deciso","status":"publish","type":"post","link":"https:\/\/www.radiopiu.net\/wordpress\/i-sindaci-smentiscono-lanas-non-ci-sara-nessuna-chiusura-nulla-e-deciso\/","title":{"rendered":"I SINDACI SMENTISCONO L&#8217;ANAS: &#8220;NON CI SARA&#8217; NESSUNA CHIUSURA, NULLA E&#8217; DECISO&#8221;"},"content":{"rendered":"<p>***<\/p>\n<blockquote><p><em>I sindaci smentiscono l&#8217;Anas, ieri pomeriggio aveva inviato una nota con le nuove chiusure e orari, ma mai ha sottolineato che di ipotesi si trattava. Un sindaco del Cadore ci ha subito contattato chiedendoci chiarimenti, lo abbiamo reso partecip del comunicato dell&#8217;Anas pervenuto in Radio alle 17.33 di giovedi<\/em><\/p><\/blockquote>\n<p data-start=\"352\" data-end=\"703\"><strong>COMELICO\u00a0<\/strong> Non c\u2019\u00e8 alcuna decisione definitiva sulle chiusure stradali legate al cantiere viario in Comelico. \u00c8 quanto precisano i sindaci dei cinque comuni interessati \u2013 Comelico Superiore, Danta di Cadore, San Nicol\u00f2, San Pietro e Santo Stefano di Cadore \u2013 in risposta alla nota diffusa da ANAS dopo il vertice dell\u201911 settembre in Unione Montana. Gli amministratori sottolineano che i temi emersi nell\u2019incontro sono stati ascoltati, ma non possono essere intesi come operativi senza un passaggio con tutte le autorit\u00e0 competenti. Prefettura, Vigili del Fuoco, Ulss 1 Dolomiti e Dolomiti Bus \u2013 ricordano i sindaci \u2013 sono enti direttamente coinvolti, responsabili della gestione dei servizi di emergenza, urgenza e trasporto pubblico, e non possono essere esclusi dal tavolo decisionale. Particolare attenzione \u00e8 posta sull\u2019ipotesi di <strong data-start=\"1194\" data-end=\"1228\">chiusura anticipata alle 21.00<\/strong>, che non rientra negli accordi presi in Prefettura prima dell\u2019avvio del cantiere. Ogni eventuale modifica, precisano i sindaci, dovr\u00e0 essere valutata con attenzione e condivisa attraverso nuove riunioni ufficiali. Anche per le annunciate chiusure straordinarie e totali, ritenute necessarie per alcune lavorazioni, non sono state indicate date precise n\u00e9 ottenuto il consenso degli enti coinvolti. Per questo, spiegano i primi cittadini, sar\u00e0 indispensabile un nuovo passaggio in Prefettura con tutti i soggetti interessati. <em>\u201cFino a nuove comunicazioni \u2013 rassicurano i sindaci \u2013 nulla di quanto annunciato da ANAS \u00e8 da considerarsi definitivo o esecutivo\u201d.<\/em><\/p>\n<p>&nbsp;<\/p>\n<hr \/>\n<p>&nbsp;<\/p>\n<p><span style=\"color: #ff0000;\"><strong>DAL COMUNICATO ANAS DI GIOVEDI POMERIGGIO<\/strong><\/span><\/p>\n<blockquote>\n<h2>GALLERIA COMELICO, CHIUSURA STRAORDINARIA DAL 3 OTTOBRE<\/h2>\n<\/blockquote>\n<article class=\"text-token-text-primary w-full focus:outline-none scroll-mt-[calc(var(--header-height)+min(200px,max(70px,20svh)))]\" dir=\"auto\" tabindex=\"-1\" data-turn-id=\"request-WEB:1e4b819b-ac3d-4024-8ea5-e98f42b58405-90\" data-testid=\"conversation-turn-182\" data-scroll-anchor=\"true\" data-turn=\"assistant\">\n<div class=\"text-base my-auto mx-auto pb-10 [--thread-content-margin:--spacing(4)] thread-sm:[--thread-content-margin:--spacing(6)] thread-lg:[--thread-content-margin:--spacing(16)] px-(--thread-content-margin)\">\n<div class=\"[--thread-content-max-width:40rem] thread-sm:[--thread-content-max-width:40rem] thread-lg:[--thread-content-max-width:48rem] mx-auto max-w-(--thread-content-max-width) flex-1 group\/turn-messages focus-visible:outline-hidden relative flex w-full min-w-0 flex-col agent-turn\" tabindex=\"-1\">\n<div class=\"flex max-w-full flex-col grow\">\n<div class=\"min-h-8 text-message relative flex w-full flex-col items-end gap-2 text-start break-words whitespace-normal [.text-message+&amp;]:mt-5\" dir=\"auto\" data-message-author-role=\"assistant\" data-message-id=\"35de923a-bb9c-47bb-b2a9-d2579a8712ee\" data-message-model-slug=\"gpt-5\">\n<div class=\"flex w-full flex-col gap-1 empty:hidden first:pt-[3px]\">\n<div class=\"markdown prose dark:prose-invert w-full break-words dark markdown-new-styling\">\n<h3 data-start=\"0\" data-end=\"70\"><img loading=\"lazy\" decoding=\"async\" class=\"alignleft\" src=\"https:\/\/www.radiopiu.net\/wordpress\/wp-content\/uploads\/2021\/02\/galleria-comelico.jpg\" width=\"131\" height=\"156\" \/><\/h3>\n<p data-start=\"72\" data-end=\"837\" data-is-last-node=\"\" data-is-only-node=\"\"><strong>VENEZIA\u00a0<\/strong> Si \u00e8 svolto\u00a0 l\u2019incontro tecnico presso l\u2019Unione Comunit\u00e0 Montana per aggiornare sullo stato dei lavori alla galleria Comelico, lungo la SS 52 \u201cCarnica\u201d. Anas ha confermato la stabilit\u00e0 dell\u2019infrastruttura e illustrato le nuove modalit\u00e0 di cantierizzazione: chiusura anticipata alle 21 anzich\u00e9 alle 22, dal luned\u00ec al venerd\u00ec, con apertura alle 6; dalla met\u00e0 di ottobre le chiusure notturne saranno estese anche ai fine settimana. Prevista inoltre la chiusura straordinaria dal 3 all\u20198 ottobre. In partenza anche i lavori per il nuovo viadotto \u201cTarlisse\u201d, con viabilit\u00e0 deviata sulla SR48 e una rotatoria provvisoria sulla SP532. Anas ribadisce la piena sicurezza del cantiere e la disponibilit\u00e0 al confronto con enti e istituzioni.<\/p>\n<\/div>\n<\/div>\n<\/div>\n<\/div>\n<\/div>\n<\/div>\n<\/article>\n<hr \/>\n<hr \/>\n<article class=\"text-token-text-primary w-full focus:outline-none scroll-mt-[calc(var(--header-height)+min(200px,max(70px,20svh)))]\" dir=\"auto\" tabindex=\"-1\" data-turn-id=\"request-WEB:1e4b819b-ac3d-4024-8ea5-e98f42b58405-90\" data-testid=\"conversation-turn-182\" data-scroll-anchor=\"true\" data-turn=\"assistant\">\n<div class=\"text-base my-auto mx-auto pb-10 [--thread-content-margin:--spacing(4)] thread-sm:[--thread-content-margin:--spacing(6)] thread-lg:[--thread-content-margin:--spacing(16)] px-(--thread-content-margin)\">\n<div class=\"[--thread-content-max-width:40rem] thread-sm:[--thread-content-max-width:40rem] thread-lg:[--thread-content-max-width:48rem] mx-auto max-w-(--thread-content-max-width) flex-1 group\/turn-messages focus-visible:outline-hidden relative flex w-full min-w-0 flex-col agent-turn\" tabindex=\"-1\">\n<div class=\"flex min-h-[46px] justify-start\"><\/div>\n<div class=\"mt-3 w-full empty:hidden\">\n<div class=\"text-center\"><\/div>\n<\/div>\n<\/div>\n<\/div>\n<\/article>\n<div class=\"pointer-events-none h-px w-px\" aria-hidden=\"true\" data-edge=\"true\"><\/div>\n","protected":false},"excerpt":{"rendered":"<p>*** I sindaci smentiscono l&#8217;Anas, ieri pomeriggio aveva inviato una nota con le nuove chiusure e orari, ma mai ha sottolineato che di ipotesi si trattava. Un sindaco del Cadore ci ha subito contattato chiedendoci chiarimenti, lo abbiamo reso partecip del comunicato dell&#8217;Anas pervenuto in Radio alle 17.33 di giovedi COMELICO\u00a0 Non c\u2019\u00e8 alcuna decisione&hellip;<\/p>\n","protected":false},"author":4,"featured_media":192243,"comment_status":"closed","ping_status":"closed","sticky":false,"template":"","format":"standard","meta":{"_monsterinsights_skip_tracking":false,"_monsterinsights_sitenote_active":false,"_monsterinsights_sitenote_note":"","_monsterinsights_sitenote_category":0,"footnotes":""},"categories":[51,49],"tags":[],"class_list":["post-469250","post","type-post","status-publish","format-standard","has-post-thumbnail","hentry","category-evidenza-top","category-news-18","category-51","category-49","description-off"],"img_url":"https:\/\/www.radiopiu.net\/wordpress\/wp-content\/uploads\/2021\/02\/galleria-comelico.jpg","_links":{"self":[{"href":"https:\/\/www.radiopiu.net\/wordpress\/wp-json\/wp\/v2\/posts\/469250","targetHints":{"allow":["GET"]}}],"collection":[{"href":"https:\/\/www.radiopiu.net\/wordpress\/wp-json\/wp\/v2\/posts"}],"about":[{"href":"https:\/\/www.radiopiu.net\/wordpress\/wp-json\/wp\/v2\/types\/post"}],"author":[{"embeddable":true,"href":"https:\/\/www.radiopiu.net\/wordpress\/wp-json\/wp\/v2\/users\/4"}],"replies":[{"embeddable":true,"href":"https:\/\/www.radiopiu.net\/wordpress\/wp-json\/wp\/v2\/comments?post=469250"}],"version-history":[{"count":5,"href":"https:\/\/www.radiopiu.net\/wordpress\/wp-json\/wp\/v2\/posts\/469250\/revisions"}],"predecessor-version":[{"id":469378,"href":"https:\/\/www.radiopiu.net\/wordpress\/wp-json\/wp\/v2\/posts\/469250\/revisions\/469378"}],"wp:featuredmedia":[{"embeddable":true,"href":"https:\/\/www.radiopiu.net\/wordpress\/wp-json\/wp\/v2\/media\/192243"}],"wp:attachment":[{"href":"https:\/\/www.radiopiu.net\/wordpress\/wp-json\/wp\/v2\/media?parent=469250"}],"wp:term":[{"taxonomy":"category","embeddable":true,"href":"https:\/\/www.radiopiu.net\/wordpress\/wp-json\/wp\/v2\/categories?post=469250"},{"taxonomy":"post_tag","embeddable":true,"href":"https:\/\/www.radiopiu.net\/wordpress\/wp-json\/wp\/v2\/tags?post=469250"}],"curies":[{"name":"wp","href":"https:\/\/api.w.org\/{rel}","templated":true}]}}