{"id":469252,"date":"2025-09-17T05:08:30","date_gmt":"2025-09-17T03:08:30","guid":{"rendered":"https:\/\/www.radiopiu.net\/wordpress\/?p=469252"},"modified":"2025-09-17T05:38:00","modified_gmt":"2025-09-17T03:38:00","slug":"agordo-chiusura-piazza-della-liberta-per-lavori-stradali","status":"publish","type":"post","link":"https:\/\/www.radiopiu.net\/wordpress\/agordo-chiusura-piazza-della-liberta-per-lavori-stradali\/","title":{"rendered":"AGORDO, CHIUSURA PIAZZA DELLA LIBERT\u00c0 PER LAVORI STRADALI"},"content":{"rendered":"<p>***<\/p>\n<p data-start=\"174\" data-end=\"272\"><em data-start=\"174\" data-end=\"270\"><img loading=\"lazy\" decoding=\"async\" class=\"alignleft\" src=\"https:\/\/www.radiopiu.net\/wordpress\/wp-content\/uploads\/2024\/03\/chiesa-agordo.jpg\" width=\"217\" height=\"122\" \/>Da domanial 23 settembre, deviazioni e divieti per il ripristino delle pavimentazioni in porfido<\/em><\/p>\n<p data-start=\"274\" data-end=\"884\">Agordo si prepara a una settimana di modifiche alla viabilit\u00e0 nel centro storico: da gioved\u00ec 18 a marted\u00ec 23 settembre, dalle 7:00 alle 19:00, Piazza della Libert\u00e0 sar\u00e0 chiusa al traffico per lavori di ripristino del porfido, con deviazioni su Corso degli Alpini, Viale Sommariva e Via Insurrezione. Interruzioni e divieti di sosta riguarderanno anche Via Santa Maria e alcune aree limitrofe, mentre sar\u00e0 istituito il doppio senso in Viale Sommariva. Il transito pedonale e dei mezzi di emergenza sar\u00e0 sempre garantito, e la ditta esecutrice dovr\u00e0 riportare il suolo alla regola d\u2019arte al termine dei lavori.<\/p>\n<p data-start=\"274\" data-end=\"884\">\n<hr \/>\n<p data-start=\"274\" data-end=\"884\">\n","protected":false},"excerpt":{"rendered":"<p>*** Da domanial 23 settembre, deviazioni e divieti per il ripristino delle pavimentazioni in porfido Agordo si prepara a una settimana di modifiche alla viabilit\u00e0 nel centro storico: da gioved\u00ec 18 a marted\u00ec 23 settembre, dalle 7:00 alle 19:00, Piazza della Libert\u00e0 sar\u00e0 chiusa al traffico per lavori di ripristino del porfido, con deviazioni su&hellip;<\/p>\n","protected":false},"author":4,"featured_media":380526,"comment_status":"closed","ping_status":"closed","sticky":false,"template":"","format":"standard","meta":{"_monsterinsights_skip_tracking":false,"_monsterinsights_sitenote_active":false,"_monsterinsights_sitenote_note":"","_monsterinsights_sitenote_category":0,"footnotes":""},"categories":[104,49],"tags":[],"class_list":["post-469252","post","type-post","status-publish","format-standard","has-post-thumbnail","hentry","category-evidenza_3","category-news-18","category-104","category-49","description-off"],"img_url":"https:\/\/www.radiopiu.net\/wordpress\/wp-content\/uploads\/2024\/03\/chiesa-agordo.jpg","_links":{"self":[{"href":"https:\/\/www.radiopiu.net\/wordpress\/wp-json\/wp\/v2\/posts\/469252","targetHints":{"allow":["GET"]}}],"collection":[{"href":"https:\/\/www.radiopiu.net\/wordpress\/wp-json\/wp\/v2\/posts"}],"about":[{"href":"https:\/\/www.radiopiu.net\/wordpress\/wp-json\/wp\/v2\/types\/post"}],"author":[{"embeddable":true,"href":"https:\/\/www.radiopiu.net\/wordpress\/wp-json\/wp\/v2\/users\/4"}],"replies":[{"embeddable":true,"href":"https:\/\/www.radiopiu.net\/wordpress\/wp-json\/wp\/v2\/comments?post=469252"}],"version-history":[{"count":3,"href":"https:\/\/www.radiopiu.net\/wordpress\/wp-json\/wp\/v2\/posts\/469252\/revisions"}],"predecessor-version":[{"id":470199,"href":"https:\/\/www.radiopiu.net\/wordpress\/wp-json\/wp\/v2\/posts\/469252\/revisions\/470199"}],"wp:featuredmedia":[{"embeddable":true,"href":"https:\/\/www.radiopiu.net\/wordpress\/wp-json\/wp\/v2\/media\/380526"}],"wp:attachment":[{"href":"https:\/\/www.radiopiu.net\/wordpress\/wp-json\/wp\/v2\/media?parent=469252"}],"wp:term":[{"taxonomy":"category","embeddable":true,"href":"https:\/\/www.radiopiu.net\/wordpress\/wp-json\/wp\/v2\/categories?post=469252"},{"taxonomy":"post_tag","embeddable":true,"href":"https:\/\/www.radiopiu.net\/wordpress\/wp-json\/wp\/v2\/tags?post=469252"}],"curies":[{"name":"wp","href":"https:\/\/api.w.org\/{rel}","templated":true}]}}