{"id":469256,"date":"2025-09-13T07:13:20","date_gmt":"2025-09-13T05:13:20","guid":{"rendered":"https:\/\/www.radiopiu.net\/wordpress\/?p=469256"},"modified":"2025-09-13T07:30:05","modified_gmt":"2025-09-13T05:30:05","slug":"belluno-da-provincia-a-riserva-il-declino-e-gia-in-corso","status":"publish","type":"post","link":"https:\/\/www.radiopiu.net\/wordpress\/belluno-da-provincia-a-riserva-il-declino-e-gia-in-corso\/","title":{"rendered":"BELLUNO, DA PROVINCIA A RISERVA? IL DECLINO \u00c8 GI\u00c0 IN CORSO"},"content":{"rendered":"<p>**<\/p>\n<p data-start=\"103\" data-end=\"155\"><strong data-start=\"103\" data-end=\"153\">DILLO A RADIO PI\u00d9 \u2013 LETTERA DI TOMASO PETTAZZI<\/strong><\/p>\n<p data-start=\"157\" data-end=\"746\">Due notizie hanno riportato l\u2019attenzione sulla montagna: la nuova Legge nazionale e il referendum dei Comuni ladini.\u00a0 \u00c8 tempo che chi ha responsabilit\u00e0 si dia una mossa, perch\u00e9 la fine \u00e8 vicina e nessuno si salverebbe.<\/p>\n<p data-start=\"157\" data-end=\"746\"><strong>LA LETTERA<\/strong><\/p>\n<p><img loading=\"lazy\" decoding=\"async\" class=\"alignleft\" src=\"https:\/\/www.radiopiu.net\/wordpress\/wp-content\/uploads\/2025\/08\/487836920_1254511329577882_3217843430958318712_n.jpg\" width=\"150\" height=\"216\" \/>Due notizie in questi giorni hanno riacceso l\u2019interesse sulla montagna: l\u2019approvazione della Legge nazionale sulla Montagna e la ripresa della battaglia referendaria di Livinallongo, Colle Santa Lucia ed Ampezzo.<\/p>\n<p>1.Legge sulla Montagna. Qualsiasi persona minimamente informata deve ammettere che si tratta effettivamente di \u201cpannicelli caldi\u201d. 200 milioni di \u20ac spalmati sull\u2019intero territorio montano nazionale sarebbero per Belluno come un\u2019aspirina contro una forte polmonite. Teniamo presente che il Fondo dei Comuni Confinanti riconosce annualmente al Bellunese circa 40 milioni di \u20ac. Solo per dare un ordine di valori, consideriamo che una rotonda stradale ha un costo minimo di 400.000 \u20ac. Quella presso l\u2019aeroporto di san Pietro in Campo \u00e8 costata verosimilmente ben oltre 1 milione.<\/p>\n<p>Per Belluno, quindi, la Legge sulla Montagna non ha alcun valore di riscatto da una situazione di abbandono in cui ci troviamo. \u201cFuffa\u201d, direbbe qualcuno.<\/p>\n<p>2.Referendum. Da autonomista storico devo chiaramente plaudere alla volont\u00e0 dei referendari ladini. Ho combattuto con loro nelle piazze, nei paesi e nei passi ove c\u2019era da far conoscere le loro aspirazioni. Ma da Bellunese ora devo riconoscere una amara verit\u00e0: con il distacco di Sappada\/Plodn nel 2008 e il suo ricongiungimento al Friuli, e anni ed anni di continuo calo demografico, Belluno \u00e8 sceso sotto i 200.000 abitanti. L\u2019eventuale ulteriore distacco dei tre Comuni Asburgici comporterebbe un\u2019ulteriore diminuzione di 7.000 persone. Si scenderebbe quindi dai 197.000 circa del 2024 a meno di 190.000.<\/p>\n<p>Questi numeri porterebbero Belluno a non essere pi\u00f9 sostenibile come Provincia dal punto di vista amministrativo in campo sanitario, scolastico, della Pubblica sicurezza, della motorizzazione, della Previdenza sociale, ecc. La conseguenza sarebbe la perdita di Prefettura, Questura, Ulss, Ufficio scolastico, Comando Provinciale dei Carabinieri, Gruppo Carabinieri Forestale, sede Inps provinciale, Motorizzazione Civile, Anas e chi pi\u00f9 ne ha pi\u00f9 ne metta. Realt\u00e0 oggettiva che in parte gi\u00e0 sta avvenendo. Aggiungo, infine, che dopo l\u2019ultima riforma elettorale abbiamo ridotto il numero dei nostri parlamentari da 6 ad uno e che neppure questo sarebbe sostenibile. Chi potrebbe quindi rappresentarci? O avremmo diritto ad un rappresentante, come gi\u00e0 avviene in Consiglio Regionale (tre Bellunesi), come fossimo una riserva da tutelare? Spero che i Bellunesi non si considerino dei novelli Apaches.<\/p>\n<p>Per una Provincia che nettamente si stacca dalla realt\u00e0 del restante territorio regionale, sarebbe un colpo dal quale non potrebbe pi\u00f9 riprendersi. Chi ha responsabilit\u00e0 in qualsiasi campo di darsi una mossa. La fine \u00e8 vicina. Nessuno si salverebbe.<\/p>\n<p>&nbsp;<\/p>\n<hr \/>\n<p>&nbsp;<\/p>\n<p data-start=\"157\" data-end=\"746\">\n","protected":false},"excerpt":{"rendered":"<p>** DILLO A RADIO PI\u00d9 \u2013 LETTERA DI TOMASO PETTAZZI Due notizie hanno riportato l\u2019attenzione sulla montagna: la nuova Legge nazionale e il referendum dei Comuni ladini.\u00a0 \u00c8 tempo che chi ha responsabilit\u00e0 si dia una mossa, perch\u00e9 la fine \u00e8 vicina e nessuno si salverebbe. LA LETTERA Due notizie in questi giorni hanno riacceso&hellip;<\/p>\n","protected":false},"author":4,"featured_media":464869,"comment_status":"closed","ping_status":"closed","sticky":false,"template":"","format":"standard","meta":{"_monsterinsights_skip_tracking":false,"_monsterinsights_sitenote_active":false,"_monsterinsights_sitenote_note":"","_monsterinsights_sitenote_category":0,"footnotes":""},"categories":[104,49],"tags":[],"class_list":["post-469256","post","type-post","status-publish","format-standard","has-post-thumbnail","hentry","category-evidenza_3","category-news-18","category-104","category-49","description-off"],"img_url":"https:\/\/www.radiopiu.net\/wordpress\/wp-content\/uploads\/2025\/08\/487836920_1254511329577882_3217843430958318712_n.jpg","_links":{"self":[{"href":"https:\/\/www.radiopiu.net\/wordpress\/wp-json\/wp\/v2\/posts\/469256","targetHints":{"allow":["GET"]}}],"collection":[{"href":"https:\/\/www.radiopiu.net\/wordpress\/wp-json\/wp\/v2\/posts"}],"about":[{"href":"https:\/\/www.radiopiu.net\/wordpress\/wp-json\/wp\/v2\/types\/post"}],"author":[{"embeddable":true,"href":"https:\/\/www.radiopiu.net\/wordpress\/wp-json\/wp\/v2\/users\/4"}],"replies":[{"embeddable":true,"href":"https:\/\/www.radiopiu.net\/wordpress\/wp-json\/wp\/v2\/comments?post=469256"}],"version-history":[{"count":2,"href":"https:\/\/www.radiopiu.net\/wordpress\/wp-json\/wp\/v2\/posts\/469256\/revisions"}],"predecessor-version":[{"id":469329,"href":"https:\/\/www.radiopiu.net\/wordpress\/wp-json\/wp\/v2\/posts\/469256\/revisions\/469329"}],"wp:featuredmedia":[{"embeddable":true,"href":"https:\/\/www.radiopiu.net\/wordpress\/wp-json\/wp\/v2\/media\/464869"}],"wp:attachment":[{"href":"https:\/\/www.radiopiu.net\/wordpress\/wp-json\/wp\/v2\/media?parent=469256"}],"wp:term":[{"taxonomy":"category","embeddable":true,"href":"https:\/\/www.radiopiu.net\/wordpress\/wp-json\/wp\/v2\/categories?post=469256"},{"taxonomy":"post_tag","embeddable":true,"href":"https:\/\/www.radiopiu.net\/wordpress\/wp-json\/wp\/v2\/tags?post=469256"}],"curies":[{"name":"wp","href":"https:\/\/api.w.org\/{rel}","templated":true}]}}