{"id":469341,"date":"2025-09-13T05:43:07","date_gmt":"2025-09-13T03:43:07","guid":{"rendered":"https:\/\/www.radiopiu.net\/wordpress\/?p=469341"},"modified":"2025-09-13T05:50:08","modified_gmt":"2025-09-13T03:50:08","slug":"escursionisti-affaticati-recuperati-in-montagna-intervento-del-soccorso-alpino-ad-auronzo-di-cadore","status":"publish","type":"post","link":"https:\/\/www.radiopiu.net\/wordpress\/escursionisti-affaticati-recuperati-in-montagna-intervento-del-soccorso-alpino-ad-auronzo-di-cadore\/","title":{"rendered":"ESCURSIONISTI AFFATICATI RECUPERATI IN MONTAGNA: INTERVENTO DEL SOCCORSO ALPINO AD AURONZO DI CADORE"},"content":{"rendered":"<p>**<\/p>\n<p data-start=\"90\" data-end=\"196\">\n<p data-start=\"198\" data-end=\"430\"><b><a class=\"dt-pswp-item\" href=\"https:\/\/www.radiopiu.net\/wordpress\/wp-content\/uploads\/2025\/01\/IMG-20250104-WA0050-scaled.jpg\" data-dt-img-description=\"\" data-large_image_width=\"2560\" data-large_image_height=\"1920\"><img loading=\"lazy\" decoding=\"async\" class=\"size-medium wp-image-428124 alignleft\" src=\"https:\/\/www.radiopiu.net\/wordpress\/wp-content\/uploads\/2025\/01\/IMG-20250104-WA0050-300x225.jpg\" alt=\"\" width=\"300\" height=\"225\" srcset=\"https:\/\/www.radiopiu.net\/wordpress\/wp-content\/uploads\/2025\/01\/IMG-20250104-WA0050-300x225.jpg 300w, https:\/\/www.radiopiu.net\/wordpress\/wp-content\/uploads\/2025\/01\/IMG-20250104-WA0050-1024x768.jpg 1024w, https:\/\/www.radiopiu.net\/wordpress\/wp-content\/uploads\/2025\/01\/IMG-20250104-WA0050-768x576.jpg 768w, https:\/\/www.radiopiu.net\/wordpress\/wp-content\/uploads\/2025\/01\/IMG-20250104-WA0050-1536x1152.jpg 1536w, https:\/\/www.radiopiu.net\/wordpress\/wp-content\/uploads\/2025\/01\/IMG-20250104-WA0050-2048x1536.jpg 2048w\" sizes=\"auto, (max-width: 300px) 100vw, 300px\" \/><\/a>AURONZO <\/b>\u2013 Si \u00e8 concluso dopo le 21 di ieri l\u2019intervento del Soccorso alpino di Auronzo di Cadore a favore di una coppia di escursionisti lecchesi, bloccata dalla fatica durante un\u2019escursione ad anello.<\/p>\n<p data-start=\"432\" data-end=\"756\">Marito e moglie, rispettivamente di 75 e 67 anni, avevano percorso il sentiero fino al Rifugio Fonda Savio, con l\u2019intenzione di scendere poi al Ciadin di Rin Bianco lungo il sentiero numero 119 e completare cos\u00ec la camminata. L\u2019uomo, tuttavia, \u00e8 stato colto da dolorosi crampi alle gambe e non \u00e8 pi\u00f9 riuscito a proseguire.<\/p>\n<p data-start=\"758\" data-end=\"1118\">Una squadra di soccorritori, tra cui due operatori della Guardia di finanza, ha raggiunto la coppia a circa 2.000 metri di quota. Nei tratti pi\u00f9 ripidi, l\u2019uomo \u00e8 stato imbarellato per facilitare il rientro, fino a quando il gruppo \u00e8 giunto sul sentiero 101, pi\u00f9 agevole e pianeggiante. Qui l\u2019escursionista \u00e8 riuscito a rialzarsi e a proseguire autonomamente.<\/p>\n<p data-start=\"1120\" data-end=\"1292\">La moglie, pur affaticata, ha camminato in autonomia fino al casello delle Tre Cime, da dove entrambi sono stati poi accompagnati in fuoristrada al parcheggio, al sicuro.<\/p>\n<p data-start=\"1294\" data-end=\"1446\">\n<p data-start=\"1294\" data-end=\"1446\">\n<hr \/>\n<p data-start=\"1294\" data-end=\"1446\">\n","protected":false},"excerpt":{"rendered":"<p>** AURONZO \u2013 Si \u00e8 concluso dopo le 21 di ieri l\u2019intervento del Soccorso alpino di Auronzo di Cadore a favore di una coppia di escursionisti lecchesi, bloccata dalla fatica durante un\u2019escursione ad anello. Marito e moglie, rispettivamente di 75 e 67 anni, avevano percorso il sentiero fino al Rifugio Fonda Savio, con l\u2019intenzione di&hellip;<\/p>\n","protected":false},"author":4,"featured_media":428124,"comment_status":"closed","ping_status":"closed","sticky":false,"template":"","format":"standard","meta":{"_monsterinsights_skip_tracking":false,"_monsterinsights_sitenote_active":false,"_monsterinsights_sitenote_note":"","_monsterinsights_sitenote_category":0,"footnotes":""},"categories":[51,49],"tags":[],"class_list":["post-469341","post","type-post","status-publish","format-standard","has-post-thumbnail","hentry","category-evidenza-top","category-news-18","category-51","category-49","description-off"],"img_url":"https:\/\/www.radiopiu.net\/wordpress\/wp-content\/uploads\/2025\/01\/IMG-20250104-WA0050-scaled.jpg","_links":{"self":[{"href":"https:\/\/www.radiopiu.net\/wordpress\/wp-json\/wp\/v2\/posts\/469341","targetHints":{"allow":["GET"]}}],"collection":[{"href":"https:\/\/www.radiopiu.net\/wordpress\/wp-json\/wp\/v2\/posts"}],"about":[{"href":"https:\/\/www.radiopiu.net\/wordpress\/wp-json\/wp\/v2\/types\/post"}],"author":[{"embeddable":true,"href":"https:\/\/www.radiopiu.net\/wordpress\/wp-json\/wp\/v2\/users\/4"}],"replies":[{"embeddable":true,"href":"https:\/\/www.radiopiu.net\/wordpress\/wp-json\/wp\/v2\/comments?post=469341"}],"version-history":[{"count":1,"href":"https:\/\/www.radiopiu.net\/wordpress\/wp-json\/wp\/v2\/posts\/469341\/revisions"}],"predecessor-version":[{"id":469342,"href":"https:\/\/www.radiopiu.net\/wordpress\/wp-json\/wp\/v2\/posts\/469341\/revisions\/469342"}],"wp:featuredmedia":[{"embeddable":true,"href":"https:\/\/www.radiopiu.net\/wordpress\/wp-json\/wp\/v2\/media\/428124"}],"wp:attachment":[{"href":"https:\/\/www.radiopiu.net\/wordpress\/wp-json\/wp\/v2\/media?parent=469341"}],"wp:term":[{"taxonomy":"category","embeddable":true,"href":"https:\/\/www.radiopiu.net\/wordpress\/wp-json\/wp\/v2\/categories?post=469341"},{"taxonomy":"post_tag","embeddable":true,"href":"https:\/\/www.radiopiu.net\/wordpress\/wp-json\/wp\/v2\/tags?post=469341"}],"curies":[{"name":"wp","href":"https:\/\/api.w.org\/{rel}","templated":true}]}}