{"id":469356,"date":"2025-09-13T05:46:59","date_gmt":"2025-09-13T03:46:59","guid":{"rendered":"https:\/\/www.radiopiu.net\/wordpress\/?p=469356"},"modified":"2025-09-13T05:49:28","modified_gmt":"2025-09-13T03:49:28","slug":"quattro-incidenti-stradali-in-provincia-due-giovanissimi-coinvolti-a-feltre","status":"publish","type":"post","link":"https:\/\/www.radiopiu.net\/wordpress\/quattro-incidenti-stradali-in-provincia-due-giovanissimi-coinvolti-a-feltre\/","title":{"rendered":"QUATTRO INCIDENTI STRADALI IN PROVINCIA, DUE GIOVANISSIMI COINVOLTI A FELTRE"},"content":{"rendered":"<p>**<\/p>\n<blockquote>\n<h3 data-start=\"153\" data-end=\"509\"><\/h3>\n<h3 data-start=\"153\" data-end=\"509\">QUATTRO INCIDENTI STRADALI IN PROVINCIA, DUE GIOVANISSIMI COINVOLTI A FELTRE<\/h3>\n<p data-start=\"81\" data-end=\"128\"><strong data-start=\"81\" data-end=\"126\">INCIDENTE A VELLAI, PADRE E FIGLI ILLLESI<\/strong><\/p>\n<p data-start=\"130\" data-end=\"439\">poco prima delle 8 un\u00a0 giovane \u00e8 finito con il suo Fiat Dobl\u00f2 contro il muro perimetrale dell\u2019Istituto agrario di Vellai. A bordo c\u2019erano anche i due figli: fortunatamente tutti sono usciti autonomamente dal veicolo senza gravi conseguenze. Sul posto il personale del 118, che li ha accompagnati al pronto soccorso per accertamenti. I rilievi sono stati svolti dai carabinieri di Arsi\u00e8, mentre la polizia locale ha gestito la viabilit\u00e0. Disagi contenuti al traffico; la strada \u00e8 stata pulita dai liquidi persi dall\u2019auto.<\/p>\n<\/blockquote>\n<blockquote>\n<p data-start=\"684\" data-end=\"914\"><strong><a class=\"dt-pswp-item\" href=\"https:\/\/www.radiopiu.net\/wordpress\/wp-content\/uploads\/2025\/09\/Screenshot-2025-09-13-052111.png\" data-dt-img-description=\"\" data-large_image_width=\"425\" data-large_image_height=\"239\"><img loading=\"lazy\" decoding=\"async\" class=\"size-medium wp-image-469479 alignleft\" src=\"https:\/\/www.radiopiu.net\/wordpress\/wp-content\/uploads\/2025\/09\/Screenshot-2025-09-13-052111-300x169.png\" alt=\"\" width=\"300\" height=\"169\" srcset=\"https:\/\/www.radiopiu.net\/wordpress\/wp-content\/uploads\/2025\/09\/Screenshot-2025-09-13-052111-300x169.png 300w, https:\/\/www.radiopiu.net\/wordpress\/wp-content\/uploads\/2025\/09\/Screenshot-2025-09-13-052111.png 425w\" sizes=\"auto, (max-width: 300px) 100vw, 300px\" \/><\/a>PASSO FALZAREGO<\/strong> un motociclista tedesco di 32 anni \u00e8 rimasto ferito in seguito a un incidente. Sul posto l\u2019intervento dell\u2019ambulanza della Croce Bianca di Cortina, che ha trasferito l\u2019uomo in ospedale in codice giallo.<\/p>\n<p data-start=\"916\" data-end=\"1151\"><strong>BELLUNO<\/strong> \u00a0sul Nevegal, si \u00e8 registrato un altro incidente stradale. Vista la situazione, \u00e8 stato richiesto l\u2019intervento dell\u2019elicottero Falco 2 che ha trasportato la persona ferita all\u2019ospedale di Treviso.<\/p>\n<\/blockquote>\n<p>azione, \u00e8 stato richiesto l\u2019intervento dell\u2019elicottero <strong data-start=\"1076\" data-end=\"1087\">Falco 2<\/strong> che ha trasportato la persona ferita all\u2019ospedale di Treviso.<\/p>\n<hr \/>\n<p data-start=\"1153\" data-end=\"1336\">\n","protected":false},"excerpt":{"rendered":"<p>** QUATTRO INCIDENTI STRADALI IN PROVINCIA, DUE GIOVANISSIMI COINVOLTI A FELTRE INCIDENTE A VELLAI, PADRE E FIGLI ILLLESI poco prima delle 8 un\u00a0 giovane \u00e8 finito con il suo Fiat Dobl\u00f2 contro il muro perimetrale dell\u2019Istituto agrario di Vellai. A bordo c\u2019erano anche i due figli: fortunatamente tutti sono usciti autonomamente dal veicolo senza gravi&hellip;<\/p>\n","protected":false},"author":4,"featured_media":469479,"comment_status":"closed","ping_status":"closed","sticky":false,"template":"","format":"standard","meta":{"_monsterinsights_skip_tracking":false,"_monsterinsights_sitenote_active":false,"_monsterinsights_sitenote_note":"","_monsterinsights_sitenote_category":0,"footnotes":""},"categories":[51,49],"tags":[],"class_list":["post-469356","post","type-post","status-publish","format-standard","has-post-thumbnail","hentry","category-evidenza-top","category-news-18","category-51","category-49","description-off"],"img_url":"https:\/\/www.radiopiu.net\/wordpress\/wp-content\/uploads\/2025\/09\/Screenshot-2025-09-13-052111.png","_links":{"self":[{"href":"https:\/\/www.radiopiu.net\/wordpress\/wp-json\/wp\/v2\/posts\/469356","targetHints":{"allow":["GET"]}}],"collection":[{"href":"https:\/\/www.radiopiu.net\/wordpress\/wp-json\/wp\/v2\/posts"}],"about":[{"href":"https:\/\/www.radiopiu.net\/wordpress\/wp-json\/wp\/v2\/types\/post"}],"author":[{"embeddable":true,"href":"https:\/\/www.radiopiu.net\/wordpress\/wp-json\/wp\/v2\/users\/4"}],"replies":[{"embeddable":true,"href":"https:\/\/www.radiopiu.net\/wordpress\/wp-json\/wp\/v2\/comments?post=469356"}],"version-history":[{"count":5,"href":"https:\/\/www.radiopiu.net\/wordpress\/wp-json\/wp\/v2\/posts\/469356\/revisions"}],"predecessor-version":[{"id":469480,"href":"https:\/\/www.radiopiu.net\/wordpress\/wp-json\/wp\/v2\/posts\/469356\/revisions\/469480"}],"wp:featuredmedia":[{"embeddable":true,"href":"https:\/\/www.radiopiu.net\/wordpress\/wp-json\/wp\/v2\/media\/469479"}],"wp:attachment":[{"href":"https:\/\/www.radiopiu.net\/wordpress\/wp-json\/wp\/v2\/media?parent=469356"}],"wp:term":[{"taxonomy":"category","embeddable":true,"href":"https:\/\/www.radiopiu.net\/wordpress\/wp-json\/wp\/v2\/categories?post=469356"},{"taxonomy":"post_tag","embeddable":true,"href":"https:\/\/www.radiopiu.net\/wordpress\/wp-json\/wp\/v2\/tags?post=469356"}],"curies":[{"name":"wp","href":"https:\/\/api.w.org\/{rel}","templated":true}]}}