{"id":469361,"date":"2025-09-13T05:47:22","date_gmt":"2025-09-13T03:47:22","guid":{"rendered":"https:\/\/www.radiopiu.net\/wordpress\/?p=469361"},"modified":"2025-09-13T08:29:50","modified_gmt":"2025-09-13T06:29:50","slug":"giornale-radiopiu-13-settembre-2025-direttore-mirko-mezzacasa","status":"publish","type":"post","link":"https:\/\/www.radiopiu.net\/wordpress\/giornale-radiopiu-13-settembre-2025-direttore-mirko-mezzacasa\/","title":{"rendered":"GIORNALE RADIOPIU 13 SETTEMBRE 2025 DIRETTORE MIRKO MEZZACASA"},"content":{"rendered":"<p>***<\/p>\n<p>&nbsp;<\/p>\n<p><em><span style=\"color: #ff0000;\"><a class=\"dt-pswp-item\" href=\"https:\/\/www.radiopiu.net\/wordpress\/wp-content\/uploads\/2024\/10\/Senza-nome-8.png\" data-dt-img-description=\"\" data-large_image_width=\"343\" data-large_image_height=\"303\"><img loading=\"lazy\" decoding=\"async\" class=\"wp-image-412130 alignleft\" src=\"https:\/\/www.radiopiu.net\/wordpress\/wp-content\/uploads\/2024\/10\/Senza-nome-8-300x265.png\" alt=\"\" width=\"105\" height=\"93\" srcset=\"https:\/\/www.radiopiu.net\/wordpress\/wp-content\/uploads\/2024\/10\/Senza-nome-8-300x265.png 300w, https:\/\/www.radiopiu.net\/wordpress\/wp-content\/uploads\/2024\/10\/Senza-nome-8.png 343w\" sizes=\"auto, (max-width: 105px) 100vw, 105px\" \/><\/a><\/span><\/em><strong><em><span style=\"color: #ff0000;\"> LA\u00a0 APP PER IOS-IPHONE di Nicola Vettorello<\/span><\/em><\/strong><\/p>\n<p><strong><span style=\"color: #0000ff;\"><a style=\"color: #0000ff;\" href=\"https:\/\/apps.apple.com\/it\/app\/radio-pi%C3%B9-emittente-agordina\/id1515939845\">https:\/\/apps.apple.com\/it\/app\/radio-pi%C3%B9-emittente-agordina\/id1515939845<\/a><\/span><\/strong><\/p>\n<p><strong><em style=\"color: #ff0000;\">LA\u00a0 APP RADIO\u00a0 PER ANDROID di Nicola Vettorello<\/em><\/strong><\/p>\n<p><strong><span style=\"color: #0000ff;\"><a style=\"color: #0000ff;\" href=\"https:\/\/play.google.com\/store\/apps\/details?id=net.radiopiu.iniko\" target=\"_blank\" rel=\"noopener noreferrer\">https:\/\/<\/a><a style=\"color: #0000ff;\" href=\"https:\/\/play.google.com\/store\/apps\/details?id=net.radiopiu.iniko\" target=\"_blank\" rel=\"noopener noreferrer\">play.google.com\/store\/apps\/details?id=net.radiopiu.iniko\u00a0\u00a0\u00a0\u00a0\u00a0<\/a><\/span><\/strong><\/p>\n<p>&nbsp;<\/p>\n<hr \/>\n<p><span style=\"color: #0000ff;\">\u00a0\u00a0<\/span><\/p>\n<blockquote>\n<div class=\"mceTemp\">\n<h1 data-start=\"0\" data-end=\"60\"><strong data-start=\"0\" data-end=\"60\">OGGI SU RADIOPI\u00d9: MUSICA, informazione\u00a0 e dirette\u00a0<\/strong><\/h1>\n<\/div>\n<\/blockquote>\n<p class=\"\" data-start=\"62\" data-end=\"463\"><strong><a class=\"dt-pswp-item\" href=\"https:\/\/www.radiopiu.net\/wordpress\/wp-content\/uploads\/2025\/09\/Screenshot-2025-09-12-153407.png\" data-dt-img-description=\"\" data-large_image_width=\"217\" data-large_image_height=\"99\"><img loading=\"lazy\" decoding=\"async\" class=\"size-full wp-image-469395 alignleft\" src=\"https:\/\/www.radiopiu.net\/wordpress\/wp-content\/uploads\/2025\/09\/Screenshot-2025-09-12-153407.png\" alt=\"\" width=\"217\" height=\"99\" \/><\/a>ALLE 8.05 LA RASSEGNA STAMPA LOCALE 8.25 WEEK END MARINA C&#8217;E&#8217;<\/strong><strong> 900\u00a0 MOTORI E SPERANZA DOMANI A FALCADE (FOTO) 9.40 LE NOVITA&#8217; DI MARCO GAZ 10.10 SEI IN RADIO SE DI MARINA DONA&#8217; 10.30\u00a0 la rassegna stampa da l&#8217;amico del popolo di gianni santomaso 11.00\u00a0 ARCADE SHOW CON ELIA CASAGRANDE\u00a0 12.00 IL LISCIO DI MIRCO BENCIVENNI 12.30 GR PRINCIPALE\u00a0 13 10\u00a0un defibrillatore in ogni frazione, le iniziative a Colle Santa Lucia, di Marina Dona&#8217; 13.20 collage operazione nostalgia di loris scussel 14.00 ELETTROCHOCH CON DJ JACK 15.10\u00a0 LA CLASSIFICA UFFICIALE DI RADIOPIU DI MARCO GAZ<\/strong><strong>\u00a0<\/strong> <strong>16 45 LE HIT STORICHE DI MIRCO BENCIVENNI<\/strong>\u00a0 <strong>19.05 LE ANTICIPAZIONI DAL TG DI ANTENNA 3 DA UN\u2019IDEA DI TIZIANA BOLOGNANI 19.20 DOMANI LA 16 COMUNI, LO SPECIALE ALLA RADIO\u00a0<\/strong><\/p>\n<p>&nbsp;<\/p>\n<p>&nbsp;<\/p>\n<hr \/>\n<div class=\"x11i5rnm xat24cr x1mh8g0r x1vvkbs xtlvy1s x126k92a\">\n<blockquote>\n<h1><strong><a class=\"dt-pswp-item\" href=\"https:\/\/www.radiopiu.net\/wordpress\/wp-content\/uploads\/2024\/10\/629301fd-708d-4f53-95c2-d28cbefd500f.jpg\" data-dt-img-description=\"\" data-large_image_width=\"1600\" data-large_image_height=\"1322\"><img loading=\"lazy\" decoding=\"async\" class=\"wp-image-413782 alignright\" src=\"https:\/\/www.radiopiu.net\/wordpress\/wp-content\/uploads\/2024\/10\/629301fd-708d-4f53-95c2-d28cbefd500f-300x248.jpg\" alt=\"\" width=\"106\" height=\"88\" srcset=\"https:\/\/www.radiopiu.net\/wordpress\/wp-content\/uploads\/2024\/10\/629301fd-708d-4f53-95c2-d28cbefd500f-300x248.jpg 300w, https:\/\/www.radiopiu.net\/wordpress\/wp-content\/uploads\/2024\/10\/629301fd-708d-4f53-95c2-d28cbefd500f-1024x846.jpg 1024w, https:\/\/www.radiopiu.net\/wordpress\/wp-content\/uploads\/2024\/10\/629301fd-708d-4f53-95c2-d28cbefd500f-768x635.jpg 768w, https:\/\/www.radiopiu.net\/wordpress\/wp-content\/uploads\/2024\/10\/629301fd-708d-4f53-95c2-d28cbefd500f-1536x1269.jpg 1536w, https:\/\/www.radiopiu.net\/wordpress\/wp-content\/uploads\/2024\/10\/629301fd-708d-4f53-95c2-d28cbefd500f.jpg 1600w\" sizes=\"auto, (max-width: 106px) 100vw, 106px\" \/><\/a><\/strong><\/h1>\n<h1><strong><a class=\"dt-pswp-item\" href=\"https:\/\/www.radiopiu.net\/wordpress\/wp-content\/uploads\/2024\/11\/th-18.jpg\" data-dt-img-description=\"\" data-large_image_width=\"156\" data-large_image_height=\"180\"><img loading=\"lazy\" decoding=\"async\" class=\"size-full wp-image-421611 alignleft\" src=\"https:\/\/www.radiopiu.net\/wordpress\/wp-content\/uploads\/2024\/11\/th-18.jpg\" alt=\"\" width=\"156\" height=\"180\" \/><\/a><\/strong><\/h1>\n<h1><strong>N di parom &#8211; L Almanach de la nosta jent<\/strong><\/h1>\n<\/blockquote>\n<p>&nbsp;<\/p>\n<p>Le voci: Davide Conedera, Agordo, Michela Dell&#8217;Osbel, La Valle Agordina Simone Ganz, Falcade Veronica Lezuo, Colle Santa Lucia. La voce nella sigla \u00e8 di Giorgia Taio<\/p>\n<p><strong>LA PUNTATA DI OGGI, 13\u00a0 SETTEMBRE 2025<\/strong><\/p>\n<audio class=\"wp-audio-shortcode\" id=\"audio-469361-1\" preload=\"none\" style=\"width: 100%;\" controls=\"controls\"><source type=\"audio\/mpeg\" src=\"https:\/\/www.radiopiu.net\/wordpress\/wp-content\/uploads\/2025\/09\/AL6-1.mp3?_=1\" \/><a href=\"https:\/\/www.radiopiu.net\/wordpress\/wp-content\/uploads\/2025\/09\/AL6-1.mp3\">https:\/\/www.radiopiu.net\/wordpress\/wp-content\/uploads\/2025\/09\/AL6-1.mp3<\/a><\/audio>\n<p>&nbsp;<\/p>\n<p>&nbsp;<\/p>\n<\/div>\n<p>&nbsp;<\/p>\n<hr \/>\n<p>&nbsp;<\/p>\n<p>&nbsp;<\/p>\n<div class=\"x11i5rnm xat24cr x1mh8g0r x1vvkbs xtlvy1s x126k92a\">\n<div dir=\"auto\">\n<div dir=\"auto\">\n<p><strong><a class=\"dt-pswp-item\" href=\"https:\/\/www.radiopiu.net\/wordpress\/wp-content\/uploads\/2025\/07\/file-2.jpg\" data-dt-img-description=\"\" data-large_image_width=\"640\" data-large_image_height=\"641\"><img loading=\"lazy\" decoding=\"async\" class=\"wp-image-460616 alignleft\" src=\"https:\/\/www.radiopiu.net\/wordpress\/wp-content\/uploads\/2025\/07\/file-2-300x300.jpg\" alt=\"\" width=\"141\" height=\"141\" srcset=\"https:\/\/www.radiopiu.net\/wordpress\/wp-content\/uploads\/2025\/07\/file-2-300x300.jpg 300w, https:\/\/www.radiopiu.net\/wordpress\/wp-content\/uploads\/2025\/07\/file-2-150x150.jpg 150w, https:\/\/www.radiopiu.net\/wordpress\/wp-content\/uploads\/2025\/07\/file-2.jpg 640w\" sizes=\"auto, (max-width: 141px) 100vw, 141px\" \/><\/a>EL BAL DEL FIOR, DI GIULIANA DA RONCH, 06 SETTEMBRE<\/strong><strong>\u00a02025<\/strong><\/p>\n<\/div>\n<\/div>\n<div dir=\"auto\">\n<div dir=\"auto\">\n<p>&nbsp;<\/p>\n<p>&nbsp;<\/p>\n<\/div>\n<\/div>\n<\/div>\n<div class=\"x11i5rnm xat24cr x1mh8g0r x1vvkbs xtlvy1s x126k92a\"><\/div>\n<div class=\"x11i5rnm xat24cr x1mh8g0r x1vvkbs xtlvy1s x126k92a\">\n<div dir=\"auto\">\n<audio class=\"wp-audio-shortcode\" id=\"audio-469361-2\" preload=\"none\" style=\"width: 100%;\" controls=\"controls\"><source type=\"audio\/mpeg\" src=\"https:\/\/www.radiopiu.net\/wordpress\/wp-content\/uploads\/2025\/09\/GSA-1.mp3?_=2\" \/><a href=\"https:\/\/www.radiopiu.net\/wordpress\/wp-content\/uploads\/2025\/09\/GSA-1.mp3\">https:\/\/www.radiopiu.net\/wordpress\/wp-content\/uploads\/2025\/09\/GSA-1.mp3<\/a><\/audio>\n<p>&nbsp;<\/p>\n<p>&nbsp;<\/p>\n<hr \/>\n<\/div>\n<\/div>\n<blockquote>\n<blockquote>\n<h1><span style=\"color: #ff0000;\">\u00a0<\/span><\/h1>\n<h1><span style=\"color: #ff0000;\">I podcast informativi del mattino &#8211; audio &#8211;\u00a0\u00a0<\/span><\/h1>\n<\/blockquote>\n<p><strong><a class=\"dt-pswp-item\" href=\"https:\/\/www.radiopiu.net\/wordpress\/wp-content\/uploads\/2024\/11\/6.jpg\" data-dt-img-description=\"\" data-large_image_width=\"177\" data-large_image_height=\"180\"><img loading=\"lazy\" decoding=\"async\" class=\"size-full wp-image-417911 alignleft\" src=\"https:\/\/www.radiopiu.net\/wordpress\/wp-content\/uploads\/2024\/11\/6.jpg\" alt=\"\" width=\"177\" height=\"180\" \/><\/a>LA RASSEGNA STAMPA NAZIONALE ALLA RADIO, OGNI GIORNO ALLE 5 E ALLE 6 DEL MATTINO <span style=\"color: #0000ff;\">viene pubblicata alle 6.00 <span style=\"color: #ff0000;\">DIRETTA RADIO\u00a0 \u00a0\u00a0<\/span><\/span><\/strong><\/p><\/blockquote>\n<h1><strong>NOTIZIE DELLA NOTTE\u00a0 \u00a0<\/strong><\/h1>\n<p data-start=\"110\" data-end=\"376\"><strong data-start=\"110\" data-end=\"173\">TERREMOTO DEL 7.4 AL LARGO DELLA KAMCHATKA, ALLARME TSUNAMI<\/strong><br data-start=\"173\" data-end=\"176\" \/>Un sisma di magnitudo 7.4 \u00e8 stato registrato al largo della Kamchatka. Le autorit\u00e0 hanno emesso un allarme tsunami per le coste della regione russa, invitando la popolazione a mettersi in sicurezza.<\/p>\n<p data-start=\"378\" data-end=\"797\"><strong data-start=\"378\" data-end=\"394\">IL CASO KIRK<\/strong><br data-start=\"394\" data-end=\"397\" \/>Emergono dettagli sul killer di Matthew Kirk: secondo la CNN era immerso in un mondo online ossessivo. Intanto, negli Stati Uniti, l\u2019ex stratega di Trump Steve Bannon attacca il governatore dello Utah, che aveva lanciato un appello all\u2019unit\u00e0. In parallelo, media americani sottolineano come la famiglia repubblicana di Kirk fosse pro-Trump, mentre la vittima aveva spesso criticato l\u2019ex presidente.<\/p>\n<p data-start=\"799\" data-end=\"1034\"><strong data-start=\"799\" data-end=\"831\">MONDIALI DI ATLETICA A TOKYO<\/strong><br data-start=\"831\" data-end=\"834\" \/>Primo oro per il canadese Evan Dunfee nella 35 chilometri di marcia. Argento per l\u2019italiana Antonella Palmisano, che conferma il suo straordinario stato di forma e arricchisce il medagliere azzurro.<\/p>\n<p data-start=\"1036\" data-end=\"1293\"><strong data-start=\"1036\" data-end=\"1062\">CRISI IN MEDIO ORIENTE<\/strong><br data-start=\"1062\" data-end=\"1065\" \/>A Gaza City oltre 1.800 edifici sono stati colpiti dai raid israeliani, secondo fonti CNN. Intanto, rivelazioni di stampa sostengono che il Mossad avrebbe rifiutato un piano che prevedeva un\u2019azione diretta contro Hamas a Doha.<\/p>\n<p data-start=\"1295\" data-end=\"1579\"><strong data-start=\"1295\" data-end=\"1325\">ITALIA, VIOLENZA DI GENERE<\/strong><br data-start=\"1325\" data-end=\"1328\" \/>A Torino fa discutere la sentenza che ha assolto un uomo accusato di aver massacrato l\u2019ex compagna, con la motivazione che \u201candava compreso\u201d. La procura ha annunciato ricorso in appello. Manifestazioni in tutta Italia contro la violenza sulle donne.<\/p>\n<p data-start=\"1581\" data-end=\"1777\"><strong data-start=\"1581\" data-end=\"1605\">ECONOMIA, LA FRANCIA<\/strong><br data-start=\"1605\" data-end=\"1608\" \/>L\u2019agenzia Fitch ha tagliato il rating di Parigi da \u201cAA-\u201d ad \u201cA+\u201d, con outlook stabile. Il governo francese prende atto della decisione, mentre i mercati restano cauti.<\/p>\n<p data-start=\"1779\" data-end=\"2001\"><strong data-start=\"1779\" data-end=\"1800\">POLITICA ITALIANA<\/strong><br data-start=\"1800\" data-end=\"1803\" \/>Si infiamma la campagna elettorale: il ministro dei Rapporti con il Parlamento, Luca Ciriani, denuncia un \u201cclima da Brigate Rosse\u201d. Dura la replica delle opposizioni, con Iv, Pd e M5s all\u2019attacco.<\/p>\n<p data-start=\"2003\" data-end=\"2251\"><strong data-start=\"2003\" data-end=\"2029\">CRONACA INTERNAZIONALE<\/strong><br data-start=\"2029\" data-end=\"2032\" \/>polemica sulla giornalista de <em data-start=\"2070\" data-end=\"2081\">La Stampa<\/em> Francesca Del Vecchio: racconta di essere stata cacciata dalla Flotilla, la missione umanitaria verso Gaza. Gli organizzatori replicano: \u201cNon ha rispettato le regole\u201d.<\/p>\n<hr data-start=\"2253\" data-end=\"2258\" \/>\n<p data-start=\"2260\" data-end=\"2409\" data-is-last-node=\"\" data-is-only-node=\"\">Vuoi che te la trasformi anche in<\/p>\n<p data-start=\"97\" data-end=\"149\"><strong data-start=\"97\" data-end=\"147\">DAL MONDO: CRISI, VIOLENZA E SCENARI ECONOMICI<\/strong><\/p>\n<h1>IL GIORNALE DELLE SEI DEL MATTINO<\/h1>\n<audio class=\"wp-audio-shortcode\" id=\"audio-469361-3\" preload=\"none\" style=\"width: 100%;\" controls=\"controls\"><source type=\"audio\/mpeg\" src=\"https:\/\/www.radiopiu.net\/wordpress\/wp-content\/uploads\/2025\/09\/GIORNALEDELLESEI-12.mp3?_=3\" \/><a href=\"https:\/\/www.radiopiu.net\/wordpress\/wp-content\/uploads\/2025\/09\/GIORNALEDELLESEI-12.mp3\">https:\/\/www.radiopiu.net\/wordpress\/wp-content\/uploads\/2025\/09\/GIORNALEDELLESEI-12.mp3<\/a><\/audio>\n<p>&nbsp;<\/p>\n<p>&nbsp;<\/p>\n<p>&nbsp;<\/p>\n<p>&nbsp;<\/p>\n<hr \/>\n<p>&nbsp;<\/p>\n<h1 style=\"text-align: center;\"><span style=\"color: #ff0000;\"><a class=\"dt-pswp-item\" href=\"https:\/\/www.radiopiu.net\/wordpress\/wp-content\/uploads\/2024\/11\/7.jpg\" data-dt-img-description=\"\" data-large_image_width=\"180\" data-large_image_height=\"180\"><img loading=\"lazy\" decoding=\"async\" class=\"size-full wp-image-417912 alignleft\" src=\"https:\/\/www.radiopiu.net\/wordpress\/wp-content\/uploads\/2024\/11\/7.jpg\" alt=\"\" width=\"180\" height=\"180\" srcset=\"https:\/\/www.radiopiu.net\/wordpress\/wp-content\/uploads\/2024\/11\/7.jpg 180w, https:\/\/www.radiopiu.net\/wordpress\/wp-content\/uploads\/2024\/11\/7-150x150.jpg 150w\" sizes=\"auto, (max-width: 180px) 100vw, 180px\" \/><\/a>I podcast informativi del mattino &#8211; audio &#8211;\u00a0<\/span><\/h1>\n<p><strong>OGNI GIORNO ALLE SETTE DEL MATTINO, LA RASSEGNA STAMPA LOCALE FLASH&#8230; PER CHI VA IN FRETTA. I TITOLI DAI GIORNALI E DAL SITO WWW.RADIOPIU.NET <span style=\"color: #0000ff;\">viene pubblicato alle 7.00<\/span> <span style=\"color: #ff0000;\">DIRETTA RADIO\u00a0<\/span><\/strong><\/p>\n<p><em><span style=\"color: #ff0000;\">per chi va in fretta&#8230; tante notizie in pochi minuti. L&#8217;informazione locale alla radio, ogni ora dalle 7 del mattino alle 19 della sera.\u00a0\u00a0<\/span><\/em><\/p>\n<p><strong data-start=\"0\" data-end=\"62\">Notizie locali dal Bellunese: tra cronaca, eventi e novit\u00e0<\/strong><\/p>\n<p>&nbsp;<\/p>\n<div class=\"flex flex-1 grow basis-auto flex-col overflow-hidden\">\n<div class=\"relative h-full\">\n<div class=\"flex h-full flex-col overflow-y-auto [scrollbar-gutter:stable]\">\n<div class=\"mt-1.5 flex flex-col text-sm @thread-xl\/thread:pt-header-height md:pb-9\">\n<article class=\"group\/turn w-full text-token-text-primary focus-visible:outline-none\" dir=\"auto\" tabindex=\"-1\" data-testid=\"conversation-turn-2\" data-scroll-anchor=\"true\">\n<div class=\"text-base my-auto mx-auto py-5 px-6\">\n<div class=\"mx-auto flex flex-1 text-base gap-4 md:gap-5 lg:gap-6 md:max-w-3xl\">\n<div class=\"group\/conversation-turn relative flex w-full min-w-0 flex-col agent-turn @xs\/thread:px-0 @sm\/thread:px-1.5 @md\/thread:px-4\">\n<div class=\"relative flex-col gap-1 md:gap-3\">\n<div class=\"flex max-w-full flex-col flex-grow\">\n<div class=\"min-h-8 text-message relative flex w-full flex-col items-end gap-2 whitespace-normal break-words text-start [.text-message+&amp;]:mt-5\" dir=\"auto\" data-message-author-role=\"assistant\" data-message-id=\"bff05fc0-dc7c-4ab7-9b20-d3eec753127b\" data-message-model-slug=\"gpt-4o-mini\">\n<div class=\"flex w-full flex-col gap-1 empty:hidden first:pt-[3px]\">\n<div class=\"markdown prose w-full break-words dark:prose-invert dark\">\n<p class=\"\" data-start=\"64\" data-end=\"329\"><em><strong>Radio Pi\u00f9 offre una panoramica sui principali eventi e notizie in provincia di Belluno, accompagnata dalla programmazione radiofonica. Tra le principali notizie<\/strong><\/em><\/p>\n<\/div>\n<\/div>\n<\/div>\n<\/div>\n<\/div>\n<\/div>\n<\/div>\n<\/div>\n<\/article>\n<\/div>\n<\/div>\n<\/div>\n<\/div>\n<h1>AUDIO dalle 7 del mattino<\/h1>\n<audio class=\"wp-audio-shortcode\" id=\"audio-469361-4\" preload=\"none\" style=\"width: 100%;\" controls=\"controls\"><source type=\"audio\/mpeg\" src=\"https:\/\/www.radiopiu.net\/wordpress\/wp-content\/uploads\/2025\/09\/GF07-11.mp3?_=4\" \/><a href=\"https:\/\/www.radiopiu.net\/wordpress\/wp-content\/uploads\/2025\/09\/GF07-11.mp3\">https:\/\/www.radiopiu.net\/wordpress\/wp-content\/uploads\/2025\/09\/GF07-11.mp3<\/a><\/audio>\n<p>&nbsp;<\/p>\n<hr \/>\n<p>&nbsp;<\/p>\n<h1><\/h1>\n<h1 style=\"text-align: center;\"><span style=\"color: #ff0000;\"><a class=\"dt-pswp-item\" href=\"https:\/\/www.radiopiu.net\/wordpress\/wp-content\/uploads\/2024\/11\/th.jpg\" data-dt-img-description=\"\" data-large_image_width=\"148\" data-large_image_height=\"179\"><img loading=\"lazy\" decoding=\"async\" class=\" wp-image-417913 alignleft\" src=\"https:\/\/www.radiopiu.net\/wordpress\/wp-content\/uploads\/2024\/11\/th.jpg\" alt=\"\" width=\"66\" height=\"80\" \/><\/a>I podcast informativi del mattino &#8211; audio &#8211;\u00a0<\/span><\/h1>\n<blockquote><p><strong>GIORNALE RADIO NAZIONALE, EDIZIONE DELLE SETTE <span style=\"color: #0000ff;\">viene pubblicato alle 7.05 <span style=\"color: #ff0000;\">DIRETTA RADIO\u00a0<\/span><\/span><\/strong><\/p><\/blockquote>\n<p><strong>il giornale radionazionale e&#8217; in onda ogni ora, dalle sette del mattino alle venti della sera\u00a0 \u00a0\u00a0<\/strong><\/p>\n<blockquote>\n<h2><em><a class=\"dt-pswp-item\" href=\"https:\/\/www.radiopiu.net\/wordpress\/wp-content\/uploads\/2025\/02\/download-7.jpg\" data-dt-img-description=\"\" data-large_image_width=\"211\" data-large_image_height=\"239\"><img loading=\"lazy\" decoding=\"async\" class=\" wp-image-435553 alignleft\" src=\"https:\/\/www.radiopiu.net\/wordpress\/wp-content\/uploads\/2025\/02\/download-7.jpg\" alt=\"\" width=\"186\" height=\"211\" \/><\/a><span style=\"color: #ff0000;\">RADIOPI\u00d9<\/span> \u2013 La voce del territorio, lo sguardo sul Paese.\u00a0<\/em><\/h2>\n<\/blockquote>\n<div class=\"flex basis-auto flex-col -mb-(--composer-overlap-px) [--composer-overlap-px:55px] grow overflow-hidden\">\n<div class=\"relative h-full\">\n<div class=\"flex h-full flex-col overflow-y-auto [scrollbar-gutter:stable_both-edges] @[84rem]\/thread:pt-(--header-height)\">\n<div class=\"@thread-xl\/thread:pt-header-height flex flex-col text-sm pb-25\">\n<article class=\"text-token-text-primary w-full focus:outline-none scroll-mt-[calc(var(--header-height)+min(200px,max(70px,20svh)))]\" dir=\"auto\" tabindex=\"-1\" data-testid=\"conversation-turn-68\" data-scroll-anchor=\"true\" data-turn=\"assistant\">\n<div class=\"text-base my-auto mx-auto pb-10 [--thread-content-margin:--spacing(4)] @[37rem]:[--thread-content-margin:--spacing(6)] @[72rem]:[--thread-content-margin:--spacing(16)] px-(--thread-content-margin)\">\n<div class=\"[--thread-content-max-width:32rem] @[34rem]:[--thread-content-max-width:40rem] @[64rem]:[--thread-content-max-width:48rem] mx-auto max-w-(--thread-content-max-width) flex-1 group\/turn-messages focus-visible:outline-hidden relative flex w-full min-w-0 flex-col agent-turn\" tabindex=\"-1\">\n<div class=\"flex max-w-full flex-col grow\">\n<div class=\"min-h-8 text-message relative flex w-full flex-col items-end gap-2 text-start break-words whitespace-normal [.text-message+&amp;]:mt-5\" dir=\"auto\" data-message-author-role=\"assistant\" data-message-id=\"44b2bab2-310d-4a9e-8ff2-f21a32a7d5b3\" data-message-model-slug=\"gpt-4-1-mini\">\n<div class=\"flex w-full flex-col gap-1 empty:hidden first:pt-[3px]\">\n<div class=\"markdown prose dark:prose-invert w-full break-words dark\">\n<div class=\"pointer-events-none h-px w-px\" aria-hidden=\"true\" data-edge=\"true\">\n<p data-start=\"116\" data-end=\"362\"><strong data-start=\"116\" data-end=\"171\">INCIDENTE AL RALLY DI CASSINO, MUORE UNO SPETTATORE<\/strong><br data-start=\"171\" data-end=\"174\" \/>Tragedia durante una gara automobilistica a Cassino: un\u2019auto \u00e8 finita fuori strada e ha travolto un uomo colpendolo con calcinacci. La vittima si trovava in una zona vietata al pubblico.<\/p>\n<p data-start=\"364\" data-end=\"714\"><strong data-start=\"364\" data-end=\"431\">BOLOGNA, PADRE TENTA DI STRANGOLARE IL FIGLIO: LO SALVA IL CANE<\/strong><br data-start=\"431\" data-end=\"434\" \/>In provincia di Bologna un minore \u00e8 stato aggredito dal padre 50enne, che ha tentato di strangolarlo. Il cane di famiglia \u00e8 intervenuto, permettendo al ragazzo di salvarsi. L\u2019uomo ha poi dato fuoco alla casa. \u00c8 stato arrestato con l\u2019accusa di tentato omicidio e incendio doloso.<\/p>\n<p data-start=\"716\" data-end=\"881\"><strong data-start=\"716\" data-end=\"748\">MATERA, INCIDENTE SUL LAVORO<\/strong><br data-start=\"748\" data-end=\"751\" \/>Grave un operaio colpito durante lavori sulla linea ferroviaria per Matera. \u00c8 stato ricoverato d\u2019urgenza al Policlinico di Bari.<\/p>\n<p data-start=\"883\" data-end=\"1127\"><strong data-start=\"883\" data-end=\"935\">NAPOLI, CAMORRA: SPARI IN PIAZZA PRIMA DI PASQUA<\/strong><br data-start=\"935\" data-end=\"938\" \/>Due arresti dopo gli spari in piazza che avevano seminato il panico a Napoli. Secondo le indagini dei Carabinieri e della Dda, la vicenda \u00e8 legata alla rottura della pax mafiosa tra clan.<\/p>\n<p data-start=\"1129\" data-end=\"1392\"><strong data-start=\"1129\" data-end=\"1169\">BABY GANG, L\u2019INTERROGATORIO A MILANO<\/strong><br data-start=\"1169\" data-end=\"1172\" \/>Il trapper Baby Gang si difende davanti al gip nell\u2019inchiesta che lo vede coinvolto. Attesa la decisione sul suo caso. Intanto \u00e8 stata archiviata a Lecco l\u2019indagine per le presunte minacce alla leghista Silvia Sardone.<\/p>\n<p data-start=\"1394\" data-end=\"1587\"><strong data-start=\"1394\" data-end=\"1465\">INCHIESTA A MILANO: INSEGNA PERICOLANTE DI GENERALI, DIECI INDAGATI<\/strong><br data-start=\"1465\" data-end=\"1468\" \/>A Milano dieci persone sono finite sotto indagine per la grande insegna del gruppo Generali, considerata pericolante.<\/p>\n<p data-start=\"1589\" data-end=\"1781\"><strong data-start=\"1589\" data-end=\"1624\">ARMA NI, IL FUTURO DELLA MAISON<\/strong><br data-start=\"1624\" data-end=\"1627\" \/>Nel testamento di Giorgio Armani il 100% della societ\u00e0 \u00e8 affidato alla Fondazione, con l\u2019obbligo di cedere una parte delle quote o di quotarsi in Borsa.<\/p>\n<p data-start=\"1783\" data-end=\"1981\"><strong data-start=\"1783\" data-end=\"1805\">REGOLE PER I DEHOR<\/strong><br data-start=\"1805\" data-end=\"1808\" \/>Il governo prepara nuove norme per regolamentare i dehor: stop alle proroghe. Il provvedimento, atteso nei prossimi Consigli dei ministri, \u00e8 stato sollecitato dai sindaci.<\/p>\n<\/div>\n<div aria-hidden=\"true\" data-edge=\"true\"><\/div>\n<\/div>\n<\/div>\n<\/div>\n<\/div>\n<\/div>\n<\/div>\n<\/article>\n<\/div>\n<\/div>\n<\/div>\n<\/div>\n<article class=\"text-token-text-primary w-full focus:outline-none scroll-mt-[calc(var(--header-height)+min(200px,max(70px,20svh)))]\" dir=\"auto\" tabindex=\"-1\" data-testid=\"conversation-turn-72\" data-scroll-anchor=\"true\" data-turn=\"assistant\">\n<div class=\"text-base my-auto mx-auto pb-10 [--thread-content-margin:--spacing(4)] @[37rem]:[--thread-content-margin:--spacing(6)] @[72rem]:[--thread-content-margin:--spacing(16)] px-(--thread-content-margin)\">\n<div class=\"[--thread-content-max-width:32rem] @[34rem]:[--thread-content-max-width:40rem] @[64rem]:[--thread-content-max-width:48rem] mx-auto max-w-(--thread-content-max-width) flex-1 group\/turn-messages focus-visible:outline-hidden relative flex w-full min-w-0 flex-col agent-turn\" tabindex=\"-1\">\n<div class=\"flex max-w-full flex-col grow\">\n<div class=\"min-h-8 text-message relative flex w-full flex-col items-end gap-2 text-start break-words whitespace-normal [.text-message+&amp;]:mt-5\" dir=\"auto\" data-message-author-role=\"assistant\" data-message-id=\"6ad35c52-e3d0-4186-88d9-35bb4972681f\" data-message-model-slug=\"gpt-4o\">\n<div class=\"flex w-full flex-col gap-1 empty:hidden first:pt-[3px]\">\n<div class=\"markdown prose dark:prose-invert w-full break-words dark\">\n<article class=\"text-token-text-primary w-full\" dir=\"auto\" data-testid=\"conversation-turn-163\" data-scroll-anchor=\"true\">\n<div class=\"text-base my-auto mx-auto pb-10 [--thread-content-margin:--spacing(4)] @[37rem]:[--thread-content-margin:--spacing(6)] @[72rem]:[--thread-content-margin:--spacing(16)] px-(--thread-content-margin)\">\n<div class=\"[--thread-content-max-width:32rem] @[34rem]:[--thread-content-max-width:40rem] @[64rem]:[--thread-content-max-width:48rem] mx-auto flex max-w-(--thread-content-max-width) flex-1 text-base gap-4 md:gap-5 lg:gap-6 group\/turn-messages focus-visible:outline-hidden\" tabindex=\"-1\">\n<div class=\"group\/conversation-turn relative flex w-full min-w-0 flex-col agent-turn\">\n<div class=\"relative flex-col gap-1 md:gap-3\">\n<div class=\"flex max-w-full flex-col grow\">\n<div class=\"min-h-8 text-message relative flex w-full flex-col items-end gap-2 text-start break-words whitespace-normal [.text-message+&amp;]:mt-5\" dir=\"auto\" data-message-author-role=\"assistant\" data-message-id=\"efdea043-c36a-42e6-8e01-aec593793ec1\" data-message-model-slug=\"gpt-4o\">\n<div class=\"flex w-full flex-col gap-1 empty:hidden first:pt-[3px]\">\n<div class=\"markdown prose dark:prose-invert w-full break-words dark\">\n<article class=\"text-token-text-primary w-full focus:outline-none scroll-mt-[calc(var(--header-height)+min(200px,max(70px,20svh)))]\" dir=\"auto\" tabindex=\"-1\" data-testid=\"conversation-turn-162\" data-scroll-anchor=\"true\" data-turn=\"assistant\">\n<div class=\"text-base my-auto mx-auto pb-10 [--thread-content-margin:--spacing(4)] @[37rem]:[--thread-content-margin:--spacing(6)] @[72rem]:[--thread-content-margin:--spacing(16)] px-(--thread-content-margin)\">\n<div class=\"[--thread-content-max-width:32rem] @[34rem]:[--thread-content-max-width:40rem] @[64rem]:[--thread-content-max-width:48rem] mx-auto max-w-(--thread-content-max-width) flex-1 group\/turn-messages focus-visible:outline-hidden relative flex w-full min-w-0 flex-col agent-turn\" tabindex=\"-1\">\n<div class=\"flex max-w-full flex-col grow\">\n<div class=\"min-h-8 text-message relative flex w-full flex-col items-end gap-2 text-start break-words whitespace-normal [.text-message+&amp;]:mt-5\" dir=\"auto\" data-message-author-role=\"assistant\" data-message-id=\"842efa5e-0b6b-4c68-b1eb-9dd894bae6c3\" data-message-model-slug=\"gpt-4o\">\n<div class=\"flex w-full flex-col gap-1 empty:hidden first:pt-[3px]\">\n<div class=\"markdown prose dark:prose-invert w-full break-words dark\">\n<div class=\"flex basis-auto flex-col -mb-(--composer-overlap-px) [--composer-overlap-px:55px] grow overflow-hidden\">\n<div class=\"relative h-full\">\n<div class=\"flex h-full flex-col overflow-y-auto [scrollbar-gutter:stable_both-edges] @[84rem]\/thread:pt-(--header-height)\">\n<div class=\"@thread-xl\/thread:pt-header-height flex flex-col text-sm pb-25\">\n<article class=\"text-token-text-primary w-full focus:outline-none scroll-mt-[calc(var(--header-height)+min(200px,max(70px,20svh)))]\" dir=\"auto\" tabindex=\"-1\" data-testid=\"conversation-turn-18\" data-scroll-anchor=\"true\" data-turn=\"assistant\">\n<div class=\"text-base my-auto mx-auto pb-10 [--thread-content-margin:--spacing(4)] @[37rem]:[--thread-content-margin:--spacing(6)] @[72rem]:[--thread-content-margin:--spacing(16)] px-(--thread-content-margin)\">\n<div class=\"[--thread-content-max-width:32rem] @[34rem]:[--thread-content-max-width:40rem] @[64rem]:[--thread-content-max-width:48rem] mx-auto max-w-(--thread-content-max-width) flex-1 group\/turn-messages focus-visible:outline-hidden relative flex w-full min-w-0 flex-col agent-turn\" tabindex=\"-1\">\n<div class=\"flex max-w-full flex-col grow\">\n<div class=\"min-h-8 text-message relative flex w-full flex-col items-end gap-2 text-start break-words whitespace-normal [.text-message+&amp;]:mt-5\" dir=\"auto\" data-message-author-role=\"assistant\" data-message-id=\"10a6d749-a0ed-478c-a66e-5f27b47e163c\" data-message-model-slug=\"gpt-5\">\n<div class=\"flex w-full flex-col gap-1 empty:hidden first:pt-[3px]\">\n<div class=\"markdown prose dark:prose-invert w-full break-words dark\">\n<hr data-start=\"1055\" data-end=\"1058\" \/>\n<\/div>\n<\/div>\n<\/div>\n<\/div>\n<\/div>\n<\/div>\n<\/article>\n<\/div>\n<\/div>\n<\/div>\n<\/div>\n<div id=\"thread-bottom-container\" class=\"content-fade relative isolate z-10 w-full basis-auto has-data-has-thread-error:pt-2 has-data-has-thread-error:[box-shadow:var(--sharp-edge-bottom-shadow)] md:border-transparent md:pt-0 dark:border-white\/20 md:dark:border-transparent flex flex-col\">\n<div id=\"thread-bottom\">\n<div class=\"text-base mx-auto [--thread-content-margin:--spacing(4)] @[37rem]:[--thread-content-margin:--spacing(6)] @[72rem]:[--thread-content-margin:--spacing(16)] px-(--thread-content-margin)\">\n<div class=\"[--thread-content-max-width:32rem] @[34rem]:[--thread-content-max-width:40rem] @[64rem]:[--thread-content-max-width:48rem] mx-auto max-w-(--thread-content-max-width) flex-1\">\n<div class=\"max-xs:[--force-hide-label:none] relative z-1 flex h-full max-w-full flex-1 flex-col\">\n<form class=\"w-full [view-transition-name:var(--vt-composer)]\" data-type=\"unified-composer\">\n<div class=\"bg-token-bg-primary shadow-short flex w-full cursor-text flex-col items-center justify-center overflow-clip bg-clip-padding contain-inline-size dark:bg-[#303030] rounded-[28px]\">\n<div class=\"relative flex min-h-14 w-full items-end\">\n<div class=\"relative flex w-full flex-auto flex-col\">\n<div class=\"relative mx-5 flex min-h-14 flex-auto bg-transparent items-start\">\n<div class=\"_prosemirror-parent_276o5_2 text-token-text-primary max-h-[25dvh] max-h-52 flex-1 overflow-auto [scrollbar-width:thin] default-browser vertical-scroll-fade-mask\">\n<div id=\"prompt-textarea\" class=\"ProseMirror\" contenteditable=\"true\" translate=\"no\" data-virtualkeyboard=\"true\"><\/div>\n<\/div>\n<\/div>\n<\/div>\n<\/div>\n<\/div>\n<\/form>\n<\/div>\n<\/div>\n<\/div>\n<\/div>\n<\/div>\n<\/div>\n<\/div>\n<\/div>\n<\/div>\n<\/div>\n<\/div>\n<\/article>\n<\/div>\n<\/div>\n<\/div>\n<\/div>\n<\/div>\n<\/div>\n<\/div>\n<\/div>\n<\/article>\n<\/div>\n<\/div>\n<\/div>\n<\/div>\n<\/div>\n<\/div>\n<\/article>\n<article class=\"text-token-text-primary w-full focus:outline-none scroll-mt-[calc(var(--header-height)+min(200px,max(70px,20svh)))]\" dir=\"auto\" tabindex=\"-1\" data-testid=\"conversation-turn-72\" data-scroll-anchor=\"true\" data-turn=\"assistant\">\n<div class=\"text-base my-auto mx-auto pb-10 [--thread-content-margin:--spacing(4)] @[37rem]:[--thread-content-margin:--spacing(6)] @[72rem]:[--thread-content-margin:--spacing(16)] px-(--thread-content-margin)\">\n<div class=\"[--thread-content-max-width:32rem] @[34rem]:[--thread-content-max-width:40rem] @[64rem]:[--thread-content-max-width:48rem] mx-auto max-w-(--thread-content-max-width) flex-1 group\/turn-messages focus-visible:outline-hidden relative flex w-full min-w-0 flex-col agent-turn\" tabindex=\"-1\">\n<div class=\"flex max-w-full flex-col grow\">\n<div class=\"min-h-8 text-message relative flex w-full flex-col items-end gap-2 text-start break-words whitespace-normal [.text-message+&amp;]:mt-5\" dir=\"auto\" data-message-author-role=\"assistant\" data-message-id=\"6ad35c52-e3d0-4186-88d9-35bb4972681f\" data-message-model-slug=\"gpt-4o\">\n<div class=\"flex w-full flex-col gap-1 empty:hidden first:pt-[3px]\">\n<div class=\"markdown prose dark:prose-invert w-full break-words dark\">\n<article class=\"text-token-text-primary w-full\" dir=\"auto\" data-testid=\"conversation-turn-163\" data-scroll-anchor=\"true\">\n<div class=\"text-base my-auto mx-auto pb-10 [--thread-content-margin:--spacing(4)] @[37rem]:[--thread-content-margin:--spacing(6)] @[72rem]:[--thread-content-margin:--spacing(16)] px-(--thread-content-margin)\">\n<div class=\"[--thread-content-max-width:32rem] @[34rem]:[--thread-content-max-width:40rem] @[64rem]:[--thread-content-max-width:48rem] mx-auto flex max-w-(--thread-content-max-width) flex-1 text-base gap-4 md:gap-5 lg:gap-6 group\/turn-messages focus-visible:outline-hidden\" tabindex=\"-1\">\n<div class=\"group\/conversation-turn relative flex w-full min-w-0 flex-col agent-turn\">\n<div class=\"flex items-center justify-center\"><\/div>\n<\/div>\n<\/div>\n<\/div>\n<\/article>\n<\/div>\n<\/div>\n<\/div>\n<\/div>\n<\/div>\n<\/div>\n<\/article>\n<blockquote>\n<h2><span style=\"color: #ff0000;\"><strong><a class=\"dt-pswp-item\" href=\"https:\/\/www.radiopiu.net\/wordpress\/wp-content\/uploads\/2025\/02\/download-3.jpg\" data-dt-img-description=\"\" data-large_image_width=\"223\" data-large_image_height=\"226\"><img loading=\"lazy\" decoding=\"async\" class=\"size-full wp-image-434732 alignleft\" src=\"https:\/\/www.radiopiu.net\/wordpress\/wp-content\/uploads\/2025\/02\/download-3.jpg\" alt=\"\" width=\"223\" height=\"226\" \/><\/a><\/strong>RADIOPI\u00d9<\/span> \u2013 Dalle Dolomiti alla pianura, i fatti che segnano la Regione.<\/h2>\n<\/blockquote>\n<article class=\"text-token-text-primary w-full focus:outline-none scroll-mt-[calc(var(--header-height)+min(200px,max(70px,20svh)))]\" dir=\"auto\" tabindex=\"-1\" data-testid=\"conversation-turn-112\" data-scroll-anchor=\"true\" data-turn=\"assistant\">\n<div class=\"text-base my-auto mx-auto pb-10 [--thread-content-margin:--spacing(4)] @[37rem]:[--thread-content-margin:--spacing(6)] @[72rem]:[--thread-content-margin:--spacing(16)] px-(--thread-content-margin)\">\n<div class=\"[--thread-content-max-width:32rem] @[34rem]:[--thread-content-max-width:40rem] @[64rem]:[--thread-content-max-width:48rem] mx-auto max-w-(--thread-content-max-width) flex-1 group\/turn-messages focus-visible:outline-hidden relative flex w-full min-w-0 flex-col agent-turn\" tabindex=\"-1\">\n<div class=\"flex max-w-full flex-col grow\">\n<div class=\"min-h-8 text-message relative flex w-full flex-col items-end gap-2 text-start break-words whitespace-normal [.text-message+&amp;]:mt-5\" dir=\"auto\" data-message-author-role=\"assistant\" data-message-id=\"74820017-8765-4ccc-b0c7-da916c45f87f\" data-message-model-slug=\"gpt-5\">\n<div class=\"flex w-full flex-col gap-1 empty:hidden first:pt-[3px]\">\n<div class=\"markdown prose dark:prose-invert w-full break-words dark\">\n<p data-start=\"31\" data-end=\"335\">\ufe0f<\/p>\n<p data-start=\"78\" data-end=\"263\"><strong data-start=\"78\" data-end=\"123\">FUNERALI DEL 13ENNE UCCISO DA AUTO PIRATA<\/strong><br data-start=\"123\" data-end=\"126\" \/>Si terranno luned\u00ec 15 settembre le esequie del ragazzo travolto e ucciso da un\u2019auto pirata. Il Comune ha proclamato il lutto cittadino.<\/p>\n<p data-start=\"265\" data-end=\"446\"><strong data-start=\"265\" data-end=\"312\">PADOVA, DONNA VIOLENTATA PRESSO LA STAZIONE<\/strong><br data-start=\"312\" data-end=\"315\" \/>Un 37enne \u00e8 stato arrestato dopo aver aggredito e violentato una donna di 55 anni nell\u2019area ferroviaria della stazione di Padova.<\/p>\n<p data-start=\"448\" data-end=\"793\"><strong data-start=\"448\" data-end=\"546\">CERVIA, IL COMUNE SI COSTITUIR\u00c0 PARTE CIVILE NEL PROCESSO PER L\u2019OMICIDIO DI ELISA SPADAVECCHIA<\/strong><br data-start=\"546\" data-end=\"549\" \/>La turista vicentina era stata schiacciata da una ruspa a Pinarella il 4 maggio. L\u2019amministrazione ha affidato l\u2019incarico all\u2019avvocato Chiara Rinaldi: obiettivo, sostenere la famiglia della vittima e contribuire all\u2019accertamento della verit\u00e0.<\/p>\n<p data-start=\"795\" data-end=\"1045\"><strong data-start=\"795\" data-end=\"864\">VICENZA, FIGLIO MORTO PER RITARDO NELLE CURE: GENITORI A PROCESSO<\/strong><br data-start=\"864\" data-end=\"867\" \/>Il 21 ottobre alla Corte d\u2019Assise si aprir\u00e0 il processo a carico di due genitori accusati di non aver garantito tempestive cure oncologiche al figlio, deceduto per la malattia.<\/p>\n<p data-start=\"1047\" data-end=\"1206\"><strong data-start=\"1047\" data-end=\"1091\">VERONA, 21 TIFOSI DELL\u2019HELLAS DENUNCIATI<\/strong><br data-start=\"1091\" data-end=\"1094\" \/>Sono accusati di aver aggredito un gruppo di tifosi napoletani che festeggiavano lo scudetto in un ristorante.<\/p>\n<p data-start=\"1208\" data-end=\"1359\"><strong data-start=\"1208\" data-end=\"1264\">PADOVA, NUOVO COMANDANTE PROVINCIALE DEI CARABINIERI<\/strong><br data-start=\"1264\" data-end=\"1267\" \/>Il colonnello Roberto Pacioni succede a Michele Cucuglielli alla guida dell\u2019Arma padovana.<\/p>\n<p data-start=\"1361\" data-end=\"1588\"><strong data-start=\"1361\" data-end=\"1425\">TRENTINI ANCORA BLOCCATI ALL\u2019ESTERO: L\u2019APPELLO DEL PD VENETO<\/strong><br data-start=\"1425\" data-end=\"1428\" \/>Il segretario regionale chiede di attivare ogni canale diplomatico per riportarli a casa: \u201cTrecento giorni senza spiragli significativi sono un tempo enorme\u201d.<\/p>\n<p data-start=\"1590\" data-end=\"1776\"><strong data-start=\"1590\" data-end=\"1648\">VENEZIA, TURISTI MULTATI PER UN TUFFO NEL CANAL GRANDE<\/strong><br data-start=\"1648\" data-end=\"1651\" \/>Una coppia di cittadini britannici \u00e8 stata sanzionata e allontanata dalla citt\u00e0 dopo essere stata segnalata dai gondolieri.<\/p>\n<p data-start=\"1778\" data-end=\"1999\"><strong data-start=\"1778\" data-end=\"1838\">BIENNALE, SENSORS INDOSSABILI PER IL DIALOGO UOMO-NATURA<\/strong><br data-start=\"1838\" data-end=\"1841\" \/>Il Campus Bio-Medico di Roma presenta dispositivi capaci di rilevare segnali biologici sia su esseri umani che su piante, simulando un\u2019interazione naturale.<\/p>\n<p data-start=\"2001\" data-end=\"2195\"><strong data-start=\"2001\" data-end=\"2031\">MILO MANARA COMPIE 80 ANNI<\/strong><br data-start=\"2031\" data-end=\"2034\" \/>Una prima pagina speciale del quotidiano L\u2019Arena celebra il maestro del fumetto. Tra gli auguri anche quello del presidente della Repubblica Sergio Mattarella.<\/p>\n<\/div>\n<\/div>\n<\/div>\n<\/div>\n<\/div>\n<\/div>\n<\/article>\n<h1><span style=\"color: #ff0000;\"><span style=\"color: #0000ff;\">ULTIM&#8217;ORA<\/span> <span style=\"color: #000000;\">AUDIO dalle sette del mattino, ogni ora alla radio EDIZIONE DELLE SETTE<\/span><\/span><\/h1>\n<audio class=\"wp-audio-shortcode\" id=\"audio-469361-5\" preload=\"none\" style=\"width: 100%;\" controls=\"controls\"><source type=\"audio\/mpeg\" src=\"https:\/\/www.radiopiu.net\/wordpress\/wp-content\/uploads\/2025\/09\/giornale07-11.mp3?_=5\" \/><a href=\"https:\/\/www.radiopiu.net\/wordpress\/wp-content\/uploads\/2025\/09\/giornale07-11.mp3\">https:\/\/www.radiopiu.net\/wordpress\/wp-content\/uploads\/2025\/09\/giornale07-11.mp3<\/a><\/audio>\n<p>&nbsp;<\/p>\n<p>&nbsp;<\/p>\n<hr \/>\n<p>&nbsp;<\/p>\n<h1><span style=\"color: #ff0000;\"><a class=\"dt-pswp-item\" href=\"https:\/\/www.radiopiu.net\/wordpress\/wp-content\/uploads\/2024\/11\/8.jpg\" data-dt-img-description=\"\" data-large_image_width=\"180\" data-large_image_height=\"180\"><img loading=\"lazy\" decoding=\"async\" class=\"size-full wp-image-417910 alignleft\" src=\"https:\/\/www.radiopiu.net\/wordpress\/wp-content\/uploads\/2024\/11\/8.jpg\" alt=\"\" width=\"180\" height=\"180\" srcset=\"https:\/\/www.radiopiu.net\/wordpress\/wp-content\/uploads\/2024\/11\/8.jpg 180w, https:\/\/www.radiopiu.net\/wordpress\/wp-content\/uploads\/2024\/11\/8-150x150.jpg 150w\" sizes=\"auto, (max-width: 180px) 100vw, 180px\" \/><\/a>I podcast informativi del mattino &#8211; video &#8211;\u00a0<\/span><\/h1>\n<h2 style=\"text-align: left;\"><strong>RASSEGNA STAMPA LOCALE, ORE OTTO<\/strong><\/h2>\n<h2><strong> <span style=\"color: #0000ff;\">viene\u00a0 <\/span><\/strong><strong><span style=\"color: #0000ff;\">pubblicata alle 8.05 <span style=\"color: #ff0000;\">DIRETTA RADIO\u00a0 \u00a0<\/span><\/span><\/strong><strong>DI MIRKO MEZZACASA<\/strong><\/h2>\n<h1><span style=\"color: #ff0000;\"><strong>VIDEO\u00a0 \u00a0in diretta AGGIORNAMENTO\u00a0 dalle 8 del mattino\u00a0 \u00a0<\/strong><\/span><\/h1>\n<p>&nbsp;<\/p>\n\n\t\t\t<style type='text\/css'>\n\t\t\t\t#gallery-1 {\n\t\t\t\t\tmargin: auto;\n\t\t\t\t}\n\t\t\t\t#gallery-1 .gallery-item {\n\t\t\t\t\tfloat: left;\n\t\t\t\t\tmargin-top: 10px;\n\t\t\t\t\ttext-align: center;\n\t\t\t\t\twidth: 33%;\n\t\t\t\t}\n\t\t\t\t#gallery-1 img {\n\t\t\t\t\tborder: 2px solid #cfcfcf;\n\t\t\t\t}\n\t\t\t\t#gallery-1 .gallery-caption {\n\t\t\t\t\tmargin-left: 0;\n\t\t\t\t}\n\t\t\t\t\/* see gallery_shortcode() in wp-includes\/media.php *\/\n\t\t\t<\/style>\n\t\t<div id='gallery-1' class='dt-gallery-container gallery galleryid-469361 gallery-columns-3 gallery-size-thumbnail'><dl class='gallery-item'>\n\t\t\t\t<dt class='gallery-icon landscape'>\n\t\t\t\t\t<a class=\"rollover rollover-zoom dt-pswp-item\" title=\"Screenshot 2025-09-13 052808\" data-dt-img-description=\"\" data-large_image_width=\"627\" data-large_image_height=\"292\"href='https:\/\/www.radiopiu.net\/wordpress\/wp-content\/uploads\/2025\/09\/Screenshot-2025-09-13-052808.png'><img loading=\"lazy\" decoding=\"async\" width=\"150\" height=\"150\" src=\"https:\/\/www.radiopiu.net\/wordpress\/wp-content\/uploads\/2025\/09\/Screenshot-2025-09-13-052808-150x150.png\" class=\"attachment-thumbnail size-thumbnail\" alt=\"\" \/><\/a>\n\t\t\t\t<\/dt><\/dl><dl class='gallery-item'>\n\t\t\t\t<dt class='gallery-icon landscape'>\n\t\t\t\t\t<a class=\"rollover rollover-zoom dt-pswp-item\" title=\"Screenshot 2025-09-13 052817\" data-dt-img-description=\"\" data-large_image_width=\"662\" data-large_image_height=\"311\"href='https:\/\/www.radiopiu.net\/wordpress\/wp-content\/uploads\/2025\/09\/Screenshot-2025-09-13-052817.png'><img loading=\"lazy\" decoding=\"async\" width=\"150\" height=\"150\" src=\"https:\/\/www.radiopiu.net\/wordpress\/wp-content\/uploads\/2025\/09\/Screenshot-2025-09-13-052817-150x150.png\" class=\"attachment-thumbnail size-thumbnail\" alt=\"\" \/><\/a>\n\t\t\t\t<\/dt><\/dl><dl class='gallery-item'>\n\t\t\t\t<dt class='gallery-icon landscape'>\n\t\t\t\t\t<a class=\"rollover rollover-zoom dt-pswp-item\" title=\"Screenshot 2025-09-13 052830\" data-dt-img-description=\"\" data-large_image_width=\"468\" data-large_image_height=\"266\"href='https:\/\/www.radiopiu.net\/wordpress\/wp-content\/uploads\/2025\/09\/Screenshot-2025-09-13-052830.png'><img loading=\"lazy\" decoding=\"async\" width=\"150\" height=\"150\" src=\"https:\/\/www.radiopiu.net\/wordpress\/wp-content\/uploads\/2025\/09\/Screenshot-2025-09-13-052830-150x150.png\" class=\"attachment-thumbnail size-thumbnail\" alt=\"\" \/><\/a>\n\t\t\t\t<\/dt><\/dl><br style=\"clear: both\" \/>\n\t\t\t<\/div>\n\n<p><iframe loading=\"lazy\" title=\"DAL 1983 LA RASSEGNA STAMPA LOCALE di mirko mezzacasa. L&#039;ORIGINALE\" width=\"1200\" height=\"675\" src=\"https:\/\/www.youtube.com\/embed\/2Wp5WOhgCd8?feature=oembed\" frameborder=\"0\" allow=\"accelerometer; autoplay; clipboard-write; encrypted-media; gyroscope; picture-in-picture; web-share\" referrerpolicy=\"strict-origin-when-cross-origin\" allowfullscreen><\/iframe><\/p>\n<div class=\"page-title-head hgroup\"><\/div>\n<div class=\"page-title-breadcrumbs\"><\/div>\n<hr \/>\n<p>&nbsp;<\/p>\n<p><strong><a class=\"dt-pswp-item\" href=\"https:\/\/www.radiopiu.net\/wordpress\/wp-content\/uploads\/2023\/12\/ANTENNA.png\" data-dt-img-description=\"\" data-large_image_width=\"300\" data-large_image_height=\"166\"><img loading=\"lazy\" decoding=\"async\" class=\"wp-image-366306 alignright\" src=\"https:\/\/www.radiopiu.net\/wordpress\/wp-content\/uploads\/2023\/12\/ANTENNA.png\" alt=\"\" width=\"101\" height=\"56\" \/><\/a><a class=\"dt-pswp-item\" href=\"https:\/\/www.radiopiu.net\/wordpress\/wp-content\/uploads\/2024\/11\/th-17.jpg\" data-dt-img-description=\"\" data-large_image_width=\"224\" data-large_image_height=\"180\"><img loading=\"lazy\" decoding=\"async\" class=\" wp-image-421610 alignleft\" src=\"https:\/\/www.radiopiu.net\/wordpress\/wp-content\/uploads\/2024\/11\/th-17.jpg\" alt=\"\" width=\"167\" height=\"134\" \/><\/a>ogni sera alle 19 le anticipazioni alla radio, quello che poi seguirete nel TELEGIORNALE BELLUNESE\u00a0 in onda alle 19.30 sul CANALE 10 del digitale terrestre.\u00a0\u00a0<\/strong><\/p>\n<p><b>\u00a0<\/b><\/p>\n<p>&nbsp;<\/p>\n<p>&nbsp;<\/p>\n<blockquote>\n<h2><span style=\"color: #ff0000;\">ANTICIPAZIONI, DI stefano bozzi<\/span><\/h2>\n<\/blockquote>\n<audio class=\"wp-audio-shortcode\" id=\"audio-469361-6\" preload=\"none\" style=\"width: 100%;\" controls=\"controls\"><source type=\"audio\/mpeg\" src=\"https:\/\/www.radiopiu.net\/wordpress\/wp-content\/uploads\/2025\/09\/ANTENNA3-10.mp3?_=6\" \/><a href=\"https:\/\/www.radiopiu.net\/wordpress\/wp-content\/uploads\/2025\/09\/ANTENNA3-10.mp3\">https:\/\/www.radiopiu.net\/wordpress\/wp-content\/uploads\/2025\/09\/ANTENNA3-10.mp3<\/a><\/audio>\n<p>&nbsp;<\/p>\n<hr \/>\n<p>&nbsp;<\/p>\n<h2>OGGI: CHIUSURE STRADALI, PER LA MANIFESTAZIONE CICLISTICA\u00a0 A PEDALATA LIBERA LUNGO I PASSI ATTORNO AL SELLA<\/h2>\n\n\t\t\t<style type='text\/css'>\n\t\t\t\t#gallery-2 {\n\t\t\t\t\tmargin: auto;\n\t\t\t\t}\n\t\t\t\t#gallery-2 .gallery-item {\n\t\t\t\t\tfloat: left;\n\t\t\t\t\tmargin-top: 10px;\n\t\t\t\t\ttext-align: center;\n\t\t\t\t\twidth: 100%;\n\t\t\t\t}\n\t\t\t\t#gallery-2 img {\n\t\t\t\t\tborder: 2px solid #cfcfcf;\n\t\t\t\t}\n\t\t\t\t#gallery-2 .gallery-caption {\n\t\t\t\t\tmargin-left: 0;\n\t\t\t\t}\n\t\t\t\t\/* see gallery_shortcode() in wp-includes\/media.php *\/\n\t\t\t<\/style>\n\t\t<div id='gallery-2' class='dt-gallery-container gallery galleryid-469361 gallery-columns-1 gallery-size-medium'><dl class='gallery-item'>\n\t\t\t\t<dt class='gallery-icon portrait'>\n\t\t\t\t\t<a class=\"rollover rollover-zoom dt-pswp-item\" title=\"6dc0022b-f890-4811-8255-2cbd7d56744f\" data-dt-img-description=\"\" data-large_image_width=\"1536\" data-large_image_height=\"2048\"href='https:\/\/www.radiopiu.net\/wordpress\/wp-content\/uploads\/2025\/09\/6dc0022b-f890-4811-8255-2cbd7d56744f.jpg'><img loading=\"lazy\" decoding=\"async\" width=\"225\" height=\"300\" src=\"https:\/\/www.radiopiu.net\/wordpress\/wp-content\/uploads\/2025\/09\/6dc0022b-f890-4811-8255-2cbd7d56744f-225x300.jpg\" class=\"attachment-medium size-medium\" alt=\"\" srcset=\"https:\/\/www.radiopiu.net\/wordpress\/wp-content\/uploads\/2025\/09\/6dc0022b-f890-4811-8255-2cbd7d56744f-225x300.jpg 225w, https:\/\/www.radiopiu.net\/wordpress\/wp-content\/uploads\/2025\/09\/6dc0022b-f890-4811-8255-2cbd7d56744f-768x1024.jpg 768w, https:\/\/www.radiopiu.net\/wordpress\/wp-content\/uploads\/2025\/09\/6dc0022b-f890-4811-8255-2cbd7d56744f-1152x1536.jpg 1152w, https:\/\/www.radiopiu.net\/wordpress\/wp-content\/uploads\/2025\/09\/6dc0022b-f890-4811-8255-2cbd7d56744f.jpg 1536w\" sizes=\"auto, (max-width: 225px) 100vw, 225px\" \/><\/a>\n\t\t\t\t<\/dt><\/dl><br style=\"clear: both\" \/>\n\t\t\t<\/div>\n\n<p data-start=\"43\" data-end=\"105\"><strong>DOMANI CHIUSURA STRADA PER SALESEI<\/strong><\/p>\n<p data-start=\"43\" data-end=\"105\"><strong data-start=\"43\" data-end=\"103\">ROCCA PIETORE<\/strong> domani la SP 563 di Salesei sar\u00e0 interdetta al transito, eccetto i soli residenti degli abitati di Sopracordevole, Laste, Digonera, Pian di Salesei, Costa di Pian di Salesei, Costa di Salesei e Salesei di Sotto dalle ore 08:50 alle ore 10:30 per il passaggio della parata dalla localit\u00e0 di Digonera fino al Sacrario militare di Pian di Salesei.<\/p>\n<blockquote>\n<p data-start=\"43\" data-end=\"105\"><strong data-start=\"43\" data-end=\"103\">FALCADE, PERICOLO CADUTA MASSI SUL SENTIERO PER IL MULAZ<\/strong><\/p>\n<\/blockquote>\n<p data-start=\"107\" data-end=\"319\">Allerta sicurezza sul sentiero 710 che dalla Val Venegia porta al Rifugio Mulaz: i gestori segnalano il pericolo di caduta massi e invitano gli escursionisti a non utilizzarlo fino al bivio con il 710A. Per salire o scendere dal Mulaz \u00e8 quindi raccomandato esclusivamente il sentiero 710A, indicato come alternativa sicura.<\/p>\n<blockquote>\n<h3 data-start=\"107\" data-end=\"319\">INTERRUZIONI PROGRAMMATE- SIB &#8211;<\/h3>\n<\/blockquote>\n<p><strong>ROCCA PIETORE<\/strong> \u00a0per lavori alla rete idrica comunale martedi dalle 8 alle 17 verr\u00e0 sospesa l\u2019erogazione dell\u2019acqua\u00a0 in via MARMOLADA (dal civ. 5 al 19). .<\/p>\n<p>&nbsp;<\/p>\n<hr \/>\n<blockquote>\n<h2 data-start=\"153\" data-end=\"509\">ESCURSIONISTA OTTANTACINQUENNE RECUPERATO DI NOTTE SULLE DOLOMITI<\/h2>\n<\/blockquote>\n<blockquote>\n<p data-start=\"212\" data-end=\"378\">Intervento di oltre cinque ore del Soccorso alpino della Val di Zoldo: l\u2019uomo, caduto e provato dal buio e dalla fatica, \u00e8 stato ritrovato e accompagnato in salvo<\/p>\n<\/blockquote>\n<p data-start=\"380\" data-end=\"583\"><strong>ZOLDO ALTO<\/strong><\/p>\n<p data-start=\"380\" data-end=\"583\"><a class=\"dt-pswp-item\" href=\"https:\/\/www.radiopiu.net\/wordpress\/wp-content\/uploads\/2025\/09\/Screenshot-2025-09-12-110707.png\" data-dt-img-description=\"\" data-large_image_width=\"703\" data-large_image_height=\"482\"><img loading=\"lazy\" decoding=\"async\" class=\"size-medium wp-image-469346 alignleft\" src=\"https:\/\/www.radiopiu.net\/wordpress\/wp-content\/uploads\/2025\/09\/Screenshot-2025-09-12-110707-300x206.png\" alt=\"\" width=\"300\" height=\"206\" srcset=\"https:\/\/www.radiopiu.net\/wordpress\/wp-content\/uploads\/2025\/09\/Screenshot-2025-09-12-110707-300x206.png 300w, https:\/\/www.radiopiu.net\/wordpress\/wp-content\/uploads\/2025\/09\/Screenshot-2025-09-12-110707.png 703w\" sizes=\"auto, (max-width: 300px) 100vw, 300px\" \/><\/a>Lungo e complesso intervento notturno per il Soccorso alpino della Val di Zoldo, chiamato giovedi sera a prestare aiuto a un escursionista 85enne di Cornedo Vicentino (VI).<\/p>\n<p data-start=\"585\" data-end=\"912\">L\u2019uomo era partito attorno alle 18 dal Rifugio Venezia, diretto verso il Passo Staulanza dove aveva lasciato la propria auto. Probabilmente aveva sottovalutato le ore necessarie al rientro e, complice la stanchezza, \u00e8 stato colto dal buio. Durante il cammino \u00e8 scivolato, riportando un colpo all\u2019anca e rompendo gli occhiali.<\/p>\n<p data-start=\"914\" data-end=\"1292\">L\u2019allarme \u00e8 scattato intorno alle 22.30, quando la Centrale operativa ha attivato i soccorritori. Non essendo chiara la posizione dell\u2019escursionista, una squadra veloce \u00e8 partita a piedi dalla strada per intercettarlo lungo il percorso. Dopo circa 45 minuti di ricerca, l\u2019uomo \u00e8 stato individuato sul sentiero 472, all\u2019altezza del bivio per le orme dei dinosauri sul Pelmetto.<\/p>\n<p data-start=\"1294\" data-end=\"1683\">Visibilmente provato, infreddolito e in lieve stato confusionale, \u00e8 stato immediatamente riscaldato e assistito. Considerata l\u2019impossibilit\u00e0 di procedere autonomamente, i soccorritori hanno atteso l\u2019arrivo della barella per trasportarlo in sicurezza fino al Passo. Nonostante la paura iniziale, gi\u00e0 al ritrovamento l\u2019anziano aveva ripreso vigore, confortato dalla presenza dei volontari.<\/p>\n<p data-start=\"1685\" data-end=\"1889\">Per garantirgli un rientro sicuro, uno dei soccorritori lo ha infine accompagnato in auto fino all\u2019albergo. L\u2019operazione si \u00e8 conclusa attorno alle 3 di notte, con il rientro delle squadre in magazzino.<\/p>\n<p data-start=\"1685\" data-end=\"1889\"><a class=\"dt-pswp-item\" href=\"https:\/\/www.radiopiu.net\/wordpress\/wp-content\/uploads\/2025\/09\/Screenshot-2025-09-11-053052.png\" data-dt-img-description=\"\" data-large_image_width=\"402\" data-large_image_height=\"51\"><img loading=\"lazy\" decoding=\"async\" class=\"size-medium wp-image-469133 aligncenter\" src=\"https:\/\/www.radiopiu.net\/wordpress\/wp-content\/uploads\/2025\/09\/Screenshot-2025-09-11-053052-300x38.png\" alt=\"\" width=\"300\" height=\"38\" srcset=\"https:\/\/www.radiopiu.net\/wordpress\/wp-content\/uploads\/2025\/09\/Screenshot-2025-09-11-053052-300x38.png 300w, https:\/\/www.radiopiu.net\/wordpress\/wp-content\/uploads\/2025\/09\/Screenshot-2025-09-11-053052.png 402w\" sizes=\"auto, (max-width: 300px) 100vw, 300px\" \/><\/a><\/p>\n<blockquote>\n<h3>ESCURSIONISTI AFFATICATI RECUPERATI IN MONTAGNA: INTERVENTO DEL SOCCORSO ALPINO AD AURONZO DI CADORE<\/h3>\n<\/blockquote>\n<p data-start=\"198\" data-end=\"430\"><b><a class=\"dt-pswp-item\" href=\"https:\/\/www.radiopiu.net\/wordpress\/wp-content\/uploads\/2025\/01\/IMG-20250104-WA0050-scaled.jpg\" data-dt-img-description=\"\" data-large_image_width=\"2560\" data-large_image_height=\"1920\"><img loading=\"lazy\" decoding=\"async\" class=\"size-medium wp-image-428124 alignleft\" src=\"https:\/\/www.radiopiu.net\/wordpress\/wp-content\/uploads\/2025\/01\/IMG-20250104-WA0050-300x225.jpg\" alt=\"\" width=\"300\" height=\"225\" srcset=\"https:\/\/www.radiopiu.net\/wordpress\/wp-content\/uploads\/2025\/01\/IMG-20250104-WA0050-300x225.jpg 300w, https:\/\/www.radiopiu.net\/wordpress\/wp-content\/uploads\/2025\/01\/IMG-20250104-WA0050-1024x768.jpg 1024w, https:\/\/www.radiopiu.net\/wordpress\/wp-content\/uploads\/2025\/01\/IMG-20250104-WA0050-768x576.jpg 768w, https:\/\/www.radiopiu.net\/wordpress\/wp-content\/uploads\/2025\/01\/IMG-20250104-WA0050-1536x1152.jpg 1536w, https:\/\/www.radiopiu.net\/wordpress\/wp-content\/uploads\/2025\/01\/IMG-20250104-WA0050-2048x1536.jpg 2048w\" sizes=\"auto, (max-width: 300px) 100vw, 300px\" \/><\/a>AURONZO <\/b>\u2013 Si \u00e8 concluso dopo le 21 di giovedi l\u2019intervento del Soccorso alpino di Auronzo di Cadore a favore di una coppia di escursionisti lecchesi, bloccata dalla fatica durante un\u2019escursione ad anello.<\/p>\n<p data-start=\"432\" data-end=\"756\">Marito e moglie, rispettivamente di 75 e 67 anni, avevano percorso il sentiero fino al Rifugio Fonda Savio, con l\u2019intenzione di scendere poi al Ciadin di Rin Bianco lungo il sentiero numero 119 e completare cos\u00ec la camminata. L\u2019uomo, tuttavia, \u00e8 stato colto da dolorosi crampi alle gambe e non \u00e8 pi\u00f9 riuscito a proseguire.<\/p>\n<p data-start=\"758\" data-end=\"1118\">Una squadra di soccorritori, tra cui due operatori della Guardia di finanza, ha raggiunto la coppia a circa 2.000 metri di quota. Nei tratti pi\u00f9 ripidi, l\u2019uomo \u00e8 stato imbarellato per facilitare il rientro, fino a quando il gruppo \u00e8 giunto sul sentiero 101, pi\u00f9 agevole e pianeggiante. Qui l\u2019escursionista \u00e8 riuscito a rialzarsi e a proseguire autonomamente.<\/p>\n<p data-start=\"1120\" data-end=\"1292\">La moglie, pur affaticata, ha camminato in autonomia fino al casello delle Tre Cime, da dove entrambi sono stati poi accompagnati in fuoristrada al parcheggio, al sicuro.<\/p>\n<p><a class=\"dt-pswp-item\" href=\"https:\/\/www.radiopiu.net\/wordpress\/wp-content\/uploads\/2025\/09\/Screenshot-2025-09-11-053052.png\" data-dt-img-description=\"\" data-large_image_width=\"402\" data-large_image_height=\"51\"><img loading=\"lazy\" decoding=\"async\" class=\"size-medium wp-image-469133 aligncenter\" src=\"https:\/\/www.radiopiu.net\/wordpress\/wp-content\/uploads\/2025\/09\/Screenshot-2025-09-11-053052-300x38.png\" alt=\"\" width=\"300\" height=\"38\" srcset=\"https:\/\/www.radiopiu.net\/wordpress\/wp-content\/uploads\/2025\/09\/Screenshot-2025-09-11-053052-300x38.png 300w, https:\/\/www.radiopiu.net\/wordpress\/wp-content\/uploads\/2025\/09\/Screenshot-2025-09-11-053052.png 402w\" sizes=\"auto, (max-width: 300px) 100vw, 300px\" \/><\/a><\/p>\n<hr \/>\n<blockquote>\n<h3 data-start=\"153\" data-end=\"509\"><\/h3>\n<h3 data-start=\"153\" data-end=\"509\">QUATTRO INCIDENTI STRADALI IN PROVINCIA, DUE GIOVANISSIMI COINVOLTI A FELTRE<\/h3>\n<p data-start=\"81\" data-end=\"128\"><strong data-start=\"81\" data-end=\"126\">INCIDENTE A VELLAI, PADRE E FIGLI ILLLESI<\/strong><\/p>\n<p data-start=\"130\" data-end=\"439\">poco prima delle 8 un\u00a0 giovane \u00e8 finito con il suo Fiat Dobl\u00f2 contro il muro perimetrale dell\u2019Istituto agrario di Vellai. A bordo c\u2019erano anche i due figli: fortunatamente tutti sono usciti autonomamente dal veicolo senza gravi conseguenze. Sul posto il personale del 118, che li ha accompagnati al pronto soccorso per accertamenti. I rilievi sono stati svolti dai carabinieri di Arsi\u00e8, mentre la polizia locale ha gestito la viabilit\u00e0. Disagi contenuti al traffico; la strada \u00e8 stata pulita dai liquidi persi dall\u2019auto.<\/p>\n<\/blockquote>\n<blockquote>\n<p data-start=\"684\" data-end=\"914\"><strong><a class=\"dt-pswp-item\" href=\"https:\/\/www.radiopiu.net\/wordpress\/wp-content\/uploads\/2025\/09\/Screenshot-2025-09-13-052111.png\" data-dt-img-description=\"\" data-large_image_width=\"425\" data-large_image_height=\"239\"><img loading=\"lazy\" decoding=\"async\" class=\"size-medium wp-image-469479 alignleft\" src=\"https:\/\/www.radiopiu.net\/wordpress\/wp-content\/uploads\/2025\/09\/Screenshot-2025-09-13-052111-300x169.png\" alt=\"\" width=\"300\" height=\"169\" srcset=\"https:\/\/www.radiopiu.net\/wordpress\/wp-content\/uploads\/2025\/09\/Screenshot-2025-09-13-052111-300x169.png 300w, https:\/\/www.radiopiu.net\/wordpress\/wp-content\/uploads\/2025\/09\/Screenshot-2025-09-13-052111.png 425w\" sizes=\"auto, (max-width: 300px) 100vw, 300px\" \/><\/a>PASSO FALZAREGO<\/strong> un motociclista tedesco di 32 anni \u00e8 rimasto ferito in seguito a un incidente. Sul posto l\u2019intervento dell\u2019ambulanza della Croce Bianca di Cortina, che ha trasferito l\u2019uomo in ospedale in codice giallo.<\/p>\n<p data-start=\"916\" data-end=\"1151\"><strong>BELLUNO<\/strong> \u00a0sul Nevegal, si \u00e8 registrato un altro incidente stradale. Vista la situazione, \u00e8 stato richiesto l\u2019intervento dell\u2019elicottero Falco 2 che ha trasportato la persona ferita all\u2019ospedale di Treviso.<\/p>\n<\/blockquote>\n<p><a class=\"dt-pswp-item\" href=\"https:\/\/www.radiopiu.net\/wordpress\/wp-content\/uploads\/2025\/09\/Screenshot-2025-09-11-053052.png\" data-dt-img-description=\"\" data-large_image_width=\"402\" data-large_image_height=\"51\"><img loading=\"lazy\" decoding=\"async\" class=\"size-medium wp-image-469133 aligncenter\" src=\"https:\/\/www.radiopiu.net\/wordpress\/wp-content\/uploads\/2025\/09\/Screenshot-2025-09-11-053052-300x38.png\" alt=\"\" width=\"300\" height=\"38\" srcset=\"https:\/\/www.radiopiu.net\/wordpress\/wp-content\/uploads\/2025\/09\/Screenshot-2025-09-11-053052-300x38.png 300w, https:\/\/www.radiopiu.net\/wordpress\/wp-content\/uploads\/2025\/09\/Screenshot-2025-09-11-053052.png 402w\" sizes=\"auto, (max-width: 300px) 100vw, 300px\" \/><\/a><\/p>\n<p>&nbsp;<\/p>\n<hr \/>\n<p>&nbsp;<\/p>\n<blockquote>\n<h2>INCENDIO IN ABITAZIONE A BOSCARIZ: DISTRUTTI CUCINA E SOFFITTO, CASA INAGIBILE<\/h2>\n<\/blockquote>\n<p><strong>FELTRE<\/strong><\/p>\n<p data-start=\"142\" data-end=\"329\"><img loading=\"lazy\" decoding=\"async\" class=\"alignleft\" src=\"https:\/\/www.radiopiu.net\/wordpress\/wp-content\/uploads\/2025\/09\/Screenshot-2025-09-13-051725.png\" width=\"389\" height=\"211\" \/>Attimi di paura nella notte tra gioved\u00ec e venerd\u00ec in via Colombo, zona Boscariz, dove un incendio ha distrutto la cucina e il soffitto in legno di un\u2019abitazione su due livelli.Le fiamme, probabilmente innescate da un guasto all\u2019impianto elettrico, si sono sviluppate nelle primissime ore del mattino. Fortunatamente il proprietario, accortosi in tempo di quanto stava accadendo, ha dato l\u2019allarme ed \u00e8 riuscito a mettersi in salvo senza riportare conseguenze.Sul posto sono intervenuti i Vigili del Fuoco di Feltre, che hanno lavorato per circa due ore per domare il rogo. All\u2019arrivo della squadra, la cucina era gi\u00e0 invasa dalle fiamme: \u00e8 stato quindi necessario rimuovere numerose masserizie, portandole all\u2019esterno dell\u2019abitazione, dove resteranno in attesa di smaltimento. Grazie al pronto intervento dei pompieri \u00e8 stato evitato che il fuoco si propagasse al resto della casa, ma l\u2019edificio \u00e8 stato comunque dichiarato inagibile. Saranno necessari importanti lavori di bonifica e ristrutturazione, a partire dal rifacimento dell\u2019impianto elettrico. Ieri mattina l\u2019abitazione portava ancora i segni evidenti dell\u2019incendio, con pareti annerite e il materiale danneggiato accatastato all\u2019esterno.<\/p>\n<p>&nbsp;<\/p>\n<p><a class=\"dt-pswp-item\" href=\"https:\/\/www.radiopiu.net\/wordpress\/wp-content\/uploads\/2025\/09\/Screenshot-2025-09-11-053052.png\" data-dt-img-description=\"\" data-large_image_width=\"402\" data-large_image_height=\"51\"><img loading=\"lazy\" decoding=\"async\" class=\"size-medium wp-image-469133 aligncenter\" src=\"https:\/\/www.radiopiu.net\/wordpress\/wp-content\/uploads\/2025\/09\/Screenshot-2025-09-11-053052-300x38.png\" alt=\"\" width=\"300\" height=\"38\" srcset=\"https:\/\/www.radiopiu.net\/wordpress\/wp-content\/uploads\/2025\/09\/Screenshot-2025-09-11-053052-300x38.png 300w, https:\/\/www.radiopiu.net\/wordpress\/wp-content\/uploads\/2025\/09\/Screenshot-2025-09-11-053052.png 402w\" sizes=\"auto, (max-width: 300px) 100vw, 300px\" \/> <\/a><\/p>\n<p>&nbsp;<\/p>\n<hr \/>\n<p>&nbsp;<\/p>\n<blockquote>\n<h2 data-start=\"51\" data-end=\"105\"><strong data-start=\"51\" data-end=\"103\">CASTION, AUTO FUORI STRADA PER UN COLPO DI SONNO<\/strong><\/h2>\n<\/blockquote>\n<p><strong>BELLUNO<\/strong><\/p>\n<p data-start=\"107\" data-end=\"475\">Ieri pomeriggio poco dopo le 16.30 un piccolo fuoristrada \u00e8 uscito di strada a Castion, finendo contro la recinzione di un condominio tra via Nongole e via Berlendis. Nessun ferito, solo spavento per il conducente. L\u2019auto ha abbattuto la recinzione e riportato danni al muso. Sul posto vigili del fuoco e polizia per la messa in sicurezza e la gestione del traffico.<\/p>\n<p>&nbsp;<\/p>\n<p><a class=\"dt-pswp-item\" href=\"https:\/\/www.radiopiu.net\/wordpress\/wp-content\/uploads\/2025\/09\/Screenshot-2025-09-11-053052.png\" data-dt-img-description=\"\" data-large_image_width=\"402\" data-large_image_height=\"51\"><img loading=\"lazy\" decoding=\"async\" class=\"size-medium wp-image-469133 aligncenter\" src=\"https:\/\/www.radiopiu.net\/wordpress\/wp-content\/uploads\/2025\/09\/Screenshot-2025-09-11-053052-300x38.png\" alt=\"\" width=\"300\" height=\"38\" srcset=\"https:\/\/www.radiopiu.net\/wordpress\/wp-content\/uploads\/2025\/09\/Screenshot-2025-09-11-053052-300x38.png 300w, https:\/\/www.radiopiu.net\/wordpress\/wp-content\/uploads\/2025\/09\/Screenshot-2025-09-11-053052.png 402w\" sizes=\"auto, (max-width: 300px) 100vw, 300px\" \/><\/a><\/p>\n<hr \/>\n<p>&nbsp;<\/p>\n<blockquote>\n<h2>DONATI GLI ORGANI: MIRJETA SALVA QUATTRO VITE<\/h2>\n<\/blockquote>\n<p><img loading=\"lazy\" decoding=\"async\" class=\"alignleft\" src=\"https:\/\/www.radiopiu.net\/wordpress\/wp-content\/uploads\/2025\/09\/Screenshot-2025-09-13-052217.png\" width=\"192\" height=\"115\" \/><strong>ALPAGO<\/strong><\/p>\n<p data-start=\"103\" data-end=\"434\">Colpita da un improvviso aneurisma cerebrale, \u00e8 morta a 56 anni Mirjeta Poci, responsabile del controllo qualit\u00e0 allo stabilimento Fedon di Alpago di EssilorLuxottica. La donna, originaria dell\u2019Albania e residente a Vittorio Veneto, aveva espresso in vita la volont\u00e0 di donare gli organi, ispirata dall\u2019esempio di Nicholas Green. Grazie al suo gesto, quattro persone in diverse citt\u00e0 italiane hanno ricevuto una nuova possibilit\u00e0 di vita. Lascia il marito Fatmir, le figlie Loneta, Marina e Hilary, parenti e amici.<\/p>\n<p data-start=\"103\" data-end=\"434\"><a class=\"dt-pswp-item\" href=\"https:\/\/www.radiopiu.net\/wordpress\/wp-content\/uploads\/2025\/09\/Screenshot-2025-09-11-053052.png\" data-dt-img-description=\"\" data-large_image_width=\"402\" data-large_image_height=\"51\"><img loading=\"lazy\" decoding=\"async\" class=\"size-medium wp-image-469133 aligncenter\" src=\"https:\/\/www.radiopiu.net\/wordpress\/wp-content\/uploads\/2025\/09\/Screenshot-2025-09-11-053052-300x38.png\" alt=\"\" width=\"300\" height=\"38\" srcset=\"https:\/\/www.radiopiu.net\/wordpress\/wp-content\/uploads\/2025\/09\/Screenshot-2025-09-11-053052-300x38.png 300w, https:\/\/www.radiopiu.net\/wordpress\/wp-content\/uploads\/2025\/09\/Screenshot-2025-09-11-053052.png 402w\" sizes=\"auto, (max-width: 300px) 100vw, 300px\" \/><\/a><\/p>\n<article class=\"text-token-text-primary w-full focus:outline-none scroll-mt-[calc(var(--header-height)+min(200px,max(70px,20svh)))]\" dir=\"auto\" tabindex=\"-1\" data-turn-id=\"request-WEB:1e4b819b-ac3d-4024-8ea5-e98f42b58405-90\" data-testid=\"conversation-turn-182\" data-scroll-anchor=\"true\" data-turn=\"assistant\">\n<div class=\"text-base my-auto mx-auto pb-10 [--thread-content-margin:--spacing(4)] thread-sm:[--thread-content-margin:--spacing(6)] thread-lg:[--thread-content-margin:--spacing(16)] px-(--thread-content-margin)\">\n<div class=\"[--thread-content-max-width:40rem] thread-sm:[--thread-content-max-width:40rem] thread-lg:[--thread-content-max-width:48rem] mx-auto max-w-(--thread-content-max-width) flex-1 group\/turn-messages focus-visible:outline-hidden relative flex w-full min-w-0 flex-col agent-turn\" tabindex=\"-1\">\n<div class=\"flex max-w-full flex-col grow\">\n<div class=\"min-h-8 text-message relative flex w-full flex-col items-end gap-2 text-start break-words whitespace-normal [.text-message+&amp;]:mt-5\" dir=\"auto\" data-message-author-role=\"assistant\" data-message-id=\"35de923a-bb9c-47bb-b2a9-d2579a8712ee\" data-message-model-slug=\"gpt-5\">\n<div class=\"flex w-full flex-col gap-1 empty:hidden first:pt-[3px]\">\n<div class=\"markdown prose dark:prose-invert w-full break-words dark markdown-new-styling\">\n<hr \/>\n<blockquote>\n<h2 data-start=\"72\" data-end=\"837\">I SINDACI SMENTISCONO L&#8217;ANAS: &#8220;NON CI SARA&#8217; NESSUNA CHIUSURA, NULLA E&#8217; DECISO&#8221;<\/h2>\n<\/blockquote>\n<blockquote><p><em>I sindaci smentiscono l&#8217;Anas, ieri pomeriggio aveva inviato una nota con le nuove chiusure e orari, ma mai ha sottolineato che di ipotesi si trattava. Un sindaco del Cadore ci ha subito contattato chiedendoci chiarimenti, lo abbiamo reso partecip del comunicato dell&#8217;Anas pervenuto in Radio alle 17.33 di giovedi<\/em><\/p><\/blockquote>\n<p data-start=\"352\" data-end=\"703\"><strong>COMELICO\u00a0<\/strong> Non c\u2019\u00e8 alcuna decisione definitiva sulle chiusure stradali legate al cantiere viario in Comelico. \u00c8 quanto precisano i sindaci dei cinque comuni interessati \u2013 Comelico Superiore, Danta di Cadore, San Nicol\u00f2, San Pietro e Santo Stefano di Cadore \u2013 in risposta alla nota diffusa da ANAS dopo il vertice dell\u201911 settembre in Unione Montana. Gli amministratori sottolineano che i temi emersi nell\u2019incontro sono stati ascoltati, ma non possono essere intesi come operativi senza un passaggio con tutte le autorit\u00e0 competenti. Prefettura, Vigili del Fuoco, Ulss 1 Dolomiti e Dolomiti Bus \u2013 ricordano i sindaci \u2013 sono enti direttamente coinvolti, responsabili della gestione dei servizi di emergenza, urgenza e trasporto pubblico, e non possono essere esclusi dal tavolo decisionale. Particolare attenzione \u00e8 posta sull\u2019ipotesi di <strong data-start=\"1194\" data-end=\"1228\">chiusura anticipata alle 21.00<\/strong>, che non rientra negli accordi presi in Prefettura prima dell\u2019avvio del cantiere. Ogni eventuale modifica, precisano i sindaci, dovr\u00e0 essere valutata con attenzione e condivisa attraverso nuove riunioni ufficiali. Anche per le annunciate chiusure straordinarie e totali, ritenute necessarie per alcune lavorazioni, non sono state indicate date precise n\u00e9 ottenuto il consenso degli enti coinvolti. Per questo, spiegano i primi cittadini, sar\u00e0 indispensabile un nuovo passaggio in Prefettura con tutti i soggetti interessati. <em>\u201cFino a nuove comunicazioni \u2013 rassicurano i sindaci \u2013 nulla di quanto annunciato da ANAS \u00e8 da considerarsi definitivo o esecutivo\u201d.<\/em><\/p>\n<p><span style=\"color: #ff0000;\"><strong>DAL COMUNICATO ANAS DI GIOVEDI POMERIGGIO<\/strong><\/span><\/p>\n<blockquote>\n<h2>GALLERIA COMELICO, CHIUSURA STRAORDINARIA DAL 3 OTTOBRE<\/h2>\n<\/blockquote>\n<article class=\"text-token-text-primary w-full focus:outline-none scroll-mt-[calc(var(--header-height)+min(200px,max(70px,20svh)))]\" dir=\"auto\" tabindex=\"-1\" data-turn-id=\"request-WEB:1e4b819b-ac3d-4024-8ea5-e98f42b58405-90\" data-testid=\"conversation-turn-182\" data-scroll-anchor=\"true\" data-turn=\"assistant\">\n<div class=\"text-base my-auto mx-auto pb-10 [--thread-content-margin:--spacing(4)] thread-sm:[--thread-content-margin:--spacing(6)] thread-lg:[--thread-content-margin:--spacing(16)] px-(--thread-content-margin)\">\n<div class=\"[--thread-content-max-width:40rem] thread-sm:[--thread-content-max-width:40rem] thread-lg:[--thread-content-max-width:48rem] mx-auto max-w-(--thread-content-max-width) flex-1 group\/turn-messages focus-visible:outline-hidden relative flex w-full min-w-0 flex-col agent-turn\" tabindex=\"-1\">\n<div class=\"flex max-w-full flex-col grow\">\n<div class=\"min-h-8 text-message relative flex w-full flex-col items-end gap-2 text-start break-words whitespace-normal [.text-message+&amp;]:mt-5\" dir=\"auto\" data-message-author-role=\"assistant\" data-message-id=\"35de923a-bb9c-47bb-b2a9-d2579a8712ee\" data-message-model-slug=\"gpt-5\">\n<div class=\"flex w-full flex-col gap-1 empty:hidden first:pt-[3px]\">\n<div class=\"markdown prose dark:prose-invert w-full break-words dark markdown-new-styling\">\n<h3 data-start=\"0\" data-end=\"70\"><img loading=\"lazy\" decoding=\"async\" class=\"alignleft\" src=\"https:\/\/www.radiopiu.net\/wordpress\/wp-content\/uploads\/2021\/02\/galleria-comelico.jpg\" width=\"131\" height=\"156\" \/><\/h3>\n<p data-start=\"72\" data-end=\"837\" data-is-last-node=\"\" data-is-only-node=\"\"><strong>VENEZIA\u00a0<\/strong> Si \u00e8 svolto\u00a0 l\u2019incontro tecnico presso l\u2019Unione Comunit\u00e0 Montana per aggiornare sullo stato dei lavori alla galleria Comelico, lungo la SS 52 \u201cCarnica\u201d. Anas ha confermato la stabilit\u00e0 dell\u2019infrastruttura e illustrato le nuove modalit\u00e0 di cantierizzazione: chiusura anticipata alle 21 anzich\u00e9 alle 22, dal luned\u00ec al venerd\u00ec, con apertura alle 6; dalla met\u00e0 di ottobre le chiusure notturne saranno estese anche ai fine settimana. Prevista inoltre la chiusura straordinaria dal 3 all\u20198 ottobre. In partenza anche i lavori per il nuovo viadotto \u201cTarlisse\u201d, con viabilit\u00e0 deviata sulla SR48 e una rotatoria provvisoria sulla SP532. Anas ribadisce la piena sicurezza del cantiere e la disponibilit\u00e0 al confronto con enti e istituzioni.<\/p>\n<p data-start=\"72\" data-end=\"837\" data-is-last-node=\"\" data-is-only-node=\"\"><a class=\"dt-pswp-item\" href=\"https:\/\/www.radiopiu.net\/wordpress\/wp-content\/uploads\/2025\/09\/Screenshot-2025-09-11-053052.png\" data-dt-img-description=\"\" data-large_image_width=\"402\" data-large_image_height=\"51\"><img loading=\"lazy\" decoding=\"async\" class=\"size-medium wp-image-469133 aligncenter\" src=\"https:\/\/www.radiopiu.net\/wordpress\/wp-content\/uploads\/2025\/09\/Screenshot-2025-09-11-053052-300x38.png\" alt=\"\" width=\"300\" height=\"38\" srcset=\"https:\/\/www.radiopiu.net\/wordpress\/wp-content\/uploads\/2025\/09\/Screenshot-2025-09-11-053052-300x38.png 300w, https:\/\/www.radiopiu.net\/wordpress\/wp-content\/uploads\/2025\/09\/Screenshot-2025-09-11-053052.png 402w\" sizes=\"auto, (max-width: 300px) 100vw, 300px\" \/><\/a><\/p>\n<hr \/>\n<blockquote>\n<h3 data-start=\"72\" data-end=\"837\">CHIUSURA TEMPORANEA DELLE GALLERIE \u2018BRENTA\u2019 E \u2018SAN VITO\u2019 PER LAVORI SULLA SS 50 BIS\/VAR<\/h3>\n<\/blockquote>\n<p data-start=\"168\" data-end=\"371\"><img loading=\"lazy\" decoding=\"async\" class=\"alignleft\" src=\"https:\/\/www.radiopiu.net\/wordpress\/wp-content\/uploads\/2024\/10\/ANAS.jpg\" width=\"320\" height=\"226\" \/>Anas avvia i lavori di manutenzione nelle gallerie <em data-start=\"248\" data-end=\"258\">San Vito<\/em> e <em data-start=\"261\" data-end=\"269\">Brenta<\/em> lungo la strada statale 50 bis\/var \u201cdel Grappa e del passo Rolle\u201d, tra Valbrenta (VI) e Arsi\u00e9 (BL).<\/p>\n<p data-start=\"373\" data-end=\"596\">Gli interventi riguardano l\u2019innalzamento degli standard di sicurezza con il potenziamento della rete di raccolta delle acque, il miglioramento del drenaggio periferico e l\u2019impermeabilizzazione di alcuni tratti di calotta.<\/p>\n<p data-start=\"598\" data-end=\"753\">Per consentire le lavorazioni in sicurezza, da <strong data-start=\"645\" data-end=\"683\">luned\u00ec 15 settembre al 28 novembre<\/strong> le gallerie saranno chiuse al traffico in direzione Feltre-Belluno.<\/p>\n<p data-start=\"755\" data-end=\"1104\">Durante la chiusura, i mezzi leggeri potranno seguire la deviazione pi\u00f9 breve da Primolano ad Arsi\u00e9, rientrando sulla SS 50 bis\/var al km 5,200. Per i mezzi pesanti oltre 3,5 tonnellate, il percorso alternativo prevede deviazione dalla SS 47 verso via De Gasperi (SP57), quindi via Dante Alighieri e SP26, per proseguire sulla SR348 fino a Feltre.<\/p>\n<p data-start=\"72\" data-end=\"837\" data-is-last-node=\"\" data-is-only-node=\"\"><a class=\"dt-pswp-item\" href=\"https:\/\/www.radiopiu.net\/wordpress\/wp-content\/uploads\/2025\/09\/Screenshot-2025-09-11-053052.png\" data-dt-img-description=\"\" data-large_image_width=\"402\" data-large_image_height=\"51\"><img loading=\"lazy\" decoding=\"async\" class=\"size-medium wp-image-469133 aligncenter\" src=\"https:\/\/www.radiopiu.net\/wordpress\/wp-content\/uploads\/2025\/09\/Screenshot-2025-09-11-053052-300x38.png\" alt=\"\" width=\"300\" height=\"38\" srcset=\"https:\/\/www.radiopiu.net\/wordpress\/wp-content\/uploads\/2025\/09\/Screenshot-2025-09-11-053052-300x38.png 300w, https:\/\/www.radiopiu.net\/wordpress\/wp-content\/uploads\/2025\/09\/Screenshot-2025-09-11-053052.png 402w\" sizes=\"auto, (max-width: 300px) 100vw, 300px\" \/><\/a><\/p>\n<\/div>\n<\/div>\n<\/div>\n<\/div>\n<\/div>\n<\/div>\n<\/article>\n<hr \/>\n<hr \/>\n<article class=\"text-token-text-primary w-full focus:outline-none scroll-mt-[calc(var(--header-height)+min(200px,max(70px,20svh)))]\" dir=\"auto\" tabindex=\"-1\" data-turn-id=\"request-WEB:1e4b819b-ac3d-4024-8ea5-e98f42b58405-90\" data-testid=\"conversation-turn-182\" data-scroll-anchor=\"true\" data-turn=\"assistant\">\n<div class=\"text-base my-auto mx-auto pb-10 [--thread-content-margin:--spacing(4)] thread-sm:[--thread-content-margin:--spacing(6)] thread-lg:[--thread-content-margin:--spacing(16)] px-(--thread-content-margin)\">\n<div class=\"[--thread-content-max-width:40rem] thread-sm:[--thread-content-max-width:40rem] thread-lg:[--thread-content-max-width:48rem] mx-auto max-w-(--thread-content-max-width) flex-1 group\/turn-messages focus-visible:outline-hidden relative flex w-full min-w-0 flex-col agent-turn\" tabindex=\"-1\">\n<div class=\"flex min-h-[46px] justify-start\"><\/div>\n<div>\n<blockquote>\n<p data-start=\"58\" data-end=\"133\"><strong data-start=\"58\" data-end=\"131\"><a class=\"dt-pswp-item\" href=\"https:\/\/www.radiopiu.net\/wordpress\/wp-content\/uploads\/2025\/09\/Screenshot-2025-09-12-150121.png\" data-dt-img-description=\"\" data-large_image_width=\"403\" data-large_image_height=\"290\"><img loading=\"lazy\" decoding=\"async\" class=\" wp-image-469383 alignleft\" src=\"https:\/\/www.radiopiu.net\/wordpress\/wp-content\/uploads\/2025\/09\/Screenshot-2025-09-12-150121-300x216.png\" alt=\"\" width=\"225\" height=\"162\" srcset=\"https:\/\/www.radiopiu.net\/wordpress\/wp-content\/uploads\/2025\/09\/Screenshot-2025-09-12-150121-300x216.png 300w, https:\/\/www.radiopiu.net\/wordpress\/wp-content\/uploads\/2025\/09\/Screenshot-2025-09-12-150121.png 403w\" sizes=\"auto, (max-width: 225px) 100vw, 225px\" \/><\/a>-147 GIORNI ALLE OLIMPIADI: CORTINA OSPITA IL CONGRESSO MONDIALE IBSF<\/strong><\/p>\n<\/blockquote>\n<p data-start=\"135\" data-end=\"442\"><strong>CORTINA<\/strong> In concomitanza con i Mondiali di spinta, Cortina d\u2019Ampezzo ospita il Congresso della Federazione Internazionale di Bob e Skeleton (IBSF), che riunisce delegati, membri del comitato esecutivo e rappresentanti degli impianti da tutto il mondo per discutere strategie, regolamenti e futuro delle discipline. La scelta della \u201cRegina delle Dolomiti\u201d valorizza i legami storici con bob e skeleton e l\u2019avvicinarsi dei Giochi Milano-Cortina 2026. Durante la prima giornata, \u00e8 stato ringraziato il MIT e la Societ\u00e0 SIMICO, con riferimento al Ministro Matteo Salvini, per il sostegno alle opere olimpiche, incluso lo Sliding Centre \u201cEugenio Monti\u201d, completato in tempi record e gi\u00e0 pre-omologato. Il Congresso celebra anche l\u2019impegno dell\u2019Italia nel creare infrastrutture d\u2019eccellenza, aperte anche agli atleti paralimpici e pensate per lasciare una legacy concreta oltre i Giochi.<\/p>\n<\/div>\n<\/div>\n<\/div>\n<\/article>\n<\/div>\n<\/div>\n<\/div>\n<\/div>\n<\/div>\n<\/div>\n<\/article>\n<div><\/div>\n<div><a class=\"dt-pswp-item\" href=\"https:\/\/www.radiopiu.net\/wordpress\/wp-content\/uploads\/2025\/09\/Screenshot-2025-09-11-053052.png\" data-dt-img-description=\"\" data-large_image_width=\"402\" data-large_image_height=\"51\"><img loading=\"lazy\" decoding=\"async\" class=\"size-medium wp-image-469133 aligncenter\" src=\"https:\/\/www.radiopiu.net\/wordpress\/wp-content\/uploads\/2025\/09\/Screenshot-2025-09-11-053052-300x38.png\" alt=\"\" width=\"300\" height=\"38\" srcset=\"https:\/\/www.radiopiu.net\/wordpress\/wp-content\/uploads\/2025\/09\/Screenshot-2025-09-11-053052-300x38.png 300w, https:\/\/www.radiopiu.net\/wordpress\/wp-content\/uploads\/2025\/09\/Screenshot-2025-09-11-053052.png 402w\" sizes=\"auto, (max-width: 300px) 100vw, 300px\" \/><\/a><\/div>\n<article class=\"text-token-text-primary w-full focus:outline-none scroll-mt-[calc(var(--header-height)+min(200px,max(70px,20svh)))]\" dir=\"auto\" tabindex=\"-1\" data-turn-id=\"request-WEB:1e4b819b-ac3d-4024-8ea5-e98f42b58405-90\" data-testid=\"conversation-turn-182\" data-scroll-anchor=\"true\" data-turn=\"assistant\">\n<div class=\"text-base my-auto mx-auto pb-10 [--thread-content-margin:--spacing(4)] thread-sm:[--thread-content-margin:--spacing(6)] thread-lg:[--thread-content-margin:--spacing(16)] px-(--thread-content-margin)\">\n<div class=\"[--thread-content-max-width:40rem] thread-sm:[--thread-content-max-width:40rem] thread-lg:[--thread-content-max-width:48rem] mx-auto max-w-(--thread-content-max-width) flex-1 group\/turn-messages focus-visible:outline-hidden relative flex w-full min-w-0 flex-col agent-turn\" tabindex=\"-1\">\n<div class=\"flex max-w-full flex-col grow\">\n<div class=\"min-h-8 text-message relative flex w-full flex-col items-end gap-2 text-start break-words whitespace-normal [.text-message+&amp;]:mt-5\" dir=\"auto\" data-message-author-role=\"assistant\" data-message-id=\"35de923a-bb9c-47bb-b2a9-d2579a8712ee\" data-message-model-slug=\"gpt-5\">\n<div class=\"flex w-full flex-col gap-1 empty:hidden first:pt-[3px]\">\n<div class=\"markdown prose dark:prose-invert w-full break-words dark markdown-new-styling\">\n<article class=\"text-token-text-primary w-full focus:outline-none scroll-mt-[calc(var(--header-height)+min(200px,max(70px,20svh)))]\" dir=\"auto\" tabindex=\"-1\" data-turn-id=\"request-WEB:1e4b819b-ac3d-4024-8ea5-e98f42b58405-90\" data-testid=\"conversation-turn-182\" data-scroll-anchor=\"true\" data-turn=\"assistant\">\n<div class=\"text-base my-auto mx-auto pb-10 [--thread-content-margin:--spacing(4)] thread-sm:[--thread-content-margin:--spacing(6)] thread-lg:[--thread-content-margin:--spacing(16)] px-(--thread-content-margin)\">\n<div class=\"[--thread-content-max-width:40rem] thread-sm:[--thread-content-max-width:40rem] thread-lg:[--thread-content-max-width:48rem] mx-auto max-w-(--thread-content-max-width) flex-1 group\/turn-messages focus-visible:outline-hidden relative flex w-full min-w-0 flex-col agent-turn\" tabindex=\"-1\">\n<div><\/div>\n<div>\n<hr \/>\n<\/div>\n<\/div>\n<\/div>\n<\/article>\n<blockquote>\n<h2 data-start=\"81\" data-end=\"155\"><strong data-start=\"81\" data-end=\"153\"><a class=\"dt-pswp-item\" href=\"https:\/\/www.radiopiu.net\/wordpress\/wp-content\/uploads\/2025\/09\/Nuovo-Consiglio-Ordine-Architetti-PPC-BL_foto-comunicato.jpg\" data-dt-img-description=\"\" data-large_image_width=\"2094\" data-large_image_height=\"1514\"><img loading=\"lazy\" decoding=\"async\" class=\"size-medium wp-image-469379 alignleft\" src=\"https:\/\/www.radiopiu.net\/wordpress\/wp-content\/uploads\/2025\/09\/Nuovo-Consiglio-Ordine-Architetti-PPC-BL_foto-comunicato-300x217.jpg\" alt=\"\" width=\"300\" height=\"217\" srcset=\"https:\/\/www.radiopiu.net\/wordpress\/wp-content\/uploads\/2025\/09\/Nuovo-Consiglio-Ordine-Architetti-PPC-BL_foto-comunicato-300x217.jpg 300w, https:\/\/www.radiopiu.net\/wordpress\/wp-content\/uploads\/2025\/09\/Nuovo-Consiglio-Ordine-Architetti-PPC-BL_foto-comunicato-1024x740.jpg 1024w, https:\/\/www.radiopiu.net\/wordpress\/wp-content\/uploads\/2025\/09\/Nuovo-Consiglio-Ordine-Architetti-PPC-BL_foto-comunicato-768x555.jpg 768w, https:\/\/www.radiopiu.net\/wordpress\/wp-content\/uploads\/2025\/09\/Nuovo-Consiglio-Ordine-Architetti-PPC-BL_foto-comunicato-1536x1111.jpg 1536w, https:\/\/www.radiopiu.net\/wordpress\/wp-content\/uploads\/2025\/09\/Nuovo-Consiglio-Ordine-Architetti-PPC-BL_foto-comunicato-2048x1481.jpg 2048w\" sizes=\"auto, (max-width: 300px) 100vw, 300px\" \/><\/a>INSEDIATO IL NUOVO CONSIGLIO DELL\u2019ORDINE DEGLI ARCHITETTI DI BELLUNO<\/strong><\/h2>\n<\/blockquote>\n<p data-start=\"157\" data-end=\"801\"><strong>BELLUNO<\/strong> Si \u00e8 insediato il nuovo Consiglio dell\u2019Ordine degli Architetti, Pianificatori, Paesaggisti e Conservatori della provincia di Belluno per il quadriennio 2025-2029. Presidente \u00e8 stato eletto all\u2019unanimit\u00e0 Alberto Alpago-Novello, vicepresidente Paola Zannoni, segretario Daniele De Bon e tesoriere Tommaso Del Zenero. Il Consiglio, completato da cinque consiglieri, punta a valorizzare l\u2019identit\u00e0 della professione e il ruolo sociale dell\u2019architettura, rafforzando qualit\u00e0 progettuale, tutela della professione e sostegno ai giovani architetti, in sinergia con la Fondazione Architettura Belluno Dolomiti.<\/p>\n<p data-start=\"157\" data-end=\"801\"><a class=\"dt-pswp-item\" href=\"https:\/\/www.radiopiu.net\/wordpress\/wp-content\/uploads\/2025\/09\/Screenshot-2025-09-11-053052.png\" data-dt-img-description=\"\" data-large_image_width=\"402\" data-large_image_height=\"51\"><img loading=\"lazy\" decoding=\"async\" class=\"size-medium wp-image-469133 aligncenter\" src=\"https:\/\/www.radiopiu.net\/wordpress\/wp-content\/uploads\/2025\/09\/Screenshot-2025-09-11-053052-300x38.png\" alt=\"\" width=\"300\" height=\"38\" srcset=\"https:\/\/www.radiopiu.net\/wordpress\/wp-content\/uploads\/2025\/09\/Screenshot-2025-09-11-053052-300x38.png 300w, https:\/\/www.radiopiu.net\/wordpress\/wp-content\/uploads\/2025\/09\/Screenshot-2025-09-11-053052.png 402w\" sizes=\"auto, (max-width: 300px) 100vw, 300px\" \/><\/a><\/p>\n<hr \/>\n<blockquote>\n<h3 data-start=\"81\" data-end=\"156\"><strong data-start=\"81\" data-end=\"154\">BERTON: LEGGE MONTAGNA UN PASSO AVANTI, ORA SERVONO RISPOSTE CONCRETE<\/strong><\/h3>\n<\/blockquote>\n<p data-start=\"158\" data-end=\"685\"><strong>BELLUNO<\/strong> La presidente di Confindustria Belluno Dolomiti e delegata nazionale all\u2019economia della montagna, <strong data-start=\"266\" data-end=\"285\">Lorraine Berton<\/strong>, commenta l\u2019approvazione della nuova Legge Montagna: \u201cUn provvedimento atteso da anni, ma che deve diventare operativo con tempi rapidi, risorse certe e zero burocrazia. Le terre alte non possono pi\u00f9 aspettare\u201d. Berton chiede decreti attuativi chiari e procedure snelle per sostenere imprese, giovani e territori, trasformando davvero la legge in uno strumento di sviluppo per le comunit\u00e0 montane.<br \/>\n<a class=\"dt-pswp-item\" href=\"https:\/\/www.radiopiu.net\/wordpress\/wp-content\/uploads\/2025\/09\/Screenshot-2025-09-11-053052.png\" data-dt-img-description=\"\" data-large_image_width=\"402\" data-large_image_height=\"51\"><img loading=\"lazy\" decoding=\"async\" class=\"size-medium wp-image-469133 aligncenter\" src=\"https:\/\/www.radiopiu.net\/wordpress\/wp-content\/uploads\/2025\/09\/Screenshot-2025-09-11-053052-300x38.png\" alt=\"\" width=\"300\" height=\"38\" srcset=\"https:\/\/www.radiopiu.net\/wordpress\/wp-content\/uploads\/2025\/09\/Screenshot-2025-09-11-053052-300x38.png 300w, https:\/\/www.radiopiu.net\/wordpress\/wp-content\/uploads\/2025\/09\/Screenshot-2025-09-11-053052.png 402w\" sizes=\"auto, (max-width: 300px) 100vw, 300px\" \/><\/a><\/p>\n<hr \/>\n<blockquote>\n<h3 data-start=\"92\" data-end=\"174\"><strong data-start=\"92\" data-end=\"172\">LEGGE SULLA MONTAGNA APPROVATA DEFINITIVAMENTE, BOND: \u201cRISULTATO IMPORTANTE\u201d<\/strong><\/h3>\n<\/blockquote>\n<p data-start=\"176\" data-end=\"296\"><strong><a class=\"dt-pswp-item\" href=\"https:\/\/www.radiopiu.net\/wordpress\/wp-content\/uploads\/2019\/02\/bond1-e1550408229859.jpg\" data-dt-img-description=\"\" data-large_image_width=\"720\" data-large_image_height=\"416\"><img loading=\"lazy\" decoding=\"async\" class=\" wp-image-75798 alignleft\" src=\"https:\/\/www.radiopiu.net\/wordpress\/wp-content\/uploads\/2019\/02\/bond1-e1550408229859-300x173.jpg\" alt=\"\" width=\"257\" height=\"148\" srcset=\"https:\/\/www.radiopiu.net\/wordpress\/wp-content\/uploads\/2019\/02\/bond1-e1550408229859-300x173.jpg 300w, https:\/\/www.radiopiu.net\/wordpress\/wp-content\/uploads\/2019\/02\/bond1-e1550408229859.jpg 720w\" sizes=\"auto, (max-width: 257px) 100vw, 257px\" \/><\/a>ROMA<\/strong> Il Senato ha approvato in via definitiva la Legge sulla Montagna, attesa da anni dalle comunit\u00e0 alpine e appenniniche. Il presidente del Fondo Comuni Confinanti, Dario Bond, esprime soddisfazione: \u201cUn traguardo che avevo sostenuto gi\u00e0 in Parlamento. Ora le comunit\u00e0 montane dispongono di strumenti per tutelare residenzialit\u00e0 e servizi fondamentali, oltre che per indirizzare le risorse disponibili\u201d. Bond sottolinea la necessit\u00e0 di una piena sinergia con il Fondo Comuni Confinanti, poich\u00e9 molti territori interessati dalla legge rientrano negli ambiti di competenza del Fondo. L\u2019obiettivo \u00e8 utilizzare in modo coordinato le risorse per rafforzare servizi e sviluppo. Infine, l\u2019appello alle istituzioni: lavorare insieme perch\u00e9 misure e risorse raggiungano davvero i cittadini delle montagne.<\/p>\n<p data-start=\"72\" data-end=\"837\" data-is-last-node=\"\" data-is-only-node=\"\"><a class=\"dt-pswp-item\" href=\"https:\/\/www.radiopiu.net\/wordpress\/wp-content\/uploads\/2025\/09\/Screenshot-2025-09-11-053052.png\" data-dt-img-description=\"\" data-large_image_width=\"402\" data-large_image_height=\"51\"><img loading=\"lazy\" decoding=\"async\" class=\"size-medium wp-image-469133 aligncenter\" src=\"https:\/\/www.radiopiu.net\/wordpress\/wp-content\/uploads\/2025\/09\/Screenshot-2025-09-11-053052-300x38.png\" alt=\"\" width=\"300\" height=\"38\" srcset=\"https:\/\/www.radiopiu.net\/wordpress\/wp-content\/uploads\/2025\/09\/Screenshot-2025-09-11-053052-300x38.png 300w, https:\/\/www.radiopiu.net\/wordpress\/wp-content\/uploads\/2025\/09\/Screenshot-2025-09-11-053052.png 402w\" sizes=\"auto, (max-width: 300px) 100vw, 300px\" \/><\/a><\/p>\n<hr \/>\n<blockquote>\n<h2 data-start=\"72\" data-end=\"837\">AGORDO | LUXOTTICA POSSIBILE ACQUIRENTE DI ARMANI SPA, LA VOLONTA\u2019 DI \u2018RE GIORGIO<\/h2>\n<\/blockquote>\n<p>&nbsp;<\/p>\n<p><strong>DAL TG DI ANTENNA 3 il servizio di Stefano Bozzi. Ogni giorno alle 19.05 su RADIOPIU le anticipazioni con Stefano Bozzi, Tiziana Bolognani, Fabio Fioravanzi<\/strong><\/p>\n<p data-start=\"93\" data-end=\"791\">Nel testamento di Giorgio Armani, scomparso il 4 settembre a 91 anni, compare anche EssilorLuxottica tra i possibili futuri acquirenti delle quote della Armani SPA. Entro 18 mesi il 15% dovr\u00e0 essere ceduto \u201cin via prioritaria\u201d a uno tra EssilorLuxottica, LVMH e L\u2019Oreal. Successivamente, la Fondazione dovr\u00e0 vendere allo stesso acquirente un\u2019ulteriore quota fra il 30 e il 54% entro cinque anni, oppure procedere alla quotazione in Borsa. EssilorLuxottica ha commentato: \u00abOrgogliosi della stima riposta nel nostro gruppo, valuteremo con attenzione questa prospettiva\u00bb. Armani ha inoltre disposto la suddivisione del suo quasi 2% di quote in EssilorLuxottica tra familiari e collaboratori storici.<\/p>\n<p><iframe loading=\"lazy\" title=\"LUXOTTICA POSSIBILE ACQUIRENTE DI ARMANI SPA, LA VOLONTA&#039; DI &#039;RE GIORGIO&#039; | 12\/09\/2025\" width=\"1200\" height=\"675\" src=\"https:\/\/www.youtube.com\/embed\/c5ezdkQgKPI?feature=oembed\" frameborder=\"0\" allow=\"accelerometer; autoplay; clipboard-write; encrypted-media; gyroscope; picture-in-picture; web-share\" referrerpolicy=\"strict-origin-when-cross-origin\" allowfullscreen><\/iframe><\/p>\n<p data-start=\"93\" data-end=\"791\">\n<\/div>\n<\/div>\n<\/div>\n<\/div>\n<\/div>\n<\/div>\n<\/article>\n<hr \/>\n<blockquote>\n<h2 data-start=\"71\" data-end=\"672\"><\/h2>\n<h2 data-start=\"71\" data-end=\"672\">AGORDO, CHIUSURA PIAZZA DELLA LIBERT\u00c0 PER LAVORI STRADALI<\/h2>\n<\/blockquote>\n<p data-start=\"174\" data-end=\"272\"><em data-start=\"174\" data-end=\"270\"><img loading=\"lazy\" decoding=\"async\" class=\"alignleft\" src=\"https:\/\/www.radiopiu.net\/wordpress\/wp-content\/uploads\/2024\/03\/chiesa-agordo.jpg\" width=\"217\" height=\"122\" \/>Dal 18 al 23 settembre, deviazioni e divieti per il ripristino delle pavimentazioni in porfido<\/em><\/p>\n<p data-start=\"274\" data-end=\"884\">Agordo si prepara a una settimana di modifiche alla viabilit\u00e0 nel centro storico: da gioved\u00ec 18 a marted\u00ec 23 settembre, dalle 7:00 alle 19:00, Piazza della Libert\u00e0 sar\u00e0 chiusa al traffico per lavori di ripristino del porfido, con deviazioni su Corso degli Alpini, Viale Sommariva e Via Insurrezione. Interruzioni e divieti di sosta riguarderanno anche Via Santa Maria e alcune aree limitrofe, mentre sar\u00e0 istituito il doppio senso in Viale Sommariva. Il transito pedonale e dei mezzi di emergenza sar\u00e0 sempre garantito, e la ditta esecutrice dovr\u00e0 riportare il suolo alla regola d\u2019arte al termine dei lavori.<\/p>\n<hr \/>\n<blockquote>\n<h2 data-start=\"274\" data-end=\"884\"><\/h2>\n<h2 data-start=\"274\" data-end=\"884\"><a class=\"dt-pswp-item\" href=\"https:\/\/www.radiopiu.net\/wordpress\/wp-content\/uploads\/2025\/09\/download-19.jpg\" data-dt-img-description=\"\" data-large_image_width=\"275\" data-large_image_height=\"184\"><img loading=\"lazy\" decoding=\"async\" class=\"size-full wp-image-469489 alignleft\" src=\"https:\/\/www.radiopiu.net\/wordpress\/wp-content\/uploads\/2025\/09\/download-19.jpg\" alt=\"\" width=\"275\" height=\"184\" \/><\/a>RADUNO ANA \u201cNEL SEGNO DELLA MEMORIA\u201d A PIAN DI SALESEI<\/h2>\n<\/blockquote>\n<p data-start=\"51\" data-end=\"125\"><strong data-start=\"51\" data-end=\"123\">LIVINALLONGO<\/strong><\/p>\n<p data-start=\"127\" data-end=\"581\">Domani la Sezione Ana di Belluno terr\u00e0 il raduno annuale al Sacrario Ossario di Pian di Salesei. In programma: ammassamento a Digonera, sfilata e cerimonia con deposizione di corone italiana e austriaca, messa con il coro Minimo Bellunese e interventi delle autorit\u00e0. A seguire il rancio alpino a Caprile, accompagnato dalla Fanfara dei Congedati della Brigata Alpina Cadore. Previsto servizio navetta da Caprile, con strada chiusa al traffico privato.<\/p>\n<p>&nbsp;<\/p>\n<hr \/>\n<blockquote>\n<p data-start=\"59\" data-end=\"117\"><strong data-start=\"59\" data-end=\"115\">\u201cRITORNO AD AGORDO \u2013 78\u00aa COMPAGNIA I LUPI DI AGORDO\u201d<\/strong><\/p>\n<p data-start=\"59\" data-end=\"117\"><span style=\"color: #ff0000;\"><strong>MARTEDI ALLE 10.30 SU RADIO PIU&#8217;, LA PRESENTAZIONE DELL&#8217;EVENTO. OSPITE IL COLONELLO GIOVANNI DA PRA&#8217;<\/strong><\/span><\/p>\n<\/blockquote>\n<p data-start=\"119\" data-end=\"344\"><a class=\"dt-pswp-item\" href=\"https:\/\/www.radiopiu.net\/wordpress\/wp-content\/uploads\/2025\/09\/a20c4d2c-94d1-4b9c-a0f6-2209a67ed2f0.jpg\" data-dt-img-description=\"\" data-large_image_width=\"1075\" data-large_image_height=\"1520\"><img loading=\"lazy\" decoding=\"async\" class=\" wp-image-469498 alignleft\" src=\"https:\/\/www.radiopiu.net\/wordpress\/wp-content\/uploads\/2025\/09\/a20c4d2c-94d1-4b9c-a0f6-2209a67ed2f0-212x300.jpg\" alt=\"\" width=\"137\" height=\"194\" srcset=\"https:\/\/www.radiopiu.net\/wordpress\/wp-content\/uploads\/2025\/09\/a20c4d2c-94d1-4b9c-a0f6-2209a67ed2f0-212x300.jpg 212w, https:\/\/www.radiopiu.net\/wordpress\/wp-content\/uploads\/2025\/09\/a20c4d2c-94d1-4b9c-a0f6-2209a67ed2f0-724x1024.jpg 724w, https:\/\/www.radiopiu.net\/wordpress\/wp-content\/uploads\/2025\/09\/a20c4d2c-94d1-4b9c-a0f6-2209a67ed2f0-768x1086.jpg 768w, https:\/\/www.radiopiu.net\/wordpress\/wp-content\/uploads\/2025\/09\/a20c4d2c-94d1-4b9c-a0f6-2209a67ed2f0.jpg 1075w\" sizes=\"auto, (max-width: 137px) 100vw, 137px\" \/><\/a>Agordo si prepara a due giornate speciali dedicate alla memoria e alla storia della Caserma XXII Marzo 1848, con l\u2019evento \u201cRitorno ad Agordo \u2013 78\u00aa Compagnia I Lupi di Agordo\u201d, in programma sabato 20 e domenica 21 settembre.<\/p>\n<p data-start=\"346\" data-end=\"623\">Sabato 20, alle 20 in Sala Don Tamis, si terr\u00e0 la conferenza <strong data-start=\"407\" data-end=\"436\">\u201cAgordo e la sua Caserma\u201d<\/strong>, con storie, vicende, aneddoti e curiosit\u00e0. Interverranno Roberto Mezzacasa, Antonio Zanetti e Gino Sorio, con le letture di Loris Santomaso e l\u2019accompagnamento del Coro Ana \u201cAdunata\u201d.<\/p>\n<p data-start=\"625\" data-end=\"911\">Domenica 21 settembre, alle 9, ritrovo nella sede del Gruppo Alpini di Agordo per l\u2019omaggio ai Caduti, seguito dalla Messa. Alle 12.30 \u00e8 previsto il <strong data-start=\"774\" data-end=\"810\">rancio alpino al Bar Bocciodromo<\/strong>, un momento di convivialit\u00e0 per celebrare storia, memoria e comunit\u00e0, con gli Alpini protagonisti.<\/p>\n<p data-start=\"913\" data-end=\"978\">Per informazioni: <strong data-start=\"931\" data-end=\"975\">Ufficio Turistico di Agordo \u2013 0437 62105<\/strong>.<\/p>\n<p>&nbsp;<\/p>\n<p>&nbsp;<\/p>\n<hr \/>\n<p>&nbsp;<\/p>\n<blockquote>\n<h2>SISUS, AVVIATI I PRIMI PROGETTI PER LO SVILUPPO URBANO SOSTENIBILE<\/h2>\n<\/blockquote>\n<p data-start=\"117\" data-end=\"189\"><img loading=\"lazy\" decoding=\"async\" class=\"alignleft\" src=\"https:\/\/www.radiopiu.net\/wordpress\/wp-content\/uploads\/2025\/09\/ed399f3a-ccf6-40d1-87b3-d92d57bb39fd-scaled.jpg\" width=\"229\" height=\"171\" \/><strong>BELLUNO<\/strong><\/p>\n<p data-start=\"191\" data-end=\"617\">Dodici comuni tra Valbelluna e Feltrino, oltre 115mila abitanti e quasi 15 milioni di euro di investimenti: il SISUS entra nel vivo. La strategia, avviata nel 2021, prevede 20 progetti entro il 2028. Gi\u00e0 concluso il primo intervento sulle infrastrutture verdi, cinque sono in corso e sette in partenza. Tra i temi, mobilit\u00e0 elettrica, riqualificazione urbana e alloggi sociali. Coinvolti anche DolomitiBus e Ulss 1 Dolomiti.<\/p>\n<p data-start=\"191\" data-end=\"617\"><strong>DI DANIELE DALVIT<\/strong><\/p>\n<audio class=\"wp-audio-shortcode\" id=\"audio-469361-7\" preload=\"none\" style=\"width: 100%;\" controls=\"controls\"><source type=\"audio\/mpeg\" src=\"https:\/\/www.radiopiu.net\/wordpress\/wp-content\/uploads\/2025\/09\/Servizio-Bilancio-Sisus-2025.mp3?_=7\" \/><a href=\"https:\/\/www.radiopiu.net\/wordpress\/wp-content\/uploads\/2025\/09\/Servizio-Bilancio-Sisus-2025.mp3\">https:\/\/www.radiopiu.net\/wordpress\/wp-content\/uploads\/2025\/09\/Servizio-Bilancio-Sisus-2025.mp3<\/a><\/audio>\n<p>&nbsp;<\/p>\n<p>&nbsp;<\/p>\n<hr \/>\n<p>&nbsp;<\/p>\n<blockquote>\n<h2>A COLLE SANTA LUCIA LA CROCE BIANCA DONA UN DEFIBRILLATORE PER OGNI FRAZIONE.<\/h2>\n<\/blockquote>\n<p><a class=\"dt-pswp-item\" href=\"https:\/\/www.radiopiu.net\/wordpress\/wp-content\/uploads\/2025\/09\/62c4346b-e052-40a4-8c7b-9598401efdfd.jpg\" data-dt-img-description=\"\" data-large_image_width=\"772\" data-large_image_height=\"931\"><img loading=\"lazy\" decoding=\"async\" class=\"size-medium wp-image-469446 alignleft\" src=\"https:\/\/www.radiopiu.net\/wordpress\/wp-content\/uploads\/2025\/09\/62c4346b-e052-40a4-8c7b-9598401efdfd-249x300.jpg\" alt=\"\" width=\"249\" height=\"300\" srcset=\"https:\/\/www.radiopiu.net\/wordpress\/wp-content\/uploads\/2025\/09\/62c4346b-e052-40a4-8c7b-9598401efdfd-249x300.jpg 249w, https:\/\/www.radiopiu.net\/wordpress\/wp-content\/uploads\/2025\/09\/62c4346b-e052-40a4-8c7b-9598401efdfd-768x926.jpg 768w, https:\/\/www.radiopiu.net\/wordpress\/wp-content\/uploads\/2025\/09\/62c4346b-e052-40a4-8c7b-9598401efdfd.jpg 772w\" sizes=\"auto, (max-width: 249px) 100vw, 249px\" \/><\/a>di MARINA DONA&#8217;<\/p>\n<p>COLLE SANTA LUCIA<br \/>\nVenerd\u00ec 12 settembre 2025 a Colle Santa Lucia con la presenza del sindaco Paolo Frena, si \u00e8 inaugurato l&#8217;acquisto di nove defibrillatori destinati alle frazioni del comune, per un costo totale di 30mila \u20ac, costo a carico dei promotori dell&#8217;iniziativa ovvero i volontari della Croce Bianca di Colle Santa Lucia, con il patrocinio del comune stesso. Un&#8217;iniziativa lodevole dei volontari della Croce Bianca, che oltre a impiegare il loro tempo libero a servizio della comunit\u00e0, hanno deciso anche di fare questa spesa a carico dell&#8217;associazione. Chiunque volesse contribuire per fare una donazione, pu\u00f2 trovare il numero di conto corrente su Instagram &#8220;Croce Bianca Colle Santa Lucia&#8221;. Anche il primo cittadino si dichiara molto soddisfatto di questa iniziativa.<\/p>\n<p>&nbsp;<\/p>\n<p>&nbsp;<\/p>\n<p>&nbsp;<\/p>\n<p>AUDIO<\/p>\n<audio class=\"wp-audio-shortcode\" id=\"audio-469361-8\" preload=\"none\" style=\"width: 100%;\" controls=\"controls\"><source type=\"audio\/mpeg\" src=\"https:\/\/www.radiopiu.net\/wordpress\/wp-content\/uploads\/2025\/09\/A-COLLE-SANTA-LUCIA-LA-CROCE-BIANCA-DONA-UN-DEFIBRILLATORE-PER-OGNI-FRAZIONE-1.mp3?_=8\" \/><a href=\"https:\/\/www.radiopiu.net\/wordpress\/wp-content\/uploads\/2025\/09\/A-COLLE-SANTA-LUCIA-LA-CROCE-BIANCA-DONA-UN-DEFIBRILLATORE-PER-OGNI-FRAZIONE-1.mp3\">https:\/\/www.radiopiu.net\/wordpress\/wp-content\/uploads\/2025\/09\/A-COLLE-SANTA-LUCIA-LA-CROCE-BIANCA-DONA-UN-DEFIBRILLATORE-PER-OGNI-FRAZIONE-1.mp3<\/a><\/audio>\n<p>&nbsp;<\/p>\n<p><a class=\"dt-pswp-item\" href=\"https:\/\/www.radiopiu.net\/wordpress\/wp-content\/uploads\/2025\/09\/67d636ac-a295-4794-bf15-481448ee9b58.jpg\" data-dt-img-description=\"\" data-large_image_width=\"1215\" data-large_image_height=\"1194\"><img loading=\"lazy\" decoding=\"async\" class=\"size-medium wp-image-469447 aligncenter\" src=\"https:\/\/www.radiopiu.net\/wordpress\/wp-content\/uploads\/2025\/09\/67d636ac-a295-4794-bf15-481448ee9b58-300x295.jpg\" alt=\"\" width=\"300\" height=\"295\" srcset=\"https:\/\/www.radiopiu.net\/wordpress\/wp-content\/uploads\/2025\/09\/67d636ac-a295-4794-bf15-481448ee9b58-300x295.jpg 300w, https:\/\/www.radiopiu.net\/wordpress\/wp-content\/uploads\/2025\/09\/67d636ac-a295-4794-bf15-481448ee9b58-1024x1006.jpg 1024w, https:\/\/www.radiopiu.net\/wordpress\/wp-content\/uploads\/2025\/09\/67d636ac-a295-4794-bf15-481448ee9b58-768x755.jpg 768w, https:\/\/www.radiopiu.net\/wordpress\/wp-content\/uploads\/2025\/09\/67d636ac-a295-4794-bf15-481448ee9b58.jpg 1215w\" sizes=\"auto, (max-width: 300px) 100vw, 300px\" \/><\/a><\/p>\n<hr \/>\n<p>&nbsp;<\/p>\n<p>&nbsp;<\/p>\n<blockquote>\n<h3 data-start=\"83\" data-end=\"150\"><strong data-start=\"83\" data-end=\"148\"><a class=\"dt-pswp-item\" href=\"https:\/\/www.radiopiu.net\/wordpress\/wp-content\/uploads\/2025\/07\/VIGILI-FUOCO.jpg\" data-dt-img-description=\"\" data-large_image_width=\"960\" data-large_image_height=\"1280\"><img loading=\"lazy\" decoding=\"async\" class=\"wp-image-460011 alignleft\" src=\"https:\/\/www.radiopiu.net\/wordpress\/wp-content\/uploads\/2025\/07\/VIGILI-FUOCO-225x300.jpg\" alt=\"\" width=\"131\" height=\"175\" srcset=\"https:\/\/www.radiopiu.net\/wordpress\/wp-content\/uploads\/2025\/07\/VIGILI-FUOCO-225x300.jpg 225w, https:\/\/www.radiopiu.net\/wordpress\/wp-content\/uploads\/2025\/07\/VIGILI-FUOCO-768x1024.jpg 768w, https:\/\/www.radiopiu.net\/wordpress\/wp-content\/uploads\/2025\/07\/VIGILI-FUOCO.jpg 960w\" sizes=\"auto, (max-width: 131px) 100vw, 131px\" \/><\/a>ESERCITAZIONE INTERFORZE DEI VIGILI DEL FUOCO AL LAGO DEL MIS<\/strong><\/h3>\n<\/blockquote>\n<p data-start=\"152\" data-end=\"538\"><strong>SOSPIROLO<\/strong> L\u201911 settembre, a Sospirolo (BL), i Vigili del Fuoco del Veneto hanno svolto un\u2019esercitazione interforze presso il Lago del Mis \u2013 Cascate della Soffia, alla presenza di autorit\u00e0 locali e dirigenti dei Vigili del Fuoco. L\u2019obiettivo era testare sistemi di comunicazione satellitare per scenari di emergenza, con diretta streaming al CCS della Prefettura e al Centro Operativo Nazionale. All\u2019evento hanno partecipato oltre 100 operatori tra Vigili del Fuoco, Polizia, Carabinieri, Croce Rossa, Protezione Civile e volontari locali. Sono state simulate complesse operazioni di soccorso speleo-alpino-fluviale per persone intrappolate nelle gole e alla base delle cascate. L\u2019esercitazione ha confermato l\u2019efficacia della cooperazione interforze e la validit\u00e0 delle tecnologie satellitari impiegate.<\/p>\n<p>ESERCITAZIONE INTERFORZE PROMOSSA DAI VIGILI DEL FUOCO PER TESTARE IL SISTEMA DI COMUNICAZIONE SATELLITARE DA IMPIEGARE SU SCENARI DI EMERGENZA<\/p>\n<p><iframe loading=\"lazy\" title=\"vigili del fuoco\" width=\"1200\" height=\"675\" src=\"https:\/\/www.youtube.com\/embed\/TN3266Dlc7Y?feature=oembed\" frameborder=\"0\" allow=\"accelerometer; autoplay; clipboard-write; encrypted-media; gyroscope; picture-in-picture; web-share\" referrerpolicy=\"strict-origin-when-cross-origin\" allowfullscreen><\/iframe><\/p>\n<p>&nbsp;<\/p>\n<blockquote>\n<h2>ESERCITAZIONE INTERFORZE PROMOSSA DAI VIGILI DEL FUOCO PER TESTARE IL SISTEMA DI COMUNICAZIONE SATELLITARE DA IMPIEGARE SU SCENARI DI EMERGENZA<\/h2>\n<\/blockquote>\n<p data-start=\"175\" data-end=\"467\">Le immagini raccontano i momenti salienti dell\u2019esercitazione che ha visto impegnati i Vigili del Fuoco provenienti da tutti i comandi del Veneto, insieme a oltre cento operatori tra Forze dell\u2019Ordine, Protezione Civile, Croce Rossa, ANA e personale dell\u2019Ente Parco delle Dolomiti Bellunesi. Sullo sfondo delle Cascate della Soffia, nel comune di Sospirolo, sono state simulate operazioni di soccorso complesse con l\u2019utilizzo di tecniche speleo-alpino-fluviali, in uno scenario pensato per testare le pi\u00f9 avanzate tecnologie di comunicazione satellitare in emergenza. Alla presenza delle autorit\u00e0 civili e dei vertici dei Vigili del Fuoco, l\u2019esercitazione ha dimostrato l\u2019efficacia della cooperazione interforze e la capacit\u00e0 di monitoraggio in tempo reale delle operazioni, anche in vista delle Olimpiadi Milano-Cortina 2026. Questa galleria ripercorre i momenti pi\u00f9 significativi della giornata.<\/p>\n\n\t\t\t<style type='text\/css'>\n\t\t\t\t#gallery-3 {\n\t\t\t\t\tmargin: auto;\n\t\t\t\t}\n\t\t\t\t#gallery-3 .gallery-item {\n\t\t\t\t\tfloat: left;\n\t\t\t\t\tmargin-top: 10px;\n\t\t\t\t\ttext-align: center;\n\t\t\t\t\twidth: 25%;\n\t\t\t\t}\n\t\t\t\t#gallery-3 img {\n\t\t\t\t\tborder: 2px solid #cfcfcf;\n\t\t\t\t}\n\t\t\t\t#gallery-3 .gallery-caption {\n\t\t\t\t\tmargin-left: 0;\n\t\t\t\t}\n\t\t\t\t\/* see gallery_shortcode() in wp-includes\/media.php *\/\n\t\t\t<\/style>\n\t\t<div id='gallery-3' class='dt-gallery-container gallery galleryid-469361 gallery-columns-4 gallery-size-thumbnail'><dl class='gallery-item'>\n\t\t\t\t<dt class='gallery-icon landscape'>\n\t\t\t\t\t<a class=\"rollover\" href='https:\/\/www.radiopiu.net\/wordpress\/esercitazione-interforze-promossa-dai-vigili-del-fuoco-per-testare-il-sistema-di-comunicazione-satellitare-da-impiegare-su-scenari-di-emergenza\/photo_5920135921435528231_y\/'><img loading=\"lazy\" decoding=\"async\" width=\"150\" height=\"150\" src=\"https:\/\/www.radiopiu.net\/wordpress\/wp-content\/uploads\/2025\/09\/photo_5920135921435528231_y-150x150.jpg\" class=\"attachment-thumbnail size-thumbnail\" alt=\"\" \/><\/a>\n\t\t\t\t<\/dt><\/dl><dl class='gallery-item'>\n\t\t\t\t<dt class='gallery-icon landscape'>\n\t\t\t\t\t<a class=\"rollover\" href='https:\/\/www.radiopiu.net\/wordpress\/esercitazione-interforze-promossa-dai-vigili-del-fuoco-per-testare-il-sistema-di-comunicazione-satellitare-da-impiegare-su-scenari-di-emergenza\/photo_5920135921435528238_y\/'><img loading=\"lazy\" decoding=\"async\" width=\"150\" height=\"150\" src=\"https:\/\/www.radiopiu.net\/wordpress\/wp-content\/uploads\/2025\/09\/photo_5920135921435528238_y-150x150.jpg\" class=\"attachment-thumbnail size-thumbnail\" alt=\"\" \/><\/a>\n\t\t\t\t<\/dt><\/dl><dl class='gallery-item'>\n\t\t\t\t<dt class='gallery-icon landscape'>\n\t\t\t\t\t<a class=\"rollover\" href='https:\/\/www.radiopiu.net\/wordpress\/esercitazione-interforze-promossa-dai-vigili-del-fuoco-per-testare-il-sistema-di-comunicazione-satellitare-da-impiegare-su-scenari-di-emergenza\/photo_5920135921435528230_y\/'><img loading=\"lazy\" decoding=\"async\" width=\"150\" height=\"150\" src=\"https:\/\/www.radiopiu.net\/wordpress\/wp-content\/uploads\/2025\/09\/photo_5920135921435528230_y-150x150.jpg\" class=\"attachment-thumbnail size-thumbnail\" alt=\"\" \/><\/a>\n\t\t\t\t<\/dt><\/dl><dl class='gallery-item'>\n\t\t\t\t<dt class='gallery-icon landscape'>\n\t\t\t\t\t<a class=\"rollover\" href='https:\/\/www.radiopiu.net\/wordpress\/esercitazione-interforze-promossa-dai-vigili-del-fuoco-per-testare-il-sistema-di-comunicazione-satellitare-da-impiegare-su-scenari-di-emergenza\/photo_5920135921435528234_y\/'><img loading=\"lazy\" decoding=\"async\" width=\"150\" height=\"150\" src=\"https:\/\/www.radiopiu.net\/wordpress\/wp-content\/uploads\/2025\/09\/photo_5920135921435528234_y-150x150.jpg\" class=\"attachment-thumbnail size-thumbnail\" alt=\"\" \/><\/a>\n\t\t\t\t<\/dt><\/dl><br style=\"clear: both\" \/><dl class='gallery-item'>\n\t\t\t\t<dt class='gallery-icon landscape'>\n\t\t\t\t\t<a class=\"rollover\" href='https:\/\/www.radiopiu.net\/wordpress\/esercitazione-interforze-promossa-dai-vigili-del-fuoco-per-testare-il-sistema-di-comunicazione-satellitare-da-impiegare-su-scenari-di-emergenza\/photo_5920135921435528237_y\/'><img loading=\"lazy\" decoding=\"async\" width=\"150\" height=\"150\" src=\"https:\/\/www.radiopiu.net\/wordpress\/wp-content\/uploads\/2025\/09\/photo_5920135921435528237_y-150x150.jpg\" class=\"attachment-thumbnail size-thumbnail\" alt=\"\" \/><\/a>\n\t\t\t\t<\/dt><\/dl><dl class='gallery-item'>\n\t\t\t\t<dt class='gallery-icon landscape'>\n\t\t\t\t\t<a class=\"rollover\" href='https:\/\/www.radiopiu.net\/wordpress\/esercitazione-interforze-promossa-dai-vigili-del-fuoco-per-testare-il-sistema-di-comunicazione-satellitare-da-impiegare-su-scenari-di-emergenza\/photo_5920135921435528233_y\/'><img loading=\"lazy\" decoding=\"async\" width=\"150\" height=\"150\" src=\"https:\/\/www.radiopiu.net\/wordpress\/wp-content\/uploads\/2025\/09\/photo_5920135921435528233_y-150x150.jpg\" class=\"attachment-thumbnail size-thumbnail\" alt=\"\" \/><\/a>\n\t\t\t\t<\/dt><\/dl><dl class='gallery-item'>\n\t\t\t\t<dt class='gallery-icon landscape'>\n\t\t\t\t\t<a class=\"rollover\" href='https:\/\/www.radiopiu.net\/wordpress\/esercitazione-interforze-promossa-dai-vigili-del-fuoco-per-testare-il-sistema-di-comunicazione-satellitare-da-impiegare-su-scenari-di-emergenza\/photo_5920135921435528232_y\/'><img loading=\"lazy\" decoding=\"async\" width=\"150\" height=\"150\" src=\"https:\/\/www.radiopiu.net\/wordpress\/wp-content\/uploads\/2025\/09\/photo_5920135921435528232_y-150x150.jpg\" class=\"attachment-thumbnail size-thumbnail\" alt=\"\" \/><\/a>\n\t\t\t\t<\/dt><\/dl><dl class='gallery-item'>\n\t\t\t\t<dt class='gallery-icon landscape'>\n\t\t\t\t\t<a class=\"rollover\" href='https:\/\/www.radiopiu.net\/wordpress\/esercitazione-interforze-promossa-dai-vigili-del-fuoco-per-testare-il-sistema-di-comunicazione-satellitare-da-impiegare-su-scenari-di-emergenza\/photo_5920135921435528235_y\/'><img loading=\"lazy\" decoding=\"async\" width=\"150\" height=\"150\" src=\"https:\/\/www.radiopiu.net\/wordpress\/wp-content\/uploads\/2025\/09\/photo_5920135921435528235_y-150x150.jpg\" class=\"attachment-thumbnail size-thumbnail\" alt=\"\" \/><\/a>\n\t\t\t\t<\/dt><\/dl><br style=\"clear: both\" \/><dl class='gallery-item'>\n\t\t\t\t<dt class='gallery-icon portrait'>\n\t\t\t\t\t<a class=\"rollover\" href='https:\/\/www.radiopiu.net\/wordpress\/esercitazione-interforze-promossa-dai-vigili-del-fuoco-per-testare-il-sistema-di-comunicazione-satellitare-da-impiegare-su-scenari-di-emergenza\/photo_5920135921435528229_y\/'><img loading=\"lazy\" decoding=\"async\" width=\"150\" height=\"150\" src=\"https:\/\/www.radiopiu.net\/wordpress\/wp-content\/uploads\/2025\/09\/photo_5920135921435528229_y-150x150.jpg\" class=\"attachment-thumbnail size-thumbnail\" alt=\"\" \/><\/a>\n\t\t\t\t<\/dt><\/dl><dl class='gallery-item'>\n\t\t\t\t<dt class='gallery-icon portrait'>\n\t\t\t\t\t<a class=\"rollover\" href='https:\/\/www.radiopiu.net\/wordpress\/esercitazione-interforze-promossa-dai-vigili-del-fuoco-per-testare-il-sistema-di-comunicazione-satellitare-da-impiegare-su-scenari-di-emergenza\/photo_5920135921435528228_y\/'><img loading=\"lazy\" decoding=\"async\" width=\"150\" height=\"150\" src=\"https:\/\/www.radiopiu.net\/wordpress\/wp-content\/uploads\/2025\/09\/photo_5920135921435528228_y-150x150.jpg\" class=\"attachment-thumbnail size-thumbnail\" alt=\"\" \/><\/a>\n\t\t\t\t<\/dt><\/dl><dl class='gallery-item'>\n\t\t\t\t<dt class='gallery-icon portrait'>\n\t\t\t\t\t<a class=\"rollover\" href='https:\/\/www.radiopiu.net\/wordpress\/esercitazione-interforze-promossa-dai-vigili-del-fuoco-per-testare-il-sistema-di-comunicazione-satellitare-da-impiegare-su-scenari-di-emergenza\/photo_5920135921435528227_y\/'><img loading=\"lazy\" decoding=\"async\" width=\"150\" height=\"150\" src=\"https:\/\/www.radiopiu.net\/wordpress\/wp-content\/uploads\/2025\/09\/photo_5920135921435528227_y-150x150.jpg\" class=\"attachment-thumbnail size-thumbnail\" alt=\"\" \/><\/a>\n\t\t\t\t<\/dt><\/dl><dl class='gallery-item'>\n\t\t\t\t<dt class='gallery-icon portrait'>\n\t\t\t\t\t<a class=\"rollover\" href='https:\/\/www.radiopiu.net\/wordpress\/esercitazione-interforze-promossa-dai-vigili-del-fuoco-per-testare-il-sistema-di-comunicazione-satellitare-da-impiegare-su-scenari-di-emergenza\/photo_5920135921435528226_y\/'><img loading=\"lazy\" decoding=\"async\" width=\"150\" height=\"150\" src=\"https:\/\/www.radiopiu.net\/wordpress\/wp-content\/uploads\/2025\/09\/photo_5920135921435528226_y-150x150.jpg\" class=\"attachment-thumbnail size-thumbnail\" alt=\"\" \/><\/a>\n\t\t\t\t<\/dt><\/dl><br style=\"clear: both\" \/>\n\t\t\t<\/div>\n\n<p>&nbsp;<\/p>\n<p>&nbsp;<\/p>\n<hr \/>\n<p>&nbsp;<\/p>\n<blockquote>\n<h3>&#8220;DAT&#8221; I DETTAGLI DELLA LEGGE CON IL DOTTOR CAPELLI<\/h3>\n<\/blockquote>\n<p><strong>AGORDO<\/strong><br \/>\nSecondo incontro con Pettirosso Agordino ad Agordo, auditorium Vincenzo Savio. Nell&#8217;incontro sono intervenuti il sindaco di Agordo Roberto Chissal\u00e8, la Presidente di Pettirosso Agordino Sonia d&#8217;Agostini, il dottore Stefano Capelli Presidente Ordine dei Medici della Provincia di Belluno e anna Piovan Comune di Agordo. Moderatrice la dottoressa Ileana Corazzin<\/p>\n<p><strong>AUDIO-VIDEO-INTEGRALE REGISTRAZIONE RADIO PIU\u00a0 \u00a0<\/strong><\/p>\n<p><iframe loading=\"lazy\" title=\"dat ad agordo\" width=\"1200\" height=\"675\" src=\"https:\/\/www.youtube.com\/embed\/z8J_5pPocQI?feature=oembed\" frameborder=\"0\" allow=\"accelerometer; autoplay; clipboard-write; encrypted-media; gyroscope; picture-in-picture; web-share\" referrerpolicy=\"strict-origin-when-cross-origin\" allowfullscreen><\/iframe><\/p>\n<p>&nbsp;<\/p>\n<p>&nbsp;<\/p>\n<hr \/>\n<p>&nbsp;<\/p>\n<blockquote>\n<h3>UN INCONTRO PER PARLARE DI DEMENZE: \u201cRICORDARSI DI CHI SI DIMENTICA\u201d ALL\u2019OSPEDALE DI FELTRE<\/h3>\n<\/blockquote>\n<p><strong><a class=\"dt-pswp-item\" href=\"https:\/\/www.radiopiu.net\/wordpress\/wp-content\/uploads\/2025\/09\/Screenshot-2025-09-12-144129.png\" data-dt-img-description=\"\" data-large_image_width=\"841\" data-large_image_height=\"637\"><img loading=\"lazy\" decoding=\"async\" class=\" wp-image-469373 alignleft\" src=\"https:\/\/www.radiopiu.net\/wordpress\/wp-content\/uploads\/2025\/09\/Screenshot-2025-09-12-144129-300x227.png\" alt=\"\" width=\"242\" height=\"183\" srcset=\"https:\/\/www.radiopiu.net\/wordpress\/wp-content\/uploads\/2025\/09\/Screenshot-2025-09-12-144129-300x227.png 300w, https:\/\/www.radiopiu.net\/wordpress\/wp-content\/uploads\/2025\/09\/Screenshot-2025-09-12-144129-768x582.png 768w, https:\/\/www.radiopiu.net\/wordpress\/wp-content\/uploads\/2025\/09\/Screenshot-2025-09-12-144129.png 841w\" sizes=\"auto, (max-width: 242px) 100vw, 242px\" \/><\/a>FELTRE<\/strong>\u00a0 Proseguono gli appuntamenti dei <em data-start=\"235\" data-end=\"259\">Mercoled\u00ec della Salute<\/em>, il ciclo di serate informative promosse dall\u2019Azienda Ulss 1 Dolomiti e dedicate ai temi della prevenzione e della salute. Mercoled\u00ec 17 settembre 2025, alle 17.30 nella Sala Convegni dell\u2019Ospedale di Feltre, si terr\u00e0 l\u2019incontro dal titolo \u201cRicordarsi di chi si dimentica: un focus sulle demenze\u201d, un\u2019occasione di confronto aperta alla cittadinanza per approfondire un tema di grande rilevanza sociale e sanitaria. Interverranno la neurologa Roberta Padoan, la responsabile di Psicologia ospedaliera Francesca De Biasi e la dottoressa Daniela Dal Zotto del Centro per i Disturbi Cognitivi e le Demenze di Feltre. L\u2019incontro potr\u00e0 essere seguito anche online attraverso la piattaforma Google Meet al link <a class=\"decorated-link cursor-pointer\" rel=\"noopener\" data-start=\"996\" data-end=\"1056\">meet.google.com\/mua-kqoi-wfc<\/a>. Un\u2019iniziativa per sensibilizzare la comunit\u00e0 sull\u2019importanza di riconoscere precocemente i segnali delle demenze e per offrire strumenti di supporto a famiglie e caregiver.<\/p>\n<p>&nbsp;<\/p>\n<p>&nbsp;<\/p>\n<hr \/>\n<p>&nbsp;<\/p>\n<blockquote>\n<h3 data-start=\"81\" data-end=\"148\"><strong data-start=\"81\" data-end=\"146\">AUSER ALPAGO IN VISITA ALLA MOSTRA DEDICATA A PIERETTO BIANCO<\/strong><\/h3>\n<\/blockquote>\n<p data-start=\"150\" data-end=\"672\"><strong>ALPAGO<\/strong> Una ventina di soci dell\u2019Auser Alpago, guidati dal presidente Walter D\u2019Alpaos, ha partecipato a una visita alla mostra dedicata a Pieretto Bianco, allestita tra Puos e Pieve a 150 anni dalla nascita. Nato a Trieste nel 1875 come Pietro Bortoluzzi, figlio di un emigrato da Tignes d\u2019Alpago, fu pittore e scenografo di fama internazionale, attivo tra Venezia, Parigi, New York e Milano. In esposizione, tra le altre opere, undici modelli del ciclo \u201cIl Risveglio di Venezia\u201d, presentato alla Biennale del 1912.<\/p>\n<p><a class=\"dt-pswp-item\" href=\"https:\/\/www.radiopiu.net\/wordpress\/wp-content\/uploads\/2025\/09\/IMG_2303-scaled.jpg\" data-dt-img-description=\"\" data-large_image_width=\"2560\" data-large_image_height=\"1920\"><img loading=\"lazy\" decoding=\"async\" class=\"alignnone wp-image-469382 size-large\" src=\"https:\/\/www.radiopiu.net\/wordpress\/wp-content\/uploads\/2025\/09\/IMG_2303-1024x768.jpg\" alt=\"\" width=\"1024\" height=\"768\" srcset=\"https:\/\/www.radiopiu.net\/wordpress\/wp-content\/uploads\/2025\/09\/IMG_2303-1024x768.jpg 1024w, https:\/\/www.radiopiu.net\/wordpress\/wp-content\/uploads\/2025\/09\/IMG_2303-300x225.jpg 300w, https:\/\/www.radiopiu.net\/wordpress\/wp-content\/uploads\/2025\/09\/IMG_2303-768x576.jpg 768w, https:\/\/www.radiopiu.net\/wordpress\/wp-content\/uploads\/2025\/09\/IMG_2303-1536x1152.jpg 1536w, https:\/\/www.radiopiu.net\/wordpress\/wp-content\/uploads\/2025\/09\/IMG_2303-2048x1536.jpg 2048w\" sizes=\"auto, (max-width: 1024px) 100vw, 1024px\" \/><\/a><\/p>\n<p>&nbsp;<\/p>\n<p>&nbsp;<\/p>\n<hr \/>\n<p>&nbsp;<\/p>\n<blockquote>\n<h2>OGGI\u00a0 IN VALLE IMPERINA: SILICOSI, L\u2019OLOCAUSTO DIMENTICATO<\/h2>\n<h3><a class=\"dt-pswp-item\" href=\"https:\/\/www.radiopiu.net\/wordpress\/wp-content\/uploads\/2025\/08\/WhatsApp-Image-2025-08-21-at-16.48.41.jpeg\" data-dt-img-description=\"\" data-large_image_width=\"1107\" data-large_image_height=\"1600\"><img loading=\"lazy\" decoding=\"async\" class=\" wp-image-466935 alignleft\" src=\"https:\/\/www.radiopiu.net\/wordpress\/wp-content\/uploads\/2025\/08\/WhatsApp-Image-2025-08-21-at-16.48.41-208x300.jpeg\" alt=\"\" width=\"108\" height=\"156\" srcset=\"https:\/\/www.radiopiu.net\/wordpress\/wp-content\/uploads\/2025\/08\/WhatsApp-Image-2025-08-21-at-16.48.41-208x300.jpeg 208w, https:\/\/www.radiopiu.net\/wordpress\/wp-content\/uploads\/2025\/08\/WhatsApp-Image-2025-08-21-at-16.48.41-708x1024.jpeg 708w, https:\/\/www.radiopiu.net\/wordpress\/wp-content\/uploads\/2025\/08\/WhatsApp-Image-2025-08-21-at-16.48.41-768x1110.jpeg 768w, https:\/\/www.radiopiu.net\/wordpress\/wp-content\/uploads\/2025\/08\/WhatsApp-Image-2025-08-21-at-16.48.41-1063x1536.jpeg 1063w, https:\/\/www.radiopiu.net\/wordpress\/wp-content\/uploads\/2025\/08\/WhatsApp-Image-2025-08-21-at-16.48.41.jpeg 1107w\" sizes=\"auto, (max-width: 108px) 100vw, 108px\" \/><\/a><\/h3>\n<h3><strong style=\"font-size: 14px;\">RIVAMONTE <\/strong><span style=\"font-size: 14px; font-weight: normal;\">Oggi alle 17, al Centro Minerario di Valle Imperina a Rivamonte Agordino, sar\u00e0 presentato il volume <\/span><em style=\"font-size: 14px; font-weight: normal;\" data-start=\"218\" data-end=\"275\">Silicosi. L\u2019olocausto dimenticato della montagna veneta<\/em><span style=\"font-size: 14px; font-weight: normal;\">, scritto dal giornalista e ricercatore Egidio Pasuch. L\u2019opera ricostruisce una tragedia che ha segnato intere comunit\u00e0 del Bellunese negli anni Sessanta e Settanta: la silicosi, \u00abla pi\u00f9 micidiale malattia professionale dell\u2019era moderna\u00bb, che caus\u00f2 migliaia di morti e trasform\u00f2 paesi in \u201cvillaggi di vedove\u201d. All\u2019incontro interverranno l\u2019autore, Antonio Di Franco (Fillea CGIL) e il pneumologo Gian Marcello D\u2019Ambros. Ingresso libero.<\/span><\/h3>\n<\/blockquote>\n<p><strong>ai MICROFONI DI RADIOPIU DAL SITO DI VALLE IMPERINA, IL PERITO MINERARIO E GEOLOGO MARCO MOTTES<\/strong><\/p>\n<audio class=\"wp-audio-shortcode\" id=\"audio-469361-9\" preload=\"none\" style=\"width: 100%;\" controls=\"controls\"><source type=\"audio\/mpeg\" src=\"https:\/\/www.radiopiu.net\/wordpress\/wp-content\/uploads\/2025\/09\/GF16.mp3?_=9\" \/><a href=\"https:\/\/www.radiopiu.net\/wordpress\/wp-content\/uploads\/2025\/09\/GF16.mp3\">https:\/\/www.radiopiu.net\/wordpress\/wp-content\/uploads\/2025\/09\/GF16.mp3<\/a><\/audio>\n<p>&nbsp;<\/p>\n<p>&nbsp;<\/p>\n<hr \/>\n<p>&nbsp;<\/p>\n<blockquote>\n<p data-start=\"86\" data-end=\"158\"><strong data-start=\"86\" data-end=\"156\"><a class=\"dt-pswp-item\" href=\"https:\/\/www.radiopiu.net\/wordpress\/wp-content\/uploads\/2025\/09\/Screenshot-2025-09-12-150404.png\" data-dt-img-description=\"\" data-large_image_width=\"310\" data-large_image_height=\"201\"><img loading=\"lazy\" decoding=\"async\" class=\" wp-image-469385 alignleft\" src=\"https:\/\/www.radiopiu.net\/wordpress\/wp-content\/uploads\/2025\/09\/Screenshot-2025-09-12-150404-300x195.png\" alt=\"\" width=\"235\" height=\"153\" srcset=\"https:\/\/www.radiopiu.net\/wordpress\/wp-content\/uploads\/2025\/09\/Screenshot-2025-09-12-150404-300x195.png 300w, https:\/\/www.radiopiu.net\/wordpress\/wp-content\/uploads\/2025\/09\/Screenshot-2025-09-12-150404.png 310w\" sizes=\"auto, (max-width: 235px) 100vw, 235px\" \/><\/a>LA PRO LOCO \u201cMONTI DEL SOLE\u201d PRESENTA IL NUOVO CONCORSO LETTERARIO<\/strong><\/p>\n<\/blockquote>\n<p data-start=\"160\" data-end=\"553\"><strong>SOSPIROLO<\/strong> Oggi alle 16.45, al Museo Etnografico Dolomiti di Seravella (Cesiomaggiore), la Pro Loco \u201cMonti del Sole\u201d organizza un incontro dedicato alla figura del diavolo nelle fiabe e leggende, con l\u2019antropologa Daniela Perco. Seguir\u00e0 la presentazione del concorso letterario <strong data-start=\"442\" data-end=\"485\">\u201cSospirolo tra leggende e misteri 2025\u201d<\/strong>, a cura di Alba Barattin, con conduzione di Federico Brancaleone. Il concorso, aperto fino al 18 ottobre 2025, prevede due sezioni: adulti (15 anni in su) sul tema del patto con il diavolo e giovani, con racconti ispirati a leggende locali. La premiazione si terr\u00e0 il 23 novembre a Sospirolo, nell\u2019ambito di \u201cSpettacoli di Mistero 2025\u201d. Ingresso libero; dalle 15, il Museo sar\u00e0 visitabile a 3 euro, gratuito per i minori. Info su <a class=\"decorated-link\" href=\"http:\/\/www.sospirolo.net\" target=\"_new\" rel=\"noopener\" data-start=\"923\" data-end=\"940\">www.sospirolo.net<\/a> e sulla pagina Facebook Pro Loco \u201cMonti del Sole\u201d.<\/p>\n<p>&nbsp;<\/p>\n<p>&nbsp;<\/p>\n<hr \/>\n<p>&nbsp;<\/p>\n<p>&nbsp;<\/p>\n<h2><a class=\"dt-pswp-item\" href=\"https:\/\/www.radiopiu.net\/wordpress\/wp-content\/uploads\/2025\/09\/download-10-1.jpg\" data-dt-img-description=\"\" data-large_image_width=\"300\" data-large_image_height=\"168\"><img loading=\"lazy\" decoding=\"async\" class=\"size-full wp-image-469293 alignleft\" src=\"https:\/\/www.radiopiu.net\/wordpress\/wp-content\/uploads\/2025\/09\/download-10-1.jpg\" alt=\"\" width=\"300\" height=\"168\" \/><\/a>SPORT IN PIAZZA AD AGORDO, OGGI SUL BROI E IN CENTRO<\/h2>\n<p>&nbsp;<\/p>\n<p><strong>IN COLLABORAZIONE CON:<\/strong><span style=\"color: #ff0000;\"><strong> OTTICA MOTTES, DI GIACOMO MOTTES A TAIBON AGORDINO &#8211; CAFFE&#8217; MINIERE, IL CAFFE&#8217; AD AGORDO &#8211; FIORERIA DE TOFFOL AD AGORDO, BRESSAN SCAVI GOSALDO<\/strong><\/span><\/p>\n<p>&nbsp;<\/p>\n<blockquote>\n<h2>DI DENNIS BAIOLLA<\/h2>\n<\/blockquote>\n<audio class=\"wp-audio-shortcode\" id=\"audio-469361-10\" preload=\"none\" style=\"width: 100%;\" controls=\"controls\"><source type=\"audio\/ogg\" src=\"https:\/\/www.radiopiu.net\/wordpress\/wp-content\/uploads\/2025\/09\/WhatsApp-Ptt-2025-09-10-at-09.57.27.ogg?_=10\" \/><a href=\"https:\/\/www.radiopiu.net\/wordpress\/wp-content\/uploads\/2025\/09\/WhatsApp-Ptt-2025-09-10-at-09.57.27.ogg\">https:\/\/www.radiopiu.net\/wordpress\/wp-content\/uploads\/2025\/09\/WhatsApp-Ptt-2025-09-10-at-09.57.27.ogg<\/a><\/audio>\n<p>&nbsp;<\/p>\n<hr \/>\n<p>&nbsp;<\/p>\n<p>&nbsp;<\/p>\n<h1><span style=\"color: #000000;\">\u00a0&#8220;DINTORN E FORA VIA&#8221;\u00a0 IL PROGRAMMA\u00a0 A CURA DEL MUSLA\u00a0\u00a0<strong>\u00a0 \u00a0<\/strong><\/span><\/h1>\n<h1 style=\"text-align: center;\"><span style=\"color: #ff0000;\">QUARTO\u00a0 ANNO\u00a0 \u00a02025\u00a0<\/span><\/h1>\n<p>&nbsp;<\/p>\n<p><strong><a class=\"dt-pswp-item\" href=\"https:\/\/www.radiopiu.net\/wordpress\/wp-content\/uploads\/2025\/09\/Screenshot-2025-09-11-102734.png\" data-dt-img-description=\"\" data-large_image_width=\"642\" data-large_image_height=\"402\"><img loading=\"lazy\" decoding=\"async\" class=\"wp-image-469188 alignleft\" src=\"https:\/\/www.radiopiu.net\/wordpress\/wp-content\/uploads\/2025\/09\/Screenshot-2025-09-11-102734-300x188.png\" alt=\"\" width=\"161\" height=\"101\" srcset=\"https:\/\/www.radiopiu.net\/wordpress\/wp-content\/uploads\/2025\/09\/Screenshot-2025-09-11-102734-300x188.png 300w, https:\/\/www.radiopiu.net\/wordpress\/wp-content\/uploads\/2025\/09\/Screenshot-2025-09-11-102734.png 642w\" sizes=\"auto, (max-width: 161px) 100vw, 161px\" \/><\/a>PUNTATA 12 SETTEMBRE ERIK DA GOSALDO<\/strong><\/p>\n<audio class=\"wp-audio-shortcode\" id=\"audio-469361-11\" preload=\"none\" style=\"width: 100%;\" controls=\"controls\"><source type=\"audio\/mpeg\" src=\"https:\/\/www.radiopiu.net\/wordpress\/wp-content\/uploads\/2025\/09\/MUSLA-4.mp3?_=11\" \/><a href=\"https:\/\/www.radiopiu.net\/wordpress\/wp-content\/uploads\/2025\/09\/MUSLA-4.mp3\">https:\/\/www.radiopiu.net\/wordpress\/wp-content\/uploads\/2025\/09\/MUSLA-4.mp3<\/a><\/audio>\n<p>&nbsp;<\/p>\n<h1><a href=\"https:\/\/www.radiopiu.net\/wordpress\/viabilita-2\/\">LA RACCOLTA COMPLETA CLICCA QUI<\/a><\/h1>\n<p>&nbsp;<\/p>\n<hr \/>\n<blockquote>\n<h2><\/h2>\n<h2>AGORDO CELEBRA FEDELE RAGGI: CONVEGNO E RESTAURO DELLE SCULTURE BAROCCHE DI VILLA CROTTA<\/h2>\n<\/blockquote>\n<blockquote><p><em>L\u2019identit\u00e0 culturale agordina rivive attraverso il restauro e la memoria storica<\/em><\/p><\/blockquote>\n<p><strong>AGORDO<\/strong><\/p>\n<p style=\"text-align: left;\" data-start=\"175\" data-end=\"472\"><img loading=\"lazy\" decoding=\"async\" class=\"alignleft\" src=\"https:\/\/www.radiopiu.net\/wordpress\/wp-content\/uploads\/2025\/09\/Screenshot-2025-09-11-102734.png\" width=\"295\" height=\"185\" \/>Sabato 20 settembre, alle\u00a0 10, la Sala Convegni di Agordo ospiter\u00e0 l\u2019incontro \u201cDa Villa Crotta de\u2019 Manzoni ai palazzi della Moravia: le sculture barocche di Fedele Raggi\u201d. L\u2019evento, promosso dal Comune di Agordo, rappresenta un\u2019occasione preziosa per approfondire la figura e l\u2019opera di Fedele Raggi, scultore barocco di rilievo, autore di numerose opere che impreziosiscono ville e palazzi tra Veneto e Mitteleuropa. I relatori ripercorreranno il contesto storico-artistico in cui si svilupp\u00f2 la sua attivit\u00e0, sottolineando l\u2019importanza di Agordo e delle Dolomiti come crocevia <a class=\"dt-pswp-item\" href=\"https:\/\/www.radiopiu.net\/wordpress\/wp-content\/uploads\/2024\/12\/ROBERTO-CHISSALE.png\" data-dt-img-description=\"\" data-large_image_width=\"593\" data-large_image_height=\"386\"><img loading=\"lazy\" decoding=\"async\" class=\" wp-image-427282 alignright\" src=\"https:\/\/www.radiopiu.net\/wordpress\/wp-content\/uploads\/2024\/12\/ROBERTO-CHISSALE-300x195.png\" alt=\"\" width=\"211\" height=\"137\" srcset=\"https:\/\/www.radiopiu.net\/wordpress\/wp-content\/uploads\/2024\/12\/ROBERTO-CHISSALE-300x195.png 300w, https:\/\/www.radiopiu.net\/wordpress\/wp-content\/uploads\/2024\/12\/ROBERTO-CHISSALE.png 593w\" sizes=\"auto, (max-width: 211px) 100vw, 211px\" \/><\/a>culturale. Al termine del convegno si terr\u00e0 l\u2019attesa inaugurazione del restauro del gruppo scultoreo di Villa Crotta de\u2019 Manzoni, uno dei pi\u00f9 significativi esempi di arte barocca nel territorio. Il lavoro di recupero ha restituito nuova vita a un patrimonio di grande pregio, testimone della storia e della sensibilit\u00e0 artistica locale. <em>\u201c\u00c8 con soddisfazione \u2013 ha dichiarato il sindaco Roberto Chissal\u00e9 \u2013 che invito la cittadinanza e gli appassionati a prendere parte a questo momento di cultura e valorizzazione del nostro patrimonio. Le sculture di Villa Crotta non sono solo un bene artistico, ma un simbolo della nostra identit\u00e0 e della nostra memoria storica\u201d. <\/em>Il convegno e l\u2019inaugurazione sono aperti al pubblico. L\u2019iniziativa si avvale del sostegno di studiosi, restauratori, associazioni culturali e istituzioni che da anni lavorano per la tutela e la promozione dell\u2019arte e della storia agordine. Un\u2019occasione, dunque, per conoscere da vicino un artista e un\u2019epoca che hanno lasciato tracce indelebili nel paesaggio culturale europeo e per celebrare la rinascita di un bene prezioso del patrimonio locale.<\/p>\n<p>&nbsp;<\/p>\n<hr \/>\n<p>&nbsp;<\/p>\n<p>&nbsp;<\/p>\n<blockquote>\n<h2>MOTORI E SPERANZA, DOMANI LA TERZA EDIZIONE A FALCADE<\/h2>\n<\/blockquote>\n<p><strong><a class=\"dt-pswp-item\" href=\"https:\/\/www.radiopiu.net\/wordpress\/wp-content\/uploads\/2025\/09\/Screenshot-2025-09-12-052305.png\" data-dt-img-description=\"\" data-large_image_width=\"840\" data-large_image_height=\"396\"><img loading=\"lazy\" decoding=\"async\" class=\"size-medium wp-image-469297 alignleft\" src=\"https:\/\/www.radiopiu.net\/wordpress\/wp-content\/uploads\/2025\/09\/Screenshot-2025-09-12-052305-300x141.png\" alt=\"\" width=\"300\" height=\"141\" srcset=\"https:\/\/www.radiopiu.net\/wordpress\/wp-content\/uploads\/2025\/09\/Screenshot-2025-09-12-052305-300x141.png 300w, https:\/\/www.radiopiu.net\/wordpress\/wp-content\/uploads\/2025\/09\/Screenshot-2025-09-12-052305-768x362.png 768w, https:\/\/www.radiopiu.net\/wordpress\/wp-content\/uploads\/2025\/09\/Screenshot-2025-09-12-052305.png 840w\" sizes=\"auto, (max-width: 300px) 100vw, 300px\" \/><\/a>DI MARCO GAZ<\/strong><\/p>\n<p>OSPITE: Mauro Riva ed Enzo Slongo<\/p>\n<p>&nbsp;<\/p>\n<p>&nbsp;<\/p>\n<p>&nbsp;<\/p>\n<audio class=\"wp-audio-shortcode\" id=\"audio-469361-12\" preload=\"none\" style=\"width: 100%;\" controls=\"controls\"><source type=\"audio\/mpeg\" src=\"https:\/\/www.radiopiu.net\/wordpress\/wp-content\/uploads\/2024\/10\/MOTORI-E-SPERANZA-2025-MAURO-RIVA-ENZO-SLONGO.mp3?_=12\" \/><a href=\"https:\/\/www.radiopiu.net\/wordpress\/wp-content\/uploads\/2024\/10\/MOTORI-E-SPERANZA-2025-MAURO-RIVA-ENZO-SLONGO.mp3\">https:\/\/www.radiopiu.net\/wordpress\/wp-content\/uploads\/2024\/10\/MOTORI-E-SPERANZA-2025-MAURO-RIVA-ENZO-SLONGO.mp3<\/a><\/audio>\n<p>&nbsp;<\/p>\n<hr \/>\n<p data-start=\"43\" data-end=\"129\"><strong data-start=\"43\" data-end=\"127\">\u00a0<\/strong><\/p>\n<p data-start=\"43\" data-end=\"129\"><strong data-start=\"43\" data-end=\"127\">\u201c100 SOLLEDER LETTENBAUER\u201d, DOCUMENTARIO PER I CENT\u2019ANNI DELLA VIA SULLA CIVETTA<\/strong><\/p>\n<blockquote>\n<p data-start=\"131\" data-end=\"374\"><em>Il 7 agosto del 1925 Emil Solleder e Gustav Lettenbauer realizzarono, sulla parete nord-ovest della Civetta, quella via che \u00e8 passata alla storia come l\u2019inizio ufficiale dell\u2019epopea del VI grado.<\/em><\/p>\n<\/blockquote>\n<p data-start=\"131\" data-end=\"374\"><strong><a class=\"dt-pswp-item\" href=\"https:\/\/www.radiopiu.net\/wordpress\/wp-content\/uploads\/2025\/09\/FigureCivetta-Solleder_Lettenbauer.jpg\" data-dt-img-description=\"\" data-large_image_width=\"500\" data-large_image_height=\"384\"><img loading=\"lazy\" decoding=\"async\" class=\" wp-image-468270 alignleft\" src=\"https:\/\/www.radiopiu.net\/wordpress\/wp-content\/uploads\/2025\/09\/FigureCivetta-Solleder_Lettenbauer-300x230.jpg\" alt=\"\" width=\"198\" height=\"152\" srcset=\"https:\/\/www.radiopiu.net\/wordpress\/wp-content\/uploads\/2025\/09\/FigureCivetta-Solleder_Lettenbauer-300x230.jpg 300w, https:\/\/www.radiopiu.net\/wordpress\/wp-content\/uploads\/2025\/09\/FigureCivetta-Solleder_Lettenbauer.jpg 500w\" sizes=\"auto, (max-width: 198px) 100vw, 198px\" \/><\/a>ALLEGHE<\/strong> Sar\u00e0 presentato sabato 27 settembre alle 20.30 nella palestra comunale di Caprile il documentario <em data-start=\"233\" data-end=\"259\">100 Solleder Lettenbauer<\/em>, dedicato ai cent\u2019anni della storica via sulla Nord-Ovest della Civetta, realizzato con il sostegno del Cai.<\/p>\n<p data-start=\"376\" data-end=\"551\">La proiezione concluder\u00e0 una giornata di eventi: al mattino un incontro con il Soccorso Alpino e al pomeriggio le testimonianze di alpinisti sulla \u201cParete delle Pareti\u201d.<\/p>\n<p data-start=\"553\" data-end=\"813\">Il progetto \u00e8 nato da un\u2019idea di Valter Bellenzier con i rifugisti De Zordo e De Bona, ed \u00e8 stato sviluppato da Alessandro Ba\u00f9, Alessandro Beber ed Emanuele Confortin, che con una cordata di sei alpinisti ha ripetuto la via per realizzare le riprese.<\/p>\n<p data-start=\"815\" data-end=\"1033\">Oltre alle immagini attuali, il documentario raccoglie materiali d\u2019archivio, testimonianze e contributi di grandi protagonisti della Civetta, con il montaggio firmato da Confortin insieme a un team di professionisti.<\/p>\n<p>FOTO\u00a0 gognablog.sherpa-gate.com<\/p>\n<p>&nbsp;<\/p>\n<p>&nbsp;<\/p>\n<hr \/>\n<p>&nbsp;<\/p>\n<blockquote><p>&nbsp;<\/p>\n<h1>BESTIAME IN SFILATA: TORNA LA DESMONTEGADA A SELVA DI CADORE<\/h1>\n<blockquote>\n<h1><a class=\"dt-pswp-item\" href=\"https:\/\/www.radiopiu.net\/wordpress\/wp-content\/uploads\/2025\/09\/Screenshot-2025-09-11-095713.png\" data-dt-img-description=\"\" data-large_image_width=\"680\" data-large_image_height=\"367\"><img loading=\"lazy\" decoding=\"async\" class=\"size-medium wp-image-469179 alignleft\" src=\"https:\/\/www.radiopiu.net\/wordpress\/wp-content\/uploads\/2025\/09\/Screenshot-2025-09-11-095713-300x162.png\" alt=\"\" width=\"300\" height=\"162\" srcset=\"https:\/\/www.radiopiu.net\/wordpress\/wp-content\/uploads\/2025\/09\/Screenshot-2025-09-11-095713-300x162.png 300w, https:\/\/www.radiopiu.net\/wordpress\/wp-content\/uploads\/2025\/09\/Screenshot-2025-09-11-095713.png 680w\" sizes=\"auto, (max-width: 300px) 100vw, 300px\" \/><\/a><\/h1>\n<\/blockquote>\n<p><strong data-start=\"131\" data-end=\"151\">SELVA DI CADORE.<\/strong> La Festa della Desmontegada a Santa Fosca (Selva di Cadore) torna per la tredicesima edizione oggi e domani\u00a0 trasformando il paese in un grande palcoscenico all\u2019aperto. L\u2019evento propone stand gastronomici, mercatini, giochi, musica dal vivo e, domenica alle 11, la tradizionale sfilata del bestiame di ritorno dai pascoli. La SP251 sar\u00e0 chiusa dalle 10 alle 12 per permettere lo svolgimento della manifestazione, resa possibile grazie a sponsor, volontari e associazioni locali. Ai microfoni di Radio Pi\u00f9 ha parlato <strong data-start=\"540\" data-end=\"560\">Alice Dall\u2019Acqua<\/strong>, presidente della Pro Loco Val Fiorentina.<\/p>\n<p>&nbsp;<\/p>\n<p><strong>ALICE DALL&#8217;ACQUA, PRESIDENTE PROLOCO VAL FIORENTINA<\/strong><\/p>\n<audio class=\"wp-audio-shortcode\" id=\"audio-469361-13\" preload=\"none\" style=\"width: 100%;\" controls=\"controls\"><source type=\"audio\/mpeg\" src=\"https:\/\/www.radiopiu.net\/wordpress\/wp-content\/uploads\/2025\/09\/ALICE-DALLACQUA-SELVA-DI-CADORE-2025.mp3?_=13\" \/><a href=\"https:\/\/www.radiopiu.net\/wordpress\/wp-content\/uploads\/2025\/09\/ALICE-DALLACQUA-SELVA-DI-CADORE-2025.mp3\">https:\/\/www.radiopiu.net\/wordpress\/wp-content\/uploads\/2025\/09\/ALICE-DALLACQUA-SELVA-DI-CADORE-2025.mp3<\/a><\/audio>\n<p>&nbsp;<\/p>\n<p><a class=\"dt-pswp-item\" href=\"https:\/\/www.radiopiu.net\/wordpress\/wp-content\/uploads\/2025\/09\/Screenshot-2025-09-11-095721.png\" data-dt-img-description=\"\" data-large_image_width=\"531\" data-large_image_height=\"345\"><img loading=\"lazy\" decoding=\"async\" class=\"size-medium wp-image-469180 aligncenter\" src=\"https:\/\/www.radiopiu.net\/wordpress\/wp-content\/uploads\/2025\/09\/Screenshot-2025-09-11-095721-300x195.png\" alt=\"\" width=\"300\" height=\"195\" srcset=\"https:\/\/www.radiopiu.net\/wordpress\/wp-content\/uploads\/2025\/09\/Screenshot-2025-09-11-095721-300x195.png 300w, https:\/\/www.radiopiu.net\/wordpress\/wp-content\/uploads\/2025\/09\/Screenshot-2025-09-11-095721.png 531w\" sizes=\"auto, (max-width: 300px) 100vw, 300px\" \/><\/a><\/p><\/blockquote>\n<p>&nbsp;<\/p>\n<p>&nbsp;<\/p>\n<hr \/>\n<blockquote class=\"wp-embedded-content\" data-secret=\"tVy0CUSkfy\"><p><a href=\"https:\/\/www.radiopiu.net\/wordpress\/voci-di-montagna-radio-pio-alla-scoperta-dei-rifugi-delle-dolomiti\/\">VOCI DI MONTAGNA \u2013 RADIO PI\u00d9 E LEONARDO CHINELLATO ALLA SCOPERTA DEI RIFUGI DELLE DOLOMITI<\/a><\/p><\/blockquote>\n<p><iframe loading=\"lazy\" class=\"wp-embedded-content\" sandbox=\"allow-scripts\" security=\"restricted\" style=\"position: absolute; visibility: hidden;\" title=\"&#8220;VOCI DI MONTAGNA \u2013 RADIO PI\u00d9 E LEONARDO CHINELLATO ALLA SCOPERTA DEI RIFUGI DELLE DOLOMITI&#8221; &#8212; Radio Pi\u00f9\" src=\"https:\/\/www.radiopiu.net\/wordpress\/voci-di-montagna-radio-pio-alla-scoperta-dei-rifugi-delle-dolomiti\/embed\/#?secret=3ADSR84oTr#?secret=tVy0CUSkfy\" data-secret=\"tVy0CUSkfy\" width=\"600\" height=\"338\" frameborder=\"0\" marginwidth=\"0\" marginheight=\"0\" scrolling=\"no\"><\/iframe><\/p>\n<h3><\/h3>\n<p>&nbsp;<\/p>\n<p>&nbsp;<\/p>\n<p>&nbsp;<\/p>\n<blockquote>\n<h3><a class=\"dt-pswp-item\" href=\"https:\/\/www.radiopiu.net\/wordpress\/wp-content\/uploads\/2025\/09\/1e63c571-c4cc-49a9-9b4c-bfc340992c60.jpg\" data-dt-img-description=\"\" data-large_image_width=\"579\" data-large_image_height=\"595\"><img loading=\"lazy\" decoding=\"async\" class=\" wp-image-468238 alignleft\" src=\"https:\/\/www.radiopiu.net\/wordpress\/wp-content\/uploads\/2025\/09\/1e63c571-c4cc-49a9-9b4c-bfc340992c60-292x300.jpg\" alt=\"\" width=\"170\" height=\"175\" srcset=\"https:\/\/www.radiopiu.net\/wordpress\/wp-content\/uploads\/2025\/09\/1e63c571-c4cc-49a9-9b4c-bfc340992c60-292x300.jpg 292w, https:\/\/www.radiopiu.net\/wordpress\/wp-content\/uploads\/2025\/09\/1e63c571-c4cc-49a9-9b4c-bfc340992c60.jpg 579w\" sizes=\"auto, (max-width: 170px) 100vw, 170px\" \/><\/a>DOMANI: LA MANIFESTAZIONE ANTIFASCISTA A PIAN DEL CANSIGLIO<\/h3>\n<\/blockquote>\n<p><strong>TAMBRE<\/strong><\/p>\n<p>DI ROBERTO BONA<\/p>\n<audio class=\"wp-audio-shortcode\" id=\"audio-469361-14\" preload=\"none\" style=\"width: 100%;\" controls=\"controls\"><source type=\"audio\/mpeg\" src=\"https:\/\/www.radiopiu.net\/wordpress\/wp-content\/uploads\/2025\/09\/gr-06-tutti-in-pian-del-cansiglio-bona.mp3?_=14\" \/><a href=\"https:\/\/www.radiopiu.net\/wordpress\/wp-content\/uploads\/2025\/09\/gr-06-tutti-in-pian-del-cansiglio-bona.mp3\">https:\/\/www.radiopiu.net\/wordpress\/wp-content\/uploads\/2025\/09\/gr-06-tutti-in-pian-del-cansiglio-bona.mp3<\/a><\/audio>\n<p>&nbsp;<\/p>\n<hr \/>\n<blockquote>\n<p data-start=\"49\" data-end=\"123\"><strong data-start=\"49\" data-end=\"121\">\u00a0<\/strong><\/p>\n<p data-start=\"49\" data-end=\"123\"><strong data-start=\"49\" data-end=\"121\">CERIMONIA ANNUALE PER I CADUTI DELLA MONTAGNA E GLI ALPINI A BELLUNO<\/strong><\/p>\n<\/blockquote>\n<p>La Sezione di Belluno del Club Alpino Italiano informa che domani alle 11, al Rifugio 7\u00b0 Alpini al Pis Pilon, sotto le pareti della Schiara, si terr\u00e0 la Cerimonia annuale in memoria dei Caduti della Montagna e degli Alpini \u201candati avanti\u201d, con Santa Messa presso la Cappella della Regina Alpinorum.<\/p>\n<p>&nbsp;<\/p>\n<hr \/>\n<p>&nbsp;<\/p>\n<blockquote>\n<h2>RADIOLOGIA CON IL DOTTOR GIOVANNI MARCANTONI<\/h2>\n<\/blockquote>\n<p>&nbsp;<\/p>\n<p><strong>PUNTATA DEL 12 SETTEMBRE 2025 &#8211;<\/strong><\/p>\n<p><a class=\"dt-pswp-item\" href=\"https:\/\/www.radiopiu.net\/wordpress\/wp-content\/uploads\/2025\/09\/marcantoni.png\" data-dt-img-description=\"\" data-large_image_width=\"232\" data-large_image_height=\"219\"><img loading=\"lazy\" decoding=\"async\" class=\" wp-image-469387 alignleft\" src=\"https:\/\/www.radiopiu.net\/wordpress\/wp-content\/uploads\/2025\/09\/marcantoni.png\" alt=\"\" width=\"182\" height=\"172\" \/><\/a>Laurea in medicina e Chirurgia presso l&#8217;Universit\u00e0 di Padova il 15-7-1977. Diploma di Specializzazione in Radiodiagnostica presso l&#8217;Universit\u00e0 di Padova il16-12-1983. Idoneit\u00e0 a Primario di Radiodiagnostica sessione 1986. Insegnamento per 11 anni presso la Scuola Tecnici Sanitari di Radiologia. Medica di Venezia. Competenze professionali: Radiologia Convenzionale, Senologia, Ecografia internistica ed osteoarticolare, TAC, RNM articolare.<\/p>\n<audio class=\"wp-audio-shortcode\" id=\"audio-469361-15\" preload=\"none\" style=\"width: 100%;\" controls=\"controls\"><source type=\"audio\/mpeg\" src=\"https:\/\/www.radiopiu.net\/wordpress\/wp-content\/uploads\/2025\/09\/GIOVANNI-MARCANTONI.mp3?_=15\" \/><a href=\"https:\/\/www.radiopiu.net\/wordpress\/wp-content\/uploads\/2025\/09\/GIOVANNI-MARCANTONI.mp3\">https:\/\/www.radiopiu.net\/wordpress\/wp-content\/uploads\/2025\/09\/GIOVANNI-MARCANTONI.mp3<\/a><\/audio>\n<p>&nbsp;<\/p>\n<h1>la raccolta completa<\/h1>\n<blockquote class=\"wp-embedded-content\" data-secret=\"rx4rTzMqnb\"><p><a href=\"https:\/\/www.radiopiu.net\/wordpress\/i-professionisti-del-poliambulatorio-agordino-le-interviste-le-interviste\/\">I PROFESSIONISTI DEL POLIAMBULATORIO AGORDINO  &#8211; LE INTERVISTE<\/a><\/p><\/blockquote>\n<p><iframe loading=\"lazy\" class=\"wp-embedded-content\" sandbox=\"allow-scripts\" security=\"restricted\" style=\"position: absolute; visibility: hidden;\" title=\"&#8220;I PROFESSIONISTI DEL POLIAMBULATORIO AGORDINO  &#8211; LE INTERVISTE&#8221; &#8212; Radio Pi\u00f9\" src=\"https:\/\/www.radiopiu.net\/wordpress\/i-professionisti-del-poliambulatorio-agordino-le-interviste-le-interviste\/embed\/#?secret=EaW0qt9qn3#?secret=rx4rTzMqnb\" data-secret=\"rx4rTzMqnb\" width=\"600\" height=\"338\" frameborder=\"0\" marginwidth=\"0\" marginheight=\"0\" scrolling=\"no\"><\/iframe><\/p>\n<p>&nbsp;<\/p>\n<p>&nbsp;<\/p>\n<hr \/>\n<p>&nbsp;<\/p>\n<h2><span style=\"color: #333399;\">I CORSI ITS ACADEMY<\/span><\/h2>\n<p><strong><a class=\"dt-pswp-item\" href=\"https:\/\/www.radiopiu.net\/wordpress\/wp-content\/uploads\/2025\/09\/Screenshot-2025-09-04-063518.png\" data-dt-img-description=\"\" data-large_image_width=\"246\" data-large_image_height=\"138\"><img loading=\"lazy\" decoding=\"async\" class=\"size-full wp-image-467986 alignleft\" src=\"https:\/\/www.radiopiu.net\/wordpress\/wp-content\/uploads\/2025\/09\/Screenshot-2025-09-04-063518.png\" alt=\"\" width=\"246\" height=\"138\" \/><\/a>DI MIRKO MEZZACASA<\/strong><\/p>\n<p>OSPITE: Enrica Scopel Direttrice ITS Academy<\/p>\n<audio class=\"wp-audio-shortcode\" id=\"audio-469361-16\" preload=\"none\" style=\"width: 100%;\" controls=\"controls\"><source type=\"audio\/mpeg\" src=\"https:\/\/www.radiopiu.net\/wordpress\/wp-content\/uploads\/2025\/09\/ENRICA-SCOPEL-DIRETTORE-ITS.mp3?_=16\" \/><a href=\"https:\/\/www.radiopiu.net\/wordpress\/wp-content\/uploads\/2025\/09\/ENRICA-SCOPEL-DIRETTORE-ITS.mp3\">https:\/\/www.radiopiu.net\/wordpress\/wp-content\/uploads\/2025\/09\/ENRICA-SCOPEL-DIRETTORE-ITS.mp3<\/a><\/audio>\n<p>&nbsp;<\/p>\n<p>&nbsp;<\/p>\n<hr \/>\n<p>&nbsp;<\/p>\n<blockquote>\n<h1>DDOMIA DOLOMITI, &#8220;ABBIAMO LA PERSONA GIUSTA PER TE&#8221;<\/h1>\n<\/blockquote>\n<p><strong><img loading=\"lazy\" decoding=\"async\" class=\"alignleft\" src=\"https:\/\/www.radiopiu.net\/wordpress\/wp-content\/uploads\/2025\/09\/0d425ac3-0ce4-48eb-b4b6-1f8f5a4f7ff4-e1757410516621.jpg\" width=\"243\" height=\"137\" \/>Con la Presidente di DDOMIA DOLOMITI\u00a0 Alice Mannai e con il vice presidente Manuel Rosso<\/strong><\/p>\n<p><strong>di mirko mezzacasa<\/strong><\/p>\n<p>&nbsp;<\/p>\n<p>&nbsp;<\/p>\n<p>&nbsp;<\/p>\n<p><strong>AUDIO<\/strong><\/p>\n<audio class=\"wp-audio-shortcode\" id=\"audio-469361-17\" preload=\"none\" style=\"width: 100%;\" controls=\"controls\"><source type=\"audio\/mpeg\" src=\"https:\/\/www.radiopiu.net\/wordpress\/wp-content\/uploads\/2025\/09\/MANUEL-ED-ALICE-BADANTI.mp3?_=17\" \/><a href=\"https:\/\/www.radiopiu.net\/wordpress\/wp-content\/uploads\/2025\/09\/MANUEL-ED-ALICE-BADANTI.mp3\">https:\/\/www.radiopiu.net\/wordpress\/wp-content\/uploads\/2025\/09\/MANUEL-ED-ALICE-BADANTI.mp3<\/a><\/audio>\n<p>&nbsp;<\/p>\n<p>&nbsp;<\/p>\n<hr \/>\n<blockquote class=\"wp-embedded-content\" data-secret=\"cJOtLy3i0o\"><p><a href=\"https:\/\/www.radiopiu.net\/wordpress\/curiosando-il-programma\/\">CURIOSANDO&#8230; IL PROGRAMMA DI PAOLA LANCIATO<\/a><\/p><\/blockquote>\n<p><iframe loading=\"lazy\" class=\"wp-embedded-content\" sandbox=\"allow-scripts\" security=\"restricted\" style=\"position: absolute; visibility: hidden;\" title=\"&#8220;CURIOSANDO&#8230; IL PROGRAMMA DI PAOLA LANCIATO&#8221; &#8212; Radio Pi\u00f9\" src=\"https:\/\/www.radiopiu.net\/wordpress\/curiosando-il-programma\/embed\/#?secret=ltodfxAmTB#?secret=cJOtLy3i0o\" data-secret=\"cJOtLy3i0o\" width=\"600\" height=\"338\" frameborder=\"0\" marginwidth=\"0\" marginheight=\"0\" scrolling=\"no\"><\/iframe><\/p>\n<hr \/>\n<h2><\/h2>\n<h2><span style=\"color: #ff0000;\">I CONSIGLI DI GIANLUCA&#8230;DA DOLOMITI BEER &amp; WINE SHOP<\/span><\/h2>\n<p><a class=\"dt-pswp-item\" href=\"https:\/\/www.radiopiu.net\/wordpress\/wp-content\/uploads\/2025\/09\/Screenshot-2025-09-13-050424.png\" data-dt-img-description=\"\" data-large_image_width=\"309\" data-large_image_height=\"232\"><img loading=\"lazy\" decoding=\"async\" class=\" wp-image-469459 alignleft\" src=\"https:\/\/www.radiopiu.net\/wordpress\/wp-content\/uploads\/2025\/09\/Screenshot-2025-09-13-050424-300x225.png\" alt=\"\" width=\"136\" height=\"102\" srcset=\"https:\/\/www.radiopiu.net\/wordpress\/wp-content\/uploads\/2025\/09\/Screenshot-2025-09-13-050424-300x225.png 300w, https:\/\/www.radiopiu.net\/wordpress\/wp-content\/uploads\/2025\/09\/Screenshot-2025-09-13-050424.png 309w\" sizes=\"auto, (max-width: 136px) 100vw, 136px\" \/><\/a><\/p>\n<p>&nbsp;<\/p>\n<p><strong>REDAZIONE<\/strong> Con l&#8217;arrivo dell&#8217;estate arrivano anche i consigli di Gianluca dal Dolomiti Beer &amp; Wine Shop<\/p>\n<p>&nbsp;<\/p>\n<p><span style=\"color: #ff0000;\"><strong class=\"photoswipe-wrapper\">13 SETTEMBRE \u2026LEGGEREZZA E RAFFINATEZZA IN OGNI BRINDISI<\/strong><\/span><\/p>\n<audio class=\"wp-audio-shortcode\" id=\"audio-469361-18\" preload=\"none\" style=\"width: 100%;\" controls=\"controls\"><source type=\"audio\/mpeg\" src=\"https:\/\/www.radiopiu.net\/wordpress\/wp-content\/uploads\/2025\/09\/GWINE1A-9.mp3?_=18\" \/><a href=\"https:\/\/www.radiopiu.net\/wordpress\/wp-content\/uploads\/2025\/09\/GWINE1A-9.mp3\">https:\/\/www.radiopiu.net\/wordpress\/wp-content\/uploads\/2025\/09\/GWINE1A-9.mp3<\/a><\/audio>\n<h2><\/h2>\n<h2><strong>LA RACCOLTA COMPLETA <a href=\"https:\/\/www.radiopiu.net\/wordpress\/i-consigli-di-gianluca-aago19\/\"><span style=\"color: #3366ff;\">CLICCA QUI<\/span><\/a><\/strong><\/h2>\n<p>&nbsp;<\/p>\n<hr \/>\n<p>&nbsp;<\/p>\n<p>&nbsp;<\/p>\n<p><strong><a class=\"dt-pswp-item\" href=\"https:\/\/www.radiopiu.net\/wordpress\/wp-content\/uploads\/2025\/09\/download-2.png\" data-dt-img-description=\"\" data-large_image_width=\"171\" data-large_image_height=\"295\"><img loading=\"lazy\" decoding=\"async\" class=\"wp-image-469393 alignleft\" src=\"https:\/\/www.radiopiu.net\/wordpress\/wp-content\/uploads\/2025\/09\/download-2.png\" alt=\"\" width=\"74\" height=\"128\" \/><\/a>11 SETTEMBRE<\/strong><\/p>\n<audio class=\"wp-audio-shortcode\" id=\"audio-469361-19\" preload=\"none\" style=\"width: 100%;\" controls=\"controls\"><source type=\"audio\/mpeg\" src=\"https:\/\/www.radiopiu.net\/wordpress\/wp-content\/uploads\/2025\/09\/SIBI3-2.mp3?_=19\" \/><a href=\"https:\/\/www.radiopiu.net\/wordpress\/wp-content\/uploads\/2025\/09\/SIBI3-2.mp3\">https:\/\/www.radiopiu.net\/wordpress\/wp-content\/uploads\/2025\/09\/SIBI3-2.mp3<\/a><\/audio>\n<h1>LA RACCOLTA COMPLETA\u00a0 <a href=\"https:\/\/www.radiopiu.net\/wordpress\/oggi-come-ieri-terzo-anno-con-silvia-bald\/\">CLICCA QUI<\/a><\/h1>\n<p>&nbsp;<\/p>\n<p>&nbsp;<\/p>\n<h2><span style=\"color: #ff0000;\"><a class=\"dt-pswp-item\" href=\"https:\/\/www.radiopiu.net\/wordpress\/wp-content\/uploads\/2018\/09\/appuntamenti.jpeg\" data-dt-img-description=\"\" data-large_image_width=\"800\" data-large_image_height=\"100\"><img loading=\"lazy\" decoding=\"async\" class=\"wp-image-61958 size-full aligncenter\" src=\"https:\/\/www.radiopiu.net\/wordpress\/wp-content\/uploads\/2018\/09\/appuntamenti.jpeg\" alt=\"\" width=\"800\" height=\"100\" srcset=\"https:\/\/www.radiopiu.net\/wordpress\/wp-content\/uploads\/2018\/09\/appuntamenti.jpeg 800w, https:\/\/www.radiopiu.net\/wordpress\/wp-content\/uploads\/2018\/09\/appuntamenti-300x38.jpeg 300w, https:\/\/www.radiopiu.net\/wordpress\/wp-content\/uploads\/2018\/09\/appuntamenti-768x96.jpeg 768w\" sizes=\"auto, (max-width: 800px) 100vw, 800px\" \/><\/a><\/span><\/h2>\n\n\t\t\t<style type='text\/css'>\n\t\t\t\t#gallery-4 {\n\t\t\t\t\tmargin: auto;\n\t\t\t\t}\n\t\t\t\t#gallery-4 .gallery-item {\n\t\t\t\t\tfloat: left;\n\t\t\t\t\tmargin-top: 10px;\n\t\t\t\t\ttext-align: center;\n\t\t\t\t\twidth: 20%;\n\t\t\t\t}\n\t\t\t\t#gallery-4 img {\n\t\t\t\t\tborder: 2px solid #cfcfcf;\n\t\t\t\t}\n\t\t\t\t#gallery-4 .gallery-caption {\n\t\t\t\t\tmargin-left: 0;\n\t\t\t\t}\n\t\t\t\t\/* see gallery_shortcode() in wp-includes\/media.php *\/\n\t\t\t<\/style>\n\t\t<div id='gallery-4' class='dt-gallery-container gallery galleryid-469361 gallery-columns-5 gallery-size-thumbnail'><dl class='gallery-item'>\n\t\t\t\t<dt class='gallery-icon portrait'>\n\t\t\t\t\t<a class=\"rollover rollover-zoom dt-pswp-item\" title=\"mostra_RotaSperti\" data-dt-img-description=\"\" data-large_image_width=\"1414\" data-large_image_height=\"2000\"href='https:\/\/www.radiopiu.net\/wordpress\/wp-content\/uploads\/2025\/06\/mostra_RotaSperti.png'><img loading=\"lazy\" decoding=\"async\" width=\"150\" height=\"150\" src=\"https:\/\/www.radiopiu.net\/wordpress\/wp-content\/uploads\/2025\/06\/mostra_RotaSperti-150x150.png\" class=\"attachment-thumbnail size-thumbnail\" alt=\"\" \/><\/a>\n\t\t\t\t<\/dt><\/dl><dl class='gallery-item'>\n\t\t\t\t<dt class='gallery-icon landscape'>\n\t\t\t\t\t<a class=\"rollover rollover-zoom dt-pswp-item\" title=\"515444840_1149597150531066_7749231705219023918_n\" data-dt-img-description=\"\" data-large_image_width=\"1440\" data-large_image_height=\"1079\"href='https:\/\/www.radiopiu.net\/wordpress\/wp-content\/uploads\/2025\/07\/515444840_1149597150531066_7749231705219023918_n.jpg'><img loading=\"lazy\" decoding=\"async\" width=\"150\" height=\"150\" src=\"https:\/\/www.radiopiu.net\/wordpress\/wp-content\/uploads\/2025\/07\/515444840_1149597150531066_7749231705219023918_n-150x150.jpg\" class=\"attachment-thumbnail size-thumbnail\" alt=\"\" \/><\/a>\n\t\t\t\t<\/dt><\/dl><dl class='gallery-item'>\n\t\t\t\t<dt class='gallery-icon portrait'>\n\t\t\t\t\t<a class=\"rollover rollover-zoom dt-pswp-item\" title=\"Locandina Sagra di Fregona 2025\" data-dt-img-description=\"\" data-large_image_width=\"1125\" data-large_image_height=\"1608\"href='https:\/\/www.radiopiu.net\/wordpress\/wp-content\/uploads\/2025\/08\/Locandina-Sagra-di-Fregona-2025.jpeg'><img loading=\"lazy\" decoding=\"async\" width=\"150\" height=\"150\" src=\"https:\/\/www.radiopiu.net\/wordpress\/wp-content\/uploads\/2025\/08\/Locandina-Sagra-di-Fregona-2025-150x150.jpeg\" class=\"attachment-thumbnail size-thumbnail\" alt=\"\" \/><\/a>\n\t\t\t\t<\/dt><\/dl><dl class='gallery-item'>\n\t\t\t\t<dt class='gallery-icon portrait'>\n\t\t\t\t\t<a class=\"rollover rollover-zoom dt-pswp-item\" title=\"9c71ce0b-ff13-4ec8-b170-8fb0f4a358d6\" data-dt-img-description=\"\" data-large_image_width=\"731\" data-large_image_height=\"1600\"href='https:\/\/www.radiopiu.net\/wordpress\/wp-content\/uploads\/2025\/09\/9c71ce0b-ff13-4ec8-b170-8fb0f4a358d6.jpg'><img loading=\"lazy\" decoding=\"async\" width=\"150\" height=\"150\" src=\"https:\/\/www.radiopiu.net\/wordpress\/wp-content\/uploads\/2025\/09\/9c71ce0b-ff13-4ec8-b170-8fb0f4a358d6-150x150.jpg\" class=\"attachment-thumbnail size-thumbnail\" alt=\"\" \/><\/a>\n\t\t\t\t<\/dt><\/dl><dl class='gallery-item'>\n\t\t\t\t<dt class='gallery-icon portrait'>\n\t\t\t\t\t<a class=\"rollover rollover-zoom dt-pswp-item\" title=\"SPORT IN PIAZZA 2025\" data-dt-img-description=\"\" data-large_image_width=\"577\" data-large_image_height=\"729\"href='https:\/\/www.radiopiu.net\/wordpress\/wp-content\/uploads\/2025\/09\/SPORT-IN-PIAZZA-2025.jpg'><img loading=\"lazy\" decoding=\"async\" width=\"150\" height=\"150\" src=\"https:\/\/www.radiopiu.net\/wordpress\/wp-content\/uploads\/2025\/09\/SPORT-IN-PIAZZA-2025-150x150.jpg\" class=\"attachment-thumbnail size-thumbnail\" alt=\"\" \/><\/a>\n\t\t\t\t<\/dt><\/dl><br style=\"clear: both\" \/><dl class='gallery-item'>\n\t\t\t\t<dt class='gallery-icon portrait'>\n\t\t\t\t\t<a class=\"rollover rollover-zoom dt-pswp-item\" title=\"13set-A4 Conferenza Presentazione\" data-dt-img-description=\"\" data-large_image_width=\"1241\" data-large_image_height=\"1754\"href='https:\/\/www.radiopiu.net\/wordpress\/wp-content\/uploads\/2025\/09\/13set-A4-Conferenza-Presentazione.jpg'><img loading=\"lazy\" decoding=\"async\" width=\"150\" height=\"150\" src=\"https:\/\/www.radiopiu.net\/wordpress\/wp-content\/uploads\/2025\/09\/13set-A4-Conferenza-Presentazione-150x150.jpg\" class=\"attachment-thumbnail size-thumbnail\" alt=\"\" \/><\/a>\n\t\t\t\t<\/dt><\/dl><dl class='gallery-item'>\n\t\t\t\t<dt class='gallery-icon portrait'>\n\t\t\t\t\t<a class=\"rollover rollover-zoom dt-pswp-item\" title=\"8e489b8c-620a-4a56-b756-9fa90aa61577\" data-dt-img-description=\"\" data-large_image_width=\"899\" data-large_image_height=\"1599\"href='https:\/\/www.radiopiu.net\/wordpress\/wp-content\/uploads\/2025\/09\/8e489b8c-620a-4a56-b756-9fa90aa61577.jpg'><img loading=\"lazy\" decoding=\"async\" width=\"150\" height=\"150\" src=\"https:\/\/www.radiopiu.net\/wordpress\/wp-content\/uploads\/2025\/09\/8e489b8c-620a-4a56-b756-9fa90aa61577-150x150.jpg\" class=\"attachment-thumbnail size-thumbnail\" alt=\"\" \/><\/a>\n\t\t\t\t<\/dt><\/dl><dl class='gallery-item'>\n\t\t\t\t<dt class='gallery-icon portrait'>\n\t\t\t\t\t<a class=\"rollover rollover-zoom dt-pswp-item\" title=\"6ef6b8ca-bdf3-472d-a716-0c8c278a5f0f\" data-dt-img-description=\"\" data-large_image_width=\"828\" data-large_image_height=\"1059\"href='https:\/\/www.radiopiu.net\/wordpress\/wp-content\/uploads\/2025\/09\/6ef6b8ca-bdf3-472d-a716-0c8c278a5f0f.jpg'><img loading=\"lazy\" decoding=\"async\" width=\"150\" height=\"150\" src=\"https:\/\/www.radiopiu.net\/wordpress\/wp-content\/uploads\/2025\/09\/6ef6b8ca-bdf3-472d-a716-0c8c278a5f0f-150x150.jpg\" class=\"attachment-thumbnail size-thumbnail\" alt=\"\" \/><\/a>\n\t\t\t\t<\/dt><\/dl><dl class='gallery-item'>\n\t\t\t\t<dt class='gallery-icon portrait'>\n\t\t\t\t\t<a class=\"rollover rollover-zoom dt-pswp-item\" title=\"e1f44182-3b2b-4656-9ab3-55b78e3f276b\" data-dt-img-description=\"\" data-large_image_width=\"1131\" data-large_image_height=\"1600\"href='https:\/\/www.radiopiu.net\/wordpress\/wp-content\/uploads\/2025\/09\/e1f44182-3b2b-4656-9ab3-55b78e3f276b.jpg'><img loading=\"lazy\" decoding=\"async\" width=\"150\" height=\"150\" src=\"https:\/\/www.radiopiu.net\/wordpress\/wp-content\/uploads\/2025\/09\/e1f44182-3b2b-4656-9ab3-55b78e3f276b-150x150.jpg\" class=\"attachment-thumbnail size-thumbnail\" alt=\"\" \/><\/a>\n\t\t\t\t<\/dt><\/dl><dl class='gallery-item'>\n\t\t\t\t<dt class='gallery-icon landscape'>\n\t\t\t\t\t<a class=\"rollover rollover-zoom dt-pswp-item\" title=\"dba9b07b-c0d4-4eff-a12d-00d81642bfba\" data-dt-img-description=\"\" data-large_image_width=\"1600\" data-large_image_height=\"1600\"href='https:\/\/www.radiopiu.net\/wordpress\/wp-content\/uploads\/2025\/09\/dba9b07b-c0d4-4eff-a12d-00d81642bfba.jpg'><img loading=\"lazy\" decoding=\"async\" width=\"150\" height=\"150\" src=\"https:\/\/www.radiopiu.net\/wordpress\/wp-content\/uploads\/2025\/09\/dba9b07b-c0d4-4eff-a12d-00d81642bfba-150x150.jpg\" class=\"attachment-thumbnail size-thumbnail\" alt=\"\" srcset=\"https:\/\/www.radiopiu.net\/wordpress\/wp-content\/uploads\/2025\/09\/dba9b07b-c0d4-4eff-a12d-00d81642bfba-150x150.jpg 150w, https:\/\/www.radiopiu.net\/wordpress\/wp-content\/uploads\/2025\/09\/dba9b07b-c0d4-4eff-a12d-00d81642bfba-300x300.jpg 300w, https:\/\/www.radiopiu.net\/wordpress\/wp-content\/uploads\/2025\/09\/dba9b07b-c0d4-4eff-a12d-00d81642bfba-1024x1024.jpg 1024w, https:\/\/www.radiopiu.net\/wordpress\/wp-content\/uploads\/2025\/09\/dba9b07b-c0d4-4eff-a12d-00d81642bfba-768x768.jpg 768w, https:\/\/www.radiopiu.net\/wordpress\/wp-content\/uploads\/2025\/09\/dba9b07b-c0d4-4eff-a12d-00d81642bfba-1536x1536.jpg 1536w, https:\/\/www.radiopiu.net\/wordpress\/wp-content\/uploads\/2025\/09\/dba9b07b-c0d4-4eff-a12d-00d81642bfba.jpg 1600w\" sizes=\"auto, (max-width: 150px) 100vw, 150px\" \/><\/a>\n\t\t\t\t<\/dt><\/dl><br style=\"clear: both\" \/><dl class='gallery-item'>\n\t\t\t\t<dt class='gallery-icon portrait'>\n\t\t\t\t\t<a class=\"rollover rollover-zoom dt-pswp-item\" title=\"b13636c4-92d6-4f21-bbd1-2bf5066bd155\" data-dt-img-description=\"\" data-large_image_width=\"899\" data-large_image_height=\"1599\"href='https:\/\/www.radiopiu.net\/wordpress\/wp-content\/uploads\/2025\/09\/b13636c4-92d6-4f21-bbd1-2bf5066bd155.jpg'><img loading=\"lazy\" decoding=\"async\" width=\"150\" height=\"150\" src=\"https:\/\/www.radiopiu.net\/wordpress\/wp-content\/uploads\/2025\/09\/b13636c4-92d6-4f21-bbd1-2bf5066bd155-150x150.jpg\" class=\"attachment-thumbnail size-thumbnail\" alt=\"\" \/><\/a>\n\t\t\t\t<\/dt><\/dl>\n\t\t\t\t<br style='clear: both' \/>\n\t\t\t<\/div>\n\n<h2><\/h2>\n<p>&nbsp;<\/p>\n<h2><a class=\"dt-pswp-item\" href=\"https:\/\/www.radiopiu.net\/wordpress\/wp-content\/uploads\/2025\/09\/Screenshot-2025-09-09-135233.png\" data-dt-img-description=\"\" data-large_image_width=\"448\" data-large_image_height=\"245\"><img loading=\"lazy\" decoding=\"async\" class=\"size-medium wp-image-468899 alignleft\" src=\"https:\/\/www.radiopiu.net\/wordpress\/wp-content\/uploads\/2025\/09\/Screenshot-2025-09-09-135233-300x164.png\" alt=\"\" width=\"300\" height=\"164\" srcset=\"https:\/\/www.radiopiu.net\/wordpress\/wp-content\/uploads\/2025\/09\/Screenshot-2025-09-09-135233-300x164.png 300w, https:\/\/www.radiopiu.net\/wordpress\/wp-content\/uploads\/2025\/09\/Screenshot-2025-09-09-135233.png 448w\" sizes=\"auto, (max-width: 300px) 100vw, 300px\" \/><\/a>OKTOBERFEST OHPERBACCO: OGGI MUSICA, BIRRA E SAPORI BAVARESI<\/h2>\n<p data-start=\"164\" data-end=\"442\"><strong>CENCENIGHE<\/strong> Atmosfera bavarese e divertimento assicurato: sabato 13 settembre torna l\u2019attesa <strong data-start=\"258\" data-end=\"290\">Festa Oktoberfest Ohperbacco<\/strong>. A partire dalle ore 17 il locale si trasformer\u00e0 in un vero e proprio villaggio a tema, con allestimenti, piatti tipici e naturalmente birra a fiumi. Il programma prevede <strong data-start=\"465\" data-end=\"484\">musica dal vivo<\/strong> con i <em data-start=\"491\" data-end=\"508\">Folkloristici 4<\/em>, gruppo che porter\u00e0 sul palco le sonorit\u00e0 tradizionali, e a seguire il ritmo dei <strong data-start=\"590\" data-end=\"600\">dj set<\/strong>, per far ballare e festeggiare fino a notte fonda. Accanto alla musica non mancheranno i <strong data-start=\"693\" data-end=\"724\">sapori tipici della Baviera<\/strong>, dai pretzel alla birra artigianale, per un\u2019esperienza che mescola gusto e convivialit\u00e0. Un appuntamento che unisce la passione per la musica, l\u2019allegria della festa e l\u2019atmosfera unica dell\u2019Oktoberfest, tutto senza muoversi dal cuore delle Dolomiti.<\/p>\n<hr \/>\n<p><strong>ANTICIPAZIONE&#8230; SAVE THE DATE 4.10.25<\/strong><\/p>\n<p data-start=\"164\" data-end=\"442\"><a class=\"dt-pswp-item\" href=\"https:\/\/www.radiopiu.net\/wordpress\/wp-content\/uploads\/2025\/09\/b13636c4-92d6-4f21-bbd1-2bf5066bd155.jpg\" data-dt-img-description=\"\" data-large_image_width=\"899\" data-large_image_height=\"1599\"><img loading=\"lazy\" decoding=\"async\" class=\"alignnone size-medium wp-image-468897\" src=\"https:\/\/www.radiopiu.net\/wordpress\/wp-content\/uploads\/2025\/09\/b13636c4-92d6-4f21-bbd1-2bf5066bd155-169x300.jpg\" alt=\"\" width=\"169\" height=\"300\" srcset=\"https:\/\/www.radiopiu.net\/wordpress\/wp-content\/uploads\/2025\/09\/b13636c4-92d6-4f21-bbd1-2bf5066bd155-169x300.jpg 169w, https:\/\/www.radiopiu.net\/wordpress\/wp-content\/uploads\/2025\/09\/b13636c4-92d6-4f21-bbd1-2bf5066bd155-576x1024.jpg 576w, https:\/\/www.radiopiu.net\/wordpress\/wp-content\/uploads\/2025\/09\/b13636c4-92d6-4f21-bbd1-2bf5066bd155-768x1366.jpg 768w, https:\/\/www.radiopiu.net\/wordpress\/wp-content\/uploads\/2025\/09\/b13636c4-92d6-4f21-bbd1-2bf5066bd155-864x1536.jpg 864w, https:\/\/www.radiopiu.net\/wordpress\/wp-content\/uploads\/2025\/09\/b13636c4-92d6-4f21-bbd1-2bf5066bd155.jpg 899w\" sizes=\"auto, (max-width: 169px) 100vw, 169px\" \/><\/a><\/p>\n<p>&nbsp;<\/p>\n<p>&nbsp;<\/p>\n<div>\n<div class=\"\" dir=\"auto\">\n<div id=\":r9h:\" class=\"x1iorvi4 x1pi30zi x1l90r2v x1swvt13\" data-ad-comet-preview=\"message\" data-ad-preview=\"message\">\n<div class=\"\" dir=\"auto\">\n<div id=\":r9h:\" class=\"x1iorvi4 x1pi30zi x1l90r2v x1swvt13\" data-ad-comet-preview=\"message\" data-ad-preview=\"message\">\n<div class=\"\" dir=\"auto\">\n<div id=\":r9h:\" class=\"x1iorvi4 x1pi30zi x1l90r2v x1swvt13\" data-ad-comet-preview=\"message\" data-ad-preview=\"message\">\n<div class=\"\" dir=\"auto\">\n<div id=\":r9h:\" class=\"x1iorvi4 x1pi30zi x1l90r2v x1swvt13\" data-ad-comet-preview=\"message\" data-ad-preview=\"message\">\n<div>\n<div class=\"\" dir=\"auto\">\n<div id=\":r9h:\" class=\"x1iorvi4 x1pi30zi x1l90r2v x1swvt13\" data-ad-comet-preview=\"message\" data-ad-preview=\"message\">\n<div>\n<div class=\"\" dir=\"auto\">\n<div id=\":r9h:\" class=\"x1iorvi4 x1pi30zi x1l90r2v x1swvt13\" data-ad-comet-preview=\"message\" data-ad-preview=\"message\">\n<div>\n<div class=\"\" dir=\"auto\">\n<div id=\":r9h:\" class=\"x1iorvi4 x1pi30zi x1l90r2v x1swvt13\" data-ad-comet-preview=\"message\" data-ad-preview=\"message\">\n<div>\n<div class=\"\" dir=\"auto\">\n<div id=\":r9h:\" class=\"x1iorvi4 x1pi30zi x1l90r2v x1swvt13\" data-ad-comet-preview=\"message\" data-ad-preview=\"message\">\n<hr \/>\n<p>&nbsp;<\/p>\n<\/div>\n<\/div>\n<\/div>\n<\/div>\n<\/div>\n<\/div>\n<\/div>\n<\/div>\n<\/div>\n<\/div>\n<\/div>\n<\/div>\n<\/div>\n<\/div>\n<\/div>\n<\/div>\n<\/div>\n<\/div>\n<\/div>\n<\/div>\n<\/div>\n<p class=\"mceTemp\"><a class=\"dt-pswp-item\" href=\"https:\/\/www.radiopiu.net\/wordpress\/wp-content\/uploads\/2018\/09\/WhatsApp-Image-2018-09-20-at-16.04.06.jpeg\" data-dt-img-description=\"\" data-large_image_width=\"800\" data-large_image_height=\"100\"><img loading=\"lazy\" decoding=\"async\" class=\"wp-image-61378 size-full aligncenter\" src=\"https:\/\/www.radiopiu.net\/wordpress\/wp-content\/uploads\/2018\/09\/WhatsApp-Image-2018-09-20-at-16.04.06.jpeg\" alt=\"\" width=\"800\" height=\"100\" srcset=\"https:\/\/www.radiopiu.net\/wordpress\/wp-content\/uploads\/2018\/09\/WhatsApp-Image-2018-09-20-at-16.04.06.jpeg 800w, https:\/\/www.radiopiu.net\/wordpress\/wp-content\/uploads\/2018\/09\/WhatsApp-Image-2018-09-20-at-16.04.06-300x38.jpeg 300w, https:\/\/www.radiopiu.net\/wordpress\/wp-content\/uploads\/2018\/09\/WhatsApp-Image-2018-09-20-at-16.04.06-768x96.jpeg 768w\" sizes=\"auto, (max-width: 800px) 100vw, 800px\" \/><\/a><\/p>\n<p>&nbsp;<\/p>\n<p><center><b>OGGI<\/b><\/center>Cielo fino al primo pomeriggio nuvoloso con alcune schiarite, infine molto nuvoloso o coperto. <b>Precipitazioni: <\/b>Fino al pomeriggio fasi di fenomeni sparsi e intermittenti, in prevalenza modesti salvo possibili locali rovesci; di sera precipitazioni diffuse, anche con rovesci, a partire dalle Prealpi; nelle ultime ore e poi nella nottata successiva, non si escludono specie a sud locali fenomeni intensi e sulle Dolomiti un po&#8217; di neve da quote dell&#8217;ordine dei 3000 m. <b>Temperature: <\/b>Contenute variazioni di carattere locale, con prevalenza per le minime di lievi aumenti e per le massime di leggere diminuzioni<\/p>\n<hr \/>\n<p><center><b>DOMANI<\/b><\/center><b>Tempo atteso: <\/b>Nelle primissime ore da molto nuvoloso o coperto a irregolarmente nuvoloso, poi poco nuvoloso con significativi spazi di sereno e locali addensamenti. <b>Precipitazioni: <\/b>Nelle primissime ore da diffuse a sparse sui settori centro-orientali con limite delle nevicate in temporaneo abbassamento fino a 2800-3100 m e da sparse a locali altrove, anche con dei probabili rovesci, poi modeste e locali od al pi\u00f9 temporaneamente sparse. <b>Temperature: <\/b>Variazioni di carattere locale, occasionalmente significative<\/p>\n<hr \/>\n<p><center><b>LUNEDI<\/b><\/center>Cielo da poco a parzialmente nuvoloso, con qualche nube bassa nelle prime ore sulle Prealpi e un po&#8217; di attivit\u00e0 cumuliforme da met\u00e0 giornata, ma anche significativi spazi di sereno; precipitazioni generalmente assenti; per le temperature minime, attese contenute variazioni di carattere locale; aumento delle temperature massime, lieve nelle valli e pi\u00f9 sensibile in quota.<\/p>\n<hr \/>\n<p><center><b>MARTEDI<\/b><\/center>Variabilit\u00e0, con spazi di sereno pi\u00f9 significativi all&#8217;inizio in quota e sulle Dolomiti, per il resto nubi irregolari in aumento; possibili a tratti modeste precipitazioni sparse, specie a nord-est; per le temperature, attese in quota diminuzioni specie riguardo ai valori massimi, nelle valli contenute variazioni di carattere locale.<\/p>\n<hr \/>\n<p>&nbsp;<\/p>\n<p class=\"mceTemp\"><a class=\"dt-pswp-item\" href=\"https:\/\/www.radiopiu.net\/wordpress\/wp-content\/uploads\/2018\/09\/sport.jpg\" data-dt-img-description=\"\" data-large_image_width=\"800\" data-large_image_height=\"100\"><img loading=\"lazy\" decoding=\"async\" class=\"aligncenter wp-image-60761 size-full\" src=\"https:\/\/www.radiopiu.net\/wordpress\/wp-content\/uploads\/2018\/09\/sport.jpg\" alt=\"\" width=\"800\" height=\"100\" srcset=\"https:\/\/www.radiopiu.net\/wordpress\/wp-content\/uploads\/2018\/09\/sport.jpg 800w, https:\/\/www.radiopiu.net\/wordpress\/wp-content\/uploads\/2018\/09\/sport-300x38.jpg 300w, https:\/\/www.radiopiu.net\/wordpress\/wp-content\/uploads\/2018\/09\/sport-768x96.jpg 768w\" sizes=\"auto, (max-width: 800px) 100vw, 800px\" \/> <\/a><\/p>\n<p>&nbsp;<\/p>\n<blockquote>\n<h3>DOMANI INIZIA IL CAMPIONATO DELL&#8217;AGORDINA CALCIO<\/h3>\n<\/blockquote>\n<p><strong><a class=\"dt-pswp-item\" href=\"https:\/\/www.radiopiu.net\/wordpress\/wp-content\/uploads\/2023\/11\/calcio.jpg\" data-dt-img-description=\"\" data-large_image_width=\"1280\" data-large_image_height=\"853\"><img loading=\"lazy\" decoding=\"async\" class=\" wp-image-360218 alignleft\" src=\"https:\/\/www.radiopiu.net\/wordpress\/wp-content\/uploads\/2023\/11\/calcio-300x200.jpg\" alt=\"\" width=\"245\" height=\"163\" srcset=\"https:\/\/www.radiopiu.net\/wordpress\/wp-content\/uploads\/2023\/11\/calcio-300x200.jpg 300w, https:\/\/www.radiopiu.net\/wordpress\/wp-content\/uploads\/2023\/11\/calcio-1024x682.jpg 1024w, https:\/\/www.radiopiu.net\/wordpress\/wp-content\/uploads\/2023\/11\/calcio-768x512.jpg 768w, https:\/\/www.radiopiu.net\/wordpress\/wp-content\/uploads\/2023\/11\/calcio.jpg 1280w\" sizes=\"auto, (max-width: 245px) 100vw, 245px\" \/><\/a>DI MARCO GAZ<\/strong><\/p>\n<p><strong>REDAZIONE <\/strong>Il weekend segna l\u2019avvio ufficiale della nuova stagione dell&#8217;Agordina Calcio, che si apre con attese e curiosit\u00e0 sia per la prima squadra sia per il settore giovanile. Grande attesa per il debutto della prima squadra, che torna a calcare i campi della Seconda Categoria. I biancazzurri esordiranno domani, alle 15:30, sul campo di Agordo, affrontando l\u2019Auronzo in un match gi\u00e0 molto sentito.\u00a0 Il fine settimana segna anche l\u2019inizio dell\u2019attivit\u00e0 ufficiale per il settore giovanile. Toccher\u00e0 agli Allievi Regionali rompere il ghiaccio con il primo impegno di campionato. L\u2019appuntamento \u00e8 fissato per domani mattina, alle 10:30, quando l\u2019Agordina affronter\u00e0 il Treporti in una sfida importante per iniziare con il piede giusto.<\/p>\n<blockquote>\n<h2><\/h2>\n<h2><strong>OGGI AD ALLEGHE LA TERZA FESTA DELLO SCI VENETO<\/strong><\/h2>\n<\/blockquote>\n<p>L\u2019inizio \u00e8 previsto per le 10.30. Il programma prevede la presentazione delle squadre regionali delle diverse discipline per la stagione 2025-2026 e la premiazione dei circuiti istituzionali 2024-2025. Verranno inoltre premiati gli atleti meritevoli in ambito sportivo e scolastico.\u00a0 Interverr\u00e0 la pluricampionessa olimpica Manuela Di Centa.<\/p>\n<p>&nbsp;<\/p>\n<p>&nbsp;<\/p>\n<blockquote>\n<h1>DOMANI AI PIANI DI PEZZE&#8217; LA &#8220;SEDICI COMUNI DELL&#8217;AGORDINO&#8221;<\/h1>\n<\/blockquote>\n<p>Domani\u00a0 il gran giorno! Dopo 16 anni il Trofeo dei 16 Comuni torna ad Alleghe, ai Piani di Pezz\u00e8. Tutto \u00e8 pronto per una grande festa, ne abbiamo parlato con: Danilo De Toni sindaco di Alleghe,\u00a0 Morena Stefanon consigliere comunale, Omar Pini\u00e8 Presidente Proloco Alleghe e Ivano &#8220;Doric&#8221; Da Tos<\/p>\n<audio class=\"wp-audio-shortcode\" id=\"audio-469361-20\" preload=\"none\" style=\"width: 100%;\" controls=\"controls\"><source type=\"audio\/mpeg\" src=\"https:\/\/www.radiopiu.net\/wordpress\/wp-content\/uploads\/2025\/09\/SEDICI-COMUNI-2025-DANILO-DE-TONI.mp3?_=20\" \/><a href=\"https:\/\/www.radiopiu.net\/wordpress\/wp-content\/uploads\/2025\/09\/SEDICI-COMUNI-2025-DANILO-DE-TONI.mp3\">https:\/\/www.radiopiu.net\/wordpress\/wp-content\/uploads\/2025\/09\/SEDICI-COMUNI-2025-DANILO-DE-TONI.mp3<\/a><\/audio>\n<p>&nbsp;<\/p>\n<p><img decoding=\"async\" class=\"aligncenter\" src=\"https:\/\/www.radiopiu.net\/wordpress\/wp-content\/uploads\/2025\/09\/6ef6b8ca-bdf3-472d-a716-0c8c278a5f0f-235x300-1.jpg\" \/><\/p>\n","protected":false},"excerpt":{"rendered":"<p>*** &nbsp; LA\u00a0 APP PER IOS-IPHONE di Nicola Vettorello https:\/\/apps.apple.com\/it\/app\/radio-pi%C3%B9-emittente-agordina\/id1515939845 LA\u00a0 APP RADIO\u00a0 PER ANDROID di Nicola Vettorello https:\/\/play.google.com\/store\/apps\/details?id=net.radiopiu.iniko\u00a0\u00a0\u00a0\u00a0\u00a0 &nbsp; \u00a0\u00a0 OGGI SU RADIOPI\u00d9: MUSICA, informazione\u00a0 e dirette\u00a0 ALLE 8.05 LA RASSEGNA STAMPA LOCALE 8.25 WEEK END MARINA C&#8217;E&#8217; 900\u00a0 MOTORI E SPERANZA DOMANI A FALCADE (FOTO) 9.40 LE NOVITA&#8217; DI MARCO GAZ 10.10 SEI&hellip;<\/p>\n","protected":false},"author":4,"featured_media":469463,"comment_status":"closed","ping_status":"closed","sticky":false,"template":"","format":"standard","meta":{"_monsterinsights_skip_tracking":false,"_monsterinsights_sitenote_active":false,"_monsterinsights_sitenote_note":"","_monsterinsights_sitenote_category":0,"footnotes":""},"categories":[51,86,49],"tags":[],"class_list":["post-469361","post","type-post","status-publish","format-standard","has-post-thumbnail","hentry","category-evidenza-top","category-gr","category-news-18","category-51","category-86","category-49","description-off"],"img_url":"https:\/\/www.radiopiu.net\/wordpress\/wp-content\/uploads\/2025\/09\/photo_5920135921435528233_y.jpg","_links":{"self":[{"href":"https:\/\/www.radiopiu.net\/wordpress\/wp-json\/wp\/v2\/posts\/469361","targetHints":{"allow":["GET"]}}],"collection":[{"href":"https:\/\/www.radiopiu.net\/wordpress\/wp-json\/wp\/v2\/posts"}],"about":[{"href":"https:\/\/www.radiopiu.net\/wordpress\/wp-json\/wp\/v2\/types\/post"}],"author":[{"embeddable":true,"href":"https:\/\/www.radiopiu.net\/wordpress\/wp-json\/wp\/v2\/users\/4"}],"replies":[{"embeddable":true,"href":"https:\/\/www.radiopiu.net\/wordpress\/wp-json\/wp\/v2\/comments?post=469361"}],"version-history":[{"count":20,"href":"https:\/\/www.radiopiu.net\/wordpress\/wp-json\/wp\/v2\/posts\/469361\/revisions"}],"predecessor-version":[{"id":469530,"href":"https:\/\/www.radiopiu.net\/wordpress\/wp-json\/wp\/v2\/posts\/469361\/revisions\/469530"}],"wp:featuredmedia":[{"embeddable":true,"href":"https:\/\/www.radiopiu.net\/wordpress\/wp-json\/wp\/v2\/media\/469463"}],"wp:attachment":[{"href":"https:\/\/www.radiopiu.net\/wordpress\/wp-json\/wp\/v2\/media?parent=469361"}],"wp:term":[{"taxonomy":"category","embeddable":true,"href":"https:\/\/www.radiopiu.net\/wordpress\/wp-json\/wp\/v2\/categories?post=469361"},{"taxonomy":"post_tag","embeddable":true,"href":"https:\/\/www.radiopiu.net\/wordpress\/wp-json\/wp\/v2\/tags?post=469361"}],"curies":[{"name":"wp","href":"https:\/\/api.w.org\/{rel}","templated":true}]}}