{"id":469388,"date":"2025-09-12T15:24:49","date_gmt":"2025-09-12T13:24:49","guid":{"rendered":"https:\/\/www.radiopiu.net\/wordpress\/?p=469388"},"modified":"2025-09-12T15:24:49","modified_gmt":"2025-09-12T13:24:49","slug":"radiologia-con-il-dottor-giovanni-marcantoni","status":"publish","type":"post","link":"https:\/\/www.radiopiu.net\/wordpress\/radiologia-con-il-dottor-giovanni-marcantoni\/","title":{"rendered":"RADIOLOGIA CON IL DOTTOR GIOVANNI MARCANTONI\u00a0"},"content":{"rendered":"<p>***<\/p>\n<p>&nbsp;<\/p>\n<p><strong>PUNTATA DEL 12 SETTEMBRE 2025 &#8211;<\/strong><\/p>\n<p><a class=\"dt-pswp-item\" href=\"https:\/\/www.radiopiu.net\/wordpress\/wp-content\/uploads\/2025\/09\/marcantoni.png\" data-dt-img-description=\"\" data-large_image_width=\"232\" data-large_image_height=\"219\"><img loading=\"lazy\" decoding=\"async\" class=\" wp-image-469387 alignleft\" src=\"https:\/\/www.radiopiu.net\/wordpress\/wp-content\/uploads\/2025\/09\/marcantoni.png\" alt=\"\" width=\"182\" height=\"172\" \/><\/a>Laurea in medicina e Chirurgia presso l&#8217;Universit\u00e0 di Padova il 15-7-1977. Diploma di Specializzazione in Radiodiagnostica presso l&#8217;Universit\u00e0 di Padova il16-12-1983. Idoneit\u00e0 a Primario di Radiodiagnostica sessione 1986. Insegnamento per 11 anni presso la Scuola Tecnici Sanitari di Radiologia. Medica di Venezia. Competenze professionali: Radiologia Convenzionale, Senologia, Ecografia internistica ed osteoarticolare, TAC, RNM articolare.<\/p>\n<audio class=\"wp-audio-shortcode\" id=\"audio-469388-1\" preload=\"none\" style=\"width: 100%;\" controls=\"controls\"><source type=\"audio\/mpeg\" src=\"https:\/\/www.radiopiu.net\/wordpress\/wp-content\/uploads\/2025\/09\/GIOVANNI-MARCANTONI.mp3?_=1\" \/><a href=\"https:\/\/www.radiopiu.net\/wordpress\/wp-content\/uploads\/2025\/09\/GIOVANNI-MARCANTONI.mp3\">https:\/\/www.radiopiu.net\/wordpress\/wp-content\/uploads\/2025\/09\/GIOVANNI-MARCANTONI.mp3<\/a><\/audio>\n<p>&nbsp;<\/p>\n<p>la raccolta completa<\/p>\n<blockquote class=\"wp-embedded-content\" data-secret=\"1EOsGLu5aN\"><p><a href=\"https:\/\/www.radiopiu.net\/wordpress\/i-professionisti-del-poliambulatorio-agordino-le-interviste-le-interviste\/\">I PROFESSIONISTI DEL POLIAMBULATORIO AGORDINO  &#8211; LE INTERVISTE<\/a><\/p><\/blockquote>\n<p><iframe loading=\"lazy\" class=\"wp-embedded-content\" sandbox=\"allow-scripts\" security=\"restricted\" style=\"position: absolute; visibility: hidden;\" title=\"&#8220;I PROFESSIONISTI DEL POLIAMBULATORIO AGORDINO  &#8211; LE INTERVISTE&#8221; &#8212; Radio Pi\u00f9\" src=\"https:\/\/www.radiopiu.net\/wordpress\/i-professionisti-del-poliambulatorio-agordino-le-interviste-le-interviste\/embed\/#?secret=Peu5y5bFrK#?secret=1EOsGLu5aN\" data-secret=\"1EOsGLu5aN\" width=\"600\" height=\"338\" frameborder=\"0\" marginwidth=\"0\" marginheight=\"0\" scrolling=\"no\"><\/iframe><\/p>\n","protected":false},"excerpt":{"rendered":"<p>*** &nbsp; PUNTATA DEL 12 SETTEMBRE 2025 &#8211; Laurea in medicina e Chirurgia presso l&#8217;Universit\u00e0 di Padova il 15-7-1977. Diploma di Specializzazione in Radiodiagnostica presso l&#8217;Universit\u00e0 di Padova il16-12-1983. Idoneit\u00e0 a Primario di Radiodiagnostica sessione 1986. Insegnamento per 11 anni presso la Scuola Tecnici Sanitari di Radiologia. Medica di Venezia. Competenze professionali: Radiologia Convenzionale, Senologia,&hellip;<\/p>\n","protected":false},"author":4,"featured_media":469387,"comment_status":"closed","ping_status":"closed","sticky":false,"template":"","format":"standard","meta":{"_monsterinsights_skip_tracking":false,"_monsterinsights_sitenote_active":false,"_monsterinsights_sitenote_note":"","_monsterinsights_sitenote_category":0,"footnotes":""},"categories":[49],"tags":[],"class_list":["post-469388","post","type-post","status-publish","format-standard","has-post-thumbnail","hentry","category-news-18","category-49","description-off"],"img_url":"https:\/\/www.radiopiu.net\/wordpress\/wp-content\/uploads\/2025\/09\/marcantoni.png","_links":{"self":[{"href":"https:\/\/www.radiopiu.net\/wordpress\/wp-json\/wp\/v2\/posts\/469388","targetHints":{"allow":["GET"]}}],"collection":[{"href":"https:\/\/www.radiopiu.net\/wordpress\/wp-json\/wp\/v2\/posts"}],"about":[{"href":"https:\/\/www.radiopiu.net\/wordpress\/wp-json\/wp\/v2\/types\/post"}],"author":[{"embeddable":true,"href":"https:\/\/www.radiopiu.net\/wordpress\/wp-json\/wp\/v2\/users\/4"}],"replies":[{"embeddable":true,"href":"https:\/\/www.radiopiu.net\/wordpress\/wp-json\/wp\/v2\/comments?post=469388"}],"version-history":[{"count":2,"href":"https:\/\/www.radiopiu.net\/wordpress\/wp-json\/wp\/v2\/posts\/469388\/revisions"}],"predecessor-version":[{"id":469392,"href":"https:\/\/www.radiopiu.net\/wordpress\/wp-json\/wp\/v2\/posts\/469388\/revisions\/469392"}],"wp:featuredmedia":[{"embeddable":true,"href":"https:\/\/www.radiopiu.net\/wordpress\/wp-json\/wp\/v2\/media\/469387"}],"wp:attachment":[{"href":"https:\/\/www.radiopiu.net\/wordpress\/wp-json\/wp\/v2\/media?parent=469388"}],"wp:term":[{"taxonomy":"category","embeddable":true,"href":"https:\/\/www.radiopiu.net\/wordpress\/wp-json\/wp\/v2\/categories?post=469388"},{"taxonomy":"post_tag","embeddable":true,"href":"https:\/\/www.radiopiu.net\/wordpress\/wp-json\/wp\/v2\/tags?post=469388"}],"curies":[{"name":"wp","href":"https:\/\/api.w.org\/{rel}","templated":true}]}}