{"id":469412,"date":"2025-09-12T16:42:47","date_gmt":"2025-09-12T14:42:47","guid":{"rendered":"https:\/\/www.radiopiu.net\/wordpress\/?p=469412"},"modified":"2025-09-12T16:58:38","modified_gmt":"2025-09-12T14:58:38","slug":"agordo-la-piazza-ritrova-i-suoi-colori","status":"publish","type":"post","link":"https:\/\/www.radiopiu.net\/wordpress\/agordo-la-piazza-ritrova-i-suoi-colori\/","title":{"rendered":"AGORDO, LA PIAZZA RITROVA I SUOI COLORI"},"content":{"rendered":"<p>***<\/p>\n<p>&nbsp;<\/p>\n<p><strong>AGORDO<\/strong> Senza voler indulgere in retorica o sembrare troppo compiacenti verso l\u2019attuale gruppo di governo cittadino, credo che se la piazza potesse parlare direbbe una sola parola: <em data-start=\"348\" data-end=\"356\">grazie<\/em>. Grazie per averle restituito i suoi colori originali, quelli che raccontano una storia e un\u2019identit\u00e0. La piazza con i suoi 16 Pop oggi torna a mostrarsi come un luogo vivo, accogliente, fedele alla memoria di chi l\u2019ha abitata e attraversata negli anni. Un intervento che va oltre il semplice restauro urbano: \u00e8 un gesto di rispetto verso la comunit\u00e0, che ritrova il cuore pulsante del paese nella sua veste autentica. Perch\u00e9 le piazze non sono solo spazi architettonici, ma luoghi di incontro, simboli condivisi, memoria collettiva. E allora s\u00ec, oggi Agordo pu\u00f2 sentirsi un po\u2019 pi\u00f9 se stessa.<\/p>\n<p>mirko mezzacasa<\/p>\n\n\t\t\t<style type='text\/css'>\n\t\t\t\t#gallery-1 {\n\t\t\t\t\tmargin: auto;\n\t\t\t\t}\n\t\t\t\t#gallery-1 .gallery-item {\n\t\t\t\t\tfloat: left;\n\t\t\t\t\tmargin-top: 10px;\n\t\t\t\t\ttext-align: center;\n\t\t\t\t\twidth: 25%;\n\t\t\t\t}\n\t\t\t\t#gallery-1 img {\n\t\t\t\t\tborder: 2px solid #cfcfcf;\n\t\t\t\t}\n\t\t\t\t#gallery-1 .gallery-caption {\n\t\t\t\t\tmargin-left: 0;\n\t\t\t\t}\n\t\t\t\t\/* see gallery_shortcode() in wp-includes\/media.php *\/\n\t\t\t<\/style>\n\t\t<div id='gallery-1' class='dt-gallery-container gallery galleryid-469412 gallery-columns-4 gallery-size-thumbnail'><dl class='gallery-item'>\n\t\t\t\t<dt class='gallery-icon portrait'>\n\t\t\t\t\t<a class=\"rollover rollover-zoom dt-pswp-item\" title=\"41669985_10217790746027201_6747558303947030528_n\" data-dt-img-description=\"\" data-large_image_width=\"526\" data-large_image_height=\"936\"href='https:\/\/www.radiopiu.net\/wordpress\/wp-content\/uploads\/2025\/09\/41669985_10217790746027201_6747558303947030528_n-1.jpg'><img loading=\"lazy\" decoding=\"async\" width=\"150\" height=\"150\" src=\"https:\/\/www.radiopiu.net\/wordpress\/wp-content\/uploads\/2025\/09\/41669985_10217790746027201_6747558303947030528_n-1-150x150.jpg\" class=\"attachment-thumbnail size-thumbnail\" alt=\"\" \/><\/a>\n\t\t\t\t<\/dt><\/dl><dl class='gallery-item'>\n\t\t\t\t<dt class='gallery-icon landscape'>\n\t\t\t\t\t<a class=\"rollover rollover-zoom dt-pswp-item\" title=\"4c9915e0-e2ea-4111-a796-cf6c80044633-300x225\" data-dt-img-description=\"\" data-large_image_width=\"300\" data-large_image_height=\"225\"href='https:\/\/www.radiopiu.net\/wordpress\/wp-content\/uploads\/2025\/09\/4c9915e0-e2ea-4111-a796-cf6c80044633-300x225-1.jpg'><img loading=\"lazy\" decoding=\"async\" width=\"150\" height=\"150\" src=\"https:\/\/www.radiopiu.net\/wordpress\/wp-content\/uploads\/2025\/09\/4c9915e0-e2ea-4111-a796-cf6c80044633-300x225-1-150x150.jpg\" class=\"attachment-thumbnail size-thumbnail\" alt=\"\" \/><\/a>\n\t\t\t\t<\/dt><\/dl><dl class='gallery-item'>\n\t\t\t\t<dt class='gallery-icon landscape'>\n\t\t\t\t\t<a class=\"rollover rollover-zoom dt-pswp-item\" title=\"Immagine-2025-08-15-084521-1-300x155\" data-dt-img-description=\"\" data-large_image_width=\"300\" data-large_image_height=\"155\"href='https:\/\/www.radiopiu.net\/wordpress\/wp-content\/uploads\/2025\/09\/Immagine-2025-08-15-084521-1-300x155-1.png'><img loading=\"lazy\" decoding=\"async\" width=\"150\" height=\"150\" src=\"https:\/\/www.radiopiu.net\/wordpress\/wp-content\/uploads\/2025\/09\/Immagine-2025-08-15-084521-1-300x155-1-150x150.png\" class=\"attachment-thumbnail size-thumbnail\" alt=\"\" \/><\/a>\n\t\t\t\t<\/dt><\/dl><dl class='gallery-item'>\n\t\t\t\t<dt class='gallery-icon landscape'>\n\t\t\t\t\t<a class=\"rollover rollover-zoom dt-pswp-item\" title=\"Screenshot 2025-09-11 102734\" data-dt-img-description=\"\" data-large_image_width=\"642\" data-large_image_height=\"402\"href='https:\/\/www.radiopiu.net\/wordpress\/wp-content\/uploads\/2025\/09\/Screenshot-2025-09-11-102734.png'><img loading=\"lazy\" decoding=\"async\" width=\"150\" height=\"150\" src=\"https:\/\/www.radiopiu.net\/wordpress\/wp-content\/uploads\/2025\/09\/Screenshot-2025-09-11-102734-150x150.png\" class=\"attachment-thumbnail size-thumbnail\" alt=\"\" \/><\/a>\n\t\t\t\t<\/dt><\/dl><br style=\"clear: both\" \/>\n\t\t\t<\/div>\n\n<p>&nbsp;<\/p>\n<p>___<\/p>\n","protected":false},"excerpt":{"rendered":"<p>*** &nbsp; AGORDO Senza voler indulgere in retorica o sembrare troppo compiacenti verso l\u2019attuale gruppo di governo cittadino, credo che se la piazza potesse parlare direbbe una sola parola: grazie. Grazie per averle restituito i suoi colori originali, quelli che raccontano una storia e un\u2019identit\u00e0. La piazza con i suoi 16 Pop oggi torna a&hellip;<\/p>\n","protected":false},"author":4,"featured_media":469186,"comment_status":"closed","ping_status":"closed","sticky":false,"template":"","format":"standard","meta":{"_monsterinsights_skip_tracking":false,"_monsterinsights_sitenote_active":false,"_monsterinsights_sitenote_note":"","_monsterinsights_sitenote_category":0,"footnotes":""},"categories":[104,49],"tags":[],"class_list":["post-469412","post","type-post","status-publish","format-standard","has-post-thumbnail","hentry","category-evidenza_3","category-news-18","category-104","category-49","description-off"],"img_url":"https:\/\/www.radiopiu.net\/wordpress\/wp-content\/uploads\/2025\/09\/Immagine-2025-08-15-084521-1-300x155-1.png","_links":{"self":[{"href":"https:\/\/www.radiopiu.net\/wordpress\/wp-json\/wp\/v2\/posts\/469412","targetHints":{"allow":["GET"]}}],"collection":[{"href":"https:\/\/www.radiopiu.net\/wordpress\/wp-json\/wp\/v2\/posts"}],"about":[{"href":"https:\/\/www.radiopiu.net\/wordpress\/wp-json\/wp\/v2\/types\/post"}],"author":[{"embeddable":true,"href":"https:\/\/www.radiopiu.net\/wordpress\/wp-json\/wp\/v2\/users\/4"}],"replies":[{"embeddable":true,"href":"https:\/\/www.radiopiu.net\/wordpress\/wp-json\/wp\/v2\/comments?post=469412"}],"version-history":[{"count":2,"href":"https:\/\/www.radiopiu.net\/wordpress\/wp-json\/wp\/v2\/posts\/469412\/revisions"}],"predecessor-version":[{"id":469426,"href":"https:\/\/www.radiopiu.net\/wordpress\/wp-json\/wp\/v2\/posts\/469412\/revisions\/469426"}],"wp:featuredmedia":[{"embeddable":true,"href":"https:\/\/www.radiopiu.net\/wordpress\/wp-json\/wp\/v2\/media\/469186"}],"wp:attachment":[{"href":"https:\/\/www.radiopiu.net\/wordpress\/wp-json\/wp\/v2\/media?parent=469412"}],"wp:term":[{"taxonomy":"category","embeddable":true,"href":"https:\/\/www.radiopiu.net\/wordpress\/wp-json\/wp\/v2\/categories?post=469412"},{"taxonomy":"post_tag","embeddable":true,"href":"https:\/\/www.radiopiu.net\/wordpress\/wp-json\/wp\/v2\/tags?post=469412"}],"curies":[{"name":"wp","href":"https:\/\/api.w.org\/{rel}","templated":true}]}}