{"id":469516,"date":"2025-09-15T05:27:47","date_gmt":"2025-09-15T03:27:47","guid":{"rendered":"https:\/\/www.radiopiu.net\/wordpress\/?p=469516"},"modified":"2025-09-15T15:27:41","modified_gmt":"2025-09-15T13:27:41","slug":"giornale-radiopiu-15-settembre-2025-direttore-mirko-mezzacasa","status":"publish","type":"post","link":"https:\/\/www.radiopiu.net\/wordpress\/giornale-radiopiu-15-settembre-2025-direttore-mirko-mezzacasa\/","title":{"rendered":"GIORNALE RADIOPIU 15 SETTEMBRE 2025 DIRETTORE MIRKO MEZZACASA"},"content":{"rendered":"<p>***<\/p>\n<p>&nbsp;<\/p>\n<p><em><span style=\"color: #ff0000;\"><a class=\"dt-pswp-item\" href=\"https:\/\/www.radiopiu.net\/wordpress\/wp-content\/uploads\/2024\/10\/Senza-nome-8.png\" data-dt-img-description=\"\" data-large_image_width=\"343\" data-large_image_height=\"303\"><img loading=\"lazy\" decoding=\"async\" class=\"wp-image-412130 alignleft\" src=\"https:\/\/www.radiopiu.net\/wordpress\/wp-content\/uploads\/2024\/10\/Senza-nome-8-300x265.png\" alt=\"\" width=\"105\" height=\"93\" srcset=\"https:\/\/www.radiopiu.net\/wordpress\/wp-content\/uploads\/2024\/10\/Senza-nome-8-300x265.png 300w, https:\/\/www.radiopiu.net\/wordpress\/wp-content\/uploads\/2024\/10\/Senza-nome-8.png 343w\" sizes=\"auto, (max-width: 105px) 100vw, 105px\" \/><\/a><\/span><\/em><strong><em><span style=\"color: #ff0000;\"> LA\u00a0 APP PER IOS-IPHONE di Nicola Vettorello<\/span><\/em><\/strong><\/p>\n<p><strong><span style=\"color: #0000ff;\"><a style=\"color: #0000ff;\" href=\"https:\/\/apps.apple.com\/it\/app\/radio-pi%C3%B9-emittente-agordina\/id1515939845\">https:\/\/apps.apple.com\/it\/app\/radio-pi%C3%B9-emittente-agordina\/id1515939845<\/a><\/span><\/strong><\/p>\n<p><strong><em style=\"color: #ff0000;\">LA\u00a0 APP RADIO\u00a0 PER ANDROID di Nicola Vettorello<\/em><\/strong><\/p>\n<p><strong><span style=\"color: #0000ff;\"><a style=\"color: #0000ff;\" href=\"https:\/\/play.google.com\/store\/apps\/details?id=net.radiopiu.iniko\" target=\"_blank\" rel=\"noopener noreferrer\">https:\/\/<\/a><a style=\"color: #0000ff;\" href=\"https:\/\/play.google.com\/store\/apps\/details?id=net.radiopiu.iniko\" target=\"_blank\" rel=\"noopener noreferrer\">play.google.com\/store\/apps\/details?id=net.radiopiu.iniko\u00a0\u00a0\u00a0\u00a0\u00a0<\/a><\/span><\/strong><\/p>\n<p>&nbsp;<\/p>\n<hr \/>\n<p><span style=\"color: #0000ff;\">\u00a0\u00a0<\/span><\/p>\n<blockquote>\n<div class=\"mceTemp\">\n<h1 data-start=\"0\" data-end=\"60\"><strong data-start=\"0\" data-end=\"60\">OGGI SU RADIOPI\u00d9: MUSICA, informazione\u00a0 e dirette\u00a0<\/strong><\/h1>\n<\/div>\n<\/blockquote>\n<p class=\"\" data-start=\"62\" data-end=\"463\"><strong><a class=\"dt-pswp-item\" href=\"https:\/\/www.radiopiu.net\/wordpress\/wp-content\/uploads\/2024\/12\/sib-banner-1.jpg\" data-dt-img-description=\"\" data-large_image_width=\"1200\" data-large_image_height=\"670\"><img loading=\"lazy\" decoding=\"async\" class=\"size-medium wp-image-427222 alignleft\" src=\"https:\/\/www.radiopiu.net\/wordpress\/wp-content\/uploads\/2024\/12\/sib-banner-1-300x168.jpg\" alt=\"\" width=\"300\" height=\"168\" srcset=\"https:\/\/www.radiopiu.net\/wordpress\/wp-content\/uploads\/2024\/12\/sib-banner-1-300x168.jpg 300w, https:\/\/www.radiopiu.net\/wordpress\/wp-content\/uploads\/2024\/12\/sib-banner-1-1024x572.jpg 1024w, https:\/\/www.radiopiu.net\/wordpress\/wp-content\/uploads\/2024\/12\/sib-banner-1-768x429.jpg 768w, https:\/\/www.radiopiu.net\/wordpress\/wp-content\/uploads\/2024\/12\/sib-banner-1.jpg 1200w\" sizes=\"auto, (max-width: 300px) 100vw, 300px\" \/><\/a>ALLE 8.05 LA RASSEGNA STAMPA LOCALE 8.25 PIU SIAMO, DI MARINA DONA&#8217; C&#8217;E&#8217;<\/strong><strong> 900\u00a0 OGGI COME IERI DI SILVIA BADO\u00a0 9.40 I RACCONTI DI PAOLO SOPPELSA 10.10 SPORT IN PIAZZA 2025&#8230; LE INTERVISTE DAL BROI DI AGORDO 10.30\u00a0 \u00a0SIB, DI BARBARA PAOLAZZI PER LE TRE RADIO, SERVIZI INTEGRATI BELLUNESI INFORMA &#8211; SECONDA STAGIONE\u00a0 \u00a011.00\u00a0 CURIOSANDO -CURIOSANDO DI PAOLA LANCIATO\u00a0 12.00 IL LISCIO DI MIRCO BENCIVENNI 12.30 GR PRINCIPALE\u00a0 13 10\u00a0 TRE PER DUE PER TE&#8230; DI MARINA\u00a0 13.20\u00a0 LA DESMONTEGADA DI SELVA DI CADORE, LE INTERVISTE DALL&#8217;EVENTO CHE APRE LA STAGIONE DELLE TRADIZIONI AGORDINE 14.00 TRE PEZZI &#8230; LA MUSICA D&#8217;ESTATE<\/strong><strong>\u00a0<\/strong> <strong>16 45 LE HIT STORICHE DI MIRCO BENCIVENNI<\/strong> <strong>18 10 INCLUSIVO SPETTACOLO TEATRALE ALLA CASA DELLE ARTI A BELLUNO 19.05 LE ANTICIPAZIONI DAL TG DI ANTENNA 3 DA UN\u2019IDEA DI TIZIANA BOLOGNANI<\/strong><\/p>\n<p>&nbsp;<\/p>\n<p>&nbsp;<\/p>\n<hr \/>\n<div class=\"x11i5rnm xat24cr x1mh8g0r x1vvkbs xtlvy1s x126k92a\">\n<blockquote>\n<h1><strong><a class=\"dt-pswp-item\" href=\"https:\/\/www.radiopiu.net\/wordpress\/wp-content\/uploads\/2024\/10\/629301fd-708d-4f53-95c2-d28cbefd500f.jpg\" data-dt-img-description=\"\" data-large_image_width=\"1600\" data-large_image_height=\"1322\"><img loading=\"lazy\" decoding=\"async\" class=\"wp-image-413782 alignright\" src=\"https:\/\/www.radiopiu.net\/wordpress\/wp-content\/uploads\/2024\/10\/629301fd-708d-4f53-95c2-d28cbefd500f-300x248.jpg\" alt=\"\" width=\"106\" height=\"88\" srcset=\"https:\/\/www.radiopiu.net\/wordpress\/wp-content\/uploads\/2024\/10\/629301fd-708d-4f53-95c2-d28cbefd500f-300x248.jpg 300w, https:\/\/www.radiopiu.net\/wordpress\/wp-content\/uploads\/2024\/10\/629301fd-708d-4f53-95c2-d28cbefd500f-1024x846.jpg 1024w, https:\/\/www.radiopiu.net\/wordpress\/wp-content\/uploads\/2024\/10\/629301fd-708d-4f53-95c2-d28cbefd500f-768x635.jpg 768w, https:\/\/www.radiopiu.net\/wordpress\/wp-content\/uploads\/2024\/10\/629301fd-708d-4f53-95c2-d28cbefd500f-1536x1269.jpg 1536w, https:\/\/www.radiopiu.net\/wordpress\/wp-content\/uploads\/2024\/10\/629301fd-708d-4f53-95c2-d28cbefd500f.jpg 1600w\" sizes=\"auto, (max-width: 106px) 100vw, 106px\" \/><\/a><\/strong><\/h1>\n<h1><strong><a class=\"dt-pswp-item\" href=\"https:\/\/www.radiopiu.net\/wordpress\/wp-content\/uploads\/2024\/11\/th-18.jpg\" data-dt-img-description=\"\" data-large_image_width=\"156\" data-large_image_height=\"180\"><img loading=\"lazy\" decoding=\"async\" class=\"size-full wp-image-421611 alignleft\" src=\"https:\/\/www.radiopiu.net\/wordpress\/wp-content\/uploads\/2024\/11\/th-18.jpg\" alt=\"\" width=\"156\" height=\"180\" \/><\/a><\/strong><\/h1>\n<h1><strong>N di parom &#8211; L Almanach de la nosta jent<\/strong><\/h1>\n<\/blockquote>\n<p>&nbsp;<\/p>\n<p>Le voci: Davide Conedera, Agordo, Michela Dell&#8217;Osbel, La Valle Agordina Simone Ganz, Falcade Veronica Lezuo, Colle Santa Lucia. La voce nella sigla \u00e8 di Giorgia Taio<\/p>\n<p><strong>LA PUNTATA DI OGGI, 15 SETTEMBRE 2025<\/strong><\/p>\n<audio class=\"wp-audio-shortcode\" id=\"audio-469516-1\" preload=\"none\" style=\"width: 100%;\" controls=\"controls\"><source type=\"audio\/mpeg\" src=\"https:\/\/www.radiopiu.net\/wordpress\/wp-content\/uploads\/2025\/09\/AL1-2.mp3?_=1\" \/><a href=\"https:\/\/www.radiopiu.net\/wordpress\/wp-content\/uploads\/2025\/09\/AL1-2.mp3\">https:\/\/www.radiopiu.net\/wordpress\/wp-content\/uploads\/2025\/09\/AL1-2.mp3<\/a><\/audio>\n<p>&nbsp;<\/p>\n<\/div>\n<p>&nbsp;<\/p>\n<hr \/>\n<p>&nbsp;<\/p>\n<p>&nbsp;<\/p>\n<div class=\"x11i5rnm xat24cr x1mh8g0r x1vvkbs xtlvy1s x126k92a\">\n<div dir=\"auto\">\n<div dir=\"auto\">\n<p><strong><a class=\"dt-pswp-item\" href=\"https:\/\/www.radiopiu.net\/wordpress\/wp-content\/uploads\/2025\/07\/file-2.jpg\" data-dt-img-description=\"\" data-large_image_width=\"640\" data-large_image_height=\"641\"><img loading=\"lazy\" decoding=\"async\" class=\"wp-image-460616 alignleft\" src=\"https:\/\/www.radiopiu.net\/wordpress\/wp-content\/uploads\/2025\/07\/file-2-300x300.jpg\" alt=\"\" width=\"141\" height=\"141\" srcset=\"https:\/\/www.radiopiu.net\/wordpress\/wp-content\/uploads\/2025\/07\/file-2-300x300.jpg 300w, https:\/\/www.radiopiu.net\/wordpress\/wp-content\/uploads\/2025\/07\/file-2-150x150.jpg 150w, https:\/\/www.radiopiu.net\/wordpress\/wp-content\/uploads\/2025\/07\/file-2.jpg 640w\" sizes=\"auto, (max-width: 141px) 100vw, 141px\" \/><\/a>EL BAL DEL FIOR, DI GIULIANA DA RONCH, 15 SETTEMBRE<\/strong><strong>\u00a02025<\/strong><\/p>\n<\/div>\n<\/div>\n<div dir=\"auto\">\n<div dir=\"auto\">\n<p>&nbsp;<\/p>\n<p>&nbsp;<\/p>\n<\/div>\n<\/div>\n<\/div>\n<div class=\"x11i5rnm xat24cr x1mh8g0r x1vvkbs xtlvy1s x126k92a\">\n<div dir=\"auto\">\n<audio class=\"wp-audio-shortcode\" id=\"audio-469516-2\" preload=\"none\" style=\"width: 100%;\" controls=\"controls\"><source type=\"audio\/mpeg\" src=\"https:\/\/www.radiopiu.net\/wordpress\/wp-content\/uploads\/2025\/09\/GLU-2.mp3?_=2\" \/><a href=\"https:\/\/www.radiopiu.net\/wordpress\/wp-content\/uploads\/2025\/09\/GLU-2.mp3\">https:\/\/www.radiopiu.net\/wordpress\/wp-content\/uploads\/2025\/09\/GLU-2.mp3<\/a><\/audio>\n<p>&nbsp;<\/p>\n<p>&nbsp;<\/p>\n<hr \/>\n<\/div>\n<\/div>\n<blockquote>\n<blockquote>\n<h1><span style=\"color: #ff0000;\">\u00a0<\/span><\/h1>\n<h1><span style=\"color: #ff0000;\">I podcast informativi del mattino &#8211; audio &#8211;\u00a0\u00a0<\/span><\/h1>\n<\/blockquote>\n<p><strong><a class=\"dt-pswp-item\" href=\"https:\/\/www.radiopiu.net\/wordpress\/wp-content\/uploads\/2024\/11\/6.jpg\" data-dt-img-description=\"\" data-large_image_width=\"177\" data-large_image_height=\"180\"><img loading=\"lazy\" decoding=\"async\" class=\"size-full wp-image-417911 alignleft\" src=\"https:\/\/www.radiopiu.net\/wordpress\/wp-content\/uploads\/2024\/11\/6.jpg\" alt=\"\" width=\"177\" height=\"180\" \/><\/a>LA RASSEGNA STAMPA NAZIONALE ALLA RADIO, OGNI GIORNO ALLE 5 E ALLE 6 DEL MATTINO <span style=\"color: #0000ff;\">viene pubblicata alle 6.00 <span style=\"color: #ff0000;\">DIRETTA RADIO\u00a0 \u00a0\u00a0<\/span><\/span><\/strong><\/p><\/blockquote>\n<h1><strong>NOTIZIE DELLA NOTTE\u00a0 <\/strong><\/h1>\n<p><strong>\u00a0<\/strong><\/p>\n<blockquote>\n<h2><em>\u00a0<\/em><\/h2>\n<\/blockquote>\n<div class=\"flex basis-auto flex-col -mb-(--composer-overlap-px) [--composer-overlap-px:55px] grow overflow-hidden\">\n<div class=\"relative h-full\">\n<div class=\"flex h-full flex-col overflow-y-auto [scrollbar-gutter:stable_both-edges] @[84rem]\/thread:pt-(--header-height)\">\n<div class=\"@thread-xl\/thread:pt-header-height flex flex-col text-sm pb-25\">\n<article class=\"text-token-text-primary w-full focus:outline-none scroll-mt-[calc(var(--header-height)+min(200px,max(70px,20svh)))]\" dir=\"auto\" tabindex=\"-1\" data-testid=\"conversation-turn-68\" data-scroll-anchor=\"true\" data-turn=\"assistant\">\n<div class=\"text-base my-auto mx-auto pb-10 [--thread-content-margin:--spacing(4)] @[37rem]:[--thread-content-margin:--spacing(6)] @[72rem]:[--thread-content-margin:--spacing(16)] px-(--thread-content-margin)\">\n<div class=\"[--thread-content-max-width:32rem] @[34rem]:[--thread-content-max-width:40rem] @[64rem]:[--thread-content-max-width:48rem] mx-auto max-w-(--thread-content-max-width) flex-1 group\/turn-messages focus-visible:outline-hidden relative flex w-full min-w-0 flex-col agent-turn\" tabindex=\"-1\">\n<div class=\"flex max-w-full flex-col grow\">\n<div class=\"min-h-8 text-message relative flex w-full flex-col items-end gap-2 text-start break-words whitespace-normal [.text-message+&amp;]:mt-5\" dir=\"auto\" data-message-author-role=\"assistant\" data-message-id=\"44b2bab2-310d-4a9e-8ff2-f21a32a7d5b3\" data-message-model-slug=\"gpt-4-1-mini\">\n<div class=\"flex w-full flex-col gap-1 empty:hidden first:pt-[3px]\">\n<div class=\"markdown prose dark:prose-invert w-full break-words dark\">\n<div class=\"pointer-events-none h-px w-px\" aria-hidden=\"true\" data-edge=\"true\">\n<p data-start=\"71\" data-end=\"160\"><strong data-start=\"71\" data-end=\"158\">EMMY, PREMI TRA SORPRESE E GIOVANI TALENTI. SULLO SFONDO LA POLITICA INTERNAZIONALE<\/strong><\/p>\n<p data-start=\"162\" data-end=\"530\"><strong>Notte di stelle per la televisione americana<\/strong>. Stephen Colbert ha conquistato l\u2019Emmy poco prima della sospensione della cerimonia, mentre Stephen Graham \u00e8 stato premiato come miglior attore per <em data-start=\"355\" data-end=\"368\">Adolescence<\/em>. A sorpresa, a soli 15 anni, Owen Cooper ha scritto una pagina di storia diventando uno dei pi\u00f9 giovani vincitori della statuetta, proprio per la stessa serie.<\/p>\n<p data-start=\"714\" data-end=\"989\"><strong>mentre il mondo dello spettacolo celebrava i suoi protagonisti<\/strong>, lo scenario internazionale restava in fermento. In Cina la produzione industriale di agosto \u00e8 cresciuta del 5,2%, il minimo da dodici mesi: un segnale di rallentamento che preoccupa i mercati globali.<\/p>\n<p data-start=\"991\" data-end=\"1438\"><strong>Negli Stati Uniti,<\/strong> tensioni attorno al presidente Donald Trump: lo spazio aereo sopra il suo resort di Bedminster \u00e8 stato violato cinque volte in poche ore. E nelle sue dichiarazioni non sono mancati riferimenti alla politica estera: Trump ha definito il Qatar \u201cun grande alleato degli Usa\u201d, mentre ha ammonito Netanyahu con un \u201cBibi stia attento\u201d. Critiche poi all\u2019Europa, accusata di non avere imposto sanzioni abbastanza dure alla Russia.<\/p>\n<p data-start=\"1440\" data-end=\"1611\"><strong>guerra in Ucrain<\/strong>a, Kiev ha colpito una raffineria e linee ferroviarie russe. Bruxelles avverte: \u201cL\u2019escalation di droni \u00e8 una minaccia per la sicurezza\u201d.<\/p>\n<p data-start=\"1613\" data-end=\"1845\"><strong>In Italia, <\/strong>\u00a0la politica guarda alla manovra. Il ministro dell\u2019Economia Giancarlo Giorgetti ha confermato l\u2019obiettivo di concentrare le risorse su Irpef e rottamazione, seguendo quelle che definisce \u201cle priorit\u00e0 del Paese\u201d.<strong>\u00a0<\/strong><\/p>\n<\/div>\n<\/div>\n<\/div>\n<\/div>\n<\/div>\n<\/div>\n<\/div>\n<\/article>\n<\/div>\n<\/div>\n<\/div>\n<\/div>\n<h1>IL GIORNALE DELLE SEI DEL MATTINO<\/h1>\n<audio class=\"wp-audio-shortcode\" id=\"audio-469516-3\" preload=\"none\" style=\"width: 100%;\" controls=\"controls\"><source type=\"audio\/mpeg\" src=\"https:\/\/www.radiopiu.net\/wordpress\/wp-content\/uploads\/2025\/09\/GIORNALEDELLESEI-13.mp3?_=3\" \/><a href=\"https:\/\/www.radiopiu.net\/wordpress\/wp-content\/uploads\/2025\/09\/GIORNALEDELLESEI-13.mp3\">https:\/\/www.radiopiu.net\/wordpress\/wp-content\/uploads\/2025\/09\/GIORNALEDELLESEI-13.mp3<\/a><\/audio>\n<p>&nbsp;<\/p>\n<p>&nbsp;<\/p>\n<p>&nbsp;<\/p>\n<hr \/>\n<p>&nbsp;<\/p>\n<h1 style=\"text-align: center;\"><span style=\"color: #ff0000;\"><a class=\"dt-pswp-item\" href=\"https:\/\/www.radiopiu.net\/wordpress\/wp-content\/uploads\/2025\/09\/Screenshot-2025-09-15-053614.png\" data-dt-img-description=\"\" data-large_image_width=\"490\" data-large_image_height=\"382\"><img loading=\"lazy\" decoding=\"async\" class=\"size-medium wp-image-469835 alignleft\" src=\"https:\/\/www.radiopiu.net\/wordpress\/wp-content\/uploads\/2025\/09\/Screenshot-2025-09-15-053614-300x234.png\" alt=\"\" width=\"300\" height=\"234\" srcset=\"https:\/\/www.radiopiu.net\/wordpress\/wp-content\/uploads\/2025\/09\/Screenshot-2025-09-15-053614-300x234.png 300w, https:\/\/www.radiopiu.net\/wordpress\/wp-content\/uploads\/2025\/09\/Screenshot-2025-09-15-053614.png 490w\" sizes=\"auto, (max-width: 300px) 100vw, 300px\" \/><\/a>I podcast informativi del mattino &#8211; audio &#8211;\u00a0<\/span><\/h1>\n<p><strong>OGNI GIORNO ALLE SETTE DEL MATTINO, LA RASSEGNA STAMPA LOCALE FLASH&#8230; PER CHI VA IN FRETTA. I TITOLI DAI GIORNALI E DAL SITO WWW.RADIOPIU.NET <span style=\"color: #0000ff;\">viene pubblicato alle 7.00<\/span> <span style=\"color: #ff0000;\">DIRETTA RADIO\u00a0<\/span><\/strong><\/p>\n<p><em><span style=\"color: #ff0000;\">per chi va in fretta&#8230; tante notizie in pochi minuti. L&#8217;informazione locale alla radio, ogni ora dalle 7 del mattino alle 19 della sera.\u00a0\u00a0<\/span><\/em><\/p>\n<p><strong data-start=\"0\" data-end=\"62\">Notizie locali dal Bellunese: tra cronaca, eventi e novit\u00e0<\/strong><\/p>\n<p>&nbsp;<\/p>\n<div class=\"flex flex-1 grow basis-auto flex-col overflow-hidden\">\n<div class=\"relative h-full\">\n<div class=\"flex h-full flex-col overflow-y-auto [scrollbar-gutter:stable]\">\n<div class=\"mt-1.5 flex flex-col text-sm @thread-xl\/thread:pt-header-height md:pb-9\">\n<article class=\"group\/turn w-full text-token-text-primary focus-visible:outline-none\" dir=\"auto\" tabindex=\"-1\" data-testid=\"conversation-turn-2\" data-scroll-anchor=\"true\">\n<div class=\"text-base my-auto mx-auto py-5 px-6\">\n<div class=\"mx-auto flex flex-1 text-base gap-4 md:gap-5 lg:gap-6 md:max-w-3xl\">\n<div class=\"group\/conversation-turn relative flex w-full min-w-0 flex-col agent-turn @xs\/thread:px-0 @sm\/thread:px-1.5 @md\/thread:px-4\">\n<div class=\"relative flex-col gap-1 md:gap-3\">\n<div class=\"flex max-w-full flex-col flex-grow\">\n<div class=\"min-h-8 text-message relative flex w-full flex-col items-end gap-2 whitespace-normal break-words text-start [.text-message+&amp;]:mt-5\" dir=\"auto\" data-message-author-role=\"assistant\" data-message-id=\"bff05fc0-dc7c-4ab7-9b20-d3eec753127b\" data-message-model-slug=\"gpt-4o-mini\">\n<div class=\"flex w-full flex-col gap-1 empty:hidden first:pt-[3px]\">\n<div class=\"markdown prose w-full break-words dark:prose-invert dark\">\n<p class=\"\" data-start=\"64\" data-end=\"329\"><em><strong>Radio Pi\u00f9 offre una panoramica sui principali eventi e notizie in provincia di Belluno, accompagnata dalla programmazione radiofonica. Tra le principali notizie<\/strong><\/em><\/p>\n<\/div>\n<\/div>\n<\/div>\n<\/div>\n<\/div>\n<\/div>\n<\/div>\n<\/div>\n<\/article>\n<\/div>\n<\/div>\n<\/div>\n<\/div>\n<h1>AUDIO dalle 7 del mattino<\/h1>\n<audio class=\"wp-audio-shortcode\" id=\"audio-469516-4\" preload=\"none\" style=\"width: 100%;\" controls=\"controls\"><source type=\"audio\/mpeg\" src=\"https:\/\/www.radiopiu.net\/wordpress\/wp-content\/uploads\/2025\/09\/GF07-12.mp3?_=4\" \/><a href=\"https:\/\/www.radiopiu.net\/wordpress\/wp-content\/uploads\/2025\/09\/GF07-12.mp3\">https:\/\/www.radiopiu.net\/wordpress\/wp-content\/uploads\/2025\/09\/GF07-12.mp3<\/a><\/audio>\n<p>&nbsp;<\/p>\n<p>&nbsp;<\/p>\n<hr \/>\n<p>&nbsp;<\/p>\n<h1><\/h1>\n<h1 style=\"text-align: center;\"><span style=\"color: #ff0000;\"><a class=\"dt-pswp-item\" href=\"https:\/\/www.radiopiu.net\/wordpress\/wp-content\/uploads\/2024\/11\/th.jpg\" data-dt-img-description=\"\" data-large_image_width=\"148\" data-large_image_height=\"179\"><img loading=\"lazy\" decoding=\"async\" class=\" wp-image-417913 alignleft\" src=\"https:\/\/www.radiopiu.net\/wordpress\/wp-content\/uploads\/2024\/11\/th.jpg\" alt=\"\" width=\"66\" height=\"80\" \/><\/a>I podcast informativi del mattino &#8211; audio &#8211;\u00a0<\/span><\/h1>\n<blockquote><p><strong>GIORNALE RADIO NAZIONALE, EDIZIONE DELLE SETTE <span style=\"color: #0000ff;\">viene pubblicato alle 7.05 <span style=\"color: #ff0000;\">DIRETTA RADIO\u00a0<\/span><\/span><\/strong><\/p><\/blockquote>\n<p><strong>il giornale radionazionale e&#8217; in onda ogni ora, dalle sette del mattino alle venti della sera\u00a0 \u00a0\u00a0<\/strong><\/p>\n<blockquote>\n<h2><em><a class=\"dt-pswp-item\" href=\"https:\/\/www.radiopiu.net\/wordpress\/wp-content\/uploads\/2025\/02\/download-7.jpg\" data-dt-img-description=\"\" data-large_image_width=\"211\" data-large_image_height=\"239\"><img loading=\"lazy\" decoding=\"async\" class=\" wp-image-435553 alignleft\" src=\"https:\/\/www.radiopiu.net\/wordpress\/wp-content\/uploads\/2025\/02\/download-7.jpg\" alt=\"\" width=\"186\" height=\"211\" \/><\/a><span style=\"color: #ff0000;\">RADIOPI\u00d9<\/span> \u2013 La voce del territorio, lo sguardo sul Paese.<br \/>\n<\/em><\/h2>\n<p data-start=\"97\" data-end=\"168\"><strong data-start=\"97\" data-end=\"166\">CRONACA, DOLORE E ALLARME SANITARIO TRA PIACENZA, LATINA E VERONA<\/strong><\/p>\n<p data-start=\"170\" data-end=\"572\"><strong>Piacenza<\/strong> il Tribunale ha condannato a otto anni e sei mesi di reclusione un 27enne marocchino per maltrattamenti e tentato omicidio aggravato dalla premeditazione. L\u2019uomo, nell\u2019ottobre 2024, aveva aggredito la convivente a sprangate, provocandole gravi fratture. La giudice Matilde Borgia ha disposto anche un risarcimento: 25mila euro per la donna e 5mila euro ciascuno ai due figli di 5 e 7 anni.<\/p>\n<p data-start=\"574\" data-end=\"777\"><strong>Rimini<\/strong> si aprir\u00e0 a met\u00e0 novembre il processo contro un 37enne rumeno accusato di maltrattamenti nei confronti della moglie malata di una patologia degenerativa.<\/p>\n<p data-start=\"779\" data-end=\"1108\"><strong>Latina <\/strong>\u00a0A Santi Cosma e Damiano un quindicenne si \u00e8 tolto la vita nella sua abitazione. Il ministro dell\u2019Istruzione Giuseppe Valditara ha espresso dolore e vicinanza alla famiglia, annunciando ispezioni nelle scuole frequentate dal ragazzo, dal Pacinotti di Fondi alle medie.<\/p>\n<p data-start=\"1110\" data-end=\"1300\"><strong>Milano <\/strong>un anziano si \u00e8 lanciato dal balcone della propria abitazione finendo su una passante, che \u00e8 morta sul colpo. L\u2019uomo, sopravvissuto, \u00e8 stato denunciato per omicidio.<\/p>\n<p data-start=\"1302\" data-end=\"1560\"><strong>Verona<\/strong> Cresce\u00a0 la preoccupazione sanitaria nel Veronese per i casi di virus Chikungunya: 46 i contagi accertati, meno della met\u00e0 rispetto a Modena ma in rapido aumento. Tre le sagre gi\u00e0 annullate, con l\u2019attenzione massima da parte delle autorit\u00e0 sanitarie.<\/p>\n<p data-start=\"1562\" data-end=\"1710\"><strong>Meteo<\/strong> Il quadro climatico non aiuta: caldo fuori stagione almeno fino al 21 settembre, con punte di oltre 30 gradi al Centro-Sud e fino a 34 in Sicilia.<\/p>\n<p data-start=\"1712\" data-end=\"1888\"><strong>Varese <\/strong>un nigeriano\u00a0 non avendo i soldi per il biglietto aereo, si \u00e8 fatto arrestare per ottenere il rimpatrio.<\/p>\n<p data-start=\"1890\" data-end=\"2061\"><strong>Roma<\/strong> \u00c8 morto\u00a0 Mario Ulivi, uno degli ultimi sopravvissuti alla strage nazista di Sant\u2019Anna di Stazzema. Aveva solo 5 anni quando, il 12 agosto 1944, sfugg\u00ec al massacro.<\/p>\n<p data-start=\"2063\" data-end=\"2264\"><strong>Roma<\/strong>\u00a0 la voce del Papa: \u201cTroppi divari nel mondo. Guardate Elon Musk, primo triliardario: se l\u2019unico valore resta la ricchezza, siamo nei guai. La democrazia non sempre \u00e8 la soluzione perfetta\u201d.<\/p>\n<p data-start=\"2001\" data-end=\"2195\">\n<\/blockquote>\n<article class=\"text-token-text-primary w-full focus:outline-none scroll-mt-[calc(var(--header-height)+min(200px,max(70px,20svh)))]\" dir=\"auto\" tabindex=\"-1\" data-testid=\"conversation-turn-72\" data-scroll-anchor=\"true\" data-turn=\"assistant\">\n<div class=\"text-base my-auto mx-auto pb-10 [--thread-content-margin:--spacing(4)] @[37rem]:[--thread-content-margin:--spacing(6)] @[72rem]:[--thread-content-margin:--spacing(16)] px-(--thread-content-margin)\">\n<div class=\"[--thread-content-max-width:32rem] @[34rem]:[--thread-content-max-width:40rem] @[64rem]:[--thread-content-max-width:48rem] mx-auto max-w-(--thread-content-max-width) flex-1 group\/turn-messages focus-visible:outline-hidden relative flex w-full min-w-0 flex-col agent-turn\" tabindex=\"-1\">\n<div class=\"flex max-w-full flex-col grow\">\n<div class=\"min-h-8 text-message relative flex w-full flex-col items-end gap-2 text-start break-words whitespace-normal [.text-message+&amp;]:mt-5\" dir=\"auto\" data-message-author-role=\"assistant\" data-message-id=\"6ad35c52-e3d0-4186-88d9-35bb4972681f\" data-message-model-slug=\"gpt-4o\">\n<div class=\"flex w-full flex-col gap-1 empty:hidden first:pt-[3px]\">\n<div class=\"markdown prose dark:prose-invert w-full break-words dark\">\n<article class=\"text-token-text-primary w-full\" dir=\"auto\" data-testid=\"conversation-turn-163\" data-scroll-anchor=\"true\">\n<div class=\"text-base my-auto mx-auto pb-10 [--thread-content-margin:--spacing(4)] @[37rem]:[--thread-content-margin:--spacing(6)] @[72rem]:[--thread-content-margin:--spacing(16)] px-(--thread-content-margin)\">\n<div class=\"[--thread-content-max-width:32rem] @[34rem]:[--thread-content-max-width:40rem] @[64rem]:[--thread-content-max-width:48rem] mx-auto flex max-w-(--thread-content-max-width) flex-1 text-base gap-4 md:gap-5 lg:gap-6 group\/turn-messages focus-visible:outline-hidden\" tabindex=\"-1\">\n<div class=\"group\/conversation-turn relative flex w-full min-w-0 flex-col agent-turn\">\n<div class=\"relative flex-col gap-1 md:gap-3\">\n<div class=\"flex max-w-full flex-col grow\">\n<div class=\"min-h-8 text-message relative flex w-full flex-col items-end gap-2 text-start break-words whitespace-normal [.text-message+&amp;]:mt-5\" dir=\"auto\" data-message-author-role=\"assistant\" data-message-id=\"efdea043-c36a-42e6-8e01-aec593793ec1\" data-message-model-slug=\"gpt-4o\">\n<div class=\"flex w-full flex-col gap-1 empty:hidden first:pt-[3px]\">\n<div class=\"markdown prose dark:prose-invert w-full break-words dark\">\n<article class=\"text-token-text-primary w-full focus:outline-none scroll-mt-[calc(var(--header-height)+min(200px,max(70px,20svh)))]\" dir=\"auto\" tabindex=\"-1\" data-testid=\"conversation-turn-162\" data-scroll-anchor=\"true\" data-turn=\"assistant\">\n<div class=\"text-base my-auto mx-auto pb-10 [--thread-content-margin:--spacing(4)] @[37rem]:[--thread-content-margin:--spacing(6)] @[72rem]:[--thread-content-margin:--spacing(16)] px-(--thread-content-margin)\">\n<div class=\"[--thread-content-max-width:32rem] @[34rem]:[--thread-content-max-width:40rem] @[64rem]:[--thread-content-max-width:48rem] mx-auto max-w-(--thread-content-max-width) flex-1 group\/turn-messages focus-visible:outline-hidden relative flex w-full min-w-0 flex-col agent-turn\" tabindex=\"-1\">\n<div class=\"flex max-w-full flex-col grow\">\n<div class=\"min-h-8 text-message relative flex w-full flex-col items-end gap-2 text-start break-words whitespace-normal [.text-message+&amp;]:mt-5\" dir=\"auto\" data-message-author-role=\"assistant\" data-message-id=\"842efa5e-0b6b-4c68-b1eb-9dd894bae6c3\" data-message-model-slug=\"gpt-4o\">\n<div class=\"flex w-full flex-col gap-1 empty:hidden first:pt-[3px]\">\n<div class=\"markdown prose dark:prose-invert w-full break-words dark\">\n<div class=\"flex basis-auto flex-col -mb-(--composer-overlap-px) [--composer-overlap-px:55px] grow overflow-hidden\">\n<div class=\"relative h-full\">\n<div class=\"flex h-full flex-col overflow-y-auto [scrollbar-gutter:stable_both-edges] @[84rem]\/thread:pt-(--header-height)\">\n<div class=\"@thread-xl\/thread:pt-header-height flex flex-col text-sm pb-25\">\n<article class=\"text-token-text-primary w-full focus:outline-none scroll-mt-[calc(var(--header-height)+min(200px,max(70px,20svh)))]\" dir=\"auto\" tabindex=\"-1\" data-testid=\"conversation-turn-18\" data-scroll-anchor=\"true\" data-turn=\"assistant\">\n<div class=\"text-base my-auto mx-auto pb-10 [--thread-content-margin:--spacing(4)] @[37rem]:[--thread-content-margin:--spacing(6)] @[72rem]:[--thread-content-margin:--spacing(16)] px-(--thread-content-margin)\">\n<div class=\"[--thread-content-max-width:32rem] @[34rem]:[--thread-content-max-width:40rem] @[64rem]:[--thread-content-max-width:48rem] mx-auto max-w-(--thread-content-max-width) flex-1 group\/turn-messages focus-visible:outline-hidden relative flex w-full min-w-0 flex-col agent-turn\" tabindex=\"-1\">\n<div class=\"flex max-w-full flex-col grow\">\n<div class=\"min-h-8 text-message relative flex w-full flex-col items-end gap-2 text-start break-words whitespace-normal [.text-message+&amp;]:mt-5\" dir=\"auto\" data-message-author-role=\"assistant\" data-message-id=\"10a6d749-a0ed-478c-a66e-5f27b47e163c\" data-message-model-slug=\"gpt-5\">\n<div class=\"flex w-full flex-col gap-1 empty:hidden first:pt-[3px]\">\n<div class=\"markdown prose dark:prose-invert w-full break-words dark\">\n<hr data-start=\"1055\" data-end=\"1058\" \/>\n<\/div>\n<\/div>\n<\/div>\n<\/div>\n<\/div>\n<\/div>\n<\/article>\n<\/div>\n<\/div>\n<\/div>\n<\/div>\n<div id=\"thread-bottom-container\" class=\"content-fade relative isolate z-10 w-full basis-auto has-data-has-thread-error:pt-2 has-data-has-thread-error:[box-shadow:var(--sharp-edge-bottom-shadow)] md:border-transparent md:pt-0 dark:border-white\/20 md:dark:border-transparent flex flex-col\">\n<div id=\"thread-bottom\">\n<div class=\"text-base mx-auto [--thread-content-margin:--spacing(4)] @[37rem]:[--thread-content-margin:--spacing(6)] @[72rem]:[--thread-content-margin:--spacing(16)] px-(--thread-content-margin)\">\n<div class=\"[--thread-content-max-width:32rem] @[34rem]:[--thread-content-max-width:40rem] @[64rem]:[--thread-content-max-width:48rem] mx-auto max-w-(--thread-content-max-width) flex-1\">\n<div class=\"max-xs:[--force-hide-label:none] relative z-1 flex h-full max-w-full flex-1 flex-col\">\n<form class=\"w-full [view-transition-name:var(--vt-composer)]\" data-type=\"unified-composer\">\n<div class=\"bg-token-bg-primary shadow-short flex w-full cursor-text flex-col items-center justify-center overflow-clip bg-clip-padding contain-inline-size dark:bg-[#303030] rounded-[28px]\">\n<div class=\"relative flex min-h-14 w-full items-end\">\n<div class=\"relative flex w-full flex-auto flex-col\">\n<div class=\"relative mx-5 flex min-h-14 flex-auto bg-transparent items-start\">\n<div class=\"_prosemirror-parent_276o5_2 text-token-text-primary max-h-[25dvh] max-h-52 flex-1 overflow-auto [scrollbar-width:thin] default-browser vertical-scroll-fade-mask\">\n<div id=\"prompt-textarea\" class=\"ProseMirror\" contenteditable=\"true\" translate=\"no\" data-virtualkeyboard=\"true\"><\/div>\n<\/div>\n<\/div>\n<\/div>\n<\/div>\n<\/div>\n<\/form>\n<\/div>\n<\/div>\n<\/div>\n<\/div>\n<\/div>\n<\/div>\n<\/div>\n<\/div>\n<\/div>\n<\/div>\n<\/div>\n<\/article>\n<\/div>\n<\/div>\n<\/div>\n<\/div>\n<\/div>\n<\/div>\n<\/div>\n<\/div>\n<\/article>\n<\/div>\n<\/div>\n<\/div>\n<\/div>\n<\/div>\n<\/div>\n<\/article>\n<article class=\"text-token-text-primary w-full focus:outline-none scroll-mt-[calc(var(--header-height)+min(200px,max(70px,20svh)))]\" dir=\"auto\" tabindex=\"-1\" data-testid=\"conversation-turn-72\" data-scroll-anchor=\"true\" data-turn=\"assistant\">\n<div class=\"text-base my-auto mx-auto pb-10 [--thread-content-margin:--spacing(4)] @[37rem]:[--thread-content-margin:--spacing(6)] @[72rem]:[--thread-content-margin:--spacing(16)] px-(--thread-content-margin)\">\n<div class=\"[--thread-content-max-width:32rem] @[34rem]:[--thread-content-max-width:40rem] @[64rem]:[--thread-content-max-width:48rem] mx-auto max-w-(--thread-content-max-width) flex-1 group\/turn-messages focus-visible:outline-hidden relative flex w-full min-w-0 flex-col agent-turn\" tabindex=\"-1\">\n<div class=\"flex max-w-full flex-col grow\">\n<div class=\"min-h-8 text-message relative flex w-full flex-col items-end gap-2 text-start break-words whitespace-normal [.text-message+&amp;]:mt-5\" dir=\"auto\" data-message-author-role=\"assistant\" data-message-id=\"6ad35c52-e3d0-4186-88d9-35bb4972681f\" data-message-model-slug=\"gpt-4o\">\n<div class=\"flex w-full flex-col gap-1 empty:hidden first:pt-[3px]\">\n<div class=\"markdown prose dark:prose-invert w-full break-words dark\">\n<article class=\"text-token-text-primary w-full\" dir=\"auto\" data-testid=\"conversation-turn-163\" data-scroll-anchor=\"true\">\n<div class=\"text-base my-auto mx-auto pb-10 [--thread-content-margin:--spacing(4)] @[37rem]:[--thread-content-margin:--spacing(6)] @[72rem]:[--thread-content-margin:--spacing(16)] px-(--thread-content-margin)\">\n<div class=\"[--thread-content-max-width:32rem] @[34rem]:[--thread-content-max-width:40rem] @[64rem]:[--thread-content-max-width:48rem] mx-auto flex max-w-(--thread-content-max-width) flex-1 text-base gap-4 md:gap-5 lg:gap-6 group\/turn-messages focus-visible:outline-hidden\" tabindex=\"-1\">\n<div class=\"group\/conversation-turn relative flex w-full min-w-0 flex-col agent-turn\">\n<div class=\"flex items-center justify-center\"><\/div>\n<\/div>\n<\/div>\n<\/div>\n<\/article>\n<\/div>\n<\/div>\n<\/div>\n<\/div>\n<\/div>\n<\/div>\n<\/article>\n<blockquote>\n<h2><span style=\"color: #ff0000;\"><strong><a class=\"dt-pswp-item\" href=\"https:\/\/www.radiopiu.net\/wordpress\/wp-content\/uploads\/2025\/02\/download-3.jpg\" data-dt-img-description=\"\" data-large_image_width=\"223\" data-large_image_height=\"226\"><img loading=\"lazy\" decoding=\"async\" class=\"size-full wp-image-434732 alignleft\" src=\"https:\/\/www.radiopiu.net\/wordpress\/wp-content\/uploads\/2025\/02\/download-3.jpg\" alt=\"\" width=\"223\" height=\"226\" \/><\/a><\/strong>RADIOPI\u00d9<\/span> \u2013 Dalle Dolomiti alla pianura, i fatti che segnano la Regione.<\/h2>\n<\/blockquote>\n<article class=\"text-token-text-primary w-full focus:outline-none scroll-mt-[calc(var(--header-height)+min(200px,max(70px,20svh)))]\" dir=\"auto\" tabindex=\"-1\" data-testid=\"conversation-turn-112\" data-scroll-anchor=\"true\" data-turn=\"assistant\">\n<div class=\"text-base my-auto mx-auto pb-10 [--thread-content-margin:--spacing(4)] @[37rem]:[--thread-content-margin:--spacing(6)] @[72rem]:[--thread-content-margin:--spacing(16)] px-(--thread-content-margin)\">\n<div class=\"[--thread-content-max-width:32rem] @[34rem]:[--thread-content-max-width:40rem] @[64rem]:[--thread-content-max-width:48rem] mx-auto max-w-(--thread-content-max-width) flex-1 group\/turn-messages focus-visible:outline-hidden relative flex w-full min-w-0 flex-col agent-turn\" tabindex=\"-1\">\n<div class=\"flex max-w-full flex-col grow\">\n<div class=\"min-h-8 text-message relative flex w-full flex-col items-end gap-2 text-start break-words whitespace-normal [.text-message+&amp;]:mt-5\" dir=\"auto\" data-message-author-role=\"assistant\" data-message-id=\"74820017-8765-4ccc-b0c7-da916c45f87f\" data-message-model-slug=\"gpt-5\">\n<div class=\"flex w-full flex-col gap-1 empty:hidden first:pt-[3px]\">\n<div class=\"markdown prose dark:prose-invert w-full break-words dark\">\n<p data-start=\"31\" data-end=\"335\">\ufe0f<\/p>\n<p data-start=\"136\" data-end=\"451\"><strong>A Cadoneghe<\/strong>, nel Padovano, un bimbo di due anni \u00e8 rimasto lievemente ustionato dopo il principio d\u2019incendio di una caldaia sul terrazzo di un\u2019abitazione. Due adulti e tre minori, compreso il piccolo, sono stati portati in ospedale per accertamenti. Vigili del fuoco e carabinieri al lavoro per stabilire le cause.<\/p>\n<p data-start=\"453\" data-end=\"688\"><strong>Sempre a Padova,<\/strong> grande emozione per il compleanno di un bimbo autistico: grazie a un appello social della mamma, un centinaio di persone hanno partecipato alla festa, trasformandola nella sua prima vera celebrazione con tanti amici.<\/p>\n<p data-start=\"690\" data-end=\"961\"><strong>Momenti drammatici ad Adria, Rovigo:<\/strong> un 7enne, travolto da un\u2019auto guidata da un 70enne senza patente mentre era in bici con la madre, \u00e8 in gravissime condizioni. Il piccolo \u00e8 stato operato d\u2019urgenza a Padova, mentre la madre \u00e8 ricoverata a Rovigo con ferite non gravi.<\/p>\n<p data-start=\"963\" data-end=\"1176\"><strong>A Meolo, Venezia,<\/strong> un quarantenne arrestato per coltivazione di marijuana si \u00e8 difeso sostenendo che lo faceva per pagare le cure alla compagna malata di tumore, poi deceduta. La Procura ha chiesto i domiciliari.<\/p>\n<p data-start=\"1178\" data-end=\"1289\">Confermata infine la sospensione per tre maestre d\u2019asilo di Polesella, accusate di maltrattamenti ai bambini.<\/p>\n<p data-start=\"1291\" data-end=\"1441\"><strong>A Vicenza<\/strong> un poliziotto \u00e8 rimasto ferito dopo essere stato investito da un\u2019auto rubata sulla A4: il conducente \u00e8 fuggito a piedi, ricerche in corso.<\/p>\n<p data-start=\"1443\" data-end=\"1579\"><strong>E a Lazise, Verona<\/strong>, \u00e8 stato rinviato a giudizio Marco Campagnari, accusato di aver ucciso con 99 coltellate il padre nell\u2019estate 2023.<\/p>\n<\/div>\n<\/div>\n<\/div>\n<\/div>\n<\/div>\n<\/div>\n<\/article>\n<h1><span style=\"color: #ff0000;\"><span style=\"color: #0000ff;\">ULTIM&#8217;ORA<\/span> <span style=\"color: #000000;\">AUDIO dalle sette del mattino, ogni ora alla radio EDIZIONE DELLE SETTE<\/span><\/span><\/h1>\n<audio class=\"wp-audio-shortcode\" id=\"audio-469516-5\" preload=\"none\" style=\"width: 100%;\" controls=\"controls\"><source type=\"audio\/mpeg\" src=\"https:\/\/www.radiopiu.net\/wordpress\/wp-content\/uploads\/2025\/09\/giornale07-12.mp3?_=5\" \/><a href=\"https:\/\/www.radiopiu.net\/wordpress\/wp-content\/uploads\/2025\/09\/giornale07-12.mp3\">https:\/\/www.radiopiu.net\/wordpress\/wp-content\/uploads\/2025\/09\/giornale07-12.mp3<\/a><\/audio>\n<p>&nbsp;<\/p>\n<p>&nbsp;<\/p>\n<p>&nbsp;<\/p>\n<p>&nbsp;<\/p>\n<hr \/>\n<p>&nbsp;<\/p>\n<h1><span style=\"color: #ff0000;\"><a class=\"dt-pswp-item\" href=\"https:\/\/www.radiopiu.net\/wordpress\/wp-content\/uploads\/2024\/11\/8.jpg\" data-dt-img-description=\"\" data-large_image_width=\"180\" data-large_image_height=\"180\"><img loading=\"lazy\" decoding=\"async\" class=\"size-full wp-image-417910 alignleft\" src=\"https:\/\/www.radiopiu.net\/wordpress\/wp-content\/uploads\/2024\/11\/8.jpg\" alt=\"\" width=\"180\" height=\"180\" srcset=\"https:\/\/www.radiopiu.net\/wordpress\/wp-content\/uploads\/2024\/11\/8.jpg 180w, https:\/\/www.radiopiu.net\/wordpress\/wp-content\/uploads\/2024\/11\/8-150x150.jpg 150w\" sizes=\"auto, (max-width: 180px) 100vw, 180px\" \/><\/a>I podcast informativi del mattino &#8211; video &#8211;\u00a0<\/span><\/h1>\n<h2 style=\"text-align: left;\"><strong>RASSEGNA STAMPA LOCALE, ORE OTTO<\/strong><\/h2>\n<h2><strong> <span style=\"color: #0000ff;\">viene\u00a0 <\/span><\/strong><strong><span style=\"color: #0000ff;\">pubblicata alle 8.05 <span style=\"color: #ff0000;\">DIRETTA RADIO\u00a0 \u00a0<\/span><\/span><\/strong><strong>DI MIRKO MEZZACASA<\/strong><\/h2>\n<h1><span style=\"color: #ff0000;\"><strong>VIDEO\u00a0 \u00a0in diretta AGGIORNAMENTO\u00a0 dalle 8 del mattino\u00a0 \u00a0<\/strong><\/span><\/h1>\n<p>&nbsp;<\/p>\n\n\t\t\t<style type='text\/css'>\n\t\t\t\t#gallery-1 {\n\t\t\t\t\tmargin: auto;\n\t\t\t\t}\n\t\t\t\t#gallery-1 .gallery-item {\n\t\t\t\t\tfloat: left;\n\t\t\t\t\tmargin-top: 10px;\n\t\t\t\t\ttext-align: center;\n\t\t\t\t\twidth: 25%;\n\t\t\t\t}\n\t\t\t\t#gallery-1 img {\n\t\t\t\t\tborder: 2px solid #cfcfcf;\n\t\t\t\t}\n\t\t\t\t#gallery-1 .gallery-caption {\n\t\t\t\t\tmargin-left: 0;\n\t\t\t\t}\n\t\t\t\t\/* see gallery_shortcode() in wp-includes\/media.php *\/\n\t\t\t<\/style>\n\t\t<div id='gallery-1' class='dt-gallery-container gallery galleryid-469516 gallery-columns-4 gallery-size-thumbnail'><dl class='gallery-item'>\n\t\t\t\t<dt class='gallery-icon landscape'>\n\t\t\t\t\t<a class=\"rollover rollover-zoom dt-pswp-item\" title=\"Screenshot 2025-09-15 050647\" data-dt-img-description=\"\" data-large_image_width=\"476\" data-large_image_height=\"242\"href='https:\/\/www.radiopiu.net\/wordpress\/wp-content\/uploads\/2025\/09\/Screenshot-2025-09-15-050647.png'><img loading=\"lazy\" decoding=\"async\" width=\"150\" height=\"150\" src=\"https:\/\/www.radiopiu.net\/wordpress\/wp-content\/uploads\/2025\/09\/Screenshot-2025-09-15-050647-150x150.png\" class=\"attachment-thumbnail size-thumbnail\" alt=\"\" \/><\/a>\n\t\t\t\t<\/dt><\/dl><dl class='gallery-item'>\n\t\t\t\t<dt class='gallery-icon landscape'>\n\t\t\t\t\t<a class=\"rollover rollover-zoom dt-pswp-item\" title=\"Screenshot 2025-09-15 050711\" data-dt-img-description=\"\" data-large_image_width=\"676\" data-large_image_height=\"276\"href='https:\/\/www.radiopiu.net\/wordpress\/wp-content\/uploads\/2025\/09\/Screenshot-2025-09-15-050711.png'><img loading=\"lazy\" decoding=\"async\" width=\"150\" height=\"150\" src=\"https:\/\/www.radiopiu.net\/wordpress\/wp-content\/uploads\/2025\/09\/Screenshot-2025-09-15-050711-150x150.png\" class=\"attachment-thumbnail size-thumbnail\" alt=\"\" \/><\/a>\n\t\t\t\t<\/dt><\/dl><dl class='gallery-item'>\n\t\t\t\t<dt class='gallery-icon landscape'>\n\t\t\t\t\t<a class=\"rollover rollover-zoom dt-pswp-item\" title=\"Screenshot 2025-09-15 050717\" data-dt-img-description=\"\" data-large_image_width=\"465\" data-large_image_height=\"265\"href='https:\/\/www.radiopiu.net\/wordpress\/wp-content\/uploads\/2025\/09\/Screenshot-2025-09-15-050717.png'><img loading=\"lazy\" decoding=\"async\" width=\"150\" height=\"150\" src=\"https:\/\/www.radiopiu.net\/wordpress\/wp-content\/uploads\/2025\/09\/Screenshot-2025-09-15-050717-150x150.png\" class=\"attachment-thumbnail size-thumbnail\" alt=\"\" \/><\/a>\n\t\t\t\t<\/dt><\/dl><dl class='gallery-item'>\n\t\t\t\t<dt class='gallery-icon landscape'>\n\t\t\t\t\t<a class=\"rollover rollover-zoom dt-pswp-item\" title=\"Screenshot 2025-09-15 053614\" data-dt-img-description=\"\" data-large_image_width=\"490\" data-large_image_height=\"382\"href='https:\/\/www.radiopiu.net\/wordpress\/wp-content\/uploads\/2025\/09\/Screenshot-2025-09-15-053614.png'><img loading=\"lazy\" decoding=\"async\" width=\"150\" height=\"150\" src=\"https:\/\/www.radiopiu.net\/wordpress\/wp-content\/uploads\/2025\/09\/Screenshot-2025-09-15-053614-150x150.png\" class=\"attachment-thumbnail size-thumbnail\" alt=\"\" \/><\/a>\n\t\t\t\t<\/dt><\/dl><br style=\"clear: both\" \/>\n\t\t\t<\/div>\n\n<div class=\"page-title-head hgroup\"><\/div>\n<div class=\"page-title-breadcrumbs\">\n<p><iframe loading=\"lazy\" title=\"DAL 1983 LA RASSEGNA STAMPA LOCALE di mirko mezzacasa. L&#039;ORIGINALE\" width=\"1200\" height=\"675\" src=\"https:\/\/www.youtube.com\/embed\/Fkjr9rmw_uU?feature=oembed\" frameborder=\"0\" allow=\"accelerometer; autoplay; clipboard-write; encrypted-media; gyroscope; picture-in-picture; web-share\" referrerpolicy=\"strict-origin-when-cross-origin\" allowfullscreen><\/iframe><\/p>\n<\/div>\n<hr \/>\n<p>&nbsp;<\/p>\n<p><strong><a class=\"dt-pswp-item\" href=\"https:\/\/www.radiopiu.net\/wordpress\/wp-content\/uploads\/2023\/12\/ANTENNA.png\" data-dt-img-description=\"\" data-large_image_width=\"300\" data-large_image_height=\"166\"><img loading=\"lazy\" decoding=\"async\" class=\"wp-image-366306 alignright\" src=\"https:\/\/www.radiopiu.net\/wordpress\/wp-content\/uploads\/2023\/12\/ANTENNA.png\" alt=\"\" width=\"101\" height=\"56\" \/><\/a><a class=\"dt-pswp-item\" href=\"https:\/\/www.radiopiu.net\/wordpress\/wp-content\/uploads\/2024\/11\/th-17.jpg\" data-dt-img-description=\"\" data-large_image_width=\"224\" data-large_image_height=\"180\"><img loading=\"lazy\" decoding=\"async\" class=\" wp-image-421610 alignleft\" src=\"https:\/\/www.radiopiu.net\/wordpress\/wp-content\/uploads\/2024\/11\/th-17.jpg\" alt=\"\" width=\"167\" height=\"134\" \/><\/a>ogni sera alle 19 le anticipazioni alla radio, quello che poi seguirete nel TELEGIORNALE BELLUNESE\u00a0 in onda alle 19.30 sul CANALE 10 del digitale terrestre.\u00a0\u00a0<\/strong><\/p>\n<p><b>\u00a0<\/b><\/p>\n<p>&nbsp;<\/p>\n<p>&nbsp;<\/p>\n<p>&nbsp;<\/p>\n<hr \/>\n<p>&nbsp;<\/p>\n<blockquote>\n<p data-start=\"43\" data-end=\"105\"><strong data-start=\"43\" data-end=\"103\">FALCADE, PERICOLO CADUTA MASSI SUL SENTIERO PER IL MULAZ<\/strong><\/p>\n<\/blockquote>\n<p data-start=\"107\" data-end=\"319\">Allerta sicurezza sul sentiero 710 che dalla Val Venegia porta al Rifugio Mulaz: i gestori segnalano il pericolo di caduta massi e invitano gli escursionisti a non utilizzarlo fino al bivio con il 710A. Per salire o scendere dal Mulaz \u00e8 quindi raccomandato esclusivamente il sentiero 710A, indicato come alternativa sicura.<\/p>\n<blockquote>\n<h3 data-start=\"107\" data-end=\"319\">INTERRUZIONI PROGRAMMATE- SIB &#8211;<\/h3>\n<\/blockquote>\n<p><strong>ROCCA PIETORE<\/strong> \u00a0per lavori alla rete idrica comunale domani dalle 8 alle 17 verr\u00e0 sospesa l\u2019erogazione dell\u2019acqua\u00a0 in via MARMOLADA (dal civ. 5 al 19).<\/p>\n<hr \/>\n<p>&nbsp;<\/p>\n<blockquote>\n<h2>MALORE MENTRE SISTEMA LA LEGNA, 58ENNE IN GRAVI CONDIZIONI<\/h2>\n<\/blockquote>\n<blockquote>\n<p data-start=\"0\" data-end=\"71\"><strong data-start=\"0\" data-end=\"69\">INTERVENTI DEL SUEM 118: INCIDENTI IN MONTAGNA E MALORE DOMESTICO<\/strong><\/p>\n<\/blockquote>\n<p data-start=\"73\" data-end=\"232\"><strong><img decoding=\"async\" class=\"alignleft\" src=\"https:\/\/www.radiopiu.net\/wordpress\/wp-content\/uploads\/2024\/07\/th-9.jpg\" \/>BELLUNO \u2013<\/strong> La Centrale Operativa del Suem 118 di Belluno ha registrato tre interventi di rilievo tra le 8.00 del 13 settembre e le 8.00 del 14 settembre 2025.<\/p>\n<p data-start=\"234\" data-end=\"452\">Alle <strong data-start=\"239\" data-end=\"258\">11.20 ad Alpago<\/strong>, un parapendio con a bordo un 40enne di Treviso \u00e8 precipitato poco dopo il decollo. L\u2019uomo, rimasto ferito, \u00e8 stato soccorso dall\u2019elicottero <strong data-start=\"400\" data-end=\"411\">Falco 2<\/strong> e trasportato all\u2019ospedale di Belluno.<\/p>\n<p data-start=\"454\" data-end=\"718\">Poco dopo, alle <strong data-start=\"470\" data-end=\"501\">15.13 in Comelico Superiore<\/strong>, un 46enne della Repubblica Ceca \u00e8 rimasto vittima di un incidente sulla <strong data-start=\"575\" data-end=\"597\">Ferrata Zandonella<\/strong>. L\u2019escursionista \u00e8 stato recuperato dall\u2019elisoccorso <strong data-start=\"651\" data-end=\"662\">Falco 1<\/strong> e trasferito al Punto di Primo Intervento di Cortina.<\/p>\n<p data-start=\"720\" data-end=\"1111\">Quasi in contemporanea, alle <strong data-start=\"749\" data-end=\"784\">15.23 a San Gregorio nelle Alpi<\/strong>, un 58enne residente a Belluno ha accusato un grave malore mentre stava sistemando la legna. Dopo la caduta e il successivo arresto cardiocircolatorio, l\u2019uomo \u00e8 stato soccorso da <strong data-start=\"964\" data-end=\"975\">Falco 2<\/strong> e un\u2019ambulanza di Santa Giustina, quindi trasferito d\u2019urgenza all\u2019ospedale di Treviso, dove si trova ricoverato in terapia intensiva.<\/p>\n<p>&nbsp;<\/p>\n<hr \/>\n<p>&nbsp;<\/p>\n<article class=\"text-token-text-primary w-full focus:outline-none scroll-mt-[calc(var(--header-height)+min(200px,max(70px,20svh)))]\" dir=\"auto\" tabindex=\"-1\" data-turn-id=\"9771ec80-bd0d-4cda-bf62-bcaa08b5e168\" data-testid=\"conversation-turn-12\" data-scroll-anchor=\"false\" data-turn=\"assistant\">\n<div class=\"text-base my-auto mx-auto [--thread-content-margin:--spacing(4)] thread-sm:[--thread-content-margin:--spacing(6)] thread-lg:[--thread-content-margin:--spacing(16)] px-(--thread-content-margin)\">\n<div class=\"[--thread-content-max-width:40rem] thread-sm:[--thread-content-max-width:40rem] thread-lg:[--thread-content-max-width:48rem] mx-auto max-w-(--thread-content-max-width) flex-1 group\/turn-messages focus-visible:outline-hidden relative flex w-full min-w-0 flex-col agent-turn\" tabindex=\"-1\">\n<div class=\"flex max-w-full flex-col grow\">\n<div class=\"min-h-8 text-message relative flex w-full flex-col items-end gap-2 text-start break-words whitespace-normal [.text-message+&amp;]:mt-5\" dir=\"auto\" data-message-author-role=\"assistant\" data-message-id=\"dafc9c7a-7383-43d0-ace1-48ac3d760e8a\" data-message-model-slug=\"gpt-5\">\n<div class=\"flex w-full flex-col gap-1 empty:hidden first:pt-[3px]\">\n<div class=\"markdown prose dark:prose-invert w-full break-words dark markdown-new-styling\">\n<blockquote>\n<h3 data-start=\"0\" data-end=\"118\">GIANNI QUARANTA, OSCAR PER &#8220;CAMERA CON VISTA&#8221;, \u00c8 MORTO A ROMA. LO SCENOGRAFO E COSTUMISTA ERA NATO AD ARSI\u00c8 82 ANNI FA<\/h3>\n<\/blockquote>\n<\/div>\n<\/div>\n<\/div>\n<\/div>\n<div class=\"flex min-h-[46px] justify-start\"><strong><a class=\"dt-pswp-item\" href=\"https:\/\/www.radiopiu.net\/wordpress\/wp-content\/uploads\/2025\/09\/Screenshot-2025-09-15-050028.png\" data-dt-img-description=\"\" data-large_image_width=\"156\" data-large_image_height=\"131\"><img loading=\"lazy\" decoding=\"async\" class=\"size-full wp-image-469828 alignleft\" src=\"https:\/\/www.radiopiu.net\/wordpress\/wp-content\/uploads\/2025\/09\/Screenshot-2025-09-15-050028.png\" alt=\"\" width=\"156\" height=\"131\" \/><\/a>ROMA-ARSIE&#8217;<\/strong> \u00c8 morto a Roma Gianni Quaranta, scenografo, costumista e designer nato 82 anni fa ad Arsi\u00e8. Premio Oscar per <em data-start=\"109\" data-end=\"127\">Camera con vista<\/em> di James Ivory, leg\u00f2 il suo nome a grandi registi come Zeffirelli, Olmi, Bertolucci e Wertm\u00fcller, firmando scenografie per cinema, teatro e opera, da Milano a New York. La sua carriera, lunga oltre sessant\u2019anni, lo port\u00f2 sulle scene pi\u00f9 prestigiose del mondo, senza mai dimenticare le origini feltrine. Candidato altre due volte all\u2019Oscar e vincitore di un C\u00e9sar per <em data-start=\"495\" data-end=\"506\">Farinelli<\/em>, lascia la moglie Giuliana e la figlia Guja. I funerali si terranno marted\u00ec a Roma nella Chiesa degli Artisti.<\/div>\n<\/div>\n<\/div>\n<\/article>\n<div><\/div>\n<div><strong>AUDIO<\/strong><br \/>\n<audio class=\"wp-audio-shortcode\" id=\"audio-469516-6\" preload=\"none\" style=\"width: 100%;\" controls=\"controls\"><source type=\"audio\/mpeg\" src=\"https:\/\/www.radiopiu.net\/wordpress\/wp-content\/uploads\/2025\/09\/QUARANTA.mp3?_=6\" \/><a href=\"https:\/\/www.radiopiu.net\/wordpress\/wp-content\/uploads\/2025\/09\/QUARANTA.mp3\">https:\/\/www.radiopiu.net\/wordpress\/wp-content\/uploads\/2025\/09\/QUARANTA.mp3<\/a><\/audio>\n<\/div>\n<div><\/div>\n<article class=\"text-token-text-primary w-full focus:outline-none scroll-mt-[calc(var(--header-height)+min(200px,max(70px,20svh)))]\" dir=\"auto\" tabindex=\"-1\" data-turn-id=\"request-WEB:bbd371ce-a963-490b-8da7-d9d78fc236e3-6\" data-testid=\"conversation-turn-14\" data-scroll-anchor=\"true\" data-turn=\"assistant\">\n<div class=\"text-base my-auto mx-auto pb-10 [--thread-content-margin:--spacing(4)] thread-sm:[--thread-content-margin:--spacing(6)] thread-lg:[--thread-content-margin:--spacing(16)] px-(--thread-content-margin)\">\n<div class=\"[--thread-content-max-width:40rem] thread-sm:[--thread-content-max-width:40rem] thread-lg:[--thread-content-max-width:48rem] mx-auto max-w-(--thread-content-max-width) flex-1 group\/turn-messages focus-visible:outline-hidden relative flex w-full min-w-0 flex-col agent-turn\" tabindex=\"-1\">\n<div class=\"flex min-h-[46px] justify-start\"><\/div>\n<div class=\"mt-3 w-full empty:hidden\">\n<div class=\"text-center\"><\/div>\n<\/div>\n<\/div>\n<\/div>\n<\/article>\n<div class=\"pointer-events-none h-px w-px\" aria-hidden=\"true\" data-edge=\"true\"><\/div>\n<p>&nbsp;<\/p>\n<hr \/>\n<p>&nbsp;<\/p>\n<blockquote>\n<h3>FERITO ESCURSIONISTA CECO SULLA FERRATA ZANDONELLA<\/h3>\n<\/blockquote>\n<p><strong><a class=\"dt-pswp-item\" href=\"https:\/\/www.radiopiu.net\/wordpress\/wp-content\/uploads\/2022\/04\/soccorso-alpino-1024x602-1.jpg\" data-dt-img-description=\"\" data-large_image_width=\"1024\" data-large_image_height=\"602\"><img loading=\"lazy\" decoding=\"async\" class=\" wp-image-270917 alignleft\" src=\"https:\/\/www.radiopiu.net\/wordpress\/wp-content\/uploads\/2022\/04\/soccorso-alpino-1024x602-1-300x176.jpg\" alt=\"\" width=\"184\" height=\"108\" srcset=\"https:\/\/www.radiopiu.net\/wordpress\/wp-content\/uploads\/2022\/04\/soccorso-alpino-1024x602-1-300x176.jpg 300w, https:\/\/www.radiopiu.net\/wordpress\/wp-content\/uploads\/2022\/04\/soccorso-alpino-1024x602-1-768x452.jpg 768w, https:\/\/www.radiopiu.net\/wordpress\/wp-content\/uploads\/2022\/04\/soccorso-alpino-1024x602-1.jpg 1024w\" sizes=\"auto, (max-width: 184px) 100vw, 184px\" \/><\/a>COMELICO SUPERIORE <\/strong>Lungo la Ferrata Zandonella alla Croda Rossa di Sesto, un escursionista di 46 anni della Repubblica Ceca \u00e8 rimasto ferito dopo essere stato colpito a un braccio da un sasso caduto dall\u2019alto. L\u2019uomo stava affrontando l\u2019itinerario con tre amici quando \u00e8 scattato l\u2019allarme. La Centrale del Suem, grazie alle coordinate inviate via WhatsApp, ha potuto indirizzare i soccorsi. Pronta una squadra del Soccorso alpino della Val Comelico a Santo Stefano di Cadore per eventuale supporto, l\u2019elicottero Falco ha individuato l\u2019infortunato a quota 2.780 metri. Poich\u00e9 l\u2019uomo si trovava in un punto verticale della parete, il tecnico di elisoccorso \u00e8 stato calato con un verricello di 60 metri. Nonostante la ferita, l\u2019escursionista era in piedi e gi\u00e0 assistito dagli amici con una fasciatura d\u2019emergenza. Dopo la valutazione sanitaria, \u00e8 stato issato a bordo e trasportato all\u2019ospedale di Cortina. Si sono registrati anche due falsi allarmi: un sos partito per errore da un cellulare sotto il Rifugio Tissi e delle grida udite sul Lagazuoi, rivelatesi semplici comunicazioni in cordata. \u00c8 rientrata anche la ricerca di un 18enne, poi rintracciato mentre squadre e mezzi stavano per partire.<\/p>\n<p>&nbsp;<\/p>\n<p>&nbsp;<\/p>\n<hr \/>\n<p>&nbsp;<\/p>\n<blockquote>\n<h3>PARAPENDIO PRECIPITA DOPO IL DECOLLO DAL RIFUGIO DOLADA<\/h3>\n<\/blockquote>\n<p><strong><a class=\"dt-pswp-item\" href=\"https:\/\/www.radiopiu.net\/wordpress\/wp-content\/uploads\/2025\/07\/SALT-1.jpeg\" data-dt-img-description=\"\" data-large_image_width=\"2040\" data-large_image_height=\"1536\"><img loading=\"lazy\" decoding=\"async\" class=\" wp-image-457763 alignleft\" src=\"https:\/\/www.radiopiu.net\/wordpress\/wp-content\/uploads\/2025\/07\/SALT-1-300x226.jpeg\" alt=\"\" width=\"206\" height=\"155\" srcset=\"https:\/\/www.radiopiu.net\/wordpress\/wp-content\/uploads\/2025\/07\/SALT-1-300x226.jpeg 300w, https:\/\/www.radiopiu.net\/wordpress\/wp-content\/uploads\/2025\/07\/SALT-1-1024x771.jpeg 1024w, https:\/\/www.radiopiu.net\/wordpress\/wp-content\/uploads\/2025\/07\/SALT-1-768x578.jpeg 768w, https:\/\/www.radiopiu.net\/wordpress\/wp-content\/uploads\/2025\/07\/SALT-1-1536x1157.jpeg 1536w, https:\/\/www.radiopiu.net\/wordpress\/wp-content\/uploads\/2025\/07\/SALT-1.jpeg 2040w\" sizes=\"auto, (max-width: 206px) 100vw, 206px\" \/><\/a>ALPAGO<\/strong> Ieri mattina la Centrale del 118 \u00e8 stata attivata per un parapendio precipitato subito dopo il decollo dal Rifugio Dolada e finito nel bosco un centinaio di metri pi\u00f9 in basso. Mentre veniva attivato il Soccorso alpino dell&#8217;Alpago per eventuale supporto nelle operazioni, sul luogo dell&#8217;incidente \u00e8 stato inviato Falco 2, atterrato in piazzola. Equipe medica e tecnico di elisoccorso sono scesi a piedi e hanno raggiunto il 40enne di Volpago del Montello (TV), assistito da diverse persone, che avevano nel frattempo recuperato la vela e hanno poi aiutato i soccorritori a spostare al di fuori della copertura arborea la barella, una volta prestate le prime cure. L&#8217;uomo, con un probabile trauma al bacino, \u00e8 stato issato a bordo con un verricello di 20 metri e trasportato all&#8217;ospedale di Belluno.<\/p>\n<p>&nbsp;<\/p>\n<p>&nbsp;<\/p>\n<hr \/>\n<p>&nbsp;<\/p>\n<blockquote>\n<h3>TURISTA CINESE SI INFORTUNA ALLA CAVIGLIA<\/h3>\n<\/blockquote>\n<p><strong><a class=\"dt-pswp-item\" href=\"https:\/\/www.radiopiu.net\/wordpress\/wp-content\/uploads\/2025\/07\/LOGO_NEW_BELLUNO.jpg\" data-dt-img-description=\"\" data-large_image_width=\"1600\" data-large_image_height=\"1131\"><img loading=\"lazy\" decoding=\"async\" class=\" wp-image-461728 alignleft\" src=\"https:\/\/www.radiopiu.net\/wordpress\/wp-content\/uploads\/2025\/07\/LOGO_NEW_BELLUNO-300x212.jpg\" alt=\"\" width=\"144\" height=\"102\" srcset=\"https:\/\/www.radiopiu.net\/wordpress\/wp-content\/uploads\/2025\/07\/LOGO_NEW_BELLUNO-300x212.jpg 300w, https:\/\/www.radiopiu.net\/wordpress\/wp-content\/uploads\/2025\/07\/LOGO_NEW_BELLUNO-1024x724.jpg 1024w, https:\/\/www.radiopiu.net\/wordpress\/wp-content\/uploads\/2025\/07\/LOGO_NEW_BELLUNO-768x543.jpg 768w, https:\/\/www.radiopiu.net\/wordpress\/wp-content\/uploads\/2025\/07\/LOGO_NEW_BELLUNO-1536x1086.jpg 1536w, https:\/\/www.radiopiu.net\/wordpress\/wp-content\/uploads\/2025\/07\/LOGO_NEW_BELLUNO.jpg 1600w\" sizes=\"auto, (max-width: 144px) 100vw, 144px\" \/><\/a>CORTINA<\/strong> Ieri mattina la Centrale del 118 ha ricevuto la segnalazione per una turista cinese, che si era fatta male a un piede mentre percorreva il sentiero 215 verso il Rifugio Vandelli. Allertato il Soccorso alpino di Cortina, in aiuto della 47enne, impossibilitata a proseguire a seguito del trauma riportato alla caviglia, \u00e8 partita una squadra della Guardia di finanza. I soccorritori hanno raggiunto l&#8217;infortunata, l&#8217;hanno imabrellata e trasportata a piedi fino a dove un&#8217;altra squadra \u00e8 riuscita ad avvicinarsi in jeep dalla Valbona. La donna \u00e8 stata quindi accompagnata al rendez vous con l&#8217;ambulanza, diretta al Codivilla.<\/p>\n<p>&nbsp;<\/p>\n<p>&nbsp;<\/p>\n<hr \/>\n<p>&nbsp;<\/p>\n<blockquote>\n<h3>OPERAZIONE AD ALTO IMPATTO CONTRO LA CRIMINALIT\u00c0 GIOVANILE: IL BILANCIO DELLA POLIZIA DI STATO<\/h3>\n<\/blockquote>\n<p><strong>ROMA <\/strong>Dal 22 agosto al 12 settembre la Polizia di Stato ha condotto un\u2019operazione nazionale ad alto impatto contro la criminalit\u00e0 giovanile. Coordinata dal Servizio Centrale Operativo e realizzata dalle Squadre Mobili con il supporto dei Reparti Prevenzione Crimine, l\u2019attivit\u00e0 ha interessato zone di spaccio, aree della \u201cmovida\u201d, centri commerciali ed esercizi pubblici, oltre al web. Gli interventi hanno riguardato minorenni e giovani maggiorenni coinvolti in reati contro la persona e il patrimonio, spaccio di stupefacenti, possesso di armi e condotte discriminatorie. Il bilancio \u00e8 rilevante: 62.822 persone identificate, di cui oltre 10.600 minorenni; 283 adulti e 22 minori arrestati; 81 maggiorenni e 6 minorenni colpiti da misure cautelari; 1.110 adulti e 180 minori denunciati a piede libero. Sono stati controllati 829 immobili, tra cui 58 strutture di accoglienza per minori stranieri, oltre a sale giochi e negozi. Sequestrati 19 kg di cocaina, 1 kg di eroina, 79 kg di cannabinoidi, armi da fuoco, coltelli, katane, taser, oltre a oggetti rubati o contraffatti, incluso un falso tesserino della Guardia di Finanza. Monitorati 1.300 profili social, con cinque casi di istigazione all\u2019odio.<\/p>\n<div style=\"width: 1200px;\" class=\"wp-video\"><video class=\"wp-video-shortcode\" id=\"video-469516-1\" width=\"1200\" height=\"675\" preload=\"metadata\" controls=\"controls\"><source type=\"video\/mp4\" src=\"https:\/\/www.radiopiu.net\/wordpress\/wp-content\/uploads\/2025\/09\/71b93574-8ff9-11f0-bfc6-736d736f6674.mp4?_=1\" \/><a href=\"https:\/\/www.radiopiu.net\/wordpress\/wp-content\/uploads\/2025\/09\/71b93574-8ff9-11f0-bfc6-736d736f6674.mp4\">https:\/\/www.radiopiu.net\/wordpress\/wp-content\/uploads\/2025\/09\/71b93574-8ff9-11f0-bfc6-736d736f6674.mp4<\/a><\/video><\/div>\n<p>&nbsp;<\/p>\n<hr \/>\n<p>&nbsp;<\/p>\n<blockquote>\n<h3>BELLUNO CONSEGNA IL SIGILLO DELLA CITTA&#8217; ALL&#8217;ASSOCIAZIONE NAZIONALE ALPINI<\/h3>\n<\/blockquote>\n<p><strong>BELLUNO <\/strong>Belluno ha conferito il Sigillo della Citt\u00e0 all\u2019Associazione Nazionale Alpini, massimo riconoscimento civico, in una cerimonia sentita e partecipata. Il Sindaco ha sottolineato come le penne nere siano state sempre presenti nei momenti cruciali della comunit\u00e0, dalle emergenze alle ricorrenze pi\u00f9 gioiose, con spirito di servizio, discrezione e dedizione. Il legame tra Belluno e gli Alpini affonda le radici nella storia del 7\u00b0 Reggimento, della Brigata Cadore e nei 104 anni di attivit\u00e0 della Sezione ANA cittadina, ma \u00e8 anche attualit\u00e0: impegno quotidiano nella protezione civile, sostegno ai pi\u00f9 fragili, lavoro con i giovani e testimonianza di valori come lealt\u00e0, fratellanza e amore per la montagna. Il conferimento del Sigillo \u00e8 stato descritto come un ringraziamento corale e un patto rinnovato tra la citt\u00e0 e gli Alpini. La cerimonia si \u00e8 conclusa con un applauso e il saluto: \u201cViva gli Alpini, viva l\u2019ANA, viva Belluno!\u201d.<\/p>\n\n\t\t\t<style type='text\/css'>\n\t\t\t\t#gallery-2 {\n\t\t\t\t\tmargin: auto;\n\t\t\t\t}\n\t\t\t\t#gallery-2 .gallery-item {\n\t\t\t\t\tfloat: left;\n\t\t\t\t\tmargin-top: 10px;\n\t\t\t\t\ttext-align: center;\n\t\t\t\t\twidth: 20%;\n\t\t\t\t}\n\t\t\t\t#gallery-2 img {\n\t\t\t\t\tborder: 2px solid #cfcfcf;\n\t\t\t\t}\n\t\t\t\t#gallery-2 .gallery-caption {\n\t\t\t\t\tmargin-left: 0;\n\t\t\t\t}\n\t\t\t\t\/* see gallery_shortcode() in wp-includes\/media.php *\/\n\t\t\t<\/style>\n\t\t<div id='gallery-2' class='dt-gallery-container gallery galleryid-469516 gallery-columns-5 gallery-size-thumbnail'><dl class='gallery-item'>\n\t\t\t\t<dt class='gallery-icon landscape'>\n\t\t\t\t\t<a class=\"rollover rollover-zoom dt-pswp-item\" title=\"image00001\" data-dt-img-description=\"\" data-large_image_width=\"2560\" data-large_image_height=\"1920\"href='https:\/\/www.radiopiu.net\/wordpress\/wp-content\/uploads\/2025\/09\/image00001-scaled.jpeg'><img loading=\"lazy\" decoding=\"async\" width=\"150\" height=\"150\" src=\"https:\/\/www.radiopiu.net\/wordpress\/wp-content\/uploads\/2025\/09\/image00001-150x150.jpeg\" class=\"attachment-thumbnail size-thumbnail\" alt=\"\" \/><\/a>\n\t\t\t\t<\/dt><\/dl><dl class='gallery-item'>\n\t\t\t\t<dt class='gallery-icon landscape'>\n\t\t\t\t\t<a class=\"rollover rollover-zoom dt-pswp-item\" title=\"image00002\" data-dt-img-description=\"\" data-large_image_width=\"2560\" data-large_image_height=\"1920\"href='https:\/\/www.radiopiu.net\/wordpress\/wp-content\/uploads\/2025\/09\/image00002-scaled.jpeg'><img loading=\"lazy\" decoding=\"async\" width=\"150\" height=\"150\" src=\"https:\/\/www.radiopiu.net\/wordpress\/wp-content\/uploads\/2025\/09\/image00002-150x150.jpeg\" class=\"attachment-thumbnail size-thumbnail\" alt=\"\" \/><\/a>\n\t\t\t\t<\/dt><\/dl><dl class='gallery-item'>\n\t\t\t\t<dt class='gallery-icon landscape'>\n\t\t\t\t\t<a class=\"rollover rollover-zoom dt-pswp-item\" title=\"image00003\" data-dt-img-description=\"\" data-large_image_width=\"2560\" data-large_image_height=\"1920\"href='https:\/\/www.radiopiu.net\/wordpress\/wp-content\/uploads\/2025\/09\/image00003-scaled.jpeg'><img loading=\"lazy\" decoding=\"async\" width=\"150\" height=\"150\" src=\"https:\/\/www.radiopiu.net\/wordpress\/wp-content\/uploads\/2025\/09\/image00003-150x150.jpeg\" class=\"attachment-thumbnail size-thumbnail\" alt=\"\" \/><\/a>\n\t\t\t\t<\/dt><\/dl><dl class='gallery-item'>\n\t\t\t\t<dt class='gallery-icon landscape'>\n\t\t\t\t\t<a class=\"rollover rollover-zoom dt-pswp-item\" title=\"image00004\" data-dt-img-description=\"\" data-large_image_width=\"1600\" data-large_image_height=\"1200\"href='https:\/\/www.radiopiu.net\/wordpress\/wp-content\/uploads\/2025\/09\/image00004.jpeg'><img loading=\"lazy\" decoding=\"async\" width=\"150\" height=\"150\" src=\"https:\/\/www.radiopiu.net\/wordpress\/wp-content\/uploads\/2025\/09\/image00004-150x150.jpeg\" class=\"attachment-thumbnail size-thumbnail\" alt=\"\" \/><\/a>\n\t\t\t\t<\/dt><\/dl><dl class='gallery-item'>\n\t\t\t\t<dt class='gallery-icon portrait'>\n\t\t\t\t\t<a class=\"rollover rollover-zoom dt-pswp-item\" title=\"image00005\" data-dt-img-description=\"\" data-large_image_width=\"1200\" data-large_image_height=\"1599\"href='https:\/\/www.radiopiu.net\/wordpress\/wp-content\/uploads\/2025\/09\/image00005.jpeg'><img loading=\"lazy\" decoding=\"async\" width=\"150\" height=\"150\" src=\"https:\/\/www.radiopiu.net\/wordpress\/wp-content\/uploads\/2025\/09\/image00005-150x150.jpeg\" class=\"attachment-thumbnail size-thumbnail\" alt=\"\" \/><\/a>\n\t\t\t\t<\/dt><\/dl><br style=\"clear: both\" \/>\n\t\t\t<\/div>\n\n<p>&nbsp;<\/p>\n<hr \/>\n<p>&nbsp;<\/p>\n<blockquote>\n<h3>CARABINIERI AL MERCATO SETTIMANALE DI BELLUNO PER AUMENTARE LA SICUREZZA<\/h3>\n<\/blockquote>\n<p><strong><a class=\"dt-pswp-item\" href=\"https:\/\/www.radiopiu.net\/wordpress\/wp-content\/uploads\/2025\/09\/SCR-20250913-kgai.png\" data-dt-img-description=\"\" data-large_image_width=\"966\" data-large_image_height=\"634\"><img loading=\"lazy\" decoding=\"async\" class=\" wp-image-469545 alignleft\" src=\"https:\/\/www.radiopiu.net\/wordpress\/wp-content\/uploads\/2025\/09\/SCR-20250913-kgai-300x197.png\" alt=\"\" width=\"209\" height=\"137\" srcset=\"https:\/\/www.radiopiu.net\/wordpress\/wp-content\/uploads\/2025\/09\/SCR-20250913-kgai-300x197.png 300w, https:\/\/www.radiopiu.net\/wordpress\/wp-content\/uploads\/2025\/09\/SCR-20250913-kgai-768x504.png 768w, https:\/\/www.radiopiu.net\/wordpress\/wp-content\/uploads\/2025\/09\/SCR-20250913-kgai.png 966w\" sizes=\"auto, (max-width: 209px) 100vw, 209px\" \/><\/a>BELLUNO <\/strong>Per rendere pi\u00f9 sicuro il mercato settimanale di Belluno, nella mattinata odierna \u00e8 stata impiegata una pattuglia appiedata di carabinieri, che verr\u00e0 utilizzata anche nelle prossime settimane. Allo scopo di evitare il verificarsi di eventuali reati, quali borseggi o truffe ai danni delle persone, soprattutto se anziane, di ambulanti irregolari o azioni di accattonaggio illecite, nella mattinata odierna veniva impiegata una pattuglia appiedata. L\u2019iniziativa \u00e8 stata accolta molto favorevolmente dalla popolazione che, oltre ad apprezzarne la vicinanza, ricevendo una reale forma di percezione di sicurezza, ha approfittato anche per chiedere informazioni di vario genere, su problematiche quotidiane.<\/p>\n<p>&nbsp;<\/p>\n<p>&nbsp;<\/p>\n<hr \/>\n<p>&nbsp;<\/p>\n<blockquote>\n<h3>FRANA E RISCHI PER IL VILLAGGIO DI LACEDEL<\/h3>\n<\/blockquote>\n<p><strong><a class=\"dt-pswp-item\" href=\"https:\/\/www.radiopiu.net\/wordpress\/wp-content\/uploads\/2025\/09\/SCR-20250913-nraj.jpeg\" data-dt-img-description=\"\" data-large_image_width=\"1252\" data-large_image_height=\"882\"><img loading=\"lazy\" decoding=\"async\" class=\" wp-image-469601 alignleft\" src=\"https:\/\/www.radiopiu.net\/wordpress\/wp-content\/uploads\/2025\/09\/SCR-20250913-nraj-300x211.jpeg\" alt=\"\" width=\"206\" height=\"145\" srcset=\"https:\/\/www.radiopiu.net\/wordpress\/wp-content\/uploads\/2025\/09\/SCR-20250913-nraj-300x211.jpeg 300w, https:\/\/www.radiopiu.net\/wordpress\/wp-content\/uploads\/2025\/09\/SCR-20250913-nraj-1024x721.jpeg 1024w, https:\/\/www.radiopiu.net\/wordpress\/wp-content\/uploads\/2025\/09\/SCR-20250913-nraj-768x541.jpeg 768w, https:\/\/www.radiopiu.net\/wordpress\/wp-content\/uploads\/2025\/09\/SCR-20250913-nraj.jpeg 1252w\" sizes=\"auto, (max-width: 206px) 100vw, 206px\" \/><\/a>CORTINA<\/strong> L\u201911 settembre 2025 i residenti e proprietari del villaggio storico di Lacedel (Cortina d\u2019Ampezzo) hanno presentato un esposto alla Procura di Belluno contro i cantieri della cabinovia olimpica Apollonio\u2013Socrepes e opere connesse, denunciando possibili responsabilit\u00e0 penali (artt. 426 e 449 c.p.) e violazioni delle norme di sicurezza. La decisione segue una frana formatasi tra il 29 e il 30 agosto 2025 sul versante di Socrepes, con fratture oltre i 40 metri e abbassamenti superiori ai 50 cm, che minacciano abitazioni, viabilit\u00e0 e servizi. Secondo il geologo Eros Aiello, gli sbancamenti sono stati realizzati senza adeguate indagini geotecniche n\u00e9 opere di consolidamento, in un\u2019area gi\u00e0 classificata a rischio elevato. I cittadini chiedono la sospensione dei lavori e interventi urgenti di messa in sicurezza. La vicenda richiama il sequestro disposto a Livigno per analoghe irregolarit\u00e0 legate a opere sportive.<\/p>\n<p>&nbsp;<\/p>\n<p>&nbsp;<\/p>\n<hr \/>\n<p>&nbsp;<\/p>\n<blockquote>\n<h3>BELLUNO AL CENTRO DIFENDE L\u2019AMMINISTRAZIONE DE PELLEGRIN<\/h3>\n<\/blockquote>\n<p><strong><a class=\"dt-pswp-item\" href=\"https:\/\/www.radiopiu.net\/wordpress\/wp-content\/uploads\/2022\/02\/Palazzo-rosso-illuminato-1-scaled.jpg\" data-dt-img-description=\"\" data-large_image_width=\"2560\" data-large_image_height=\"1707\"><img loading=\"lazy\" decoding=\"async\" class=\" wp-image-258761 alignleft\" src=\"https:\/\/www.radiopiu.net\/wordpress\/wp-content\/uploads\/2022\/02\/Palazzo-rosso-illuminato-1-300x200.jpg\" alt=\"\" width=\"179\" height=\"119\" srcset=\"https:\/\/www.radiopiu.net\/wordpress\/wp-content\/uploads\/2022\/02\/Palazzo-rosso-illuminato-1-300x200.jpg 300w, https:\/\/www.radiopiu.net\/wordpress\/wp-content\/uploads\/2022\/02\/Palazzo-rosso-illuminato-1-1024x683.jpg 1024w, https:\/\/www.radiopiu.net\/wordpress\/wp-content\/uploads\/2022\/02\/Palazzo-rosso-illuminato-1-768x512.jpg 768w, https:\/\/www.radiopiu.net\/wordpress\/wp-content\/uploads\/2022\/02\/Palazzo-rosso-illuminato-1-1536x1024.jpg 1536w, https:\/\/www.radiopiu.net\/wordpress\/wp-content\/uploads\/2022\/02\/Palazzo-rosso-illuminato-1-2048x1365.jpg 2048w\" sizes=\"auto, (max-width: 179px) 100vw, 179px\" \/><\/a>BELLUNO <\/strong>Il gruppo Belluno al Centro ribadisce pieno sostegno al sindaco Oscar De Pellegrin e alla sua giunta, sottolineando come la citt\u00e0 stia vivendo una stagione straordinaria di trasformazione. Oltre 50 milioni di euro di opere pubbliche, molte gi\u00e0 concluse e altre in corso, stanno ridisegnando il volto urbano: dal Belvedere di Piazza Castello alla ciclabile Antole-Casoni, dal piazzale del Nevegal a Lambioi e al De Mas 2, fino al futuro stadio e alla scuola Dal Mas di Cavarzano. Alle critiche del Partito Democratico, che parla di \u201ccitt\u00e0-casino\u201d, Belluno al Centro risponde che i cantieri non rappresentano disordine, ma rinascita e sviluppo. \u201c\u00c8 pi\u00f9 facile restare all\u2019opposizione a distribuire battute \u2013 affermano \u2013 che assumersi la responsabilit\u00e0 di dialogare con Ministeri e Governo e reperire fondi, come i 7 milioni aggiuntivi ottenuti per completare i progetti\u201d. Per il gruppo, gru e lavori sono segni di vitalit\u00e0: \u201cBelluno non \u00e8 ferma, ma in movimento, e i fatti valgono pi\u00f9 delle polemiche\u201d.<\/p>\n<p>&nbsp;<\/p>\n<p>&nbsp;<\/p>\n<hr \/>\n<p>&nbsp;<\/p>\n<blockquote>\n<h3>GEL CONTRO L\u2019ARMAMENTO DELLA POLIZIA LOCALE A BELLUNO<\/h3>\n<\/blockquote>\n<p><strong><a class=\"dt-pswp-item\" href=\"https:\/\/www.radiopiu.net\/wordpress\/wp-content\/uploads\/2025\/08\/GENERAZIONE-EUROPA.jpg\" data-dt-img-description=\"\" data-large_image_width=\"719\" data-large_image_height=\"718\"><img loading=\"lazy\" decoding=\"async\" class=\" wp-image-464540 alignleft\" src=\"https:\/\/www.radiopiu.net\/wordpress\/wp-content\/uploads\/2025\/08\/GENERAZIONE-EUROPA-300x300.jpg\" alt=\"\" width=\"161\" height=\"161\" srcset=\"https:\/\/www.radiopiu.net\/wordpress\/wp-content\/uploads\/2025\/08\/GENERAZIONE-EUROPA-300x300.jpg 300w, https:\/\/www.radiopiu.net\/wordpress\/wp-content\/uploads\/2025\/08\/GENERAZIONE-EUROPA-150x150.jpg 150w, https:\/\/www.radiopiu.net\/wordpress\/wp-content\/uploads\/2025\/08\/GENERAZIONE-EUROPA.jpg 719w\" sizes=\"auto, (max-width: 161px) 100vw, 161px\" \/><\/a>BELLUNO <\/strong>La decisione della giunta de Pellegrin di destinare circa 16 mila euro, pi\u00f9 3.500 per l\u2019addestramento, all\u2019acquisto di pistole e munizioni per la Polizia locale suscita critiche da parte di Generazione Europa Liberali e Democratici Bellunesi (GEL). Secondo il movimento, si tratta di una scelta sbagliata: Belluno non \u00e8 una citt\u00e0 ad alta criminalit\u00e0, i reati sono rari e le baby gang pressoch\u00e9 inesistenti. Armare i vigili \u2013 sostengono \u2013 non risponde alle vere necessit\u00e0, che riguardano invece il controllo del traffico, la sosta selvaggia, la vigilanza nei quartieri e la presenza agli attraversamenti pedonali. GEL evidenzia inoltre l\u2019incoerenza della maggioranza, che non ha incrementato l\u2019organico nonostante gli impegni presi. Le risorse, denunciano i riformisti, sarebbero state pi\u00f9 utili per potenziare i servizi serali e nei quartieri periferici. \u201cBelluno ha bisogno di fiducia, prevenzione e prossimit\u00e0, non di pistole\u201d, afferma il vicepresidente Jurgen Ismaili.<\/p>\n<p>&nbsp;<\/p>\n<p>&nbsp;<\/p>\n<hr \/>\n<p>&nbsp;<\/p>\n<blockquote>\n<h3>LA 13ESIMA FESTA DELLA DESMONTEGADA A SELVA DI CADORE<\/h3>\n<\/blockquote>\n<p><strong>DI MARINA DONA&#8217;<\/strong><\/p>\n<p><strong>SELVA DI CADORE <\/strong>Santa Fosca di Selva di Cadore ha accolto con entusiasmo la 13\u00aa edizione della Festa della Desmontegada. Per due giorni il paese si \u00e8 trasformato in un grande palcoscenico all\u2019aperto, animato da stand gastronomici, mercatini, giochi e musica dal vivo che hanno richiamato un pubblico numeroso, tra residenti e turisti. Il momento pi\u00f9 atteso \u00e8 stato domenica mattina, quando alle 11 la tradizionale sfilata del bestiame di ritorno dai pascoli ha colorato le vie del paese. Mucche ornate a festa e allevatori in abiti tipici hanno offerto uno spettacolo suggestivo e carico di tradizione, applaudito calorosamente dai presenti. La Desmontegada si conferma cos\u00ec un appuntamento irrinunciabile per la comunit\u00e0 e un richiamo autentico alle radici montane e alle tradizioni ladine.<\/p>\n<div style=\"width: 848px;\" class=\"wp-video\"><video class=\"wp-video-shortcode\" id=\"video-469516-2\" width=\"848\" height=\"480\" preload=\"metadata\" controls=\"controls\"><source type=\"video\/mp4\" src=\"https:\/\/www.radiopiu.net\/wordpress\/wp-content\/uploads\/2025\/09\/WhatsApp-Video-2025-09-14-at-13.52.54.mp4?_=2\" \/><a href=\"https:\/\/www.radiopiu.net\/wordpress\/wp-content\/uploads\/2025\/09\/WhatsApp-Video-2025-09-14-at-13.52.54.mp4\">https:\/\/www.radiopiu.net\/wordpress\/wp-content\/uploads\/2025\/09\/WhatsApp-Video-2025-09-14-at-13.52.54.mp4<\/a><\/video><\/div>\n<p>&nbsp;<\/p>\n\n\t\t\t<style type='text\/css'>\n\t\t\t\t#gallery-3 {\n\t\t\t\t\tmargin: auto;\n\t\t\t\t}\n\t\t\t\t#gallery-3 .gallery-item {\n\t\t\t\t\tfloat: left;\n\t\t\t\t\tmargin-top: 10px;\n\t\t\t\t\ttext-align: center;\n\t\t\t\t\twidth: 14%;\n\t\t\t\t}\n\t\t\t\t#gallery-3 img {\n\t\t\t\t\tborder: 2px solid #cfcfcf;\n\t\t\t\t}\n\t\t\t\t#gallery-3 .gallery-caption {\n\t\t\t\t\tmargin-left: 0;\n\t\t\t\t}\n\t\t\t\t\/* see gallery_shortcode() in wp-includes\/media.php *\/\n\t\t\t<\/style>\n\t\t<div id='gallery-3' class='dt-gallery-container gallery galleryid-469516 gallery-columns-7 gallery-size-thumbnail'><dl class='gallery-item'>\n\t\t\t\t<dt class='gallery-icon landscape'>\n\t\t\t\t\t<a class=\"rollover\" href='https:\/\/www.radiopiu.net\/wordpress\/la-13esima-festa-della-desmontegada-a-selva-di-cadore\/03b0919d-15f8-4ec8-bc88-04f273624a67\/'><img loading=\"lazy\" decoding=\"async\" width=\"150\" height=\"150\" src=\"https:\/\/www.radiopiu.net\/wordpress\/wp-content\/uploads\/2025\/09\/03b0919d-15f8-4ec8-bc88-04f273624a67-150x150.jpg\" class=\"attachment-thumbnail size-thumbnail\" alt=\"\" \/><\/a>\n\t\t\t\t<\/dt><\/dl><dl class='gallery-item'>\n\t\t\t\t<dt class='gallery-icon landscape'>\n\t\t\t\t\t<a class=\"rollover\" href='https:\/\/www.radiopiu.net\/wordpress\/la-13esima-festa-della-desmontegada-a-selva-di-cadore\/a787e9ab-002e-469b-83dc-b67a55f8ebb6\/'><img loading=\"lazy\" decoding=\"async\" width=\"150\" height=\"150\" src=\"https:\/\/www.radiopiu.net\/wordpress\/wp-content\/uploads\/2025\/09\/a787e9ab-002e-469b-83dc-b67a55f8ebb6-150x150.jpg\" class=\"attachment-thumbnail size-thumbnail\" alt=\"\" \/><\/a>\n\t\t\t\t<\/dt><\/dl><dl class='gallery-item'>\n\t\t\t\t<dt class='gallery-icon landscape'>\n\t\t\t\t\t<a class=\"rollover\" href='https:\/\/www.radiopiu.net\/wordpress\/la-13esima-festa-della-desmontegada-a-selva-di-cadore\/c057dde4-c0f7-4def-b325-e69af4e8aa69\/'><img loading=\"lazy\" decoding=\"async\" width=\"150\" height=\"150\" src=\"https:\/\/www.radiopiu.net\/wordpress\/wp-content\/uploads\/2025\/09\/c057dde4-c0f7-4def-b325-e69af4e8aa69-150x150.jpg\" class=\"attachment-thumbnail size-thumbnail\" alt=\"\" \/><\/a>\n\t\t\t\t<\/dt><\/dl><dl class='gallery-item'>\n\t\t\t\t<dt class='gallery-icon landscape'>\n\t\t\t\t\t<a class=\"rollover\" href='https:\/\/www.radiopiu.net\/wordpress\/la-13esima-festa-della-desmontegada-a-selva-di-cadore\/33307255-27af-420c-9808-123904c493e5\/'><img loading=\"lazy\" decoding=\"async\" width=\"150\" height=\"150\" src=\"https:\/\/www.radiopiu.net\/wordpress\/wp-content\/uploads\/2025\/09\/33307255-27af-420c-9808-123904c493e5-150x150.jpg\" class=\"attachment-thumbnail size-thumbnail\" alt=\"\" \/><\/a>\n\t\t\t\t<\/dt><\/dl><dl class='gallery-item'>\n\t\t\t\t<dt class='gallery-icon landscape'>\n\t\t\t\t\t<a class=\"rollover\" href='https:\/\/www.radiopiu.net\/wordpress\/la-13esima-festa-della-desmontegada-a-selva-di-cadore\/9a577797-81b6-4fe5-9631-f891371e2a36\/'><img loading=\"lazy\" decoding=\"async\" width=\"150\" height=\"150\" src=\"https:\/\/www.radiopiu.net\/wordpress\/wp-content\/uploads\/2025\/09\/9a577797-81b6-4fe5-9631-f891371e2a36-150x150.jpg\" class=\"attachment-thumbnail size-thumbnail\" alt=\"\" \/><\/a>\n\t\t\t\t<\/dt><\/dl><dl class='gallery-item'>\n\t\t\t\t<dt class='gallery-icon landscape'>\n\t\t\t\t\t<a class=\"rollover\" href='https:\/\/www.radiopiu.net\/wordpress\/la-13esima-festa-della-desmontegada-a-selva-di-cadore\/5ba8dea0-071a-4556-bd93-3a39764398d7\/'><img loading=\"lazy\" decoding=\"async\" width=\"150\" height=\"150\" src=\"https:\/\/www.radiopiu.net\/wordpress\/wp-content\/uploads\/2025\/09\/5ba8dea0-071a-4556-bd93-3a39764398d7-150x150.jpg\" class=\"attachment-thumbnail size-thumbnail\" alt=\"\" \/><\/a>\n\t\t\t\t<\/dt><\/dl><dl class='gallery-item'>\n\t\t\t\t<dt class='gallery-icon landscape'>\n\t\t\t\t\t<a class=\"rollover\" href='https:\/\/www.radiopiu.net\/wordpress\/la-13esima-festa-della-desmontegada-a-selva-di-cadore\/38b27bd5-9d66-4484-be4d-1e2b40758406\/'><img loading=\"lazy\" decoding=\"async\" width=\"150\" height=\"150\" src=\"https:\/\/www.radiopiu.net\/wordpress\/wp-content\/uploads\/2025\/09\/38b27bd5-9d66-4484-be4d-1e2b40758406-150x150.jpg\" class=\"attachment-thumbnail size-thumbnail\" alt=\"\" \/><\/a>\n\t\t\t\t<\/dt><\/dl><br style=\"clear: both\" \/><dl class='gallery-item'>\n\t\t\t\t<dt class='gallery-icon landscape'>\n\t\t\t\t\t<a class=\"rollover\" href='https:\/\/www.radiopiu.net\/wordpress\/la-13esima-festa-della-desmontegada-a-selva-di-cadore\/2ac55f74-6f7d-4dcb-b691-6ed54e8ba702\/'><img loading=\"lazy\" decoding=\"async\" width=\"150\" height=\"150\" src=\"https:\/\/www.radiopiu.net\/wordpress\/wp-content\/uploads\/2025\/09\/2ac55f74-6f7d-4dcb-b691-6ed54e8ba702-150x150.jpg\" class=\"attachment-thumbnail size-thumbnail\" alt=\"\" \/><\/a>\n\t\t\t\t<\/dt><\/dl><dl class='gallery-item'>\n\t\t\t\t<dt class='gallery-icon landscape'>\n\t\t\t\t\t<a class=\"rollover\" href='https:\/\/www.radiopiu.net\/wordpress\/la-13esima-festa-della-desmontegada-a-selva-di-cadore\/90352c7a-6276-403d-8a18-88d60b28a3df\/'><img loading=\"lazy\" decoding=\"async\" width=\"150\" height=\"150\" src=\"https:\/\/www.radiopiu.net\/wordpress\/wp-content\/uploads\/2025\/09\/90352c7a-6276-403d-8a18-88d60b28a3df-150x150.jpg\" class=\"attachment-thumbnail size-thumbnail\" alt=\"\" \/><\/a>\n\t\t\t\t<\/dt><\/dl><dl class='gallery-item'>\n\t\t\t\t<dt class='gallery-icon landscape'>\n\t\t\t\t\t<a class=\"rollover\" href='https:\/\/www.radiopiu.net\/wordpress\/la-13esima-festa-della-desmontegada-a-selva-di-cadore\/a68b3587-3640-4eb3-b5d5-ffe1492050ef\/'><img loading=\"lazy\" decoding=\"async\" width=\"150\" height=\"150\" src=\"https:\/\/www.radiopiu.net\/wordpress\/wp-content\/uploads\/2025\/09\/a68b3587-3640-4eb3-b5d5-ffe1492050ef-150x150.jpg\" class=\"attachment-thumbnail size-thumbnail\" alt=\"\" \/><\/a>\n\t\t\t\t<\/dt><\/dl><dl class='gallery-item'>\n\t\t\t\t<dt class='gallery-icon landscape'>\n\t\t\t\t\t<a class=\"rollover\" href='https:\/\/www.radiopiu.net\/wordpress\/la-13esima-festa-della-desmontegada-a-selva-di-cadore\/394cdcd2-8a1c-459f-b661-2f35259a669a\/'><img loading=\"lazy\" decoding=\"async\" width=\"150\" height=\"150\" src=\"https:\/\/www.radiopiu.net\/wordpress\/wp-content\/uploads\/2025\/09\/394cdcd2-8a1c-459f-b661-2f35259a669a-150x150.jpg\" class=\"attachment-thumbnail size-thumbnail\" alt=\"\" \/><\/a>\n\t\t\t\t<\/dt><\/dl><dl class='gallery-item'>\n\t\t\t\t<dt class='gallery-icon landscape'>\n\t\t\t\t\t<a class=\"rollover\" href='https:\/\/www.radiopiu.net\/wordpress\/la-13esima-festa-della-desmontegada-a-selva-di-cadore\/9394cfa6-7279-4392-b53b-316ae0839dcd\/'><img loading=\"lazy\" decoding=\"async\" width=\"150\" height=\"150\" src=\"https:\/\/www.radiopiu.net\/wordpress\/wp-content\/uploads\/2025\/09\/9394cfa6-7279-4392-b53b-316ae0839dcd-150x150.jpg\" class=\"attachment-thumbnail size-thumbnail\" alt=\"\" \/><\/a>\n\t\t\t\t<\/dt><\/dl><dl class='gallery-item'>\n\t\t\t\t<dt class='gallery-icon landscape'>\n\t\t\t\t\t<a class=\"rollover\" href='https:\/\/www.radiopiu.net\/wordpress\/la-13esima-festa-della-desmontegada-a-selva-di-cadore\/15d7b4c1-779f-4c5f-80f4-0e5d6a999168\/'><img loading=\"lazy\" decoding=\"async\" width=\"150\" height=\"150\" src=\"https:\/\/www.radiopiu.net\/wordpress\/wp-content\/uploads\/2025\/09\/15d7b4c1-779f-4c5f-80f4-0e5d6a999168-150x150.jpg\" class=\"attachment-thumbnail size-thumbnail\" alt=\"\" \/><\/a>\n\t\t\t\t<\/dt><\/dl>\n\t\t\t\t<br style='clear: both' \/>\n\t\t\t<\/div>\n\n<p>&nbsp;<\/p>\n<hr \/>\n<p>&nbsp;<\/p>\n<blockquote>\n<h3>SPORT IN PIAZZA 2025: AD AGORDO UNA GIORNATA DEDICATA ALL&#8217;ATTIVITA&#8217; SPORTIVA<\/h3>\n<\/blockquote>\n<p><strong>DI MARINA DONA&#8217;<\/strong><\/p>\n<p><strong>AGORDO <\/strong>Ad Agordo \u00e8 tornato l\u2019atteso appuntamento con <strong data-start=\"150\" data-end=\"171\">\u201c<\/strong>Sport in Piazza\u201d, la manifestazione che ogni anno trasforma il centro cittadino in una grande palestra a cielo aperto. Una giornata interamente dedicata ai giovani e alle famiglie, con l\u2019obiettivo di avvicinare i ragazzi alla pratica sportiva e di far conoscere la ricchezza del tessuto associativo locale. Sono state 24 le attivit\u00e0 sportive presenti. Accanto allo sport, spazio anche al mondo del volontariato, con diverse associazioni che hanno presentato le loro attivit\u00e0 e sensibilizzato i ragazzi sull\u2019importanza dell\u2019impegno civico.<\/p>\n<p><iframe loading=\"lazy\" title=\"SPORT IN PIAZZA 2025 AD AGORDO\" width=\"1200\" height=\"675\" src=\"https:\/\/www.youtube.com\/embed\/Rl0pcWXjgZ4?feature=oembed\" frameborder=\"0\" allow=\"accelerometer; autoplay; clipboard-write; encrypted-media; gyroscope; picture-in-picture; web-share\" referrerpolicy=\"strict-origin-when-cross-origin\" allowfullscreen><\/iframe><\/p>\n\n\t\t\t<style type='text\/css'>\n\t\t\t\t#gallery-4 {\n\t\t\t\t\tmargin: auto;\n\t\t\t\t}\n\t\t\t\t#gallery-4 .gallery-item {\n\t\t\t\t\tfloat: left;\n\t\t\t\t\tmargin-top: 10px;\n\t\t\t\t\ttext-align: center;\n\t\t\t\t\twidth: 25%;\n\t\t\t\t}\n\t\t\t\t#gallery-4 img {\n\t\t\t\t\tborder: 2px solid #cfcfcf;\n\t\t\t\t}\n\t\t\t\t#gallery-4 .gallery-caption {\n\t\t\t\t\tmargin-left: 0;\n\t\t\t\t}\n\t\t\t\t\/* see gallery_shortcode() in wp-includes\/media.php *\/\n\t\t\t<\/style>\n\t\t<div id='gallery-4' class='dt-gallery-container gallery galleryid-469516 gallery-columns-4 gallery-size-medium'><dl class='gallery-item'>\n\t\t\t\t<dt class='gallery-icon landscape'>\n\t\t\t\t\t<a class=\"rollover rollover-zoom dt-pswp-item\" title=\"0cb10ed8-a6e5-4909-92ca-ec8eddf44121\" data-dt-img-description=\"\" data-large_image_width=\"2000\" data-large_image_height=\"1500\"href='https:\/\/www.radiopiu.net\/wordpress\/wp-content\/uploads\/2025\/09\/0cb10ed8-a6e5-4909-92ca-ec8eddf44121.jpg'><img loading=\"lazy\" decoding=\"async\" width=\"300\" height=\"225\" src=\"https:\/\/www.radiopiu.net\/wordpress\/wp-content\/uploads\/2025\/09\/0cb10ed8-a6e5-4909-92ca-ec8eddf44121-300x225.jpg\" class=\"attachment-medium size-medium\" alt=\"\" srcset=\"https:\/\/www.radiopiu.net\/wordpress\/wp-content\/uploads\/2025\/09\/0cb10ed8-a6e5-4909-92ca-ec8eddf44121-300x225.jpg 300w, https:\/\/www.radiopiu.net\/wordpress\/wp-content\/uploads\/2025\/09\/0cb10ed8-a6e5-4909-92ca-ec8eddf44121-1024x768.jpg 1024w, https:\/\/www.radiopiu.net\/wordpress\/wp-content\/uploads\/2025\/09\/0cb10ed8-a6e5-4909-92ca-ec8eddf44121-768x576.jpg 768w, https:\/\/www.radiopiu.net\/wordpress\/wp-content\/uploads\/2025\/09\/0cb10ed8-a6e5-4909-92ca-ec8eddf44121-1536x1152.jpg 1536w, https:\/\/www.radiopiu.net\/wordpress\/wp-content\/uploads\/2025\/09\/0cb10ed8-a6e5-4909-92ca-ec8eddf44121.jpg 2000w\" sizes=\"auto, (max-width: 300px) 100vw, 300px\" \/><\/a>\n\t\t\t\t<\/dt><\/dl><dl class='gallery-item'>\n\t\t\t\t<dt class='gallery-icon landscape'>\n\t\t\t\t\t<a class=\"rollover rollover-zoom dt-pswp-item\" title=\"b23d4f61-574b-4f26-b2df-a5fc9461446a\" data-dt-img-description=\"\" data-large_image_width=\"2000\" data-large_image_height=\"1500\"href='https:\/\/www.radiopiu.net\/wordpress\/wp-content\/uploads\/2025\/09\/b23d4f61-574b-4f26-b2df-a5fc9461446a.jpg'><img loading=\"lazy\" decoding=\"async\" width=\"300\" height=\"225\" src=\"https:\/\/www.radiopiu.net\/wordpress\/wp-content\/uploads\/2025\/09\/b23d4f61-574b-4f26-b2df-a5fc9461446a-300x225.jpg\" class=\"attachment-medium size-medium\" alt=\"\" srcset=\"https:\/\/www.radiopiu.net\/wordpress\/wp-content\/uploads\/2025\/09\/b23d4f61-574b-4f26-b2df-a5fc9461446a-300x225.jpg 300w, https:\/\/www.radiopiu.net\/wordpress\/wp-content\/uploads\/2025\/09\/b23d4f61-574b-4f26-b2df-a5fc9461446a-1024x768.jpg 1024w, https:\/\/www.radiopiu.net\/wordpress\/wp-content\/uploads\/2025\/09\/b23d4f61-574b-4f26-b2df-a5fc9461446a-768x576.jpg 768w, https:\/\/www.radiopiu.net\/wordpress\/wp-content\/uploads\/2025\/09\/b23d4f61-574b-4f26-b2df-a5fc9461446a-1536x1152.jpg 1536w, https:\/\/www.radiopiu.net\/wordpress\/wp-content\/uploads\/2025\/09\/b23d4f61-574b-4f26-b2df-a5fc9461446a.jpg 2000w\" sizes=\"auto, (max-width: 300px) 100vw, 300px\" \/><\/a>\n\t\t\t\t<\/dt><\/dl><dl class='gallery-item'>\n\t\t\t\t<dt class='gallery-icon landscape'>\n\t\t\t\t\t<a class=\"rollover rollover-zoom dt-pswp-item\" title=\"216aa3ee-f3bf-4643-9323-9f0225d71ac5\" data-dt-img-description=\"\" data-large_image_width=\"2048\" data-large_image_height=\"1536\"href='https:\/\/www.radiopiu.net\/wordpress\/wp-content\/uploads\/2025\/09\/216aa3ee-f3bf-4643-9323-9f0225d71ac5.jpg'><img loading=\"lazy\" decoding=\"async\" width=\"300\" height=\"225\" src=\"https:\/\/www.radiopiu.net\/wordpress\/wp-content\/uploads\/2025\/09\/216aa3ee-f3bf-4643-9323-9f0225d71ac5-300x225.jpg\" class=\"attachment-medium size-medium\" alt=\"\" srcset=\"https:\/\/www.radiopiu.net\/wordpress\/wp-content\/uploads\/2025\/09\/216aa3ee-f3bf-4643-9323-9f0225d71ac5-300x225.jpg 300w, https:\/\/www.radiopiu.net\/wordpress\/wp-content\/uploads\/2025\/09\/216aa3ee-f3bf-4643-9323-9f0225d71ac5-1024x768.jpg 1024w, https:\/\/www.radiopiu.net\/wordpress\/wp-content\/uploads\/2025\/09\/216aa3ee-f3bf-4643-9323-9f0225d71ac5-768x576.jpg 768w, https:\/\/www.radiopiu.net\/wordpress\/wp-content\/uploads\/2025\/09\/216aa3ee-f3bf-4643-9323-9f0225d71ac5-1536x1152.jpg 1536w, https:\/\/www.radiopiu.net\/wordpress\/wp-content\/uploads\/2025\/09\/216aa3ee-f3bf-4643-9323-9f0225d71ac5.jpg 2048w\" sizes=\"auto, (max-width: 300px) 100vw, 300px\" \/><\/a>\n\t\t\t\t<\/dt><\/dl><dl class='gallery-item'>\n\t\t\t\t<dt class='gallery-icon landscape'>\n\t\t\t\t\t<a class=\"rollover rollover-zoom dt-pswp-item\" title=\"aa147835-cc12-41b9-9fa1-a91573543f50\" data-dt-img-description=\"\" data-large_image_width=\"2000\" data-large_image_height=\"1500\"href='https:\/\/www.radiopiu.net\/wordpress\/wp-content\/uploads\/2025\/09\/aa147835-cc12-41b9-9fa1-a91573543f50.jpg'><img loading=\"lazy\" decoding=\"async\" width=\"300\" height=\"225\" src=\"https:\/\/www.radiopiu.net\/wordpress\/wp-content\/uploads\/2025\/09\/aa147835-cc12-41b9-9fa1-a91573543f50-300x225.jpg\" class=\"attachment-medium size-medium\" alt=\"\" srcset=\"https:\/\/www.radiopiu.net\/wordpress\/wp-content\/uploads\/2025\/09\/aa147835-cc12-41b9-9fa1-a91573543f50-300x225.jpg 300w, https:\/\/www.radiopiu.net\/wordpress\/wp-content\/uploads\/2025\/09\/aa147835-cc12-41b9-9fa1-a91573543f50-1024x768.jpg 1024w, https:\/\/www.radiopiu.net\/wordpress\/wp-content\/uploads\/2025\/09\/aa147835-cc12-41b9-9fa1-a91573543f50-768x576.jpg 768w, https:\/\/www.radiopiu.net\/wordpress\/wp-content\/uploads\/2025\/09\/aa147835-cc12-41b9-9fa1-a91573543f50-1536x1152.jpg 1536w, https:\/\/www.radiopiu.net\/wordpress\/wp-content\/uploads\/2025\/09\/aa147835-cc12-41b9-9fa1-a91573543f50.jpg 2000w\" sizes=\"auto, (max-width: 300px) 100vw, 300px\" \/><\/a>\n\t\t\t\t<\/dt><\/dl><br style=\"clear: both\" \/><dl class='gallery-item'>\n\t\t\t\t<dt class='gallery-icon landscape'>\n\t\t\t\t\t<a class=\"rollover rollover-zoom dt-pswp-item\" title=\"f5494f05-2aee-4954-9913-d7dffefb6a07\" data-dt-img-description=\"\" data-large_image_width=\"2000\" data-large_image_height=\"1500\"href='https:\/\/www.radiopiu.net\/wordpress\/wp-content\/uploads\/2025\/09\/f5494f05-2aee-4954-9913-d7dffefb6a07.jpg'><img loading=\"lazy\" decoding=\"async\" width=\"300\" height=\"225\" src=\"https:\/\/www.radiopiu.net\/wordpress\/wp-content\/uploads\/2025\/09\/f5494f05-2aee-4954-9913-d7dffefb6a07-300x225.jpg\" class=\"attachment-medium size-medium\" alt=\"\" srcset=\"https:\/\/www.radiopiu.net\/wordpress\/wp-content\/uploads\/2025\/09\/f5494f05-2aee-4954-9913-d7dffefb6a07-300x225.jpg 300w, https:\/\/www.radiopiu.net\/wordpress\/wp-content\/uploads\/2025\/09\/f5494f05-2aee-4954-9913-d7dffefb6a07-1024x768.jpg 1024w, https:\/\/www.radiopiu.net\/wordpress\/wp-content\/uploads\/2025\/09\/f5494f05-2aee-4954-9913-d7dffefb6a07-768x576.jpg 768w, https:\/\/www.radiopiu.net\/wordpress\/wp-content\/uploads\/2025\/09\/f5494f05-2aee-4954-9913-d7dffefb6a07-1536x1152.jpg 1536w, https:\/\/www.radiopiu.net\/wordpress\/wp-content\/uploads\/2025\/09\/f5494f05-2aee-4954-9913-d7dffefb6a07.jpg 2000w\" sizes=\"auto, (max-width: 300px) 100vw, 300px\" \/><\/a>\n\t\t\t\t<\/dt><\/dl><dl class='gallery-item'>\n\t\t\t\t<dt class='gallery-icon landscape'>\n\t\t\t\t\t<a class=\"rollover rollover-zoom dt-pswp-item\" title=\"8dac70ff-b540-467b-9e0d-1117bc335a85\" data-dt-img-description=\"\" data-large_image_width=\"2000\" data-large_image_height=\"1500\"href='https:\/\/www.radiopiu.net\/wordpress\/wp-content\/uploads\/2025\/09\/8dac70ff-b540-467b-9e0d-1117bc335a85.jpg'><img loading=\"lazy\" decoding=\"async\" width=\"300\" height=\"225\" src=\"https:\/\/www.radiopiu.net\/wordpress\/wp-content\/uploads\/2025\/09\/8dac70ff-b540-467b-9e0d-1117bc335a85-300x225.jpg\" class=\"attachment-medium size-medium\" alt=\"\" srcset=\"https:\/\/www.radiopiu.net\/wordpress\/wp-content\/uploads\/2025\/09\/8dac70ff-b540-467b-9e0d-1117bc335a85-300x225.jpg 300w, https:\/\/www.radiopiu.net\/wordpress\/wp-content\/uploads\/2025\/09\/8dac70ff-b540-467b-9e0d-1117bc335a85-1024x768.jpg 1024w, https:\/\/www.radiopiu.net\/wordpress\/wp-content\/uploads\/2025\/09\/8dac70ff-b540-467b-9e0d-1117bc335a85-768x576.jpg 768w, https:\/\/www.radiopiu.net\/wordpress\/wp-content\/uploads\/2025\/09\/8dac70ff-b540-467b-9e0d-1117bc335a85-1536x1152.jpg 1536w, https:\/\/www.radiopiu.net\/wordpress\/wp-content\/uploads\/2025\/09\/8dac70ff-b540-467b-9e0d-1117bc335a85.jpg 2000w\" sizes=\"auto, (max-width: 300px) 100vw, 300px\" \/><\/a>\n\t\t\t\t<\/dt><\/dl><dl class='gallery-item'>\n\t\t\t\t<dt class='gallery-icon landscape'>\n\t\t\t\t\t<a class=\"rollover rollover-zoom dt-pswp-item\" title=\"3fd93097-5908-4343-a4bd-55eeb8952096\" data-dt-img-description=\"\" data-large_image_width=\"2000\" data-large_image_height=\"1500\"href='https:\/\/www.radiopiu.net\/wordpress\/wp-content\/uploads\/2025\/09\/3fd93097-5908-4343-a4bd-55eeb8952096.jpg'><img loading=\"lazy\" decoding=\"async\" width=\"300\" height=\"225\" src=\"https:\/\/www.radiopiu.net\/wordpress\/wp-content\/uploads\/2025\/09\/3fd93097-5908-4343-a4bd-55eeb8952096-300x225.jpg\" class=\"attachment-medium size-medium\" alt=\"\" srcset=\"https:\/\/www.radiopiu.net\/wordpress\/wp-content\/uploads\/2025\/09\/3fd93097-5908-4343-a4bd-55eeb8952096-300x225.jpg 300w, https:\/\/www.radiopiu.net\/wordpress\/wp-content\/uploads\/2025\/09\/3fd93097-5908-4343-a4bd-55eeb8952096-1024x768.jpg 1024w, https:\/\/www.radiopiu.net\/wordpress\/wp-content\/uploads\/2025\/09\/3fd93097-5908-4343-a4bd-55eeb8952096-768x576.jpg 768w, https:\/\/www.radiopiu.net\/wordpress\/wp-content\/uploads\/2025\/09\/3fd93097-5908-4343-a4bd-55eeb8952096-1536x1152.jpg 1536w, https:\/\/www.radiopiu.net\/wordpress\/wp-content\/uploads\/2025\/09\/3fd93097-5908-4343-a4bd-55eeb8952096.jpg 2000w\" sizes=\"auto, (max-width: 300px) 100vw, 300px\" \/><\/a>\n\t\t\t\t<\/dt><\/dl><dl class='gallery-item'>\n\t\t\t\t<dt class='gallery-icon landscape'>\n\t\t\t\t\t<a class=\"rollover rollover-zoom dt-pswp-item\" title=\"7367ff08-f563-4c59-83e6-fdb5aa525d71\" data-dt-img-description=\"\" data-large_image_width=\"2000\" data-large_image_height=\"1500\"href='https:\/\/www.radiopiu.net\/wordpress\/wp-content\/uploads\/2025\/09\/7367ff08-f563-4c59-83e6-fdb5aa525d71.jpg'><img loading=\"lazy\" decoding=\"async\" width=\"300\" height=\"225\" src=\"https:\/\/www.radiopiu.net\/wordpress\/wp-content\/uploads\/2025\/09\/7367ff08-f563-4c59-83e6-fdb5aa525d71-300x225.jpg\" class=\"attachment-medium size-medium\" alt=\"\" srcset=\"https:\/\/www.radiopiu.net\/wordpress\/wp-content\/uploads\/2025\/09\/7367ff08-f563-4c59-83e6-fdb5aa525d71-300x225.jpg 300w, https:\/\/www.radiopiu.net\/wordpress\/wp-content\/uploads\/2025\/09\/7367ff08-f563-4c59-83e6-fdb5aa525d71-1024x768.jpg 1024w, https:\/\/www.radiopiu.net\/wordpress\/wp-content\/uploads\/2025\/09\/7367ff08-f563-4c59-83e6-fdb5aa525d71-768x576.jpg 768w, https:\/\/www.radiopiu.net\/wordpress\/wp-content\/uploads\/2025\/09\/7367ff08-f563-4c59-83e6-fdb5aa525d71-1536x1152.jpg 1536w, https:\/\/www.radiopiu.net\/wordpress\/wp-content\/uploads\/2025\/09\/7367ff08-f563-4c59-83e6-fdb5aa525d71.jpg 2000w\" sizes=\"auto, (max-width: 300px) 100vw, 300px\" \/><\/a>\n\t\t\t\t<\/dt><\/dl><br style=\"clear: both\" \/><dl class='gallery-item'>\n\t\t\t\t<dt class='gallery-icon landscape'>\n\t\t\t\t\t<a class=\"rollover rollover-zoom dt-pswp-item\" title=\"a22678ad-7a09-4739-a8dd-779761de2a06\" data-dt-img-description=\"\" data-large_image_width=\"2000\" data-large_image_height=\"1500\"href='https:\/\/www.radiopiu.net\/wordpress\/wp-content\/uploads\/2025\/09\/a22678ad-7a09-4739-a8dd-779761de2a06.jpg'><img loading=\"lazy\" decoding=\"async\" width=\"300\" height=\"225\" src=\"https:\/\/www.radiopiu.net\/wordpress\/wp-content\/uploads\/2025\/09\/a22678ad-7a09-4739-a8dd-779761de2a06-300x225.jpg\" class=\"attachment-medium size-medium\" alt=\"\" srcset=\"https:\/\/www.radiopiu.net\/wordpress\/wp-content\/uploads\/2025\/09\/a22678ad-7a09-4739-a8dd-779761de2a06-300x225.jpg 300w, https:\/\/www.radiopiu.net\/wordpress\/wp-content\/uploads\/2025\/09\/a22678ad-7a09-4739-a8dd-779761de2a06-1024x768.jpg 1024w, https:\/\/www.radiopiu.net\/wordpress\/wp-content\/uploads\/2025\/09\/a22678ad-7a09-4739-a8dd-779761de2a06-768x576.jpg 768w, https:\/\/www.radiopiu.net\/wordpress\/wp-content\/uploads\/2025\/09\/a22678ad-7a09-4739-a8dd-779761de2a06-1536x1152.jpg 1536w, https:\/\/www.radiopiu.net\/wordpress\/wp-content\/uploads\/2025\/09\/a22678ad-7a09-4739-a8dd-779761de2a06.jpg 2000w\" sizes=\"auto, (max-width: 300px) 100vw, 300px\" \/><\/a>\n\t\t\t\t<\/dt><\/dl><dl class='gallery-item'>\n\t\t\t\t<dt class='gallery-icon landscape'>\n\t\t\t\t\t<a class=\"rollover rollover-zoom dt-pswp-item\" title=\"6a6d39f6-6f53-4781-ab07-32be95a54bf8\" data-dt-img-description=\"\" data-large_image_width=\"2048\" data-large_image_height=\"1536\"href='https:\/\/www.radiopiu.net\/wordpress\/wp-content\/uploads\/2025\/09\/6a6d39f6-6f53-4781-ab07-32be95a54bf8.jpg'><img loading=\"lazy\" decoding=\"async\" width=\"300\" height=\"225\" src=\"https:\/\/www.radiopiu.net\/wordpress\/wp-content\/uploads\/2025\/09\/6a6d39f6-6f53-4781-ab07-32be95a54bf8-300x225.jpg\" class=\"attachment-medium size-medium\" alt=\"\" srcset=\"https:\/\/www.radiopiu.net\/wordpress\/wp-content\/uploads\/2025\/09\/6a6d39f6-6f53-4781-ab07-32be95a54bf8-300x225.jpg 300w, https:\/\/www.radiopiu.net\/wordpress\/wp-content\/uploads\/2025\/09\/6a6d39f6-6f53-4781-ab07-32be95a54bf8-1024x768.jpg 1024w, https:\/\/www.radiopiu.net\/wordpress\/wp-content\/uploads\/2025\/09\/6a6d39f6-6f53-4781-ab07-32be95a54bf8-768x576.jpg 768w, https:\/\/www.radiopiu.net\/wordpress\/wp-content\/uploads\/2025\/09\/6a6d39f6-6f53-4781-ab07-32be95a54bf8-1536x1152.jpg 1536w, https:\/\/www.radiopiu.net\/wordpress\/wp-content\/uploads\/2025\/09\/6a6d39f6-6f53-4781-ab07-32be95a54bf8.jpg 2048w\" sizes=\"auto, (max-width: 300px) 100vw, 300px\" \/><\/a>\n\t\t\t\t<\/dt><\/dl><dl class='gallery-item'>\n\t\t\t\t<dt class='gallery-icon landscape'>\n\t\t\t\t\t<a class=\"rollover rollover-zoom dt-pswp-item\" title=\"ccf39691-be04-4fa2-8078-965e7b43e333\" data-dt-img-description=\"\" data-large_image_width=\"2048\" data-large_image_height=\"1536\"href='https:\/\/www.radiopiu.net\/wordpress\/wp-content\/uploads\/2025\/09\/ccf39691-be04-4fa2-8078-965e7b43e333.jpg'><img loading=\"lazy\" decoding=\"async\" width=\"300\" height=\"225\" src=\"https:\/\/www.radiopiu.net\/wordpress\/wp-content\/uploads\/2025\/09\/ccf39691-be04-4fa2-8078-965e7b43e333-300x225.jpg\" class=\"attachment-medium size-medium\" alt=\"\" srcset=\"https:\/\/www.radiopiu.net\/wordpress\/wp-content\/uploads\/2025\/09\/ccf39691-be04-4fa2-8078-965e7b43e333-300x225.jpg 300w, https:\/\/www.radiopiu.net\/wordpress\/wp-content\/uploads\/2025\/09\/ccf39691-be04-4fa2-8078-965e7b43e333-1024x768.jpg 1024w, https:\/\/www.radiopiu.net\/wordpress\/wp-content\/uploads\/2025\/09\/ccf39691-be04-4fa2-8078-965e7b43e333-768x576.jpg 768w, https:\/\/www.radiopiu.net\/wordpress\/wp-content\/uploads\/2025\/09\/ccf39691-be04-4fa2-8078-965e7b43e333-1536x1152.jpg 1536w, https:\/\/www.radiopiu.net\/wordpress\/wp-content\/uploads\/2025\/09\/ccf39691-be04-4fa2-8078-965e7b43e333.jpg 2048w\" sizes=\"auto, (max-width: 300px) 100vw, 300px\" \/><\/a>\n\t\t\t\t<\/dt><\/dl><dl class='gallery-item'>\n\t\t\t\t<dt class='gallery-icon landscape'>\n\t\t\t\t\t<a class=\"rollover rollover-zoom dt-pswp-item\" title=\"2a8523ac-798d-434b-bb34-e694b0436493\" data-dt-img-description=\"\" data-large_image_width=\"2048\" data-large_image_height=\"1536\"href='https:\/\/www.radiopiu.net\/wordpress\/wp-content\/uploads\/2025\/09\/2a8523ac-798d-434b-bb34-e694b0436493.jpg'><img loading=\"lazy\" decoding=\"async\" width=\"300\" height=\"225\" src=\"https:\/\/www.radiopiu.net\/wordpress\/wp-content\/uploads\/2025\/09\/2a8523ac-798d-434b-bb34-e694b0436493-300x225.jpg\" class=\"attachment-medium size-medium\" alt=\"\" srcset=\"https:\/\/www.radiopiu.net\/wordpress\/wp-content\/uploads\/2025\/09\/2a8523ac-798d-434b-bb34-e694b0436493-300x225.jpg 300w, https:\/\/www.radiopiu.net\/wordpress\/wp-content\/uploads\/2025\/09\/2a8523ac-798d-434b-bb34-e694b0436493-1024x768.jpg 1024w, https:\/\/www.radiopiu.net\/wordpress\/wp-content\/uploads\/2025\/09\/2a8523ac-798d-434b-bb34-e694b0436493-768x576.jpg 768w, https:\/\/www.radiopiu.net\/wordpress\/wp-content\/uploads\/2025\/09\/2a8523ac-798d-434b-bb34-e694b0436493-1536x1152.jpg 1536w, https:\/\/www.radiopiu.net\/wordpress\/wp-content\/uploads\/2025\/09\/2a8523ac-798d-434b-bb34-e694b0436493.jpg 2048w\" sizes=\"auto, (max-width: 300px) 100vw, 300px\" \/><\/a>\n\t\t\t\t<\/dt><\/dl><br style=\"clear: both\" \/><dl class='gallery-item'>\n\t\t\t\t<dt class='gallery-icon landscape'>\n\t\t\t\t\t<a class=\"rollover rollover-zoom dt-pswp-item\" title=\"5e4e2a0c-4700-4702-9786-45cefb7aeada\" data-dt-img-description=\"\" data-large_image_width=\"2048\" data-large_image_height=\"1536\"href='https:\/\/www.radiopiu.net\/wordpress\/wp-content\/uploads\/2025\/09\/5e4e2a0c-4700-4702-9786-45cefb7aeada.jpg'><img loading=\"lazy\" decoding=\"async\" width=\"300\" height=\"225\" src=\"https:\/\/www.radiopiu.net\/wordpress\/wp-content\/uploads\/2025\/09\/5e4e2a0c-4700-4702-9786-45cefb7aeada-300x225.jpg\" class=\"attachment-medium size-medium\" alt=\"\" srcset=\"https:\/\/www.radiopiu.net\/wordpress\/wp-content\/uploads\/2025\/09\/5e4e2a0c-4700-4702-9786-45cefb7aeada-300x225.jpg 300w, https:\/\/www.radiopiu.net\/wordpress\/wp-content\/uploads\/2025\/09\/5e4e2a0c-4700-4702-9786-45cefb7aeada-1024x768.jpg 1024w, https:\/\/www.radiopiu.net\/wordpress\/wp-content\/uploads\/2025\/09\/5e4e2a0c-4700-4702-9786-45cefb7aeada-768x576.jpg 768w, https:\/\/www.radiopiu.net\/wordpress\/wp-content\/uploads\/2025\/09\/5e4e2a0c-4700-4702-9786-45cefb7aeada-1536x1152.jpg 1536w, https:\/\/www.radiopiu.net\/wordpress\/wp-content\/uploads\/2025\/09\/5e4e2a0c-4700-4702-9786-45cefb7aeada.jpg 2048w\" sizes=\"auto, (max-width: 300px) 100vw, 300px\" \/><\/a>\n\t\t\t\t<\/dt><\/dl><dl class='gallery-item'>\n\t\t\t\t<dt class='gallery-icon landscape'>\n\t\t\t\t\t<a class=\"rollover rollover-zoom dt-pswp-item\" title=\"48161234-aab7-419d-b49e-26e4d6b9ad77\" data-dt-img-description=\"\" data-large_image_width=\"2048\" data-large_image_height=\"1536\"href='https:\/\/www.radiopiu.net\/wordpress\/wp-content\/uploads\/2025\/09\/48161234-aab7-419d-b49e-26e4d6b9ad77.jpg'><img loading=\"lazy\" decoding=\"async\" width=\"300\" height=\"225\" src=\"https:\/\/www.radiopiu.net\/wordpress\/wp-content\/uploads\/2025\/09\/48161234-aab7-419d-b49e-26e4d6b9ad77-300x225.jpg\" class=\"attachment-medium size-medium\" alt=\"\" srcset=\"https:\/\/www.radiopiu.net\/wordpress\/wp-content\/uploads\/2025\/09\/48161234-aab7-419d-b49e-26e4d6b9ad77-300x225.jpg 300w, https:\/\/www.radiopiu.net\/wordpress\/wp-content\/uploads\/2025\/09\/48161234-aab7-419d-b49e-26e4d6b9ad77-1024x768.jpg 1024w, https:\/\/www.radiopiu.net\/wordpress\/wp-content\/uploads\/2025\/09\/48161234-aab7-419d-b49e-26e4d6b9ad77-768x576.jpg 768w, https:\/\/www.radiopiu.net\/wordpress\/wp-content\/uploads\/2025\/09\/48161234-aab7-419d-b49e-26e4d6b9ad77-1536x1152.jpg 1536w, https:\/\/www.radiopiu.net\/wordpress\/wp-content\/uploads\/2025\/09\/48161234-aab7-419d-b49e-26e4d6b9ad77.jpg 2048w\" sizes=\"auto, (max-width: 300px) 100vw, 300px\" \/><\/a>\n\t\t\t\t<\/dt><\/dl><dl class='gallery-item'>\n\t\t\t\t<dt class='gallery-icon landscape'>\n\t\t\t\t\t<a class=\"rollover rollover-zoom dt-pswp-item\" title=\"d902ff31-72ad-4c86-82f7-5c28fae693d6\" data-dt-img-description=\"\" data-large_image_width=\"2048\" data-large_image_height=\"1536\"href='https:\/\/www.radiopiu.net\/wordpress\/wp-content\/uploads\/2025\/09\/d902ff31-72ad-4c86-82f7-5c28fae693d6.jpg'><img loading=\"lazy\" decoding=\"async\" width=\"300\" height=\"225\" src=\"https:\/\/www.radiopiu.net\/wordpress\/wp-content\/uploads\/2025\/09\/d902ff31-72ad-4c86-82f7-5c28fae693d6-300x225.jpg\" class=\"attachment-medium size-medium\" alt=\"\" srcset=\"https:\/\/www.radiopiu.net\/wordpress\/wp-content\/uploads\/2025\/09\/d902ff31-72ad-4c86-82f7-5c28fae693d6-300x225.jpg 300w, https:\/\/www.radiopiu.net\/wordpress\/wp-content\/uploads\/2025\/09\/d902ff31-72ad-4c86-82f7-5c28fae693d6-1024x768.jpg 1024w, https:\/\/www.radiopiu.net\/wordpress\/wp-content\/uploads\/2025\/09\/d902ff31-72ad-4c86-82f7-5c28fae693d6-768x576.jpg 768w, https:\/\/www.radiopiu.net\/wordpress\/wp-content\/uploads\/2025\/09\/d902ff31-72ad-4c86-82f7-5c28fae693d6-1536x1152.jpg 1536w, https:\/\/www.radiopiu.net\/wordpress\/wp-content\/uploads\/2025\/09\/d902ff31-72ad-4c86-82f7-5c28fae693d6.jpg 2048w\" sizes=\"auto, (max-width: 300px) 100vw, 300px\" \/><\/a>\n\t\t\t\t<\/dt><\/dl><dl class='gallery-item'>\n\t\t\t\t<dt class='gallery-icon landscape'>\n\t\t\t\t\t<a class=\"rollover rollover-zoom dt-pswp-item\" title=\"36a723a2-f69b-4d09-88c1-5c440aa2222d\" data-dt-img-description=\"\" data-large_image_width=\"2048\" data-large_image_height=\"1536\"href='https:\/\/www.radiopiu.net\/wordpress\/wp-content\/uploads\/2025\/09\/36a723a2-f69b-4d09-88c1-5c440aa2222d.jpg'><img loading=\"lazy\" decoding=\"async\" width=\"300\" height=\"225\" src=\"https:\/\/www.radiopiu.net\/wordpress\/wp-content\/uploads\/2025\/09\/36a723a2-f69b-4d09-88c1-5c440aa2222d-300x225.jpg\" class=\"attachment-medium size-medium\" alt=\"\" srcset=\"https:\/\/www.radiopiu.net\/wordpress\/wp-content\/uploads\/2025\/09\/36a723a2-f69b-4d09-88c1-5c440aa2222d-300x225.jpg 300w, https:\/\/www.radiopiu.net\/wordpress\/wp-content\/uploads\/2025\/09\/36a723a2-f69b-4d09-88c1-5c440aa2222d-1024x768.jpg 1024w, https:\/\/www.radiopiu.net\/wordpress\/wp-content\/uploads\/2025\/09\/36a723a2-f69b-4d09-88c1-5c440aa2222d-768x576.jpg 768w, https:\/\/www.radiopiu.net\/wordpress\/wp-content\/uploads\/2025\/09\/36a723a2-f69b-4d09-88c1-5c440aa2222d-1536x1152.jpg 1536w, https:\/\/www.radiopiu.net\/wordpress\/wp-content\/uploads\/2025\/09\/36a723a2-f69b-4d09-88c1-5c440aa2222d.jpg 2048w\" sizes=\"auto, (max-width: 300px) 100vw, 300px\" \/><\/a>\n\t\t\t\t<\/dt><\/dl><br style=\"clear: both\" \/>\n\t\t\t<\/div>\n\n<p>&nbsp;<\/p>\n<hr \/>\n<p>&nbsp;<\/p>\n<blockquote>\n<h3>PRESENTATO AL CENTRO MINERARIO DI VALLE IMPERINA IL VOLUME \u201cSILICOSI. L\u2019OLOCAUSTO DIMENTICATO DELLA MONTAGNA VENETA\u201d<\/h3>\n<\/blockquote>\n<p><strong>DI MARINA DONA&#8217;<\/strong><\/p>\n<p><strong>RIVAMONTE <\/strong>Al Centro Minerario di Valle Imperina a Rivamonte Agordino si \u00e8 svolta la presentazione del volume <em data-start=\"272\" data-end=\"329\">Silicosi. L\u2019olocausto dimenticato della montagna veneta<\/em>, scritto dal giornalista e ricercatore Egidio Pasuch. Il libro ricostruisce con rigore e sensibilit\u00e0 una delle pagine pi\u00f9 drammatiche della storia del Bellunese: la tragedia della silicosi, definita \u00abla pi\u00f9 micidiale malattia professionale dell\u2019era moderna\u00bb. Negli anni Sessanta e Settanta questa patologia colp\u00ec duramente i lavoratori delle miniere, causando migliaia di vittime e lasciando intere comunit\u00e0 segnate dal dolore, tanto da trasformare alcuni paesi in veri e propri \u201cvillaggi di vedove\u201d. La serata ha offerto un momento di memoria e riflessione collettiva, restituendo dignit\u00e0 alle storie di chi perse la vita e di chi sopravvisse a un\u2019epoca segnata dal lavoro duro e dai suoi tragici effetti sulla salute.<\/p>\n<div style=\"width: 848px;\" class=\"wp-video\"><video class=\"wp-video-shortcode\" id=\"video-469516-3\" width=\"848\" height=\"480\" preload=\"metadata\" controls=\"controls\"><source type=\"video\/mp4\" src=\"https:\/\/www.radiopiu.net\/wordpress\/wp-content\/uploads\/2025\/09\/WhatsApp-Video-2025-09-13-at-18.21.16.mp4?_=3\" \/><a href=\"https:\/\/www.radiopiu.net\/wordpress\/wp-content\/uploads\/2025\/09\/WhatsApp-Video-2025-09-13-at-18.21.16.mp4\">https:\/\/www.radiopiu.net\/wordpress\/wp-content\/uploads\/2025\/09\/WhatsApp-Video-2025-09-13-at-18.21.16.mp4<\/a><\/video><\/div>\n<p>&nbsp;<\/p>\n<p><strong>LE FOTO DI VALTER MORETTI<\/strong><\/p>\n\n\t\t\t<style type='text\/css'>\n\t\t\t\t#gallery-5 {\n\t\t\t\t\tmargin: auto;\n\t\t\t\t}\n\t\t\t\t#gallery-5 .gallery-item {\n\t\t\t\t\tfloat: left;\n\t\t\t\t\tmargin-top: 10px;\n\t\t\t\t\ttext-align: center;\n\t\t\t\t\twidth: 12%;\n\t\t\t\t}\n\t\t\t\t#gallery-5 img {\n\t\t\t\t\tborder: 2px solid #cfcfcf;\n\t\t\t\t}\n\t\t\t\t#gallery-5 .gallery-caption {\n\t\t\t\t\tmargin-left: 0;\n\t\t\t\t}\n\t\t\t\t\/* see gallery_shortcode() in wp-includes\/media.php *\/\n\t\t\t<\/style>\n\t\t<div id='gallery-5' class='dt-gallery-container gallery galleryid-469516 gallery-columns-8 gallery-size-thumbnail'><dl class='gallery-item'>\n\t\t\t\t<dt class='gallery-icon portrait'>\n\t\t\t\t\t<a class=\"rollover rollover-zoom dt-pswp-item\" title=\"767e143b-3f4a-4763-86bb-afcf4287c1a8\" data-dt-img-description=\"\" data-large_image_width=\"1366\" data-large_image_height=\"2048\"href='https:\/\/www.radiopiu.net\/wordpress\/wp-content\/uploads\/2025\/09\/767e143b-3f4a-4763-86bb-afcf4287c1a8.jpg'><img loading=\"lazy\" decoding=\"async\" width=\"150\" height=\"150\" src=\"https:\/\/www.radiopiu.net\/wordpress\/wp-content\/uploads\/2025\/09\/767e143b-3f4a-4763-86bb-afcf4287c1a8-150x150.jpg\" class=\"attachment-thumbnail size-thumbnail\" alt=\"\" \/><\/a>\n\t\t\t\t<\/dt><\/dl><dl class='gallery-item'>\n\t\t\t\t<dt class='gallery-icon landscape'>\n\t\t\t\t\t<a class=\"rollover rollover-zoom dt-pswp-item\" title=\"b74a89a7-9d28-4783-960f-d5ca93b75dad\" data-dt-img-description=\"\" data-large_image_width=\"2048\" data-large_image_height=\"1366\"href='https:\/\/www.radiopiu.net\/wordpress\/wp-content\/uploads\/2025\/09\/b74a89a7-9d28-4783-960f-d5ca93b75dad.jpg'><img loading=\"lazy\" decoding=\"async\" width=\"150\" height=\"150\" src=\"https:\/\/www.radiopiu.net\/wordpress\/wp-content\/uploads\/2025\/09\/b74a89a7-9d28-4783-960f-d5ca93b75dad-150x150.jpg\" class=\"attachment-thumbnail size-thumbnail\" alt=\"\" \/><\/a>\n\t\t\t\t<\/dt><\/dl><dl class='gallery-item'>\n\t\t\t\t<dt class='gallery-icon portrait'>\n\t\t\t\t\t<a class=\"rollover rollover-zoom dt-pswp-item\" title=\"fde324d5-fa3d-480e-ad9e-bb45d4dedc01\" data-dt-img-description=\"\" data-large_image_width=\"1366\" data-large_image_height=\"2048\"href='https:\/\/www.radiopiu.net\/wordpress\/wp-content\/uploads\/2025\/09\/fde324d5-fa3d-480e-ad9e-bb45d4dedc01.jpg'><img loading=\"lazy\" decoding=\"async\" width=\"150\" height=\"150\" src=\"https:\/\/www.radiopiu.net\/wordpress\/wp-content\/uploads\/2025\/09\/fde324d5-fa3d-480e-ad9e-bb45d4dedc01-150x150.jpg\" class=\"attachment-thumbnail size-thumbnail\" alt=\"\" \/><\/a>\n\t\t\t\t<\/dt><\/dl><dl class='gallery-item'>\n\t\t\t\t<dt class='gallery-icon portrait'>\n\t\t\t\t\t<a class=\"rollover rollover-zoom dt-pswp-item\" title=\"4ca6b260-e302-4c05-80b7-4f8b7841e673\" data-dt-img-description=\"\" data-large_image_width=\"1366\" data-large_image_height=\"2048\"href='https:\/\/www.radiopiu.net\/wordpress\/wp-content\/uploads\/2025\/09\/4ca6b260-e302-4c05-80b7-4f8b7841e673.jpg'><img loading=\"lazy\" decoding=\"async\" width=\"150\" height=\"150\" src=\"https:\/\/www.radiopiu.net\/wordpress\/wp-content\/uploads\/2025\/09\/4ca6b260-e302-4c05-80b7-4f8b7841e673-150x150.jpg\" class=\"attachment-thumbnail size-thumbnail\" alt=\"\" \/><\/a>\n\t\t\t\t<\/dt><\/dl><dl class='gallery-item'>\n\t\t\t\t<dt class='gallery-icon landscape'>\n\t\t\t\t\t<a class=\"rollover rollover-zoom dt-pswp-item\" title=\"10ab519b-fd32-422d-ba9a-20f7a9acb720\" data-dt-img-description=\"\" data-large_image_width=\"2048\" data-large_image_height=\"1366\"href='https:\/\/www.radiopiu.net\/wordpress\/wp-content\/uploads\/2025\/09\/10ab519b-fd32-422d-ba9a-20f7a9acb720.jpg'><img loading=\"lazy\" decoding=\"async\" width=\"150\" height=\"150\" src=\"https:\/\/www.radiopiu.net\/wordpress\/wp-content\/uploads\/2025\/09\/10ab519b-fd32-422d-ba9a-20f7a9acb720-150x150.jpg\" class=\"attachment-thumbnail size-thumbnail\" alt=\"\" \/><\/a>\n\t\t\t\t<\/dt><\/dl><dl class='gallery-item'>\n\t\t\t\t<dt class='gallery-icon landscape'>\n\t\t\t\t\t<a class=\"rollover rollover-zoom dt-pswp-item\" title=\"00d09727-c683-4531-ae42-2ea63c861db4\" data-dt-img-description=\"\" data-large_image_width=\"2048\" data-large_image_height=\"1366\"href='https:\/\/www.radiopiu.net\/wordpress\/wp-content\/uploads\/2025\/09\/00d09727-c683-4531-ae42-2ea63c861db4.jpg'><img loading=\"lazy\" decoding=\"async\" width=\"150\" height=\"150\" src=\"https:\/\/www.radiopiu.net\/wordpress\/wp-content\/uploads\/2025\/09\/00d09727-c683-4531-ae42-2ea63c861db4-150x150.jpg\" class=\"attachment-thumbnail size-thumbnail\" alt=\"\" \/><\/a>\n\t\t\t\t<\/dt><\/dl><dl class='gallery-item'>\n\t\t\t\t<dt class='gallery-icon landscape'>\n\t\t\t\t\t<a class=\"rollover rollover-zoom dt-pswp-item\" title=\"c572c339-186f-4a45-9a66-05e17c692298\" data-dt-img-description=\"\" data-large_image_width=\"2048\" data-large_image_height=\"1366\"href='https:\/\/www.radiopiu.net\/wordpress\/wp-content\/uploads\/2025\/09\/c572c339-186f-4a45-9a66-05e17c692298.jpg'><img loading=\"lazy\" decoding=\"async\" width=\"150\" height=\"150\" src=\"https:\/\/www.radiopiu.net\/wordpress\/wp-content\/uploads\/2025\/09\/c572c339-186f-4a45-9a66-05e17c692298-150x150.jpg\" class=\"attachment-thumbnail size-thumbnail\" alt=\"\" \/><\/a>\n\t\t\t\t<\/dt><\/dl><dl class='gallery-item'>\n\t\t\t\t<dt class='gallery-icon portrait'>\n\t\t\t\t\t<a class=\"rollover rollover-zoom dt-pswp-item\" title=\"70fdd104-3612-4df1-b059-c4dbc667d525\" data-dt-img-description=\"\" data-large_image_width=\"1366\" data-large_image_height=\"2048\"href='https:\/\/www.radiopiu.net\/wordpress\/wp-content\/uploads\/2025\/09\/70fdd104-3612-4df1-b059-c4dbc667d525.jpg'><img loading=\"lazy\" decoding=\"async\" width=\"150\" height=\"150\" src=\"https:\/\/www.radiopiu.net\/wordpress\/wp-content\/uploads\/2025\/09\/70fdd104-3612-4df1-b059-c4dbc667d525-150x150.jpg\" class=\"attachment-thumbnail size-thumbnail\" alt=\"\" \/><\/a>\n\t\t\t\t<\/dt><\/dl><br style=\"clear: both\" \/>\n\t\t\t<\/div>\n\n<p>&nbsp;<\/p>\n<hr \/>\n<p>&nbsp;<\/p>\n<blockquote>\n<h3>MOTORI E SPERANZA 2025<\/h3>\n<\/blockquote>\n<p><strong>FALCADE <\/strong>Domenica all\u2019insegna dell\u2019adrenalina e della solidariet\u00e0 con la terza edizione di \u201cMotori e Speranza\u201d, evento che ha richiamato appassionati e curiosi da tutta la vallata. I riflettori si sono accesi sui bolidi da rally, offrendo al pubblico la possibilit\u00e0 unica di salire a bordo e provare l\u2019emozione di fare da navigatore su un tracciato ad anello, in totale sicurezza. L\u2019iniziativa non si \u00e8 limitata allo spettacolo dei motori: l\u2019intera giornata \u00e8 stata dedicata anche alla sensibilizzazione sulla sicurezza stradale, con momenti informativi e dimostrativi per promuovere una guida pi\u00f9 consapevole, soprattutto durante le manifestazioni motoristiche.<\/p>\n<p><strong>LA DIRETTA RADIO PIU&#8217;<\/strong><\/p>\n<p><iframe loading=\"lazy\" title=\"MOTORI E SPERANZA 2025\" width=\"1200\" height=\"675\" src=\"https:\/\/www.youtube.com\/embed\/KAEu0yiXr7Q?feature=oembed\" frameborder=\"0\" allow=\"accelerometer; autoplay; clipboard-write; encrypted-media; gyroscope; picture-in-picture; web-share\" referrerpolicy=\"strict-origin-when-cross-origin\" allowfullscreen><\/iframe><\/p>\n<p>&nbsp;<\/p>\n<hr \/>\n<p>&nbsp;<\/p>\n<blockquote>\n<h3>GENITORI SEMPRE: LA MESSA AD AGORDO<\/h3>\n<\/blockquote>\n<p><strong>AGORDO <\/strong>Anche quest\u2019anno l\u2019associazione Genitori Sempre vuole ricordare con una messa i loro figli che ci hanno lasciato troppo presto. Cerimonia nella chiesa di Agordo.<\/p>\n<p><strong>LA DIRETTA RADIO PIU&#8217;<\/strong><\/p>\n<p><iframe loading=\"lazy\" title=\"GENITORI SEMPRE: LA MESSA AD AGORDO\" width=\"1200\" height=\"900\" src=\"https:\/\/www.youtube.com\/embed\/Dk5YbCUba6o?feature=oembed\" frameborder=\"0\" allow=\"accelerometer; autoplay; clipboard-write; encrypted-media; gyroscope; picture-in-picture; web-share\" referrerpolicy=\"strict-origin-when-cross-origin\" allowfullscreen><\/iframe><\/p>\n<p>&nbsp;<\/p>\n<p><strong>VIDEO 2<\/strong><\/p>\n<p><iframe loading=\"lazy\" title=\"GENITORI SEMPRE: LA MESSA AD AGORDO\" width=\"1200\" height=\"900\" src=\"https:\/\/www.youtube.com\/embed\/i1fWybDrPc8?feature=oembed\" frameborder=\"0\" allow=\"accelerometer; autoplay; clipboard-write; encrypted-media; gyroscope; picture-in-picture; web-share\" referrerpolicy=\"strict-origin-when-cross-origin\" allowfullscreen><\/iframe><\/p>\n<p>&nbsp;<\/p>\n<hr \/>\n<p>&nbsp;<\/p>\n<blockquote>\n<h3>INCLUSIVO SPETTACOLO TEATRALE ALLA CASA DELLE ARTI A BELLUNO<\/h3>\n<\/blockquote>\n<p><strong>DI MARINA DONA&#8217;<\/strong><\/p>\n<p><strong>BELLUNO<\/strong> Alle ore 20.00 di domenica 14 settembre 2025 alla &#8220;Casa Delle Arti&#8221; a Belluno, si \u00e8 svolto uno spettacolo inclusivo da &#8220;Il Teatro delle Emozioni&#8221; ,intitolato &#8220;Pescecane&#8221;, nell&#8217;ambito del progetto di rete In- Out, con percorsi di inclusione di persone con autismo, realizzati da Societ\u00e0 Nuova, promosso e sostenuto dal ULSS 1 Dolomiti. Con la regia di Daniela Nicosia, e l&#8217; esibizione degli attori Eleonora Alessandro Paolo Alessandro e Francesco, il folto pubblico ha assistito a questa metafora grazie alla quale si racconta come sia pi\u00f9 facile difendersi da un pericolo manifesto, piuttosto che da qualcosa di latente cui non si sa dare un nome, che pu\u00f2 assalire all&#8217;improvviso ogni persona e modificarne qualit\u00e0 e aspirazione di vita. &#8220;Pesce cane&#8221; \u00e8 un dialogo umano tra la bellezza e la creativit\u00e0 della persona in tutte le loro sfaccettature. Grande commozione e grandi applausi a fine esibizione uno spettacolo decisamente emozionante che ha toccato le corde pi\u00f9 delicate dei sentimenti umani.<\/p>\n\n\t\t\t<style type='text\/css'>\n\t\t\t\t#gallery-6 {\n\t\t\t\t\tmargin: auto;\n\t\t\t\t}\n\t\t\t\t#gallery-6 .gallery-item {\n\t\t\t\t\tfloat: left;\n\t\t\t\t\tmargin-top: 10px;\n\t\t\t\t\ttext-align: center;\n\t\t\t\t\twidth: 14%;\n\t\t\t\t}\n\t\t\t\t#gallery-6 img {\n\t\t\t\t\tborder: 2px solid #cfcfcf;\n\t\t\t\t}\n\t\t\t\t#gallery-6 .gallery-caption {\n\t\t\t\t\tmargin-left: 0;\n\t\t\t\t}\n\t\t\t\t\/* see gallery_shortcode() in wp-includes\/media.php *\/\n\t\t\t<\/style>\n\t\t<div id='gallery-6' class='dt-gallery-container gallery galleryid-469516 gallery-columns-7 gallery-size-thumbnail'><dl class='gallery-item'>\n\t\t\t\t<dt class='gallery-icon landscape'>\n\t\t\t\t\t<a class=\"rollover rollover-zoom dt-pswp-item\" title=\"1395048d-7861-4300-a29d-0598cf9b3e9f\" data-dt-img-description=\"\" data-large_image_width=\"1224\" data-large_image_height=\"688\"href='https:\/\/www.radiopiu.net\/wordpress\/wp-content\/uploads\/2025\/09\/1395048d-7861-4300-a29d-0598cf9b3e9f.jpg'><img loading=\"lazy\" decoding=\"async\" width=\"150\" height=\"150\" src=\"https:\/\/www.radiopiu.net\/wordpress\/wp-content\/uploads\/2025\/09\/1395048d-7861-4300-a29d-0598cf9b3e9f-150x150.jpg\" class=\"attachment-thumbnail size-thumbnail\" alt=\"\" \/><\/a>\n\t\t\t\t<\/dt><\/dl><dl class='gallery-item'>\n\t\t\t\t<dt class='gallery-icon landscape'>\n\t\t\t\t\t<a class=\"rollover rollover-zoom dt-pswp-item\" title=\"695b67da-b275-4c0a-b6cd-471a3f79578d\" data-dt-img-description=\"\" data-large_image_width=\"1600\" data-large_image_height=\"1200\"href='https:\/\/www.radiopiu.net\/wordpress\/wp-content\/uploads\/2025\/09\/695b67da-b275-4c0a-b6cd-471a3f79578d.jpg'><img loading=\"lazy\" decoding=\"async\" width=\"150\" height=\"150\" src=\"https:\/\/www.radiopiu.net\/wordpress\/wp-content\/uploads\/2025\/09\/695b67da-b275-4c0a-b6cd-471a3f79578d-150x150.jpg\" class=\"attachment-thumbnail size-thumbnail\" alt=\"\" \/><\/a>\n\t\t\t\t<\/dt><\/dl><dl class='gallery-item'>\n\t\t\t\t<dt class='gallery-icon landscape'>\n\t\t\t\t\t<a class=\"rollover rollover-zoom dt-pswp-item\" title=\"ac398a2d-c4ef-4599-be7e-beffe3605744\" data-dt-img-description=\"\" data-large_image_width=\"1600\" data-large_image_height=\"1200\"href='https:\/\/www.radiopiu.net\/wordpress\/wp-content\/uploads\/2025\/09\/ac398a2d-c4ef-4599-be7e-beffe3605744.jpg'><img loading=\"lazy\" decoding=\"async\" width=\"150\" height=\"150\" src=\"https:\/\/www.radiopiu.net\/wordpress\/wp-content\/uploads\/2025\/09\/ac398a2d-c4ef-4599-be7e-beffe3605744-150x150.jpg\" class=\"attachment-thumbnail size-thumbnail\" alt=\"\" \/><\/a>\n\t\t\t\t<\/dt><\/dl><dl class='gallery-item'>\n\t\t\t\t<dt class='gallery-icon landscape'>\n\t\t\t\t\t<a class=\"rollover rollover-zoom dt-pswp-item\" title=\"500f981b-6ce7-43dd-875f-908347f41cbc\" data-dt-img-description=\"\" data-large_image_width=\"1296\" data-large_image_height=\"972\"href='https:\/\/www.radiopiu.net\/wordpress\/wp-content\/uploads\/2025\/09\/500f981b-6ce7-43dd-875f-908347f41cbc.jpg'><img loading=\"lazy\" decoding=\"async\" width=\"150\" height=\"150\" src=\"https:\/\/www.radiopiu.net\/wordpress\/wp-content\/uploads\/2025\/09\/500f981b-6ce7-43dd-875f-908347f41cbc-150x150.jpg\" class=\"attachment-thumbnail size-thumbnail\" alt=\"\" \/><\/a>\n\t\t\t\t<\/dt><\/dl><dl class='gallery-item'>\n\t\t\t\t<dt class='gallery-icon landscape'>\n\t\t\t\t\t<a class=\"rollover rollover-zoom dt-pswp-item\" title=\"2c7adc30-d8cb-4569-932d-5cfa26b17c16\" data-dt-img-description=\"\" data-large_image_width=\"1600\" data-large_image_height=\"1200\"href='https:\/\/www.radiopiu.net\/wordpress\/wp-content\/uploads\/2025\/09\/2c7adc30-d8cb-4569-932d-5cfa26b17c16.jpg'><img loading=\"lazy\" decoding=\"async\" width=\"150\" height=\"150\" src=\"https:\/\/www.radiopiu.net\/wordpress\/wp-content\/uploads\/2025\/09\/2c7adc30-d8cb-4569-932d-5cfa26b17c16-150x150.jpg\" class=\"attachment-thumbnail size-thumbnail\" alt=\"\" \/><\/a>\n\t\t\t\t<\/dt><\/dl><dl class='gallery-item'>\n\t\t\t\t<dt class='gallery-icon landscape'>\n\t\t\t\t\t<a class=\"rollover rollover-zoom dt-pswp-item\" title=\"4aa12809-ab2d-41af-95ad-87ad8c96781b\" data-dt-img-description=\"\" data-large_image_width=\"1600\" data-large_image_height=\"1200\"href='https:\/\/www.radiopiu.net\/wordpress\/wp-content\/uploads\/2025\/09\/4aa12809-ab2d-41af-95ad-87ad8c96781b.jpg'><img loading=\"lazy\" decoding=\"async\" width=\"150\" height=\"150\" src=\"https:\/\/www.radiopiu.net\/wordpress\/wp-content\/uploads\/2025\/09\/4aa12809-ab2d-41af-95ad-87ad8c96781b-150x150.jpg\" class=\"attachment-thumbnail size-thumbnail\" alt=\"\" \/><\/a>\n\t\t\t\t<\/dt><\/dl><dl class='gallery-item'>\n\t\t\t\t<dt class='gallery-icon landscape'>\n\t\t\t\t\t<a class=\"rollover rollover-zoom dt-pswp-item\" title=\"9b8fd9e6-0eb5-43e8-986a-a10f082d89fc\" data-dt-img-description=\"\" data-large_image_width=\"1600\" data-large_image_height=\"1200\"href='https:\/\/www.radiopiu.net\/wordpress\/wp-content\/uploads\/2025\/09\/9b8fd9e6-0eb5-43e8-986a-a10f082d89fc.jpg'><img loading=\"lazy\" decoding=\"async\" width=\"150\" height=\"150\" src=\"https:\/\/www.radiopiu.net\/wordpress\/wp-content\/uploads\/2025\/09\/9b8fd9e6-0eb5-43e8-986a-a10f082d89fc-150x150.jpg\" class=\"attachment-thumbnail size-thumbnail\" alt=\"\" \/><\/a>\n\t\t\t\t<\/dt><\/dl><br style=\"clear: both\" \/><dl class='gallery-item'>\n\t\t\t\t<dt class='gallery-icon landscape'>\n\t\t\t\t\t<a class=\"rollover rollover-zoom dt-pswp-item\" title=\"effef37b-39a8-4f09-b750-066ef534d7b4\" data-dt-img-description=\"\" data-large_image_width=\"1600\" data-large_image_height=\"1200\"href='https:\/\/www.radiopiu.net\/wordpress\/wp-content\/uploads\/2025\/09\/effef37b-39a8-4f09-b750-066ef534d7b4.jpg'><img loading=\"lazy\" decoding=\"async\" width=\"150\" height=\"150\" src=\"https:\/\/www.radiopiu.net\/wordpress\/wp-content\/uploads\/2025\/09\/effef37b-39a8-4f09-b750-066ef534d7b4-150x150.jpg\" class=\"attachment-thumbnail size-thumbnail\" alt=\"\" \/><\/a>\n\t\t\t\t<\/dt><\/dl><dl class='gallery-item'>\n\t\t\t\t<dt class='gallery-icon landscape'>\n\t\t\t\t\t<a class=\"rollover rollover-zoom dt-pswp-item\" title=\"e06402b5-7c70-4b45-bd61-d13bab617583\" data-dt-img-description=\"\" data-large_image_width=\"1600\" data-large_image_height=\"1200\"href='https:\/\/www.radiopiu.net\/wordpress\/wp-content\/uploads\/2025\/09\/e06402b5-7c70-4b45-bd61-d13bab617583.jpg'><img loading=\"lazy\" decoding=\"async\" width=\"150\" height=\"150\" src=\"https:\/\/www.radiopiu.net\/wordpress\/wp-content\/uploads\/2025\/09\/e06402b5-7c70-4b45-bd61-d13bab617583-150x150.jpg\" class=\"attachment-thumbnail size-thumbnail\" alt=\"\" \/><\/a>\n\t\t\t\t<\/dt><\/dl><dl class='gallery-item'>\n\t\t\t\t<dt class='gallery-icon landscape'>\n\t\t\t\t\t<a class=\"rollover rollover-zoom dt-pswp-item\" title=\"2fcafeb9-1364-4a9e-930f-25b7def5e840\" data-dt-img-description=\"\" data-large_image_width=\"1600\" data-large_image_height=\"1200\"href='https:\/\/www.radiopiu.net\/wordpress\/wp-content\/uploads\/2025\/09\/2fcafeb9-1364-4a9e-930f-25b7def5e840.jpg'><img loading=\"lazy\" decoding=\"async\" width=\"150\" height=\"150\" src=\"https:\/\/www.radiopiu.net\/wordpress\/wp-content\/uploads\/2025\/09\/2fcafeb9-1364-4a9e-930f-25b7def5e840-150x150.jpg\" class=\"attachment-thumbnail size-thumbnail\" alt=\"\" \/><\/a>\n\t\t\t\t<\/dt><\/dl><dl class='gallery-item'>\n\t\t\t\t<dt class='gallery-icon landscape'>\n\t\t\t\t\t<a class=\"rollover rollover-zoom dt-pswp-item\" title=\"9ef8e4dc-fb1d-494f-a281-5d6ab0ce297c\" data-dt-img-description=\"\" data-large_image_width=\"1600\" data-large_image_height=\"1200\"href='https:\/\/www.radiopiu.net\/wordpress\/wp-content\/uploads\/2025\/09\/9ef8e4dc-fb1d-494f-a281-5d6ab0ce297c.jpg'><img loading=\"lazy\" decoding=\"async\" width=\"150\" height=\"150\" src=\"https:\/\/www.radiopiu.net\/wordpress\/wp-content\/uploads\/2025\/09\/9ef8e4dc-fb1d-494f-a281-5d6ab0ce297c-150x150.jpg\" class=\"attachment-thumbnail size-thumbnail\" alt=\"\" \/><\/a>\n\t\t\t\t<\/dt><\/dl><dl class='gallery-item'>\n\t\t\t\t<dt class='gallery-icon landscape'>\n\t\t\t\t\t<a class=\"rollover rollover-zoom dt-pswp-item\" title=\"16b99670-2cc4-427f-93ca-a72a4bc8ccbd\" data-dt-img-description=\"\" data-large_image_width=\"1600\" data-large_image_height=\"1200\"href='https:\/\/www.radiopiu.net\/wordpress\/wp-content\/uploads\/2025\/09\/16b99670-2cc4-427f-93ca-a72a4bc8ccbd.jpg'><img loading=\"lazy\" decoding=\"async\" width=\"150\" height=\"150\" src=\"https:\/\/www.radiopiu.net\/wordpress\/wp-content\/uploads\/2025\/09\/16b99670-2cc4-427f-93ca-a72a4bc8ccbd-150x150.jpg\" class=\"attachment-thumbnail size-thumbnail\" alt=\"\" \/><\/a>\n\t\t\t\t<\/dt><\/dl><dl class='gallery-item'>\n\t\t\t\t<dt class='gallery-icon landscape'>\n\t\t\t\t\t<a class=\"rollover rollover-zoom dt-pswp-item\" title=\"fb5d10c7-bd3a-45b7-9f95-fe0184d7cff5\" data-dt-img-description=\"\" data-large_image_width=\"1600\" data-large_image_height=\"1200\"href='https:\/\/www.radiopiu.net\/wordpress\/wp-content\/uploads\/2025\/09\/fb5d10c7-bd3a-45b7-9f95-fe0184d7cff5.jpg'><img loading=\"lazy\" decoding=\"async\" width=\"150\" height=\"150\" src=\"https:\/\/www.radiopiu.net\/wordpress\/wp-content\/uploads\/2025\/09\/fb5d10c7-bd3a-45b7-9f95-fe0184d7cff5-150x150.jpg\" class=\"attachment-thumbnail size-thumbnail\" alt=\"\" \/><\/a>\n\t\t\t\t<\/dt><\/dl>\n\t\t\t\t<br style='clear: both' \/>\n\t\t\t<\/div>\n\n<p>&nbsp;<\/p>\n<p><iframe loading=\"lazy\" title=\"SPETTACOLO TEATRALE ALLA CASA DELLE ARTI A BELLUNO\" width=\"1200\" height=\"675\" src=\"https:\/\/www.youtube.com\/embed\/WsH5oEkyFgE?feature=oembed\" frameborder=\"0\" allow=\"accelerometer; autoplay; clipboard-write; encrypted-media; gyroscope; picture-in-picture; web-share\" referrerpolicy=\"strict-origin-when-cross-origin\" allowfullscreen><\/iframe><\/p>\n<p>&nbsp;<\/p>\n<hr \/>\n<p>&nbsp;<\/p>\n<blockquote>\n<h3>I VENETI DANNO ALLO STATO CENTRALE 74 MILIARDI, NE RICEVONO 61<\/h3>\n<\/blockquote>\n<p><strong><a class=\"dt-pswp-item\" href=\"https:\/\/www.radiopiu.net\/wordpress\/wp-content\/uploads\/2025\/09\/11111.png\" data-dt-img-description=\"\" data-large_image_width=\"594\" data-large_image_height=\"513\"><img loading=\"lazy\" decoding=\"async\" class=\"size-medium wp-image-469525 alignleft\" src=\"https:\/\/www.radiopiu.net\/wordpress\/wp-content\/uploads\/2025\/09\/11111-300x259.png\" alt=\"\" width=\"300\" height=\"259\" srcset=\"https:\/\/www.radiopiu.net\/wordpress\/wp-content\/uploads\/2025\/09\/11111-300x259.png 300w, https:\/\/www.radiopiu.net\/wordpress\/wp-content\/uploads\/2025\/09\/11111.png 594w\" sizes=\"auto, (max-width: 300px) 100vw, 300px\" \/><\/a>IN SOLIDARIETA\u2019 DIAMO AL RESTO DEL PAESE OLTRE 13 MILIARDI L\u2019ANNO.<\/strong><br \/>\nSebbene sia molto complesso misurarlo, anche perch\u00e9 non esiste un calcolo ufficiale e condiviso, la Banca d\u2019Italia \u00e8 comunque l\u2019unica istituzione in grado di determinare il cosiddetto residuo fiscale. E\u2019 una variabile importante per capire se i cittadini di una regione danno un contributo positivo o negativo al bilancio pubblico e anche per capire la direzione dei trasferimenti fra regioni che avvengono per mezzo dell\u2019operatore pubblico. Ricordiamo che la sperequazione finanziaria esistente tra centro e periferia ha \u201cspinto\u201d almeno due Amministrazioni regionali italiane &#8211; che nel rapporto dare\/avere con lo Stato sono parti<a class=\"dt-pswp-item\" href=\"https:\/\/www.radiopiu.net\/wordpress\/wp-content\/uploads\/2025\/09\/11111111.png\" data-dt-img-description=\"\" data-large_image_width=\"481\" data-large_image_height=\"766\"><img loading=\"lazy\" decoding=\"async\" class=\"size-medium wp-image-469528 alignright\" src=\"https:\/\/www.radiopiu.net\/wordpress\/wp-content\/uploads\/2025\/09\/11111111-188x300.png\" alt=\"\" width=\"188\" height=\"300\" srcset=\"https:\/\/www.radiopiu.net\/wordpress\/wp-content\/uploads\/2025\/09\/11111111-188x300.png 188w, https:\/\/www.radiopiu.net\/wordpress\/wp-content\/uploads\/2025\/09\/11111111.png 481w\" sizes=\"auto, (max-width: 188px) 100vw, 188px\" \/><\/a>colarmente \u201cpenalizzate\u201d \u2013 a chiedere pi\u00f9 autonomia. Stiamo parlando del Veneto e della Lombardia che, su questa materia, nel 2017 hanno entrambe tenuto un referendum consultivo. A dirlo \u00e8 l\u2019Ufficio studi della CGIA.<\/p>\n<p>Il residuo fiscale \u00e8 dato dalla differenza tra le spese e le entrate della Pubblica Amministrazione (PA) in una determinata regione e in un dato intervallo di tempo. Se il residuo fiscale \u00e8 positivo, la PA spende nella regione pi\u00f9 delle entrate che si generano su quel territorio. Il che significa che i residenti di questa regione ricevono dal settore pubblico in tutte le sue articolazioni pi\u00f9 di quanto non diano. Se il residuo \u00e8 negativo, nella regione si spende meno delle entrate che si generano su quel territorio: i residenti della regione contribuiscono quindi positivamente al saldo del bilancio pubblico e\/o ai trasferimenti ad altre regioni. Se, come spesso accade, si considerano i residui al netto della spesa per interessi, la somma ammonta al bilancio primario della PA.<\/p>\n<p>Gli ultimi dati disponibili non sono recentissimi, infatti si riferiscono al 2019. Al netto delle Regioni a Statuto Speciale, essi evidenziano come nel rapporto dare-avere tra lo Stato centrale e le regioni, tutte le aree del Nord, ad eccezione della Liguria, presentano nelle tre ipotesi elaborate un valore negativo. In altri termini, nei tre approfondimenti realizzati dai ricercatori di via Nazionale, al netto della Liguria, la totalit\u00e0 delle regioni ordinarie del Nord \u201cdevolvono\u201d in solidariet\u00e0 agli altri territori e al bilancio pubblico pi\u00f9 di quanto ricevono dallo Stato centrale.<\/p>\n<p>Considerando le tre ipotesi elaborate dalla Banca d\u2019Italia, se prendiamo in esame solo quella meno \u201cpenalizzante\u201d per le regioni settentrionali emerge che, nel 2019, ciascun abitante di Veneto e Lombardia &#8211; vale a dire le due Regioni che pi\u00f9 delle altre stanno chiedendo con forza l\u2019applicazione della riforma sull\u2019autonomia differenziata &#8211; ha \u201calimentato\u201d le casse pubbliche e il resto<\/p>\n<p><img loading=\"lazy\" decoding=\"async\" class=\"size-medium wp-image-469527 alignleft\" src=\"https:\/\/www.radiopiu.net\/wordpress\/wp-content\/uploads\/2025\/09\/111111111-196x300.png\" alt=\"\" width=\"196\" height=\"300\" srcset=\"https:\/\/www.radiopiu.net\/wordpress\/wp-content\/uploads\/2025\/09\/111111111-196x300.png 196w, https:\/\/www.radiopiu.net\/wordpress\/wp-content\/uploads\/2025\/09\/111111111.png 484w\" sizes=\"auto, (max-width: 196px) 100vw, 196px\" \/><\/p>\n<p>del Paese rispettivamente con 2.680 e 5.090 euro. Se, invece, prendiamo come riferimento il dato assoluto complessivo, a fronte di 60,9 miliardi di euro spesi dallo Stato centrale in<\/p>\n<p>Veneto, le tasse versate dai nostri corregionali ammontano a 74,1 miliardi. Pertanto, nel 2019 la nostra regione ha dato in solidariet\u00e0 al resto del Paese 13,2 miliardi di euro (vedi Graf. 1). Un dato in linea con le rilevazioni effettuate negli anni precedenti.<\/p>\n<p>Secondo l\u2019Ufficio studi della CGIA, l\u2019esistenza di un residuo fiscale eccessivamente negativo costituisce una delle motivazioni alla base della richiesta di autonomia differenziata delle due Amministrazioni regionali richiamate pi\u00f9 sopra. Anche se con sfaccettature diverse, tutte, comunque, sono in linea di principio consapevoli che il centralismo statale abbia accentuato le disparit\u00e0 tra i territori.<\/p>\n<p>Tornando ai dati sul residuo fiscale, le regioni del Mezzogiorno, invece, presentano, tutte un risultato positivo. Questo vuol dire che i flussi finanziari che ricevono dallo Stato centrale sono superiori alle risorse fiscali che \u201cversano\u201d allo stesso. La Campania, ad esempio, sempre nel 2019 h<\/p>\n<p><img loading=\"lazy\" decoding=\"async\" class=\"size-medium wp-image-469526 alignright\" src=\"https:\/\/www.radiopiu.net\/wordpress\/wp-content\/uploads\/2025\/09\/11111111111-189x300.png\" alt=\"\" width=\"189\" height=\"300\" srcset=\"https:\/\/www.radiopiu.net\/wordpress\/wp-content\/uploads\/2025\/09\/11111111111-189x300.png 189w, https:\/\/www.radiopiu.net\/wordpress\/wp-content\/uploads\/2025\/09\/11111111111.png 480w\" sizes=\"auto, (max-width: 189px) 100vw, 189px\" \/><\/p>\n<p>a registrato un \u201csaldo\u201d pro capite pari a +1.380 euro, la Puglia +2.440, laSicilia +2.989 o e la Calabria +3.085 euro (vedi Tab. 3). Sia chiaro: questo \u00e8 normale. Da sempre registriamo forti trasferimenti dal Nord al Sud. Tutto ci\u00f2, in linea di massima, non \u00e8 dovuto ad una eccessiva spesa presente nel Sud, ma al fatto che i redditi nel Mezzogiorno sono pi\u00f9 bassi e quindi sono pi\u00f9 basse le tasse e i contributi versati dai residenti di questa ripartizione geografica.<\/p>\n<p>&#8212;<br \/>\n<strong>Note<\/strong><br \/>\n<em>Le tabelle 1,2 e 3 illustrano i residui fiscali primari (al netto della spesa per interessi) elaborati dalla Banca d\u2019Italia all\u2019interno della pubblicazione Economie Regionali (novembre 2020).<\/em><br \/>\n<em>Le tabelle 1 e 3 utilizzano il criterio della localizzazione, ovvero attribuiscono le spese e le entrate in base al luogo in cui sono rispettivamente erogate o acquisite; il residuo fiscale cos\u00ec ottenuto risulta positivo per il Mezzogiorno e varia da +2.451 euro pro capite (tabella 1 con dati Conti Pubblici Territoriali) a +2.791 euro pro capite (tabella 3 con dati RGS, Siope e bilanci degli enti previdenziali).<\/em><br \/>\n<em>La tabella 2 riporta invece i residui fiscali primari secondo il criterio del beneficio, ovvero tiene conto della distribuzione sul territorio delle caratteristiche che identificano i beneficiari finali dei servizi pubblici (della spesa) e coloro che ne sostengono l\u2019onere (soggetti al prelievo). Sulla base di questo criterio si ottiene un residuo fiscale primario ancora pi\u00f9 elevato per il Mezzogiorno (+3.178 euro pro capite).<\/em><\/p>\n<p>&nbsp;<\/p>\n<p>&nbsp;<\/p>\n<hr \/>\n<p>&nbsp;<\/p>\n<blockquote><p><img loading=\"lazy\" decoding=\"async\" class=\" wp-image-469498 alignleft\" src=\"https:\/\/www.radiopiu.net\/wordpress\/wp-content\/uploads\/2025\/09\/a20c4d2c-94d1-4b9c-a0f6-2209a67ed2f0-212x300.jpg\" alt=\"\" width=\"137\" height=\"194\" srcset=\"https:\/\/www.radiopiu.net\/wordpress\/wp-content\/uploads\/2025\/09\/a20c4d2c-94d1-4b9c-a0f6-2209a67ed2f0-212x300.jpg 212w, https:\/\/www.radiopiu.net\/wordpress\/wp-content\/uploads\/2025\/09\/a20c4d2c-94d1-4b9c-a0f6-2209a67ed2f0-724x1024.jpg 724w, https:\/\/www.radiopiu.net\/wordpress\/wp-content\/uploads\/2025\/09\/a20c4d2c-94d1-4b9c-a0f6-2209a67ed2f0-768x1086.jpg 768w, https:\/\/www.radiopiu.net\/wordpress\/wp-content\/uploads\/2025\/09\/a20c4d2c-94d1-4b9c-a0f6-2209a67ed2f0.jpg 1075w\" sizes=\"auto, (max-width: 137px) 100vw, 137px\" \/><\/p>\n<h3 data-start=\"59\" data-end=\"117\"><strong data-start=\"59\" data-end=\"115\">\u201cRITORNO AD AGORDO \u2013 78\u00aa COMPAGNIA I LUPI DI AGORDO\u201d<\/strong><\/h3>\n<p data-start=\"59\" data-end=\"117\"><span style=\"color: #ff0000;\"><strong>DOMANI ALLE 10.30 SU RADIO PIU&#8217;, LA PRESENTAZIONE DELL&#8217;EVENTO. OSPITE IL COLONELLO GIOVANNI DA PRA&#8217;<\/strong><\/span><\/p>\n<\/blockquote>\n<p>Agordo si prepara a due giornate speciali dedicate alla memoria e alla storia della Caserma XXII Marzo 1848, con l\u2019evento \u201cRitorno ad Agordo \u2013 78\u00aa Compagnia I Lupi di Agordo\u201d, in programma sabato 20 e domenica 21 settembre. Sabato 20, alle 20 in Sala Don Tamis, si terr\u00e0 la conferenza <strong data-start=\"407\" data-end=\"436\">\u201cAgordo e la sua Caserma\u201d<\/strong>, con storie, vicende, aneddoti e curiosit\u00e0. Interverranno Roberto Mezzacasa, Antonio Zanetti e Gino Sorio, con le letture di Loris Santomaso e l\u2019accompagnamento del Coro Ana \u201cAdunata\u201d. Domenica 21 settembre, alle 9, ritrovo nella sede del Gruppo Alpini di Agordo per l\u2019omaggio ai Caduti, seguito dalla Messa. Alle 12.30 \u00e8 previsto il <strong data-start=\"774\" data-end=\"810\">rancio alpino al Bar Bocciodromo<\/strong>, un momento di convivialit\u00e0 per celebrare storia, memoria e comunit\u00e0, con gli Alpini protagonisti. Per informazioni: <strong data-start=\"931\" data-end=\"975\">Ufficio Turistico di Agordo \u2013 0437 62105<\/strong>.<\/p>\n<p>&nbsp;<\/p>\n<p>&nbsp;<\/p>\n<hr \/>\n<p>&nbsp;<\/p>\n<blockquote>\n<h3>UN INCONTRO PER PARLARE DI DEMENZE: \u201cRICORDARSI DI CHI SI DIMENTICA\u201d ALL\u2019OSPEDALE DI FELTRE<\/h3>\n<\/blockquote>\n<p><strong><a class=\"dt-pswp-item\" href=\"https:\/\/www.radiopiu.net\/wordpress\/wp-content\/uploads\/2025\/09\/Screenshot-2025-09-12-144129.png\" data-dt-img-description=\"\" data-large_image_width=\"841\" data-large_image_height=\"637\"><img loading=\"lazy\" decoding=\"async\" class=\" wp-image-469373 alignleft\" src=\"https:\/\/www.radiopiu.net\/wordpress\/wp-content\/uploads\/2025\/09\/Screenshot-2025-09-12-144129-300x227.png\" alt=\"\" width=\"242\" height=\"183\" srcset=\"https:\/\/www.radiopiu.net\/wordpress\/wp-content\/uploads\/2025\/09\/Screenshot-2025-09-12-144129-300x227.png 300w, https:\/\/www.radiopiu.net\/wordpress\/wp-content\/uploads\/2025\/09\/Screenshot-2025-09-12-144129-768x582.png 768w, https:\/\/www.radiopiu.net\/wordpress\/wp-content\/uploads\/2025\/09\/Screenshot-2025-09-12-144129.png 841w\" sizes=\"auto, (max-width: 242px) 100vw, 242px\" \/><\/a>FELTRE<\/strong>\u00a0 Proseguono gli appuntamenti dei <em data-start=\"235\" data-end=\"259\">Mercoled\u00ec della Salute<\/em>, il ciclo di serate informative promosse dall\u2019Azienda Ulss 1 Dolomiti e dedicate ai temi della prevenzione e della salute. Mercoled\u00ec, alle 17.30 nella Sala Convegni dell\u2019Ospedale di Feltre, si terr\u00e0 l\u2019incontro dal titolo \u201cRicordarsi di chi si dimentica: un focus sulle demenze\u201d, un\u2019occasione di confronto aperta alla cittadinanza per approfondire un tema di grande rilevanza sociale e sanitaria. Interverranno la neurologa Roberta Padoan, la responsabile di Psicologia ospedaliera Francesca De Biasi e la dottoressa Daniela Dal Zotto del Centro per i Disturbi Cognitivi e le Demenze di Feltre. L\u2019incontro potr\u00e0 essere seguito anche online attraverso la piattaforma Google Meet al link <a class=\"decorated-link cursor-pointer\" rel=\"noopener\" data-start=\"996\" data-end=\"1056\">meet.google.com\/mua-kqoi-wfc<\/a>. Un\u2019iniziativa per sensibilizzare la comunit\u00e0 sull\u2019importanza di riconoscere precocemente i segnali delle demenze e per offrire strumenti di supporto a famiglie e caregiver.<\/p>\n<p>&nbsp;<\/p>\n<p>&nbsp;<\/p>\n<hr \/>\n<p>&nbsp;<\/p>\n<blockquote>\n<h2>AGORDO CELEBRA FEDELE RAGGI: CONVEGNO E RESTAURO DELLE SCULTURE BAROCCHE DI VILLA CROTTA<\/h2>\n<\/blockquote>\n<blockquote><p><em>L\u2019identit\u00e0 culturale agordina rivive attraverso il restauro e la memoria storica<\/em><\/p><\/blockquote>\n<p><strong>AGORDO<\/strong><\/p>\n<p><img loading=\"lazy\" decoding=\"async\" class=\"alignleft\" src=\"https:\/\/www.radiopiu.net\/wordpress\/wp-content\/uploads\/2025\/09\/Screenshot-2025-09-11-102734.png\" width=\"295\" height=\"185\" \/>Sabato 20 settembre, alle\u00a0 10, la Sala Convegni di Agordo ospiter\u00e0 l\u2019incontro \u201cDa Villa Crotta de\u2019 Manzoni ai palazzi della Moravia: le sculture barocche di Fedele Raggi\u201d. L\u2019evento, promosso dal Comune di Agordo, rappresenta un\u2019occasione preziosa per approfondire la figura e l\u2019opera di Fedele Raggi, scultore barocco di rilievo, autore di numerose opere che impreziosiscono ville e palazzi tra Veneto e Mitteleuropa. I relatori ripercorreranno il contesto storico-artistico in cui si svilupp\u00f2 la sua attivit\u00e0, sottolineando l\u2019importanza di Agordo e delle Dolomiti come crocevia <a class=\"dt-pswp-item\" href=\"https:\/\/www.radiopiu.net\/wordpress\/wp-content\/uploads\/2024\/12\/ROBERTO-CHISSALE.png\" data-dt-img-description=\"\" data-large_image_width=\"593\" data-large_image_height=\"386\"><img loading=\"lazy\" decoding=\"async\" class=\" wp-image-427282 alignright\" src=\"https:\/\/www.radiopiu.net\/wordpress\/wp-content\/uploads\/2024\/12\/ROBERTO-CHISSALE-300x195.png\" alt=\"\" width=\"211\" height=\"137\" srcset=\"https:\/\/www.radiopiu.net\/wordpress\/wp-content\/uploads\/2024\/12\/ROBERTO-CHISSALE-300x195.png 300w, https:\/\/www.radiopiu.net\/wordpress\/wp-content\/uploads\/2024\/12\/ROBERTO-CHISSALE.png 593w\" sizes=\"auto, (max-width: 211px) 100vw, 211px\" \/><\/a>culturale. Al termine del convegno si terr\u00e0 l\u2019attesa inaugurazione del restauro del gruppo scultoreo di Villa Crotta de\u2019 Manzoni, uno dei pi\u00f9 significativi esempi di arte barocca nel territorio. Il lavoro di recupero ha restituito nuova vita a un patrimonio di grande pregio, testimone della storia e della sensibilit\u00e0 artistica locale. <em>\u201c\u00c8 con soddisfazione \u2013 ha dichiarato il sindaco Roberto Chissal\u00e9 \u2013 che invito la cittadinanza e gli appassionati a prendere parte a questo momento di cultura e valorizzazione del nostro patrimonio. Le sculture di Villa Crotta non sono solo un bene artistico, ma un simbolo della nostra identit\u00e0 e della nostra memoria storica\u201d. <\/em>Il convegno e l\u2019inaugurazione sono aperti al pubblico. L\u2019iniziativa si avvale del sostegno di studiosi, restauratori, associazioni culturali e istituzioni che da anni lavorano per la tutela e la promozione dell\u2019arte e della storia agordine. Un\u2019occasione, dunque, per conoscere da vicino un artista e un\u2019epoca che hanno lasciato tracce indelebili nel paesaggio culturale europeo e per celebrare la rinascita di un bene prezioso del patrimonio locale.<\/p>\n<p>&nbsp;<\/p>\n<p>&nbsp;<\/p>\n<hr \/>\n<p>&nbsp;<\/p>\n<blockquote>\n<h3 data-start=\"43\" data-end=\"129\"><strong data-start=\"43\" data-end=\"127\">\u201c100 SOLLEDER LETTENBAUER\u201d, DOCUMENTARIO PER I CENT\u2019ANNI DELLA VIA SULLA CIVETTA<\/strong><\/h3>\n<p data-start=\"131\" data-end=\"374\"><em>Il 7 agosto del 1925 Emil Solleder e Gustav Lettenbauer realizzarono, sulla parete nord-ovest della Civetta, quella via che \u00e8 passata alla storia come l\u2019inizio ufficiale dell\u2019epopea del VI grado.<\/em><\/p>\n<\/blockquote>\n<p data-start=\"131\" data-end=\"374\"><strong><a class=\"dt-pswp-item\" href=\"https:\/\/www.radiopiu.net\/wordpress\/wp-content\/uploads\/2025\/09\/FigureCivetta-Solleder_Lettenbauer.jpg\" data-dt-img-description=\"\" data-large_image_width=\"500\" data-large_image_height=\"384\"><img loading=\"lazy\" decoding=\"async\" class=\" wp-image-468270 alignleft\" src=\"https:\/\/www.radiopiu.net\/wordpress\/wp-content\/uploads\/2025\/09\/FigureCivetta-Solleder_Lettenbauer-300x230.jpg\" alt=\"\" width=\"198\" height=\"152\" srcset=\"https:\/\/www.radiopiu.net\/wordpress\/wp-content\/uploads\/2025\/09\/FigureCivetta-Solleder_Lettenbauer-300x230.jpg 300w, https:\/\/www.radiopiu.net\/wordpress\/wp-content\/uploads\/2025\/09\/FigureCivetta-Solleder_Lettenbauer.jpg 500w\" sizes=\"auto, (max-width: 198px) 100vw, 198px\" \/><\/a>ALLEGHE<\/strong> Sar\u00e0 presentato sabato 27 settembre alle 20.30 nella palestra comunale di Caprile il documentario <em data-start=\"233\" data-end=\"259\">100 Solleder Lettenbauer<\/em>, dedicato ai cent\u2019anni della storica via sulla Nord-Ovest della Civetta, realizzato con il sostegno del Cai.<\/p>\n<p data-start=\"376\" data-end=\"551\">La proiezione concluder\u00e0 una giornata di eventi: al mattino un incontro con il Soccorso Alpino e al pomeriggio le testimonianze di alpinisti sulla \u201cParete delle Pareti\u201d.<\/p>\n<p data-start=\"553\" data-end=\"813\">Il progetto \u00e8 nato da un\u2019idea di Valter Bellenzier con i rifugisti De Zordo e De Bona, ed \u00e8 stato sviluppato da Alessandro Ba\u00f9, Alessandro Beber ed Emanuele Confortin, che con una cordata di sei alpinisti ha ripetuto la via per realizzare le riprese.<\/p>\n<p data-start=\"815\" data-end=\"1033\">Oltre alle immagini attuali, il documentario raccoglie materiali d\u2019archivio, testimonianze e contributi di grandi protagonisti della Civetta, con il montaggio firmato da Confortin insieme a un team di professionisti.<\/p>\n<p>FOTO\u00a0 gognablog.sherpa-gate.com<\/p>\n<p>&nbsp;<\/p>\n<p>&nbsp;<\/p>\n<hr \/>\n<p>&nbsp;<\/p>\n<blockquote>\n<h3>LUCI CARE LUCI BELLE AL CENTRO ASTRONOMICO DI ARSON<\/h3>\n<\/blockquote>\n<p><strong>FELTRE<\/strong> Al Planetario del Centro Astronomico di Arson torna la musica con \u201cLuci Care, Luci Belle\u201d, concerto del Gruppo Vocale Crystal Tears e giovani clarinettisti della Scuola Miari e del Liceo Renier. In programma brani classici di Haydn, Mozart e Beethoven, pezzi contemporanei poco eseguiti e due prime assolute, tra cui <em data-start=\"321\" data-end=\"330\">Meteors<\/em> di Irlando Danieli. Spettacolo arricchito da proiezioni del cielo stellato (ingresso 5 \u20ac, gratuito soci e under 11). Sabato 27 settembre ore 21, ingresso gratuito per la tradizionale Serata Astrofili.<\/p>\n<p>&nbsp;<\/p>\n<p>&nbsp;<\/p>\n<hr \/>\n<p>&nbsp;<\/p>\n<h1><span style=\"color: #ff6600;\">IERI ALLA RADIO<\/span><\/h1>\n<h2><span style=\"color: #cc99ff;\">LA RASSEGNA STAMPA DA L&#8217;AMICO DEL POPOLO\u00a0<\/span><\/h2>\n<p><strong><a class=\"dt-pswp-item\" href=\"https:\/\/www.radiopiu.net\/wordpress\/wp-content\/uploads\/2022\/10\/don-luigi-ciotti.jpg\" data-dt-img-description=\"\" data-large_image_width=\"2048\" data-large_image_height=\"1444\"><img loading=\"lazy\" decoding=\"async\" class=\" wp-image-302255 alignleft\" src=\"https:\/\/www.radiopiu.net\/wordpress\/wp-content\/uploads\/2022\/10\/don-luigi-ciotti-300x212.jpg\" alt=\"\" width=\"183\" height=\"129\" srcset=\"https:\/\/www.radiopiu.net\/wordpress\/wp-content\/uploads\/2022\/10\/don-luigi-ciotti-300x212.jpg 300w, https:\/\/www.radiopiu.net\/wordpress\/wp-content\/uploads\/2022\/10\/don-luigi-ciotti-1024x722.jpg 1024w, https:\/\/www.radiopiu.net\/wordpress\/wp-content\/uploads\/2022\/10\/don-luigi-ciotti-768x542.jpg 768w, https:\/\/www.radiopiu.net\/wordpress\/wp-content\/uploads\/2022\/10\/don-luigi-ciotti-1536x1083.jpg 1536w, https:\/\/www.radiopiu.net\/wordpress\/wp-content\/uploads\/2022\/10\/don-luigi-ciotti.jpg 2048w\" sizes=\"auto, (max-width: 183px) 100vw, 183px\" \/><\/a>DI GIANNI SANTOMASO<\/strong><\/p>\n<p>OSPITE: Pier Mario Fop, coordinatore regionale di Libera<\/p>\n<audio class=\"wp-audio-shortcode\" id=\"audio-469516-7\" preload=\"none\" style=\"width: 100%;\" controls=\"controls\"><source type=\"audio\/mpeg\" src=\"https:\/\/www.radiopiu.net\/wordpress\/wp-content\/uploads\/2025\/09\/RASSEGNA-GIANNI-1.mp3?_=7\" \/><a href=\"https:\/\/www.radiopiu.net\/wordpress\/wp-content\/uploads\/2025\/09\/RASSEGNA-GIANNI-1.mp3\">https:\/\/www.radiopiu.net\/wordpress\/wp-content\/uploads\/2025\/09\/RASSEGNA-GIANNI-1.mp3<\/a><\/audio>\n<p>&nbsp;<\/p>\n<p>&nbsp;<\/p>\n<hr \/>\n<p>&nbsp;<\/p>\n<h2><span style=\"color: #008000;\">DUE MINUTI PER TE<\/span><\/h2>\n<p><strong><a class=\"dt-pswp-item\" href=\"https:\/\/www.radiopiu.net\/wordpress\/wp-content\/uploads\/2020\/12\/DON-GIORGIO-LISE.jpg\" data-dt-img-description=\"\" data-large_image_width=\"1600\" data-large_image_height=\"901\"><img loading=\"lazy\" decoding=\"async\" class=\" wp-image-177420 alignleft\" src=\"https:\/\/www.radiopiu.net\/wordpress\/wp-content\/uploads\/2020\/12\/DON-GIORGIO-LISE-300x169.jpg\" alt=\"\" width=\"204\" height=\"115\" srcset=\"https:\/\/www.radiopiu.net\/wordpress\/wp-content\/uploads\/2020\/12\/DON-GIORGIO-LISE-300x169.jpg 300w, https:\/\/www.radiopiu.net\/wordpress\/wp-content\/uploads\/2020\/12\/DON-GIORGIO-LISE-1024x577.jpg 1024w, https:\/\/www.radiopiu.net\/wordpress\/wp-content\/uploads\/2020\/12\/DON-GIORGIO-LISE-768x432.jpg 768w, https:\/\/www.radiopiu.net\/wordpress\/wp-content\/uploads\/2020\/12\/DON-GIORGIO-LISE-1536x865.jpg 1536w, https:\/\/www.radiopiu.net\/wordpress\/wp-content\/uploads\/2020\/12\/DON-GIORGIO-LISE.jpg 1600w\" sizes=\"auto, (max-width: 204px) 100vw, 204px\" \/><\/a>APPUNTAMENTO DELLA DOMENICA CON IL PENSIERO DI MONSIGNOR GIORGIO LISE<\/strong><\/p>\n<audio class=\"wp-audio-shortcode\" id=\"audio-469516-8\" preload=\"none\" style=\"width: 100%;\" controls=\"controls\"><source type=\"audio\/mpeg\" src=\"https:\/\/www.radiopiu.net\/wordpress\/wp-content\/uploads\/2025\/09\/DON-GIORGIO-1.mp3?_=8\" \/><a href=\"https:\/\/www.radiopiu.net\/wordpress\/wp-content\/uploads\/2025\/09\/DON-GIORGIO-1.mp3\">https:\/\/www.radiopiu.net\/wordpress\/wp-content\/uploads\/2025\/09\/DON-GIORGIO-1.mp3<\/a><\/audio>\n<p>&nbsp;<\/p>\n<hr \/>\n<p>&nbsp;<\/p>\n<h2><span style=\"color: #ff0000;\">INAUGURATI A COLLE SANTA LUCIA NOVE DEFIBRILLATORI GRAZIE ALL\u2019IMPEGNO DELLA CROCE BIANCA<\/span><\/h2>\n<p><strong><a class=\"dt-pswp-item\" href=\"https:\/\/www.radiopiu.net\/wordpress\/wp-content\/uploads\/2021\/07\/DEFIBRILLATORE.jpg\" data-dt-img-description=\"\" data-large_image_width=\"1920\" data-large_image_height=\"1280\"><img loading=\"lazy\" decoding=\"async\" class=\"size-medium wp-image-224656 alignleft\" src=\"https:\/\/www.radiopiu.net\/wordpress\/wp-content\/uploads\/2021\/07\/DEFIBRILLATORE-300x200.jpg\" alt=\"\" width=\"300\" height=\"200\" srcset=\"https:\/\/www.radiopiu.net\/wordpress\/wp-content\/uploads\/2021\/07\/DEFIBRILLATORE-300x200.jpg 300w, https:\/\/www.radiopiu.net\/wordpress\/wp-content\/uploads\/2021\/07\/DEFIBRILLATORE-1024x683.jpg 1024w, https:\/\/www.radiopiu.net\/wordpress\/wp-content\/uploads\/2021\/07\/DEFIBRILLATORE-768x512.jpg 768w, https:\/\/www.radiopiu.net\/wordpress\/wp-content\/uploads\/2021\/07\/DEFIBRILLATORE-1536x1024.jpg 1536w, https:\/\/www.radiopiu.net\/wordpress\/wp-content\/uploads\/2021\/07\/DEFIBRILLATORE.jpg 1920w\" sizes=\"auto, (max-width: 300px) 100vw, 300px\" \/><\/a>DI MARINA DONA&#8217;<\/strong><\/p>\n<p><strong>COLLE SANTA LUCIA<\/strong> Venerd\u00ec 12 settembre 2025 a Colle Santa Lucia con la presenza del sindaco Paolo Frena, si \u00e8 inaugurato l&#8217;acquisto di nove defibrillatori destinati alle frazioni del comune, per un costo totale di 30mila \u20ac, costo a carico dei promotori dell&#8217;iniziativa ovvero i volontari della Croce Bianca di Colle Santa Lucia, con il patrocinio del comune stesso. Un&#8217;iniziativa lodevole dei volontari della Croce Bianca, che oltre a impiegare il loro tempo libero a servizio della comunit\u00e0, hanno deciso anche di fare questa spesa a carico dell&#8217;associazione. Chiunque volesse contribuire per fare una donazione, pu\u00f2 trovare il numero di conto corrente su Instagram &#8220;Croce Bianca Colle Santa Lucia&#8221;. Anche il primo cittadino si dichiara molto soddisfatto di questa iniziativa.<\/p>\n<p><strong>LO SPECIALE ALLA RADIO<\/strong><\/p>\n<audio class=\"wp-audio-shortcode\" id=\"audio-469516-9\" preload=\"none\" style=\"width: 100%;\" controls=\"controls\"><source type=\"audio\/mpeg\" src=\"https:\/\/www.radiopiu.net\/wordpress\/wp-content\/uploads\/2025\/09\/REPORTER-DEFIBRILLATORI-PER-OGNI-FRAZIONE-A-COLLE-SANTA-LUCIA.mp3?_=9\" \/><a href=\"https:\/\/www.radiopiu.net\/wordpress\/wp-content\/uploads\/2025\/09\/REPORTER-DEFIBRILLATORI-PER-OGNI-FRAZIONE-A-COLLE-SANTA-LUCIA.mp3\">https:\/\/www.radiopiu.net\/wordpress\/wp-content\/uploads\/2025\/09\/REPORTER-DEFIBRILLATORI-PER-OGNI-FRAZIONE-A-COLLE-SANTA-LUCIA.mp3<\/a><\/audio>\n<p>&nbsp;<\/p>\n<hr \/>\n<p>&nbsp;<\/p>\n<blockquote class=\"wp-embedded-content\" data-secret=\"eX87m1ZJvd\"><p><a href=\"https:\/\/www.radiopiu.net\/wordpress\/piu-siamo-con-marina-settimana-dal-08-al-12-settembre-2025\/\">PIU&#8217; SIAMO&#8230;CON MARINA &#8211; SETTIMANA DAL 08 AL 12 SETTEMBRE 2025<\/a><\/p><\/blockquote>\n<p><iframe loading=\"lazy\" class=\"wp-embedded-content\" sandbox=\"allow-scripts\" security=\"restricted\" style=\"position: absolute; visibility: hidden;\" title=\"&#8220;PIU&#8217; SIAMO&#8230;CON MARINA &#8211; SETTIMANA DAL 08 AL 12 SETTEMBRE 2025&#8221; &#8212; Radio Pi\u00f9\" src=\"https:\/\/www.radiopiu.net\/wordpress\/piu-siamo-con-marina-settimana-dal-08-al-12-settembre-2025\/embed\/#?secret=WbEkmNMZ40#?secret=eX87m1ZJvd\" data-secret=\"eX87m1ZJvd\" width=\"600\" height=\"338\" frameborder=\"0\" marginwidth=\"0\" marginheight=\"0\" scrolling=\"no\"><\/iframe><\/p>\n<p>&nbsp;<\/p>\n<hr \/>\n<p>&nbsp;<\/p>\n<h2><span style=\"color: #ff0000;\"><a class=\"dt-pswp-item\" href=\"https:\/\/www.radiopiu.net\/wordpress\/wp-content\/uploads\/2018\/09\/appuntamenti.jpeg\" data-dt-img-description=\"\" data-large_image_width=\"800\" data-large_image_height=\"100\"><img loading=\"lazy\" decoding=\"async\" class=\"wp-image-61958 size-full aligncenter\" src=\"https:\/\/www.radiopiu.net\/wordpress\/wp-content\/uploads\/2018\/09\/appuntamenti.jpeg\" alt=\"\" width=\"800\" height=\"100\" srcset=\"https:\/\/www.radiopiu.net\/wordpress\/wp-content\/uploads\/2018\/09\/appuntamenti.jpeg 800w, https:\/\/www.radiopiu.net\/wordpress\/wp-content\/uploads\/2018\/09\/appuntamenti-300x38.jpeg 300w, https:\/\/www.radiopiu.net\/wordpress\/wp-content\/uploads\/2018\/09\/appuntamenti-768x96.jpeg 768w\" sizes=\"auto, (max-width: 800px) 100vw, 800px\" \/><\/a><\/span><\/h2>\n\n\t\t\t<style type='text\/css'>\n\t\t\t\t#gallery-7 {\n\t\t\t\t\tmargin: auto;\n\t\t\t\t}\n\t\t\t\t#gallery-7 .gallery-item {\n\t\t\t\t\tfloat: left;\n\t\t\t\t\tmargin-top: 10px;\n\t\t\t\t\ttext-align: center;\n\t\t\t\t\twidth: 20%;\n\t\t\t\t}\n\t\t\t\t#gallery-7 img {\n\t\t\t\t\tborder: 2px solid #cfcfcf;\n\t\t\t\t}\n\t\t\t\t#gallery-7 .gallery-caption {\n\t\t\t\t\tmargin-left: 0;\n\t\t\t\t}\n\t\t\t\t\/* see gallery_shortcode() in wp-includes\/media.php *\/\n\t\t\t<\/style>\n\t\t<div id='gallery-7' class='dt-gallery-container gallery galleryid-469516 gallery-columns-5 gallery-size-thumbnail'><dl class='gallery-item'>\n\t\t\t\t<dt class='gallery-icon portrait'>\n\t\t\t\t\t<a class=\"rollover rollover-zoom dt-pswp-item\" title=\"mostra_RotaSperti\" data-dt-img-description=\"\" data-large_image_width=\"1414\" data-large_image_height=\"2000\"href='https:\/\/www.radiopiu.net\/wordpress\/wp-content\/uploads\/2025\/06\/mostra_RotaSperti.png'><img loading=\"lazy\" decoding=\"async\" width=\"150\" height=\"150\" src=\"https:\/\/www.radiopiu.net\/wordpress\/wp-content\/uploads\/2025\/06\/mostra_RotaSperti-150x150.png\" class=\"attachment-thumbnail size-thumbnail\" alt=\"\" \/><\/a>\n\t\t\t\t<\/dt><\/dl><dl class='gallery-item'>\n\t\t\t\t<dt class='gallery-icon landscape'>\n\t\t\t\t\t<a class=\"rollover rollover-zoom dt-pswp-item\" title=\"515444840_1149597150531066_7749231705219023918_n\" data-dt-img-description=\"\" data-large_image_width=\"1440\" data-large_image_height=\"1079\"href='https:\/\/www.radiopiu.net\/wordpress\/wp-content\/uploads\/2025\/07\/515444840_1149597150531066_7749231705219023918_n.jpg'><img loading=\"lazy\" decoding=\"async\" width=\"150\" height=\"150\" src=\"https:\/\/www.radiopiu.net\/wordpress\/wp-content\/uploads\/2025\/07\/515444840_1149597150531066_7749231705219023918_n-150x150.jpg\" class=\"attachment-thumbnail size-thumbnail\" alt=\"\" \/><\/a>\n\t\t\t\t<\/dt><\/dl><dl class='gallery-item'>\n\t\t\t\t<dt class='gallery-icon portrait'>\n\t\t\t\t\t<a class=\"rollover rollover-zoom dt-pswp-item\" title=\"Locandina Sagra di Fregona 2025\" data-dt-img-description=\"\" data-large_image_width=\"1125\" data-large_image_height=\"1608\"href='https:\/\/www.radiopiu.net\/wordpress\/wp-content\/uploads\/2025\/08\/Locandina-Sagra-di-Fregona-2025.jpeg'><img loading=\"lazy\" decoding=\"async\" width=\"150\" height=\"150\" src=\"https:\/\/www.radiopiu.net\/wordpress\/wp-content\/uploads\/2025\/08\/Locandina-Sagra-di-Fregona-2025-150x150.jpeg\" class=\"attachment-thumbnail size-thumbnail\" alt=\"\" \/><\/a>\n\t\t\t\t<\/dt><\/dl><dl class='gallery-item'>\n\t\t\t\t<dt class='gallery-icon portrait'>\n\t\t\t\t\t<a class=\"rollover rollover-zoom dt-pswp-item\" title=\"9c71ce0b-ff13-4ec8-b170-8fb0f4a358d6\" data-dt-img-description=\"\" data-large_image_width=\"731\" data-large_image_height=\"1600\"href='https:\/\/www.radiopiu.net\/wordpress\/wp-content\/uploads\/2025\/09\/9c71ce0b-ff13-4ec8-b170-8fb0f4a358d6.jpg'><img loading=\"lazy\" decoding=\"async\" width=\"150\" height=\"150\" src=\"https:\/\/www.radiopiu.net\/wordpress\/wp-content\/uploads\/2025\/09\/9c71ce0b-ff13-4ec8-b170-8fb0f4a358d6-150x150.jpg\" class=\"attachment-thumbnail size-thumbnail\" alt=\"\" \/><\/a>\n\t\t\t\t<\/dt><\/dl><dl class='gallery-item'>\n\t\t\t\t<dt class='gallery-icon portrait'>\n\t\t\t\t\t<a class=\"rollover rollover-zoom dt-pswp-item\" title=\"e1f44182-3b2b-4656-9ab3-55b78e3f276b\" data-dt-img-description=\"\" data-large_image_width=\"1131\" data-large_image_height=\"1600\"href='https:\/\/www.radiopiu.net\/wordpress\/wp-content\/uploads\/2025\/09\/e1f44182-3b2b-4656-9ab3-55b78e3f276b.jpg'><img loading=\"lazy\" decoding=\"async\" width=\"150\" height=\"150\" src=\"https:\/\/www.radiopiu.net\/wordpress\/wp-content\/uploads\/2025\/09\/e1f44182-3b2b-4656-9ab3-55b78e3f276b-150x150.jpg\" class=\"attachment-thumbnail size-thumbnail\" alt=\"\" \/><\/a>\n\t\t\t\t<\/dt><\/dl><br style=\"clear: both\" \/><dl class='gallery-item'>\n\t\t\t\t<dt class='gallery-icon portrait'>\n\t\t\t\t\t<a class=\"rollover rollover-zoom dt-pswp-item\" title=\"b13636c4-92d6-4f21-bbd1-2bf5066bd155\" data-dt-img-description=\"\" data-large_image_width=\"899\" data-large_image_height=\"1599\"href='https:\/\/www.radiopiu.net\/wordpress\/wp-content\/uploads\/2025\/09\/b13636c4-92d6-4f21-bbd1-2bf5066bd155.jpg'><img loading=\"lazy\" decoding=\"async\" width=\"150\" height=\"150\" src=\"https:\/\/www.radiopiu.net\/wordpress\/wp-content\/uploads\/2025\/09\/b13636c4-92d6-4f21-bbd1-2bf5066bd155-150x150.jpg\" class=\"attachment-thumbnail size-thumbnail\" alt=\"\" \/><\/a>\n\t\t\t\t<\/dt><\/dl><dl class='gallery-item'>\n\t\t\t\t<dt class='gallery-icon portrait'>\n\t\t\t\t\t<a class=\"rollover rollover-zoom dt-pswp-item\" title=\"d3fcd4c5-6d16-43da-9fec-cf14c7b765b1\" data-dt-img-description=\"\" data-large_image_width=\"1130\" data-large_image_height=\"1600\"href='https:\/\/www.radiopiu.net\/wordpress\/wp-content\/uploads\/2025\/09\/d3fcd4c5-6d16-43da-9fec-cf14c7b765b1.jpg'><img loading=\"lazy\" decoding=\"async\" width=\"150\" height=\"150\" src=\"https:\/\/www.radiopiu.net\/wordpress\/wp-content\/uploads\/2025\/09\/d3fcd4c5-6d16-43da-9fec-cf14c7b765b1-150x150.jpg\" class=\"attachment-thumbnail size-thumbnail\" alt=\"\" \/><\/a>\n\t\t\t\t<\/dt><\/dl><dl class='gallery-item'>\n\t\t\t\t<dt class='gallery-icon portrait'>\n\t\t\t\t\t<a class=\"rollover rollover-zoom dt-pswp-item\" title=\"Parliamo di zecche\" data-dt-img-description=\"\" data-large_image_width=\"1811\" data-large_image_height=\"2560\"href='https:\/\/www.radiopiu.net\/wordpress\/wp-content\/uploads\/2025\/09\/Parliamo-di-zecche-scaled.jpg'><img loading=\"lazy\" decoding=\"async\" width=\"150\" height=\"150\" src=\"https:\/\/www.radiopiu.net\/wordpress\/wp-content\/uploads\/2025\/09\/Parliamo-di-zecche-150x150.jpg\" class=\"attachment-thumbnail size-thumbnail\" alt=\"\" \/><\/a>\n\t\t\t\t<\/dt><\/dl><dl class='gallery-item'>\n\t\t\t\t<dt class='gallery-icon portrait'>\n\t\t\t\t\t<a class=\"rollover rollover-zoom dt-pswp-item\" title=\"Luci care Luci belle\" data-dt-img-description=\"\" data-large_image_width=\"1131\" data-large_image_height=\"1600\"href='https:\/\/www.radiopiu.net\/wordpress\/wp-content\/uploads\/2025\/09\/Luci-care-Luci-belle.jpg'><img loading=\"lazy\" decoding=\"async\" width=\"150\" height=\"150\" src=\"https:\/\/www.radiopiu.net\/wordpress\/wp-content\/uploads\/2025\/09\/Luci-care-Luci-belle-150x150.jpg\" class=\"attachment-thumbnail size-thumbnail\" alt=\"\" \/><\/a>\n\t\t\t\t<\/dt><\/dl>\n\t\t\t\t<br style='clear: both' \/>\n\t\t\t<\/div>\n\n<h2><\/h2>\n<hr \/>\n<p>&nbsp;<\/p>\n<p class=\"mceTemp\"><a class=\"dt-pswp-item\" href=\"https:\/\/www.radiopiu.net\/wordpress\/wp-content\/uploads\/2018\/09\/WhatsApp-Image-2018-09-20-at-16.04.06.jpeg\" data-dt-img-description=\"\" data-large_image_width=\"800\" data-large_image_height=\"100\"><img loading=\"lazy\" decoding=\"async\" class=\"wp-image-61378 size-full aligncenter\" src=\"https:\/\/www.radiopiu.net\/wordpress\/wp-content\/uploads\/2018\/09\/WhatsApp-Image-2018-09-20-at-16.04.06.jpeg\" alt=\"\" width=\"800\" height=\"100\" srcset=\"https:\/\/www.radiopiu.net\/wordpress\/wp-content\/uploads\/2018\/09\/WhatsApp-Image-2018-09-20-at-16.04.06.jpeg 800w, https:\/\/www.radiopiu.net\/wordpress\/wp-content\/uploads\/2018\/09\/WhatsApp-Image-2018-09-20-at-16.04.06-300x38.jpeg 300w, https:\/\/www.radiopiu.net\/wordpress\/wp-content\/uploads\/2018\/09\/WhatsApp-Image-2018-09-20-at-16.04.06-768x96.jpeg 768w\" sizes=\"auto, (max-width: 800px) 100vw, 800px\" \/><\/a><\/p>\n<p>&nbsp;<\/p>\n<p><center><b>OGGI<\/b><\/center>Cielo da poco nuvoloso a parzialmente nuvoloso, ma con possibili nubi basse nelle prime ore sulle Prealpi e un po&#8217; di attivit\u00e0 cumuliforme da met\u00e0 giornata, in un contesto comunque sempre di prevalente soleggiamento. In serata potranno riformarsi banchi di nubi basse nelle valli, specie prealpine.<br \/>\n<b>Precipitazioni: <\/b>Generalmente assenti<br \/>\n<b>Temperature: <\/b>Nella valli minime perlopi\u00f9 stazionarie e massime in rialzo; in quota in generale rialzo, pi\u00f9 marcato alle quote pi\u00f9 elevate. S<\/p>\n<hr \/>\n<p><center><b>DOMANI<\/b><\/center>Tempo solo in parte soleggiato, anche con probabili nubi basse nelle valli prealpine, in alcuni casi anche insistenti, e con tendenza ad aumento della nuvolosit\u00e0 in giornata sia per nubi alte che per sviluppo a tratti moderato di cumuli, che potranno dar luogo a qualche fenomeno di instabilit\u00e0 tra pomeriggio e sera.<br \/>\n<b>Precipitazioni: <\/b>Al mattino assenti; al pomeriggio possibile qualche rovescio sparso, anche a carattere temporalesco, sulla provincia di Belluno, specie i settori orientali, che potrebbe manifestarsi anche su alcuni settori prealpini alla sera<br \/>\n<b>Temperature: <\/b>Minime stazionarie o in aumento in caso di nubi basse nelle valli, in calo in quota alla sera; massime senza notevoli variazioni.<\/p>\n<hr \/>\n<p><center><b>MERCOLEDI<\/b><\/center>Inizialmente nuvoloso, sia per residue nubi alte che per probabili nubi basse piuttosto estese e anche insistenti su alcuni settori. In giornata tendenza a diradamento della nuvolosit\u00e0 fino a cielo poco nuvoloso tra pomeriggio e sera. Probabilit\u00e0 di precipitazioni quasi assente o limitata a qualche goccia fino al mattino. Temperature in temporaneo calo.<\/p>\n<hr \/>\n<p><center><b>GIOVEDI<\/b><\/center>Cielo sereno tutto il giorno. Temperature in aumento, anche sensibile in quota e nei valori massimi anche nelle valli assolate.<\/p>\n<p>&nbsp;<\/p>\n<hr \/>\n<p>&nbsp;<\/p>\n<p class=\"mceTemp\"><a class=\"dt-pswp-item\" href=\"https:\/\/www.radiopiu.net\/wordpress\/wp-content\/uploads\/2018\/09\/sport.jpg\" data-dt-img-description=\"\" data-large_image_width=\"800\" data-large_image_height=\"100\"><img loading=\"lazy\" decoding=\"async\" class=\"aligncenter wp-image-60761 size-full\" src=\"https:\/\/www.radiopiu.net\/wordpress\/wp-content\/uploads\/2018\/09\/sport.jpg\" alt=\"\" width=\"800\" height=\"100\" srcset=\"https:\/\/www.radiopiu.net\/wordpress\/wp-content\/uploads\/2018\/09\/sport.jpg 800w, https:\/\/www.radiopiu.net\/wordpress\/wp-content\/uploads\/2018\/09\/sport-300x38.jpg 300w, https:\/\/www.radiopiu.net\/wordpress\/wp-content\/uploads\/2018\/09\/sport-768x96.jpg 768w\" sizes=\"auto, (max-width: 800px) 100vw, 800px\" \/> <\/a><\/p>\n<p>&nbsp;<\/p>\n<p><span style=\"color: #0000ff;\"><strong>CORSA CAMPESTRE<\/strong><\/span><\/p>\n<blockquote>\n<h3>IL GOSALDO SI AGGIUDICA LA 16 COMUNI 2025<\/h3>\n<\/blockquote>\n<p><strong><a class=\"dt-pswp-item\" href=\"https:\/\/www.radiopiu.net\/wordpress\/wp-content\/uploads\/2025\/09\/SCR-20250914-ruop.jpeg\" data-dt-img-description=\"\" data-large_image_width=\"1610\" data-large_image_height=\"1250\"><img loading=\"lazy\" decoding=\"async\" class=\" wp-image-469753 alignleft\" src=\"https:\/\/www.radiopiu.net\/wordpress\/wp-content\/uploads\/2025\/09\/SCR-20250914-ruop-300x233.jpeg\" alt=\"\" width=\"230\" height=\"179\" srcset=\"https:\/\/www.radiopiu.net\/wordpress\/wp-content\/uploads\/2025\/09\/SCR-20250914-ruop-300x233.jpeg 300w, https:\/\/www.radiopiu.net\/wordpress\/wp-content\/uploads\/2025\/09\/SCR-20250914-ruop-1024x795.jpeg 1024w, https:\/\/www.radiopiu.net\/wordpress\/wp-content\/uploads\/2025\/09\/SCR-20250914-ruop-768x596.jpeg 768w, https:\/\/www.radiopiu.net\/wordpress\/wp-content\/uploads\/2025\/09\/SCR-20250914-ruop-1536x1193.jpeg 1536w, https:\/\/www.radiopiu.net\/wordpress\/wp-content\/uploads\/2025\/09\/SCR-20250914-ruop.jpeg 1610w\" sizes=\"auto, (max-width: 230px) 100vw, 230px\" \/><\/a>ALLEGHE <\/strong>Grande spettacolo ai Piani di Pezz\u00e8 di Alleghe, dove si \u00e8 disputata l\u2019edizione 2025 del Trofeo dei 16 Comuni dell\u2019Agordino, storica corsa in montagna a staffetta che unisce sport e comunit\u00e0 tra le Dolomiti bellunesi. La competizione ha visto sfidarsi atleti di tutte le et\u00e0, con gare emozionanti tra i senior, i giovani e i bambini. Nella categoria senior maschile, il team Falcade 2 (Dante Barp, Davide Capra ed Elia Barp) ha conquistato il primo posto, seguito da Taibon 1 e Canale d\u2019Agordo 1. Tra le donne, successo per Falcade 4 (Martina Scola, Caterina Milani e Vanessa Cagnati), davanti a Taibon e La Valle 2. Anche le categorie giovanili hanno regalato spettacolo: tra gli Under 15 maschile ha vinto Falcade 2, mentre tra le Under 15 femminile ha primeggiato La Valle 1. Nei pi\u00f9 piccoli, vittorie per La Valle 1 (Under 10 maschile) e Agordo 4 (Under 10 femminile). A livello di classifica generale dei comuni, a vincere \u00e8 stato Gosaldo, con 4389 punti, davanti a La Valle (3688 punti) e Voltago (3102 punti). Si tratta della seconda vittoria consecutiva per Gosaldo, confermandosi protagonista della manifestazione. L\u2019evento, organizzato dall\u2019Unione Montana Agordina, conferma il Trofeo dei 16 Comuni come una delle tradizioni sportive pi\u00f9 amate della vallata, capace di unire competizione, amicizia e coesione sociale. L\u2019edizione 2026 si correr\u00e0 a Vallada Agordina, pronta ad accogliere nuovamente atleti e appassionati.<\/p>\n<p><strong>DI GIANNI SANTOMASO<\/strong><\/p>\n<audio class=\"wp-audio-shortcode\" id=\"audio-469516-10\" preload=\"none\" style=\"width: 100%;\" controls=\"controls\"><source type=\"audio\/mpeg\" src=\"https:\/\/www.radiopiu.net\/wordpress\/wp-content\/uploads\/2025\/09\/GIANNI-16-COMUNI.mp3?_=10\" \/><a href=\"https:\/\/www.radiopiu.net\/wordpress\/wp-content\/uploads\/2025\/09\/GIANNI-16-COMUNI.mp3\">https:\/\/www.radiopiu.net\/wordpress\/wp-content\/uploads\/2025\/09\/GIANNI-16-COMUNI.mp3<\/a><\/audio>\n<p>&nbsp;<\/p>\n<p><strong>LE CLASSIFICHE: <span style=\"color: #3366ff;\"><a href=\"https:\/\/www.radiopiu.net\/wordpress\/wp-content\/uploads\/2025\/09\/risultati-senior-m.pdf\">SENIOR MASCHILE<\/a>\u00a0 <a href=\"https:\/\/www.radiopiu.net\/wordpress\/wp-content\/uploads\/2025\/09\/risultati-senior-f.pdf\">SENIOR FEMMINILE<\/a>\u00a0 \u00a0<a href=\"https:\/\/www.radiopiu.net\/wordpress\/wp-content\/uploads\/2025\/09\/risultati-under-15-m.pdf\">UNDER 15 MASCHILE<\/a>\u00a0 \u00a0<a href=\"https:\/\/www.radiopiu.net\/wordpress\/wp-content\/uploads\/2025\/09\/risultati-under-15-f.pdf\">UNDER 15 FEMMINILE<\/a>\u00a0 \u00a0<a href=\"https:\/\/www.radiopiu.net\/wordpress\/wp-content\/uploads\/2025\/09\/risultati-under-10-m.pdf\">UNDER 10 MASCHILE<\/a>\u00a0 \u00a0<a href=\"https:\/\/www.radiopiu.net\/wordpress\/wp-content\/uploads\/2025\/09\/risultati-under-10-f.pdf\">UNDER 10 FEMMINILE<\/a>\u00a0 <a href=\"https:\/\/www.radiopiu.net\/wordpress\/wp-content\/uploads\/2025\/09\/classifica-comuni.pdf\">CLASSIFICA FINALE PER COMUNI<\/a><\/span><\/strong><\/p>\n<p><strong>LE FOTO DI ILARIO RIVA &#8211; FOTORIVA ALLEGHE<\/strong><\/p>\n\n\t\t\t<style type='text\/css'>\n\t\t\t\t#gallery-8 {\n\t\t\t\t\tmargin: auto;\n\t\t\t\t}\n\t\t\t\t#gallery-8 .gallery-item {\n\t\t\t\t\tfloat: left;\n\t\t\t\t\tmargin-top: 10px;\n\t\t\t\t\ttext-align: center;\n\t\t\t\t\twidth: 25%;\n\t\t\t\t}\n\t\t\t\t#gallery-8 img {\n\t\t\t\t\tborder: 2px solid #cfcfcf;\n\t\t\t\t}\n\t\t\t\t#gallery-8 .gallery-caption {\n\t\t\t\t\tmargin-left: 0;\n\t\t\t\t}\n\t\t\t\t\/* see gallery_shortcode() in wp-includes\/media.php *\/\n\t\t\t<\/style>\n\t\t<div id='gallery-8' class='dt-gallery-container gallery galleryid-469516 gallery-columns-4 gallery-size-thumbnail'><dl class='gallery-item'>\n\t\t\t\t<dt class='gallery-icon landscape'>\n\t\t\t\t\t<a class=\"rollover rollover-zoom dt-pswp-item\" title=\"_DSC1458\" data-dt-img-description=\"\" data-large_image_width=\"1772\" data-large_image_height=\"1182\"href='https:\/\/www.radiopiu.net\/wordpress\/wp-content\/uploads\/2025\/09\/DSC1458.jpg'><img loading=\"lazy\" decoding=\"async\" width=\"150\" height=\"150\" src=\"https:\/\/www.radiopiu.net\/wordpress\/wp-content\/uploads\/2025\/09\/DSC1458-150x150.jpg\" class=\"attachment-thumbnail size-thumbnail\" alt=\"\" \/><\/a>\n\t\t\t\t<\/dt><\/dl><dl class='gallery-item'>\n\t\t\t\t<dt class='gallery-icon landscape'>\n\t\t\t\t\t<a class=\"rollover rollover-zoom dt-pswp-item\" title=\"_DSC1623\" data-dt-img-description=\"\" data-large_image_width=\"1772\" data-large_image_height=\"1182\"href='https:\/\/www.radiopiu.net\/wordpress\/wp-content\/uploads\/2025\/09\/DSC1623.jpg'><img loading=\"lazy\" decoding=\"async\" width=\"150\" height=\"150\" src=\"https:\/\/www.radiopiu.net\/wordpress\/wp-content\/uploads\/2025\/09\/DSC1623-150x150.jpg\" class=\"attachment-thumbnail size-thumbnail\" alt=\"\" \/><\/a>\n\t\t\t\t<\/dt><\/dl><dl class='gallery-item'>\n\t\t\t\t<dt class='gallery-icon landscape'>\n\t\t\t\t\t<a class=\"rollover rollover-zoom dt-pswp-item\" title=\"_DSC1639\" data-dt-img-description=\"\" data-large_image_width=\"1772\" data-large_image_height=\"1182\"href='https:\/\/www.radiopiu.net\/wordpress\/wp-content\/uploads\/2025\/09\/DSC1639.jpg'><img loading=\"lazy\" decoding=\"async\" width=\"150\" height=\"150\" src=\"https:\/\/www.radiopiu.net\/wordpress\/wp-content\/uploads\/2025\/09\/DSC1639-150x150.jpg\" class=\"attachment-thumbnail size-thumbnail\" alt=\"\" \/><\/a>\n\t\t\t\t<\/dt><\/dl><dl class='gallery-item'>\n\t\t\t\t<dt class='gallery-icon landscape'>\n\t\t\t\t\t<a class=\"rollover rollover-zoom dt-pswp-item\" title=\"_DSC1655\" data-dt-img-description=\"\" data-large_image_width=\"1772\" data-large_image_height=\"1182\"href='https:\/\/www.radiopiu.net\/wordpress\/wp-content\/uploads\/2025\/09\/DSC1655.jpg'><img loading=\"lazy\" decoding=\"async\" width=\"150\" height=\"150\" src=\"https:\/\/www.radiopiu.net\/wordpress\/wp-content\/uploads\/2025\/09\/DSC1655-150x150.jpg\" class=\"attachment-thumbnail size-thumbnail\" alt=\"\" \/><\/a>\n\t\t\t\t<\/dt><\/dl><br style=\"clear: both\" \/><dl class='gallery-item'>\n\t\t\t\t<dt class='gallery-icon portrait'>\n\t\t\t\t\t<a class=\"rollover rollover-zoom dt-pswp-item\" title=\"_DSC1691\" data-dt-img-description=\"\" data-large_image_width=\"1205\" data-large_image_height=\"1772\"href='https:\/\/www.radiopiu.net\/wordpress\/wp-content\/uploads\/2025\/09\/DSC1691.jpg'><img loading=\"lazy\" decoding=\"async\" width=\"150\" height=\"150\" src=\"https:\/\/www.radiopiu.net\/wordpress\/wp-content\/uploads\/2025\/09\/DSC1691-150x150.jpg\" class=\"attachment-thumbnail size-thumbnail\" alt=\"\" \/><\/a>\n\t\t\t\t<\/dt><\/dl><dl class='gallery-item'>\n\t\t\t\t<dt class='gallery-icon landscape'>\n\t\t\t\t\t<a class=\"rollover rollover-zoom dt-pswp-item\" title=\"_DSC1730\" data-dt-img-description=\"\" data-large_image_width=\"1772\" data-large_image_height=\"1182\"href='https:\/\/www.radiopiu.net\/wordpress\/wp-content\/uploads\/2025\/09\/DSC1730.jpg'><img loading=\"lazy\" decoding=\"async\" width=\"150\" height=\"150\" src=\"https:\/\/www.radiopiu.net\/wordpress\/wp-content\/uploads\/2025\/09\/DSC1730-150x150.jpg\" class=\"attachment-thumbnail size-thumbnail\" alt=\"\" \/><\/a>\n\t\t\t\t<\/dt><\/dl><dl class='gallery-item'>\n\t\t\t\t<dt class='gallery-icon landscape'>\n\t\t\t\t\t<a class=\"rollover rollover-zoom dt-pswp-item\" title=\"_DSC1760\" data-dt-img-description=\"\" data-large_image_width=\"1772\" data-large_image_height=\"1194\"href='https:\/\/www.radiopiu.net\/wordpress\/wp-content\/uploads\/2025\/09\/DSC1760.jpg'><img loading=\"lazy\" decoding=\"async\" width=\"150\" height=\"150\" src=\"https:\/\/www.radiopiu.net\/wordpress\/wp-content\/uploads\/2025\/09\/DSC1760-150x150.jpg\" class=\"attachment-thumbnail size-thumbnail\" alt=\"\" \/><\/a>\n\t\t\t\t<\/dt><\/dl><dl class='gallery-item'>\n\t\t\t\t<dt class='gallery-icon landscape'>\n\t\t\t\t\t<a class=\"rollover rollover-zoom dt-pswp-item\" title=\"_DSC1846\" data-dt-img-description=\"\" data-large_image_width=\"1772\" data-large_image_height=\"1182\"href='https:\/\/www.radiopiu.net\/wordpress\/wp-content\/uploads\/2025\/09\/DSC1846.jpg'><img loading=\"lazy\" decoding=\"async\" width=\"150\" height=\"150\" src=\"https:\/\/www.radiopiu.net\/wordpress\/wp-content\/uploads\/2025\/09\/DSC1846-150x150.jpg\" class=\"attachment-thumbnail size-thumbnail\" alt=\"\" \/><\/a>\n\t\t\t\t<\/dt><\/dl><br style=\"clear: both\" \/><dl class='gallery-item'>\n\t\t\t\t<dt class='gallery-icon landscape'>\n\t\t\t\t\t<a class=\"rollover rollover-zoom dt-pswp-item\" title=\"_DSC1851\" data-dt-img-description=\"\" data-large_image_width=\"1772\" data-large_image_height=\"1182\"href='https:\/\/www.radiopiu.net\/wordpress\/wp-content\/uploads\/2025\/09\/DSC1851.jpg'><img loading=\"lazy\" decoding=\"async\" width=\"150\" height=\"150\" src=\"https:\/\/www.radiopiu.net\/wordpress\/wp-content\/uploads\/2025\/09\/DSC1851-150x150.jpg\" class=\"attachment-thumbnail size-thumbnail\" alt=\"\" \/><\/a>\n\t\t\t\t<\/dt><\/dl><dl class='gallery-item'>\n\t\t\t\t<dt class='gallery-icon landscape'>\n\t\t\t\t\t<a class=\"rollover rollover-zoom dt-pswp-item\" title=\"_DSC1855\" data-dt-img-description=\"\" data-large_image_width=\"1772\" data-large_image_height=\"1182\"href='https:\/\/www.radiopiu.net\/wordpress\/wp-content\/uploads\/2025\/09\/DSC1855.jpg'><img loading=\"lazy\" decoding=\"async\" width=\"150\" height=\"150\" src=\"https:\/\/www.radiopiu.net\/wordpress\/wp-content\/uploads\/2025\/09\/DSC1855-150x150.jpg\" class=\"attachment-thumbnail size-thumbnail\" alt=\"\" \/><\/a>\n\t\t\t\t<\/dt><\/dl><dl class='gallery-item'>\n\t\t\t\t<dt class='gallery-icon landscape'>\n\t\t\t\t\t<a class=\"rollover rollover-zoom dt-pswp-item\" title=\"_DSC1860\" data-dt-img-description=\"\" data-large_image_width=\"1772\" data-large_image_height=\"1182\"href='https:\/\/www.radiopiu.net\/wordpress\/wp-content\/uploads\/2025\/09\/DSC1860.jpg'><img loading=\"lazy\" decoding=\"async\" width=\"150\" height=\"150\" src=\"https:\/\/www.radiopiu.net\/wordpress\/wp-content\/uploads\/2025\/09\/DSC1860-150x150.jpg\" class=\"attachment-thumbnail size-thumbnail\" alt=\"\" \/><\/a>\n\t\t\t\t<\/dt><\/dl><dl class='gallery-item'>\n\t\t\t\t<dt class='gallery-icon landscape'>\n\t\t\t\t\t<a class=\"rollover rollover-zoom dt-pswp-item\" title=\"_DSC1864\" data-dt-img-description=\"\" data-large_image_width=\"1772\" data-large_image_height=\"1182\"href='https:\/\/www.radiopiu.net\/wordpress\/wp-content\/uploads\/2025\/09\/DSC1864.jpg'><img loading=\"lazy\" decoding=\"async\" width=\"150\" height=\"150\" src=\"https:\/\/www.radiopiu.net\/wordpress\/wp-content\/uploads\/2025\/09\/DSC1864-150x150.jpg\" class=\"attachment-thumbnail size-thumbnail\" alt=\"\" \/><\/a>\n\t\t\t\t<\/dt><\/dl><br style=\"clear: both\" \/><dl class='gallery-item'>\n\t\t\t\t<dt class='gallery-icon landscape'>\n\t\t\t\t\t<a class=\"rollover rollover-zoom dt-pswp-item\" title=\"_DSC1868\" data-dt-img-description=\"\" data-large_image_width=\"1772\" data-large_image_height=\"1182\"href='https:\/\/www.radiopiu.net\/wordpress\/wp-content\/uploads\/2025\/09\/DSC1868.jpg'><img loading=\"lazy\" decoding=\"async\" width=\"150\" height=\"150\" src=\"https:\/\/www.radiopiu.net\/wordpress\/wp-content\/uploads\/2025\/09\/DSC1868-150x150.jpg\" class=\"attachment-thumbnail size-thumbnail\" alt=\"\" \/><\/a>\n\t\t\t\t<\/dt><\/dl><dl class='gallery-item'>\n\t\t\t\t<dt class='gallery-icon landscape'>\n\t\t\t\t\t<a class=\"rollover rollover-zoom dt-pswp-item\" title=\"_DSC1938\" data-dt-img-description=\"\" data-large_image_width=\"1772\" data-large_image_height=\"1182\"href='https:\/\/www.radiopiu.net\/wordpress\/wp-content\/uploads\/2025\/09\/DSC1938.jpg'><img loading=\"lazy\" decoding=\"async\" width=\"150\" height=\"150\" src=\"https:\/\/www.radiopiu.net\/wordpress\/wp-content\/uploads\/2025\/09\/DSC1938-150x150.jpg\" class=\"attachment-thumbnail size-thumbnail\" alt=\"\" \/><\/a>\n\t\t\t\t<\/dt><\/dl><dl class='gallery-item'>\n\t\t\t\t<dt class='gallery-icon landscape'>\n\t\t\t\t\t<a class=\"rollover rollover-zoom dt-pswp-item\" title=\"_DSC1939\" data-dt-img-description=\"\" data-large_image_width=\"1772\" data-large_image_height=\"1182\"href='https:\/\/www.radiopiu.net\/wordpress\/wp-content\/uploads\/2025\/09\/DSC1939.jpg'><img loading=\"lazy\" decoding=\"async\" width=\"150\" height=\"150\" src=\"https:\/\/www.radiopiu.net\/wordpress\/wp-content\/uploads\/2025\/09\/DSC1939-150x150.jpg\" class=\"attachment-thumbnail size-thumbnail\" alt=\"\" \/><\/a>\n\t\t\t\t<\/dt><\/dl><dl class='gallery-item'>\n\t\t\t\t<dt class='gallery-icon landscape'>\n\t\t\t\t\t<a class=\"rollover rollover-zoom dt-pswp-item\" title=\"_DSC1946\" data-dt-img-description=\"\" data-large_image_width=\"1772\" data-large_image_height=\"1182\"href='https:\/\/www.radiopiu.net\/wordpress\/wp-content\/uploads\/2025\/09\/DSC1946.jpg'><img loading=\"lazy\" decoding=\"async\" width=\"150\" height=\"150\" src=\"https:\/\/www.radiopiu.net\/wordpress\/wp-content\/uploads\/2025\/09\/DSC1946-150x150.jpg\" class=\"attachment-thumbnail size-thumbnail\" alt=\"\" \/><\/a>\n\t\t\t\t<\/dt><\/dl><br style=\"clear: both\" \/>\n\t\t\t<\/div>\n\n<p>&nbsp;<\/p>\n<p><strong>LE FOTO<\/strong><\/p>\n\n\t\t\t<style type='text\/css'>\n\t\t\t\t#gallery-9 {\n\t\t\t\t\tmargin: auto;\n\t\t\t\t}\n\t\t\t\t#gallery-9 .gallery-item {\n\t\t\t\t\tfloat: left;\n\t\t\t\t\tmargin-top: 10px;\n\t\t\t\t\ttext-align: center;\n\t\t\t\t\twidth: 33%;\n\t\t\t\t}\n\t\t\t\t#gallery-9 img {\n\t\t\t\t\tborder: 2px solid #cfcfcf;\n\t\t\t\t}\n\t\t\t\t#gallery-9 .gallery-caption {\n\t\t\t\t\tmargin-left: 0;\n\t\t\t\t}\n\t\t\t\t\/* see gallery_shortcode() in wp-includes\/media.php *\/\n\t\t\t<\/style>\n\t\t<div id='gallery-9' class='dt-gallery-container gallery galleryid-469516 gallery-columns-3 gallery-size-medium'><dl class='gallery-item'>\n\t\t\t\t<dt class='gallery-icon landscape'>\n\t\t\t\t\t<a class=\"rollover rollover-zoom dt-pswp-item\" title=\"63614258-47e7-4d41-8dc6-dbf37e9f1bbd\" data-dt-img-description=\"\" data-large_image_width=\"1510\" data-large_image_height=\"884\"href='https:\/\/www.radiopiu.net\/wordpress\/wp-content\/uploads\/2025\/09\/63614258-47e7-4d41-8dc6-dbf37e9f1bbd.jpg'><img loading=\"lazy\" decoding=\"async\" width=\"300\" height=\"176\" src=\"https:\/\/www.radiopiu.net\/wordpress\/wp-content\/uploads\/2025\/09\/63614258-47e7-4d41-8dc6-dbf37e9f1bbd-300x176.jpg\" class=\"attachment-medium size-medium\" alt=\"\" srcset=\"https:\/\/www.radiopiu.net\/wordpress\/wp-content\/uploads\/2025\/09\/63614258-47e7-4d41-8dc6-dbf37e9f1bbd-300x176.jpg 300w, https:\/\/www.radiopiu.net\/wordpress\/wp-content\/uploads\/2025\/09\/63614258-47e7-4d41-8dc6-dbf37e9f1bbd-1024x599.jpg 1024w, https:\/\/www.radiopiu.net\/wordpress\/wp-content\/uploads\/2025\/09\/63614258-47e7-4d41-8dc6-dbf37e9f1bbd-768x450.jpg 768w, https:\/\/www.radiopiu.net\/wordpress\/wp-content\/uploads\/2025\/09\/63614258-47e7-4d41-8dc6-dbf37e9f1bbd.jpg 1510w\" sizes=\"auto, (max-width: 300px) 100vw, 300px\" \/><\/a>\n\t\t\t\t<\/dt><\/dl><dl class='gallery-item'>\n\t\t\t\t<dt class='gallery-icon landscape'>\n\t\t\t\t\t<a class=\"rollover rollover-zoom dt-pswp-item\" title=\"3e46ca0d-324f-439a-80a0-85f8292c85b4\" data-dt-img-description=\"\" data-large_image_width=\"1358\" data-large_image_height=\"874\"href='https:\/\/www.radiopiu.net\/wordpress\/wp-content\/uploads\/2025\/09\/3e46ca0d-324f-439a-80a0-85f8292c85b4.jpg'><img loading=\"lazy\" decoding=\"async\" width=\"300\" height=\"193\" src=\"https:\/\/www.radiopiu.net\/wordpress\/wp-content\/uploads\/2025\/09\/3e46ca0d-324f-439a-80a0-85f8292c85b4-300x193.jpg\" class=\"attachment-medium size-medium\" alt=\"\" srcset=\"https:\/\/www.radiopiu.net\/wordpress\/wp-content\/uploads\/2025\/09\/3e46ca0d-324f-439a-80a0-85f8292c85b4-300x193.jpg 300w, https:\/\/www.radiopiu.net\/wordpress\/wp-content\/uploads\/2025\/09\/3e46ca0d-324f-439a-80a0-85f8292c85b4-1024x659.jpg 1024w, https:\/\/www.radiopiu.net\/wordpress\/wp-content\/uploads\/2025\/09\/3e46ca0d-324f-439a-80a0-85f8292c85b4-768x494.jpg 768w, https:\/\/www.radiopiu.net\/wordpress\/wp-content\/uploads\/2025\/09\/3e46ca0d-324f-439a-80a0-85f8292c85b4.jpg 1358w\" sizes=\"auto, (max-width: 300px) 100vw, 300px\" \/><\/a>\n\t\t\t\t<\/dt><\/dl><dl class='gallery-item'>\n\t\t\t\t<dt class='gallery-icon landscape'>\n\t\t\t\t\t<a class=\"rollover rollover-zoom dt-pswp-item\" title=\"37233d21-3ad3-407e-b336-1cf85fafb3e7\" data-dt-img-description=\"\" data-large_image_width=\"1600\" data-large_image_height=\"900\"href='https:\/\/www.radiopiu.net\/wordpress\/wp-content\/uploads\/2025\/09\/37233d21-3ad3-407e-b336-1cf85fafb3e7.jpg'><img loading=\"lazy\" decoding=\"async\" width=\"300\" height=\"169\" src=\"https:\/\/www.radiopiu.net\/wordpress\/wp-content\/uploads\/2025\/09\/37233d21-3ad3-407e-b336-1cf85fafb3e7-300x169.jpg\" class=\"attachment-medium size-medium\" alt=\"\" srcset=\"https:\/\/www.radiopiu.net\/wordpress\/wp-content\/uploads\/2025\/09\/37233d21-3ad3-407e-b336-1cf85fafb3e7-300x169.jpg 300w, https:\/\/www.radiopiu.net\/wordpress\/wp-content\/uploads\/2025\/09\/37233d21-3ad3-407e-b336-1cf85fafb3e7-1024x576.jpg 1024w, https:\/\/www.radiopiu.net\/wordpress\/wp-content\/uploads\/2025\/09\/37233d21-3ad3-407e-b336-1cf85fafb3e7-768x432.jpg 768w, https:\/\/www.radiopiu.net\/wordpress\/wp-content\/uploads\/2025\/09\/37233d21-3ad3-407e-b336-1cf85fafb3e7-1536x864.jpg 1536w, https:\/\/www.radiopiu.net\/wordpress\/wp-content\/uploads\/2025\/09\/37233d21-3ad3-407e-b336-1cf85fafb3e7.jpg 1600w\" sizes=\"auto, (max-width: 300px) 100vw, 300px\" \/><\/a>\n\t\t\t\t<\/dt><\/dl><br style=\"clear: both\" \/><dl class='gallery-item'>\n\t\t\t\t<dt class='gallery-icon landscape'>\n\t\t\t\t\t<a class=\"rollover rollover-zoom dt-pswp-item\" title=\"d8cdd608-fbdd-49ed-862e-541de62afca1\" data-dt-img-description=\"\" data-large_image_width=\"2000\" data-large_image_height=\"1125\"href='https:\/\/www.radiopiu.net\/wordpress\/wp-content\/uploads\/2025\/09\/d8cdd608-fbdd-49ed-862e-541de62afca1.jpg'><img loading=\"lazy\" decoding=\"async\" width=\"300\" height=\"169\" src=\"https:\/\/www.radiopiu.net\/wordpress\/wp-content\/uploads\/2025\/09\/d8cdd608-fbdd-49ed-862e-541de62afca1-300x169.jpg\" class=\"attachment-medium size-medium\" alt=\"\" srcset=\"https:\/\/www.radiopiu.net\/wordpress\/wp-content\/uploads\/2025\/09\/d8cdd608-fbdd-49ed-862e-541de62afca1-300x169.jpg 300w, https:\/\/www.radiopiu.net\/wordpress\/wp-content\/uploads\/2025\/09\/d8cdd608-fbdd-49ed-862e-541de62afca1-1024x576.jpg 1024w, https:\/\/www.radiopiu.net\/wordpress\/wp-content\/uploads\/2025\/09\/d8cdd608-fbdd-49ed-862e-541de62afca1-768x432.jpg 768w, https:\/\/www.radiopiu.net\/wordpress\/wp-content\/uploads\/2025\/09\/d8cdd608-fbdd-49ed-862e-541de62afca1-1536x864.jpg 1536w, https:\/\/www.radiopiu.net\/wordpress\/wp-content\/uploads\/2025\/09\/d8cdd608-fbdd-49ed-862e-541de62afca1.jpg 2000w\" sizes=\"auto, (max-width: 300px) 100vw, 300px\" \/><\/a>\n\t\t\t\t<\/dt><\/dl><dl class='gallery-item'>\n\t\t\t\t<dt class='gallery-icon landscape'>\n\t\t\t\t\t<a class=\"rollover rollover-zoom dt-pswp-item\" title=\"a97fb19c-d3a7-42ba-b552-362c9fdda40b\" data-dt-img-description=\"\" data-large_image_width=\"2048\" data-large_image_height=\"1152\"href='https:\/\/www.radiopiu.net\/wordpress\/wp-content\/uploads\/2025\/09\/a97fb19c-d3a7-42ba-b552-362c9fdda40b.jpg'><img loading=\"lazy\" decoding=\"async\" width=\"300\" height=\"169\" src=\"https:\/\/www.radiopiu.net\/wordpress\/wp-content\/uploads\/2025\/09\/a97fb19c-d3a7-42ba-b552-362c9fdda40b-300x169.jpg\" class=\"attachment-medium size-medium\" alt=\"\" srcset=\"https:\/\/www.radiopiu.net\/wordpress\/wp-content\/uploads\/2025\/09\/a97fb19c-d3a7-42ba-b552-362c9fdda40b-300x169.jpg 300w, https:\/\/www.radiopiu.net\/wordpress\/wp-content\/uploads\/2025\/09\/a97fb19c-d3a7-42ba-b552-362c9fdda40b-1024x576.jpg 1024w, https:\/\/www.radiopiu.net\/wordpress\/wp-content\/uploads\/2025\/09\/a97fb19c-d3a7-42ba-b552-362c9fdda40b-768x432.jpg 768w, https:\/\/www.radiopiu.net\/wordpress\/wp-content\/uploads\/2025\/09\/a97fb19c-d3a7-42ba-b552-362c9fdda40b-1536x864.jpg 1536w, https:\/\/www.radiopiu.net\/wordpress\/wp-content\/uploads\/2025\/09\/a97fb19c-d3a7-42ba-b552-362c9fdda40b.jpg 2048w\" sizes=\"auto, (max-width: 300px) 100vw, 300px\" \/><\/a>\n\t\t\t\t<\/dt><\/dl><dl class='gallery-item'>\n\t\t\t\t<dt class='gallery-icon landscape'>\n\t\t\t\t\t<a class=\"rollover rollover-zoom dt-pswp-item\" title=\"fb53d00a-0b2e-43d8-989c-7d2e1d98ee14\" data-dt-img-description=\"\" data-large_image_width=\"2048\" data-large_image_height=\"1152\"href='https:\/\/www.radiopiu.net\/wordpress\/wp-content\/uploads\/2025\/09\/fb53d00a-0b2e-43d8-989c-7d2e1d98ee14.jpg'><img loading=\"lazy\" decoding=\"async\" width=\"300\" height=\"169\" src=\"https:\/\/www.radiopiu.net\/wordpress\/wp-content\/uploads\/2025\/09\/fb53d00a-0b2e-43d8-989c-7d2e1d98ee14-300x169.jpg\" class=\"attachment-medium size-medium\" alt=\"\" srcset=\"https:\/\/www.radiopiu.net\/wordpress\/wp-content\/uploads\/2025\/09\/fb53d00a-0b2e-43d8-989c-7d2e1d98ee14-300x169.jpg 300w, https:\/\/www.radiopiu.net\/wordpress\/wp-content\/uploads\/2025\/09\/fb53d00a-0b2e-43d8-989c-7d2e1d98ee14-1024x576.jpg 1024w, https:\/\/www.radiopiu.net\/wordpress\/wp-content\/uploads\/2025\/09\/fb53d00a-0b2e-43d8-989c-7d2e1d98ee14-768x432.jpg 768w, https:\/\/www.radiopiu.net\/wordpress\/wp-content\/uploads\/2025\/09\/fb53d00a-0b2e-43d8-989c-7d2e1d98ee14-1536x864.jpg 1536w, https:\/\/www.radiopiu.net\/wordpress\/wp-content\/uploads\/2025\/09\/fb53d00a-0b2e-43d8-989c-7d2e1d98ee14.jpg 2048w\" sizes=\"auto, (max-width: 300px) 100vw, 300px\" \/><\/a>\n\t\t\t\t<\/dt><\/dl><br style=\"clear: both\" \/>\n\t\t\t<\/div>\n\n<p>&nbsp;<\/p>\n<p><span style=\"color: #0000ff;\"><em>AUDIO: IL SINDACO DI ALLEGHE DANILO DE TONI, &#8220;GRAZIE!&#8221;<\/em><\/span><\/p>\n<audio class=\"wp-audio-shortcode\" id=\"audio-469516-11\" preload=\"none\" style=\"width: 100%;\" controls=\"controls\"><source type=\"audio\/mpeg\" src=\"https:\/\/www.radiopiu.net\/wordpress\/wp-content\/uploads\/2025\/09\/DANILO-DE-TONI.mp3?_=11\" \/><a href=\"https:\/\/www.radiopiu.net\/wordpress\/wp-content\/uploads\/2025\/09\/DANILO-DE-TONI.mp3\">https:\/\/www.radiopiu.net\/wordpress\/wp-content\/uploads\/2025\/09\/DANILO-DE-TONI.mp3<\/a><\/audio>\n<p><strong>\u00a0<\/strong><\/p>\n<p><strong>CLASSIFICA FINALE STAFFETTA<span style=\"color: #0000ff;\"> Falcade 2\u00a0 al primo posto,<\/span> 2) Taibon 1 3) Canale d&#8217;Agordo 1 4) La Valle 1\u00a0<\/strong><\/p>\n<p><strong>FALCADE 2 <\/strong>Dante Barp,\u00a0 Davide\u00a0 Capra ed Elia Barp,<br \/>\n<strong>TAIBON 1<\/strong> Nicola Costantini, Valentino Costa e Matteo Costa<br \/>\n<strong>CANALE 1<\/strong> Mattia Fenti, Nicola Fontanive e Alessandro Manfroi<\/p>\n<h1>VIDEO DIRETTA MASCHILE<\/h1>\n<p><iframe loading=\"lazy\" title=\"LA 16 COMUNI AI PIANI DI PEZZE&#039; AD ALLEGHE\" width=\"1200\" height=\"900\" src=\"https:\/\/www.youtube.com\/embed\/CVzkNRMt9Jc?feature=oembed\" frameborder=\"0\" allow=\"accelerometer; autoplay; clipboard-write; encrypted-media; gyroscope; picture-in-picture; web-share\" referrerpolicy=\"strict-origin-when-cross-origin\" allowfullscreen><\/iframe><\/p>\n<p>&nbsp;<\/p>\n<p><strong>LA DIRETTA RADIO PIU&#8217;<\/strong><\/p>\n<p><strong>CLASSIFICA FINALE STAFFETTA FEMMINILE<\/strong>\u00a0<span style=\"color: #0000ff;\"> al primo posto Falcade2\u00a0<\/span> 2) Falcade1\u00a0 3) La Valle 1<\/p>\n<p><strong>FALCADE 4<\/strong> , Martina Scola, Caterina Milani e Vanessa Cagnati<\/p>\n<p><strong>FALCADE 1\u00a0 Francesca Olivier, Lisa Ganz, Arianna Micheluzzi<\/strong><\/p>\n<p><strong>LA VALLE 1 Daniela Zuanel, Jessica Angoletta, Alessandra De Zaiacomo\u00a0\u00a0<\/strong><\/p>\n<p>&nbsp;<\/p>\n<p><strong>UNDER 15 MASCHILE 1 <\/strong>FALCADE 2 Tommaso Moretti, Matteo Moretti, Nicholas Chiocchetti, <strong>2<\/strong> CANALE D&#8217;AGORDO 1 RiccardoTibolla, Federico De Bernadin, Jacopo Deola\u00a0 \u00a0<strong> 3<\/strong> CENCENIGHE 1 Emre Chenet, Nicolo&#8217; Baiolla, Mattias Mondi<\/p>\n<p><strong>UNDER 15 FEMMINILE FEMMINILE 1\u00a0<\/strong> LA VALLE 1 Dalia Fadig\u00e0, Gaia Pollazzon, Dora Maria Bortot 2 AGORDO <strong>2<\/strong> Giorgia Bettini, Selena Ceccon e Azzurra Thorpe Deola <strong>3<\/strong> VOLTAGO 1\u00a0 Emma Latti, Ilenia Venialetti, Alice Latti<\/p>\n<p>&nbsp;<\/p>\n<h1>VIDEO DIRETTA FEMMINILE E UNDER 15<\/h1>\n<p>&nbsp;<\/p>\n<p><iframe loading=\"lazy\" title=\"LA 16 COMUNI AI PIANI DI PEZZE&#039; AD ALLEGHE\" width=\"1200\" height=\"900\" src=\"https:\/\/www.youtube.com\/embed\/mA4Ef50QuXk?feature=oembed\" frameborder=\"0\" allow=\"accelerometer; autoplay; clipboard-write; encrypted-media; gyroscope; picture-in-picture; web-share\" referrerpolicy=\"strict-origin-when-cross-origin\" allowfullscreen><\/iframe><\/p>\n<p>&nbsp;<\/p>\n<p><span style=\"color: #0000ff;\"><strong>CALCIO<\/strong><\/span><\/p>\n<blockquote>\n<h3>PAREGGIO AMARO PER L&#8217;AGORDINA. L&#8217;AURONZO ACCIUFFA IL 2 A 2 SUL FINALE<\/h3>\n<\/blockquote>\n<p><strong><a class=\"dt-pswp-item\" href=\"https:\/\/www.radiopiu.net\/wordpress\/wp-content\/uploads\/2021\/11\/CALCIO-2021.jpg\" data-dt-img-description=\"\" data-large_image_width=\"2560\" data-large_image_height=\"1707\"><img loading=\"lazy\" decoding=\"async\" class=\" wp-image-242798 alignleft\" src=\"https:\/\/www.radiopiu.net\/wordpress\/wp-content\/uploads\/2021\/11\/CALCIO-2021-300x200.jpg\" alt=\"\" width=\"207\" height=\"138\" srcset=\"https:\/\/www.radiopiu.net\/wordpress\/wp-content\/uploads\/2021\/11\/CALCIO-2021-300x200.jpg 300w, https:\/\/www.radiopiu.net\/wordpress\/wp-content\/uploads\/2021\/11\/CALCIO-2021-1024x683.jpg 1024w, https:\/\/www.radiopiu.net\/wordpress\/wp-content\/uploads\/2021\/11\/CALCIO-2021-768x512.jpg 768w, https:\/\/www.radiopiu.net\/wordpress\/wp-content\/uploads\/2021\/11\/CALCIO-2021-1536x1024.jpg 1536w, https:\/\/www.radiopiu.net\/wordpress\/wp-content\/uploads\/2021\/11\/CALCIO-2021-2048x1366.jpg 2048w\" sizes=\"auto, (max-width: 207px) 100vw, 207px\" \/><\/a>DI MARCO GAZ<\/strong><\/p>\n<p><span style=\"color: #ff0000;\"><strong>SECONDA CATEGORIA<\/strong><\/span><\/p>\n<p><strong>AGORDINA &#8211; AURONZO 2-2<\/strong><\/p>\n<p>GOL AGORDINA: Morazio, Crepaz<\/p>\n<p>Finisce con un pareggio amaro per l\u2019Agordina il match d&#8217;esordio casalingo contro l\u2019Auronzo nella prima giornata della Seconda Categoria. I biancobl\u00f9, avanti di due reti, si fanno raggiungere nel finale e devono accontentarsi di un 2-2 che lascia l&#8217;amaro in bocca. La partita si accende subito: al 14\u2019 Casera sfiora il vantaggio con un tiro destinato in porta, ma un difensore salva sulla linea. Poco dopo, al 26\u2019, i padroni di casa sbloccano il risultato: punizione velenosa di De Col\u00f2 e Morazio \u00e8 lesto ad insaccare. L\u2019Agordina insiste e al 33\u2019 Manuel Selle ha due ottime chance, entrambe neutralizzate. Nella ripresa l\u2019Auronzo prova a reagire, ma al 53\u2019 \u00e8 Rumor a blindare la porta con un intervento decisivo. Passano cinque minuti e arriva il raddoppio agordino: cross perfetto di Selle e Crepaz fulmina il portiere con una conclusione all\u2019incrocio per il 2-0 momentaneo. Quando il match sembra in discesa, al 64\u2019 gli ospiti accorciano le distanze dal dischetto. L\u2019Agordina prova a resistere ma in pieno recupero, al 91\u2019, arriva la beffa: sugli sviluppi di un calcio d\u2019angolo l\u2019Auronzo trova il colpo del definitivo 2-2.<\/p>\n<p><span style=\"color: #0000ff;\"><strong>SETTORE GIOVANILE<\/strong><\/span><\/p>\n<p><span style=\"color: #ff0000;\"><strong>ALLIEVI REGIONALI<\/strong><\/span><\/p>\n<p><strong>TREPORTI &#8211; AGORDINA 3-4<\/strong><\/p>\n<p>Ottimo esordio dei ragazzi allenati da De Lazzer che fanno ritorno dalla trasferta in terra veneziana con i primi 3 punti della stagione. Ottima prova degli agordini che giocano alla pari con il Treporti ed hanno la meglio calando il poker e vincendo di misura.<\/p>\n<p>&nbsp;<\/p>\n<p><span style=\"color: #0000ff;\"><strong>HOCKEY SU GHIACCIO<\/strong><\/span><\/p>\n<blockquote>\n<h3>IL CORTINA TRIONFA NELLA SUPERCOPPA ITALIANA 2025<\/h3>\n<\/blockquote>\n<p><a class=\"dt-pswp-item\" href=\"https:\/\/www.radiopiu.net\/wordpress\/wp-content\/uploads\/2025\/09\/e6fc8614-df79-09cd-c911-59f4d0279894-scaled.jpeg\" data-dt-img-description=\"\" data-large_image_width=\"2560\" data-large_image_height=\"1707\"><img loading=\"lazy\" decoding=\"async\" class=\" wp-image-469778 alignleft\" src=\"https:\/\/www.radiopiu.net\/wordpress\/wp-content\/uploads\/2025\/09\/e6fc8614-df79-09cd-c911-59f4d0279894-300x200.jpeg\" alt=\"\" width=\"212\" height=\"141\" srcset=\"https:\/\/www.radiopiu.net\/wordpress\/wp-content\/uploads\/2025\/09\/e6fc8614-df79-09cd-c911-59f4d0279894-300x200.jpeg 300w, https:\/\/www.radiopiu.net\/wordpress\/wp-content\/uploads\/2025\/09\/e6fc8614-df79-09cd-c911-59f4d0279894-1024x683.jpeg 1024w, https:\/\/www.radiopiu.net\/wordpress\/wp-content\/uploads\/2025\/09\/e6fc8614-df79-09cd-c911-59f4d0279894-768x512.jpeg 768w, https:\/\/www.radiopiu.net\/wordpress\/wp-content\/uploads\/2025\/09\/e6fc8614-df79-09cd-c911-59f4d0279894-1536x1024.jpeg 1536w, https:\/\/www.radiopiu.net\/wordpress\/wp-content\/uploads\/2025\/09\/e6fc8614-df79-09cd-c911-59f4d0279894-2048x1366.jpeg 2048w\" sizes=\"auto, (max-width: 212px) 100vw, 212px\" \/><\/a>Il Cortina inaugura la nuova stagione dell\u2019hockey italiano conquistando la 24\u00aa Supercoppa Italiana con un netto 6-2 sull\u2019HC Feltre nel derby veneto disputato all\u2019Olimpico. Partenza travolgente degli ampezzani, subito avanti con la doppietta del capitano Tommaso Alver\u00e0, protagonista assoluto con una tripletta complessiva e premiato come MVP. Nonostante il coraggio del Feltre, in gol con De Giacinto e Foltin, la maggiore intensit\u00e0 fisica e tecnica del Cortina ha fatto la differenza. Nel terzo periodo i biancazzurri hanno chiuso i conti con le reti di Fortunato e Massimo Pietroniro. Per la squadra di coach Glavic si tratta della seconda Supercoppa della storia, dopo quella del 2023, che arricchisce una bacheca gi\u00e0 forte del 18\u00b0 Scudetto.<\/p>\n<p>&nbsp;<\/p>\n<p><span style=\"color: #0000ff;\"><strong>SKIROLL<\/strong><\/span><\/p>\n<blockquote>\n<h3>LORENZO BUSIN SUL PODIO ALLA TELGERULLEN DI LANGBACKEN<\/h3>\n<\/blockquote>\n<p><strong><a class=\"dt-pswp-item\" href=\"https:\/\/www.radiopiu.net\/wordpress\/wp-content\/uploads\/2025\/09\/SCR-20250913-mwrg.jpeg\" data-dt-img-description=\"\" data-large_image_width=\"674\" data-large_image_height=\"546\"><img loading=\"lazy\" decoding=\"async\" class=\" wp-image-469592 alignleft\" src=\"https:\/\/www.radiopiu.net\/wordpress\/wp-content\/uploads\/2025\/09\/SCR-20250913-mwrg-300x243.jpeg\" alt=\"\" width=\"181\" height=\"147\" srcset=\"https:\/\/www.radiopiu.net\/wordpress\/wp-content\/uploads\/2025\/09\/SCR-20250913-mwrg-300x243.jpeg 300w, https:\/\/www.radiopiu.net\/wordpress\/wp-content\/uploads\/2025\/09\/SCR-20250913-mwrg.jpeg 674w\" sizes=\"auto, (max-width: 181px) 100vw, 181px\" \/><\/a>LANGBACKEN (SVEZIA)\u00a0 <\/strong>Si \u00e8 disputata la Telgerullen, gara di skiroll sulla distanza di 40 chilometri in tecnica classica, che si \u00e8 svolta lungo la pista di collaudo dei tir Scania. Giunta alla sua seconda edizione, la competizione ha presentato alcune variazioni di percorso rispetto allo scorso anno, attirando l\u2019attenzione di numerosi giovani atleti svedesi desiderosi di mettersi in evidenza. In un contesto di alto livello e con una partecipazione vivace, l\u2019azzurro Lorenzo Busin ha conquistato un brillante terzo posto, salendo cos\u00ec sul podio e confermando la propria solidit\u00e0 in campo internazionale. La Telgerullen si sta affermando come una delle prove pi\u00f9 interessanti del calendario estivo nordico, capace di unire tradizione sportiva e innovazione, offrendo al tempo stesso un\u2019importante vetrina per gli atleti emergenti e affermati del panorama dello skiroll.<\/p>\n<p>&nbsp;<\/p>\n<p><span style=\"color: #0000ff;\"><strong>CICLISMO<\/strong><\/span><\/p>\n<blockquote>\n<h3>SELLARONDA BIKE DAY AUTUNNALE: SUCCESSO CON 10.000 CICLISTI SUI PASSI DOLOMITICI<\/h3>\n<\/blockquote>\n<p><strong>REDAZIONE<\/strong> Il Sellaronda Bike Day autunnale, svoltosi il 13 settembre, ha confermato il suo crescente successo, attirando circa 10.000 ciclisti nonostante le temperature fredde tra i 4 e i 12 gradi. L\u2019evento, che prevede la chiusura al traffico motorizzato dei passi dolomitici, ha richiamato non solo numerosi italiani, ma anche appassionati provenienti dai Paesi confinanti, dall\u2019Europa orientale e persino da America e Asia. La giornata ha offerto la possibilit\u00e0 di percorrere i 58 km del giro del Gruppo del Sella, con un dislivello di 1.800 metri e quattro passi leggendari, in un\u2019atmosfera di festa e sostenibilit\u00e0. La formula dei passi senza auto riscuote sempre pi\u00f9 consenso, promuovendo la tutela del patrimonio UNESCO delle Dolomiti e incentivando la mobilit\u00e0 dolce. Il comitato organizzatore ha sottolineato come la riuscita della manifestazione sia possibile grazie alla collaborazione delle quattro valli ladine, al lavoro dei volontari e al supporto delle istituzioni locali.<\/p>\n<p><strong>Le foto di Freddy Planinschek<\/strong><\/p>\n\n\t\t\t<style type='text\/css'>\n\t\t\t\t#gallery-10 {\n\t\t\t\t\tmargin: auto;\n\t\t\t\t}\n\t\t\t\t#gallery-10 .gallery-item {\n\t\t\t\t\tfloat: left;\n\t\t\t\t\tmargin-top: 10px;\n\t\t\t\t\ttext-align: center;\n\t\t\t\t\twidth: 20%;\n\t\t\t\t}\n\t\t\t\t#gallery-10 img {\n\t\t\t\t\tborder: 2px solid #cfcfcf;\n\t\t\t\t}\n\t\t\t\t#gallery-10 .gallery-caption {\n\t\t\t\t\tmargin-left: 0;\n\t\t\t\t}\n\t\t\t\t\/* see gallery_shortcode() in wp-includes\/media.php *\/\n\t\t\t<\/style>\n\t\t<div id='gallery-10' class='dt-gallery-container gallery galleryid-469516 gallery-columns-5 gallery-size-medium'><dl class='gallery-item'>\n\t\t\t\t<dt class='gallery-icon landscape'>\n\t\t\t\t\t<a class=\"rollover rollover-zoom dt-pswp-item\" title=\"2A3A7592\u00a9 freddy planinschek\u00a9 freddy planinschek\" data-dt-img-description=\"\" data-large_image_width=\"2560\" data-large_image_height=\"1707\"href='https:\/\/www.radiopiu.net\/wordpress\/wp-content\/uploads\/2025\/09\/2A3A7592\u00a9-freddy-planinschek\u00a9-freddy-planinschek-scaled.jpg'><img loading=\"lazy\" decoding=\"async\" width=\"300\" height=\"200\" src=\"https:\/\/www.radiopiu.net\/wordpress\/wp-content\/uploads\/2025\/09\/2A3A7592\u00a9-freddy-planinschek\u00a9-freddy-planinschek-300x200.jpg\" class=\"attachment-medium size-medium\" alt=\"\" srcset=\"https:\/\/www.radiopiu.net\/wordpress\/wp-content\/uploads\/2025\/09\/2A3A7592\u00a9-freddy-planinschek\u00a9-freddy-planinschek-300x200.jpg 300w, https:\/\/www.radiopiu.net\/wordpress\/wp-content\/uploads\/2025\/09\/2A3A7592\u00a9-freddy-planinschek\u00a9-freddy-planinschek-1024x683.jpg 1024w, https:\/\/www.radiopiu.net\/wordpress\/wp-content\/uploads\/2025\/09\/2A3A7592\u00a9-freddy-planinschek\u00a9-freddy-planinschek-768x512.jpg 768w, https:\/\/www.radiopiu.net\/wordpress\/wp-content\/uploads\/2025\/09\/2A3A7592\u00a9-freddy-planinschek\u00a9-freddy-planinschek-1536x1024.jpg 1536w, https:\/\/www.radiopiu.net\/wordpress\/wp-content\/uploads\/2025\/09\/2A3A7592\u00a9-freddy-planinschek\u00a9-freddy-planinschek-2048x1365.jpg 2048w\" sizes=\"auto, (max-width: 300px) 100vw, 300px\" \/><\/a>\n\t\t\t\t<\/dt><\/dl><dl class='gallery-item'>\n\t\t\t\t<dt class='gallery-icon landscape'>\n\t\t\t\t\t<a class=\"rollover rollover-zoom dt-pswp-item\" title=\"2A3A7774\u00a9 freddy planinschek\u00a9 freddy planinschek\" data-dt-img-description=\"\" data-large_image_width=\"2560\" data-large_image_height=\"1707\"href='https:\/\/www.radiopiu.net\/wordpress\/wp-content\/uploads\/2025\/09\/2A3A7774\u00a9-freddy-planinschek\u00a9-freddy-planinschek-scaled.jpg'><img loading=\"lazy\" decoding=\"async\" width=\"300\" height=\"200\" src=\"https:\/\/www.radiopiu.net\/wordpress\/wp-content\/uploads\/2025\/09\/2A3A7774\u00a9-freddy-planinschek\u00a9-freddy-planinschek-300x200.jpg\" class=\"attachment-medium size-medium\" alt=\"\" srcset=\"https:\/\/www.radiopiu.net\/wordpress\/wp-content\/uploads\/2025\/09\/2A3A7774\u00a9-freddy-planinschek\u00a9-freddy-planinschek-300x200.jpg 300w, https:\/\/www.radiopiu.net\/wordpress\/wp-content\/uploads\/2025\/09\/2A3A7774\u00a9-freddy-planinschek\u00a9-freddy-planinschek-1024x683.jpg 1024w, https:\/\/www.radiopiu.net\/wordpress\/wp-content\/uploads\/2025\/09\/2A3A7774\u00a9-freddy-planinschek\u00a9-freddy-planinschek-768x512.jpg 768w, https:\/\/www.radiopiu.net\/wordpress\/wp-content\/uploads\/2025\/09\/2A3A7774\u00a9-freddy-planinschek\u00a9-freddy-planinschek-1536x1024.jpg 1536w, https:\/\/www.radiopiu.net\/wordpress\/wp-content\/uploads\/2025\/09\/2A3A7774\u00a9-freddy-planinschek\u00a9-freddy-planinschek-2048x1365.jpg 2048w\" sizes=\"auto, (max-width: 300px) 100vw, 300px\" \/><\/a>\n\t\t\t\t<\/dt><\/dl><dl class='gallery-item'>\n\t\t\t\t<dt class='gallery-icon landscape'>\n\t\t\t\t\t<a class=\"rollover rollover-zoom dt-pswp-item\" title=\"2A3A8152\u00a9 freddy planinschek\u00a9 freddy planinschek\" data-dt-img-description=\"\" data-large_image_width=\"2560\" data-large_image_height=\"1707\"href='https:\/\/www.radiopiu.net\/wordpress\/wp-content\/uploads\/2025\/09\/2A3A8152\u00a9-freddy-planinschek\u00a9-freddy-planinschek-scaled.jpg'><img loading=\"lazy\" decoding=\"async\" width=\"300\" height=\"200\" src=\"https:\/\/www.radiopiu.net\/wordpress\/wp-content\/uploads\/2025\/09\/2A3A8152\u00a9-freddy-planinschek\u00a9-freddy-planinschek-300x200.jpg\" class=\"attachment-medium size-medium\" alt=\"\" srcset=\"https:\/\/www.radiopiu.net\/wordpress\/wp-content\/uploads\/2025\/09\/2A3A8152\u00a9-freddy-planinschek\u00a9-freddy-planinschek-300x200.jpg 300w, https:\/\/www.radiopiu.net\/wordpress\/wp-content\/uploads\/2025\/09\/2A3A8152\u00a9-freddy-planinschek\u00a9-freddy-planinschek-1024x683.jpg 1024w, https:\/\/www.radiopiu.net\/wordpress\/wp-content\/uploads\/2025\/09\/2A3A8152\u00a9-freddy-planinschek\u00a9-freddy-planinschek-768x512.jpg 768w, https:\/\/www.radiopiu.net\/wordpress\/wp-content\/uploads\/2025\/09\/2A3A8152\u00a9-freddy-planinschek\u00a9-freddy-planinschek-1536x1024.jpg 1536w, https:\/\/www.radiopiu.net\/wordpress\/wp-content\/uploads\/2025\/09\/2A3A8152\u00a9-freddy-planinschek\u00a9-freddy-planinschek-2048x1365.jpg 2048w\" sizes=\"auto, (max-width: 300px) 100vw, 300px\" \/><\/a>\n\t\t\t\t<\/dt><\/dl><dl class='gallery-item'>\n\t\t\t\t<dt class='gallery-icon landscape'>\n\t\t\t\t\t<a class=\"rollover rollover-zoom dt-pswp-item\" title=\"2A3A8196\u00a9 freddy planinschek\u00a9 freddy planinschek\" data-dt-img-description=\"\" data-large_image_width=\"2560\" data-large_image_height=\"1707\"href='https:\/\/www.radiopiu.net\/wordpress\/wp-content\/uploads\/2025\/09\/2A3A8196\u00a9-freddy-planinschek\u00a9-freddy-planinschek-scaled.jpg'><img loading=\"lazy\" decoding=\"async\" width=\"300\" height=\"200\" src=\"https:\/\/www.radiopiu.net\/wordpress\/wp-content\/uploads\/2025\/09\/2A3A8196\u00a9-freddy-planinschek\u00a9-freddy-planinschek-300x200.jpg\" class=\"attachment-medium size-medium\" alt=\"\" srcset=\"https:\/\/www.radiopiu.net\/wordpress\/wp-content\/uploads\/2025\/09\/2A3A8196\u00a9-freddy-planinschek\u00a9-freddy-planinschek-300x200.jpg 300w, https:\/\/www.radiopiu.net\/wordpress\/wp-content\/uploads\/2025\/09\/2A3A8196\u00a9-freddy-planinschek\u00a9-freddy-planinschek-1024x683.jpg 1024w, https:\/\/www.radiopiu.net\/wordpress\/wp-content\/uploads\/2025\/09\/2A3A8196\u00a9-freddy-planinschek\u00a9-freddy-planinschek-768x512.jpg 768w, https:\/\/www.radiopiu.net\/wordpress\/wp-content\/uploads\/2025\/09\/2A3A8196\u00a9-freddy-planinschek\u00a9-freddy-planinschek-1536x1024.jpg 1536w, https:\/\/www.radiopiu.net\/wordpress\/wp-content\/uploads\/2025\/09\/2A3A8196\u00a9-freddy-planinschek\u00a9-freddy-planinschek-2048x1365.jpg 2048w\" sizes=\"auto, (max-width: 300px) 100vw, 300px\" \/><\/a>\n\t\t\t\t<\/dt><\/dl><dl class='gallery-item'>\n\t\t\t\t<dt class='gallery-icon landscape'>\n\t\t\t\t\t<a class=\"rollover rollover-zoom dt-pswp-item\" title=\"2A3A8366\u00a9 freddy planinschek\u00a9 freddy planinschek\" data-dt-img-description=\"\" data-large_image_width=\"2560\" data-large_image_height=\"1707\"href='https:\/\/www.radiopiu.net\/wordpress\/wp-content\/uploads\/2025\/09\/2A3A8366\u00a9-freddy-planinschek\u00a9-freddy-planinschek-scaled.jpg'><img loading=\"lazy\" decoding=\"async\" width=\"300\" height=\"200\" src=\"https:\/\/www.radiopiu.net\/wordpress\/wp-content\/uploads\/2025\/09\/2A3A8366\u00a9-freddy-planinschek\u00a9-freddy-planinschek-300x200.jpg\" class=\"attachment-medium size-medium\" alt=\"\" srcset=\"https:\/\/www.radiopiu.net\/wordpress\/wp-content\/uploads\/2025\/09\/2A3A8366\u00a9-freddy-planinschek\u00a9-freddy-planinschek-300x200.jpg 300w, https:\/\/www.radiopiu.net\/wordpress\/wp-content\/uploads\/2025\/09\/2A3A8366\u00a9-freddy-planinschek\u00a9-freddy-planinschek-1024x683.jpg 1024w, https:\/\/www.radiopiu.net\/wordpress\/wp-content\/uploads\/2025\/09\/2A3A8366\u00a9-freddy-planinschek\u00a9-freddy-planinschek-768x512.jpg 768w, https:\/\/www.radiopiu.net\/wordpress\/wp-content\/uploads\/2025\/09\/2A3A8366\u00a9-freddy-planinschek\u00a9-freddy-planinschek-1536x1024.jpg 1536w, https:\/\/www.radiopiu.net\/wordpress\/wp-content\/uploads\/2025\/09\/2A3A8366\u00a9-freddy-planinschek\u00a9-freddy-planinschek-2048x1365.jpg 2048w\" sizes=\"auto, (max-width: 300px) 100vw, 300px\" \/><\/a>\n\t\t\t\t<\/dt><\/dl><br style=\"clear: both\" \/>\n\t\t\t<\/div>\n\n<p>&nbsp;<\/p>\n<p><span style=\"color: #0000ff;\"><strong>SPORT INVERNALI<\/strong><\/span><\/p>\n<blockquote>\n<h3>FESTA DELLO SCI REGIONALE AI PIANI DI PEZZ\u00c8: PREMI, RICORDI E NUOVI TALENTI<\/h3>\n<\/blockquote>\n<p>Grande successo ai Piani di Pezz\u00e8 di Alleghe per la terza edizione della Festa dello Sci regionale, promossa da Fisi Veneto. L\u2019evento ha celebrato i migliori risultati della stagione 2024-2025 e presentato le squadre 2025-2026, oltre a rendere omaggio alle aziende partner. Nello sci alpino, la Coppa Veneto Energiapura \u00e8 stata vinta dallo Ski College Veneto, con successi individuali per Vittoria Rossi e Philip Ploner (Aspiranti), Rossi e Alessandro Bertagnolli (Giovani). Per lo sci di fondo, il Trofeo Sportful ha premiato lo Sci club Bosco Lessinia, con numerosi vincitori di categoria, mentre nel Trofeo Laser Style Italia, dedicato a Ragazzi e Allievi, ha primeggiato ancora Bosco Lessinia. Assegnato il Memorial Giovanni Viel al tecnico bellunese Dario D\u2019Incal, protagonista di nove Olimpiadi nello sci di fondo. Infine, consegnati il premio Prosecco DOC e i riconoscimenti Giovani Talenti Liski \u2013 Fondazione Cortina a giovani atleti distintisi per risultati sportivi e scolastici.<\/p>\n\n\t\t\t<style type='text\/css'>\n\t\t\t\t#gallery-11 {\n\t\t\t\t\tmargin: auto;\n\t\t\t\t}\n\t\t\t\t#gallery-11 .gallery-item {\n\t\t\t\t\tfloat: left;\n\t\t\t\t\tmargin-top: 10px;\n\t\t\t\t\ttext-align: center;\n\t\t\t\t\twidth: 25%;\n\t\t\t\t}\n\t\t\t\t#gallery-11 img {\n\t\t\t\t\tborder: 2px solid #cfcfcf;\n\t\t\t\t}\n\t\t\t\t#gallery-11 .gallery-caption {\n\t\t\t\t\tmargin-left: 0;\n\t\t\t\t}\n\t\t\t\t\/* see gallery_shortcode() in wp-includes\/media.php *\/\n\t\t\t<\/style>\n\t\t<div id='gallery-11' class='dt-gallery-container gallery galleryid-469516 gallery-columns-4 gallery-size-medium'><dl class='gallery-item'>\n\t\t\t\t<dt class='gallery-icon landscape'>\n\t\t\t\t\t<a class=\"rollover rollover-zoom dt-pswp-item\" title=\"fisi veneto alleghe 13 set 2025 - Dario D&#039;Incal - secondo da dx - riceve il memorial Giovanni Viel\" data-dt-img-description=\"\" data-large_image_width=\"2560\" data-large_image_height=\"1707\"href='https:\/\/www.radiopiu.net\/wordpress\/wp-content\/uploads\/2025\/09\/fisi-veneto-alleghe-13-set-2025-Dario-DIncal-secondo-da-dx-riceve-il-memorial-Giovanni-Viel-scaled.jpg'><img loading=\"lazy\" decoding=\"async\" width=\"300\" height=\"200\" src=\"https:\/\/www.radiopiu.net\/wordpress\/wp-content\/uploads\/2025\/09\/fisi-veneto-alleghe-13-set-2025-Dario-DIncal-secondo-da-dx-riceve-il-memorial-Giovanni-Viel-300x200.jpg\" class=\"attachment-medium size-medium\" alt=\"\" srcset=\"https:\/\/www.radiopiu.net\/wordpress\/wp-content\/uploads\/2025\/09\/fisi-veneto-alleghe-13-set-2025-Dario-DIncal-secondo-da-dx-riceve-il-memorial-Giovanni-Viel-300x200.jpg 300w, https:\/\/www.radiopiu.net\/wordpress\/wp-content\/uploads\/2025\/09\/fisi-veneto-alleghe-13-set-2025-Dario-DIncal-secondo-da-dx-riceve-il-memorial-Giovanni-Viel-1024x683.jpg 1024w, https:\/\/www.radiopiu.net\/wordpress\/wp-content\/uploads\/2025\/09\/fisi-veneto-alleghe-13-set-2025-Dario-DIncal-secondo-da-dx-riceve-il-memorial-Giovanni-Viel-768x512.jpg 768w, https:\/\/www.radiopiu.net\/wordpress\/wp-content\/uploads\/2025\/09\/fisi-veneto-alleghe-13-set-2025-Dario-DIncal-secondo-da-dx-riceve-il-memorial-Giovanni-Viel-1536x1024.jpg 1536w, https:\/\/www.radiopiu.net\/wordpress\/wp-content\/uploads\/2025\/09\/fisi-veneto-alleghe-13-set-2025-Dario-DIncal-secondo-da-dx-riceve-il-memorial-Giovanni-Viel-2048x1365.jpg 2048w\" sizes=\"auto, (max-width: 300px) 100vw, 300px\" \/><\/a>\n\t\t\t\t<\/dt><\/dl><dl class='gallery-item'>\n\t\t\t\t<dt class='gallery-icon landscape'>\n\t\t\t\t\t<a class=\"rollover rollover-zoom dt-pswp-item\" title=\"fisi veneto alleghe 13 settembre 2023 - i premiati del premio liski - fondazione cortina\" data-dt-img-description=\"\" data-large_image_width=\"2560\" data-large_image_height=\"1707\"href='https:\/\/www.radiopiu.net\/wordpress\/wp-content\/uploads\/2025\/09\/fisi-veneto-alleghe-13-settembre-2023-i-premiati-del-premio-liski-fondazione-cortina-scaled.jpg'><img loading=\"lazy\" decoding=\"async\" width=\"300\" height=\"200\" src=\"https:\/\/www.radiopiu.net\/wordpress\/wp-content\/uploads\/2025\/09\/fisi-veneto-alleghe-13-settembre-2023-i-premiati-del-premio-liski-fondazione-cortina-300x200.jpg\" class=\"attachment-medium size-medium\" alt=\"\" srcset=\"https:\/\/www.radiopiu.net\/wordpress\/wp-content\/uploads\/2025\/09\/fisi-veneto-alleghe-13-settembre-2023-i-premiati-del-premio-liski-fondazione-cortina-300x200.jpg 300w, https:\/\/www.radiopiu.net\/wordpress\/wp-content\/uploads\/2025\/09\/fisi-veneto-alleghe-13-settembre-2023-i-premiati-del-premio-liski-fondazione-cortina-1024x683.jpg 1024w, https:\/\/www.radiopiu.net\/wordpress\/wp-content\/uploads\/2025\/09\/fisi-veneto-alleghe-13-settembre-2023-i-premiati-del-premio-liski-fondazione-cortina-768x512.jpg 768w, https:\/\/www.radiopiu.net\/wordpress\/wp-content\/uploads\/2025\/09\/fisi-veneto-alleghe-13-settembre-2023-i-premiati-del-premio-liski-fondazione-cortina-1536x1024.jpg 1536w, https:\/\/www.radiopiu.net\/wordpress\/wp-content\/uploads\/2025\/09\/fisi-veneto-alleghe-13-settembre-2023-i-premiati-del-premio-liski-fondazione-cortina-2048x1365.jpg 2048w\" sizes=\"auto, (max-width: 300px) 100vw, 300px\" \/><\/a>\n\t\t\t\t<\/dt><\/dl><dl class='gallery-item'>\n\t\t\t\t<dt class='gallery-icon landscape'>\n\t\t\t\t\t<a class=\"rollover rollover-zoom dt-pswp-item\" title=\"fisi veneto alleghe 13 sette,bre 2025 - i premiati del Prosecco DOC\" data-dt-img-description=\"\" data-large_image_width=\"2560\" data-large_image_height=\"1707\"href='https:\/\/www.radiopiu.net\/wordpress\/wp-content\/uploads\/2025\/09\/fisi-veneto-alleghe-13-settebre-2025-i-premiati-del-Prosecco-DOC-scaled.jpg'><img loading=\"lazy\" decoding=\"async\" width=\"300\" height=\"200\" src=\"https:\/\/www.radiopiu.net\/wordpress\/wp-content\/uploads\/2025\/09\/fisi-veneto-alleghe-13-settebre-2025-i-premiati-del-Prosecco-DOC-300x200.jpg\" class=\"attachment-medium size-medium\" alt=\"\" srcset=\"https:\/\/www.radiopiu.net\/wordpress\/wp-content\/uploads\/2025\/09\/fisi-veneto-alleghe-13-settebre-2025-i-premiati-del-Prosecco-DOC-300x200.jpg 300w, https:\/\/www.radiopiu.net\/wordpress\/wp-content\/uploads\/2025\/09\/fisi-veneto-alleghe-13-settebre-2025-i-premiati-del-Prosecco-DOC-1024x683.jpg 1024w, https:\/\/www.radiopiu.net\/wordpress\/wp-content\/uploads\/2025\/09\/fisi-veneto-alleghe-13-settebre-2025-i-premiati-del-Prosecco-DOC-768x512.jpg 768w, https:\/\/www.radiopiu.net\/wordpress\/wp-content\/uploads\/2025\/09\/fisi-veneto-alleghe-13-settebre-2025-i-premiati-del-Prosecco-DOC-1536x1024.jpg 1536w, https:\/\/www.radiopiu.net\/wordpress\/wp-content\/uploads\/2025\/09\/fisi-veneto-alleghe-13-settebre-2025-i-premiati-del-Prosecco-DOC-2048x1365.jpg 2048w\" sizes=\"auto, (max-width: 300px) 100vw, 300px\" \/><\/a>\n\t\t\t\t<\/dt><\/dl><dl class='gallery-item'>\n\t\t\t\t<dt class='gallery-icon landscape'>\n\t\t\t\t\t<a class=\"rollover rollover-zoom dt-pswp-item\" title=\"fisi veneto alleghe 13 settembre 2025 - premiazione societa\u0300 coppa veneto energiapura sci alpino\" data-dt-img-description=\"\" data-large_image_width=\"2560\" data-large_image_height=\"1707\"href='https:\/\/www.radiopiu.net\/wordpress\/wp-content\/uploads\/2025\/09\/fisi-veneto-alleghe-13-settembre-2025-premiazione-societa-coppa-veneto-energiapura-sci-alpino-scaled.jpg'><img loading=\"lazy\" decoding=\"async\" width=\"300\" height=\"200\" src=\"https:\/\/www.radiopiu.net\/wordpress\/wp-content\/uploads\/2025\/09\/fisi-veneto-alleghe-13-settembre-2025-premiazione-societa-coppa-veneto-energiapura-sci-alpino-300x200.jpg\" class=\"attachment-medium size-medium\" alt=\"\" srcset=\"https:\/\/www.radiopiu.net\/wordpress\/wp-content\/uploads\/2025\/09\/fisi-veneto-alleghe-13-settembre-2025-premiazione-societa-coppa-veneto-energiapura-sci-alpino-300x200.jpg 300w, https:\/\/www.radiopiu.net\/wordpress\/wp-content\/uploads\/2025\/09\/fisi-veneto-alleghe-13-settembre-2025-premiazione-societa-coppa-veneto-energiapura-sci-alpino-1024x683.jpg 1024w, https:\/\/www.radiopiu.net\/wordpress\/wp-content\/uploads\/2025\/09\/fisi-veneto-alleghe-13-settembre-2025-premiazione-societa-coppa-veneto-energiapura-sci-alpino-768x512.jpg 768w, https:\/\/www.radiopiu.net\/wordpress\/wp-content\/uploads\/2025\/09\/fisi-veneto-alleghe-13-settembre-2025-premiazione-societa-coppa-veneto-energiapura-sci-alpino-1536x1024.jpg 1536w, https:\/\/www.radiopiu.net\/wordpress\/wp-content\/uploads\/2025\/09\/fisi-veneto-alleghe-13-settembre-2025-premiazione-societa-coppa-veneto-energiapura-sci-alpino-2048x1365.jpg 2048w\" sizes=\"auto, (max-width: 300px) 100vw, 300px\" \/><\/a>\n\t\t\t\t<\/dt><\/dl><br style=\"clear: both\" \/>\n\t\t\t<\/div>\n\n<p>&nbsp;<\/p>\n","protected":false},"excerpt":{"rendered":"<p>*** &nbsp; LA\u00a0 APP PER IOS-IPHONE di Nicola Vettorello https:\/\/apps.apple.com\/it\/app\/radio-pi%C3%B9-emittente-agordina\/id1515939845 LA\u00a0 APP RADIO\u00a0 PER ANDROID di Nicola Vettorello https:\/\/play.google.com\/store\/apps\/details?id=net.radiopiu.iniko\u00a0\u00a0\u00a0\u00a0\u00a0 &nbsp; \u00a0\u00a0 OGGI SU RADIOPI\u00d9: MUSICA, informazione\u00a0 e dirette\u00a0 ALLE 8.05 LA RASSEGNA STAMPA LOCALE 8.25 PIU SIAMO, DI MARINA DONA&#8217; C&#8217;E&#8217; 900\u00a0 OGGI COME IERI DI SILVIA BADO\u00a0 9.40 I RACCONTI DI PAOLO SOPPELSA 10.10&hellip;<\/p>\n","protected":false},"author":4,"featured_media":469694,"comment_status":"closed","ping_status":"closed","sticky":false,"template":"","format":"standard","meta":{"_monsterinsights_skip_tracking":false,"_monsterinsights_sitenote_active":false,"_monsterinsights_sitenote_note":"","_monsterinsights_sitenote_category":0,"footnotes":""},"categories":[51,86,49],"tags":[],"class_list":["post-469516","post","type-post","status-publish","format-standard","has-post-thumbnail","hentry","category-evidenza-top","category-gr","category-news-18","category-51","category-86","category-49","description-off"],"img_url":"https:\/\/www.radiopiu.net\/wordpress\/wp-content\/uploads\/2025\/09\/03b0919d-15f8-4ec8-bc88-04f273624a67.jpg","_links":{"self":[{"href":"https:\/\/www.radiopiu.net\/wordpress\/wp-json\/wp\/v2\/posts\/469516","targetHints":{"allow":["GET"]}}],"collection":[{"href":"https:\/\/www.radiopiu.net\/wordpress\/wp-json\/wp\/v2\/posts"}],"about":[{"href":"https:\/\/www.radiopiu.net\/wordpress\/wp-json\/wp\/v2\/types\/post"}],"author":[{"embeddable":true,"href":"https:\/\/www.radiopiu.net\/wordpress\/wp-json\/wp\/v2\/users\/4"}],"replies":[{"embeddable":true,"href":"https:\/\/www.radiopiu.net\/wordpress\/wp-json\/wp\/v2\/comments?post=469516"}],"version-history":[{"count":49,"href":"https:\/\/www.radiopiu.net\/wordpress\/wp-json\/wp\/v2\/posts\/469516\/revisions"}],"predecessor-version":[{"id":469920,"href":"https:\/\/www.radiopiu.net\/wordpress\/wp-json\/wp\/v2\/posts\/469516\/revisions\/469920"}],"wp:featuredmedia":[{"embeddable":true,"href":"https:\/\/www.radiopiu.net\/wordpress\/wp-json\/wp\/v2\/media\/469694"}],"wp:attachment":[{"href":"https:\/\/www.radiopiu.net\/wordpress\/wp-json\/wp\/v2\/media?parent=469516"}],"wp:term":[{"taxonomy":"category","embeddable":true,"href":"https:\/\/www.radiopiu.net\/wordpress\/wp-json\/wp\/v2\/categories?post=469516"},{"taxonomy":"post_tag","embeddable":true,"href":"https:\/\/www.radiopiu.net\/wordpress\/wp-json\/wp\/v2\/tags?post=469516"}],"curies":[{"name":"wp","href":"https:\/\/api.w.org\/{rel}","templated":true}]}}