{"id":469523,"date":"2025-09-13T10:28:25","date_gmt":"2025-09-13T08:28:25","guid":{"rendered":"https:\/\/www.radiopiu.net\/wordpress\/?p=469523"},"modified":"2025-09-13T10:28:25","modified_gmt":"2025-09-13T08:28:25","slug":"i-veneti-danno-allo-stato-centrale-74-miliardi-ne-ricevono-61","status":"publish","type":"post","link":"https:\/\/www.radiopiu.net\/wordpress\/i-veneti-danno-allo-stato-centrale-74-miliardi-ne-ricevono-61\/","title":{"rendered":"I VENETI DANNO ALLO STATO CENTRALE 74 MILIARDI, NE RICEVONO 61."},"content":{"rendered":"<p><strong><a class=\"dt-pswp-item\" href=\"https:\/\/www.radiopiu.net\/wordpress\/wp-content\/uploads\/2025\/09\/11111.png\" data-dt-img-description=\"\" data-large_image_width=\"594\" data-large_image_height=\"513\"><img loading=\"lazy\" decoding=\"async\" class=\"size-medium wp-image-469525 alignleft\" src=\"https:\/\/www.radiopiu.net\/wordpress\/wp-content\/uploads\/2025\/09\/11111-300x259.png\" alt=\"\" width=\"300\" height=\"259\" srcset=\"https:\/\/www.radiopiu.net\/wordpress\/wp-content\/uploads\/2025\/09\/11111-300x259.png 300w, https:\/\/www.radiopiu.net\/wordpress\/wp-content\/uploads\/2025\/09\/11111.png 594w\" sizes=\"auto, (max-width: 300px) 100vw, 300px\" \/><\/a>IN SOLIDARIETA\u2019 DIAMO AL RESTO DEL PAESE OLTRE 13 MILIARDI L\u2019ANNO.<\/strong><br \/>\nSebbene sia molto complesso misurarlo, anche perch\u00e9 non esiste un calcolo ufficiale e condiviso, la Banca d\u2019Italia \u00e8 comunque l\u2019unica istituzione in grado di determinare il cosiddetto residuo fiscale. E\u2019 una variabile importante per capire se i cittadini di una regione danno un contributo positivo o negativo al bilancio pubblico e anche per capire la direzione dei trasferimenti fra regioni che avvengono per mezzo dell\u2019operatore pubblico. Ricordiamo che la sperequazione finanziaria esistente tra centro e periferia ha \u201cspinto\u201d almeno due Amministrazioni regionali italiane &#8211; che nel rapporto dare\/avere con lo Stato sono parti<a class=\"dt-pswp-item\" href=\"https:\/\/www.radiopiu.net\/wordpress\/wp-content\/uploads\/2025\/09\/11111111.png\" data-dt-img-description=\"\" data-large_image_width=\"481\" data-large_image_height=\"766\"><img loading=\"lazy\" decoding=\"async\" class=\"size-medium wp-image-469528 alignright\" src=\"https:\/\/www.radiopiu.net\/wordpress\/wp-content\/uploads\/2025\/09\/11111111-188x300.png\" alt=\"\" width=\"188\" height=\"300\" srcset=\"https:\/\/www.radiopiu.net\/wordpress\/wp-content\/uploads\/2025\/09\/11111111-188x300.png 188w, https:\/\/www.radiopiu.net\/wordpress\/wp-content\/uploads\/2025\/09\/11111111.png 481w\" sizes=\"auto, (max-width: 188px) 100vw, 188px\" \/><\/a>colarmente \u201cpenalizzate\u201d \u2013 a chiedere pi\u00f9 autonomia. Stiamo parlando del Veneto e della Lombardia che, su questa materia, nel 2017 hanno entrambe tenuto un referendum consultivo. A dirlo \u00e8 l\u2019Ufficio studi della CGIA.<\/p>\n<p>Il residuo fiscale \u00e8 dato dalla differenza tra le spese e le entrate della Pubblica Amministrazione (PA) in una determinata regione e in un dato intervallo di tempo. Se il residuo fiscale \u00e8 positivo, la PA spende nella regione pi\u00f9 delle entrate che si generano su quel territorio. Il che significa che i residenti di questa regione ricevono dal settore pubblico in tutte le sue articolazioni pi\u00f9 di quanto non diano. Se il residuo \u00e8 negativo, nella regione si spende meno delle entrate che si generano su quel territorio: i residenti della regione contribuiscono quindi positivamente al saldo del bilancio pubblico e\/o ai trasferimenti ad altre regioni. Se, come spesso accade, si considerano i residui al netto della spesa per interessi, la somma ammonta al bilancio primario della PA.<\/p>\n<p>Gli ultimi dati disponibili non sono recentissimi, infatti si riferiscono al 2019. Al netto delle Regioni a Statuto Speciale, essi evidenziano come nel rapporto dare-avere tra lo Stato centrale e le regioni, tutte le aree del Nord, ad eccezione della Liguria, presentano nelle tre ipotesi elaborate un valore negativo. In altri termini, nei tre approfondimenti realizzati dai ricercatori di via Nazionale, al netto della Liguria, la totalit\u00e0 delle regioni ordinarie del Nord \u201cdevolvono\u201d in solidariet\u00e0 agli altri territori e al bilancio pubblico pi\u00f9 di quanto ricevono dallo Stato centrale.<\/p>\n<p>Considerando le tre ipotesi elaborate dalla Banca d\u2019Italia, se prendiamo in esame solo quella meno \u201cpenalizzante\u201d per le regioni settentrionali emerge che, nel 2019, ciascun abitante di Veneto e Lombardia &#8211; vale a dire le due Regioni che pi\u00f9 delle altre stanno chiedendo con forza l\u2019applicazione della riforma sull\u2019autonomia differenziata &#8211; ha \u201calimentato\u201d le casse pubbliche e il resto<\/p>\n<p><img loading=\"lazy\" decoding=\"async\" class=\"size-medium wp-image-469527 alignleft\" src=\"https:\/\/www.radiopiu.net\/wordpress\/wp-content\/uploads\/2025\/09\/111111111-196x300.png\" alt=\"\" width=\"196\" height=\"300\" srcset=\"https:\/\/www.radiopiu.net\/wordpress\/wp-content\/uploads\/2025\/09\/111111111-196x300.png 196w, https:\/\/www.radiopiu.net\/wordpress\/wp-content\/uploads\/2025\/09\/111111111.png 484w\" sizes=\"auto, (max-width: 196px) 100vw, 196px\" \/><\/p>\n<p>del Paese rispettivamente con 2.680 e 5.090 euro. Se, invece, prendiamo come riferimento il dato assoluto complessivo, a fronte di 60,9 miliardi di euro spesi dallo Stato centrale in<\/p>\n<p>Veneto, le tasse versate dai nostri corregionali ammontano a 74,1 miliardi. Pertanto, nel 2019 la nostra regione ha dato in solidariet\u00e0 al resto del Paese 13,2 miliardi di euro (vedi Graf. 1). Un dato in linea con le rilevazioni effettuate negli anni precedenti.<\/p>\n<p>Secondo l\u2019Ufficio studi della CGIA, l\u2019esistenza di un residuo fiscale eccessivamente negativo costituisce una delle motivazioni alla base della richiesta di autonomia differenziata delle due Amministrazioni regionali richiamate pi\u00f9 sopra. Anche se con sfaccettature diverse, tutte, comunque, sono in linea di principio consapevoli che il centralismo statale abbia accentuato le disparit\u00e0 tra i territori.<\/p>\n<p>Tornando ai dati sul residuo fiscale, le regioni del Mezzogiorno, invece, presentano, tutte un risultato positivo. Questo vuol dire che i flussi finanziari che ricevono dallo Stato centrale sono superiori alle risorse fiscali che \u201cversano\u201d allo stesso. La Campania, ad esempio, sempre nel 2019 ha registrato un \u201csaldo\u201d pro capite pari a +1.380 euro, la Puglia +2.440, laSicilia +2.989 o e la Calabria +3.085 euro (vedi Tab. 3). Sia chiaro: questo \u00e8 normale. Da sempre registriamo forti trasferimenti dal Nord al Sud. Tutto ci\u00f2, in linea di massima, non \u00e8 dovuto ad una eccessiva spesa presente nel Sud, ma al fatto che i redditi nel Mezzogiorno sono pi\u00f9 bassi e quindi sono pi\u00f9 basse le tasse e i contributi versati dai residenti di questa ripartizione geografica.<\/p>\n<p>&#8212;<br \/>\n<strong>Note<\/strong><br \/>\n<em>Le tabelle 1,2 e 3 illustrano i residui fiscali primari (al netto della spesa per interessi) elaborati da<a class=\"dt-pswp-item\" href=\"https:\/\/www.radiopiu.net\/wordpress\/wp-content\/uploads\/2025\/09\/11111111111.png\" data-dt-img-description=\"\" data-large_image_width=\"480\" data-large_image_height=\"760\"><img loading=\"lazy\" decoding=\"async\" class=\"size-medium wp-image-469526 alignleft\" src=\"https:\/\/www.radiopiu.net\/wordpress\/wp-content\/uploads\/2025\/09\/11111111111-189x300.png\" alt=\"\" width=\"189\" height=\"300\" srcset=\"https:\/\/www.radiopiu.net\/wordpress\/wp-content\/uploads\/2025\/09\/11111111111-189x300.png 189w, https:\/\/www.radiopiu.net\/wordpress\/wp-content\/uploads\/2025\/09\/11111111111.png 480w\" sizes=\"auto, (max-width: 189px) 100vw, 189px\" \/><\/a>lla Banca d\u2019Italia all\u2019interno della pubblicazione Economie Regionali (novembre 2020).<\/em><br \/>\n<em>Le tabelle 1 e 3 utilizzano il criterio della localizzazione, ovvero attribuiscono le spese e le entrate in base al luogo in cui sono rispettivamente erogate o acquisite; il residuo fiscale cos\u00ec ottenuto risulta positivo per il Mezzogiorno e varia da +2.451 euro pro capite (tabella 1 con dati Conti Pubblici Territoriali) a +2.791 euro pro capite (tabella 3 con dati RGS, Siope e bilanci degli enti previdenziali).<\/em><br \/>\n<em>La tabella 2 riporta invece i residui fiscali primari secondo il criterio del beneficio, ovvero tiene conto della distribuzione sul territorio delle caratteristiche che identificano i beneficiari finali dei servizi pubblici (della spesa) e coloro che ne sostengono l\u2019onere (soggetti al prelievo). Sulla base di questo criterio si ottiene un residuo fiscale primario ancora pi\u00f9 elevato per il Mezzogiorno (+3.178 euro pro capite). <\/em><\/p>\n","protected":false},"excerpt":{"rendered":"<p>IN SOLIDARIETA\u2019 DIAMO AL RESTO DEL PAESE OLTRE 13 MILIARDI L\u2019ANNO. Sebbene sia molto complesso misurarlo, anche perch\u00e9 non esiste un calcolo ufficiale e condiviso, la Banca d\u2019Italia \u00e8 comunque l\u2019unica istituzione in grado di determinare il cosiddetto residuo fiscale. E\u2019 una variabile importante per capire se i cittadini di una regione danno un contributo&hellip;<\/p>\n","protected":false},"author":2,"featured_media":146655,"comment_status":"closed","ping_status":"closed","sticky":false,"template":"","format":"standard","meta":{"_monsterinsights_skip_tracking":false,"_monsterinsights_sitenote_active":false,"_monsterinsights_sitenote_note":"","_monsterinsights_sitenote_category":0,"footnotes":""},"categories":[49],"tags":[],"class_list":["post-469523","post","type-post","status-publish","format-standard","has-post-thumbnail","hentry","category-news-18","category-49","description-off"],"img_url":"https:\/\/www.radiopiu.net\/wordpress\/wp-content\/uploads\/2020\/06\/vista-frontale-dei-soldi-della-holding-della-persona_23-2148547912.jpg","_links":{"self":[{"href":"https:\/\/www.radiopiu.net\/wordpress\/wp-json\/wp\/v2\/posts\/469523","targetHints":{"allow":["GET"]}}],"collection":[{"href":"https:\/\/www.radiopiu.net\/wordpress\/wp-json\/wp\/v2\/posts"}],"about":[{"href":"https:\/\/www.radiopiu.net\/wordpress\/wp-json\/wp\/v2\/types\/post"}],"author":[{"embeddable":true,"href":"https:\/\/www.radiopiu.net\/wordpress\/wp-json\/wp\/v2\/users\/2"}],"replies":[{"embeddable":true,"href":"https:\/\/www.radiopiu.net\/wordpress\/wp-json\/wp\/v2\/comments?post=469523"}],"version-history":[{"count":1,"href":"https:\/\/www.radiopiu.net\/wordpress\/wp-json\/wp\/v2\/posts\/469523\/revisions"}],"predecessor-version":[{"id":469529,"href":"https:\/\/www.radiopiu.net\/wordpress\/wp-json\/wp\/v2\/posts\/469523\/revisions\/469529"}],"wp:featuredmedia":[{"embeddable":true,"href":"https:\/\/www.radiopiu.net\/wordpress\/wp-json\/wp\/v2\/media\/146655"}],"wp:attachment":[{"href":"https:\/\/www.radiopiu.net\/wordpress\/wp-json\/wp\/v2\/media?parent=469523"}],"wp:term":[{"taxonomy":"category","embeddable":true,"href":"https:\/\/www.radiopiu.net\/wordpress\/wp-json\/wp\/v2\/categories?post=469523"},{"taxonomy":"post_tag","embeddable":true,"href":"https:\/\/www.radiopiu.net\/wordpress\/wp-json\/wp\/v2\/tags?post=469523"}],"curies":[{"name":"wp","href":"https:\/\/api.w.org\/{rel}","templated":true}]}}