{"id":469544,"date":"2025-09-13T11:16:32","date_gmt":"2025-09-13T09:16:32","guid":{"rendered":"https:\/\/www.radiopiu.net\/wordpress\/?p=469544"},"modified":"2025-09-13T11:17:18","modified_gmt":"2025-09-13T09:17:18","slug":"carabinieri-al-mercato-settimanale-di-belluno-per-aumentare-la-sicurezza","status":"publish","type":"post","link":"https:\/\/www.radiopiu.net\/wordpress\/carabinieri-al-mercato-settimanale-di-belluno-per-aumentare-la-sicurezza\/","title":{"rendered":"CARABINIERI AL MERCATO SETTIMANALE DI BELLUNO PER AUMENTARE LA SICUREZZA"},"content":{"rendered":"<p>******<\/p>\n<p>&nbsp;<\/p>\n<p><strong><a class=\"dt-pswp-item\" href=\"https:\/\/www.radiopiu.net\/wordpress\/wp-content\/uploads\/2025\/09\/SCR-20250913-kgai.png\" data-dt-img-description=\"\" data-large_image_width=\"966\" data-large_image_height=\"634\"><img loading=\"lazy\" decoding=\"async\" class=\" wp-image-469545 alignleft\" src=\"https:\/\/www.radiopiu.net\/wordpress\/wp-content\/uploads\/2025\/09\/SCR-20250913-kgai-300x197.png\" alt=\"\" width=\"209\" height=\"137\" srcset=\"https:\/\/www.radiopiu.net\/wordpress\/wp-content\/uploads\/2025\/09\/SCR-20250913-kgai-300x197.png 300w, https:\/\/www.radiopiu.net\/wordpress\/wp-content\/uploads\/2025\/09\/SCR-20250913-kgai-768x504.png 768w, https:\/\/www.radiopiu.net\/wordpress\/wp-content\/uploads\/2025\/09\/SCR-20250913-kgai.png 966w\" sizes=\"auto, (max-width: 209px) 100vw, 209px\" \/><\/a>BELLUNO <\/strong>Per rendere pi\u00f9 sicuro il mercato settimanale di Belluno, nella mattinata odierna \u00e8 stata impiegata una pattuglia appiedata di carabinieri, che verr\u00e0 utilizzata anche nelle prossime settimane. Allo scopo di evitare il verificarsi di eventuali reati, quali borseggi o truffe ai danni delle persone, soprattutto se anziane, di ambulanti irregolari o azioni di accattonaggio illecite, nella mattinata odierna veniva impiegata una pattuglia appiedata. L\u2019iniziativa \u00e8 stata accolta molto favorevolmente dalla popolazione che, oltre ad apprezzarne la vicinanza, ricevendo una reale forma di percezione di sicurezza, ha approfittato anche per chiedere informazioni di vario genere, su problematiche quotidiane.<\/p>\n<p>&nbsp;<\/p>\n<p>&nbsp;<\/p>\n<p>&nbsp;<\/p>\n<p>&nbsp;<\/p>\n<p>*********<\/p>\n","protected":false},"excerpt":{"rendered":"<p>****** &nbsp; BELLUNO Per rendere pi\u00f9 sicuro il mercato settimanale di Belluno, nella mattinata odierna \u00e8 stata impiegata una pattuglia appiedata di carabinieri, che verr\u00e0 utilizzata anche nelle prossime settimane. Allo scopo di evitare il verificarsi di eventuali reati, quali borseggi o truffe ai danni delle persone, soprattutto se anziane, di ambulanti irregolari o azioni&hellip;<\/p>\n","protected":false},"author":4,"featured_media":469545,"comment_status":"closed","ping_status":"closed","sticky":false,"template":"","format":"standard","meta":{"_monsterinsights_skip_tracking":false,"_monsterinsights_sitenote_active":false,"_monsterinsights_sitenote_note":"","_monsterinsights_sitenote_category":0,"footnotes":""},"categories":[51,49],"tags":[],"class_list":["post-469544","post","type-post","status-publish","format-standard","has-post-thumbnail","hentry","category-evidenza-top","category-news-18","category-51","category-49","description-off"],"img_url":"https:\/\/www.radiopiu.net\/wordpress\/wp-content\/uploads\/2025\/09\/SCR-20250913-kgai.png","_links":{"self":[{"href":"https:\/\/www.radiopiu.net\/wordpress\/wp-json\/wp\/v2\/posts\/469544","targetHints":{"allow":["GET"]}}],"collection":[{"href":"https:\/\/www.radiopiu.net\/wordpress\/wp-json\/wp\/v2\/posts"}],"about":[{"href":"https:\/\/www.radiopiu.net\/wordpress\/wp-json\/wp\/v2\/types\/post"}],"author":[{"embeddable":true,"href":"https:\/\/www.radiopiu.net\/wordpress\/wp-json\/wp\/v2\/users\/4"}],"replies":[{"embeddable":true,"href":"https:\/\/www.radiopiu.net\/wordpress\/wp-json\/wp\/v2\/comments?post=469544"}],"version-history":[{"count":2,"href":"https:\/\/www.radiopiu.net\/wordpress\/wp-json\/wp\/v2\/posts\/469544\/revisions"}],"predecessor-version":[{"id":469547,"href":"https:\/\/www.radiopiu.net\/wordpress\/wp-json\/wp\/v2\/posts\/469544\/revisions\/469547"}],"wp:featuredmedia":[{"embeddable":true,"href":"https:\/\/www.radiopiu.net\/wordpress\/wp-json\/wp\/v2\/media\/469545"}],"wp:attachment":[{"href":"https:\/\/www.radiopiu.net\/wordpress\/wp-json\/wp\/v2\/media?parent=469544"}],"wp:term":[{"taxonomy":"category","embeddable":true,"href":"https:\/\/www.radiopiu.net\/wordpress\/wp-json\/wp\/v2\/categories?post=469544"},{"taxonomy":"post_tag","embeddable":true,"href":"https:\/\/www.radiopiu.net\/wordpress\/wp-json\/wp\/v2\/tags?post=469544"}],"curies":[{"name":"wp","href":"https:\/\/api.w.org\/{rel}","templated":true}]}}