{"id":469568,"date":"2025-09-13T14:00:38","date_gmt":"2025-09-13T12:00:38","guid":{"rendered":"https:\/\/www.radiopiu.net\/wordpress\/?p=469568"},"modified":"2025-09-13T14:01:03","modified_gmt":"2025-09-13T12:01:03","slug":"lalleghe-lotta-a-caldaro-sconfitta-agli-shootout-ma-ottime-indicazioni-per-le-civette","status":"publish","type":"post","link":"https:\/\/www.radiopiu.net\/wordpress\/lalleghe-lotta-a-caldaro-sconfitta-agli-shootout-ma-ottime-indicazioni-per-le-civette\/","title":{"rendered":"L&#8217;ALLEGHE LOTTA A CALDARO: SCONFITTA AGLI SHOOTOUT MA OTTIME INDICAZIONI PER LE CIVETTE"},"content":{"rendered":"<p>*********<\/p>\n<p>&nbsp;<\/p>\n<p><strong><a class=\"dt-pswp-item\" href=\"https:\/\/www.radiopiu.net\/wordpress\/wp-content\/uploads\/2025\/08\/HOCKEY-2025.jpg\" data-dt-img-description=\"\" data-large_image_width=\"1017\" data-large_image_height=\"634\"><img loading=\"lazy\" decoding=\"async\" class=\" wp-image-463397 alignleft\" src=\"https:\/\/www.radiopiu.net\/wordpress\/wp-content\/uploads\/2025\/08\/HOCKEY-2025-300x187.jpg\" alt=\"\" width=\"213\" height=\"133\" srcset=\"https:\/\/www.radiopiu.net\/wordpress\/wp-content\/uploads\/2025\/08\/HOCKEY-2025-300x187.jpg 300w, https:\/\/www.radiopiu.net\/wordpress\/wp-content\/uploads\/2025\/08\/HOCKEY-2025-768x479.jpg 768w, https:\/\/www.radiopiu.net\/wordpress\/wp-content\/uploads\/2025\/08\/HOCKEY-2025.jpg 1017w\" sizes=\"auto, (max-width: 213px) 100vw, 213px\" \/><\/a>DI ROBERTO MIANA, PORTAVOCE DELL&#8217;ALLEGHE HOCKEY<\/strong><\/p>\n<p>CALDARO &#8211; ALLEGHE 5-4 DTR<\/p>\n<p>Terza amichevole e terza buona prestazione per i ragazzi di coach Surenkin, questa volta sul difficilissimo ghiaccio della Raiffeisen Arena di Caldaro contro i campioni in carica della IHL. Sconfitta 4-5 agli shootout, ma con pi\u00f9 luci che ombre per la compagine agordina, in una trasferta che negli ultimi anni \u00e8 sempre stata proibitiva per i bellunesi. Lucci ancora dati per favoriti nella corsa al titolo in questa stagione, ma Civette che hanno dato l\u2019impressione di essere una buona squadra ben costruita dalla dirigenza e ben guidata sul pancone dall\u2019omone finlandese. Sia chiaro che le amichevoli in questa fase di precampionato lasciano il tempo che trovano, ma contro un avversario di indubbio valore si sono viste buone cose da parte dei nostri boys. Si \u00e8 tutti consapevoli che c\u2019\u00e8 ancora tanto lavoro da fare, ma se queste sono le premesse si pu\u00f2 essere fiduciosi per il futuro. Per la cronaca la prima mezz\u2019ora di gara ha visto un Caldaro pi\u00f9 propositivo ed aggressivo, con l\u2019Alleghe che ha faticato a prendere le contromisure ai forti avversari, che hanno chiuso nella propria met\u00e0 ghiaccio i biancorossi, coronando la supremazia con tre marcature. Quando si poteva temere la goleada dei padroni di casa \u00e8 uscita per\u00f2 la grinta e la qualit\u00e0 degli Agordini che, con una doppietta del neoacquisto finlandese Patrick Isiguzo e del bomber alleghese Edgar De Toni, hanno ribaltato meritatamente il risultato, prima del definitivo pareggio dei padroni di casa a 4 minuti dalla fine dei tempi regolamentari. Dopo un emozionante overtime con occasioni su entrambi i fronti la partita \u00e8 terminata agli shootout con la vittoria dei quotati avversari. Gara che lascia in casa Alleghe tanto morale, buone indicazioni e la chiara impressione che si \u00e8 sulla strada giusta in vista dell\u2019inizio di campionato di sabato 20 settembre alle 20:30 al De Toni di Alleghe contro il Valpellice. Nel frattempo, marted\u00ec andr\u00e0 in scena l\u2019ultimo test match precampionato per le Civette, che sul ghiaccio di Dobbiaco incroceranno le stecche con i padroni di casa del HC 3 Zinnen Dolomites, gi\u00e0 incontrato in riva al lago lo scorso fine settimana.<\/p>\n<p>&nbsp;<\/p>\n<p>&nbsp;<\/p>\n<p>&nbsp;<\/p>\n<p>&nbsp;<\/p>\n<p>************<\/p>\n","protected":false},"excerpt":{"rendered":"<p>********* &nbsp; DI ROBERTO MIANA, PORTAVOCE DELL&#8217;ALLEGHE HOCKEY CALDARO &#8211; ALLEGHE 5-4 DTR Terza amichevole e terza buona prestazione per i ragazzi di coach Surenkin, questa volta sul difficilissimo ghiaccio della Raiffeisen Arena di Caldaro contro i campioni in carica della IHL. Sconfitta 4-5 agli shootout, ma con pi\u00f9 luci che ombre per la compagine&hellip;<\/p>\n","protected":false},"author":4,"featured_media":463397,"comment_status":"closed","ping_status":"closed","sticky":false,"template":"","format":"standard","meta":{"_monsterinsights_skip_tracking":false,"_monsterinsights_sitenote_active":false,"_monsterinsights_sitenote_note":"","_monsterinsights_sitenote_category":0,"footnotes":""},"categories":[104,49],"tags":[],"class_list":["post-469568","post","type-post","status-publish","format-standard","has-post-thumbnail","hentry","category-evidenza_3","category-news-18","category-104","category-49","description-off"],"img_url":"https:\/\/www.radiopiu.net\/wordpress\/wp-content\/uploads\/2025\/08\/HOCKEY-2025.jpg","_links":{"self":[{"href":"https:\/\/www.radiopiu.net\/wordpress\/wp-json\/wp\/v2\/posts\/469568","targetHints":{"allow":["GET"]}}],"collection":[{"href":"https:\/\/www.radiopiu.net\/wordpress\/wp-json\/wp\/v2\/posts"}],"about":[{"href":"https:\/\/www.radiopiu.net\/wordpress\/wp-json\/wp\/v2\/types\/post"}],"author":[{"embeddable":true,"href":"https:\/\/www.radiopiu.net\/wordpress\/wp-json\/wp\/v2\/users\/4"}],"replies":[{"embeddable":true,"href":"https:\/\/www.radiopiu.net\/wordpress\/wp-json\/wp\/v2\/comments?post=469568"}],"version-history":[{"count":1,"href":"https:\/\/www.radiopiu.net\/wordpress\/wp-json\/wp\/v2\/posts\/469568\/revisions"}],"predecessor-version":[{"id":469569,"href":"https:\/\/www.radiopiu.net\/wordpress\/wp-json\/wp\/v2\/posts\/469568\/revisions\/469569"}],"wp:featuredmedia":[{"embeddable":true,"href":"https:\/\/www.radiopiu.net\/wordpress\/wp-json\/wp\/v2\/media\/463397"}],"wp:attachment":[{"href":"https:\/\/www.radiopiu.net\/wordpress\/wp-json\/wp\/v2\/media?parent=469568"}],"wp:term":[{"taxonomy":"category","embeddable":true,"href":"https:\/\/www.radiopiu.net\/wordpress\/wp-json\/wp\/v2\/categories?post=469568"},{"taxonomy":"post_tag","embeddable":true,"href":"https:\/\/www.radiopiu.net\/wordpress\/wp-json\/wp\/v2\/tags?post=469568"}],"curies":[{"name":"wp","href":"https:\/\/api.w.org\/{rel}","templated":true}]}}