{"id":469591,"date":"2025-09-13T14:33:05","date_gmt":"2025-09-13T12:33:05","guid":{"rendered":"https:\/\/www.radiopiu.net\/wordpress\/?p=469591"},"modified":"2025-09-13T14:33:05","modified_gmt":"2025-09-13T12:33:05","slug":"lorenzo-busin-sul-podio-alla-telgerullen-di-langbacken","status":"publish","type":"post","link":"https:\/\/www.radiopiu.net\/wordpress\/lorenzo-busin-sul-podio-alla-telgerullen-di-langbacken\/","title":{"rendered":"LORENZO BUSIN SUL PODIO ALLA TELGERULLEN DI LANGBACKEN"},"content":{"rendered":"<p>********<\/p>\n<p>&nbsp;<\/p>\n<p><strong><a class=\"dt-pswp-item\" href=\"https:\/\/www.radiopiu.net\/wordpress\/wp-content\/uploads\/2025\/09\/SCR-20250913-mwrg.jpeg\" data-dt-img-description=\"\" data-large_image_width=\"674\" data-large_image_height=\"546\"><img loading=\"lazy\" decoding=\"async\" class=\" wp-image-469592 alignleft\" src=\"https:\/\/www.radiopiu.net\/wordpress\/wp-content\/uploads\/2025\/09\/SCR-20250913-mwrg-300x243.jpeg\" alt=\"\" width=\"181\" height=\"147\" srcset=\"https:\/\/www.radiopiu.net\/wordpress\/wp-content\/uploads\/2025\/09\/SCR-20250913-mwrg-300x243.jpeg 300w, https:\/\/www.radiopiu.net\/wordpress\/wp-content\/uploads\/2025\/09\/SCR-20250913-mwrg.jpeg 674w\" sizes=\"auto, (max-width: 181px) 100vw, 181px\" \/><\/a>LANGBACKEN (SVEZIA)\u00a0 <\/strong>Si \u00e8 disputata la Telgerullen, gara di skiroll sulla distanza di 40 chilometri in tecnica classica, che si \u00e8 svolta lungo la pista di collaudo dei tir Scania. Giunta alla sua seconda edizione, la competizione ha presentato alcune variazioni di percorso rispetto allo scorso anno, attirando l\u2019attenzione di numerosi giovani atleti svedesi desiderosi di mettersi in evidenza. In un contesto di alto livello e con una partecipazione vivace, l\u2019azzurro Lorenzo Busin ha conquistato un brillante terzo posto, salendo cos\u00ec sul podio e confermando la propria solidit\u00e0 in campo internazionale. La Telgerullen si sta affermando come una delle prove pi\u00f9 interessanti del calendario estivo nordico, capace di unire tradizione sportiva e innovazione, offrendo al tempo stesso un\u2019importante vetrina per gli atleti emergenti e affermati del panorama dello skiroll.<\/p>\n<p>&nbsp;<\/p>\n<p>&nbsp;<\/p>\n<p>&nbsp;<\/p>\n<p>&nbsp;<\/p>\n<p>*********<\/p>\n","protected":false},"excerpt":{"rendered":"<p>******** &nbsp; LANGBACKEN (SVEZIA)\u00a0 Si \u00e8 disputata la Telgerullen, gara di skiroll sulla distanza di 40 chilometri in tecnica classica, che si \u00e8 svolta lungo la pista di collaudo dei tir Scania. Giunta alla sua seconda edizione, la competizione ha presentato alcune variazioni di percorso rispetto allo scorso anno, attirando l\u2019attenzione di numerosi giovani atleti&hellip;<\/p>\n","protected":false},"author":4,"featured_media":469592,"comment_status":"closed","ping_status":"closed","sticky":false,"template":"","format":"standard","meta":{"_monsterinsights_skip_tracking":false,"_monsterinsights_sitenote_active":false,"_monsterinsights_sitenote_note":"","_monsterinsights_sitenote_category":0,"footnotes":""},"categories":[51,49],"tags":[],"class_list":["post-469591","post","type-post","status-publish","format-standard","has-post-thumbnail","hentry","category-evidenza-top","category-news-18","category-51","category-49","description-off"],"img_url":"https:\/\/www.radiopiu.net\/wordpress\/wp-content\/uploads\/2025\/09\/SCR-20250913-mwrg.jpeg","_links":{"self":[{"href":"https:\/\/www.radiopiu.net\/wordpress\/wp-json\/wp\/v2\/posts\/469591","targetHints":{"allow":["GET"]}}],"collection":[{"href":"https:\/\/www.radiopiu.net\/wordpress\/wp-json\/wp\/v2\/posts"}],"about":[{"href":"https:\/\/www.radiopiu.net\/wordpress\/wp-json\/wp\/v2\/types\/post"}],"author":[{"embeddable":true,"href":"https:\/\/www.radiopiu.net\/wordpress\/wp-json\/wp\/v2\/users\/4"}],"replies":[{"embeddable":true,"href":"https:\/\/www.radiopiu.net\/wordpress\/wp-json\/wp\/v2\/comments?post=469591"}],"version-history":[{"count":1,"href":"https:\/\/www.radiopiu.net\/wordpress\/wp-json\/wp\/v2\/posts\/469591\/revisions"}],"predecessor-version":[{"id":469593,"href":"https:\/\/www.radiopiu.net\/wordpress\/wp-json\/wp\/v2\/posts\/469591\/revisions\/469593"}],"wp:featuredmedia":[{"embeddable":true,"href":"https:\/\/www.radiopiu.net\/wordpress\/wp-json\/wp\/v2\/media\/469592"}],"wp:attachment":[{"href":"https:\/\/www.radiopiu.net\/wordpress\/wp-json\/wp\/v2\/media?parent=469591"}],"wp:term":[{"taxonomy":"category","embeddable":true,"href":"https:\/\/www.radiopiu.net\/wordpress\/wp-json\/wp\/v2\/categories?post=469591"},{"taxonomy":"post_tag","embeddable":true,"href":"https:\/\/www.radiopiu.net\/wordpress\/wp-json\/wp\/v2\/tags?post=469591"}],"curies":[{"name":"wp","href":"https:\/\/api.w.org\/{rel}","templated":true}]}}