{"id":469640,"date":"2025-09-15T05:10:45","date_gmt":"2025-09-15T03:10:45","guid":{"rendered":"https:\/\/www.radiopiu.net\/wordpress\/?p=469640"},"modified":"2025-09-15T05:29:33","modified_gmt":"2025-09-15T03:29:33","slug":"belluno-consegna-il-sigillo-della-citta-allassociazione-nazionale-alpini","status":"publish","type":"post","link":"https:\/\/www.radiopiu.net\/wordpress\/belluno-consegna-il-sigillo-della-citta-allassociazione-nazionale-alpini\/","title":{"rendered":"BELLUNO CONSEGNA IL SIGILLO DELLA CITTA&#8217; ALL&#8217;ASSOCIAZIONE NAZIONALE ALPINI"},"content":{"rendered":"<p>********<\/p>\n<p>&nbsp;<\/p>\n<p><strong>BELLUNO <\/strong>Belluno ha reso omaggio all\u2019Associazione Nazionale Alpini conferendo il Sigillo della Citt\u00e0, il massimo riconoscimento civico che l\u2019amministrazione comunale pu\u00f2 attribuire. La cerimonia si \u00e8 svolta nel cuore del capoluogo, alla presenza delle autorit\u00e0, dei rappresentanti delle penne nere e di numerosi cittadini. Nel suo intervento, il Sindaco ha voluto sottolineare il valore di questo gesto, che va oltre la formalit\u00e0: \u201cNei momenti importanti della nostra comunit\u00e0, nei momenti di maggior difficolt\u00e0 che il nostro territorio ha attraversato, gli Alpini c\u2019erano. Con il loro passo silenzioso ma deciso, con le mani pronte ad aiutare e con il cuore rivolto alla collettivit\u00e0. La loro presenza non \u00e8 mai stata episodica, ma costante. Non \u00e8 mai stata urlata, ma concreta.\u201d Il legame tra Belluno e gli Alpini affonda le sue radici nella storia del 7\u00b0 Reggimento Alpini, della Brigata Cadore e nella lunga attivit\u00e0 della Sezione ANA cittadina, fondata 104 anni fa. Ma, ha evidenziato il Sindaco, non si tratta solo di storia: \u201cGli Alpini non sono soltanto memoria, ma esempio quotidiano di cittadinanza attiva, spirito di servizio e solidariet\u00e0. Sempre al fianco della comunit\u00e0, sempre pronti a servire senza mai cercare applausi.\u201d Il Sigillo diventa cos\u00ec un ringraziamento corale della citt\u00e0 per l\u2019impegno dimostrato nelle emergenze, nella protezione civile, nel sostegno ai pi\u00f9 fragili e nelle attivit\u00e0 rivolte ai giovani. \u00c8 anche un riconoscimento ai valori che le penne nere incarnano: onore, lealt\u00e0, fratellanza, memoria, amore per la patria e per la montagna. L\u2019intervento del Sindaco si \u00e8 concluso con parole di forte vicinanza: \u201cAlpini, siete parte integrante dell\u2019identit\u00e0 bellunese. Questo riconoscimento non chiude un cerchio, ma rinsalda un patto di fiducia, affetto e collaborazione. Grazie per ci\u00f2 che siete, per ci\u00f2 che fate e per ci\u00f2 che continuerete a rappresentare per Belluno e per l\u2019Italia intera.\u201d La cerimonia si \u00e8 chiusa con un lungo applauso e con il triplice saluto: <strong data-start=\"2238\" data-end=\"2286\">\u201cViva gli Alpini, viva l\u2019ANA, viva Belluno!\u201d<\/strong><\/p>\n\n\t\t\t<style type='text\/css'>\n\t\t\t\t#gallery-1 {\n\t\t\t\t\tmargin: auto;\n\t\t\t\t}\n\t\t\t\t#gallery-1 .gallery-item {\n\t\t\t\t\tfloat: left;\n\t\t\t\t\tmargin-top: 10px;\n\t\t\t\t\ttext-align: center;\n\t\t\t\t\twidth: 20%;\n\t\t\t\t}\n\t\t\t\t#gallery-1 img {\n\t\t\t\t\tborder: 2px solid #cfcfcf;\n\t\t\t\t}\n\t\t\t\t#gallery-1 .gallery-caption {\n\t\t\t\t\tmargin-left: 0;\n\t\t\t\t}\n\t\t\t\t\/* see gallery_shortcode() in wp-includes\/media.php *\/\n\t\t\t<\/style>\n\t\t<div id='gallery-1' class='dt-gallery-container gallery galleryid-469640 gallery-columns-5 gallery-size-thumbnail'><dl class='gallery-item'>\n\t\t\t\t<dt class='gallery-icon landscape'>\n\t\t\t\t\t<a class=\"rollover rollover-zoom dt-pswp-item\" title=\"image00001\" data-dt-img-description=\"\" data-large_image_width=\"2560\" data-large_image_height=\"1920\"href='https:\/\/www.radiopiu.net\/wordpress\/wp-content\/uploads\/2025\/09\/image00001-scaled.jpeg'><img loading=\"lazy\" decoding=\"async\" width=\"150\" height=\"150\" src=\"https:\/\/www.radiopiu.net\/wordpress\/wp-content\/uploads\/2025\/09\/image00001-150x150.jpeg\" class=\"attachment-thumbnail size-thumbnail\" alt=\"\" \/><\/a>\n\t\t\t\t<\/dt><\/dl><dl class='gallery-item'>\n\t\t\t\t<dt class='gallery-icon landscape'>\n\t\t\t\t\t<a class=\"rollover rollover-zoom dt-pswp-item\" title=\"image00002\" data-dt-img-description=\"\" data-large_image_width=\"2560\" data-large_image_height=\"1920\"href='https:\/\/www.radiopiu.net\/wordpress\/wp-content\/uploads\/2025\/09\/image00002-scaled.jpeg'><img loading=\"lazy\" decoding=\"async\" width=\"150\" height=\"150\" src=\"https:\/\/www.radiopiu.net\/wordpress\/wp-content\/uploads\/2025\/09\/image00002-150x150.jpeg\" class=\"attachment-thumbnail size-thumbnail\" alt=\"\" \/><\/a>\n\t\t\t\t<\/dt><\/dl><dl class='gallery-item'>\n\t\t\t\t<dt class='gallery-icon landscape'>\n\t\t\t\t\t<a class=\"rollover rollover-zoom dt-pswp-item\" title=\"image00003\" data-dt-img-description=\"\" data-large_image_width=\"2560\" data-large_image_height=\"1920\"href='https:\/\/www.radiopiu.net\/wordpress\/wp-content\/uploads\/2025\/09\/image00003-scaled.jpeg'><img loading=\"lazy\" decoding=\"async\" width=\"150\" height=\"150\" src=\"https:\/\/www.radiopiu.net\/wordpress\/wp-content\/uploads\/2025\/09\/image00003-150x150.jpeg\" class=\"attachment-thumbnail size-thumbnail\" alt=\"\" \/><\/a>\n\t\t\t\t<\/dt><\/dl><dl class='gallery-item'>\n\t\t\t\t<dt class='gallery-icon landscape'>\n\t\t\t\t\t<a class=\"rollover rollover-zoom dt-pswp-item\" title=\"image00004\" data-dt-img-description=\"\" data-large_image_width=\"1600\" data-large_image_height=\"1200\"href='https:\/\/www.radiopiu.net\/wordpress\/wp-content\/uploads\/2025\/09\/image00004.jpeg'><img loading=\"lazy\" decoding=\"async\" width=\"150\" height=\"150\" src=\"https:\/\/www.radiopiu.net\/wordpress\/wp-content\/uploads\/2025\/09\/image00004-150x150.jpeg\" class=\"attachment-thumbnail size-thumbnail\" alt=\"\" \/><\/a>\n\t\t\t\t<\/dt><\/dl><dl class='gallery-item'>\n\t\t\t\t<dt class='gallery-icon portrait'>\n\t\t\t\t\t<a class=\"rollover rollover-zoom dt-pswp-item\" title=\"image00005\" data-dt-img-description=\"\" data-large_image_width=\"1200\" data-large_image_height=\"1599\"href='https:\/\/www.radiopiu.net\/wordpress\/wp-content\/uploads\/2025\/09\/image00005.jpeg'><img loading=\"lazy\" decoding=\"async\" width=\"150\" height=\"150\" src=\"https:\/\/www.radiopiu.net\/wordpress\/wp-content\/uploads\/2025\/09\/image00005-150x150.jpeg\" class=\"attachment-thumbnail size-thumbnail\" alt=\"\" \/><\/a>\n\t\t\t\t<\/dt><\/dl><br style=\"clear: both\" \/>\n\t\t\t<\/div>\n\n<p>&nbsp;<\/p>\n<p>&nbsp;<\/p>\n<p>&nbsp;<\/p>\n<p>*********<\/p>\n","protected":false},"excerpt":{"rendered":"<p>******** &nbsp; BELLUNO Belluno ha reso omaggio all\u2019Associazione Nazionale Alpini conferendo il Sigillo della Citt\u00e0, il massimo riconoscimento civico che l\u2019amministrazione comunale pu\u00f2 attribuire. La cerimonia si \u00e8 svolta nel cuore del capoluogo, alla presenza delle autorit\u00e0, dei rappresentanti delle penne nere e di numerosi cittadini. Nel suo intervento, il Sindaco ha voluto sottolineare il&hellip;<\/p>\n","protected":false},"author":4,"featured_media":469643,"comment_status":"closed","ping_status":"closed","sticky":false,"template":"","format":"standard","meta":{"_monsterinsights_skip_tracking":false,"_monsterinsights_sitenote_active":false,"_monsterinsights_sitenote_note":"","_monsterinsights_sitenote_category":0,"footnotes":""},"categories":[51,49],"tags":[],"class_list":["post-469640","post","type-post","status-publish","format-standard","has-post-thumbnail","hentry","category-evidenza-top","category-news-18","category-51","category-49","description-off"],"img_url":"https:\/\/www.radiopiu.net\/wordpress\/wp-content\/uploads\/2025\/09\/image00003-scaled.jpeg","_links":{"self":[{"href":"https:\/\/www.radiopiu.net\/wordpress\/wp-json\/wp\/v2\/posts\/469640","targetHints":{"allow":["GET"]}}],"collection":[{"href":"https:\/\/www.radiopiu.net\/wordpress\/wp-json\/wp\/v2\/posts"}],"about":[{"href":"https:\/\/www.radiopiu.net\/wordpress\/wp-json\/wp\/v2\/types\/post"}],"author":[{"embeddable":true,"href":"https:\/\/www.radiopiu.net\/wordpress\/wp-json\/wp\/v2\/users\/4"}],"replies":[{"embeddable":true,"href":"https:\/\/www.radiopiu.net\/wordpress\/wp-json\/wp\/v2\/comments?post=469640"}],"version-history":[{"count":1,"href":"https:\/\/www.radiopiu.net\/wordpress\/wp-json\/wp\/v2\/posts\/469640\/revisions"}],"predecessor-version":[{"id":469646,"href":"https:\/\/www.radiopiu.net\/wordpress\/wp-json\/wp\/v2\/posts\/469640\/revisions\/469646"}],"wp:featuredmedia":[{"embeddable":true,"href":"https:\/\/www.radiopiu.net\/wordpress\/wp-json\/wp\/v2\/media\/469643"}],"wp:attachment":[{"href":"https:\/\/www.radiopiu.net\/wordpress\/wp-json\/wp\/v2\/media?parent=469640"}],"wp:term":[{"taxonomy":"category","embeddable":true,"href":"https:\/\/www.radiopiu.net\/wordpress\/wp-json\/wp\/v2\/categories?post=469640"},{"taxonomy":"post_tag","embeddable":true,"href":"https:\/\/www.radiopiu.net\/wordpress\/wp-json\/wp\/v2\/tags?post=469640"}],"curies":[{"name":"wp","href":"https:\/\/api.w.org\/{rel}","templated":true}]}}