{"id":469648,"date":"2025-09-15T00:00:08","date_gmt":"2025-09-14T22:00:08","guid":{"rendered":"https:\/\/www.radiopiu.net\/wordpress\/?p=469648"},"modified":"2025-09-15T05:32:32","modified_gmt":"2025-09-15T03:32:32","slug":"la-16-comuni-ai-piani-di-pezze-ad-alleghe-la-diretta","status":"publish","type":"post","link":"https:\/\/www.radiopiu.net\/wordpress\/la-16-comuni-ai-piani-di-pezze-ad-alleghe-la-diretta\/","title":{"rendered":"LA 16 COMUNI AI PIANI DI PEZZE&#8217; AD ALLEGHE &#8211; LA DIRETTA"},"content":{"rendered":"<p>*******<\/p>\n<p>&nbsp;<\/p>\n<p><strong>ALLEGHE<\/strong> Il Trofeo dei 16 Comuni dell\u2019Agordino \u00e8 una corsa in montagna a staffetta che ogni anno unisce sport e comunit\u00e0 nei paesaggi dolomitici. L\u2019edizione 2025 si svolger\u00e0 ai Piani di Pezz\u00e8, ad Alleghe, con vista sulle cime pi\u00f9 spettacolari delle Dolomiti bellunesi. La manifestazione coinvolge i 16 comuni dell\u2019Unione Montana Agordina e promuove tradizione, amicizia e coesione sociale.<\/p>\n<h3><em><strong>IL PROSSIMO ANNO: TROFEO DEI 16 COMUNI DA VALLADA AGORDINA<\/strong><\/em><\/h3>\n<p><strong>LA DIRETTA RADIO PIU&#8217;<br \/>\n<span style=\"color: #ff0000;\">Un grande Elia Barp, trascina il Falcade 2 alla vittoria della 16 Comuni Senior maschile. Ad inseguirlo nell&#8217;ultimo giro Matteo Costa e Ivan Dell&#8217;Osbel del Taibon 1 e Alessandro Manfroi del Canale d&#8217;Agordo 1<\/span><br \/>\nCLASSIFICA FINALE STAFFETTA<span style=\"color: #0000ff;\"> Falcade 2\u00a0 al primo posto,<\/span> 2) Taibon 1 3) Canale d&#8217;Agordo 1 4) La Valle 1\u00a0<\/strong><\/p>\n<p><strong>FALCADE 2 <\/strong>Dante Barp,\u00a0 Davide\u00a0 Capra ed Elia Barp,<br \/>\n<strong>TAIBON 1<\/strong> Nicola Costantini, Valentino Costa e Matteo Costa<br \/>\n<strong>CANALE 1<\/strong> Mattia Fenti, Nicola Fontanive e Alessandro Manfroi<\/p>\n<hr \/>\n<p>&nbsp;<\/p>\n<p><span style=\"color: #0000ff;\"><em>AUDIO: IL SINDACO DI ALLEGHE DANILO DE TONI, &#8220;GRAZIE!&#8221;<\/em><\/span><\/p>\n<audio class=\"wp-audio-shortcode\" id=\"audio-469648-1\" preload=\"none\" style=\"width: 100%;\" controls=\"controls\"><source type=\"audio\/mpeg\" src=\"https:\/\/www.radiopiu.net\/wordpress\/wp-content\/uploads\/2025\/09\/DANILO-DE-TONI.mp3?_=1\" \/><a href=\"https:\/\/www.radiopiu.net\/wordpress\/wp-content\/uploads\/2025\/09\/DANILO-DE-TONI.mp3\">https:\/\/www.radiopiu.net\/wordpress\/wp-content\/uploads\/2025\/09\/DANILO-DE-TONI.mp3<\/a><\/audio>\n<p>&nbsp;<\/p>\n<h1>VIDEO DIRETTA MASCHILE<\/h1>\n<p><iframe loading=\"lazy\" title=\"LA 16 COMUNI AI PIANI DI PEZZE&#039; AD ALLEGHE\" width=\"1200\" height=\"900\" src=\"https:\/\/www.youtube.com\/embed\/CVzkNRMt9Jc?feature=oembed\" frameborder=\"0\" allow=\"accelerometer; autoplay; clipboard-write; encrypted-media; gyroscope; picture-in-picture; web-share\" referrerpolicy=\"strict-origin-when-cross-origin\" allowfullscreen><\/iframe><\/p>\n<p>&nbsp;<\/p>\n<p><strong>LA DIRETTA RADIO PIU&#8217;<\/strong><\/p>\n<p><strong>CLASSIFICA FINALE STAFFETTA FEMMINILE<\/strong>\u00a0<span style=\"color: #0000ff;\"> al primo posto Falcade2\u00a0<\/span> 2) Taibon\u00a0 3) La Valle 1<\/p>\n<p><strong>FALCADE 4<\/strong> , Martina Scola, Caterina Milani e Vanessa Cagnati<\/p>\n<p><strong>FALCADE 1\u00a0 Francesca Olivier, Lisa Ganz, Arianna Micheluzzi<\/strong><\/p>\n<p><strong>LA VALLE 1 Daniela Zuanel, Jessica Angoletta, Alessandra De Zaiacomo\u00a0\u00a0<\/strong><\/p>\n<p>&nbsp;<\/p>\n<p><strong>UNDER 15 MASCHILE 1 <\/strong>FALCADE 2 Tommaso Moretti, Matteo Moretti, Nicholas Chiocchetti, <strong>2<\/strong> CANALE D&#8217;AGORDO 1 RiccardoTibolla, Federico De Bernadin, Jacopo Deola\u00a0 \u00a0<strong> 3<\/strong> CENCENIGHE 1 Emre Chenet, Nicolo&#8217; Baiolla, Mattias Mondi<\/p>\n<p><strong>UNDER 15 FEMMINILE FEMMINILE 1\u00a0<\/strong> LA VALLE 1 Dalia Fadig\u00e0, Gaia Pollazzon, Dora Maria Bortot 2 AGORDO <strong>2<\/strong> Giorgia Bettini, Selena Ceccon e Azzurra Thorpe Deola <strong>3<\/strong> VOLTAGO 1\u00a0 Emma Latti, Ilenia Venialetti, Alice Latti<\/p>\n<p>&nbsp;<\/p>\n<h1>VIDEO DIRETTA FEMMINILE E UNDER 15<\/h1>\n<p>&nbsp;<\/p>\n<p><iframe loading=\"lazy\" title=\"LA 16 COMUNI AI PIANI DI PEZZE&#039; AD ALLEGHE\" width=\"1200\" height=\"900\" src=\"https:\/\/www.youtube.com\/embed\/mA4Ef50QuXk?feature=oembed\" frameborder=\"0\" allow=\"accelerometer; autoplay; clipboard-write; encrypted-media; gyroscope; picture-in-picture; web-share\" referrerpolicy=\"strict-origin-when-cross-origin\" allowfullscreen><\/iframe><\/p>\n<p>&nbsp;<\/p>\n<p>&nbsp;<\/p>\n<p>&nbsp;<\/p>\n<p>&nbsp;<\/p>\n<p>&nbsp;<\/p>\n<p>&nbsp;<\/p>\n<p>&nbsp;<\/p>\n<p>************<\/p>\n","protected":false},"excerpt":{"rendered":"<p>******* &nbsp; ALLEGHE Il Trofeo dei 16 Comuni dell\u2019Agordino \u00e8 una corsa in montagna a staffetta che ogni anno unisce sport e comunit\u00e0 nei paesaggi dolomitici. L\u2019edizione 2025 si svolger\u00e0 ai Piani di Pezz\u00e8, ad Alleghe, con vista sulle cime pi\u00f9 spettacolari delle Dolomiti bellunesi. La manifestazione coinvolge i 16 comuni dell\u2019Unione Montana Agordina e&hellip;<\/p>\n","protected":false},"author":4,"featured_media":469649,"comment_status":"closed","ping_status":"closed","sticky":false,"template":"","format":"standard","meta":{"_monsterinsights_skip_tracking":false,"_monsterinsights_sitenote_active":false,"_monsterinsights_sitenote_note":"","_monsterinsights_sitenote_category":0,"footnotes":""},"categories":[104,49],"tags":[],"class_list":["post-469648","post","type-post","status-publish","format-standard","has-post-thumbnail","hentry","category-evidenza_3","category-news-18","category-104","category-49","description-off"],"img_url":"https:\/\/www.radiopiu.net\/wordpress\/wp-content\/uploads\/2025\/09\/SCR-20250914-gzef.png","_links":{"self":[{"href":"https:\/\/www.radiopiu.net\/wordpress\/wp-json\/wp\/v2\/posts\/469648","targetHints":{"allow":["GET"]}}],"collection":[{"href":"https:\/\/www.radiopiu.net\/wordpress\/wp-json\/wp\/v2\/posts"}],"about":[{"href":"https:\/\/www.radiopiu.net\/wordpress\/wp-json\/wp\/v2\/types\/post"}],"author":[{"embeddable":true,"href":"https:\/\/www.radiopiu.net\/wordpress\/wp-json\/wp\/v2\/users\/4"}],"replies":[{"embeddable":true,"href":"https:\/\/www.radiopiu.net\/wordpress\/wp-json\/wp\/v2\/comments?post=469648"}],"version-history":[{"count":12,"href":"https:\/\/www.radiopiu.net\/wordpress\/wp-json\/wp\/v2\/posts\/469648\/revisions"}],"predecessor-version":[{"id":469663,"href":"https:\/\/www.radiopiu.net\/wordpress\/wp-json\/wp\/v2\/posts\/469648\/revisions\/469663"}],"wp:featuredmedia":[{"embeddable":true,"href":"https:\/\/www.radiopiu.net\/wordpress\/wp-json\/wp\/v2\/media\/469649"}],"wp:attachment":[{"href":"https:\/\/www.radiopiu.net\/wordpress\/wp-json\/wp\/v2\/media?parent=469648"}],"wp:term":[{"taxonomy":"category","embeddable":true,"href":"https:\/\/www.radiopiu.net\/wordpress\/wp-json\/wp\/v2\/categories?post=469648"},{"taxonomy":"post_tag","embeddable":true,"href":"https:\/\/www.radiopiu.net\/wordpress\/wp-json\/wp\/v2\/tags?post=469648"}],"curies":[{"name":"wp","href":"https:\/\/api.w.org\/{rel}","templated":true}]}}