{"id":469776,"date":"2025-09-16T05:50:39","date_gmt":"2025-09-16T03:50:39","guid":{"rendered":"https:\/\/www.radiopiu.net\/wordpress\/?p=469776"},"modified":"2025-09-16T08:21:00","modified_gmt":"2025-09-16T06:21:00","slug":"giornale-radiopiu-16-settembre-2025-direttore-mirko-mezzacasa","status":"publish","type":"post","link":"https:\/\/www.radiopiu.net\/wordpress\/giornale-radiopiu-16-settembre-2025-direttore-mirko-mezzacasa\/","title":{"rendered":"GIORNALE RADIOPIU 16 SETTEMBRE 2025 DIRETTORE MIRKO MEZZACASA"},"content":{"rendered":"<p>***<\/p>\n<p>&nbsp;<\/p>\n<p><em><span style=\"color: #ff0000;\"><a class=\"dt-pswp-item\" href=\"https:\/\/www.radiopiu.net\/wordpress\/wp-content\/uploads\/2024\/10\/Senza-nome-8.png\" data-dt-img-description=\"\" data-large_image_width=\"343\" data-large_image_height=\"303\"><img loading=\"lazy\" decoding=\"async\" class=\"wp-image-412130 alignleft\" src=\"https:\/\/www.radiopiu.net\/wordpress\/wp-content\/uploads\/2024\/10\/Senza-nome-8-300x265.png\" alt=\"\" width=\"105\" height=\"93\" srcset=\"https:\/\/www.radiopiu.net\/wordpress\/wp-content\/uploads\/2024\/10\/Senza-nome-8-300x265.png 300w, https:\/\/www.radiopiu.net\/wordpress\/wp-content\/uploads\/2024\/10\/Senza-nome-8.png 343w\" sizes=\"auto, (max-width: 105px) 100vw, 105px\" \/><\/a><\/span><\/em><strong><em><span style=\"color: #ff0000;\"> LA\u00a0 APP PER IOS-IPHONE di Nicola Vettorello<\/span><\/em><\/strong><\/p>\n<p><strong><span style=\"color: #0000ff;\"><a style=\"color: #0000ff;\" href=\"https:\/\/apps.apple.com\/it\/app\/radio-pi%C3%B9-emittente-agordina\/id1515939845\">https:\/\/apps.apple.com\/it\/app\/radio-pi%C3%B9-emittente-agordina\/id1515939845<\/a><\/span><\/strong><\/p>\n<p><strong><em style=\"color: #ff0000;\">LA\u00a0 APP RADIO\u00a0 PER ANDROID di Nicola Vettorello<\/em><\/strong><\/p>\n<p><strong><span style=\"color: #0000ff;\"><a style=\"color: #0000ff;\" href=\"https:\/\/play.google.com\/store\/apps\/details?id=net.radiopiu.iniko\" target=\"_blank\" rel=\"noopener noreferrer\">https:\/\/<\/a><a style=\"color: #0000ff;\" href=\"https:\/\/play.google.com\/store\/apps\/details?id=net.radiopiu.iniko\" target=\"_blank\" rel=\"noopener noreferrer\">play.google.com\/store\/apps\/details?id=net.radiopiu.iniko\u00a0\u00a0\u00a0\u00a0\u00a0<\/a><\/span><\/strong><\/p>\n<p>&nbsp;<\/p>\n<hr \/>\n<p><span style=\"color: #0000ff;\">\u00a0\u00a0<\/span><\/p>\n<blockquote>\n<div class=\"mceTemp\">\n<h1 data-start=\"0\" data-end=\"60\"><strong data-start=\"0\" data-end=\"60\">OGGI SU RADIOPI\u00d9: MUSICA, informazione\u00a0 e dirette\u00a0<\/strong><\/h1>\n<\/div>\n<\/blockquote>\n<p class=\"\" data-start=\"62\" data-end=\"463\"><strong><a class=\"dt-pswp-item\" href=\"https:\/\/www.radiopiu.net\/wordpress\/wp-content\/uploads\/2025\/09\/Screenshot-2025-09-16-050609.png\" data-dt-img-description=\"\" data-large_image_width=\"100\" data-large_image_height=\"109\"><img loading=\"lazy\" decoding=\"async\" class=\" wp-image-470013 alignleft\" src=\"https:\/\/www.radiopiu.net\/wordpress\/wp-content\/uploads\/2025\/09\/Screenshot-2025-09-16-050609.png\" alt=\"\" width=\"123\" height=\"134\" \/><\/a>ALLE 8.05 LA RASSEGNA STAMPA LOCALE 8.25 PIU SIAMO DI MARINA DONA&#8217;<\/strong><strong> 900 ALEX E LA SUA MUSICA, LA MUSICA COUNTRY\u00a0 9.40 OGGI COME IERI DI SILVIA BALDO 10.10 MUSLA, LE NOVE IN LADIN CON Anna dalla Valle del Biois_Falcade 10.30 spettacolo teatrale alla casa delle arti, Belluno, con Marina Don\u00e0 11.00 curiosando&#8230;curiosando&#8230; di paola lanciato 11.30 TRE PER DUE &#8230; PER TE&#8230; DI MARINA 12.00 IL LISCIO DI MIRCO BENCIVENNI 12.30 GR PRINCIPALE\u00a0 13 10 SPECIALE MONDO DEL VOLONTARIATO DELLE AMBULANZE, PRIMA PUNTATA CON FELICE GAIARDO, IL PRESIDENTE DEL COORDINAMENTO AGORDINO-ZOLDANO AMBULANZE (FOTO) 13.20 collage operazione nostalgia di loris scussel 14.00 TRE PEZZI&#8230; LA MUSICA DELL&#8217;ESTATE 1430 GOLDEN CLASSIC LA MUSICA 70-80&#8230; UNO DOPO L&#8217;ALTRO SOLO GRANDI SUCCESSI CON MARCO EDELVAIS 15.10\u00a0 ARCADE SHOW DI ELIA CASAGRANDE<\/strong><strong>\u00a0<\/strong> <strong>16 45 LE HIT STORICHE DI MIRCO BENCIVENNI<\/strong>\u00a0 <strong>18.10 LASTE ROCK&#8230; CON SIMONE E MATTEO I PARTICOLARI DELL&#8217;EVENTO DEL FINE SETTIMANA<\/strong> <strong>19.05 LE ANTICIPAZIONI DAL TG DI ANTENNA 3 DA UN\u2019IDEA DI TIZIANA BOLOGNANI 19.20 ENRICA SCOPEL, IT&#8217;S ACADEMY<\/strong><\/p>\n<blockquote>\n<h1>Radio Pi\u00f9: due progetti speciali per raccontare storie e comunit\u00e0<\/h1>\n<\/blockquote>\n<blockquote>\n<p data-start=\"163\" data-end=\"302\">La redazione giornalistica di Radio Pi\u00f9 \u00e8 pronta a partire con due iniziative che promettono di appassionare ascoltatori di tutte le et\u00e0.<\/p>\n<\/blockquote>\n<p data-start=\"304\" data-end=\"783\"><img loading=\"lazy\" decoding=\"async\" class=\"alignleft\" src=\"https:\/\/www.radiopiu.net\/wordpress\/wp-content\/uploads\/2024\/10\/Senza-nome-8.png\" width=\"212\" height=\"187\" \/>Il primo progetto riguarda la <strong data-start=\"334\" data-end=\"430\">seconda stagione delle storie dei periti minerari e chimici dell\u2019Istituto Follador di Agordo<\/strong>. Un viaggio tra memoria, formazione e professioni, che racconter\u00e0 ogni settimana le vicende e le esperienze di chi ha studiato in questo storico istituto. Appuntamento fisso <strong data-start=\"616\" data-end=\"653\">il luned\u00ec alle 10.30 e alle 19.20<\/strong>, per un anno intero, per non perdere nemmeno un episodio di questa serie che unisce storia, cultura e racconti di vita vissuta. Ogni settimana un racconto, alla Radio (fm Belluno-dab in tutto il Veneto) e su tutti i canali social<\/p>\n<p data-start=\"785\" data-end=\"1220\">Il secondo progetto \u00e8 dedicato al cuore pulsante della comunit\u00e0: <strong data-start=\"850\" data-end=\"883\">la settimana del volontariato<\/strong>. Da oggi a venerd\u00ec, Radio Pi\u00f9 porter\u00e0 i suoi ascoltatori alla scoperta delle realt\u00e0 del volontariato zoldano e agordino, tra storie di impegno, passione e solidariet\u00e0. Gli incontri andranno in onda <strong data-start=\"1082\" data-end=\"1121\">ogni giorno alle 13.10 e alle 20.10<\/strong>, offrendo uno spazio per conoscere chi lavora quotidianamente per gli altri e per il territorio.<\/p>\n<p data-start=\"1222\" data-end=\"1532\">Due progetti diversi, ma con un filo comune: raccontare storie autentiche e dare voce a persone, professioni e realt\u00e0 locali che meritano attenzione. Radio Pi\u00f9 conferma cos\u00ec il suo ruolo di ponte tra comunit\u00e0, informazione e cultura, trasformando ogni trasmissione in un\u2019occasione di scoperta e condivisione.<\/p>\n<p>&nbsp;<\/p>\n<p>&nbsp;<\/p>\n<hr \/>\n<div class=\"x11i5rnm xat24cr x1mh8g0r x1vvkbs xtlvy1s x126k92a\">\n<blockquote>\n<h1><strong><a class=\"dt-pswp-item\" href=\"https:\/\/www.radiopiu.net\/wordpress\/wp-content\/uploads\/2024\/10\/629301fd-708d-4f53-95c2-d28cbefd500f.jpg\" data-dt-img-description=\"\" data-large_image_width=\"1600\" data-large_image_height=\"1322\"><img loading=\"lazy\" decoding=\"async\" class=\"wp-image-413782 alignright\" src=\"https:\/\/www.radiopiu.net\/wordpress\/wp-content\/uploads\/2024\/10\/629301fd-708d-4f53-95c2-d28cbefd500f-300x248.jpg\" alt=\"\" width=\"106\" height=\"88\" srcset=\"https:\/\/www.radiopiu.net\/wordpress\/wp-content\/uploads\/2024\/10\/629301fd-708d-4f53-95c2-d28cbefd500f-300x248.jpg 300w, https:\/\/www.radiopiu.net\/wordpress\/wp-content\/uploads\/2024\/10\/629301fd-708d-4f53-95c2-d28cbefd500f-1024x846.jpg 1024w, https:\/\/www.radiopiu.net\/wordpress\/wp-content\/uploads\/2024\/10\/629301fd-708d-4f53-95c2-d28cbefd500f-768x635.jpg 768w, https:\/\/www.radiopiu.net\/wordpress\/wp-content\/uploads\/2024\/10\/629301fd-708d-4f53-95c2-d28cbefd500f-1536x1269.jpg 1536w, https:\/\/www.radiopiu.net\/wordpress\/wp-content\/uploads\/2024\/10\/629301fd-708d-4f53-95c2-d28cbefd500f.jpg 1600w\" sizes=\"auto, (max-width: 106px) 100vw, 106px\" \/><\/a><\/strong><\/h1>\n<h1><strong><a class=\"dt-pswp-item\" href=\"https:\/\/www.radiopiu.net\/wordpress\/wp-content\/uploads\/2024\/11\/th-18.jpg\" data-dt-img-description=\"\" data-large_image_width=\"156\" data-large_image_height=\"180\"><img loading=\"lazy\" decoding=\"async\" class=\"size-full wp-image-421611 alignleft\" src=\"https:\/\/www.radiopiu.net\/wordpress\/wp-content\/uploads\/2024\/11\/th-18.jpg\" alt=\"\" width=\"156\" height=\"180\" \/><\/a><\/strong><\/h1>\n<h1><strong>N di parom &#8211; L Almanach de la nosta jent<\/strong><\/h1>\n<\/blockquote>\n<p>&nbsp;<\/p>\n<p>Le voci: Davide Conedera, Agordo, Michela Dell&#8217;Osbel, La Valle Agordina Simone Ganz, Falcade Veronica Lezuo, Colle Santa Lucia. La voce nella sigla \u00e8 di Giorgia Taio<\/p>\n<p><strong>LA PUNTATA DI OGGI, 16 SETTEMBRE 2025<\/strong><\/p>\n<audio class=\"wp-audio-shortcode\" id=\"audio-469776-1\" preload=\"none\" style=\"width: 100%;\" controls=\"controls\"><source type=\"audio\/mpeg\" src=\"https:\/\/www.radiopiu.net\/wordpress\/wp-content\/uploads\/2025\/09\/AL2-2.mp3?_=1\" \/><a href=\"https:\/\/www.radiopiu.net\/wordpress\/wp-content\/uploads\/2025\/09\/AL2-2.mp3\">https:\/\/www.radiopiu.net\/wordpress\/wp-content\/uploads\/2025\/09\/AL2-2.mp3<\/a><\/audio>\n<\/div>\n<p>&nbsp;<\/p>\n<hr \/>\n<p>&nbsp;<\/p>\n<p>&nbsp;<\/p>\n<div class=\"x11i5rnm xat24cr x1mh8g0r x1vvkbs xtlvy1s x126k92a\">\n<div dir=\"auto\">\n<div dir=\"auto\">\n<p><strong><a class=\"dt-pswp-item\" href=\"https:\/\/www.radiopiu.net\/wordpress\/wp-content\/uploads\/2025\/07\/file-2.jpg\" data-dt-img-description=\"\" data-large_image_width=\"640\" data-large_image_height=\"641\"><img loading=\"lazy\" decoding=\"async\" class=\"wp-image-460616 alignleft\" src=\"https:\/\/www.radiopiu.net\/wordpress\/wp-content\/uploads\/2025\/07\/file-2-300x300.jpg\" alt=\"\" width=\"141\" height=\"141\" srcset=\"https:\/\/www.radiopiu.net\/wordpress\/wp-content\/uploads\/2025\/07\/file-2-300x300.jpg 300w, https:\/\/www.radiopiu.net\/wordpress\/wp-content\/uploads\/2025\/07\/file-2-150x150.jpg 150w, https:\/\/www.radiopiu.net\/wordpress\/wp-content\/uploads\/2025\/07\/file-2.jpg 640w\" sizes=\"auto, (max-width: 141px) 100vw, 141px\" \/><\/a>EL BAL DEL FIOR, DI GIULIANA DA RONCH, 16 SETTEMBRE<\/strong><strong>\u00a02025<\/strong><\/p>\n<\/div>\n<\/div>\n<div dir=\"auto\">\n<div dir=\"auto\">\n<p>&nbsp;<\/p>\n<p>&nbsp;<\/p>\n<\/div>\n<\/div>\n<\/div>\n<div class=\"x11i5rnm xat24cr x1mh8g0r x1vvkbs xtlvy1s x126k92a\"><\/div>\n<div class=\"x11i5rnm xat24cr x1mh8g0r x1vvkbs xtlvy1s x126k92a\">\n<div dir=\"auto\">\n<audio class=\"wp-audio-shortcode\" id=\"audio-469776-2\" preload=\"none\" style=\"width: 100%;\" controls=\"controls\"><source type=\"audio\/mpeg\" src=\"https:\/\/www.radiopiu.net\/wordpress\/wp-content\/uploads\/2025\/09\/GMA-2.mp3?_=2\" \/><a href=\"https:\/\/www.radiopiu.net\/wordpress\/wp-content\/uploads\/2025\/09\/GMA-2.mp3\">https:\/\/www.radiopiu.net\/wordpress\/wp-content\/uploads\/2025\/09\/GMA-2.mp3<\/a><\/audio>\n<p>&nbsp;<\/p>\n<hr \/>\n<\/div>\n<\/div>\n<blockquote>\n<blockquote>\n<h1><span style=\"color: #ff0000;\">\u00a0<\/span><\/h1>\n<h1><span style=\"color: #ff0000;\">I podcast informativi del mattino &#8211; audio &#8211;\u00a0\u00a0<\/span><\/h1>\n<\/blockquote>\n<p><strong><a class=\"dt-pswp-item\" href=\"https:\/\/www.radiopiu.net\/wordpress\/wp-content\/uploads\/2024\/11\/6.jpg\" data-dt-img-description=\"\" data-large_image_width=\"177\" data-large_image_height=\"180\"><img loading=\"lazy\" decoding=\"async\" class=\"size-full wp-image-417911 alignleft\" src=\"https:\/\/www.radiopiu.net\/wordpress\/wp-content\/uploads\/2024\/11\/6.jpg\" alt=\"\" width=\"177\" height=\"180\" \/><\/a>LA RASSEGNA STAMPA NAZIONALE ALLA RADIO, OGNI GIORNO ALLE 5 E ALLE 6 DEL MATTINO <span style=\"color: #0000ff;\">viene pubblicata alle 6.00 <span style=\"color: #ff0000;\">DIRETTA RADIO\u00a0 \u00a0\u00a0<\/span><\/span><\/strong><\/p><\/blockquote>\n<h1><strong>NOTIZIE DELLA NOTTE\u00a0<\/strong><\/h1>\n<p data-start=\"74\" data-end=\"136\"><strong data-start=\"74\" data-end=\"134\">CONFLITTO ISRAELE-GAZA: RAID, OSTAGGI E ATTACCHI POTENTI<\/strong><\/p>\n<p data-start=\"137\" data-end=\"417\"><strong>La situazione a Gaza City<\/strong> si fa sempre pi\u00f9 critica: secondo fonti israeliane, l\u2019IDF sta conducendo potenti attacchi sulla citt\u00e0, con 37 raid in appena 20 minuti. Le famiglie degli ostaggi temono per la loro vita: \u201cPotrebbe essere la loro ultima notte\u201d, riferiscono fonti locali.<\/p>\n<p data-start=\"419\" data-end=\"894\"><strong>Donald Trump<\/strong>, intervenuto sulla crisi, ha condannato l\u2019uso degli ostaggi da parte di Hamas come scudi umani definendolo un\u2019atrocit\u00e0. Ha inoltre annunciato l\u2019invio della Guardia Nazionale a Memphis e Chicago per garantire la sicurezza interna. Trump ha aggiunto che il primo ministro israeliano Netanyahu non lo aveva avvertito in anticipo prima di un raid a Doha. Dal canto suo, <strong>Netanyahu<\/strong> ha ringraziato Trump per il sostegno e la collaborazione nella gestione della crisi.<\/p>\n<p data-start=\"896\" data-end=\"1219\">Altri eventi internazionali e nazionali: <strong>Vance prende il testimone politico da Charlie Kirk<\/strong> per rafforzare il suo movimento; intanto, <strong>in Trentino,<\/strong> una 15enne promessa del pattinaggio \u00e8 stata tragicamente investita e uccisa da un camion in Val Rendena.\u00a0<strong> A Sulmona<\/strong> una 12enne nega di aver subito abusi.<\/p>\n<h1>IL GIORNALE DELLE SEI DEL MATTINO<\/h1>\n<audio class=\"wp-audio-shortcode\" id=\"audio-469776-3\" preload=\"none\" style=\"width: 100%;\" controls=\"controls\"><source type=\"audio\/mpeg\" src=\"https:\/\/www.radiopiu.net\/wordpress\/wp-content\/uploads\/2025\/09\/GIORNALEDELLESEI-14.mp3?_=3\" \/><a href=\"https:\/\/www.radiopiu.net\/wordpress\/wp-content\/uploads\/2025\/09\/GIORNALEDELLESEI-14.mp3\">https:\/\/www.radiopiu.net\/wordpress\/wp-content\/uploads\/2025\/09\/GIORNALEDELLESEI-14.mp3<\/a><\/audio>\n<p>&nbsp;<\/p>\n<p>&nbsp;<\/p>\n<p>&nbsp;<\/p>\n<p>&nbsp;<\/p>\n<hr \/>\n<p>&nbsp;<\/p>\n<h1 style=\"text-align: center;\"><span style=\"color: #ff0000;\"><a class=\"dt-pswp-item\" href=\"https:\/\/www.radiopiu.net\/wordpress\/wp-content\/uploads\/2024\/11\/7.jpg\" data-dt-img-description=\"\" data-large_image_width=\"180\" data-large_image_height=\"180\"><img loading=\"lazy\" decoding=\"async\" class=\"size-full wp-image-417912 alignleft\" src=\"https:\/\/www.radiopiu.net\/wordpress\/wp-content\/uploads\/2024\/11\/7.jpg\" alt=\"\" width=\"180\" height=\"180\" srcset=\"https:\/\/www.radiopiu.net\/wordpress\/wp-content\/uploads\/2024\/11\/7.jpg 180w, https:\/\/www.radiopiu.net\/wordpress\/wp-content\/uploads\/2024\/11\/7-150x150.jpg 150w\" sizes=\"auto, (max-width: 180px) 100vw, 180px\" \/><\/a>I podcast informativi del mattino &#8211; audio &#8211;\u00a0<\/span><\/h1>\n<p><strong>OGNI GIORNO ALLE SETTE DEL MATTINO, LA RASSEGNA STAMPA LOCALE FLASH&#8230; PER CHI VA IN FRETTA. I TITOLI DAI GIORNALI E DAL SITO WWW.RADIOPIU.NET <span style=\"color: #0000ff;\">viene pubblicato alle 7.00<\/span> <span style=\"color: #ff0000;\">DIRETTA RADIO\u00a0<\/span><\/strong><\/p>\n<p><em><span style=\"color: #ff0000;\">per chi va in fretta&#8230; tante notizie in pochi minuti. L&#8217;informazione locale alla radio, ogni ora dalle 7 del mattino alle 19 della sera.\u00a0\u00a0<\/span><\/em><\/p>\n<p><strong data-start=\"0\" data-end=\"62\">Notizie locali dal Bellunese: tra cronaca, eventi e novit\u00e0<\/strong><\/p>\n<p>&nbsp;<\/p>\n<div class=\"flex flex-1 grow basis-auto flex-col overflow-hidden\">\n<div class=\"relative h-full\">\n<div class=\"flex h-full flex-col overflow-y-auto [scrollbar-gutter:stable]\">\n<div class=\"mt-1.5 flex flex-col text-sm @thread-xl\/thread:pt-header-height md:pb-9\">\n<article class=\"group\/turn w-full text-token-text-primary focus-visible:outline-none\" dir=\"auto\" tabindex=\"-1\" data-testid=\"conversation-turn-2\" data-scroll-anchor=\"true\">\n<div class=\"text-base my-auto mx-auto py-5 px-6\">\n<div class=\"mx-auto flex flex-1 text-base gap-4 md:gap-5 lg:gap-6 md:max-w-3xl\">\n<div class=\"group\/conversation-turn relative flex w-full min-w-0 flex-col agent-turn @xs\/thread:px-0 @sm\/thread:px-1.5 @md\/thread:px-4\">\n<div class=\"relative flex-col gap-1 md:gap-3\">\n<div class=\"flex max-w-full flex-col flex-grow\">\n<div class=\"min-h-8 text-message relative flex w-full flex-col items-end gap-2 whitespace-normal break-words text-start [.text-message+&amp;]:mt-5\" dir=\"auto\" data-message-author-role=\"assistant\" data-message-id=\"bff05fc0-dc7c-4ab7-9b20-d3eec753127b\" data-message-model-slug=\"gpt-4o-mini\">\n<div class=\"flex w-full flex-col gap-1 empty:hidden first:pt-[3px]\">\n<div class=\"markdown prose w-full break-words dark:prose-invert dark\">\n<p class=\"\" data-start=\"64\" data-end=\"329\"><em><strong>Radio Pi\u00f9 offre una panoramica sui principali eventi e notizie in provincia di Belluno, accompagnata dalla programmazione radiofonica. Tra le principali notizie<\/strong><\/em><\/p>\n<\/div>\n<\/div>\n<\/div>\n<\/div>\n<\/div>\n<\/div>\n<\/div>\n<\/div>\n<\/article>\n<\/div>\n<\/div>\n<\/div>\n<\/div>\n<h1>AUDIO dalle 7 del mattino<\/h1>\n<audio class=\"wp-audio-shortcode\" id=\"audio-469776-4\" preload=\"none\" style=\"width: 100%;\" controls=\"controls\"><source type=\"audio\/mpeg\" src=\"https:\/\/www.radiopiu.net\/wordpress\/wp-content\/uploads\/2025\/09\/GF07-13.mp3?_=4\" \/><a href=\"https:\/\/www.radiopiu.net\/wordpress\/wp-content\/uploads\/2025\/09\/GF07-13.mp3\">https:\/\/www.radiopiu.net\/wordpress\/wp-content\/uploads\/2025\/09\/GF07-13.mp3<\/a><\/audio>\n<p>&nbsp;<\/p>\n<p>&nbsp;<\/p>\n<p>&nbsp;<\/p>\n<hr \/>\n<p>&nbsp;<\/p>\n<h1><\/h1>\n<h1 style=\"text-align: center;\"><span style=\"color: #ff0000;\"><a class=\"dt-pswp-item\" href=\"https:\/\/www.radiopiu.net\/wordpress\/wp-content\/uploads\/2024\/11\/th.jpg\" data-dt-img-description=\"\" data-large_image_width=\"148\" data-large_image_height=\"179\"><img loading=\"lazy\" decoding=\"async\" class=\" wp-image-417913 alignleft\" src=\"https:\/\/www.radiopiu.net\/wordpress\/wp-content\/uploads\/2024\/11\/th.jpg\" alt=\"\" width=\"66\" height=\"80\" \/><\/a>I podcast informativi del mattino &#8211; audio &#8211;\u00a0<\/span><\/h1>\n<blockquote><p><strong>GIORNALE RADIO NAZIONALE, EDIZIONE DELLE SETTE <span style=\"color: #0000ff;\">viene pubblicato alle 7.05 <span style=\"color: #ff0000;\">DIRETTA RADIO\u00a0<\/span><\/span><\/strong><\/p><\/blockquote>\n<p><strong>il giornale radionazionale e&#8217; in onda ogni ora, dalle sette del mattino alle venti della sera\u00a0 \u00a0\u00a0<\/strong><\/p>\n<blockquote>\n<h2><em><a class=\"dt-pswp-item\" href=\"https:\/\/www.radiopiu.net\/wordpress\/wp-content\/uploads\/2025\/02\/download-7.jpg\" data-dt-img-description=\"\" data-large_image_width=\"211\" data-large_image_height=\"239\"><img loading=\"lazy\" decoding=\"async\" class=\" wp-image-435553 alignleft\" src=\"https:\/\/www.radiopiu.net\/wordpress\/wp-content\/uploads\/2025\/02\/download-7.jpg\" alt=\"\" width=\"186\" height=\"211\" \/><\/a><span style=\"color: #ff0000;\">RADIOPI\u00d9<\/span> \u2013 La voce del territorio, lo sguardo sul Paese.\u00a0<\/em><\/h2>\n<\/blockquote>\n<div class=\"flex basis-auto flex-col -mb-(--composer-overlap-px) [--composer-overlap-px:55px] grow overflow-hidden\">\n<div class=\"relative h-full\">\n<div class=\"flex h-full flex-col overflow-y-auto [scrollbar-gutter:stable_both-edges] @[84rem]\/thread:pt-(--header-height)\">\n<div class=\"@thread-xl\/thread:pt-header-height flex flex-col text-sm pb-25\">\n<article class=\"text-token-text-primary w-full focus:outline-none scroll-mt-[calc(var(--header-height)+min(200px,max(70px,20svh)))]\" dir=\"auto\" tabindex=\"-1\" data-testid=\"conversation-turn-68\" data-scroll-anchor=\"true\" data-turn=\"assistant\">\n<div class=\"text-base my-auto mx-auto pb-10 [--thread-content-margin:--spacing(4)] @[37rem]:[--thread-content-margin:--spacing(6)] @[72rem]:[--thread-content-margin:--spacing(16)] px-(--thread-content-margin)\">\n<div class=\"[--thread-content-max-width:32rem] @[34rem]:[--thread-content-max-width:40rem] @[64rem]:[--thread-content-max-width:48rem] mx-auto max-w-(--thread-content-max-width) flex-1 group\/turn-messages focus-visible:outline-hidden relative flex w-full min-w-0 flex-col agent-turn\" tabindex=\"-1\">\n<div class=\"flex max-w-full flex-col grow\">\n<div class=\"min-h-8 text-message relative flex w-full flex-col items-end gap-2 text-start break-words whitespace-normal [.text-message+&amp;]:mt-5\" dir=\"auto\" data-message-author-role=\"assistant\" data-message-id=\"44b2bab2-310d-4a9e-8ff2-f21a32a7d5b3\" data-message-model-slug=\"gpt-4-1-mini\">\n<div class=\"flex w-full flex-col gap-1 empty:hidden first:pt-[3px]\">\n<div class=\"markdown prose dark:prose-invert w-full break-words dark\">\n<div class=\"pointer-events-none h-px w-px\" aria-hidden=\"true\" data-edge=\"true\">\n<p data-start=\"57\" data-end=\"108\"><strong data-start=\"57\" data-end=\"106\">CRONACA ITALIANA: VIOLENZA, ABUSI E INCIDENTI<\/strong><\/p>\n<p data-start=\"110\" data-end=\"284\"><strong>\u00a0Reggiano<\/strong> un uomo \u00e8 morto in ospedale dopo essere stato fermato dagli agenti con il taser: l\u2019intervento si era reso necessario perch\u00e9 l\u2019uomo aveva dato in escandescenze.<\/p>\n<p data-start=\"286\" data-end=\"625\"><strong>Sulmona,<\/strong> in Valle Peligna, una 12enne denuncia abusi ripetuti da due coetanei, un dodicenne e un diciottenne, con minacce e video diffusi tra chat e gruppi WhatsApp. I carabinieri hanno sequestrato telefoni e computer per ricostruire i fatti, mentre agli aggressori sono contestate accuse di violenza sessuale aggravata e revenge porn.<\/p>\n<p data-start=\"627\" data-end=\"780\"><strong>Val d\u2019Aosta<\/strong>, una quindicenne denuncia abusi da parte di un coetaneo, che l\u2019aveva convinta a seguirlo in casa durante la notte tra sabato e domenica.<\/p>\n<p data-start=\"782\" data-end=\"928\"><strong>\u00a0Roma<\/strong>, un bambino viene preso a bastonate da tre ragazzini mentre festeggia il compleanno in un parco periferico, ma non \u00e8 in pericolo di vita.<\/p>\n<p data-start=\"930\" data-end=\"1112\"><strong>Napoli<\/strong> e provincia, quattro giovanissimi sono rimasti feriti da pistole e coltelli, tra cui un 17enne che rischia la vita. Le forze dell\u2019ordine hanno intensificato i controlli.<\/p>\n<p data-start=\"1114\" data-end=\"1301\"><strong>In tribunale,<\/strong> Giampiero Gualandi ammette l\u2019errore nell\u2019omicidio della vigilessa, dichiarando di non aver agito intenzionalmente, mentre Richeldi patteggia la pena per abusi su paziente.<\/p>\n<p data-start=\"1303\" data-end=\"1448\"><strong>Storia<\/strong>, si ricordano i 40 anni dall\u2019omicidio del giornalista Siani, con iniziative dell\u2019Olivetti e moniti per le nuove generazioni.<\/p>\n<p data-start=\"1450\" data-end=\"1551\"><strong>meteo:<\/strong> sole e caldo tornano protagonisti, ma al Nord sono previsti temporali e instabilit\u00e0.<\/p>\n<\/div>\n<div aria-hidden=\"true\" data-edge=\"true\"><\/div>\n<\/div>\n<\/div>\n<\/div>\n<\/div>\n<\/div>\n<\/div>\n<\/article>\n<\/div>\n<\/div>\n<\/div>\n<\/div>\n<article class=\"text-token-text-primary w-full focus:outline-none scroll-mt-[calc(var(--header-height)+min(200px,max(70px,20svh)))]\" dir=\"auto\" tabindex=\"-1\" data-testid=\"conversation-turn-72\" data-scroll-anchor=\"true\" data-turn=\"assistant\">\n<div class=\"text-base my-auto mx-auto pb-10 [--thread-content-margin:--spacing(4)] @[37rem]:[--thread-content-margin:--spacing(6)] @[72rem]:[--thread-content-margin:--spacing(16)] px-(--thread-content-margin)\">\n<div class=\"[--thread-content-max-width:32rem] @[34rem]:[--thread-content-max-width:40rem] @[64rem]:[--thread-content-max-width:48rem] mx-auto max-w-(--thread-content-max-width) flex-1 group\/turn-messages focus-visible:outline-hidden relative flex w-full min-w-0 flex-col agent-turn\" tabindex=\"-1\">\n<div class=\"flex max-w-full flex-col grow\">\n<div class=\"min-h-8 text-message relative flex w-full flex-col items-end gap-2 text-start break-words whitespace-normal [.text-message+&amp;]:mt-5\" dir=\"auto\" data-message-author-role=\"assistant\" data-message-id=\"6ad35c52-e3d0-4186-88d9-35bb4972681f\" data-message-model-slug=\"gpt-4o\">\n<div class=\"flex w-full flex-col gap-1 empty:hidden first:pt-[3px]\">\n<div class=\"markdown prose dark:prose-invert w-full break-words dark\">\n<article class=\"text-token-text-primary w-full\" dir=\"auto\" data-testid=\"conversation-turn-163\" data-scroll-anchor=\"true\">\n<div class=\"text-base my-auto mx-auto pb-10 [--thread-content-margin:--spacing(4)] @[37rem]:[--thread-content-margin:--spacing(6)] @[72rem]:[--thread-content-margin:--spacing(16)] px-(--thread-content-margin)\">\n<div class=\"[--thread-content-max-width:32rem] @[34rem]:[--thread-content-max-width:40rem] @[64rem]:[--thread-content-max-width:48rem] mx-auto flex max-w-(--thread-content-max-width) flex-1 text-base gap-4 md:gap-5 lg:gap-6 group\/turn-messages focus-visible:outline-hidden\" tabindex=\"-1\">\n<div class=\"group\/conversation-turn relative flex w-full min-w-0 flex-col agent-turn\">\n<div class=\"relative flex-col gap-1 md:gap-3\">\n<div class=\"flex max-w-full flex-col grow\">\n<div class=\"min-h-8 text-message relative flex w-full flex-col items-end gap-2 text-start break-words whitespace-normal [.text-message+&amp;]:mt-5\" dir=\"auto\" data-message-author-role=\"assistant\" data-message-id=\"efdea043-c36a-42e6-8e01-aec593793ec1\" data-message-model-slug=\"gpt-4o\">\n<div class=\"flex w-full flex-col gap-1 empty:hidden first:pt-[3px]\">\n<div class=\"markdown prose dark:prose-invert w-full break-words dark\">\n<article class=\"text-token-text-primary w-full focus:outline-none scroll-mt-[calc(var(--header-height)+min(200px,max(70px,20svh)))]\" dir=\"auto\" tabindex=\"-1\" data-testid=\"conversation-turn-162\" data-scroll-anchor=\"true\" data-turn=\"assistant\">\n<div class=\"text-base my-auto mx-auto pb-10 [--thread-content-margin:--spacing(4)] @[37rem]:[--thread-content-margin:--spacing(6)] @[72rem]:[--thread-content-margin:--spacing(16)] px-(--thread-content-margin)\">\n<div class=\"[--thread-content-max-width:32rem] @[34rem]:[--thread-content-max-width:40rem] @[64rem]:[--thread-content-max-width:48rem] mx-auto max-w-(--thread-content-max-width) flex-1 group\/turn-messages focus-visible:outline-hidden relative flex w-full min-w-0 flex-col agent-turn\" tabindex=\"-1\">\n<div class=\"flex max-w-full flex-col grow\">\n<div class=\"min-h-8 text-message relative flex w-full flex-col items-end gap-2 text-start break-words whitespace-normal [.text-message+&amp;]:mt-5\" dir=\"auto\" data-message-author-role=\"assistant\" data-message-id=\"842efa5e-0b6b-4c68-b1eb-9dd894bae6c3\" data-message-model-slug=\"gpt-4o\">\n<div class=\"flex w-full flex-col gap-1 empty:hidden first:pt-[3px]\">\n<div class=\"markdown prose dark:prose-invert w-full break-words dark\">\n<div class=\"flex basis-auto flex-col -mb-(--composer-overlap-px) [--composer-overlap-px:55px] grow overflow-hidden\">\n<div class=\"relative h-full\">\n<div class=\"flex h-full flex-col overflow-y-auto [scrollbar-gutter:stable_both-edges] @[84rem]\/thread:pt-(--header-height)\">\n<div class=\"@thread-xl\/thread:pt-header-height flex flex-col text-sm pb-25\">\n<article class=\"text-token-text-primary w-full focus:outline-none scroll-mt-[calc(var(--header-height)+min(200px,max(70px,20svh)))]\" dir=\"auto\" tabindex=\"-1\" data-testid=\"conversation-turn-18\" data-scroll-anchor=\"true\" data-turn=\"assistant\">\n<div class=\"text-base my-auto mx-auto pb-10 [--thread-content-margin:--spacing(4)] @[37rem]:[--thread-content-margin:--spacing(6)] @[72rem]:[--thread-content-margin:--spacing(16)] px-(--thread-content-margin)\">\n<div class=\"[--thread-content-max-width:32rem] @[34rem]:[--thread-content-max-width:40rem] @[64rem]:[--thread-content-max-width:48rem] mx-auto max-w-(--thread-content-max-width) flex-1 group\/turn-messages focus-visible:outline-hidden relative flex w-full min-w-0 flex-col agent-turn\" tabindex=\"-1\">\n<div class=\"flex max-w-full flex-col grow\">\n<div class=\"min-h-8 text-message relative flex w-full flex-col items-end gap-2 text-start break-words whitespace-normal [.text-message+&amp;]:mt-5\" dir=\"auto\" data-message-author-role=\"assistant\" data-message-id=\"10a6d749-a0ed-478c-a66e-5f27b47e163c\" data-message-model-slug=\"gpt-5\">\n<div class=\"flex w-full flex-col gap-1 empty:hidden first:pt-[3px]\">\n<div class=\"markdown prose dark:prose-invert w-full break-words dark\">\n<hr data-start=\"1055\" data-end=\"1058\" \/>\n<\/div>\n<\/div>\n<\/div>\n<\/div>\n<\/div>\n<\/div>\n<\/article>\n<\/div>\n<\/div>\n<\/div>\n<\/div>\n<div id=\"thread-bottom-container\" class=\"content-fade relative isolate z-10 w-full basis-auto has-data-has-thread-error:pt-2 has-data-has-thread-error:[box-shadow:var(--sharp-edge-bottom-shadow)] md:border-transparent md:pt-0 dark:border-white\/20 md:dark:border-transparent flex flex-col\">\n<div id=\"thread-bottom\">\n<div class=\"text-base mx-auto [--thread-content-margin:--spacing(4)] @[37rem]:[--thread-content-margin:--spacing(6)] @[72rem]:[--thread-content-margin:--spacing(16)] px-(--thread-content-margin)\">\n<div class=\"[--thread-content-max-width:32rem] @[34rem]:[--thread-content-max-width:40rem] @[64rem]:[--thread-content-max-width:48rem] mx-auto max-w-(--thread-content-max-width) flex-1\">\n<div class=\"max-xs:[--force-hide-label:none] relative z-1 flex h-full max-w-full flex-1 flex-col\">\n<form class=\"w-full [view-transition-name:var(--vt-composer)]\" data-type=\"unified-composer\">\n<div class=\"bg-token-bg-primary shadow-short flex w-full cursor-text flex-col items-center justify-center overflow-clip bg-clip-padding contain-inline-size dark:bg-[#303030] rounded-[28px]\">\n<div class=\"relative flex min-h-14 w-full items-end\">\n<div class=\"relative flex w-full flex-auto flex-col\">\n<div class=\"relative mx-5 flex min-h-14 flex-auto bg-transparent items-start\">\n<div class=\"_prosemirror-parent_276o5_2 text-token-text-primary max-h-[25dvh] max-h-52 flex-1 overflow-auto [scrollbar-width:thin] default-browser vertical-scroll-fade-mask\">\n<div id=\"prompt-textarea\" class=\"ProseMirror\" contenteditable=\"true\" translate=\"no\" data-virtualkeyboard=\"true\"><\/div>\n<\/div>\n<\/div>\n<\/div>\n<\/div>\n<\/div>\n<\/form>\n<\/div>\n<\/div>\n<\/div>\n<\/div>\n<\/div>\n<\/div>\n<\/div>\n<\/div>\n<\/div>\n<\/div>\n<\/div>\n<\/article>\n<\/div>\n<\/div>\n<\/div>\n<\/div>\n<\/div>\n<\/div>\n<\/div>\n<\/div>\n<\/article>\n<\/div>\n<\/div>\n<\/div>\n<\/div>\n<\/div>\n<\/div>\n<\/article>\n<article class=\"text-token-text-primary w-full focus:outline-none scroll-mt-[calc(var(--header-height)+min(200px,max(70px,20svh)))]\" dir=\"auto\" tabindex=\"-1\" data-testid=\"conversation-turn-72\" data-scroll-anchor=\"true\" data-turn=\"assistant\">\n<div class=\"text-base my-auto mx-auto pb-10 [--thread-content-margin:--spacing(4)] @[37rem]:[--thread-content-margin:--spacing(6)] @[72rem]:[--thread-content-margin:--spacing(16)] px-(--thread-content-margin)\">\n<div class=\"[--thread-content-max-width:32rem] @[34rem]:[--thread-content-max-width:40rem] @[64rem]:[--thread-content-max-width:48rem] mx-auto max-w-(--thread-content-max-width) flex-1 group\/turn-messages focus-visible:outline-hidden relative flex w-full min-w-0 flex-col agent-turn\" tabindex=\"-1\">\n<div class=\"flex max-w-full flex-col grow\">\n<div class=\"min-h-8 text-message relative flex w-full flex-col items-end gap-2 text-start break-words whitespace-normal [.text-message+&amp;]:mt-5\" dir=\"auto\" data-message-author-role=\"assistant\" data-message-id=\"6ad35c52-e3d0-4186-88d9-35bb4972681f\" data-message-model-slug=\"gpt-4o\">\n<div class=\"flex w-full flex-col gap-1 empty:hidden first:pt-[3px]\">\n<div class=\"markdown prose dark:prose-invert w-full break-words dark\">\n<article class=\"text-token-text-primary w-full\" dir=\"auto\" data-testid=\"conversation-turn-163\" data-scroll-anchor=\"true\">\n<div class=\"text-base my-auto mx-auto pb-10 [--thread-content-margin:--spacing(4)] @[37rem]:[--thread-content-margin:--spacing(6)] @[72rem]:[--thread-content-margin:--spacing(16)] px-(--thread-content-margin)\">\n<div class=\"[--thread-content-max-width:32rem] @[34rem]:[--thread-content-max-width:40rem] @[64rem]:[--thread-content-max-width:48rem] mx-auto flex max-w-(--thread-content-max-width) flex-1 text-base gap-4 md:gap-5 lg:gap-6 group\/turn-messages focus-visible:outline-hidden\" tabindex=\"-1\">\n<div class=\"group\/conversation-turn relative flex w-full min-w-0 flex-col agent-turn\">\n<div class=\"flex items-center justify-center\"><\/div>\n<\/div>\n<\/div>\n<\/div>\n<\/article>\n<\/div>\n<\/div>\n<\/div>\n<\/div>\n<\/div>\n<\/div>\n<\/article>\n<blockquote>\n<h2><span style=\"color: #ff0000;\"><strong><a class=\"dt-pswp-item\" href=\"https:\/\/www.radiopiu.net\/wordpress\/wp-content\/uploads\/2025\/02\/download-3.jpg\" data-dt-img-description=\"\" data-large_image_width=\"223\" data-large_image_height=\"226\"><img loading=\"lazy\" decoding=\"async\" class=\"size-full wp-image-434732 alignleft\" src=\"https:\/\/www.radiopiu.net\/wordpress\/wp-content\/uploads\/2025\/02\/download-3.jpg\" alt=\"\" width=\"223\" height=\"226\" \/><\/a><\/strong>RADIOPI\u00d9<\/span> \u2013 Dalle Dolomiti alla pianura, i fatti che segnano la Regione.<\/h2>\n<\/blockquote>\n<article class=\"text-token-text-primary w-full focus:outline-none scroll-mt-[calc(var(--header-height)+min(200px,max(70px,20svh)))]\" dir=\"auto\" tabindex=\"-1\" data-testid=\"conversation-turn-112\" data-scroll-anchor=\"true\" data-turn=\"assistant\">\n<div class=\"text-base my-auto mx-auto pb-10 [--thread-content-margin:--spacing(4)] @[37rem]:[--thread-content-margin:--spacing(6)] @[72rem]:[--thread-content-margin:--spacing(16)] px-(--thread-content-margin)\">\n<div class=\"[--thread-content-max-width:32rem] @[34rem]:[--thread-content-max-width:40rem] @[64rem]:[--thread-content-max-width:48rem] mx-auto max-w-(--thread-content-max-width) flex-1 group\/turn-messages focus-visible:outline-hidden relative flex w-full min-w-0 flex-col agent-turn\" tabindex=\"-1\">\n<div class=\"flex max-w-full flex-col grow\">\n<div class=\"min-h-8 text-message relative flex w-full flex-col items-end gap-2 text-start break-words whitespace-normal [.text-message+&amp;]:mt-5\" dir=\"auto\" data-message-author-role=\"assistant\" data-message-id=\"74820017-8765-4ccc-b0c7-da916c45f87f\" data-message-model-slug=\"gpt-5\">\n<div class=\"flex w-full flex-col gap-1 empty:hidden first:pt-[3px]\">\n<div class=\"markdown prose dark:prose-invert w-full break-words dark\">\n<p data-start=\"31\" data-end=\"335\">\ufe0f<\/p>\n<p data-start=\"110\" data-end=\"142\"><strong data-start=\"110\" data-end=\"140\">CRONACA E ATTUALIT\u00c0 VENETA<\/strong><\/p>\n<p data-start=\"144\" data-end=\"425\"><strong>VERONA<\/strong> Un ragazzo di 16 anni di nazionalit\u00e0 cingalese \u00e8 annegato in una piscina privata vicino allo stadio Bentegodi di Verona. Il giovane, seguito dal Policlinico di Borgo Roma per alcune patologie, si sarebbe allontanato da un centro professionale dove seguiva un percorso scolastico.<\/p>\n<p data-start=\"427\" data-end=\"649\"><strong>CHIOGGIA,<\/strong> un 24enne \u00e8 stato arrestato per tentato omicidio dopo aver accoltellato una turista tedesca il 1\u00b0 settembre. L\u2019uomo avrebbe colpito la donna alla testa, al collo e alla schiena mentre passeggiava con il cane.<\/p>\n<p data-start=\"651\" data-end=\"983\"><strong>GRISIGNANO-VICENZA<\/strong>\u00a0 \u00e8 stato identificato l\u2019uomo che, a bordo di un\u2019auto rubata, ha travolto un agente della Polizia stradale sull\u2019autostrada A4, dandosi alla fuga. Si tratta di un cittadino romeno evaso dagli arresti domiciliari. L\u2019uomo ha rubato altri due veicoli, provocando lo shock di una donna rimasta coinvolta.<\/p>\n<p data-start=\"985\" data-end=\"1271\"><strong>CADONEGHE-PADOVA<\/strong> , un bambino di 2 anni \u00e8 rimasto lievemente ustionato a causa di un principio d\u2019incendio di una caldaia sul terrazzo di un\u2019abitazione. L\u2019intervento dei vigili del fuoco e del Suem 118 ha portato al trasporto in ospedale di due adulti e tre minori per accertamenti.<\/p>\n<p data-start=\"1273\" data-end=\"1578\"><strong>VENEZIA<\/strong>: la Conferenza Stato-Regioni ha approvato un Accordo di programma integrativo da 203,3 milioni di euro per ospedali di Oderzo, Mestre, Bassano del Grappa e Legnago. I lavori prevedono adeguamenti, ammodernamenti e costruzioni di nuovi edifici e servizi.<\/p>\n<p data-start=\"1580\" data-end=\"1855\"><strong>BREGANZE-VICENZA\u00a0<\/strong> festeggia i 70 anni Renzo Rosso, fondatore di Otb e Diesel, con una grande festa a Breganzealla quale hanno partecipato duemila ospiti, tra collaboratori, imprenditori e amici, con un concerto speciale di Jovanotti a suggellare oltre 40 anni di amicizia.<\/p>\n<\/div>\n<\/div>\n<\/div>\n<\/div>\n<\/div>\n<\/div>\n<\/article>\n<h1><span style=\"color: #ff0000;\"><span style=\"color: #0000ff;\">ULTIM&#8217;ORA<\/span> <span style=\"color: #000000;\">AUDIO dalle sette del mattino, ogni ora alla radio EDIZIONE DELLE SETTE<\/span><\/span><\/h1>\n<audio class=\"wp-audio-shortcode\" id=\"audio-469776-5\" preload=\"none\" style=\"width: 100%;\" controls=\"controls\"><source type=\"audio\/mpeg\" src=\"https:\/\/www.radiopiu.net\/wordpress\/wp-content\/uploads\/2025\/09\/giornale07-13.mp3?_=5\" \/><a href=\"https:\/\/www.radiopiu.net\/wordpress\/wp-content\/uploads\/2025\/09\/giornale07-13.mp3\">https:\/\/www.radiopiu.net\/wordpress\/wp-content\/uploads\/2025\/09\/giornale07-13.mp3<\/a><\/audio>\n<p>&nbsp;<\/p>\n<p>&nbsp;<\/p>\n<p>&nbsp;<\/p>\n<p>&nbsp;<\/p>\n<hr \/>\n<p>&nbsp;<\/p>\n<h1><span style=\"color: #ff0000;\"><a class=\"dt-pswp-item\" href=\"https:\/\/www.radiopiu.net\/wordpress\/wp-content\/uploads\/2024\/11\/8.jpg\" data-dt-img-description=\"\" data-large_image_width=\"180\" data-large_image_height=\"180\"><img loading=\"lazy\" decoding=\"async\" class=\"size-full wp-image-417910 alignleft\" src=\"https:\/\/www.radiopiu.net\/wordpress\/wp-content\/uploads\/2024\/11\/8.jpg\" alt=\"\" width=\"180\" height=\"180\" srcset=\"https:\/\/www.radiopiu.net\/wordpress\/wp-content\/uploads\/2024\/11\/8.jpg 180w, https:\/\/www.radiopiu.net\/wordpress\/wp-content\/uploads\/2024\/11\/8-150x150.jpg 150w\" sizes=\"auto, (max-width: 180px) 100vw, 180px\" \/><\/a>I podcast informativi del mattino &#8211; video &#8211;\u00a0<\/span><\/h1>\n<h2 style=\"text-align: left;\"><strong>RASSEGNA STAMPA LOCALE, ORE OTTO<\/strong><\/h2>\n<h2><strong> <span style=\"color: #0000ff;\">viene\u00a0 <\/span><\/strong><strong><span style=\"color: #0000ff;\">pubblicata alle 8.05 <span style=\"color: #ff0000;\">DIRETTA RADIO\u00a0 \u00a0<\/span><\/span><\/strong><strong>DI MIRKO MEZZACASA<\/strong><\/h2>\n<h1><span style=\"color: #ff0000;\"><strong>VIDEO\u00a0 \u00a0in diretta AGGIORNAMENTO\u00a0 dalle 8 del mattino\u00a0 \u00a0<\/strong><\/span><\/h1>\n\n\t\t\t<style type='text\/css'>\n\t\t\t\t#gallery-1 {\n\t\t\t\t\tmargin: auto;\n\t\t\t\t}\n\t\t\t\t#gallery-1 .gallery-item {\n\t\t\t\t\tfloat: left;\n\t\t\t\t\tmargin-top: 10px;\n\t\t\t\t\ttext-align: center;\n\t\t\t\t\twidth: 33%;\n\t\t\t\t}\n\t\t\t\t#gallery-1 img {\n\t\t\t\t\tborder: 2px solid #cfcfcf;\n\t\t\t\t}\n\t\t\t\t#gallery-1 .gallery-caption {\n\t\t\t\t\tmargin-left: 0;\n\t\t\t\t}\n\t\t\t\t\/* see gallery_shortcode() in wp-includes\/media.php *\/\n\t\t\t<\/style>\n\t\t<div id='gallery-1' class='dt-gallery-container gallery galleryid-469776 gallery-columns-3 gallery-size-thumbnail'><dl class='gallery-item'>\n\t\t\t\t<dt class='gallery-icon landscape'>\n\t\t\t\t\t<a class=\"rollover rollover-zoom dt-pswp-item\" title=\"Screenshot 2025-09-16 052629\" data-dt-img-description=\"\" data-large_image_width=\"488\" data-large_image_height=\"349\"href='https:\/\/www.radiopiu.net\/wordpress\/wp-content\/uploads\/2025\/09\/Screenshot-2025-09-16-052629.png'><img loading=\"lazy\" decoding=\"async\" width=\"150\" height=\"150\" src=\"https:\/\/www.radiopiu.net\/wordpress\/wp-content\/uploads\/2025\/09\/Screenshot-2025-09-16-052629-150x150.png\" class=\"attachment-thumbnail size-thumbnail\" alt=\"\" \/><\/a>\n\t\t\t\t<\/dt><\/dl><dl class='gallery-item'>\n\t\t\t\t<dt class='gallery-icon landscape'>\n\t\t\t\t\t<a class=\"rollover rollover-zoom dt-pswp-item\" title=\"Screenshot 2025-09-16 051758\" data-dt-img-description=\"\" data-large_image_width=\"593\" data-large_image_height=\"315\"href='https:\/\/www.radiopiu.net\/wordpress\/wp-content\/uploads\/2025\/09\/Screenshot-2025-09-16-051758.png'><img loading=\"lazy\" decoding=\"async\" width=\"150\" height=\"150\" src=\"https:\/\/www.radiopiu.net\/wordpress\/wp-content\/uploads\/2025\/09\/Screenshot-2025-09-16-051758-150x150.png\" class=\"attachment-thumbnail size-thumbnail\" alt=\"\" \/><\/a>\n\t\t\t\t<\/dt><\/dl><dl class='gallery-item'>\n\t\t\t\t<dt class='gallery-icon landscape'>\n\t\t\t\t\t<a class=\"rollover rollover-zoom dt-pswp-item\" title=\"Screenshot 2025-09-16 052520\" data-dt-img-description=\"\" data-large_image_width=\"430\" data-large_image_height=\"219\"href='https:\/\/www.radiopiu.net\/wordpress\/wp-content\/uploads\/2025\/09\/Screenshot-2025-09-16-052520.png'><img loading=\"lazy\" decoding=\"async\" width=\"150\" height=\"150\" src=\"https:\/\/www.radiopiu.net\/wordpress\/wp-content\/uploads\/2025\/09\/Screenshot-2025-09-16-052520-150x150.png\" class=\"attachment-thumbnail size-thumbnail\" alt=\"\" \/><\/a>\n\t\t\t\t<\/dt><\/dl><br style=\"clear: both\" \/>\n\t\t\t<\/div>\n\n<div class=\"page-title-head hgroup\"><\/div>\n<div>\n<p><iframe loading=\"lazy\" title=\"DAL 1983 LA RASSEGNA STAMPA LOCALE di mirko mezzacasa. L&#039;ORIGINALE\" width=\"1200\" height=\"675\" src=\"https:\/\/www.youtube.com\/embed\/eshHjppskBA?feature=oembed\" frameborder=\"0\" allow=\"accelerometer; autoplay; clipboard-write; encrypted-media; gyroscope; picture-in-picture; web-share\" referrerpolicy=\"strict-origin-when-cross-origin\" allowfullscreen><\/iframe><\/p>\n<\/div>\n<div class=\"page-title-breadcrumbs\"><\/div>\n<hr \/>\n<p>&nbsp;<\/p>\n<p><strong><a class=\"dt-pswp-item\" href=\"https:\/\/www.radiopiu.net\/wordpress\/wp-content\/uploads\/2023\/12\/ANTENNA.png\" data-dt-img-description=\"\" data-large_image_width=\"300\" data-large_image_height=\"166\"><img loading=\"lazy\" decoding=\"async\" class=\"wp-image-366306 alignright\" src=\"https:\/\/www.radiopiu.net\/wordpress\/wp-content\/uploads\/2023\/12\/ANTENNA.png\" alt=\"\" width=\"101\" height=\"56\" \/><\/a><a class=\"dt-pswp-item\" href=\"https:\/\/www.radiopiu.net\/wordpress\/wp-content\/uploads\/2024\/11\/th-17.jpg\" data-dt-img-description=\"\" data-large_image_width=\"224\" data-large_image_height=\"180\"><img loading=\"lazy\" decoding=\"async\" class=\" wp-image-421610 alignleft\" src=\"https:\/\/www.radiopiu.net\/wordpress\/wp-content\/uploads\/2024\/11\/th-17.jpg\" alt=\"\" width=\"167\" height=\"134\" \/><\/a>ogni sera alle 19 le anticipazioni alla radio, quello che poi seguirete nel TELEGIORNALE BELLUNESE\u00a0 in onda alle 19.30 sul CANALE 10 del digitale terrestre.\u00a0\u00a0<\/strong><\/p>\n<p><b>\u00a0<\/b><\/p>\n<p>&nbsp;<\/p>\n<p>&nbsp;<\/p>\n<blockquote>\n<h2><span style=\"color: #ff0000;\">ANTICIPAZIONI, DI FABIO FIORAVANZI<\/span><\/h2>\n<audio class=\"wp-audio-shortcode\" id=\"audio-469776-6\" preload=\"none\" style=\"width: 100%;\" controls=\"controls\"><source type=\"audio\/mpeg\" src=\"https:\/\/www.radiopiu.net\/wordpress\/wp-content\/uploads\/2025\/09\/ANTENNA3-12.mp3?_=6\" \/><a href=\"https:\/\/www.radiopiu.net\/wordpress\/wp-content\/uploads\/2025\/09\/ANTENNA3-12.mp3\">https:\/\/www.radiopiu.net\/wordpress\/wp-content\/uploads\/2025\/09\/ANTENNA3-12.mp3<\/a><\/audio><\/blockquote>\n<p>&nbsp;<\/p>\n<hr \/>\n<p>&nbsp;<\/p>\n<blockquote>\n<h3>SR 203 AGORDINA: CHIUSO IL RACCORDO A NORD DELLA TANGENZIALE<\/h3>\n<\/blockquote>\n<p><strong>TAIBON<\/strong> Fino alle 18 del 17 settembre, il raccordo a nord della tangenziale di Agordo che porta alla 203var Agordina (ex 203 Agordina), \u00e8 interdetto alla circolazione per la realizzazione della rete del gas.<\/p>\n<p>&nbsp;<\/p>\n<hr \/>\n<p>&nbsp;<\/p>\n<blockquote>\n<p data-start=\"43\" data-end=\"105\"><strong data-start=\"43\" data-end=\"103\">FALCADE, PERICOLO CADUTA MASSI SUL SENTIERO PER IL MULAZ<\/strong><\/p>\n<\/blockquote>\n<p data-start=\"107\" data-end=\"319\">Allerta sicurezza sul sentiero 710 che dalla Val Venegia porta al Rifugio Mulaz: i gestori segnalano il pericolo di caduta massi e invitano gli escursionisti a non utilizzarlo fino al bivio con il 710A. Per salire o scendere dal Mulaz \u00e8 quindi raccomandato esclusivamente il sentiero 710A, indicato come alternativa sicura.<\/p>\n<blockquote>\n<h3 data-start=\"107\" data-end=\"319\">INTERRUZIONI PROGRAMMATE- SIB &#8211;<\/h3>\n<\/blockquote>\n<p><strong>ROCCA PIETORE<\/strong> \u00a0per lavori alla rete idrica comunale oggi dalle 8 alle 17 verr\u00e0 sospesa l\u2019erogazione dell\u2019acqua\u00a0 in via MARMOLADA (dal civ. 5 al 19).<\/p>\n<blockquote>\n<p data-start=\"89\" data-end=\"158\"><strong data-start=\"89\" data-end=\"156\">VIGNUI SENZA TELEFONO: FIBERCOP INTERVIENE PER RIPRISTINO LINEA<\/strong><\/p>\n<\/blockquote>\n<p data-start=\"160\" data-end=\"634\"><strong>FELTRE \u2013<\/strong> I residenti di Vignui stanno affrontando giorni di disagi a causa dei cavi telefonici tranciati durante i lavori per la posa della fibra ottica. La societ\u00e0 FiberCop, che gestisce l\u2019infrastruttura all\u2019ingrosso e ha Tim tra i clienti, assicura che i tecnici sono gi\u00e0 al lavoro per ripristinare la linea. I cavi danneggiati appartengono a FiberCop, parte lesa nell\u2019accaduto, che promette un intervento rapido per riportare telefoni e servizi internet alla normalit\u00e0.<\/p>\n<hr \/>\n<blockquote>\n<h2 data-start=\"160\" data-end=\"634\"><a class=\"dt-pswp-item\" href=\"https:\/\/www.radiopiu.net\/wordpress\/wp-content\/uploads\/2018\/10\/violenza.jpg\" data-dt-img-description=\"\" data-large_image_width=\"1280\" data-large_image_height=\"765\"><img loading=\"lazy\" decoding=\"async\" class=\"size-medium wp-image-62916 alignleft\" src=\"https:\/\/www.radiopiu.net\/wordpress\/wp-content\/uploads\/2018\/10\/violenza-300x179.jpg\" alt=\"\" width=\"300\" height=\"179\" srcset=\"https:\/\/www.radiopiu.net\/wordpress\/wp-content\/uploads\/2018\/10\/violenza-300x179.jpg 300w, https:\/\/www.radiopiu.net\/wordpress\/wp-content\/uploads\/2018\/10\/violenza-768x459.jpg 768w, https:\/\/www.radiopiu.net\/wordpress\/wp-content\/uploads\/2018\/10\/violenza-1024x612.jpg 1024w, https:\/\/www.radiopiu.net\/wordpress\/wp-content\/uploads\/2018\/10\/violenza.jpg 1280w\" sizes=\"auto, (max-width: 300px) 100vw, 300px\" \/><\/a>PEDOFILIA, ORRORE NEL BELLUNESE: ARRESTATO 26ENNE PER VIOLENZE SULLA FIGLIA<\/h2>\n<\/blockquote>\n<p data-start=\"160\" data-end=\"634\">Oggi sar\u00e0 interrogato &#8211; dopo l&#8217;arresto avvenuto nei giorni scorsi &#8211; un ventiseienne cittadino brasiliano residente da anni nel Bellunese, accusato di aver violentato la figlia di 5 anni.\u00a0 La Polizia postale del Veneto \u00e8 riuscita a dare un nome e un cognome, arrivando all&#8217;uomo &#8211; ufficialmente operaio residente a Belluno, ma in realt\u00e0 domiciliato in provincia &#8211; arrestandolo con l&#8217;accusa di violenza sessuale aggravata dall&#8217;abuso di una bimba e dai legami familiari, che aumenta la pena prevista da un minimo di 9 a un massimo di 18 anni di carcere. Accusa di 609 bis aggravata, alla quale si aggiunge quella di produzione e scambio di materiale pedopornografico. A coordinare le indagini della Postale, la pubblico ministero Anna Andreatta.\u00a0 L&#8217;uomo \u00e8 stato arrestato domenica notte in un bed&amp;breakfast. A dare il via all&#8217;indagine degli agenti specializzati nel dare la caccia a chi delinque anche attraverso la rete, \u00e8 stata la segnalazione arrivata da una organizzazione non a fini di lucro, che si dedica proprio alla ricerca sul dark web dei siti dove i pedofili si scambiano materiale pedopornografico. Il 9 agosto la perquisizione in casa ha confermato l&#8217;esatta corrispondenza del bagno con quello dei video. La bambina e la moglie ora sono accudite in una struttura protetta. \u2014<\/p>\n<hr \/>\n<blockquote>\n<h3>VOLTAGO CONFERISCE LA CITTADINANZA ONORARIA AL COMANDO DEI VIGILI DEL FUOCO DI BELLUNO<\/h3>\n<\/blockquote>\n<p><strong><a class=\"dt-pswp-item\" href=\"https:\/\/www.radiopiu.net\/wordpress\/wp-content\/uploads\/2025\/09\/107a7440-cba5-4afd-aae3-fcee5413d028.jpg\" data-dt-img-description=\"\" data-large_image_width=\"1600\" data-large_image_height=\"1200\"><img loading=\"lazy\" decoding=\"async\" class=\" wp-image-469922 alignleft\" src=\"https:\/\/www.radiopiu.net\/wordpress\/wp-content\/uploads\/2025\/09\/107a7440-cba5-4afd-aae3-fcee5413d028-300x225.jpg\" alt=\"\" width=\"227\" height=\"170\" srcset=\"https:\/\/www.radiopiu.net\/wordpress\/wp-content\/uploads\/2025\/09\/107a7440-cba5-4afd-aae3-fcee5413d028-300x225.jpg 300w, https:\/\/www.radiopiu.net\/wordpress\/wp-content\/uploads\/2025\/09\/107a7440-cba5-4afd-aae3-fcee5413d028-1024x768.jpg 1024w, https:\/\/www.radiopiu.net\/wordpress\/wp-content\/uploads\/2025\/09\/107a7440-cba5-4afd-aae3-fcee5413d028-768x576.jpg 768w, https:\/\/www.radiopiu.net\/wordpress\/wp-content\/uploads\/2025\/09\/107a7440-cba5-4afd-aae3-fcee5413d028-1536x1152.jpg 1536w, https:\/\/www.radiopiu.net\/wordpress\/wp-content\/uploads\/2025\/09\/107a7440-cba5-4afd-aae3-fcee5413d028.jpg 1600w\" sizes=\"auto, (max-width: 227px) 100vw, 227px\" \/><\/a>VOLTAGO <\/strong>Il Comune di Voltago Agordino conferir\u00e0 la <strong data-start=\"90\" data-end=\"158\">Cittadinanza Onoraria al Comando dei Vigili del Fuoco di Belluno<\/strong> sabato 18 ottobre 2025, nella frazione di Frassen\u00e8. L\u2019iniziativa nasce come riconoscimento per l\u2019impegno, la dedizione e la professionalit\u00e0 dimostrati durante il violento incendio che, dal 2 al 4 gennaio 2025. Il tempestivo intervento dei Vigili del Fuoco, con uomini e mezzi specializzati, ha permesso di contenere le fiamme, proteggere le case e rassicurare la popolazione, lasciando un segno profondo nella comunit\u00e0. La cerimonia prevede la consegna ufficiale della cittadinanza presso la Scuola \u201cPaolo Mosca\u201d, lo scoprimento di una targa commemorativa, una sfilata con i mezzi del Corpo, gli interventi di autorit\u00e0, enti e associazioni, e infine un rinfresco comunitario. Il sindaco Giuseppe Schena ha sottolineato che l\u2019evento rappresenta non solo gratitudine verso i Vigili del Fuoco, ma anche un simbolico omaggio alla solidariet\u00e0 civica dimostrata durante l\u2019emergenza.<\/p>\n<hr \/>\n<p>&nbsp;<\/p>\n<blockquote>\n<h3>MALORI A BELLUNO, FONZASO E FORNO DI ZOLDO<\/h3>\n<\/blockquote>\n<p><strong><a class=\"dt-pswp-item\" href=\"https:\/\/www.radiopiu.net\/wordpress\/wp-content\/uploads\/2025\/08\/salt-1-cence.jpg\" data-dt-img-description=\"\" data-large_image_width=\"2048\" data-large_image_height=\"1152\"><img loading=\"lazy\" decoding=\"async\" class=\" wp-image-465098 alignleft\" src=\"https:\/\/www.radiopiu.net\/wordpress\/wp-content\/uploads\/2025\/08\/salt-1-cence-300x169.jpg\" alt=\"\" width=\"188\" height=\"106\" srcset=\"https:\/\/www.radiopiu.net\/wordpress\/wp-content\/uploads\/2025\/08\/salt-1-cence-300x169.jpg 300w, https:\/\/www.radiopiu.net\/wordpress\/wp-content\/uploads\/2025\/08\/salt-1-cence-1024x576.jpg 1024w, https:\/\/www.radiopiu.net\/wordpress\/wp-content\/uploads\/2025\/08\/salt-1-cence-768x432.jpg 768w, https:\/\/www.radiopiu.net\/wordpress\/wp-content\/uploads\/2025\/08\/salt-1-cence-1536x864.jpg 1536w, https:\/\/www.radiopiu.net\/wordpress\/wp-content\/uploads\/2025\/08\/salt-1-cence.jpg 2048w\" sizes=\"auto, (max-width: 188px) 100vw, 188px\" \/><\/a>REDAZIONE <\/strong>A Belluno un uomo di 74 anni residente in citt\u00e0 \u00e8 stato soccorso in seguito a un malore e trasportato in ospedale in condizioni serie. Sempre per un malore, a Fonzaso \u00e8 stato assistito un 73enne, poi trasferito al pronto soccorso di Feltre. Un altro episodio analogo ha riguardato un uomo di 72 anni di Belluno, soccorso a Forno di Zoldo con il supporto sia dell\u2019elicottero che dell\u2019ambulanza. Particolare attenzione anche agli incidenti sulla strada. Al Passo Giau un uomo di 50 anni di Bologna \u00e8 rimasto coinvolto in un incidente stradale ed \u00e8 stato elitrasportato all\u2019ospedale di Belluno. Un altro incidente stradale si \u00e8 verificato a Cortina e ha coinvolto un 24enne tedesco, trasferito a Brunico.<\/p>\n<p>&nbsp;<\/p>\n<hr \/>\n<p>&nbsp;<\/p>\n<p>&nbsp;<\/p>\n<blockquote>\n<h3><a class=\"dt-pswp-item\" href=\"https:\/\/www.radiopiu.net\/wordpress\/wp-content\/uploads\/2025\/09\/Immagine-2025-09-15-133518.png\" data-dt-img-description=\"\" data-large_image_width=\"915\" data-large_image_height=\"530\"><img loading=\"lazy\" decoding=\"async\" class=\"wp-image-469897 alignleft\" src=\"https:\/\/www.radiopiu.net\/wordpress\/wp-content\/uploads\/2025\/09\/Immagine-2025-09-15-133518-300x174.png\" alt=\"\" width=\"131\" height=\"76\" srcset=\"https:\/\/www.radiopiu.net\/wordpress\/wp-content\/uploads\/2025\/09\/Immagine-2025-09-15-133518-300x174.png 300w, https:\/\/www.radiopiu.net\/wordpress\/wp-content\/uploads\/2025\/09\/Immagine-2025-09-15-133518-768x445.png 768w, https:\/\/www.radiopiu.net\/wordpress\/wp-content\/uploads\/2025\/09\/Immagine-2025-09-15-133518.png 915w\" sizes=\"auto, (max-width: 131px) 100vw, 131px\" \/><\/a>SULLA FERRATA: RECUPERATO ESCURSIONISTA CON LUSSAZIONE<\/h3>\n<\/blockquote>\n<p><strong data-start=\"161\" data-end=\"217\">LIVINALLONGO DEL COL DI LANA\u00a0<\/strong> Ieri mattina un escursionista 73enne di Milano ha riportato una sospetta lussazione all\u2019anca lungo la Ferrata Fusetti al Sass de Stria. Intervenuto l\u2019elisoccorso Falco 2 con il Soccorso alpino, l\u2019uomo \u00e8 stato stabilizzato in parete, verricellato e trasportato all\u2019ospedale di Belluno.<\/p>\n<p>&nbsp;<\/p>\n<hr \/>\n<p>&nbsp;<\/p>\n<blockquote>\n<h3>ESCURSIONISTA UCRAINA TRASPORTATA ALL\u2019OSPEDALE<\/h3>\n<\/blockquote>\n<p><strong>CORTINA\u00a0<\/strong>Ieri pomeriggio una escursionista ucraina di 31 anni ha chiesto aiuto, dopo essersi fatta male a circa met\u00e0 della discesa dal Vandelli lungo il sentiero 215. Messa in contatto con il tecnico di Centrale del Soccorso alpino, la ragazza \u00e8 stata rassicurata, le sono state chieste le coordinate della sua posizione e suggerito come farsi individuare dall&#8217;equipaggio di Falco, decollato in direzione di Cortina d&#8217;Ampezzo. La turista, che era da sola e si era procurata un trauma al ginocchio, \u00e8 stata raggiunta all&#8217;altezza delle scalette dal tecnico di elisoccorso, calato con un verricello di 40 metri. Issata a bordo, \u00e8 stata trasportata all&#8217;ospedale di Agordo.<\/p>\n<p>&nbsp;<\/p>\n<p>&nbsp;<\/p>\n<hr \/>\n<p>&nbsp;<\/p>\n<blockquote>\n<h3>CRISI DI PANICO SULLA CENGIA GABRIELLA<\/h3>\n<\/blockquote>\n<p><strong><a class=\"dt-pswp-item\" href=\"https:\/\/www.radiopiu.net\/wordpress\/wp-content\/uploads\/2022\/04\/soccorso-alpino-1024x602-1.jpg\" data-dt-img-description=\"\" data-large_image_width=\"1024\" data-large_image_height=\"602\"><img loading=\"lazy\" decoding=\"async\" class=\" wp-image-270917 alignleft\" src=\"https:\/\/www.radiopiu.net\/wordpress\/wp-content\/uploads\/2022\/04\/soccorso-alpino-1024x602-1-300x176.jpg\" alt=\"\" width=\"244\" height=\"143\" srcset=\"https:\/\/www.radiopiu.net\/wordpress\/wp-content\/uploads\/2022\/04\/soccorso-alpino-1024x602-1-300x176.jpg 300w, https:\/\/www.radiopiu.net\/wordpress\/wp-content\/uploads\/2022\/04\/soccorso-alpino-1024x602-1-768x452.jpg 768w, https:\/\/www.radiopiu.net\/wordpress\/wp-content\/uploads\/2022\/04\/soccorso-alpino-1024x602-1.jpg 1024w\" sizes=\"auto, (max-width: 244px) 100vw, 244px\" \/><\/a>AURONZO DI CADORE<\/strong> Ricevuta la richiesta di intervento verso le 17.30 di ieri , l&#8217;elicottero del Suem di Pieve di Cadore \u00e8 stato inviato sul tratto della Cengia Gabriella dove inizia la discesa verso il Rifugio Carducci, poich\u00e9 un&#8217;escursionista olandese si era impaurita e non era pi\u00f9 in grado di muoversi. Geolocalizzata la posizione, l&#8217;equipaggio ha individuato il punto in cui si trovava la turista, che stava percorrendo l&#8217;itinerario con un gruppo di persone quando era stata colta dalla crisi di panico. In accordo, un&#8217;amica era rimasta con lei in attesa dei soccorsi e gli altri avevano proseguito. Sbarcato con un verricello di 30 metri, il tecnico di elisoccorso ha issato a bordo entrambe le ragazze, di 28 e 30 anni, che sono poi state lasciate al Carducci.<\/p>\n<p>&nbsp;<\/p>\n<p>&nbsp;<\/p>\n<hr \/>\n<p>&nbsp;<\/p>\n<blockquote>\n<h2>ONDA DI CRIMINALIT\u00c0 GIOVANILE A BELLUNO: DUE GIOVANI DENUNCIATI E ALLONTANATI<\/h2>\n<\/blockquote>\n<p><strong><img loading=\"lazy\" decoding=\"async\" class=\"alignleft\" src=\"https:\/\/www.radiopiu.net\/wordpress\/wp-content\/uploads\/2025\/02\/Foto-servizio-controllo-del-territorio.jpg\" width=\"196\" height=\"147\" \/>BELLUNO<\/strong> Nell\u2019ambito di un\u2019operazione nazionale per il contrasto della criminalit\u00e0 giovanile, la Squadra Mobile di Belluno, insieme all\u2019Ufficio Volanti e alla Divisione P.A.S.I., ha svolto controlli mirati sul territorio, con particolare attenzione al centro cittadino. Tra la fine di agosto e i primi giorni di settembre sono state identificate oltre 150 persone e 50 veicoli, controllati anche numerosi esercizi commerciali. L\u2019attivit\u00e0, realizzata con l\u2019ausilio di carabinieri e Guardia di Finanza, ha portato alla denuncia di un ventenne italiano autore di un\u2019aggressione ai danni di un minorenne durante la sagra paesana di Polpet. La vittima, 15 anni, ha riportato lesioni con tre giorni di prognosi. Il giovane, gi\u00e0 noto alle forze dell\u2019ordine e con foglio di via in atto, \u00e8 stato denunciato per lesioni aggravate e gli \u00e8 stato applicato un nuovo foglio di via con divieto di ritorno a Ponte nelle Alpi. Sempre nel mese di agosto, gli agenti hanno identificato l\u2019autore di un furto con strappo in via Feltre, avvenuto a luglio ai danni di una donna di 47 anni. Si tratta di un giovane bellunese classe 2005, gi\u00e0 noto per precedenti legati ad armi e reati contro il patrimonio, denunciato per furto con strappo e destinatario di foglio di via con divieto di ritorno dal comune di Belluno.<\/p>\n<p>&nbsp;<\/p>\n<h1 class=\"_title post-title entry-title\">BELLUNO | AGGRESSIONE A UN MINORENNE E SCIPPO A UN\u2019ANZIANA: LA POLIZIA DENUNCIA DUE GIOVANI<\/h1>\n<p class=\"_title post-title entry-title\">(Servizio di <a href=\"https:\/\/antennatre.medianordest.it\/redazione\/Fabio-Fioravanzi\/\">Fabio Fioravanzi<\/a>)<\/p>\n<p><iframe loading=\"lazy\" title=\"AGGRESSIONE A UN MINORENNE E SCIPPO A UN&#039;ANZIANA: LA POLIZIA DENUNCIA DUE GIOVANI | 15\/09\/2025\" width=\"1200\" height=\"675\" src=\"https:\/\/www.youtube.com\/embed\/iKp-zqNnIiU?feature=oembed\" frameborder=\"0\" allow=\"accelerometer; autoplay; clipboard-write; encrypted-media; gyroscope; picture-in-picture; web-share\" referrerpolicy=\"strict-origin-when-cross-origin\" allowfullscreen><\/iframe><\/p>\n<p>&nbsp;<\/p>\n<hr \/>\n<blockquote>\n<h2><\/h2>\n<h2>IN SEI COMPRESO UN MINORE &#8211; SULL&#8217;AUTO PRIVA DI QUALSIASI REQUISITO PER STARE IN STRADA<\/h2>\n<\/blockquote>\n<p><img loading=\"lazy\" decoding=\"async\" class=\"alignleft\" src=\"https:\/\/www.radiopiu.net\/wordpress\/wp-content\/uploads\/2025\/09\/Controlli-Polizia-locale-settembre.jpg\" width=\"228\" height=\"171\" \/><strong>BELLUNO<\/strong> Una pattuglia della Polizia locale ha fermato un veicolo con gravi irregolarit\u00e0 lungo le strade del territorio. Il mezzo circolava senza assicurazione n\u00e9 revisione e trasportava sei persone in un abitacolo omologato per cinque, tra cui un minore sotto il metro e mezzo non assicurato da alcun sistema di ritenuta, seduto sulle gambe di un altro passeggero. Per queste violazioni sono state contestate le infrazioni agli articoli 193 (mancanza di assicurazione), 169 (trasporto di persone oltre i limiti) e 172 (mancato uso dei sistemi di ritenuta) del Codice della Strada. Il veicolo \u00e8 stato sequestrato amministrativamente e al conducente sono stati decurtati 12 punti dalla patente. Controlli straordinari per guida in stato di ebbrezza hanno riguardato 59 veicoli: tutti negativi al pre-test alcolemico. Il sindaco Oscar De Pellegrin ha sottolineato l\u2019importanza dei controlli: <em>\u201cRingrazio la nostra Polizia locale per l\u2019attento lavoro quotidiano sul territorio. La prevenzione e i controlli sono fondamentali, ma ancora di pi\u00f9 lo sono il senso civico e di responsabilit\u00e0 verso la nostra e l\u2019altrui sicurezza, soprattutto quando a bordo ci sono minori\u201d.\u00a0<\/em><\/p>\n<p>&nbsp;<\/p>\n<hr \/>\n<blockquote>\n<p data-start=\"59\" data-end=\"124\"><strong data-start=\"59\" data-end=\"122\"><br \/>\nLADRI PORTANO VIA ORO E GIOIELLI DI FAMIGLIA<\/strong><\/p>\n<\/blockquote>\n<p data-start=\"126\" data-end=\"584\"><strong>VAS<\/strong> \u2013 Colpo nella notte tra marted\u00ec e mercoled\u00ec scorsi ai danni della cantina Biasiotto, storica attivit\u00e0 di famiglia gestita da quattro generazioni. I ladri hanno tagliato le robuste inferriate e sono entrati passando da una piccola finestra nella taverna sotto l\u2019abitazione. Una volta dentro, hanno messo a soqquadro i locali e si sono impossessati di ori e preziosi. \u00c8 un furto che colpisce non solo il patrimonio materiale, ma anche quello affettivo e storico della famiglia. Le indagini sono in corso<\/p>\n<p>&nbsp;<\/p>\n<hr \/>\n<p>&nbsp;<\/p>\n<blockquote>\n<h3>DILLO A RADIO PIU&#8230;.DOLOMITIBUS COSTRINGE GLI UTENTI A LUNGHE CAMMINATE<\/h3>\n<\/blockquote>\n<p><strong>AGORDO<\/strong><\/p>\n<p data-start=\"86\" data-end=\"322\"><img loading=\"lazy\" decoding=\"async\" class=\"alignleft\" src=\"https:\/\/www.radiopiu.net\/wordpress\/wp-content\/uploads\/2020\/07\/1668e62b-8d59-4fb2-b535-d7cabc941596.jpg\" width=\"294\" height=\"221\" \/>Disagi per i residenti di Ponte Alto dopo la soppressione della fermata \u201cPonte Alto Bivio\u201d lungo la linea Dolomitibus Agordo-Belluno. A segnalarlo \u00e8 Ljanka Dal Col, che ha scritto anche un reclamo alla compagnia di trasporti.<\/p>\n<p data-start=\"324\" data-end=\"638\">Secondo la cittadina, la decisione comporta notevoli difficolt\u00e0 per chi vive nella frazione: <em data-start=\"417\" data-end=\"636\">\u00abChi deve raggiungere Belluno \u00e8 costretto a camminare fino a Pra Grande o alle Campe \u2013 spiega \u2013 oppure sperare che ci sia una corriera da Rivamonte fino all\u2019autostazione, con il rischio di non trovare la coincidenza\u00bb.<\/em><\/p>\n<p data-start=\"640\" data-end=\"878\">La fermata era a chiamata facoltativa, quindi l\u2019autobus si fermava solo in presenza di passeggeri. <em data-start=\"739\" data-end=\"876\">\u00abCapisco che fosse poco frequentata \u2013 aggiunge Ljanka \u2013 ma visto che non comportava rallentamenti, non capisco il motivo di toglierla\u00bb.<\/em><\/p>\n<p data-start=\"880\" data-end=\"1185\">La segnalazione \u00e8 stata inoltrata direttamente a Dolomitibus tramite il portale ufficiale, ma resta l\u2019incertezza sull\u2019effettiva efficacia della richiesta. I residenti chiedono che la fermata venga ripristinata per garantire un servizio pi\u00f9 accessibile, soprattutto a chi non ha alternative di trasporto.<\/p>\n<hr \/>\n<blockquote>\n<h3 data-start=\"880\" data-end=\"1185\"><a class=\"dt-pswp-item\" href=\"https:\/\/www.radiopiu.net\/wordpress\/wp-content\/uploads\/2025\/09\/ba2d03c4-fe4e-41c7-8549-c6dc695bf0f1.jpg\" data-dt-img-description=\"\" data-large_image_width=\"1600\" data-large_image_height=\"1200\"><img loading=\"lazy\" decoding=\"async\" class=\"size-medium wp-image-470008 alignleft\" src=\"https:\/\/www.radiopiu.net\/wordpress\/wp-content\/uploads\/2025\/09\/ba2d03c4-fe4e-41c7-8549-c6dc695bf0f1-300x225.jpg\" alt=\"\" width=\"300\" height=\"225\" srcset=\"https:\/\/www.radiopiu.net\/wordpress\/wp-content\/uploads\/2025\/09\/ba2d03c4-fe4e-41c7-8549-c6dc695bf0f1-300x225.jpg 300w, https:\/\/www.radiopiu.net\/wordpress\/wp-content\/uploads\/2025\/09\/ba2d03c4-fe4e-41c7-8549-c6dc695bf0f1-1024x768.jpg 1024w, https:\/\/www.radiopiu.net\/wordpress\/wp-content\/uploads\/2025\/09\/ba2d03c4-fe4e-41c7-8549-c6dc695bf0f1-768x576.jpg 768w, https:\/\/www.radiopiu.net\/wordpress\/wp-content\/uploads\/2025\/09\/ba2d03c4-fe4e-41c7-8549-c6dc695bf0f1-1536x1152.jpg 1536w, https:\/\/www.radiopiu.net\/wordpress\/wp-content\/uploads\/2025\/09\/ba2d03c4-fe4e-41c7-8549-c6dc695bf0f1.jpg 1600w\" sizes=\"auto, (max-width: 300px) 100vw, 300px\" \/><\/a>NASCE L\u2019ASSOCIAZIONE ARTICOLO 6: PER LA PRIMA VOLTA INSIEME LE MINORANZE LINGUISTICHE D\u2019ITALIA<\/h3>\n<\/blockquote>\n<p data-start=\"880\" data-end=\"1185\"><strong data-start=\"88\" data-end=\"123\">SAN GIOVANNI DI FASSA \u2013 S\u00c8N JAN<\/strong><br data-start=\"123\" data-end=\"126\" \/>Nasce l\u2019Associazione Articolo 6, prima rete unitaria che riunisce le 12 minoranze linguistiche storiche riconosciute in Italia dalla legge 482\/1999. L\u2019atto \u00e8 stato firmato a Vigo di Fassa con la partecipazione di enti e associazioni da tutto il Paese. Primo presidente \u00e8 Salvatore Cubeddu, che parla di \u201cnuova fase di collaborazione e progettualit\u00e0 condivisa\u201d. Obiettivo: una sola voce verso istituzioni italiane ed europee. Sostegno dalla Regione Trentino-Alto Adige e dall\u2019assessore ladino Luca Guglielmi. Dal MUSLA, Nicola Cassisi: \u201cFirmato con convinzione, per portare avanti con orgoglio la tutela della diversit\u00e0\u201d<\/p>\n<p>&nbsp;<\/p>\n\n\t\t\t<style type='text\/css'>\n\t\t\t\t#gallery-2 {\n\t\t\t\t\tmargin: auto;\n\t\t\t\t}\n\t\t\t\t#gallery-2 .gallery-item {\n\t\t\t\t\tfloat: left;\n\t\t\t\t\tmargin-top: 10px;\n\t\t\t\t\ttext-align: center;\n\t\t\t\t\twidth: 25%;\n\t\t\t\t}\n\t\t\t\t#gallery-2 img {\n\t\t\t\t\tborder: 2px solid #cfcfcf;\n\t\t\t\t}\n\t\t\t\t#gallery-2 .gallery-caption {\n\t\t\t\t\tmargin-left: 0;\n\t\t\t\t}\n\t\t\t\t\/* see gallery_shortcode() in wp-includes\/media.php *\/\n\t\t\t<\/style>\n\t\t<div id='gallery-2' class='dt-gallery-container gallery galleryid-469776 gallery-columns-4 gallery-size-thumbnail'><dl class='gallery-item'>\n\t\t\t\t<dt class='gallery-icon landscape'>\n\t\t\t\t\t<a class=\"rollover rollover-zoom dt-pswp-item\" title=\"469ac2ae-3399-4fe1-895d-be8eefee82ae\" data-dt-img-description=\"\" data-large_image_width=\"1600\" data-large_image_height=\"1200\"href='https:\/\/www.radiopiu.net\/wordpress\/wp-content\/uploads\/2025\/09\/469ac2ae-3399-4fe1-895d-be8eefee82ae.jpg'><img loading=\"lazy\" decoding=\"async\" width=\"150\" height=\"150\" src=\"https:\/\/www.radiopiu.net\/wordpress\/wp-content\/uploads\/2025\/09\/469ac2ae-3399-4fe1-895d-be8eefee82ae-150x150.jpg\" class=\"attachment-thumbnail size-thumbnail\" alt=\"\" \/><\/a>\n\t\t\t\t<\/dt><\/dl><dl class='gallery-item'>\n\t\t\t\t<dt class='gallery-icon landscape'>\n\t\t\t\t\t<a class=\"rollover rollover-zoom dt-pswp-item\" title=\"b66655d1-0fb0-4d2f-ae24-99e7245fcdb0\" data-dt-img-description=\"\" data-large_image_width=\"1600\" data-large_image_height=\"1200\"href='https:\/\/www.radiopiu.net\/wordpress\/wp-content\/uploads\/2025\/09\/b66655d1-0fb0-4d2f-ae24-99e7245fcdb0.jpg'><img loading=\"lazy\" decoding=\"async\" width=\"150\" height=\"150\" src=\"https:\/\/www.radiopiu.net\/wordpress\/wp-content\/uploads\/2025\/09\/b66655d1-0fb0-4d2f-ae24-99e7245fcdb0-150x150.jpg\" class=\"attachment-thumbnail size-thumbnail\" alt=\"\" \/><\/a>\n\t\t\t\t<\/dt><\/dl><dl class='gallery-item'>\n\t\t\t\t<dt class='gallery-icon landscape'>\n\t\t\t\t\t<a class=\"rollover rollover-zoom dt-pswp-item\" title=\"56025f42-3542-47f1-bd02-2eae035966f7\" data-dt-img-description=\"\" data-large_image_width=\"1600\" data-large_image_height=\"1200\"href='https:\/\/www.radiopiu.net\/wordpress\/wp-content\/uploads\/2025\/09\/56025f42-3542-47f1-bd02-2eae035966f7.jpg'><img loading=\"lazy\" decoding=\"async\" width=\"150\" height=\"150\" src=\"https:\/\/www.radiopiu.net\/wordpress\/wp-content\/uploads\/2025\/09\/56025f42-3542-47f1-bd02-2eae035966f7-150x150.jpg\" class=\"attachment-thumbnail size-thumbnail\" alt=\"\" \/><\/a>\n\t\t\t\t<\/dt><\/dl><dl class='gallery-item'>\n\t\t\t\t<dt class='gallery-icon landscape'>\n\t\t\t\t\t<a class=\"rollover rollover-zoom dt-pswp-item\" title=\"928b53e1-ff87-4e67-982f-1e5efc30feb0\" data-dt-img-description=\"\" data-large_image_width=\"1600\" data-large_image_height=\"1266\"href='https:\/\/www.radiopiu.net\/wordpress\/wp-content\/uploads\/2025\/09\/928b53e1-ff87-4e67-982f-1e5efc30feb0.jpg'><img loading=\"lazy\" decoding=\"async\" width=\"150\" height=\"150\" src=\"https:\/\/www.radiopiu.net\/wordpress\/wp-content\/uploads\/2025\/09\/928b53e1-ff87-4e67-982f-1e5efc30feb0-150x150.jpg\" class=\"attachment-thumbnail size-thumbnail\" alt=\"\" \/><\/a>\n\t\t\t\t<\/dt><\/dl><br style=\"clear: both\" \/><dl class='gallery-item'>\n\t\t\t\t<dt class='gallery-icon landscape'>\n\t\t\t\t\t<a class=\"rollover rollover-zoom dt-pswp-item\" title=\"9958f323-c25e-442c-93c6-40e2d0384bfc\" data-dt-img-description=\"\" data-large_image_width=\"1600\" data-large_image_height=\"1200\"href='https:\/\/www.radiopiu.net\/wordpress\/wp-content\/uploads\/2025\/09\/9958f323-c25e-442c-93c6-40e2d0384bfc.jpg'><img loading=\"lazy\" decoding=\"async\" width=\"150\" height=\"150\" src=\"https:\/\/www.radiopiu.net\/wordpress\/wp-content\/uploads\/2025\/09\/9958f323-c25e-442c-93c6-40e2d0384bfc-150x150.jpg\" class=\"attachment-thumbnail size-thumbnail\" alt=\"\" \/><\/a>\n\t\t\t\t<\/dt><\/dl><dl class='gallery-item'>\n\t\t\t\t<dt class='gallery-icon landscape'>\n\t\t\t\t\t<a class=\"rollover rollover-zoom dt-pswp-item\" title=\"3f451061-9bb9-485f-acb3-414c74aefc01\" data-dt-img-description=\"\" data-large_image_width=\"1519\" data-large_image_height=\"1140\"href='https:\/\/www.radiopiu.net\/wordpress\/wp-content\/uploads\/2025\/09\/3f451061-9bb9-485f-acb3-414c74aefc01.jpg'><img loading=\"lazy\" decoding=\"async\" width=\"150\" height=\"150\" src=\"https:\/\/www.radiopiu.net\/wordpress\/wp-content\/uploads\/2025\/09\/3f451061-9bb9-485f-acb3-414c74aefc01-150x150.jpg\" class=\"attachment-thumbnail size-thumbnail\" alt=\"\" \/><\/a>\n\t\t\t\t<\/dt><\/dl><dl class='gallery-item'>\n\t\t\t\t<dt class='gallery-icon portrait'>\n\t\t\t\t\t<a class=\"rollover rollover-zoom dt-pswp-item\" title=\"8df9be7d-17d0-4b1d-8491-fc38ff00e42b\" data-dt-img-description=\"\" data-large_image_width=\"1200\" data-large_image_height=\"1600\"href='https:\/\/www.radiopiu.net\/wordpress\/wp-content\/uploads\/2025\/09\/8df9be7d-17d0-4b1d-8491-fc38ff00e42b.jpg'><img loading=\"lazy\" decoding=\"async\" width=\"150\" height=\"150\" src=\"https:\/\/www.radiopiu.net\/wordpress\/wp-content\/uploads\/2025\/09\/8df9be7d-17d0-4b1d-8491-fc38ff00e42b-150x150.jpg\" class=\"attachment-thumbnail size-thumbnail\" alt=\"\" \/><\/a>\n\t\t\t\t<\/dt><\/dl><dl class='gallery-item'>\n\t\t\t\t<dt class='gallery-icon landscape'>\n\t\t\t\t\t<a class=\"rollover rollover-zoom dt-pswp-item\" title=\"038611e5-08c0-4f58-bb1d-2b0034280805\" data-dt-img-description=\"\" data-large_image_width=\"1600\" data-large_image_height=\"1200\"href='https:\/\/www.radiopiu.net\/wordpress\/wp-content\/uploads\/2025\/09\/038611e5-08c0-4f58-bb1d-2b0034280805.jpg'><img loading=\"lazy\" decoding=\"async\" width=\"150\" height=\"150\" src=\"https:\/\/www.radiopiu.net\/wordpress\/wp-content\/uploads\/2025\/09\/038611e5-08c0-4f58-bb1d-2b0034280805-150x150.jpg\" class=\"attachment-thumbnail size-thumbnail\" alt=\"\" \/><\/a>\n\t\t\t\t<\/dt><\/dl><br style=\"clear: both\" \/>\n\t\t\t<\/div>\n\n<p>&nbsp;<\/p>\n<p>&nbsp;<\/p>\n<hr \/>\n<p>&nbsp;<\/p>\n<blockquote>\n<h2><a class=\"dt-pswp-item\" href=\"https:\/\/www.radiopiu.net\/wordpress\/wp-content\/uploads\/2025\/09\/536006234_2348748795581950_8484245210365902800_n-1.jpg\" data-dt-img-description=\"\" data-large_image_width=\"206\" data-large_image_height=\"206\"><img loading=\"lazy\" decoding=\"async\" class=\" wp-image-470017 alignleft\" src=\"https:\/\/www.radiopiu.net\/wordpress\/wp-content\/uploads\/2025\/09\/536006234_2348748795581950_8484245210365902800_n-1.jpg\" alt=\"\" width=\"148\" height=\"148\" srcset=\"https:\/\/www.radiopiu.net\/wordpress\/wp-content\/uploads\/2025\/09\/536006234_2348748795581950_8484245210365902800_n-1.jpg 206w, https:\/\/www.radiopiu.net\/wordpress\/wp-content\/uploads\/2025\/09\/536006234_2348748795581950_8484245210365902800_n-1-150x150.jpg 150w\" sizes=\"auto, (max-width: 148px) 100vw, 148px\" \/><\/a>MARMOLADA S.R.L.: BUD\u00c8L CHIEDE SCUSA, QUERELA RITIRATA<\/h2>\n<\/blockquote>\n<p><strong>ROCCA PIETORE<\/strong><\/p>\n<p data-start=\"62\" data-end=\"442\">Si conclude la vicenda legale tra la societ\u00e0 Marmolada S.r.l. e\u00a0 Carlo Budel. La querela presentata dal legale rappresentante, Dott. Valentino Vascellari, a seguito di affermazioni diffamatorie sui social, \u00e8 stata ritirata dopo le scuse pubbliche e incondizionate di Budel, che ha riconosciuto l\u2019infondatezza delle accuse. \u00a0Budel ha anche proposto un risarcimento simbolico, che sar\u00e0 devoluto interamente in beneficenza. Marmolada S.r.l. sottolinea come la vicenda confermi l\u2019importanza di un confronto civile e corretto.<\/p>\n<blockquote>\n<p data-start=\"775\" data-end=\"1083\" data-is-last-node=\"\" data-is-only-node=\"\">\n<\/blockquote>\n<hr \/>\n<p>&nbsp;<\/p>\n<blockquote>\n<h3>PARTIR\u00c0 GIOVED\u00cc DA BELLUNO LA SECONDA EDIZIONE DI \u201cUN MONDO CHE SI MUOVE\u201d<\/h3>\n<\/blockquote>\n<p><strong><a class=\"dt-pswp-item\" href=\"https:\/\/www.radiopiu.net\/wordpress\/wp-content\/uploads\/2025\/09\/fccfef87-7438-4199-ae97-1941d768cd2f-scaled.jpg\" data-dt-img-description=\"\" data-large_image_width=\"2560\" data-large_image_height=\"1920\"><img loading=\"lazy\" decoding=\"async\" class=\" wp-image-469915 alignleft\" src=\"https:\/\/www.radiopiu.net\/wordpress\/wp-content\/uploads\/2025\/09\/fccfef87-7438-4199-ae97-1941d768cd2f-300x225.jpg\" alt=\"\" width=\"191\" height=\"143\" srcset=\"https:\/\/www.radiopiu.net\/wordpress\/wp-content\/uploads\/2025\/09\/fccfef87-7438-4199-ae97-1941d768cd2f-300x225.jpg 300w, https:\/\/www.radiopiu.net\/wordpress\/wp-content\/uploads\/2025\/09\/fccfef87-7438-4199-ae97-1941d768cd2f-1024x768.jpg 1024w, https:\/\/www.radiopiu.net\/wordpress\/wp-content\/uploads\/2025\/09\/fccfef87-7438-4199-ae97-1941d768cd2f-768x576.jpg 768w, https:\/\/www.radiopiu.net\/wordpress\/wp-content\/uploads\/2025\/09\/fccfef87-7438-4199-ae97-1941d768cd2f-1536x1152.jpg 1536w, https:\/\/www.radiopiu.net\/wordpress\/wp-content\/uploads\/2025\/09\/fccfef87-7438-4199-ae97-1941d768cd2f-2048x1536.jpg 2048w\" sizes=\"auto, (max-width: 191px) 100vw, 191px\" \/><\/a>BELLUNO<\/strong> Partir\u00e0 gioved\u00ec da Belluno la seconda edizione di \u201cUn mondo che si muove\u201d, iniziativa dedicata alla sensibilizzazione di amministratori e territori ai temi della disabilit\u00e0 e dell&#8217;accessibilit\u00e0.<\/p>\n<p><strong>DI DANIELE DALVIT<\/strong><\/p>\n<audio class=\"wp-audio-shortcode\" id=\"audio-469776-7\" preload=\"none\" style=\"width: 100%;\" controls=\"controls\"><source type=\"audio\/mpeg\" src=\"https:\/\/www.radiopiu.net\/wordpress\/wp-content\/uploads\/2025\/09\/Servizio-Un-mondo-che-si-muove-2025.mp3?_=7\" \/><a href=\"https:\/\/www.radiopiu.net\/wordpress\/wp-content\/uploads\/2025\/09\/Servizio-Un-mondo-che-si-muove-2025.mp3\">https:\/\/www.radiopiu.net\/wordpress\/wp-content\/uploads\/2025\/09\/Servizio-Un-mondo-che-si-muove-2025.mp3<\/a><\/audio>\n<p>&nbsp;<\/p>\n<p>&nbsp;<\/p>\n<hr \/>\n<p>&nbsp;<\/p>\n<blockquote><p><img loading=\"lazy\" decoding=\"async\" class=\" wp-image-469498 alignleft\" src=\"https:\/\/www.radiopiu.net\/wordpress\/wp-content\/uploads\/2025\/09\/a20c4d2c-94d1-4b9c-a0f6-2209a67ed2f0-212x300.jpg\" alt=\"\" width=\"137\" height=\"194\" srcset=\"https:\/\/www.radiopiu.net\/wordpress\/wp-content\/uploads\/2025\/09\/a20c4d2c-94d1-4b9c-a0f6-2209a67ed2f0-212x300.jpg 212w, https:\/\/www.radiopiu.net\/wordpress\/wp-content\/uploads\/2025\/09\/a20c4d2c-94d1-4b9c-a0f6-2209a67ed2f0-724x1024.jpg 724w, https:\/\/www.radiopiu.net\/wordpress\/wp-content\/uploads\/2025\/09\/a20c4d2c-94d1-4b9c-a0f6-2209a67ed2f0-768x1086.jpg 768w, https:\/\/www.radiopiu.net\/wordpress\/wp-content\/uploads\/2025\/09\/a20c4d2c-94d1-4b9c-a0f6-2209a67ed2f0.jpg 1075w\" sizes=\"auto, (max-width: 137px) 100vw, 137px\" \/><\/p>\n<h3 data-start=\"59\" data-end=\"117\"><strong data-start=\"59\" data-end=\"115\">\u201cRITORNO AD AGORDO \u2013 78\u00aa COMPAGNIA I LUPI DI AGORDO\u201d<\/strong><\/h3>\n<p data-start=\"59\" data-end=\"117\"><span style=\"color: #ff0000;\"><strong>OGGI SU RADIO PIU&#8217;, LA PRESENTAZIONE DELL&#8217;EVENTO. OSPITE IL COLONELLO GIOVANNI DA PRA&#8217;<\/strong><\/span><\/p>\n<\/blockquote>\n<p>Agordo si prepara a due giornate speciali dedicate alla memoria e alla storia della Caserma XXII Marzo 1848, con l\u2019evento \u201cRitorno ad Agordo \u2013 78\u00aa Compagnia I Lupi di Agordo\u201d, in programma sabato 20 e domenica 21 settembre. Sabato 20, alle 20 in Sala Don Tamis, si terr\u00e0 la conferenza <strong data-start=\"407\" data-end=\"436\">\u201cAgordo e la sua Caserma\u201d<\/strong>, con storie, vicende, aneddoti e curiosit\u00e0. Interverranno Roberto Mezzacasa, Antonio Zanetti e Gino Sorio, con le letture di Loris Santomaso e l\u2019accompagnamento del Coro Ana \u201cAdunata\u201d. Domenica 21 settembre, alle 9, ritrovo nella sede del Gruppo Alpini di Agordo per l\u2019omaggio ai Caduti, seguito dalla Messa. Alle 12.30 \u00e8 previsto il <strong data-start=\"774\" data-end=\"810\">rancio alpino al Bar Bocciodromo<\/strong>, un momento di convivialit\u00e0 per celebrare storia, memoria e comunit\u00e0, con gli Alpini protagonisti. Per informazioni: <strong data-start=\"931\" data-end=\"975\">Ufficio Turistico di Agordo \u2013 0437 62105<\/strong>.<\/p>\n<p>&nbsp;<\/p>\n<p>&nbsp;<\/p>\n<hr \/>\n<p>&nbsp;<\/p>\n<blockquote>\n<h3>ULTIMATI I LAVORI SUL TORRENTE PADOLA, ALTRI DUE CANTIERI PER LA SICUREZZA IDRAULICA<\/h3>\n<\/blockquote>\n<p data-start=\"117\" data-end=\"318\"><strong>SANTO STEFANO DI CADORE<\/strong> Quasi conclusi i lavori di adeguamento delle difese arginali sul torrente Padola, mentre sono partiti altri due cantieri per un investimento complessivo di <strong data-start=\"299\" data-end=\"315\">900mila euro<\/strong>. Il primo intervento riguarda il <strong data-start=\"352\" data-end=\"365\">rio Salon<\/strong>, con il ripristino di una briglia e la creazione di una vasca di deposito; il secondo, in localit\u00e0 Paschere a Campolongo, prevede una vasca di sedimentazione per regimare due rii minori. \u00abSi tratta di opere fondamentali per la sicurezza idraulica del territorio \u2013 spiega l\u2019assessore Gianpaolo Bottacin \u2013 e si aggiungono ai 13 milioni gi\u00e0 investiti negli ultimi anni a Santo Stefano di Cadore\u00bb. Le conclusioni dei lavori sono previste tra settembre e la primavera prossima.<\/p>\n<h3 data-start=\"117\" data-end=\"318\">VIDEO<\/h3>\n<div style=\"width: 848px;\" class=\"wp-video\"><video class=\"wp-video-shortcode\" id=\"video-469776-1\" width=\"848\" height=\"478\" preload=\"metadata\" controls=\"controls\"><source type=\"video\/mp4\" src=\"https:\/\/www.radiopiu.net\/wordpress\/wp-content\/uploads\/2025\/09\/WhatsApp-Video-2025-09-15-at-11.30.09.mp4?_=1\" \/><a href=\"https:\/\/www.radiopiu.net\/wordpress\/wp-content\/uploads\/2025\/09\/WhatsApp-Video-2025-09-15-at-11.30.09.mp4\">https:\/\/www.radiopiu.net\/wordpress\/wp-content\/uploads\/2025\/09\/WhatsApp-Video-2025-09-15-at-11.30.09.mp4<\/a><\/video><\/div>\n<h1>FOTO<\/h1>\n\n\t\t\t<style type='text\/css'>\n\t\t\t\t#gallery-3 {\n\t\t\t\t\tmargin: auto;\n\t\t\t\t}\n\t\t\t\t#gallery-3 .gallery-item {\n\t\t\t\t\tfloat: left;\n\t\t\t\t\tmargin-top: 10px;\n\t\t\t\t\ttext-align: center;\n\t\t\t\t\twidth: 20%;\n\t\t\t\t}\n\t\t\t\t#gallery-3 img {\n\t\t\t\t\tborder: 2px solid #cfcfcf;\n\t\t\t\t}\n\t\t\t\t#gallery-3 .gallery-caption {\n\t\t\t\t\tmargin-left: 0;\n\t\t\t\t}\n\t\t\t\t\/* see gallery_shortcode() in wp-includes\/media.php *\/\n\t\t\t<\/style>\n\t\t<div id='gallery-3' class='dt-gallery-container gallery galleryid-469776 gallery-columns-5 gallery-size-thumbnail'><dl class='gallery-item'>\n\t\t\t\t<dt class='gallery-icon portrait'>\n\t\t\t\t\t<a class=\"rollover rollover-zoom dt-pswp-item\" title=\"ee6409c0-778f-4d80-8fd6-bb8e558a74f9\" data-dt-img-description=\"\" data-large_image_width=\"1500\" data-large_image_height=\"2000\"href='https:\/\/www.radiopiu.net\/wordpress\/wp-content\/uploads\/2025\/09\/ee6409c0-778f-4d80-8fd6-bb8e558a74f9-1.jpg'><img loading=\"lazy\" decoding=\"async\" width=\"150\" height=\"150\" src=\"https:\/\/www.radiopiu.net\/wordpress\/wp-content\/uploads\/2025\/09\/ee6409c0-778f-4d80-8fd6-bb8e558a74f9-1-150x150.jpg\" class=\"attachment-thumbnail size-thumbnail\" alt=\"\" \/><\/a>\n\t\t\t\t<\/dt><\/dl><dl class='gallery-item'>\n\t\t\t\t<dt class='gallery-icon landscape'>\n\t\t\t\t\t<a class=\"rollover rollover-zoom dt-pswp-item\" title=\"c7459892-8131-475b-8edc-6b9e940150d7\" data-dt-img-description=\"\" data-large_image_width=\"1600\" data-large_image_height=\"1200\"href='https:\/\/www.radiopiu.net\/wordpress\/wp-content\/uploads\/2025\/09\/c7459892-8131-475b-8edc-6b9e940150d7-1.jpg'><img loading=\"lazy\" decoding=\"async\" width=\"150\" height=\"150\" src=\"https:\/\/www.radiopiu.net\/wordpress\/wp-content\/uploads\/2025\/09\/c7459892-8131-475b-8edc-6b9e940150d7-1-150x150.jpg\" class=\"attachment-thumbnail size-thumbnail\" alt=\"\" \/><\/a>\n\t\t\t\t<\/dt><\/dl><dl class='gallery-item'>\n\t\t\t\t<dt class='gallery-icon landscape'>\n\t\t\t\t\t<a class=\"rollover rollover-zoom dt-pswp-item\" title=\"23357778-0baa-4702-93b5-9050087b09cd\" data-dt-img-description=\"\" data-large_image_width=\"1600\" data-large_image_height=\"1200\"href='https:\/\/www.radiopiu.net\/wordpress\/wp-content\/uploads\/2025\/09\/23357778-0baa-4702-93b5-9050087b09cd-1.jpg'><img loading=\"lazy\" decoding=\"async\" width=\"150\" height=\"150\" src=\"https:\/\/www.radiopiu.net\/wordpress\/wp-content\/uploads\/2025\/09\/23357778-0baa-4702-93b5-9050087b09cd-1-150x150.jpg\" class=\"attachment-thumbnail size-thumbnail\" alt=\"\" \/><\/a>\n\t\t\t\t<\/dt><\/dl><dl class='gallery-item'>\n\t\t\t\t<dt class='gallery-icon landscape'>\n\t\t\t\t\t<a class=\"rollover rollover-zoom dt-pswp-item\" title=\"cef2cc38-0ac5-4aa6-a8e6-a9342440f954\" data-dt-img-description=\"\" data-large_image_width=\"2000\" data-large_image_height=\"1500\"href='https:\/\/www.radiopiu.net\/wordpress\/wp-content\/uploads\/2025\/09\/cef2cc38-0ac5-4aa6-a8e6-a9342440f954-1.jpg'><img loading=\"lazy\" decoding=\"async\" width=\"150\" height=\"150\" src=\"https:\/\/www.radiopiu.net\/wordpress\/wp-content\/uploads\/2025\/09\/cef2cc38-0ac5-4aa6-a8e6-a9342440f954-1-150x150.jpg\" class=\"attachment-thumbnail size-thumbnail\" alt=\"\" \/><\/a>\n\t\t\t\t<\/dt><\/dl><dl class='gallery-item'>\n\t\t\t\t<dt class='gallery-icon landscape'>\n\t\t\t\t\t<a class=\"rollover rollover-zoom dt-pswp-item\" title=\"32159c6d-5527-47cb-8a2d-669bbef78912\" data-dt-img-description=\"\" data-large_image_width=\"2048\" data-large_image_height=\"1151\"href='https:\/\/www.radiopiu.net\/wordpress\/wp-content\/uploads\/2025\/09\/32159c6d-5527-47cb-8a2d-669bbef78912-1.jpg'><img loading=\"lazy\" decoding=\"async\" width=\"150\" height=\"150\" src=\"https:\/\/www.radiopiu.net\/wordpress\/wp-content\/uploads\/2025\/09\/32159c6d-5527-47cb-8a2d-669bbef78912-1-150x150.jpg\" class=\"attachment-thumbnail size-thumbnail\" alt=\"\" \/><\/a>\n\t\t\t\t<\/dt><\/dl><br style=\"clear: both\" \/>\n\t\t\t<\/div>\n\n<h1><\/h1>\n<h1><\/h1>\n<hr \/>\n<p>&nbsp;<\/p>\n<blockquote>\n<h3>MILANO CORTINA 2026: LE OLIMPIADI COME MOTORE DI RINASCITA PER LE DOLOMITI<\/h3>\n<\/blockquote>\n<p><strong><a class=\"dt-pswp-item\" href=\"https:\/\/www.radiopiu.net\/wordpress\/wp-content\/uploads\/2024\/08\/LUCA-ZAIA-COPERTINA-e1748664896238.jpg\" data-dt-img-description=\"\" data-large_image_width=\"1600\" data-large_image_height=\"1143\"><img loading=\"lazy\" decoding=\"async\" class=\" wp-image-403496 alignleft\" src=\"https:\/\/www.radiopiu.net\/wordpress\/wp-content\/uploads\/2024\/08\/LUCA-ZAIA-COPERTINA-e1748664896238-300x214.jpg\" alt=\"\" width=\"165\" height=\"118\" srcset=\"https:\/\/www.radiopiu.net\/wordpress\/wp-content\/uploads\/2024\/08\/LUCA-ZAIA-COPERTINA-e1748664896238-300x214.jpg 300w, https:\/\/www.radiopiu.net\/wordpress\/wp-content\/uploads\/2024\/08\/LUCA-ZAIA-COPERTINA-e1748664896238-1024x732.jpg 1024w, https:\/\/www.radiopiu.net\/wordpress\/wp-content\/uploads\/2024\/08\/LUCA-ZAIA-COPERTINA-e1748664896238-768x549.jpg 768w, https:\/\/www.radiopiu.net\/wordpress\/wp-content\/uploads\/2024\/08\/LUCA-ZAIA-COPERTINA-e1748664896238-1536x1097.jpg 1536w, https:\/\/www.radiopiu.net\/wordpress\/wp-content\/uploads\/2024\/08\/LUCA-ZAIA-COPERTINA-e1748664896238.jpg 1600w\" sizes=\"auto, (max-width: 165px) 100vw, 165px\" \/><\/a>VENEZIA <\/strong>Il presidente della Regione Veneto, Luca Zaia, sottolinea come le Olimpiadi e Paralimpiadi invernali Milano Cortina 2026 stiano gi\u00e0 generando effetti concreti sul territorio. Oltre agli 800.000 biglietti venduti, i dati della Cassa Edile di Belluno confermano un boom edilizio con 547 imprese iscritte e oltre 5.000 lavoratori attivi. La massa salariale \u00e8 salita da 35 a 41 milioni, con ulteriori crescite previste. I cantieri olimpici e infrastrutturali hanno stimolato il rinnovamento di strutture ricettive e impianti sportivi, avviando una trasformazione epocale per le \u201cTerre alte\u201d. Secondo studi universitari, i giochi porteranno al Veneto 5,3 miliardi di euro e un incremento del Pil di 1,5 punti. Zaia evidenzia l\u2019opportunit\u00e0 storica: almeno due milioni di visitatori e una platea mondiale di miliardi di spettatori rappresentano una vetrina unica per lo sviluppo e la valorizzazione delle Dolomiti.<\/p>\n<p>&nbsp;<\/p>\n<p>&nbsp;<\/p>\n<hr \/>\n<p>&nbsp;<\/p>\n<blockquote>\n<h2><strong data-start=\"70\" data-end=\"133\">SPORTIVAMENTE BELLUNO, CORTE DEI CONTI CONFERMA LA CONDANNA<\/strong><\/h2>\n<\/blockquote>\n<p>La Corte dei Conti di Roma ha confermato la condanna per danno erariale all\u2019ex sindaco di Belluno Antonio Prade, all\u2019ex assessore Tiziana Martire e agli ex amministratori Pio Paolo Benvegn\u00f9 e Patrick Da Pos per le operazioni tra Nis e Sportivamente Belluno. Ridotto del 20% l\u2019importo da risarcire al Comune, inizialmente fissato in oltre 405 mila euro. Il sindaco De Pellegrin: \u00abResta la condanna a risarcire il Comune\u00bb.<\/p>\n<div class=\"page-title-head hgroup\">\n<blockquote>\n<h2><\/h2>\n<h2 class=\"entry-title\">DILLO A RADIOPIU\u2026I TRAGICI RISVOLTI DI UNA LOTTA POLITICA<\/h2>\n<\/blockquote>\n<\/div>\n<p>&nbsp;<\/p>\n<blockquote>\n<p data-start=\"69\" data-end=\"321\"><em><img loading=\"lazy\" decoding=\"async\" class=\"alignleft\" src=\"https:\/\/www.radiopiu.net\/wordpress\/wp-content\/uploads\/2019\/08\/alpe-del-nevegal-seggiovia-1600x625.jpg\" width=\"197\" height=\"77\" \/>A Belluno: la politica di parte,\u00a0 il fallimento della N.I.S. srl, societ\u00e0 comunale per Nevegal e piscina. Ex amministratori condannati, cittadini a pagare per errori politici: Tiziana Martire\u00a0 riflette sulla &#8220;mancanza di continuit\u00e0 nei progetti&#8221;.<\/em><\/p>\n<\/blockquote>\n<p class=\"page-title-breadcrumbs\"><strong>LA LETTERA, riceviamo e pubblichiamo <\/strong><em>A fronte della nota vicenda di abbandono degli amministratori precedenti e anzi, della messa in essere di meccanismi che hanno portato al loro rapporto legale, frinito male, questa di seguito, la mia versione dei fatti da persona, purtroppo, coinvolta. Un esempio di politica-contro anche a Belluno.<\/em><a class=\"dt-pswp-item\" href=\"https:\/\/www.radiopiu.net\/wordpress\/wp-content\/uploads\/2025\/09\/Screenshot-2025-09-15-095957.png\" data-dt-img-description=\"\" data-large_image_width=\"413\" data-large_image_height=\"315\"><img loading=\"lazy\" decoding=\"async\" class=\" wp-image-469867 alignleft\" src=\"https:\/\/www.radiopiu.net\/wordpress\/wp-content\/uploads\/2025\/09\/Screenshot-2025-09-15-095957-300x229.png\" alt=\"\" width=\"187\" height=\"143\" srcset=\"https:\/\/www.radiopiu.net\/wordpress\/wp-content\/uploads\/2025\/09\/Screenshot-2025-09-15-095957-300x229.png 300w, https:\/\/www.radiopiu.net\/wordpress\/wp-content\/uploads\/2025\/09\/Screenshot-2025-09-15-095957.png 413w\" sizes=\"auto, (max-width: 187px) 100vw, 187px\" \/><\/a>Accade anche a Belluno, nota citt\u00e0 di gentiluomini nell\u2019antichit\u00e0, la lotta politica tra centrosinistra e centrodestra, ha prodotto il danno. La N.I.S. srl, vecchia societ\u00e0 del Comune di Belluno, impegnata per lo sviluppo del Nevegal e per la gestione della piscina, venne scissa, a termini di legge, separando i due rami di cui era composta. Ovviamente, era in perdita prima, ma con l\u2019oculata gestione del governo di centrodestra Prade che la eredit\u00f2, vi furono sforzi per portarla a pareggio in alcune parti. Insieme, una progettualit\u00e0 per un maggiore sviluppo soprattutto del Nevegal. Cambia il colore politico della citt\u00e0, si instaura il governo di centrosinistra Massaro, la gestione di quella questione viene trattata con non sufficiente attenzione non capendo l\u2019importanza anche economica del progetto, non capendone nemmeno i passaggi dovuti all\u2019impostazione del tutto. Senza dare continuit\u00e0 a quel programma nelle intenzioni che aveva, per mera visione politica di parte. Durante l\u2019amministrazione\u00a0 Massaro,\u00a0 il fallimento\u00a0 della societ\u00e0 e la denuncia di responsabilit\u00e0 del governo precedente, in una mancata ottica di continuit\u00e0 dei progetti precedenti, e mancando anche di cura verso la Citt\u00e0 a chi quei progetti si rivolgevano. La conseguenza: Sindaco, Assessore al bilancio e Amministratore della societ\u00e0, dopo varie traversie, vengono condannati al risarcimento di quello che viene qualificato come un danno erariale<span style=\"color: #ff0000;\"><strong>*<\/strong><\/span>.Dov\u2019\u00e8 la lotta politica? \u00c8 pensare che ci\u00f2 che mette in essere una parte politica nella sua gestione, sia da demolire, una volta eletta l\u2019altra fazione? E potrebbe anche starci, quello per\u00f2 che non si dovrebbe fare, \u00e8 far pagare a cittadini che si sono prestati al governo di una citt\u00e0, azioni, conseguenti ad un modo irresponsabile nel trattare il pregresso. Perch\u00e9 a quel punto, ogni fazione diversa di colorazione politica che viene eletta, non si senta legittimata a massacrare chi prima si \u00e8 prestato, per risultare migliori.Tiziana Martire<strong><span style=\"color: #ff0000;\">*<\/span> NOTIZIARIO gioved\u00ec, 11 Maggio 2023 <\/strong>&#8220;Crisi Nis: Prade, Martire e Benvegn\u00f9 condannati dalla Corte dei conti&#8221;La Corte dei Conti ha condannato l\u2019ex sindaco Prade, l\u2019ex assessore Martire e l\u2019ex amministratore della Nis Benvegn\u00f9 a risarcire il Comune di Belluno per un danno erariale di 405.324 euro, legato al fallimento della Nis tra 2010 e 2013. L\u2019operazione contestata riguardava il travaso di fondi da un\u2019altra societ\u00e0 comunale per sostenere gli investimenti del Nevegal. L\u2019ex sindaco Massaro sottolinea che la sua amministrazione ha agito correttamente: il fallimento ha evitato perdite maggiori e garantito la riapertura degli impianti e il pagamento degli stipendi. Anche l\u2019attuale sindaco De Pellegrin riconosce la buona fede della giunta Prade.<\/p>\n<p>&nbsp;<\/p>\n<p>&nbsp;<\/p>\n<hr \/>\n<p>&nbsp;<\/p>\n<blockquote>\n<h3>FELTRE: 3 MILA EURO AI GESTORI DEI CENTRI ESTIVI PER IL 2025<\/h3>\n<\/blockquote>\n<p><strong><a class=\"dt-pswp-item\" href=\"https:\/\/www.radiopiu.net\/wordpress\/wp-content\/uploads\/2025\/03\/feltre-1.png\" data-dt-img-description=\"\" data-large_image_width=\"468\" data-large_image_height=\"237\"><img loading=\"lazy\" decoding=\"async\" class=\" wp-image-441518 alignleft\" src=\"https:\/\/www.radiopiu.net\/wordpress\/wp-content\/uploads\/2025\/03\/feltre-1-300x152.png\" alt=\"\" width=\"195\" height=\"99\" srcset=\"https:\/\/www.radiopiu.net\/wordpress\/wp-content\/uploads\/2025\/03\/feltre-1-300x152.png 300w, https:\/\/www.radiopiu.net\/wordpress\/wp-content\/uploads\/2025\/03\/feltre-1.png 468w\" sizes=\"auto, (max-width: 195px) 100vw, 195px\" \/><\/a>FELTRE <\/strong>La Giunta comunale di Feltre ha approvato l\u2019avviso pubblico per l\u2019assegnazione di contributi ai gestori di centri estivi sul territorio, confermando anche per il 2025 lo stanziamento complessivo di 3.000 euro. I soggetti interessati, tra cui associazioni, parrocchie e cooperative, potranno presentare domanda entro il 27 settembre tramite PEC o consegna a mano. Il contributo, proporzionale all\u2019attivit\u00e0 svolta, sar\u00e0 calcolato in base a criteri come durata minima di due settimane, numero di bambini, orari, servizio mensa e presenza di minori con disabilit\u00e0. Verr\u00e0 erogato entro il 31 dicembre 2025, previa firma di un protocollo d\u2019intesa e controlli sulle dichiarazioni presentate. Il Sindaco Viviana Fusaro ha ribadito il valore sociale dei centri estivi, mentre l\u2019assessore Flavia Colle ha chiarito i criteri di assegnazione. Il vicesindaco Claudio Dalla Palma auspica un\u2019ampia partecipazione dei soggetti che hanno gi\u00e0 garantito attivit\u00e0 educative e ricreative negli anni scorsi.<\/p>\n<p>&nbsp;<\/p>\n<p>&nbsp;<\/p>\n<hr \/>\n<p>&nbsp;<\/p>\n<blockquote>\n<h3>IL PUNTO SULLA STAGIONE ESTIVA DELLA SKI AREA SAN PELLEGRINO<\/h3>\n<\/blockquote>\n<p><strong><a class=\"dt-pswp-item\" href=\"https:\/\/www.radiopiu.net\/wordpress\/wp-content\/uploads\/2025\/08\/SKI-AREA-SAN-PELLEGRINO-ESTATE.jpg\" data-dt-img-description=\"\" data-large_image_width=\"1200\" data-large_image_height=\"800\"><img loading=\"lazy\" decoding=\"async\" class=\" wp-image-463582 alignleft\" src=\"https:\/\/www.radiopiu.net\/wordpress\/wp-content\/uploads\/2025\/08\/SKI-AREA-SAN-PELLEGRINO-ESTATE-300x200.jpg\" alt=\"\" width=\"173\" height=\"115\" srcset=\"https:\/\/www.radiopiu.net\/wordpress\/wp-content\/uploads\/2025\/08\/SKI-AREA-SAN-PELLEGRINO-ESTATE-300x200.jpg 300w, https:\/\/www.radiopiu.net\/wordpress\/wp-content\/uploads\/2025\/08\/SKI-AREA-SAN-PELLEGRINO-ESTATE-1024x683.jpg 1024w, https:\/\/www.radiopiu.net\/wordpress\/wp-content\/uploads\/2025\/08\/SKI-AREA-SAN-PELLEGRINO-ESTATE-768x512.jpg 768w, https:\/\/www.radiopiu.net\/wordpress\/wp-content\/uploads\/2025\/08\/SKI-AREA-SAN-PELLEGRINO-ESTATE.jpg 1200w\" sizes=\"auto, (max-width: 173px) 100vw, 173px\" \/><\/a>DI MIRKO MEZZACASA<\/strong><\/p>\n<p>OSPITE: Mirco Tancon, Ski Area San Pellegrino<\/p>\n<audio class=\"wp-audio-shortcode\" id=\"audio-469776-8\" preload=\"none\" style=\"width: 100%;\" controls=\"controls\"><source type=\"audio\/mpeg\" src=\"https:\/\/www.radiopiu.net\/wordpress\/wp-content\/uploads\/2025\/09\/GF16-1.mp3?_=8\" \/><a href=\"https:\/\/www.radiopiu.net\/wordpress\/wp-content\/uploads\/2025\/09\/GF16-1.mp3\">https:\/\/www.radiopiu.net\/wordpress\/wp-content\/uploads\/2025\/09\/GF16-1.mp3<\/a><\/audio>\n<p>&nbsp;<\/p>\n<hr \/>\n<p>&nbsp;<\/p>\n<p><strong><a class=\"dt-pswp-item\" href=\"https:\/\/www.radiopiu.net\/wordpress\/wp-content\/uploads\/2025\/09\/violenza-300x300-1.png\" data-dt-img-description=\"\" data-large_image_width=\"300\" data-large_image_height=\"300\"><img loading=\"lazy\" decoding=\"async\" class=\" wp-image-470019 alignleft\" src=\"https:\/\/www.radiopiu.net\/wordpress\/wp-content\/uploads\/2025\/09\/violenza-300x300-1.png\" alt=\"\" width=\"190\" height=\"190\" srcset=\"https:\/\/www.radiopiu.net\/wordpress\/wp-content\/uploads\/2025\/09\/violenza-300x300-1.png 300w, https:\/\/www.radiopiu.net\/wordpress\/wp-content\/uploads\/2025\/09\/violenza-300x300-1-150x150.png 150w\" sizes=\"auto, (max-width: 190px) 100vw, 190px\" \/><\/a>LA GIUDIZIARIA OGGI<\/strong><\/p>\n<p><strong>DAL CORRIERE DELLE ALPI<\/strong><\/p>\n<p><strong>SINTESI, DI GIGI SOSSO<\/strong><\/p>\n<blockquote>\n<p data-start=\"250\" data-end=\"313\"><strong data-start=\"250\" data-end=\"311\">SENTENZA-SCUDO: LE PESANTI ACCUSE DI VIOLENZA NON REGGONO<\/strong><\/p>\n<\/blockquote>\n<p><strong>BELLUNO<\/strong> Un uomo di origine maghrebina \u00e8 stato assolto dal giudice Federico Montalto perch\u00e9 il fatto non sussiste. Era accusato di gravi maltrattamenti verso l\u2019ex moglie, con insulti, minacce e presunti episodi di violenza. Il pm aveva chiesto 2 anni di carcere e la parte civile 5 mila euro di risarcimento, ma la difesa dell\u2019avvocato Francesco De Bona ha evidenziato contraddizioni e incongruenze nella versione della donna. Le motivazioni della sentenza saranno depositate nei prossimi giorni.<\/p>\n<blockquote>\n<h3 data-start=\"85\" data-end=\"140\"><strong data-start=\"85\" data-end=\"138\">ASSOLTO DAL TRIBUNALE: CADONO LE ACCUSE DI RAPINA<\/strong><\/h3>\n<\/blockquote>\n<p data-start=\"142\" data-end=\"863\"><strong>FELTRE<\/strong> \u2013 Il cittadino maghrebino residente a Feltre, \u00e8 stato assolto per non aver commesso il fatto, a causa di prove insufficienti e contraddittorie. Quattro anni fa l\u2019uomo sarebbe entrato in un supermercato, pagando solo una confezione di t\u00e8 mentre avrebbe nascosto nello zaino l\u2019alcolico. Secondo la Procura, ci sarebbe stata una colluttazione con la guardia giurata, ma le immagini di videosorveglianza hanno sostenuto la versione difensiva, il giudice ha emesso l\u2019assoluzione con formula dubitativa, respingendo le richieste di condanna a due anni e mille euro di multa.<\/p>\n<blockquote>\n<p data-start=\"86\" data-end=\"146\"><strong data-start=\"86\" data-end=\"144\">OMICIDIO ALLA STAZIONE: APPELLO PER PEDRO IL 7 OTTOBRE<\/strong><\/p>\n<\/blockquote>\n<p data-start=\"148\" data-end=\"660\"><strong>SETTEVILLE<\/strong> \u2013 La Corte d\u2019Assise d\u2019Appello di Venezia ha fissato per il 7 ottobre l\u2019udienza di secondo grado per Pedro Livert Dominguez, condannato a 16 anni per l\u2019omicidio di Antonio Costa, avvenuto il 6 maggio 2023 davanti al Kangur bar durante una festa di compleanno. L\u2019altro imputato, Junior Cedano Sanchez, era stato assolto in primo grado per insufficienza e contraddittoriet\u00e0 delle prove. Il difensore di Dominguez, Marcello Stellin, ha presentato appello puntando a una possibile riforma della sentenza.<\/p>\n<blockquote>\n<p data-start=\"74\" data-end=\"141\"><strong data-start=\"74\" data-end=\"139\">ASSOLTO DOPO PRELIEVI PER 60 MILA EURO: IL FATTO NON SUSSISTE<\/strong><\/p>\n<\/blockquote>\n<p data-start=\"143\" data-end=\"698\"><strong>FELTRE<\/strong> \u2013 Conto alleggerito di 60 mila euro,\u00a0 \u00e8 stato assolto dal giudice Paolo Velo perch\u00e9 il fatto non sussiste. La Procura aveva chiesto due anni di reclusione e 2.500 euro di multa per appropriazione indebita, con risarcimento richiesto dalla parte civile. Il difensore Davide Fent ha dimostrato che tutti i prelievi erano autorizzati e concordati:<\/p>\n<hr \/>\n<p>&nbsp;<\/p>\n<blockquote>\n<h3><a class=\"dt-pswp-item\" href=\"https:\/\/www.radiopiu.net\/wordpress\/wp-content\/uploads\/2025\/09\/KSGHSKL-scaled.jpeg\" data-dt-img-description=\"\" data-large_image_width=\"2560\" data-large_image_height=\"2159\"><img loading=\"lazy\" decoding=\"async\" class=\" wp-image-469962 alignleft\" src=\"https:\/\/www.radiopiu.net\/wordpress\/wp-content\/uploads\/2025\/09\/KSGHSKL-300x253.jpeg\" alt=\"\" width=\"231\" height=\"195\" srcset=\"https:\/\/www.radiopiu.net\/wordpress\/wp-content\/uploads\/2025\/09\/KSGHSKL-300x253.jpeg 300w, https:\/\/www.radiopiu.net\/wordpress\/wp-content\/uploads\/2025\/09\/KSGHSKL-1024x863.jpeg 1024w, https:\/\/www.radiopiu.net\/wordpress\/wp-content\/uploads\/2025\/09\/KSGHSKL-768x648.jpeg 768w, https:\/\/www.radiopiu.net\/wordpress\/wp-content\/uploads\/2025\/09\/KSGHSKL-1536x1295.jpeg 1536w, https:\/\/www.radiopiu.net\/wordpress\/wp-content\/uploads\/2025\/09\/KSGHSKL-2048x1727.jpeg 2048w\" sizes=\"auto, (max-width: 231px) 100vw, 231px\" \/><\/a>GIOVANI&amp;FUTURO: LUCA FRESCURA RICONFERMATO PRESIDENTE<\/h3>\n<\/blockquote>\n<p><strong>BELLUNO <\/strong>Si sono concluse ieri le elezioni associative di Giovani&amp;Futuro, confermando Luca Frescura presidente per il prossimo triennio. Riconfermato vicepresidente Thomas Menia Corbanese, mentre Eros Roncen assume il ruolo di Segretario nazionale. Sono stati eletti consiglieri Cristina Denaro, Gioia Toffoli, Simonetta Saccon, Giorgia Fois, Valentina Maggiore e Luca Olivotto. L\u2019associazione, nata tre anni fa in Provincia di Belluno e oggi presente in tutta Italia, celebra il primo Congresso nazionale. Frescura sottolinea l\u2019impegno per soluzioni concrete e la crescita dell\u2019associazione, evidenziata anche dal Disegno di Legge con 70.000 firme. Nuove candidature locali, tra cui quella di Luca Olivotto a Sindaco di Borca, potrebbero emergere, puntando su una politica indipendente e coraggiosa.<\/p>\n<p>&nbsp;<\/p>\n<p>&nbsp;<\/p>\n<hr \/>\n<p>&nbsp;<\/p>\n<div class=\"page-title-head hgroup\">\n<blockquote>\n<h3 class=\"entry-title\">INCLUSIVO SPETTACOLO TEATRALE ALLA CASA DELLE ARTI A BELLUNO<\/h3>\n<\/blockquote>\n<\/div>\n<div class=\"page-title-breadcrumbs\">\n<p><strong>DI MARINA DONA&#8217;<\/strong><\/p>\n<p><strong>BELLUNO<\/strong> Alle ore 20.00 di domenica 14 settembre 2025 alla &#8220;Casa Delle Arti&#8221; a Belluno, si \u00e8 svolto uno spettacolo inclusivo da &#8220;Il Teatro delle Emozioni&#8221; ,intitolato &#8220;Pescecane&#8221;, nell&#8217;ambito del progetto di rete In- Out, con percorsi di inclusione di persone con autismo, realizzati da Societ\u00e0 Nuova, promosso e sostenuto dal ULSS 1 Dolomiti. Con la regia di Daniela Nicosia, e l&#8217; esibizione degli attori Eleonora Alessandro Paolo Alessandro e Francesco, il folto pubblico ha assistito a questa metafora grazie alla quale si racconta come sia pi\u00f9 facile difendersi da un pericolo manifesto, piuttosto che da qualcosa di latente cui non si sa dare un nome, che pu\u00f2 assalire all&#8217;improvviso ogni persona e modificarne qualit\u00e0 e aspirazione di vita. &#8220;Pesce cane&#8221; \u00e8 un dialogo umano tra la bellezza e la creativit\u00e0 della persona in tutte le loro sfaccettature. Grande commozione e grandi applausi a fine esibizione uno spettacolo decisamente emozionante che ha toccato le corde pi\u00f9 delicate dei sentimenti umani.<\/p>\n\n\t\t\t<style type='text\/css'>\n\t\t\t\t#gallery-4 {\n\t\t\t\t\tmargin: auto;\n\t\t\t\t}\n\t\t\t\t#gallery-4 .gallery-item {\n\t\t\t\t\tfloat: left;\n\t\t\t\t\tmargin-top: 10px;\n\t\t\t\t\ttext-align: center;\n\t\t\t\t\twidth: 14%;\n\t\t\t\t}\n\t\t\t\t#gallery-4 img {\n\t\t\t\t\tborder: 2px solid #cfcfcf;\n\t\t\t\t}\n\t\t\t\t#gallery-4 .gallery-caption {\n\t\t\t\t\tmargin-left: 0;\n\t\t\t\t}\n\t\t\t\t\/* see gallery_shortcode() in wp-includes\/media.php *\/\n\t\t\t<\/style>\n\t\t<div id='gallery-4' class='dt-gallery-container gallery galleryid-469776 gallery-columns-7 gallery-size-thumbnail'><dl class='gallery-item'>\n\t\t\t\t<dt class='gallery-icon landscape'>\n\t\t\t\t\t<a class=\"rollover rollover-zoom dt-pswp-item\" title=\"1395048d-7861-4300-a29d-0598cf9b3e9f\" data-dt-img-description=\"\" data-large_image_width=\"1224\" data-large_image_height=\"688\"href='https:\/\/www.radiopiu.net\/wordpress\/wp-content\/uploads\/2025\/09\/1395048d-7861-4300-a29d-0598cf9b3e9f.jpg'><img loading=\"lazy\" decoding=\"async\" width=\"150\" height=\"150\" src=\"https:\/\/www.radiopiu.net\/wordpress\/wp-content\/uploads\/2025\/09\/1395048d-7861-4300-a29d-0598cf9b3e9f-150x150.jpg\" class=\"attachment-thumbnail size-thumbnail\" alt=\"\" \/><\/a>\n\t\t\t\t<\/dt><\/dl><dl class='gallery-item'>\n\t\t\t\t<dt class='gallery-icon landscape'>\n\t\t\t\t\t<a class=\"rollover rollover-zoom dt-pswp-item\" title=\"695b67da-b275-4c0a-b6cd-471a3f79578d\" data-dt-img-description=\"\" data-large_image_width=\"1600\" data-large_image_height=\"1200\"href='https:\/\/www.radiopiu.net\/wordpress\/wp-content\/uploads\/2025\/09\/695b67da-b275-4c0a-b6cd-471a3f79578d.jpg'><img loading=\"lazy\" decoding=\"async\" width=\"150\" height=\"150\" src=\"https:\/\/www.radiopiu.net\/wordpress\/wp-content\/uploads\/2025\/09\/695b67da-b275-4c0a-b6cd-471a3f79578d-150x150.jpg\" class=\"attachment-thumbnail size-thumbnail\" alt=\"\" \/><\/a>\n\t\t\t\t<\/dt><\/dl><dl class='gallery-item'>\n\t\t\t\t<dt class='gallery-icon landscape'>\n\t\t\t\t\t<a class=\"rollover rollover-zoom dt-pswp-item\" title=\"ac398a2d-c4ef-4599-be7e-beffe3605744\" data-dt-img-description=\"\" data-large_image_width=\"1600\" data-large_image_height=\"1200\"href='https:\/\/www.radiopiu.net\/wordpress\/wp-content\/uploads\/2025\/09\/ac398a2d-c4ef-4599-be7e-beffe3605744.jpg'><img loading=\"lazy\" decoding=\"async\" width=\"150\" height=\"150\" src=\"https:\/\/www.radiopiu.net\/wordpress\/wp-content\/uploads\/2025\/09\/ac398a2d-c4ef-4599-be7e-beffe3605744-150x150.jpg\" class=\"attachment-thumbnail size-thumbnail\" alt=\"\" \/><\/a>\n\t\t\t\t<\/dt><\/dl><dl class='gallery-item'>\n\t\t\t\t<dt class='gallery-icon landscape'>\n\t\t\t\t\t<a class=\"rollover rollover-zoom dt-pswp-item\" title=\"500f981b-6ce7-43dd-875f-908347f41cbc\" data-dt-img-description=\"\" data-large_image_width=\"1296\" data-large_image_height=\"972\"href='https:\/\/www.radiopiu.net\/wordpress\/wp-content\/uploads\/2025\/09\/500f981b-6ce7-43dd-875f-908347f41cbc.jpg'><img loading=\"lazy\" decoding=\"async\" width=\"150\" height=\"150\" src=\"https:\/\/www.radiopiu.net\/wordpress\/wp-content\/uploads\/2025\/09\/500f981b-6ce7-43dd-875f-908347f41cbc-150x150.jpg\" class=\"attachment-thumbnail size-thumbnail\" alt=\"\" \/><\/a>\n\t\t\t\t<\/dt><\/dl><dl class='gallery-item'>\n\t\t\t\t<dt class='gallery-icon landscape'>\n\t\t\t\t\t<a class=\"rollover rollover-zoom dt-pswp-item\" title=\"2c7adc30-d8cb-4569-932d-5cfa26b17c16\" data-dt-img-description=\"\" data-large_image_width=\"1600\" data-large_image_height=\"1200\"href='https:\/\/www.radiopiu.net\/wordpress\/wp-content\/uploads\/2025\/09\/2c7adc30-d8cb-4569-932d-5cfa26b17c16.jpg'><img loading=\"lazy\" decoding=\"async\" width=\"150\" height=\"150\" src=\"https:\/\/www.radiopiu.net\/wordpress\/wp-content\/uploads\/2025\/09\/2c7adc30-d8cb-4569-932d-5cfa26b17c16-150x150.jpg\" class=\"attachment-thumbnail size-thumbnail\" alt=\"\" \/><\/a>\n\t\t\t\t<\/dt><\/dl><dl class='gallery-item'>\n\t\t\t\t<dt class='gallery-icon landscape'>\n\t\t\t\t\t<a class=\"rollover rollover-zoom dt-pswp-item\" title=\"4aa12809-ab2d-41af-95ad-87ad8c96781b\" data-dt-img-description=\"\" data-large_image_width=\"1600\" data-large_image_height=\"1200\"href='https:\/\/www.radiopiu.net\/wordpress\/wp-content\/uploads\/2025\/09\/4aa12809-ab2d-41af-95ad-87ad8c96781b.jpg'><img loading=\"lazy\" decoding=\"async\" width=\"150\" height=\"150\" src=\"https:\/\/www.radiopiu.net\/wordpress\/wp-content\/uploads\/2025\/09\/4aa12809-ab2d-41af-95ad-87ad8c96781b-150x150.jpg\" class=\"attachment-thumbnail size-thumbnail\" alt=\"\" \/><\/a>\n\t\t\t\t<\/dt><\/dl><dl class='gallery-item'>\n\t\t\t\t<dt class='gallery-icon landscape'>\n\t\t\t\t\t<a class=\"rollover rollover-zoom dt-pswp-item\" title=\"9b8fd9e6-0eb5-43e8-986a-a10f082d89fc\" data-dt-img-description=\"\" data-large_image_width=\"1600\" data-large_image_height=\"1200\"href='https:\/\/www.radiopiu.net\/wordpress\/wp-content\/uploads\/2025\/09\/9b8fd9e6-0eb5-43e8-986a-a10f082d89fc.jpg'><img loading=\"lazy\" decoding=\"async\" width=\"150\" height=\"150\" src=\"https:\/\/www.radiopiu.net\/wordpress\/wp-content\/uploads\/2025\/09\/9b8fd9e6-0eb5-43e8-986a-a10f082d89fc-150x150.jpg\" class=\"attachment-thumbnail size-thumbnail\" alt=\"\" \/><\/a>\n\t\t\t\t<\/dt><\/dl><br style=\"clear: both\" \/><dl class='gallery-item'>\n\t\t\t\t<dt class='gallery-icon landscape'>\n\t\t\t\t\t<a class=\"rollover rollover-zoom dt-pswp-item\" title=\"effef37b-39a8-4f09-b750-066ef534d7b4\" data-dt-img-description=\"\" data-large_image_width=\"1600\" data-large_image_height=\"1200\"href='https:\/\/www.radiopiu.net\/wordpress\/wp-content\/uploads\/2025\/09\/effef37b-39a8-4f09-b750-066ef534d7b4.jpg'><img loading=\"lazy\" decoding=\"async\" width=\"150\" height=\"150\" src=\"https:\/\/www.radiopiu.net\/wordpress\/wp-content\/uploads\/2025\/09\/effef37b-39a8-4f09-b750-066ef534d7b4-150x150.jpg\" class=\"attachment-thumbnail size-thumbnail\" alt=\"\" \/><\/a>\n\t\t\t\t<\/dt><\/dl><dl class='gallery-item'>\n\t\t\t\t<dt class='gallery-icon landscape'>\n\t\t\t\t\t<a class=\"rollover rollover-zoom dt-pswp-item\" title=\"e06402b5-7c70-4b45-bd61-d13bab617583\" data-dt-img-description=\"\" data-large_image_width=\"1600\" data-large_image_height=\"1200\"href='https:\/\/www.radiopiu.net\/wordpress\/wp-content\/uploads\/2025\/09\/e06402b5-7c70-4b45-bd61-d13bab617583.jpg'><img loading=\"lazy\" decoding=\"async\" width=\"150\" height=\"150\" src=\"https:\/\/www.radiopiu.net\/wordpress\/wp-content\/uploads\/2025\/09\/e06402b5-7c70-4b45-bd61-d13bab617583-150x150.jpg\" class=\"attachment-thumbnail size-thumbnail\" alt=\"\" \/><\/a>\n\t\t\t\t<\/dt><\/dl><dl class='gallery-item'>\n\t\t\t\t<dt class='gallery-icon landscape'>\n\t\t\t\t\t<a class=\"rollover rollover-zoom dt-pswp-item\" title=\"2fcafeb9-1364-4a9e-930f-25b7def5e840\" data-dt-img-description=\"\" data-large_image_width=\"1600\" data-large_image_height=\"1200\"href='https:\/\/www.radiopiu.net\/wordpress\/wp-content\/uploads\/2025\/09\/2fcafeb9-1364-4a9e-930f-25b7def5e840.jpg'><img loading=\"lazy\" decoding=\"async\" width=\"150\" height=\"150\" src=\"https:\/\/www.radiopiu.net\/wordpress\/wp-content\/uploads\/2025\/09\/2fcafeb9-1364-4a9e-930f-25b7def5e840-150x150.jpg\" class=\"attachment-thumbnail size-thumbnail\" alt=\"\" \/><\/a>\n\t\t\t\t<\/dt><\/dl><dl class='gallery-item'>\n\t\t\t\t<dt class='gallery-icon landscape'>\n\t\t\t\t\t<a class=\"rollover rollover-zoom dt-pswp-item\" title=\"9ef8e4dc-fb1d-494f-a281-5d6ab0ce297c\" data-dt-img-description=\"\" data-large_image_width=\"1600\" data-large_image_height=\"1200\"href='https:\/\/www.radiopiu.net\/wordpress\/wp-content\/uploads\/2025\/09\/9ef8e4dc-fb1d-494f-a281-5d6ab0ce297c.jpg'><img loading=\"lazy\" decoding=\"async\" width=\"150\" height=\"150\" src=\"https:\/\/www.radiopiu.net\/wordpress\/wp-content\/uploads\/2025\/09\/9ef8e4dc-fb1d-494f-a281-5d6ab0ce297c-150x150.jpg\" class=\"attachment-thumbnail size-thumbnail\" alt=\"\" \/><\/a>\n\t\t\t\t<\/dt><\/dl><dl class='gallery-item'>\n\t\t\t\t<dt class='gallery-icon landscape'>\n\t\t\t\t\t<a class=\"rollover rollover-zoom dt-pswp-item\" title=\"16b99670-2cc4-427f-93ca-a72a4bc8ccbd\" data-dt-img-description=\"\" data-large_image_width=\"1600\" data-large_image_height=\"1200\"href='https:\/\/www.radiopiu.net\/wordpress\/wp-content\/uploads\/2025\/09\/16b99670-2cc4-427f-93ca-a72a4bc8ccbd.jpg'><img loading=\"lazy\" decoding=\"async\" width=\"150\" height=\"150\" src=\"https:\/\/www.radiopiu.net\/wordpress\/wp-content\/uploads\/2025\/09\/16b99670-2cc4-427f-93ca-a72a4bc8ccbd-150x150.jpg\" class=\"attachment-thumbnail size-thumbnail\" alt=\"\" \/><\/a>\n\t\t\t\t<\/dt><\/dl><dl class='gallery-item'>\n\t\t\t\t<dt class='gallery-icon landscape'>\n\t\t\t\t\t<a class=\"rollover rollover-zoom dt-pswp-item\" title=\"fb5d10c7-bd3a-45b7-9f95-fe0184d7cff5\" data-dt-img-description=\"\" data-large_image_width=\"1600\" data-large_image_height=\"1200\"href='https:\/\/www.radiopiu.net\/wordpress\/wp-content\/uploads\/2025\/09\/fb5d10c7-bd3a-45b7-9f95-fe0184d7cff5.jpg'><img loading=\"lazy\" decoding=\"async\" width=\"150\" height=\"150\" src=\"https:\/\/www.radiopiu.net\/wordpress\/wp-content\/uploads\/2025\/09\/fb5d10c7-bd3a-45b7-9f95-fe0184d7cff5-150x150.jpg\" class=\"attachment-thumbnail size-thumbnail\" alt=\"\" \/><\/a>\n\t\t\t\t<\/dt><\/dl>\n\t\t\t\t<br style='clear: both' \/>\n\t\t\t<\/div>\n\n<p>&nbsp;<\/p>\n<p><iframe loading=\"lazy\" title=\"SPETTACOLO TEATRALE ALLA CASA DELLE ARTI A BELLUNO\" width=\"1200\" height=\"675\" src=\"https:\/\/www.youtube.com\/embed\/WsH5oEkyFgE?feature=oembed\" frameborder=\"0\" allow=\"accelerometer; autoplay; clipboard-write; encrypted-media; gyroscope; picture-in-picture; web-share\" referrerpolicy=\"strict-origin-when-cross-origin\" allowfullscreen><\/iframe><\/p>\n<p>&nbsp;<\/p>\n<\/div>\n<p>&nbsp;<\/p>\n<p>&nbsp;<\/p>\n<hr \/>\n<p>&nbsp;<\/p>\n<blockquote>\n<h3>LA 13ESIMA FESTA DELLA DESMONTEGADA A SELVA DI CADORE<\/h3>\n<\/blockquote>\n<p><strong>DI MARINA DONA&#8217;<\/strong><\/p>\n<p><strong>SELVA DI CADORE <\/strong>Santa Fosca di Selva di Cadore ha accolto con entusiasmo la 13\u00aa edizione della Festa della Desmontegada. Per due giorni il paese si \u00e8 trasformato in un grande palcoscenico all\u2019aperto, animato da stand gastronomici, mercatini, giochi e musica dal vivo che hanno richiamato un pubblico numeroso, tra residenti e turisti. Il momento pi\u00f9 atteso \u00e8 stato domenica mattina, quando alle 11 la tradizionale sfilata del bestiame di ritorno dai pascoli ha colorato le vie del paese. Mucche ornate a festa e allevatori in abiti tipici hanno offerto uno spettacolo suggestivo e carico di tradizione, applaudito calorosamente dai presenti. La Desmontegada si conferma cos\u00ec un appuntamento irrinunciabile per la comunit\u00e0 e un richiamo autentico alle radici montane e alle tradizioni ladine.<\/p>\n<div style=\"width: 848px;\" class=\"wp-video\"><video class=\"wp-video-shortcode\" id=\"video-469776-2\" width=\"848\" height=\"480\" preload=\"metadata\" controls=\"controls\"><source type=\"video\/mp4\" src=\"https:\/\/www.radiopiu.net\/wordpress\/wp-content\/uploads\/2025\/09\/WhatsApp-Video-2025-09-14-at-13.52.54.mp4?_=2\" \/><a href=\"https:\/\/www.radiopiu.net\/wordpress\/wp-content\/uploads\/2025\/09\/WhatsApp-Video-2025-09-14-at-13.52.54.mp4\">https:\/\/www.radiopiu.net\/wordpress\/wp-content\/uploads\/2025\/09\/WhatsApp-Video-2025-09-14-at-13.52.54.mp4<\/a><\/video><\/div>\n<p>&nbsp;<\/p>\n\n\t\t\t<style type='text\/css'>\n\t\t\t\t#gallery-5 {\n\t\t\t\t\tmargin: auto;\n\t\t\t\t}\n\t\t\t\t#gallery-5 .gallery-item {\n\t\t\t\t\tfloat: left;\n\t\t\t\t\tmargin-top: 10px;\n\t\t\t\t\ttext-align: center;\n\t\t\t\t\twidth: 14%;\n\t\t\t\t}\n\t\t\t\t#gallery-5 img {\n\t\t\t\t\tborder: 2px solid #cfcfcf;\n\t\t\t\t}\n\t\t\t\t#gallery-5 .gallery-caption {\n\t\t\t\t\tmargin-left: 0;\n\t\t\t\t}\n\t\t\t\t\/* see gallery_shortcode() in wp-includes\/media.php *\/\n\t\t\t<\/style>\n\t\t<div id='gallery-5' class='dt-gallery-container gallery galleryid-469776 gallery-columns-7 gallery-size-thumbnail'><dl class='gallery-item'>\n\t\t\t\t<dt class='gallery-icon landscape'>\n\t\t\t\t\t<a class=\"rollover\" href='https:\/\/www.radiopiu.net\/wordpress\/la-13esima-festa-della-desmontegada-a-selva-di-cadore\/03b0919d-15f8-4ec8-bc88-04f273624a67\/'><img loading=\"lazy\" decoding=\"async\" width=\"150\" height=\"150\" src=\"https:\/\/www.radiopiu.net\/wordpress\/wp-content\/uploads\/2025\/09\/03b0919d-15f8-4ec8-bc88-04f273624a67-150x150.jpg\" class=\"attachment-thumbnail size-thumbnail\" alt=\"\" \/><\/a>\n\t\t\t\t<\/dt><\/dl><dl class='gallery-item'>\n\t\t\t\t<dt class='gallery-icon landscape'>\n\t\t\t\t\t<a class=\"rollover\" href='https:\/\/www.radiopiu.net\/wordpress\/la-13esima-festa-della-desmontegada-a-selva-di-cadore\/a787e9ab-002e-469b-83dc-b67a55f8ebb6\/'><img loading=\"lazy\" decoding=\"async\" width=\"150\" height=\"150\" src=\"https:\/\/www.radiopiu.net\/wordpress\/wp-content\/uploads\/2025\/09\/a787e9ab-002e-469b-83dc-b67a55f8ebb6-150x150.jpg\" class=\"attachment-thumbnail size-thumbnail\" alt=\"\" \/><\/a>\n\t\t\t\t<\/dt><\/dl><dl class='gallery-item'>\n\t\t\t\t<dt class='gallery-icon landscape'>\n\t\t\t\t\t<a class=\"rollover\" href='https:\/\/www.radiopiu.net\/wordpress\/la-13esima-festa-della-desmontegada-a-selva-di-cadore\/c057dde4-c0f7-4def-b325-e69af4e8aa69\/'><img loading=\"lazy\" decoding=\"async\" width=\"150\" height=\"150\" src=\"https:\/\/www.radiopiu.net\/wordpress\/wp-content\/uploads\/2025\/09\/c057dde4-c0f7-4def-b325-e69af4e8aa69-150x150.jpg\" class=\"attachment-thumbnail size-thumbnail\" alt=\"\" \/><\/a>\n\t\t\t\t<\/dt><\/dl><dl class='gallery-item'>\n\t\t\t\t<dt class='gallery-icon landscape'>\n\t\t\t\t\t<a class=\"rollover\" href='https:\/\/www.radiopiu.net\/wordpress\/la-13esima-festa-della-desmontegada-a-selva-di-cadore\/33307255-27af-420c-9808-123904c493e5\/'><img loading=\"lazy\" decoding=\"async\" width=\"150\" height=\"150\" src=\"https:\/\/www.radiopiu.net\/wordpress\/wp-content\/uploads\/2025\/09\/33307255-27af-420c-9808-123904c493e5-150x150.jpg\" class=\"attachment-thumbnail size-thumbnail\" alt=\"\" \/><\/a>\n\t\t\t\t<\/dt><\/dl><dl class='gallery-item'>\n\t\t\t\t<dt class='gallery-icon landscape'>\n\t\t\t\t\t<a class=\"rollover\" href='https:\/\/www.radiopiu.net\/wordpress\/la-13esima-festa-della-desmontegada-a-selva-di-cadore\/9a577797-81b6-4fe5-9631-f891371e2a36\/'><img loading=\"lazy\" decoding=\"async\" width=\"150\" height=\"150\" src=\"https:\/\/www.radiopiu.net\/wordpress\/wp-content\/uploads\/2025\/09\/9a577797-81b6-4fe5-9631-f891371e2a36-150x150.jpg\" class=\"attachment-thumbnail size-thumbnail\" alt=\"\" \/><\/a>\n\t\t\t\t<\/dt><\/dl><dl class='gallery-item'>\n\t\t\t\t<dt class='gallery-icon landscape'>\n\t\t\t\t\t<a class=\"rollover\" href='https:\/\/www.radiopiu.net\/wordpress\/la-13esima-festa-della-desmontegada-a-selva-di-cadore\/5ba8dea0-071a-4556-bd93-3a39764398d7\/'><img loading=\"lazy\" decoding=\"async\" width=\"150\" height=\"150\" src=\"https:\/\/www.radiopiu.net\/wordpress\/wp-content\/uploads\/2025\/09\/5ba8dea0-071a-4556-bd93-3a39764398d7-150x150.jpg\" class=\"attachment-thumbnail size-thumbnail\" alt=\"\" \/><\/a>\n\t\t\t\t<\/dt><\/dl><dl class='gallery-item'>\n\t\t\t\t<dt class='gallery-icon landscape'>\n\t\t\t\t\t<a class=\"rollover\" href='https:\/\/www.radiopiu.net\/wordpress\/la-13esima-festa-della-desmontegada-a-selva-di-cadore\/38b27bd5-9d66-4484-be4d-1e2b40758406\/'><img loading=\"lazy\" decoding=\"async\" width=\"150\" height=\"150\" src=\"https:\/\/www.radiopiu.net\/wordpress\/wp-content\/uploads\/2025\/09\/38b27bd5-9d66-4484-be4d-1e2b40758406-150x150.jpg\" class=\"attachment-thumbnail size-thumbnail\" alt=\"\" \/><\/a>\n\t\t\t\t<\/dt><\/dl><br style=\"clear: both\" \/><dl class='gallery-item'>\n\t\t\t\t<dt class='gallery-icon landscape'>\n\t\t\t\t\t<a class=\"rollover\" href='https:\/\/www.radiopiu.net\/wordpress\/la-13esima-festa-della-desmontegada-a-selva-di-cadore\/2ac55f74-6f7d-4dcb-b691-6ed54e8ba702\/'><img loading=\"lazy\" decoding=\"async\" width=\"150\" height=\"150\" src=\"https:\/\/www.radiopiu.net\/wordpress\/wp-content\/uploads\/2025\/09\/2ac55f74-6f7d-4dcb-b691-6ed54e8ba702-150x150.jpg\" class=\"attachment-thumbnail size-thumbnail\" alt=\"\" \/><\/a>\n\t\t\t\t<\/dt><\/dl><dl class='gallery-item'>\n\t\t\t\t<dt class='gallery-icon landscape'>\n\t\t\t\t\t<a class=\"rollover\" href='https:\/\/www.radiopiu.net\/wordpress\/la-13esima-festa-della-desmontegada-a-selva-di-cadore\/90352c7a-6276-403d-8a18-88d60b28a3df\/'><img loading=\"lazy\" decoding=\"async\" width=\"150\" height=\"150\" src=\"https:\/\/www.radiopiu.net\/wordpress\/wp-content\/uploads\/2025\/09\/90352c7a-6276-403d-8a18-88d60b28a3df-150x150.jpg\" class=\"attachment-thumbnail size-thumbnail\" alt=\"\" \/><\/a>\n\t\t\t\t<\/dt><\/dl><dl class='gallery-item'>\n\t\t\t\t<dt class='gallery-icon landscape'>\n\t\t\t\t\t<a class=\"rollover\" href='https:\/\/www.radiopiu.net\/wordpress\/la-13esima-festa-della-desmontegada-a-selva-di-cadore\/a68b3587-3640-4eb3-b5d5-ffe1492050ef\/'><img loading=\"lazy\" decoding=\"async\" width=\"150\" height=\"150\" src=\"https:\/\/www.radiopiu.net\/wordpress\/wp-content\/uploads\/2025\/09\/a68b3587-3640-4eb3-b5d5-ffe1492050ef-150x150.jpg\" class=\"attachment-thumbnail size-thumbnail\" alt=\"\" \/><\/a>\n\t\t\t\t<\/dt><\/dl><dl class='gallery-item'>\n\t\t\t\t<dt class='gallery-icon landscape'>\n\t\t\t\t\t<a class=\"rollover\" href='https:\/\/www.radiopiu.net\/wordpress\/la-13esima-festa-della-desmontegada-a-selva-di-cadore\/394cdcd2-8a1c-459f-b661-2f35259a669a\/'><img loading=\"lazy\" decoding=\"async\" width=\"150\" height=\"150\" src=\"https:\/\/www.radiopiu.net\/wordpress\/wp-content\/uploads\/2025\/09\/394cdcd2-8a1c-459f-b661-2f35259a669a-150x150.jpg\" class=\"attachment-thumbnail size-thumbnail\" alt=\"\" \/><\/a>\n\t\t\t\t<\/dt><\/dl><dl class='gallery-item'>\n\t\t\t\t<dt class='gallery-icon landscape'>\n\t\t\t\t\t<a class=\"rollover\" href='https:\/\/www.radiopiu.net\/wordpress\/la-13esima-festa-della-desmontegada-a-selva-di-cadore\/9394cfa6-7279-4392-b53b-316ae0839dcd\/'><img loading=\"lazy\" decoding=\"async\" width=\"150\" height=\"150\" src=\"https:\/\/www.radiopiu.net\/wordpress\/wp-content\/uploads\/2025\/09\/9394cfa6-7279-4392-b53b-316ae0839dcd-150x150.jpg\" class=\"attachment-thumbnail size-thumbnail\" alt=\"\" \/><\/a>\n\t\t\t\t<\/dt><\/dl><dl class='gallery-item'>\n\t\t\t\t<dt class='gallery-icon landscape'>\n\t\t\t\t\t<a class=\"rollover\" href='https:\/\/www.radiopiu.net\/wordpress\/la-13esima-festa-della-desmontegada-a-selva-di-cadore\/15d7b4c1-779f-4c5f-80f4-0e5d6a999168\/'><img loading=\"lazy\" decoding=\"async\" width=\"150\" height=\"150\" src=\"https:\/\/www.radiopiu.net\/wordpress\/wp-content\/uploads\/2025\/09\/15d7b4c1-779f-4c5f-80f4-0e5d6a999168-150x150.jpg\" class=\"attachment-thumbnail size-thumbnail\" alt=\"\" \/><\/a>\n\t\t\t\t<\/dt><\/dl>\n\t\t\t\t<br style='clear: both' \/>\n\t\t\t<\/div>\n\n<p>&nbsp;<\/p>\n<hr \/>\n<p>&nbsp;<\/p>\n<blockquote>\n<h3>SPORT IN PIAZZA 2025: AD AGORDO UNA GIORNATA DEDICATA ALL&#8217;ATTIVITA&#8217; SPORTIVA<\/h3>\n<\/blockquote>\n<p><strong>DI MARINA DONA&#8217;<\/strong><\/p>\n<p><strong>AGORDO <\/strong>Ad Agordo \u00e8 tornato l\u2019atteso appuntamento con <strong data-start=\"150\" data-end=\"171\">\u201c<\/strong>Sport in Piazza\u201d, la manifestazione che ogni anno trasforma il centro cittadino in una grande palestra a cielo aperto. Una giornata interamente dedicata ai giovani e alle famiglie, con l\u2019obiettivo di avvicinare i ragazzi alla pratica sportiva e di far conoscere la ricchezza del tessuto associativo locale. Sono state 24 le attivit\u00e0 sportive presenti. Accanto allo sport, spazio anche al mondo del volontariato, con diverse associazioni che hanno presentato le loro attivit\u00e0 e sensibilizzato i ragazzi sull\u2019importanza dell\u2019impegno civico.<\/p>\n<p><iframe loading=\"lazy\" title=\"SPORT IN PIAZZA 2025 AD AGORDO\" width=\"1200\" height=\"675\" src=\"https:\/\/www.youtube.com\/embed\/Rl0pcWXjgZ4?feature=oembed\" frameborder=\"0\" allow=\"accelerometer; autoplay; clipboard-write; encrypted-media; gyroscope; picture-in-picture; web-share\" referrerpolicy=\"strict-origin-when-cross-origin\" allowfullscreen><\/iframe><\/p>\n<p>&nbsp;<\/p>\n\n\t\t\t<style type='text\/css'>\n\t\t\t\t#gallery-6 {\n\t\t\t\t\tmargin: auto;\n\t\t\t\t}\n\t\t\t\t#gallery-6 .gallery-item {\n\t\t\t\t\tfloat: left;\n\t\t\t\t\tmargin-top: 10px;\n\t\t\t\t\ttext-align: center;\n\t\t\t\t\twidth: 25%;\n\t\t\t\t}\n\t\t\t\t#gallery-6 img {\n\t\t\t\t\tborder: 2px solid #cfcfcf;\n\t\t\t\t}\n\t\t\t\t#gallery-6 .gallery-caption {\n\t\t\t\t\tmargin-left: 0;\n\t\t\t\t}\n\t\t\t\t\/* see gallery_shortcode() in wp-includes\/media.php *\/\n\t\t\t<\/style>\n\t\t<div id='gallery-6' class='dt-gallery-container gallery galleryid-469776 gallery-columns-4 gallery-size-medium'><dl class='gallery-item'>\n\t\t\t\t<dt class='gallery-icon landscape'>\n\t\t\t\t\t<a class=\"rollover rollover-zoom dt-pswp-item\" title=\"0cb10ed8-a6e5-4909-92ca-ec8eddf44121\" data-dt-img-description=\"\" data-large_image_width=\"2000\" data-large_image_height=\"1500\"href='https:\/\/www.radiopiu.net\/wordpress\/wp-content\/uploads\/2025\/09\/0cb10ed8-a6e5-4909-92ca-ec8eddf44121.jpg'><img loading=\"lazy\" decoding=\"async\" width=\"300\" height=\"225\" src=\"https:\/\/www.radiopiu.net\/wordpress\/wp-content\/uploads\/2025\/09\/0cb10ed8-a6e5-4909-92ca-ec8eddf44121-300x225.jpg\" class=\"attachment-medium size-medium\" alt=\"\" srcset=\"https:\/\/www.radiopiu.net\/wordpress\/wp-content\/uploads\/2025\/09\/0cb10ed8-a6e5-4909-92ca-ec8eddf44121-300x225.jpg 300w, https:\/\/www.radiopiu.net\/wordpress\/wp-content\/uploads\/2025\/09\/0cb10ed8-a6e5-4909-92ca-ec8eddf44121-1024x768.jpg 1024w, https:\/\/www.radiopiu.net\/wordpress\/wp-content\/uploads\/2025\/09\/0cb10ed8-a6e5-4909-92ca-ec8eddf44121-768x576.jpg 768w, https:\/\/www.radiopiu.net\/wordpress\/wp-content\/uploads\/2025\/09\/0cb10ed8-a6e5-4909-92ca-ec8eddf44121-1536x1152.jpg 1536w, https:\/\/www.radiopiu.net\/wordpress\/wp-content\/uploads\/2025\/09\/0cb10ed8-a6e5-4909-92ca-ec8eddf44121.jpg 2000w\" sizes=\"auto, (max-width: 300px) 100vw, 300px\" \/><\/a>\n\t\t\t\t<\/dt><\/dl><dl class='gallery-item'>\n\t\t\t\t<dt class='gallery-icon landscape'>\n\t\t\t\t\t<a class=\"rollover rollover-zoom dt-pswp-item\" title=\"b23d4f61-574b-4f26-b2df-a5fc9461446a\" data-dt-img-description=\"\" data-large_image_width=\"2000\" data-large_image_height=\"1500\"href='https:\/\/www.radiopiu.net\/wordpress\/wp-content\/uploads\/2025\/09\/b23d4f61-574b-4f26-b2df-a5fc9461446a.jpg'><img loading=\"lazy\" decoding=\"async\" width=\"300\" height=\"225\" src=\"https:\/\/www.radiopiu.net\/wordpress\/wp-content\/uploads\/2025\/09\/b23d4f61-574b-4f26-b2df-a5fc9461446a-300x225.jpg\" class=\"attachment-medium size-medium\" alt=\"\" srcset=\"https:\/\/www.radiopiu.net\/wordpress\/wp-content\/uploads\/2025\/09\/b23d4f61-574b-4f26-b2df-a5fc9461446a-300x225.jpg 300w, https:\/\/www.radiopiu.net\/wordpress\/wp-content\/uploads\/2025\/09\/b23d4f61-574b-4f26-b2df-a5fc9461446a-1024x768.jpg 1024w, https:\/\/www.radiopiu.net\/wordpress\/wp-content\/uploads\/2025\/09\/b23d4f61-574b-4f26-b2df-a5fc9461446a-768x576.jpg 768w, https:\/\/www.radiopiu.net\/wordpress\/wp-content\/uploads\/2025\/09\/b23d4f61-574b-4f26-b2df-a5fc9461446a-1536x1152.jpg 1536w, https:\/\/www.radiopiu.net\/wordpress\/wp-content\/uploads\/2025\/09\/b23d4f61-574b-4f26-b2df-a5fc9461446a.jpg 2000w\" sizes=\"auto, (max-width: 300px) 100vw, 300px\" \/><\/a>\n\t\t\t\t<\/dt><\/dl><dl class='gallery-item'>\n\t\t\t\t<dt class='gallery-icon landscape'>\n\t\t\t\t\t<a class=\"rollover rollover-zoom dt-pswp-item\" title=\"216aa3ee-f3bf-4643-9323-9f0225d71ac5\" data-dt-img-description=\"\" data-large_image_width=\"2048\" data-large_image_height=\"1536\"href='https:\/\/www.radiopiu.net\/wordpress\/wp-content\/uploads\/2025\/09\/216aa3ee-f3bf-4643-9323-9f0225d71ac5.jpg'><img loading=\"lazy\" decoding=\"async\" width=\"300\" height=\"225\" src=\"https:\/\/www.radiopiu.net\/wordpress\/wp-content\/uploads\/2025\/09\/216aa3ee-f3bf-4643-9323-9f0225d71ac5-300x225.jpg\" class=\"attachment-medium size-medium\" alt=\"\" srcset=\"https:\/\/www.radiopiu.net\/wordpress\/wp-content\/uploads\/2025\/09\/216aa3ee-f3bf-4643-9323-9f0225d71ac5-300x225.jpg 300w, https:\/\/www.radiopiu.net\/wordpress\/wp-content\/uploads\/2025\/09\/216aa3ee-f3bf-4643-9323-9f0225d71ac5-1024x768.jpg 1024w, https:\/\/www.radiopiu.net\/wordpress\/wp-content\/uploads\/2025\/09\/216aa3ee-f3bf-4643-9323-9f0225d71ac5-768x576.jpg 768w, https:\/\/www.radiopiu.net\/wordpress\/wp-content\/uploads\/2025\/09\/216aa3ee-f3bf-4643-9323-9f0225d71ac5-1536x1152.jpg 1536w, https:\/\/www.radiopiu.net\/wordpress\/wp-content\/uploads\/2025\/09\/216aa3ee-f3bf-4643-9323-9f0225d71ac5.jpg 2048w\" sizes=\"auto, (max-width: 300px) 100vw, 300px\" \/><\/a>\n\t\t\t\t<\/dt><\/dl><dl class='gallery-item'>\n\t\t\t\t<dt class='gallery-icon landscape'>\n\t\t\t\t\t<a class=\"rollover rollover-zoom dt-pswp-item\" title=\"aa147835-cc12-41b9-9fa1-a91573543f50\" data-dt-img-description=\"\" data-large_image_width=\"2000\" data-large_image_height=\"1500\"href='https:\/\/www.radiopiu.net\/wordpress\/wp-content\/uploads\/2025\/09\/aa147835-cc12-41b9-9fa1-a91573543f50.jpg'><img loading=\"lazy\" decoding=\"async\" width=\"300\" height=\"225\" src=\"https:\/\/www.radiopiu.net\/wordpress\/wp-content\/uploads\/2025\/09\/aa147835-cc12-41b9-9fa1-a91573543f50-300x225.jpg\" class=\"attachment-medium size-medium\" alt=\"\" srcset=\"https:\/\/www.radiopiu.net\/wordpress\/wp-content\/uploads\/2025\/09\/aa147835-cc12-41b9-9fa1-a91573543f50-300x225.jpg 300w, https:\/\/www.radiopiu.net\/wordpress\/wp-content\/uploads\/2025\/09\/aa147835-cc12-41b9-9fa1-a91573543f50-1024x768.jpg 1024w, https:\/\/www.radiopiu.net\/wordpress\/wp-content\/uploads\/2025\/09\/aa147835-cc12-41b9-9fa1-a91573543f50-768x576.jpg 768w, https:\/\/www.radiopiu.net\/wordpress\/wp-content\/uploads\/2025\/09\/aa147835-cc12-41b9-9fa1-a91573543f50-1536x1152.jpg 1536w, https:\/\/www.radiopiu.net\/wordpress\/wp-content\/uploads\/2025\/09\/aa147835-cc12-41b9-9fa1-a91573543f50.jpg 2000w\" sizes=\"auto, (max-width: 300px) 100vw, 300px\" \/><\/a>\n\t\t\t\t<\/dt><\/dl><br style=\"clear: both\" \/><dl class='gallery-item'>\n\t\t\t\t<dt class='gallery-icon landscape'>\n\t\t\t\t\t<a class=\"rollover rollover-zoom dt-pswp-item\" title=\"f5494f05-2aee-4954-9913-d7dffefb6a07\" data-dt-img-description=\"\" data-large_image_width=\"2000\" data-large_image_height=\"1500\"href='https:\/\/www.radiopiu.net\/wordpress\/wp-content\/uploads\/2025\/09\/f5494f05-2aee-4954-9913-d7dffefb6a07.jpg'><img loading=\"lazy\" decoding=\"async\" width=\"300\" height=\"225\" src=\"https:\/\/www.radiopiu.net\/wordpress\/wp-content\/uploads\/2025\/09\/f5494f05-2aee-4954-9913-d7dffefb6a07-300x225.jpg\" class=\"attachment-medium size-medium\" alt=\"\" srcset=\"https:\/\/www.radiopiu.net\/wordpress\/wp-content\/uploads\/2025\/09\/f5494f05-2aee-4954-9913-d7dffefb6a07-300x225.jpg 300w, https:\/\/www.radiopiu.net\/wordpress\/wp-content\/uploads\/2025\/09\/f5494f05-2aee-4954-9913-d7dffefb6a07-1024x768.jpg 1024w, https:\/\/www.radiopiu.net\/wordpress\/wp-content\/uploads\/2025\/09\/f5494f05-2aee-4954-9913-d7dffefb6a07-768x576.jpg 768w, https:\/\/www.radiopiu.net\/wordpress\/wp-content\/uploads\/2025\/09\/f5494f05-2aee-4954-9913-d7dffefb6a07-1536x1152.jpg 1536w, https:\/\/www.radiopiu.net\/wordpress\/wp-content\/uploads\/2025\/09\/f5494f05-2aee-4954-9913-d7dffefb6a07.jpg 2000w\" sizes=\"auto, (max-width: 300px) 100vw, 300px\" \/><\/a>\n\t\t\t\t<\/dt><\/dl><dl class='gallery-item'>\n\t\t\t\t<dt class='gallery-icon landscape'>\n\t\t\t\t\t<a class=\"rollover rollover-zoom dt-pswp-item\" title=\"8dac70ff-b540-467b-9e0d-1117bc335a85\" data-dt-img-description=\"\" data-large_image_width=\"2000\" data-large_image_height=\"1500\"href='https:\/\/www.radiopiu.net\/wordpress\/wp-content\/uploads\/2025\/09\/8dac70ff-b540-467b-9e0d-1117bc335a85.jpg'><img loading=\"lazy\" decoding=\"async\" width=\"300\" height=\"225\" src=\"https:\/\/www.radiopiu.net\/wordpress\/wp-content\/uploads\/2025\/09\/8dac70ff-b540-467b-9e0d-1117bc335a85-300x225.jpg\" class=\"attachment-medium size-medium\" alt=\"\" srcset=\"https:\/\/www.radiopiu.net\/wordpress\/wp-content\/uploads\/2025\/09\/8dac70ff-b540-467b-9e0d-1117bc335a85-300x225.jpg 300w, https:\/\/www.radiopiu.net\/wordpress\/wp-content\/uploads\/2025\/09\/8dac70ff-b540-467b-9e0d-1117bc335a85-1024x768.jpg 1024w, https:\/\/www.radiopiu.net\/wordpress\/wp-content\/uploads\/2025\/09\/8dac70ff-b540-467b-9e0d-1117bc335a85-768x576.jpg 768w, https:\/\/www.radiopiu.net\/wordpress\/wp-content\/uploads\/2025\/09\/8dac70ff-b540-467b-9e0d-1117bc335a85-1536x1152.jpg 1536w, https:\/\/www.radiopiu.net\/wordpress\/wp-content\/uploads\/2025\/09\/8dac70ff-b540-467b-9e0d-1117bc335a85.jpg 2000w\" sizes=\"auto, (max-width: 300px) 100vw, 300px\" \/><\/a>\n\t\t\t\t<\/dt><\/dl><dl class='gallery-item'>\n\t\t\t\t<dt class='gallery-icon landscape'>\n\t\t\t\t\t<a class=\"rollover rollover-zoom dt-pswp-item\" title=\"3fd93097-5908-4343-a4bd-55eeb8952096\" data-dt-img-description=\"\" data-large_image_width=\"2000\" data-large_image_height=\"1500\"href='https:\/\/www.radiopiu.net\/wordpress\/wp-content\/uploads\/2025\/09\/3fd93097-5908-4343-a4bd-55eeb8952096.jpg'><img loading=\"lazy\" decoding=\"async\" width=\"300\" height=\"225\" src=\"https:\/\/www.radiopiu.net\/wordpress\/wp-content\/uploads\/2025\/09\/3fd93097-5908-4343-a4bd-55eeb8952096-300x225.jpg\" class=\"attachment-medium size-medium\" alt=\"\" srcset=\"https:\/\/www.radiopiu.net\/wordpress\/wp-content\/uploads\/2025\/09\/3fd93097-5908-4343-a4bd-55eeb8952096-300x225.jpg 300w, https:\/\/www.radiopiu.net\/wordpress\/wp-content\/uploads\/2025\/09\/3fd93097-5908-4343-a4bd-55eeb8952096-1024x768.jpg 1024w, https:\/\/www.radiopiu.net\/wordpress\/wp-content\/uploads\/2025\/09\/3fd93097-5908-4343-a4bd-55eeb8952096-768x576.jpg 768w, https:\/\/www.radiopiu.net\/wordpress\/wp-content\/uploads\/2025\/09\/3fd93097-5908-4343-a4bd-55eeb8952096-1536x1152.jpg 1536w, https:\/\/www.radiopiu.net\/wordpress\/wp-content\/uploads\/2025\/09\/3fd93097-5908-4343-a4bd-55eeb8952096.jpg 2000w\" sizes=\"auto, (max-width: 300px) 100vw, 300px\" \/><\/a>\n\t\t\t\t<\/dt><\/dl><dl class='gallery-item'>\n\t\t\t\t<dt class='gallery-icon landscape'>\n\t\t\t\t\t<a class=\"rollover rollover-zoom dt-pswp-item\" title=\"7367ff08-f563-4c59-83e6-fdb5aa525d71\" data-dt-img-description=\"\" data-large_image_width=\"2000\" data-large_image_height=\"1500\"href='https:\/\/www.radiopiu.net\/wordpress\/wp-content\/uploads\/2025\/09\/7367ff08-f563-4c59-83e6-fdb5aa525d71.jpg'><img loading=\"lazy\" decoding=\"async\" width=\"300\" height=\"225\" src=\"https:\/\/www.radiopiu.net\/wordpress\/wp-content\/uploads\/2025\/09\/7367ff08-f563-4c59-83e6-fdb5aa525d71-300x225.jpg\" class=\"attachment-medium size-medium\" alt=\"\" srcset=\"https:\/\/www.radiopiu.net\/wordpress\/wp-content\/uploads\/2025\/09\/7367ff08-f563-4c59-83e6-fdb5aa525d71-300x225.jpg 300w, https:\/\/www.radiopiu.net\/wordpress\/wp-content\/uploads\/2025\/09\/7367ff08-f563-4c59-83e6-fdb5aa525d71-1024x768.jpg 1024w, https:\/\/www.radiopiu.net\/wordpress\/wp-content\/uploads\/2025\/09\/7367ff08-f563-4c59-83e6-fdb5aa525d71-768x576.jpg 768w, https:\/\/www.radiopiu.net\/wordpress\/wp-content\/uploads\/2025\/09\/7367ff08-f563-4c59-83e6-fdb5aa525d71-1536x1152.jpg 1536w, https:\/\/www.radiopiu.net\/wordpress\/wp-content\/uploads\/2025\/09\/7367ff08-f563-4c59-83e6-fdb5aa525d71.jpg 2000w\" sizes=\"auto, (max-width: 300px) 100vw, 300px\" \/><\/a>\n\t\t\t\t<\/dt><\/dl><br style=\"clear: both\" \/><dl class='gallery-item'>\n\t\t\t\t<dt class='gallery-icon landscape'>\n\t\t\t\t\t<a class=\"rollover rollover-zoom dt-pswp-item\" title=\"a22678ad-7a09-4739-a8dd-779761de2a06\" data-dt-img-description=\"\" data-large_image_width=\"2000\" data-large_image_height=\"1500\"href='https:\/\/www.radiopiu.net\/wordpress\/wp-content\/uploads\/2025\/09\/a22678ad-7a09-4739-a8dd-779761de2a06.jpg'><img loading=\"lazy\" decoding=\"async\" width=\"300\" height=\"225\" src=\"https:\/\/www.radiopiu.net\/wordpress\/wp-content\/uploads\/2025\/09\/a22678ad-7a09-4739-a8dd-779761de2a06-300x225.jpg\" class=\"attachment-medium size-medium\" alt=\"\" srcset=\"https:\/\/www.radiopiu.net\/wordpress\/wp-content\/uploads\/2025\/09\/a22678ad-7a09-4739-a8dd-779761de2a06-300x225.jpg 300w, https:\/\/www.radiopiu.net\/wordpress\/wp-content\/uploads\/2025\/09\/a22678ad-7a09-4739-a8dd-779761de2a06-1024x768.jpg 1024w, https:\/\/www.radiopiu.net\/wordpress\/wp-content\/uploads\/2025\/09\/a22678ad-7a09-4739-a8dd-779761de2a06-768x576.jpg 768w, https:\/\/www.radiopiu.net\/wordpress\/wp-content\/uploads\/2025\/09\/a22678ad-7a09-4739-a8dd-779761de2a06-1536x1152.jpg 1536w, https:\/\/www.radiopiu.net\/wordpress\/wp-content\/uploads\/2025\/09\/a22678ad-7a09-4739-a8dd-779761de2a06.jpg 2000w\" sizes=\"auto, (max-width: 300px) 100vw, 300px\" \/><\/a>\n\t\t\t\t<\/dt><\/dl><dl class='gallery-item'>\n\t\t\t\t<dt class='gallery-icon landscape'>\n\t\t\t\t\t<a class=\"rollover rollover-zoom dt-pswp-item\" title=\"6a6d39f6-6f53-4781-ab07-32be95a54bf8\" data-dt-img-description=\"\" data-large_image_width=\"2048\" data-large_image_height=\"1536\"href='https:\/\/www.radiopiu.net\/wordpress\/wp-content\/uploads\/2025\/09\/6a6d39f6-6f53-4781-ab07-32be95a54bf8.jpg'><img loading=\"lazy\" decoding=\"async\" width=\"300\" height=\"225\" src=\"https:\/\/www.radiopiu.net\/wordpress\/wp-content\/uploads\/2025\/09\/6a6d39f6-6f53-4781-ab07-32be95a54bf8-300x225.jpg\" class=\"attachment-medium size-medium\" alt=\"\" srcset=\"https:\/\/www.radiopiu.net\/wordpress\/wp-content\/uploads\/2025\/09\/6a6d39f6-6f53-4781-ab07-32be95a54bf8-300x225.jpg 300w, https:\/\/www.radiopiu.net\/wordpress\/wp-content\/uploads\/2025\/09\/6a6d39f6-6f53-4781-ab07-32be95a54bf8-1024x768.jpg 1024w, https:\/\/www.radiopiu.net\/wordpress\/wp-content\/uploads\/2025\/09\/6a6d39f6-6f53-4781-ab07-32be95a54bf8-768x576.jpg 768w, https:\/\/www.radiopiu.net\/wordpress\/wp-content\/uploads\/2025\/09\/6a6d39f6-6f53-4781-ab07-32be95a54bf8-1536x1152.jpg 1536w, https:\/\/www.radiopiu.net\/wordpress\/wp-content\/uploads\/2025\/09\/6a6d39f6-6f53-4781-ab07-32be95a54bf8.jpg 2048w\" sizes=\"auto, (max-width: 300px) 100vw, 300px\" \/><\/a>\n\t\t\t\t<\/dt><\/dl><dl class='gallery-item'>\n\t\t\t\t<dt class='gallery-icon landscape'>\n\t\t\t\t\t<a class=\"rollover rollover-zoom dt-pswp-item\" title=\"ccf39691-be04-4fa2-8078-965e7b43e333\" data-dt-img-description=\"\" data-large_image_width=\"2048\" data-large_image_height=\"1536\"href='https:\/\/www.radiopiu.net\/wordpress\/wp-content\/uploads\/2025\/09\/ccf39691-be04-4fa2-8078-965e7b43e333.jpg'><img loading=\"lazy\" decoding=\"async\" width=\"300\" height=\"225\" src=\"https:\/\/www.radiopiu.net\/wordpress\/wp-content\/uploads\/2025\/09\/ccf39691-be04-4fa2-8078-965e7b43e333-300x225.jpg\" class=\"attachment-medium size-medium\" alt=\"\" srcset=\"https:\/\/www.radiopiu.net\/wordpress\/wp-content\/uploads\/2025\/09\/ccf39691-be04-4fa2-8078-965e7b43e333-300x225.jpg 300w, https:\/\/www.radiopiu.net\/wordpress\/wp-content\/uploads\/2025\/09\/ccf39691-be04-4fa2-8078-965e7b43e333-1024x768.jpg 1024w, https:\/\/www.radiopiu.net\/wordpress\/wp-content\/uploads\/2025\/09\/ccf39691-be04-4fa2-8078-965e7b43e333-768x576.jpg 768w, https:\/\/www.radiopiu.net\/wordpress\/wp-content\/uploads\/2025\/09\/ccf39691-be04-4fa2-8078-965e7b43e333-1536x1152.jpg 1536w, https:\/\/www.radiopiu.net\/wordpress\/wp-content\/uploads\/2025\/09\/ccf39691-be04-4fa2-8078-965e7b43e333.jpg 2048w\" sizes=\"auto, (max-width: 300px) 100vw, 300px\" \/><\/a>\n\t\t\t\t<\/dt><\/dl><dl class='gallery-item'>\n\t\t\t\t<dt class='gallery-icon landscape'>\n\t\t\t\t\t<a class=\"rollover rollover-zoom dt-pswp-item\" title=\"2a8523ac-798d-434b-bb34-e694b0436493\" data-dt-img-description=\"\" data-large_image_width=\"2048\" data-large_image_height=\"1536\"href='https:\/\/www.radiopiu.net\/wordpress\/wp-content\/uploads\/2025\/09\/2a8523ac-798d-434b-bb34-e694b0436493.jpg'><img loading=\"lazy\" decoding=\"async\" width=\"300\" height=\"225\" src=\"https:\/\/www.radiopiu.net\/wordpress\/wp-content\/uploads\/2025\/09\/2a8523ac-798d-434b-bb34-e694b0436493-300x225.jpg\" class=\"attachment-medium size-medium\" alt=\"\" srcset=\"https:\/\/www.radiopiu.net\/wordpress\/wp-content\/uploads\/2025\/09\/2a8523ac-798d-434b-bb34-e694b0436493-300x225.jpg 300w, https:\/\/www.radiopiu.net\/wordpress\/wp-content\/uploads\/2025\/09\/2a8523ac-798d-434b-bb34-e694b0436493-1024x768.jpg 1024w, https:\/\/www.radiopiu.net\/wordpress\/wp-content\/uploads\/2025\/09\/2a8523ac-798d-434b-bb34-e694b0436493-768x576.jpg 768w, https:\/\/www.radiopiu.net\/wordpress\/wp-content\/uploads\/2025\/09\/2a8523ac-798d-434b-bb34-e694b0436493-1536x1152.jpg 1536w, https:\/\/www.radiopiu.net\/wordpress\/wp-content\/uploads\/2025\/09\/2a8523ac-798d-434b-bb34-e694b0436493.jpg 2048w\" sizes=\"auto, (max-width: 300px) 100vw, 300px\" \/><\/a>\n\t\t\t\t<\/dt><\/dl><br style=\"clear: both\" \/><dl class='gallery-item'>\n\t\t\t\t<dt class='gallery-icon landscape'>\n\t\t\t\t\t<a class=\"rollover rollover-zoom dt-pswp-item\" title=\"5e4e2a0c-4700-4702-9786-45cefb7aeada\" data-dt-img-description=\"\" data-large_image_width=\"2048\" data-large_image_height=\"1536\"href='https:\/\/www.radiopiu.net\/wordpress\/wp-content\/uploads\/2025\/09\/5e4e2a0c-4700-4702-9786-45cefb7aeada.jpg'><img loading=\"lazy\" decoding=\"async\" width=\"300\" height=\"225\" src=\"https:\/\/www.radiopiu.net\/wordpress\/wp-content\/uploads\/2025\/09\/5e4e2a0c-4700-4702-9786-45cefb7aeada-300x225.jpg\" class=\"attachment-medium size-medium\" alt=\"\" srcset=\"https:\/\/www.radiopiu.net\/wordpress\/wp-content\/uploads\/2025\/09\/5e4e2a0c-4700-4702-9786-45cefb7aeada-300x225.jpg 300w, https:\/\/www.radiopiu.net\/wordpress\/wp-content\/uploads\/2025\/09\/5e4e2a0c-4700-4702-9786-45cefb7aeada-1024x768.jpg 1024w, https:\/\/www.radiopiu.net\/wordpress\/wp-content\/uploads\/2025\/09\/5e4e2a0c-4700-4702-9786-45cefb7aeada-768x576.jpg 768w, https:\/\/www.radiopiu.net\/wordpress\/wp-content\/uploads\/2025\/09\/5e4e2a0c-4700-4702-9786-45cefb7aeada-1536x1152.jpg 1536w, https:\/\/www.radiopiu.net\/wordpress\/wp-content\/uploads\/2025\/09\/5e4e2a0c-4700-4702-9786-45cefb7aeada.jpg 2048w\" sizes=\"auto, (max-width: 300px) 100vw, 300px\" \/><\/a>\n\t\t\t\t<\/dt><\/dl><dl class='gallery-item'>\n\t\t\t\t<dt class='gallery-icon landscape'>\n\t\t\t\t\t<a class=\"rollover rollover-zoom dt-pswp-item\" title=\"48161234-aab7-419d-b49e-26e4d6b9ad77\" data-dt-img-description=\"\" data-large_image_width=\"2048\" data-large_image_height=\"1536\"href='https:\/\/www.radiopiu.net\/wordpress\/wp-content\/uploads\/2025\/09\/48161234-aab7-419d-b49e-26e4d6b9ad77.jpg'><img loading=\"lazy\" decoding=\"async\" width=\"300\" height=\"225\" src=\"https:\/\/www.radiopiu.net\/wordpress\/wp-content\/uploads\/2025\/09\/48161234-aab7-419d-b49e-26e4d6b9ad77-300x225.jpg\" class=\"attachment-medium size-medium\" alt=\"\" srcset=\"https:\/\/www.radiopiu.net\/wordpress\/wp-content\/uploads\/2025\/09\/48161234-aab7-419d-b49e-26e4d6b9ad77-300x225.jpg 300w, https:\/\/www.radiopiu.net\/wordpress\/wp-content\/uploads\/2025\/09\/48161234-aab7-419d-b49e-26e4d6b9ad77-1024x768.jpg 1024w, https:\/\/www.radiopiu.net\/wordpress\/wp-content\/uploads\/2025\/09\/48161234-aab7-419d-b49e-26e4d6b9ad77-768x576.jpg 768w, https:\/\/www.radiopiu.net\/wordpress\/wp-content\/uploads\/2025\/09\/48161234-aab7-419d-b49e-26e4d6b9ad77-1536x1152.jpg 1536w, https:\/\/www.radiopiu.net\/wordpress\/wp-content\/uploads\/2025\/09\/48161234-aab7-419d-b49e-26e4d6b9ad77.jpg 2048w\" sizes=\"auto, (max-width: 300px) 100vw, 300px\" \/><\/a>\n\t\t\t\t<\/dt><\/dl><dl class='gallery-item'>\n\t\t\t\t<dt class='gallery-icon landscape'>\n\t\t\t\t\t<a class=\"rollover rollover-zoom dt-pswp-item\" title=\"d902ff31-72ad-4c86-82f7-5c28fae693d6\" data-dt-img-description=\"\" data-large_image_width=\"2048\" data-large_image_height=\"1536\"href='https:\/\/www.radiopiu.net\/wordpress\/wp-content\/uploads\/2025\/09\/d902ff31-72ad-4c86-82f7-5c28fae693d6.jpg'><img loading=\"lazy\" decoding=\"async\" width=\"300\" height=\"225\" src=\"https:\/\/www.radiopiu.net\/wordpress\/wp-content\/uploads\/2025\/09\/d902ff31-72ad-4c86-82f7-5c28fae693d6-300x225.jpg\" class=\"attachment-medium size-medium\" alt=\"\" srcset=\"https:\/\/www.radiopiu.net\/wordpress\/wp-content\/uploads\/2025\/09\/d902ff31-72ad-4c86-82f7-5c28fae693d6-300x225.jpg 300w, https:\/\/www.radiopiu.net\/wordpress\/wp-content\/uploads\/2025\/09\/d902ff31-72ad-4c86-82f7-5c28fae693d6-1024x768.jpg 1024w, https:\/\/www.radiopiu.net\/wordpress\/wp-content\/uploads\/2025\/09\/d902ff31-72ad-4c86-82f7-5c28fae693d6-768x576.jpg 768w, https:\/\/www.radiopiu.net\/wordpress\/wp-content\/uploads\/2025\/09\/d902ff31-72ad-4c86-82f7-5c28fae693d6-1536x1152.jpg 1536w, https:\/\/www.radiopiu.net\/wordpress\/wp-content\/uploads\/2025\/09\/d902ff31-72ad-4c86-82f7-5c28fae693d6.jpg 2048w\" sizes=\"auto, (max-width: 300px) 100vw, 300px\" \/><\/a>\n\t\t\t\t<\/dt><\/dl><dl class='gallery-item'>\n\t\t\t\t<dt class='gallery-icon landscape'>\n\t\t\t\t\t<a class=\"rollover rollover-zoom dt-pswp-item\" title=\"36a723a2-f69b-4d09-88c1-5c440aa2222d\" data-dt-img-description=\"\" data-large_image_width=\"2048\" data-large_image_height=\"1536\"href='https:\/\/www.radiopiu.net\/wordpress\/wp-content\/uploads\/2025\/09\/36a723a2-f69b-4d09-88c1-5c440aa2222d.jpg'><img loading=\"lazy\" decoding=\"async\" width=\"300\" height=\"225\" src=\"https:\/\/www.radiopiu.net\/wordpress\/wp-content\/uploads\/2025\/09\/36a723a2-f69b-4d09-88c1-5c440aa2222d-300x225.jpg\" class=\"attachment-medium size-medium\" alt=\"\" srcset=\"https:\/\/www.radiopiu.net\/wordpress\/wp-content\/uploads\/2025\/09\/36a723a2-f69b-4d09-88c1-5c440aa2222d-300x225.jpg 300w, https:\/\/www.radiopiu.net\/wordpress\/wp-content\/uploads\/2025\/09\/36a723a2-f69b-4d09-88c1-5c440aa2222d-1024x768.jpg 1024w, https:\/\/www.radiopiu.net\/wordpress\/wp-content\/uploads\/2025\/09\/36a723a2-f69b-4d09-88c1-5c440aa2222d-768x576.jpg 768w, https:\/\/www.radiopiu.net\/wordpress\/wp-content\/uploads\/2025\/09\/36a723a2-f69b-4d09-88c1-5c440aa2222d-1536x1152.jpg 1536w, https:\/\/www.radiopiu.net\/wordpress\/wp-content\/uploads\/2025\/09\/36a723a2-f69b-4d09-88c1-5c440aa2222d.jpg 2048w\" sizes=\"auto, (max-width: 300px) 100vw, 300px\" \/><\/a>\n\t\t\t\t<\/dt><\/dl><br style=\"clear: both\" \/>\n\t\t\t<\/div>\n\n<p>&nbsp;<\/p>\n<hr \/>\n<p>&nbsp;<\/p>\n<h1><span style=\"color: #ff0000;\">CONSIGLI COMUNALI IN AGORDINO<\/span><\/h1>\n<p><strong>TAIBON<\/strong> Il sindaco di Taibon Silvia Tormen ha convocato il consiglio comunale per venerd\u00ec alle 18. Unico punto in discussione l&#8217;approvazione del rendiconto di gestione esercizio finanziario 2024<\/p>\n<p>&nbsp;<\/p>\n<p>&nbsp;<\/p>\n<hr \/>\n<p>&nbsp;<\/p>\n<blockquote>\n<h3>UN INCONTRO PER PARLARE DI DEMENZE: \u201cRICORDARSI DI CHI SI DIMENTICA\u201d ALL\u2019OSPEDALE DI FELTRE<\/h3>\n<\/blockquote>\n<p><strong><a class=\"dt-pswp-item\" href=\"https:\/\/www.radiopiu.net\/wordpress\/wp-content\/uploads\/2025\/09\/Screenshot-2025-09-12-144129.png\" data-dt-img-description=\"\" data-large_image_width=\"841\" data-large_image_height=\"637\"><img loading=\"lazy\" decoding=\"async\" class=\" wp-image-469373 alignleft\" src=\"https:\/\/www.radiopiu.net\/wordpress\/wp-content\/uploads\/2025\/09\/Screenshot-2025-09-12-144129-300x227.png\" alt=\"\" width=\"242\" height=\"183\" srcset=\"https:\/\/www.radiopiu.net\/wordpress\/wp-content\/uploads\/2025\/09\/Screenshot-2025-09-12-144129-300x227.png 300w, https:\/\/www.radiopiu.net\/wordpress\/wp-content\/uploads\/2025\/09\/Screenshot-2025-09-12-144129-768x582.png 768w, https:\/\/www.radiopiu.net\/wordpress\/wp-content\/uploads\/2025\/09\/Screenshot-2025-09-12-144129.png 841w\" sizes=\"auto, (max-width: 242px) 100vw, 242px\" \/><\/a>FELTRE<\/strong>\u00a0 Proseguono gli appuntamenti dei <em data-start=\"235\" data-end=\"259\">Mercoled\u00ec della Salute<\/em>, il ciclo di serate informative promosse dall\u2019Azienda Ulss 1 Dolomiti e dedicate ai temi della prevenzione e della salute. Domani, alle 17.30 nella Sala Convegni dell\u2019Ospedale di Feltre, si terr\u00e0 l\u2019incontro dal titolo \u201cRicordarsi di chi si dimentica: un focus sulle demenze\u201d, un\u2019occasione di confronto aperta alla cittadinanza per approfondire un tema di grande rilevanza sociale e sanitaria. Interverranno la neurologa Roberta Padoan, la responsabile di Psicologia ospedaliera Francesca De Biasi e la dottoressa Daniela Dal Zotto del Centro per i Disturbi Cognitivi e le Demenze di Feltre. L\u2019incontro potr\u00e0 essere seguito anche online attraverso la piattaforma Google Meet al link <a class=\"decorated-link cursor-pointer\" rel=\"noopener\" data-start=\"996\" data-end=\"1056\">meet.google.com\/mua-kqoi-wfc<\/a>. Un\u2019iniziativa per sensibilizzare la comunit\u00e0 sull\u2019importanza di riconoscere precocemente i segnali delle demenze e per offrire strumenti di supporto a famiglie e caregiver.<\/p>\n<p>&nbsp;<\/p>\n<p>&nbsp;<\/p>\n<hr \/>\n<p>&nbsp;<\/p>\n<blockquote>\n<h3><a class=\"dt-pswp-item\" href=\"https:\/\/www.radiopiu.net\/wordpress\/wp-content\/uploads\/2025\/09\/KJGSHAGNQ.jpg\" data-dt-img-description=\"\" data-large_image_width=\"908\" data-large_image_height=\"735\"><img loading=\"lazy\" decoding=\"async\" class=\" wp-image-469959 alignleft\" src=\"https:\/\/www.radiopiu.net\/wordpress\/wp-content\/uploads\/2025\/09\/KJGSHAGNQ-300x243.jpg\" alt=\"\" width=\"141\" height=\"114\" srcset=\"https:\/\/www.radiopiu.net\/wordpress\/wp-content\/uploads\/2025\/09\/KJGSHAGNQ-300x243.jpg 300w, https:\/\/www.radiopiu.net\/wordpress\/wp-content\/uploads\/2025\/09\/KJGSHAGNQ-768x622.jpg 768w, https:\/\/www.radiopiu.net\/wordpress\/wp-content\/uploads\/2025\/09\/KJGSHAGNQ.jpg 908w\" sizes=\"auto, (max-width: 141px) 100vw, 141px\" \/><\/a>I GIOVED\u00cc DELLA SALUTE: INCONTRO SULLA FRATTURA DEL FEMORE NELL\u2019ANZIANO<\/h3>\n<\/blockquote>\n<p><strong>BELLUNO <\/strong>Riprendono a Belluno gli incontri \u201cI Gioved\u00ec della Salute\u201d promossi dall\u2019Ulss Dolomiti. Gioved\u00ec alle 17.30, nella sala convegni dell\u2019Ospedale di Belluno, si terr\u00e0 l\u2019incontro \u201cLa frattura del femore nell\u2019anziano: dal ricovero ospedaliero alla dimissione\u201d. Interverranno i professionisti Laura Bloccari, Pietro Di Palma e Giacomo Pinti, che illustreranno il percorso riabilitativo post-operatorio e le strategie per ridurre il rischio di caduta.<\/p>\n<p>&nbsp;<\/p>\n<p>&nbsp;<\/p>\n<hr \/>\n<p>&nbsp;<\/p>\n<blockquote>\n<h3><a class=\"dt-pswp-item\" href=\"https:\/\/www.radiopiu.net\/wordpress\/wp-content\/uploads\/2025\/09\/Tabor.jpg\" data-dt-img-description=\"\" data-large_image_width=\"798\" data-large_image_height=\"1096\"><img loading=\"lazy\" decoding=\"async\" class=\" wp-image-469929 alignleft\" src=\"https:\/\/www.radiopiu.net\/wordpress\/wp-content\/uploads\/2025\/09\/Tabor-218x300.jpg\" alt=\"\" width=\"87\" height=\"120\" srcset=\"https:\/\/www.radiopiu.net\/wordpress\/wp-content\/uploads\/2025\/09\/Tabor-218x300.jpg 218w, https:\/\/www.radiopiu.net\/wordpress\/wp-content\/uploads\/2025\/09\/Tabor-746x1024.jpg 746w, https:\/\/www.radiopiu.net\/wordpress\/wp-content\/uploads\/2025\/09\/Tabor-768x1055.jpg 768w, https:\/\/www.radiopiu.net\/wordpress\/wp-content\/uploads\/2025\/09\/Tabor.jpg 798w\" sizes=\"auto, (max-width: 87px) 100vw, 87px\" \/><\/a>RUGGERO MONEGO \u201cTABOR\u201d: UNA VITA PER LA LIBERT\u00c0<\/h3>\n<\/blockquote>\n<h3><strong style=\"font-size: 14px;\">SEDICO <\/strong><span style=\"font-size: 14px; font-weight: normal;\">Domani a Villa Patt di Sedico si terr\u00e0 un incontro dedicato a Ruggero Monego \u201cTabor\u201d, patriota e fotografo della liberazione di Santa Giustina nel 1945. L\u2019evento, promosso da Isbrec e istituzioni locali, prevede i ricordi delle figlie e gli interventi di Franco Ladini e Marcello Della Valentina, accompagnati da immagini storiche. Monego, partigiano coraggioso della brigata \u201cGramsci\u201d, emigrato in Belgio dopo la guerra, lasci\u00f2 un segno indelebile nella memoria del Bellunese.<\/span><\/h3>\n<p><strong>DI ROBERTO BONA<\/strong><\/p>\n<audio class=\"wp-audio-shortcode\" id=\"audio-469776-9\" preload=\"none\" style=\"width: 100%;\" controls=\"controls\"><source type=\"audio\/mpeg\" src=\"https:\/\/www.radiopiu.net\/wordpress\/wp-content\/uploads\/2025\/09\/BONA-RUGGERO-MONEGO-SCAD-17-SETTEMBRE.mp3?_=9\" \/><a href=\"https:\/\/www.radiopiu.net\/wordpress\/wp-content\/uploads\/2025\/09\/BONA-RUGGERO-MONEGO-SCAD-17-SETTEMBRE.mp3\">https:\/\/www.radiopiu.net\/wordpress\/wp-content\/uploads\/2025\/09\/BONA-RUGGERO-MONEGO-SCAD-17-SETTEMBRE.mp3<\/a><\/audio>\n<p>&nbsp;<\/p>\n<p>&nbsp;<\/p>\n<hr \/>\n<p>&nbsp;<\/p>\n<blockquote>\n<h2>AGORDO CELEBRA FEDELE RAGGI: CONVEGNO E RESTAURO DELLE SCULTURE BAROCCHE DI VILLA CROTTA<\/h2>\n<\/blockquote>\n<blockquote><p><em>L\u2019identit\u00e0 culturale agordina rivive attraverso il restauro e la memoria storica<\/em><\/p><\/blockquote>\n<p><strong>AGORDO<\/strong><\/p>\n<p><img loading=\"lazy\" decoding=\"async\" class=\"alignleft\" src=\"https:\/\/www.radiopiu.net\/wordpress\/wp-content\/uploads\/2025\/09\/Screenshot-2025-09-11-102734.png\" width=\"295\" height=\"185\" \/>Sabato 20 settembre, alle\u00a0 10, la Sala Convegni di Agordo ospiter\u00e0 l\u2019incontro \u201cDa Villa Crotta de\u2019 Manzoni ai palazzi della Moravia: le sculture barocche di Fedele Raggi\u201d. L\u2019evento, promosso dal Comune di Agordo, rappresenta un\u2019occasione preziosa per approfondire la figura e l\u2019opera di Fedele Raggi, scultore barocco di rilievo, autore di numerose opere che impreziosiscono ville e palazzi tra Veneto e Mitteleuropa. I relatori ripercorreranno il contesto storico-artistico in cui si svilupp\u00f2 la sua attivit\u00e0, sottolineando l\u2019importanza di Agordo e delle Dolomiti come crocevia <a class=\"dt-pswp-item\" href=\"https:\/\/www.radiopiu.net\/wordpress\/wp-content\/uploads\/2024\/12\/ROBERTO-CHISSALE.png\" data-dt-img-description=\"\" data-large_image_width=\"593\" data-large_image_height=\"386\"><img loading=\"lazy\" decoding=\"async\" class=\" wp-image-427282 alignright\" src=\"https:\/\/www.radiopiu.net\/wordpress\/wp-content\/uploads\/2024\/12\/ROBERTO-CHISSALE-300x195.png\" alt=\"\" width=\"211\" height=\"137\" srcset=\"https:\/\/www.radiopiu.net\/wordpress\/wp-content\/uploads\/2024\/12\/ROBERTO-CHISSALE-300x195.png 300w, https:\/\/www.radiopiu.net\/wordpress\/wp-content\/uploads\/2024\/12\/ROBERTO-CHISSALE.png 593w\" sizes=\"auto, (max-width: 211px) 100vw, 211px\" \/><\/a>culturale. Al termine del convegno si terr\u00e0 l\u2019attesa inaugurazione del restauro del gruppo scultoreo di Villa Crotta de\u2019 Manzoni, uno dei pi\u00f9 significativi esempi di arte barocca nel territorio. Il lavoro di recupero ha restituito nuova vita a un patrimonio di grande pregio, testimone della storia e della sensibilit\u00e0 artistica locale. <em>\u201c\u00c8 con soddisfazione \u2013 ha dichiarato il sindaco Roberto Chissal\u00e9 \u2013 che invito la cittadinanza e gli appassionati a prendere parte a questo momento di cultura e valorizzazione del nostro patrimonio. Le sculture di Villa Crotta non sono solo un bene artistico, ma un simbolo della nostra identit\u00e0 e della nostra memoria storica\u201d. <\/em>Il convegno e l\u2019inaugurazione sono aperti al pubblico. L\u2019iniziativa si avvale del sostegno di studiosi, restauratori, associazioni culturali e istituzioni che da anni lavorano per la tutela e la promozione dell\u2019arte e della storia agordine. Un\u2019occasione, dunque, per conoscere da vicino un artista e un\u2019epoca che hanno lasciato tracce indelebili nel paesaggio culturale europeo e per celebrare la rinascita di un bene prezioso del patrimonio locale.<\/p>\n<p>&nbsp;<\/p>\n<p>&nbsp;<\/p>\n<hr \/>\n<p>&nbsp;<\/p>\n<blockquote>\n<h3 data-start=\"43\" data-end=\"129\"><strong data-start=\"43\" data-end=\"127\">\u201c100 SOLLEDER LETTENBAUER\u201d, DOCUMENTARIO PER I CENT\u2019ANNI DELLA VIA SULLA CIVETTA<\/strong><\/h3>\n<p data-start=\"131\" data-end=\"374\"><em>Il 7 agosto del 1925 Emil Solleder e Gustav Lettenbauer realizzarono, sulla parete nord-ovest della Civetta, quella via che \u00e8 passata alla storia come l\u2019inizio ufficiale dell\u2019epopea del VI grado.<\/em><\/p>\n<\/blockquote>\n<p data-start=\"131\" data-end=\"374\"><strong><a class=\"dt-pswp-item\" href=\"https:\/\/www.radiopiu.net\/wordpress\/wp-content\/uploads\/2025\/09\/FigureCivetta-Solleder_Lettenbauer.jpg\" data-dt-img-description=\"\" data-large_image_width=\"500\" data-large_image_height=\"384\"><img loading=\"lazy\" decoding=\"async\" class=\" wp-image-468270 alignleft\" src=\"https:\/\/www.radiopiu.net\/wordpress\/wp-content\/uploads\/2025\/09\/FigureCivetta-Solleder_Lettenbauer-300x230.jpg\" alt=\"\" width=\"198\" height=\"152\" srcset=\"https:\/\/www.radiopiu.net\/wordpress\/wp-content\/uploads\/2025\/09\/FigureCivetta-Solleder_Lettenbauer-300x230.jpg 300w, https:\/\/www.radiopiu.net\/wordpress\/wp-content\/uploads\/2025\/09\/FigureCivetta-Solleder_Lettenbauer.jpg 500w\" sizes=\"auto, (max-width: 198px) 100vw, 198px\" \/><\/a>ALLEGHE<\/strong> Sar\u00e0 presentato sabato 27 settembre alle 20.30 nella palestra comunale di Caprile il documentario <em data-start=\"233\" data-end=\"259\">100 Solleder Lettenbauer<\/em>, dedicato ai cent\u2019anni della storica via sulla Nord-Ovest della Civetta, realizzato con il sostegno del Cai.<\/p>\n<p data-start=\"376\" data-end=\"551\">La proiezione concluder\u00e0 una giornata di eventi: al mattino un incontro con il Soccorso Alpino e al pomeriggio le testimonianze di alpinisti sulla \u201cParete delle Pareti\u201d.<\/p>\n<p data-start=\"553\" data-end=\"813\">Il progetto \u00e8 nato da un\u2019idea di Valter Bellenzier con i rifugisti De Zordo e De Bona, ed \u00e8 stato sviluppato da Alessandro Ba\u00f9, Alessandro Beber ed Emanuele Confortin, che con una cordata di sei alpinisti ha ripetuto la via per realizzare le riprese.<\/p>\n<p data-start=\"815\" data-end=\"1033\">Oltre alle immagini attuali, il documentario raccoglie materiali d\u2019archivio, testimonianze e contributi di grandi protagonisti della Civetta, con il montaggio firmato da Confortin insieme a un team di professionisti.<\/p>\n<p>FOTO\u00a0 gognablog.sherpa-gate.com<\/p>\n<p>&nbsp;<\/p>\n<p>&nbsp;<\/p>\n<hr \/>\n<p>&nbsp;<\/p>\n<blockquote>\n<h3>GIORNATA CULTURALE A VITTORIO VENETO: ARCHEOLOGIA INDUSTRIALE E ARTE SACRA<\/h3>\n<\/blockquote>\n<p><strong><a class=\"dt-pswp-item\" href=\"https:\/\/www.radiopiu.net\/wordpress\/wp-content\/uploads\/2023\/05\/FAI-BELLUNO.png\" data-dt-img-description=\"\" data-large_image_width=\"244\" data-large_image_height=\"122\"><img loading=\"lazy\" decoding=\"async\" class=\" wp-image-333946 alignleft\" src=\"https:\/\/www.radiopiu.net\/wordpress\/wp-content\/uploads\/2023\/05\/FAI-BELLUNO.png\" alt=\"\" width=\"190\" height=\"95\" \/><\/a>BELLUNO <\/strong>Domenica la Delegazione FAI di Belluno organizza una gita culturale a Vittorio Veneto alla scoperta del Museo Marson e di due chiese storiche, Santa Maria del Meschio e la Pieve di Sant\u2019Andrea di Bigonzo. Il Museo Marson, ospitato nell\u2019ex Istituto Bacologico F.lli Marson, \u00e8 un unicum in Italia e in Europa: conserva macchinari, strumenti scientifici e bozzoli preziosi, testimoni della produzione del seme-bachi e della ricerca avanzata contro le malattie del baco. Il pomeriggio \u00e8 dedicato all\u2019arte sacra. Ritrovo ore 9.30, contributo da \u20ac10 per iscritti FAI, prenotazione obbligatoria, posti limitati a 45 partecipanti.<\/p>\n<p>&nbsp;<\/p>\n<p>&nbsp;<\/p>\n<hr \/>\n<p>&nbsp;<\/p>\n<blockquote>\n<h3>LUCI CARE LUCI BELLE AL CENTRO ASTRONOMICO DI ARSON<\/h3>\n<\/blockquote>\n<p><strong>FELTRE<\/strong> Al Planetario del Centro Astronomico di Arson torna la musica con \u201cLuci Care, Luci Belle\u201d, concerto del Gruppo Vocale Crystal Tears e giovani clarinettisti della Scuola Miari e del Liceo Renier. In programma brani classici di Haydn, Mozart e Beethoven, pezzi contemporanei poco eseguiti e due prime assolute, tra cui <em data-start=\"321\" data-end=\"330\">Meteors<\/em> di Irlando Danieli. Spettacolo arricchito da proiezioni del cielo stellato (ingresso 5 \u20ac, gratuito soci e under 11). Sabato 27 settembre ore 21, ingresso gratuito per la tradizionale Serata Astrofili.<\/p>\n<p>&nbsp;<\/p>\n<p>&nbsp;<\/p>\n<hr \/>\n<p>&nbsp;<\/p>\n<blockquote>\n<h3>AND\u00c8MO IN M\u00c8RICA: L\u2019EMIGRAZIONE VENETA E FRIULANA VERSO IL NUOVO MONDO<\/h3>\n<\/blockquote>\n<p><strong>BELLUNO <\/strong>\u201cAndemo in M\u00e8rica\u201d di Francesco Jori racconta 150 anni di emigrazione veneta e friulana verso il Nuovo Mondo, dove oltre cinque milioni di persone cercarono una nuova vita tra grandi sacrifici. Il libro descrive miseria, viaggi pericolosi, inganni e condizioni difficili nei Paesi d\u2019arrivo, ma anche la forza e l\u2019ingegno degli emigrati, che contribuirono allo sviluppo delle nuove terre senza dimenticare le proprie radici. Presentazione a Belluno sabato alle 16 nella sede ABM con ingresso libero.<\/p>\n<p>&nbsp;<\/p>\n<p>&nbsp;<\/p>\n<hr \/>\n<p>&nbsp;<\/p>\n<blockquote>\n<h3>VENTO DI GARBIN, LA PRESENTAZIONE A PIEVE DI CADORE<\/h3>\n<\/blockquote>\n<p><strong>PIEVE DI CADORE\u00a0<\/strong><\/p>\n<p>DI ROBERTO BONA<\/p>\n<audio class=\"wp-audio-shortcode\" id=\"audio-469776-10\" preload=\"none\" style=\"width: 100%;\" controls=\"controls\"><source type=\"audio\/mpeg\" src=\"https:\/\/www.radiopiu.net\/wordpress\/wp-content\/uploads\/2025\/09\/BONA-VENTO-DI-GARBIN-SCAD-20-SETTEMBRE.mp3?_=10\" \/><a href=\"https:\/\/www.radiopiu.net\/wordpress\/wp-content\/uploads\/2025\/09\/BONA-VENTO-DI-GARBIN-SCAD-20-SETTEMBRE.mp3\">https:\/\/www.radiopiu.net\/wordpress\/wp-content\/uploads\/2025\/09\/BONA-VENTO-DI-GARBIN-SCAD-20-SETTEMBRE.mp3<\/a><\/audio>\n<p>&nbsp;<\/p>\n<hr \/>\n<p>&nbsp;<\/p>\n<blockquote>\n<h3>PRESENTAZIONE DELLA GUIDA \u201cBELLUNO CITT\u00c0 SPLENDENTE\u201d E DEL PROGETTO \u201cCARTO\u201d<\/h3>\n<\/blockquote>\n<p><strong>BELLUNO <\/strong>Il 25 settembre alle ore 20.30, nella sala Corte della Biblioteca di Belluno, si terr\u00e0 la presentazione della guida <em data-start=\"266\" data-end=\"322\">\u201cBelluno citt\u00e0 splendente. Storia, architettura, arte\u201d<\/em>, in concomitanza con l\u2019illustrazione del progetto \u201cCarto\u201d promosso dal Comune. L\u2019appuntamento sar\u00e0 anche un momento di memoria dedicato a don Sergio Sacco, fondatore dell\u2019Istituto Bellunese di Ricerche, scomparso lo scorso anno, figura di riferimento per la cultura locale.<\/p>\n<p>&nbsp;<\/p>\n<p>&nbsp;<\/p>\n<hr \/>\n<p>&nbsp;<\/p>\n<h1><span style=\"color: #ff6600;\"><img loading=\"lazy\" decoding=\"async\" class=\"alignleft\" src=\"https:\/\/www.radiopiu.net\/wordpress\/wp-content\/uploads\/2023\/09\/TRANSUMANZA-11-SETTEMBRE-1-scaled.jpg\" width=\"134\" height=\"89\" \/>IERI ALLA RADIO<\/span><\/h1>\n<p>CON JOHN FRANCIS DELLA PIETRA<\/p>\n<p><strong>audio<\/strong><\/p>\n<audio class=\"wp-audio-shortcode\" id=\"audio-469776-11\" preload=\"none\" style=\"width: 100%;\" controls=\"controls\"><source type=\"audio\/mpeg\" src=\"https:\/\/www.radiopiu.net\/wordpress\/wp-content\/uploads\/2025\/09\/JOHN.mp3?_=11\" \/><a href=\"https:\/\/www.radiopiu.net\/wordpress\/wp-content\/uploads\/2025\/09\/JOHN.mp3\">https:\/\/www.radiopiu.net\/wordpress\/wp-content\/uploads\/2025\/09\/JOHN.mp3<\/a><\/audio>\n<p><strong>Setembre<\/strong><br \/>\nMetz mes l \u00e8 dut d\u00f9 par la brega<br \/>\nParecja arte e motosega<br \/>\nSe te te ndegne<br \/>\nTe pol encora provede doi legne<br \/>\nFra en sin se far\u00e0 la nova luna<br \/>\nChe con en poch de fortuna<br \/>\nLa conta el govern<br \/>\nDe tut sto invern<br \/>\nPar la p\u00ec segura<br \/>\nL \u00e8 mejo aveile a casa se no fa foch la deventa dura<br \/>\nValgun ha gi\u00e0 empiz\u00e0<br \/>\nChe l auter el camin no l ha gnanca spaz\u00e0<br \/>\nDeve le man dintorn bona dent<br \/>\nFin che sto mes l \u00e8 encora valent<br \/>\nDap\u00f2 se scurta ogni dornada<br \/>\nE la stajon co te te ote la te l ha fracada&#8230;<\/p>\n<p>&nbsp;<\/p>\n<hr \/>\n<p>&nbsp;<\/p>\n<div class=\"page-title-head hgroup\">\n<blockquote>\n<h2 class=\"entry-title\">PERITI MINERARI DALL\u2019AGORDINO AL MONDO SECONDA EDIZIONE \u2013 01 GIULIO AGNOLI<\/h2>\n<\/blockquote>\n<\/div>\n<p><iframe loading=\"lazy\" title=\"01 GIULIO AGNOLI\" width=\"1200\" height=\"675\" src=\"https:\/\/www.youtube.com\/embed\/AzZNj6_SF2Q?feature=oembed\" frameborder=\"0\" allow=\"accelerometer; autoplay; clipboard-write; encrypted-media; gyroscope; picture-in-picture; web-share\" referrerpolicy=\"strict-origin-when-cross-origin\" allowfullscreen><\/iframe><\/p>\n<p>&nbsp;<\/p>\n<p>&nbsp;<\/p>\n<blockquote class=\"wp-embedded-content\" data-secret=\"AX7hXA3y47\"><p><a href=\"https:\/\/www.radiopiu.net\/wordpress\/periti-minerari-dallagordino-al-mondo-seconda-edizione-01-giulio-agnoli\/\">PERITI MINERARI DALL&#8217;AGORDINO AL MONDO SECONDA EDIZIONE &#8211; 01 GIULIO AGNOLI<\/a><\/p><\/blockquote>\n<p><iframe loading=\"lazy\" class=\"wp-embedded-content\" sandbox=\"allow-scripts\" security=\"restricted\" style=\"position: absolute; visibility: hidden;\" title=\"&#8220;PERITI MINERARI DALL&#8217;AGORDINO AL MONDO SECONDA EDIZIONE &#8211; 01 GIULIO AGNOLI&#8221; &#8212; Radio Pi\u00f9\" src=\"https:\/\/www.radiopiu.net\/wordpress\/periti-minerari-dallagordino-al-mondo-seconda-edizione-01-giulio-agnoli\/embed\/#?secret=P86Aw3Xp6f#?secret=AX7hXA3y47\" data-secret=\"AX7hXA3y47\" width=\"600\" height=\"338\" frameborder=\"0\" marginwidth=\"0\" marginheight=\"0\" scrolling=\"no\"><\/iframe><\/p>\n<p>&nbsp;<\/p>\n<hr \/>\n<p>&nbsp;<\/p>\n<h2><span style=\"color: #00ccff;\">SIB INFORMA: L&#8217;ATTIVITA&#8217; DI RILEVAZIONE CARTOGRAFICA<\/span><\/h2>\n<p><strong><a class=\"dt-pswp-item\" href=\"https:\/\/www.radiopiu.net\/wordpress\/wp-content\/uploads\/2025\/09\/sib-servizi-integrati-bellunesi.jpg\" data-dt-img-description=\"\" data-large_image_width=\"794\" data-large_image_height=\"397\"><img loading=\"lazy\" decoding=\"async\" class=\" wp-image-469955 alignleft\" src=\"https:\/\/www.radiopiu.net\/wordpress\/wp-content\/uploads\/2025\/09\/sib-servizi-integrati-bellunesi-300x150.jpg\" alt=\"\" width=\"212\" height=\"106\" srcset=\"https:\/\/www.radiopiu.net\/wordpress\/wp-content\/uploads\/2025\/09\/sib-servizi-integrati-bellunesi-300x150.jpg 300w, https:\/\/www.radiopiu.net\/wordpress\/wp-content\/uploads\/2025\/09\/sib-servizi-integrati-bellunesi-768x384.jpg 768w, https:\/\/www.radiopiu.net\/wordpress\/wp-content\/uploads\/2025\/09\/sib-servizi-integrati-bellunesi.jpg 794w\" sizes=\"auto, (max-width: 212px) 100vw, 212px\" \/><\/a>DI BARBARA PAOLAZZI<\/strong><\/p>\n<p>OSPITI: Umberto Trivelloni (Geologo) e Nicola Sampieri (ingegnere SIB)<\/p>\n<audio class=\"wp-audio-shortcode\" id=\"audio-469776-12\" preload=\"none\" style=\"width: 100%;\" controls=\"controls\"><source type=\"audio\/mpeg\" src=\"https:\/\/www.radiopiu.net\/wordpress\/wp-content\/uploads\/2025\/09\/20-SIB-INFORMA-15-09-2025-cartografia.mp3?_=12\" \/><a href=\"https:\/\/www.radiopiu.net\/wordpress\/wp-content\/uploads\/2025\/09\/20-SIB-INFORMA-15-09-2025-cartografia.mp3\">https:\/\/www.radiopiu.net\/wordpress\/wp-content\/uploads\/2025\/09\/20-SIB-INFORMA-15-09-2025-cartografia.mp3<\/a><\/audio>\n<p>&nbsp;<\/p>\n<p><strong>LA RACCOLTA COMPLETA\u00a0<\/strong><\/p>\n<blockquote class=\"wp-embedded-content\" data-secret=\"abdyNK3Z6z\"><p><a href=\"https:\/\/www.radiopiu.net\/wordpress\/gsp-informa\/\">SIB informa<\/a><\/p><\/blockquote>\n<p><iframe loading=\"lazy\" class=\"wp-embedded-content\" sandbox=\"allow-scripts\" security=\"restricted\" style=\"position: absolute; visibility: hidden;\" title=\"&#8220;SIB informa&#8221; &#8212; Radio Pi\u00f9\" src=\"https:\/\/www.radiopiu.net\/wordpress\/gsp-informa\/embed\/#?secret=hJMCVCOVtt#?secret=abdyNK3Z6z\" data-secret=\"abdyNK3Z6z\" width=\"600\" height=\"338\" frameborder=\"0\" marginwidth=\"0\" marginheight=\"0\" scrolling=\"no\"><\/iframe><\/p>\n<p>&nbsp;<\/p>\n<hr \/>\n<p>&nbsp;<\/p>\n<h2><span style=\"color: #ff00ff;\">OGGI COME IERI, TERZO ANNO. CON SILVIA BALDO<\/span><\/h2>\n<p><strong><a class=\"dt-pswp-item\" href=\"https:\/\/www.radiopiu.net\/wordpress\/wp-content\/uploads\/2025\/09\/Bugatti-Logo-on-a-Grill.jpg\" data-dt-img-description=\"\" data-large_image_width=\"1260\" data-large_image_height=\"710\"><img loading=\"lazy\" decoding=\"async\" class=\" wp-image-469951 alignleft\" src=\"https:\/\/www.radiopiu.net\/wordpress\/wp-content\/uploads\/2025\/09\/Bugatti-Logo-on-a-Grill-300x169.jpg\" alt=\"\" width=\"185\" height=\"104\" srcset=\"https:\/\/www.radiopiu.net\/wordpress\/wp-content\/uploads\/2025\/09\/Bugatti-Logo-on-a-Grill-300x169.jpg 300w, https:\/\/www.radiopiu.net\/wordpress\/wp-content\/uploads\/2025\/09\/Bugatti-Logo-on-a-Grill-1024x577.jpg 1024w, https:\/\/www.radiopiu.net\/wordpress\/wp-content\/uploads\/2025\/09\/Bugatti-Logo-on-a-Grill-768x433.jpg 768w, https:\/\/www.radiopiu.net\/wordpress\/wp-content\/uploads\/2025\/09\/Bugatti-Logo-on-a-Grill.jpg 1260w\" sizes=\"auto, (max-width: 185px) 100vw, 185px\" \/><\/a>15 SETTEMBRE<\/strong><\/p>\n<audio class=\"wp-audio-shortcode\" id=\"audio-469776-13\" preload=\"none\" style=\"width: 100%;\" controls=\"controls\"><source type=\"audio\/mpeg\" src=\"https:\/\/www.radiopiu.net\/wordpress\/wp-content\/uploads\/2025\/09\/SIBI-3.mp3?_=13\" \/><a href=\"https:\/\/www.radiopiu.net\/wordpress\/wp-content\/uploads\/2025\/09\/SIBI-3.mp3\">https:\/\/www.radiopiu.net\/wordpress\/wp-content\/uploads\/2025\/09\/SIBI-3.mp3<\/a><\/audio>\n<p>&nbsp;<\/p>\n<h2><strong>LA RACCOLTA COMPLETA <a href=\"https:\/\/www.radiopiu.net\/wordpress\/oggi-come-ieri-terzo-anno-con-silvia-bald\/\"><span style=\"color: #3366ff;\">CLICCA QUI<\/span><\/a><\/strong><\/h2>\n<p>&nbsp;<\/p>\n<hr \/>\n<p>&nbsp;<\/p>\n<h2><span style=\"color: #cc99ff;\">I RACCONTI DI PAOLO SOPPELSA<\/span><\/h2>\n<p><strong>PRIMI RICORDI DI MONTAGNA<\/strong><\/p>\n<p><strong> AUDIO<\/strong><\/p>\n<audio class=\"wp-audio-shortcode\" id=\"audio-469776-14\" preload=\"none\" style=\"width: 100%;\" controls=\"controls\"><source type=\"audio\/mpeg\" src=\"https:\/\/www.radiopiu.net\/wordpress\/wp-content\/uploads\/2025\/09\/PAOLOS-1.mp3?_=14\" \/><a href=\"https:\/\/www.radiopiu.net\/wordpress\/wp-content\/uploads\/2025\/09\/PAOLOS-1.mp3\">https:\/\/www.radiopiu.net\/wordpress\/wp-content\/uploads\/2025\/09\/PAOLOS-1.mp3<\/a><\/audio>\n<p>&nbsp;<\/p>\n<p><a class=\"dt-pswp-item\" href=\"https:\/\/www.radiopiu.net\/wordpress\/wp-content\/uploads\/2025\/09\/fdd570b0-aaba-48e8-9a58-b34c940c139d.jpg\" data-dt-img-description=\"\" data-large_image_width=\"915\" data-large_image_height=\"472\"><img loading=\"lazy\" decoding=\"async\" class=\" wp-image-469705 alignleft\" src=\"https:\/\/www.radiopiu.net\/wordpress\/wp-content\/uploads\/2025\/09\/fdd570b0-aaba-48e8-9a58-b34c940c139d-300x155.jpg\" alt=\"\" width=\"234\" height=\"121\" srcset=\"https:\/\/www.radiopiu.net\/wordpress\/wp-content\/uploads\/2025\/09\/fdd570b0-aaba-48e8-9a58-b34c940c139d-300x155.jpg 300w, https:\/\/www.radiopiu.net\/wordpress\/wp-content\/uploads\/2025\/09\/fdd570b0-aaba-48e8-9a58-b34c940c139d-768x396.jpg 768w, https:\/\/www.radiopiu.net\/wordpress\/wp-content\/uploads\/2025\/09\/fdd570b0-aaba-48e8-9a58-b34c940c139d.jpg 915w\" sizes=\"auto, (max-width: 234px) 100vw, 234px\" \/><\/a>La camera da letto era scarna, nemmeno un quadro o delle foto appese alle pareti. Due letti e un com\u00f2 inizio anni \u201830, lucido, dall&#8217;aspetto austero, con una pesante lastra di marmo verde a coprire il ripiano e con i robusti cassettoni duri da aprire. Era stato il suono potente della campana grande a svegliarmi durante quell\u2019alba di una domenica di fine ottobre dei primissimi anni \u201880. La campana aveva suonato alle sette in punto ed io mi ero svegliato quasi di soprassalto. Era stata notte bella, di sonno pesante, vissuta sotto al piumone e alle calde coperte che mamma aveva preparato per l&#8217;occasione. La sera precedente avevo faticato ad addormentarmi perch\u00e9 in camera mancava il buio assoluto. Il lampione a boccia, appeso ad un filo che sovrastava la strada, emetteva una malinconica luce bianca che riusciva ad entrare dalle finestre. Il vento di profondo autunno faceva oscillare il lampione, e la luce stanca che filtrava nella stanza creava ombre vive che si muovevano nella semi oscurit\u00e0. L&#8217;ombra del com\u00f2 si allungava fino a raggiungere la parete e talvolta risaliva lungo essa ed io seguivo quel movimento mentre ascoltavo il morire del fuoco. In cucina, quel fuoco agordino di fine ottobre emetteva gli ultimi scoppietii prima di trasformarsi in braci che si sarebbero spente a notte inoltrata. Mi ero addormentato pochi istanti dopo il rientro a casa di pap\u00e0. I suoi passi notturni mi avevano rassicurato. Mi ero destato dal dormiveglia quando avevo sentito il girare della grossa chiave che apriva il portone d&#8217;entrata. Nel silenzio avevo udito il fruscio del giaccone che aveva appeso all\u2019attaccapanni e poi il cigolio della portella della cucina economica. Infine, poco prima di chiudere gli occhi, avevo ascoltato i suoi passi dirigersi verso la sua stanza. Poi, un sonno profondo vissuto in quel letto perfetto. Un sonno interrotto bruscamente dal picchiare potente della campana che annunciava l&#8217;inizio di quella domenica. Avevo messo fuori la testa dalle calde coperte, c&#8217;era un freddo marcato e una luce pigra che entrava nella stanza. Mi ero alzato appena sfumati i rintocchi della campana ed ero andato in cucina, infreddolito e curioso di vivere quell\u2019alba per me inedita. C&#8217;era un grande silenzio e l&#8217;esterno dei vetri della porta che dava sul terrazzo erano ornati da arabeschi di ghiaccio. Fuori, un panorama di quasi inverno. Il cielo tinto di blu scuro, i larici colorati d&#8217;oro, nessuna nuvola e poi il bianco della brina che copriva i tetti e l&#8217;asfalto della strada che conduce in valle del Biois. La casa aveva iniziato ad animarsi una mezz&#8217;ora pi\u00f9 tardi e anche il fuoco acceso da pap\u00e0, aveva ripreso vita. Calore di fuoco e del caffelatte fumante versato nella scodella blu, il mio cucchiaio da bambino e mamma che diceva che dopo pranzo saremmo andati nel cimitero aldil\u00e0 del Cordevole e poi dai nonni a San Tomaso. Una breve passeggiata mentre il sole tentava di sciogliere quella brina tenace, il pranzo poco dopo mezzogiorno e il prepararsi a lasciare la casa. L&#8217;ultimo rantolo del fuoco e il soffiare del vento che accarezzava le tombe e poi il calore di legna e affetto nella casa dei nonni. Era stato un lungo attendere la sera e dopo l&#8217;arrivo del buio erano iniziati i consueti preparativi per il nostro ritorno a Belluno. Mentre passavamo sotto casa a Cencenighe mamma disse Scomenza a ese fret, vegnon su sabo che ven e dopo basta. Il sabato successivo c&#8217;era la prima prima neve sulle cime e l&#8217;autunno aveva iniziato il suo lungo e lento declino; durante il giorno fumavano i camini, il lungo inverno di montagna era ormai vicino.<\/p>\n<p>&nbsp;<\/p>\n<p>&nbsp;<\/p>\n<hr \/>\n<p>&nbsp;<\/p>\n<blockquote class=\"wp-embedded-content\" data-secret=\"Psvl2J6ZeI\"><p><a href=\"https:\/\/www.radiopiu.net\/wordpress\/curiosando-il-programma\/\">CURIOSANDO&#8230; IL PROGRAMMA DI PAOLA LANCIATO<\/a><\/p><\/blockquote>\n<p><iframe loading=\"lazy\" class=\"wp-embedded-content\" sandbox=\"allow-scripts\" security=\"restricted\" style=\"position: absolute; visibility: hidden;\" title=\"&#8220;CURIOSANDO&#8230; IL PROGRAMMA DI PAOLA LANCIATO&#8221; &#8212; Radio Pi\u00f9\" src=\"https:\/\/www.radiopiu.net\/wordpress\/curiosando-il-programma\/embed\/#?secret=nlIYOInqbr#?secret=Psvl2J6ZeI\" data-secret=\"Psvl2J6ZeI\" width=\"600\" height=\"338\" frameborder=\"0\" marginwidth=\"0\" marginheight=\"0\" scrolling=\"no\"><\/iframe><\/p>\n<p>&nbsp;<\/p>\n<hr \/>\n<p>&nbsp;<\/p>\n<h2><span style=\"color: #ffcc00;\">I CONSIGLI DI GIANLUCA&#8230;DA DOLOMITI BEER &amp; WINE SHOP<\/span><\/h2>\n<p><a class=\"dt-pswp-item\" href=\"https:\/\/www.radiopiu.net\/wordpress\/wp-content\/uploads\/2025\/09\/53869415-d00d-428d-a76e-f74402033eb1.jpg\" data-dt-img-description=\"\" data-large_image_width=\"1080\" data-large_image_height=\"1080\"><img loading=\"lazy\" decoding=\"async\" class=\"wp-image-469841 alignleft\" src=\"https:\/\/www.radiopiu.net\/wordpress\/wp-content\/uploads\/2025\/09\/53869415-d00d-428d-a76e-f74402033eb1-300x300.jpg\" alt=\"\" width=\"119\" height=\"119\" srcset=\"https:\/\/www.radiopiu.net\/wordpress\/wp-content\/uploads\/2025\/09\/53869415-d00d-428d-a76e-f74402033eb1-300x300.jpg 300w, https:\/\/www.radiopiu.net\/wordpress\/wp-content\/uploads\/2025\/09\/53869415-d00d-428d-a76e-f74402033eb1-1024x1024.jpg 1024w, https:\/\/www.radiopiu.net\/wordpress\/wp-content\/uploads\/2025\/09\/53869415-d00d-428d-a76e-f74402033eb1-150x150.jpg 150w, https:\/\/www.radiopiu.net\/wordpress\/wp-content\/uploads\/2025\/09\/53869415-d00d-428d-a76e-f74402033eb1-768x768.jpg 768w, https:\/\/www.radiopiu.net\/wordpress\/wp-content\/uploads\/2025\/09\/53869415-d00d-428d-a76e-f74402033eb1.jpg 1080w\" sizes=\"auto, (max-width: 119px) 100vw, 119px\" \/><\/a><span style=\"color: #0000ff;\"><strong>15 SETTEMBRE &#8230;.. E TRA POCHI GIORNI VIA ALLE DEGUSTAZIONI segui il programma sui canali di RADIOPIU<\/strong><\/span><\/p>\n<audio class=\"wp-audio-shortcode\" id=\"audio-469776-15\" preload=\"none\" style=\"width: 100%;\" controls=\"controls\"><source type=\"audio\/mpeg\" src=\"https:\/\/www.radiopiu.net\/wordpress\/wp-content\/uploads\/2025\/09\/GWINE1A-10.mp3?_=15\" \/><a href=\"https:\/\/www.radiopiu.net\/wordpress\/wp-content\/uploads\/2025\/09\/GWINE1A-10.mp3\">https:\/\/www.radiopiu.net\/wordpress\/wp-content\/uploads\/2025\/09\/GWINE1A-10.mp3<\/a><\/audio>\n<p>&nbsp;<\/p>\n<h2><strong>LA RACCOLTA COMPLETA <a href=\"https:\/\/www.radiopiu.net\/wordpress\/i-consigli-di-gianluca-aa15\/\"><span style=\"color: #3366ff;\">CLICCA QUI<\/span><\/a><\/strong><\/h2>\n<p>&nbsp;<\/p>\n<hr \/>\n<p>&nbsp;<\/p>\n<h2><span style=\"color: #ff0000;\"><a class=\"dt-pswp-item\" href=\"https:\/\/www.radiopiu.net\/wordpress\/wp-content\/uploads\/2018\/09\/appuntamenti.jpeg\" data-dt-img-description=\"\" data-large_image_width=\"800\" data-large_image_height=\"100\"><img loading=\"lazy\" decoding=\"async\" class=\"wp-image-61958 size-full aligncenter\" src=\"https:\/\/www.radiopiu.net\/wordpress\/wp-content\/uploads\/2018\/09\/appuntamenti.jpeg\" alt=\"\" width=\"800\" height=\"100\" srcset=\"https:\/\/www.radiopiu.net\/wordpress\/wp-content\/uploads\/2018\/09\/appuntamenti.jpeg 800w, https:\/\/www.radiopiu.net\/wordpress\/wp-content\/uploads\/2018\/09\/appuntamenti-300x38.jpeg 300w, https:\/\/www.radiopiu.net\/wordpress\/wp-content\/uploads\/2018\/09\/appuntamenti-768x96.jpeg 768w\" sizes=\"auto, (max-width: 800px) 100vw, 800px\" \/><\/a><\/span><\/h2>\n\n\t\t\t<style type='text\/css'>\n\t\t\t\t#gallery-7 {\n\t\t\t\t\tmargin: auto;\n\t\t\t\t}\n\t\t\t\t#gallery-7 .gallery-item {\n\t\t\t\t\tfloat: left;\n\t\t\t\t\tmargin-top: 10px;\n\t\t\t\t\ttext-align: center;\n\t\t\t\t\twidth: 20%;\n\t\t\t\t}\n\t\t\t\t#gallery-7 img {\n\t\t\t\t\tborder: 2px solid #cfcfcf;\n\t\t\t\t}\n\t\t\t\t#gallery-7 .gallery-caption {\n\t\t\t\t\tmargin-left: 0;\n\t\t\t\t}\n\t\t\t\t\/* see gallery_shortcode() in wp-includes\/media.php *\/\n\t\t\t<\/style>\n\t\t<div id='gallery-7' class='dt-gallery-container gallery galleryid-469776 gallery-columns-5 gallery-size-thumbnail'><dl class='gallery-item'>\n\t\t\t\t<dt class='gallery-icon portrait'>\n\t\t\t\t\t<a class=\"rollover rollover-zoom dt-pswp-item\" title=\"mostra_RotaSperti\" data-dt-img-description=\"\" data-large_image_width=\"1414\" data-large_image_height=\"2000\"href='https:\/\/www.radiopiu.net\/wordpress\/wp-content\/uploads\/2025\/06\/mostra_RotaSperti.png'><img loading=\"lazy\" decoding=\"async\" width=\"150\" height=\"150\" src=\"https:\/\/www.radiopiu.net\/wordpress\/wp-content\/uploads\/2025\/06\/mostra_RotaSperti-150x150.png\" class=\"attachment-thumbnail size-thumbnail\" alt=\"\" \/><\/a>\n\t\t\t\t<\/dt><\/dl><dl class='gallery-item'>\n\t\t\t\t<dt class='gallery-icon landscape'>\n\t\t\t\t\t<a class=\"rollover rollover-zoom dt-pswp-item\" title=\"515444840_1149597150531066_7749231705219023918_n\" data-dt-img-description=\"\" data-large_image_width=\"1440\" data-large_image_height=\"1079\"href='https:\/\/www.radiopiu.net\/wordpress\/wp-content\/uploads\/2025\/07\/515444840_1149597150531066_7749231705219023918_n.jpg'><img loading=\"lazy\" decoding=\"async\" width=\"150\" height=\"150\" src=\"https:\/\/www.radiopiu.net\/wordpress\/wp-content\/uploads\/2025\/07\/515444840_1149597150531066_7749231705219023918_n-150x150.jpg\" class=\"attachment-thumbnail size-thumbnail\" alt=\"\" \/><\/a>\n\t\t\t\t<\/dt><\/dl><dl class='gallery-item'>\n\t\t\t\t<dt class='gallery-icon portrait'>\n\t\t\t\t\t<a class=\"rollover rollover-zoom dt-pswp-item\" title=\"Locandina Sagra di Fregona 2025\" data-dt-img-description=\"\" data-large_image_width=\"1125\" data-large_image_height=\"1608\"href='https:\/\/www.radiopiu.net\/wordpress\/wp-content\/uploads\/2025\/08\/Locandina-Sagra-di-Fregona-2025.jpeg'><img loading=\"lazy\" decoding=\"async\" width=\"150\" height=\"150\" src=\"https:\/\/www.radiopiu.net\/wordpress\/wp-content\/uploads\/2025\/08\/Locandina-Sagra-di-Fregona-2025-150x150.jpeg\" class=\"attachment-thumbnail size-thumbnail\" alt=\"\" \/><\/a>\n\t\t\t\t<\/dt><\/dl><dl class='gallery-item'>\n\t\t\t\t<dt class='gallery-icon portrait'>\n\t\t\t\t\t<a class=\"rollover rollover-zoom dt-pswp-item\" title=\"9c71ce0b-ff13-4ec8-b170-8fb0f4a358d6\" data-dt-img-description=\"\" data-large_image_width=\"731\" data-large_image_height=\"1600\"href='https:\/\/www.radiopiu.net\/wordpress\/wp-content\/uploads\/2025\/09\/9c71ce0b-ff13-4ec8-b170-8fb0f4a358d6.jpg'><img loading=\"lazy\" decoding=\"async\" width=\"150\" height=\"150\" src=\"https:\/\/www.radiopiu.net\/wordpress\/wp-content\/uploads\/2025\/09\/9c71ce0b-ff13-4ec8-b170-8fb0f4a358d6-150x150.jpg\" class=\"attachment-thumbnail size-thumbnail\" alt=\"\" \/><\/a>\n\t\t\t\t<\/dt><\/dl><dl class='gallery-item'>\n\t\t\t\t<dt class='gallery-icon portrait'>\n\t\t\t\t\t<a class=\"rollover rollover-zoom dt-pswp-item\" title=\"e1f44182-3b2b-4656-9ab3-55b78e3f276b\" data-dt-img-description=\"\" data-large_image_width=\"1131\" data-large_image_height=\"1600\"href='https:\/\/www.radiopiu.net\/wordpress\/wp-content\/uploads\/2025\/09\/e1f44182-3b2b-4656-9ab3-55b78e3f276b.jpg'><img loading=\"lazy\" decoding=\"async\" width=\"150\" height=\"150\" src=\"https:\/\/www.radiopiu.net\/wordpress\/wp-content\/uploads\/2025\/09\/e1f44182-3b2b-4656-9ab3-55b78e3f276b-150x150.jpg\" class=\"attachment-thumbnail size-thumbnail\" alt=\"\" \/><\/a>\n\t\t\t\t<\/dt><\/dl><br style=\"clear: both\" \/><dl class='gallery-item'>\n\t\t\t\t<dt class='gallery-icon portrait'>\n\t\t\t\t\t<a class=\"rollover rollover-zoom dt-pswp-item\" title=\"b13636c4-92d6-4f21-bbd1-2bf5066bd155\" data-dt-img-description=\"\" data-large_image_width=\"899\" data-large_image_height=\"1599\"href='https:\/\/www.radiopiu.net\/wordpress\/wp-content\/uploads\/2025\/09\/b13636c4-92d6-4f21-bbd1-2bf5066bd155.jpg'><img loading=\"lazy\" decoding=\"async\" width=\"150\" height=\"150\" src=\"https:\/\/www.radiopiu.net\/wordpress\/wp-content\/uploads\/2025\/09\/b13636c4-92d6-4f21-bbd1-2bf5066bd155-150x150.jpg\" class=\"attachment-thumbnail size-thumbnail\" alt=\"\" \/><\/a>\n\t\t\t\t<\/dt><\/dl><dl class='gallery-item'>\n\t\t\t\t<dt class='gallery-icon portrait'>\n\t\t\t\t\t<a class=\"rollover rollover-zoom dt-pswp-item\" title=\"d3fcd4c5-6d16-43da-9fec-cf14c7b765b1\" data-dt-img-description=\"\" data-large_image_width=\"1130\" data-large_image_height=\"1600\"href='https:\/\/www.radiopiu.net\/wordpress\/wp-content\/uploads\/2025\/09\/d3fcd4c5-6d16-43da-9fec-cf14c7b765b1.jpg'><img loading=\"lazy\" decoding=\"async\" width=\"150\" height=\"150\" src=\"https:\/\/www.radiopiu.net\/wordpress\/wp-content\/uploads\/2025\/09\/d3fcd4c5-6d16-43da-9fec-cf14c7b765b1-150x150.jpg\" class=\"attachment-thumbnail size-thumbnail\" alt=\"\" \/><\/a>\n\t\t\t\t<\/dt><\/dl><dl class='gallery-item'>\n\t\t\t\t<dt class='gallery-icon portrait'>\n\t\t\t\t\t<a class=\"rollover rollover-zoom dt-pswp-item\" title=\"Parliamo di zecche\" data-dt-img-description=\"\" data-large_image_width=\"1811\" data-large_image_height=\"2560\"href='https:\/\/www.radiopiu.net\/wordpress\/wp-content\/uploads\/2025\/09\/Parliamo-di-zecche-scaled.jpg'><img loading=\"lazy\" decoding=\"async\" width=\"150\" height=\"150\" src=\"https:\/\/www.radiopiu.net\/wordpress\/wp-content\/uploads\/2025\/09\/Parliamo-di-zecche-150x150.jpg\" class=\"attachment-thumbnail size-thumbnail\" alt=\"\" \/><\/a>\n\t\t\t\t<\/dt><\/dl><dl class='gallery-item'>\n\t\t\t\t<dt class='gallery-icon portrait'>\n\t\t\t\t\t<a class=\"rollover rollover-zoom dt-pswp-item\" title=\"Luci care Luci belle\" data-dt-img-description=\"\" data-large_image_width=\"1131\" data-large_image_height=\"1600\"href='https:\/\/www.radiopiu.net\/wordpress\/wp-content\/uploads\/2025\/09\/Luci-care-Luci-belle.jpg'><img loading=\"lazy\" decoding=\"async\" width=\"150\" height=\"150\" src=\"https:\/\/www.radiopiu.net\/wordpress\/wp-content\/uploads\/2025\/09\/Luci-care-Luci-belle-150x150.jpg\" class=\"attachment-thumbnail size-thumbnail\" alt=\"\" \/><\/a>\n\t\t\t\t<\/dt><\/dl><dl class='gallery-item'>\n\t\t\t\t<dt class='gallery-icon portrait'>\n\t\t\t\t\t<a class=\"rollover rollover-zoom dt-pswp-item\" title=\"JORI__emi_veneata_LOCANDINA\" data-dt-img-description=\"\" data-large_image_width=\"595\" data-large_image_height=\"841\"href='https:\/\/www.radiopiu.net\/wordpress\/wp-content\/uploads\/2025\/09\/JORI__emi_veneata_LOCANDINA.jpg'><img loading=\"lazy\" decoding=\"async\" width=\"150\" height=\"150\" src=\"https:\/\/www.radiopiu.net\/wordpress\/wp-content\/uploads\/2025\/09\/JORI__emi_veneata_LOCANDINA-150x150.jpg\" class=\"attachment-thumbnail size-thumbnail\" alt=\"\" \/><\/a>\n\t\t\t\t<\/dt><\/dl><br style=\"clear: both\" \/><dl class='gallery-item'>\n\t\t\t\t<dt class='gallery-icon portrait'>\n\t\t\t\t\t<a class=\"rollover rollover-zoom dt-pswp-item\" title=\"Guida-BL-Loc-2025\" data-dt-img-description=\"\" data-large_image_width=\"1000\" data-large_image_height=\"1414\"href='https:\/\/www.radiopiu.net\/wordpress\/wp-content\/uploads\/2025\/09\/Guida-BL-Loc-2025.jpg'><img loading=\"lazy\" decoding=\"async\" width=\"150\" height=\"150\" src=\"https:\/\/www.radiopiu.net\/wordpress\/wp-content\/uploads\/2025\/09\/Guida-BL-Loc-2025-150x150.jpg\" class=\"attachment-thumbnail size-thumbnail\" alt=\"\" \/><\/a>\n\t\t\t\t<\/dt><\/dl>\n\t\t\t\t<br style='clear: both' \/>\n\t\t\t<\/div>\n\n<h2><\/h2>\n<hr \/>\n<p>&nbsp;<\/p>\n<p class=\"mceTemp\"><a class=\"dt-pswp-item\" href=\"https:\/\/www.radiopiu.net\/wordpress\/wp-content\/uploads\/2018\/09\/WhatsApp-Image-2018-09-20-at-16.04.06.jpeg\" data-dt-img-description=\"\" data-large_image_width=\"800\" data-large_image_height=\"100\"><img loading=\"lazy\" decoding=\"async\" class=\"wp-image-61378 size-full aligncenter\" src=\"https:\/\/www.radiopiu.net\/wordpress\/wp-content\/uploads\/2018\/09\/WhatsApp-Image-2018-09-20-at-16.04.06.jpeg\" alt=\"\" width=\"800\" height=\"100\" srcset=\"https:\/\/www.radiopiu.net\/wordpress\/wp-content\/uploads\/2018\/09\/WhatsApp-Image-2018-09-20-at-16.04.06.jpeg 800w, https:\/\/www.radiopiu.net\/wordpress\/wp-content\/uploads\/2018\/09\/WhatsApp-Image-2018-09-20-at-16.04.06-300x38.jpeg 300w, https:\/\/www.radiopiu.net\/wordpress\/wp-content\/uploads\/2018\/09\/WhatsApp-Image-2018-09-20-at-16.04.06-768x96.jpeg 768w\" sizes=\"auto, (max-width: 800px) 100vw, 800px\" \/><\/a><\/p>\n<p>&nbsp;<\/p>\n<p><center><b>OGGI<\/b><\/center>Nella prima met\u00e0 di giornata alternanza di nuvole e rasserenamenti, nelle valli prealpine con qualche nebbia di notte e in dissolvimento di mattina. Dal pomeriggio in prevalenza nuvoloso, a tratti coperto e a tratti parzialmente nuvoloso.<br \/>\n<b>Precipitazioni: <\/b>Fino al mattino assenti. Nella seconda met\u00e0 di giornata probabilit\u00e0 medio-alta\u00a0 su Prealpi Trevigiane e Bellunese per piogge diffuse, si tratter\u00e0 di piovaschi\/rovesci\/temporali.<br \/>\n<b>Temperature: <\/b>Di notte con andamento irregolare e poi in calo, con differenze anche sensibili rispetto a luned\u00ec e minime a tarda sera. Di notte sopra la media in modo leggero\/moderato<\/p>\n<hr \/>\n<p><center><b>DOMANI<\/b><\/center>Di notte nuvolosit\u00e0 in diminuzione, dal mattino ovunque poco o parzialmente nuvoloso.<br \/>\n<b>Precipitazioni: <\/b>Assenti.<br \/>\n<b>Temperature: <\/b>In calo anche sensibile rispetto a marted\u00ec.<\/p>\n<hr \/>\n<p><center><b>GIOVEDI<\/b><\/center>Non si verificheranno precipitazioni. Cielo sereno o poco nuvoloso. Temperature in calo fino all&#8217;alba e poi in aumento.<\/p>\n<hr \/>\n<p><center><b>VENERDI<\/b><\/center>Non si verificheranno precipitazioni. Cielo sereno o poco nuvoloso. Temperature in aumento.<\/p>\n<p>&nbsp;<\/p>\n<hr \/>\n<p>&nbsp;<\/p>\n<p class=\"mceTemp\"><a class=\"dt-pswp-item\" href=\"https:\/\/www.radiopiu.net\/wordpress\/wp-content\/uploads\/2018\/09\/sport.jpg\" data-dt-img-description=\"\" data-large_image_width=\"800\" data-large_image_height=\"100\"><img loading=\"lazy\" decoding=\"async\" class=\"aligncenter wp-image-60761 size-full\" src=\"https:\/\/www.radiopiu.net\/wordpress\/wp-content\/uploads\/2018\/09\/sport.jpg\" alt=\"\" width=\"800\" height=\"100\" srcset=\"https:\/\/www.radiopiu.net\/wordpress\/wp-content\/uploads\/2018\/09\/sport.jpg 800w, https:\/\/www.radiopiu.net\/wordpress\/wp-content\/uploads\/2018\/09\/sport-300x38.jpg 300w, https:\/\/www.radiopiu.net\/wordpress\/wp-content\/uploads\/2018\/09\/sport-768x96.jpg 768w\" sizes=\"auto, (max-width: 800px) 100vw, 800px\" \/> <\/a><\/p>\n<p>&nbsp;<\/p>\n<p><span style=\"color: #0000ff;\"><strong>CORSA CAMPESTRE<\/strong><\/span><\/p>\n<blockquote>\n<h3>16 COMUNI: IL PUNTO CON OMAR PINIE&#8217;<\/h3>\n<\/blockquote>\n<p><strong><a class=\"dt-pswp-item\" href=\"https:\/\/www.radiopiu.net\/wordpress\/wp-content\/uploads\/2025\/09\/DSC1623.jpg\" data-dt-img-description=\"\" data-large_image_width=\"1772\" data-large_image_height=\"1182\"><img loading=\"lazy\" decoding=\"async\" class=\" wp-image-469772 alignleft\" src=\"https:\/\/www.radiopiu.net\/wordpress\/wp-content\/uploads\/2025\/09\/DSC1623-300x200.jpg\" alt=\"\" width=\"239\" height=\"159\" srcset=\"https:\/\/www.radiopiu.net\/wordpress\/wp-content\/uploads\/2025\/09\/DSC1623-300x200.jpg 300w, https:\/\/www.radiopiu.net\/wordpress\/wp-content\/uploads\/2025\/09\/DSC1623-1024x683.jpg 1024w, https:\/\/www.radiopiu.net\/wordpress\/wp-content\/uploads\/2025\/09\/DSC1623-768x512.jpg 768w, https:\/\/www.radiopiu.net\/wordpress\/wp-content\/uploads\/2025\/09\/DSC1623-1536x1025.jpg 1536w, https:\/\/www.radiopiu.net\/wordpress\/wp-content\/uploads\/2025\/09\/DSC1623.jpg 1772w\" sizes=\"auto, (max-width: 239px) 100vw, 239px\" \/><\/a>DI MARCO GAZ<\/strong><\/p>\n<p>OSPITE: Omar Pini\u00e8, presidente della Pro Loco di Alleghe<\/p>\n<audio class=\"wp-audio-shortcode\" id=\"audio-469776-16\" preload=\"none\" style=\"width: 100%;\" controls=\"controls\"><source type=\"audio\/mpeg\" src=\"https:\/\/www.radiopiu.net\/wordpress\/wp-content\/uploads\/2025\/09\/gr-16-sport-16-comuni-OMAR-PINIE-4-MIN.mp3?_=16\" \/><a href=\"https:\/\/www.radiopiu.net\/wordpress\/wp-content\/uploads\/2025\/09\/gr-16-sport-16-comuni-OMAR-PINIE-4-MIN.mp3\">https:\/\/www.radiopiu.net\/wordpress\/wp-content\/uploads\/2025\/09\/gr-16-sport-16-comuni-OMAR-PINIE-4-MIN.mp3<\/a><\/audio>\n<p>&nbsp;<\/p>\n<p><span style=\"color: #0000ff;\"><strong>ATLETICA<\/strong><\/span><\/p>\n<blockquote>\n<h3><strong data-start=\"0\" data-end=\"81\">CSI BELLUNO BRILLA AI NAZIONALI DI ATLETICA: 26 MEDAGLIE E SESTO POSTO FINALE<\/strong><\/h3>\n<\/blockquote>\n<p><a class=\"dt-pswp-item\" href=\"https:\/\/www.radiopiu.net\/wordpress\/wp-content\/uploads\/2025\/09\/nazionali-csi-atletica-set-2025-modesto-team.jpeg\" data-dt-img-description=\"\" data-large_image_width=\"1600\" data-large_image_height=\"1067\"><img loading=\"lazy\" decoding=\"async\" class=\" wp-image-469971 alignleft\" src=\"https:\/\/www.radiopiu.net\/wordpress\/wp-content\/uploads\/2025\/09\/nazionali-csi-atletica-set-2025-modesto-team-300x200.jpeg\" alt=\"\" width=\"191\" height=\"127\" srcset=\"https:\/\/www.radiopiu.net\/wordpress\/wp-content\/uploads\/2025\/09\/nazionali-csi-atletica-set-2025-modesto-team-300x200.jpeg 300w, https:\/\/www.radiopiu.net\/wordpress\/wp-content\/uploads\/2025\/09\/nazionali-csi-atletica-set-2025-modesto-team-1024x683.jpeg 1024w, https:\/\/www.radiopiu.net\/wordpress\/wp-content\/uploads\/2025\/09\/nazionali-csi-atletica-set-2025-modesto-team-768x512.jpeg 768w, https:\/\/www.radiopiu.net\/wordpress\/wp-content\/uploads\/2025\/09\/nazionali-csi-atletica-set-2025-modesto-team-1536x1024.jpeg 1536w, https:\/\/www.radiopiu.net\/wordpress\/wp-content\/uploads\/2025\/09\/nazionali-csi-atletica-set-2025-modesto-team.jpeg 1600w\" sizes=\"auto, (max-width: 191px) 100vw, 191px\" \/><\/a>Il comitato Csi di Belluno si conferma protagonista nell\u2019atletica leggera. Al campionato nazionale a Cernusco sul Naviglio, le cinque societ\u00e0 bellunesi (Associazione Sportiva Pozzale, Gruppo Marciatori Calalzo, Polisportiva Santa Giustina, Modesto Team e Polisportiva Caprioli) con 54 atleti complessivi hanno conquistato 26 medaglie: 11 ori, 6 argenti e 9 bronzi, ottenendo il sesto posto finale. Tra le societ\u00e0, spicca il Modesto Team, sesto nel medagliere tra 127 club, con 7 ori, 5 argenti e 3 bronzi. Dante Passuello, responsabile atletica Csi Belluno, sottolinea il valore della passione di tecnici e dirigenti, finalizzata alla crescita globale dei ragazzi. I risultati comprendono vittorie individuali e di staffette, con prestazioni eccellenti in tutte le categorie.<\/p>\n<p>&nbsp;<\/p>\n<p><span style=\"color: #0000ff;\"><strong>MOTORI<\/strong><\/span><\/p>\n<blockquote>\n<h3>FRANCESCO MIOTTO COMBATTE AL MUGELLO NEL TCR ITALY DSG<\/h3>\n<\/blockquote>\n<p><a class=\"dt-pswp-item\" href=\"https:\/\/www.radiopiu.net\/wordpress\/wp-content\/uploads\/2025\/09\/SCR-20250915-rtbc.png\" data-dt-img-description=\"\" data-large_image_width=\"548\" data-large_image_height=\"380\"><img loading=\"lazy\" decoding=\"async\" class=\" wp-image-469987 alignleft\" src=\"https:\/\/www.radiopiu.net\/wordpress\/wp-content\/uploads\/2025\/09\/SCR-20250915-rtbc-300x208.png\" alt=\"\" width=\"177\" height=\"123\" srcset=\"https:\/\/www.radiopiu.net\/wordpress\/wp-content\/uploads\/2025\/09\/SCR-20250915-rtbc-300x208.png 300w, https:\/\/www.radiopiu.net\/wordpress\/wp-content\/uploads\/2025\/09\/SCR-20250915-rtbc.png 548w\" sizes=\"auto, (max-width: 177px) 100vw, 177px\" \/><\/a>Fine settimana ricco di adrenalina per Francesco Miotto e il team Progetto E20 Motorsport al Mugello, quinto doppio appuntamento del TCR Italy DSG. Il ventunenne di Sedico, al volante dell\u2019Audi RS3 TCR DSG, parte bene nelle libere, nonostante un guasto alla scatola dello sterzo. In qualifica segna 2\u201901\u201d196, che vale il 9\u00b0 posto in griglia. Gara 1 scorre senza sorprese, con Miotto costante in nona posizione. In Gara 2, invece, brilla con un\u2019ottima partenza, conquistando il 5\u00b0 posto alla San Donato e difendendolo nelle ripartenze dopo due safety car. Conclude 7\u00b0, dimostrando grinta e competitivit\u00e0. Ora il team guarda all\u2019ultimo round stagionale di Misano, dal 10 al 12 ottobre.<\/p>\n<p>&nbsp;<\/p>\n<p>&nbsp;<\/p>\n","protected":false},"excerpt":{"rendered":"<p>*** &nbsp; LA\u00a0 APP PER IOS-IPHONE di Nicola Vettorello https:\/\/apps.apple.com\/it\/app\/radio-pi%C3%B9-emittente-agordina\/id1515939845 LA\u00a0 APP RADIO\u00a0 PER ANDROID di Nicola Vettorello https:\/\/play.google.com\/store\/apps\/details?id=net.radiopiu.iniko\u00a0\u00a0\u00a0\u00a0\u00a0 &nbsp; \u00a0\u00a0 OGGI SU RADIOPI\u00d9: MUSICA, informazione\u00a0 e dirette\u00a0 ALLE 8.05 LA RASSEGNA STAMPA LOCALE 8.25 PIU SIAMO DI MARINA DONA&#8217; 900 ALEX E LA SUA MUSICA, LA MUSICA COUNTRY\u00a0 9.40 OGGI COME IERI DI SILVIA&hellip;<\/p>\n","protected":false},"author":4,"featured_media":469922,"comment_status":"closed","ping_status":"closed","sticky":false,"template":"","format":"standard","meta":{"_monsterinsights_skip_tracking":false,"_monsterinsights_sitenote_active":false,"_monsterinsights_sitenote_note":"","_monsterinsights_sitenote_category":0,"footnotes":""},"categories":[51,86,49],"tags":[],"class_list":["post-469776","post","type-post","status-publish","format-standard","has-post-thumbnail","hentry","category-evidenza-top","category-gr","category-news-18","category-51","category-86","category-49","description-off"],"img_url":"https:\/\/www.radiopiu.net\/wordpress\/wp-content\/uploads\/2025\/09\/107a7440-cba5-4afd-aae3-fcee5413d028.jpg","_links":{"self":[{"href":"https:\/\/www.radiopiu.net\/wordpress\/wp-json\/wp\/v2\/posts\/469776","targetHints":{"allow":["GET"]}}],"collection":[{"href":"https:\/\/www.radiopiu.net\/wordpress\/wp-json\/wp\/v2\/posts"}],"about":[{"href":"https:\/\/www.radiopiu.net\/wordpress\/wp-json\/wp\/v2\/types\/post"}],"author":[{"embeddable":true,"href":"https:\/\/www.radiopiu.net\/wordpress\/wp-json\/wp\/v2\/users\/4"}],"replies":[{"embeddable":true,"href":"https:\/\/www.radiopiu.net\/wordpress\/wp-json\/wp\/v2\/comments?post=469776"}],"version-history":[{"count":49,"href":"https:\/\/www.radiopiu.net\/wordpress\/wp-json\/wp\/v2\/posts\/469776\/revisions"}],"predecessor-version":[{"id":470051,"href":"https:\/\/www.radiopiu.net\/wordpress\/wp-json\/wp\/v2\/posts\/469776\/revisions\/470051"}],"wp:featuredmedia":[{"embeddable":true,"href":"https:\/\/www.radiopiu.net\/wordpress\/wp-json\/wp\/v2\/media\/469922"}],"wp:attachment":[{"href":"https:\/\/www.radiopiu.net\/wordpress\/wp-json\/wp\/v2\/media?parent=469776"}],"wp:term":[{"taxonomy":"category","embeddable":true,"href":"https:\/\/www.radiopiu.net\/wordpress\/wp-json\/wp\/v2\/categories?post=469776"},{"taxonomy":"post_tag","embeddable":true,"href":"https:\/\/www.radiopiu.net\/wordpress\/wp-json\/wp\/v2\/tags?post=469776"}],"curies":[{"name":"wp","href":"https:\/\/api.w.org\/{rel}","templated":true}]}}