{"id":469829,"date":"2025-09-15T05:20:19","date_gmt":"2025-09-15T03:20:19","guid":{"rendered":"https:\/\/www.radiopiu.net\/wordpress\/?p=469829"},"modified":"2025-09-15T07:04:34","modified_gmt":"2025-09-15T05:04:34","slug":"gianni-quaranta-oscar","status":"publish","type":"post","link":"https:\/\/www.radiopiu.net\/wordpress\/gianni-quaranta-oscar\/","title":{"rendered":"GIANNI QUARANTA, OSCAR PER &#8220;CAMERA CON VISTA&#8221;, \u00c8 MORTO A ROMA. LO SCENOGRAFO E COSTUMISTA ERA NATO AD ARSI\u00c8 82 ANNI FA"},"content":{"rendered":"<div class=\"flex max-w-full flex-col grow\">\n<div class=\"min-h-8 text-message relative flex w-full flex-col items-end gap-2 text-start break-words whitespace-normal [.text-message+&amp;]:mt-5\" dir=\"auto\" data-message-author-role=\"assistant\" data-message-id=\"dafc9c7a-7383-43d0-ace1-48ac3d760e8a\" data-message-model-slug=\"gpt-5\">\n<div class=\"flex w-full flex-col gap-1 empty:hidden first:pt-[3px]\">\n<div class=\"markdown prose dark:prose-invert w-full break-words dark markdown-new-styling\">\n<blockquote>\n<h3 data-start=\"0\" data-end=\"118\"><\/h3>\n<\/blockquote>\n<\/div>\n<\/div>\n<\/div>\n<\/div>\n<div class=\"flex min-h-[46px] justify-start\"><strong><a class=\"dt-pswp-item\" href=\"https:\/\/www.radiopiu.net\/wordpress\/wp-content\/uploads\/2025\/09\/Screenshot-2025-09-15-050028.png\" data-dt-img-description=\"\" data-large_image_width=\"156\" data-large_image_height=\"131\"><img loading=\"lazy\" decoding=\"async\" class=\"size-full wp-image-469828 alignleft\" src=\"https:\/\/www.radiopiu.net\/wordpress\/wp-content\/uploads\/2025\/09\/Screenshot-2025-09-15-050028.png\" alt=\"\" width=\"156\" height=\"131\" \/><\/a>ROMA-ARSIE&#8217;<\/strong> \u00c8 morto a Roma Gianni Quaranta, scenografo, costumista e designer nato 82 anni fa ad Arsi\u00e8. Premio Oscar per <em data-start=\"109\" data-end=\"127\">Camera con vista<\/em> di James Ivory, leg\u00f2 il suo nome a grandi registi come Zeffirelli, Olmi, Bertolucci e Wertm\u00fcller, firmando scenografie per cinema, teatro e opera, da Milano a New York. La sua carriera, lunga oltre sessant\u2019anni, lo port\u00f2 sulle scene pi\u00f9 prestigiose del mondo, senza mai dimenticare le origini feltrine. Candidato altre due volte all\u2019Oscar e vincitore di un C\u00e9sar per <em data-start=\"495\" data-end=\"506\">Farinelli<\/em>, lascia la moglie Giuliana e la figlia Guja. I funerali si terranno marted\u00ec a Roma nella Chiesa degli Artisti.<\/div>\n<div><\/div>\n<div>\n<p>AUDIO<\/p>\n<audio class=\"wp-audio-shortcode\" id=\"audio-469829-1\" preload=\"none\" style=\"width: 100%;\" controls=\"controls\"><source type=\"audio\/mpeg\" src=\"https:\/\/www.radiopiu.net\/wordpress\/wp-content\/uploads\/2025\/09\/QUARANTA.mp3?_=1\" \/><a href=\"https:\/\/www.radiopiu.net\/wordpress\/wp-content\/uploads\/2025\/09\/QUARANTA.mp3\">https:\/\/www.radiopiu.net\/wordpress\/wp-content\/uploads\/2025\/09\/QUARANTA.mp3<\/a><\/audio>\n<\/div>\n<div><\/div>\n<div>\n<hr \/>\n<\/div>\n","protected":false},"excerpt":{"rendered":"<p>ROMA-ARSIE&#8217; \u00c8 morto a Roma Gianni Quaranta, scenografo, costumista e designer nato 82 anni fa ad Arsi\u00e8. Premio Oscar per Camera con vista di James Ivory, leg\u00f2 il suo nome a grandi registi come Zeffirelli, Olmi, Bertolucci e Wertm\u00fcller, firmando scenografie per cinema, teatro e opera, da Milano a New York. La sua carriera, lunga&hellip;<\/p>\n","protected":false},"author":4,"featured_media":469828,"comment_status":"closed","ping_status":"closed","sticky":false,"template":"","format":"standard","meta":{"_monsterinsights_skip_tracking":false,"_monsterinsights_sitenote_active":false,"_monsterinsights_sitenote_note":"","_monsterinsights_sitenote_category":0,"footnotes":""},"categories":[51,49],"tags":[],"class_list":["post-469829","post","type-post","status-publish","format-standard","has-post-thumbnail","hentry","category-evidenza-top","category-news-18","category-51","category-49","description-off"],"img_url":"https:\/\/www.radiopiu.net\/wordpress\/wp-content\/uploads\/2025\/09\/Screenshot-2025-09-15-050028.png","_links":{"self":[{"href":"https:\/\/www.radiopiu.net\/wordpress\/wp-json\/wp\/v2\/posts\/469829","targetHints":{"allow":["GET"]}}],"collection":[{"href":"https:\/\/www.radiopiu.net\/wordpress\/wp-json\/wp\/v2\/posts"}],"about":[{"href":"https:\/\/www.radiopiu.net\/wordpress\/wp-json\/wp\/v2\/types\/post"}],"author":[{"embeddable":true,"href":"https:\/\/www.radiopiu.net\/wordpress\/wp-json\/wp\/v2\/users\/4"}],"replies":[{"embeddable":true,"href":"https:\/\/www.radiopiu.net\/wordpress\/wp-json\/wp\/v2\/comments?post=469829"}],"version-history":[{"count":2,"href":"https:\/\/www.radiopiu.net\/wordpress\/wp-json\/wp\/v2\/posts\/469829\/revisions"}],"predecessor-version":[{"id":469848,"href":"https:\/\/www.radiopiu.net\/wordpress\/wp-json\/wp\/v2\/posts\/469829\/revisions\/469848"}],"wp:featuredmedia":[{"embeddable":true,"href":"https:\/\/www.radiopiu.net\/wordpress\/wp-json\/wp\/v2\/media\/469828"}],"wp:attachment":[{"href":"https:\/\/www.radiopiu.net\/wordpress\/wp-json\/wp\/v2\/media?parent=469829"}],"wp:term":[{"taxonomy":"category","embeddable":true,"href":"https:\/\/www.radiopiu.net\/wordpress\/wp-json\/wp\/v2\/categories?post=469829"},{"taxonomy":"post_tag","embeddable":true,"href":"https:\/\/www.radiopiu.net\/wordpress\/wp-json\/wp\/v2\/tags?post=469829"}],"curies":[{"name":"wp","href":"https:\/\/api.w.org\/{rel}","templated":true}]}}