{"id":469852,"date":"2025-09-15T09:25:12","date_gmt":"2025-09-15T07:25:12","guid":{"rendered":"https:\/\/www.radiopiu.net\/wordpress\/?p=469852"},"modified":"2025-09-15T09:25:12","modified_gmt":"2025-09-15T07:25:12","slug":"setembre-di-john-francis-della-pietra","status":"publish","type":"post","link":"https:\/\/www.radiopiu.net\/wordpress\/setembre-di-john-francis-della-pietra\/","title":{"rendered":"SETEMBRE DI JOHN FRANCIS DELLA PIETRA"},"content":{"rendered":"<p>**<\/p>\n<p><strong>audio<\/strong><\/p>\n<audio class=\"wp-audio-shortcode\" id=\"audio-469852-1\" preload=\"none\" style=\"width: 100%;\" controls=\"controls\"><source type=\"audio\/mpeg\" src=\"https:\/\/www.radiopiu.net\/wordpress\/wp-content\/uploads\/2025\/09\/JOHN.mp3?_=1\" \/><a href=\"https:\/\/www.radiopiu.net\/wordpress\/wp-content\/uploads\/2025\/09\/JOHN.mp3\">https:\/\/www.radiopiu.net\/wordpress\/wp-content\/uploads\/2025\/09\/JOHN.mp3<\/a><\/audio>\n<p><img loading=\"lazy\" decoding=\"async\" class=\"aligncenter\" src=\"https:\/\/www.radiopiu.net\/wordpress\/wp-content\/uploads\/2023\/09\/TRANSUMANZA-11-SETTEMBRE-1-scaled.jpg\" width=\"252\" height=\"168\" \/><br \/>\nSetembre<br \/>\nMetz mes l \u00e8 dut d\u00f9 par la brega<br \/>\nParecja arte e motosega<br \/>\nSe te te ndegne<br \/>\nTe pol encora provede doi legne<br \/>\nFra en sin se far\u00e0 la nova luna<br \/>\nChe con en poch de fortuna<br \/>\nLa conta el govern<br \/>\nDe tut sto invern<br \/>\nPar la p\u00ec segura<br \/>\nL \u00e8 mejo aveile a casa se no fa foch la deventa dura<br \/>\nValgun ha gi\u00e0 empiz\u00e0<br \/>\nChe l auter el camin no l ha gnanca spaz\u00e0<br \/>\nDeve le man dintorn bona dent<br \/>\nFin che sto mes l \u00e8 encora valent<br \/>\nDap\u00f2 se scurta ogni dornada<br \/>\nE la stajon co te te ote la te l ha fracada&#8230;<\/p>\n<p>&nbsp;<\/p>\n<p>&nbsp;<\/p>\n<p>&nbsp;<\/p>\n<hr \/>\n<p>&nbsp;<\/p>\n","protected":false},"excerpt":{"rendered":"<p>** audio Setembre Metz mes l \u00e8 dut d\u00f9 par la brega Parecja arte e motosega Se te te ndegne Te pol encora provede doi legne Fra en sin se far\u00e0 la nova luna Che con en poch de fortuna La conta el govern De tut sto invern Par la p\u00ec segura L \u00e8 mejo&hellip;<\/p>\n","protected":false},"author":4,"featured_media":352077,"comment_status":"closed","ping_status":"closed","sticky":false,"template":"","format":"standard","meta":{"_monsterinsights_skip_tracking":false,"_monsterinsights_sitenote_active":false,"_monsterinsights_sitenote_note":"","_monsterinsights_sitenote_category":0,"footnotes":""},"categories":[49],"tags":[],"class_list":["post-469852","post","type-post","status-publish","format-standard","has-post-thumbnail","hentry","category-news-18","category-49","description-off"],"img_url":"https:\/\/www.radiopiu.net\/wordpress\/wp-content\/uploads\/2023\/09\/TRANSUMANZA-11-SETTEMBRE-1-scaled.jpg","_links":{"self":[{"href":"https:\/\/www.radiopiu.net\/wordpress\/wp-json\/wp\/v2\/posts\/469852","targetHints":{"allow":["GET"]}}],"collection":[{"href":"https:\/\/www.radiopiu.net\/wordpress\/wp-json\/wp\/v2\/posts"}],"about":[{"href":"https:\/\/www.radiopiu.net\/wordpress\/wp-json\/wp\/v2\/types\/post"}],"author":[{"embeddable":true,"href":"https:\/\/www.radiopiu.net\/wordpress\/wp-json\/wp\/v2\/users\/4"}],"replies":[{"embeddable":true,"href":"https:\/\/www.radiopiu.net\/wordpress\/wp-json\/wp\/v2\/comments?post=469852"}],"version-history":[{"count":1,"href":"https:\/\/www.radiopiu.net\/wordpress\/wp-json\/wp\/v2\/posts\/469852\/revisions"}],"predecessor-version":[{"id":469854,"href":"https:\/\/www.radiopiu.net\/wordpress\/wp-json\/wp\/v2\/posts\/469852\/revisions\/469854"}],"wp:featuredmedia":[{"embeddable":true,"href":"https:\/\/www.radiopiu.net\/wordpress\/wp-json\/wp\/v2\/media\/352077"}],"wp:attachment":[{"href":"https:\/\/www.radiopiu.net\/wordpress\/wp-json\/wp\/v2\/media?parent=469852"}],"wp:term":[{"taxonomy":"category","embeddable":true,"href":"https:\/\/www.radiopiu.net\/wordpress\/wp-json\/wp\/v2\/categories?post=469852"},{"taxonomy":"post_tag","embeddable":true,"href":"https:\/\/www.radiopiu.net\/wordpress\/wp-json\/wp\/v2\/tags?post=469852"}],"curies":[{"name":"wp","href":"https:\/\/api.w.org\/{rel}","templated":true}]}}