{"id":469855,"date":"2025-09-16T05:40:21","date_gmt":"2025-09-16T03:40:21","guid":{"rendered":"https:\/\/www.radiopiu.net\/wordpress\/?p=469855"},"modified":"2025-09-16T05:51:27","modified_gmt":"2025-09-16T03:51:27","slug":"sportivamente-belluno-corte-dei-conti-conferma-la-condanna","status":"publish","type":"post","link":"https:\/\/www.radiopiu.net\/wordpress\/sportivamente-belluno-corte-dei-conti-conferma-la-condanna\/","title":{"rendered":"SPORTIVAMENTE BELLUNO, CORTE DEI CONTI CONFERMA LA CONDANNA"},"content":{"rendered":"<p>**<\/p>\n<blockquote>\n<h2><\/h2>\n<\/blockquote>\n<p>La Corte dei Conti di Roma ha confermato la condanna per danno erariale all\u2019ex sindaco di Belluno Antonio Prade, all\u2019ex assessore Tiziana Martire e agli ex amministratori Pio Paolo Benvegn\u00f9 e Patrick Da Pos per le operazioni tra Nis e Sportivamente Belluno. Ridotto del 20% l\u2019importo da risarcire al Comune, inizialmente fissato in oltre 405 mila euro. Il sindaco De Pellegrin: \u00abResta la condanna a risarcire il Comune\u00bb.<\/p>\n<blockquote>\n<p data-start=\"69\" data-end=\"321\"><em><img loading=\"lazy\" decoding=\"async\" class=\"alignleft\" src=\"https:\/\/www.radiopiu.net\/wordpress\/wp-content\/uploads\/2019\/08\/alpe-del-nevegal-seggiovia-1600x625.jpg\" width=\"197\" height=\"77\" \/>A Belluno: la politica di parte,\u00a0 il fallimento della N.I.S. srl, societ\u00e0 comunale per Nevegal e piscina. Ex amministratori condannati, cittadini a pagare per errori politici: Tiziana Martire\u00a0 riflette sulla &#8220;mancanza di continuit\u00e0 nei progetti&#8221;.<\/em><\/p>\n<\/blockquote>\n<h2><\/h2>\n<blockquote>\n<h3 data-start=\"69\" data-end=\"321\">DILLO A RADIOPIU&#8230;I TRAGICI RISVOLTI DI UNA LOTTA POLITICA<\/h3>\n<\/blockquote>\n<p data-start=\"69\" data-end=\"321\"><strong>LA LETTERA, riceviamo e pubblichiamo<\/strong><\/p>\n<p><em>A fronte della nota vicenda di abbandono degli amministratori precedenti e anzi, della messa in essere di meccanismi che hanno portato al loro rapporto legale, frinito male, questa di seguito, la mia versione dei fatti da persona, purtroppo, coinvolta. Un esempio di politica-contro anche a Belluno.<\/em><\/p>\n<p data-start=\"69\" data-end=\"321\"><a class=\"dt-pswp-item\" href=\"https:\/\/www.radiopiu.net\/wordpress\/wp-content\/uploads\/2025\/09\/Screenshot-2025-09-15-095957.png\" data-dt-img-description=\"\" data-large_image_width=\"413\" data-large_image_height=\"315\"><img loading=\"lazy\" decoding=\"async\" class=\" wp-image-469867 alignleft\" src=\"https:\/\/www.radiopiu.net\/wordpress\/wp-content\/uploads\/2025\/09\/Screenshot-2025-09-15-095957-300x229.png\" alt=\"\" width=\"187\" height=\"143\" srcset=\"https:\/\/www.radiopiu.net\/wordpress\/wp-content\/uploads\/2025\/09\/Screenshot-2025-09-15-095957-300x229.png 300w, https:\/\/www.radiopiu.net\/wordpress\/wp-content\/uploads\/2025\/09\/Screenshot-2025-09-15-095957.png 413w\" sizes=\"auto, (max-width: 187px) 100vw, 187px\" \/><\/a>Accade anche a Belluno, nota citt\u00e0 di gentiluomini nell\u2019antichit\u00e0, la lotta politica tra centrosinistra e centrodestra, ha prodotto il danno. La N.I.S. srl, vecchia societ\u00e0 del Comune di Belluno, impegnata per lo sviluppo del Nevegal e per la gestione della piscina, venne scissa, a termini di legge, separando i due rami di cui era composta. Ovviamente, era in perdita prima, ma con l\u2019oculata gestione del governo di centrodestra Prade che la eredit\u00f2, vi furono sforzi per portarla a pareggio in alcune parti. Insieme, una progettualit\u00e0 per un maggiore sviluppo soprattutto del Nevegal. Cambia il colore politico della citt\u00e0, si instaura il governo di centrosinistra Massaro, la gestione di quella questione viene trattata con non sufficiente attenzione non capendo l\u2019importanza anche economica del progetto, non capendone nemmeno i passaggi dovuti all\u2019impostazione del tutto. Senza<br \/>\ndare continuit\u00e0 a quel programma nelle intenzioni che aveva, per mera visione politica di parte. Durante l\u2019amministrazione\u00a0 Massaro,\u00a0 il fallimento\u00a0 della societ\u00e0 e la denuncia di responsabilit\u00e0 del governo precedente, in una mancata ottica di continuit\u00e0 dei progetti precedenti, e mancando anche di cura verso la Citt\u00e0 a chi quei progetti si rivolgevano. La conseguenza: Sindaco, Assessore al bilancio e Amministratore della societ\u00e0, dopo varie traversie, vengono condannati al risarcimento di quello che viene qualificato come un danno erariale<span style=\"color: #ff0000;\"><strong>*<\/strong><\/span>.<\/p>\n<p data-start=\"69\" data-end=\"321\">Dov\u2019\u00e8 la lotta politica? \u00c8 pensare che ci\u00f2 che mette in essere una parte politica nella sua gestione, sia da demolire, una volta eletta l\u2019altra fazione? E potrebbe anche starci, quello per\u00f2 che non si dovrebbe fare, \u00e8 far pagare a cittadini che si sono prestati al governo di una citt\u00e0, azioni, conseguenti ad un modo irresponsabile nel trattare il pregresso. Perch\u00e9 a quel punto, ogni fazione diversa di colorazione politica che viene eletta, non si senta legittimata a massacrare chi prima si \u00e8 prestato, per risultare migliori.<\/p>\n<p data-start=\"69\" data-end=\"321\">Tiziana Martire<\/p>\n<p data-start=\"69\" data-end=\"321\"><strong><span style=\"color: #ff0000;\">*<\/span> NOTIZIARIO gioved\u00ec, 11 Maggio 2023 <\/strong>&#8220;Crisi Nis: Prade, Martire e Benvegn\u00f9 condannati dalla Corte dei conti&#8221;<\/p>\n<p data-start=\"69\" data-end=\"321\">La Corte dei Conti ha condannato l\u2019ex sindaco Prade, l\u2019ex assessore Martire e l\u2019ex amministratore della Nis Benvegn\u00f9 a risarcire il Comune di Belluno per un danno erariale di 405.324 euro, legato al fallimento della Nis tra 2010 e 2013. L\u2019operazione contestata riguardava il travaso di fondi da un\u2019altra societ\u00e0 comunale per sostenere gli investimenti del Nevegal. L\u2019ex sindaco Massaro sottolinea che la sua amministrazione ha agito correttamente: il fallimento ha evitato perdite maggiori e garantito la riapertura degli impianti e il pagamento degli stipendi. Anche l\u2019attuale sindaco De Pellegrin riconosce la buona fede della giunta Prade.<\/p>\n<p data-start=\"69\" data-end=\"321\">__<\/p>\n","protected":false},"excerpt":{"rendered":"<p>** La Corte dei Conti di Roma ha confermato la condanna per danno erariale all\u2019ex sindaco di Belluno Antonio Prade, all\u2019ex assessore Tiziana Martire e agli ex amministratori Pio Paolo Benvegn\u00f9 e Patrick Da Pos per le operazioni tra Nis e Sportivamente Belluno. Ridotto del 20% l\u2019importo da risarcire al Comune, inizialmente fissato in oltre&hellip;<\/p>\n","protected":false},"author":4,"featured_media":100022,"comment_status":"closed","ping_status":"closed","sticky":false,"template":"","format":"standard","meta":{"_monsterinsights_skip_tracking":false,"_monsterinsights_sitenote_active":false,"_monsterinsights_sitenote_note":"","_monsterinsights_sitenote_category":0,"footnotes":""},"categories":[51,49],"tags":[],"class_list":["post-469855","post","type-post","status-publish","format-standard","has-post-thumbnail","hentry","category-evidenza-top","category-news-18","category-51","category-49","description-off"],"img_url":"https:\/\/www.radiopiu.net\/wordpress\/wp-content\/uploads\/2019\/09\/nevegal-visentin-nogherazza.jpg","_links":{"self":[{"href":"https:\/\/www.radiopiu.net\/wordpress\/wp-json\/wp\/v2\/posts\/469855","targetHints":{"allow":["GET"]}}],"collection":[{"href":"https:\/\/www.radiopiu.net\/wordpress\/wp-json\/wp\/v2\/posts"}],"about":[{"href":"https:\/\/www.radiopiu.net\/wordpress\/wp-json\/wp\/v2\/types\/post"}],"author":[{"embeddable":true,"href":"https:\/\/www.radiopiu.net\/wordpress\/wp-json\/wp\/v2\/users\/4"}],"replies":[{"embeddable":true,"href":"https:\/\/www.radiopiu.net\/wordpress\/wp-json\/wp\/v2\/comments?post=469855"}],"version-history":[{"count":5,"href":"https:\/\/www.radiopiu.net\/wordpress\/wp-json\/wp\/v2\/posts\/469855\/revisions"}],"predecessor-version":[{"id":470014,"href":"https:\/\/www.radiopiu.net\/wordpress\/wp-json\/wp\/v2\/posts\/469855\/revisions\/470014"}],"wp:featuredmedia":[{"embeddable":true,"href":"https:\/\/www.radiopiu.net\/wordpress\/wp-json\/wp\/v2\/media\/100022"}],"wp:attachment":[{"href":"https:\/\/www.radiopiu.net\/wordpress\/wp-json\/wp\/v2\/media?parent=469855"}],"wp:term":[{"taxonomy":"category","embeddable":true,"href":"https:\/\/www.radiopiu.net\/wordpress\/wp-json\/wp\/v2\/categories?post=469855"},{"taxonomy":"post_tag","embeddable":true,"href":"https:\/\/www.radiopiu.net\/wordpress\/wp-json\/wp\/v2\/tags?post=469855"}],"curies":[{"name":"wp","href":"https:\/\/api.w.org\/{rel}","templated":true}]}}