{"id":469975,"date":"2025-09-16T00:00:01","date_gmt":"2025-09-15T22:00:01","guid":{"rendered":"https:\/\/www.radiopiu.net\/wordpress\/?p=469975"},"modified":"2025-09-16T05:53:39","modified_gmt":"2025-09-16T03:53:39","slug":"crisi-di-panico-sulla-cengia-gabriella","status":"publish","type":"post","link":"https:\/\/www.radiopiu.net\/wordpress\/crisi-di-panico-sulla-cengia-gabriella\/","title":{"rendered":"CRISI DI PANICO SULLA CENGIA GABRIELLA"},"content":{"rendered":"<p>******<\/p>\n<p>&nbsp;<\/p>\n<p><strong><a class=\"dt-pswp-item\" href=\"https:\/\/www.radiopiu.net\/wordpress\/wp-content\/uploads\/2022\/04\/soccorso-alpino-1024x602-1.jpg\" data-dt-img-description=\"\" data-large_image_width=\"1024\" data-large_image_height=\"602\"><img loading=\"lazy\" decoding=\"async\" class=\" wp-image-270917 alignleft\" src=\"https:\/\/www.radiopiu.net\/wordpress\/wp-content\/uploads\/2022\/04\/soccorso-alpino-1024x602-1-300x176.jpg\" alt=\"\" width=\"244\" height=\"143\" srcset=\"https:\/\/www.radiopiu.net\/wordpress\/wp-content\/uploads\/2022\/04\/soccorso-alpino-1024x602-1-300x176.jpg 300w, https:\/\/www.radiopiu.net\/wordpress\/wp-content\/uploads\/2022\/04\/soccorso-alpino-1024x602-1-768x452.jpg 768w, https:\/\/www.radiopiu.net\/wordpress\/wp-content\/uploads\/2022\/04\/soccorso-alpino-1024x602-1.jpg 1024w\" sizes=\"auto, (max-width: 244px) 100vw, 244px\" \/><\/a>AURONZO DI CADORE<\/strong> Ricevuta la richiesta di intervento verso le 17.30, l&#8217;elicottero del Suem di Pieve di Cadore \u00e8 stato inviato sul tratto della Cengia Gabriella dove inizia la discesa verso il Rifugio Carducci, poich\u00e9 un&#8217;escursionista olandese si era impaurita e non era pi\u00f9 in grado di muoversi. Geolocalizzata la posizione, l&#8217;equipaggio ha individuato il punto in cui si trovava la turista, che stava percorrendo l&#8217;itinerario con un gruppo di persone quando era stata colta dalla crisi di panico. In accordo, un&#8217;amica era rimasta con lei in attesa dei soccorsi e gli altri avevano proseguito. Sbarcato con un verricello di 30 metri, il tecnico di elisoccorso ha issato a bordo entrambe le ragazze, di 28 e 30 anni, che sono poi state lasciate al Carducci.<\/p>\n<p>&nbsp;<\/p>\n<p>&nbsp;<\/p>\n<p>&nbsp;<\/p>\n<p>&nbsp;<\/p>\n<p>*******<\/p>\n","protected":false},"excerpt":{"rendered":"<p>****** &nbsp; AURONZO DI CADORE Ricevuta la richiesta di intervento verso le 17.30, l&#8217;elicottero del Suem di Pieve di Cadore \u00e8 stato inviato sul tratto della Cengia Gabriella dove inizia la discesa verso il Rifugio Carducci, poich\u00e9 un&#8217;escursionista olandese si era impaurita e non era pi\u00f9 in grado di muoversi. Geolocalizzata la posizione, l&#8217;equipaggio ha&hellip;<\/p>\n","protected":false},"author":4,"featured_media":270917,"comment_status":"closed","ping_status":"closed","sticky":false,"template":"","format":"standard","meta":{"_monsterinsights_skip_tracking":false,"_monsterinsights_sitenote_active":false,"_monsterinsights_sitenote_note":"","_monsterinsights_sitenote_category":0,"footnotes":""},"categories":[51,49],"tags":[],"class_list":["post-469975","post","type-post","status-publish","format-standard","has-post-thumbnail","hentry","category-evidenza-top","category-news-18","category-51","category-49","description-off"],"img_url":"https:\/\/www.radiopiu.net\/wordpress\/wp-content\/uploads\/2022\/04\/soccorso-alpino-1024x602-1.jpg","_links":{"self":[{"href":"https:\/\/www.radiopiu.net\/wordpress\/wp-json\/wp\/v2\/posts\/469975","targetHints":{"allow":["GET"]}}],"collection":[{"href":"https:\/\/www.radiopiu.net\/wordpress\/wp-json\/wp\/v2\/posts"}],"about":[{"href":"https:\/\/www.radiopiu.net\/wordpress\/wp-json\/wp\/v2\/types\/post"}],"author":[{"embeddable":true,"href":"https:\/\/www.radiopiu.net\/wordpress\/wp-json\/wp\/v2\/users\/4"}],"replies":[{"embeddable":true,"href":"https:\/\/www.radiopiu.net\/wordpress\/wp-json\/wp\/v2\/comments?post=469975"}],"version-history":[{"count":1,"href":"https:\/\/www.radiopiu.net\/wordpress\/wp-json\/wp\/v2\/posts\/469975\/revisions"}],"predecessor-version":[{"id":469981,"href":"https:\/\/www.radiopiu.net\/wordpress\/wp-json\/wp\/v2\/posts\/469975\/revisions\/469981"}],"wp:featuredmedia":[{"embeddable":true,"href":"https:\/\/www.radiopiu.net\/wordpress\/wp-json\/wp\/v2\/media\/270917"}],"wp:attachment":[{"href":"https:\/\/www.radiopiu.net\/wordpress\/wp-json\/wp\/v2\/media?parent=469975"}],"wp:term":[{"taxonomy":"category","embeddable":true,"href":"https:\/\/www.radiopiu.net\/wordpress\/wp-json\/wp\/v2\/categories?post=469975"},{"taxonomy":"post_tag","embeddable":true,"href":"https:\/\/www.radiopiu.net\/wordpress\/wp-json\/wp\/v2\/tags?post=469975"}],"curies":[{"name":"wp","href":"https:\/\/api.w.org\/{rel}","templated":true}]}}