{"id":469993,"date":"2025-09-17T05:32:39","date_gmt":"2025-09-17T03:32:39","guid":{"rendered":"https:\/\/www.radiopiu.net\/wordpress\/?p=469993"},"modified":"2025-09-17T08:44:07","modified_gmt":"2025-09-17T06:44:07","slug":"giornale-radiopiu-17-settembre-2025-direttore-mirko-mezzacasa","status":"publish","type":"post","link":"https:\/\/www.radiopiu.net\/wordpress\/giornale-radiopiu-17-settembre-2025-direttore-mirko-mezzacasa\/","title":{"rendered":"GIORNALE RADIOPIU 17 SETTEMBRE 2025 DIRETTORE MIRKO MEZZACASA"},"content":{"rendered":"<p>***<\/p>\n<p>&nbsp;<\/p>\n<p><em><span style=\"color: #ff0000;\"><a class=\"dt-pswp-item\" href=\"https:\/\/www.radiopiu.net\/wordpress\/wp-content\/uploads\/2024\/10\/Senza-nome-8.png\" data-dt-img-description=\"\" data-large_image_width=\"343\" data-large_image_height=\"303\"><img loading=\"lazy\" decoding=\"async\" class=\"wp-image-412130 alignleft\" src=\"https:\/\/www.radiopiu.net\/wordpress\/wp-content\/uploads\/2024\/10\/Senza-nome-8-300x265.png\" alt=\"\" width=\"105\" height=\"93\" srcset=\"https:\/\/www.radiopiu.net\/wordpress\/wp-content\/uploads\/2024\/10\/Senza-nome-8-300x265.png 300w, https:\/\/www.radiopiu.net\/wordpress\/wp-content\/uploads\/2024\/10\/Senza-nome-8.png 343w\" sizes=\"auto, (max-width: 105px) 100vw, 105px\" \/><\/a><\/span><\/em><strong><em><span style=\"color: #ff0000;\"> LA\u00a0 APP PER IOS-IPHONE di Nicola Vettorello<\/span><\/em><\/strong><\/p>\n<p><strong><span style=\"color: #0000ff;\"><a style=\"color: #0000ff;\" href=\"https:\/\/apps.apple.com\/it\/app\/radio-pi%C3%B9-emittente-agordina\/id1515939845\">https:\/\/apps.apple.com\/it\/app\/radio-pi%C3%B9-emittente-agordina\/id1515939845<\/a><\/span><\/strong><\/p>\n<p><strong><em style=\"color: #ff0000;\">LA\u00a0 APP RADIO\u00a0 PER ANDROID di Nicola Vettorello<\/em><\/strong><\/p>\n<p><strong><span style=\"color: #0000ff;\"><a style=\"color: #0000ff;\" href=\"https:\/\/play.google.com\/store\/apps\/details?id=net.radiopiu.iniko\" target=\"_blank\" rel=\"noopener noreferrer\">https:\/\/<\/a><a style=\"color: #0000ff;\" href=\"https:\/\/play.google.com\/store\/apps\/details?id=net.radiopiu.iniko\" target=\"_blank\" rel=\"noopener noreferrer\">play.google.com\/store\/apps\/details?id=net.radiopiu.iniko\u00a0\u00a0\u00a0\u00a0\u00a0<\/a><\/span><\/strong><\/p>\n<p>&nbsp;<\/p>\n<hr \/>\n<p><span style=\"color: #0000ff;\">\u00a0\u00a0<\/span><\/p>\n<blockquote>\n<div class=\"mceTemp\">\n<h1 data-start=\"0\" data-end=\"60\"><strong data-start=\"0\" data-end=\"60\">OGGI SU RADIOPI\u00d9: MUSICA, informazione\u00a0 e dirette\u00a0<\/strong><\/h1>\n<\/div>\n<\/blockquote>\n<p class=\"\" data-start=\"62\" data-end=\"463\"><strong class=\"photoswipe-wrapper\"><a class=\"dt-pswp-item\" href=\"https:\/\/www.radiopiu.net\/wordpress\/wp-content\/uploads\/2020\/09\/desmonteghea.jpg\" data-dt-img-description=\"\" data-large_image_width=\"2560\" data-large_image_height=\"1707\"><img loading=\"lazy\" decoding=\"async\" class=\"size-medium wp-image-160904 alignleft\" src=\"https:\/\/www.radiopiu.net\/wordpress\/wp-content\/uploads\/2020\/09\/desmonteghea-300x200.jpg\" alt=\"\" width=\"300\" height=\"200\" srcset=\"https:\/\/www.radiopiu.net\/wordpress\/wp-content\/uploads\/2020\/09\/desmonteghea-300x200.jpg 300w, https:\/\/www.radiopiu.net\/wordpress\/wp-content\/uploads\/2020\/09\/desmonteghea-1024x683.jpg 1024w, https:\/\/www.radiopiu.net\/wordpress\/wp-content\/uploads\/2020\/09\/desmonteghea-768x512.jpg 768w, https:\/\/www.radiopiu.net\/wordpress\/wp-content\/uploads\/2020\/09\/desmonteghea-1536x1024.jpg 1536w, https:\/\/www.radiopiu.net\/wordpress\/wp-content\/uploads\/2020\/09\/desmonteghea-2048x1366.jpg 2048w, https:\/\/www.radiopiu.net\/wordpress\/wp-content\/uploads\/2020\/09\/desmonteghea-640x427.jpg 640w\" sizes=\"auto, (max-width: 300px) 100vw, 300px\" \/><\/a>ALLE 8.05 LA RASSEGNA STAMPA LOCALE 8.25 PIU SIAMO DI MARINA DONA\u2019<\/strong><strong> 900 LASTE ROCK, CON SIMONE E MATTIA, L&#8217;APPUNTAMENTO DI DOMENICA A LASTE DI ROCCA PIETORE\u00a0 10.30 SE NON LA SMETTI DI MANDO DAL PRESIDE, CON LA PROF MARIA ROSA SALMAZO, 14ESIMO ANNO 11.00 curiosando\u2026curiosando\u2026 di paola lanciato 11.30 TRE PER DUE \u2026 PER TE\u2026 DI MARINA 12.00 IL LISCIO DI MIRCO BENCIVENNI 12.30 GR PRINCIPALE\u00a0 13 10 SPECIALE MONDO DEL VOLONTARIATO DELLE AMBULANZE, SECONDA PUNTATA CON L&#8217;ASSOCIAZIONE VOLONTARI AMBULANZA DI ROCCA PIETORE 13.20 collage operazione nostalgia di loris scussel 14.00\u00a0 LA CLASSIFICA DI RADIOPIU CON MARCO GAZ\u00a0 15.10\u00a0 AMAZING CALENDAR CON MICHELA DALLA NEVEGAL TOUR DI BELLUNO <\/strong><strong>\u00a0<\/strong>\u00a0<strong>16 45 LE HIT STORICHE DI MIRCO BENCIVENNI<\/strong> <strong>\u00a0<\/strong>\u00a0<strong>19.05 LE ANTICIPAZIONI DAL TG DI ANTENNA 3 DA UN\u2019IDEA DI TIZIANA BOLOGNANI 19.20 ENRICA SCOPEL, IT\u2019S ACADEMY 19.20 SE DESMONTEGHEA A FALCADE, IN VALLE DEL BIOIS, CON ANTONELLA SCHENA E DANILO MARMOLADA di mirko mezzacasa (foto)<\/strong><\/p>\n<p>&nbsp;<\/p>\n<p>&nbsp;<\/p>\n<hr \/>\n<div class=\"x11i5rnm xat24cr x1mh8g0r x1vvkbs xtlvy1s x126k92a\">\n<blockquote>\n<h1><strong><a class=\"dt-pswp-item\" href=\"https:\/\/www.radiopiu.net\/wordpress\/wp-content\/uploads\/2024\/10\/629301fd-708d-4f53-95c2-d28cbefd500f.jpg\" data-dt-img-description=\"\" data-large_image_width=\"1600\" data-large_image_height=\"1322\"><img loading=\"lazy\" decoding=\"async\" class=\"wp-image-413782 alignright\" src=\"https:\/\/www.radiopiu.net\/wordpress\/wp-content\/uploads\/2024\/10\/629301fd-708d-4f53-95c2-d28cbefd500f-300x248.jpg\" alt=\"\" width=\"106\" height=\"88\" srcset=\"https:\/\/www.radiopiu.net\/wordpress\/wp-content\/uploads\/2024\/10\/629301fd-708d-4f53-95c2-d28cbefd500f-300x248.jpg 300w, https:\/\/www.radiopiu.net\/wordpress\/wp-content\/uploads\/2024\/10\/629301fd-708d-4f53-95c2-d28cbefd500f-1024x846.jpg 1024w, https:\/\/www.radiopiu.net\/wordpress\/wp-content\/uploads\/2024\/10\/629301fd-708d-4f53-95c2-d28cbefd500f-768x635.jpg 768w, https:\/\/www.radiopiu.net\/wordpress\/wp-content\/uploads\/2024\/10\/629301fd-708d-4f53-95c2-d28cbefd500f-1536x1269.jpg 1536w, https:\/\/www.radiopiu.net\/wordpress\/wp-content\/uploads\/2024\/10\/629301fd-708d-4f53-95c2-d28cbefd500f.jpg 1600w\" sizes=\"auto, (max-width: 106px) 100vw, 106px\" \/><\/a><\/strong><\/h1>\n<h1><strong><a class=\"dt-pswp-item\" href=\"https:\/\/www.radiopiu.net\/wordpress\/wp-content\/uploads\/2024\/11\/th-18.jpg\" data-dt-img-description=\"\" data-large_image_width=\"156\" data-large_image_height=\"180\"><img loading=\"lazy\" decoding=\"async\" class=\"size-full wp-image-421611 alignleft\" src=\"https:\/\/www.radiopiu.net\/wordpress\/wp-content\/uploads\/2024\/11\/th-18.jpg\" alt=\"\" width=\"156\" height=\"180\" \/><\/a><\/strong><\/h1>\n<h1><strong>N di parom &#8211; L Almanach de la nosta jent<\/strong><\/h1>\n<\/blockquote>\n<p>&nbsp;<\/p>\n<p>Le voci: Davide Conedera, Agordo, Michela Dell&#8217;Osbel, La Valle Agordina Simone Ganz, Falcade Veronica Lezuo, Colle Santa Lucia. La voce nella sigla \u00e8 di Giorgia Taio<\/p>\n<p><strong>LA PUNTATA DI OGGI, 17 SETTEMBRE 2025<\/strong><\/p>\n<p>&nbsp;<\/p>\n<audio class=\"wp-audio-shortcode\" id=\"audio-469993-1\" preload=\"none\" style=\"width: 100%;\" controls=\"controls\"><source type=\"audio\/mpeg\" src=\"https:\/\/www.radiopiu.net\/wordpress\/wp-content\/uploads\/2025\/09\/AL3-2.mp3?_=1\" \/><a href=\"https:\/\/www.radiopiu.net\/wordpress\/wp-content\/uploads\/2025\/09\/AL3-2.mp3\">https:\/\/www.radiopiu.net\/wordpress\/wp-content\/uploads\/2025\/09\/AL3-2.mp3<\/a><\/audio>\n<\/div>\n<p>&nbsp;<\/p>\n<hr \/>\n<p>&nbsp;<\/p>\n<p>&nbsp;<\/p>\n<div class=\"x11i5rnm xat24cr x1mh8g0r x1vvkbs xtlvy1s x126k92a\">\n<div dir=\"auto\">\n<div dir=\"auto\">\n<p><strong><a class=\"dt-pswp-item\" href=\"https:\/\/www.radiopiu.net\/wordpress\/wp-content\/uploads\/2025\/07\/file-2.jpg\" data-dt-img-description=\"\" data-large_image_width=\"640\" data-large_image_height=\"641\"><img loading=\"lazy\" decoding=\"async\" class=\"wp-image-460616 alignleft\" src=\"https:\/\/www.radiopiu.net\/wordpress\/wp-content\/uploads\/2025\/07\/file-2-300x300.jpg\" alt=\"\" width=\"141\" height=\"141\" srcset=\"https:\/\/www.radiopiu.net\/wordpress\/wp-content\/uploads\/2025\/07\/file-2-300x300.jpg 300w, https:\/\/www.radiopiu.net\/wordpress\/wp-content\/uploads\/2025\/07\/file-2-150x150.jpg 150w, https:\/\/www.radiopiu.net\/wordpress\/wp-content\/uploads\/2025\/07\/file-2.jpg 640w\" sizes=\"auto, (max-width: 141px) 100vw, 141px\" \/><\/a>EL BAL DEL FIOR, DI GIULIANA DA RONCH, 17 SETTEMBRE<\/strong><strong>\u00a02025<\/strong><\/p>\n<\/div>\n<\/div>\n<div dir=\"auto\">\n<div dir=\"auto\">\n<p>&nbsp;<\/p>\n<p>&nbsp;<\/p>\n<\/div>\n<\/div>\n<\/div>\n<div class=\"x11i5rnm xat24cr x1mh8g0r x1vvkbs xtlvy1s x126k92a\">\n<div dir=\"auto\">\n<audio class=\"wp-audio-shortcode\" id=\"audio-469993-2\" preload=\"none\" style=\"width: 100%;\" controls=\"controls\"><source type=\"audio\/mpeg\" src=\"https:\/\/www.radiopiu.net\/wordpress\/wp-content\/uploads\/2025\/09\/GME-2.mp3?_=2\" \/><a href=\"https:\/\/www.radiopiu.net\/wordpress\/wp-content\/uploads\/2025\/09\/GME-2.mp3\">https:\/\/www.radiopiu.net\/wordpress\/wp-content\/uploads\/2025\/09\/GME-2.mp3<\/a><\/audio>\n<p>&nbsp;<\/p>\n<hr \/>\n<\/div>\n<\/div>\n<blockquote>\n<blockquote>\n<h1><span style=\"color: #ff0000;\">\u00a0<\/span><\/h1>\n<h1><span style=\"color: #ff0000;\">I podcast informativi del mattino &#8211; audio &#8211;\u00a0\u00a0<\/span><\/h1>\n<\/blockquote>\n<p><strong><a class=\"dt-pswp-item\" href=\"https:\/\/www.radiopiu.net\/wordpress\/wp-content\/uploads\/2024\/11\/6.jpg\" data-dt-img-description=\"\" data-large_image_width=\"177\" data-large_image_height=\"180\"><img loading=\"lazy\" decoding=\"async\" class=\"size-full wp-image-417911 alignleft\" src=\"https:\/\/www.radiopiu.net\/wordpress\/wp-content\/uploads\/2024\/11\/6.jpg\" alt=\"\" width=\"177\" height=\"180\" \/><\/a>LA RASSEGNA STAMPA NAZIONALE ALLA RADIO, OGNI GIORNO ALLE 5 E ALLE 6 DEL MATTINO <span style=\"color: #0000ff;\">viene pubblicata alle 6.00 <span style=\"color: #ff0000;\">DIRETTA RADIO\u00a0 \u00a0\u00a0<\/span><\/span><\/strong><\/p><\/blockquote>\n<h1><strong>NOTIZIE DELLA NOTTE\u00a0<\/strong><\/h1>\n<p><strong>Oggi,<\/strong> scossa di terremoto di magnitudo 3.2 a Latina, senza danni gravi segnalati. A<\/p>\n<p><strong>Varsavia,<\/strong> polemica sul missile polacco che ha provocato danni: il governo respinge ogni collegamento con il drone russo.<\/p>\n<p><strong>La Borsa di Tokyo<\/strong> apre in ribasso dello 0,29%.<\/p>\n<p><strong>Al Jazeera,<\/strong> drammatico bilancio a Gaza City: 91 morti su 106 uccisi nella Striscia.<\/p>\n<p><strong> L\u2019Egitto<\/strong> lancia l\u2019allarme sul caos nella regione dopo l\u2019assalto a Gaza. In India, i ribelli maoisti annunciano la fine dei combattimenti.<\/p>\n<p><strong> Zelensky<\/strong> chiede a Trump una posizione chiara per la fine della guerra in Ucraina.<\/p>\n<p><strong>In Italia<\/strong>, a Milano il Riesame non trova prove del patto corruttivo sull\u2019urbanistica. Mario Draghi interviene in Europa: \u201cL\u2019inazione minaccia la sovranit\u00e0 Ue\u201d. Il Presidente Mattarella ricorda Willy a Colleferro, citando Martin Luther King: \u201cLui un nostro ragazzo\u201d. Infine,<\/p>\n<p><strong>E per lo sport,<\/strong> incredibile pareggio in Champions League: Juventus-Borussia Dortmund 4-4.<\/p>\n<h1>IL GIORNALE DELLE SEI DEL MATTINO<\/h1>\n<audio class=\"wp-audio-shortcode\" id=\"audio-469993-3\" preload=\"none\" style=\"width: 100%;\" controls=\"controls\"><source type=\"audio\/mpeg\" src=\"https:\/\/www.radiopiu.net\/wordpress\/wp-content\/uploads\/2025\/09\/GIORNALEDELLESEI-15.mp3?_=3\" \/><a href=\"https:\/\/www.radiopiu.net\/wordpress\/wp-content\/uploads\/2025\/09\/GIORNALEDELLESEI-15.mp3\">https:\/\/www.radiopiu.net\/wordpress\/wp-content\/uploads\/2025\/09\/GIORNALEDELLESEI-15.mp3<\/a><\/audio>\n<p>&nbsp;<\/p>\n<hr \/>\n<p>&nbsp;<\/p>\n<h1 style=\"text-align: center;\"><span style=\"color: #ff0000;\"><a class=\"dt-pswp-item\" href=\"https:\/\/www.radiopiu.net\/wordpress\/wp-content\/uploads\/2024\/11\/7.jpg\" data-dt-img-description=\"\" data-large_image_width=\"180\" data-large_image_height=\"180\"><img loading=\"lazy\" decoding=\"async\" class=\"size-full wp-image-417912 alignleft\" src=\"https:\/\/www.radiopiu.net\/wordpress\/wp-content\/uploads\/2024\/11\/7.jpg\" alt=\"\" width=\"180\" height=\"180\" srcset=\"https:\/\/www.radiopiu.net\/wordpress\/wp-content\/uploads\/2024\/11\/7.jpg 180w, https:\/\/www.radiopiu.net\/wordpress\/wp-content\/uploads\/2024\/11\/7-150x150.jpg 150w\" sizes=\"auto, (max-width: 180px) 100vw, 180px\" \/><\/a>I podcast informativi del mattino &#8211; audio &#8211;\u00a0<\/span><\/h1>\n<p><strong>OGNI GIORNO ALLE SETTE DEL MATTINO, LA RASSEGNA STAMPA LOCALE FLASH&#8230; PER CHI VA IN FRETTA. I TITOLI DAI GIORNALI E DAL SITO WWW.RADIOPIU.NET <span style=\"color: #0000ff;\">viene pubblicato alle 7.00<\/span> <span style=\"color: #ff0000;\">DIRETTA RADIO\u00a0<\/span><\/strong><\/p>\n<p><em><span style=\"color: #ff0000;\">per chi va in fretta&#8230; tante notizie in pochi minuti. L&#8217;informazione locale alla radio, ogni ora dalle 7 del mattino alle 19 della sera.\u00a0\u00a0<\/span><\/em><\/p>\n<p><strong data-start=\"0\" data-end=\"62\">Notizie locali dal Bellunese: tra cronaca, eventi e novit\u00e0<\/strong><\/p>\n<p>&nbsp;<\/p>\n<div class=\"flex flex-1 grow basis-auto flex-col overflow-hidden\">\n<div class=\"relative h-full\">\n<div class=\"flex h-full flex-col overflow-y-auto [scrollbar-gutter:stable]\">\n<div class=\"mt-1.5 flex flex-col text-sm @thread-xl\/thread:pt-header-height md:pb-9\">\n<article class=\"group\/turn w-full text-token-text-primary focus-visible:outline-none\" dir=\"auto\" tabindex=\"-1\" data-testid=\"conversation-turn-2\" data-scroll-anchor=\"true\">\n<div class=\"text-base my-auto mx-auto py-5 px-6\">\n<div class=\"mx-auto flex flex-1 text-base gap-4 md:gap-5 lg:gap-6 md:max-w-3xl\">\n<div class=\"group\/conversation-turn relative flex w-full min-w-0 flex-col agent-turn @xs\/thread:px-0 @sm\/thread:px-1.5 @md\/thread:px-4\">\n<div class=\"relative flex-col gap-1 md:gap-3\">\n<div class=\"flex max-w-full flex-col flex-grow\">\n<div class=\"min-h-8 text-message relative flex w-full flex-col items-end gap-2 whitespace-normal break-words text-start [.text-message+&amp;]:mt-5\" dir=\"auto\" data-message-author-role=\"assistant\" data-message-id=\"bff05fc0-dc7c-4ab7-9b20-d3eec753127b\" data-message-model-slug=\"gpt-4o-mini\">\n<div class=\"flex w-full flex-col gap-1 empty:hidden first:pt-[3px]\">\n<div class=\"markdown prose w-full break-words dark:prose-invert dark\">\n<p class=\"\" data-start=\"64\" data-end=\"329\"><em><strong>Radio Pi\u00f9 offre una panoramica sui principali eventi e notizie in provincia di Belluno, accompagnata dalla programmazione radiofonica. Tra le principali notizie<\/strong><\/em><\/p>\n<\/div>\n<\/div>\n<\/div>\n<\/div>\n<\/div>\n<\/div>\n<\/div>\n<\/div>\n<\/article>\n<\/div>\n<\/div>\n<\/div>\n<\/div>\n<h1>AUDIO dalle 7 del mattino<\/h1>\n<p>&nbsp;<\/p>\n<p>&nbsp;<\/p>\n<hr \/>\n<p>&nbsp;<\/p>\n<h1><\/h1>\n<h1 style=\"text-align: center;\"><span style=\"color: #ff0000;\"><a class=\"dt-pswp-item\" href=\"https:\/\/www.radiopiu.net\/wordpress\/wp-content\/uploads\/2024\/11\/th.jpg\" data-dt-img-description=\"\" data-large_image_width=\"148\" data-large_image_height=\"179\"><img loading=\"lazy\" decoding=\"async\" class=\" wp-image-417913 alignleft\" src=\"https:\/\/www.radiopiu.net\/wordpress\/wp-content\/uploads\/2024\/11\/th.jpg\" alt=\"\" width=\"66\" height=\"80\" \/><\/a>I podcast informativi del mattino &#8211; audio &#8211;\u00a0<\/span><\/h1>\n<blockquote><p><strong>GIORNALE RADIO NAZIONALE, EDIZIONE DELLE SETTE <span style=\"color: #0000ff;\">viene pubblicato alle 7.05 <span style=\"color: #ff0000;\">DIRETTA RADIO\u00a0<\/span><\/span><\/strong><\/p><\/blockquote>\n<p><strong>il giornale radionazionale e&#8217; in onda ogni ora, dalle sette del mattino alle venti della sera\u00a0 \u00a0\u00a0<\/strong><\/p>\n<blockquote>\n<h2><em><a class=\"dt-pswp-item\" href=\"https:\/\/www.radiopiu.net\/wordpress\/wp-content\/uploads\/2025\/02\/download-7.jpg\" data-dt-img-description=\"\" data-large_image_width=\"211\" data-large_image_height=\"239\"><img loading=\"lazy\" decoding=\"async\" class=\" wp-image-435553 alignleft\" src=\"https:\/\/www.radiopiu.net\/wordpress\/wp-content\/uploads\/2025\/02\/download-7.jpg\" alt=\"\" width=\"186\" height=\"211\" \/><\/a><span style=\"color: #ff0000;\">RADIOPI\u00d9<\/span> \u2013 La voce del territorio, lo sguardo sul Paese.\u00a0<\/em><\/h2>\n<\/blockquote>\n<div class=\"flex basis-auto flex-col -mb-(--composer-overlap-px) [--composer-overlap-px:55px] grow overflow-hidden\">\n<div class=\"relative h-full\">\n<div class=\"flex h-full flex-col overflow-y-auto [scrollbar-gutter:stable_both-edges] @[84rem]\/thread:pt-(--header-height)\">\n<div class=\"@thread-xl\/thread:pt-header-height flex flex-col text-sm pb-25\">\n<article class=\"text-token-text-primary w-full focus:outline-none scroll-mt-[calc(var(--header-height)+min(200px,max(70px,20svh)))]\" dir=\"auto\" tabindex=\"-1\" data-testid=\"conversation-turn-68\" data-scroll-anchor=\"true\" data-turn=\"assistant\">\n<div class=\"text-base my-auto mx-auto pb-10 [--thread-content-margin:--spacing(4)] @[37rem]:[--thread-content-margin:--spacing(6)] @[72rem]:[--thread-content-margin:--spacing(16)] px-(--thread-content-margin)\">\n<div class=\"[--thread-content-max-width:32rem] @[34rem]:[--thread-content-max-width:40rem] @[64rem]:[--thread-content-max-width:48rem] mx-auto max-w-(--thread-content-max-width) flex-1 group\/turn-messages focus-visible:outline-hidden relative flex w-full min-w-0 flex-col agent-turn\" tabindex=\"-1\">\n<div class=\"flex max-w-full flex-col grow\">\n<div class=\"min-h-8 text-message relative flex w-full flex-col items-end gap-2 text-start break-words whitespace-normal [.text-message+&amp;]:mt-5\" dir=\"auto\" data-message-author-role=\"assistant\" data-message-id=\"44b2bab2-310d-4a9e-8ff2-f21a32a7d5b3\" data-message-model-slug=\"gpt-4-1-mini\">\n<div class=\"flex w-full flex-col gap-1 empty:hidden first:pt-[3px]\">\n<div class=\"markdown prose dark:prose-invert w-full break-words dark\">\n<div class=\"pointer-events-none h-px w-px\" aria-hidden=\"true\" data-edge=\"true\">\n<p><strong>Bergamo,<\/strong> un 55enne \u00e8 grave dopo essere stato travolto da un ladro in auto mentre tentava di fermarlo, salendo sul parabrezza.<\/p>\n<p><strong>Milano<\/strong>, i carabinieri hanno eseguito un\u2019ordinanza cautelare in carcere contro un istruttore di equitazione accusato di violenza sessuale su allieve minorenni.<\/p>\n<p><strong>caso Cucchi,<\/strong> i giudici confermano che i carabinieri hanno fornito una \u201crealt\u00e0 di comodo\u201d. Nel Tarantino, un uomo \u00e8 morto dopo aver aggredito il fidanzato di una ragazzina che molestava.<\/p>\n<p><strong>Papa Leone<\/strong> ha tolto lo stato clericale a un diacono di Latina accusato di abusi su cinque minori, prima decisione in materia. In <strong>Tanzania<\/strong>, quattro suore carmelitane sono morte in un incidente stradale mentre rientravano in Italia, una di loro era italiana.<\/p>\n<p><strong>Roma<\/strong>, un giro di prostituzione coinvolge clienti e droga: fermati 11 colombiani, le prestazioni erano disponibili solo dopo bonifici istantanei.<\/p>\n<p><strong>Genova<\/strong> abbandona il taser: la giunta Salis blocca l\u2019uso alla polizia locale deciso dal predecessore Bucci.<\/p>\n<p><strong>E per lo sport,<\/strong> si segnala il pareggio spettacolare in Champions League: Juventus-Borussia Dortmund 4-4.<\/p>\n<\/div>\n<div aria-hidden=\"true\" data-edge=\"true\"><\/div>\n<\/div>\n<\/div>\n<\/div>\n<\/div>\n<\/div>\n<\/div>\n<\/article>\n<\/div>\n<\/div>\n<\/div>\n<\/div>\n<article class=\"text-token-text-primary w-full focus:outline-none scroll-mt-[calc(var(--header-height)+min(200px,max(70px,20svh)))]\" dir=\"auto\" tabindex=\"-1\" data-testid=\"conversation-turn-72\" data-scroll-anchor=\"true\" data-turn=\"assistant\">\n<div class=\"text-base my-auto mx-auto pb-10 [--thread-content-margin:--spacing(4)] @[37rem]:[--thread-content-margin:--spacing(6)] @[72rem]:[--thread-content-margin:--spacing(16)] px-(--thread-content-margin)\">\n<div class=\"[--thread-content-max-width:32rem] @[34rem]:[--thread-content-max-width:40rem] @[64rem]:[--thread-content-max-width:48rem] mx-auto max-w-(--thread-content-max-width) flex-1 group\/turn-messages focus-visible:outline-hidden relative flex w-full min-w-0 flex-col agent-turn\" tabindex=\"-1\">\n<div class=\"flex max-w-full flex-col grow\">\n<div class=\"min-h-8 text-message relative flex w-full flex-col items-end gap-2 text-start break-words whitespace-normal [.text-message+&amp;]:mt-5\" dir=\"auto\" data-message-author-role=\"assistant\" data-message-id=\"6ad35c52-e3d0-4186-88d9-35bb4972681f\" data-message-model-slug=\"gpt-4o\">\n<div class=\"flex w-full flex-col gap-1 empty:hidden first:pt-[3px]\">\n<div class=\"markdown prose dark:prose-invert w-full break-words dark\">\n<article class=\"text-token-text-primary w-full\" dir=\"auto\" data-testid=\"conversation-turn-163\" data-scroll-anchor=\"true\">\n<div class=\"text-base my-auto mx-auto pb-10 [--thread-content-margin:--spacing(4)] @[37rem]:[--thread-content-margin:--spacing(6)] @[72rem]:[--thread-content-margin:--spacing(16)] px-(--thread-content-margin)\">\n<div class=\"[--thread-content-max-width:32rem] @[34rem]:[--thread-content-max-width:40rem] @[64rem]:[--thread-content-max-width:48rem] mx-auto flex max-w-(--thread-content-max-width) flex-1 text-base gap-4 md:gap-5 lg:gap-6 group\/turn-messages focus-visible:outline-hidden\" tabindex=\"-1\">\n<div class=\"group\/conversation-turn relative flex w-full min-w-0 flex-col agent-turn\">\n<div class=\"relative flex-col gap-1 md:gap-3\">\n<div class=\"flex max-w-full flex-col grow\">\n<div class=\"min-h-8 text-message relative flex w-full flex-col items-end gap-2 text-start break-words whitespace-normal [.text-message+&amp;]:mt-5\" dir=\"auto\" data-message-author-role=\"assistant\" data-message-id=\"efdea043-c36a-42e6-8e01-aec593793ec1\" data-message-model-slug=\"gpt-4o\">\n<div class=\"flex w-full flex-col gap-1 empty:hidden first:pt-[3px]\">\n<div class=\"markdown prose dark:prose-invert w-full break-words dark\">\n<article class=\"text-token-text-primary w-full focus:outline-none scroll-mt-[calc(var(--header-height)+min(200px,max(70px,20svh)))]\" dir=\"auto\" tabindex=\"-1\" data-testid=\"conversation-turn-162\" data-scroll-anchor=\"true\" data-turn=\"assistant\">\n<div class=\"text-base my-auto mx-auto pb-10 [--thread-content-margin:--spacing(4)] @[37rem]:[--thread-content-margin:--spacing(6)] @[72rem]:[--thread-content-margin:--spacing(16)] px-(--thread-content-margin)\">\n<div class=\"[--thread-content-max-width:32rem] @[34rem]:[--thread-content-max-width:40rem] @[64rem]:[--thread-content-max-width:48rem] mx-auto max-w-(--thread-content-max-width) flex-1 group\/turn-messages focus-visible:outline-hidden relative flex w-full min-w-0 flex-col agent-turn\" tabindex=\"-1\">\n<div class=\"flex max-w-full flex-col grow\">\n<div class=\"min-h-8 text-message relative flex w-full flex-col items-end gap-2 text-start break-words whitespace-normal [.text-message+&amp;]:mt-5\" dir=\"auto\" data-message-author-role=\"assistant\" data-message-id=\"842efa5e-0b6b-4c68-b1eb-9dd894bae6c3\" data-message-model-slug=\"gpt-4o\">\n<div class=\"flex w-full flex-col gap-1 empty:hidden first:pt-[3px]\">\n<div class=\"markdown prose dark:prose-invert w-full break-words dark\">\n<div class=\"flex basis-auto flex-col -mb-(--composer-overlap-px) [--composer-overlap-px:55px] grow overflow-hidden\">\n<div class=\"relative h-full\">\n<div class=\"flex h-full flex-col overflow-y-auto [scrollbar-gutter:stable_both-edges] @[84rem]\/thread:pt-(--header-height)\">\n<div class=\"@thread-xl\/thread:pt-header-height flex flex-col text-sm pb-25\">\n<article class=\"text-token-text-primary w-full focus:outline-none scroll-mt-[calc(var(--header-height)+min(200px,max(70px,20svh)))]\" dir=\"auto\" tabindex=\"-1\" data-testid=\"conversation-turn-18\" data-scroll-anchor=\"true\" data-turn=\"assistant\">\n<div class=\"text-base my-auto mx-auto pb-10 [--thread-content-margin:--spacing(4)] @[37rem]:[--thread-content-margin:--spacing(6)] @[72rem]:[--thread-content-margin:--spacing(16)] px-(--thread-content-margin)\">\n<div class=\"[--thread-content-max-width:32rem] @[34rem]:[--thread-content-max-width:40rem] @[64rem]:[--thread-content-max-width:48rem] mx-auto max-w-(--thread-content-max-width) flex-1 group\/turn-messages focus-visible:outline-hidden relative flex w-full min-w-0 flex-col agent-turn\" tabindex=\"-1\">\n<div class=\"flex max-w-full flex-col grow\">\n<div class=\"min-h-8 text-message relative flex w-full flex-col items-end gap-2 text-start break-words whitespace-normal [.text-message+&amp;]:mt-5\" dir=\"auto\" data-message-author-role=\"assistant\" data-message-id=\"10a6d749-a0ed-478c-a66e-5f27b47e163c\" data-message-model-slug=\"gpt-5\">\n<div class=\"flex w-full flex-col gap-1 empty:hidden first:pt-[3px]\">\n<div class=\"markdown prose dark:prose-invert w-full break-words dark\">\n<hr data-start=\"1055\" data-end=\"1058\" \/>\n<\/div>\n<\/div>\n<\/div>\n<\/div>\n<\/div>\n<\/div>\n<\/article>\n<\/div>\n<\/div>\n<\/div>\n<\/div>\n<div id=\"thread-bottom-container\" class=\"content-fade relative isolate z-10 w-full basis-auto has-data-has-thread-error:pt-2 has-data-has-thread-error:[box-shadow:var(--sharp-edge-bottom-shadow)] md:border-transparent md:pt-0 dark:border-white\/20 md:dark:border-transparent flex flex-col\">\n<div id=\"thread-bottom\">\n<div class=\"text-base mx-auto [--thread-content-margin:--spacing(4)] @[37rem]:[--thread-content-margin:--spacing(6)] @[72rem]:[--thread-content-margin:--spacing(16)] px-(--thread-content-margin)\">\n<div class=\"[--thread-content-max-width:32rem] @[34rem]:[--thread-content-max-width:40rem] @[64rem]:[--thread-content-max-width:48rem] mx-auto max-w-(--thread-content-max-width) flex-1\">\n<div class=\"max-xs:[--force-hide-label:none] relative z-1 flex h-full max-w-full flex-1 flex-col\">\n<form class=\"w-full [view-transition-name:var(--vt-composer)]\" data-type=\"unified-composer\">\n<div class=\"bg-token-bg-primary shadow-short flex w-full cursor-text flex-col items-center justify-center overflow-clip bg-clip-padding contain-inline-size dark:bg-[#303030] rounded-[28px]\">\n<div class=\"relative flex min-h-14 w-full items-end\">\n<div class=\"relative flex w-full flex-auto flex-col\">\n<div class=\"relative mx-5 flex min-h-14 flex-auto bg-transparent items-start\">\n<div class=\"_prosemirror-parent_276o5_2 text-token-text-primary max-h-[25dvh] max-h-52 flex-1 overflow-auto [scrollbar-width:thin] default-browser vertical-scroll-fade-mask\">\n<div id=\"prompt-textarea\" class=\"ProseMirror\" contenteditable=\"true\" translate=\"no\" data-virtualkeyboard=\"true\"><\/div>\n<\/div>\n<\/div>\n<\/div>\n<\/div>\n<\/div>\n<\/form>\n<\/div>\n<\/div>\n<\/div>\n<\/div>\n<\/div>\n<\/div>\n<\/div>\n<\/div>\n<\/div>\n<\/div>\n<\/div>\n<\/article>\n<\/div>\n<\/div>\n<\/div>\n<\/div>\n<\/div>\n<\/div>\n<\/div>\n<\/div>\n<\/article>\n<\/div>\n<\/div>\n<\/div>\n<\/div>\n<\/div>\n<\/div>\n<\/article>\n<article class=\"text-token-text-primary w-full focus:outline-none scroll-mt-[calc(var(--header-height)+min(200px,max(70px,20svh)))]\" dir=\"auto\" tabindex=\"-1\" data-testid=\"conversation-turn-72\" data-scroll-anchor=\"true\" data-turn=\"assistant\">\n<div class=\"text-base my-auto mx-auto pb-10 [--thread-content-margin:--spacing(4)] @[37rem]:[--thread-content-margin:--spacing(6)] @[72rem]:[--thread-content-margin:--spacing(16)] px-(--thread-content-margin)\">\n<div class=\"[--thread-content-max-width:32rem] @[34rem]:[--thread-content-max-width:40rem] @[64rem]:[--thread-content-max-width:48rem] mx-auto max-w-(--thread-content-max-width) flex-1 group\/turn-messages focus-visible:outline-hidden relative flex w-full min-w-0 flex-col agent-turn\" tabindex=\"-1\">\n<div class=\"flex max-w-full flex-col grow\">\n<div class=\"min-h-8 text-message relative flex w-full flex-col items-end gap-2 text-start break-words whitespace-normal [.text-message+&amp;]:mt-5\" dir=\"auto\" data-message-author-role=\"assistant\" data-message-id=\"6ad35c52-e3d0-4186-88d9-35bb4972681f\" data-message-model-slug=\"gpt-4o\">\n<div class=\"flex w-full flex-col gap-1 empty:hidden first:pt-[3px]\">\n<div class=\"markdown prose dark:prose-invert w-full break-words dark\">\n<article class=\"text-token-text-primary w-full\" dir=\"auto\" data-testid=\"conversation-turn-163\" data-scroll-anchor=\"true\">\n<div class=\"text-base my-auto mx-auto pb-10 [--thread-content-margin:--spacing(4)] @[37rem]:[--thread-content-margin:--spacing(6)] @[72rem]:[--thread-content-margin:--spacing(16)] px-(--thread-content-margin)\">\n<div class=\"[--thread-content-max-width:32rem] @[34rem]:[--thread-content-max-width:40rem] @[64rem]:[--thread-content-max-width:48rem] mx-auto flex max-w-(--thread-content-max-width) flex-1 text-base gap-4 md:gap-5 lg:gap-6 group\/turn-messages focus-visible:outline-hidden\" tabindex=\"-1\">\n<div class=\"group\/conversation-turn relative flex w-full min-w-0 flex-col agent-turn\">\n<div class=\"flex items-center justify-center\"><\/div>\n<\/div>\n<\/div>\n<\/div>\n<\/article>\n<\/div>\n<\/div>\n<\/div>\n<\/div>\n<\/div>\n<\/div>\n<\/article>\n<blockquote>\n<h2><span style=\"color: #ff0000;\"><strong><a class=\"dt-pswp-item\" href=\"https:\/\/www.radiopiu.net\/wordpress\/wp-content\/uploads\/2025\/02\/download-3.jpg\" data-dt-img-description=\"\" data-large_image_width=\"223\" data-large_image_height=\"226\"><img loading=\"lazy\" decoding=\"async\" class=\"size-full wp-image-434732 alignleft\" src=\"https:\/\/www.radiopiu.net\/wordpress\/wp-content\/uploads\/2025\/02\/download-3.jpg\" alt=\"\" width=\"223\" height=\"226\" \/><\/a><\/strong>RADIOPI\u00d9<\/span> \u2013 Dalle Dolomiti alla pianura, i fatti che segnano la Regione.<\/h2>\n<\/blockquote>\n<article class=\"text-token-text-primary w-full focus:outline-none scroll-mt-[calc(var(--header-height)+min(200px,max(70px,20svh)))]\" dir=\"auto\" tabindex=\"-1\" data-testid=\"conversation-turn-112\" data-scroll-anchor=\"true\" data-turn=\"assistant\">\n<div class=\"text-base my-auto mx-auto pb-10 [--thread-content-margin:--spacing(4)] @[37rem]:[--thread-content-margin:--spacing(6)] @[72rem]:[--thread-content-margin:--spacing(16)] px-(--thread-content-margin)\">\n<div class=\"[--thread-content-max-width:32rem] @[34rem]:[--thread-content-max-width:40rem] @[64rem]:[--thread-content-max-width:48rem] mx-auto max-w-(--thread-content-max-width) flex-1 group\/turn-messages focus-visible:outline-hidden relative flex w-full min-w-0 flex-col agent-turn\" tabindex=\"-1\">\n<div class=\"flex max-w-full flex-col grow\">\n<div class=\"min-h-8 text-message relative flex w-full flex-col items-end gap-2 text-start break-words whitespace-normal [.text-message+&amp;]:mt-5\" dir=\"auto\" data-message-author-role=\"assistant\" data-message-id=\"74820017-8765-4ccc-b0c7-da916c45f87f\" data-message-model-slug=\"gpt-5\">\n<div class=\"flex w-full flex-col gap-1 empty:hidden first:pt-[3px]\">\n<div class=\"markdown prose dark:prose-invert w-full break-words dark\">\n<p data-start=\"31\" data-end=\"335\">\ufe0f<\/p>\n<p><strong>Vicenza<\/strong>, l\u2019uomo accusato dell\u2019omicidio dei coniugi Pierangelo Fioretto e Mafalda Begnozzi, Umberto Pietrolungo, 58 anni, gi\u00e0 detenuto per altri reati, \u00e8 stato condannato all\u2019ergastolo dal tribunale.<\/p>\n<p><strong>Padova<\/strong>, tensioni tra polizia e circa 600 manifestanti ProPal: \u00e8 stato evitato l\u2019accesso alla ferrovia per bloccare il traffico dei treni. Nella stessa citt\u00e0, la zona rossa resta limitata all\u2019area della Stazione, dopo le proteste di residenti e commercianti del quartiere Arcella.<\/p>\n<p><strong>\u00a0Padova,<\/strong> il gruppo Sanpellegrino realizzer\u00e0 un progetto per la ricarica della falda acquifera del bacino del Brenta, a tutela delle risorse idriche e delle attivit\u00e0 agricole.<\/p>\n<p><strong>\u00a0Venezia,<\/strong> un uomo di 61 anni \u00e8 morto travolto da un muletto sul posto di lavoro. La citt\u00e0 registra anche tensioni sociali: sono comparsi volantini contro Monica Poli, \u201cLady Pickpocket\u201d, nota per segnalare borseggiatori, con richieste di allontanarsi dal centro storico. <strong>Sempre a Venezia,<\/strong> l\u2019Istat segnala una crescita del turismo nel secondo trimestre 2025 (+4,7%), ma in calo proprio nella citt\u00e0 lagunare; <strong>rimborsi e monitoraggio<\/strong> per il Granchio Blu sono stati annunciati dal Commissario Caterino a supporto dei pescatori.<\/p>\n<\/div>\n<\/div>\n<\/div>\n<\/div>\n<\/div>\n<\/div>\n<\/article>\n<h1><span style=\"color: #ff0000;\"><span style=\"color: #0000ff;\">ULTIM&#8217;ORA<\/span> <span style=\"color: #000000;\">AUDIO dalle sette del mattino, ogni ora alla radio EDIZIONE DELLE SETTE<\/span><\/span><\/h1>\n<p>&nbsp;<\/p>\n<p>&nbsp;<\/p>\n<p>&nbsp;<\/p>\n<p>&nbsp;<\/p>\n<hr \/>\n<p>&nbsp;<\/p>\n<h1><span style=\"color: #ff0000;\"><a class=\"dt-pswp-item\" href=\"https:\/\/www.radiopiu.net\/wordpress\/wp-content\/uploads\/2024\/11\/8.jpg\" data-dt-img-description=\"\" data-large_image_width=\"180\" data-large_image_height=\"180\"><img loading=\"lazy\" decoding=\"async\" class=\"size-full wp-image-417910 alignleft\" src=\"https:\/\/www.radiopiu.net\/wordpress\/wp-content\/uploads\/2024\/11\/8.jpg\" alt=\"\" width=\"180\" height=\"180\" srcset=\"https:\/\/www.radiopiu.net\/wordpress\/wp-content\/uploads\/2024\/11\/8.jpg 180w, https:\/\/www.radiopiu.net\/wordpress\/wp-content\/uploads\/2024\/11\/8-150x150.jpg 150w\" sizes=\"auto, (max-width: 180px) 100vw, 180px\" \/><\/a>I podcast informativi del mattino &#8211; video &#8211;\u00a0<\/span><\/h1>\n<h2 style=\"text-align: left;\"><strong>RASSEGNA STAMPA LOCALE, ORE OTTO<\/strong><\/h2>\n<h2><strong> <span style=\"color: #0000ff;\">viene\u00a0 <\/span><\/strong><strong><span style=\"color: #0000ff;\">pubblicata alle 8.05 <span style=\"color: #ff0000;\">DIRETTA RADIO\u00a0 \u00a0<\/span><\/span><\/strong><strong>DI MIRKO MEZZACASA<\/strong><\/h2>\n<h1><span style=\"color: #ff0000;\"><strong>VIDEO\u00a0 \u00a0in diretta AGGIORNAMENTO\u00a0 dalle 8 del mattino\u00a0 \u00a0<\/strong><\/span><\/h1>\n<p>&nbsp;<\/p>\n<div class=\"page-title-head hgroup\">\n\n\t\t\t<style type='text\/css'>\n\t\t\t\t#gallery-1 {\n\t\t\t\t\tmargin: auto;\n\t\t\t\t}\n\t\t\t\t#gallery-1 .gallery-item {\n\t\t\t\t\tfloat: left;\n\t\t\t\t\tmargin-top: 10px;\n\t\t\t\t\ttext-align: center;\n\t\t\t\t\twidth: 33%;\n\t\t\t\t}\n\t\t\t\t#gallery-1 img {\n\t\t\t\t\tborder: 2px solid #cfcfcf;\n\t\t\t\t}\n\t\t\t\t#gallery-1 .gallery-caption {\n\t\t\t\t\tmargin-left: 0;\n\t\t\t\t}\n\t\t\t\t\/* see gallery_shortcode() in wp-includes\/media.php *\/\n\t\t\t<\/style>\n\t\t<div id='gallery-1' class='dt-gallery-container gallery galleryid-469993 gallery-columns-3 gallery-size-thumbnail'><dl class='gallery-item'>\n\t\t\t\t<dt class='gallery-icon landscape'>\n\t\t\t\t\t<a class=\"rollover rollover-zoom dt-pswp-item\" title=\"Screenshot 2025-09-17 045501\" data-dt-img-description=\"\" data-large_image_width=\"510\" data-large_image_height=\"287\"href='https:\/\/www.radiopiu.net\/wordpress\/wp-content\/uploads\/2025\/09\/Screenshot-2025-09-17-045501.png'><img loading=\"lazy\" decoding=\"async\" width=\"150\" height=\"150\" src=\"https:\/\/www.radiopiu.net\/wordpress\/wp-content\/uploads\/2025\/09\/Screenshot-2025-09-17-045501-150x150.png\" class=\"attachment-thumbnail size-thumbnail\" alt=\"\" \/><\/a>\n\t\t\t\t<\/dt><\/dl><dl class='gallery-item'>\n\t\t\t\t<dt class='gallery-icon landscape'>\n\t\t\t\t\t<a class=\"rollover rollover-zoom dt-pswp-item\" title=\"Screenshot 2025-09-17 050811\" data-dt-img-description=\"\" data-large_image_width=\"477\" data-large_image_height=\"298\"href='https:\/\/www.radiopiu.net\/wordpress\/wp-content\/uploads\/2025\/09\/Screenshot-2025-09-17-050811.png'><img loading=\"lazy\" decoding=\"async\" width=\"150\" height=\"150\" src=\"https:\/\/www.radiopiu.net\/wordpress\/wp-content\/uploads\/2025\/09\/Screenshot-2025-09-17-050811-150x150.png\" class=\"attachment-thumbnail size-thumbnail\" alt=\"\" \/><\/a>\n\t\t\t\t<\/dt><\/dl><dl class='gallery-item'>\n\t\t\t\t<dt class='gallery-icon landscape'>\n\t\t\t\t\t<a class=\"rollover rollover-zoom dt-pswp-item\" title=\"Screenshot 2025-09-17 050832\" data-dt-img-description=\"\" data-large_image_width=\"647\" data-large_image_height=\"308\"href='https:\/\/www.radiopiu.net\/wordpress\/wp-content\/uploads\/2025\/09\/Screenshot-2025-09-17-050832.png'><img loading=\"lazy\" decoding=\"async\" width=\"150\" height=\"150\" src=\"https:\/\/www.radiopiu.net\/wordpress\/wp-content\/uploads\/2025\/09\/Screenshot-2025-09-17-050832-150x150.png\" class=\"attachment-thumbnail size-thumbnail\" alt=\"\" \/><\/a>\n\t\t\t\t<\/dt><\/dl><br style=\"clear: both\" \/>\n\t\t\t<\/div>\n\n<\/div>\n<div class=\"page-title-breadcrumbs\">\n<p><iframe loading=\"lazy\" title=\"DAL 1983 LA RASSEGNA STAMPA LOCALE di mirko mezzacasa. L&#039;ORIGINALE\" width=\"1200\" height=\"675\" src=\"https:\/\/www.youtube.com\/embed\/Q5u-lSiJxbo?feature=oembed\" frameborder=\"0\" allow=\"accelerometer; autoplay; clipboard-write; encrypted-media; gyroscope; picture-in-picture; web-share\" referrerpolicy=\"strict-origin-when-cross-origin\" allowfullscreen><\/iframe><\/p>\n<\/div>\n<hr \/>\n<p>&nbsp;<\/p>\n<p><strong><a class=\"dt-pswp-item\" href=\"https:\/\/www.radiopiu.net\/wordpress\/wp-content\/uploads\/2023\/12\/ANTENNA.png\" data-dt-img-description=\"\" data-large_image_width=\"300\" data-large_image_height=\"166\"><img loading=\"lazy\" decoding=\"async\" class=\"wp-image-366306 alignright\" src=\"https:\/\/www.radiopiu.net\/wordpress\/wp-content\/uploads\/2023\/12\/ANTENNA.png\" alt=\"\" width=\"101\" height=\"56\" \/><\/a><a class=\"dt-pswp-item\" href=\"https:\/\/www.radiopiu.net\/wordpress\/wp-content\/uploads\/2024\/11\/th-17.jpg\" data-dt-img-description=\"\" data-large_image_width=\"224\" data-large_image_height=\"180\"><img loading=\"lazy\" decoding=\"async\" class=\" wp-image-421610 alignleft\" src=\"https:\/\/www.radiopiu.net\/wordpress\/wp-content\/uploads\/2024\/11\/th-17.jpg\" alt=\"\" width=\"167\" height=\"134\" \/><\/a>ogni sera alle 19 le anticipazioni alla radio, quello che poi seguirete nel TELEGIORNALE BELLUNESE\u00a0 in onda alle 19.30 sul CANALE 10 del digitale terrestre.\u00a0\u00a0<\/strong><\/p>\n<p><b>\u00a0<\/b><\/p>\n<p>&nbsp;<\/p>\n<p>&nbsp;<\/p>\n<blockquote>\n<h2><span style=\"color: #ff0000;\">ANTICIPAZIONI, DI FABIO FIORAVANZI<\/span><\/h2>\n<audio class=\"wp-audio-shortcode\" id=\"audio-469993-4\" preload=\"none\" style=\"width: 100%;\" controls=\"controls\"><source type=\"audio\/mpeg\" src=\"https:\/\/www.radiopiu.net\/wordpress\/wp-content\/uploads\/2025\/09\/ANTENNA3-14.mp3?_=4\" \/><a href=\"https:\/\/www.radiopiu.net\/wordpress\/wp-content\/uploads\/2025\/09\/ANTENNA3-14.mp3\">https:\/\/www.radiopiu.net\/wordpress\/wp-content\/uploads\/2025\/09\/ANTENNA3-14.mp3<\/a><\/audio><\/blockquote>\n<p>&nbsp;<\/p>\n<hr \/>\n<p>&nbsp;<\/p>\n<div class=\"page-title-head hgroup\">\n<h1 class=\"entry-title\">AGORDO, CHIUSURA PIAZZA DELLA LIBERT\u00c0 PER LAVORI STRADALI<\/h1>\n<\/div>\n<p data-start=\"174\" data-end=\"272\"><em data-start=\"174\" data-end=\"270\"><img loading=\"lazy\" decoding=\"async\" class=\"alignleft\" src=\"https:\/\/www.radiopiu.net\/wordpress\/wp-content\/uploads\/2024\/03\/chiesa-agordo.jpg\" width=\"217\" height=\"122\" \/>Da domani al 23 settembre, deviazioni e divieti per il ripristino delle pavimentazioni in porfido<\/em><\/p>\n<p data-start=\"274\" data-end=\"884\">Agordo si prepara a una settimana di modifiche alla viabilit\u00e0 nel centro storico: da gioved\u00ec 18 a marted\u00ec 23 settembre, dalle 7:00 alle 19:00, Piazza della Libert\u00e0 sar\u00e0 chiusa al traffico per lavori di ripristino del porfido, con deviazioni su Corso degli Alpini, Viale Sommariva e Via Insurrezione. Interruzioni e divieti di sosta riguarderanno anche Via Santa Maria e alcune aree limitrofe, mentre sar\u00e0 istituito il doppio senso in Viale Sommariva. Il transito pedonale e dei mezzi di emergenza sar\u00e0 sempre garantito, e la ditta esecutrice dovr\u00e0 riportare il suolo alla regola d\u2019arte al termine dei lavori.<\/p>\n<p>&nbsp;<\/p>\n<p>&nbsp;<\/p>\n<p>&nbsp;<\/p>\n<blockquote>\n<h3>SR 203 AGORDINA: CHIUSO IL RACCORDO A NORD DELLA TANGENZIALE<\/h3>\n<\/blockquote>\n<p><strong>TAIBON<\/strong> Fino alle 18 di oggi, il raccordo a nord della tangenziale di Agordo che porta alla 203var Agordina (ex 203 Agordina), \u00e8 interdetto alla circolazione per la realizzazione della rete del gas.<\/p>\n<p>&nbsp;<\/p>\n<hr \/>\n<p>&nbsp;<\/p>\n<blockquote>\n<h3 data-start=\"43\" data-end=\"105\">FALCADE, PERICOLO CADUTA MASSI SUL SENTIERO PER IL MULAZ<\/h3>\n<\/blockquote>\n<p data-start=\"107\" data-end=\"319\">Allerta sicurezza sul sentiero 710 che dalla Val Venegia porta al Rifugio Mulaz: i gestori segnalano il pericolo di caduta massi e invitano gli escursionisti a non utilizzarlo fino al bivio con il 710A. Per salire o scendere dal Mulaz \u00e8 quindi raccomandato esclusivamente il sentiero 710A, indicato come alternativa sicura.<\/p>\n<p>&nbsp;<\/p>\n<p>&nbsp;<\/p>\n<hr \/>\n<p>&nbsp;<\/p>\n<blockquote>\n<h3>LUNEDI&#8217; SCIOPERO DEL TRASPORTO PUBBLICO LOCALE<\/h3>\n<\/blockquote>\n<p><strong>BELLUNO<\/strong> Luned\u00ec \u00e8 previsto uno sciopero nazionale generale di 24 ore indetto da CUB, SGB e ADL Varese. La Dolomiti Bus S.p.A. informa che, come stabilito dalla normativa vigente e dagli accordi aziendali, saranno garantiti i servizi minimi nelle fasce orarie 5:40\u20138:10 e 12:10\u201315:40. Le corse avviate prima dell\u2019inizio dello sciopero proseguiranno fino al capolinea. Il servizio regolare sar\u00e0 ripristinato integralmente dal giorno successivo.<\/p>\n<p>&nbsp;<\/p>\n<p>&nbsp;<\/p>\n<hr \/>\n<p>&nbsp;<\/p>\n<blockquote>\n<h3>26ENNE ARRESTATO, CONFERMATA LA CUSTODIA CAUTELARE IN CARCERE<\/h3>\n<\/blockquote>\n<p><a class=\"dt-pswp-item\" href=\"https:\/\/www.radiopiu.net\/wordpress\/wp-content\/uploads\/2025\/09\/Screenshot-2025-09-17-045924.png\" data-dt-img-description=\"\" data-large_image_width=\"812\" data-large_image_height=\"541\"><img loading=\"lazy\" decoding=\"async\" class=\"size-medium wp-image-470186 alignleft\" src=\"https:\/\/www.radiopiu.net\/wordpress\/wp-content\/uploads\/2025\/09\/Screenshot-2025-09-17-045924-300x200.png\" alt=\"\" width=\"300\" height=\"200\" srcset=\"https:\/\/www.radiopiu.net\/wordpress\/wp-content\/uploads\/2025\/09\/Screenshot-2025-09-17-045924-300x200.png 300w, https:\/\/www.radiopiu.net\/wordpress\/wp-content\/uploads\/2025\/09\/Screenshot-2025-09-17-045924-768x512.png 768w, https:\/\/www.radiopiu.net\/wordpress\/wp-content\/uploads\/2025\/09\/Screenshot-2025-09-17-045924.png 812w\" sizes=\"auto, (max-width: 300px) 100vw, 300px\" \/><\/a>Rester\u00e0 in carcere il 26enne con doppia cittadinanza brasiliana e italiana residente nel Bellunese, arrestato nei giorni scorsi con accuse pesantissime legate a reati su minori. Dopo l\u2019interrogatorio di garanzia, la giudice per le indagini preliminari ha confermato la custodia cautelare, ritenendo sussistenti gli elementi raccolti dalla Polizia Postale. Le indagini sono coordinate dalla Procura e dal Tribunale di Venezia, che a livello regionale seguono i procedimenti relativi ai reati di pedopornografia. Secondo quanto emerso, le autorit\u00e0 sono arrivate all\u2019uomo grazie a una segnalazione di un\u2019organizzazione non governativa che monitora i siti frequentati da pedofili. La Polizia Postale ha quindi avviato verifiche approfondite che hanno portato all\u2019identificazione e alla perquisizione. Nell\u2019interrogatorio l\u2019uomo ha ammesso le proprie responsabilit\u00e0, dichiarando di essere consapevole della gravit\u00e0 delle accuse. La posizione resta comunque gravissima: le ipotesi di reato vanno dalla violenza sessuale aggravata alla produzione e diffusione di materiale illecito. La pena prevista, in caso di condanna, potrebbe arrivare fino a 18 anni di reclusione. Intanto, le autorit\u00e0 hanno disposto misure di tutela per la madre e la bambina, accolte in una struttura protetta. L\u2019inchiesta prosegue con l\u2019analisi del materiale sequestrato e con l\u2019obiettivo di verificare l\u2019eventuale coinvolgimento di altre persone o canali di diffusione.<\/p>\n<h1 class=\"_title post-title entry-title\">BELLUNO | VIOLENZE SESSUALI SULLA FIGLIA DI 5 ANNI, VIDEO MESSI IN RETE: 26ENNE ARRESTATO<\/h1>\n<p>. (Servizio di\u00a0<a href=\"https:\/\/antennatre.medianordest.it\/redazione\/Edy-Caliman\/\">Edy Caliman<\/a>)<\/p>\n<p><iframe loading=\"lazy\" title=\"VIOLENZE SESSUALI SULLA FIGLIA DI 5 ANNI, VIDEO MESSI IN RETE: 26ENNE ARRESTATO | 16\/09\/2025\" width=\"1200\" height=\"675\" src=\"https:\/\/www.youtube.com\/embed\/qe-AfVcPI_s?feature=oembed\" frameborder=\"0\" allow=\"accelerometer; autoplay; clipboard-write; encrypted-media; gyroscope; picture-in-picture; web-share\" referrerpolicy=\"strict-origin-when-cross-origin\" allowfullscreen><\/iframe><\/p>\n<hr \/>\n<p>&nbsp;<\/p>\n<blockquote>\n<h3>ESCURSIONISTA STATUNITENSE BLOCCATO SUL SENTIERO BROVEDANI<\/h3>\n<\/blockquote>\n<p><strong><a class=\"dt-pswp-item\" href=\"https:\/\/www.radiopiu.net\/wordpress\/wp-content\/uploads\/2025\/07\/LOGO_NEW_BELLUNO.jpg\" data-dt-img-description=\"\" data-large_image_width=\"1600\" data-large_image_height=\"1131\"><img loading=\"lazy\" decoding=\"async\" class=\" wp-image-461728 alignleft\" src=\"https:\/\/www.radiopiu.net\/wordpress\/wp-content\/uploads\/2025\/07\/LOGO_NEW_BELLUNO-300x212.jpg\" alt=\"\" width=\"154\" height=\"109\" srcset=\"https:\/\/www.radiopiu.net\/wordpress\/wp-content\/uploads\/2025\/07\/LOGO_NEW_BELLUNO-300x212.jpg 300w, https:\/\/www.radiopiu.net\/wordpress\/wp-content\/uploads\/2025\/07\/LOGO_NEW_BELLUNO-1024x724.jpg 1024w, https:\/\/www.radiopiu.net\/wordpress\/wp-content\/uploads\/2025\/07\/LOGO_NEW_BELLUNO-768x543.jpg 768w, https:\/\/www.radiopiu.net\/wordpress\/wp-content\/uploads\/2025\/07\/LOGO_NEW_BELLUNO-1536x1086.jpg 1536w, https:\/\/www.radiopiu.net\/wordpress\/wp-content\/uploads\/2025\/07\/LOGO_NEW_BELLUNO.jpg 1600w\" sizes=\"auto, (max-width: 154px) 100vw, 154px\" \/><\/a>AURONZO DI CADORE<\/strong> Nel primo pomeriggio di ieri Falco 2 \u00e8 decollato in direzione del Sentiero Brovedani, a seguito della chiamata di un escursionista statunitense chi si era bloccato in un tratto molto ripido e non era pi\u00f9 in grado di proseguire autonomamente. Individuato il punto dove si trova a il 34enne del Vermont, che stava percorrendo l&#8217;Alta Via numero 4, l&#8217;elicottero ha sbarcato il tecnico di elisoccorso con un verricello di 20 metri in un punto in cui il sentiero 277 passa sotto la Croda de Banco. Il Soccorritore ha agganciato l&#8217;escursionista, che gi\u00e0 indossava l&#8217;imbrago e stava aspettando seduto, e con lui \u00e8 stato issato a bordo. L&#8217;uomo, che era illeso, \u00e8 stato lasciato in piazzola a Pieve di Cadore.<\/p>\n<p>&nbsp;<\/p>\n<p>&nbsp;<\/p>\n<hr \/>\n<p>&nbsp;<\/p>\n<blockquote>\n<h3>BLOCCATO SUL MONTE CORO: SOCCORSO ALPINO INTERVIENE<\/h3>\n<\/blockquote>\n<p><strong><a class=\"dt-pswp-item\" href=\"https:\/\/www.radiopiu.net\/wordpress\/wp-content\/uploads\/2025\/09\/1000201394.jpg\" data-dt-img-description=\"\" data-large_image_width=\"1200\" data-large_image_height=\"1600\"><img loading=\"lazy\" decoding=\"async\" class=\" wp-image-470165 alignleft\" src=\"https:\/\/www.radiopiu.net\/wordpress\/wp-content\/uploads\/2025\/09\/1000201394-225x300.jpg\" alt=\"\" width=\"146\" height=\"195\" srcset=\"https:\/\/www.radiopiu.net\/wordpress\/wp-content\/uploads\/2025\/09\/1000201394-225x300.jpg 225w, https:\/\/www.radiopiu.net\/wordpress\/wp-content\/uploads\/2025\/09\/1000201394-768x1024.jpg 768w, https:\/\/www.radiopiu.net\/wordpress\/wp-content\/uploads\/2025\/09\/1000201394-1152x1536.jpg 1152w, https:\/\/www.radiopiu.net\/wordpress\/wp-content\/uploads\/2025\/09\/1000201394.jpg 1200w\" sizes=\"auto, (max-width: 146px) 100vw, 146px\" \/><\/a>SEDICO<\/strong> Partito dal Rifugio Bianchet per salire sul Monte Coro, un escursionista ha perso nel rientro la traccia del sentiero, finendo bloccato sopra alti salti di roccia. Dopo essere arrivato in cima e aver preso il sentiero per tornare indietro, infatti, il 29enne di Faenza aveva inavvertitamente superato la fascia di rocce che conduce al canalino attrezzato. Persa la traccia, aveva proseguito sui pendii sempre pi\u00f9 inclinati della Costa del Castelaz verso Ru da Molin, finch\u00e9, sulla perpendicolare al Boral de l&#8217;Ors, era stato costretto a fermarsi e a lanciare l&#8217;allarme. Una squadra del Soccorso alpino di Belluno, dopo essersi confrontata con lui e in possesso delle coordinate orientative della posizione, partita a piedi, in un&#8217;ora e 45 minuti di cammino si \u00e8 avvicinata e lo ha raggiunto, prima sentendo la sua voce e poi individuandolo. Arrivati da lui i 5 soccorritori lo hanno dotato di corda e imbrago. Assicurato lo hanno fatto spostare a monte per i primi metri pi\u00f9 ripidi, per poi continuare la salita lungo una trentina di metri di corda attrezzata fino al sentiero. Da l\u00ec lo hanno poi riaccompagnato al Rifugio Bianchet.<\/p>\n<p>&nbsp;<\/p>\n<hr \/>\n<p>&nbsp;<\/p>\n<p><strong>OGGI LA GIUDIZIARIA<\/strong><br \/>\n<strong>DAL CORRIERE DELLE ALPI<\/strong><\/p>\n<p><strong>SINTESI_GIGI SOSSO\u00a0<\/strong><\/p>\n<blockquote>\n<h3 data-start=\"78\" data-end=\"150\"><strong data-start=\"78\" data-end=\"148\">INSEGUIMENTO A FELTRE: SOSPIROLESE ARRESTATO, ZUMELLESE DENUNCIATO<\/strong><\/h3>\n<\/blockquote>\n<p data-start=\"152\" data-end=\"757\"><strong>SOSPIROLO\u00a0 Il <\/strong>26enne di Sospirolo, \u00e8 stato arrestato dai carabinieri dopo aver forzato un posto di blocco a Feltre senza patente, insieme\u00a0 al 25enne di Zumelle, denunciato per resistenza a pubblico ufficiale. L\u2019inseguimento, iniziato in localit\u00e0 Busche, ha visto violazioni del codice della strada e resistenza da parte dei due. Difesi dagli avvocati Marco Cason e Roberta Resenterra, entrambi hanno ottenuto la messa alla prova: nove mesi di lavori di pubblica utilit\u00e0. Se il volontariato sar\u00e0 completato con successo, il reato potr\u00e0 essere estinto senza traccia nel casellario giudiziale.<\/p>\n<blockquote>\n<h3 data-start=\"78\" data-end=\"128\"><strong data-start=\"78\" data-end=\"126\">COPPIA PRESENTA RICORSO CONTRO ULSS DOLOMITI<\/strong><\/h3>\n<\/blockquote>\n<p data-start=\"130\" data-end=\"661\"><strong>BELLUNO<\/strong> Una coppia di origine balcanica ha presentato in tribunale un accertamento tecnico preventivo contro l\u2019Ulss 1 Dolomiti dopo la nascita del loro bambino con sindrome di Down. I genitori sostengono di non essere stati pienamente informati sui test genetici durante la gravidanza. La decisione del giudice Irene Colladet sulla nomina di un consulente tecnico sar\u00e0 comunicata nei prossimi giorni. L\u2019Ulss, rappresentata da Silvia Pesce, contesta la versione della coppia, documentando di aver fornito tutte le informazioni necessarie.<\/p>\n<blockquote>\n<h3 data-start=\"78\" data-end=\"136\"><strong data-start=\"78\" data-end=\"134\">PATTEGGIA PER MALTRATTAMENTI IL GIOVANE DEL FELTRINO<\/strong><\/h3>\n<\/blockquote>\n<p data-start=\"138\" data-end=\"618\"><strong>FELTRE<\/strong> Un uomo del Feltrino ha patteggiato tre mesi di reclusione per maltrattamenti in continuazione nei confronti della sua ex convivente, aggiungendosi ai quattro mesi precedenti. La donna, che si era costituita parte civile, aveva denunciato le continue violenze fisiche e psicologiche subite negli ultimi tre anni, compresi messaggi minatori su Instagram. Il giudice Elisabetta Scolozzi ha approvato il patteggiamento, confermando la pena in continuit\u00e0 con la precedente sentenza.<\/p>\n<blockquote>\n<h3 data-start=\"87\" data-end=\"138\"><strong data-start=\"87\" data-end=\"136\">AGORDO: DONNA FERITA PER RIPRENDERSI LA GATTA<\/strong><\/h3>\n<\/blockquote>\n<p data-start=\"140\" data-end=\"576\">Ad Agordo, una donna \u00e8 stata colpita due volte con il portellone del bagagliaio dall\u2019ex marito mentre cercava di riprendersi la sua gatta. L\u2019uomo, gi\u00e0 condannato in passato per episodi simili, \u00e8 ora imputato per lesioni aggravate. La donna, che ha registrato l\u2019aggressione su consiglio dei carabinieri, ha riportato 25 giorni di prognosi. Il giudice Berletti ha rinviato l\u2019udienza per ascoltare un carabiniere e l\u2019esame dell\u2019imputato.<\/p>\n<hr \/>\n<p>&nbsp;<\/p>\n<p><span style=\"color: #ff0000;\"><img loading=\"lazy\" decoding=\"async\" class=\"alignleft\" src=\"https:\/\/www.radiopiu.net\/wordpress\/wp-content\/uploads\/2025\/09\/AGOR.HHE_.png\" width=\"250\" height=\"193\" \/><\/span><strong>TERREMOTO A RABBI, SCOSSA AVVERTITA ANCHE AD AGORDO<\/strong><\/p>\n<p data-start=\"139\" data-end=\"490\"><strong data-start=\"139\" data-end=\"172\">RABBI (TN),<\/strong><br data-start=\"174\" data-end=\"177\" \/>Ieri sera, alle ore 21:41, un terremoto di magnitudo 2.5 ha colpito il Trentino, con epicentro localizzato a circa 4 km a nord-est di Rabbi. La scossa \u00e8 stata chiaramente registrata dall\u2019Istituto Nazionale di Geofisica e Vulcanologia e confermata dai sismografi di Agordo, come mostrato dai grafici ufficiali.Molti residenti della zona hanno riferito di aver avvertito il tremore, con vibrazioni di vetri e piccoli oggetti. Nonostante l\u2019intensit\u00e0 relativamente contenuta, l\u2019evento sismico ha suscitato preocupazione tra la popolazione.<\/p>\n<p data-start=\"730\" data-end=\"845\">&#8211;<\/p>\n<hr \/>\n<blockquote>\n<h3 data-start=\"880\" data-end=\"1185\"><a class=\"dt-pswp-item\" href=\"https:\/\/www.radiopiu.net\/wordpress\/wp-content\/uploads\/2025\/09\/ba2d03c4-fe4e-41c7-8549-c6dc695bf0f1.jpg\" data-dt-img-description=\"\" data-large_image_width=\"1600\" data-large_image_height=\"1200\"><img loading=\"lazy\" decoding=\"async\" class=\"size-medium wp-image-470008 alignleft\" src=\"https:\/\/www.radiopiu.net\/wordpress\/wp-content\/uploads\/2025\/09\/ba2d03c4-fe4e-41c7-8549-c6dc695bf0f1-300x225.jpg\" alt=\"\" width=\"300\" height=\"225\" srcset=\"https:\/\/www.radiopiu.net\/wordpress\/wp-content\/uploads\/2025\/09\/ba2d03c4-fe4e-41c7-8549-c6dc695bf0f1-300x225.jpg 300w, https:\/\/www.radiopiu.net\/wordpress\/wp-content\/uploads\/2025\/09\/ba2d03c4-fe4e-41c7-8549-c6dc695bf0f1-1024x768.jpg 1024w, https:\/\/www.radiopiu.net\/wordpress\/wp-content\/uploads\/2025\/09\/ba2d03c4-fe4e-41c7-8549-c6dc695bf0f1-768x576.jpg 768w, https:\/\/www.radiopiu.net\/wordpress\/wp-content\/uploads\/2025\/09\/ba2d03c4-fe4e-41c7-8549-c6dc695bf0f1-1536x1152.jpg 1536w, https:\/\/www.radiopiu.net\/wordpress\/wp-content\/uploads\/2025\/09\/ba2d03c4-fe4e-41c7-8549-c6dc695bf0f1.jpg 1600w\" sizes=\"auto, (max-width: 300px) 100vw, 300px\" \/><\/a>NASCE L\u2019ASSOCIAZIONE ARTICOLO 6: PER LA PRIMA VOLTA INSIEME LE MINORANZE LINGUISTICHE D\u2019ITALIA<\/h3>\n<\/blockquote>\n<p data-start=\"880\" data-end=\"1185\"><strong data-start=\"88\" data-end=\"123\">SAN GIOVANNI DI FASSA \u2013 S\u00c8N JAN<\/strong><br data-start=\"123\" data-end=\"126\" \/>Nasce l\u2019Associazione Articolo 6, prima rete unitaria che riunisce le 12 minoranze linguistiche storiche riconosciute in Italia dalla legge 482\/1999. L\u2019atto \u00e8 stato firmato a Vigo di Fassa con la partecipazione di enti e associazioni da tutto il Paese. Primo presidente \u00e8 Salvatore Cubeddu, che parla di \u201cnuova fase di collaborazione e progettualit\u00e0 condivisa\u201d. Obiettivo: una sola voce verso istituzioni italiane ed europee. Sostegno dalla Regione Trentino-Alto Adige e dall\u2019assessore ladino Luca Guglielmi. Dal MUSLA, Nicola Cassisi: \u201cFirmato con convinzione, per portare avanti con orgoglio la tutela della diversit\u00e0\u201d<\/p>\n<p>&nbsp;<\/p>\n<hr \/>\n<p>&nbsp;<\/p>\n<blockquote>\n<h3>ACQUEDOTTO A NUOVO A CASTOI: TECNOLOGIA E DIGITALIZZAZIONE PER RIDURRE LE PERDITE<\/h3>\n<\/blockquote>\n<p><strong>BELLUNO<\/strong><\/p>\n<p data-start=\"129\" data-end=\"590\">A Castoi \u00e8 in corso un importante intervento di Servizi Integrati Bellunesi per rendere pi\u00f9 efficiente la rete idrica. Il cantiere prevede la sostituzione di 400 metri di condotte, l\u2019installazione di nuovi misuratori di linea e valvole per stabilizzare la pressione, riducendo cos\u00ec il rischio di rotture. Tutte le utenze saranno dotate di contatori digitali di ultima generazione, capaci di rilevare i consumi da remoto e individuare subito eventuali perdite.<\/p>\n<p data-start=\"592\" data-end=\"1095\">L\u2019opera, avviata a maggio e in chiusura in autunno, rientra nel maxi-progetto da 25,6 milioni di euro finanziato dal PNRR, che punta a digitalizzare e distrettualizzare oltre 1.600 chilometri di rete idrica in tutta la provincia. \u201cSiamo perfettamente in linea con i tempi \u2013 spiega il presidente di SIB Attilio Sommavilla \u2013 e i benefici sono gi\u00e0 evidenti in diversi distretti. L\u2019obiettivo \u00e8 ridurre progressivamente le dispersioni e garantire un servizio pi\u00f9 moderno ed efficiente a tutti i cittadini\u201d.<\/p>\n\n\t\t\t<style type='text\/css'>\n\t\t\t\t#gallery-2 {\n\t\t\t\t\tmargin: auto;\n\t\t\t\t}\n\t\t\t\t#gallery-2 .gallery-item {\n\t\t\t\t\tfloat: left;\n\t\t\t\t\tmargin-top: 10px;\n\t\t\t\t\ttext-align: center;\n\t\t\t\t\twidth: 25%;\n\t\t\t\t}\n\t\t\t\t#gallery-2 img {\n\t\t\t\t\tborder: 2px solid #cfcfcf;\n\t\t\t\t}\n\t\t\t\t#gallery-2 .gallery-caption {\n\t\t\t\t\tmargin-left: 0;\n\t\t\t\t}\n\t\t\t\t\/* see gallery_shortcode() in wp-includes\/media.php *\/\n\t\t\t<\/style>\n\t\t<div id='gallery-2' class='dt-gallery-container gallery galleryid-469993 gallery-columns-4 gallery-size-thumbnail'><dl class='gallery-item'>\n\t\t\t\t<dt class='gallery-icon landscape'>\n\t\t\t\t\t<a class=\"rollover rollover-zoom dt-pswp-item\" title=\"1_il cantiere\" data-dt-img-description=\"\" data-large_image_width=\"1920\" data-large_image_height=\"1080\"href='https:\/\/www.radiopiu.net\/wordpress\/wp-content\/uploads\/2025\/09\/1_il-cantiere.jpeg'><img loading=\"lazy\" decoding=\"async\" width=\"150\" height=\"150\" src=\"https:\/\/www.radiopiu.net\/wordpress\/wp-content\/uploads\/2025\/09\/1_il-cantiere-150x150.jpeg\" class=\"attachment-thumbnail size-thumbnail\" alt=\"\" \/><\/a>\n\t\t\t\t<\/dt><\/dl><dl class='gallery-item'>\n\t\t\t\t<dt class='gallery-icon portrait'>\n\t\t\t\t\t<a class=\"rollover rollover-zoom dt-pswp-item\" title=\"2_il cantiere\" data-dt-img-description=\"\" data-large_image_width=\"557\" data-large_image_height=\"894\"href='https:\/\/www.radiopiu.net\/wordpress\/wp-content\/uploads\/2025\/09\/2_il-cantiere.jpeg'><img loading=\"lazy\" decoding=\"async\" width=\"150\" height=\"150\" src=\"https:\/\/www.radiopiu.net\/wordpress\/wp-content\/uploads\/2025\/09\/2_il-cantiere-150x150.jpeg\" class=\"attachment-thumbnail size-thumbnail\" alt=\"\" \/><\/a>\n\t\t\t\t<\/dt><\/dl><dl class='gallery-item'>\n\t\t\t\t<dt class='gallery-icon portrait'>\n\t\t\t\t\t<a class=\"rollover rollover-zoom dt-pswp-item\" title=\"3_posa della nuova rete di distribuzione\" data-dt-img-description=\"\" data-large_image_width=\"866\" data-large_image_height=\"965\"href='https:\/\/www.radiopiu.net\/wordpress\/wp-content\/uploads\/2025\/09\/3_posa-della-nuova-rete-di-distribuzione.jpeg'><img loading=\"lazy\" decoding=\"async\" width=\"150\" height=\"150\" src=\"https:\/\/www.radiopiu.net\/wordpress\/wp-content\/uploads\/2025\/09\/3_posa-della-nuova-rete-di-distribuzione-150x150.jpeg\" class=\"attachment-thumbnail size-thumbnail\" alt=\"\" \/><\/a>\n\t\t\t\t<\/dt><\/dl><dl class='gallery-item'>\n\t\t\t\t<dt class='gallery-icon landscape'>\n\t\t\t\t\t<a class=\"rollover rollover-zoom dt-pswp-item\" title=\"4_nuove valvole di linea\" data-dt-img-description=\"\" data-large_image_width=\"1920\" data-large_image_height=\"1080\"href='https:\/\/www.radiopiu.net\/wordpress\/wp-content\/uploads\/2025\/09\/4_nuove-valvole-di-linea.jpg'><img loading=\"lazy\" decoding=\"async\" width=\"150\" height=\"150\" src=\"https:\/\/www.radiopiu.net\/wordpress\/wp-content\/uploads\/2025\/09\/4_nuove-valvole-di-linea-150x150.jpg\" class=\"attachment-thumbnail size-thumbnail\" alt=\"\" \/><\/a>\n\t\t\t\t<\/dt><\/dl><br style=\"clear: both\" \/>\n\t\t\t<\/div>\n\n<p>&nbsp;<\/p>\n<hr \/>\n<p>&nbsp;<\/p>\n<blockquote>\n<h3 class=\"elementToProof\">-143 GIORNI ALLE OLIMPIADI: FIS NORDIC SUMMER FESTIVAL, GARE NEI NUOVI IMPIANTI PER MILANO CORTINA 2026<\/h3>\n<\/blockquote>\n<p>Da gioved\u00ec a domenica la Val di Fiemme diventa il cuore del <strong data-start=\"60\" data-end=\"90\">FIS Nordic Summer Festival<\/strong>, evento che segna il debutto ufficiale dei nuovi impianti sportivi trentini in vista di Milano Cortina 2026. Oltre 300 atleti di pi\u00f9 di 20 nazioni si sfideranno in 18 gare tra salto speciale, combinata nordica e skiroll. Il nuovo stadio del salto di Predazzo ospiter\u00e0 le prove di salto e combinata, mentre Ziano di Fiemme sar\u00e0 teatro delle finali di Coppa del Mondo di skiroll. Un test olimpico che va oltre la competizione: qui si verificano strutture, logistica, sicurezza e servizi, per arrivare ai Giochi con impianti rodati e un\u2019organizzazione a pieno regime. Un\u2019anteprima spettacolare, che mostra gi\u00e0 la macchina olimpica in azione.<\/p>\n<p>&nbsp;<\/p>\n<p>&nbsp;<\/p>\n<hr \/>\n<p>&nbsp;<\/p>\n<blockquote>\n<h3>MERCATO DEL LAVORO VENETO: CRESCITA PI\u00d9 DEBOLE NEL 2025<\/h3>\n<\/blockquote>\n<p><strong>VENEZIA <\/strong>Nei primi otto mesi del 2025 il mercato del lavoro veneto registra un saldo positivo di +67.400 posizioni dipendenti, inferiore al +78.400 dello stesso periodo 2024. La contrazione \u00e8 dovuta al calo delle assunzioni (-2%), all\u2019aumento delle cessazioni (+1%) e, soprattutto, al peggioramento di agosto, con -10.500 posti contro i -7.200 dello scorso anno. Tutte le tipologie contrattuali risultano penalizzate: tempo indeterminato (+15.700), tempo determinato (+51.400) e apprendistato (+360). Crescono le cessazioni per fine termine e licenziamenti economici, specie nei servizi turistici e in alcuni settori industriali. Territorialmente, tutte le province soffrono un rallentamento, con cali marcati a Padova, Belluno, Rovigo e Vicenza; solo Venezia mostra un lieve aumento. Settorialmente, agricoltura (+10.200), industria (+4.200) e terziario crescono meno del 2024; in sofferenza metalmeccanico, costruzioni, occhialeria e turismo, mentre nel terziario avanzato spicca l\u2019editoria e cultura legata alla produzione cinematografica.<\/p>\n<p><a class=\"dt-pswp-item\" href=\"https:\/\/www.radiopiu.net\/wordpress\/wp-content\/uploads\/2025\/09\/Infografica-Bussola-settembre-2025-_rgb-scaled.jpg\" data-dt-img-description=\"\" data-large_image_width=\"2560\" data-large_image_height=\"1810\"><img loading=\"lazy\" decoding=\"async\" class=\"alignnone wp-image-470150 size-large\" src=\"https:\/\/www.radiopiu.net\/wordpress\/wp-content\/uploads\/2025\/09\/Infografica-Bussola-settembre-2025-_rgb-1024x724.jpg\" alt=\"\" width=\"1024\" height=\"724\" srcset=\"https:\/\/www.radiopiu.net\/wordpress\/wp-content\/uploads\/2025\/09\/Infografica-Bussola-settembre-2025-_rgb-1024x724.jpg 1024w, https:\/\/www.radiopiu.net\/wordpress\/wp-content\/uploads\/2025\/09\/Infografica-Bussola-settembre-2025-_rgb-300x212.jpg 300w, https:\/\/www.radiopiu.net\/wordpress\/wp-content\/uploads\/2025\/09\/Infografica-Bussola-settembre-2025-_rgb-768x543.jpg 768w, https:\/\/www.radiopiu.net\/wordpress\/wp-content\/uploads\/2025\/09\/Infografica-Bussola-settembre-2025-_rgb-1536x1086.jpg 1536w, https:\/\/www.radiopiu.net\/wordpress\/wp-content\/uploads\/2025\/09\/Infografica-Bussola-settembre-2025-_rgb-2048x1448.jpg 2048w\" sizes=\"auto, (max-width: 1024px) 100vw, 1024px\" \/><\/a><\/p>\n<p>&nbsp;<\/p>\n<hr \/>\n<p>&nbsp;<\/p>\n<blockquote>\n<h3>IL SINDACO DE PELLEGRIN SUL CASO NIS<\/h3>\n<\/blockquote>\n<p><strong><a class=\"dt-pswp-item\" href=\"https:\/\/www.radiopiu.net\/wordpress\/wp-content\/uploads\/2024\/06\/SindacoBelluno_OscarDePellegrin.jpg\" data-dt-img-description=\"\" data-large_image_width=\"2000\" data-large_image_height=\"1333\"><img loading=\"lazy\" decoding=\"async\" class=\" wp-image-396758 alignleft\" src=\"https:\/\/www.radiopiu.net\/wordpress\/wp-content\/uploads\/2024\/06\/SindacoBelluno_OscarDePellegrin-300x200.jpg\" alt=\"\" width=\"199\" height=\"132\" \/><\/a>BELLUNO <\/strong>Il sindaco di Belluno, Oscar De Pellegrin, ha commentato il caso Nis dopo la conferma di condanna da parte della Corte dei Conti, esprimendo dispiacere umano per le persone coinvolte e invitando a una riflessione pi\u00f9 ampia sul ruolo dell\u2019amministrare. Ha sottolineato come quello del sindaco sia un compito complesso, che richiede responsabilit\u00e0, senso civico e capacit\u00e0 di sintesi tra esigenze diverse. Ogni scelta politica \u2013 ha rimarcato \u2013 deve essere valutata in base al reale beneficio per la comunit\u00e0, indipendentemente dalla sua origine politica. De Pellegrin ha ricordato i progetti portati avanti dall\u2019Amministrazione, anche con fondi PNRR, per circa 45 milioni di euro, ribadendo che il bene della citt\u00e0 deve essere sempre la priorit\u00e0.<\/p>\n<p>&nbsp;<\/p>\n<p>&nbsp;<\/p>\n<hr \/>\n<p>&nbsp;<\/p>\n<blockquote>\n<h3>FRESCURA RICONFERMATO ALLA GUIDA DI GIOVANI &amp; FUTURO<\/h3>\n<\/blockquote>\n<p><strong><a class=\"dt-pswp-item\" href=\"https:\/\/www.radiopiu.net\/wordpress\/wp-content\/uploads\/2025\/09\/8c3c15e6-6334-4ae7-84f7-dce8e5d60c25.jpg\" data-dt-img-description=\"\" data-large_image_width=\"1600\" data-large_image_height=\"1231\"><img loading=\"lazy\" decoding=\"async\" class=\" wp-image-470072 alignleft\" src=\"https:\/\/www.radiopiu.net\/wordpress\/wp-content\/uploads\/2025\/09\/8c3c15e6-6334-4ae7-84f7-dce8e5d60c25-300x231.jpg\" alt=\"\" width=\"200\" height=\"154\" srcset=\"https:\/\/www.radiopiu.net\/wordpress\/wp-content\/uploads\/2025\/09\/8c3c15e6-6334-4ae7-84f7-dce8e5d60c25-300x231.jpg 300w, https:\/\/www.radiopiu.net\/wordpress\/wp-content\/uploads\/2025\/09\/8c3c15e6-6334-4ae7-84f7-dce8e5d60c25-1024x788.jpg 1024w, https:\/\/www.radiopiu.net\/wordpress\/wp-content\/uploads\/2025\/09\/8c3c15e6-6334-4ae7-84f7-dce8e5d60c25-768x591.jpg 768w, https:\/\/www.radiopiu.net\/wordpress\/wp-content\/uploads\/2025\/09\/8c3c15e6-6334-4ae7-84f7-dce8e5d60c25-1536x1182.jpg 1536w, https:\/\/www.radiopiu.net\/wordpress\/wp-content\/uploads\/2025\/09\/8c3c15e6-6334-4ae7-84f7-dce8e5d60c25.jpg 1600w\" sizes=\"auto, (max-width: 200px) 100vw, 200px\" \/><\/a>BELLUNO<\/strong> Riconfermata la presidenza bellunese di Giovani &amp; Futuro, il gruppo nato tre anni fa che dal Cadore \u00e8 presente oggi in tutta Italia.<\/p>\n<p><strong>DI DANIELE DALVIT<\/strong><\/p>\n<audio class=\"wp-audio-shortcode\" id=\"audio-469993-5\" preload=\"none\" style=\"width: 100%;\" controls=\"controls\"><source type=\"audio\/mpeg\" src=\"https:\/\/www.radiopiu.net\/wordpress\/wp-content\/uploads\/2025\/09\/Servizio-Giovani-Futuro-rielezione-Frescura.mp3?_=5\" \/><a href=\"https:\/\/www.radiopiu.net\/wordpress\/wp-content\/uploads\/2025\/09\/Servizio-Giovani-Futuro-rielezione-Frescura.mp3\">https:\/\/www.radiopiu.net\/wordpress\/wp-content\/uploads\/2025\/09\/Servizio-Giovani-Futuro-rielezione-Frescura.mp3<\/a><\/audio>\n<p>&nbsp;<\/p>\n<hr \/>\n<p>&nbsp;<\/p>\n<blockquote>\n<h3 data-start=\"0\" data-end=\"59\">FILIERE E PMI | SINERGIE PER UN ECOSISTEMA STRATEGICO<\/h3>\n<\/blockquote>\n<p data-start=\"61\" data-end=\"386\"><strong>FELTRE<\/strong> Domani\u00a0 alle 16,\u00a0 alla Clivet, i Comitati Regionali della Piccola Industria di Confindustria Veneto, Friuli-Venezia Giulia, Trento e Bolzano, in collaborazione con Confindustria Piccola Industria nazionale, organizzano il convegno <em data-start=\"329\" data-end=\"383\">Filiere e PMI: Sinergie per un Ecosistema Strategico<\/em>. L\u2019incontro, quinta tappa di un ciclo dedicato alla cultura di filiera, approfondisce il ruolo delle filiere per la crescita delle PMI italiane, la transizione digitale e sostenibile, e la competitivit\u00e0 complessiva del sistema produttivo. Manager, imprenditori ed esperti illustreranno esperienze concrete, punti di forza e strategie per rafforzare i rapporti di filiera, dalla gestione dei fornitori strategici alla re-verticalizzazione dei processi, con un focus su innovazione, sostenibilit\u00e0 e resilienza dei mercati. Partecipano autorevoli relatori, tra cui Lorraine Berton, Paolo Biscaro, Davide Piol, Alessandro Fontana e altri manager di Piccole Medie Imprese e grandi aziende. Per informazioni e iscrizioni: <a class=\"decorated-link cursor-pointer\" rel=\"noopener\" data-start=\"1088\" data-end=\"1124\">piccolaindustria@confindustria.bl.it<\/a>.<\/p>\n<p>&nbsp;<\/p>\n<p>&nbsp;<\/p>\n<hr \/>\n<p>&nbsp;<\/p>\n<blockquote>\n<h3>DILLO A RADIO PIU&#8217;&#8230;ASFALTATURA AL PASSO FALZAREGO GI\u00c0 DANNEGGIATA<\/h3>\n<\/blockquote>\n<p><strong>RICEVIAMO E PUBBLICHIAMO<\/strong><\/p>\n<p>\u201cF\u00e0 e desf\u00e0 le dut an laur\u00e0\u201d, dice il proverbio, e mai come questa volta sembra calzare a pennello quanto accaduto al Passo Falzarego. Non \u00e8 trascorso nemmeno un mese dalla conclusione dei lavori di asfaltatura e ieri mattina, in localit\u00e0 Cernadoi, la sorpresa: un tratto di strada gi\u00e0 danneggiato, con segni evidenti che fanno storcere il naso a chi percorre quotidianamente quell\u2019arteria. Un intervento recente che lascia dubbi e perplessit\u00e0 sulla qualit\u00e0 e sulla durata dei lavori eseguiti. Inevitabile che la notizia rimbalzi sui social, dove la comunit\u00e0 commenta con amarezza, ironia e una punta di rassegnazione. Strade di montagna delicate, traffico intenso, condizioni climatiche difficili: certo, i fattori non mancano. Ma resta una domanda di fondo: davvero non si poteva fare meglio? Ai cittadini il giudizio.<\/p>\n\n\t\t\t<style type='text\/css'>\n\t\t\t\t#gallery-3 {\n\t\t\t\t\tmargin: auto;\n\t\t\t\t}\n\t\t\t\t#gallery-3 .gallery-item {\n\t\t\t\t\tfloat: left;\n\t\t\t\t\tmargin-top: 10px;\n\t\t\t\t\ttext-align: center;\n\t\t\t\t\twidth: 25%;\n\t\t\t\t}\n\t\t\t\t#gallery-3 img {\n\t\t\t\t\tborder: 2px solid #cfcfcf;\n\t\t\t\t}\n\t\t\t\t#gallery-3 .gallery-caption {\n\t\t\t\t\tmargin-left: 0;\n\t\t\t\t}\n\t\t\t\t\/* see gallery_shortcode() in wp-includes\/media.php *\/\n\t\t\t<\/style>\n\t\t<div id='gallery-3' class='dt-gallery-container gallery galleryid-469993 gallery-columns-4 gallery-size-medium'><dl class='gallery-item'>\n\t\t\t\t<dt class='gallery-icon portrait'>\n\t\t\t\t\t<a class=\"rollover rollover-zoom dt-pswp-item\" title=\"4226791f-c409-4d03-8451-b5f3ebe88512\" data-dt-img-description=\"\" data-large_image_width=\"720\" data-large_image_height=\"960\"href='https:\/\/www.radiopiu.net\/wordpress\/wp-content\/uploads\/2025\/09\/4226791f-c409-4d03-8451-b5f3ebe88512.jpg'><img loading=\"lazy\" decoding=\"async\" width=\"225\" height=\"300\" src=\"https:\/\/www.radiopiu.net\/wordpress\/wp-content\/uploads\/2025\/09\/4226791f-c409-4d03-8451-b5f3ebe88512-225x300.jpg\" class=\"attachment-medium size-medium\" alt=\"\" srcset=\"https:\/\/www.radiopiu.net\/wordpress\/wp-content\/uploads\/2025\/09\/4226791f-c409-4d03-8451-b5f3ebe88512-225x300.jpg 225w, https:\/\/www.radiopiu.net\/wordpress\/wp-content\/uploads\/2025\/09\/4226791f-c409-4d03-8451-b5f3ebe88512.jpg 720w\" sizes=\"auto, (max-width: 225px) 100vw, 225px\" \/><\/a>\n\t\t\t\t<\/dt><\/dl><dl class='gallery-item'>\n\t\t\t\t<dt class='gallery-icon portrait'>\n\t\t\t\t\t<a class=\"rollover rollover-zoom dt-pswp-item\" title=\"41544714-128d-4cb6-ab05-7b537c389b24\" data-dt-img-description=\"\" data-large_image_width=\"720\" data-large_image_height=\"960\"href='https:\/\/www.radiopiu.net\/wordpress\/wp-content\/uploads\/2025\/09\/41544714-128d-4cb6-ab05-7b537c389b24.jpg'><img loading=\"lazy\" decoding=\"async\" width=\"225\" height=\"300\" src=\"https:\/\/www.radiopiu.net\/wordpress\/wp-content\/uploads\/2025\/09\/41544714-128d-4cb6-ab05-7b537c389b24-225x300.jpg\" class=\"attachment-medium size-medium\" alt=\"\" srcset=\"https:\/\/www.radiopiu.net\/wordpress\/wp-content\/uploads\/2025\/09\/41544714-128d-4cb6-ab05-7b537c389b24-225x300.jpg 225w, https:\/\/www.radiopiu.net\/wordpress\/wp-content\/uploads\/2025\/09\/41544714-128d-4cb6-ab05-7b537c389b24.jpg 720w\" sizes=\"auto, (max-width: 225px) 100vw, 225px\" \/><\/a>\n\t\t\t\t<\/dt><\/dl><dl class='gallery-item'>\n\t\t\t\t<dt class='gallery-icon portrait'>\n\t\t\t\t\t<a class=\"rollover rollover-zoom dt-pswp-item\" title=\"4bb8bfec-49a6-472b-9063-2876001e3acd\" data-dt-img-description=\"\" data-large_image_width=\"720\" data-large_image_height=\"960\"href='https:\/\/www.radiopiu.net\/wordpress\/wp-content\/uploads\/2025\/09\/4bb8bfec-49a6-472b-9063-2876001e3acd.jpg'><img loading=\"lazy\" decoding=\"async\" width=\"225\" height=\"300\" src=\"https:\/\/www.radiopiu.net\/wordpress\/wp-content\/uploads\/2025\/09\/4bb8bfec-49a6-472b-9063-2876001e3acd-225x300.jpg\" class=\"attachment-medium size-medium\" alt=\"\" srcset=\"https:\/\/www.radiopiu.net\/wordpress\/wp-content\/uploads\/2025\/09\/4bb8bfec-49a6-472b-9063-2876001e3acd-225x300.jpg 225w, https:\/\/www.radiopiu.net\/wordpress\/wp-content\/uploads\/2025\/09\/4bb8bfec-49a6-472b-9063-2876001e3acd.jpg 720w\" sizes=\"auto, (max-width: 225px) 100vw, 225px\" \/><\/a>\n\t\t\t\t<\/dt><\/dl><dl class='gallery-item'>\n\t\t\t\t<dt class='gallery-icon portrait'>\n\t\t\t\t\t<a class=\"rollover rollover-zoom dt-pswp-item\" title=\"6c641c86-d289-447a-86d0-e8f5c5ffeac4\" data-dt-img-description=\"\" data-large_image_width=\"720\" data-large_image_height=\"960\"href='https:\/\/www.radiopiu.net\/wordpress\/wp-content\/uploads\/2025\/09\/6c641c86-d289-447a-86d0-e8f5c5ffeac4.jpg'><img loading=\"lazy\" decoding=\"async\" width=\"225\" height=\"300\" src=\"https:\/\/www.radiopiu.net\/wordpress\/wp-content\/uploads\/2025\/09\/6c641c86-d289-447a-86d0-e8f5c5ffeac4-225x300.jpg\" class=\"attachment-medium size-medium\" alt=\"\" srcset=\"https:\/\/www.radiopiu.net\/wordpress\/wp-content\/uploads\/2025\/09\/6c641c86-d289-447a-86d0-e8f5c5ffeac4-225x300.jpg 225w, https:\/\/www.radiopiu.net\/wordpress\/wp-content\/uploads\/2025\/09\/6c641c86-d289-447a-86d0-e8f5c5ffeac4.jpg 720w\" sizes=\"auto, (max-width: 225px) 100vw, 225px\" \/><\/a>\n\t\t\t\t<\/dt><\/dl><br style=\"clear: both\" \/>\n\t\t\t<\/div>\n\n<p>&nbsp;<\/p>\n<hr \/>\n<p>&nbsp;<\/p>\n<blockquote>\n<h3>VOLTAGO CONFERISCE LA CITTADINANZA ONORARIA AL COMANDO DEI VIGILI DEL FUOCO DI BELLUNO<\/h3>\n<\/blockquote>\n<p><strong><a class=\"dt-pswp-item\" href=\"https:\/\/www.radiopiu.net\/wordpress\/wp-content\/uploads\/2025\/09\/107a7440-cba5-4afd-aae3-fcee5413d028.jpg\" data-dt-img-description=\"\" data-large_image_width=\"1600\" data-large_image_height=\"1200\"><img loading=\"lazy\" decoding=\"async\" class=\" wp-image-469922 alignleft\" src=\"https:\/\/www.radiopiu.net\/wordpress\/wp-content\/uploads\/2025\/09\/107a7440-cba5-4afd-aae3-fcee5413d028-300x225.jpg\" alt=\"\" width=\"227\" height=\"170\" srcset=\"https:\/\/www.radiopiu.net\/wordpress\/wp-content\/uploads\/2025\/09\/107a7440-cba5-4afd-aae3-fcee5413d028-300x225.jpg 300w, https:\/\/www.radiopiu.net\/wordpress\/wp-content\/uploads\/2025\/09\/107a7440-cba5-4afd-aae3-fcee5413d028-1024x768.jpg 1024w, https:\/\/www.radiopiu.net\/wordpress\/wp-content\/uploads\/2025\/09\/107a7440-cba5-4afd-aae3-fcee5413d028-768x576.jpg 768w, https:\/\/www.radiopiu.net\/wordpress\/wp-content\/uploads\/2025\/09\/107a7440-cba5-4afd-aae3-fcee5413d028-1536x1152.jpg 1536w, https:\/\/www.radiopiu.net\/wordpress\/wp-content\/uploads\/2025\/09\/107a7440-cba5-4afd-aae3-fcee5413d028.jpg 1600w\" sizes=\"auto, (max-width: 227px) 100vw, 227px\" \/><\/a>VOLTAGO <\/strong>Il Comune di Voltago Agordino conferir\u00e0 la <strong data-start=\"90\" data-end=\"158\">Cittadinanza Onoraria al Comando dei Vigili del Fuoco di Belluno<\/strong> sabato 18 ottobre 2025, nella frazione di Frassen\u00e8. L\u2019iniziativa nasce come riconoscimento per l\u2019impegno, la dedizione e la professionalit\u00e0 dimostrati durante il violento incendio che, dal 2 al 4 gennaio 2025. Il tempestivo intervento dei Vigili del Fuoco, con uomini e mezzi specializzati, ha permesso di contenere le fiamme, proteggere le case e rassicurare la popolazione, lasciando un segno profondo nella comunit\u00e0. La cerimonia prevede la consegna ufficiale della cittadinanza presso la Scuola \u201cPaolo Mosca\u201d, lo scoprimento di una targa commemorativa, una sfilata con i mezzi del Corpo, gli interventi di autorit\u00e0, enti e associazioni, e infine un rinfresco comunitario. Il sindaco Giuseppe Schena ha sottolineato che l\u2019evento rappresenta non solo gratitudine verso i Vigili del Fuoco, ma anche un simbolico omaggio alla solidariet\u00e0 civica dimostrata durante l\u2019emergenza.<\/p>\n<p>&nbsp;<\/p>\n<p>&nbsp;<\/p>\n<hr \/>\n<p>&nbsp;<\/p>\n<blockquote>\n<h3>IL BELLUNESE SI ILLUMINA DI VIOLA PER IL WORLD GO DAY<\/h3>\n<\/blockquote>\n<p><strong><a class=\"dt-pswp-item\" href=\"https:\/\/www.radiopiu.net\/wordpress\/wp-content\/uploads\/2025\/09\/545411553_10239762495706052_2632328410166808121_n.jpg\" data-dt-img-description=\"\" data-large_image_width=\"1080\" data-large_image_height=\"1472\"><img loading=\"lazy\" decoding=\"async\" class=\" wp-image-470101 alignleft\" src=\"https:\/\/www.radiopiu.net\/wordpress\/wp-content\/uploads\/2025\/09\/545411553_10239762495706052_2632328410166808121_n-220x300.jpg\" alt=\"\" width=\"149\" height=\"203\" srcset=\"https:\/\/www.radiopiu.net\/wordpress\/wp-content\/uploads\/2025\/09\/545411553_10239762495706052_2632328410166808121_n-220x300.jpg 220w, https:\/\/www.radiopiu.net\/wordpress\/wp-content\/uploads\/2025\/09\/545411553_10239762495706052_2632328410166808121_n-751x1024.jpg 751w, https:\/\/www.radiopiu.net\/wordpress\/wp-content\/uploads\/2025\/09\/545411553_10239762495706052_2632328410166808121_n-768x1047.jpg 768w, https:\/\/www.radiopiu.net\/wordpress\/wp-content\/uploads\/2025\/09\/545411553_10239762495706052_2632328410166808121_n.jpg 1080w\" sizes=\"auto, (max-width: 149px) 100vw, 149px\" \/><\/a>BELLUNO <\/strong>Il 20 settembre 2025 anche la casa natale di Papa Luciani a Canale d\u2019Agordo si tinger\u00e0 di viola in occasione del 7\u00b0 World GO Day, la Giornata Mondiale dell\u2019Oncologia Ginecologica. L\u2019iniziativa, rilanciata in provincia dalla sezione bellunese di Acto, ha raccolto un\u2019adesione straordinaria: una ventina di Comuni hanno infatti deciso di illuminare edifici pubblici e monumenti con il colore simbolo della campagna. \u00abVogliamo sensibilizzare sulla prevenzione e abbattere lo stigma che ancora accompagna i tumori ginecologici\u00bb spiegano da Acto Belluno. Per questo, oltre all\u2019impegno delle istituzioni, si chiede la partecipazione attiva dei cittadini: fotografare i luoghi illuminati e condividere le immagini sui social, taggando @actotriveneto, per moltiplicare la consapevolezza. L\u2019elenco dei Comuni aderenti \u00e8 ampio e variegato, a testimonianza di un territorio unito: Domegge, Lorenzago, Valle e Vigo di Cadore, Cencenighe, Canale d\u2019Agordo, Vallada, Agordo, Voltago, Taibon, Soverzene, Santa Giustina, Borgo Valbelluna, Pedavena, Lamon, Setteville, Zopp\u00e8 di Cadore, Limana e Longarone. Un gesto simbolico, ma di forte impatto, che unisce comunit\u00e0 e istituzioni nella lotta contro i tumori ginecologici. Tutte le informazioni sulla campagna sono disponibili sul sito ufficiale <strong data-start=\"1360\" data-end=\"1382\"><a class=\"decorated-link\" href=\"http:\/\/www.worldgoday.org\" target=\"_new\" rel=\"noopener\" data-start=\"1362\" data-end=\"1380\">www.worldgoday.org<\/a><\/strong>.<\/p>\n<p>&nbsp;<\/p>\n<p>&nbsp;<\/p>\n<hr \/>\n<p>&nbsp;<\/p>\n<blockquote>\n<h3>A IGNAN IL TRIONFO DELLA LETTERATURA CON LA RASSEGNA \u201cI LUOGHI NEI LIBRI\u201d<\/h3>\n<\/blockquote>\n<p><strong>DI LUISA ALCHINI<\/strong><\/p>\n<p><strong>SANTA GIUSTINA<\/strong> Domenica 14 settembre, per tutto il giorno, nella frazione di Ignan a Santa Giustina abbiamo assistito al trionfo della letteratura dove i libri hanno preso vita attraverso letture e rappresentazioni teatrali di rilevante spessore culturale. La rassegna \u201cI luoghi nei libri\u201d \u00e8 culminata nella manifestazione con un bilancio pi\u00f9 che soddisfacente se pensiamo allo straordinario afflusso di pubblico ed ai numeri di persone ed associazioni coinvolte. Il merito va indubbiamente alla ideatrice e coordinatrice Lara Rossa con il gruppo Las Palabras con il sostegno del Gruppo ricreativo di Ignan e del Veses, con il patrocinio del Comune di Santa Giustina . Ai microfoni di radio Lara Rossa, anima e cuore de \u201cI luoghi nei Libri\u201d<\/p>\n<p><strong>AUDIO<\/strong><\/p>\n<audio class=\"wp-audio-shortcode\" id=\"audio-469993-6\" preload=\"none\" style=\"width: 100%;\" controls=\"controls\"><source type=\"audio\/mpeg\" src=\"https:\/\/www.radiopiu.net\/wordpress\/wp-content\/uploads\/2025\/09\/15092025-luoghi-nei-libri.mp3?_=6\" \/><a href=\"https:\/\/www.radiopiu.net\/wordpress\/wp-content\/uploads\/2025\/09\/15092025-luoghi-nei-libri.mp3\">https:\/\/www.radiopiu.net\/wordpress\/wp-content\/uploads\/2025\/09\/15092025-luoghi-nei-libri.mp3<\/a><\/audio>\n<p>&nbsp;<\/p>\n\n\t\t\t<style type='text\/css'>\n\t\t\t\t#gallery-4 {\n\t\t\t\t\tmargin: auto;\n\t\t\t\t}\n\t\t\t\t#gallery-4 .gallery-item {\n\t\t\t\t\tfloat: left;\n\t\t\t\t\tmargin-top: 10px;\n\t\t\t\t\ttext-align: center;\n\t\t\t\t\twidth: 16%;\n\t\t\t\t}\n\t\t\t\t#gallery-4 img {\n\t\t\t\t\tborder: 2px solid #cfcfcf;\n\t\t\t\t}\n\t\t\t\t#gallery-4 .gallery-caption {\n\t\t\t\t\tmargin-left: 0;\n\t\t\t\t}\n\t\t\t\t\/* see gallery_shortcode() in wp-includes\/media.php *\/\n\t\t\t<\/style>\n\t\t<div id='gallery-4' class='dt-gallery-container gallery galleryid-469993 gallery-columns-6 gallery-size-thumbnail'><dl class='gallery-item'>\n\t\t\t\t<dt class='gallery-icon portrait'>\n\t\t\t\t\t<a class=\"rollover rollover-zoom dt-pswp-item\" title=\"9e9ee3c0-faa9-4213-90a3-0e19ca303148\" data-dt-img-description=\"\" data-large_image_width=\"1404\" data-large_image_height=\"1824\"href='https:\/\/www.radiopiu.net\/wordpress\/wp-content\/uploads\/2025\/09\/9e9ee3c0-faa9-4213-90a3-0e19ca303148.jpg'><img loading=\"lazy\" decoding=\"async\" width=\"150\" height=\"150\" src=\"https:\/\/www.radiopiu.net\/wordpress\/wp-content\/uploads\/2025\/09\/9e9ee3c0-faa9-4213-90a3-0e19ca303148-150x150.jpg\" class=\"attachment-thumbnail size-thumbnail\" alt=\"\" \/><\/a>\n\t\t\t\t<\/dt><\/dl><dl class='gallery-item'>\n\t\t\t\t<dt class='gallery-icon landscape'>\n\t\t\t\t\t<a class=\"rollover rollover-zoom dt-pswp-item\" title=\"68f4adc2-512f-4978-814d-60c5ae4c9a84\" data-dt-img-description=\"\" data-large_image_width=\"2048\" data-large_image_height=\"1624\"href='https:\/\/www.radiopiu.net\/wordpress\/wp-content\/uploads\/2025\/09\/68f4adc2-512f-4978-814d-60c5ae4c9a84.jpg'><img loading=\"lazy\" decoding=\"async\" width=\"150\" height=\"150\" src=\"https:\/\/www.radiopiu.net\/wordpress\/wp-content\/uploads\/2025\/09\/68f4adc2-512f-4978-814d-60c5ae4c9a84-150x150.jpg\" class=\"attachment-thumbnail size-thumbnail\" alt=\"\" \/><\/a>\n\t\t\t\t<\/dt><\/dl><dl class='gallery-item'>\n\t\t\t\t<dt class='gallery-icon portrait'>\n\t\t\t\t\t<a class=\"rollover rollover-zoom dt-pswp-item\" title=\"d2965fc1-56e6-4da4-8704-f20d858d269c\" data-dt-img-description=\"\" data-large_image_width=\"1501\" data-large_image_height=\"2048\"href='https:\/\/www.radiopiu.net\/wordpress\/wp-content\/uploads\/2025\/09\/d2965fc1-56e6-4da4-8704-f20d858d269c.jpg'><img loading=\"lazy\" decoding=\"async\" width=\"150\" height=\"150\" src=\"https:\/\/www.radiopiu.net\/wordpress\/wp-content\/uploads\/2025\/09\/d2965fc1-56e6-4da4-8704-f20d858d269c-150x150.jpg\" class=\"attachment-thumbnail size-thumbnail\" alt=\"\" \/><\/a>\n\t\t\t\t<\/dt><\/dl><dl class='gallery-item'>\n\t\t\t\t<dt class='gallery-icon portrait'>\n\t\t\t\t\t<a class=\"rollover rollover-zoom dt-pswp-item\" title=\"3dd37ff7-8446-484e-9af7-b725883a1c7f\" data-dt-img-description=\"\" data-large_image_width=\"1501\" data-large_image_height=\"2048\"href='https:\/\/www.radiopiu.net\/wordpress\/wp-content\/uploads\/2025\/09\/3dd37ff7-8446-484e-9af7-b725883a1c7f.jpg'><img loading=\"lazy\" decoding=\"async\" width=\"150\" height=\"150\" src=\"https:\/\/www.radiopiu.net\/wordpress\/wp-content\/uploads\/2025\/09\/3dd37ff7-8446-484e-9af7-b725883a1c7f-150x150.jpg\" class=\"attachment-thumbnail size-thumbnail\" alt=\"\" \/><\/a>\n\t\t\t\t<\/dt><\/dl><dl class='gallery-item'>\n\t\t\t\t<dt class='gallery-icon portrait'>\n\t\t\t\t\t<a class=\"rollover rollover-zoom dt-pswp-item\" title=\"0d4afe25-d85e-4d8c-899c-ebb2c811dccc\" data-dt-img-description=\"\" data-large_image_width=\"1536\" data-large_image_height=\"2048\"href='https:\/\/www.radiopiu.net\/wordpress\/wp-content\/uploads\/2025\/09\/0d4afe25-d85e-4d8c-899c-ebb2c811dccc.jpg'><img loading=\"lazy\" decoding=\"async\" width=\"150\" height=\"150\" src=\"https:\/\/www.radiopiu.net\/wordpress\/wp-content\/uploads\/2025\/09\/0d4afe25-d85e-4d8c-899c-ebb2c811dccc-150x150.jpg\" class=\"attachment-thumbnail size-thumbnail\" alt=\"\" \/><\/a>\n\t\t\t\t<\/dt><\/dl><dl class='gallery-item'>\n\t\t\t\t<dt class='gallery-icon portrait'>\n\t\t\t\t\t<a class=\"rollover rollover-zoom dt-pswp-item\" title=\"cd9c0116-67d2-4bfe-b171-f9129a1906fa\" data-dt-img-description=\"\" data-large_image_width=\"1536\" data-large_image_height=\"2048\"href='https:\/\/www.radiopiu.net\/wordpress\/wp-content\/uploads\/2025\/09\/cd9c0116-67d2-4bfe-b171-f9129a1906fa.jpg'><img loading=\"lazy\" decoding=\"async\" width=\"150\" height=\"150\" src=\"https:\/\/www.radiopiu.net\/wordpress\/wp-content\/uploads\/2025\/09\/cd9c0116-67d2-4bfe-b171-f9129a1906fa-150x150.jpg\" class=\"attachment-thumbnail size-thumbnail\" alt=\"\" \/><\/a>\n\t\t\t\t<\/dt><\/dl><br style=\"clear: both\" \/><dl class='gallery-item'>\n\t\t\t\t<dt class='gallery-icon portrait'>\n\t\t\t\t\t<a class=\"rollover rollover-zoom dt-pswp-item\" title=\"3e377dd4-d057-4545-8c0f-aff587a20d8f\" data-dt-img-description=\"\" data-large_image_width=\"1536\" data-large_image_height=\"2048\"href='https:\/\/www.radiopiu.net\/wordpress\/wp-content\/uploads\/2025\/09\/3e377dd4-d057-4545-8c0f-aff587a20d8f.jpg'><img loading=\"lazy\" decoding=\"async\" width=\"150\" height=\"150\" src=\"https:\/\/www.radiopiu.net\/wordpress\/wp-content\/uploads\/2025\/09\/3e377dd4-d057-4545-8c0f-aff587a20d8f-150x150.jpg\" class=\"attachment-thumbnail size-thumbnail\" alt=\"\" \/><\/a>\n\t\t\t\t<\/dt><\/dl><dl class='gallery-item'>\n\t\t\t\t<dt class='gallery-icon portrait'>\n\t\t\t\t\t<a class=\"rollover rollover-zoom dt-pswp-item\" title=\"0eb1c976-6675-4a29-9df7-10d11dd16130\" data-dt-img-description=\"\" data-large_image_width=\"1536\" data-large_image_height=\"2048\"href='https:\/\/www.radiopiu.net\/wordpress\/wp-content\/uploads\/2025\/09\/0eb1c976-6675-4a29-9df7-10d11dd16130.jpg'><img loading=\"lazy\" decoding=\"async\" width=\"150\" height=\"150\" src=\"https:\/\/www.radiopiu.net\/wordpress\/wp-content\/uploads\/2025\/09\/0eb1c976-6675-4a29-9df7-10d11dd16130-150x150.jpg\" class=\"attachment-thumbnail size-thumbnail\" alt=\"\" \/><\/a>\n\t\t\t\t<\/dt><\/dl><dl class='gallery-item'>\n\t\t\t\t<dt class='gallery-icon portrait'>\n\t\t\t\t\t<a class=\"rollover rollover-zoom dt-pswp-item\" title=\"f840cd04-ce49-4d51-ac82-01ebd4c0eb0f\" data-dt-img-description=\"\" data-large_image_width=\"1498\" data-large_image_height=\"2048\"href='https:\/\/www.radiopiu.net\/wordpress\/wp-content\/uploads\/2025\/09\/f840cd04-ce49-4d51-ac82-01ebd4c0eb0f.jpg'><img loading=\"lazy\" decoding=\"async\" width=\"150\" height=\"150\" src=\"https:\/\/www.radiopiu.net\/wordpress\/wp-content\/uploads\/2025\/09\/f840cd04-ce49-4d51-ac82-01ebd4c0eb0f-150x150.jpg\" class=\"attachment-thumbnail size-thumbnail\" alt=\"\" \/><\/a>\n\t\t\t\t<\/dt><\/dl><dl class='gallery-item'>\n\t\t\t\t<dt class='gallery-icon portrait'>\n\t\t\t\t\t<a class=\"rollover rollover-zoom dt-pswp-item\" title=\"afba14d9-8455-41c0-949f-9cac49dc7565\" data-dt-img-description=\"\" data-large_image_width=\"1583\" data-large_image_height=\"2048\"href='https:\/\/www.radiopiu.net\/wordpress\/wp-content\/uploads\/2025\/09\/afba14d9-8455-41c0-949f-9cac49dc7565.jpg'><img loading=\"lazy\" decoding=\"async\" width=\"150\" height=\"150\" src=\"https:\/\/www.radiopiu.net\/wordpress\/wp-content\/uploads\/2025\/09\/afba14d9-8455-41c0-949f-9cac49dc7565-150x150.jpg\" class=\"attachment-thumbnail size-thumbnail\" alt=\"\" \/><\/a>\n\t\t\t\t<\/dt><\/dl><dl class='gallery-item'>\n\t\t\t\t<dt class='gallery-icon landscape'>\n\t\t\t\t\t<a class=\"rollover rollover-zoom dt-pswp-item\" title=\"6058b68f-69ea-46a3-9809-f8ea29e00d8d\" data-dt-img-description=\"\" data-large_image_width=\"2048\" data-large_image_height=\"1536\"href='https:\/\/www.radiopiu.net\/wordpress\/wp-content\/uploads\/2025\/09\/6058b68f-69ea-46a3-9809-f8ea29e00d8d.jpg'><img loading=\"lazy\" decoding=\"async\" width=\"150\" height=\"150\" src=\"https:\/\/www.radiopiu.net\/wordpress\/wp-content\/uploads\/2025\/09\/6058b68f-69ea-46a3-9809-f8ea29e00d8d-150x150.jpg\" class=\"attachment-thumbnail size-thumbnail\" alt=\"\" \/><\/a>\n\t\t\t\t<\/dt><\/dl><dl class='gallery-item'>\n\t\t\t\t<dt class='gallery-icon portrait'>\n\t\t\t\t\t<a class=\"rollover rollover-zoom dt-pswp-item\" title=\"e5640c66-5bd8-4b5e-98cb-e413f67130d0\" data-dt-img-description=\"\" data-large_image_width=\"1599\" data-large_image_height=\"2048\"href='https:\/\/www.radiopiu.net\/wordpress\/wp-content\/uploads\/2025\/09\/e5640c66-5bd8-4b5e-98cb-e413f67130d0.jpg'><img loading=\"lazy\" decoding=\"async\" width=\"150\" height=\"150\" src=\"https:\/\/www.radiopiu.net\/wordpress\/wp-content\/uploads\/2025\/09\/e5640c66-5bd8-4b5e-98cb-e413f67130d0-150x150.jpg\" class=\"attachment-thumbnail size-thumbnail\" alt=\"\" \/><\/a>\n\t\t\t\t<\/dt><\/dl><br style=\"clear: both\" \/><dl class='gallery-item'>\n\t\t\t\t<dt class='gallery-icon portrait'>\n\t\t\t\t\t<a class=\"rollover rollover-zoom dt-pswp-item\" title=\"3329c4a0-f20c-437d-910a-e891dc7e0738\" data-dt-img-description=\"\" data-large_image_width=\"1536\" data-large_image_height=\"2048\"href='https:\/\/www.radiopiu.net\/wordpress\/wp-content\/uploads\/2025\/09\/3329c4a0-f20c-437d-910a-e891dc7e0738.jpg'><img loading=\"lazy\" decoding=\"async\" width=\"150\" height=\"150\" src=\"https:\/\/www.radiopiu.net\/wordpress\/wp-content\/uploads\/2025\/09\/3329c4a0-f20c-437d-910a-e891dc7e0738-150x150.jpg\" class=\"attachment-thumbnail size-thumbnail\" alt=\"\" \/><\/a>\n\t\t\t\t<\/dt><\/dl><dl class='gallery-item'>\n\t\t\t\t<dt class='gallery-icon portrait'>\n\t\t\t\t\t<a class=\"rollover rollover-zoom dt-pswp-item\" title=\"148e3dbe-b701-4506-9d9c-a33120168a83\" data-dt-img-description=\"\" data-large_image_width=\"1536\" data-large_image_height=\"2048\"href='https:\/\/www.radiopiu.net\/wordpress\/wp-content\/uploads\/2025\/09\/148e3dbe-b701-4506-9d9c-a33120168a83.jpg'><img loading=\"lazy\" decoding=\"async\" width=\"150\" height=\"150\" src=\"https:\/\/www.radiopiu.net\/wordpress\/wp-content\/uploads\/2025\/09\/148e3dbe-b701-4506-9d9c-a33120168a83-150x150.jpg\" class=\"attachment-thumbnail size-thumbnail\" alt=\"\" \/><\/a>\n\t\t\t\t<\/dt><\/dl><dl class='gallery-item'>\n\t\t\t\t<dt class='gallery-icon portrait'>\n\t\t\t\t\t<a class=\"rollover rollover-zoom dt-pswp-item\" title=\"a2921272-7c25-49b5-a987-9f56f95f0d55\" data-dt-img-description=\"\" data-large_image_width=\"1536\" data-large_image_height=\"2048\"href='https:\/\/www.radiopiu.net\/wordpress\/wp-content\/uploads\/2025\/09\/a2921272-7c25-49b5-a987-9f56f95f0d55.jpg'><img loading=\"lazy\" decoding=\"async\" width=\"150\" height=\"150\" src=\"https:\/\/www.radiopiu.net\/wordpress\/wp-content\/uploads\/2025\/09\/a2921272-7c25-49b5-a987-9f56f95f0d55-150x150.jpg\" class=\"attachment-thumbnail size-thumbnail\" alt=\"\" \/><\/a>\n\t\t\t\t<\/dt><\/dl><dl class='gallery-item'>\n\t\t\t\t<dt class='gallery-icon portrait'>\n\t\t\t\t\t<a class=\"rollover rollover-zoom dt-pswp-item\" title=\"e2fcfbc3-a3a8-41ac-b028-f5ff2c63dfa6\" data-dt-img-description=\"\" data-large_image_width=\"1536\" data-large_image_height=\"2048\"href='https:\/\/www.radiopiu.net\/wordpress\/wp-content\/uploads\/2025\/09\/e2fcfbc3-a3a8-41ac-b028-f5ff2c63dfa6.jpg'><img loading=\"lazy\" decoding=\"async\" width=\"150\" height=\"150\" src=\"https:\/\/www.radiopiu.net\/wordpress\/wp-content\/uploads\/2025\/09\/e2fcfbc3-a3a8-41ac-b028-f5ff2c63dfa6-150x150.jpg\" class=\"attachment-thumbnail size-thumbnail\" alt=\"\" \/><\/a>\n\t\t\t\t<\/dt><\/dl><dl class='gallery-item'>\n\t\t\t\t<dt class='gallery-icon landscape'>\n\t\t\t\t\t<a class=\"rollover rollover-zoom dt-pswp-item\" title=\"bf34b849-deec-4883-87d1-d908809d3e0f\" data-dt-img-description=\"\" data-large_image_width=\"2048\" data-large_image_height=\"1536\"href='https:\/\/www.radiopiu.net\/wordpress\/wp-content\/uploads\/2025\/09\/bf34b849-deec-4883-87d1-d908809d3e0f.jpg'><img loading=\"lazy\" decoding=\"async\" width=\"150\" height=\"150\" src=\"https:\/\/www.radiopiu.net\/wordpress\/wp-content\/uploads\/2025\/09\/bf34b849-deec-4883-87d1-d908809d3e0f-150x150.jpg\" class=\"attachment-thumbnail size-thumbnail\" alt=\"\" \/><\/a>\n\t\t\t\t<\/dt><\/dl><dl class='gallery-item'>\n\t\t\t\t<dt class='gallery-icon portrait'>\n\t\t\t\t\t<a class=\"rollover rollover-zoom dt-pswp-item\" title=\"3c3632bc-64f8-4ac4-a91a-fcb00739b41d\" data-dt-img-description=\"\" data-large_image_width=\"1536\" data-large_image_height=\"2048\"href='https:\/\/www.radiopiu.net\/wordpress\/wp-content\/uploads\/2025\/09\/3c3632bc-64f8-4ac4-a91a-fcb00739b41d.jpg'><img loading=\"lazy\" decoding=\"async\" width=\"150\" height=\"150\" src=\"https:\/\/www.radiopiu.net\/wordpress\/wp-content\/uploads\/2025\/09\/3c3632bc-64f8-4ac4-a91a-fcb00739b41d-150x150.jpg\" class=\"attachment-thumbnail size-thumbnail\" alt=\"\" \/><\/a>\n\t\t\t\t<\/dt><\/dl><br style=\"clear: both\" \/>\n\t\t\t<\/div>\n\n<p>&nbsp;<\/p>\n<div style=\"width: 848px;\" class=\"wp-video\"><video class=\"wp-video-shortcode\" id=\"video-469993-1\" width=\"848\" height=\"480\" preload=\"metadata\" controls=\"controls\"><source type=\"video\/mp4\" src=\"https:\/\/www.radiopiu.net\/wordpress\/wp-content\/uploads\/2025\/09\/WhatsApp-Video-2025-09-16-at-15.45.31.mp4?_=1\" \/><a href=\"https:\/\/www.radiopiu.net\/wordpress\/wp-content\/uploads\/2025\/09\/WhatsApp-Video-2025-09-16-at-15.45.31.mp4\">https:\/\/www.radiopiu.net\/wordpress\/wp-content\/uploads\/2025\/09\/WhatsApp-Video-2025-09-16-at-15.45.31.mp4<\/a><\/video><\/div>\n<p>&nbsp;<\/p>\n<hr \/>\n<p>&nbsp;<\/p>\n<blockquote>\n<h3>IL MESE DEL LIBRO 2025 DI ALPAGO: UN VIAGGIO TRA CULTURA E CONFINI<\/h3>\n<\/blockquote>\n<p><strong><a class=\"dt-pswp-item\" href=\"https:\/\/www.radiopiu.net\/wordpress\/wp-content\/uploads\/2025\/09\/MESE-LIB.jpg\" data-dt-img-description=\"\" data-large_image_width=\"746\" data-large_image_height=\"495\"><img loading=\"lazy\" decoding=\"async\" class=\" wp-image-470135 alignleft\" src=\"https:\/\/www.radiopiu.net\/wordpress\/wp-content\/uploads\/2025\/09\/MESE-LIB-300x199.jpg\" alt=\"\" width=\"178\" height=\"118\" srcset=\"https:\/\/www.radiopiu.net\/wordpress\/wp-content\/uploads\/2025\/09\/MESE-LIB-300x199.jpg 300w, https:\/\/www.radiopiu.net\/wordpress\/wp-content\/uploads\/2025\/09\/MESE-LIB.jpg 746w\" sizes=\"auto, (max-width: 178px) 100vw, 178px\" \/><\/a>ALPAGO <\/strong>La 14\u00aa edizione del Mese del Libro, organizzata dal Comune di Alpago, si svolger\u00e0 dal 20 settembre al 23 ottobre 2025 e avr\u00e0 come filo conduttore il tema del confine. L\u2019ispirazione nasce dal 150\u00b0 anniversario della nascita dell\u2019artista Pieretto Bianco, triestino di frontiera, e dal riconoscimento di Gorizia e Nova Gorica come Capitale Europea della Cultura 2025. Il programma propone sei incontri con autori, giornalisti e studiosi, tra cui Fabrizio Noli, Raoul Pupo, Giustina Selvelli e Federica Manzon, vincitrice del Premio Campiello 2024. Accanto agli appuntamenti principali, particolare attenzione sar\u00e0 rivolta alle scuole con attivit\u00e0 dedicate: un incontro con lo storico dell\u2019arte Enrico Lucchese e un laboratorio artistico condotto da Roberta Cadorin. Gli eventi, gratuiti e aperti a tutta la cittadinanza, si terranno in diversi spazi culturali, compresa la nuova Aula Magna di Puos, per rafforzare il legame tra formazione, cultura e comunit\u00e0.<\/p>\n<p>&nbsp;<\/p>\n<hr \/>\n<p>&nbsp;<\/p>\n<blockquote>\n<h3>IL CUORE SPORTIVO DI ROCCA PIETORE: 18 SQUADRE IN CAMPO AL TROFEO 16 COMUNI<\/h3>\n<\/blockquote>\n<p data-start=\"58\" data-end=\"226\"><img decoding=\"async\" class=\"alignleft\" src=\"https:\/\/www.radiopiu.net\/wordpress\/wp-content\/uploads\/2025\/09\/Screenshot-2025-09-17-044911.png\" \/>Domenica ai Piani di Pezz\u00e8 si \u00e8 disputato il <strong data-start=\"103\" data-end=\"137\">Trofeo 16 Comuni dell\u2019Agordino<\/strong>, appuntamento sportivo che ogni anno unisce atleti, amministrazioni e comunit\u00e0 locali.<\/p>\n<p data-start=\"228\" data-end=\"474\">Per Rocca Pietore l\u2019edizione 2025 si \u00e8 rivelata un successo: <strong data-start=\"289\" data-end=\"355\">18 squadre in campo, quasi il doppio rispetto allo scorso anno<\/strong>, e un prestigioso 9\u00b0 posto finale. Un risultato che conferma la crescita e la vivacit\u00e0 del gruppo sportivo comunale.<\/p>\n<p data-start=\"476\" data-end=\"705\"><em>\u00abCome amministrazione \u2013 sottolinea il sindaco Valerio Davar\u00e8 \u2013 vogliamo ringraziare tutti gli atleti, ma soprattutto Beatrice Colleselli e Sara Darman, che con grande impegno si fanno carico dell\u2019organizzazione anno dopo anno\u00bb.<\/em><\/p>\n<p data-start=\"707\" data-end=\"901\" data-is-last-node=\"\" data-is-only-node=\"\">L\u2019appuntamento \u00e8 gi\u00e0 fissato per il 2026, quando sar\u00e0 <strong data-start=\"761\" data-end=\"802\">Vallada ad ospitare la manifestazione<\/strong>: una nuova occasione per rafforzare lo spirito di squadra e l\u2019amicizia tra i comuni dell\u2019Agordino.<\/p>\n<p>&nbsp;<\/p>\n<p>&nbsp;<\/p>\n<hr \/>\n<p>&nbsp;<\/p>\n<h1><span style=\"color: #ff0000;\">CONSIGLI COMUNALI IN AGORDINO<\/span><\/h1>\n<p><strong>TAIBON<\/strong> Il sindaco di Taibon Silvia Tormen ha convocato il consiglio comunale per venerd\u00ec alle 18. Unico punto in discussione l&#8217;approvazione del rendiconto di gestione esercizio finanziario 2024<\/p>\n<p>&nbsp;<\/p>\n<hr \/>\n<p>&nbsp;<\/p>\n<div class=\"bd_header_single bd_header_single_template_2\">\n<div class=\"bd-container\">\n<div class=\"bd_header_single_holder\">\n<h1 class=\"_title post-title entry-title\">CORTINA D\u2019AMPEZZO | NON C\u2019E\u2019 PACE PER LA APOLLONIO SOCREPES<\/h1>\n<div class=\"article-meta-info\">\n<div class=\"cfix\">\u00a0(Servizio di\u00a0<a href=\"https:\/\/antennatre.medianordest.it\/redazione\/Fabio-Fioravanzi\/\">Fabio Fioravanzi<\/a>)<\/div>\n<\/div>\n<\/div>\n<\/div>\n<\/div>\n<div class=\"bd-content-wrap\">\n<div class=\"cfix\"><\/div>\n<div class=\"bd-container bdaia-post-template entry-content-only\">\n<div class=\"bd-row\">\n<div class=\"bd-main\">\n<div id=\"content\" role=\"main\">\n<article id=\"post-154053\" class=\"hentry post-154053 post type-post status-publish format-standard has-post-thumbnail category-a3treviso tag-apollonio tag-cortina2026 tag-cortinadampezzo tag-fabiofioravanzi tag-lacedel tag-milano tag-news tag-olimpiadi tag-simico tag-socrepes\">\n<div class=\"bdaia-post-content\"><\/div>\n<\/article>\n<\/div>\n<\/div>\n<\/div>\n<\/div>\n<\/div>\n<p><iframe loading=\"lazy\" title=\"NON C&#039;E&#039; PACE PER LA APOLLONIO SOCREPES | 16\/09\/2025\" width=\"1200\" height=\"675\" src=\"https:\/\/www.youtube.com\/embed\/OeQrt24ZHAc?feature=oembed\" frameborder=\"0\" allow=\"accelerometer; autoplay; clipboard-write; encrypted-media; gyroscope; picture-in-picture; web-share\" referrerpolicy=\"strict-origin-when-cross-origin\" allowfullscreen><\/iframe><\/p>\n<p>&nbsp;<\/p>\n<hr \/>\n<p>&nbsp;<\/p>\n<blockquote>\n<h3>UN INCONTRO PER PARLARE DI DEMENZE: \u201cRICORDARSI DI CHI SI DIMENTICA\u201d ALL\u2019OSPEDALE DI FELTRE<\/h3>\n<\/blockquote>\n<p><strong><a class=\"dt-pswp-item\" href=\"https:\/\/www.radiopiu.net\/wordpress\/wp-content\/uploads\/2025\/09\/Screenshot-2025-09-12-144129.png\" data-dt-img-description=\"\" data-large_image_width=\"841\" data-large_image_height=\"637\"><img loading=\"lazy\" decoding=\"async\" class=\" wp-image-469373 alignleft\" src=\"https:\/\/www.radiopiu.net\/wordpress\/wp-content\/uploads\/2025\/09\/Screenshot-2025-09-12-144129-300x227.png\" alt=\"\" width=\"242\" height=\"183\" srcset=\"https:\/\/www.radiopiu.net\/wordpress\/wp-content\/uploads\/2025\/09\/Screenshot-2025-09-12-144129-300x227.png 300w, https:\/\/www.radiopiu.net\/wordpress\/wp-content\/uploads\/2025\/09\/Screenshot-2025-09-12-144129-768x582.png 768w, https:\/\/www.radiopiu.net\/wordpress\/wp-content\/uploads\/2025\/09\/Screenshot-2025-09-12-144129.png 841w\" sizes=\"auto, (max-width: 242px) 100vw, 242px\" \/><\/a>FELTRE<\/strong>\u00a0 Proseguono gli appuntamenti dei <em data-start=\"235\" data-end=\"259\">Mercoled\u00ec della Salute<\/em>, il ciclo di serate informative promosse dall\u2019Azienda Ulss 1 Dolomiti e dedicate ai temi della prevenzione e della salute. Oggi, alle 17.30 nella Sala Convegni dell\u2019Ospedale di Feltre, si terr\u00e0 l\u2019incontro dal titolo \u201cRicordarsi di chi si dimentica: un focus sulle demenze\u201d, un\u2019occasione di confronto aperta alla cittadinanza per approfondire un tema di grande rilevanza sociale e sanitaria. Interverranno la neurologa Roberta Padoan, la responsabile di Psicologia ospedaliera Francesca De Biasi e la dottoressa Daniela Dal Zotto del Centro per i Disturbi Cognitivi e le Demenze di Feltre. L\u2019incontro potr\u00e0 essere seguito anche online attraverso la piattaforma Google Meet al link <a class=\"decorated-link cursor-pointer\" rel=\"noopener\" data-start=\"996\" data-end=\"1056\">meet.google.com\/mua-kqoi-wfc<\/a>. Un\u2019iniziativa per sensibilizzare la comunit\u00e0 sull\u2019importanza di riconoscere precocemente i segnali delle demenze e per offrire strumenti di supporto a famiglie e caregiver.<\/p>\n<p>&nbsp;<\/p>\n<p>&nbsp;<\/p>\n<hr \/>\n<p>&nbsp;<\/p>\n<blockquote>\n<h3><a class=\"dt-pswp-item\" href=\"https:\/\/www.radiopiu.net\/wordpress\/wp-content\/uploads\/2025\/09\/KJGSHAGNQ.jpg\" data-dt-img-description=\"\" data-large_image_width=\"908\" data-large_image_height=\"735\"><img loading=\"lazy\" decoding=\"async\" class=\" wp-image-469959 alignleft\" src=\"https:\/\/www.radiopiu.net\/wordpress\/wp-content\/uploads\/2025\/09\/KJGSHAGNQ-300x243.jpg\" alt=\"\" width=\"141\" height=\"114\" srcset=\"https:\/\/www.radiopiu.net\/wordpress\/wp-content\/uploads\/2025\/09\/KJGSHAGNQ-300x243.jpg 300w, https:\/\/www.radiopiu.net\/wordpress\/wp-content\/uploads\/2025\/09\/KJGSHAGNQ-768x622.jpg 768w, https:\/\/www.radiopiu.net\/wordpress\/wp-content\/uploads\/2025\/09\/KJGSHAGNQ.jpg 908w\" sizes=\"auto, (max-width: 141px) 100vw, 141px\" \/><\/a>I GIOVED\u00cc DELLA SALUTE: INCONTRO SULLA FRATTURA DEL FEMORE NELL\u2019ANZIANO<\/h3>\n<\/blockquote>\n<p><strong>BELLUNO <\/strong>Riprendono a Belluno gli incontri \u201cI Gioved\u00ec della Salute\u201d promossi dall\u2019Ulss Dolomiti. Domani alle 17.30, nella sala convegni dell\u2019Ospedale di Belluno, si terr\u00e0 l\u2019incontro \u201cLa frattura del femore nell\u2019anziano: dal ricovero ospedaliero alla dimissione\u201d. Interverranno i professionisti Laura Bloccari, Pietro Di Palma e Giacomo Pinti, che illustreranno il percorso riabilitativo post-operatorio e le strategie per ridurre il rischio di caduta.<\/p>\n<p>&nbsp;<\/p>\n<p>&nbsp;<\/p>\n<hr \/>\n<p>&nbsp;<\/p>\n<p>&nbsp;<\/p>\n<blockquote>\n<p data-start=\"0\" data-end=\"43\"><strong data-start=\"0\" data-end=\"41\"><a class=\"dt-pswp-item\" href=\"https:\/\/www.radiopiu.net\/wordpress\/wp-content\/uploads\/2025\/09\/Enzo-Restagno.jpg\" data-dt-img-description=\"\" data-large_image_width=\"1000\" data-large_image_height=\"667\"><img loading=\"lazy\" decoding=\"async\" class=\"size-medium wp-image-470060 alignleft\" src=\"https:\/\/www.radiopiu.net\/wordpress\/wp-content\/uploads\/2025\/09\/Enzo-Restagno-300x200.jpg\" alt=\"\" width=\"300\" height=\"200\" srcset=\"https:\/\/www.radiopiu.net\/wordpress\/wp-content\/uploads\/2025\/09\/Enzo-Restagno-300x200.jpg 300w, https:\/\/www.radiopiu.net\/wordpress\/wp-content\/uploads\/2025\/09\/Enzo-Restagno-768x512.jpg 768w, https:\/\/www.radiopiu.net\/wordpress\/wp-content\/uploads\/2025\/09\/Enzo-Restagno.jpg 1000w\" sizes=\"auto, (max-width: 300px) 100vw, 300px\" \/><\/a> <\/strong><\/p>\n<p data-start=\"0\" data-end=\"43\"><strong data-start=\"0\" data-end=\"41\">\u00a0<\/strong><\/p>\n<p data-start=\"0\" data-end=\"43\"><strong data-start=\"0\" data-end=\"41\">ENZO RESTAGNO SVELA LA MAGIA DI RAVEL<\/strong><\/p>\n<\/blockquote>\n<p data-start=\"45\" data-end=\"381\" data-is-last-node=\"\" data-is-only-node=\"\">Venerd\u00ec 19 settembre alle 18, in Sala Bianchi a Belluno, il Circolo Culturale Bellunese ospita il prof. Enzo Restagno per la conferenza <em data-start=\"181\" data-end=\"216\">\u201cAl pianoforte con Maurice Ravel\u201d<\/em>. Un incontro di grande prestigio, che anticipa il concerto del pianista Axel Trolese del 24 settembre a Palazzo Crepadona. Ingresso libero fino a esaurimento posti.<\/p>\n<p>&nbsp;<\/p>\n<p>&nbsp;<\/p>\n<p>&nbsp;<\/p>\n<hr \/>\n<p>&nbsp;<\/p>\n<blockquote>\n<h3><a class=\"dt-pswp-item\" href=\"https:\/\/www.radiopiu.net\/wordpress\/wp-content\/uploads\/2025\/09\/Tabor.jpg\" data-dt-img-description=\"\" data-large_image_width=\"798\" data-large_image_height=\"1096\"><img loading=\"lazy\" decoding=\"async\" class=\" wp-image-469929 alignleft\" src=\"https:\/\/www.radiopiu.net\/wordpress\/wp-content\/uploads\/2025\/09\/Tabor-218x300.jpg\" alt=\"\" width=\"87\" height=\"120\" srcset=\"https:\/\/www.radiopiu.net\/wordpress\/wp-content\/uploads\/2025\/09\/Tabor-218x300.jpg 218w, https:\/\/www.radiopiu.net\/wordpress\/wp-content\/uploads\/2025\/09\/Tabor-746x1024.jpg 746w, https:\/\/www.radiopiu.net\/wordpress\/wp-content\/uploads\/2025\/09\/Tabor-768x1055.jpg 768w, https:\/\/www.radiopiu.net\/wordpress\/wp-content\/uploads\/2025\/09\/Tabor.jpg 798w\" sizes=\"auto, (max-width: 87px) 100vw, 87px\" \/><\/a>RUGGERO MONEGO \u201cTABOR\u201d: UNA VITA PER LA LIBERT\u00c0<\/h3>\n<\/blockquote>\n<h3><span style=\"font-size: 14px;\">\u00a0<\/span><\/h3>\n<p><strong>DI ROBERTO BONA<\/strong><\/p>\n<audio class=\"wp-audio-shortcode\" id=\"audio-469993-7\" preload=\"none\" style=\"width: 100%;\" controls=\"controls\"><source type=\"audio\/mpeg\" src=\"https:\/\/www.radiopiu.net\/wordpress\/wp-content\/uploads\/2025\/09\/BONA-RUGGERO-MONEGO-SCAD-17-SETTEMBRE.mp3?_=7\" \/><a href=\"https:\/\/www.radiopiu.net\/wordpress\/wp-content\/uploads\/2025\/09\/BONA-RUGGERO-MONEGO-SCAD-17-SETTEMBRE.mp3\">https:\/\/www.radiopiu.net\/wordpress\/wp-content\/uploads\/2025\/09\/BONA-RUGGERO-MONEGO-SCAD-17-SETTEMBRE.mp3<\/a><\/audio>\n<p>&nbsp;<\/p>\n<hr \/>\n<p>&nbsp;<\/p>\n<blockquote>\n<h3>SPETTACOLO \u201cLE NOZE TRIBOLADE\u201d A FELTRE PER SOSTENERE IL PROGETTO DRIVE ABILITY<\/h3>\n<\/blockquote>\n<p><strong><a class=\"dt-pswp-item\" href=\"https:\/\/www.radiopiu.net\/wordpress\/wp-content\/uploads\/2025\/09\/4a112410-f06c-4518-ae43-98bf564684f3.jpg\" data-dt-img-description=\"\" data-large_image_width=\"905\" data-large_image_height=\"1280\"><img loading=\"lazy\" decoding=\"async\" class=\" wp-image-470111 alignleft\" src=\"https:\/\/www.radiopiu.net\/wordpress\/wp-content\/uploads\/2025\/09\/4a112410-f06c-4518-ae43-98bf564684f3-212x300.jpg\" alt=\"\" width=\"102\" height=\"144\" srcset=\"https:\/\/www.radiopiu.net\/wordpress\/wp-content\/uploads\/2025\/09\/4a112410-f06c-4518-ae43-98bf564684f3-212x300.jpg 212w, https:\/\/www.radiopiu.net\/wordpress\/wp-content\/uploads\/2025\/09\/4a112410-f06c-4518-ae43-98bf564684f3-724x1024.jpg 724w, https:\/\/www.radiopiu.net\/wordpress\/wp-content\/uploads\/2025\/09\/4a112410-f06c-4518-ae43-98bf564684f3-768x1086.jpg 768w, https:\/\/www.radiopiu.net\/wordpress\/wp-content\/uploads\/2025\/09\/4a112410-f06c-4518-ae43-98bf564684f3.jpg 905w\" sizes=\"auto, (max-width: 102px) 100vw, 102px\" \/><\/a>DI LUISA ALCHINI<\/strong><\/p>\n<p><strong>FELTRE<\/strong> Sabato 20 settembre 2025, con inizio alle ore 20.30, presso l&#8217;Auditorium Canossiano di Feltre, Joint &amp; Welding Srl e Fondazione Insieme Per Lorenzo Ets presentano lo spettacolo &#8220;LE NOZE TRIBOLADE&#8221; &#8211; Tragedia poc seria in dialeto nostran&#8221; con la compagnia teatrale dell\u2019associazione culturale Gli Anfibi Spaiati di Santa Giustina da sempre impegnata anche nel sociale, in particolare nelle raccolte fondi. In questo caso Il ricavato dell&#8217;evento sar\u00e0 destinato al progetto Drive Ability promosso dalla Fondazione per l&#8217;acquisto di un simulatore di guida che consente di conseguire la patente da parte delle persone affette da para e tetraplegia.<\/p>\n<p><strong>AUDIO<\/strong><\/p>\n<audio class=\"wp-audio-shortcode\" id=\"audio-469993-8\" preload=\"none\" style=\"width: 100%;\" controls=\"controls\"><source type=\"audio\/mpeg\" src=\"https:\/\/www.radiopiu.net\/wordpress\/wp-content\/uploads\/2025\/09\/spettacolo-raccolta-fondi-Canossiano.mp3?_=8\" \/><a href=\"https:\/\/www.radiopiu.net\/wordpress\/wp-content\/uploads\/2025\/09\/spettacolo-raccolta-fondi-Canossiano.mp3\">https:\/\/www.radiopiu.net\/wordpress\/wp-content\/uploads\/2025\/09\/spettacolo-raccolta-fondi-Canossiano.mp3<\/a><\/audio>\n<p>&nbsp;<\/p>\n<hr \/>\n<p>&nbsp;<\/p>\n<blockquote>\n<h3 data-start=\"0\" data-end=\"40\">IL VENETO LEGGE FA TAPPA A BELLUNO<\/h3>\n<\/blockquote>\n<p data-start=\"42\" data-end=\"478\" data-is-last-node=\"\" data-is-only-node=\"\"><strong>CESIOMAGGIORE<\/strong> Sabato 20 settembre, al Museo Etnografico Dolomiti, la Maratona di Lettura <em data-start=\"117\" data-end=\"134\">Il Veneto Legge<\/em> propone un pomeriggio speciale dedicato alla neve. Alle 15 laboratorio creativo \u201cCome la neve\u201d con Il Portolano; alle 17 incontro con Alberto Grandi e Sara Luchetta sul libro <em data-start=\"312\" data-end=\"367\">L\u2019incredibile storia della neve e della sua scomparsa<\/em>. Con una dimostrazione pratica di gelato artigianale dei gelatieri della ValZoldana.<\/p>\n<p>&nbsp;<\/p>\n<hr \/>\n<p>&nbsp;<\/p>\n<blockquote>\n<h3 data-start=\"0\" data-end=\"43\">ORTI IN PIAZZA E PALIO DELLE FRAZIONI<\/h3>\n<\/blockquote>\n<p data-start=\"45\" data-end=\"391\"><strong>BELLUNO<\/strong> Due weekend da non perdere nel Castionese: sabato 20 e domenica 21 settembre la 10\u00aa edizione di <em data-start=\"141\" data-end=\"157\">Orti in Piazza<\/em> trasforma frazioni e borghi in una festa della terra con mercatini, laboratori, degustazioni e musica dal vivo. Servizio navetta gratuito. Sabato 27 settembre \u00e8 la volta della 9\u00aa edizione del <em data-start=\"446\" data-end=\"468\">Palio delle Frazioni<\/em> all\u2019Anello di Modolo, con staffette competitive per adulti e il Mini Palio riservato agli U14. Informazioni e iscrizioni su <a class=\"decorated-link\" href=\"http:\/\/www.castion-belluno.it\" target=\"_new\" rel=\"noopener\" data-start=\"593\" data-end=\"615\">www.castion-belluno.it<\/a><\/p>\n<p>&nbsp;<\/p>\n<hr \/>\n<p>&nbsp;<\/p>\n<blockquote>\n<h2>AGORDO CELEBRA FEDELE RAGGI: CONVEGNO E RESTAURO DELLE SCULTURE BAROCCHE DI VILLA CROTTA<\/h2>\n<\/blockquote>\n<blockquote><p><em>L\u2019identit\u00e0 culturale agordina rivive attraverso il restauro e la memoria storica<\/em><\/p><\/blockquote>\n<p><strong>AGORDO<\/strong><\/p>\n<p><img loading=\"lazy\" decoding=\"async\" class=\"alignleft\" src=\"https:\/\/www.radiopiu.net\/wordpress\/wp-content\/uploads\/2025\/09\/Screenshot-2025-09-11-102734.png\" width=\"295\" height=\"185\" \/>Sabato 20 settembre, alle\u00a0 10, la Sala Convegni di Agordo ospiter\u00e0 l\u2019incontro \u201cDa Villa Crotta de\u2019 Manzoni ai palazzi della Moravia: le sculture barocche di Fedele Raggi\u201d. L\u2019evento, promosso dal Comune di Agordo, rappresenta un\u2019occasione preziosa per approfondire la figura e l\u2019opera di Fedele Raggi, scultore barocco di rilievo, autore di numerose opere che impreziosiscono ville e palazzi tra Veneto e Mitteleuropa. I relatori ripercorreranno il contesto storico-artistico in cui si svilupp\u00f2 la sua attivit\u00e0, sottolineando l\u2019importanza di Agordo e delle Dolomiti come crocevia <a class=\"dt-pswp-item\" href=\"https:\/\/www.radiopiu.net\/wordpress\/wp-content\/uploads\/2024\/12\/ROBERTO-CHISSALE.png\" data-dt-img-description=\"\" data-large_image_width=\"593\" data-large_image_height=\"386\"><img loading=\"lazy\" decoding=\"async\" class=\" wp-image-427282 alignright\" src=\"https:\/\/www.radiopiu.net\/wordpress\/wp-content\/uploads\/2024\/12\/ROBERTO-CHISSALE-300x195.png\" alt=\"\" width=\"211\" height=\"137\" srcset=\"https:\/\/www.radiopiu.net\/wordpress\/wp-content\/uploads\/2024\/12\/ROBERTO-CHISSALE-300x195.png 300w, https:\/\/www.radiopiu.net\/wordpress\/wp-content\/uploads\/2024\/12\/ROBERTO-CHISSALE.png 593w\" sizes=\"auto, (max-width: 211px) 100vw, 211px\" \/><\/a>culturale. Al termine del convegno si terr\u00e0 l\u2019attesa inaugurazione del restauro del gruppo scultoreo di Villa Crotta de\u2019 Manzoni, uno dei pi\u00f9 significativi esempi di arte barocca nel territorio. Il lavoro di recupero ha restituito nuova vita a un patrimonio di grande pregio, testimone della storia e della sensibilit\u00e0 artistica locale. <em>\u201c\u00c8 con soddisfazione \u2013 ha dichiarato il sindaco Roberto Chissal\u00e9 \u2013 che invito la cittadinanza e gli appassionati a prendere parte a questo momento di cultura e valorizzazione del nostro patrimonio. Le sculture di Villa Crotta non sono solo un bene artistico, ma un simbolo della nostra identit\u00e0 e della nostra memoria storica\u201d. <\/em>Il convegno e l\u2019inaugurazione sono aperti al pubblico. L\u2019iniziativa si avvale del sostegno di studiosi, restauratori, associazioni culturali e istituzioni che da anni lavorano per la tutela e la promozione dell\u2019arte e della storia agordine. Un\u2019occasione, dunque, per conoscere da vicino un artista e un\u2019epoca che hanno lasciato tracce indelebili nel paesaggio culturale europeo e per celebrare la rinascita di un bene prezioso del patrimonio locale.<\/p>\n<p>&nbsp;<\/p>\n<p>&nbsp;<\/p>\n<hr \/>\n<p>&nbsp;<\/p>\n<blockquote><p><img loading=\"lazy\" decoding=\"async\" class=\" wp-image-469498 alignleft\" src=\"https:\/\/www.radiopiu.net\/wordpress\/wp-content\/uploads\/2025\/09\/a20c4d2c-94d1-4b9c-a0f6-2209a67ed2f0-212x300.jpg\" alt=\"\" width=\"137\" height=\"194\" srcset=\"https:\/\/www.radiopiu.net\/wordpress\/wp-content\/uploads\/2025\/09\/a20c4d2c-94d1-4b9c-a0f6-2209a67ed2f0-212x300.jpg 212w, https:\/\/www.radiopiu.net\/wordpress\/wp-content\/uploads\/2025\/09\/a20c4d2c-94d1-4b9c-a0f6-2209a67ed2f0-724x1024.jpg 724w, https:\/\/www.radiopiu.net\/wordpress\/wp-content\/uploads\/2025\/09\/a20c4d2c-94d1-4b9c-a0f6-2209a67ed2f0-768x1086.jpg 768w, https:\/\/www.radiopiu.net\/wordpress\/wp-content\/uploads\/2025\/09\/a20c4d2c-94d1-4b9c-a0f6-2209a67ed2f0.jpg 1075w\" sizes=\"auto, (max-width: 137px) 100vw, 137px\" \/><\/p>\n<h3 data-start=\"59\" data-end=\"117\"><strong data-start=\"59\" data-end=\"115\">\u201cRITORNO AD AGORDO \u2013 78\u00aa COMPAGNIA I LUPI DI AGORDO\u201d<\/strong><\/h3>\n<p data-start=\"59\" data-end=\"117\"><span style=\"color: #ff0000;\"><strong>OGGI SU RADIO PIU&#8217;, LA PRESENTAZIONE DELL&#8217;EVENTO. OSPITE IL COLONELLO GIOVANNI DA PRA&#8217;<\/strong><\/span><\/p>\n<\/blockquote>\n<p>Agordo si prepara a due giornate speciali dedicate alla memoria e alla storia della Caserma XXII Marzo 1848, con l\u2019evento \u201cRitorno ad Agordo \u2013 78\u00aa Compagnia I Lupi di Agordo\u201d, in programma sabato 20 e domenica 21 settembre. Sabato 20, alle 20 in Sala Don Tamis, si terr\u00e0 la conferenza <strong data-start=\"407\" data-end=\"436\">\u201cAgordo e la sua Caserma\u201d<\/strong>, con storie, vicende, aneddoti e curiosit\u00e0. Interverranno Roberto Mezzacasa, Antonio Zanetti e Gino Sorio, con le letture di Loris Santomaso e l\u2019accompagnamento del Coro Ana \u201cAdunata\u201d. Domenica 21 settembre, alle 9, ritrovo nella sede del Gruppo Alpini di Agordo per l\u2019omaggio ai Caduti, seguito dalla Messa. Alle 12.30 \u00e8 previsto il <strong data-start=\"774\" data-end=\"810\">rancio alpino al Bar Bocciodromo<\/strong>, un momento di convivialit\u00e0 per celebrare storia, memoria e comunit\u00e0, con gli Alpini protagonisti. Per informazioni: <strong data-start=\"931\" data-end=\"975\">Ufficio Turistico di Agordo \u2013 0437 62105<\/strong>.<\/p>\n<p>&nbsp;<\/p>\n<p>&nbsp;<\/p>\n<hr \/>\n<p>&nbsp;<\/p>\n<blockquote>\n<h3 data-start=\"43\" data-end=\"129\"><strong data-start=\"43\" data-end=\"127\">\u201c100 SOLLEDER LETTENBAUER\u201d, DOCUMENTARIO PER I CENT\u2019ANNI DELLA VIA SULLA CIVETTA<\/strong><\/h3>\n<p data-start=\"131\" data-end=\"374\"><em>Il 7 agosto del 1925 Emil Solleder e Gustav Lettenbauer realizzarono, sulla parete nord-ovest della Civetta, quella via che \u00e8 passata alla storia come l\u2019inizio ufficiale dell\u2019epopea del VI grado.<\/em><\/p>\n<\/blockquote>\n<p data-start=\"131\" data-end=\"374\"><strong><a class=\"dt-pswp-item\" href=\"https:\/\/www.radiopiu.net\/wordpress\/wp-content\/uploads\/2025\/09\/FigureCivetta-Solleder_Lettenbauer.jpg\" data-dt-img-description=\"\" data-large_image_width=\"500\" data-large_image_height=\"384\"><img loading=\"lazy\" decoding=\"async\" class=\" wp-image-468270 alignleft\" src=\"https:\/\/www.radiopiu.net\/wordpress\/wp-content\/uploads\/2025\/09\/FigureCivetta-Solleder_Lettenbauer-300x230.jpg\" alt=\"\" width=\"198\" height=\"152\" srcset=\"https:\/\/www.radiopiu.net\/wordpress\/wp-content\/uploads\/2025\/09\/FigureCivetta-Solleder_Lettenbauer-300x230.jpg 300w, https:\/\/www.radiopiu.net\/wordpress\/wp-content\/uploads\/2025\/09\/FigureCivetta-Solleder_Lettenbauer.jpg 500w\" sizes=\"auto, (max-width: 198px) 100vw, 198px\" \/><\/a>ALLEGHE<\/strong> Sar\u00e0 presentato sabato 27 settembre alle 20.30 nella palestra comunale di Caprile il documentario <em data-start=\"233\" data-end=\"259\">100 Solleder Lettenbauer<\/em>, dedicato ai cent\u2019anni della storica via sulla Nord-Ovest della Civetta, realizzato con il sostegno del Cai.<\/p>\n<p data-start=\"376\" data-end=\"551\">La proiezione concluder\u00e0 una giornata di eventi: al mattino un incontro con il Soccorso Alpino e al pomeriggio le testimonianze di alpinisti sulla \u201cParete delle Pareti\u201d.<\/p>\n<p data-start=\"553\" data-end=\"813\">Il progetto \u00e8 nato da un\u2019idea di Valter Bellenzier con i rifugisti De Zordo e De Bona, ed \u00e8 stato sviluppato da Alessandro Ba\u00f9, Alessandro Beber ed Emanuele Confortin, che con una cordata di sei alpinisti ha ripetuto la via per realizzare le riprese.<\/p>\n<p data-start=\"815\" data-end=\"1033\">Oltre alle immagini attuali, il documentario raccoglie materiali d\u2019archivio, testimonianze e contributi di grandi protagonisti della Civetta, con il montaggio firmato da Confortin insieme a un team di professionisti.<\/p>\n<p>FOTO\u00a0 gognablog.sherpa-gate.com<\/p>\n<p>&nbsp;<\/p>\n<hr \/>\n<p>&nbsp;<\/p>\n<blockquote>\n<h1>Radio Pi\u00f9: due progetti speciali per raccontare storie e comunit\u00e0<\/h1>\n<\/blockquote>\n<blockquote>\n<p data-start=\"163\" data-end=\"302\">La redazione giornalistica di Radio Pi\u00f9 \u00e8 pronta a partire con due iniziative che promettono di appassionare ascoltatori di tutte le et\u00e0.<\/p>\n<\/blockquote>\n<p data-start=\"304\" data-end=\"783\"><img loading=\"lazy\" decoding=\"async\" class=\"alignleft\" src=\"https:\/\/www.radiopiu.net\/wordpress\/wp-content\/uploads\/2024\/10\/Senza-nome-8.png\" width=\"212\" height=\"187\" \/>Il primo progetto riguarda la <strong data-start=\"334\" data-end=\"430\">seconda stagione delle storie dei periti minerari e chimici dell\u2019Istituto Follador di Agordo<\/strong>. Un viaggio tra memoria, formazione e professioni, che racconter\u00e0 ogni settimana le vicende e le esperienze di chi ha studiato in questo storico istituto. Appuntamento fisso <strong data-start=\"616\" data-end=\"653\">il luned\u00ec alle 10.30 e alle 19.20<\/strong>, per un anno intero, per non perdere nemmeno un episodio di questa serie che unisce storia, cultura e racconti di vita vissuta. Ogni settimana un racconto, alla Radio (fm Belluno-dab in tutto il Veneto) e su tutti i canali social<\/p>\n<p data-start=\"785\" data-end=\"1220\">Il secondo progetto \u00e8 dedicato al cuore pulsante della comunit\u00e0: <strong data-start=\"850\" data-end=\"883\">la settimana del volontariato<\/strong>. Da oggi a venerd\u00ec, Radio Pi\u00f9 porter\u00e0 i suoi ascoltatori alla scoperta delle realt\u00e0 del volontariato zoldano e agordino, tra storie di impegno, passione e solidariet\u00e0. Gli incontri andranno in onda <strong data-start=\"1082\" data-end=\"1121\">ogni giorno alle 13.10 e alle 20.10<\/strong>, offrendo uno spazio per conoscere chi lavora quotidianamente per gli altri e per il territorio.<\/p>\n<p data-start=\"1222\" data-end=\"1532\">Due progetti diversi, ma con un filo comune: raccontare storie autentiche e dare voce a persone, professioni e realt\u00e0 locali che meritano attenzione. Radio Pi\u00f9 conferma cos\u00ec il suo ruolo di ponte tra comunit\u00e0, informazione e cultura, trasformando ogni trasmissione in un\u2019occasione di scoperta e condivisione.<\/p>\n<p>&nbsp;<\/p>\n<hr \/>\n<p>&nbsp;<\/p>\n<blockquote>\n<h3>GIORNATA CULTURALE A VITTORIO VENETO: ARCHEOLOGIA INDUSTRIALE E ARTE SACRA<\/h3>\n<\/blockquote>\n<p><strong><a class=\"dt-pswp-item\" href=\"https:\/\/www.radiopiu.net\/wordpress\/wp-content\/uploads\/2023\/05\/FAI-BELLUNO.png\" data-dt-img-description=\"\" data-large_image_width=\"244\" data-large_image_height=\"122\"><img loading=\"lazy\" decoding=\"async\" class=\" wp-image-333946 alignleft\" src=\"https:\/\/www.radiopiu.net\/wordpress\/wp-content\/uploads\/2023\/05\/FAI-BELLUNO.png\" alt=\"\" width=\"190\" height=\"95\" \/><\/a>BELLUNO <\/strong>Domenica la Delegazione FAI di Belluno organizza una gita culturale a Vittorio Veneto alla scoperta del Museo Marson e di due chiese storiche, Santa Maria del Meschio e la Pieve di Sant\u2019Andrea di Bigonzo. Il Museo Marson, ospitato nell\u2019ex Istituto Bacologico F.lli Marson, \u00e8 un unicum in Italia e in Europa: conserva macchinari, strumenti scientifici e bozzoli preziosi, testimoni della produzione del seme-bachi e della ricerca avanzata contro le malattie del baco. Il pomeriggio \u00e8 dedicato all\u2019arte sacra. Ritrovo ore 9.30, contributo da \u20ac10 per iscritti FAI, prenotazione obbligatoria, posti limitati a 45 partecipanti.<\/p>\n<p>&nbsp;<\/p>\n<hr \/>\n<p>&nbsp;<\/p>\n<blockquote>\n<h3>AND\u00c8MO IN M\u00c8RICA: L\u2019EMIGRAZIONE VENETA E FRIULANA VERSO IL NUOVO MONDO<\/h3>\n<\/blockquote>\n<p><strong>BELLUNO <\/strong>\u201cAndemo in M\u00e8rica\u201d di Francesco Jori racconta 150 anni di emigrazione veneta e friulana verso il Nuovo Mondo, dove oltre cinque milioni di persone cercarono una nuova vita tra grandi sacrifici. Il libro descrive miseria, viaggi pericolosi, inganni e condizioni difficili nei Paesi d\u2019arrivo, ma anche la forza e l\u2019ingegno degli emigrati, che contribuirono allo sviluppo delle nuove terre senza dimenticare le proprie radici. Presentazione a Belluno sabato alle 16 nella sede ABM con ingresso libero.<\/p>\n<p>&nbsp;<\/p>\n<p>&nbsp;<\/p>\n<hr \/>\n<p>&nbsp;<\/p>\n<blockquote>\n<h3>VENTO DI GARBIN, LA PRESENTAZIONE A PIEVE DI CADORE<\/h3>\n<\/blockquote>\n<p><strong>PIEVE DI CADORE\u00a0<\/strong><\/p>\n<p>DI ROBERTO BONA<\/p>\n<audio class=\"wp-audio-shortcode\" id=\"audio-469993-9\" preload=\"none\" style=\"width: 100%;\" controls=\"controls\"><source type=\"audio\/mpeg\" src=\"https:\/\/www.radiopiu.net\/wordpress\/wp-content\/uploads\/2025\/09\/BONA-VENTO-DI-GARBIN-SCAD-20-SETTEMBRE.mp3?_=9\" \/><a href=\"https:\/\/www.radiopiu.net\/wordpress\/wp-content\/uploads\/2025\/09\/BONA-VENTO-DI-GARBIN-SCAD-20-SETTEMBRE.mp3\">https:\/\/www.radiopiu.net\/wordpress\/wp-content\/uploads\/2025\/09\/BONA-VENTO-DI-GARBIN-SCAD-20-SETTEMBRE.mp3<\/a><\/audio>\n<p>&nbsp;<\/p>\n<hr \/>\n<p>&nbsp;<\/p>\n<blockquote>\n<h3>PRESENTAZIONE DELLA GUIDA \u201cBELLUNO CITT\u00c0 SPLENDENTE\u201d E DEL PROGETTO \u201cCARTO\u201d<\/h3>\n<\/blockquote>\n<p><strong>BELLUNO <\/strong>Il 25 settembre alle ore 20.30, nella sala Corte della Biblioteca di Belluno, si terr\u00e0 la presentazione della guida <em data-start=\"266\" data-end=\"322\">\u201cBelluno citt\u00e0 splendente. Storia, architettura, arte\u201d<\/em>, in concomitanza con l\u2019illustrazione del progetto \u201cCarto\u201d promosso dal Comune. L\u2019appuntamento sar\u00e0 anche un momento di memoria dedicato a don Sergio Sacco, fondatore dell\u2019Istituto Bellunese di Ricerche, scomparso lo scorso anno, figura di riferimento per la cultura locale.<\/p>\n<p>&nbsp;<\/p>\n<p>&nbsp;<\/p>\n<hr \/>\n<p>&nbsp;<\/p>\n<h1><span style=\"color: #ff6600;\">IERI ALLA RADIO<\/span><\/h1>\n<h2><span style=\"color: #993300;\">OGGI COME IERI, TERZO ANNO. CON SILVIA BALDO<\/span><\/h2>\n<p><strong><a class=\"dt-pswp-item\" href=\"https:\/\/www.radiopiu.net\/wordpress\/wp-content\/uploads\/2025\/09\/Willy-il-Coyote-e-Beep-Beep-compiono-70-anni.jpg\" data-dt-img-description=\"\" data-large_image_width=\"1024\" data-large_image_height=\"768\"><img loading=\"lazy\" decoding=\"async\" class=\" wp-image-470116 alignleft\" src=\"https:\/\/www.radiopiu.net\/wordpress\/wp-content\/uploads\/2025\/09\/Willy-il-Coyote-e-Beep-Beep-compiono-70-anni-300x225.jpg\" alt=\"\" width=\"175\" height=\"131\" srcset=\"https:\/\/www.radiopiu.net\/wordpress\/wp-content\/uploads\/2025\/09\/Willy-il-Coyote-e-Beep-Beep-compiono-70-anni-300x225.jpg 300w, https:\/\/www.radiopiu.net\/wordpress\/wp-content\/uploads\/2025\/09\/Willy-il-Coyote-e-Beep-Beep-compiono-70-anni-768x576.jpg 768w, https:\/\/www.radiopiu.net\/wordpress\/wp-content\/uploads\/2025\/09\/Willy-il-Coyote-e-Beep-Beep-compiono-70-anni.jpg 1024w\" sizes=\"auto, (max-width: 175px) 100vw, 175px\" \/><\/a>16 SETTEMBRE<\/strong><\/p>\n<audio class=\"wp-audio-shortcode\" id=\"audio-469993-10\" preload=\"none\" style=\"width: 100%;\" controls=\"controls\"><source type=\"audio\/mpeg\" src=\"https:\/\/www.radiopiu.net\/wordpress\/wp-content\/uploads\/2025\/09\/SIBI2-4.mp3?_=10\" \/><a href=\"https:\/\/www.radiopiu.net\/wordpress\/wp-content\/uploads\/2025\/09\/SIBI2-4.mp3\">https:\/\/www.radiopiu.net\/wordpress\/wp-content\/uploads\/2025\/09\/SIBI2-4.mp3<\/a><\/audio>\n<p>&nbsp;<\/p>\n<h2><strong>LA RACCOLTA COMPLETA <a href=\"https:\/\/www.radiopiu.net\/wordpress\/oggi-come-ieri-terzo-anno-con-silvia-baldo-16-set\/\"><span style=\"color: #3366ff;\">CLICCA QUI<\/span><\/a><\/strong><\/h2>\n<p>&nbsp;<\/p>\n<hr \/>\n<p>&nbsp;<\/p>\n<h2><span style=\"color: #ff0000;\">LA SETTIMANA DEL VOLONTARIATO: FELICE GAIARDO, COORDINAMENTO AGORDINO ZOLDANO VOLONTARI AMBULANZE<\/span><\/h2>\n<p><strong><a class=\"dt-pswp-item\" href=\"https:\/\/www.radiopiu.net\/wordpress\/wp-content\/uploads\/2025\/09\/FELICE-GAIARDO.jpg\" data-dt-img-description=\"\" data-large_image_width=\"1024\" data-large_image_height=\"768\"><img loading=\"lazy\" decoding=\"async\" class=\" wp-image-470124 alignleft\" src=\"https:\/\/www.radiopiu.net\/wordpress\/wp-content\/uploads\/2025\/09\/FELICE-GAIARDO-300x225.jpg\" alt=\"\" width=\"165\" height=\"124\" srcset=\"https:\/\/www.radiopiu.net\/wordpress\/wp-content\/uploads\/2025\/09\/FELICE-GAIARDO-300x225.jpg 300w, https:\/\/www.radiopiu.net\/wordpress\/wp-content\/uploads\/2025\/09\/FELICE-GAIARDO-768x576.jpg 768w, https:\/\/www.radiopiu.net\/wordpress\/wp-content\/uploads\/2025\/09\/FELICE-GAIARDO.jpg 1024w\" sizes=\"auto, (max-width: 165px) 100vw, 165px\" \/><\/a>DI MIRKO MEZZACASA<\/strong><\/p>\n<p>OSPITE: Felice Gaiardo, Presidente del coordinamento Agordino e Zoldano Volontari Ambulanze<\/p>\n<audio class=\"wp-audio-shortcode\" id=\"audio-469993-11\" preload=\"none\" style=\"width: 100%;\" controls=\"controls\"><source type=\"audio\/mpeg\" src=\"https:\/\/www.radiopiu.net\/wordpress\/wp-content\/uploads\/2025\/09\/FELICE-GAIARDO-ASSSOCIAZIONE-VOLONTARI.mp3?_=11\" \/><a href=\"https:\/\/www.radiopiu.net\/wordpress\/wp-content\/uploads\/2025\/09\/FELICE-GAIARDO-ASSSOCIAZIONE-VOLONTARI.mp3\">https:\/\/www.radiopiu.net\/wordpress\/wp-content\/uploads\/2025\/09\/FELICE-GAIARDO-ASSSOCIAZIONE-VOLONTARI.mp3<\/a><\/audio>\n<p>&nbsp;<\/p>\n<hr \/>\n<p>&nbsp;<\/p>\n<h2><span style=\"color: #000000;\"><span style=\"color: #ff00ff;\">&#8220;DINTORN E FORA VIA&#8221;\u00a0 IL PROGRAMMA\u00a0 A CURA DEL MUSLA\u00a0<\/span>\u00a0<\/span><\/h2>\n<p><strong><a class=\"dt-pswp-item\" href=\"https:\/\/www.radiopiu.net\/wordpress\/wp-content\/uploads\/2023\/10\/GIORNALE-QUOTIDIANO.jpg\" data-dt-img-description=\"\" data-large_image_width=\"1280\" data-large_image_height=\"853\"><img loading=\"lazy\" decoding=\"async\" class=\" wp-image-356264 alignleft\" src=\"https:\/\/www.radiopiu.net\/wordpress\/wp-content\/uploads\/2023\/10\/GIORNALE-QUOTIDIANO-300x200.jpg\" alt=\"\" width=\"146\" height=\"97\" srcset=\"https:\/\/www.radiopiu.net\/wordpress\/wp-content\/uploads\/2023\/10\/GIORNALE-QUOTIDIANO-300x200.jpg 300w, https:\/\/www.radiopiu.net\/wordpress\/wp-content\/uploads\/2023\/10\/GIORNALE-QUOTIDIANO-1024x682.jpg 1024w, https:\/\/www.radiopiu.net\/wordpress\/wp-content\/uploads\/2023\/10\/GIORNALE-QUOTIDIANO-768x512.jpg 768w, https:\/\/www.radiopiu.net\/wordpress\/wp-content\/uploads\/2023\/10\/GIORNALE-QUOTIDIANO.jpg 1280w\" sizes=\"auto, (max-width: 146px) 100vw, 146px\" \/><\/a>PUNTATA 16 SETTEMBRE 2025 ANNA VALT<\/strong><\/p>\n<audio class=\"wp-audio-shortcode\" id=\"audio-469993-12\" preload=\"none\" style=\"width: 100%;\" controls=\"controls\"><source type=\"audio\/mpeg\" src=\"https:\/\/www.radiopiu.net\/wordpress\/wp-content\/uploads\/2025\/09\/MUSLA-5.mp3?_=12\" \/><a href=\"https:\/\/www.radiopiu.net\/wordpress\/wp-content\/uploads\/2025\/09\/MUSLA-5.mp3\">https:\/\/www.radiopiu.net\/wordpress\/wp-content\/uploads\/2025\/09\/MUSLA-5.mp3<\/a><\/audio>\n<p>&nbsp;<\/p>\n<h2><strong>LA RACCOLTA COMPLETA <a href=\"https:\/\/www.radiopiu.net\/wordpress\/musla\/\"><span style=\"color: #3366ff;\">CLICCA QUI<\/span><\/a><\/strong><\/h2>\n<p>&nbsp;<\/p>\n<hr \/>\n<p>&nbsp;<\/p>\n<h2><span style=\"color: #cc99ff;\">DOMENICA IL LASTE ROCK PER GLI APPASSIONATI DI ARRAMPICATA<\/span><\/h2>\n<p><strong><a class=\"dt-pswp-item\" href=\"https:\/\/www.radiopiu.net\/wordpress\/wp-content\/uploads\/2025\/09\/ljshglsah.jpg\" data-dt-img-description=\"\" data-large_image_width=\"1130\" data-large_image_height=\"654\"><img loading=\"lazy\" decoding=\"async\" class=\"size-medium wp-image-470132 alignleft\" src=\"https:\/\/www.radiopiu.net\/wordpress\/wp-content\/uploads\/2025\/09\/ljshglsah-300x174.jpg\" alt=\"\" width=\"300\" height=\"174\" srcset=\"https:\/\/www.radiopiu.net\/wordpress\/wp-content\/uploads\/2025\/09\/ljshglsah-300x174.jpg 300w, https:\/\/www.radiopiu.net\/wordpress\/wp-content\/uploads\/2025\/09\/ljshglsah-1024x593.jpg 1024w, https:\/\/www.radiopiu.net\/wordpress\/wp-content\/uploads\/2025\/09\/ljshglsah-768x444.jpg 768w, https:\/\/www.radiopiu.net\/wordpress\/wp-content\/uploads\/2025\/09\/ljshglsah.jpg 1130w\" sizes=\"auto, (max-width: 300px) 100vw, 300px\" \/><\/a>DI MIRKO MEZZACASA<\/strong><\/p>\n<p>OSPITI: Simone De Toni, Matteo Dagai, Andrea Dorigo<\/p>\n<audio class=\"wp-audio-shortcode\" id=\"audio-469993-13\" preload=\"none\" style=\"width: 100%;\" controls=\"controls\"><source type=\"audio\/mpeg\" src=\"https:\/\/www.radiopiu.net\/wordpress\/wp-content\/uploads\/2025\/09\/SIMONE-MATTEO-ANDREA-LASTEA-ROCK-2025.mp3?_=13\" \/><a href=\"https:\/\/www.radiopiu.net\/wordpress\/wp-content\/uploads\/2025\/09\/SIMONE-MATTEO-ANDREA-LASTEA-ROCK-2025.mp3\">https:\/\/www.radiopiu.net\/wordpress\/wp-content\/uploads\/2025\/09\/SIMONE-MATTEO-ANDREA-LASTEA-ROCK-2025.mp3<\/a><\/audio>\n<p>&nbsp;<\/p>\n<hr \/>\n<p>&nbsp;<\/p>\n<h2><span style=\"color: #333399;\">I CORSI ITS ACADEMY<\/span><\/h2>\n<p><strong><a class=\"dt-pswp-item\" href=\"https:\/\/www.radiopiu.net\/wordpress\/wp-content\/uploads\/2025\/09\/Screenshot-2025-09-04-063518.png\" data-dt-img-description=\"\" data-large_image_width=\"246\" data-large_image_height=\"138\"><img loading=\"lazy\" decoding=\"async\" class=\"size-full wp-image-467986 alignleft\" src=\"https:\/\/www.radiopiu.net\/wordpress\/wp-content\/uploads\/2025\/09\/Screenshot-2025-09-04-063518.png\" alt=\"\" width=\"246\" height=\"138\" \/><\/a>DI MIRKO MEZZACASA<\/strong><\/p>\n<p>OSPITE: Enica Scopel Direttrice ITS Academy<\/p>\n<audio class=\"wp-audio-shortcode\" id=\"audio-469993-14\" preload=\"none\" style=\"width: 100%;\" controls=\"controls\"><source type=\"audio\/mpeg\" src=\"https:\/\/www.radiopiu.net\/wordpress\/wp-content\/uploads\/2025\/09\/ENRICA-SCOPEL-DIRETTORE-ITS.mp3?_=14\" \/><a href=\"https:\/\/www.radiopiu.net\/wordpress\/wp-content\/uploads\/2025\/09\/ENRICA-SCOPEL-DIRETTORE-ITS.mp3\">https:\/\/www.radiopiu.net\/wordpress\/wp-content\/uploads\/2025\/09\/ENRICA-SCOPEL-DIRETTORE-ITS.mp3<\/a><\/audio>\n<p>&nbsp;<\/p>\n<hr \/>\n<p>&nbsp;<\/p>\n<blockquote class=\"wp-embedded-content\" data-secret=\"DsjsSo6lNu\"><p><a href=\"https:\/\/www.radiopiu.net\/wordpress\/curiosando-il-programma\/\">CURIOSANDO&#8230; IL PROGRAMMA DI PAOLA LANCIATO<\/a><\/p><\/blockquote>\n<p><iframe loading=\"lazy\" class=\"wp-embedded-content\" sandbox=\"allow-scripts\" security=\"restricted\" style=\"position: absolute; visibility: hidden;\" title=\"&#8220;CURIOSANDO&#8230; IL PROGRAMMA DI PAOLA LANCIATO&#8221; &#8212; Radio Pi\u00f9\" src=\"https:\/\/www.radiopiu.net\/wordpress\/curiosando-il-programma\/embed\/#?secret=1QvRzGhb2d#?secret=DsjsSo6lNu\" data-secret=\"DsjsSo6lNu\" width=\"600\" height=\"338\" frameborder=\"0\" marginwidth=\"0\" marginheight=\"0\" scrolling=\"no\"><\/iframe><\/p>\n<p>&nbsp;<\/p>\n<hr \/>\n<p>&nbsp;<\/p>\n<h2><span style=\"color: #ffcc00;\">I CONSIGLI DI GIANLUCA&#8230;DA DOLOMITI BEER &amp; WINE SHOP<\/span><\/h2>\n<p><strong><a class=\"dt-pswp-item\" href=\"https:\/\/www.radiopiu.net\/wordpress\/wp-content\/uploads\/2025\/09\/download-20.jpg\" data-dt-img-description=\"\" data-large_image_width=\"298\" data-large_image_height=\"169\"><img loading=\"lazy\" decoding=\"async\" class=\"wp-image-470035 alignleft\" src=\"https:\/\/www.radiopiu.net\/wordpress\/wp-content\/uploads\/2025\/09\/download-20.jpg\" alt=\"\" width=\"159\" height=\"90\" \/><\/a>16 SETTEMBRE&#8230; AGLI AMICI DELLA BUONA BIRRA<br \/>\n<\/strong><\/p>\n<audio class=\"wp-audio-shortcode\" id=\"audio-469993-15\" preload=\"none\" style=\"width: 100%;\" controls=\"controls\"><source type=\"audio\/mpeg\" src=\"https:\/\/www.radiopiu.net\/wordpress\/wp-content\/uploads\/2025\/09\/GWINE1A-11.mp3?_=15\" \/><a href=\"https:\/\/www.radiopiu.net\/wordpress\/wp-content\/uploads\/2025\/09\/GWINE1A-11.mp3\">https:\/\/www.radiopiu.net\/wordpress\/wp-content\/uploads\/2025\/09\/GWINE1A-11.mp3<\/a><\/audio>\n<p>&nbsp;<\/p>\n<h2><strong>LA RACCOLTA COMPLETA <a href=\"https:\/\/www.radiopiu.net\/wordpress\/i-consigli-di-gianluca-aa15\/\"><span style=\"color: #3366ff;\">CLICCA QUI<\/span><\/a><\/strong><\/h2>\n<p>&nbsp;<\/p>\n<hr \/>\n<p>&nbsp;<\/p>\n<h2><span style=\"color: #ff0000;\"><a class=\"dt-pswp-item\" href=\"https:\/\/www.radiopiu.net\/wordpress\/wp-content\/uploads\/2018\/09\/appuntamenti.jpeg\" data-dt-img-description=\"\" data-large_image_width=\"800\" data-large_image_height=\"100\"><img loading=\"lazy\" decoding=\"async\" class=\"wp-image-61958 size-full aligncenter\" src=\"https:\/\/www.radiopiu.net\/wordpress\/wp-content\/uploads\/2018\/09\/appuntamenti.jpeg\" alt=\"\" width=\"800\" height=\"100\" srcset=\"https:\/\/www.radiopiu.net\/wordpress\/wp-content\/uploads\/2018\/09\/appuntamenti.jpeg 800w, https:\/\/www.radiopiu.net\/wordpress\/wp-content\/uploads\/2018\/09\/appuntamenti-300x38.jpeg 300w, https:\/\/www.radiopiu.net\/wordpress\/wp-content\/uploads\/2018\/09\/appuntamenti-768x96.jpeg 768w\" sizes=\"auto, (max-width: 800px) 100vw, 800px\" \/><\/a><\/span><\/h2>\n\n\t\t\t<style type='text\/css'>\n\t\t\t\t#gallery-5 {\n\t\t\t\t\tmargin: auto;\n\t\t\t\t}\n\t\t\t\t#gallery-5 .gallery-item {\n\t\t\t\t\tfloat: left;\n\t\t\t\t\tmargin-top: 10px;\n\t\t\t\t\ttext-align: center;\n\t\t\t\t\twidth: 20%;\n\t\t\t\t}\n\t\t\t\t#gallery-5 img {\n\t\t\t\t\tborder: 2px solid #cfcfcf;\n\t\t\t\t}\n\t\t\t\t#gallery-5 .gallery-caption {\n\t\t\t\t\tmargin-left: 0;\n\t\t\t\t}\n\t\t\t\t\/* see gallery_shortcode() in wp-includes\/media.php *\/\n\t\t\t<\/style>\n\t\t<div id='gallery-5' class='dt-gallery-container gallery galleryid-469993 gallery-columns-5 gallery-size-thumbnail'><dl class='gallery-item'>\n\t\t\t\t<dt class='gallery-icon portrait'>\n\t\t\t\t\t<a class=\"rollover rollover-zoom dt-pswp-item\" title=\"mostra_RotaSperti\" data-dt-img-description=\"\" data-large_image_width=\"1414\" data-large_image_height=\"2000\"href='https:\/\/www.radiopiu.net\/wordpress\/wp-content\/uploads\/2025\/06\/mostra_RotaSperti.png'><img loading=\"lazy\" decoding=\"async\" width=\"150\" height=\"150\" src=\"https:\/\/www.radiopiu.net\/wordpress\/wp-content\/uploads\/2025\/06\/mostra_RotaSperti-150x150.png\" class=\"attachment-thumbnail size-thumbnail\" alt=\"\" \/><\/a>\n\t\t\t\t<\/dt><\/dl><dl class='gallery-item'>\n\t\t\t\t<dt class='gallery-icon landscape'>\n\t\t\t\t\t<a class=\"rollover rollover-zoom dt-pswp-item\" title=\"515444840_1149597150531066_7749231705219023918_n\" data-dt-img-description=\"\" data-large_image_width=\"1440\" data-large_image_height=\"1079\"href='https:\/\/www.radiopiu.net\/wordpress\/wp-content\/uploads\/2025\/07\/515444840_1149597150531066_7749231705219023918_n.jpg'><img loading=\"lazy\" decoding=\"async\" width=\"150\" height=\"150\" src=\"https:\/\/www.radiopiu.net\/wordpress\/wp-content\/uploads\/2025\/07\/515444840_1149597150531066_7749231705219023918_n-150x150.jpg\" class=\"attachment-thumbnail size-thumbnail\" alt=\"\" \/><\/a>\n\t\t\t\t<\/dt><\/dl><dl class='gallery-item'>\n\t\t\t\t<dt class='gallery-icon portrait'>\n\t\t\t\t\t<a class=\"rollover rollover-zoom dt-pswp-item\" title=\"Locandina Sagra di Fregona 2025\" data-dt-img-description=\"\" data-large_image_width=\"1125\" data-large_image_height=\"1608\"href='https:\/\/www.radiopiu.net\/wordpress\/wp-content\/uploads\/2025\/08\/Locandina-Sagra-di-Fregona-2025.jpeg'><img loading=\"lazy\" decoding=\"async\" width=\"150\" height=\"150\" src=\"https:\/\/www.radiopiu.net\/wordpress\/wp-content\/uploads\/2025\/08\/Locandina-Sagra-di-Fregona-2025-150x150.jpeg\" class=\"attachment-thumbnail size-thumbnail\" alt=\"\" \/><\/a>\n\t\t\t\t<\/dt><\/dl><dl class='gallery-item'>\n\t\t\t\t<dt class='gallery-icon portrait'>\n\t\t\t\t\t<a class=\"rollover rollover-zoom dt-pswp-item\" title=\"9c71ce0b-ff13-4ec8-b170-8fb0f4a358d6\" data-dt-img-description=\"\" data-large_image_width=\"731\" data-large_image_height=\"1600\"href='https:\/\/www.radiopiu.net\/wordpress\/wp-content\/uploads\/2025\/09\/9c71ce0b-ff13-4ec8-b170-8fb0f4a358d6.jpg'><img loading=\"lazy\" decoding=\"async\" width=\"150\" height=\"150\" src=\"https:\/\/www.radiopiu.net\/wordpress\/wp-content\/uploads\/2025\/09\/9c71ce0b-ff13-4ec8-b170-8fb0f4a358d6-150x150.jpg\" class=\"attachment-thumbnail size-thumbnail\" alt=\"\" \/><\/a>\n\t\t\t\t<\/dt><\/dl><dl class='gallery-item'>\n\t\t\t\t<dt class='gallery-icon portrait'>\n\t\t\t\t\t<a class=\"rollover rollover-zoom dt-pswp-item\" title=\"e1f44182-3b2b-4656-9ab3-55b78e3f276b\" data-dt-img-description=\"\" data-large_image_width=\"1131\" data-large_image_height=\"1600\"href='https:\/\/www.radiopiu.net\/wordpress\/wp-content\/uploads\/2025\/09\/e1f44182-3b2b-4656-9ab3-55b78e3f276b.jpg'><img loading=\"lazy\" decoding=\"async\" width=\"150\" height=\"150\" src=\"https:\/\/www.radiopiu.net\/wordpress\/wp-content\/uploads\/2025\/09\/e1f44182-3b2b-4656-9ab3-55b78e3f276b-150x150.jpg\" class=\"attachment-thumbnail size-thumbnail\" alt=\"\" \/><\/a>\n\t\t\t\t<\/dt><\/dl><br style=\"clear: both\" \/><dl class='gallery-item'>\n\t\t\t\t<dt class='gallery-icon portrait'>\n\t\t\t\t\t<a class=\"rollover rollover-zoom dt-pswp-item\" title=\"b13636c4-92d6-4f21-bbd1-2bf5066bd155\" data-dt-img-description=\"\" data-large_image_width=\"899\" data-large_image_height=\"1599\"href='https:\/\/www.radiopiu.net\/wordpress\/wp-content\/uploads\/2025\/09\/b13636c4-92d6-4f21-bbd1-2bf5066bd155.jpg'><img loading=\"lazy\" decoding=\"async\" width=\"150\" height=\"150\" src=\"https:\/\/www.radiopiu.net\/wordpress\/wp-content\/uploads\/2025\/09\/b13636c4-92d6-4f21-bbd1-2bf5066bd155-150x150.jpg\" class=\"attachment-thumbnail size-thumbnail\" alt=\"\" \/><\/a>\n\t\t\t\t<\/dt><\/dl><dl class='gallery-item'>\n\t\t\t\t<dt class='gallery-icon portrait'>\n\t\t\t\t\t<a class=\"rollover rollover-zoom dt-pswp-item\" title=\"d3fcd4c5-6d16-43da-9fec-cf14c7b765b1\" data-dt-img-description=\"\" data-large_image_width=\"1130\" data-large_image_height=\"1600\"href='https:\/\/www.radiopiu.net\/wordpress\/wp-content\/uploads\/2025\/09\/d3fcd4c5-6d16-43da-9fec-cf14c7b765b1.jpg'><img loading=\"lazy\" decoding=\"async\" width=\"150\" height=\"150\" src=\"https:\/\/www.radiopiu.net\/wordpress\/wp-content\/uploads\/2025\/09\/d3fcd4c5-6d16-43da-9fec-cf14c7b765b1-150x150.jpg\" class=\"attachment-thumbnail size-thumbnail\" alt=\"\" \/><\/a>\n\t\t\t\t<\/dt><\/dl><dl class='gallery-item'>\n\t\t\t\t<dt class='gallery-icon portrait'>\n\t\t\t\t\t<a class=\"rollover rollover-zoom dt-pswp-item\" title=\"Parliamo di zecche\" data-dt-img-description=\"\" data-large_image_width=\"1811\" data-large_image_height=\"2560\"href='https:\/\/www.radiopiu.net\/wordpress\/wp-content\/uploads\/2025\/09\/Parliamo-di-zecche-scaled.jpg'><img loading=\"lazy\" decoding=\"async\" width=\"150\" height=\"150\" src=\"https:\/\/www.radiopiu.net\/wordpress\/wp-content\/uploads\/2025\/09\/Parliamo-di-zecche-150x150.jpg\" class=\"attachment-thumbnail size-thumbnail\" alt=\"\" \/><\/a>\n\t\t\t\t<\/dt><\/dl><dl class='gallery-item'>\n\t\t\t\t<dt class='gallery-icon portrait'>\n\t\t\t\t\t<a class=\"rollover rollover-zoom dt-pswp-item\" title=\"Luci care Luci belle\" data-dt-img-description=\"\" data-large_image_width=\"1131\" data-large_image_height=\"1600\"href='https:\/\/www.radiopiu.net\/wordpress\/wp-content\/uploads\/2025\/09\/Luci-care-Luci-belle.jpg'><img loading=\"lazy\" decoding=\"async\" width=\"150\" height=\"150\" src=\"https:\/\/www.radiopiu.net\/wordpress\/wp-content\/uploads\/2025\/09\/Luci-care-Luci-belle-150x150.jpg\" class=\"attachment-thumbnail size-thumbnail\" alt=\"\" \/><\/a>\n\t\t\t\t<\/dt><\/dl><dl class='gallery-item'>\n\t\t\t\t<dt class='gallery-icon portrait'>\n\t\t\t\t\t<a class=\"rollover rollover-zoom dt-pswp-item\" title=\"image\" data-dt-img-description=\"\" data-large_image_width=\"700\" data-large_image_height=\"990\"href='https:\/\/www.radiopiu.net\/wordpress\/wp-content\/uploads\/2025\/09\/image.jpg'><img loading=\"lazy\" decoding=\"async\" width=\"150\" height=\"150\" src=\"https:\/\/www.radiopiu.net\/wordpress\/wp-content\/uploads\/2025\/09\/image-150x150.jpg\" class=\"attachment-thumbnail size-thumbnail\" alt=\"\" \/><\/a>\n\t\t\t\t<\/dt><\/dl><br style=\"clear: both\" \/><dl class='gallery-item'>\n\t\t\t\t<dt class='gallery-icon portrait'>\n\t\t\t\t\t<a class=\"rollover rollover-zoom dt-pswp-item\" title=\"JORI__emi_veneata_LOCANDINA\" data-dt-img-description=\"\" data-large_image_width=\"595\" data-large_image_height=\"841\"href='https:\/\/www.radiopiu.net\/wordpress\/wp-content\/uploads\/2025\/09\/JORI__emi_veneata_LOCANDINA.jpg'><img loading=\"lazy\" decoding=\"async\" width=\"150\" height=\"150\" src=\"https:\/\/www.radiopiu.net\/wordpress\/wp-content\/uploads\/2025\/09\/JORI__emi_veneata_LOCANDINA-150x150.jpg\" class=\"attachment-thumbnail size-thumbnail\" alt=\"\" \/><\/a>\n\t\t\t\t<\/dt><\/dl><dl class='gallery-item'>\n\t\t\t\t<dt class='gallery-icon portrait'>\n\t\t\t\t\t<a class=\"rollover rollover-zoom dt-pswp-item\" title=\"Inaugurazione (1)\" data-dt-img-description=\"\" data-large_image_width=\"1409\" data-large_image_height=\"2000\"href='https:\/\/www.radiopiu.net\/wordpress\/wp-content\/uploads\/2025\/09\/Inaugurazione-1.jpg'><img loading=\"lazy\" decoding=\"async\" width=\"150\" height=\"150\" src=\"https:\/\/www.radiopiu.net\/wordpress\/wp-content\/uploads\/2025\/09\/Inaugurazione-1-150x150.jpg\" class=\"attachment-thumbnail size-thumbnail\" alt=\"\" \/><\/a>\n\t\t\t\t<\/dt><\/dl><dl class='gallery-item'>\n\t\t\t\t<dt class='gallery-icon portrait'>\n\t\t\t\t\t<a class=\"rollover rollover-zoom dt-pswp-item\" title=\"volantino mostra DAL MUT MAURIZIO 2025\" data-dt-img-description=\"\" data-large_image_width=\"595\" data-large_image_height=\"842\"href='https:\/\/www.radiopiu.net\/wordpress\/wp-content\/uploads\/2025\/09\/volantino-mostra-DAL-MUT-MAURIZIO-2025.jpg'><img loading=\"lazy\" decoding=\"async\" width=\"150\" height=\"150\" src=\"https:\/\/www.radiopiu.net\/wordpress\/wp-content\/uploads\/2025\/09\/volantino-mostra-DAL-MUT-MAURIZIO-2025-150x150.jpg\" class=\"attachment-thumbnail size-thumbnail\" alt=\"\" \/><\/a>\n\t\t\t\t<\/dt><\/dl><dl class='gallery-item'>\n\t\t\t\t<dt class='gallery-icon portrait'>\n\t\t\t\t\t<a class=\"rollover rollover-zoom dt-pswp-item\" title=\"Guida-BL-Loc-2025\" data-dt-img-description=\"\" data-large_image_width=\"1000\" data-large_image_height=\"1414\"href='https:\/\/www.radiopiu.net\/wordpress\/wp-content\/uploads\/2025\/09\/Guida-BL-Loc-2025.jpg'><img loading=\"lazy\" decoding=\"async\" width=\"150\" height=\"150\" src=\"https:\/\/www.radiopiu.net\/wordpress\/wp-content\/uploads\/2025\/09\/Guida-BL-Loc-2025-150x150.jpg\" class=\"attachment-thumbnail size-thumbnail\" alt=\"\" \/><\/a>\n\t\t\t\t<\/dt><\/dl><dl class='gallery-item'>\n\t\t\t\t<dt class='gallery-icon landscape'>\n\t\t\t\t\t<a class=\"rollover rollover-zoom dt-pswp-item\" title=\"post_facebook_porte_agordo_2025\" data-dt-img-description=\"\" data-large_image_width=\"940\" data-large_image_height=\"940\"href='https:\/\/www.radiopiu.net\/wordpress\/wp-content\/uploads\/2025\/09\/post_facebook_porte_agordo_2025.jpg'><img loading=\"lazy\" decoding=\"async\" width=\"150\" height=\"150\" src=\"https:\/\/www.radiopiu.net\/wordpress\/wp-content\/uploads\/2025\/09\/post_facebook_porte_agordo_2025-150x150.jpg\" class=\"attachment-thumbnail size-thumbnail\" alt=\"\" srcset=\"https:\/\/www.radiopiu.net\/wordpress\/wp-content\/uploads\/2025\/09\/post_facebook_porte_agordo_2025-150x150.jpg 150w, https:\/\/www.radiopiu.net\/wordpress\/wp-content\/uploads\/2025\/09\/post_facebook_porte_agordo_2025-300x300.jpg 300w, https:\/\/www.radiopiu.net\/wordpress\/wp-content\/uploads\/2025\/09\/post_facebook_porte_agordo_2025-768x768.jpg 768w, https:\/\/www.radiopiu.net\/wordpress\/wp-content\/uploads\/2025\/09\/post_facebook_porte_agordo_2025.jpg 940w\" sizes=\"auto, (max-width: 150px) 100vw, 150px\" \/><\/a>\n\t\t\t\t<\/dt><\/dl><br style=\"clear: both\" \/><dl class='gallery-item'>\n\t\t\t\t<dt class='gallery-icon landscape'>\n\t\t\t\t\t<a class=\"rollover rollover-zoom dt-pswp-item\" title=\"post_facebook_porte_belluno_2025\" data-dt-img-description=\"\" data-large_image_width=\"940\" data-large_image_height=\"940\"href='https:\/\/www.radiopiu.net\/wordpress\/wp-content\/uploads\/2025\/09\/post_facebook_porte_belluno_2025.jpg'><img loading=\"lazy\" decoding=\"async\" width=\"150\" height=\"150\" src=\"https:\/\/www.radiopiu.net\/wordpress\/wp-content\/uploads\/2025\/09\/post_facebook_porte_belluno_2025-150x150.jpg\" class=\"attachment-thumbnail size-thumbnail\" alt=\"\" srcset=\"https:\/\/www.radiopiu.net\/wordpress\/wp-content\/uploads\/2025\/09\/post_facebook_porte_belluno_2025-150x150.jpg 150w, https:\/\/www.radiopiu.net\/wordpress\/wp-content\/uploads\/2025\/09\/post_facebook_porte_belluno_2025-300x300.jpg 300w, https:\/\/www.radiopiu.net\/wordpress\/wp-content\/uploads\/2025\/09\/post_facebook_porte_belluno_2025-768x768.jpg 768w, https:\/\/www.radiopiu.net\/wordpress\/wp-content\/uploads\/2025\/09\/post_facebook_porte_belluno_2025.jpg 940w\" sizes=\"auto, (max-width: 150px) 100vw, 150px\" \/><\/a>\n\t\t\t\t<\/dt><\/dl><dl class='gallery-item'>\n\t\t\t\t<dt class='gallery-icon landscape'>\n\t\t\t\t\t<a class=\"rollover rollover-zoom dt-pswp-item\" title=\"post_facebook_porte_santa_gisutina_2025\" data-dt-img-description=\"\" data-large_image_width=\"940\" data-large_image_height=\"940\"href='https:\/\/www.radiopiu.net\/wordpress\/wp-content\/uploads\/2025\/09\/post_facebook_porte_santa_gisutina_2025.jpg'><img loading=\"lazy\" decoding=\"async\" width=\"150\" height=\"150\" src=\"https:\/\/www.radiopiu.net\/wordpress\/wp-content\/uploads\/2025\/09\/post_facebook_porte_santa_gisutina_2025-150x150.jpg\" class=\"attachment-thumbnail size-thumbnail\" alt=\"\" srcset=\"https:\/\/www.radiopiu.net\/wordpress\/wp-content\/uploads\/2025\/09\/post_facebook_porte_santa_gisutina_2025-150x150.jpg 150w, https:\/\/www.radiopiu.net\/wordpress\/wp-content\/uploads\/2025\/09\/post_facebook_porte_santa_gisutina_2025-300x300.jpg 300w, https:\/\/www.radiopiu.net\/wordpress\/wp-content\/uploads\/2025\/09\/post_facebook_porte_santa_gisutina_2025-768x768.jpg 768w, https:\/\/www.radiopiu.net\/wordpress\/wp-content\/uploads\/2025\/09\/post_facebook_porte_santa_gisutina_2025.jpg 940w\" sizes=\"auto, (max-width: 150px) 100vw, 150px\" \/><\/a>\n\t\t\t\t<\/dt><\/dl>\n\t\t\t\t<br style='clear: both' \/>\n\t\t\t<\/div>\n\n<h2><\/h2>\n<hr \/>\n<p>&nbsp;<\/p>\n<p class=\"mceTemp\"><a class=\"dt-pswp-item\" href=\"https:\/\/www.radiopiu.net\/wordpress\/wp-content\/uploads\/2018\/09\/WhatsApp-Image-2018-09-20-at-16.04.06.jpeg\" data-dt-img-description=\"\" data-large_image_width=\"800\" data-large_image_height=\"100\"><img loading=\"lazy\" decoding=\"async\" class=\"wp-image-61378 size-full aligncenter\" src=\"https:\/\/www.radiopiu.net\/wordpress\/wp-content\/uploads\/2018\/09\/WhatsApp-Image-2018-09-20-at-16.04.06.jpeg\" alt=\"\" width=\"800\" height=\"100\" srcset=\"https:\/\/www.radiopiu.net\/wordpress\/wp-content\/uploads\/2018\/09\/WhatsApp-Image-2018-09-20-at-16.04.06.jpeg 800w, https:\/\/www.radiopiu.net\/wordpress\/wp-content\/uploads\/2018\/09\/WhatsApp-Image-2018-09-20-at-16.04.06-300x38.jpeg 300w, https:\/\/www.radiopiu.net\/wordpress\/wp-content\/uploads\/2018\/09\/WhatsApp-Image-2018-09-20-at-16.04.06-768x96.jpeg 768w\" sizes=\"auto, (max-width: 800px) 100vw, 800px\" \/><\/a><\/p>\n<p>&nbsp;<\/p>\n<p><center><b>OGGI<\/b><\/center>Al mattino cielo irregolarmente nuvoloso con eventuali residui e modesti fenomeni; parziali schiarite nel corso del mattino che risulteranno pi\u00f9 ampie dal pomeriggio.<br \/>\n<b>Precipitazioni: <\/b>Generalmente assenti, salvo locali e residue pioviggini tra la notte e il mattino specie sulle Prealpi.<br \/>\n<b>Temperature: <\/b>In lieve o contenuto calo, salvo locali lievi aumenti delle minime nelle valli prealpine, su valori prossimi o leggermente superiori alle medie del periodo, specie le massime.<\/p>\n<hr \/>\n<p><center><b>DOMANI<\/b><\/center>Cielo sereno ovunque al pi\u00f9 poco nuvoloso per qualche modesto addensamento a ridosso di qualche vetta nelle ore calde, salvo locali nubi basse in Valbelluna con un po&#8217; di foschia nelle ore fredde specie in prossimit\u00e0 dei corsi d&#8217;acqua.<br \/>\n<b>Precipitazioni: <\/b>Assenti<br \/>\n<b>Temperature: <\/b>Minime in calo nelle valli in contenuto aumento in alta montagna; massime in aumento a tutte le quote anche sensibile con un&#8217;elevata escursione termica giornaliera e valori superiori alla norma.<\/p>\n<hr \/>\n<p><center><b>VENERDI<\/b><\/center>Al mattino cielo sereno a tutte le quote, nelle ore calde ancora sereno o al pi\u00f9 poco nuvoloso per degli innocui e modesti addensamenti a ridosso di qualche cima e per il transito di sottili velature verso sera. Fenomeni assenti. Temperature in ulteriore aumento, specie le massime, con un&#8217;elevata escursione termica giornaliera<\/p>\n<hr \/>\n<p><center><b>SABATO<\/b><\/center>Ancora una giornata abbastanza soleggiata, leggermente disturbata da innocui e modesti addensamenti diurni a ridosso di qualche cima e dal passaggio di velature un po&#8217; pi\u00f9 consistenti rispetto a quelle di venerd\u00ec sera. Temperature pressoch\u00e9 stazionarie, salvo un lieve calo delle massime.<\/p>\n<p>&nbsp;<\/p>\n<hr \/>\n<p>&nbsp;<\/p>\n<p class=\"mceTemp\"><a class=\"dt-pswp-item\" href=\"https:\/\/www.radiopiu.net\/wordpress\/wp-content\/uploads\/2018\/09\/sport.jpg\" data-dt-img-description=\"\" data-large_image_width=\"800\" data-large_image_height=\"100\"><img loading=\"lazy\" decoding=\"async\" class=\"aligncenter wp-image-60761 size-full\" src=\"https:\/\/www.radiopiu.net\/wordpress\/wp-content\/uploads\/2018\/09\/sport.jpg\" alt=\"\" width=\"800\" height=\"100\" srcset=\"https:\/\/www.radiopiu.net\/wordpress\/wp-content\/uploads\/2018\/09\/sport.jpg 800w, https:\/\/www.radiopiu.net\/wordpress\/wp-content\/uploads\/2018\/09\/sport-300x38.jpg 300w, https:\/\/www.radiopiu.net\/wordpress\/wp-content\/uploads\/2018\/09\/sport-768x96.jpg 768w\" sizes=\"auto, (max-width: 800px) 100vw, 800px\" \/> <\/a><\/p>\n<p>&nbsp;<\/p>\n<p><span style=\"color: #0000ff;\"><strong>HOCKEY SU GHIACCIO<\/strong><\/span><\/p>\n<blockquote>\n<h3>L&#8217;ALLEGHE CHIUDE IN BELLEZZA L&#8217;ULTIMA AMICHEVOLE PRE CAMPIONATO<\/h3>\n<\/blockquote>\n<p><span style=\"color: #ff0000;\"><strong><a class=\"dt-pswp-item\" href=\"https:\/\/www.radiopiu.net\/wordpress\/wp-content\/uploads\/2024\/10\/hockey-2024.png\" data-dt-img-description=\"\" data-large_image_width=\"491\" data-large_image_height=\"289\"><img loading=\"lazy\" decoding=\"async\" class=\" wp-image-415048 alignleft\" src=\"https:\/\/www.radiopiu.net\/wordpress\/wp-content\/uploads\/2024\/10\/hockey-2024-300x177.png\" alt=\"\" width=\"198\" height=\"117\" srcset=\"https:\/\/www.radiopiu.net\/wordpress\/wp-content\/uploads\/2024\/10\/hockey-2024-300x177.png 300w, https:\/\/www.radiopiu.net\/wordpress\/wp-content\/uploads\/2024\/10\/hockey-2024.png 491w\" sizes=\"auto, (max-width: 198px) 100vw, 198px\" \/><\/a>AMICHEVOLE IHL<\/strong><\/span><\/p>\n<p><strong>DOBBIACO &#8211; ALLEGHE 3-5<\/strong><\/p>\n<p>PARZIALI: 1-1, 1-2, 1-2<\/p>\n<p>GOL: pt. 1&#8217;30&#8221; Huhtela, 18&#8217;25&#8221; Lahner. st. 1&#8217;52&#8221; Isiguzo, 15&#8217;37&#8221; Pastorello, 17&#8217;36&#8221; Soppelsa. tt. 4&#8217;36&#8221; Majul, 10&#8217;15&#8221; e 18&#8217;26 De Nardin<\/p>\n<p>Si conclude con un successo esterno l\u2019ultima amichevole pre-campionato dell\u2019Alleghe Hockey. Sul ghiaccio di Dobbiaco le Civette hanno superato i padroni di casa per 5-3, dimostrando carattere e concretezza nei momenti decisivi della partita. La squadra agordina parte subito forte: dopo appena un minuto e mezzo \u00e8 Huhtela a trovare la rete del vantaggio. Il Dobbiaco per\u00f2 non si lascia intimorire e nel finale di primo tempo riesce a ristabilire la parit\u00e0. In avvio di seconda frazione l\u2019Alleghe torna avanti, ma i pusteresi reagiscono ancora firmando il 2-2. A spegnere l\u2019entusiasmo dei padroni di casa ci pensa Soppelsa, che poco prima della seconda sirena sigla il nuovo vantaggio biancorosso. Il copione si ripete all\u2019inizio del terzo drittel, con il Dobbiaco che trova subito il pareggio. Questa volta per\u00f2 l\u2019inerzia della partita gira definitivamente dalla parte delle Civette: De Nardin mette a segno una doppietta che fissa il punteggio sul 5-3 finale, regalando all\u2019Alleghe una vittoria convincente e fiducia in vista dell\u2019imminente campionato.<\/p>\n<p>&nbsp;<\/p>\n<p>&nbsp;<\/p>\n<p>&nbsp;<\/p>\n<p>&nbsp;<\/p>\n<p>&nbsp;<\/p>\n<p>&nbsp;<\/p>\n","protected":false},"excerpt":{"rendered":"<p>*** &nbsp; LA\u00a0 APP PER IOS-IPHONE di Nicola Vettorello https:\/\/apps.apple.com\/it\/app\/radio-pi%C3%B9-emittente-agordina\/id1515939845 LA\u00a0 APP RADIO\u00a0 PER ANDROID di Nicola Vettorello https:\/\/play.google.com\/store\/apps\/details?id=net.radiopiu.iniko\u00a0\u00a0\u00a0\u00a0\u00a0 &nbsp; \u00a0\u00a0 OGGI SU RADIOPI\u00d9: MUSICA, informazione\u00a0 e dirette\u00a0 ALLE 8.05 LA RASSEGNA STAMPA LOCALE 8.25 PIU SIAMO DI MARINA DONA\u2019 900 LASTE ROCK, CON SIMONE E MATTIA, L&#8217;APPUNTAMENTO DI DOMENICA A LASTE DI ROCCA PIETORE\u00a0&hellip;<\/p>\n","protected":false},"author":4,"featured_media":470056,"comment_status":"closed","ping_status":"closed","sticky":false,"template":"","format":"standard","meta":{"_monsterinsights_skip_tracking":false,"_monsterinsights_sitenote_active":false,"_monsterinsights_sitenote_note":"","_monsterinsights_sitenote_category":0,"footnotes":""},"categories":[51,86,49],"tags":[],"class_list":["post-469993","post","type-post","status-publish","format-standard","has-post-thumbnail","hentry","category-evidenza-top","category-gr","category-news-18","category-51","category-86","category-49","description-off"],"img_url":"https:\/\/www.radiopiu.net\/wordpress\/wp-content\/uploads\/2025\/09\/2_il-cantiere.jpeg","_links":{"self":[{"href":"https:\/\/www.radiopiu.net\/wordpress\/wp-json\/wp\/v2\/posts\/469993","targetHints":{"allow":["GET"]}}],"collection":[{"href":"https:\/\/www.radiopiu.net\/wordpress\/wp-json\/wp\/v2\/posts"}],"about":[{"href":"https:\/\/www.radiopiu.net\/wordpress\/wp-json\/wp\/v2\/types\/post"}],"author":[{"embeddable":true,"href":"https:\/\/www.radiopiu.net\/wordpress\/wp-json\/wp\/v2\/users\/4"}],"replies":[{"embeddable":true,"href":"https:\/\/www.radiopiu.net\/wordpress\/wp-json\/wp\/v2\/comments?post=469993"}],"version-history":[{"count":35,"href":"https:\/\/www.radiopiu.net\/wordpress\/wp-json\/wp\/v2\/posts\/469993\/revisions"}],"predecessor-version":[{"id":470217,"href":"https:\/\/www.radiopiu.net\/wordpress\/wp-json\/wp\/v2\/posts\/469993\/revisions\/470217"}],"wp:featuredmedia":[{"embeddable":true,"href":"https:\/\/www.radiopiu.net\/wordpress\/wp-json\/wp\/v2\/media\/470056"}],"wp:attachment":[{"href":"https:\/\/www.radiopiu.net\/wordpress\/wp-json\/wp\/v2\/media?parent=469993"}],"wp:term":[{"taxonomy":"category","embeddable":true,"href":"https:\/\/www.radiopiu.net\/wordpress\/wp-json\/wp\/v2\/categories?post=469993"},{"taxonomy":"post_tag","embeddable":true,"href":"https:\/\/www.radiopiu.net\/wordpress\/wp-json\/wp\/v2\/tags?post=469993"}],"curies":[{"name":"wp","href":"https:\/\/api.w.org\/{rel}","templated":true}]}}