{"id":470021,"date":"2025-09-16T05:49:10","date_gmt":"2025-09-16T03:49:10","guid":{"rendered":"https:\/\/www.radiopiu.net\/wordpress\/?p=470021"},"modified":"2025-09-16T08:13:29","modified_gmt":"2025-09-16T06:13:29","slug":"ladri-portano-via-oro-e-gioielli-di-famiglia","status":"publish","type":"post","link":"https:\/\/www.radiopiu.net\/wordpress\/ladri-portano-via-oro-e-gioielli-di-famiglia\/","title":{"rendered":"LADRI PORTANO VIA ORO E GIOIELLI DI FAMIGLIA"},"content":{"rendered":"<p>***<\/p>\n<blockquote>\n<p data-start=\"59\" data-end=\"124\"><strong data-start=\"59\" data-end=\"122\"><\/p>\n<p><\/strong><\/p>\n<\/blockquote>\n<p data-start=\"126\" data-end=\"584\"><strong>VAS<\/strong> \u2013 Colpo nella notte tra marted\u00ec e mercoled\u00ec scorsi ai danni della cantina Biasiotto, storica attivit\u00e0 di famiglia gestita da quattro generazioni. I ladri hanno tagliato le robuste inferriate e sono entrati passando da una piccola finestra nella taverna sotto l\u2019abitazione. Una volta dentro, hanno messo a soqquadro i locali e si sono impossessati di ori e preziosi. \u00c8 un furto che colpisce non solo il patrimonio materiale, ma anche quello affettivo e storico della famiglia. Le indagini sono in corso<\/p>\n<hr \/>\n<p>&nbsp;<\/p>\n","protected":false},"excerpt":{"rendered":"<p>*** VAS \u2013 Colpo nella notte tra marted\u00ec e mercoled\u00ec scorsi ai danni della cantina Biasiotto, storica attivit\u00e0 di famiglia gestita da quattro generazioni. I ladri hanno tagliato le robuste inferriate e sono entrati passando da una piccola finestra nella taverna sotto l\u2019abitazione. Una volta dentro, hanno messo a soqquadro i locali e si sono&hellip;<\/p>\n","protected":false},"author":4,"featured_media":278033,"comment_status":"closed","ping_status":"closed","sticky":false,"template":"","format":"standard","meta":{"_monsterinsights_skip_tracking":false,"_monsterinsights_sitenote_active":false,"_monsterinsights_sitenote_note":"","_monsterinsights_sitenote_category":0,"footnotes":""},"categories":[51,49],"tags":[],"class_list":["post-470021","post","type-post","status-publish","format-standard","has-post-thumbnail","hentry","category-evidenza-top","category-news-18","category-51","category-49","description-off"],"img_url":"https:\/\/www.radiopiu.net\/wordpress\/wp-content\/uploads\/2022\/05\/POLIZIA-2.jpg","_links":{"self":[{"href":"https:\/\/www.radiopiu.net\/wordpress\/wp-json\/wp\/v2\/posts\/470021","targetHints":{"allow":["GET"]}}],"collection":[{"href":"https:\/\/www.radiopiu.net\/wordpress\/wp-json\/wp\/v2\/posts"}],"about":[{"href":"https:\/\/www.radiopiu.net\/wordpress\/wp-json\/wp\/v2\/types\/post"}],"author":[{"embeddable":true,"href":"https:\/\/www.radiopiu.net\/wordpress\/wp-json\/wp\/v2\/users\/4"}],"replies":[{"embeddable":true,"href":"https:\/\/www.radiopiu.net\/wordpress\/wp-json\/wp\/v2\/comments?post=470021"}],"version-history":[{"count":2,"href":"https:\/\/www.radiopiu.net\/wordpress\/wp-json\/wp\/v2\/posts\/470021\/revisions"}],"predecessor-version":[{"id":470050,"href":"https:\/\/www.radiopiu.net\/wordpress\/wp-json\/wp\/v2\/posts\/470021\/revisions\/470050"}],"wp:featuredmedia":[{"embeddable":true,"href":"https:\/\/www.radiopiu.net\/wordpress\/wp-json\/wp\/v2\/media\/278033"}],"wp:attachment":[{"href":"https:\/\/www.radiopiu.net\/wordpress\/wp-json\/wp\/v2\/media?parent=470021"}],"wp:term":[{"taxonomy":"category","embeddable":true,"href":"https:\/\/www.radiopiu.net\/wordpress\/wp-json\/wp\/v2\/categories?post=470021"},{"taxonomy":"post_tag","embeddable":true,"href":"https:\/\/www.radiopiu.net\/wordpress\/wp-json\/wp\/v2\/tags?post=470021"}],"curies":[{"name":"wp","href":"https:\/\/api.w.org\/{rel}","templated":true}]}}