{"id":470037,"date":"2025-09-16T06:48:26","date_gmt":"2025-09-16T04:48:26","guid":{"rendered":"https:\/\/www.radiopiu.net\/wordpress\/?p=470037"},"modified":"2025-09-16T06:51:49","modified_gmt":"2025-09-16T04:51:49","slug":"radio-piu-due-progetti-speciali-per-raccontare-storie-e-comunita","status":"publish","type":"post","link":"https:\/\/www.radiopiu.net\/wordpress\/radio-piu-due-progetti-speciali-per-raccontare-storie-e-comunita\/","title":{"rendered":"Radio Pi\u00f9: due progetti speciali per raccontare storie e comunit\u00e0"},"content":{"rendered":"<p>**<\/p>\n<blockquote>\n<p data-start=\"163\" data-end=\"302\">La redazione giornalistica di Radio Pi\u00f9 \u00e8 pronta a partire con due iniziative che promettono di appassionare ascoltatori di tutte le et\u00e0.<\/p>\n<\/blockquote>\n<p data-start=\"304\" data-end=\"783\"><img loading=\"lazy\" decoding=\"async\" class=\"alignleft\" src=\"https:\/\/www.radiopiu.net\/wordpress\/wp-content\/uploads\/2024\/10\/Senza-nome-8.png\" width=\"212\" height=\"187\" \/>Il primo progetto riguarda la <strong data-start=\"334\" data-end=\"430\">seconda stagione delle storie dei periti minerari e chimici dell\u2019Istituto Follador di Agordo<\/strong>. Un viaggio tra memoria, formazione e professioni, che racconter\u00e0 ogni settimana le vicende e le esperienze di chi ha studiato\u00a0 in questo storico istituto. Appuntamento fisso <strong data-start=\"616\" data-end=\"653\">il luned\u00ec alle 10.30 e alle 19.20<\/strong>, per un anno intero, per non perdere nemmeno un episodio di questa serie che unisce storia, cultura e racconti di vita vissuta. Ogni settimana un racconto, alla Radio (fm Belluno-dab in tutto il Veneto) e su tutti i canali social<\/p>\n<p data-start=\"785\" data-end=\"1220\">Il secondo progetto \u00e8 dedicato al cuore pulsante della comunit\u00e0: <strong data-start=\"850\" data-end=\"883\">la settimana del volontariato<\/strong>. Da oggi a venerd\u00ec, Radio Pi\u00f9 porter\u00e0 i suoi ascoltatori alla scoperta delle realt\u00e0 del volontariato zoldano e agordino, tra storie di impegno, passione e solidariet\u00e0. Gli incontri andranno in onda <strong data-start=\"1082\" data-end=\"1121\">ogni giorno alle 13.10 e alle 20.10<\/strong>, offrendo uno spazio per conoscere chi lavora quotidianamente per gli altri e per il territorio.<\/p>\n<p data-start=\"1222\" data-end=\"1532\">Due progetti diversi, ma con un filo comune: raccontare storie autentiche e dare voce a persone, professioni e realt\u00e0 locali che meritano attenzione. Radio Pi\u00f9 conferma cos\u00ec il suo ruolo di ponte tra comunit\u00e0, informazione e cultura, trasformando ogni trasmissione in un\u2019occasione di scoperta e condivisione.<\/p>\n<hr \/>\n<p data-start=\"1222\" data-end=\"1532\">\n","protected":false},"excerpt":{"rendered":"<p>** La redazione giornalistica di Radio Pi\u00f9 \u00e8 pronta a partire con due iniziative che promettono di appassionare ascoltatori di tutte le et\u00e0. Il primo progetto riguarda la seconda stagione delle storie dei periti minerari e chimici dell\u2019Istituto Follador di Agordo. Un viaggio tra memoria, formazione e professioni, che racconter\u00e0 ogni settimana le vicende e&hellip;<\/p>\n","protected":false},"author":4,"featured_media":412130,"comment_status":"closed","ping_status":"closed","sticky":false,"template":"","format":"standard","meta":{"_monsterinsights_skip_tracking":false,"_monsterinsights_sitenote_active":false,"_monsterinsights_sitenote_note":"","_monsterinsights_sitenote_category":0,"footnotes":""},"categories":[104,49],"tags":[],"class_list":["post-470037","post","type-post","status-publish","format-standard","has-post-thumbnail","hentry","category-evidenza_3","category-news-18","category-104","category-49","description-off"],"img_url":"https:\/\/www.radiopiu.net\/wordpress\/wp-content\/uploads\/2024\/10\/Senza-nome-8.png","_links":{"self":[{"href":"https:\/\/www.radiopiu.net\/wordpress\/wp-json\/wp\/v2\/posts\/470037","targetHints":{"allow":["GET"]}}],"collection":[{"href":"https:\/\/www.radiopiu.net\/wordpress\/wp-json\/wp\/v2\/posts"}],"about":[{"href":"https:\/\/www.radiopiu.net\/wordpress\/wp-json\/wp\/v2\/types\/post"}],"author":[{"embeddable":true,"href":"https:\/\/www.radiopiu.net\/wordpress\/wp-json\/wp\/v2\/users\/4"}],"replies":[{"embeddable":true,"href":"https:\/\/www.radiopiu.net\/wordpress\/wp-json\/wp\/v2\/comments?post=470037"}],"version-history":[{"count":2,"href":"https:\/\/www.radiopiu.net\/wordpress\/wp-json\/wp\/v2\/posts\/470037\/revisions"}],"predecessor-version":[{"id":470041,"href":"https:\/\/www.radiopiu.net\/wordpress\/wp-json\/wp\/v2\/posts\/470037\/revisions\/470041"}],"wp:featuredmedia":[{"embeddable":true,"href":"https:\/\/www.radiopiu.net\/wordpress\/wp-json\/wp\/v2\/media\/412130"}],"wp:attachment":[{"href":"https:\/\/www.radiopiu.net\/wordpress\/wp-json\/wp\/v2\/media?parent=470037"}],"wp:term":[{"taxonomy":"category","embeddable":true,"href":"https:\/\/www.radiopiu.net\/wordpress\/wp-json\/wp\/v2\/categories?post=470037"},{"taxonomy":"post_tag","embeddable":true,"href":"https:\/\/www.radiopiu.net\/wordpress\/wp-json\/wp\/v2\/tags?post=470037"}],"curies":[{"name":"wp","href":"https:\/\/api.w.org\/{rel}","templated":true}]}}