{"id":470127,"date":"2025-09-17T05:09:55","date_gmt":"2025-09-17T03:09:55","guid":{"rendered":"https:\/\/www.radiopiu.net\/wordpress\/?p=470127"},"modified":"2025-09-17T05:37:29","modified_gmt":"2025-09-17T03:37:29","slug":"escursionista-statunitense-bloccato-sul-sentiero-brovedani","status":"publish","type":"post","link":"https:\/\/www.radiopiu.net\/wordpress\/escursionista-statunitense-bloccato-sul-sentiero-brovedani\/","title":{"rendered":"ESCURSIONISTA STATUNITENSE BLOCCATO SUL SENTIERO BROVEDANI"},"content":{"rendered":"<p>*******<\/p>\n<p>&nbsp;<\/p>\n<p><strong><a class=\"dt-pswp-item\" href=\"https:\/\/www.radiopiu.net\/wordpress\/wp-content\/uploads\/2025\/07\/LOGO_NEW_BELLUNO.jpg\" data-dt-img-description=\"\" data-large_image_width=\"1600\" data-large_image_height=\"1131\"><img loading=\"lazy\" decoding=\"async\" class=\" wp-image-461728 alignleft\" src=\"https:\/\/www.radiopiu.net\/wordpress\/wp-content\/uploads\/2025\/07\/LOGO_NEW_BELLUNO-300x212.jpg\" alt=\"\" width=\"154\" height=\"109\" srcset=\"https:\/\/www.radiopiu.net\/wordpress\/wp-content\/uploads\/2025\/07\/LOGO_NEW_BELLUNO-300x212.jpg 300w, https:\/\/www.radiopiu.net\/wordpress\/wp-content\/uploads\/2025\/07\/LOGO_NEW_BELLUNO-1024x724.jpg 1024w, https:\/\/www.radiopiu.net\/wordpress\/wp-content\/uploads\/2025\/07\/LOGO_NEW_BELLUNO-768x543.jpg 768w, https:\/\/www.radiopiu.net\/wordpress\/wp-content\/uploads\/2025\/07\/LOGO_NEW_BELLUNO-1536x1086.jpg 1536w, https:\/\/www.radiopiu.net\/wordpress\/wp-content\/uploads\/2025\/07\/LOGO_NEW_BELLUNO.jpg 1600w\" sizes=\"auto, (max-width: 154px) 100vw, 154px\" \/><\/a>AURONZO DI CADORE<\/strong> Attorno alle 13.30 Falco 2 \u00e8 decollato in direzione del Sentiero Brovedani, a seguito della chiamata di un escursionista statunitense chi si era bloccato in un tratto molto ripido e non era pi\u00f9 in grado di proseguire autonomamente. Individuato il punto dove si trova a il 34enne del Vermont, che stava percorrendo l&#8217;Alta Via numero 4, l&#8217;elicottero ha sbarcato il tecnico di elisoccorso con un verricello di 20 metri in un punto in cui il sentiero 277 passa sotto la Croda de Banco. Il Soccorritore ha agganciato l&#8217;escursionista, che gi\u00e0 indossava l&#8217;imbrago e stava aspettando seduto, e con lui \u00e8 stato issato a bordo. L&#8217;uomo, che era illeso, \u00e8 stato lasciato in piazzola a Pieve di Cadore.<\/p>\n<p>&nbsp;<\/p>\n<p>&nbsp;<\/p>\n<p>&nbsp;<\/p>\n<p>************<\/p>\n","protected":false},"excerpt":{"rendered":"<p>******* &nbsp; AURONZO DI CADORE Attorno alle 13.30 Falco 2 \u00e8 decollato in direzione del Sentiero Brovedani, a seguito della chiamata di un escursionista statunitense chi si era bloccato in un tratto molto ripido e non era pi\u00f9 in grado di proseguire autonomamente. Individuato il punto dove si trova a il 34enne del Vermont, che&hellip;<\/p>\n","protected":false},"author":4,"featured_media":461728,"comment_status":"closed","ping_status":"closed","sticky":false,"template":"","format":"standard","meta":{"_monsterinsights_skip_tracking":false,"_monsterinsights_sitenote_active":false,"_monsterinsights_sitenote_note":"","_monsterinsights_sitenote_category":0,"footnotes":""},"categories":[51,49],"tags":[],"class_list":["post-470127","post","type-post","status-publish","format-standard","has-post-thumbnail","hentry","category-evidenza-top","category-news-18","category-51","category-49","description-off"],"img_url":"https:\/\/www.radiopiu.net\/wordpress\/wp-content\/uploads\/2025\/07\/LOGO_NEW_BELLUNO.jpg","_links":{"self":[{"href":"https:\/\/www.radiopiu.net\/wordpress\/wp-json\/wp\/v2\/posts\/470127","targetHints":{"allow":["GET"]}}],"collection":[{"href":"https:\/\/www.radiopiu.net\/wordpress\/wp-json\/wp\/v2\/posts"}],"about":[{"href":"https:\/\/www.radiopiu.net\/wordpress\/wp-json\/wp\/v2\/types\/post"}],"author":[{"embeddable":true,"href":"https:\/\/www.radiopiu.net\/wordpress\/wp-json\/wp\/v2\/users\/4"}],"replies":[{"embeddable":true,"href":"https:\/\/www.radiopiu.net\/wordpress\/wp-json\/wp\/v2\/comments?post=470127"}],"version-history":[{"count":1,"href":"https:\/\/www.radiopiu.net\/wordpress\/wp-json\/wp\/v2\/posts\/470127\/revisions"}],"predecessor-version":[{"id":470128,"href":"https:\/\/www.radiopiu.net\/wordpress\/wp-json\/wp\/v2\/posts\/470127\/revisions\/470128"}],"wp:featuredmedia":[{"embeddable":true,"href":"https:\/\/www.radiopiu.net\/wordpress\/wp-json\/wp\/v2\/media\/461728"}],"wp:attachment":[{"href":"https:\/\/www.radiopiu.net\/wordpress\/wp-json\/wp\/v2\/media?parent=470127"}],"wp:term":[{"taxonomy":"category","embeddable":true,"href":"https:\/\/www.radiopiu.net\/wordpress\/wp-json\/wp\/v2\/categories?post=470127"},{"taxonomy":"post_tag","embeddable":true,"href":"https:\/\/www.radiopiu.net\/wordpress\/wp-json\/wp\/v2\/tags?post=470127"}],"curies":[{"name":"wp","href":"https:\/\/api.w.org\/{rel}","templated":true}]}}