{"id":470175,"date":"2025-09-18T05:56:30","date_gmt":"2025-09-18T03:56:30","guid":{"rendered":"https:\/\/www.radiopiu.net\/wordpress\/?p=470175"},"modified":"2025-09-18T14:52:33","modified_gmt":"2025-09-18T12:52:33","slug":"giornale-radiopiu-18-settembre-2025-direttore-mirko-mezzacasa","status":"publish","type":"post","link":"https:\/\/www.radiopiu.net\/wordpress\/giornale-radiopiu-18-settembre-2025-direttore-mirko-mezzacasa\/","title":{"rendered":"GIORNALE RADIOPIU 18 SETTEMBRE 2025 DIRETTORE MIRKO MEZZACASA"},"content":{"rendered":"<p>***<\/p>\n<p>&nbsp;<\/p>\n<p><em><span style=\"color: #ff0000;\"><a class=\"dt-pswp-item\" href=\"https:\/\/www.radiopiu.net\/wordpress\/wp-content\/uploads\/2024\/10\/Senza-nome-8.png\" data-dt-img-description=\"\" data-large_image_width=\"343\" data-large_image_height=\"303\"><img loading=\"lazy\" decoding=\"async\" class=\"wp-image-412130 alignleft\" src=\"https:\/\/www.radiopiu.net\/wordpress\/wp-content\/uploads\/2024\/10\/Senza-nome-8-300x265.png\" alt=\"\" width=\"105\" height=\"93\" srcset=\"https:\/\/www.radiopiu.net\/wordpress\/wp-content\/uploads\/2024\/10\/Senza-nome-8-300x265.png 300w, https:\/\/www.radiopiu.net\/wordpress\/wp-content\/uploads\/2024\/10\/Senza-nome-8.png 343w\" sizes=\"auto, (max-width: 105px) 100vw, 105px\" \/><\/a><\/span><\/em><strong><em><span style=\"color: #ff0000;\"> LA\u00a0 APP PER IOS-IPHONE di Nicola Vettorello<\/span><\/em><\/strong><\/p>\n<p><strong><span style=\"color: #0000ff;\"><a style=\"color: #0000ff;\" href=\"https:\/\/apps.apple.com\/it\/app\/radio-pi%C3%B9-emittente-agordina\/id1515939845\">https:\/\/apps.apple.com\/it\/app\/radio-pi%C3%B9-emittente-agordina\/id1515939845<\/a><\/span><\/strong><\/p>\n<p><strong><em style=\"color: #ff0000;\">LA\u00a0 APP RADIO\u00a0 PER ANDROID di Nicola Vettorello<\/em><\/strong><\/p>\n<p><strong><span style=\"color: #0000ff;\"><a style=\"color: #0000ff;\" href=\"https:\/\/play.google.com\/store\/apps\/details?id=net.radiopiu.iniko\" target=\"_blank\" rel=\"noopener noreferrer\">https:\/\/<\/a><a style=\"color: #0000ff;\" href=\"https:\/\/play.google.com\/store\/apps\/details?id=net.radiopiu.iniko\" target=\"_blank\" rel=\"noopener noreferrer\">play.google.com\/store\/apps\/details?id=net.radiopiu.iniko\u00a0\u00a0\u00a0\u00a0\u00a0\u00a0<\/a><\/span><\/strong><\/p>\n<p>&nbsp;<\/p>\n<div class=\"html-div xdj266r x14z9mp xat24cr x1lziwak xexx8yu xyri2b x18d9i69 x1c1uobl\">\n<div class=\"html-div xdj266r x14z9mp xat24cr x1lziwak xexx8yu xyri2b x18d9i69 x1c1uobl\" dir=\"auto\">\n<div class=\"html-div xdj266r x14z9mp xat24cr x1lziwak xexx8yu xyri2b x18d9i69 x1c1uobl\" data-ad-rendering-role=\"story_message\">\n<div id=\"_r_3ig_\" class=\"x1l90r2v x1iorvi4 x1g0dm76 xpdmqnj\" data-ad-comet-preview=\"message\" data-ad-preview=\"message\">\n<div class=\"x78zum5 xdt5ytf xz62fqu x16ldp7u\">\n<div class=\"xu06os2 x1ok221b\">\n<div class=\"html-div xdj266r x14z9mp xat24cr x1lziwak xexx8yu xyri2b x18d9i69 x1c1uobl\">\n<div class=\"xdj266r x14z9mp xat24cr x1lziwak x1vvkbs x126k92a\">\n<div dir=\"auto\"><strong>ALLEGHE DA QUALCHE GIORNO&#8230; IN RIVA AL LAGO.. CAMPEGGIO LIBERO NON CONTROLLATO<\/strong><\/div>\n<\/div>\n<\/div>\n<\/div>\n<\/div>\n<\/div>\n<\/div>\n<\/div>\n<div id=\"_r_3ih_\" class=\"html-div xdj266r x14z9mp xat24cr x1lziwak xexx8yu xyri2b x18d9i69 x1c1uobl x1n2onr6\">\n<div class=\"html-div xdj266r x14z9mp xat24cr x1lziwak xexx8yu xyri2b x18d9i69 x1c1uobl x1n2onr6\">\n<div class=\"html-div xdj266r x14z9mp xat24cr x1lziwak xexx8yu xyri2b x18d9i69 x1c1uobl\">\n<div class=\"x1n2onr6\">\n<div class=\"x1n2onr6\">\n<div class=\"x6ikm8r x10wlt62 x10l6tqk\">\n\n\t\t\t<style type='text\/css'>\n\t\t\t\t#gallery-1 {\n\t\t\t\t\tmargin: auto;\n\t\t\t\t}\n\t\t\t\t#gallery-1 .gallery-item {\n\t\t\t\t\tfloat: left;\n\t\t\t\t\tmargin-top: 10px;\n\t\t\t\t\ttext-align: center;\n\t\t\t\t\twidth: 50%;\n\t\t\t\t}\n\t\t\t\t#gallery-1 img {\n\t\t\t\t\tborder: 2px solid #cfcfcf;\n\t\t\t\t}\n\t\t\t\t#gallery-1 .gallery-caption {\n\t\t\t\t\tmargin-left: 0;\n\t\t\t\t}\n\t\t\t\t\/* see gallery_shortcode() in wp-includes\/media.php *\/\n\t\t\t<\/style>\n\t\t<div id='gallery-1' class='dt-gallery-container gallery galleryid-470175 gallery-columns-2 gallery-size-medium'><dl class='gallery-item'>\n\t\t\t\t<dt class='gallery-icon landscape'>\n\t\t\t\t\t<a class=\"rollover rollover-zoom dt-pswp-item\" title=\"bcce61f5-9566-4b06-8b46-ef72f62404ed\" data-dt-img-description=\"\" data-large_image_width=\"1600\" data-large_image_height=\"900\"href='https:\/\/www.radiopiu.net\/wordpress\/wp-content\/uploads\/2025\/09\/bcce61f5-9566-4b06-8b46-ef72f62404ed.jpg'><img loading=\"lazy\" decoding=\"async\" width=\"300\" height=\"169\" src=\"https:\/\/www.radiopiu.net\/wordpress\/wp-content\/uploads\/2025\/09\/bcce61f5-9566-4b06-8b46-ef72f62404ed-300x169.jpg\" class=\"attachment-medium size-medium\" alt=\"\" srcset=\"https:\/\/www.radiopiu.net\/wordpress\/wp-content\/uploads\/2025\/09\/bcce61f5-9566-4b06-8b46-ef72f62404ed-300x169.jpg 300w, https:\/\/www.radiopiu.net\/wordpress\/wp-content\/uploads\/2025\/09\/bcce61f5-9566-4b06-8b46-ef72f62404ed-1024x576.jpg 1024w, https:\/\/www.radiopiu.net\/wordpress\/wp-content\/uploads\/2025\/09\/bcce61f5-9566-4b06-8b46-ef72f62404ed-768x432.jpg 768w, https:\/\/www.radiopiu.net\/wordpress\/wp-content\/uploads\/2025\/09\/bcce61f5-9566-4b06-8b46-ef72f62404ed-1536x864.jpg 1536w, https:\/\/www.radiopiu.net\/wordpress\/wp-content\/uploads\/2025\/09\/bcce61f5-9566-4b06-8b46-ef72f62404ed.jpg 1600w\" sizes=\"auto, (max-width: 300px) 100vw, 300px\" \/><\/a>\n\t\t\t\t<\/dt><\/dl><dl class='gallery-item'>\n\t\t\t\t<dt class='gallery-icon landscape'>\n\t\t\t\t\t<a class=\"rollover rollover-zoom dt-pswp-item\" title=\"Screenshot 2025-09-18 060843\" data-dt-img-description=\"\" data-large_image_width=\"412\" data-large_image_height=\"404\"href='https:\/\/www.radiopiu.net\/wordpress\/wp-content\/uploads\/2025\/09\/Screenshot-2025-09-18-060843.png'><img loading=\"lazy\" decoding=\"async\" width=\"300\" height=\"294\" src=\"https:\/\/www.radiopiu.net\/wordpress\/wp-content\/uploads\/2025\/09\/Screenshot-2025-09-18-060843-300x294.png\" class=\"attachment-medium size-medium\" alt=\"\" srcset=\"https:\/\/www.radiopiu.net\/wordpress\/wp-content\/uploads\/2025\/09\/Screenshot-2025-09-18-060843-300x294.png 300w, https:\/\/www.radiopiu.net\/wordpress\/wp-content\/uploads\/2025\/09\/Screenshot-2025-09-18-060843.png 412w\" sizes=\"auto, (max-width: 300px) 100vw, 300px\" \/><\/a>\n\t\t\t\t<\/dt><\/dl><br style=\"clear: both\" \/>\n\t\t\t<\/div>\n\n<\/div>\n<div class=\"x6ikm8r x10wlt62 x10l6tqk\"><\/div>\n<\/div>\n<\/div>\n<\/div>\n<\/div>\n<\/div>\n<\/div>\n<p>&nbsp;<\/p>\n<hr \/>\n<p><span style=\"color: #0000ff;\">\u00a0\u00a0<\/span><\/p>\n<blockquote>\n<div class=\"mceTemp\">\n<h1 data-start=\"0\" data-end=\"60\"><strong data-start=\"0\" data-end=\"60\">OGGI SU RADIOPI\u00d9: MUSICA, informazione\u00a0 e dirette\u00a0<\/strong><\/h1>\n<\/div>\n<\/blockquote>\n<p class=\"\" data-start=\"62\" data-end=\"463\"><strong class=\"photoswipe-wrapper\"><a class=\"dt-pswp-item\" href=\"https:\/\/www.radiopiu.net\/wordpress\/wp-content\/uploads\/2025\/09\/download-23.jpg\" data-dt-img-description=\"\" data-large_image_width=\"204\" data-large_image_height=\"192\"><img loading=\"lazy\" decoding=\"async\" class=\"size-full wp-image-470377 alignleft\" src=\"https:\/\/www.radiopiu.net\/wordpress\/wp-content\/uploads\/2025\/09\/download-23.jpg\" alt=\"\" width=\"204\" height=\"192\" \/><\/a>ALLE 8.05 LA RASSEGNA STAMPA LOCALE 8.25 PIU SIAMO DI MARINA DONA\u2019<\/strong><strong> 900 SPECIALE ALLA RADIO, SETTIMANA CORTA LUXOTTICA PUNTA SU LAURIANO DI MARINA DONA&#8217; 9.40 OGGI COME IERI CON SILVIA BALDO 10.10\u00a0 \u00a0SEI IN RADIO &#8230; SE LE CURIOSITA&#8217; DA FACEBOOK&#8230; OGGI A CHI TOCCA? 10.30 FINE SETTIMANA CON GLI ALPINI E LA STORIA DELLA CASERMA DI AGORDO, IN STUDIO MICHELE BEN E IL COLONELLO GIOVANNI DA PRA 11.00 ARCADE SHOW CON ELIA CASAGRANDE 12.00 IL LISCIO DI MIRCO BENCIVENNI 12.30 GR PRINCIPALE\u00a0 13 10 SPECIALE MONDO DEL VOLONTARIATO DELLE AMBULANZE, TERZA PUNTATA CON I VOLONTARI DELLO ZOLDANO 13.20 collage operazione nostalgia di loris scussel 14.00 TRE PER DUE PER TE&#8230; DI MARINA DONA&#8217; 15.10\u00a0 TIME FOR ME OSPITE RAF TODESCO <\/strong><strong>\u00a0<\/strong>\u00a0<strong>16 45 LE HIT STORICHE DI MIRCO BENCIVENNI<\/strong>\u00a0<strong>\u00a0<\/strong>\u00a0<strong>19.05 LE ANTICIPAZIONI DAL TG DI ANTENNA 3 DA UN\u2019IDEA DI TIZIANA BOLOGNANI 19.20 L&#8217;INAUGURAZIONE DELLE STATUE A PALAZZO DE MANZONI, PARLIAMONE CON L&#8217;ARCHITETTO MASSIMILIANO DELL&#8217;OLIVO, SINDACO DI AGORDO ROBERTO CHISSALE&#8217; E PATRIZIO DE VENTURA di mirko mezzacasa<\/strong><\/p>\n<p>&nbsp;<\/p>\n<p>&nbsp;<\/p>\n<hr \/>\n<div class=\"x11i5rnm xat24cr x1mh8g0r x1vvkbs xtlvy1s x126k92a\">\n<blockquote>\n<h1><strong><a class=\"dt-pswp-item\" href=\"https:\/\/www.radiopiu.net\/wordpress\/wp-content\/uploads\/2024\/10\/629301fd-708d-4f53-95c2-d28cbefd500f.jpg\" data-dt-img-description=\"\" data-large_image_width=\"1600\" data-large_image_height=\"1322\"><img loading=\"lazy\" decoding=\"async\" class=\"wp-image-413782 alignright\" src=\"https:\/\/www.radiopiu.net\/wordpress\/wp-content\/uploads\/2024\/10\/629301fd-708d-4f53-95c2-d28cbefd500f-300x248.jpg\" alt=\"\" width=\"106\" height=\"88\" srcset=\"https:\/\/www.radiopiu.net\/wordpress\/wp-content\/uploads\/2024\/10\/629301fd-708d-4f53-95c2-d28cbefd500f-300x248.jpg 300w, https:\/\/www.radiopiu.net\/wordpress\/wp-content\/uploads\/2024\/10\/629301fd-708d-4f53-95c2-d28cbefd500f-1024x846.jpg 1024w, https:\/\/www.radiopiu.net\/wordpress\/wp-content\/uploads\/2024\/10\/629301fd-708d-4f53-95c2-d28cbefd500f-768x635.jpg 768w, https:\/\/www.radiopiu.net\/wordpress\/wp-content\/uploads\/2024\/10\/629301fd-708d-4f53-95c2-d28cbefd500f-1536x1269.jpg 1536w, https:\/\/www.radiopiu.net\/wordpress\/wp-content\/uploads\/2024\/10\/629301fd-708d-4f53-95c2-d28cbefd500f.jpg 1600w\" sizes=\"auto, (max-width: 106px) 100vw, 106px\" \/><\/a><\/strong><\/h1>\n<h1><strong><a class=\"dt-pswp-item\" href=\"https:\/\/www.radiopiu.net\/wordpress\/wp-content\/uploads\/2024\/11\/th-18.jpg\" data-dt-img-description=\"\" data-large_image_width=\"156\" data-large_image_height=\"180\"><img loading=\"lazy\" decoding=\"async\" class=\"size-full wp-image-421611 alignleft\" src=\"https:\/\/www.radiopiu.net\/wordpress\/wp-content\/uploads\/2024\/11\/th-18.jpg\" alt=\"\" width=\"156\" height=\"180\" \/><\/a><\/strong><\/h1>\n<h1><strong>N di parom &#8211; L Almanach de la nosta jent<\/strong><\/h1>\n<\/blockquote>\n<p>&nbsp;<\/p>\n<p>Le voci: Davide Conedera, Agordo, Michela Dell&#8217;Osbel, La Valle Agordina Simone Ganz, Falcade Veronica Lezuo, Colle Santa Lucia. La voce nella sigla \u00e8 di Giorgia Taio<\/p>\n<p><strong>LA PUNTATA DI OGGI, 18 SETTEMBRE 2025<\/strong><\/p>\n<audio class=\"wp-audio-shortcode\" id=\"audio-470175-1\" preload=\"none\" style=\"width: 100%;\" controls=\"controls\"><source type=\"audio\/mpeg\" src=\"https:\/\/www.radiopiu.net\/wordpress\/wp-content\/uploads\/2025\/09\/AL4-2.mp3?_=1\" \/><a href=\"https:\/\/www.radiopiu.net\/wordpress\/wp-content\/uploads\/2025\/09\/AL4-2.mp3\">https:\/\/www.radiopiu.net\/wordpress\/wp-content\/uploads\/2025\/09\/AL4-2.mp3<\/a><\/audio>\n<\/div>\n<p>&nbsp;<\/p>\n<hr \/>\n<p>&nbsp;<\/p>\n<p>&nbsp;<\/p>\n<div class=\"x11i5rnm xat24cr x1mh8g0r x1vvkbs xtlvy1s x126k92a\">\n<div dir=\"auto\">\n<div dir=\"auto\">\n<p><strong><a class=\"dt-pswp-item\" href=\"https:\/\/www.radiopiu.net\/wordpress\/wp-content\/uploads\/2025\/07\/file-2.jpg\" data-dt-img-description=\"\" data-large_image_width=\"640\" data-large_image_height=\"641\"><img loading=\"lazy\" decoding=\"async\" class=\"wp-image-460616 alignleft\" src=\"https:\/\/www.radiopiu.net\/wordpress\/wp-content\/uploads\/2025\/07\/file-2-300x300.jpg\" alt=\"\" width=\"141\" height=\"141\" srcset=\"https:\/\/www.radiopiu.net\/wordpress\/wp-content\/uploads\/2025\/07\/file-2-300x300.jpg 300w, https:\/\/www.radiopiu.net\/wordpress\/wp-content\/uploads\/2025\/07\/file-2-150x150.jpg 150w, https:\/\/www.radiopiu.net\/wordpress\/wp-content\/uploads\/2025\/07\/file-2.jpg 640w\" sizes=\"auto, (max-width: 141px) 100vw, 141px\" \/><\/a>EL BAL DEL FIOR, DI GIULIANA DA RONCH, 18 SETTEMBRE<\/strong><strong>\u00a02025<\/strong><\/p>\n<\/div>\n<\/div>\n<div dir=\"auto\">\n<div dir=\"auto\">\n<p>&nbsp;<\/p>\n<p>&nbsp;<\/p>\n<audio class=\"wp-audio-shortcode\" id=\"audio-470175-2\" preload=\"none\" style=\"width: 100%;\" controls=\"controls\"><source type=\"audio\/mpeg\" src=\"https:\/\/www.radiopiu.net\/wordpress\/wp-content\/uploads\/2025\/09\/GGI-2.mp3?_=2\" \/><a href=\"https:\/\/www.radiopiu.net\/wordpress\/wp-content\/uploads\/2025\/09\/GGI-2.mp3\">https:\/\/www.radiopiu.net\/wordpress\/wp-content\/uploads\/2025\/09\/GGI-2.mp3<\/a><\/audio>\n<\/div>\n<\/div>\n<\/div>\n<div class=\"x11i5rnm xat24cr x1mh8g0r x1vvkbs xtlvy1s x126k92a\">\n<div dir=\"auto\">\n<p>&nbsp;<\/p>\n<hr \/>\n<\/div>\n<\/div>\n<blockquote>\n<blockquote>\n<h1><span style=\"color: #ff0000;\">\u00a0<\/span><\/h1>\n<h1><span style=\"color: #ff0000;\">I podcast informativi del mattino &#8211; audio &#8211;\u00a0\u00a0<\/span><\/h1>\n<\/blockquote>\n<p><strong><a class=\"dt-pswp-item\" href=\"https:\/\/www.radiopiu.net\/wordpress\/wp-content\/uploads\/2024\/11\/6.jpg\" data-dt-img-description=\"\" data-large_image_width=\"177\" data-large_image_height=\"180\"><img loading=\"lazy\" decoding=\"async\" class=\"size-full wp-image-417911 alignleft\" src=\"https:\/\/www.radiopiu.net\/wordpress\/wp-content\/uploads\/2024\/11\/6.jpg\" alt=\"\" width=\"177\" height=\"180\" \/><\/a>LA RASSEGNA STAMPA NAZIONALE ALLA RADIO, OGNI GIORNO ALLE 5 E ALLE 6 DEL MATTINO <span style=\"color: #0000ff;\">viene pubblicata alle 6.00 <span style=\"color: #ff0000;\">DIRETTA RADIO\u00a0 \u00a0\u00a0<\/span><\/span><\/strong><\/p><\/blockquote>\n<h1><strong>NOTIZIE DELLA NOTTE\u00a0 \u00a0<\/strong><\/h1>\n<article class=\"text-token-text-primary w-full focus:outline-none scroll-mt-[calc(var(--header-height)+min(200px,max(70px,20svh)))]\" dir=\"auto\" tabindex=\"-1\" data-turn-id=\"request-WEB:c5603b44-6798-4358-9dce-0740908df270-45\" data-testid=\"conversation-turn-20\" data-scroll-anchor=\"true\" data-turn=\"assistant\">\n<div class=\"text-base my-auto mx-auto pb-10 [--thread-content-margin:--spacing(4)] thread-sm:[--thread-content-margin:--spacing(6)] thread-lg:[--thread-content-margin:--spacing(16)] px-(--thread-content-margin)\">\n<div class=\"[--thread-content-max-width:40rem] thread-lg:[--thread-content-max-width:48rem] mx-auto max-w-(--thread-content-max-width) flex-1 group\/turn-messages focus-visible:outline-hidden relative flex w-full min-w-0 flex-col agent-turn\" tabindex=\"-1\">\n<div class=\"flex max-w-full flex-col grow\">\n<div class=\"min-h-8 text-message relative flex w-full flex-col items-end gap-2 text-start break-words whitespace-normal [.text-message+&amp;]:mt-5\" dir=\"auto\" data-message-author-role=\"assistant\" data-message-id=\"7bf0d3b5-4e48-42f4-94f7-aa81902326d6\" data-message-model-slug=\"gpt-5-mini\">\n<div class=\"flex w-full flex-col gap-1 empty:hidden first:pt-[3px]\">\n<div class=\"markdown prose dark:prose-invert w-full break-words dark markdown-new-styling\">\n<p data-start=\"101\" data-end=\"361\"><strong>\u00a0Stati Uniti<\/strong>, il presidente Trump ha designato Antifa come organizzazione terroristica.<\/p>\n<p data-start=\"101\" data-end=\"361\"><strong>Usa<\/strong>, lo show di Jimmy Kimmel \u00e8 stato interrotto dopo commenti su Kirk, mentre in Pennsylvania cinque agenti sono rimasti feriti durante un\u2019operazione.<\/p>\n<p data-start=\"363\" data-end=\"547\"><strong>Qatar<\/strong> valuta un\u2019azione legale contro Israele presso la Corte Penale Internazionale. A Gaza, i media riportano 99 morti negli attacchi israeliani di ieri.<\/p>\n<p data-start=\"549\" data-end=\"612\"><strong>la Borsa di Tokyo<\/strong> apre in lieve rialzo (+0,21%).<\/p>\n<p data-start=\"614\" data-end=\"965\"><strong>Tra le notizie italiane,<\/strong> confermato l\u2019ergastolo per l\u2019ex compagno di Alessandra Matteuzzi, vittima di femminicidio: la famiglia parla di \u201cgiustizia finalmente ottenuta\u201d. Torna al centro dell\u2019attenzione la polemica sul cardinale Mueller, critico verso la comunit\u00e0 Lgbt, e l\u2019abbraccio tra il vicepremier Matteo Salvini e l\u2019ambasciatore russo Alexei P. Infine, a Torino, riappare la ragazza precedentemente scomparsa: ha rassicurato tutti dichiarando \u201cSto bene\u201d<\/p>\n<\/div>\n<\/div>\n<\/div>\n<\/div>\n<\/div>\n<\/div>\n<\/article>\n<h1>IL GIORNALE DELLE SEI DEL MATTINO<\/h1>\n<audio class=\"wp-audio-shortcode\" id=\"audio-470175-3\" preload=\"none\" style=\"width: 100%;\" controls=\"controls\"><source type=\"audio\/mpeg\" src=\"https:\/\/www.radiopiu.net\/wordpress\/wp-content\/uploads\/2025\/09\/GIORNALEDELLESEI-16.mp3?_=3\" \/><a href=\"https:\/\/www.radiopiu.net\/wordpress\/wp-content\/uploads\/2025\/09\/GIORNALEDELLESEI-16.mp3\">https:\/\/www.radiopiu.net\/wordpress\/wp-content\/uploads\/2025\/09\/GIORNALEDELLESEI-16.mp3<\/a><\/audio>\n<p>&nbsp;<\/p>\n<p>&nbsp;<\/p>\n<p>&nbsp;<\/p>\n<hr \/>\n<p>&nbsp;<\/p>\n<h1 style=\"text-align: center;\"><span style=\"color: #ff0000;\"><a class=\"dt-pswp-item\" href=\"https:\/\/www.radiopiu.net\/wordpress\/wp-content\/uploads\/2024\/11\/7.jpg\" data-dt-img-description=\"\" data-large_image_width=\"180\" data-large_image_height=\"180\"><img loading=\"lazy\" decoding=\"async\" class=\"size-full wp-image-417912 alignleft\" src=\"https:\/\/www.radiopiu.net\/wordpress\/wp-content\/uploads\/2024\/11\/7.jpg\" alt=\"\" width=\"180\" height=\"180\" srcset=\"https:\/\/www.radiopiu.net\/wordpress\/wp-content\/uploads\/2024\/11\/7.jpg 180w, https:\/\/www.radiopiu.net\/wordpress\/wp-content\/uploads\/2024\/11\/7-150x150.jpg 150w\" sizes=\"auto, (max-width: 180px) 100vw, 180px\" \/><\/a>I podcast informativi del mattino &#8211; audio &#8211;\u00a0<\/span><\/h1>\n<p><strong>OGNI GIORNO ALLE SETTE DEL MATTINO, LA RASSEGNA STAMPA LOCALE FLASH&#8230; PER CHI VA IN FRETTA. I TITOLI DAI GIORNALI E DAL SITO WWW.RADIOPIU.NET <span style=\"color: #0000ff;\">viene pubblicato alle 7.00<\/span> <span style=\"color: #ff0000;\">DIRETTA RADIO\u00a0<\/span><\/strong><\/p>\n<p><em><span style=\"color: #ff0000;\">per chi va in fretta&#8230; tante notizie in pochi minuti. L&#8217;informazione locale alla radio, ogni ora dalle 7 del mattino alle 19 della sera.\u00a0\u00a0<\/span><\/em><\/p>\n<p><strong data-start=\"0\" data-end=\"62\">Notizie locali dal Bellunese: tra cronaca, eventi e novit\u00e0<\/strong><\/p>\n<p>&nbsp;<\/p>\n<div class=\"flex flex-1 grow basis-auto flex-col overflow-hidden\">\n<div class=\"relative h-full\">\n<div class=\"flex h-full flex-col overflow-y-auto [scrollbar-gutter:stable]\">\n<div class=\"mt-1.5 flex flex-col text-sm @thread-xl\/thread:pt-header-height md:pb-9\">\n<article class=\"group\/turn w-full text-token-text-primary focus-visible:outline-none\" dir=\"auto\" tabindex=\"-1\" data-testid=\"conversation-turn-2\" data-scroll-anchor=\"true\">\n<div class=\"text-base my-auto mx-auto py-5 px-6\">\n<div class=\"mx-auto flex flex-1 text-base gap-4 md:gap-5 lg:gap-6 md:max-w-3xl\">\n<div class=\"group\/conversation-turn relative flex w-full min-w-0 flex-col agent-turn @xs\/thread:px-0 @sm\/thread:px-1.5 @md\/thread:px-4\">\n<div class=\"relative flex-col gap-1 md:gap-3\">\n<div class=\"flex max-w-full flex-col flex-grow\">\n<div class=\"min-h-8 text-message relative flex w-full flex-col items-end gap-2 whitespace-normal break-words text-start [.text-message+&amp;]:mt-5\" dir=\"auto\" data-message-author-role=\"assistant\" data-message-id=\"bff05fc0-dc7c-4ab7-9b20-d3eec753127b\" data-message-model-slug=\"gpt-4o-mini\">\n<div class=\"flex w-full flex-col gap-1 empty:hidden first:pt-[3px]\">\n<div class=\"markdown prose w-full break-words dark:prose-invert dark\">\n<p class=\"\" data-start=\"64\" data-end=\"329\"><em><strong>Radio Pi\u00f9 offre una panoramica sui principali eventi e notizie in provincia di Belluno, accompagnata dalla programmazione radiofonica. Tra le principali notizie<\/strong><\/em><\/p>\n<\/div>\n<\/div>\n<\/div>\n<\/div>\n<\/div>\n<\/div>\n<\/div>\n<\/div>\n<\/article>\n<\/div>\n<\/div>\n<\/div>\n<\/div>\n<h1>AUDIO dalle 7 del mattino<\/h1>\n<audio class=\"wp-audio-shortcode\" id=\"audio-470175-4\" preload=\"none\" style=\"width: 100%;\" controls=\"controls\"><source type=\"audio\/mpeg\" src=\"https:\/\/www.radiopiu.net\/wordpress\/wp-content\/uploads\/2025\/09\/GF07-15.mp3?_=4\" \/><a href=\"https:\/\/www.radiopiu.net\/wordpress\/wp-content\/uploads\/2025\/09\/GF07-15.mp3\">https:\/\/www.radiopiu.net\/wordpress\/wp-content\/uploads\/2025\/09\/GF07-15.mp3<\/a><\/audio>\n<p>&nbsp;<\/p>\n<p>&nbsp;<\/p>\n<hr \/>\n<p>&nbsp;<\/p>\n<h1><\/h1>\n<h1 style=\"text-align: center;\"><span style=\"color: #ff0000;\"><a class=\"dt-pswp-item\" href=\"https:\/\/www.radiopiu.net\/wordpress\/wp-content\/uploads\/2024\/11\/th.jpg\" data-dt-img-description=\"\" data-large_image_width=\"148\" data-large_image_height=\"179\"><img loading=\"lazy\" decoding=\"async\" class=\" wp-image-417913 alignleft\" src=\"https:\/\/www.radiopiu.net\/wordpress\/wp-content\/uploads\/2024\/11\/th.jpg\" alt=\"\" width=\"66\" height=\"80\" \/><\/a>I podcast informativi del mattino &#8211; audio &#8211;\u00a0<\/span><\/h1>\n<blockquote><p><strong>GIORNALE RADIO NAZIONALE, EDIZIONE DELLE SETTE <span style=\"color: #0000ff;\">viene pubblicato alle 7.05 <span style=\"color: #ff0000;\">DIRETTA RADIO\u00a0<\/span><\/span><\/strong><\/p><\/blockquote>\n<p><strong>il giornale radionazionale e&#8217; in onda ogni ora, dalle sette del mattino alle venti della sera\u00a0 \u00a0\u00a0<\/strong><\/p>\n<blockquote>\n<h2><em><a class=\"dt-pswp-item\" href=\"https:\/\/www.radiopiu.net\/wordpress\/wp-content\/uploads\/2025\/02\/download-7.jpg\" data-dt-img-description=\"\" data-large_image_width=\"211\" data-large_image_height=\"239\"><img loading=\"lazy\" decoding=\"async\" class=\" wp-image-435553 alignleft\" src=\"https:\/\/www.radiopiu.net\/wordpress\/wp-content\/uploads\/2025\/02\/download-7.jpg\" alt=\"\" width=\"186\" height=\"211\" \/><\/a><span style=\"color: #ff0000;\">RADIOPI\u00d9<\/span> \u2013 La voce del territorio, lo sguardo sul Paese.\u00a0<\/em><\/h2>\n<\/blockquote>\n<div class=\"flex basis-auto flex-col -mb-(--composer-overlap-px) [--composer-overlap-px:55px] grow overflow-hidden\">\n<div class=\"relative h-full\">\n<div class=\"flex h-full flex-col overflow-y-auto [scrollbar-gutter:stable_both-edges] @[84rem]\/thread:pt-(--header-height)\">\n<div class=\"@thread-xl\/thread:pt-header-height flex flex-col text-sm pb-25\">\n<article class=\"text-token-text-primary w-full focus:outline-none scroll-mt-[calc(var(--header-height)+min(200px,max(70px,20svh)))]\" dir=\"auto\" tabindex=\"-1\" data-testid=\"conversation-turn-68\" data-scroll-anchor=\"true\" data-turn=\"assistant\">\n<div class=\"text-base my-auto mx-auto pb-10 [--thread-content-margin:--spacing(4)] @[37rem]:[--thread-content-margin:--spacing(6)] @[72rem]:[--thread-content-margin:--spacing(16)] px-(--thread-content-margin)\">\n<div class=\"[--thread-content-max-width:32rem] @[34rem]:[--thread-content-max-width:40rem] @[64rem]:[--thread-content-max-width:48rem] mx-auto max-w-(--thread-content-max-width) flex-1 group\/turn-messages focus-visible:outline-hidden relative flex w-full min-w-0 flex-col agent-turn\" tabindex=\"-1\">\n<div class=\"flex max-w-full flex-col grow\">\n<div class=\"min-h-8 text-message relative flex w-full flex-col items-end gap-2 text-start break-words whitespace-normal [.text-message+&amp;]:mt-5\" dir=\"auto\" data-message-author-role=\"assistant\" data-message-id=\"44b2bab2-310d-4a9e-8ff2-f21a32a7d5b3\" data-message-model-slug=\"gpt-4-1-mini\">\n<div class=\"flex w-full flex-col gap-1 empty:hidden first:pt-[3px]\">\n<div class=\"markdown prose dark:prose-invert w-full break-words dark\">\n<div class=\"pointer-events-none h-px w-px\" aria-hidden=\"true\" data-edge=\"true\">\n<p data-start=\"139\" data-end=\"640\"><strong>Torna a far parlare di s\u00e9 Artem Tkachuk<\/strong>, 25enne attore noto per il ruolo di \u201cPino \u2018o pazzo\u201d nella fiction <em data-start=\"245\" data-end=\"257\">Mare Fuori<\/em>. Oggi il giovane \u00e8 stato accompagnato dal 118 all\u2019ospedale Vecchio Pellegrini di Napoli, dove, in forte stato di agitazione, ha provocato danni a un macchinario per la ventilazione polmonare e a una porta del pronto soccorso. Per questi atti di violenza, Tkachuk \u00e8 stato denunciato per resistenza a pubblico ufficiale, danneggiamento aggravato e interruzione di pubblico servizio.<\/p>\n<p data-start=\"642\" data-end=\"840\"><strong>Roma,<\/strong> i carabinieri stanno indagando su un\u2019aggressione omofoba ai danni di un 25enne. La vittima ha denunciato di essere stata offesa e colpita al volto mentre si trovava nel centro della citt\u00e0.<\/p>\n<p data-start=\"842\" data-end=\"1036\"><strong>Bolognese<\/strong>, a Castel San Pietro Terme, ieri pomeriggio un 14enne \u00e8 stato accoltellato in un parco pubblico molto frequentato, in quello che viene definito un tentato omicidio tra ragazzini.<\/p>\n<p data-start=\"1038\" data-end=\"1216\"><strong>Torino,<\/strong> riappare la ragazza scomparsa nei giorni scorsi: la ventenne ha pubblicato un video per rassicurare tutti, dichiarando di stare bene e di essere con il suo fidanzato.<\/p>\n<p data-start=\"1218\" data-end=\"1405\"><strong>Quattro suore carmelitane<\/strong> hanno perso la vita in un incidente in Tanzania mentre tornavano in Italia al termine della loro missione; tra loro c\u2019era anche una religiosa italiana.<\/p>\n<\/div>\n<div aria-hidden=\"true\" data-edge=\"true\"><\/div>\n<\/div>\n<\/div>\n<\/div>\n<\/div>\n<\/div>\n<\/div>\n<\/article>\n<\/div>\n<\/div>\n<\/div>\n<\/div>\n<article class=\"text-token-text-primary w-full focus:outline-none scroll-mt-[calc(var(--header-height)+min(200px,max(70px,20svh)))]\" dir=\"auto\" tabindex=\"-1\" data-testid=\"conversation-turn-72\" data-scroll-anchor=\"true\" data-turn=\"assistant\">\n<div class=\"text-base my-auto mx-auto pb-10 [--thread-content-margin:--spacing(4)] @[37rem]:[--thread-content-margin:--spacing(6)] @[72rem]:[--thread-content-margin:--spacing(16)] px-(--thread-content-margin)\">\n<div class=\"[--thread-content-max-width:32rem] @[34rem]:[--thread-content-max-width:40rem] @[64rem]:[--thread-content-max-width:48rem] mx-auto max-w-(--thread-content-max-width) flex-1 group\/turn-messages focus-visible:outline-hidden relative flex w-full min-w-0 flex-col agent-turn\" tabindex=\"-1\">\n<div class=\"flex max-w-full flex-col grow\">\n<div class=\"min-h-8 text-message relative flex w-full flex-col items-end gap-2 text-start break-words whitespace-normal [.text-message+&amp;]:mt-5\" dir=\"auto\" data-message-author-role=\"assistant\" data-message-id=\"6ad35c52-e3d0-4186-88d9-35bb4972681f\" data-message-model-slug=\"gpt-4o\">\n<div class=\"flex w-full flex-col gap-1 empty:hidden first:pt-[3px]\">\n<div class=\"markdown prose dark:prose-invert w-full break-words dark\">\n<article class=\"text-token-text-primary w-full\" dir=\"auto\" data-testid=\"conversation-turn-163\" data-scroll-anchor=\"true\">\n<div class=\"text-base my-auto mx-auto pb-10 [--thread-content-margin:--spacing(4)] @[37rem]:[--thread-content-margin:--spacing(6)] @[72rem]:[--thread-content-margin:--spacing(16)] px-(--thread-content-margin)\">\n<div class=\"[--thread-content-max-width:32rem] @[34rem]:[--thread-content-max-width:40rem] @[64rem]:[--thread-content-max-width:48rem] mx-auto flex max-w-(--thread-content-max-width) flex-1 text-base gap-4 md:gap-5 lg:gap-6 group\/turn-messages focus-visible:outline-hidden\" tabindex=\"-1\">\n<div class=\"group\/conversation-turn relative flex w-full min-w-0 flex-col agent-turn\">\n<div class=\"relative flex-col gap-1 md:gap-3\">\n<div class=\"flex max-w-full flex-col grow\">\n<div class=\"min-h-8 text-message relative flex w-full flex-col items-end gap-2 text-start break-words whitespace-normal [.text-message+&amp;]:mt-5\" dir=\"auto\" data-message-author-role=\"assistant\" data-message-id=\"efdea043-c36a-42e6-8e01-aec593793ec1\" data-message-model-slug=\"gpt-4o\">\n<div class=\"flex w-full flex-col gap-1 empty:hidden first:pt-[3px]\">\n<div class=\"markdown prose dark:prose-invert w-full break-words dark\">\n<article class=\"text-token-text-primary w-full focus:outline-none scroll-mt-[calc(var(--header-height)+min(200px,max(70px,20svh)))]\" dir=\"auto\" tabindex=\"-1\" data-testid=\"conversation-turn-162\" data-scroll-anchor=\"true\" data-turn=\"assistant\">\n<div class=\"text-base my-auto mx-auto pb-10 [--thread-content-margin:--spacing(4)] @[37rem]:[--thread-content-margin:--spacing(6)] @[72rem]:[--thread-content-margin:--spacing(16)] px-(--thread-content-margin)\">\n<div class=\"[--thread-content-max-width:32rem] @[34rem]:[--thread-content-max-width:40rem] @[64rem]:[--thread-content-max-width:48rem] mx-auto max-w-(--thread-content-max-width) flex-1 group\/turn-messages focus-visible:outline-hidden relative flex w-full min-w-0 flex-col agent-turn\" tabindex=\"-1\">\n<div class=\"flex max-w-full flex-col grow\">\n<div class=\"min-h-8 text-message relative flex w-full flex-col items-end gap-2 text-start break-words whitespace-normal [.text-message+&amp;]:mt-5\" dir=\"auto\" data-message-author-role=\"assistant\" data-message-id=\"842efa5e-0b6b-4c68-b1eb-9dd894bae6c3\" data-message-model-slug=\"gpt-4o\">\n<div class=\"flex w-full flex-col gap-1 empty:hidden first:pt-[3px]\">\n<div class=\"markdown prose dark:prose-invert w-full break-words dark\">\n<div class=\"flex basis-auto flex-col -mb-(--composer-overlap-px) [--composer-overlap-px:55px] grow overflow-hidden\">\n<div class=\"relative h-full\">\n<div class=\"flex h-full flex-col overflow-y-auto [scrollbar-gutter:stable_both-edges] @[84rem]\/thread:pt-(--header-height)\">\n<div class=\"@thread-xl\/thread:pt-header-height flex flex-col text-sm pb-25\">\n<article class=\"text-token-text-primary w-full focus:outline-none scroll-mt-[calc(var(--header-height)+min(200px,max(70px,20svh)))]\" dir=\"auto\" tabindex=\"-1\" data-testid=\"conversation-turn-18\" data-scroll-anchor=\"true\" data-turn=\"assistant\">\n<div class=\"text-base my-auto mx-auto pb-10 [--thread-content-margin:--spacing(4)] @[37rem]:[--thread-content-margin:--spacing(6)] @[72rem]:[--thread-content-margin:--spacing(16)] px-(--thread-content-margin)\">\n<div class=\"[--thread-content-max-width:32rem] @[34rem]:[--thread-content-max-width:40rem] @[64rem]:[--thread-content-max-width:48rem] mx-auto max-w-(--thread-content-max-width) flex-1 group\/turn-messages focus-visible:outline-hidden relative flex w-full min-w-0 flex-col agent-turn\" tabindex=\"-1\">\n<div class=\"flex max-w-full flex-col grow\">\n<div class=\"min-h-8 text-message relative flex w-full flex-col items-end gap-2 text-start break-words whitespace-normal [.text-message+&amp;]:mt-5\" dir=\"auto\" data-message-author-role=\"assistant\" data-message-id=\"10a6d749-a0ed-478c-a66e-5f27b47e163c\" data-message-model-slug=\"gpt-5\">\n<div class=\"flex w-full flex-col gap-1 empty:hidden first:pt-[3px]\">\n<div class=\"markdown prose dark:prose-invert w-full break-words dark\">\n<hr data-start=\"1055\" data-end=\"1058\" \/>\n<\/div>\n<\/div>\n<\/div>\n<\/div>\n<\/div>\n<\/div>\n<\/article>\n<\/div>\n<\/div>\n<\/div>\n<\/div>\n<div id=\"thread-bottom-container\" class=\"content-fade relative isolate z-10 w-full basis-auto has-data-has-thread-error:pt-2 has-data-has-thread-error:[box-shadow:var(--sharp-edge-bottom-shadow)] md:border-transparent md:pt-0 dark:border-white\/20 md:dark:border-transparent flex flex-col\">\n<div id=\"thread-bottom\">\n<div class=\"text-base mx-auto [--thread-content-margin:--spacing(4)] @[37rem]:[--thread-content-margin:--spacing(6)] @[72rem]:[--thread-content-margin:--spacing(16)] px-(--thread-content-margin)\">\n<div class=\"[--thread-content-max-width:32rem] @[34rem]:[--thread-content-max-width:40rem] @[64rem]:[--thread-content-max-width:48rem] mx-auto max-w-(--thread-content-max-width) flex-1\">\n<div class=\"max-xs:[--force-hide-label:none] relative z-1 flex h-full max-w-full flex-1 flex-col\">\n<form class=\"w-full [view-transition-name:var(--vt-composer)]\" data-type=\"unified-composer\">\n<div class=\"bg-token-bg-primary shadow-short flex w-full cursor-text flex-col items-center justify-center overflow-clip bg-clip-padding contain-inline-size dark:bg-[#303030] rounded-[28px]\">\n<div class=\"relative flex min-h-14 w-full items-end\">\n<div class=\"relative flex w-full flex-auto flex-col\">\n<div class=\"relative mx-5 flex min-h-14 flex-auto bg-transparent items-start\">\n<div class=\"_prosemirror-parent_276o5_2 text-token-text-primary max-h-[25dvh] max-h-52 flex-1 overflow-auto [scrollbar-width:thin] default-browser vertical-scroll-fade-mask\">\n<div id=\"prompt-textarea\" class=\"ProseMirror\" contenteditable=\"true\" translate=\"no\" data-virtualkeyboard=\"true\"><\/div>\n<\/div>\n<\/div>\n<\/div>\n<\/div>\n<\/div>\n<\/form>\n<\/div>\n<\/div>\n<\/div>\n<\/div>\n<\/div>\n<\/div>\n<\/div>\n<\/div>\n<\/div>\n<\/div>\n<\/div>\n<\/article>\n<\/div>\n<\/div>\n<\/div>\n<\/div>\n<\/div>\n<\/div>\n<\/div>\n<\/div>\n<\/article>\n<\/div>\n<\/div>\n<\/div>\n<\/div>\n<\/div>\n<\/div>\n<\/article>\n<article class=\"text-token-text-primary w-full focus:outline-none scroll-mt-[calc(var(--header-height)+min(200px,max(70px,20svh)))]\" dir=\"auto\" tabindex=\"-1\" data-testid=\"conversation-turn-72\" data-scroll-anchor=\"true\" data-turn=\"assistant\">\n<div class=\"text-base my-auto mx-auto pb-10 [--thread-content-margin:--spacing(4)] @[37rem]:[--thread-content-margin:--spacing(6)] @[72rem]:[--thread-content-margin:--spacing(16)] px-(--thread-content-margin)\">\n<div class=\"[--thread-content-max-width:32rem] @[34rem]:[--thread-content-max-width:40rem] @[64rem]:[--thread-content-max-width:48rem] mx-auto max-w-(--thread-content-max-width) flex-1 group\/turn-messages focus-visible:outline-hidden relative flex w-full min-w-0 flex-col agent-turn\" tabindex=\"-1\">\n<div class=\"flex max-w-full flex-col grow\">\n<div class=\"min-h-8 text-message relative flex w-full flex-col items-end gap-2 text-start break-words whitespace-normal [.text-message+&amp;]:mt-5\" dir=\"auto\" data-message-author-role=\"assistant\" data-message-id=\"6ad35c52-e3d0-4186-88d9-35bb4972681f\" data-message-model-slug=\"gpt-4o\">\n<div class=\"flex w-full flex-col gap-1 empty:hidden first:pt-[3px]\">\n<div class=\"markdown prose dark:prose-invert w-full break-words dark\">\n<article class=\"text-token-text-primary w-full\" dir=\"auto\" data-testid=\"conversation-turn-163\" data-scroll-anchor=\"true\">\n<div class=\"text-base my-auto mx-auto pb-10 [--thread-content-margin:--spacing(4)] @[37rem]:[--thread-content-margin:--spacing(6)] @[72rem]:[--thread-content-margin:--spacing(16)] px-(--thread-content-margin)\">\n<div class=\"[--thread-content-max-width:32rem] @[34rem]:[--thread-content-max-width:40rem] @[64rem]:[--thread-content-max-width:48rem] mx-auto flex max-w-(--thread-content-max-width) flex-1 text-base gap-4 md:gap-5 lg:gap-6 group\/turn-messages focus-visible:outline-hidden\" tabindex=\"-1\">\n<div class=\"group\/conversation-turn relative flex w-full min-w-0 flex-col agent-turn\">\n<div class=\"flex items-center justify-center\"><\/div>\n<\/div>\n<\/div>\n<\/div>\n<\/article>\n<\/div>\n<\/div>\n<\/div>\n<\/div>\n<\/div>\n<\/div>\n<\/article>\n<blockquote>\n<h2><span style=\"color: #ff0000;\"><strong><a class=\"dt-pswp-item\" href=\"https:\/\/www.radiopiu.net\/wordpress\/wp-content\/uploads\/2025\/02\/download-3.jpg\" data-dt-img-description=\"\" data-large_image_width=\"223\" data-large_image_height=\"226\"><img loading=\"lazy\" decoding=\"async\" class=\"size-full wp-image-434732 alignleft\" src=\"https:\/\/www.radiopiu.net\/wordpress\/wp-content\/uploads\/2025\/02\/download-3.jpg\" alt=\"\" width=\"223\" height=\"226\" \/><\/a><\/strong>RADIOPI\u00d9<\/span> \u2013 Dalle Dolomiti alla pianura, i fatti che segnano la Regione.<\/h2>\n<\/blockquote>\n<article class=\"text-token-text-primary w-full focus:outline-none scroll-mt-[calc(var(--header-height)+min(200px,max(70px,20svh)))]\" dir=\"auto\" tabindex=\"-1\" data-testid=\"conversation-turn-112\" data-scroll-anchor=\"true\" data-turn=\"assistant\">\n<div class=\"text-base my-auto mx-auto pb-10 [--thread-content-margin:--spacing(4)] @[37rem]:[--thread-content-margin:--spacing(6)] @[72rem]:[--thread-content-margin:--spacing(16)] px-(--thread-content-margin)\">\n<div class=\"[--thread-content-max-width:32rem] @[34rem]:[--thread-content-max-width:40rem] @[64rem]:[--thread-content-max-width:48rem] mx-auto max-w-(--thread-content-max-width) flex-1 group\/turn-messages focus-visible:outline-hidden relative flex w-full min-w-0 flex-col agent-turn\" tabindex=\"-1\">\n<div class=\"flex max-w-full flex-col grow\">\n<div class=\"min-h-8 text-message relative flex w-full flex-col items-end gap-2 text-start break-words whitespace-normal [.text-message+&amp;]:mt-5\" dir=\"auto\" data-message-author-role=\"assistant\" data-message-id=\"74820017-8765-4ccc-b0c7-da916c45f87f\" data-message-model-slug=\"gpt-5\">\n<div class=\"flex w-full flex-col gap-1 empty:hidden first:pt-[3px]\">\n<div class=\"markdown prose dark:prose-invert w-full break-words dark\">\n<p data-start=\"31\" data-end=\"335\">\ufe0f<\/p>\n<p data-start=\"161\" data-end=\"419\"><strong>\u00a0VICENZA<\/strong>, il Tribunale ha condannato all\u2019ergastolo Umberto Pietrolungo, 58 anni, calabrese, ritenuto il killer dei coniugi Pierangelo Fioretto e Mafalda Begnozzi.<\/p>\n<p data-start=\"421\" data-end=\"700\"><strong>\u00a0PADOVA<\/strong>, i carabinieri hanno arrestato un 45enne tunisino, senza fissa dimora e gi\u00e0 noto alle forze dell\u2019ordine, condannato per l\u2019omicidio del connazionale Ben Amen Marouen, 30 anni, avvenuto il 16 settembre 2023 a VIGONZA. L\u2019uomo dovr\u00e0 scontare 4 anni e 6 mesi di reclusione.<\/p>\n<p data-start=\"702\" data-end=\"1012\"><strong>\u00a0TREVISO<\/strong>, un minorenne coinvolto nell\u2019aggressione che ha portato alla morte di Francesco Favaretto, 22 anni, potrebbe essere ammesso al rito abbreviato. Il giovane, 15 anni, \u00e8 accusato di aver inferto un colpo al torace della vittima.<\/p>\n<p data-start=\"702\" data-end=\"1012\"><strong>PADOVA,<\/strong> tensioni tra polizia e circa 600 manifestanti del movimento ProPal hanno portato a tentativi di blocco della ferrovia, senza incidenti gravi.<\/p>\n<p data-start=\"1014\" data-end=\"1189\"><strong>TREVISO<\/strong>, due neo sposi hanno donato il loro regalo di nozze all\u2019ospedale locale, raccogliendo 13.500 euro per un lettino destinato alla Terapia intensiva neonatale.<\/p>\n<p data-start=\"1191\" data-end=\"1489\"><strong>VICENZA,<\/strong> un giovane \u00e8 stato arrestato per aver violato la misura cautelare di allontanamento dalla casa familiare e divieto di avvicinamento emessa per reati da Codice Rosso. Aveva minacciato di tagliarsi con un coltello da cucina; all\u2019arrivo della Volante presentava abrasioni agli avambracci.<\/p>\n<p data-start=\"1491\" data-end=\"1726\"><strong>VENETO<\/strong>, la Commissione regionale per le pari opportunit\u00e0 promuove un sondaggio online per capire quanto le donne si sentono sicure nelle citt\u00e0 della regione, al fine di realizzare un vademecum utile alle pubbliche amministrazioni.<\/p>\n<p data-start=\"1728\" data-end=\"1881\">\n<\/div>\n<\/div>\n<\/div>\n<\/div>\n<\/div>\n<\/div>\n<\/article>\n<h1><span style=\"color: #ff0000;\"><span style=\"color: #0000ff;\">ULTIM&#8217;ORA<\/span> <span style=\"color: #000000;\">AUDIO dalle sette del mattino, ogni ora alla radio EDIZIONE DELLE SETTE<\/span><\/span><\/h1>\n<audio class=\"wp-audio-shortcode\" id=\"audio-470175-5\" preload=\"none\" style=\"width: 100%;\" controls=\"controls\"><source type=\"audio\/mpeg\" src=\"https:\/\/www.radiopiu.net\/wordpress\/wp-content\/uploads\/2025\/09\/giornale07-15.mp3?_=5\" \/><a href=\"https:\/\/www.radiopiu.net\/wordpress\/wp-content\/uploads\/2025\/09\/giornale07-15.mp3\">https:\/\/www.radiopiu.net\/wordpress\/wp-content\/uploads\/2025\/09\/giornale07-15.mp3<\/a><\/audio>\n<p>&nbsp;<\/p>\n<p>&nbsp;<\/p>\n<p>&nbsp;<\/p>\n<blockquote>\n<h2 style=\"text-align: left;\">BRUNO DANTE BOLOGNANI, IL RICORDO DI UNA VITA DEDICATA ALLA FAMIGLIA E AL SERVIZIO<\/h2>\n<\/blockquote>\n<p data-start=\"171\" data-end=\"297\"><a class=\"dt-pswp-item\" href=\"https:\/\/www.radiopiu.net\/wordpress\/wp-content\/uploads\/2025\/09\/bolognani-bruno-foto.jpg\" data-dt-img-description=\"\" data-large_image_width=\"640\" data-large_image_height=\"816\"><img loading=\"lazy\" decoding=\"async\" class=\"size-medium wp-image-470420 alignleft\" src=\"https:\/\/www.radiopiu.net\/wordpress\/wp-content\/uploads\/2025\/09\/bolognani-bruno-foto-235x300.jpg\" alt=\"\" width=\"235\" height=\"300\" srcset=\"https:\/\/www.radiopiu.net\/wordpress\/wp-content\/uploads\/2025\/09\/bolognani-bruno-foto-235x300.jpg 235w, https:\/\/www.radiopiu.net\/wordpress\/wp-content\/uploads\/2025\/09\/bolognani-bruno-foto.jpg 640w\" sizes=\"auto, (max-width: 235px) 100vw, 235px\" \/><\/a>Siamo vicini alla nostra amica, giornalista Tiziana Bolognani, e a tutta la sua famiglia in questo momento di grande dolore.<\/p>\n<p data-start=\"299\" data-end=\"563\">La scomparsa di Bruno Dante Bolognani ha lasciato un segno profondo anche ad Agordo, dove il Finanziere ha svolto un importante periodo di servizio prima del trasferimento a Belluno. Il suo ricordo resta ancora vivo nella comunit\u00e0 che lo ha conosciuto e stimato.<\/p>\n<p data-start=\"299\" data-end=\"563\">mirko<\/p>\n<p data-start=\"565\" data-end=\"785\"><strong>BELLUNO<\/strong> \u2013 \u00c8 venuto a mancare all\u2019et\u00e0 di 88 anni Bruno Dante Bolognani. Una vita segnata dall\u2019affetto dei suoi cari e dalla stima di quanti lo hanno incontrato, lasciando un ricordo indelebile di gentilezza e dedizione.<\/p>\n<p data-start=\"787\" data-end=\"981\">A cremazione avvenuta, ne danno il triste annuncio la moglie Giuliana, le figlie Tiziana, Elisa, Gabriella e Giustina, i generi, i nipoti, i pronipoti, le sorelle, il fratello e parenti tutti.<\/p>\n<p data-start=\"983\" data-end=\"1107\">Un sentito ringraziamento va alle care Priscila e Linda e a tutto il personale dell\u2019ADIMED per le amorevoli cure prestate.<\/p>\n<hr \/>\n<h2 data-start=\"63\" data-end=\"111\"><strong data-start=\"63\" data-end=\"109\"><a class=\"dt-pswp-item\" href=\"https:\/\/www.radiopiu.net\/wordpress\/wp-content\/uploads\/2025\/09\/Screenshot-2025-09-18-053716.png\" data-dt-img-description=\"\" data-large_image_width=\"15\" data-large_image_height=\"45\"><img loading=\"lazy\" decoding=\"async\" class=\"size-full wp-image-470392 aligncenter\" src=\"https:\/\/www.radiopiu.net\/wordpress\/wp-content\/uploads\/2025\/09\/Screenshot-2025-09-18-053716.png\" alt=\"\" width=\"15\" height=\"45\" \/><\/a><\/strong><\/h2>\n<hr \/>\n<p>&nbsp;<\/p>\n<h1><span style=\"color: #ff0000;\"><a class=\"dt-pswp-item\" href=\"https:\/\/www.radiopiu.net\/wordpress\/wp-content\/uploads\/2024\/11\/8.jpg\" data-dt-img-description=\"\" data-large_image_width=\"180\" data-large_image_height=\"180\"><img loading=\"lazy\" decoding=\"async\" class=\"size-full wp-image-417910 alignleft\" src=\"https:\/\/www.radiopiu.net\/wordpress\/wp-content\/uploads\/2024\/11\/8.jpg\" alt=\"\" width=\"180\" height=\"180\" srcset=\"https:\/\/www.radiopiu.net\/wordpress\/wp-content\/uploads\/2024\/11\/8.jpg 180w, https:\/\/www.radiopiu.net\/wordpress\/wp-content\/uploads\/2024\/11\/8-150x150.jpg 150w\" sizes=\"auto, (max-width: 180px) 100vw, 180px\" \/><\/a>I podcast informativi del mattino &#8211; video &#8211;\u00a0<\/span><\/h1>\n<h2 style=\"text-align: left;\"><strong>RASSEGNA STAMPA LOCALE, ORE OTTO<\/strong><\/h2>\n<h2><strong> <span style=\"color: #0000ff;\">viene\u00a0 <\/span><\/strong><strong><span style=\"color: #0000ff;\">pubblicata alle 8.05 <span style=\"color: #ff0000;\">DIRETTA RADIO\u00a0 \u00a0<\/span><\/span><\/strong><strong>DI MIRKO MEZZACASA<\/strong><\/h2>\n<h1><span style=\"color: #ff0000;\"><strong>VIDEO\u00a0 \u00a0in diretta AGGIORNAMENTO\u00a0 dalle 8 del mattino\u00a0 \u00a0<\/strong><\/span><\/h1>\n\n\t\t\t<style type='text\/css'>\n\t\t\t\t#gallery-2 {\n\t\t\t\t\tmargin: auto;\n\t\t\t\t}\n\t\t\t\t#gallery-2 .gallery-item {\n\t\t\t\t\tfloat: left;\n\t\t\t\t\tmargin-top: 10px;\n\t\t\t\t\ttext-align: center;\n\t\t\t\t\twidth: 33%;\n\t\t\t\t}\n\t\t\t\t#gallery-2 img {\n\t\t\t\t\tborder: 2px solid #cfcfcf;\n\t\t\t\t}\n\t\t\t\t#gallery-2 .gallery-caption {\n\t\t\t\t\tmargin-left: 0;\n\t\t\t\t}\n\t\t\t\t\/* see gallery_shortcode() in wp-includes\/media.php *\/\n\t\t\t<\/style>\n\t\t<div id='gallery-2' class='dt-gallery-container gallery galleryid-470175 gallery-columns-3 gallery-size-thumbnail'><dl class='gallery-item'>\n\t\t\t\t<dt class='gallery-icon landscape'>\n\t\t\t\t\t<a class=\"rollover rollover-zoom dt-pswp-item\" title=\"Screenshot 2025-09-18 051123\" data-dt-img-description=\"\" data-large_image_width=\"573\" data-large_image_height=\"320\"href='https:\/\/www.radiopiu.net\/wordpress\/wp-content\/uploads\/2025\/09\/Screenshot-2025-09-18-051123.png'><img loading=\"lazy\" decoding=\"async\" width=\"150\" height=\"150\" src=\"https:\/\/www.radiopiu.net\/wordpress\/wp-content\/uploads\/2025\/09\/Screenshot-2025-09-18-051123-150x150.png\" class=\"attachment-thumbnail size-thumbnail\" alt=\"\" \/><\/a>\n\t\t\t\t<\/dt><\/dl><dl class='gallery-item'>\n\t\t\t\t<dt class='gallery-icon landscape'>\n\t\t\t\t\t<a class=\"rollover rollover-zoom dt-pswp-item\" title=\"Screenshot 2025-09-18 051116\" data-dt-img-description=\"\" data-large_image_width=\"488\" data-large_image_height=\"288\"href='https:\/\/www.radiopiu.net\/wordpress\/wp-content\/uploads\/2025\/09\/Screenshot-2025-09-18-051116.png'><img loading=\"lazy\" decoding=\"async\" width=\"150\" height=\"150\" src=\"https:\/\/www.radiopiu.net\/wordpress\/wp-content\/uploads\/2025\/09\/Screenshot-2025-09-18-051116-150x150.png\" class=\"attachment-thumbnail size-thumbnail\" alt=\"\" \/><\/a>\n\t\t\t\t<\/dt><\/dl><dl class='gallery-item'>\n\t\t\t\t<dt class='gallery-icon landscape'>\n\t\t\t\t\t<a class=\"rollover rollover-zoom dt-pswp-item\" title=\"Screenshot 2025-09-18 051146\" data-dt-img-description=\"\" data-large_image_width=\"359\" data-large_image_height=\"174\"href='https:\/\/www.radiopiu.net\/wordpress\/wp-content\/uploads\/2025\/09\/Screenshot-2025-09-18-051146.png'><img loading=\"lazy\" decoding=\"async\" width=\"150\" height=\"150\" src=\"https:\/\/www.radiopiu.net\/wordpress\/wp-content\/uploads\/2025\/09\/Screenshot-2025-09-18-051146-150x150.png\" class=\"attachment-thumbnail size-thumbnail\" alt=\"\" \/><\/a>\n\t\t\t\t<\/dt><\/dl><br style=\"clear: both\" \/>\n\t\t\t<\/div>\n\n<div class=\"page-title-head hgroup\"><\/div>\n<div class=\"page-title-breadcrumbs\"><\/div>\n<hr \/>\n<p>&nbsp;<\/p>\n<p><strong><a class=\"dt-pswp-item\" href=\"https:\/\/www.radiopiu.net\/wordpress\/wp-content\/uploads\/2023\/12\/ANTENNA.png\" data-dt-img-description=\"\" data-large_image_width=\"300\" data-large_image_height=\"166\"><img loading=\"lazy\" decoding=\"async\" class=\"wp-image-366306 alignright\" src=\"https:\/\/www.radiopiu.net\/wordpress\/wp-content\/uploads\/2023\/12\/ANTENNA.png\" alt=\"\" width=\"101\" height=\"56\" \/><\/a><a class=\"dt-pswp-item\" href=\"https:\/\/www.radiopiu.net\/wordpress\/wp-content\/uploads\/2024\/11\/th-17.jpg\" data-dt-img-description=\"\" data-large_image_width=\"224\" data-large_image_height=\"180\"><img loading=\"lazy\" decoding=\"async\" class=\" wp-image-421610 alignleft\" src=\"https:\/\/www.radiopiu.net\/wordpress\/wp-content\/uploads\/2024\/11\/th-17.jpg\" alt=\"\" width=\"167\" height=\"134\" \/><\/a>ogni sera alle 19 le anticipazioni alla radio, quello che poi seguirete nel TELEGIORNALE BELLUNESE\u00a0 in onda alle 19.30 sul CANALE 10 del digitale terrestre.\u00a0\u00a0<\/strong><\/p>\n<p><b>\u00a0<\/b><\/p>\n<p>&nbsp;<\/p>\n<p>&nbsp;<\/p>\n<blockquote>\n<h2><span style=\"color: #ff0000;\">ANTICIPAZIONI, DI FABIO FIORAVANZI<\/span><\/h2>\n<audio class=\"wp-audio-shortcode\" id=\"audio-470175-6\" preload=\"none\" style=\"width: 100%;\" controls=\"controls\"><source type=\"audio\/mpeg\" src=\"https:\/\/www.radiopiu.net\/wordpress\/wp-content\/uploads\/2025\/09\/ANTENNA3-15.mp3?_=6\" \/><a href=\"https:\/\/www.radiopiu.net\/wordpress\/wp-content\/uploads\/2025\/09\/ANTENNA3-15.mp3\">https:\/\/www.radiopiu.net\/wordpress\/wp-content\/uploads\/2025\/09\/ANTENNA3-15.mp3<\/a><\/audio><\/blockquote>\n<p>&nbsp;<\/p>\n<p>&nbsp;<\/p>\n<hr \/>\n<p>&nbsp;<\/p>\n<blockquote><p>&nbsp;<\/p>\n<blockquote>\n<h3><a class=\"dt-pswp-item\" href=\"https:\/\/www.radiopiu.net\/wordpress\/wp-content\/uploads\/2024\/10\/DolomitiBus.jpg\" data-dt-img-description=\"\" data-large_image_width=\"2500\" data-large_image_height=\"1668\"><img loading=\"lazy\" decoding=\"async\" class=\"wp-image-415594 alignleft\" src=\"https:\/\/www.radiopiu.net\/wordpress\/wp-content\/uploads\/2024\/10\/DolomitiBus-300x200.jpg\" alt=\"\" width=\"119\" height=\"79\" srcset=\"https:\/\/www.radiopiu.net\/wordpress\/wp-content\/uploads\/2024\/10\/DolomitiBus-300x200.jpg 300w, https:\/\/www.radiopiu.net\/wordpress\/wp-content\/uploads\/2024\/10\/DolomitiBus-1024x683.jpg 1024w, https:\/\/www.radiopiu.net\/wordpress\/wp-content\/uploads\/2024\/10\/DolomitiBus-768x512.jpg 768w, https:\/\/www.radiopiu.net\/wordpress\/wp-content\/uploads\/2024\/10\/DolomitiBus-1536x1025.jpg 1536w, https:\/\/www.radiopiu.net\/wordpress\/wp-content\/uploads\/2024\/10\/DolomitiBus-2048x1366.jpg 2048w\" sizes=\"auto, (max-width: 119px) 100vw, 119px\" \/><\/a><\/h3>\n<h3 data-start=\"66\" data-end=\"140\">REVOCATO LO SCIOPERO DEL 22 SETTEMBRE: SERVIZI DOLOMITI BUS REGOLARI<\/h3>\n<p data-start=\"142\" data-end=\"490\"><b>BELLUNO\u00a0<\/b> \u00c8 stato revocato lo sciopero nazionale generale di 24 ore indetto dalle sigle sindacali CUB, SGB e ADL Varese per la giornata di luned\u00ec 22 settembre.<br data-start=\"328\" data-end=\"331\" \/>La decisione arriva in seguito al provvedimento della Commissione di Garanzia dell\u2019attuazione della legge sullo sciopero nei servizi pubblici essenziali.<\/p>\n<p data-start=\"492\" data-end=\"660\">Di conseguenza, la Dolomiti Bus S.p.A. comunica che tutti i servizi di trasporto saranno effettuati regolarmente nell\u2019intera rete coperta dalle proprie linee.<\/p>\n<\/blockquote>\n<\/blockquote>\n<p>&nbsp;<\/p>\n<hr \/>\n<p>&nbsp;<\/p>\n<blockquote>\n<h3>TRAGEDIA SULLE TRE CIME DI LAVAREDO: MUORE L\u2019ALPINISTA E GUIDA ALPINA FRANCO GASPARI<\/h3>\n<\/blockquote>\n<p><strong>DI BARBARA PAOLAZZI<\/strong><\/p>\n<audio class=\"wp-audio-shortcode\" id=\"audio-470175-7\" preload=\"none\" style=\"width: 100%;\" controls=\"controls\"><source type=\"audio\/mpeg\" src=\"https:\/\/www.radiopiu.net\/wordpress\/wp-content\/uploads\/2025\/09\/PAOLAZZI-TRAGEDIA-FRANCO-GASPARI.mp3?_=7\" \/><a href=\"https:\/\/www.radiopiu.net\/wordpress\/wp-content\/uploads\/2025\/09\/PAOLAZZI-TRAGEDIA-FRANCO-GASPARI.mp3\">https:\/\/www.radiopiu.net\/wordpress\/wp-content\/uploads\/2025\/09\/PAOLAZZI-TRAGEDIA-FRANCO-GASPARI.mp3<\/a><\/audio>\n<p>&nbsp;<\/p>\n<p><strong><a class=\"dt-pswp-item\" href=\"https:\/\/www.radiopiu.net\/wordpress\/wp-content\/uploads\/2025\/09\/FRANCO-GASPARI-2.jpg\" data-dt-img-description=\"\" data-large_image_width=\"593\" data-large_image_height=\"531\"><img loading=\"lazy\" decoding=\"async\" class=\" wp-image-470290 alignleft\" src=\"https:\/\/www.radiopiu.net\/wordpress\/wp-content\/uploads\/2025\/09\/FRANCO-GASPARI-2-300x269.jpg\" alt=\"\" width=\"188\" height=\"169\" srcset=\"https:\/\/www.radiopiu.net\/wordpress\/wp-content\/uploads\/2025\/09\/FRANCO-GASPARI-2-300x269.jpg 300w, https:\/\/www.radiopiu.net\/wordpress\/wp-content\/uploads\/2025\/09\/FRANCO-GASPARI-2.jpg 593w\" sizes=\"auto, (max-width: 188px) 100vw, 188px\" \/><\/a>AURONZO DI CADORE <\/strong>Un amico, un compagno di cordata, un forte alpinista, una guida alpina seria e preparata, un soccorritore, uno studioso e scrittore appassionato della storia delle sue montagne. Franco Gaspari era tutto questo.\u00a0 Ha perso la vita ieri mattina, ormai quasi in vetta alla Cima Grande di Lavaredo, che stava scalando assieme ad altre due persone lungo la via normale, quando, primo di cordata \u00e8 precipitato, non si sa se a causa di un malore. A lanciare l&#8217;allarme una dei due compagni, che usciti dal camino poco sotto la cengia circolare, lo hanno sentito cadere improvvisamente, senza poterlo vedere n\u00e9 sentire nascosto da uno spigolo, e hanno solo potuto chiamare il 118. In direzione delle Tre Cime di Lavaredo \u00e8 volato Falco, che ha individuato il corpo esanime in un canalino, sbarcando nelle vicinanze il tecnico di elisoccorso e il medico. Scesi da lui non \u00e8 stato possibile che constatare la sua morte. Mentre l&#8217;elicottero imbarcava i due amici sotto shock e li riaccompagnava a valle, i soccorritori hanno spostato il corpo in un punto pi\u00f9 facile per il recupero, ultimato con il verricello. La salma \u00e8 stata lasciata al campo base, alla piazzola del Rifugio Auronzo, affidata alla Guardia di finanza e al carro funebre. Franco aveva 64 anni ed <img decoding=\"async\" class=\"alignright\" src=\"https:\/\/www.radiopiu.net\/wordpress\/wp-content\/uploads\/2025\/09\/Screenshot-2025-09-18-053908.png\" \/>era di Cortina d&#8217;Ampezzo. \u00c8 entrato a far parte della famiglia del Soccorso alpino nel 1985 ed \u00e8 stato uno dei primi tecnici di elisoccorso del Suem, portando a bordo di Falco e Leone la sua preparazione e competenza, per volare in aiuto di chi aveva bisogno.<\/p>\n<p><strong>IL MESSAGGIO DI CORDOGLIO DELLA CONSIGLIERA REGIONALE SILVIA CESTARO<\/strong><\/p>\n<p>\u201cFaccio le mie sentite condoglianze ai familiari di Franco Gaspari di Cortina d&#8217;Ampezzo e a tutti i suoi cari. L\u2019incidente di stamattina nel corso di una scalata sulla Cima Grande di Lavaredo, che l\u2019ha sottratto all\u2019affetto di tutti noi, \u00e8 una di quelle notizie che non vorremmo mai ricevere. Non soltanto era considerato un forte alpinista e una guida alpina seria e preparata, come pure uno studioso e scrittore appassionato della storia delle sue montagne: per tanti \u00e8 stato un caro amico che non dimenticheranno mai\u201d. Cos\u00ec la consigliera regionale bellunese della Lega &#8211; Liga Veneta Silvia Cestaro .<\/p>\n<h2 data-start=\"63\" data-end=\"111\"><strong data-start=\"63\" data-end=\"109\"><a class=\"dt-pswp-item\" href=\"https:\/\/www.radiopiu.net\/wordpress\/wp-content\/uploads\/2025\/09\/Screenshot-2025-09-18-053716.png\" data-dt-img-description=\"\" data-large_image_width=\"15\" data-large_image_height=\"45\"><img loading=\"lazy\" decoding=\"async\" class=\"size-full wp-image-470392 aligncenter\" src=\"https:\/\/www.radiopiu.net\/wordpress\/wp-content\/uploads\/2025\/09\/Screenshot-2025-09-18-053716.png\" alt=\"\" width=\"15\" height=\"45\" \/><\/a><\/strong><\/h2>\n<hr \/>\n<p>&nbsp;<\/p>\n<blockquote>\n<h3>ANZIANO FERITO SUI CADINI DI MISURINA<\/h3>\n<\/blockquote>\n<p><strong>AURONZO DI CADORE<\/strong> Attorno alle 11 di ieri Falco 2 \u00e8 stato inviato sui Cadini di Misurina per un anziano escursionista fattosi male sul sentiero che scende da Forcella Misurina. L&#8217;82enne tedesco, che era in compagnia di altre 7 persone, era caduto sbattendo la testa a terra e riportando un trauma al volto. Sbarcato con un verricello di 30 metri, il tecnico di elisoccorso lo ha raggiunto e ne ha verificato le condizioni. Issato a bordo, l&#8217;uomo \u00e8 stato trasportato all&#8217;ospedale di Belluno.<\/p>\n<p>&nbsp;<\/p>\n<p>&nbsp;<\/p>\n<hr \/>\n<p>&nbsp;<\/p>\n<blockquote>\n<h3>ESCURSIONISTA SI FRATTURA LA CAVIGLIA SUL MONTE GRAPPA<\/h3>\n<\/blockquote>\n<p><strong>SEREN DEL GRAPPA<\/strong> Attorno alle 16 di ieri il compagno di un escursionista ha contattato il 118, poich\u00e9 l&#8217;amico aveva messo male un piede, riportando la probabile frattura della caviglia, mentre si trovavano nei pressi del Bivacco Murelon &#8211; Scopel. Arrivato sul Monte Grappa , Falco 2 ha verificato la prima posizione rilevata, per poi spostarsi su nuove coordinate pi\u00f9 precise. Individuato il posto, il ventenne di Legnago (MI) \u00e8 stato recuperato dal tecnico di elisoccorso con un verricello di 15 metri, per essere poi trasportato all&#8217;ospedale di Feltre.<\/p>\n<p>&nbsp;<\/p>\n<p>&nbsp;<\/p>\n<hr \/>\n<p>&nbsp;<\/p>\n<blockquote>\n<h2 data-start=\"63\" data-end=\"118\"><strong data-start=\"63\" data-end=\"116\">CAMION SI SCHIANTA CONTRO GALLERIA, AUTISTA GRAVE<\/strong><\/h2>\n<\/blockquote>\n<p><strong>FONZASO<\/strong>Un camion della Geo Vertical si \u00e8 schiantato ieri pomeriggio contro la galleria della Pala Rossa, a Pedesalto, con il cassone alzato. Il 54enne trentino alla guida ha riportato gravi lesioni a causa della violentissima decelerazione; la cabina si \u00e8 staccata percorrendo circa cinquanta metri, mentre il ribaltabile \u00e8 rimasto incastrato verticalmente tra volta e asfalto. Soccorso dai vigili del fuoco e dai sanitari, \u00e8 stato estratto dalla cabina e trasportato in prognosi riservata all\u2019ospedale di Treviso, con sospetta frattura lombare. La galleria \u00e8 stata chiusa al traffico fino alle 19 per verifiche di sicurezza, causando deviazioni lungo Passo Croce d\u2019Aune. Le cause dell\u2019incidente, forse una dimenticanza o un guasto meccanico, saranno accertate dai carabinieri quando il camionista sar\u00e0 in grado di chiarire i fatti.<\/p>\n\n\t\t\t<style type='text\/css'>\n\t\t\t\t#gallery-3 {\n\t\t\t\t\tmargin: auto;\n\t\t\t\t}\n\t\t\t\t#gallery-3 .gallery-item {\n\t\t\t\t\tfloat: left;\n\t\t\t\t\tmargin-top: 10px;\n\t\t\t\t\ttext-align: center;\n\t\t\t\t\twidth: 25%;\n\t\t\t\t}\n\t\t\t\t#gallery-3 img {\n\t\t\t\t\tborder: 2px solid #cfcfcf;\n\t\t\t\t}\n\t\t\t\t#gallery-3 .gallery-caption {\n\t\t\t\t\tmargin-left: 0;\n\t\t\t\t}\n\t\t\t\t\/* see gallery_shortcode() in wp-includes\/media.php *\/\n\t\t\t<\/style>\n\t\t<div id='gallery-3' class='dt-gallery-container gallery galleryid-470175 gallery-columns-4 gallery-size-thumbnail'><dl class='gallery-item'>\n\t\t\t\t<dt class='gallery-icon portrait'>\n\t\t\t\t\t<a class=\"rollover rollover-zoom dt-pswp-item\" title=\"548439947_1238604984974838_2863432396801481467_n\" data-dt-img-description=\"\" data-large_image_width=\"960\" data-large_image_height=\"1280\"href='https:\/\/www.radiopiu.net\/wordpress\/wp-content\/uploads\/2025\/09\/548439947_1238604984974838_2863432396801481467_n.jpg'><img loading=\"lazy\" decoding=\"async\" width=\"150\" height=\"150\" src=\"https:\/\/www.radiopiu.net\/wordpress\/wp-content\/uploads\/2025\/09\/548439947_1238604984974838_2863432396801481467_n-150x150.jpg\" class=\"attachment-thumbnail size-thumbnail\" alt=\"\" \/><\/a>\n\t\t\t\t<\/dt><\/dl><dl class='gallery-item'>\n\t\t\t\t<dt class='gallery-icon portrait'>\n\t\t\t\t\t<a class=\"rollover rollover-zoom dt-pswp-item\" title=\"548198996_1238604994974837_5533130749982799721_n\" data-dt-img-description=\"\" data-large_image_width=\"1200\" data-large_image_height=\"1600\"href='https:\/\/www.radiopiu.net\/wordpress\/wp-content\/uploads\/2025\/09\/548198996_1238604994974837_5533130749982799721_n.jpg'><img loading=\"lazy\" decoding=\"async\" width=\"150\" height=\"150\" src=\"https:\/\/www.radiopiu.net\/wordpress\/wp-content\/uploads\/2025\/09\/548198996_1238604994974837_5533130749982799721_n-150x150.jpg\" class=\"attachment-thumbnail size-thumbnail\" alt=\"\" \/><\/a>\n\t\t\t\t<\/dt><\/dl><dl class='gallery-item'>\n\t\t\t\t<dt class='gallery-icon landscape'>\n\t\t\t\t\t<a class=\"rollover rollover-zoom dt-pswp-item\" title=\"4a653b40-9f00-4f6d-a7f7-fb9eacc64bb9\" data-dt-img-description=\"\" data-large_image_width=\"1280\" data-large_image_height=\"960\"href='https:\/\/www.radiopiu.net\/wordpress\/wp-content\/uploads\/2025\/09\/4a653b40-9f00-4f6d-a7f7-fb9eacc64bb9.jpg'><img loading=\"lazy\" decoding=\"async\" width=\"150\" height=\"150\" src=\"https:\/\/www.radiopiu.net\/wordpress\/wp-content\/uploads\/2025\/09\/4a653b40-9f00-4f6d-a7f7-fb9eacc64bb9-150x150.jpg\" class=\"attachment-thumbnail size-thumbnail\" alt=\"\" \/><\/a>\n\t\t\t\t<\/dt><\/dl><dl class='gallery-item'>\n\t\t\t\t<dt class='gallery-icon landscape'>\n\t\t\t\t\t<a class=\"rollover rollover-zoom dt-pswp-item\" title=\"450467dd-90bc-4b9f-ab99-170ad5ea2a61\" data-dt-img-description=\"\" data-large_image_width=\"1280\" data-large_image_height=\"960\"href='https:\/\/www.radiopiu.net\/wordpress\/wp-content\/uploads\/2025\/09\/450467dd-90bc-4b9f-ab99-170ad5ea2a61.jpg'><img loading=\"lazy\" decoding=\"async\" width=\"150\" height=\"150\" src=\"https:\/\/www.radiopiu.net\/wordpress\/wp-content\/uploads\/2025\/09\/450467dd-90bc-4b9f-ab99-170ad5ea2a61-150x150.jpg\" class=\"attachment-thumbnail size-thumbnail\" alt=\"\" \/><\/a>\n\t\t\t\t<\/dt><\/dl><br style=\"clear: both\" \/>\n\t\t\t<\/div>\n\n<h2 data-start=\"63\" data-end=\"111\"><strong data-start=\"63\" data-end=\"109\"><a class=\"dt-pswp-item\" href=\"https:\/\/www.radiopiu.net\/wordpress\/wp-content\/uploads\/2025\/09\/Screenshot-2025-09-18-053716.png\" data-dt-img-description=\"\" data-large_image_width=\"15\" data-large_image_height=\"45\"><img loading=\"lazy\" decoding=\"async\" class=\"size-full wp-image-470392 aligncenter\" src=\"https:\/\/www.radiopiu.net\/wordpress\/wp-content\/uploads\/2025\/09\/Screenshot-2025-09-18-053716.png\" alt=\"\" width=\"15\" height=\"45\" \/><\/a><\/strong><\/h2>\n<hr \/>\n<p>&nbsp;<\/p>\n<p data-start=\"111\" data-end=\"202\"><strong data-start=\"115\" data-end=\"200\">TRUFFA TELEFONICA SVENTATA AD ALLEGHE: ANZIANA PRESA DI MIRA DA FALSI CARABINIERI<\/strong><\/p>\n<p data-start=\"204\" data-end=\"531\"><a class=\"dt-pswp-item\" href=\"https:\/\/www.radiopiu.net\/wordpress\/wp-content\/uploads\/2025\/09\/truffa-anziana-610x264-1.jpg\" data-dt-img-description=\"\" data-large_image_width=\"610\" data-large_image_height=\"264\"><img loading=\"lazy\" decoding=\"async\" class=\"size-medium wp-image-470372 alignleft\" src=\"https:\/\/www.radiopiu.net\/wordpress\/wp-content\/uploads\/2025\/09\/truffa-anziana-610x264-1-300x130.jpg\" alt=\"\" width=\"300\" height=\"130\" srcset=\"https:\/\/www.radiopiu.net\/wordpress\/wp-content\/uploads\/2025\/09\/truffa-anziana-610x264-1-300x130.jpg 300w, https:\/\/www.radiopiu.net\/wordpress\/wp-content\/uploads\/2025\/09\/truffa-anziana-610x264-1.jpg 610w\" sizes=\"auto, (max-width: 300px) 100vw, 300px\" \/><\/a>Un nuovo tentativo di truffa ai danni di un\u2019anziana \u00e8 stato sventato ad <strong data-start=\"276\" data-end=\"287\">Alleghe<\/strong>. Una donna ha ricevuto la telefonata di un presunto maresciallo dei Carabinieri, che con tono convincente le ha raccontato che uno dei suoi figli era rimasto coinvolto in un grave incidente stradale, investendo addirittura una donna incinta.<\/p>\n<p data-start=\"533\" data-end=\"759\">Il finto militare ha cercato di carpire fiducia citando il nome di un maresciallo realmente conosciuto, ma la trappola \u00e8 stata smascherata dal figlio della signora, che ha subito intuito l\u2019inganno e messo fine alla chiamata.<\/p>\n<p data-start=\"761\" data-end=\"1030\">Le forze dell\u2019ordine ricordano di <strong data-start=\"795\" data-end=\"849\">non fornire mai informazioni personali al telefono<\/strong> e, in caso di dubbi, contattare subito i numeri ufficiali. L\u2019episodio \u00e8 un monito: massima attenzione per i nostri anziani, sempre pi\u00f9 presi di mira da truffatori senza scrupoli.<\/p>\n<blockquote>\n<h2 data-start=\"63\" data-end=\"111\"><strong data-start=\"63\" data-end=\"109\"><a class=\"dt-pswp-item\" href=\"https:\/\/www.radiopiu.net\/wordpress\/wp-content\/uploads\/2025\/09\/Screenshot-2025-09-18-053716.png\" data-dt-img-description=\"\" data-large_image_width=\"15\" data-large_image_height=\"45\"><img loading=\"lazy\" decoding=\"async\" class=\"size-full wp-image-470392 aligncenter\" src=\"https:\/\/www.radiopiu.net\/wordpress\/wp-content\/uploads\/2025\/09\/Screenshot-2025-09-18-053716.png\" alt=\"\" width=\"15\" height=\"45\" \/> <\/a><\/strong><\/h2>\n<h2 data-start=\"63\" data-end=\"111\"><strong data-start=\"63\" data-end=\"109\">INVESTITI DUE MINORENNI, 21ENNE A PROCESSO<\/strong><\/h2>\n<\/blockquote>\n<p data-start=\"113\" data-end=\"951\"><strong><a class=\"dt-pswp-item\" href=\"https:\/\/www.radiopiu.net\/wordpress\/wp-content\/uploads\/2024\/04\/polizia.jpg\" data-dt-img-description=\"\" data-large_image_width=\"480\" data-large_image_height=\"270\"><img loading=\"lazy\" decoding=\"async\" class=\" wp-image-387908 alignleft\" src=\"https:\/\/www.radiopiu.net\/wordpress\/wp-content\/uploads\/2024\/04\/polizia-300x169.jpg\" alt=\"\" width=\"272\" height=\"153\" srcset=\"https:\/\/www.radiopiu.net\/wordpress\/wp-content\/uploads\/2024\/04\/polizia-300x169.jpg 300w, https:\/\/www.radiopiu.net\/wordpress\/wp-content\/uploads\/2024\/04\/polizia.jpg 480w\" sizes=\"auto, (max-width: 272px) 100vw, 272px\" \/><\/a>BELLUNO<\/strong> M.D.B., 21enne bellunese, ha confessato lo schianto di Bolago ma non ha fornito altri dettagli. Il giovane era alla guida di una Seat Leon senza patente quando ha travolto un motorino con in sella un 15enne e una 14enne, senza fermarsi subito a soccorrerli. Successivamente \u00e8 tornato indietro, permettendo di risalire alla targa e all\u2019indagato, ora accusato di lesioni stradali gravi e omissione di soccorso; il passeggero, un 31enne, potrebbe essere indagato a sua volta. I due ragazzi investiti, inizialmente in rianimazione, stanno migliorando dopo fratture e un edema polmonare. M.D.B. si \u00e8 gi\u00e0 scusato pubblicamente e ha avviato la procedura per la messa alla prova, con lavori di pubblica utilit\u00e0 e risarcimento dei danni. L\u2019interrogatorio \u00e8 previsto per il 3 ottobre, con possibilit\u00e0 di avvalersi della facolt\u00e0 di non rispondere.<\/p>\n<h2 data-start=\"63\" data-end=\"111\"><strong data-start=\"63\" data-end=\"109\"><a class=\"dt-pswp-item\" href=\"https:\/\/www.radiopiu.net\/wordpress\/wp-content\/uploads\/2025\/09\/Screenshot-2025-09-18-053716.png\" data-dt-img-description=\"\" data-large_image_width=\"15\" data-large_image_height=\"45\"><img loading=\"lazy\" decoding=\"async\" class=\"size-full wp-image-470392 aligncenter\" src=\"https:\/\/www.radiopiu.net\/wordpress\/wp-content\/uploads\/2025\/09\/Screenshot-2025-09-18-053716.png\" alt=\"\" width=\"15\" height=\"45\" \/><\/a><\/strong><\/h2>\n<hr \/>\n<p data-start=\"761\" data-end=\"1030\"><strong>LA GIUDIZIARIA OGGI<\/strong><br \/>\n<strong>DAL CORRIERE DELLE ALPI<\/strong><br \/>\n<strong>SINTESI, GIGI SOSSO<\/strong><\/p>\n<blockquote>\n<p data-start=\"63\" data-end=\"116\"><strong data-start=\"63\" data-end=\"114\">VIOLENZA SESSUALE IN DISCOTECA: RITO ABBREVIATO<\/strong><\/p>\n<\/blockquote>\n<p data-start=\"118\" data-end=\"1001\">Quasi un anno dopo una serata di Halloween al &#8220;Deus the Club&#8221; di Trieste, la studentessa bellunese di 21 anni si \u00e8 costituita parte civile contro un 31enne triestino di origini africane, accusato di violenza sessuale. L\u2019uomo ha scelto il rito abbreviato. La giovane racconta di essere stata palpeggiata contro la sua volont\u00e0, subendo traumi che l\u2019hanno costretta a sospendere temporaneamente gli studi e rivolgersi a un centro antiviolenza. Le indagini hanno portato all\u2019identificazione dell\u2019imputato, con il processo ora in corso e l\u2019esame dell\u2019uomo fissato nella prossima udienza.<\/p>\n<blockquote>\n<p data-start=\"63\" data-end=\"108\"><strong data-start=\"63\" data-end=\"106\">TRE ANNI PER MALTRATTAMENTI IN FAMIGLIA<\/strong><\/p>\n<\/blockquote>\n<p data-start=\"110\" data-end=\"958\">G.D.M., spesso ubriaco, alternava momenti di premura a comportamenti violenti e minacciosi verso la moglie. Ieri il Tribunale di Belluno lo ha condannato a tre anni di reclusione, con risarcimento di 7 mila euro e spese legali a suo carico. L\u2019uomo non ha mai colpito fisicamente la moglie, ma l\u2019ha costretta a subire offese quotidiane, minacce, distruzione di oggetti e controllo costante, aggravati da gelosia patologica. La coppia, in crisi da circa dieci anni, ha vissuto anche episodi di intimidazione con una mazza da baseball e insulti a sfondo sessuale. Le richieste iniziali di risarcimento ammontavano a 20 mila euro.<\/p>\n<p>&nbsp;<\/p>\n<p>&nbsp;<\/p>\n<hr \/>\n<p>&nbsp;<\/p>\n<blockquote>\n<h3>GENITORI DEL FOLLADOR-DE ROSSI PRONTI A RICORSO AL TAR CONTRO LA MODIFICA DELL\u2019ORARIO SCOLASTICO<\/h3>\n<\/blockquote>\n<p><strong><a class=\"dt-pswp-item\" href=\"https:\/\/www.radiopiu.net\/wordpress\/wp-content\/uploads\/2024\/09\/FOLLADOR.jpg\" data-dt-img-description=\"\" data-large_image_width=\"1280\" data-large_image_height=\"720\"><img loading=\"lazy\" decoding=\"async\" class=\" wp-image-411383 alignleft\" src=\"https:\/\/www.radiopiu.net\/wordpress\/wp-content\/uploads\/2024\/09\/FOLLADOR-300x169.jpg\" alt=\"\" width=\"234\" height=\"132\" srcset=\"https:\/\/www.radiopiu.net\/wordpress\/wp-content\/uploads\/2024\/09\/FOLLADOR-300x169.jpg 300w, https:\/\/www.radiopiu.net\/wordpress\/wp-content\/uploads\/2024\/09\/FOLLADOR-1024x576.jpg 1024w, https:\/\/www.radiopiu.net\/wordpress\/wp-content\/uploads\/2024\/09\/FOLLADOR-768x432.jpg 768w, https:\/\/www.radiopiu.net\/wordpress\/wp-content\/uploads\/2024\/09\/FOLLADOR.jpg 1280w\" sizes=\"auto, (max-width: 234px) 100vw, 234px\" \/><\/a>AGORDO <\/strong>Luned\u00ec sera un gruppo numeroso di genitori dell\u2019istituto Follador-De Rossi, supportati dall\u2019avvocato Andrea Rui, ha deciso di presentare ricorso al TAR contro la decisione della dirigente scolastica Antonella Paceri di modificare l\u2019orario scolastico: settimana lunga per il liceo sportivo e rientri settimanali per gli altri indirizzi. La scelta, comunicata alle famiglie solo il 6 settembre, non rispecchiava quanto indicato al momento delle iscrizioni tra gennaio e febbraio, suscitando la contrariet\u00e0 di 163 genitori, ora in fase di raccolta adesioni per l\u2019azione legale. Marted\u00ec sera si \u00e8 svolto un altro incontro con rappresentanti scolastici e il sindaco di Vallada, Fabio Luchetta, in cui sono state evidenziate criticit\u00e0 come disagi per il trasporto pubblico, problemi al convitto e allo Ski College. Il sindaco ha manifestato attenzione e disponibilit\u00e0 a collaborare con altri comuni per trovare soluzioni condivise, suscitando ringraziamenti da parte dei presenti.<\/p>\n<p>&nbsp;<\/p>\n<p>&nbsp;<\/p>\n<hr \/>\n<p>&nbsp;<\/p>\n<p>&nbsp;<\/p>\n<blockquote>\n<h3>ZTL A MASARE&#8217; DI ROCCA PIETORE: UN ESPERIMENTO RIUSCITO<\/h3>\n<\/blockquote>\n<p><strong><a class=\"dt-pswp-item\" href=\"https:\/\/www.radiopiu.net\/wordpress\/wp-content\/uploads\/2025\/09\/06d2d0b0-8013-4ec0-a30e-a0bf80bdf9e5.jpg\" data-dt-img-description=\"\" data-large_image_width=\"2048\" data-large_image_height=\"1536\"><img loading=\"lazy\" decoding=\"async\" class=\" wp-image-470327 alignleft\" src=\"https:\/\/www.radiopiu.net\/wordpress\/wp-content\/uploads\/2025\/09\/06d2d0b0-8013-4ec0-a30e-a0bf80bdf9e5-300x225.jpg\" alt=\"\" width=\"177\" height=\"133\" srcset=\"https:\/\/www.radiopiu.net\/wordpress\/wp-content\/uploads\/2025\/09\/06d2d0b0-8013-4ec0-a30e-a0bf80bdf9e5-300x225.jpg 300w, https:\/\/www.radiopiu.net\/wordpress\/wp-content\/uploads\/2025\/09\/06d2d0b0-8013-4ec0-a30e-a0bf80bdf9e5-1024x768.jpg 1024w, https:\/\/www.radiopiu.net\/wordpress\/wp-content\/uploads\/2025\/09\/06d2d0b0-8013-4ec0-a30e-a0bf80bdf9e5-768x576.jpg 768w, https:\/\/www.radiopiu.net\/wordpress\/wp-content\/uploads\/2025\/09\/06d2d0b0-8013-4ec0-a30e-a0bf80bdf9e5-1536x1152.jpg 1536w, https:\/\/www.radiopiu.net\/wordpress\/wp-content\/uploads\/2025\/09\/06d2d0b0-8013-4ec0-a30e-a0bf80bdf9e5.jpg 2048w\" sizes=\"auto, (max-width: 177px) 100vw, 177px\" \/><\/a>ROCCA PIETORE <\/strong>Si \u00e8 conclusa il 14 settembre la Zona a Traffico Limitato a Masar\u00e8 di Rocca Pietore, introdotta durante l\u2019estate su richiesta di cittadini e operatori turistici. L\u2019iniziativa, nata con l\u2019obiettivo di migliorare la vivibilit\u00e0 del paese e rendere pi\u00f9 piacevole la permanenza degli ospiti, ha raccolto un consenso diffuso. Residenti e visitatori hanno apprezzato la riduzione del traffico e la maggiore sicurezza per pedoni e ciclisti, elementi che hanno contribuito a creare un clima pi\u00f9 tranquillo e accogliente. Alla luce dei risultati positivi, l\u2019amministrazione comunale sta valutando di ampliare la ZTL per l\u2019intera stagione estiva a partire dal prossimo anno, cos\u00ec da garantire benefici pi\u00f9 duraturi sia per la comunit\u00e0 locale che per l\u2019offerta turistica del territorio. La ZTL di Masar\u00e8 si conferma dunque un esperimento riuscito, capace di coniugare esigenze di mobilit\u00e0 sostenibile, tutela dell\u2019ambiente e valorizzazione dell\u2019esperienza turistica.<\/p>\n<p><strong>IL SINDACO DI ROCCA PIETORE VALERIO DAVARE<\/strong><\/p>\n<audio class=\"wp-audio-shortcode\" id=\"audio-470175-8\" preload=\"none\" style=\"width: 100%;\" controls=\"controls\"><source type=\"audio\/mpeg\" src=\"https:\/\/www.radiopiu.net\/wordpress\/wp-content\/uploads\/2025\/09\/DAVARE-ZTL.mp3?_=8\" \/><a href=\"https:\/\/www.radiopiu.net\/wordpress\/wp-content\/uploads\/2025\/09\/DAVARE-ZTL.mp3\">https:\/\/www.radiopiu.net\/wordpress\/wp-content\/uploads\/2025\/09\/DAVARE-ZTL.mp3<\/a><\/audio>\n<p>&nbsp;<\/p>\n<p>&nbsp;<\/p>\n<p>&nbsp;<\/p>\n<hr \/>\n<p>&nbsp;<\/p>\n<div class=\"page-title-head hgroup\">\n<blockquote>\n<h2 class=\"entry-title\">NUOVA LEGGE MONTAGNA: RICONOSCIUTO IL RUOLO DELLE GUIDE ALPINE<\/h2>\n<\/blockquote>\n<\/div>\n<div class=\"page-title-breadcrumbs\"><a class=\"dt-pswp-item\" href=\"https:\/\/www.radiopiu.net\/wordpress\/wp-content\/uploads\/2025\/09\/Screenshot-2025-09-17-111547.png\" data-dt-img-description=\"\" data-large_image_width=\"206\" data-large_image_height=\"126\"><img loading=\"lazy\" decoding=\"async\" class=\"size-full wp-image-470253 alignleft\" src=\"https:\/\/www.radiopiu.net\/wordpress\/wp-content\/uploads\/2025\/09\/Screenshot-2025-09-17-111547.png\" alt=\"\" width=\"206\" height=\"126\" \/><\/a>Dopo anni di attesa, l\u2019Italia ha finalmente una legge quadro sulla montagna. Il provvedimento, approvato il 17 settembre, colma un vuoto legislativo e restituisce valore ai territori e alle professioni della montagna. La legge, promossa dal ministro per gli Affari Regionali Roberto Calderoli, introduce per la prima volta una definizione chiara di montagna, basata su criteri come altitudine e pendenza. Al centro del testo vengono riconosciute come professioni della montagna le figure di guida alpina, aspirante guida, accompagnatore di media montagna e guida vulcanologica. Un riconoscimento che rafforza la legge quadro del 1989 e conferma il loro ruolo strategico per la sicurezza, la tutela e la valorizzazione del patrimonio naturale e culturale. La norma richiama inoltre gli escursionisti a una frequentazione consapevole e responsabile, sottolineando che la montagna comporta sempre dei rischi. Se un infortunio \u00e8 causato da comportamenti imprudenti o da eventi fortuiti, come la caduta di un sasso, la responsabilit\u00e0 non ricade automaticamente sugli enti gestori dei percorsi. \u201cCon questa legge si compie un passo importante \u2013 ha commentato Martino Peterlongo, presidente del Collegio Nazionale Guide Alpine \u2013. I nostri professionisti continueranno a svolgere il loro ruolo di guide e custodi di un patrimonio unico che appartiene a tutti\u201d.<\/div>\n<div class=\"page-title-breadcrumbs\"><\/div>\n<div class=\"page-title-breadcrumbs\"><\/div>\n<div class=\"page-title-breadcrumbs\">\n<h2 data-start=\"63\" data-end=\"111\"><strong data-start=\"63\" data-end=\"109\"><a class=\"dt-pswp-item\" href=\"https:\/\/www.radiopiu.net\/wordpress\/wp-content\/uploads\/2025\/09\/Screenshot-2025-09-18-053716.png\" data-dt-img-description=\"\" data-large_image_width=\"15\" data-large_image_height=\"45\"><img loading=\"lazy\" decoding=\"async\" class=\"size-full wp-image-470392 aligncenter\" src=\"https:\/\/www.radiopiu.net\/wordpress\/wp-content\/uploads\/2025\/09\/Screenshot-2025-09-18-053716.png\" alt=\"\" width=\"15\" height=\"45\" \/><\/a><\/strong><\/h2>\n<\/div>\n<div class=\"page-title-breadcrumbs\">\n<hr \/>\n<blockquote>\n<h2 data-start=\"203\" data-end=\"428\">\u00a0SETTIMANA CORTA: LUXOTTICA SPERIMENTA A LAURIANO<\/h2>\n<\/blockquote>\n<\/div>\n<p><img loading=\"lazy\" decoding=\"async\" class=\"alignleft\" src=\"https:\/\/www.radiopiu.net\/wordpress\/wp-content\/uploads\/2025\/09\/download-21.jpg\" width=\"198\" height=\"127\" \/>Sempre pi\u00f9 al centro del dibattito, il tema della settimana corta entra anche nelle grandi aziende italiane. EssilorLuxottica \u00e8 la prima realt\u00e0 del Paese ad aver avviato una sperimentazione sugli orari ridotti. Secondo le prime indiscrezioni, sarebbe lo stabilimento di Lauriano a fare da progetto pilota per l\u2019introduzione della settimana corta estesa a tutto lo stabilimento. Una possibilit\u00e0 che, al momento, rimane oggetto di confronto e discussione. La scelta finale, infatti, sar\u00e0 frutto di un accordo che dovr\u00e0 necessariamente coinvolgere i rappresentanti sindacali dei lavoratori (RSU CGIL, CISL e UIL), chiamati a valutare insieme all\u2019azienda benefici, modalit\u00e0 e impatti di un cambiamento che potrebbe segnare un passo importante nelle politiche del lavoro in Italia.<\/p>\n<h2 data-start=\"63\" data-end=\"111\"><strong data-start=\"63\" data-end=\"109\"><a class=\"dt-pswp-item\" href=\"https:\/\/www.radiopiu.net\/wordpress\/wp-content\/uploads\/2025\/09\/Screenshot-2025-09-18-053716.png\" data-dt-img-description=\"\" data-large_image_width=\"15\" data-large_image_height=\"45\"><img loading=\"lazy\" decoding=\"async\" class=\"size-full wp-image-470392 aligncenter\" src=\"https:\/\/www.radiopiu.net\/wordpress\/wp-content\/uploads\/2025\/09\/Screenshot-2025-09-18-053716.png\" alt=\"\" width=\"15\" height=\"45\" \/><\/a><\/strong><\/h2>\n<hr \/>\n<p>&nbsp;<\/p>\n<div class=\"page-title-head hgroup\">\n<h1 class=\"entry-title\">META E LUXOTTICA INSIEME PER GLI AI GLASSES: STILE, SPORT E TECNOLOGIA<\/h1>\n<\/div>\n<p><strong>AGORDO<\/strong><\/p>\n<p data-start=\"110\" data-end=\"303\"><a class=\"dt-pswp-item\" href=\"https:\/\/www.radiopiu.net\/wordpress\/wp-content\/uploads\/2025\/09\/download-22.jpg\" data-dt-img-description=\"\" data-large_image_width=\"355\" data-large_image_height=\"142\"><img loading=\"lazy\" decoding=\"async\" class=\"size-medium wp-image-470374 alignleft\" src=\"https:\/\/www.radiopiu.net\/wordpress\/wp-content\/uploads\/2025\/09\/download-22-300x120.jpg\" alt=\"\" width=\"300\" height=\"120\" srcset=\"https:\/\/www.radiopiu.net\/wordpress\/wp-content\/uploads\/2025\/09\/download-22-300x120.jpg 300w, https:\/\/www.radiopiu.net\/wordpress\/wp-content\/uploads\/2025\/09\/download-22.jpg 355w\" sizes=\"auto, (max-width: 300px) 100vw, 300px\" \/><\/a>Al <strong data-start=\"113\" data-end=\"134\">Meta Connect 2025<\/strong> sono stati presentati i nuovi <strong data-start=\"165\" data-end=\"179\">AI Glasses<\/strong>, frutto della collaborazione tra <strong data-start=\"213\" data-end=\"241\">Meta ed EssilorLuxottica<\/strong>, partnership che ha gi\u00e0 portato al successo i Ray-Ban Meta.<\/p>\n<p data-start=\"305\" data-end=\"582\">Tra le novit\u00e0, la <strong data-start=\"323\" data-end=\"362\">seconda generazione di Ray-Ban Meta<\/strong>, con maggiore autonomia, registrazioni in 3K ultra-HD e nuove funzioni intelligenti. Il lancio \u00e8 previsto dal 30 settembre negli Stati Uniti a 799 dollari e, dal 2026, anche in Italia, Canada, Francia e Gran Bretagna.<\/p>\n<p data-start=\"584\" data-end=\"965\">Il presidente e AD di EssilorLuxottica, <strong data-start=\"624\" data-end=\"645\">Francesco Milleri<\/strong>, ha ricordato come gli smart eyewear siano ormai diventati un accessorio iconico e diffuso a livello globale. Con i nuovi <strong data-start=\"768\" data-end=\"792\">Meta Ray-Ban Display<\/strong>, ha detto, si fondono design e competenze sulle lenti con la leadership di Meta nell\u2019intelligenza artificiale, offrendo un\u2019esperienza sempre pi\u00f9 naturale e a mani libere.<\/p>\n<p data-start=\"967\" data-end=\"1229\">Dal palco, anche <strong data-start=\"984\" data-end=\"1003\">Mark Zuckerberg<\/strong> ha definito i Ray-Ban Display il prodotto pi\u00f9 innovativo di sempre, ribadendo l\u2019orgoglio per una collaborazione che ha creato una nuova categoria tecnologica e guardando con entusiasmo al futuro degli occhiali intelligenti.<\/p>\n<p>&nbsp;<\/p>\n<h2 data-start=\"63\" data-end=\"111\"><strong data-start=\"63\" data-end=\"109\"><a class=\"dt-pswp-item\" href=\"https:\/\/www.radiopiu.net\/wordpress\/wp-content\/uploads\/2025\/09\/Screenshot-2025-09-18-053716.png\" data-dt-img-description=\"\" data-large_image_width=\"15\" data-large_image_height=\"45\"><img loading=\"lazy\" decoding=\"async\" class=\"size-full wp-image-470392 aligncenter\" src=\"https:\/\/www.radiopiu.net\/wordpress\/wp-content\/uploads\/2025\/09\/Screenshot-2025-09-18-053716.png\" alt=\"\" width=\"15\" height=\"45\" \/><\/a><\/strong><\/h2>\n<hr \/>\n<p>&nbsp;<\/p>\n<blockquote>\n<h2>DILLO A RADIO PIU: NESSUN SEGNALE: LA RABBIA DI AVOSCAN<\/h2>\n<\/blockquote>\n<p data-start=\"135\" data-end=\"462\"><img loading=\"lazy\" decoding=\"async\" class=\"alignleft\" src=\"https:\/\/www.radiopiu.net\/wordpress\/wp-content\/uploads\/2023\/09\/AVOSCAN.png\" width=\"127\" height=\"87\" \/>Ci scrive <strong data-start=\"145\" data-end=\"181\">Massimo da Avoscan di San Tomaso<\/strong>:<\/p>\n<p data-start=\"135\" data-end=\"462\"><br data-start=\"182\" data-end=\"185\" \/>\u00abDa parecchi giorni, nella zona di Avoscan, la rete telefonica mobile \u00e8 assente. Io faccio riferimento a TIM, ma sembra che anche altri gestori abbiano problemi. \u00c8 una vergogna! Non si pu\u00f2 telefonare: se qualcuno prova a chiamarti, risulti non raggiungibile o spento. Il router funziona, ma per quanto riguarda il cellulare \u00e8 tutta un\u2019altra storia: difficolt\u00e0 enormi, se non addirittura l\u2019impossibilit\u00e0 di usare il servizio. Per riuscire a telefonare devo spostarmi fino a Cencenighe. Incredibile, ma vero!\u00bb<\/p>\n<p>&nbsp;<\/p>\n<hr \/>\n<p>&nbsp;<\/p>\n<p>&nbsp;<\/p>\n<blockquote>\n<h2>UN GRAZIE DAL CUORE AL REPARTO DI ORTOPEDIA DI AGORDO<\/h2>\n<\/blockquote>\n<p data-start=\"175\" data-end=\"533\"><a class=\"dt-pswp-item\" href=\"https:\/\/www.radiopiu.net\/wordpress\/wp-content\/uploads\/2023\/09\/594b8f93-ecf8-458e-a177-be693358dd1a.jpg\" data-dt-img-description=\"\" data-large_image_width=\"1024\" data-large_image_height=\"768\"><img loading=\"lazy\" decoding=\"async\" class=\" wp-image-351757 alignleft\" src=\"https:\/\/www.radiopiu.net\/wordpress\/wp-content\/uploads\/2023\/09\/594b8f93-ecf8-458e-a177-be693358dd1a-300x225.jpg\" alt=\"\" width=\"249\" height=\"187\" srcset=\"https:\/\/www.radiopiu.net\/wordpress\/wp-content\/uploads\/2023\/09\/594b8f93-ecf8-458e-a177-be693358dd1a-300x225.jpg 300w, https:\/\/www.radiopiu.net\/wordpress\/wp-content\/uploads\/2023\/09\/594b8f93-ecf8-458e-a177-be693358dd1a-768x576.jpg 768w, https:\/\/www.radiopiu.net\/wordpress\/wp-content\/uploads\/2023\/09\/594b8f93-ecf8-458e-a177-be693358dd1a.jpg 1024w\" sizes=\"auto, (max-width: 249px) 100vw, 249px\" \/><\/a>Lilliana Torretti, 85 anni di Falcade, ha voluto scrivere a Radio Pi\u00f9 per esprimere un sentito ringraziamento agli operatori dell\u2019ospedale di Agordo. Il mese scorso, a seguito di una brutta caduta che le ha provocato la frattura del femore, Lilliana \u00e8 stata ricoverata e operata nel reparto di Ortopedia, dove ha ricevuto anche le prime cure riabilitative.<\/p>\n<p data-start=\"535\" data-end=\"934\">\u201cVoglio ringraziare pubblicamente tutti: dottori, infermieri, fisioterapisti e tutto il personale che mi ha aiutata \u2013 scrive Lilliana \u2013 facendomi sentire amata e supportata in un momento difficile. La loro competenza, professionalit\u00e0 e soprattutto umanit\u00e0 si \u00e8 manifestata nelle cure, nel trattamento e nei sorrisi rassicuranti, che mi hanno fatto sentire non solo paziente, ma quasi di famiglia\u201d.<\/p>\n<p data-start=\"936\" data-end=\"1211\">Lilliana spera che il suo messaggio arrivi non solo agli operatori sanitari, ma anche alle istituzioni che gestiscono e sostengono l\u2019ospedale, affinch\u00e9 questa realt\u00e0 continui a rappresentare un punto di eccellenza per la sanit\u00e0 bellunese e veneta anche negli anni a venire.<\/p>\n<p>&nbsp;<\/p>\n<p>&nbsp;<\/p>\n<hr \/>\n<p>&nbsp;<\/p>\n<blockquote>\n<h3>EXPORT TREVISO E BELLUNO IN LIEVE CALO NEL PRIMO SEMESTRE 2025<\/h3>\n<\/blockquote>\n<p><strong><a class=\"dt-pswp-item\" href=\"https:\/\/www.radiopiu.net\/wordpress\/wp-content\/uploads\/2024\/06\/CAMERA-COMMERCIO.jpg\" data-dt-img-description=\"\" data-large_image_width=\"1107\" data-large_image_height=\"1107\"><img loading=\"lazy\" decoding=\"async\" class=\" wp-image-394657 alignleft\" src=\"https:\/\/www.radiopiu.net\/wordpress\/wp-content\/uploads\/2024\/06\/CAMERA-COMMERCIO-300x300.jpg\" alt=\"\" width=\"143\" height=\"143\" srcset=\"https:\/\/www.radiopiu.net\/wordpress\/wp-content\/uploads\/2024\/06\/CAMERA-COMMERCIO-300x300.jpg 300w, https:\/\/www.radiopiu.net\/wordpress\/wp-content\/uploads\/2024\/06\/CAMERA-COMMERCIO-1024x1024.jpg 1024w, https:\/\/www.radiopiu.net\/wordpress\/wp-content\/uploads\/2024\/06\/CAMERA-COMMERCIO-150x150.jpg 150w, https:\/\/www.radiopiu.net\/wordpress\/wp-content\/uploads\/2024\/06\/CAMERA-COMMERCIO-768x768.jpg 768w, https:\/\/www.radiopiu.net\/wordpress\/wp-content\/uploads\/2024\/06\/CAMERA-COMMERCIO.jpg 1107w\" sizes=\"auto, (max-width: 143px) 100vw, 143px\" \/><\/a>TREVISO<\/strong> Nel primo semestre 2025 le esportazioni delle province di Treviso e Belluno registrano una lieve flessione: -2,0% per Treviso e -2,2% per Belluno. Il calo \u00e8 legato soprattutto all\u2019incertezza geopolitica e ai timori di dazi negli Stati Uniti, mercato strategico per entrambe le province (terzo per Treviso e primo per Belluno). Le vendite verso gli USA scendono del -4,4% per Treviso, penalizzando macchinari, mobili ed elettrodomestici, mentre crescono le bevande (+10,8%). A Belluno pesa invece la forte contrazione dell\u2019occhialeria (-41,4%). In controtendenza positiva l\u2019export di macchinari, che complessivamente tiene a Treviso (+0,6%) e cresce a Belluno (+9,1%). Segnali incoraggianti arrivano anche dalla Germania (+1,0% Treviso, +6,1% Belluno) e dal Messico. A livello nazionale l\u2019export cresce del +2,1%, mentre il Veneto segna un -1,3%, frenato da moda, mobili e siderurgia, ma sostenuto dall\u2019alimentare (+8,5%).<\/p>\n<p>&nbsp;<\/p>\n<p>&nbsp;<\/p>\n<hr \/>\n<p>&nbsp;<\/p>\n<blockquote>\n<h3>LA CGIL PROCLAMA SCIOPERO E PRESIDIO PER LA PACE A GAZA<\/h3>\n<\/blockquote>\n<p><strong><a class=\"dt-pswp-item\" href=\"https:\/\/www.radiopiu.net\/wordpress\/wp-content\/uploads\/2025\/09\/GAZA.jpg\" data-dt-img-description=\"\" data-large_image_width=\"902\" data-large_image_height=\"536\"><img loading=\"lazy\" decoding=\"async\" class=\" wp-image-470274 alignleft\" src=\"https:\/\/www.radiopiu.net\/wordpress\/wp-content\/uploads\/2025\/09\/GAZA-300x178.jpg\" alt=\"\" width=\"194\" height=\"115\" srcset=\"https:\/\/www.radiopiu.net\/wordpress\/wp-content\/uploads\/2025\/09\/GAZA-300x178.jpg 300w, https:\/\/www.radiopiu.net\/wordpress\/wp-content\/uploads\/2025\/09\/GAZA-768x456.jpg 768w, https:\/\/www.radiopiu.net\/wordpress\/wp-content\/uploads\/2025\/09\/GAZA.jpg 902w\" sizes=\"auto, (max-width: 194px) 100vw, 194px\" \/><\/a>BELLUNO <\/strong>La CGIL nazionale ha indetto una mobilitazione generale per venerd\u00ec 19 settembre, in segno di protesta contro la nuova offensiva militare israeliana a Gaza. In questo quadro, la CGIL di Belluno proclama quattro ore di sciopero a fine turno, rivolte al settore privato. L\u2019organizzazione ribadisce la necessit\u00e0 di fermare immediatamente le operazioni militari, aprire corridoi umanitari, proteggere la popolazione civile e garantire la sicurezza delle missioni umanitarie, tra cui la Global Sumud Flotilla. Tra le richieste figurano la sospensione degli accordi di cooperazione con Israele finch\u00e9 non cessino la guerra a Gaza e l\u2019occupazione della Cisgiordania, la rimozione dell\u2019embargo e il riconoscimento dello Stato di Palestina. La CGIL sollecita governi e istituzioni internazionali a promuovere una conferenza di pace sotto l\u2019egida Onu. A Belluno, l\u2019appello alla mobilitazione coinvolge lavoratori, studenti e cittadini, con un presidio davanti alla Prefettura, in piazza Duomo, alle 17.30, cui hanno gi\u00e0 aderito numerose associazioni e partiti.<\/p>\n<p>&nbsp;<\/p>\n<p>&nbsp;<\/p>\n<hr \/>\n<p>&nbsp;<\/p>\n<blockquote>\n<h3>NUOVE ISOLE ECOLOGICHE INTERRATE A FELTRE<\/h3>\n<\/blockquote>\n<p><strong><a class=\"dt-pswp-item\" href=\"https:\/\/www.radiopiu.net\/wordpress\/wp-content\/uploads\/2024\/06\/Feltre-Belluno-1024x576-1.jpg\" data-dt-img-description=\"\" data-large_image_width=\"1024\" data-large_image_height=\"576\"><img loading=\"lazy\" decoding=\"async\" class=\" wp-image-394880 alignleft\" src=\"https:\/\/www.radiopiu.net\/wordpress\/wp-content\/uploads\/2024\/06\/Feltre-Belluno-1024x576-1-300x169.jpg\" alt=\"\" width=\"192\" height=\"108\" srcset=\"https:\/\/www.radiopiu.net\/wordpress\/wp-content\/uploads\/2024\/06\/Feltre-Belluno-1024x576-1-300x169.jpg 300w, https:\/\/www.radiopiu.net\/wordpress\/wp-content\/uploads\/2024\/06\/Feltre-Belluno-1024x576-1-768x432.jpg 768w, https:\/\/www.radiopiu.net\/wordpress\/wp-content\/uploads\/2024\/06\/Feltre-Belluno-1024x576-1.jpg 1024w\" sizes=\"auto, (max-width: 192px) 100vw, 192px\" \/><\/a>FELTRE <\/strong>Si \u00e8 concluso a Feltre il progetto PNRR per la realizzazione di sette nuove isole ecologiche interrate e la sostituzione delle calotte dei contenitori dell\u2019indifferenziato, completato nel 2023. Nonostante difficolt\u00e0 come l\u2019aumento dei costi e la necessit\u00e0 di riprogettare alcuni siti, l\u2019Amministrazione Fusaro ha portato a termine l\u2019opera con un impegno significativo degli uffici comunali, integrando i fondi PNRR con risorse comunali. Il nuovo sistema, pi\u00f9 capiente ed esteticamente curato, elimina le chiavette verdi sostituendole con card magnetiche, semplificando il conferimento e migliorando la gestione della tariffa. L\u2019intervento rappresenta un passo concreto verso una citt\u00e0 pi\u00f9 ordinata, sostenibile ed efficiente.<\/p>\n<p>&nbsp;<\/p>\n<p>&nbsp;<\/p>\n<hr \/>\n<p>&nbsp;<\/p>\n<blockquote>\n<h3>SBARCA A FELTRE \u201cSPORT IN PIAZZA\u201d: QUARANTA ASSOCIAZIONI PRONTE A COINVOLGERE I PI\u00d9 PICCOLI<\/h3>\n<\/blockquote>\n<p><strong><a class=\"dt-pswp-item\" href=\"https:\/\/www.radiopiu.net\/wordpress\/wp-content\/uploads\/2025\/09\/f425079e-3a4e-4698-be7c-ce5930923154-scaled.jpg\" data-dt-img-description=\"\" data-large_image_width=\"2560\" data-large_image_height=\"1920\"><img loading=\"lazy\" decoding=\"async\" class=\" wp-image-470281 alignleft\" src=\"https:\/\/www.radiopiu.net\/wordpress\/wp-content\/uploads\/2025\/09\/f425079e-3a4e-4698-be7c-ce5930923154-300x225.jpg\" alt=\"\" width=\"181\" height=\"136\" srcset=\"https:\/\/www.radiopiu.net\/wordpress\/wp-content\/uploads\/2025\/09\/f425079e-3a4e-4698-be7c-ce5930923154-300x225.jpg 300w, https:\/\/www.radiopiu.net\/wordpress\/wp-content\/uploads\/2025\/09\/f425079e-3a4e-4698-be7c-ce5930923154-1024x768.jpg 1024w, https:\/\/www.radiopiu.net\/wordpress\/wp-content\/uploads\/2025\/09\/f425079e-3a4e-4698-be7c-ce5930923154-768x576.jpg 768w, https:\/\/www.radiopiu.net\/wordpress\/wp-content\/uploads\/2025\/09\/f425079e-3a4e-4698-be7c-ce5930923154-1536x1152.jpg 1536w, https:\/\/www.radiopiu.net\/wordpress\/wp-content\/uploads\/2025\/09\/f425079e-3a4e-4698-be7c-ce5930923154-2048x1536.jpg 2048w\" sizes=\"auto, (max-width: 181px) 100vw, 181px\" \/><\/a>FELTRE<\/strong> Sbarca sabato anche a Feltre \u201cSport in piazza\u201d: una quarantina le associazioni che invaderanno la citt\u00e0 per mostrare ai pi\u00f9 piccoli le diverse attivit\u00e0 sportive.<\/p>\n<p><strong>DI DANIELE DALVIT<\/strong><\/p>\n<audio class=\"wp-audio-shortcode\" id=\"audio-470175-9\" preload=\"none\" style=\"width: 100%;\" controls=\"controls\"><source type=\"audio\/mpeg\" src=\"https:\/\/www.radiopiu.net\/wordpress\/wp-content\/uploads\/2025\/09\/Servizio-Sport-in-piazza-Feltre-2025.mp3?_=9\" \/><a href=\"https:\/\/www.radiopiu.net\/wordpress\/wp-content\/uploads\/2025\/09\/Servizio-Sport-in-piazza-Feltre-2025.mp3\">https:\/\/www.radiopiu.net\/wordpress\/wp-content\/uploads\/2025\/09\/Servizio-Sport-in-piazza-Feltre-2025.mp3<\/a><\/audio>\n<p>&nbsp;<\/p>\n<hr \/>\n<p>&nbsp;<\/p>\n<blockquote>\n<h3><strong data-start=\"0\" data-end=\"73\">SPORT IN PIAZZA 2025: LA FESTA DELLO SPORT PER TUTTE LE ET\u00c0 A BELLUNO<\/strong><\/h3>\n<\/blockquote>\n<p><strong><a class=\"dt-pswp-item\" href=\"https:\/\/www.radiopiu.net\/wordpress\/wp-content\/uploads\/2023\/05\/FONTANA-PIAZZA-MARTIRI-scaled.jpeg\" data-dt-img-description=\"\" data-large_image_width=\"2560\" data-large_image_height=\"1547\"><img loading=\"lazy\" decoding=\"async\" class=\" wp-image-335259 alignleft\" src=\"https:\/\/www.radiopiu.net\/wordpress\/wp-content\/uploads\/2023\/05\/FONTANA-PIAZZA-MARTIRI-300x181.jpeg\" alt=\"\" width=\"187\" height=\"113\" srcset=\"https:\/\/www.radiopiu.net\/wordpress\/wp-content\/uploads\/2023\/05\/FONTANA-PIAZZA-MARTIRI-300x181.jpeg 300w, https:\/\/www.radiopiu.net\/wordpress\/wp-content\/uploads\/2023\/05\/FONTANA-PIAZZA-MARTIRI-1024x619.jpeg 1024w, https:\/\/www.radiopiu.net\/wordpress\/wp-content\/uploads\/2023\/05\/FONTANA-PIAZZA-MARTIRI-768x464.jpeg 768w, https:\/\/www.radiopiu.net\/wordpress\/wp-content\/uploads\/2023\/05\/FONTANA-PIAZZA-MARTIRI-1536x928.jpeg 1536w, https:\/\/www.radiopiu.net\/wordpress\/wp-content\/uploads\/2023\/05\/FONTANA-PIAZZA-MARTIRI-2048x1238.jpeg 2048w\" sizes=\"auto, (max-width: 187px) 100vw, 187px\" \/><\/a>BELLUNO <\/strong>Sabato torna a Belluno \u201cSport in piazza\u201d, storica manifestazione dedicata alla promozione dell\u2019attivit\u00e0 fisica e al coinvolgimento delle associazioni sportive locali. L\u2019edizione 2025 presenta novit\u00e0 importanti: pi\u00f9 postazioni, un\u2019area estesa in Piazza Duomo e il percorso attrezzato nel cortile della Polizia locale per educazione alla sicurezza stradale. Per la prima volta, la manifestazione include l\u2019edizione \u201cSenior\u201d, con 12 discipline dedicate agli adulti, sottolineando che lo sport non ha et\u00e0. La Festa dello Sport del CONI sar\u00e0 ospitata all\u2019interno dell\u2019evento, con un convegno sul ruolo della mente nello sport. Tra piazza Duomo, piazza dei Martiri e Parco Citt\u00e0 di Bologna saranno attive 36 postazioni dalle 9:00 alle 13:00 e dalle 15:00 alle 17:30.<\/p>\n<p>&nbsp;<\/p>\n<hr \/>\n<p>&nbsp;<\/p>\n<h1 class=\"_title post-title entry-title\">ALPAGO | TURISMO IN ALPAGO, IL BILANCIO DI UNA STAGIONE<\/h1>\n<p>Intervistati ALPERTO PETERLE (SINDACO ALPAGO) (Servizio di\u00a0<a href=\"https:\/\/antennatre.medianordest.it\/redazione\/Fabio-Fioravanzi\/\">Fabio Fioravanzi<\/a>)<\/p>\n<p><iframe loading=\"lazy\" title=\"TURISMO IN ALPAGO, IL BILANCIO DI UNA STAGIONE | 17\/09\/2025\" width=\"1200\" height=\"675\" src=\"https:\/\/www.youtube.com\/embed\/itCicwE5QGE?feature=oembed\" frameborder=\"0\" allow=\"accelerometer; autoplay; clipboard-write; encrypted-media; gyroscope; picture-in-picture; web-share\" referrerpolicy=\"strict-origin-when-cross-origin\" allowfullscreen><\/iframe><\/p>\n<hr \/>\n<p>&nbsp;<\/p>\n<h1><span style=\"color: #ff0000;\">CONSIGLI COMUNALI IN AGORDINO<\/span><\/h1>\n<p><strong>TAIBON<\/strong> Il sindaco di Taibon Silvia Tormen ha convocato il consiglio comunale per domani alle 18. Due punti in discussione: l&#8217;approvazione del rendiconto di gestione esercizio finanziario 2024 e l&#8217;acquisizione gratuita al patrimonio di Taibon di 5 aree<\/p>\n<p>&nbsp;<\/p>\n<hr \/>\n<p>&nbsp;<\/p>\n<blockquote>\n<p data-start=\"54\" data-end=\"149\"><strong data-start=\"54\" data-end=\"147\"><a class=\"dt-pswp-item\" href=\"https:\/\/www.radiopiu.net\/wordpress\/wp-content\/uploads\/2025\/09\/Locandina-evento-VALBELLUNA-IN-BICI.jpg\" data-dt-img-description=\"\" data-large_image_width=\"1448\" data-large_image_height=\"2048\"><img loading=\"lazy\" decoding=\"async\" class=\" wp-image-470260 alignleft\" src=\"https:\/\/www.radiopiu.net\/wordpress\/wp-content\/uploads\/2025\/09\/Locandina-evento-VALBELLUNA-IN-BICI-212x300.jpg\" alt=\"\" width=\"178\" height=\"252\" srcset=\"https:\/\/www.radiopiu.net\/wordpress\/wp-content\/uploads\/2025\/09\/Locandina-evento-VALBELLUNA-IN-BICI-212x300.jpg 212w, https:\/\/www.radiopiu.net\/wordpress\/wp-content\/uploads\/2025\/09\/Locandina-evento-VALBELLUNA-IN-BICI-724x1024.jpg 724w, https:\/\/www.radiopiu.net\/wordpress\/wp-content\/uploads\/2025\/09\/Locandina-evento-VALBELLUNA-IN-BICI-768x1086.jpg 768w, https:\/\/www.radiopiu.net\/wordpress\/wp-content\/uploads\/2025\/09\/Locandina-evento-VALBELLUNA-IN-BICI-1086x1536.jpg 1086w, https:\/\/www.radiopiu.net\/wordpress\/wp-content\/uploads\/2025\/09\/Locandina-evento-VALBELLUNA-IN-BICI.jpg 1448w\" sizes=\"auto, (max-width: 178px) 100vw, 178px\" \/><\/a>\u201cVALBELLUNA IN BICI: DOMENICA LA PRIMA BICISTAFFETTA TRA SCUOLE, COMUNIT\u00c0 E CICLOTURISTI\u201d<\/strong><\/p>\n<p data-start=\"151\" data-end=\"249\" data-is-last-node=\"\" data-is-only-node=\"\">\n<\/blockquote>\n<p data-start=\"142\" data-end=\"538\"><strong>DOMENICA 21 SETTEMBRE<\/strong> la Valbelluna ospita la prima edizione di \u201cVALBELLUNA IN BICI\u201d, una giornata dedicata alla mobilit\u00e0 sostenibile nell\u2019ambito della Settimana Europea della Mobilit\u00e0. La manifestazione, promossa dal Consorzio BIM Piave-Belluno con enti e Comuni del territorio, unir\u00e0 scuole, comunit\u00e0 e cicloturisti lungo l\u2019anello ciclabile che attraversa la valle tra Prealpi e Dolomiti. DUE PERCORSI: gli 80 CHILOMETRI per i cicloturisti adulti e la BICISTAFFETTA PER STUDENTI. Il testimone della bicistaffetta, custodisce una riproduzione del quadro Stormo di ciclisti dell\u2019artista Fabrizia Maioni. A ogni tappa sar\u00e0 firmato dai Sindaci dei Comuni attraversati, in un gesto che non rappresenta soltanto un tocco di colore e partecipazione simbolica all\u2019evento, ma diventa anche un segno concreto di benvenuto RITROVO ALLE 8 a Belluno Piazza dei Martiri e Feltre Piazza Isola, partenze scaglionate dalle 8.30: prima i cicloturisti, poi i giovani. ARRIVO PREVISTO intorno alle 13.30, con ristori e momenti di festa in entrambe le citt\u00e0.<\/p>\n<p>&nbsp;<\/p>\n<p>&nbsp;<\/p>\n<hr \/>\n<p>&nbsp;<\/p>\n<blockquote>\n<h3><a class=\"dt-pswp-item\" href=\"https:\/\/www.radiopiu.net\/wordpress\/wp-content\/uploads\/2025\/09\/KJGSHAGNQ.jpg\" data-dt-img-description=\"\" data-large_image_width=\"908\" data-large_image_height=\"735\"><img loading=\"lazy\" decoding=\"async\" class=\" wp-image-469959 alignleft\" src=\"https:\/\/www.radiopiu.net\/wordpress\/wp-content\/uploads\/2025\/09\/KJGSHAGNQ-300x243.jpg\" alt=\"\" width=\"141\" height=\"114\" srcset=\"https:\/\/www.radiopiu.net\/wordpress\/wp-content\/uploads\/2025\/09\/KJGSHAGNQ-300x243.jpg 300w, https:\/\/www.radiopiu.net\/wordpress\/wp-content\/uploads\/2025\/09\/KJGSHAGNQ-768x622.jpg 768w, https:\/\/www.radiopiu.net\/wordpress\/wp-content\/uploads\/2025\/09\/KJGSHAGNQ.jpg 908w\" sizes=\"auto, (max-width: 141px) 100vw, 141px\" \/><\/a>I GIOVED\u00cc DELLA SALUTE: INCONTRO SULLA FRATTURA DEL FEMORE NELL\u2019ANZIANO<\/h3>\n<\/blockquote>\n<p><strong>BELLUNO <\/strong>Riprendono a Belluno gli incontri \u201cI Gioved\u00ec della Salute\u201d promossi dall\u2019Ulss Dolomiti. Oggi alle 17.30, nella sala convegni dell\u2019Ospedale di Belluno, si terr\u00e0 l\u2019incontro \u201cLa frattura del femore nell\u2019anziano: dal ricovero ospedaliero alla dimissione\u201d. Interverranno i professionisti Laura Bloccari, Pietro Di Palma e Giacomo Pinti, che illustreranno il percorso riabilitativo post-operatorio e le strategie per ridurre il rischio di caduta.<\/p>\n<p>&nbsp;<\/p>\n<p>&nbsp;<\/p>\n<hr \/>\n<p>&nbsp;<\/p>\n<p>&nbsp;<\/p>\n<blockquote>\n<p data-start=\"0\" data-end=\"43\"><strong data-start=\"0\" data-end=\"41\"><a class=\"dt-pswp-item\" href=\"https:\/\/www.radiopiu.net\/wordpress\/wp-content\/uploads\/2025\/09\/Enzo-Restagno.jpg\" data-dt-img-description=\"\" data-large_image_width=\"1000\" data-large_image_height=\"667\"><img loading=\"lazy\" decoding=\"async\" class=\"size-medium wp-image-470060 alignleft\" src=\"https:\/\/www.radiopiu.net\/wordpress\/wp-content\/uploads\/2025\/09\/Enzo-Restagno-300x200.jpg\" alt=\"\" width=\"300\" height=\"200\" srcset=\"https:\/\/www.radiopiu.net\/wordpress\/wp-content\/uploads\/2025\/09\/Enzo-Restagno-300x200.jpg 300w, https:\/\/www.radiopiu.net\/wordpress\/wp-content\/uploads\/2025\/09\/Enzo-Restagno-768x512.jpg 768w, https:\/\/www.radiopiu.net\/wordpress\/wp-content\/uploads\/2025\/09\/Enzo-Restagno.jpg 1000w\" sizes=\"auto, (max-width: 300px) 100vw, 300px\" \/><\/a> <\/strong><\/p>\n<p data-start=\"0\" data-end=\"43\"><strong data-start=\"0\" data-end=\"41\">\u00a0<\/strong><\/p>\n<p data-start=\"0\" data-end=\"43\"><strong data-start=\"0\" data-end=\"41\">ENZO RESTAGNO SVELA LA MAGIA DI RAVEL<\/strong><\/p>\n<\/blockquote>\n<p data-start=\"45\" data-end=\"381\" data-is-last-node=\"\" data-is-only-node=\"\">Venerd\u00ec 19 settembre alle 18, in Sala Bianchi a Belluno, il Circolo Culturale Bellunese ospita il prof. Enzo Restagno per la conferenza <em data-start=\"181\" data-end=\"216\">\u201cAl pianoforte con Maurice Ravel\u201d<\/em>. Un incontro di grande prestigio, che anticipa il concerto del pianista Axel Trolese del 24 settembre a Palazzo Crepadona. Ingresso libero fino a esaurimento posti.<\/p>\n<p>&nbsp;<\/p>\n<p>&nbsp;<\/p>\n<p>&nbsp;<\/p>\n<hr \/>\n<p>&nbsp;<\/p>\n<blockquote>\n<h3>SPETTACOLO \u201cLE NOZE TRIBOLADE\u201d A FELTRE PER SOSTENERE IL PROGETTO DRIVE ABILITY<\/h3>\n<\/blockquote>\n<p><strong><a class=\"dt-pswp-item\" href=\"https:\/\/www.radiopiu.net\/wordpress\/wp-content\/uploads\/2025\/09\/4a112410-f06c-4518-ae43-98bf564684f3.jpg\" data-dt-img-description=\"\" data-large_image_width=\"905\" data-large_image_height=\"1280\"><img loading=\"lazy\" decoding=\"async\" class=\" wp-image-470111 alignleft\" src=\"https:\/\/www.radiopiu.net\/wordpress\/wp-content\/uploads\/2025\/09\/4a112410-f06c-4518-ae43-98bf564684f3-212x300.jpg\" alt=\"\" width=\"102\" height=\"144\" srcset=\"https:\/\/www.radiopiu.net\/wordpress\/wp-content\/uploads\/2025\/09\/4a112410-f06c-4518-ae43-98bf564684f3-212x300.jpg 212w, https:\/\/www.radiopiu.net\/wordpress\/wp-content\/uploads\/2025\/09\/4a112410-f06c-4518-ae43-98bf564684f3-724x1024.jpg 724w, https:\/\/www.radiopiu.net\/wordpress\/wp-content\/uploads\/2025\/09\/4a112410-f06c-4518-ae43-98bf564684f3-768x1086.jpg 768w, https:\/\/www.radiopiu.net\/wordpress\/wp-content\/uploads\/2025\/09\/4a112410-f06c-4518-ae43-98bf564684f3.jpg 905w\" sizes=\"auto, (max-width: 102px) 100vw, 102px\" \/><\/a>DI LUISA ALCHINI<\/strong><\/p>\n<p><strong>FELTRE<\/strong> Sabato 20 settembre 2025, con inizio alle ore 20.30, presso l&#8217;Auditorium Canossiano di Feltre, Joint &amp; Welding Srl e Fondazione Insieme Per Lorenzo Ets presentano lo spettacolo &#8220;LE NOZE TRIBOLADE&#8221; &#8211; Tragedia poc seria in dialeto nostran&#8221; con la compagnia teatrale dell\u2019associazione culturale Gli Anfibi Spaiati di Santa Giustina da sempre impegnata anche nel sociale, in particolare nelle raccolte fondi. In questo caso Il ricavato dell&#8217;evento sar\u00e0 destinato al progetto Drive Ability promosso dalla Fondazione per l&#8217;acquisto di un simulatore di guida che consente di conseguire la patente da parte delle persone affette da para e tetraplegia.<\/p>\n<p><strong>AUDIO<\/strong><\/p>\n<audio class=\"wp-audio-shortcode\" id=\"audio-470175-10\" preload=\"none\" style=\"width: 100%;\" controls=\"controls\"><source type=\"audio\/mpeg\" src=\"https:\/\/www.radiopiu.net\/wordpress\/wp-content\/uploads\/2025\/09\/spettacolo-raccolta-fondi-Canossiano.mp3?_=10\" \/><a href=\"https:\/\/www.radiopiu.net\/wordpress\/wp-content\/uploads\/2025\/09\/spettacolo-raccolta-fondi-Canossiano.mp3\">https:\/\/www.radiopiu.net\/wordpress\/wp-content\/uploads\/2025\/09\/spettacolo-raccolta-fondi-Canossiano.mp3<\/a><\/audio>\n<p>&nbsp;<\/p>\n<hr \/>\n<p>&nbsp;<\/p>\n<blockquote>\n<h3 data-start=\"0\" data-end=\"40\">IL VENETO LEGGE FA TAPPA A BELLUNO<\/h3>\n<\/blockquote>\n<p data-start=\"42\" data-end=\"478\" data-is-last-node=\"\" data-is-only-node=\"\"><strong>CESIOMAGGIORE<\/strong> Sabato 20 settembre, al Museo Etnografico Dolomiti, la Maratona di Lettura <em data-start=\"117\" data-end=\"134\">Il Veneto Legge<\/em> propone un pomeriggio speciale dedicato alla neve. Alle 15 laboratorio creativo \u201cCome la neve\u201d con Il Portolano; alle 17 incontro con Alberto Grandi e Sara Luchetta sul libro <em data-start=\"312\" data-end=\"367\">L\u2019incredibile storia della neve e della sua scomparsa<\/em>. Con una dimostrazione pratica di gelato artigianale dei gelatieri della ValZoldana.<\/p>\n<p>&nbsp;<\/p>\n<hr \/>\n<p>&nbsp;<\/p>\n<blockquote>\n<h3 data-start=\"0\" data-end=\"43\">ORTI IN PIAZZA E PALIO DELLE FRAZIONI<\/h3>\n<\/blockquote>\n<p data-start=\"45\" data-end=\"391\"><strong>BELLUNO<\/strong> Due weekend da non perdere nel Castionese: sabato 20 e domenica 21 settembre la 10\u00aa edizione di <em data-start=\"141\" data-end=\"157\">Orti in Piazza<\/em> trasforma frazioni e borghi in una festa della terra con mercatini, laboratori, degustazioni e musica dal vivo. Servizio navetta gratuito. Sabato 27 settembre \u00e8 la volta della 9\u00aa edizione del <em data-start=\"446\" data-end=\"468\">Palio delle Frazioni<\/em> all\u2019Anello di Modolo, con staffette competitive per adulti e il Mini Palio riservato agli U14. Informazioni e iscrizioni su <a class=\"decorated-link\" href=\"http:\/\/www.castion-belluno.it\" target=\"_new\" rel=\"noopener\" data-start=\"593\" data-end=\"615\">www.castion-belluno.it<\/a><\/p>\n<p>&nbsp;<\/p>\n<hr \/>\n<p>&nbsp;<\/p>\n<blockquote>\n<h2>AGORDO CELEBRA FEDELE RAGGI: CONVEGNO E RESTAURO DELLE SCULTURE BAROCCHE DI VILLA CROTTA<\/h2>\n<\/blockquote>\n<blockquote><p><em>L\u2019identit\u00e0 culturale agordina rivive attraverso il restauro e la memoria storica<\/em><\/p><\/blockquote>\n<p><strong>AGORDO<\/strong><\/p>\n<p><strong>DI GIANNI SANTOMASO<\/strong><\/p>\n<audio class=\"wp-audio-shortcode\" id=\"audio-470175-11\" preload=\"none\" style=\"width: 100%;\" controls=\"controls\"><source type=\"audio\/mpeg\" src=\"https:\/\/www.radiopiu.net\/wordpress\/wp-content\/uploads\/2025\/09\/GIANNI-VILLA-CROTTA-MANZONI.mp3?_=11\" \/><a href=\"https:\/\/www.radiopiu.net\/wordpress\/wp-content\/uploads\/2025\/09\/GIANNI-VILLA-CROTTA-MANZONI.mp3\">https:\/\/www.radiopiu.net\/wordpress\/wp-content\/uploads\/2025\/09\/GIANNI-VILLA-CROTTA-MANZONI.mp3<\/a><\/audio>\n<p>&nbsp;<\/p>\n<p><img loading=\"lazy\" decoding=\"async\" class=\"alignleft\" src=\"https:\/\/www.radiopiu.net\/wordpress\/wp-content\/uploads\/2025\/09\/Screenshot-2025-09-11-102734.png\" width=\"295\" height=\"185\" \/>Sabato 20 settembre, alle\u00a0 10, la Sala Convegni di Agordo ospiter\u00e0 l\u2019incontro \u201cDa Villa Crotta de\u2019 Manzoni ai palazzi della Moravia: le sculture barocche di Fedele Raggi\u201d. L\u2019evento, promosso dal Comune di Agordo, rappresenta un\u2019occasione preziosa per approfondire la figura e l\u2019opera di Fedele Raggi, scultore barocco di rilievo, autore di numerose opere che impreziosiscono ville e palazzi tra Veneto e Mitteleuropa. I relatori ripercorreranno il contesto storico-artistico in cui si svilupp\u00f2 la sua attivit\u00e0, sottolineando l\u2019importanza di Agordo e delle Dolomiti come crocevia <a class=\"dt-pswp-item\" href=\"https:\/\/www.radiopiu.net\/wordpress\/wp-content\/uploads\/2024\/12\/ROBERTO-CHISSALE.png\" data-dt-img-description=\"\" data-large_image_width=\"593\" data-large_image_height=\"386\"><img loading=\"lazy\" decoding=\"async\" class=\" wp-image-427282 alignright\" src=\"https:\/\/www.radiopiu.net\/wordpress\/wp-content\/uploads\/2024\/12\/ROBERTO-CHISSALE-300x195.png\" alt=\"\" width=\"211\" height=\"137\" srcset=\"https:\/\/www.radiopiu.net\/wordpress\/wp-content\/uploads\/2024\/12\/ROBERTO-CHISSALE-300x195.png 300w, https:\/\/www.radiopiu.net\/wordpress\/wp-content\/uploads\/2024\/12\/ROBERTO-CHISSALE.png 593w\" sizes=\"auto, (max-width: 211px) 100vw, 211px\" \/><\/a>culturale. Al termine del convegno si terr\u00e0 l\u2019attesa inaugurazione del restauro del gruppo scultoreo di Villa Crotta de\u2019 Manzoni, uno dei pi\u00f9 significativi esempi di arte barocca nel territorio. Il lavoro di recupero ha restituito nuova vita a un patrimonio di grande pregio, testimone della storia e della sensibilit\u00e0 artistica locale. <em>\u201c\u00c8 con soddisfazione \u2013 ha dichiarato il sindaco Roberto Chissal\u00e9 \u2013 che invito la cittadinanza e gli appassionati a prendere parte a questo momento di cultura e valorizzazione del nostro patrimonio. Le sculture di Villa Crotta non sono solo un bene artistico, ma un simbolo della nostra identit\u00e0 e della nostra memoria storica\u201d. <\/em>Il convegno e l\u2019inaugurazione sono aperti al pubblico. L\u2019iniziativa si avvale del sostegno di studiosi, restauratori, associazioni culturali e istituzioni che da anni lavorano per la tutela e la promozione dell\u2019arte e della storia agordine. Un\u2019occasione, dunque, per conoscere da vicino un artista e un\u2019epoca che hanno lasciato tracce indelebili nel paesaggio culturale europeo e per celebrare la rinascita di un bene prezioso del patrimonio locale.<\/p>\n<p>&nbsp;<\/p>\n<hr \/>\n<p>&nbsp;<\/p>\n<blockquote><p><img loading=\"lazy\" decoding=\"async\" class=\" wp-image-469498 alignleft\" src=\"https:\/\/www.radiopiu.net\/wordpress\/wp-content\/uploads\/2025\/09\/a20c4d2c-94d1-4b9c-a0f6-2209a67ed2f0-212x300.jpg\" alt=\"\" width=\"137\" height=\"194\" srcset=\"https:\/\/www.radiopiu.net\/wordpress\/wp-content\/uploads\/2025\/09\/a20c4d2c-94d1-4b9c-a0f6-2209a67ed2f0-212x300.jpg 212w, https:\/\/www.radiopiu.net\/wordpress\/wp-content\/uploads\/2025\/09\/a20c4d2c-94d1-4b9c-a0f6-2209a67ed2f0-724x1024.jpg 724w, https:\/\/www.radiopiu.net\/wordpress\/wp-content\/uploads\/2025\/09\/a20c4d2c-94d1-4b9c-a0f6-2209a67ed2f0-768x1086.jpg 768w, https:\/\/www.radiopiu.net\/wordpress\/wp-content\/uploads\/2025\/09\/a20c4d2c-94d1-4b9c-a0f6-2209a67ed2f0.jpg 1075w\" sizes=\"auto, (max-width: 137px) 100vw, 137px\" \/><\/p>\n<h3 data-start=\"59\" data-end=\"117\"><strong data-start=\"59\" data-end=\"115\">\u201cRITORNO AD AGORDO \u2013 78\u00aa COMPAGNIA I LUPI DI AGORDO\u201d<\/strong><\/h3>\n<\/blockquote>\n<p>Agordo si prepara a due giornate speciali dedicate alla memoria e alla storia della Caserma XXII Marzo 1848, con l\u2019evento \u201cRitorno ad Agordo \u2013 78\u00aa Compagnia I Lupi di Agordo\u201d, in programma sabato 20 e domenica 21 settembre. Sabato 20, alle 20 in Sala Don Tamis, si terr\u00e0 la conferenza <strong data-start=\"407\" data-end=\"436\">\u201cAgordo e la sua Caserma\u201d<\/strong>, con storie, vicende, aneddoti e curiosit\u00e0. Interverranno Roberto Mezzacasa, Antonio Zanetti e Gino Sorio, con le letture di Loris Santomaso e l\u2019accompagnamento del Coro Ana \u201cAdunata\u201d. Domenica 21 settembre, alle 9, ritrovo nella sede del Gruppo Alpini di Agordo per l\u2019omaggio ai Caduti, seguito dalla Messa. Alle 12.30 \u00e8 previsto il <strong data-start=\"774\" data-end=\"810\">rancio alpino al Bar Bocciodromo<\/strong>, un momento di convivialit\u00e0 per celebrare storia, memoria e comunit\u00e0, con gli Alpini protagonisti. Per informazioni: <strong data-start=\"931\" data-end=\"975\">Ufficio Turistico di Agordo \u2013 0437 62105<\/strong>.<\/p>\n<p><strong>DI GIANNI SANTOMASO<\/strong><\/p>\n<audio class=\"wp-audio-shortcode\" id=\"audio-470175-12\" preload=\"none\" style=\"width: 100%;\" controls=\"controls\"><source type=\"audio\/mpeg\" src=\"https:\/\/www.radiopiu.net\/wordpress\/wp-content\/uploads\/2025\/09\/GIANNI-LUPI-DI-AGORDO.mp3?_=12\" \/><a href=\"https:\/\/www.radiopiu.net\/wordpress\/wp-content\/uploads\/2025\/09\/GIANNI-LUPI-DI-AGORDO.mp3\">https:\/\/www.radiopiu.net\/wordpress\/wp-content\/uploads\/2025\/09\/GIANNI-LUPI-DI-AGORDO.mp3<\/a><\/audio>\n<p>&nbsp;<\/p>\n<hr \/>\n<p>&nbsp;<\/p>\n<blockquote>\n<h3 data-start=\"43\" data-end=\"129\"><strong data-start=\"43\" data-end=\"127\">\u201c100 SOLLEDER LETTENBAUER\u201d, DOCUMENTARIO PER I CENT\u2019ANNI DELLA VIA SULLA CIVETTA<\/strong><\/h3>\n<p data-start=\"131\" data-end=\"374\"><em>Il 7 agosto del 1925 Emil Solleder e Gustav Lettenbauer realizzarono, sulla parete nord-ovest della Civetta, quella via che \u00e8 passata alla storia come l\u2019inizio ufficiale dell\u2019epopea del VI grado.<\/em><\/p>\n<\/blockquote>\n<p data-start=\"131\" data-end=\"374\"><strong><a class=\"dt-pswp-item\" href=\"https:\/\/www.radiopiu.net\/wordpress\/wp-content\/uploads\/2025\/09\/FigureCivetta-Solleder_Lettenbauer.jpg\" data-dt-img-description=\"\" data-large_image_width=\"500\" data-large_image_height=\"384\"><img loading=\"lazy\" decoding=\"async\" class=\" wp-image-468270 alignleft\" src=\"https:\/\/www.radiopiu.net\/wordpress\/wp-content\/uploads\/2025\/09\/FigureCivetta-Solleder_Lettenbauer-300x230.jpg\" alt=\"\" width=\"198\" height=\"152\" srcset=\"https:\/\/www.radiopiu.net\/wordpress\/wp-content\/uploads\/2025\/09\/FigureCivetta-Solleder_Lettenbauer-300x230.jpg 300w, https:\/\/www.radiopiu.net\/wordpress\/wp-content\/uploads\/2025\/09\/FigureCivetta-Solleder_Lettenbauer.jpg 500w\" sizes=\"auto, (max-width: 198px) 100vw, 198px\" \/><\/a>ALLEGHE<\/strong> Sar\u00e0 presentato sabato 27 settembre alle 20.30 nella palestra comunale di Caprile il documentario <em data-start=\"233\" data-end=\"259\">100 Solleder Lettenbauer<\/em>, dedicato ai cent\u2019anni della storica via sulla Nord-Ovest della Civetta, realizzato con il sostegno del Cai.<\/p>\n<p data-start=\"376\" data-end=\"551\">La proiezione concluder\u00e0 una giornata di eventi: al mattino un incontro con il Soccorso Alpino e al pomeriggio le testimonianze di alpinisti sulla \u201cParete delle Pareti\u201d.<\/p>\n<p data-start=\"553\" data-end=\"813\">Il progetto \u00e8 nato da un\u2019idea di Valter Bellenzier con i rifugisti De Zordo e De Bona, ed \u00e8 stato sviluppato da Alessandro Ba\u00f9, Alessandro Beber ed Emanuele Confortin, che con una cordata di sei alpinisti ha ripetuto la via per realizzare le riprese.<\/p>\n<p data-start=\"815\" data-end=\"1033\">Oltre alle immagini attuali, il documentario raccoglie materiali d\u2019archivio, testimonianze e contributi di grandi protagonisti della Civetta, con il montaggio firmato da Confortin insieme a un team di professionisti.<\/p>\n<p>FOTO\u00a0 gognablog.sherpa-gate.com<\/p>\n<p>&nbsp;<\/p>\n<hr \/>\n<p>&nbsp;<\/p>\n<blockquote>\n<h1>AL DOLOMITI BEER &amp; WINE SHOP DI FELTRE OGGI LA DEGUSTAZIONE DI VINI DELL&#8217;ALSAZIA<\/h1>\n<\/blockquote>\n<p>&nbsp;<\/p>\n<p><strong><a class=\"dt-pswp-item\" href=\"https:\/\/www.radiopiu.net\/wordpress\/wp-content\/uploads\/2025\/09\/18-SETTEMBRE.jpg\" data-dt-img-description=\"\" data-large_image_width=\"1080\" data-large_image_height=\"1080\"><img loading=\"lazy\" decoding=\"async\" class=\" wp-image-470140 alignleft\" src=\"https:\/\/www.radiopiu.net\/wordpress\/wp-content\/uploads\/2025\/09\/18-SETTEMBRE-300x300.jpg\" alt=\"\" width=\"154\" height=\"154\" srcset=\"https:\/\/www.radiopiu.net\/wordpress\/wp-content\/uploads\/2025\/09\/18-SETTEMBRE-300x300.jpg 300w, https:\/\/www.radiopiu.net\/wordpress\/wp-content\/uploads\/2025\/09\/18-SETTEMBRE-1024x1024.jpg 1024w, https:\/\/www.radiopiu.net\/wordpress\/wp-content\/uploads\/2025\/09\/18-SETTEMBRE-150x150.jpg 150w, https:\/\/www.radiopiu.net\/wordpress\/wp-content\/uploads\/2025\/09\/18-SETTEMBRE-768x768.jpg 768w, https:\/\/www.radiopiu.net\/wordpress\/wp-content\/uploads\/2025\/09\/18-SETTEMBRE.jpg 1080w\" sizes=\"auto, (max-width: 154px) 100vw, 154px\" \/><\/a>FELTRE<\/strong> Tornano le degustazioni da Dolomiti Beer &amp; Wine Shop.\u00a0 Oggi dalle 17 al negozio di Feltre i vini dell&#8217;Alsazia<\/p>\n<p><strong>AUDIO<\/strong><\/p>\n<audio class=\"wp-audio-shortcode\" id=\"audio-470175-13\" preload=\"none\" style=\"width: 100%;\" controls=\"controls\"><source type=\"audio\/mpeg\" src=\"https:\/\/www.radiopiu.net\/wordpress\/wp-content\/uploads\/2025\/09\/WINE-18-SETTEMBRE.mp3?_=13\" \/><a href=\"https:\/\/www.radiopiu.net\/wordpress\/wp-content\/uploads\/2025\/09\/WINE-18-SETTEMBRE.mp3\">https:\/\/www.radiopiu.net\/wordpress\/wp-content\/uploads\/2025\/09\/WINE-18-SETTEMBRE.mp3<\/a><\/audio>\n<p>&nbsp;<\/p>\n<hr \/>\n<p>&nbsp;<\/p>\n<p>&nbsp;<\/p>\n<blockquote class=\"wp-embedded-content\" data-secret=\"mBujYFhLRd\"><p><a href=\"https:\/\/www.radiopiu.net\/wordpress\/almanacco-e-tradizioni-il-musla-racconta-la-ladinia\/\">ALMANACCO E TRADIZIONI: IL MUSLA RACCONTA LA LADINIA<\/a><\/p><\/blockquote>\n<p><iframe loading=\"lazy\" class=\"wp-embedded-content\" sandbox=\"allow-scripts\" security=\"restricted\" style=\"position: absolute; visibility: hidden;\" title=\"&#8220;ALMANACCO E TRADIZIONI: IL MUSLA RACCONTA LA LADINIA&#8221; &#8212; Radio Pi\u00f9\" src=\"https:\/\/www.radiopiu.net\/wordpress\/almanacco-e-tradizioni-il-musla-racconta-la-ladinia\/embed\/#?secret=7NxubAyDcW#?secret=mBujYFhLRd\" data-secret=\"mBujYFhLRd\" width=\"600\" height=\"338\" frameborder=\"0\" marginwidth=\"0\" marginheight=\"0\" scrolling=\"no\"><\/iframe><\/p>\n<p>&nbsp;<\/p>\n<hr \/>\n<p>&nbsp;<\/p>\n<blockquote>\n<h3>PRESENTAZIONE DEL ROMANZO \u201cLA CASA DI SVETI VID\u201d A VILLA PATT DI SEDICO<\/h3>\n<\/blockquote>\n<p><strong>SEDICO <\/strong>Sabato, alle 17:30, presso Villa Patt di Sedico, si terr\u00e0 la presentazione del romanzo di Adriana Lotto \u201cLa casa di Sveti Vid\u201d, nell\u2019ambito della mostra \u201cRuggero Monego: una vita coraggiosamente vissuta\u201d. L\u2019autrice dialogher\u00e0 con Enrico Bacchetti, direttore dell\u2019Isbrec. Il libro racconta, dal 1943 al 1950, le vicende di Marija e di altre donne tra l\u2019isola di Veglia, i campi di internamento in Italia e Belluno durante la Resistenza. La narrazione si ispira a fatti reali. Adriana Lotto, docente e ricercatrice, \u00e8 autrice di saggi storici e \u201cLa casa di Sveti Vid\u201d \u00e8 il suo primo romanzo.<\/p>\n<p>&nbsp;<\/p>\n<p>&nbsp;<\/p>\n<hr \/>\n<p>&nbsp;<\/p>\n<blockquote>\n<h3>GIORNATA CULTURALE A VITTORIO VENETO: ARCHEOLOGIA INDUSTRIALE E ARTE SACRA<\/h3>\n<\/blockquote>\n<p><strong><a class=\"dt-pswp-item\" href=\"https:\/\/www.radiopiu.net\/wordpress\/wp-content\/uploads\/2023\/05\/FAI-BELLUNO.png\" data-dt-img-description=\"\" data-large_image_width=\"244\" data-large_image_height=\"122\"><img loading=\"lazy\" decoding=\"async\" class=\" wp-image-333946 alignleft\" src=\"https:\/\/www.radiopiu.net\/wordpress\/wp-content\/uploads\/2023\/05\/FAI-BELLUNO.png\" alt=\"\" width=\"190\" height=\"95\" \/><\/a>BELLUNO <\/strong>Domenica la Delegazione FAI di Belluno organizza una gita culturale a Vittorio Veneto alla scoperta del Museo Marson e di due chiese storiche, Santa Maria del Meschio e la Pieve di Sant\u2019Andrea di Bigonzo. Il Museo Marson, ospitato nell\u2019ex Istituto Bacologico F.lli Marson, \u00e8 un unicum in Italia e in Europa: conserva macchinari, strumenti scientifici e bozzoli preziosi, testimoni della produzione del seme-bachi e della ricerca avanzata contro le malattie del baco. Il pomeriggio \u00e8 dedicato all\u2019arte sacra. Ritrovo ore 9.30, contributo da \u20ac10 per iscritti FAI, prenotazione obbligatoria, posti limitati a 45 partecipanti.<\/p>\n<p>&nbsp;<\/p>\n<hr \/>\n<p>&nbsp;<\/p>\n<blockquote>\n<h3>AND\u00c8MO IN M\u00c8RICA: L\u2019EMIGRAZIONE VENETA E FRIULANA VERSO IL NUOVO MONDO<\/h3>\n<\/blockquote>\n<p><strong>BELLUNO <\/strong>\u201cAndemo in M\u00e8rica\u201d di Francesco Jori racconta 150 anni di emigrazione veneta e friulana verso il Nuovo Mondo, dove oltre cinque milioni di persone cercarono una nuova vita tra grandi sacrifici. Il libro descrive miseria, viaggi pericolosi, inganni e condizioni difficili nei Paesi d\u2019arrivo, ma anche la forza e l\u2019ingegno degli emigrati, che contribuirono allo sviluppo delle nuove terre senza dimenticare le proprie radici. Presentazione a Belluno sabato alle 16 nella sede ABM con ingresso libero.<\/p>\n<p>&nbsp;<\/p>\n<p>&nbsp;<\/p>\n<hr \/>\n<p>&nbsp;<\/p>\n<blockquote>\n<h3><strong data-start=\"0\" data-end=\"65\">CONCERTO IN ONORE DEI SANTI MARTIRI VITTORE E CORONA A FELTRE<\/strong><\/h3>\n<\/blockquote>\n<p><strong><a class=\"dt-pswp-item\" href=\"https:\/\/www.radiopiu.net\/wordpress\/wp-content\/uploads\/2025\/09\/LJFGHO-scaled.png\" data-dt-img-description=\"\" data-large_image_width=\"2560\" data-large_image_height=\"1697\"><img loading=\"lazy\" decoding=\"async\" class=\" wp-image-470336 alignleft\" src=\"https:\/\/www.radiopiu.net\/wordpress\/wp-content\/uploads\/2025\/09\/LJFGHO-300x199.png\" alt=\"\" width=\"179\" height=\"119\" srcset=\"https:\/\/www.radiopiu.net\/wordpress\/wp-content\/uploads\/2025\/09\/LJFGHO-300x199.png 300w, https:\/\/www.radiopiu.net\/wordpress\/wp-content\/uploads\/2025\/09\/LJFGHO-1024x679.png 1024w, https:\/\/www.radiopiu.net\/wordpress\/wp-content\/uploads\/2025\/09\/LJFGHO-768x509.png 768w, https:\/\/www.radiopiu.net\/wordpress\/wp-content\/uploads\/2025\/09\/LJFGHO-1536x1018.png 1536w, https:\/\/www.radiopiu.net\/wordpress\/wp-content\/uploads\/2025\/09\/LJFGHO-2048x1358.png 2048w\" sizes=\"auto, (max-width: 179px) 100vw, 179px\" \/><\/a>FELTRE <\/strong>Torna a Feltre l\u2019appuntamento pi\u00f9 atteso: il Concerto in onore dei Santi Martiri Vittore e Corona, patroni della citt\u00e0, che celebra fede, storia e cultura da oltre vent\u2019anni. L\u2019evento si terr\u00e0 il 22 settembre alle ore 21 presso il Duomo di Feltre e offrir\u00e0 al pubblico un viaggio nella grande tradizione musicale. Protagonista sar\u00e0 il Magnificat di Jhon Rutter, eseguito dalla Schola Cantorum di Santa Giustina, dall\u2019Orchestra giovanile del Conservatorio di Padova \u2018i Pollicini\u2019, dal soprano Alice Fraccari e dal mezzosoprano Claudia De Pian, diretti dal maestro Fabrizio Da Ros. L\u2019ingresso \u00e8 libero con offerta responsabile. Un\u2019occasione unica per vivere la musica come memoria, arte ed emozione.<\/p>\n<p>&nbsp;<\/p>\n<p>&nbsp;<\/p>\n<hr \/>\n<p>&nbsp;<\/p>\n<blockquote>\n<h3>VENTO DI GARBIN, LA PRESENTAZIONE A PIEVE DI CADORE<\/h3>\n<\/blockquote>\n<p><strong>PIEVE DI CADORE\u00a0<\/strong><\/p>\n<p>DI ROBERTO BONA<\/p>\n<audio class=\"wp-audio-shortcode\" id=\"audio-470175-14\" preload=\"none\" style=\"width: 100%;\" controls=\"controls\"><source type=\"audio\/mpeg\" src=\"https:\/\/www.radiopiu.net\/wordpress\/wp-content\/uploads\/2025\/09\/BONA-VENTO-DI-GARBIN-SCAD-20-SETTEMBRE.mp3?_=14\" \/><a href=\"https:\/\/www.radiopiu.net\/wordpress\/wp-content\/uploads\/2025\/09\/BONA-VENTO-DI-GARBIN-SCAD-20-SETTEMBRE.mp3\">https:\/\/www.radiopiu.net\/wordpress\/wp-content\/uploads\/2025\/09\/BONA-VENTO-DI-GARBIN-SCAD-20-SETTEMBRE.mp3<\/a><\/audio>\n<p>&nbsp;<\/p>\n<hr \/>\n<p>&nbsp;<\/p>\n<blockquote>\n<h3>PRESENTAZIONE DELLA GUIDA \u201cBELLUNO CITT\u00c0 SPLENDENTE\u201d E DEL PROGETTO \u201cCARTO\u201d<\/h3>\n<\/blockquote>\n<p><strong>BELLUNO <\/strong>Il 25 settembre alle ore 20.30, nella sala Corte della Biblioteca di Belluno, si terr\u00e0 la presentazione della guida <em data-start=\"266\" data-end=\"322\">\u201cBelluno citt\u00e0 splendente. Storia, architettura, arte\u201d<\/em>, in concomitanza con l\u2019illustrazione del progetto \u201cCarto\u201d promosso dal Comune. L\u2019appuntamento sar\u00e0 anche un momento di memoria dedicato a don Sergio Sacco, fondatore dell\u2019Istituto Bellunese di Ricerche, scomparso lo scorso anno, figura di riferimento per la cultura locale.<\/p>\n<p>&nbsp;<\/p>\n<p>&nbsp;<\/p>\n<hr \/>\n<p>&nbsp;<\/p>\n<h1><span style=\"color: #ff6600;\">IERI ALLA RADIO<\/span><\/h1>\n<h2><span style=\"color: #00ccff;\">LA SETTIMANA DEL VOLONTARIATO: I VOLONTARI AMBULANZA DI ROCCA PIETORE<\/span><\/h2>\n<p><strong><a class=\"dt-pswp-item\" href=\"https:\/\/www.radiopiu.net\/wordpress\/wp-content\/uploads\/2025\/09\/VOLONTARI-AMBULANZA-ROCCA-scaled.jpg\" data-dt-img-description=\"\" data-large_image_width=\"2560\" data-large_image_height=\"1193\"><img loading=\"lazy\" decoding=\"async\" class=\" wp-image-470309 alignleft\" src=\"https:\/\/www.radiopiu.net\/wordpress\/wp-content\/uploads\/2025\/09\/VOLONTARI-AMBULANZA-ROCCA-300x140.jpg\" alt=\"\" width=\"212\" height=\"99\" srcset=\"https:\/\/www.radiopiu.net\/wordpress\/wp-content\/uploads\/2025\/09\/VOLONTARI-AMBULANZA-ROCCA-300x140.jpg 300w, https:\/\/www.radiopiu.net\/wordpress\/wp-content\/uploads\/2025\/09\/VOLONTARI-AMBULANZA-ROCCA-1024x477.jpg 1024w, https:\/\/www.radiopiu.net\/wordpress\/wp-content\/uploads\/2025\/09\/VOLONTARI-AMBULANZA-ROCCA-768x358.jpg 768w, https:\/\/www.radiopiu.net\/wordpress\/wp-content\/uploads\/2025\/09\/VOLONTARI-AMBULANZA-ROCCA-1536x716.jpg 1536w, https:\/\/www.radiopiu.net\/wordpress\/wp-content\/uploads\/2025\/09\/VOLONTARI-AMBULANZA-ROCCA-2048x955.jpg 2048w\" sizes=\"auto, (max-width: 212px) 100vw, 212px\" \/><\/a>DI MIRKO MEZZACASA<\/strong><\/p>\n<p>OSPITI: Erica Salai e Sofia Polito<\/p>\n<audio class=\"wp-audio-shortcode\" id=\"audio-470175-15\" preload=\"none\" style=\"width: 100%;\" controls=\"controls\"><source type=\"audio\/mpeg\" src=\"https:\/\/www.radiopiu.net\/wordpress\/wp-content\/uploads\/2025\/09\/VOLONTARI-AMBULANZE-ROCCA-PIETORE.mp3?_=15\" \/><a href=\"https:\/\/www.radiopiu.net\/wordpress\/wp-content\/uploads\/2025\/09\/VOLONTARI-AMBULANZE-ROCCA-PIETORE.mp3\">https:\/\/www.radiopiu.net\/wordpress\/wp-content\/uploads\/2025\/09\/VOLONTARI-AMBULANZE-ROCCA-PIETORE.mp3<\/a><\/audio>\n<p>&nbsp;<\/p>\n<hr \/>\n<p>&nbsp;<\/p>\n<h2><span style=\"color: #993300;\">L&#8217;EDIZIONE 2025 DI SE DESMONTEGHEA A FALCADE<\/span><\/h2>\n<p><strong><a class=\"dt-pswp-item\" href=\"https:\/\/www.radiopiu.net\/wordpress\/wp-content\/uploads\/2025\/09\/manifesto-se-desmonteghea-2025-731x1024-1.jpg\" data-dt-img-description=\"\" data-large_image_width=\"731\" data-large_image_height=\"1024\"><img loading=\"lazy\" decoding=\"async\" class=\" wp-image-470314 alignleft\" src=\"https:\/\/www.radiopiu.net\/wordpress\/wp-content\/uploads\/2025\/09\/manifesto-se-desmonteghea-2025-731x1024-1-214x300.jpg\" alt=\"\" width=\"129\" height=\"181\" srcset=\"https:\/\/www.radiopiu.net\/wordpress\/wp-content\/uploads\/2025\/09\/manifesto-se-desmonteghea-2025-731x1024-1-214x300.jpg 214w, https:\/\/www.radiopiu.net\/wordpress\/wp-content\/uploads\/2025\/09\/manifesto-se-desmonteghea-2025-731x1024-1.jpg 731w\" sizes=\"auto, (max-width: 129px) 100vw, 129px\" \/><\/a>DI MIRKO MEZZACASA<\/strong><\/p>\n<p>OSPITI: Antonella Schena e Danilo Marmolada<\/p>\n<audio class=\"wp-audio-shortcode\" id=\"audio-470175-16\" preload=\"none\" style=\"width: 100%;\" controls=\"controls\"><source type=\"audio\/mpeg\" src=\"https:\/\/www.radiopiu.net\/wordpress\/wp-content\/uploads\/2025\/09\/DE-DESMONTEGHEA-2025.mp3?_=16\" \/><a href=\"https:\/\/www.radiopiu.net\/wordpress\/wp-content\/uploads\/2025\/09\/DE-DESMONTEGHEA-2025.mp3\">https:\/\/www.radiopiu.net\/wordpress\/wp-content\/uploads\/2025\/09\/DE-DESMONTEGHEA-2025.mp3<\/a><\/audio>\n<p>&nbsp;<\/p>\n<hr \/>\n<p>&nbsp;<\/p>\n<h2><span style=\"color: #008000;\"><a class=\"dt-pswp-item\" href=\"https:\/\/www.radiopiu.net\/wordpress\/wp-content\/uploads\/2025\/07\/primo-piano-gli-studenti-che-scrivono-e-leggono-gli-fogli-di-risposta-degli-esami-di-esercitazione-in-aula-della-scuola-con-lo-stress_73622-858-300x200-1.jpg\" data-dt-img-description=\"\" data-large_image_width=\"300\" data-large_image_height=\"200\"><img loading=\"lazy\" decoding=\"async\" class=\" wp-image-458570 alignleft\" src=\"https:\/\/www.radiopiu.net\/wordpress\/wp-content\/uploads\/2025\/07\/primo-piano-gli-studenti-che-scrivono-e-leggono-gli-fogli-di-risposta-degli-esami-di-esercitazione-in-aula-della-scuola-con-lo-stress_73622-858-300x200-1.jpg\" alt=\"\" width=\"168\" height=\"112\" \/><\/a>SE NON LA SMETTI TI MANDO DAL PRESIDE<\/span><\/h2>\n<p><strong>PUNTATA DEL 17 SETTEMBRE 2025<\/strong><\/p>\n<p>DI MIRKO MEZZACASA<\/p>\n<p>CON LA PROF. MARIA ROSA SALMAZO<\/p>\n<audio class=\"wp-audio-shortcode\" id=\"audio-470175-17\" preload=\"none\" style=\"width: 100%;\" controls=\"controls\"><source type=\"audio\/mpeg\" src=\"https:\/\/www.radiopiu.net\/wordpress\/wp-content\/uploads\/2025\/09\/PRESIDE.mp3?_=17\" \/><a href=\"https:\/\/www.radiopiu.net\/wordpress\/wp-content\/uploads\/2025\/09\/PRESIDE.mp3\">https:\/\/www.radiopiu.net\/wordpress\/wp-content\/uploads\/2025\/09\/PRESIDE.mp3<\/a><\/audio>\n<p>&nbsp;<\/p>\n<hr \/>\n<p>&nbsp;<\/p>\n<h2><span style=\"color: #ff00ff;\">AMAZING CALENDAR, CON MICHELA E MARINA<\/span><\/h2>\n<p><span style=\"color: #0000ff;\"><strong><a class=\"dt-pswp-item\" href=\"https:\/\/www.radiopiu.net\/wordpress\/wp-content\/uploads\/2025\/09\/temple-of-heaven-3675835_1280.jpg\" data-dt-img-description=\"\" data-large_image_width=\"1280\" data-large_image_height=\"853\"><img loading=\"lazy\" decoding=\"async\" class=\" wp-image-470321 alignleft\" src=\"https:\/\/www.radiopiu.net\/wordpress\/wp-content\/uploads\/2025\/09\/temple-of-heaven-3675835_1280-300x200.jpg\" alt=\"\" width=\"161\" height=\"107\" srcset=\"https:\/\/www.radiopiu.net\/wordpress\/wp-content\/uploads\/2025\/09\/temple-of-heaven-3675835_1280-300x200.jpg 300w, https:\/\/www.radiopiu.net\/wordpress\/wp-content\/uploads\/2025\/09\/temple-of-heaven-3675835_1280-1024x682.jpg 1024w, https:\/\/www.radiopiu.net\/wordpress\/wp-content\/uploads\/2025\/09\/temple-of-heaven-3675835_1280-768x512.jpg 768w, https:\/\/www.radiopiu.net\/wordpress\/wp-content\/uploads\/2025\/09\/temple-of-heaven-3675835_1280.jpg 1280w\" sizes=\"auto, (max-width: 161px) 100vw, 161px\" \/><\/a>24a PUNTATA &#8211; PARTE UNO<\/strong><\/span><\/p>\n<audio class=\"wp-audio-shortcode\" id=\"audio-470175-18\" preload=\"none\" style=\"width: 100%;\" controls=\"controls\"><source type=\"audio\/mpeg\" src=\"https:\/\/www.radiopiu.net\/wordpress\/wp-content\/uploads\/2025\/09\/AMAZING-CALENDAR-25-PUNTATA-1.mp3?_=18\" \/><a href=\"https:\/\/www.radiopiu.net\/wordpress\/wp-content\/uploads\/2025\/09\/AMAZING-CALENDAR-25-PUNTATA-1.mp3\">https:\/\/www.radiopiu.net\/wordpress\/wp-content\/uploads\/2025\/09\/AMAZING-CALENDAR-25-PUNTATA-1.mp3<\/a><\/audio>\n<p><span style=\"color: #0000ff;\">\u00a0<\/span><\/p>\n<p><span style=\"color: #0000ff;\"><strong>PARTE DUE<\/strong><\/span><\/p>\n<audio class=\"wp-audio-shortcode\" id=\"audio-470175-19\" preload=\"none\" style=\"width: 100%;\" controls=\"controls\"><source type=\"audio\/mpeg\" src=\"https:\/\/www.radiopiu.net\/wordpress\/wp-content\/uploads\/2025\/09\/AMAZING-CALENDAR-25-PUNTATA-2.mp3?_=19\" \/><a href=\"https:\/\/www.radiopiu.net\/wordpress\/wp-content\/uploads\/2025\/09\/AMAZING-CALENDAR-25-PUNTATA-2.mp3\">https:\/\/www.radiopiu.net\/wordpress\/wp-content\/uploads\/2025\/09\/AMAZING-CALENDAR-25-PUNTATA-2.mp3<\/a><\/audio>\n<p><span style=\"color: #0000ff;\">\u00a0<\/span><\/p>\n<p><span style=\"color: #0000ff;\"><strong>PARTE TRE<\/strong><\/span><\/p>\n<audio class=\"wp-audio-shortcode\" id=\"audio-470175-20\" preload=\"none\" style=\"width: 100%;\" controls=\"controls\"><source type=\"audio\/mpeg\" src=\"https:\/\/www.radiopiu.net\/wordpress\/wp-content\/uploads\/2025\/09\/AMAZING-CALENDAR-25-PUNTATA-3.mp3?_=20\" \/><a href=\"https:\/\/www.radiopiu.net\/wordpress\/wp-content\/uploads\/2025\/09\/AMAZING-CALENDAR-25-PUNTATA-3.mp3\">https:\/\/www.radiopiu.net\/wordpress\/wp-content\/uploads\/2025\/09\/AMAZING-CALENDAR-25-PUNTATA-3.mp3<\/a><\/audio>\n<p><span style=\"color: #0000ff;\">\u00a0\u00a0<\/span><\/p>\n<h2><strong>LA RACCOLTA COMPLETA <a href=\"https:\/\/www.radiopiu.net\/wordpress\/amazing-calendar-con-michela-e-marina-la-raccolta\/\"><span style=\"color: #3366ff;\">CLICCA QUI<\/span><\/a><\/strong><\/h2>\n<p>&nbsp;<\/p>\n<hr \/>\n<p>&nbsp;<\/p>\n<h2><span style=\"color: #cc99ff;\">DOMENICA IL LASTE ROCK PER GLI APPASSIONATI DI ARRAMPICATA<\/span><\/h2>\n<p><strong><a class=\"dt-pswp-item\" href=\"https:\/\/www.radiopiu.net\/wordpress\/wp-content\/uploads\/2025\/09\/ljshglsah.jpg\" data-dt-img-description=\"\" data-large_image_width=\"1130\" data-large_image_height=\"654\"><img loading=\"lazy\" decoding=\"async\" class=\"size-medium wp-image-470132 alignleft\" src=\"https:\/\/www.radiopiu.net\/wordpress\/wp-content\/uploads\/2025\/09\/ljshglsah-300x174.jpg\" alt=\"\" width=\"300\" height=\"174\" srcset=\"https:\/\/www.radiopiu.net\/wordpress\/wp-content\/uploads\/2025\/09\/ljshglsah-300x174.jpg 300w, https:\/\/www.radiopiu.net\/wordpress\/wp-content\/uploads\/2025\/09\/ljshglsah-1024x593.jpg 1024w, https:\/\/www.radiopiu.net\/wordpress\/wp-content\/uploads\/2025\/09\/ljshglsah-768x444.jpg 768w, https:\/\/www.radiopiu.net\/wordpress\/wp-content\/uploads\/2025\/09\/ljshglsah.jpg 1130w\" sizes=\"auto, (max-width: 300px) 100vw, 300px\" \/><\/a>DI MIRKO MEZZACASA<\/strong><\/p>\n<p>OSPITI: Simone De Toni, Matteo Dagai, Andrea Dorigo<\/p>\n<audio class=\"wp-audio-shortcode\" id=\"audio-470175-21\" preload=\"none\" style=\"width: 100%;\" controls=\"controls\"><source type=\"audio\/mpeg\" src=\"https:\/\/www.radiopiu.net\/wordpress\/wp-content\/uploads\/2025\/09\/SIMONE-MATTEO-ANDREA-LASTEA-ROCK-2025.mp3?_=21\" \/><a href=\"https:\/\/www.radiopiu.net\/wordpress\/wp-content\/uploads\/2025\/09\/SIMONE-MATTEO-ANDREA-LASTEA-ROCK-2025.mp3\">https:\/\/www.radiopiu.net\/wordpress\/wp-content\/uploads\/2025\/09\/SIMONE-MATTEO-ANDREA-LASTEA-ROCK-2025.mp3<\/a><\/audio>\n<p>&nbsp;<\/p>\n<hr \/>\n<p>&nbsp;<\/p>\n<h2><span style=\"color: #333399;\">I CORSI ITS ACADEMY<\/span><\/h2>\n<p><strong><a class=\"dt-pswp-item\" href=\"https:\/\/www.radiopiu.net\/wordpress\/wp-content\/uploads\/2025\/09\/Screenshot-2025-09-04-063518.png\" data-dt-img-description=\"\" data-large_image_width=\"246\" data-large_image_height=\"138\"><img loading=\"lazy\" decoding=\"async\" class=\"size-full wp-image-467986 alignleft\" src=\"https:\/\/www.radiopiu.net\/wordpress\/wp-content\/uploads\/2025\/09\/Screenshot-2025-09-04-063518.png\" alt=\"\" width=\"246\" height=\"138\" \/><\/a>DI MIRKO MEZZACASA<\/strong><\/p>\n<p>OSPITE: Enica Scopel Direttrice ITS Academy<\/p>\n<audio class=\"wp-audio-shortcode\" id=\"audio-470175-22\" preload=\"none\" style=\"width: 100%;\" controls=\"controls\"><source type=\"audio\/mpeg\" src=\"https:\/\/www.radiopiu.net\/wordpress\/wp-content\/uploads\/2025\/09\/ENRICA-SCOPEL-DIRETTORE-ITS.mp3?_=22\" \/><a href=\"https:\/\/www.radiopiu.net\/wordpress\/wp-content\/uploads\/2025\/09\/ENRICA-SCOPEL-DIRETTORE-ITS.mp3\">https:\/\/www.radiopiu.net\/wordpress\/wp-content\/uploads\/2025\/09\/ENRICA-SCOPEL-DIRETTORE-ITS.mp3<\/a><\/audio>\n<p>&nbsp;<\/p>\n<hr \/>\n<p>&nbsp;<\/p>\n<blockquote class=\"wp-embedded-content\" data-secret=\"KpVtonEtLg\"><p><a href=\"https:\/\/www.radiopiu.net\/wordpress\/curiosando-il-programma\/\">CURIOSANDO&#8230; IL PROGRAMMA DI PAOLA LANCIATO<\/a><\/p><\/blockquote>\n<p><iframe loading=\"lazy\" class=\"wp-embedded-content\" sandbox=\"allow-scripts\" security=\"restricted\" style=\"position: absolute; visibility: hidden;\" title=\"&#8220;CURIOSANDO&#8230; IL PROGRAMMA DI PAOLA LANCIATO&#8221; &#8212; Radio Pi\u00f9\" src=\"https:\/\/www.radiopiu.net\/wordpress\/curiosando-il-programma\/embed\/#?secret=Ctspzm5M6J#?secret=KpVtonEtLg\" data-secret=\"KpVtonEtLg\" width=\"600\" height=\"338\" frameborder=\"0\" marginwidth=\"0\" marginheight=\"0\" scrolling=\"no\"><\/iframe><\/p>\n<p>&nbsp;<\/p>\n<hr \/>\n<p>&nbsp;<\/p>\n<h2><span style=\"color: #ffcc00;\">I CONSIGLI DI GIANLUCA&#8230;DA DOLOMITI BEER &amp; WINE SHOP<\/span><\/h2>\n<p><strong><img loading=\"lazy\" decoding=\"async\" class=\"alignleft\" src=\"https:\/\/www.radiopiu.net\/wordpress\/wp-content\/uploads\/2025\/09\/Screenshot-2025-09-17-054706.png\" width=\"121\" height=\"94\" \/>17 SETTEMBRE&#8230;LA PIU&#8217; RARA DELLA SUA FAMIGLIA<\/strong><\/p>\n<audio class=\"wp-audio-shortcode\" id=\"audio-470175-23\" preload=\"none\" style=\"width: 100%;\" controls=\"controls\"><source type=\"audio\/mpeg\" src=\"https:\/\/www.radiopiu.net\/wordpress\/wp-content\/uploads\/2025\/09\/GWINE1A-12.mp3?_=23\" \/><a href=\"https:\/\/www.radiopiu.net\/wordpress\/wp-content\/uploads\/2025\/09\/GWINE1A-12.mp3\">https:\/\/www.radiopiu.net\/wordpress\/wp-content\/uploads\/2025\/09\/GWINE1A-12.mp3<\/a><\/audio>\n<p>&nbsp;<\/p>\n<p><span style=\"color: #ff0000;\"><strong>AL DOLOMITI BEER &amp; WINE SHOP DI FELTRE LA DEGUSTAZIONE DI VINI DELL&#8217;ALSAZIA<\/strong><\/span><\/p>\n<p><strong><a class=\"dt-pswp-item\" href=\"https:\/\/www.radiopiu.net\/wordpress\/wp-content\/uploads\/2025\/09\/18-SETTEMBRE.jpg\" data-dt-img-description=\"\" data-large_image_width=\"1080\" data-large_image_height=\"1080\"><img loading=\"lazy\" decoding=\"async\" class=\" wp-image-470140 alignleft\" src=\"https:\/\/www.radiopiu.net\/wordpress\/wp-content\/uploads\/2025\/09\/18-SETTEMBRE-300x300.jpg\" alt=\"\" width=\"154\" height=\"154\" srcset=\"https:\/\/www.radiopiu.net\/wordpress\/wp-content\/uploads\/2025\/09\/18-SETTEMBRE-300x300.jpg 300w, https:\/\/www.radiopiu.net\/wordpress\/wp-content\/uploads\/2025\/09\/18-SETTEMBRE-1024x1024.jpg 1024w, https:\/\/www.radiopiu.net\/wordpress\/wp-content\/uploads\/2025\/09\/18-SETTEMBRE-150x150.jpg 150w, https:\/\/www.radiopiu.net\/wordpress\/wp-content\/uploads\/2025\/09\/18-SETTEMBRE-768x768.jpg 768w, https:\/\/www.radiopiu.net\/wordpress\/wp-content\/uploads\/2025\/09\/18-SETTEMBRE.jpg 1080w\" sizes=\"auto, (max-width: 154px) 100vw, 154px\" \/><\/a>FELTRE<\/strong> Tornano le degustazioni da Dolomiti Beer &amp; Wine Shop. Oggi dalle 17 al negozio di Feltre i vini dell&#8217;Alsazia<\/p>\n<p><strong>AUDIO<\/strong><\/p>\n<audio class=\"wp-audio-shortcode\" id=\"audio-470175-24\" preload=\"none\" style=\"width: 100%;\" controls=\"controls\"><source type=\"audio\/mpeg\" src=\"https:\/\/www.radiopiu.net\/wordpress\/wp-content\/uploads\/2025\/09\/WINE-18-SETTEMBRE.mp3?_=24\" \/><a href=\"https:\/\/www.radiopiu.net\/wordpress\/wp-content\/uploads\/2025\/09\/WINE-18-SETTEMBRE.mp3\">https:\/\/www.radiopiu.net\/wordpress\/wp-content\/uploads\/2025\/09\/WINE-18-SETTEMBRE.mp3<\/a><\/audio>\n<p>&nbsp;<\/p>\n<h2><strong>LA RACCOLTA COMPLETA <a href=\"https:\/\/www.radiopiu.net\/wordpress\/i-consigli-di-gianluca-aa15\/\"><span style=\"color: #3366ff;\">CLICCA QUI<\/span><\/a><\/strong><\/h2>\n<p>&nbsp;<\/p>\n<hr \/>\n<p>&nbsp;<\/p>\n<h2><span style=\"color: #ff0000;\"><a class=\"dt-pswp-item\" href=\"https:\/\/www.radiopiu.net\/wordpress\/wp-content\/uploads\/2018\/09\/appuntamenti.jpeg\" data-dt-img-description=\"\" data-large_image_width=\"800\" data-large_image_height=\"100\"><img loading=\"lazy\" decoding=\"async\" class=\"wp-image-61958 size-full aligncenter\" src=\"https:\/\/www.radiopiu.net\/wordpress\/wp-content\/uploads\/2018\/09\/appuntamenti.jpeg\" alt=\"\" width=\"800\" height=\"100\" srcset=\"https:\/\/www.radiopiu.net\/wordpress\/wp-content\/uploads\/2018\/09\/appuntamenti.jpeg 800w, https:\/\/www.radiopiu.net\/wordpress\/wp-content\/uploads\/2018\/09\/appuntamenti-300x38.jpeg 300w, https:\/\/www.radiopiu.net\/wordpress\/wp-content\/uploads\/2018\/09\/appuntamenti-768x96.jpeg 768w\" sizes=\"auto, (max-width: 800px) 100vw, 800px\" \/><\/a><\/span><\/h2>\n\n\t\t\t<style type='text\/css'>\n\t\t\t\t#gallery-4 {\n\t\t\t\t\tmargin: auto;\n\t\t\t\t}\n\t\t\t\t#gallery-4 .gallery-item {\n\t\t\t\t\tfloat: left;\n\t\t\t\t\tmargin-top: 10px;\n\t\t\t\t\ttext-align: center;\n\t\t\t\t\twidth: 20%;\n\t\t\t\t}\n\t\t\t\t#gallery-4 img {\n\t\t\t\t\tborder: 2px solid #cfcfcf;\n\t\t\t\t}\n\t\t\t\t#gallery-4 .gallery-caption {\n\t\t\t\t\tmargin-left: 0;\n\t\t\t\t}\n\t\t\t\t\/* see gallery_shortcode() in wp-includes\/media.php *\/\n\t\t\t<\/style>\n\t\t<div id='gallery-4' class='dt-gallery-container gallery galleryid-470175 gallery-columns-5 gallery-size-thumbnail'><dl class='gallery-item'>\n\t\t\t\t<dt class='gallery-icon portrait'>\n\t\t\t\t\t<a class=\"rollover rollover-zoom dt-pswp-item\" title=\"mostra_RotaSperti\" data-dt-img-description=\"\" data-large_image_width=\"1414\" data-large_image_height=\"2000\"href='https:\/\/www.radiopiu.net\/wordpress\/wp-content\/uploads\/2025\/06\/mostra_RotaSperti.png'><img loading=\"lazy\" decoding=\"async\" width=\"150\" height=\"150\" src=\"https:\/\/www.radiopiu.net\/wordpress\/wp-content\/uploads\/2025\/06\/mostra_RotaSperti-150x150.png\" class=\"attachment-thumbnail size-thumbnail\" alt=\"\" \/><\/a>\n\t\t\t\t<\/dt><\/dl><dl class='gallery-item'>\n\t\t\t\t<dt class='gallery-icon landscape'>\n\t\t\t\t\t<a class=\"rollover rollover-zoom dt-pswp-item\" title=\"515444840_1149597150531066_7749231705219023918_n\" data-dt-img-description=\"\" data-large_image_width=\"1440\" data-large_image_height=\"1079\"href='https:\/\/www.radiopiu.net\/wordpress\/wp-content\/uploads\/2025\/07\/515444840_1149597150531066_7749231705219023918_n.jpg'><img loading=\"lazy\" decoding=\"async\" width=\"150\" height=\"150\" src=\"https:\/\/www.radiopiu.net\/wordpress\/wp-content\/uploads\/2025\/07\/515444840_1149597150531066_7749231705219023918_n-150x150.jpg\" class=\"attachment-thumbnail size-thumbnail\" alt=\"\" \/><\/a>\n\t\t\t\t<\/dt><\/dl><dl class='gallery-item'>\n\t\t\t\t<dt class='gallery-icon portrait'>\n\t\t\t\t\t<a class=\"rollover rollover-zoom dt-pswp-item\" title=\"Locandina Sagra di Fregona 2025\" data-dt-img-description=\"\" data-large_image_width=\"1125\" data-large_image_height=\"1608\"href='https:\/\/www.radiopiu.net\/wordpress\/wp-content\/uploads\/2025\/08\/Locandina-Sagra-di-Fregona-2025.jpeg'><img loading=\"lazy\" decoding=\"async\" width=\"150\" height=\"150\" src=\"https:\/\/www.radiopiu.net\/wordpress\/wp-content\/uploads\/2025\/08\/Locandina-Sagra-di-Fregona-2025-150x150.jpeg\" class=\"attachment-thumbnail size-thumbnail\" alt=\"\" \/><\/a>\n\t\t\t\t<\/dt><\/dl><dl class='gallery-item'>\n\t\t\t\t<dt class='gallery-icon portrait'>\n\t\t\t\t\t<a class=\"rollover rollover-zoom dt-pswp-item\" title=\"9c71ce0b-ff13-4ec8-b170-8fb0f4a358d6\" data-dt-img-description=\"\" data-large_image_width=\"731\" data-large_image_height=\"1600\"href='https:\/\/www.radiopiu.net\/wordpress\/wp-content\/uploads\/2025\/09\/9c71ce0b-ff13-4ec8-b170-8fb0f4a358d6.jpg'><img loading=\"lazy\" decoding=\"async\" width=\"150\" height=\"150\" src=\"https:\/\/www.radiopiu.net\/wordpress\/wp-content\/uploads\/2025\/09\/9c71ce0b-ff13-4ec8-b170-8fb0f4a358d6-150x150.jpg\" class=\"attachment-thumbnail size-thumbnail\" alt=\"\" \/><\/a>\n\t\t\t\t<\/dt><\/dl><dl class='gallery-item'>\n\t\t\t\t<dt class='gallery-icon portrait'>\n\t\t\t\t\t<a class=\"rollover rollover-zoom dt-pswp-item\" title=\"e1f44182-3b2b-4656-9ab3-55b78e3f276b\" data-dt-img-description=\"\" data-large_image_width=\"1131\" data-large_image_height=\"1600\"href='https:\/\/www.radiopiu.net\/wordpress\/wp-content\/uploads\/2025\/09\/e1f44182-3b2b-4656-9ab3-55b78e3f276b.jpg'><img loading=\"lazy\" decoding=\"async\" width=\"150\" height=\"150\" src=\"https:\/\/www.radiopiu.net\/wordpress\/wp-content\/uploads\/2025\/09\/e1f44182-3b2b-4656-9ab3-55b78e3f276b-150x150.jpg\" class=\"attachment-thumbnail size-thumbnail\" alt=\"\" \/><\/a>\n\t\t\t\t<\/dt><\/dl><br style=\"clear: both\" \/><dl class='gallery-item'>\n\t\t\t\t<dt class='gallery-icon portrait'>\n\t\t\t\t\t<a class=\"rollover rollover-zoom dt-pswp-item\" title=\"b13636c4-92d6-4f21-bbd1-2bf5066bd155\" data-dt-img-description=\"\" data-large_image_width=\"899\" data-large_image_height=\"1599\"href='https:\/\/www.radiopiu.net\/wordpress\/wp-content\/uploads\/2025\/09\/b13636c4-92d6-4f21-bbd1-2bf5066bd155.jpg'><img loading=\"lazy\" decoding=\"async\" width=\"150\" height=\"150\" src=\"https:\/\/www.radiopiu.net\/wordpress\/wp-content\/uploads\/2025\/09\/b13636c4-92d6-4f21-bbd1-2bf5066bd155-150x150.jpg\" class=\"attachment-thumbnail size-thumbnail\" alt=\"\" \/><\/a>\n\t\t\t\t<\/dt><\/dl><dl class='gallery-item'>\n\t\t\t\t<dt class='gallery-icon portrait'>\n\t\t\t\t\t<a class=\"rollover rollover-zoom dt-pswp-item\" title=\"d3fcd4c5-6d16-43da-9fec-cf14c7b765b1\" data-dt-img-description=\"\" data-large_image_width=\"1130\" data-large_image_height=\"1600\"href='https:\/\/www.radiopiu.net\/wordpress\/wp-content\/uploads\/2025\/09\/d3fcd4c5-6d16-43da-9fec-cf14c7b765b1.jpg'><img loading=\"lazy\" decoding=\"async\" width=\"150\" height=\"150\" src=\"https:\/\/www.radiopiu.net\/wordpress\/wp-content\/uploads\/2025\/09\/d3fcd4c5-6d16-43da-9fec-cf14c7b765b1-150x150.jpg\" class=\"attachment-thumbnail size-thumbnail\" alt=\"\" \/><\/a>\n\t\t\t\t<\/dt><\/dl><dl class='gallery-item'>\n\t\t\t\t<dt class='gallery-icon portrait'>\n\t\t\t\t\t<a class=\"rollover rollover-zoom dt-pswp-item\" title=\"Parliamo di zecche\" data-dt-img-description=\"\" data-large_image_width=\"1811\" data-large_image_height=\"2560\"href='https:\/\/www.radiopiu.net\/wordpress\/wp-content\/uploads\/2025\/09\/Parliamo-di-zecche-scaled.jpg'><img loading=\"lazy\" decoding=\"async\" width=\"150\" height=\"150\" src=\"https:\/\/www.radiopiu.net\/wordpress\/wp-content\/uploads\/2025\/09\/Parliamo-di-zecche-150x150.jpg\" class=\"attachment-thumbnail size-thumbnail\" alt=\"\" \/><\/a>\n\t\t\t\t<\/dt><\/dl><dl class='gallery-item'>\n\t\t\t\t<dt class='gallery-icon portrait'>\n\t\t\t\t\t<a class=\"rollover rollover-zoom dt-pswp-item\" title=\"Luci care Luci belle\" data-dt-img-description=\"\" data-large_image_width=\"1131\" data-large_image_height=\"1600\"href='https:\/\/www.radiopiu.net\/wordpress\/wp-content\/uploads\/2025\/09\/Luci-care-Luci-belle.jpg'><img loading=\"lazy\" decoding=\"async\" width=\"150\" height=\"150\" src=\"https:\/\/www.radiopiu.net\/wordpress\/wp-content\/uploads\/2025\/09\/Luci-care-Luci-belle-150x150.jpg\" class=\"attachment-thumbnail size-thumbnail\" alt=\"\" \/><\/a>\n\t\t\t\t<\/dt><\/dl><dl class='gallery-item'>\n\t\t\t\t<dt class='gallery-icon portrait'>\n\t\t\t\t\t<a class=\"rollover rollover-zoom dt-pswp-item\" title=\"image\" data-dt-img-description=\"\" data-large_image_width=\"700\" data-large_image_height=\"990\"href='https:\/\/www.radiopiu.net\/wordpress\/wp-content\/uploads\/2025\/09\/image.jpg'><img loading=\"lazy\" decoding=\"async\" width=\"150\" height=\"150\" src=\"https:\/\/www.radiopiu.net\/wordpress\/wp-content\/uploads\/2025\/09\/image-150x150.jpg\" class=\"attachment-thumbnail size-thumbnail\" alt=\"\" \/><\/a>\n\t\t\t\t<\/dt><\/dl><br style=\"clear: both\" \/><dl class='gallery-item'>\n\t\t\t\t<dt class='gallery-icon portrait'>\n\t\t\t\t\t<a class=\"rollover rollover-zoom dt-pswp-item\" title=\"JORI__emi_veneata_LOCANDINA\" data-dt-img-description=\"\" data-large_image_width=\"595\" data-large_image_height=\"841\"href='https:\/\/www.radiopiu.net\/wordpress\/wp-content\/uploads\/2025\/09\/JORI__emi_veneata_LOCANDINA.jpg'><img loading=\"lazy\" decoding=\"async\" width=\"150\" height=\"150\" src=\"https:\/\/www.radiopiu.net\/wordpress\/wp-content\/uploads\/2025\/09\/JORI__emi_veneata_LOCANDINA-150x150.jpg\" class=\"attachment-thumbnail size-thumbnail\" alt=\"\" \/><\/a>\n\t\t\t\t<\/dt><\/dl><dl class='gallery-item'>\n\t\t\t\t<dt class='gallery-icon portrait'>\n\t\t\t\t\t<a class=\"rollover rollover-zoom dt-pswp-item\" title=\"Inaugurazione (1)\" data-dt-img-description=\"\" data-large_image_width=\"1409\" data-large_image_height=\"2000\"href='https:\/\/www.radiopiu.net\/wordpress\/wp-content\/uploads\/2025\/09\/Inaugurazione-1.jpg'><img loading=\"lazy\" decoding=\"async\" width=\"150\" height=\"150\" src=\"https:\/\/www.radiopiu.net\/wordpress\/wp-content\/uploads\/2025\/09\/Inaugurazione-1-150x150.jpg\" class=\"attachment-thumbnail size-thumbnail\" alt=\"\" \/><\/a>\n\t\t\t\t<\/dt><\/dl><dl class='gallery-item'>\n\t\t\t\t<dt class='gallery-icon portrait'>\n\t\t\t\t\t<a class=\"rollover rollover-zoom dt-pswp-item\" title=\"volantino mostra DAL MUT MAURIZIO 2025\" data-dt-img-description=\"\" data-large_image_width=\"595\" data-large_image_height=\"842\"href='https:\/\/www.radiopiu.net\/wordpress\/wp-content\/uploads\/2025\/09\/volantino-mostra-DAL-MUT-MAURIZIO-2025.jpg'><img loading=\"lazy\" decoding=\"async\" width=\"150\" height=\"150\" src=\"https:\/\/www.radiopiu.net\/wordpress\/wp-content\/uploads\/2025\/09\/volantino-mostra-DAL-MUT-MAURIZIO-2025-150x150.jpg\" class=\"attachment-thumbnail size-thumbnail\" alt=\"\" \/><\/a>\n\t\t\t\t<\/dt><\/dl><dl class='gallery-item'>\n\t\t\t\t<dt class='gallery-icon portrait'>\n\t\t\t\t\t<a class=\"rollover rollover-zoom dt-pswp-item\" title=\"Guida-BL-Loc-2025\" data-dt-img-description=\"\" data-large_image_width=\"1000\" data-large_image_height=\"1414\"href='https:\/\/www.radiopiu.net\/wordpress\/wp-content\/uploads\/2025\/09\/Guida-BL-Loc-2025.jpg'><img loading=\"lazy\" decoding=\"async\" width=\"150\" height=\"150\" src=\"https:\/\/www.radiopiu.net\/wordpress\/wp-content\/uploads\/2025\/09\/Guida-BL-Loc-2025-150x150.jpg\" class=\"attachment-thumbnail size-thumbnail\" alt=\"\" \/><\/a>\n\t\t\t\t<\/dt><\/dl><dl class='gallery-item'>\n\t\t\t\t<dt class='gallery-icon landscape'>\n\t\t\t\t\t<a class=\"rollover rollover-zoom dt-pswp-item\" title=\"post_facebook_porte_agordo_2025\" data-dt-img-description=\"\" data-large_image_width=\"940\" data-large_image_height=\"940\"href='https:\/\/www.radiopiu.net\/wordpress\/wp-content\/uploads\/2025\/09\/post_facebook_porte_agordo_2025.jpg'><img loading=\"lazy\" decoding=\"async\" width=\"150\" height=\"150\" src=\"https:\/\/www.radiopiu.net\/wordpress\/wp-content\/uploads\/2025\/09\/post_facebook_porte_agordo_2025-150x150.jpg\" class=\"attachment-thumbnail size-thumbnail\" alt=\"\" srcset=\"https:\/\/www.radiopiu.net\/wordpress\/wp-content\/uploads\/2025\/09\/post_facebook_porte_agordo_2025-150x150.jpg 150w, https:\/\/www.radiopiu.net\/wordpress\/wp-content\/uploads\/2025\/09\/post_facebook_porte_agordo_2025-300x300.jpg 300w, https:\/\/www.radiopiu.net\/wordpress\/wp-content\/uploads\/2025\/09\/post_facebook_porte_agordo_2025-768x768.jpg 768w, https:\/\/www.radiopiu.net\/wordpress\/wp-content\/uploads\/2025\/09\/post_facebook_porte_agordo_2025.jpg 940w\" sizes=\"auto, (max-width: 150px) 100vw, 150px\" \/><\/a>\n\t\t\t\t<\/dt><\/dl><br style=\"clear: both\" \/><dl class='gallery-item'>\n\t\t\t\t<dt class='gallery-icon landscape'>\n\t\t\t\t\t<a class=\"rollover rollover-zoom dt-pswp-item\" title=\"post_facebook_porte_belluno_2025\" data-dt-img-description=\"\" data-large_image_width=\"940\" data-large_image_height=\"940\"href='https:\/\/www.radiopiu.net\/wordpress\/wp-content\/uploads\/2025\/09\/post_facebook_porte_belluno_2025.jpg'><img loading=\"lazy\" decoding=\"async\" width=\"150\" height=\"150\" src=\"https:\/\/www.radiopiu.net\/wordpress\/wp-content\/uploads\/2025\/09\/post_facebook_porte_belluno_2025-150x150.jpg\" class=\"attachment-thumbnail size-thumbnail\" alt=\"\" srcset=\"https:\/\/www.radiopiu.net\/wordpress\/wp-content\/uploads\/2025\/09\/post_facebook_porte_belluno_2025-150x150.jpg 150w, https:\/\/www.radiopiu.net\/wordpress\/wp-content\/uploads\/2025\/09\/post_facebook_porte_belluno_2025-300x300.jpg 300w, https:\/\/www.radiopiu.net\/wordpress\/wp-content\/uploads\/2025\/09\/post_facebook_porte_belluno_2025-768x768.jpg 768w, https:\/\/www.radiopiu.net\/wordpress\/wp-content\/uploads\/2025\/09\/post_facebook_porte_belluno_2025.jpg 940w\" sizes=\"auto, (max-width: 150px) 100vw, 150px\" \/><\/a>\n\t\t\t\t<\/dt><\/dl><dl class='gallery-item'>\n\t\t\t\t<dt class='gallery-icon landscape'>\n\t\t\t\t\t<a class=\"rollover rollover-zoom dt-pswp-item\" title=\"post_facebook_porte_santa_gisutina_2025\" data-dt-img-description=\"\" data-large_image_width=\"940\" data-large_image_height=\"940\"href='https:\/\/www.radiopiu.net\/wordpress\/wp-content\/uploads\/2025\/09\/post_facebook_porte_santa_gisutina_2025.jpg'><img loading=\"lazy\" decoding=\"async\" width=\"150\" height=\"150\" src=\"https:\/\/www.radiopiu.net\/wordpress\/wp-content\/uploads\/2025\/09\/post_facebook_porte_santa_gisutina_2025-150x150.jpg\" class=\"attachment-thumbnail size-thumbnail\" alt=\"\" srcset=\"https:\/\/www.radiopiu.net\/wordpress\/wp-content\/uploads\/2025\/09\/post_facebook_porte_santa_gisutina_2025-150x150.jpg 150w, https:\/\/www.radiopiu.net\/wordpress\/wp-content\/uploads\/2025\/09\/post_facebook_porte_santa_gisutina_2025-300x300.jpg 300w, https:\/\/www.radiopiu.net\/wordpress\/wp-content\/uploads\/2025\/09\/post_facebook_porte_santa_gisutina_2025-768x768.jpg 768w, https:\/\/www.radiopiu.net\/wordpress\/wp-content\/uploads\/2025\/09\/post_facebook_porte_santa_gisutina_2025.jpg 940w\" sizes=\"auto, (max-width: 150px) 100vw, 150px\" \/><\/a>\n\t\t\t\t<\/dt><\/dl><dl class='gallery-item'>\n\t\t\t\t<dt class='gallery-icon portrait'>\n\t\t\t\t\t<a class=\"rollover rollover-zoom dt-pswp-item\" title=\"manifesto-se-desmonteghea-2025-731x1024\" data-dt-img-description=\"\" data-large_image_width=\"731\" data-large_image_height=\"1024\"href='https:\/\/www.radiopiu.net\/wordpress\/wp-content\/uploads\/2025\/09\/manifesto-se-desmonteghea-2025-731x1024-1.jpg'><img loading=\"lazy\" decoding=\"async\" width=\"150\" height=\"150\" src=\"https:\/\/www.radiopiu.net\/wordpress\/wp-content\/uploads\/2025\/09\/manifesto-se-desmonteghea-2025-731x1024-1-150x150.jpg\" class=\"attachment-thumbnail size-thumbnail\" alt=\"\" \/><\/a>\n\t\t\t\t<\/dt><\/dl><dl class='gallery-item'>\n\t\t\t\t<dt class='gallery-icon portrait'>\n\t\t\t\t\t<a class=\"rollover rollover-zoom dt-pswp-item\" title=\"2025_Concerto Vittore e Corona_Locandina_v2\" data-dt-img-description=\"\" data-large_image_width=\"1150\" data-large_image_height=\"2560\"href='https:\/\/www.radiopiu.net\/wordpress\/wp-content\/uploads\/2025\/09\/2025_Concerto-Vittore-e-Corona_Locandina_v2-scaled.png'><img loading=\"lazy\" decoding=\"async\" width=\"150\" height=\"150\" src=\"https:\/\/www.radiopiu.net\/wordpress\/wp-content\/uploads\/2025\/09\/2025_Concerto-Vittore-e-Corona_Locandina_v2-150x150.png\" class=\"attachment-thumbnail size-thumbnail\" alt=\"\" \/><\/a>\n\t\t\t\t<\/dt><\/dl>\n\t\t\t\t<br style='clear: both' \/>\n\t\t\t<\/div>\n\n<h2><\/h2>\n<hr \/>\n<p>&nbsp;<\/p>\n<p class=\"mceTemp\"><a class=\"dt-pswp-item\" href=\"https:\/\/www.radiopiu.net\/wordpress\/wp-content\/uploads\/2018\/09\/WhatsApp-Image-2018-09-20-at-16.04.06.jpeg\" data-dt-img-description=\"\" data-large_image_width=\"800\" data-large_image_height=\"100\"><img loading=\"lazy\" decoding=\"async\" class=\"wp-image-61378 size-full aligncenter\" src=\"https:\/\/www.radiopiu.net\/wordpress\/wp-content\/uploads\/2018\/09\/WhatsApp-Image-2018-09-20-at-16.04.06.jpeg\" alt=\"\" width=\"800\" height=\"100\" srcset=\"https:\/\/www.radiopiu.net\/wordpress\/wp-content\/uploads\/2018\/09\/WhatsApp-Image-2018-09-20-at-16.04.06.jpeg 800w, https:\/\/www.radiopiu.net\/wordpress\/wp-content\/uploads\/2018\/09\/WhatsApp-Image-2018-09-20-at-16.04.06-300x38.jpeg 300w, https:\/\/www.radiopiu.net\/wordpress\/wp-content\/uploads\/2018\/09\/WhatsApp-Image-2018-09-20-at-16.04.06-768x96.jpeg 768w\" sizes=\"auto, (max-width: 800px) 100vw, 800px\" \/><\/a><\/p>\n<p>&nbsp;<\/p>\n<p><center><b>OGGI<\/b><\/center>Cielo sereno ovunque al pi\u00f9 poco nuvoloso per qualche modesto addensamento a ridosso di qualche vetta nelle ore calde e per locali nubi basse in Valbelluna eventualmente associate ad po&#8217; di foschia nelle ore fredde specie in prossimit\u00e0 dei corsi d&#8217;acqua. Clima diurno quasi estivo.<br \/>\n<b>Precipitazioni: <\/b>Assenti<br \/>\n<b>Temperature: <\/b>Minime in calo nelle valli in contenuto aumento in alta montagna; massime in aumento a tutte le quote anche sensibile con un&#8217;elevata escursione termica giornaliera<\/p>\n<hr \/>\n<p><center><b>DOMANI<\/b><\/center>Al mattino cielo sereno a tutte le quote; nelle ore calde ancora sereno o al pi\u00f9 poco nuvoloso per degli innocui e modesti addensamenti a ridosso di qualche cima e per il transito di sottili velature verso sera. Fenomeni assenti.<br \/>\n<b>Precipitazioni: <\/b>Assenti<br \/>\n<b>Temperature: <\/b>In ulteriore aumento, specie le massime, con un&#8217;elevata escursione termica giornaliera nelle valli e altipiani<\/p>\n<hr \/>\n<p><center><b>SABATO<\/b><\/center>Ancora una giornata abbastanza soleggiata, leggermente disturbata da innocui e modesti addensamenti diurni a ridosso di qualche cima e dal passaggio di velature un po&#8217; pi\u00f9 consistenti rispetto a quelle di venerd\u00ec sera\/notte. Temperature pressoch\u00e9 stazionarie, salvo un lieve calo delle massime con un clima diurno ancora tipicamente estivo.<\/p>\n<hr \/>\n<p><center><b>DOMENICA<\/b><\/center>Cielo in prevalenza poco nuvoloso per il transito di nubi alte e per qualche innocuo addensamento sulla cima di qualche rilievo. Fenomeni assenti. Temperature minime in contenuto aumento, massime in contenuta diminuzione su valori ancora superiori alle medie del periodo.<\/p>\n<p>&nbsp;<\/p>\n<p>&nbsp;<\/p>\n<hr \/>\n<p>&nbsp;<\/p>\n<p class=\"mceTemp\"><a class=\"dt-pswp-item\" href=\"https:\/\/www.radiopiu.net\/wordpress\/wp-content\/uploads\/2018\/09\/sport.jpg\" data-dt-img-description=\"\" data-large_image_width=\"800\" data-large_image_height=\"100\"><img loading=\"lazy\" decoding=\"async\" class=\"aligncenter wp-image-60761 size-full\" src=\"https:\/\/www.radiopiu.net\/wordpress\/wp-content\/uploads\/2018\/09\/sport.jpg\" alt=\"\" width=\"800\" height=\"100\" srcset=\"https:\/\/www.radiopiu.net\/wordpress\/wp-content\/uploads\/2018\/09\/sport.jpg 800w, https:\/\/www.radiopiu.net\/wordpress\/wp-content\/uploads\/2018\/09\/sport-300x38.jpg 300w, https:\/\/www.radiopiu.net\/wordpress\/wp-content\/uploads\/2018\/09\/sport-768x96.jpg 768w\" sizes=\"auto, (max-width: 800px) 100vw, 800px\" \/> <\/a><\/p>\n<p>&nbsp;<\/p>\n<p><span style=\"color: #0000ff;\"><strong>CALCIO<\/strong><\/span><\/p>\n<blockquote>\n<h3>L&#8217;AURONZO BATTE L&#8217;AGORDINA E SI AGGIUDICA LA SUPERCOPPA DI TERZA CATEGORIA<\/h3>\n<\/blockquote>\n<p><span style=\"color: #ff0000;\"><strong><a class=\"dt-pswp-item\" href=\"https:\/\/www.radiopiu.net\/wordpress\/wp-content\/uploads\/2025\/09\/fe3b2026-c3f3-4b00-a034-ec017f97e512-scaled.jpg\" data-dt-img-description=\"\" data-large_image_width=\"2560\" data-large_image_height=\"1827\"><img loading=\"lazy\" decoding=\"async\" class=\" wp-image-470356 alignleft\" src=\"https:\/\/www.radiopiu.net\/wordpress\/wp-content\/uploads\/2025\/09\/fe3b2026-c3f3-4b00-a034-ec017f97e512-300x214.jpg\" alt=\"\" width=\"219\" height=\"156\" srcset=\"https:\/\/www.radiopiu.net\/wordpress\/wp-content\/uploads\/2025\/09\/fe3b2026-c3f3-4b00-a034-ec017f97e512-300x214.jpg 300w, https:\/\/www.radiopiu.net\/wordpress\/wp-content\/uploads\/2025\/09\/fe3b2026-c3f3-4b00-a034-ec017f97e512-1024x731.jpg 1024w, https:\/\/www.radiopiu.net\/wordpress\/wp-content\/uploads\/2025\/09\/fe3b2026-c3f3-4b00-a034-ec017f97e512-768x548.jpg 768w, https:\/\/www.radiopiu.net\/wordpress\/wp-content\/uploads\/2025\/09\/fe3b2026-c3f3-4b00-a034-ec017f97e512-1536x1096.jpg 1536w, https:\/\/www.radiopiu.net\/wordpress\/wp-content\/uploads\/2025\/09\/fe3b2026-c3f3-4b00-a034-ec017f97e512-2048x1461.jpg 2048w\" sizes=\"auto, (max-width: 219px) 100vw, 219px\" \/><\/a>SUPERCOPPA DI TERZA CATEGORIA<\/strong><\/span><\/p>\n<p><strong>AURONZO &#8211; AGORDINA 3-0<\/strong><\/p>\n<p>L\u2019Auronzo alza al cielo la Supercoppa di Terza Categoria grazie a un secco 3-0 maturato nella parte finale della gara contro un\u2019Agordina generosa, capace di resistere per oltre un\u2019ora prima di capitolare sotto i colpi dei biancoverdi. La squadra cadorina ha mostrato fin dai primi minuti un maggior possesso palla e una certa intraprendenza offensiva. L\u2019Agordina, tuttavia, non \u00e8 rimasta a guardare: al 25\u2019 Selle ha scaldato le mani al portiere con una punizione ben calciata, respinta con prontezza, mentre poco dopo Crepaz ha provato la conclusione dalla distanza, finita alta sopra la traversa. L\u2019Auronzo ha comunque mantenuto il pallino del gioco, pur senza trovare il guizzo decisivo. Dopo l\u2019intervallo il copione non \u00e8 cambiato: Auronzo in pressione, Agordina compatta in difesa e pronta a ripartire. Il match si \u00e8 per\u00f2 sbloccato al 70\u2019, quando i cadorini hanno trovato il vantaggio con una precisa conclusione che ha piegato la resistenza ospite. L\u2019inerzia \u00e8 passata tutta dalla parte dell\u2019Auronzo, che ha raddoppiato al 75\u2019 e chiuso definitivamente i conti all\u201987\u2019.<\/p>\n<p>&nbsp;<\/p>\n<p>&nbsp;<\/p>\n<p><span style=\"color: #0000ff;\"><strong>MOTORI<\/strong><\/span><\/p>\n<blockquote>\n<h3>41ESIMA PEDAVENA CROCE D\u2019AUNE: SFIDA DECISIVA PER IL CIVM<\/h3>\n<\/blockquote>\n<p><a class=\"dt-pswp-item\" href=\"https:\/\/www.radiopiu.net\/wordpress\/wp-content\/uploads\/2025\/09\/Diego-Degasperi-X3.jpeg\" data-dt-img-description=\"\" data-large_image_width=\"1280\" data-large_image_height=\"853\"><img loading=\"lazy\" decoding=\"async\" class=\" wp-image-470305 alignleft\" src=\"https:\/\/www.radiopiu.net\/wordpress\/wp-content\/uploads\/2025\/09\/Diego-Degasperi-X3-300x200.jpeg\" alt=\"\" width=\"185\" height=\"123\" srcset=\"https:\/\/www.radiopiu.net\/wordpress\/wp-content\/uploads\/2025\/09\/Diego-Degasperi-X3-300x200.jpeg 300w, https:\/\/www.radiopiu.net\/wordpress\/wp-content\/uploads\/2025\/09\/Diego-Degasperi-X3-1024x682.jpeg 1024w, https:\/\/www.radiopiu.net\/wordpress\/wp-content\/uploads\/2025\/09\/Diego-Degasperi-X3-768x512.jpeg 768w, https:\/\/www.radiopiu.net\/wordpress\/wp-content\/uploads\/2025\/09\/Diego-Degasperi-X3.jpeg 1280w\" sizes=\"auto, (max-width: 185px) 100vw, 185px\" \/><\/a>Si chiudono a quota 213 le iscrizioni alla 41^ Pedavena Croce D\u2019Aune, dodicesimo appuntamento del Campionato Italiano Velocit\u00e0 Montagna nord, in programma dal 19 al 21 settembre. La presentazione ufficiale si terr\u00e0 venerd\u00ec 19 presso la Birreria Pedavena con organizzatori, autorit\u00e0 e partner. La competizione entrer\u00e0 nel vivo con le verifiche tecniche e sportive, due manche di ricognizione sabato e le salite di gara domenica dalle ore 9.00. La corsa bellunese si annuncia determinante per i titoli di gruppo e classe in vista della finale nazionale di Alghero. Tra i protagonisti attesi Diego Degasperi, Franco Caruso, Matteo Moratelli, Leonardo Chiesini e numerosi altri big del CIVM, dalle monoposto alle GT, passando per Rally e TCR. Scuderia Vimotorsport e Best Lap si contendono la leadership, mentre tanti piloti puntano a consolidare posizioni o scalare la classifica. Spettacolo assicurato lungo il percorso dolomitico.<\/p>\n<p>&nbsp;<\/p>\n<p>&nbsp;<\/p>\n<p>&nbsp;<\/p>\n<p>&nbsp;<\/p>\n","protected":false},"excerpt":{"rendered":"<p>*** &nbsp; LA\u00a0 APP PER IOS-IPHONE di Nicola Vettorello https:\/\/apps.apple.com\/it\/app\/radio-pi%C3%B9-emittente-agordina\/id1515939845 LA\u00a0 APP RADIO\u00a0 PER ANDROID di Nicola Vettorello https:\/\/play.google.com\/store\/apps\/details?id=net.radiopiu.iniko\u00a0\u00a0\u00a0\u00a0\u00a0\u00a0 &nbsp; ALLEGHE DA QUALCHE GIORNO&#8230; IN RIVA AL LAGO.. CAMPEGGIO LIBERO NON CONTROLLATO &nbsp; \u00a0\u00a0 OGGI SU RADIOPI\u00d9: MUSICA, informazione\u00a0 e dirette\u00a0 ALLE 8.05 LA RASSEGNA STAMPA LOCALE 8.25 PIU SIAMO DI MARINA DONA\u2019 900 SPECIALE&hellip;<\/p>\n","protected":false},"author":4,"featured_media":470383,"comment_status":"closed","ping_status":"closed","sticky":false,"template":"","format":"standard","meta":{"_monsterinsights_skip_tracking":false,"_monsterinsights_sitenote_active":false,"_monsterinsights_sitenote_note":"","_monsterinsights_sitenote_category":0,"footnotes":""},"categories":[51,86,49],"tags":[],"class_list":["post-470175","post","type-post","status-publish","format-standard","has-post-thumbnail","hentry","category-evidenza-top","category-gr","category-news-18","category-51","category-86","category-49","description-off"],"img_url":"https:\/\/www.radiopiu.net\/wordpress\/wp-content\/uploads\/2025\/09\/Screenshot-2025-09-18-053908.png","_links":{"self":[{"href":"https:\/\/www.radiopiu.net\/wordpress\/wp-json\/wp\/v2\/posts\/470175","targetHints":{"allow":["GET"]}}],"collection":[{"href":"https:\/\/www.radiopiu.net\/wordpress\/wp-json\/wp\/v2\/posts"}],"about":[{"href":"https:\/\/www.radiopiu.net\/wordpress\/wp-json\/wp\/v2\/types\/post"}],"author":[{"embeddable":true,"href":"https:\/\/www.radiopiu.net\/wordpress\/wp-json\/wp\/v2\/users\/4"}],"replies":[{"embeddable":true,"href":"https:\/\/www.radiopiu.net\/wordpress\/wp-json\/wp\/v2\/comments?post=470175"}],"version-history":[{"count":42,"href":"https:\/\/www.radiopiu.net\/wordpress\/wp-json\/wp\/v2\/posts\/470175\/revisions"}],"predecessor-version":[{"id":470454,"href":"https:\/\/www.radiopiu.net\/wordpress\/wp-json\/wp\/v2\/posts\/470175\/revisions\/470454"}],"wp:featuredmedia":[{"embeddable":true,"href":"https:\/\/www.radiopiu.net\/wordpress\/wp-json\/wp\/v2\/media\/470383"}],"wp:attachment":[{"href":"https:\/\/www.radiopiu.net\/wordpress\/wp-json\/wp\/v2\/media?parent=470175"}],"wp:term":[{"taxonomy":"category","embeddable":true,"href":"https:\/\/www.radiopiu.net\/wordpress\/wp-json\/wp\/v2\/categories?post=470175"},{"taxonomy":"post_tag","embeddable":true,"href":"https:\/\/www.radiopiu.net\/wordpress\/wp-json\/wp\/v2\/tags?post=470175"}],"curies":[{"name":"wp","href":"https:\/\/api.w.org\/{rel}","templated":true}]}}