{"id":470188,"date":"2025-09-17T05:12:45","date_gmt":"2025-09-17T03:12:45","guid":{"rendered":"https:\/\/www.radiopiu.net\/wordpress\/?p=470188"},"modified":"2025-09-17T05:12:45","modified_gmt":"2025-09-17T03:12:45","slug":"agordo-donna-ferita-per-riprendersi-la-gatta","status":"publish","type":"post","link":"https:\/\/www.radiopiu.net\/wordpress\/agordo-donna-ferita-per-riprendersi-la-gatta\/","title":{"rendered":"AGORDO: DONNA FERITA PER RIPRENDERSI LA GATTA"},"content":{"rendered":"<p>***<\/p>\n<p><strong>OGGI LA GIUDIZIARIA<\/strong><br \/>\n<strong>DAL CORRIERE DELLE ALPI<\/strong><\/p>\n<p><strong>SINTESI_GIGI SOSSO\u00a0\u00a0<\/strong><\/p>\n<p>&nbsp;<\/p>\n<p><strong>AGORDO\u00a0<\/strong> una donna \u00e8 stata colpita due volte con il portellone del bagagliaio dall\u2019ex marito mentre cercava di riprendersi la sua gatta. L\u2019uomo, gi\u00e0 condannato in passato per episodi simili, \u00e8 ora imputato per lesioni aggravate. La donna, che ha registrato l\u2019aggressione su consiglio dei carabinieri, ha riportato 25 giorni di prognosi. Il giudice Berletti ha rinviato l\u2019udienza per ascoltare un carabiniere e l\u2019esame dell\u2019imputato.<\/p>\n<blockquote>\n<h3 data-start=\"78\" data-end=\"150\"><strong data-start=\"78\" data-end=\"148\"><img loading=\"lazy\" decoding=\"async\" class=\"alignleft\" src=\"https:\/\/www.radiopiu.net\/wordpress\/wp-content\/uploads\/2025\/09\/6d1ad42a-4e7f-4b0c-9ee2-00791b8d6fce.png\" width=\"281\" height=\"187\" \/>INSEGUIMENTO A FELTRE: SOSPIROLESE ARRESTATO, ZUMELLESE DENUNCIATO<\/strong><\/h3>\n<\/blockquote>\n<p data-start=\"152\" data-end=\"757\"><strong>SOSPIROLO\u00a0 <\/strong>Il 26enne di Sospirolo, \u00e8 stato arrestato dai carabinieri dopo aver forzato un posto di blocco a Feltre senza patente, insieme\u00a0 al 25enne di Zumelle, denunciato per resistenza a pubblico ufficiale. L\u2019inseguimento, iniziato in localit\u00e0 Busche, ha visto violazioni del codice della strada e resistenza da parte dei due. Difesi dagli avvocati Marco Cason e Roberta Resenterra, entrambi hanno ottenuto la messa alla prova: nove mesi di lavori di pubblica utilit\u00e0. Se il volontariato sar\u00e0 completato con successo, il reato potr\u00e0 essere estinto senza traccia nel casellario giudiziale.<\/p>\n<blockquote>\n<h3 data-start=\"78\" data-end=\"128\"><strong data-start=\"78\" data-end=\"126\">COPPIA PRESENTA RICORSO CONTRO ULSS DOLOMITI<\/strong><\/h3>\n<\/blockquote>\n<p data-start=\"130\" data-end=\"661\"><strong>BELLUNO<\/strong> Una coppia di origine balcanica ha presentato in tribunale un accertamento tecnico preventivo contro l\u2019Ulss 1 Dolomiti dopo la nascita del loro bambino con sindrome di Down. I genitori sostengono di non essere stati pienamente informati sui test genetici durante la gravidanza. La decisione del giudice Irene Colladet sulla nomina di un consulente tecnico sar\u00e0 comunicata nei prossimi giorni. L\u2019Ulss, rappresentata da Silvia Pesce, contesta la versione della coppia, documentando di aver fornito tutte le informazioni necessarie.<\/p>\n<blockquote>\n<h3 data-start=\"78\" data-end=\"136\"><strong data-start=\"78\" data-end=\"134\">PATTEGGIA PER MALTRATTAMENTI IL GIOVANE DEL FELTRINO<\/strong><\/h3>\n<\/blockquote>\n<p data-start=\"138\" data-end=\"618\"><strong>FELTRE<\/strong> Un uomo del Feltrino ha patteggiato tre mesi di reclusione per maltrattamenti in continuazione nei confronti della sua ex convivente, aggiungendosi ai quattro mesi precedenti. La donna, che si era costituita parte civile, aveva denunciato le continue violenze fisiche e psicologiche subite negli ultimi tre anni, compresi messaggi minatori su Instagram. Il giudice Elisabetta Scolozzi ha approvato il patteggiamento, confermando la pena in continuit\u00e0 con la precedente sentenza.<\/p>\n<hr \/>\n<p data-start=\"140\" data-end=\"576\">\n","protected":false},"excerpt":{"rendered":"<p>*** OGGI LA GIUDIZIARIA DAL CORRIERE DELLE ALPI SINTESI_GIGI SOSSO\u00a0\u00a0 &nbsp; AGORDO\u00a0 una donna \u00e8 stata colpita due volte con il portellone del bagagliaio dall\u2019ex marito mentre cercava di riprendersi la sua gatta. L\u2019uomo, gi\u00e0 condannato in passato per episodi simili, \u00e8 ora imputato per lesioni aggravate. La donna, che ha registrato l\u2019aggressione su consiglio&hellip;<\/p>\n","protected":false},"author":4,"featured_media":470189,"comment_status":"closed","ping_status":"closed","sticky":false,"template":"","format":"standard","meta":{"_monsterinsights_skip_tracking":false,"_monsterinsights_sitenote_active":false,"_monsterinsights_sitenote_note":"","_monsterinsights_sitenote_category":0,"footnotes":""},"categories":[51,49],"tags":[],"class_list":["post-470188","post","type-post","status-publish","format-standard","has-post-thumbnail","hentry","category-evidenza-top","category-news-18","category-51","category-49","description-off"],"img_url":"https:\/\/www.radiopiu.net\/wordpress\/wp-content\/uploads\/2025\/09\/6d1ad42a-4e7f-4b0c-9ee2-00791b8d6fce.png","_links":{"self":[{"href":"https:\/\/www.radiopiu.net\/wordpress\/wp-json\/wp\/v2\/posts\/470188","targetHints":{"allow":["GET"]}}],"collection":[{"href":"https:\/\/www.radiopiu.net\/wordpress\/wp-json\/wp\/v2\/posts"}],"about":[{"href":"https:\/\/www.radiopiu.net\/wordpress\/wp-json\/wp\/v2\/types\/post"}],"author":[{"embeddable":true,"href":"https:\/\/www.radiopiu.net\/wordpress\/wp-json\/wp\/v2\/users\/4"}],"replies":[{"embeddable":true,"href":"https:\/\/www.radiopiu.net\/wordpress\/wp-json\/wp\/v2\/comments?post=470188"}],"version-history":[{"count":1,"href":"https:\/\/www.radiopiu.net\/wordpress\/wp-json\/wp\/v2\/posts\/470188\/revisions"}],"predecessor-version":[{"id":470190,"href":"https:\/\/www.radiopiu.net\/wordpress\/wp-json\/wp\/v2\/posts\/470188\/revisions\/470190"}],"wp:featuredmedia":[{"embeddable":true,"href":"https:\/\/www.radiopiu.net\/wordpress\/wp-json\/wp\/v2\/media\/470189"}],"wp:attachment":[{"href":"https:\/\/www.radiopiu.net\/wordpress\/wp-json\/wp\/v2\/media?parent=470188"}],"wp:term":[{"taxonomy":"category","embeddable":true,"href":"https:\/\/www.radiopiu.net\/wordpress\/wp-json\/wp\/v2\/categories?post=470188"},{"taxonomy":"post_tag","embeddable":true,"href":"https:\/\/www.radiopiu.net\/wordpress\/wp-json\/wp\/v2\/tags?post=470188"}],"curies":[{"name":"wp","href":"https:\/\/api.w.org\/{rel}","templated":true}]}}