{"id":470235,"date":"2025-09-17T09:24:19","date_gmt":"2025-09-17T07:24:19","guid":{"rendered":"https:\/\/www.radiopiu.net\/wordpress\/?p=470235"},"modified":"2025-10-16T07:40:46","modified_gmt":"2025-10-16T05:40:46","slug":"almanacco-e-tradizioni-il-musla-racconta-la-ladinia","status":"publish","type":"post","link":"https:\/\/www.radiopiu.net\/wordpress\/almanacco-e-tradizioni-il-musla-racconta-la-ladinia\/","title":{"rendered":"ALMANACCO E TRADIZIONI: IL MUSLA RACCONTA LA LADINIA"},"content":{"rendered":"<p>**<\/p>\n<p>&nbsp;<\/p>\n<p><strong>PROGETTO REALIZZATO\u00a0 <b>con il contributo della Presidenza del Consiglio dei ministri &#8211; Dipartimento per gli affari regionali e le autonomie<\/b>\u201d;<\/strong><\/p>\n<p><i>L. 482\/99_Progettualit\u00e0 2023. CONTRIBUTI A FAVORE DELLE EMITTENTI RADIOFONICHE PRIVATE E LOCALI A SOSTEGNO DELLE SPESE SOSTENUTE PER LA REALIZZAZIONE DI PROGRAMMI IN LINGUA LADINA. BANDO ANNO 2025. &#8211; COMUNICAZIONE ASSEGNAZIONE CONTRIBUTO<br \/>\n<\/i><\/p>\n\n\t\t\t<style type='text\/css'>\n\t\t\t\t#gallery-1 {\n\t\t\t\t\tmargin: auto;\n\t\t\t\t}\n\t\t\t\t#gallery-1 .gallery-item {\n\t\t\t\t\tfloat: left;\n\t\t\t\t\tmargin-top: 10px;\n\t\t\t\t\ttext-align: center;\n\t\t\t\t\twidth: 50%;\n\t\t\t\t}\n\t\t\t\t#gallery-1 img {\n\t\t\t\t\tborder: 2px solid #cfcfcf;\n\t\t\t\t}\n\t\t\t\t#gallery-1 .gallery-caption {\n\t\t\t\t\tmargin-left: 0;\n\t\t\t\t}\n\t\t\t\t\/* see gallery_shortcode() in wp-includes\/media.php *\/\n\t\t\t<\/style>\n\t\t<div id='gallery-1' class='dt-gallery-container gallery galleryid-470235 gallery-columns-2 gallery-size-full'><dl class='gallery-item'>\n\t\t\t\t<dt class='gallery-icon landscape'>\n\t\t\t\t\t<a class=\"rollover rollover-zoom dt-pswp-item\" title=\"logo-DARA-300x107\" data-dt-img-description=\"\" data-large_image_width=\"300\" data-large_image_height=\"107\"href='https:\/\/www.radiopiu.net\/wordpress\/wp-content\/uploads\/2025\/09\/logo-DARA-300x107-1.png'><img loading=\"lazy\" decoding=\"async\" width=\"300\" height=\"107\" src=\"https:\/\/www.radiopiu.net\/wordpress\/wp-content\/uploads\/2025\/09\/logo-DARA-300x107-1.png\" class=\"attachment-full size-full\" alt=\"\" \/><\/a>\n\t\t\t\t<\/dt><\/dl><dl class='gallery-item'>\n\t\t\t\t<dt class='gallery-icon landscape'>\n\t\t\t\t\t<a class=\"rollover rollover-zoom dt-pswp-item\" title=\"Screenshot-2025-09-17-093227-300x109\" data-dt-img-description=\"\" data-large_image_width=\"300\" data-large_image_height=\"109\"href='https:\/\/www.radiopiu.net\/wordpress\/wp-content\/uploads\/2025\/09\/Screenshot-2025-09-17-093227-300x109-1.png'><img loading=\"lazy\" decoding=\"async\" width=\"300\" height=\"109\" src=\"https:\/\/www.radiopiu.net\/wordpress\/wp-content\/uploads\/2025\/09\/Screenshot-2025-09-17-093227-300x109-1.png\" class=\"attachment-full size-full\" alt=\"\" \/><\/a>\n\t\t\t\t<\/dt><\/dl><br style=\"clear: both\" \/>\n\t\t\t<\/div>\n\n<p><i>\u00a0<\/i><\/p>\n<p><a class=\"dt-pswp-item\" href=\"https:\/\/www.radiopiu.net\/wordpress\/wp-content\/uploads\/2025\/09\/Screenshot-2025-09-17-093227.png\" data-dt-img-description=\"\" data-large_image_width=\"392\" data-large_image_height=\"142\">\u00a0<\/a><\/p>\n<p data-start=\"163\" data-end=\"530\"><a class=\"dt-pswp-item\" href=\"https:\/\/www.radiopiu.net\/wordpress\/wp-content\/uploads\/2022\/04\/musla.jpg\" data-dt-img-description=\"\" data-large_image_width=\"300\" data-large_image_height=\"133\"><img loading=\"lazy\" decoding=\"async\" class=\" wp-image-270273 alignleft\" src=\"https:\/\/www.radiopiu.net\/wordpress\/wp-content\/uploads\/2022\/04\/musla.jpg\" alt=\"\" width=\"262\" height=\"116\" \/><\/a>Lo scorso anno, il Dottor Cesare Dal Bo\u2019 \u00e8 passato a trovare Radio Pi\u00f9, ma non certo a mani vuote: ci ha consegnato un libro speciale, l\u2019Almanacco, accompagnato da parole di stima verso i ragazzi e le ragazze del Musla. <em>\u00abQuanto sono bravi \u2013 ci ha detto \u2013! Chiedendo il loro importante contributo per un nuovo programma, meritano davvero attenzione\u00bb.<\/em><\/p>\n<p data-start=\"532\" data-end=\"907\">All\u2019epoca, i giovani del Musla erano gi\u00e0 protagonisti in radio con \u201cLe Nove in Ladin\u201d, la striscia informativa trasmessa il marted\u00ec e il venerd\u00ec. Da questa esperienza \u00e8 nato il ciclo annuale \u201cpirole de lenga La Parola del Di\u201d, ideato da Nicola Cassisi di Agordo e Beatrice Colcuc di Colle Santa Lucia, che da pochi giorni \u00e8 iniziato anche in replica, portando nuovamente in onda le voci e i racconti dei nostri giovani. Il 16 settembre 2024, con entusiasmo e puntualit\u00e0, Davide Conedera (Agordo), Michela Dell\u2019Osbel (La Valle Agordina), Simone Ganz (Falcade) e Veronica Lezuo (Colle Santa Lucia) hanno cominciato a registrare N di parom &#8211; L Almanach de la nosta jent. Settimana dopo settimana, la raccolta ha preso forma, fino a diventare un vero e proprio capolavoro consegnato\u2026 ai posteri.<\/p>\n<p data-start=\"1263\" data-end=\"1612\">Il Musla continua a collaborare con \u201cLe Nove in Ladin\u201d, e anche nel 2025 le trasmissioni Almanacco e La Parola del Di rimangono regolarmente in palinsesto, insieme all\u2019amata rubrica di detti e tradizioni \u201cEl Bal del Fior\u201d di Giuliana Da Ronch, a conferma di un impegno che unisce passione, cultura e memoria del territorio.<\/p>\n<blockquote>\n<p data-start=\"1614\" data-end=\"1856\"><em>Un ringraziamento speciale a questi ragazzi e ragazze: la loro voce, la loro puntualit\u00e0 e la loro passione dimostrano quanto sia viva la cultura ladina nelle Dolomiti e quanto la radio possa essere davvero il cuore pulsante di una comunit\u00e0.<\/em><\/p>\n<\/blockquote>\n<p data-start=\"1614\" data-end=\"1856\">mirko<\/p>\n<p data-start=\"1614\" data-end=\"1856\"><strong>LA RACCOLTA COMPLETA, Musla le nove in Ladin<\/strong><\/p>\n<blockquote class=\"wp-embedded-content\" data-secret=\"IDwG8jpNNs\"><p><a href=\"https:\/\/www.radiopiu.net\/wordpress\/musla\/\">MUSLA<\/a><\/p><\/blockquote>\n<p><iframe loading=\"lazy\" class=\"wp-embedded-content\" sandbox=\"allow-scripts\" security=\"restricted\" style=\"position: absolute; visibility: hidden;\" title=\"&#8220;MUSLA&#8221; &#8212; Radio Pi\u00f9\" src=\"https:\/\/www.radiopiu.net\/wordpress\/musla\/embed\/#?secret=5UtBUzQpcV#?secret=IDwG8jpNNs\" data-secret=\"IDwG8jpNNs\" width=\"600\" height=\"338\" frameborder=\"0\" marginwidth=\"0\" marginheight=\"0\" scrolling=\"no\"><\/iframe><\/p>\n<p data-start=\"1614\" data-end=\"1856\">ECCO LA RACCOLTA COMPLETA <strong>N di parom &#8211; L Almanach de la nosta jent\u00a0<\/strong><\/p>\n<blockquote class=\"wp-embedded-content\" data-secret=\"3EnSWn1nnH\"><p><a href=\"https:\/\/www.radiopiu.net\/wordpress\/almanac11\/\">RACCOLTA ANNO 2025 N di parom &#8211; L Almanach de la nosta jent<\/a><\/p><\/blockquote>\n<p><iframe loading=\"lazy\" class=\"wp-embedded-content\" sandbox=\"allow-scripts\" security=\"restricted\" style=\"position: absolute; visibility: hidden;\" title=\"&#8220;RACCOLTA ANNO 2025 N di parom &#8211; L Almanach de la nosta jent&#8221; &#8212; Radio Pi\u00f9\" src=\"https:\/\/www.radiopiu.net\/wordpress\/almanac11\/embed\/#?secret=hcZGJiOc2O#?secret=3EnSWn1nnH\" data-secret=\"3EnSWn1nnH\" width=\"600\" height=\"338\" frameborder=\"0\" marginwidth=\"0\" marginheight=\"0\" scrolling=\"no\"><\/iframe><\/p>\n<p data-start=\"1614\" data-end=\"1856\">ECCO LA RACCOLTA COMPLETA\u00a0<strong> Pirole de lenga La parole del d\u00ec 2025<\/strong><\/p>\n<blockquote class=\"wp-embedded-content\" data-secret=\"4IJ9jlBE5m\"><p><a href=\"https:\/\/www.radiopiu.net\/wordpress\/raccolta-anno-2024-pirole-de-lenga-dalla-puntata-1-alla-250\/\">PIROLE DE LENGA&#8230;RACCOLTA ANNO 2024-25 completa<\/a><\/p><\/blockquote>\n<p><iframe loading=\"lazy\" class=\"wp-embedded-content\" sandbox=\"allow-scripts\" security=\"restricted\" style=\"position: absolute; visibility: hidden;\" title=\"&#8220;PIROLE DE LENGA&#8230;RACCOLTA ANNO 2024-25 completa&#8221; &#8212; Radio Pi\u00f9\" src=\"https:\/\/www.radiopiu.net\/wordpress\/raccolta-anno-2024-pirole-de-lenga-dalla-puntata-1-alla-250\/embed\/#?secret=h7D0QYzkuc#?secret=4IJ9jlBE5m\" data-secret=\"4IJ9jlBE5m\" width=\"600\" height=\"338\" frameborder=\"0\" marginwidth=\"0\" marginheight=\"0\" scrolling=\"no\"><\/iframe><\/p>\n<p data-start=\"1614\" data-end=\"1856\">ECCO LA RACCOLTA COMPLETE DE\u00a0<strong> El bal del fior 2025<\/strong><\/p>\n<blockquote class=\"wp-embedded-content\" data-secret=\"65dRixfrzb\"><p><a href=\"https:\/\/www.radiopiu.net\/wordpress\/elbalfior_secondaaa\/\">&#8220;EL BAL DEL FIOR&#8221;, DI GIULIANA DA RONCH SECONDA STAGIONE<\/a><\/p><\/blockquote>\n<p><iframe loading=\"lazy\" class=\"wp-embedded-content\" sandbox=\"allow-scripts\" security=\"restricted\" style=\"position: absolute; visibility: hidden;\" title=\"&#8220;&#8220;EL BAL DEL FIOR&#8221;, DI GIULIANA DA RONCH SECONDA STAGIONE&#8221; &#8212; Radio Pi\u00f9\" src=\"https:\/\/www.radiopiu.net\/wordpress\/elbalfior_secondaaa\/embed\/#?secret=LnP1f6iEvo#?secret=65dRixfrzb\" data-secret=\"65dRixfrzb\" width=\"600\" height=\"338\" frameborder=\"0\" marginwidth=\"0\" marginheight=\"0\" scrolling=\"no\"><\/iframe><\/p>\n<p data-start=\"1614\" data-end=\"1856\">___<\/p>\n","protected":false},"excerpt":{"rendered":"<p>** &nbsp; PROGETTO REALIZZATO\u00a0 con il contributo della Presidenza del Consiglio dei ministri &#8211; Dipartimento per gli affari regionali e le autonomie\u201d; L. 482\/99_Progettualit\u00e0 2023. CONTRIBUTI A FAVORE DELLE EMITTENTI RADIOFONICHE PRIVATE E LOCALI A SOSTEGNO DELLE SPESE SOSTENUTE PER LA REALIZZAZIONE DI PROGRAMMI IN LINGUA LADINA. BANDO ANNO 2025. &#8211; COMUNICAZIONE ASSEGNAZIONE CONTRIBUTO \u00a0&hellip;<\/p>\n","protected":false},"author":4,"featured_media":444626,"comment_status":"closed","ping_status":"closed","sticky":false,"template":"","format":"standard","meta":{"_monsterinsights_skip_tracking":false,"_monsterinsights_sitenote_active":false,"_monsterinsights_sitenote_note":"","_monsterinsights_sitenote_category":0,"footnotes":""},"categories":[49],"tags":[],"class_list":["post-470235","post","type-post","status-publish","format-standard","has-post-thumbnail","hentry","category-news-18","category-49","description-off"],"img_url":"https:\/\/www.radiopiu.net\/wordpress\/wp-content\/uploads\/2025\/04\/MUSLA.jpg","_links":{"self":[{"href":"https:\/\/www.radiopiu.net\/wordpress\/wp-json\/wp\/v2\/posts\/470235","targetHints":{"allow":["GET"]}}],"collection":[{"href":"https:\/\/www.radiopiu.net\/wordpress\/wp-json\/wp\/v2\/posts"}],"about":[{"href":"https:\/\/www.radiopiu.net\/wordpress\/wp-json\/wp\/v2\/types\/post"}],"author":[{"embeddable":true,"href":"https:\/\/www.radiopiu.net\/wordpress\/wp-json\/wp\/v2\/users\/4"}],"replies":[{"embeddable":true,"href":"https:\/\/www.radiopiu.net\/wordpress\/wp-json\/wp\/v2\/comments?post=470235"}],"version-history":[{"count":5,"href":"https:\/\/www.radiopiu.net\/wordpress\/wp-json\/wp\/v2\/posts\/470235\/revisions"}],"predecessor-version":[{"id":475467,"href":"https:\/\/www.radiopiu.net\/wordpress\/wp-json\/wp\/v2\/posts\/470235\/revisions\/475467"}],"wp:featuredmedia":[{"embeddable":true,"href":"https:\/\/www.radiopiu.net\/wordpress\/wp-json\/wp\/v2\/media\/444626"}],"wp:attachment":[{"href":"https:\/\/www.radiopiu.net\/wordpress\/wp-json\/wp\/v2\/media?parent=470235"}],"wp:term":[{"taxonomy":"category","embeddable":true,"href":"https:\/\/www.radiopiu.net\/wordpress\/wp-json\/wp\/v2\/categories?post=470235"},{"taxonomy":"post_tag","embeddable":true,"href":"https:\/\/www.radiopiu.net\/wordpress\/wp-json\/wp\/v2\/tags?post=470235"}],"curies":[{"name":"wp","href":"https:\/\/api.w.org\/{rel}","templated":true}]}}