{"id":470261,"date":"2025-09-17T11:43:47","date_gmt":"2025-09-17T09:43:47","guid":{"rendered":"https:\/\/www.radiopiu.net\/wordpress\/?p=470261"},"modified":"2025-09-17T11:43:47","modified_gmt":"2025-09-17T09:43:47","slug":"valbelluna-in-bici-domenica-la-prima-bicistaffetta-tra-scuole-comunita-e-cicloturisti","status":"publish","type":"post","link":"https:\/\/www.radiopiu.net\/wordpress\/valbelluna-in-bici-domenica-la-prima-bicistaffetta-tra-scuole-comunita-e-cicloturisti\/","title":{"rendered":"\u201cVALBELLUNA IN BICI: DOMENICA LA PRIMA BICISTAFFETTA TRA SCUOLE, COMUNIT\u00c0 E CICLOTURISTI\u201d"},"content":{"rendered":"<p>***<\/p>\n<p>&nbsp;<\/p>\n<blockquote>\n<p data-start=\"54\" data-end=\"149\"><strong data-start=\"54\" data-end=\"147\"><a class=\"dt-pswp-item\" href=\"https:\/\/www.radiopiu.net\/wordpress\/wp-content\/uploads\/2025\/09\/Locandina-evento-VALBELLUNA-IN-BICI.jpg\" data-dt-img-description=\"\" data-large_image_width=\"1448\" data-large_image_height=\"2048\"><img loading=\"lazy\" decoding=\"async\" class=\" wp-image-470260 alignleft\" src=\"https:\/\/www.radiopiu.net\/wordpress\/wp-content\/uploads\/2025\/09\/Locandina-evento-VALBELLUNA-IN-BICI-212x300.jpg\" alt=\"\" width=\"178\" height=\"252\" srcset=\"https:\/\/www.radiopiu.net\/wordpress\/wp-content\/uploads\/2025\/09\/Locandina-evento-VALBELLUNA-IN-BICI-212x300.jpg 212w, https:\/\/www.radiopiu.net\/wordpress\/wp-content\/uploads\/2025\/09\/Locandina-evento-VALBELLUNA-IN-BICI-724x1024.jpg 724w, https:\/\/www.radiopiu.net\/wordpress\/wp-content\/uploads\/2025\/09\/Locandina-evento-VALBELLUNA-IN-BICI-768x1086.jpg 768w, https:\/\/www.radiopiu.net\/wordpress\/wp-content\/uploads\/2025\/09\/Locandina-evento-VALBELLUNA-IN-BICI-1086x1536.jpg 1086w, https:\/\/www.radiopiu.net\/wordpress\/wp-content\/uploads\/2025\/09\/Locandina-evento-VALBELLUNA-IN-BICI.jpg 1448w\" sizes=\"auto, (max-width: 178px) 100vw, 178px\" \/><\/a><\/strong><\/p>\n<\/blockquote>\n<p data-start=\"142\" data-end=\"538\"><strong>DOMENICA 21 SETTEMBRE<\/strong> la Valbelluna ospita la prima edizione di \u201cVALBELLUNA IN BICI\u201d, una giornata dedicata alla mobilit\u00e0 sostenibile nell\u2019ambito della Settimana Europea della Mobilit\u00e0. La manifestazione, promossa dal Consorzio BIM Piave-Belluno con enti e Comuni del territorio, unir\u00e0 scuole, comunit\u00e0 e cicloturisti lungo l\u2019anello ciclabile che attraversa la valle tra Prealpi e Dolomiti. DUE PERCORSI: gli 80 CHILOMETRI per i cicloturisti adulti e la BICISTAFFETTA PER STUDENTI. Il testimone della bicistaffetta, custodisce una riproduzione del quadro Stormo di ciclisti dell\u2019artista Fabrizia Maioni. A ogni tappa sar\u00e0 firmato dai Sindaci dei Comuni attraversati, in un gesto che non rappresenta soltanto un tocco di colore e partecipazione simbolica all\u2019evento, ma diventa anche un segno concreto di benvenuto RITROVO ALLE 8 a Belluno Piazza dei Martiri e Feltre Piazza Isola, partenze scaglionate dalle 8.30: prima i cicloturisti, poi i giovani. ARRIVO PREVISTO intorno alle 13.30, con ristori e momenti di festa in entrambe le citt\u00e0.<\/p>\n<hr \/>\n<p data-start=\"142\" data-end=\"538\">\n","protected":false},"excerpt":{"rendered":"<p>*** &nbsp; DOMENICA 21 SETTEMBRE la Valbelluna ospita la prima edizione di \u201cVALBELLUNA IN BICI\u201d, una giornata dedicata alla mobilit\u00e0 sostenibile nell\u2019ambito della Settimana Europea della Mobilit\u00e0. La manifestazione, promossa dal Consorzio BIM Piave-Belluno con enti e Comuni del territorio, unir\u00e0 scuole, comunit\u00e0 e cicloturisti lungo l\u2019anello ciclabile che attraversa la valle tra Prealpi e&hellip;<\/p>\n","protected":false},"author":4,"featured_media":470264,"comment_status":"closed","ping_status":"closed","sticky":false,"template":"","format":"standard","meta":{"_monsterinsights_skip_tracking":false,"_monsterinsights_sitenote_active":false,"_monsterinsights_sitenote_note":"","_monsterinsights_sitenote_category":0,"footnotes":""},"categories":[49],"tags":[],"class_list":["post-470261","post","type-post","status-publish","format-standard","has-post-thumbnail","hentry","category-news-18","category-49","description-off"],"img_url":"https:\/\/www.radiopiu.net\/wordpress\/wp-content\/uploads\/2025\/09\/Screenshot-2025-09-17-114333.png","_links":{"self":[{"href":"https:\/\/www.radiopiu.net\/wordpress\/wp-json\/wp\/v2\/posts\/470261","targetHints":{"allow":["GET"]}}],"collection":[{"href":"https:\/\/www.radiopiu.net\/wordpress\/wp-json\/wp\/v2\/posts"}],"about":[{"href":"https:\/\/www.radiopiu.net\/wordpress\/wp-json\/wp\/v2\/types\/post"}],"author":[{"embeddable":true,"href":"https:\/\/www.radiopiu.net\/wordpress\/wp-json\/wp\/v2\/users\/4"}],"replies":[{"embeddable":true,"href":"https:\/\/www.radiopiu.net\/wordpress\/wp-json\/wp\/v2\/comments?post=470261"}],"version-history":[{"count":3,"href":"https:\/\/www.radiopiu.net\/wordpress\/wp-json\/wp\/v2\/posts\/470261\/revisions"}],"predecessor-version":[{"id":470265,"href":"https:\/\/www.radiopiu.net\/wordpress\/wp-json\/wp\/v2\/posts\/470261\/revisions\/470265"}],"wp:featuredmedia":[{"embeddable":true,"href":"https:\/\/www.radiopiu.net\/wordpress\/wp-json\/wp\/v2\/media\/470264"}],"wp:attachment":[{"href":"https:\/\/www.radiopiu.net\/wordpress\/wp-json\/wp\/v2\/media?parent=470261"}],"wp:term":[{"taxonomy":"category","embeddable":true,"href":"https:\/\/www.radiopiu.net\/wordpress\/wp-json\/wp\/v2\/categories?post=470261"},{"taxonomy":"post_tag","embeddable":true,"href":"https:\/\/www.radiopiu.net\/wordpress\/wp-json\/wp\/v2\/tags?post=470261"}],"curies":[{"name":"wp","href":"https:\/\/api.w.org\/{rel}","templated":true}]}}