{"id":470279,"date":"2025-09-17T15:56:54","date_gmt":"2025-09-17T13:56:54","guid":{"rendered":"https:\/\/www.radiopiu.net\/wordpress\/?p=470279"},"modified":"2025-09-17T15:56:54","modified_gmt":"2025-09-17T13:56:54","slug":"sbarca-a-feltre-sport-in-piazza-quaranta-associazioni-pronte-a-coinvolgere-i-piu-piccoli","status":"publish","type":"post","link":"https:\/\/www.radiopiu.net\/wordpress\/sbarca-a-feltre-sport-in-piazza-quaranta-associazioni-pronte-a-coinvolgere-i-piu-piccoli\/","title":{"rendered":"SBARCA A FELTRE \u201cSPORT IN PIAZZA\u201d: QUARANTA ASSOCIAZIONI PRONTE A COINVOLGERE I PI\u00d9 PICCOLI"},"content":{"rendered":"<p>*********<\/p>\n<p>&nbsp;<\/p>\n<p><strong><a class=\"dt-pswp-item\" href=\"https:\/\/www.radiopiu.net\/wordpress\/wp-content\/uploads\/2025\/09\/f425079e-3a4e-4698-be7c-ce5930923154-scaled.jpg\" data-dt-img-description=\"\" data-large_image_width=\"2560\" data-large_image_height=\"1920\"><img loading=\"lazy\" decoding=\"async\" class=\" wp-image-470281 alignleft\" src=\"https:\/\/www.radiopiu.net\/wordpress\/wp-content\/uploads\/2025\/09\/f425079e-3a4e-4698-be7c-ce5930923154-300x225.jpg\" alt=\"\" width=\"181\" height=\"136\" srcset=\"https:\/\/www.radiopiu.net\/wordpress\/wp-content\/uploads\/2025\/09\/f425079e-3a4e-4698-be7c-ce5930923154-300x225.jpg 300w, https:\/\/www.radiopiu.net\/wordpress\/wp-content\/uploads\/2025\/09\/f425079e-3a4e-4698-be7c-ce5930923154-1024x768.jpg 1024w, https:\/\/www.radiopiu.net\/wordpress\/wp-content\/uploads\/2025\/09\/f425079e-3a4e-4698-be7c-ce5930923154-768x576.jpg 768w, https:\/\/www.radiopiu.net\/wordpress\/wp-content\/uploads\/2025\/09\/f425079e-3a4e-4698-be7c-ce5930923154-1536x1152.jpg 1536w, https:\/\/www.radiopiu.net\/wordpress\/wp-content\/uploads\/2025\/09\/f425079e-3a4e-4698-be7c-ce5930923154-2048x1536.jpg 2048w\" sizes=\"auto, (max-width: 181px) 100vw, 181px\" \/><\/a>FELTRE<\/strong> Sbarca sabato anche a Feltre \u201cSport in piazza\u201d: una quarantina le associazioni che invaderanno la citt\u00e0 per mostrare ai pi\u00f9 piccoli le diverse attivit\u00e0 sportive.<\/p>\n<p><strong>DI DANIELE DALVIT<\/strong><\/p>\n<audio class=\"wp-audio-shortcode\" id=\"audio-470279-1\" preload=\"none\" style=\"width: 100%;\" controls=\"controls\"><source type=\"audio\/mpeg\" src=\"https:\/\/www.radiopiu.net\/wordpress\/wp-content\/uploads\/2025\/09\/Servizio-Sport-in-piazza-Feltre-2025.mp3?_=1\" \/><a href=\"https:\/\/www.radiopiu.net\/wordpress\/wp-content\/uploads\/2025\/09\/Servizio-Sport-in-piazza-Feltre-2025.mp3\">https:\/\/www.radiopiu.net\/wordpress\/wp-content\/uploads\/2025\/09\/Servizio-Sport-in-piazza-Feltre-2025.mp3<\/a><\/audio>\n<p>&nbsp;<\/p>\n<p>&nbsp;<\/p>\n<p>&nbsp;<\/p>\n<p>&nbsp;<\/p>\n<p>********<\/p>\n","protected":false},"excerpt":{"rendered":"<p>********* &nbsp; FELTRE Sbarca sabato anche a Feltre \u201cSport in piazza\u201d: una quarantina le associazioni che invaderanno la citt\u00e0 per mostrare ai pi\u00f9 piccoli le diverse attivit\u00e0 sportive. DI DANIELE DALVIT &nbsp; &nbsp; &nbsp; &nbsp; ********<\/p>\n","protected":false},"author":4,"featured_media":470281,"comment_status":"closed","ping_status":"closed","sticky":false,"template":"","format":"standard","meta":{"_monsterinsights_skip_tracking":false,"_monsterinsights_sitenote_active":false,"_monsterinsights_sitenote_note":"","_monsterinsights_sitenote_category":0,"footnotes":""},"categories":[51,49],"tags":[],"class_list":["post-470279","post","type-post","status-publish","format-standard","has-post-thumbnail","hentry","category-evidenza-top","category-news-18","category-51","category-49","description-off"],"img_url":"https:\/\/www.radiopiu.net\/wordpress\/wp-content\/uploads\/2025\/09\/f425079e-3a4e-4698-be7c-ce5930923154-scaled.jpg","_links":{"self":[{"href":"https:\/\/www.radiopiu.net\/wordpress\/wp-json\/wp\/v2\/posts\/470279","targetHints":{"allow":["GET"]}}],"collection":[{"href":"https:\/\/www.radiopiu.net\/wordpress\/wp-json\/wp\/v2\/posts"}],"about":[{"href":"https:\/\/www.radiopiu.net\/wordpress\/wp-json\/wp\/v2\/types\/post"}],"author":[{"embeddable":true,"href":"https:\/\/www.radiopiu.net\/wordpress\/wp-json\/wp\/v2\/users\/4"}],"replies":[{"embeddable":true,"href":"https:\/\/www.radiopiu.net\/wordpress\/wp-json\/wp\/v2\/comments?post=470279"}],"version-history":[{"count":1,"href":"https:\/\/www.radiopiu.net\/wordpress\/wp-json\/wp\/v2\/posts\/470279\/revisions"}],"predecessor-version":[{"id":470282,"href":"https:\/\/www.radiopiu.net\/wordpress\/wp-json\/wp\/v2\/posts\/470279\/revisions\/470282"}],"wp:featuredmedia":[{"embeddable":true,"href":"https:\/\/www.radiopiu.net\/wordpress\/wp-json\/wp\/v2\/media\/470281"}],"wp:attachment":[{"href":"https:\/\/www.radiopiu.net\/wordpress\/wp-json\/wp\/v2\/media?parent=470279"}],"wp:term":[{"taxonomy":"category","embeddable":true,"href":"https:\/\/www.radiopiu.net\/wordpress\/wp-json\/wp\/v2\/categories?post=470279"},{"taxonomy":"post_tag","embeddable":true,"href":"https:\/\/www.radiopiu.net\/wordpress\/wp-json\/wp\/v2\/tags?post=470279"}],"curies":[{"name":"wp","href":"https:\/\/api.w.org\/{rel}","templated":true}]}}