{"id":470325,"date":"2025-09-18T05:51:45","date_gmt":"2025-09-18T03:51:45","guid":{"rendered":"https:\/\/www.radiopiu.net\/wordpress\/?p=470325"},"modified":"2025-09-18T05:59:51","modified_gmt":"2025-09-18T03:59:51","slug":"ztl-a-masare-di-rocca-pietore-un-esperimento-riuscito","status":"publish","type":"post","link":"https:\/\/www.radiopiu.net\/wordpress\/ztl-a-masare-di-rocca-pietore-un-esperimento-riuscito\/","title":{"rendered":"ZTL A MASARE&#8217; DI ROCCA PIETORE: UN ESPERIMENTO RIUSCITO"},"content":{"rendered":"<p>********<\/p>\n<p>&nbsp;<\/p>\n<p><strong><a class=\"dt-pswp-item\" href=\"https:\/\/www.radiopiu.net\/wordpress\/wp-content\/uploads\/2025\/09\/06d2d0b0-8013-4ec0-a30e-a0bf80bdf9e5.jpg\" data-dt-img-description=\"\" data-large_image_width=\"2048\" data-large_image_height=\"1536\"><img loading=\"lazy\" decoding=\"async\" class=\" wp-image-470327 alignleft\" src=\"https:\/\/www.radiopiu.net\/wordpress\/wp-content\/uploads\/2025\/09\/06d2d0b0-8013-4ec0-a30e-a0bf80bdf9e5-300x225.jpg\" alt=\"\" width=\"177\" height=\"133\" srcset=\"https:\/\/www.radiopiu.net\/wordpress\/wp-content\/uploads\/2025\/09\/06d2d0b0-8013-4ec0-a30e-a0bf80bdf9e5-300x225.jpg 300w, https:\/\/www.radiopiu.net\/wordpress\/wp-content\/uploads\/2025\/09\/06d2d0b0-8013-4ec0-a30e-a0bf80bdf9e5-1024x768.jpg 1024w, https:\/\/www.radiopiu.net\/wordpress\/wp-content\/uploads\/2025\/09\/06d2d0b0-8013-4ec0-a30e-a0bf80bdf9e5-768x576.jpg 768w, https:\/\/www.radiopiu.net\/wordpress\/wp-content\/uploads\/2025\/09\/06d2d0b0-8013-4ec0-a30e-a0bf80bdf9e5-1536x1152.jpg 1536w, https:\/\/www.radiopiu.net\/wordpress\/wp-content\/uploads\/2025\/09\/06d2d0b0-8013-4ec0-a30e-a0bf80bdf9e5.jpg 2048w\" sizes=\"auto, (max-width: 177px) 100vw, 177px\" \/><\/a>ROCCA PIETORE <\/strong>Si \u00e8 conclusa il 14 settembre la Zona a Traffico Limitato a Masar\u00e8 di Rocca Pietore, introdotta durante l\u2019estate su richiesta di cittadini e operatori turistici. L\u2019iniziativa, nata con l\u2019obiettivo di migliorare la vivibilit\u00e0 del paese e rendere pi\u00f9 piacevole la permanenza degli ospiti, ha raccolto un consenso diffuso. Residenti e visitatori hanno apprezzato la riduzione del traffico e la maggiore sicurezza per pedoni e ciclisti, elementi che hanno contribuito a creare un clima pi\u00f9 tranquillo e accogliente. Alla luce dei risultati positivi, l\u2019amministrazione comunale sta valutando di ampliare la ZTL per l\u2019intera stagione estiva a partire dal prossimo anno, cos\u00ec da garantire benefici pi\u00f9 duraturi sia per la comunit\u00e0 locale che per l\u2019offerta turistica del territorio. La ZTL di Masar\u00e8 si conferma dunque un esperimento riuscito, capace di coniugare esigenze di mobilit\u00e0 sostenibile, tutela dell\u2019ambiente e valorizzazione dell\u2019esperienza turistica.<\/p>\n<p><strong>IL SINDACO DI ROCCA PIETORE VALERIO DAVARE<\/strong><\/p>\n<audio class=\"wp-audio-shortcode\" id=\"audio-470325-1\" preload=\"none\" style=\"width: 100%;\" controls=\"controls\"><source type=\"audio\/mpeg\" src=\"https:\/\/www.radiopiu.net\/wordpress\/wp-content\/uploads\/2025\/09\/DAVARE-ZTL.mp3?_=1\" \/><a href=\"https:\/\/www.radiopiu.net\/wordpress\/wp-content\/uploads\/2025\/09\/DAVARE-ZTL.mp3\">https:\/\/www.radiopiu.net\/wordpress\/wp-content\/uploads\/2025\/09\/DAVARE-ZTL.mp3<\/a><\/audio>\n<p>&nbsp;<\/p>\n<p>&nbsp;<\/p>\n<p>&nbsp;<\/p>\n<p>&nbsp;<\/p>\n<p>**********<\/p>\n","protected":false},"excerpt":{"rendered":"<p>******** &nbsp; ROCCA PIETORE Si \u00e8 conclusa il 14 settembre la Zona a Traffico Limitato a Masar\u00e8 di Rocca Pietore, introdotta durante l\u2019estate su richiesta di cittadini e operatori turistici. L\u2019iniziativa, nata con l\u2019obiettivo di migliorare la vivibilit\u00e0 del paese e rendere pi\u00f9 piacevole la permanenza degli ospiti, ha raccolto un consenso diffuso. Residenti e&hellip;<\/p>\n","protected":false},"author":4,"featured_media":470327,"comment_status":"closed","ping_status":"closed","sticky":false,"template":"","format":"standard","meta":{"_monsterinsights_skip_tracking":false,"_monsterinsights_sitenote_active":false,"_monsterinsights_sitenote_note":"","_monsterinsights_sitenote_category":0,"footnotes":""},"categories":[51,49],"tags":[],"class_list":["post-470325","post","type-post","status-publish","format-standard","has-post-thumbnail","hentry","category-evidenza-top","category-news-18","category-51","category-49","description-off"],"img_url":"https:\/\/www.radiopiu.net\/wordpress\/wp-content\/uploads\/2025\/09\/06d2d0b0-8013-4ec0-a30e-a0bf80bdf9e5.jpg","_links":{"self":[{"href":"https:\/\/www.radiopiu.net\/wordpress\/wp-json\/wp\/v2\/posts\/470325","targetHints":{"allow":["GET"]}}],"collection":[{"href":"https:\/\/www.radiopiu.net\/wordpress\/wp-json\/wp\/v2\/posts"}],"about":[{"href":"https:\/\/www.radiopiu.net\/wordpress\/wp-json\/wp\/v2\/types\/post"}],"author":[{"embeddable":true,"href":"https:\/\/www.radiopiu.net\/wordpress\/wp-json\/wp\/v2\/users\/4"}],"replies":[{"embeddable":true,"href":"https:\/\/www.radiopiu.net\/wordpress\/wp-json\/wp\/v2\/comments?post=470325"}],"version-history":[{"count":1,"href":"https:\/\/www.radiopiu.net\/wordpress\/wp-json\/wp\/v2\/posts\/470325\/revisions"}],"predecessor-version":[{"id":470328,"href":"https:\/\/www.radiopiu.net\/wordpress\/wp-json\/wp\/v2\/posts\/470325\/revisions\/470328"}],"wp:featuredmedia":[{"embeddable":true,"href":"https:\/\/www.radiopiu.net\/wordpress\/wp-json\/wp\/v2\/media\/470327"}],"wp:attachment":[{"href":"https:\/\/www.radiopiu.net\/wordpress\/wp-json\/wp\/v2\/media?parent=470325"}],"wp:term":[{"taxonomy":"category","embeddable":true,"href":"https:\/\/www.radiopiu.net\/wordpress\/wp-json\/wp\/v2\/categories?post=470325"},{"taxonomy":"post_tag","embeddable":true,"href":"https:\/\/www.radiopiu.net\/wordpress\/wp-json\/wp\/v2\/tags?post=470325"}],"curies":[{"name":"wp","href":"https:\/\/api.w.org\/{rel}","templated":true}]}}