{"id":470340,"date":"2025-09-17T18:51:31","date_gmt":"2025-09-17T16:51:31","guid":{"rendered":"https:\/\/www.radiopiu.net\/wordpress\/?p=470340"},"modified":"2025-09-17T18:51:31","modified_gmt":"2025-09-17T16:51:31","slug":"concerto-in-onore-dei-santi-martiri-vittore-e-corona-a-feltre","status":"publish","type":"post","link":"https:\/\/www.radiopiu.net\/wordpress\/concerto-in-onore-dei-santi-martiri-vittore-e-corona-a-feltre\/","title":{"rendered":"CONCERTO IN ONORE DEI SANTI MARTIRI VITTORE E CORONA A FELTRE"},"content":{"rendered":"<p>********<\/p>\n<p>&nbsp;<\/p>\n<p><strong>FELTRE <\/strong>Torna a Feltre l\u2019appuntamento pi\u00f9 atteso: il Concerto in onore dei Santi Martiri Vittore e Corona, patroni della citt\u00e0, che celebra fede, storia e cultura da oltre vent\u2019anni. L\u2019evento si terr\u00e0 il 22 settembre alle ore 21 presso il Duomo di Feltre e offrir\u00e0 al pubblico un viaggio nella grande tradizione musicale. Protagonista sar\u00e0 il Magnificat di Jhon Rutter, eseguito dalla Schola Cantorum di Santa Giustina, dall\u2019Orchestra giovanile del Conservatorio di Padova \u2018i Pollicini\u2019, dal soprano Alice Fraccari e dal mezzosoprano Claudia De Pian, diretti dal maestro Fabrizio Da Ros. L\u2019ingresso \u00e8 libero con offerta responsabile. Un\u2019occasione unica per vivere la musica come memoria, arte ed emozione.<\/p>\n<p><a class=\"dt-pswp-item\" href=\"https:\/\/www.radiopiu.net\/wordpress\/wp-content\/uploads\/2025\/09\/2025_Concerto-Vittore-e-Corona_Locandina_v2-scaled.png\" data-dt-img-description=\"\" data-large_image_width=\"1150\" data-large_image_height=\"2560\"><img loading=\"lazy\" decoding=\"async\" class=\"size-medium wp-image-470337 aligncenter\" src=\"https:\/\/www.radiopiu.net\/wordpress\/wp-content\/uploads\/2025\/09\/2025_Concerto-Vittore-e-Corona_Locandina_v2-135x300.png\" alt=\"\" width=\"135\" height=\"300\" srcset=\"https:\/\/www.radiopiu.net\/wordpress\/wp-content\/uploads\/2025\/09\/2025_Concerto-Vittore-e-Corona_Locandina_v2-135x300.png 135w, https:\/\/www.radiopiu.net\/wordpress\/wp-content\/uploads\/2025\/09\/2025_Concerto-Vittore-e-Corona_Locandina_v2-460x1024.png 460w, https:\/\/www.radiopiu.net\/wordpress\/wp-content\/uploads\/2025\/09\/2025_Concerto-Vittore-e-Corona_Locandina_v2-768x1709.png 768w, https:\/\/www.radiopiu.net\/wordpress\/wp-content\/uploads\/2025\/09\/2025_Concerto-Vittore-e-Corona_Locandina_v2-690x1536.png 690w, https:\/\/www.radiopiu.net\/wordpress\/wp-content\/uploads\/2025\/09\/2025_Concerto-Vittore-e-Corona_Locandina_v2-920x2048.png 920w, https:\/\/www.radiopiu.net\/wordpress\/wp-content\/uploads\/2025\/09\/2025_Concerto-Vittore-e-Corona_Locandina_v2-scaled.png 1150w\" sizes=\"auto, (max-width: 135px) 100vw, 135px\" \/><\/a><\/p>\n<p>&nbsp;<\/p>\n<p>&nbsp;<\/p>\n<p>&nbsp;<\/p>\n<p>&nbsp;<\/p>\n<p>*******<\/p>\n","protected":false},"excerpt":{"rendered":"<p>******** &nbsp; FELTRE Torna a Feltre l\u2019appuntamento pi\u00f9 atteso: il Concerto in onore dei Santi Martiri Vittore e Corona, patroni della citt\u00e0, che celebra fede, storia e cultura da oltre vent\u2019anni. L\u2019evento si terr\u00e0 il 22 settembre alle ore 21 presso il Duomo di Feltre e offrir\u00e0 al pubblico un viaggio nella grande tradizione musicale.&hellip;<\/p>\n","protected":false},"author":4,"featured_media":470336,"comment_status":"closed","ping_status":"closed","sticky":false,"template":"","format":"standard","meta":{"_monsterinsights_skip_tracking":false,"_monsterinsights_sitenote_active":false,"_monsterinsights_sitenote_note":"","_monsterinsights_sitenote_category":0,"footnotes":""},"categories":[49],"tags":[],"class_list":["post-470340","post","type-post","status-publish","format-standard","has-post-thumbnail","hentry","category-news-18","category-49","description-off"],"img_url":"https:\/\/www.radiopiu.net\/wordpress\/wp-content\/uploads\/2025\/09\/LJFGHO-scaled.png","_links":{"self":[{"href":"https:\/\/www.radiopiu.net\/wordpress\/wp-json\/wp\/v2\/posts\/470340","targetHints":{"allow":["GET"]}}],"collection":[{"href":"https:\/\/www.radiopiu.net\/wordpress\/wp-json\/wp\/v2\/posts"}],"about":[{"href":"https:\/\/www.radiopiu.net\/wordpress\/wp-json\/wp\/v2\/types\/post"}],"author":[{"embeddable":true,"href":"https:\/\/www.radiopiu.net\/wordpress\/wp-json\/wp\/v2\/users\/4"}],"replies":[{"embeddable":true,"href":"https:\/\/www.radiopiu.net\/wordpress\/wp-json\/wp\/v2\/comments?post=470340"}],"version-history":[{"count":1,"href":"https:\/\/www.radiopiu.net\/wordpress\/wp-json\/wp\/v2\/posts\/470340\/revisions"}],"predecessor-version":[{"id":470341,"href":"https:\/\/www.radiopiu.net\/wordpress\/wp-json\/wp\/v2\/posts\/470340\/revisions\/470341"}],"wp:featuredmedia":[{"embeddable":true,"href":"https:\/\/www.radiopiu.net\/wordpress\/wp-json\/wp\/v2\/media\/470336"}],"wp:attachment":[{"href":"https:\/\/www.radiopiu.net\/wordpress\/wp-json\/wp\/v2\/media?parent=470340"}],"wp:term":[{"taxonomy":"category","embeddable":true,"href":"https:\/\/www.radiopiu.net\/wordpress\/wp-json\/wp\/v2\/categories?post=470340"},{"taxonomy":"post_tag","embeddable":true,"href":"https:\/\/www.radiopiu.net\/wordpress\/wp-json\/wp\/v2\/tags?post=470340"}],"curies":[{"name":"wp","href":"https:\/\/api.w.org\/{rel}","templated":true}]}}