{"id":470342,"date":"2025-09-18T06:52:14","date_gmt":"2025-09-18T04:52:14","guid":{"rendered":"https:\/\/www.radiopiu.net\/wordpress\/?p=470342"},"modified":"2025-09-19T05:25:48","modified_gmt":"2025-09-19T03:25:48","slug":"genitori-del-follador-de-rossi-pronti-a-ricorso-al-tar-contro-la-modifica-dellorario-scolastico","status":"publish","type":"post","link":"https:\/\/www.radiopiu.net\/wordpress\/genitori-del-follador-de-rossi-pronti-a-ricorso-al-tar-contro-la-modifica-dellorario-scolastico\/","title":{"rendered":"GENITORI DEL FOLLADOR-DE ROSSI PRONTI A RICORSO AL TAR CONTRO LA MODIFICA DELL\u2019ORARIO SCOLASTICO"},"content":{"rendered":"<p>*******<\/p>\n<p>&nbsp;<\/p>\n<p><strong><a class=\"dt-pswp-item\" href=\"https:\/\/www.radiopiu.net\/wordpress\/wp-content\/uploads\/2024\/09\/FOLLADOR.jpg\" data-dt-img-description=\"\" data-large_image_width=\"1280\" data-large_image_height=\"720\"><img loading=\"lazy\" decoding=\"async\" class=\" wp-image-411383 alignleft\" src=\"https:\/\/www.radiopiu.net\/wordpress\/wp-content\/uploads\/2024\/09\/FOLLADOR-300x169.jpg\" alt=\"\" width=\"234\" height=\"132\" srcset=\"https:\/\/www.radiopiu.net\/wordpress\/wp-content\/uploads\/2024\/09\/FOLLADOR-300x169.jpg 300w, https:\/\/www.radiopiu.net\/wordpress\/wp-content\/uploads\/2024\/09\/FOLLADOR-1024x576.jpg 1024w, https:\/\/www.radiopiu.net\/wordpress\/wp-content\/uploads\/2024\/09\/FOLLADOR-768x432.jpg 768w, https:\/\/www.radiopiu.net\/wordpress\/wp-content\/uploads\/2024\/09\/FOLLADOR.jpg 1280w\" sizes=\"auto, (max-width: 234px) 100vw, 234px\" \/><\/a>AGORDO<\/strong> Luned\u00ec sera in seguito a un incontro tra un gruppo molto nutrito di genitori e l\u2019avvocato Andrea Rui \u00e8 stato deciso di intraprendere l\u2019iter per presentare ricorso al Tar contro la decisione della dirigente scolastica del Follador-De Rossi, Antonella Paceri, di modificare l\u2019orario scolastico annuale passando alla settimana lunga per l\u2019indirizzo liceo sportivo e ai rientri settimanali per gli altri indirizzi. Una decisione che, nei giorni scorsi, era stata prospettata da 163 genitori i quali non avevano accettato la scelta della dirigente comunicata loro solo il 6 settembre scorso che non era in linea con quanto comunicato dall\u2019istituto alle famiglie al momento dell\u2019iscrizione degli alunni avvenuta tra gennaio e febbraio. In queste ore si stanno raccogliendo le adesioni dei genitori che intendono partecipare all\u2019azione. Marted\u00ec sera, inoltre, si \u00e8 svolto anche un altro incontro che, questa volta, ha visto al tavolo un gruppo numeroso di rappresentanti scolastici e il sindaco di Vallada, Fabio Luchetta. \u201cDurante la riunione \u2013 spiegano i genitori &#8211; sono state esposte diverse criticit\u00e0 che da tempo gravano sulla comunit\u00e0 scolastica dell&#8217;istituto Follador: dall\u2019imposizione del nuovo orario e i conseguenti disagi per il trasporto pubblico degli studenti, fino alle problematiche legate al convitto e allo Ski College\u201d. \u201cIl sindaco Luchetta \u2013 continuano i genitori &#8211; scusandosi pi\u00f9 volte per non essere intervenuto gi\u00e0 nelle fasi iniziali della vicenda, ha manifestato grande attenzione e sensibilit\u00e0. Si \u00e8 dimostrato immediatamente interessato a comprendere le dinamiche che hanno portato a questa situazione, dichiarando la volont\u00e0 di attivarsi sul piano amministrativo e di coinvolgere altri sindaci della vallata, per individuare soluzioni condivise ed efficaci\u201d. Da parte dei rappresentanti presenti \u00e8 stato espresso un sincero ringraziamento al sindaco per l\u2019ascolto, la disponibilit\u00e0 e l\u2019impegno mostrati, elementi che fanno ben sperare in un percorso di collaborazione a sostegno della scuola e degli studenti del territorio.<\/p>\n<p>&nbsp;<\/p>\n<p>&nbsp;<\/p>\n<p>&nbsp;<\/p>\n<p>&nbsp;<\/p>\n<p>**********<\/p>\n","protected":false},"excerpt":{"rendered":"<p>******* &nbsp; AGORDO Luned\u00ec sera in seguito a un incontro tra un gruppo molto nutrito di genitori e l\u2019avvocato Andrea Rui \u00e8 stato deciso di intraprendere l\u2019iter per presentare ricorso al Tar contro la decisione della dirigente scolastica del Follador-De Rossi, Antonella Paceri, di modificare l\u2019orario scolastico annuale passando alla settimana lunga per l\u2019indirizzo liceo&hellip;<\/p>\n","protected":false},"author":4,"featured_media":411383,"comment_status":"closed","ping_status":"closed","sticky":false,"template":"","format":"standard","meta":{"_monsterinsights_skip_tracking":false,"_monsterinsights_sitenote_active":false,"_monsterinsights_sitenote_note":"","_monsterinsights_sitenote_category":0,"footnotes":""},"categories":[104,49],"tags":[],"class_list":["post-470342","post","type-post","status-publish","format-standard","has-post-thumbnail","hentry","category-evidenza_3","category-news-18","category-104","category-49","description-off"],"img_url":"https:\/\/www.radiopiu.net\/wordpress\/wp-content\/uploads\/2024\/09\/FOLLADOR.jpg","_links":{"self":[{"href":"https:\/\/www.radiopiu.net\/wordpress\/wp-json\/wp\/v2\/posts\/470342","targetHints":{"allow":["GET"]}}],"collection":[{"href":"https:\/\/www.radiopiu.net\/wordpress\/wp-json\/wp\/v2\/posts"}],"about":[{"href":"https:\/\/www.radiopiu.net\/wordpress\/wp-json\/wp\/v2\/types\/post"}],"author":[{"embeddable":true,"href":"https:\/\/www.radiopiu.net\/wordpress\/wp-json\/wp\/v2\/users\/4"}],"replies":[{"embeddable":true,"href":"https:\/\/www.radiopiu.net\/wordpress\/wp-json\/wp\/v2\/comments?post=470342"}],"version-history":[{"count":1,"href":"https:\/\/www.radiopiu.net\/wordpress\/wp-json\/wp\/v2\/posts\/470342\/revisions"}],"predecessor-version":[{"id":470343,"href":"https:\/\/www.radiopiu.net\/wordpress\/wp-json\/wp\/v2\/posts\/470342\/revisions\/470343"}],"wp:featuredmedia":[{"embeddable":true,"href":"https:\/\/www.radiopiu.net\/wordpress\/wp-json\/wp\/v2\/media\/411383"}],"wp:attachment":[{"href":"https:\/\/www.radiopiu.net\/wordpress\/wp-json\/wp\/v2\/media?parent=470342"}],"wp:term":[{"taxonomy":"category","embeddable":true,"href":"https:\/\/www.radiopiu.net\/wordpress\/wp-json\/wp\/v2\/categories?post=470342"},{"taxonomy":"post_tag","embeddable":true,"href":"https:\/\/www.radiopiu.net\/wordpress\/wp-json\/wp\/v2\/tags?post=470342"}],"curies":[{"name":"wp","href":"https:\/\/api.w.org\/{rel}","templated":true}]}}