{"id":476945,"date":"2025-10-25T05:53:22","date_gmt":"2025-10-25T03:53:22","guid":{"rendered":"https:\/\/www.radiopiu.net\/wordpress\/?p=476945"},"modified":"2025-10-25T10:02:55","modified_gmt":"2025-10-25T08:02:55","slug":"giornale-radiopiu-25-ottobre-2025-direttore-mirko-mezzacasa","status":"publish","type":"post","link":"https:\/\/www.radiopiu.net\/wordpress\/giornale-radiopiu-25-ottobre-2025-direttore-mirko-mezzacasa\/","title":{"rendered":"GIORNALE RADIOPIU 25 OTTOBRE 2025 DIRETTORE MIRKO MEZZACASA"},"content":{"rendered":"<p>********<\/p>\n<p>&nbsp;<\/p>\n<p>&nbsp;<\/p>\n<p><em><span style=\"color: #ff0000;\"><a class=\"dt-pswp-item\" href=\"https:\/\/www.radiopiu.net\/wordpress\/wp-content\/uploads\/2024\/10\/Senza-nome-8.png\" data-dt-img-description=\"\" data-large_image_width=\"343\" data-large_image_height=\"303\"><img loading=\"lazy\" decoding=\"async\" class=\"wp-image-412130 alignleft\" src=\"https:\/\/www.radiopiu.net\/wordpress\/wp-content\/uploads\/2024\/10\/Senza-nome-8-300x265.png\" alt=\"\" width=\"105\" height=\"93\" srcset=\"https:\/\/www.radiopiu.net\/wordpress\/wp-content\/uploads\/2024\/10\/Senza-nome-8-300x265.png 300w, https:\/\/www.radiopiu.net\/wordpress\/wp-content\/uploads\/2024\/10\/Senza-nome-8.png 343w\" sizes=\"auto, (max-width: 105px) 100vw, 105px\" \/><\/a><\/span><\/em><strong><em><span style=\"color: #ff0000;\"> LA\u00a0 APP PER IOS-IPHONE di Nicola Vettorello<\/span><\/em><\/strong><\/p>\n<p><strong><span style=\"color: #0000ff;\"><a style=\"color: #0000ff;\" href=\"https:\/\/apps.apple.com\/it\/app\/radio-pi%C3%B9-emittente-agordina\/id1515939845\">https:\/\/apps.apple.com\/it\/app\/radio-pi%C3%B9-emittente-agordina\/id1515939845<\/a><\/span><\/strong><\/p>\n<p><strong><em style=\"color: #ff0000;\">LA\u00a0 APP RADIO\u00a0 PER ANDROID di Nicola Vettorello<\/em><\/strong><\/p>\n<p><strong><span style=\"color: #0000ff;\"><a style=\"color: #0000ff;\" href=\"https:\/\/play.google.com\/store\/apps\/details?id=net.radiopiu.iniko\" target=\"_blank\" rel=\"noopener noreferrer\">https:\/\/<\/a><a style=\"color: #0000ff;\" href=\"https:\/\/play.google.com\/store\/apps\/details?id=net.radiopiu.iniko\" target=\"_blank\" rel=\"noopener noreferrer\">play.google.com\/store\/apps\/details?id=net.radiopiu.iniko\u00a0\u00a0\u00a0\u00a0<\/a><\/span><\/strong><\/p>\n<p><strong><span style=\"color: #0000ff;\"><a style=\"color: #0000ff;\" href=\"https:\/\/play.google.com\/store\/apps\/details?id=net.radiopiu.iniko\" target=\"_blank\" rel=\"noopener noreferrer\">\u00a0<\/a><\/span><\/strong><\/p>\n<blockquote>\n<hr \/>\n<h1><\/h1>\n<h1>LA VIGNETTA DI PIER ALDO VIGNAZIA&#8230; &#8220;VIP&#8221;<\/h1>\n<\/blockquote>\n<p data-start=\"130\" data-end=\"544\">Nella sua consueta rubrica satirica <em data-start=\"166\" data-end=\"189\">\u201cCavoli di Bruxelles\u201d<\/em>, il disegnatore <strong data-start=\"221\" data-end=\"242\">Pieraldo Vignazia <\/strong>alias <strong data-start=\"206\" data-end=\"213\">VIP<\/strong>, \u00a0firma una vignetta dal tono ironico e amaro sulle contraddizioni della politica europea. Due \u201ccavoli\u201d umanizzati commentano il fallimento del rilancio economico attraverso le auto elettriche, arrivando a una battuta che colpisce nel segno: <em data-start=\"484\" data-end=\"542\">\u201cNon ci resta che provare con i carri armati a benzina!\u201d <\/em>Con questa provocazione, Vignazia denuncia l\u2019apparente incoerenza tra le ambizioni ecologiche dell\u2019Unione Europea e la crescente corsa al riarmo. Il suo umorismo surreale diventa cos\u00ec un mezzo per riflettere, con leggerezza ma anche con profondit\u00e0, su un\u2019Europa che parla di transizione verde mentre investe miliardi nella difesa. Un\u2019altra vignetta intelligente e pungente, che conferma la capacit\u00e0 di <strong data-start=\"951\" data-end=\"958\">VIP<\/strong> di far sorridere e pensare allo stesso tempo. (MM)<\/p>\n\n\t\t\t<style type='text\/css'>\n\t\t\t\t#gallery-1 {\n\t\t\t\t\tmargin: auto;\n\t\t\t\t}\n\t\t\t\t#gallery-1 .gallery-item {\n\t\t\t\t\tfloat: left;\n\t\t\t\t\tmargin-top: 10px;\n\t\t\t\t\ttext-align: center;\n\t\t\t\t\twidth: 100%;\n\t\t\t\t}\n\t\t\t\t#gallery-1 img {\n\t\t\t\t\tborder: 2px solid #cfcfcf;\n\t\t\t\t}\n\t\t\t\t#gallery-1 .gallery-caption {\n\t\t\t\t\tmargin-left: 0;\n\t\t\t\t}\n\t\t\t\t\/* see gallery_shortcode() in wp-includes\/media.php *\/\n\t\t\t<\/style>\n\t\t<div id='gallery-1' class='dt-gallery-container gallery galleryid-476945 gallery-columns-1 gallery-size-medium'><dl class='gallery-item'>\n\t\t\t\t<dt class='gallery-icon landscape'>\n\t\t\t\t\t<a class=\"rollover rollover-zoom dt-pswp-item\" title=\"949c0489-0ded-4eef-810b-6d366b6558aa\" data-dt-img-description=\"\" data-large_image_width=\"1080\" data-large_image_height=\"857\"href='https:\/\/www.radiopiu.net\/wordpress\/wp-content\/uploads\/2025\/10\/949c0489-0ded-4eef-810b-6d366b6558aa.jpg'><img loading=\"lazy\" decoding=\"async\" width=\"300\" height=\"238\" src=\"https:\/\/www.radiopiu.net\/wordpress\/wp-content\/uploads\/2025\/10\/949c0489-0ded-4eef-810b-6d366b6558aa-300x238.jpg\" class=\"attachment-medium size-medium\" alt=\"\" srcset=\"https:\/\/www.radiopiu.net\/wordpress\/wp-content\/uploads\/2025\/10\/949c0489-0ded-4eef-810b-6d366b6558aa-300x238.jpg 300w, https:\/\/www.radiopiu.net\/wordpress\/wp-content\/uploads\/2025\/10\/949c0489-0ded-4eef-810b-6d366b6558aa-1024x813.jpg 1024w, https:\/\/www.radiopiu.net\/wordpress\/wp-content\/uploads\/2025\/10\/949c0489-0ded-4eef-810b-6d366b6558aa-768x609.jpg 768w, https:\/\/www.radiopiu.net\/wordpress\/wp-content\/uploads\/2025\/10\/949c0489-0ded-4eef-810b-6d366b6558aa.jpg 1080w\" sizes=\"auto, (max-width: 300px) 100vw, 300px\" \/><\/a>\n\t\t\t\t<\/dt><\/dl><br style=\"clear: both\" \/>\n\t\t\t<\/div>\n\n<hr \/>\n<p>&nbsp;<\/p>\n<p>&nbsp;<\/p>\n<h2 style=\"text-align: center;\"><span style=\"color: #ff0000;\">CAMBIO DELL&#8217;ORA TRA SABATO E DOMENICA<\/span><\/h2>\n<p><strong><a class=\"dt-pswp-item\" href=\"https:\/\/www.radiopiu.net\/wordpress\/wp-content\/uploads\/2025\/10\/ORA-LEGALE-SOLARE.png\" data-dt-img-description=\"\" data-large_image_width=\"1536\" data-large_image_height=\"1024\"><img loading=\"lazy\" decoding=\"async\" class=\" wp-image-477063 alignleft\" src=\"https:\/\/www.radiopiu.net\/wordpress\/wp-content\/uploads\/2025\/10\/ORA-LEGALE-SOLARE-300x200.png\" alt=\"\" width=\"215\" height=\"143\" srcset=\"https:\/\/www.radiopiu.net\/wordpress\/wp-content\/uploads\/2025\/10\/ORA-LEGALE-SOLARE-300x200.png 300w, https:\/\/www.radiopiu.net\/wordpress\/wp-content\/uploads\/2025\/10\/ORA-LEGALE-SOLARE-1024x683.png 1024w, https:\/\/www.radiopiu.net\/wordpress\/wp-content\/uploads\/2025\/10\/ORA-LEGALE-SOLARE-768x512.png 768w, https:\/\/www.radiopiu.net\/wordpress\/wp-content\/uploads\/2025\/10\/ORA-LEGALE-SOLARE.png 1536w\" sizes=\"auto, (max-width: 215px) 100vw, 215px\" \/><\/a>REDAZIONE <\/strong>Con l\u2019arrivo dell\u2019autunno, torna il consueto appuntamento con il cambio dell\u2019orario: nella notte tra sabato 25 e domenica 26 ottobre, le lancette degli orologi dovranno essere spostate un\u2019ora indietro, passando dall\u2019ora legale all\u2019ora solare. Il cambio comporta che, alle 3:00 di notte, l\u2019orologio venga riportato alle 2:00. Questo significa che guadagneremo un\u2019ora di sonno, ma le giornate diventeranno progressivamente pi\u00f9 corte e la luce del pomeriggio arriver\u00e0 prima. Il passaggio all\u2019ora solare segna l\u2019inizio dell\u2019inverno, aiutando a sfruttare al meglio le ore di luce del mattino. Nonostante il ritorno al freddo e alle giornate pi\u00f9 corte, il corpo generalmente si adatta rapidamente alla nuova routine.<\/p>\n<p>&nbsp;<\/p>\n<p>&nbsp;<\/p>\n<hr \/>\n<p>&nbsp;<\/p>\n<blockquote>\n<div class=\"mceTemp\">\n<h1 data-start=\"0\" data-end=\"60\"><strong data-start=\"0\" data-end=\"60\">OGGI SU RADIOPI\u00d9: <span style=\"color: #000000;\">MUSICA, informazione\u00a0<\/span> e dirette\u00a0\u00a0<\/strong><\/h1>\n<\/div>\n<\/blockquote>\n<p><strong class=\"photoswipe-wrapper\"><a class=\"dt-pswp-item\" href=\"https:\/\/www.radiopiu.net\/wordpress\/wp-content\/uploads\/2025\/10\/d6f6bff4-f125-42a7-aa3c-da1234c12be1.jpg\" data-dt-img-description=\"\" data-large_image_width=\"1224\" data-large_image_height=\"695\"><img loading=\"lazy\" decoding=\"async\" class=\"size-medium wp-image-477120 alignleft\" src=\"https:\/\/www.radiopiu.net\/wordpress\/wp-content\/uploads\/2025\/10\/d6f6bff4-f125-42a7-aa3c-da1234c12be1-300x170.jpg\" alt=\"\" width=\"300\" height=\"170\" srcset=\"https:\/\/www.radiopiu.net\/wordpress\/wp-content\/uploads\/2025\/10\/d6f6bff4-f125-42a7-aa3c-da1234c12be1-300x170.jpg 300w, https:\/\/www.radiopiu.net\/wordpress\/wp-content\/uploads\/2025\/10\/d6f6bff4-f125-42a7-aa3c-da1234c12be1-1024x581.jpg 1024w, https:\/\/www.radiopiu.net\/wordpress\/wp-content\/uploads\/2025\/10\/d6f6bff4-f125-42a7-aa3c-da1234c12be1-768x436.jpg 768w, https:\/\/www.radiopiu.net\/wordpress\/wp-content\/uploads\/2025\/10\/d6f6bff4-f125-42a7-aa3c-da1234c12be1.jpg 1224w\" sizes=\"auto, (max-width: 300px) 100vw, 300px\" \/><\/a>ALLE 8.05 LA RASSEGNA STAMPA LOCALE 8.25\u00a0 WEEK END MARINA C&#8217;E&#8217; 940\u00a0 OLIMPIADI A CORTINA COME E QUANDO? DOMANDE RICORRENTI DEI BELLUNESI\u00a0 <\/strong><strong>10.30\u00a0 LA RASSEGNEA STAMPA DI GIANNI SANTOMASO DALL&#8217;AMICO DEL POPOLO, IL CORSO PER LA LETTURA AD ALTA VOCE OSPITE SIMONE CARNIELLI ATTORE ED ANIMATORE PROTAGONISTA DELLE ATTIVITA&#8217; DELLA BIBLIOTECA DI AGORDO (FOTO)\u00a0 11.00\u00a0 \u00a0 ARCADE SHOW DI ELIA CASAGRANDE\u00a0 13.10\u00a0 DALLA PISCINA DI AGORDO&#8230; MARINA DONA&#8217; LO SPECIALE ALLA RADIO (FOTO)\u00a0 13.20\u00a0 collage operazione nostalgia, con loris scussel\u00a0 14.00\u00a0 ELETTROCHOC DJ JACK &#8211; JACOPO DELTEDESCO 15.00 LA CLASSIFICA UFFICIALE DI RADIOPIU DI MARCO GAZ <\/strong><strong>16 45 LE HIT STORICHE DI MIRCO BENCIVENNI<\/strong> <strong>19.05\u00a0 ANDREA FONTANA IL PILOTA DI PONTE NELLE ALPI A RADIOPIU&#8230; DI MARCO GAZ E ROBERTO BONA<\/strong><\/p>\n<p><strong>HOCKEY PERGINE SAPIENS- ALLEGHE HOCKEY <\/strong>Sabato 25 Ottobre ore 18:45 &#8211; Palaghiaccio di Pergine (TN). Arbitri: Luca Cassol e Simone Soraperra con giudici di linea Lorenzo Dell&#8217;amico e Alberto Plancher. Collegamenti in DIRETTA RADIOFONICA su Radio Pi\u00f9 (www.radiopiu.net) con \u201chockey al punto giusto\u201d, in studio Marco Gaz e da Pergine interventi di Federico Paganin<\/p>\n<p>&nbsp;<\/p>\n<hr \/>\n<p>&nbsp;<\/p>\n<div class=\"x11i5rnm xat24cr x1mh8g0r x1vvkbs xtlvy1s x126k92a\">\n<blockquote>\n<h1><strong><a class=\"dt-pswp-item\" href=\"https:\/\/www.radiopiu.net\/wordpress\/wp-content\/uploads\/2024\/10\/629301fd-708d-4f53-95c2-d28cbefd500f.jpg\" data-dt-img-description=\"\" data-large_image_width=\"1600\" data-large_image_height=\"1322\"><img loading=\"lazy\" decoding=\"async\" class=\"wp-image-413782 alignright\" src=\"https:\/\/www.radiopiu.net\/wordpress\/wp-content\/uploads\/2024\/10\/629301fd-708d-4f53-95c2-d28cbefd500f-300x248.jpg\" alt=\"\" width=\"106\" height=\"88\" srcset=\"https:\/\/www.radiopiu.net\/wordpress\/wp-content\/uploads\/2024\/10\/629301fd-708d-4f53-95c2-d28cbefd500f-300x248.jpg 300w, https:\/\/www.radiopiu.net\/wordpress\/wp-content\/uploads\/2024\/10\/629301fd-708d-4f53-95c2-d28cbefd500f-1024x846.jpg 1024w, https:\/\/www.radiopiu.net\/wordpress\/wp-content\/uploads\/2024\/10\/629301fd-708d-4f53-95c2-d28cbefd500f-768x635.jpg 768w, https:\/\/www.radiopiu.net\/wordpress\/wp-content\/uploads\/2024\/10\/629301fd-708d-4f53-95c2-d28cbefd500f-1536x1269.jpg 1536w, https:\/\/www.radiopiu.net\/wordpress\/wp-content\/uploads\/2024\/10\/629301fd-708d-4f53-95c2-d28cbefd500f.jpg 1600w\" sizes=\"auto, (max-width: 106px) 100vw, 106px\" \/><\/a><\/strong><\/h1>\n<h1><strong><a class=\"dt-pswp-item\" href=\"https:\/\/www.radiopiu.net\/wordpress\/wp-content\/uploads\/2024\/11\/th-18.jpg\" data-dt-img-description=\"\" data-large_image_width=\"156\" data-large_image_height=\"180\"><img loading=\"lazy\" decoding=\"async\" class=\" wp-image-421611 alignleft\" src=\"https:\/\/www.radiopiu.net\/wordpress\/wp-content\/uploads\/2024\/11\/th-18.jpg\" alt=\"\" width=\"107\" height=\"123\" \/><\/a><\/strong><\/h1>\n<h1><strong>N di parom &#8211; L Almanach de la nosta jent<\/strong><\/h1>\n<\/blockquote>\n<p>&nbsp;<\/p>\n<p>Le voci: Davide Conedera, Agordo, Michela Dell&#8217;Osbel, La Valle Agordina Simone Ganz, Falcade Veronica Lezuo, Colle Santa Lucia. La voce nella sigla \u00e8 di Giorgia Taio<\/p>\n<p><strong>LA PUNTATA DI OGGI, 25 OTTOBRE 2025<\/strong><\/p>\n<audio class=\"wp-audio-shortcode\" id=\"audio-476945-1\" preload=\"none\" style=\"width: 100%;\" controls=\"controls\"><source type=\"audio\/mpeg\" src=\"https:\/\/www.radiopiu.net\/wordpress\/wp-content\/uploads\/2025\/10\/AL6-2.mp3?_=1\" \/><a href=\"https:\/\/www.radiopiu.net\/wordpress\/wp-content\/uploads\/2025\/10\/AL6-2.mp3\">https:\/\/www.radiopiu.net\/wordpress\/wp-content\/uploads\/2025\/10\/AL6-2.mp3<\/a><\/audio>\n<p>&nbsp;<\/p>\n<\/div>\n<hr \/>\n<p>&nbsp;<\/p>\n<p>&nbsp;<\/p>\n<div class=\"x11i5rnm xat24cr x1mh8g0r x1vvkbs xtlvy1s x126k92a\">\n<div dir=\"auto\">\n<div dir=\"auto\">\n<p><strong><a class=\"dt-pswp-item\" href=\"https:\/\/www.radiopiu.net\/wordpress\/wp-content\/uploads\/2025\/09\/file-4.jpg\" data-dt-img-description=\"\" data-large_image_width=\"640\" data-large_image_height=\"641\"><img loading=\"lazy\" decoding=\"async\" class=\"wp-image-471370 alignleft\" src=\"https:\/\/www.radiopiu.net\/wordpress\/wp-content\/uploads\/2025\/09\/file-4-300x300.jpg\" alt=\"\" width=\"170\" height=\"170\" srcset=\"https:\/\/www.radiopiu.net\/wordpress\/wp-content\/uploads\/2025\/09\/file-4-300x300.jpg 300w, https:\/\/www.radiopiu.net\/wordpress\/wp-content\/uploads\/2025\/09\/file-4-150x150.jpg 150w, https:\/\/www.radiopiu.net\/wordpress\/wp-content\/uploads\/2025\/09\/file-4.jpg 640w\" sizes=\"auto, (max-width: 170px) 100vw, 170px\" \/><\/a>EL BAL DEL FIOR, DI GIULIANA DA RONCH, 25 OTTOBRE<\/strong><strong>\u00a02025<\/strong><\/p>\n<\/div>\n<\/div>\n<div dir=\"auto\">\n<div dir=\"auto\">\n<p>&nbsp;<\/p>\n<\/div>\n<\/div>\n<\/div>\n<div class=\"x11i5rnm xat24cr x1mh8g0r x1vvkbs xtlvy1s x126k92a\">\n<div dir=\"auto\">\n<p>&nbsp;<\/p>\n<p>&nbsp;<\/p>\n<audio class=\"wp-audio-shortcode\" id=\"audio-476945-2\" preload=\"none\" style=\"width: 100%;\" controls=\"controls\"><source type=\"audio\/mpeg\" src=\"https:\/\/www.radiopiu.net\/wordpress\/wp-content\/uploads\/2025\/10\/GSA-2.mp3?_=2\" \/><a href=\"https:\/\/www.radiopiu.net\/wordpress\/wp-content\/uploads\/2025\/10\/GSA-2.mp3\">https:\/\/www.radiopiu.net\/wordpress\/wp-content\/uploads\/2025\/10\/GSA-2.mp3<\/a><\/audio>\n<p>&nbsp;<\/p>\n<hr \/>\n<\/div>\n<\/div>\n<blockquote>\n<blockquote>\n<h1><span style=\"color: #ff0000;\">\u00a0<\/span><\/h1>\n<h1><span style=\"color: #ff0000;\">I podcast informativi del mattino &#8211; audio &#8211;\u00a0\u00a0<\/span><\/h1>\n<\/blockquote>\n<p><strong><a class=\"dt-pswp-item\" href=\"https:\/\/www.radiopiu.net\/wordpress\/wp-content\/uploads\/2024\/11\/6.jpg\" data-dt-img-description=\"\" data-large_image_width=\"177\" data-large_image_height=\"180\"><img loading=\"lazy\" decoding=\"async\" class=\"size-full wp-image-417911 alignleft\" src=\"https:\/\/www.radiopiu.net\/wordpress\/wp-content\/uploads\/2024\/11\/6.jpg\" alt=\"\" width=\"177\" height=\"180\" \/><\/a>LA RASSEGNA STAMPA NAZIONALE ALLA RADIO, OGNI GIORNO ALLE 5 E ALLE 6 DEL MATTINO <span style=\"color: #0000ff;\">viene pubblicata alle 6.00 <span style=\"color: #ff0000;\">DIRETTA RADIO\u00a0 \u00a0\u00a0<\/span><\/span><\/strong><\/p><\/blockquote>\n<h1><strong>NOTIZIE DELLA NOTTE\u00a0 \u00a0<\/strong><\/h1>\n<p data-start=\"130\" data-end=\"373\"><strong data-start=\"130\" data-end=\"139\">KIEV.<\/strong> Notte di paura nella capitale ucraina: forti esplosioni e incendi hanno colpito vari quartieri. Il sindaco Klitschko parla di \u201ccitt\u00e0 sotto attacco\u201d, mentre i soccorsi sono al lavoro per spegnere i roghi e mettere in salvo i civili.<\/p>\n<p data-start=\"375\" data-end=\"559\"><strong data-start=\"375\" data-end=\"386\">PARIGI.<\/strong> Il presidente Emmanuel Macron ha annunciato l\u2019invio a Kiev di nuovi missili a lungo raggio e caccia Mirage, nel quadro del sostegno militare francese all\u2019Ucraina.<\/p>\n<p data-start=\"561\" data-end=\"780\"><strong data-start=\"561\" data-end=\"570\">GAZA.<\/strong> Le fazioni palestinesi hanno trovato un\u2019intesa per la creazione di un comitato di tecnocrati che dovr\u00e0 gestire i servizi essenziali nella Striscia, un passo considerato cruciale per la stabilit\u00e0 interna.<\/p>\n<p data-start=\"782\" data-end=\"965\"><strong data-start=\"782\" data-end=\"791\">ROMA.<\/strong> Tensione alla manifestazione pro-Palestina diretta verso la Festa del Cinema: la polizia \u00e8 intervenuta con manganelli e idranti per disperdere alcuni manifestanti.<\/p>\n<p data-start=\"967\" data-end=\"1140\"><strong data-start=\"967\" data-end=\"982\">WASHINGTON.<\/strong> Una societ\u00e0 di droni legata a Donald Trump Jr. ha ottenuto un contratto con il Pentagono, aprendo a polemiche sull\u2019eventuale conflitto d\u2019interessi.<\/p>\n<p data-start=\"1142\" data-end=\"1297\"><strong data-start=\"1142\" data-end=\"1154\">BANGKOK.<\/strong> \u00c8 morta a 93 anni Sirikit, regina madre di Thailandia e vedova di re Bhumibol Adulyadej, figura amatissima e simbolo di unit\u00e0 nazionale.<\/p>\n<p data-start=\"1299\" data-end=\"1472\"><strong data-start=\"1299\" data-end=\"1313\">BRUXELLES.<\/strong> La Nato afferma che Putin \u201csta perdendo soldi, truppe e idee\u201d, sottolineando le difficolt\u00e0 economiche e militari della Russia nel conflitto ucraino.<\/p>\n<p data-start=\"1474\" data-end=\"1619\"><strong data-start=\"1474\" data-end=\"1483\">ROMA.<\/strong> Tregua momentanea sulla manovra economica: i nodi principali saranno rinviati alla discussione parlamentare.<\/p>\n<p data-start=\"1621\" data-end=\"1759\"><strong data-start=\"1621\" data-end=\"1635\">AMSTERDAM.<\/strong> Il prezzo del gas europeo chiude in calo a 32,02 euro per megawattora, segnale positivo per i mercati energetici.<\/p>\n<p data-start=\"1761\" data-end=\"1939\"><strong data-start=\"1761\" data-end=\"1777\">LOS ANGELES<\/strong>.Elon Musk annuncia un nuovo progetto per finanziare ricerche di archeologia sperimentale, con l\u2019obiettivo dichiarato di \u201criscrivere i libri di storia\u201d.<\/p>\n<p>&nbsp;<\/p>\n<hr \/>\n<p>&nbsp;<\/p>\n<h1 style=\"text-align: center;\"><span style=\"color: #ff0000;\"><a class=\"dt-pswp-item\" href=\"https:\/\/www.radiopiu.net\/wordpress\/wp-content\/uploads\/2024\/11\/7.jpg\" data-dt-img-description=\"\" data-large_image_width=\"180\" data-large_image_height=\"180\"><img loading=\"lazy\" decoding=\"async\" class=\"size-full wp-image-417912 alignleft\" src=\"https:\/\/www.radiopiu.net\/wordpress\/wp-content\/uploads\/2024\/11\/7.jpg\" alt=\"\" width=\"180\" height=\"180\" srcset=\"https:\/\/www.radiopiu.net\/wordpress\/wp-content\/uploads\/2024\/11\/7.jpg 180w, https:\/\/www.radiopiu.net\/wordpress\/wp-content\/uploads\/2024\/11\/7-150x150.jpg 150w\" sizes=\"auto, (max-width: 180px) 100vw, 180px\" \/><\/a>I podcast informativi del mattino &#8211; audio &#8211;\u00a0<\/span><\/h1>\n<p><strong>OGNI GIORNO ALLE SETTE DEL MATTINO, LA RASSEGNA STAMPA LOCALE FLASH&#8230; PER CHI VA IN FRETTA. I TITOLI DAI GIORNALI E DAL SITO WWW.RADIOPIU.NET <span style=\"color: #0000ff;\">viene pubblicato alle 7.00<\/span> <span style=\"color: #ff0000;\">DIRETTA RADIO\u00a0<\/span><\/strong><\/p>\n<p><em><span style=\"color: #ff0000;\">per chi va in fretta&#8230; tante notizie in pochi minuti. L&#8217;informazione locale alla radio, ogni ora dalle 7 del mattino alle 19 della sera.\u00a0\u00a0<\/span><\/em><\/p>\n<p><strong data-start=\"0\" data-end=\"62\">Notizie locali dal Bellunese: tra cronaca, eventi e novit\u00e0<\/strong><\/p>\n<div class=\"flex flex-1 grow basis-auto flex-col overflow-hidden\">\n<div class=\"relative h-full\">\n<div class=\"flex h-full flex-col overflow-y-auto [scrollbar-gutter:stable]\">\n<div class=\"mt-1.5 flex flex-col text-sm @thread-xl\/thread:pt-header-height md:pb-9\">\n<article class=\"group\/turn w-full text-token-text-primary focus-visible:outline-none\" dir=\"auto\" tabindex=\"-1\" data-testid=\"conversation-turn-2\" data-scroll-anchor=\"true\">\n<div class=\"text-base my-auto mx-auto py-5 px-6\">\n<div class=\"mx-auto flex flex-1 text-base gap-4 md:gap-5 lg:gap-6 md:max-w-3xl\">\n<div class=\"group\/conversation-turn relative flex w-full min-w-0 flex-col agent-turn @xs\/thread:px-0 @sm\/thread:px-1.5 @md\/thread:px-4\">\n<div class=\"relative flex-col gap-1 md:gap-3\">\n<div class=\"flex max-w-full flex-col flex-grow\">\n<div class=\"min-h-8 text-message relative flex w-full flex-col items-end gap-2 whitespace-normal break-words text-start [.text-message+&amp;]:mt-5\" dir=\"auto\" data-message-author-role=\"assistant\" data-message-id=\"bff05fc0-dc7c-4ab7-9b20-d3eec753127b\" data-message-model-slug=\"gpt-4o-mini\">\n<div class=\"flex w-full flex-col gap-1 empty:hidden first:pt-[3px]\">\n<div class=\"markdown prose w-full break-words dark:prose-invert dark\">\n<p class=\"\" data-start=\"64\" data-end=\"329\"><em><strong>Radio Pi\u00f9 offre una panoramica sui principali eventi e notizie in provincia di Belluno, accompagnata dalla programmazione radiofonica. Tra le principali notizie<\/strong><\/em><\/p>\n<\/div>\n<\/div>\n<\/div>\n<\/div>\n<\/div>\n<\/div>\n<\/div>\n<\/div>\n<\/article>\n<\/div>\n<\/div>\n<\/div>\n<\/div>\n<h1>AUDIO dalle 7 del mattino<\/h1>\n<audio class=\"wp-audio-shortcode\" id=\"audio-476945-3\" preload=\"none\" style=\"width: 100%;\" controls=\"controls\"><source type=\"audio\/mpeg\" src=\"https:\/\/www.radiopiu.net\/wordpress\/wp-content\/uploads\/2025\/10\/GF07-21.mp3?_=3\" \/><a href=\"https:\/\/www.radiopiu.net\/wordpress\/wp-content\/uploads\/2025\/10\/GF07-21.mp3\">https:\/\/www.radiopiu.net\/wordpress\/wp-content\/uploads\/2025\/10\/GF07-21.mp3<\/a><\/audio>\n<p>&nbsp;<\/p>\n<p>&nbsp;<\/p>\n<hr \/>\n<p>&nbsp;<\/p>\n<h1><\/h1>\n<h1 style=\"text-align: center;\"><span style=\"color: #ff0000;\"><a class=\"dt-pswp-item\" href=\"https:\/\/www.radiopiu.net\/wordpress\/wp-content\/uploads\/2024\/11\/th.jpg\" data-dt-img-description=\"\" data-large_image_width=\"148\" data-large_image_height=\"179\"><img loading=\"lazy\" decoding=\"async\" class=\" wp-image-417913 alignleft\" src=\"https:\/\/www.radiopiu.net\/wordpress\/wp-content\/uploads\/2024\/11\/th.jpg\" alt=\"\" width=\"66\" height=\"80\" \/><\/a>I podcast informativi del mattino &#8211; audio &#8211;\u00a0<\/span><\/h1>\n<blockquote><p><strong>GIORNALE RADIO NAZIONALE, EDIZIONE DELLE SETTE <span style=\"color: #0000ff;\">viene pubblicato alle 7.05 <span style=\"color: #ff0000;\">DIRETTA RADIO\u00a0<\/span><\/span><\/strong><\/p><\/blockquote>\n<p><strong>il giornale radionazionale e&#8217; in onda ogni ora, dalle sette del mattino alle venti della sera\u00a0 \u00a0\u00a0<\/strong><\/p>\n<blockquote>\n<h2><em><a class=\"dt-pswp-item\" href=\"https:\/\/www.radiopiu.net\/wordpress\/wp-content\/uploads\/2025\/02\/download-7.jpg\" data-dt-img-description=\"\" data-large_image_width=\"211\" data-large_image_height=\"239\"><img loading=\"lazy\" decoding=\"async\" class=\" wp-image-435553 alignleft\" src=\"https:\/\/www.radiopiu.net\/wordpress\/wp-content\/uploads\/2025\/02\/download-7.jpg\" alt=\"\" width=\"186\" height=\"211\" \/><\/a><span style=\"color: #ff0000;\">RADIOPI\u00d9<\/span> \u2013 La voce del territorio, lo sguardo sul Paese.\u00a0<\/em><\/h2>\n<\/blockquote>\n<div class=\"flex basis-auto flex-col -mb-(--composer-overlap-px) [--composer-overlap-px:55px] grow overflow-hidden\">\n<div class=\"relative h-full\">\n<div class=\"flex h-full flex-col overflow-y-auto [scrollbar-gutter:stable_both-edges] @[84rem]\/thread:pt-(--header-height)\">\n<div class=\"@thread-xl\/thread:pt-header-height flex flex-col text-sm pb-25\">\n<article class=\"text-token-text-primary w-full focus:outline-none scroll-mt-[calc(var(--header-height)+min(200px,max(70px,20svh)))]\" dir=\"auto\" tabindex=\"-1\" data-testid=\"conversation-turn-68\" data-scroll-anchor=\"true\" data-turn=\"assistant\">\n<div class=\"text-base my-auto mx-auto pb-10 [--thread-content-margin:--spacing(4)] @[37rem]:[--thread-content-margin:--spacing(6)] @[72rem]:[--thread-content-margin:--spacing(16)] px-(--thread-content-margin)\">\n<div class=\"[--thread-content-max-width:32rem] @[34rem]:[--thread-content-max-width:40rem] @[64rem]:[--thread-content-max-width:48rem] mx-auto max-w-(--thread-content-max-width) flex-1 group\/turn-messages focus-visible:outline-hidden relative flex w-full min-w-0 flex-col agent-turn\" tabindex=\"-1\">\n<div class=\"flex max-w-full flex-col grow\">\n<div class=\"min-h-8 text-message relative flex w-full flex-col items-end gap-2 text-start break-words whitespace-normal [.text-message+&amp;]:mt-5\" dir=\"auto\" data-message-author-role=\"assistant\" data-message-id=\"44b2bab2-310d-4a9e-8ff2-f21a32a7d5b3\" data-message-model-slug=\"gpt-4-1-mini\">\n<div class=\"flex w-full flex-col gap-1 empty:hidden first:pt-[3px]\">\n<div class=\"markdown prose dark:prose-invert w-full break-words dark\">\n<div class=\"pointer-events-none h-px w-px\" aria-hidden=\"true\" data-edge=\"true\">\n<article class=\"text-token-text-primary w-full focus:outline-none [--shadow-height:45px] has-data-writing-block:pointer-events-none has-data-writing-block:-mt-(--shadow-height) has-data-writing-block:pt-(--shadow-height) [&amp;:has([data-writing-block])&gt;*]:pointer-events-auto scroll-mt-[calc(var(--header-height)+min(200px,max(70px,20svh)))]\" dir=\"auto\" tabindex=\"-1\" data-turn-id=\"130b8be7-f7b9-490e-b6b6-5339aff43b02\" data-testid=\"conversation-turn-2\" data-scroll-anchor=\"true\" data-turn=\"assistant\">\n<div class=\"text-base my-auto mx-auto pb-10 [--thread-content-margin:--spacing(4)] thread-sm:[--thread-content-margin:--spacing(6)] thread-lg:[--thread-content-margin:--spacing(16)] px-(--thread-content-margin)\">\n<div class=\"[--thread-content-max-width:40rem] thread-lg:[--thread-content-max-width:48rem] mx-auto max-w-(--thread-content-max-width) flex-1 group\/turn-messages focus-visible:outline-hidden relative flex w-full min-w-0 flex-col agent-turn\" tabindex=\"-1\">\n<div class=\"flex max-w-full flex-col grow\">\n<div class=\"min-h-8 text-message relative flex w-full flex-col items-end gap-2 text-start break-words whitespace-normal [.text-message+&amp;]:mt-1\" dir=\"auto\" data-message-author-role=\"assistant\" data-message-id=\"133ed048-8ddc-4137-bb9e-e7c072b99a24\" data-message-model-slug=\"gpt-5\">\n<div class=\"flex w-full flex-col gap-1 empty:hidden first:pt-[1px]\">\n<p class=\"markdown prose dark:prose-invert w-full break-words dark markdown-new-styling\"><strong data-start=\"130\" data-end=\"141\">BOLOGNA<\/strong> \u2013 Luciana Ronchi \u00e8 stata uccisa con 14 coltellate dall\u2019ex compagno che l\u2019ha inseguita per strada. Le telecamere di sorveglianza hanno ripreso l\u2019aggressione. L\u2019uomo, fermato poche ore dopo, avrebbe confessato.<strong data-start=\"354\" data-end=\"366\">COLLEGNO<\/strong> \u2013 Proseguono le indagini sull\u2019omicidio di un uomo accoltellato a morte. I carabinieri hanno sentito parenti e amici della vittima per ricostruire il movente.<strong data-start=\"1495\" data-end=\"1506\">TARANTO<\/strong> \u2013 Un uomo ha picchiato brutalmente la moglie nel loro negozio; la donna \u00e8 in gravi condizioni, lui \u00e8 stato arrestato.<strong data-start=\"528\" data-end=\"545\">SAN VITALIANO<\/strong> \u2013 Un imprenditore \u00e8 morto precipitando da sette metri durante un sopralluogo in un cantiere. I carabinieri indagano per accertare eventuali violazioni delle norme di sicurezza.<strong data-start=\"726\" data-end=\"737\">PALERMO<\/strong> \u2013 Svolta sul delitto Mattarella: arrestato l\u2019ex prefetto Piritore, accusato di depistaggio. Avrebbe mentito sul guanto dimenticato dal killer dopo l\u2019attentato del 1980.<strong data-start=\"910\" data-end=\"920\">MILANO<\/strong> \u2013 Un nuovo pentito coinvolto nel maxi processo \u201cHydra\u201d accusa Fabrizio Corona di presunti rapporti con i clan. La Dda indaga sull\u2019alleanza tra le mafie del Nord.<strong data-start=\"1086\" data-end=\"1098\">GARLASCO<\/strong> \u2013 Nuovi accertamenti sul caso Poggi: disposto un esame antropometrico per Andrea Sempio. Le misurazioni saranno confrontate con le lesioni sul corpo della vittima.<strong data-start=\"1266\" data-end=\"1274\">ROMA<\/strong> \u2013 Torna l\u2019ora solare nella notte tra sabato 25 e domenica 26 ottobre: le lancette andranno spostate un\u2019ora indietro. Secondo Terna, nei primi sette mesi del 2025 il risparmio energetico \u00e8 stato di 90 milioni di euro.<b>METEO<\/b> \u2013 Si allontana la perturbazione: attese pi\u00f9 ore di sole, ma il weekend sar\u00e0 a due facce. Sabato stabile grazie all\u2019alta pressione, domenica nuovo peggioramento con piogge sparse.<\/p>\n<p>&nbsp;<\/p>\n<p>&nbsp;<\/p>\n<\/div>\n<\/div>\n<\/div>\n<\/div>\n<\/div>\n<\/article>\n<\/div>\n<\/div>\n<\/div>\n<\/div>\n<\/div>\n<\/div>\n<\/div>\n<\/article>\n<\/div>\n<\/div>\n<\/div>\n<\/div>\n<article class=\"text-token-text-primary w-full focus:outline-none scroll-mt-[calc(var(--header-height)+min(200px,max(70px,20svh)))]\" dir=\"auto\" tabindex=\"-1\" data-testid=\"conversation-turn-72\" data-scroll-anchor=\"true\" data-turn=\"assistant\">\n<div class=\"text-base my-auto mx-auto pb-10 [--thread-content-margin:--spacing(4)] @[37rem]:[--thread-content-margin:--spacing(6)] @[72rem]:[--thread-content-margin:--spacing(16)] px-(--thread-content-margin)\">\n<div class=\"[--thread-content-max-width:32rem] @[34rem]:[--thread-content-max-width:40rem] @[64rem]:[--thread-content-max-width:48rem] mx-auto max-w-(--thread-content-max-width) flex-1 group\/turn-messages focus-visible:outline-hidden relative flex w-full min-w-0 flex-col agent-turn\" tabindex=\"-1\">\n<div class=\"flex max-w-full flex-col grow\">\n<div class=\"min-h-8 text-message relative flex w-full flex-col items-end gap-2 text-start break-words whitespace-normal [.text-message+&amp;]:mt-5\" dir=\"auto\" data-message-author-role=\"assistant\" data-message-id=\"6ad35c52-e3d0-4186-88d9-35bb4972681f\" data-message-model-slug=\"gpt-4o\">\n<div class=\"flex w-full flex-col gap-1 empty:hidden first:pt-[3px]\">\n<div class=\"markdown prose dark:prose-invert w-full break-words dark\">\n<article class=\"text-token-text-primary w-full\" dir=\"auto\" data-testid=\"conversation-turn-163\" data-scroll-anchor=\"true\">\n<div class=\"text-base my-auto mx-auto pb-10 [--thread-content-margin:--spacing(4)] @[37rem]:[--thread-content-margin:--spacing(6)] @[72rem]:[--thread-content-margin:--spacing(16)] px-(--thread-content-margin)\">\n<div class=\"[--thread-content-max-width:32rem] @[34rem]:[--thread-content-max-width:40rem] @[64rem]:[--thread-content-max-width:48rem] mx-auto flex max-w-(--thread-content-max-width) flex-1 text-base gap-4 md:gap-5 lg:gap-6 group\/turn-messages focus-visible:outline-hidden\" tabindex=\"-1\">\n<div class=\"group\/conversation-turn relative flex w-full min-w-0 flex-col agent-turn\">\n<div class=\"relative flex-col gap-1 md:gap-3\">\n<div class=\"flex max-w-full flex-col grow\">\n<div class=\"min-h-8 text-message relative flex w-full flex-col items-end gap-2 text-start break-words whitespace-normal [.text-message+&amp;]:mt-5\" dir=\"auto\" data-message-author-role=\"assistant\" data-message-id=\"efdea043-c36a-42e6-8e01-aec593793ec1\" data-message-model-slug=\"gpt-4o\">\n<div class=\"flex w-full flex-col gap-1 empty:hidden first:pt-[3px]\">\n<div class=\"markdown prose dark:prose-invert w-full break-words dark\">\n<article class=\"text-token-text-primary w-full focus:outline-none scroll-mt-[calc(var(--header-height)+min(200px,max(70px,20svh)))]\" dir=\"auto\" tabindex=\"-1\" data-testid=\"conversation-turn-162\" data-scroll-anchor=\"true\" data-turn=\"assistant\">\n<div class=\"text-base my-auto mx-auto pb-10 [--thread-content-margin:--spacing(4)] @[37rem]:[--thread-content-margin:--spacing(6)] @[72rem]:[--thread-content-margin:--spacing(16)] px-(--thread-content-margin)\">\n<div class=\"[--thread-content-max-width:32rem] @[34rem]:[--thread-content-max-width:40rem] @[64rem]:[--thread-content-max-width:48rem] mx-auto max-w-(--thread-content-max-width) flex-1 group\/turn-messages focus-visible:outline-hidden relative flex w-full min-w-0 flex-col agent-turn\" tabindex=\"-1\">\n<div class=\"flex max-w-full flex-col grow\">\n<div class=\"min-h-8 text-message relative flex w-full flex-col items-end gap-2 text-start break-words whitespace-normal [.text-message+&amp;]:mt-5\" dir=\"auto\" data-message-author-role=\"assistant\" data-message-id=\"842efa5e-0b6b-4c68-b1eb-9dd894bae6c3\" data-message-model-slug=\"gpt-4o\">\n<div class=\"flex w-full flex-col gap-1 empty:hidden first:pt-[3px]\">\n<div class=\"markdown prose dark:prose-invert w-full break-words dark\">\n<div class=\"flex basis-auto flex-col -mb-(--composer-overlap-px) [--composer-overlap-px:55px] grow overflow-hidden\">\n<div class=\"relative h-full\">\n<div class=\"flex h-full flex-col overflow-y-auto [scrollbar-gutter:stable_both-edges] @[84rem]\/thread:pt-(--header-height)\">\n<div class=\"@thread-xl\/thread:pt-header-height flex flex-col text-sm pb-25\">\n<article class=\"text-token-text-primary w-full focus:outline-none scroll-mt-[calc(var(--header-height)+min(200px,max(70px,20svh)))]\" dir=\"auto\" tabindex=\"-1\" data-testid=\"conversation-turn-18\" data-scroll-anchor=\"true\" data-turn=\"assistant\">\n<div class=\"text-base my-auto mx-auto pb-10 [--thread-content-margin:--spacing(4)] @[37rem]:[--thread-content-margin:--spacing(6)] @[72rem]:[--thread-content-margin:--spacing(16)] px-(--thread-content-margin)\">\n<div class=\"[--thread-content-max-width:32rem] @[34rem]:[--thread-content-max-width:40rem] @[64rem]:[--thread-content-max-width:48rem] mx-auto max-w-(--thread-content-max-width) flex-1 group\/turn-messages focus-visible:outline-hidden relative flex w-full min-w-0 flex-col agent-turn\" tabindex=\"-1\">\n<div class=\"flex max-w-full flex-col grow\">\n<div class=\"min-h-8 text-message relative flex w-full flex-col items-end gap-2 text-start break-words whitespace-normal [.text-message+&amp;]:mt-5\" dir=\"auto\" data-message-author-role=\"assistant\" data-message-id=\"10a6d749-a0ed-478c-a66e-5f27b47e163c\" data-message-model-slug=\"gpt-5\">\n<div class=\"flex w-full flex-col gap-1 empty:hidden first:pt-[3px]\">\n<div class=\"markdown prose dark:prose-invert w-full break-words dark\">\n<hr data-start=\"1055\" data-end=\"1058\" \/>\n<\/div>\n<\/div>\n<\/div>\n<\/div>\n<\/div>\n<\/div>\n<\/article>\n<\/div>\n<\/div>\n<\/div>\n<\/div>\n<div id=\"thread-bottom-container\" class=\"content-fade relative isolate z-10 w-full basis-auto has-data-has-thread-error:pt-2 has-data-has-thread-error:[box-shadow:var(--sharp-edge-bottom-shadow)] md:border-transparent md:pt-0 dark:border-white\/20 md:dark:border-transparent flex flex-col\">\n<div id=\"thread-bottom\">\n<div class=\"text-base mx-auto [--thread-content-margin:--spacing(4)] @[37rem]:[--thread-content-margin:--spacing(6)] @[72rem]:[--thread-content-margin:--spacing(16)] px-(--thread-content-margin)\">\n<div class=\"[--thread-content-max-width:32rem] @[34rem]:[--thread-content-max-width:40rem] @[64rem]:[--thread-content-max-width:48rem] mx-auto max-w-(--thread-content-max-width) flex-1\">\n<div class=\"max-xs:[--force-hide-label:none] relative z-1 flex h-full max-w-full flex-1 flex-col\">\n<form class=\"w-full [view-transition-name:var(--vt-composer)]\" data-type=\"unified-composer\">\n<div class=\"bg-token-bg-primary shadow-short flex w-full cursor-text flex-col items-center justify-center overflow-clip bg-clip-padding contain-inline-size dark:bg-[#303030] rounded-[28px]\">\n<div class=\"relative flex min-h-14 w-full items-end\">\n<div class=\"relative flex w-full flex-auto flex-col\">\n<div class=\"relative mx-5 flex min-h-14 flex-auto bg-transparent items-start\">\n<div class=\"_prosemirror-parent_276o5_2 text-token-text-primary max-h-[25dvh] max-h-52 flex-1 overflow-auto [scrollbar-width:thin] default-browser vertical-scroll-fade-mask\">\n<div id=\"prompt-textarea\" class=\"ProseMirror\" contenteditable=\"true\" translate=\"no\" data-virtualkeyboard=\"true\"><\/div>\n<\/div>\n<\/div>\n<\/div>\n<\/div>\n<\/div>\n<\/form>\n<\/div>\n<\/div>\n<\/div>\n<\/div>\n<\/div>\n<\/div>\n<\/div>\n<\/div>\n<\/div>\n<\/div>\n<\/div>\n<\/article>\n<\/div>\n<\/div>\n<\/div>\n<\/div>\n<\/div>\n<\/div>\n<\/div>\n<\/div>\n<\/article>\n<\/div>\n<\/div>\n<\/div>\n<\/div>\n<\/div>\n<\/div>\n<\/article>\n<article class=\"text-token-text-primary w-full focus:outline-none scroll-mt-[calc(var(--header-height)+min(200px,max(70px,20svh)))]\" dir=\"auto\" tabindex=\"-1\" data-testid=\"conversation-turn-72\" data-scroll-anchor=\"true\" data-turn=\"assistant\">\n<div class=\"text-base my-auto mx-auto pb-10 [--thread-content-margin:--spacing(4)] @[37rem]:[--thread-content-margin:--spacing(6)] @[72rem]:[--thread-content-margin:--spacing(16)] px-(--thread-content-margin)\">\n<div class=\"[--thread-content-max-width:32rem] @[34rem]:[--thread-content-max-width:40rem] @[64rem]:[--thread-content-max-width:48rem] mx-auto max-w-(--thread-content-max-width) flex-1 group\/turn-messages focus-visible:outline-hidden relative flex w-full min-w-0 flex-col agent-turn\" tabindex=\"-1\">\n<div class=\"flex max-w-full flex-col grow\">\n<div class=\"min-h-8 text-message relative flex w-full flex-col items-end gap-2 text-start break-words whitespace-normal [.text-message+&amp;]:mt-5\" dir=\"auto\" data-message-author-role=\"assistant\" data-message-id=\"6ad35c52-e3d0-4186-88d9-35bb4972681f\" data-message-model-slug=\"gpt-4o\">\n<div class=\"flex w-full flex-col gap-1 empty:hidden first:pt-[3px]\">\n<div class=\"markdown prose dark:prose-invert w-full break-words dark\">\n<article class=\"text-token-text-primary w-full\" dir=\"auto\" data-testid=\"conversation-turn-163\" data-scroll-anchor=\"true\">\n<div class=\"text-base my-auto mx-auto pb-10 [--thread-content-margin:--spacing(4)] @[37rem]:[--thread-content-margin:--spacing(6)] @[72rem]:[--thread-content-margin:--spacing(16)] px-(--thread-content-margin)\">\n<div class=\"[--thread-content-max-width:32rem] @[34rem]:[--thread-content-max-width:40rem] @[64rem]:[--thread-content-max-width:48rem] mx-auto flex max-w-(--thread-content-max-width) flex-1 text-base gap-4 md:gap-5 lg:gap-6 group\/turn-messages focus-visible:outline-hidden\" tabindex=\"-1\">\n<div class=\"group\/conversation-turn relative flex w-full min-w-0 flex-col agent-turn\">\n<div class=\"flex items-center justify-center\"><\/div>\n<\/div>\n<\/div>\n<\/div>\n<\/article>\n<\/div>\n<\/div>\n<\/div>\n<\/div>\n<\/div>\n<\/div>\n<\/article>\n<blockquote>\n<h2><span style=\"color: #ff0000;\"><strong><a class=\"dt-pswp-item\" href=\"https:\/\/www.radiopiu.net\/wordpress\/wp-content\/uploads\/2025\/02\/download-3.jpg\" data-dt-img-description=\"\" data-large_image_width=\"223\" data-large_image_height=\"226\"><img loading=\"lazy\" decoding=\"async\" class=\"size-full wp-image-434732 alignleft\" src=\"https:\/\/www.radiopiu.net\/wordpress\/wp-content\/uploads\/2025\/02\/download-3.jpg\" alt=\"\" width=\"223\" height=\"226\" \/><\/a><\/strong>RADIOPI\u00d9<\/span> \u2013 Dalle Dolomiti alla pianura, i fatti che segnano la Regione.<\/h2>\n<\/blockquote>\n<article class=\"text-token-text-primary w-full focus:outline-none scroll-mt-[calc(var(--header-height)+min(200px,max(70px,20svh)))]\" dir=\"auto\" tabindex=\"-1\" data-testid=\"conversation-turn-112\" data-scroll-anchor=\"true\" data-turn=\"assistant\">\n<div class=\"text-base my-auto mx-auto pb-10 [--thread-content-margin:--spacing(4)] @[37rem]:[--thread-content-margin:--spacing(6)] @[72rem]:[--thread-content-margin:--spacing(16)] px-(--thread-content-margin)\">\n<div class=\"[--thread-content-max-width:32rem] @[34rem]:[--thread-content-max-width:40rem] @[64rem]:[--thread-content-max-width:48rem] mx-auto max-w-(--thread-content-max-width) flex-1 group\/turn-messages focus-visible:outline-hidden relative flex w-full min-w-0 flex-col agent-turn\" tabindex=\"-1\">\n<div class=\"flex max-w-full flex-col grow\">\n<div class=\"min-h-8 text-message relative flex w-full flex-col items-end gap-2 text-start break-words whitespace-normal [.text-message+&amp;]:mt-5\" dir=\"auto\" data-message-author-role=\"assistant\" data-message-id=\"74820017-8765-4ccc-b0c7-da916c45f87f\" data-message-model-slug=\"gpt-5\">\n<div class=\"flex w-full flex-col gap-1 empty:hidden first:pt-[3px]\">\n<div class=\"markdown prose dark:prose-invert w-full break-words dark\">\n<p data-start=\"130\" data-end=\"342\"><strong data-start=\"130\" data-end=\"147\">SOMMACAMPAGNA<\/strong> \u2013 Incendio nella notte in una taverna al piano terra di una villetta: due famiglie sono state evacuate. I vigili del fuoco hanno evitato che le fiamme si estendessero al resto dell\u2019abitazione.<\/p>\n<p data-start=\"344\" data-end=\"525\"><strong data-start=\"344\" data-end=\"355\">BRESCIA<\/strong> \u2013 Celebrati in forma privata i funerali della donna uccisa e abbandonata nelle campagne bresciane. La cerimonia si \u00e8 tenuta nel Veneziano, alla presenza dei familiari.<\/p>\n<p data-start=\"527\" data-end=\"723\"><strong data-start=\"527\" data-end=\"537\">VERONA<\/strong> \u2013 Nei pronto soccorso dell\u2019Ulss 9 arrivano i braccialetti anti-aggressione. Il progetto, finanziato con 138mila euro, prevede 290 dispositivi per la sicurezza del personale sanitario.<\/p>\n<p data-start=\"926\" data-end=\"1091\"><strong data-start=\"926\" data-end=\"936\">PADOVA<\/strong> \u2013 Il tribunale euganeo ha dichiarato illegittimi gli autovelox privi di omologazione, condannando il Comune al risarcimento degli automobilisti multati.<\/p>\n<p data-start=\"1093\" data-end=\"1284\"><strong data-start=\"1093\" data-end=\"1103\">PADOVA<\/strong> \u2013 \u201cChi l\u2019ha visto?\u201d rilancia l\u2019appello per rintracciare l\u2019erede di un uomo morto per Covid. L\u2019uomo, forse originario di Trieste, avrebbe lasciato un\u2019eredit\u00e0 non ancora reclamata.<\/p>\n<p data-start=\"1286\" data-end=\"1485\"><strong data-start=\"1286\" data-end=\"1296\">VERONA<\/strong> \u2013 Consegnati i Premi Masi 2025: i cinque vincitori hanno firmato la storica botte di Amarone. Tema della 44\u00aa edizione, \u201cProgresso e conflitti\u201d, dedicato al dialogo tra scienza e cultura.<\/p>\n<p data-start=\"1487\" data-end=\"1679\"><strong data-start=\"1487\" data-end=\"1498\">TREVISO<\/strong> \u2013 Otto giovani atleti quindicenni con la sindrome del \u201cQt lungo\u201d tornano all\u2019attivit\u00e0 agonistica grazie a un innovativo programma di monitoraggio cardiaco sperimentato in Veneto.<\/p>\n<p data-start=\"1681\" data-end=\"1875\"><strong data-start=\"1681\" data-end=\"1692\">VENEZIA<\/strong> \u2013 Il settore dei campeggi e villaggi turistici veneti \u00e8 stato riconosciuto come il pi\u00f9 sostenibile d\u2019Italia. Il risultato emerge dal Forum nazionale Open Air di Faita-Federcamping.<\/p>\n<p data-start=\"1877\" data-end=\"2006\" data-is-last-node=\"\" data-is-only-node=\"\"><strong data-start=\"1877\" data-end=\"1886\">METEO<\/strong> \u2013 Weekend stabile sabato con temperature miti; domenica atteso un nuovo peggioramento con piogge sparse e calo termico.<\/p>\n<\/div>\n<\/div>\n<\/div>\n<\/div>\n<\/div>\n<\/div>\n<\/article>\n<h1><span style=\"color: #ff0000;\"><span style=\"color: #0000ff;\">ULTIM&#8217;ORA<\/span> <span style=\"color: #000000;\">AUDIO dalle sette del mattino, ogni ora alla radio EDIZIONE DELLE SETTE<\/span><\/span><\/h1>\n<audio class=\"wp-audio-shortcode\" id=\"audio-476945-4\" preload=\"none\" style=\"width: 100%;\" controls=\"controls\"><source type=\"audio\/mpeg\" src=\"https:\/\/www.radiopiu.net\/wordpress\/wp-content\/uploads\/2025\/10\/giornale07-24.mp3?_=4\" \/><a href=\"https:\/\/www.radiopiu.net\/wordpress\/wp-content\/uploads\/2025\/10\/giornale07-24.mp3\">https:\/\/www.radiopiu.net\/wordpress\/wp-content\/uploads\/2025\/10\/giornale07-24.mp3<\/a><\/audio>\n<p>&nbsp;<\/p>\n<p>&nbsp;<\/p>\n<hr \/>\n<p>&nbsp;<\/p>\n<h1><span style=\"color: #ff0000;\"><a class=\"dt-pswp-item\" href=\"https:\/\/www.radiopiu.net\/wordpress\/wp-content\/uploads\/2024\/11\/8.jpg\" data-dt-img-description=\"\" data-large_image_width=\"180\" data-large_image_height=\"180\"><img loading=\"lazy\" decoding=\"async\" class=\"size-full wp-image-417910 alignleft\" src=\"https:\/\/www.radiopiu.net\/wordpress\/wp-content\/uploads\/2024\/11\/8.jpg\" alt=\"\" width=\"180\" height=\"180\" srcset=\"https:\/\/www.radiopiu.net\/wordpress\/wp-content\/uploads\/2024\/11\/8.jpg 180w, https:\/\/www.radiopiu.net\/wordpress\/wp-content\/uploads\/2024\/11\/8-150x150.jpg 150w\" sizes=\"auto, (max-width: 180px) 100vw, 180px\" \/><\/a>I podcast informativi del mattino &#8211; video &#8211;\u00a0<\/span><\/h1>\n<h2 style=\"text-align: left;\"><strong>RASSEGNA STAMPA LOCALE, ORE OTTO<\/strong><\/h2>\n<h2><strong> <span style=\"color: #0000ff;\">viene\u00a0 <\/span><\/strong><strong><span style=\"color: #0000ff;\">pubblicata alle 8.05 <span style=\"color: #ff0000;\">DIRETTA RADIO\u00a0 \u00a0<\/span><\/span><\/strong><strong>DI MIRKO MEZZACASA<\/strong><\/h2>\n<h1><span style=\"color: #ff0000;\"><strong>VIDEO\u00a0 \u00a0in diretta AGGIORNAMENTO\u00a0 dalle 8 del mattino\u00a0 \u00a0<\/strong><\/span><\/h1>\n<div class=\"page-title-head hgroup\"><\/div>\n<div><\/div>\n<div><\/div>\n<div>\n\n\t\t\t<style type='text\/css'>\n\t\t\t\t#gallery-2 {\n\t\t\t\t\tmargin: auto;\n\t\t\t\t}\n\t\t\t\t#gallery-2 .gallery-item {\n\t\t\t\t\tfloat: left;\n\t\t\t\t\tmargin-top: 10px;\n\t\t\t\t\ttext-align: center;\n\t\t\t\t\twidth: 33%;\n\t\t\t\t}\n\t\t\t\t#gallery-2 img {\n\t\t\t\t\tborder: 2px solid #cfcfcf;\n\t\t\t\t}\n\t\t\t\t#gallery-2 .gallery-caption {\n\t\t\t\t\tmargin-left: 0;\n\t\t\t\t}\n\t\t\t\t\/* see gallery_shortcode() in wp-includes\/media.php *\/\n\t\t\t<\/style>\n\t\t<div id='gallery-2' class='dt-gallery-container gallery galleryid-476945 gallery-columns-3 gallery-size-medium'><dl class='gallery-item'>\n\t\t\t\t<dt class='gallery-icon landscape'>\n\t\t\t\t\t<a class=\"rollover rollover-zoom dt-pswp-item\" title=\"Screenshot 2025-10-25 052832\" data-dt-img-description=\"\" data-large_image_width=\"456\" data-large_image_height=\"370\"href='https:\/\/www.radiopiu.net\/wordpress\/wp-content\/uploads\/2025\/10\/Screenshot-2025-10-25-052832.png'><img loading=\"lazy\" decoding=\"async\" width=\"300\" height=\"243\" src=\"https:\/\/www.radiopiu.net\/wordpress\/wp-content\/uploads\/2025\/10\/Screenshot-2025-10-25-052832-300x243.png\" class=\"attachment-medium size-medium\" alt=\"\" srcset=\"https:\/\/www.radiopiu.net\/wordpress\/wp-content\/uploads\/2025\/10\/Screenshot-2025-10-25-052832-300x243.png 300w, https:\/\/www.radiopiu.net\/wordpress\/wp-content\/uploads\/2025\/10\/Screenshot-2025-10-25-052832.png 456w\" sizes=\"auto, (max-width: 300px) 100vw, 300px\" \/><\/a>\n\t\t\t\t<\/dt><\/dl><dl class='gallery-item'>\n\t\t\t\t<dt class='gallery-icon landscape'>\n\t\t\t\t\t<a class=\"rollover rollover-zoom dt-pswp-item\" title=\"Screenshot 2025-10-25 052845\" data-dt-img-description=\"\" data-large_image_width=\"324\" data-large_image_height=\"213\"href='https:\/\/www.radiopiu.net\/wordpress\/wp-content\/uploads\/2025\/10\/Screenshot-2025-10-25-052845.png'><img loading=\"lazy\" decoding=\"async\" width=\"300\" height=\"197\" src=\"https:\/\/www.radiopiu.net\/wordpress\/wp-content\/uploads\/2025\/10\/Screenshot-2025-10-25-052845-300x197.png\" class=\"attachment-medium size-medium\" alt=\"\" srcset=\"https:\/\/www.radiopiu.net\/wordpress\/wp-content\/uploads\/2025\/10\/Screenshot-2025-10-25-052845-300x197.png 300w, https:\/\/www.radiopiu.net\/wordpress\/wp-content\/uploads\/2025\/10\/Screenshot-2025-10-25-052845.png 324w\" sizes=\"auto, (max-width: 300px) 100vw, 300px\" \/><\/a>\n\t\t\t\t<\/dt><\/dl><dl class='gallery-item'>\n\t\t\t\t<dt class='gallery-icon landscape'>\n\t\t\t\t\t<a class=\"rollover rollover-zoom dt-pswp-item\" title=\"Screenshot 2025-10-25 052850\" data-dt-img-description=\"\" data-large_image_width=\"502\" data-large_image_height=\"255\"href='https:\/\/www.radiopiu.net\/wordpress\/wp-content\/uploads\/2025\/10\/Screenshot-2025-10-25-052850.png'><img loading=\"lazy\" decoding=\"async\" width=\"300\" height=\"152\" src=\"https:\/\/www.radiopiu.net\/wordpress\/wp-content\/uploads\/2025\/10\/Screenshot-2025-10-25-052850-300x152.png\" class=\"attachment-medium size-medium\" alt=\"\" srcset=\"https:\/\/www.radiopiu.net\/wordpress\/wp-content\/uploads\/2025\/10\/Screenshot-2025-10-25-052850-300x152.png 300w, https:\/\/www.radiopiu.net\/wordpress\/wp-content\/uploads\/2025\/10\/Screenshot-2025-10-25-052850.png 502w\" sizes=\"auto, (max-width: 300px) 100vw, 300px\" \/><\/a>\n\t\t\t\t<\/dt><\/dl><br style=\"clear: both\" \/>\n\t\t\t<\/div>\n\n<p>&nbsp;<\/p>\n<p><iframe loading=\"lazy\" title=\"DAL 1983 LA RASSEGNA STAMPA LOCALE di mirko mezzacasa. L&#039;ORIGINALE\" width=\"1200\" height=\"675\" src=\"https:\/\/www.youtube.com\/embed\/vhQkRNfbhfY?feature=oembed\" frameborder=\"0\" allow=\"accelerometer; autoplay; clipboard-write; encrypted-media; gyroscope; picture-in-picture; web-share\" referrerpolicy=\"strict-origin-when-cross-origin\" allowfullscreen><\/iframe><\/p>\n<\/div>\n<div>\n<blockquote>\n<h2 data-start=\"0\" data-end=\"76\"><\/h2>\n<h2 data-start=\"0\" data-end=\"76\"><span style=\"color: #ff0000;\">IL VIDEO DI MATTEO, PRIMA PUBBLICAZIONE SU RADIOPIU IL 14 OTTOBRE 2025<\/span><\/h2>\n<\/blockquote>\n<p data-start=\"0\" data-end=\"76\"><strong data-start=\"0\" data-end=\"74\">VIDEO VIRALE SULLA REGIONALE 203 AGORDINA: DA RADIO PI\u00d9 A TUTTA ITALIA<\/strong><\/p>\n<p data-start=\"78\" data-end=\"474\">Un video diventato virale in poche ore: \u00e8 stato pubblicato da RADIO PI\u00d9, grazie alla segnalazione di Matteo Scussel di Agordo, nella mattinata di dieci giorni fa, pochi minuti dopo il fatto. In brevissimo tempo ha superato le 45mila visualizzazioni sui vari canali dell\u2019emittente, prima di essere ripreso da televisioni e giornali nazionali, che ne hanno amplificato la diffusione solo negli ultimi giorni. La curiosit\u00e0 \u00e8 che, nei primi commenti apparsi online, molti utenti hanno pensato si trattasse di un falso, magari realizzato con l\u2019aiuto dell\u2019intelligenza artificiale. In tanti hanno provato a convincere la comunit\u00e0 virtuale che l\u2019immagine fosse costruita, ma senza successo: le prove e le testimonianze hanno presto chiarito che il video era autentico. Da quel momento, <strong>RADIO PI\u00d9<\/strong> ha continuato a seguire la vicenda, pubblicando una decina di articoli dedicati alle difficolt\u00e0 e ai disagi lungo la regionale 203 agordina, un\u2019arteria fondamentale ma spesso problematica per chi la percorre quotidianamente. Un contenuto nato dal territorio, capace in pochi giorni di richiamare l\u2019attenzione di tutta Italia.<\/p>\n\n\t\t\t<style type='text\/css'>\n\t\t\t\t#gallery-3 {\n\t\t\t\t\tmargin: auto;\n\t\t\t\t}\n\t\t\t\t#gallery-3 .gallery-item {\n\t\t\t\t\tfloat: left;\n\t\t\t\t\tmargin-top: 10px;\n\t\t\t\t\ttext-align: center;\n\t\t\t\t\twidth: 33%;\n\t\t\t\t}\n\t\t\t\t#gallery-3 img {\n\t\t\t\t\tborder: 2px solid #cfcfcf;\n\t\t\t\t}\n\t\t\t\t#gallery-3 .gallery-caption {\n\t\t\t\t\tmargin-left: 0;\n\t\t\t\t}\n\t\t\t\t\/* see gallery_shortcode() in wp-includes\/media.php *\/\n\t\t\t<\/style>\n\t\t<div id='gallery-3' class='dt-gallery-container gallery galleryid-476945 gallery-columns-3 gallery-size-medium'><dl class='gallery-item'>\n\t\t\t\t<dt class='gallery-icon portrait'>\n\t\t\t\t\t<a class=\"rollover rollover-zoom dt-pswp-item\" title=\"Screenshot 2025-10-25 063119\" data-dt-img-description=\"\" data-large_image_width=\"275\" data-large_image_height=\"393\"href='https:\/\/www.radiopiu.net\/wordpress\/wp-content\/uploads\/2025\/10\/Screenshot-2025-10-25-063119.png'><img loading=\"lazy\" decoding=\"async\" width=\"210\" height=\"300\" src=\"https:\/\/www.radiopiu.net\/wordpress\/wp-content\/uploads\/2025\/10\/Screenshot-2025-10-25-063119-210x300.png\" class=\"attachment-medium size-medium\" alt=\"\" srcset=\"https:\/\/www.radiopiu.net\/wordpress\/wp-content\/uploads\/2025\/10\/Screenshot-2025-10-25-063119-210x300.png 210w, https:\/\/www.radiopiu.net\/wordpress\/wp-content\/uploads\/2025\/10\/Screenshot-2025-10-25-063119.png 275w\" sizes=\"auto, (max-width: 210px) 100vw, 210px\" \/><\/a>\n\t\t\t\t<\/dt><\/dl><dl class='gallery-item'>\n\t\t\t\t<dt class='gallery-icon landscape'>\n\t\t\t\t\t<a class=\"rollover rollover-zoom dt-pswp-item\" title=\"Screenshot 2025-10-25 063128\" data-dt-img-description=\"\" data-large_image_width=\"433\" data-large_image_height=\"305\"href='https:\/\/www.radiopiu.net\/wordpress\/wp-content\/uploads\/2025\/10\/Screenshot-2025-10-25-063128.png'><img loading=\"lazy\" decoding=\"async\" width=\"300\" height=\"211\" src=\"https:\/\/www.radiopiu.net\/wordpress\/wp-content\/uploads\/2025\/10\/Screenshot-2025-10-25-063128-300x211.png\" class=\"attachment-medium size-medium\" alt=\"\" srcset=\"https:\/\/www.radiopiu.net\/wordpress\/wp-content\/uploads\/2025\/10\/Screenshot-2025-10-25-063128-300x211.png 300w, https:\/\/www.radiopiu.net\/wordpress\/wp-content\/uploads\/2025\/10\/Screenshot-2025-10-25-063128.png 433w\" sizes=\"auto, (max-width: 300px) 100vw, 300px\" \/><\/a>\n\t\t\t\t<\/dt><\/dl><dl class='gallery-item'>\n\t\t\t\t<dt class='gallery-icon portrait'>\n\t\t\t\t\t<a class=\"rollover rollover-zoom dt-pswp-item\" title=\"45ce098f-e81f-4498-93be-fde156d3a753\" data-dt-img-description=\"\" data-large_image_width=\"738\" data-large_image_height=\"1600\"href='https:\/\/www.radiopiu.net\/wordpress\/wp-content\/uploads\/2025\/10\/45ce098f-e81f-4498-93be-fde156d3a753.jpg'><img loading=\"lazy\" decoding=\"async\" width=\"138\" height=\"300\" src=\"https:\/\/www.radiopiu.net\/wordpress\/wp-content\/uploads\/2025\/10\/45ce098f-e81f-4498-93be-fde156d3a753-138x300.jpg\" class=\"attachment-medium size-medium\" alt=\"\" srcset=\"https:\/\/www.radiopiu.net\/wordpress\/wp-content\/uploads\/2025\/10\/45ce098f-e81f-4498-93be-fde156d3a753-138x300.jpg 138w, https:\/\/www.radiopiu.net\/wordpress\/wp-content\/uploads\/2025\/10\/45ce098f-e81f-4498-93be-fde156d3a753-472x1024.jpg 472w, https:\/\/www.radiopiu.net\/wordpress\/wp-content\/uploads\/2025\/10\/45ce098f-e81f-4498-93be-fde156d3a753-708x1536.jpg 708w, https:\/\/www.radiopiu.net\/wordpress\/wp-content\/uploads\/2025\/10\/45ce098f-e81f-4498-93be-fde156d3a753.jpg 738w\" sizes=\"auto, (max-width: 138px) 100vw, 138px\" \/><\/a>\n\t\t\t\t<\/dt><\/dl><br style=\"clear: both\" \/>\n\t\t\t<\/div>\n\n<p><strong>SEDICO-PERON<\/strong><\/p>\n<p data-start=\"34\" data-end=\"373\">\u201cNon basta andare piano. La fauna ti sbuca di colpo, spesso in branco. Un cervo da 150\u2013200 kg sfonda un parabrezza anche a 50 km\/h. Con 1 secondo di reazione servono metri e metri per fermarsi; con buio, bagnato o foglie \u00e8 ancora peggio. La sicurezza non \u00e8 uno slogan: \u00e8 tecnica + attenzione + distanza.<\/p>\n<p data-start=\"375\" data-end=\"696\">E finch\u00e9 chi deve agire resta fermo, convivere con gli \u201camici cornuti\u201d non \u00e8 opzionale. Servono misure vere, non palliativi come gli inutili dissuasori, o cartelli intelligenti. Gli incidenti continuano, e tra Peron di Sedico e Agordo abbiamo contato morti.<br data-start=\"659\" data-end=\"662\" \/>Chi decide, si muova. Adesso.\u201d<\/p>\n<p><strong>REGIONALE 203 AGORDINA\u00a0 &#8211; VIDEO &#8211;\u00a0 14 OTTOBRE 8.43, grazie a Matteo Scussel _Agordo<\/strong><\/p>\n<\/div>\n<div><\/div>\n<div>\n<p><iframe loading=\"lazy\" title=\"203 agordina\" width=\"1200\" height=\"900\" src=\"https:\/\/www.youtube.com\/embed\/_cFPNkFa5Ys?feature=oembed\" frameborder=\"0\" allow=\"accelerometer; autoplay; clipboard-write; encrypted-media; gyroscope; picture-in-picture; web-share\" referrerpolicy=\"strict-origin-when-cross-origin\" allowfullscreen><\/iframe><\/p>\n<\/div>\n<div class=\"page-title-breadcrumbs\"><\/div>\n<div><\/div>\n<hr \/>\n<p>&nbsp;<\/p>\n<p><strong><a class=\"dt-pswp-item\" href=\"https:\/\/www.radiopiu.net\/wordpress\/wp-content\/uploads\/2023\/12\/ANTENNA.png\" data-dt-img-description=\"\" data-large_image_width=\"300\" data-large_image_height=\"166\"><img loading=\"lazy\" decoding=\"async\" class=\"wp-image-366306 alignright\" src=\"https:\/\/www.radiopiu.net\/wordpress\/wp-content\/uploads\/2023\/12\/ANTENNA.png\" alt=\"\" width=\"101\" height=\"56\" \/><\/a><a class=\"dt-pswp-item\" href=\"https:\/\/www.radiopiu.net\/wordpress\/wp-content\/uploads\/2024\/11\/th-17.jpg\" data-dt-img-description=\"\" data-large_image_width=\"224\" data-large_image_height=\"180\"><img loading=\"lazy\" decoding=\"async\" class=\" wp-image-421610 alignleft\" src=\"https:\/\/www.radiopiu.net\/wordpress\/wp-content\/uploads\/2024\/11\/th-17.jpg\" alt=\"\" width=\"167\" height=\"134\" \/><\/a>ogni sera alle 19 le anticipazioni alla radio, quello che poi seguirete nel TELEGIORNALE BELLUNESE\u00a0 in onda alle 19.30 sul CANALE 10 del digitale terrestre.\u00a0\u00a0<\/strong><\/p>\n<p><b>\u00a0<\/b><\/p>\n<p>&nbsp;<\/p>\n<p>&nbsp;<\/p>\n<blockquote>\n<h2><span style=\"color: #ff0000;\">ANTICIPAZIONI, DI\u00a0 \u00a0STEFANO BOZZI<\/span><\/h2>\n<audio class=\"wp-audio-shortcode\" id=\"audio-476945-5\" preload=\"none\" style=\"width: 100%;\" controls=\"controls\"><source type=\"audio\/mpeg\" src=\"https:\/\/www.radiopiu.net\/wordpress\/wp-content\/uploads\/2025\/10\/ANTENNA3-19.mp3?_=5\" \/><a href=\"https:\/\/www.radiopiu.net\/wordpress\/wp-content\/uploads\/2025\/10\/ANTENNA3-19.mp3\">https:\/\/www.radiopiu.net\/wordpress\/wp-content\/uploads\/2025\/10\/ANTENNA3-19.mp3<\/a><\/audio><\/blockquote>\n<p>&nbsp;<\/p>\n<hr \/>\n<p>&nbsp;<\/p>\n<blockquote>\n<h3><a class=\"dt-pswp-item\" href=\"https:\/\/www.radiopiu.net\/wordpress\/wp-content\/uploads\/2025\/09\/6cd00d19-fcc3-41ef-b687-64ff8c1c22e1.jpg\" data-dt-img-description=\"\" data-large_image_width=\"2016\" data-large_image_height=\"1216\"><img loading=\"lazy\" decoding=\"async\" class=\" wp-image-471071 alignleft\" src=\"https:\/\/www.radiopiu.net\/wordpress\/wp-content\/uploads\/2025\/09\/6cd00d19-fcc3-41ef-b687-64ff8c1c22e1-300x181.jpg\" alt=\"\" width=\"163\" height=\"98\" srcset=\"https:\/\/www.radiopiu.net\/wordpress\/wp-content\/uploads\/2025\/09\/6cd00d19-fcc3-41ef-b687-64ff8c1c22e1-300x181.jpg 300w, https:\/\/www.radiopiu.net\/wordpress\/wp-content\/uploads\/2025\/09\/6cd00d19-fcc3-41ef-b687-64ff8c1c22e1-1024x618.jpg 1024w, https:\/\/www.radiopiu.net\/wordpress\/wp-content\/uploads\/2025\/09\/6cd00d19-fcc3-41ef-b687-64ff8c1c22e1-768x463.jpg 768w, https:\/\/www.radiopiu.net\/wordpress\/wp-content\/uploads\/2025\/09\/6cd00d19-fcc3-41ef-b687-64ff8c1c22e1-1536x926.jpg 1536w, https:\/\/www.radiopiu.net\/wordpress\/wp-content\/uploads\/2025\/09\/6cd00d19-fcc3-41ef-b687-64ff8c1c22e1.jpg 2016w\" sizes=\"auto, (max-width: 163px) 100vw, 163px\" \/><\/a>PASSO FEDAIA CHIUSO LATO TRENTINO ALTO ADIGE<\/h3>\n<\/blockquote>\n<p><strong>REDAZIONE<\/strong> Fino al 31 ottobre 2025 la Strada Statale 641 del Passo Fedaia rester\u00e0 chiusa al traffico lato da Canazei al Passo Nessun problema tra Rocca Pietore e la diga, si transita regolarmente<\/p>\n<p>&nbsp;<\/p>\n<p>&nbsp;<\/p>\n<hr \/>\n<p>&nbsp;<\/p>\n<blockquote>\n<h3><a class=\"dt-pswp-item\" href=\"https:\/\/www.radiopiu.net\/wordpress\/wp-content\/uploads\/2024\/10\/ANAS.jpg\" data-dt-img-description=\"\" data-large_image_width=\"842\" data-large_image_height=\"595\"><img loading=\"lazy\" decoding=\"async\" class=\" wp-image-414157 alignleft\" src=\"https:\/\/www.radiopiu.net\/wordpress\/wp-content\/uploads\/2024\/10\/ANAS-300x212.jpg\" alt=\"\" width=\"166\" height=\"117\" srcset=\"https:\/\/www.radiopiu.net\/wordpress\/wp-content\/uploads\/2024\/10\/ANAS-300x212.jpg 300w, https:\/\/www.radiopiu.net\/wordpress\/wp-content\/uploads\/2024\/10\/ANAS-768x543.jpg 768w, https:\/\/www.radiopiu.net\/wordpress\/wp-content\/uploads\/2024\/10\/ANAS.jpg 842w\" sizes=\"auto, (max-width: 166px) 100vw, 166px\" \/><\/a>LAVORI DI MANUTENZIONE SUL PONTE DI RIO VALBONA A OSPITALE DI CADORE<\/h3>\n<\/blockquote>\n<p><strong>VENEZIA<\/strong>\u00a0 I veicoli sotto le 3,5 tonnellate saranno deviati su via Roma, mentre rester\u00e0 garantito l\u2019accesso a residenti,\u00a0 Per i mezzi pesanti oltre 3,5 tonnellate scatter\u00e0 il divieto di transito con deviazione sulla SS 51.<\/p>\n<p>&nbsp;<\/p>\n<blockquote>\n<h3><strong data-start=\"0\" data-end=\"74\">CHIUSURA A FASCE ORARIE DELLA SS51 PER LAVORI ALLA ROCCA DI BOTESTAGNO<\/strong><\/h3>\n<\/blockquote>\n<p>Dal 13 al 31 ottobre la SS51 \u201cdi Alemagna\u201d sar\u00e0 chiusa al traffico tra il km 109,100 e il km 111,200 per interventi di messa in sicurezza della parete rocciosa presso la Rocca di Botestagno. La chiusura totale sar\u00e0 attiva dal luned\u00ec al venerd\u00ec nelle fasce 09:00-13:00 e 14:00-18:00. Durante questi orari, il traffico tra Cortina e Dobbiaco\/Carbonin sar\u00e0 deviato lungo la SR48 e la SP49 attraverso il lago di Misurina.<\/p>\n<p>&nbsp;<\/p>\n<hr \/>\n<p>&nbsp;<\/p>\n<blockquote>\n<h3>SP 25 \u201cPASSO VALLES\u201d: CHIUSURE TEMPORANEE A FALCADE<\/h3>\n<\/blockquote>\n<p><strong>SEDICO <\/strong>Veneto Strade comunica che sulla S.P. 25 \u201cPasso Valles\u201d, nel tratto tra il Bivio Valles e Caverson, nel comune di Falcade, dal 27 ottobre al 28 novembre, la strada sar\u00e0 soggetta a chiusure temporanee per lavori di taglio di piante pericolanti. Le interruzioni, regolate da movieri, avverranno nei giorni feriali dalle ore 8 alle 12 e dalle 13 alle 16, con chiusure di massimo 30 minuti. I sabati, le domeniche e i festivi infrasettimanali non sono interessati dai lavori.<\/p>\n<p>&nbsp;<\/p>\n<hr \/>\n<p>&nbsp;<\/p>\n<blockquote>\n<h3>LAVORI PROGRAMMATI SIB<\/h3>\n<\/blockquote>\n<p><strong>VALLADA<\/strong> Per lavori alla rete idrica comunale, martedi dalle 8 alle 17\u00a0 verr\u00e0 sospesa l\u2019erogazione dell\u2019acqua\u00a0 in Localit\u00e0 Andrich, Cogul, Piaz e San Simon.<\/p>\n<p>&nbsp;<\/p>\n<hr \/>\n<p>&nbsp;<\/p>\n<blockquote>\n<h3>ACQUA NON POTABILE IN DUE ZONE DI LIVINALLONGO<\/h3>\n<\/blockquote>\n<p><strong><a class=\"dt-pswp-item\" href=\"https:\/\/www.radiopiu.net\/wordpress\/wp-content\/uploads\/2022\/05\/acqua.jpg\" data-dt-img-description=\"\" data-large_image_width=\"1920\" data-large_image_height=\"1275\"><img loading=\"lazy\" decoding=\"async\" class=\" wp-image-274889 alignleft\" src=\"https:\/\/www.radiopiu.net\/wordpress\/wp-content\/uploads\/2022\/05\/acqua-300x199.jpg\" alt=\"\" width=\"106\" height=\"70\" srcset=\"https:\/\/www.radiopiu.net\/wordpress\/wp-content\/uploads\/2022\/05\/acqua-300x199.jpg 300w, https:\/\/www.radiopiu.net\/wordpress\/wp-content\/uploads\/2022\/05\/acqua-1024x680.jpg 1024w, https:\/\/www.radiopiu.net\/wordpress\/wp-content\/uploads\/2022\/05\/acqua-768x510.jpg 768w, https:\/\/www.radiopiu.net\/wordpress\/wp-content\/uploads\/2022\/05\/acqua-1536x1020.jpg 1536w, https:\/\/www.radiopiu.net\/wordpress\/wp-content\/uploads\/2022\/05\/acqua.jpg 1920w\" sizes=\"auto, (max-width: 106px) 100vw, 106px\" \/><\/a>LIVINALLONGO<\/strong> Servizi Integrati Bellunesi informa che a LIvinallongo Del\u00a0 Col Di Lana nelle localit\u00e0 Larzonei e Collaz l&#8217;acqua erogata dall&#8217;acquedotto non \u00e8 potabile e pu\u00f2 essere usata per scopi alimentari solo previa bollitura. Verr\u00e0 effettuato servizio sostitutivo con consegna di acqua in bottiglia presso le utenze interessate. SIB ha, comunque, gi\u00e0 adottato le necessarie misure di pulizia e disinfezione dell&#8217;acqua presente nei serbatoi e nella rete idrica.<\/p>\n<p>&nbsp;<\/p>\n<p>&nbsp;<\/p>\n<hr \/>\n<p>&nbsp;<\/p>\n<blockquote>\n<h3 data-start=\"0\" data-end=\"77\"><strong data-start=\"4\" data-end=\"75\">ALLARME NOTTURNO A TOMO: TRE IGNOTI SORPRESI A ROVISTARE NELLE AUTO<\/strong><\/h3>\n<\/blockquote>\n<p data-start=\"209\" data-end=\"527\"><b><a class=\"dt-pswp-item\" href=\"https:\/\/www.radiopiu.net\/wordpress\/wp-content\/uploads\/2025\/10\/Screenshot-2025-10-25-051056.png\" data-dt-img-description=\"\" data-large_image_width=\"214\" data-large_image_height=\"141\"><img loading=\"lazy\" decoding=\"async\" class=\"size-full wp-image-477128 alignleft\" src=\"https:\/\/www.radiopiu.net\/wordpress\/wp-content\/uploads\/2025\/10\/Screenshot-2025-10-25-051056.png\" alt=\"\" width=\"214\" height=\"141\" \/><\/a>FELTRE <\/b>Tre sconosciuti sono stati avvistati nel cuore della notte tra gioved\u00ec e venerd\u00ec mentre si aggiravano tra le abitazioni e rovistavano nelle auto parcheggiate. L\u2019episodio, avvenuto tra le 2.30 e le 3, ha fatto scattare l\u2019allerta tra i residenti grazie a una segnalazione via social e alla chat di quartiere. Il bilancio \u00e8 minimo \u2014 pochi spiccioli rubati e nessun danno ai veicoli \u2014 ma la paura \u00e8 stata grande. Le auto prese di mira erano infatti lasciate aperte per evitare danni ai finestrini. Le telecamere di sorveglianza hanno ripreso i tre uomini, poi fuggiti a piedi prima dell\u2019arrivo tempestivo dei carabinieri di <strong data-start=\"842\" data-end=\"852\">Feltre<\/strong>. L\u2019episodio, simile a quello registrato due notti prima a <strong data-start=\"914\" data-end=\"924\">Cirvoi<\/strong>, ha riacceso la preoccupazione nella comunit\u00e0 di Tomo, che si considera tranquilla ma ora teme che qualcosa stia cambiando.<\/p>\n<p>&nbsp;<\/p>\n<p>&nbsp;<\/p>\n<hr \/>\n<p>&nbsp;<\/p>\n<h3 data-start=\"0\" data-end=\"76\"><strong data-start=\"4\" data-end=\"74\"><a class=\"dt-pswp-item\" href=\"https:\/\/www.radiopiu.net\/wordpress\/wp-content\/uploads\/2025\/10\/Screenshot-2025-10-25-052615.png\" data-dt-img-description=\"\" data-large_image_width=\"146\" data-large_image_height=\"91\"><img loading=\"lazy\" decoding=\"async\" class=\"size-full wp-image-477134 aligncenter\" src=\"https:\/\/www.radiopiu.net\/wordpress\/wp-content\/uploads\/2025\/10\/Screenshot-2025-10-25-052615.png\" alt=\"\" width=\"146\" height=\"91\" \/><\/a><\/strong><\/h3>\n<blockquote>\n<h3 data-start=\"0\" data-end=\"76\"><strong data-start=\"4\" data-end=\"74\"><br \/>\n<a class=\"dt-pswp-item\" href=\"https:\/\/www.radiopiu.net\/wordpress\/wp-content\/uploads\/2025\/10\/Screenshot-2025-10-25-052413-1.png\" data-dt-img-description=\"\" data-large_image_width=\"542\" data-large_image_height=\"236\"><img loading=\"lazy\" decoding=\"async\" class=\"size-medium wp-image-477133 alignleft\" src=\"https:\/\/www.radiopiu.net\/wordpress\/wp-content\/uploads\/2025\/10\/Screenshot-2025-10-25-052413-1-300x131.png\" alt=\"\" width=\"300\" height=\"131\" srcset=\"https:\/\/www.radiopiu.net\/wordpress\/wp-content\/uploads\/2025\/10\/Screenshot-2025-10-25-052413-1-300x131.png 300w, https:\/\/www.radiopiu.net\/wordpress\/wp-content\/uploads\/2025\/10\/Screenshot-2025-10-25-052413-1.png 542w\" sizes=\"auto, (max-width: 300px) 100vw, 300px\" \/><\/a>OLTRE DUEMILA PERSONE AI FUNERALI DI NICOLA XAUSA E PIETRO PISAPIA<\/strong><\/h3>\n<\/blockquote>\n<p data-start=\"208\" data-end=\"510\"><strong data-start=\"208\" data-end=\"218\">CONCO-ASIAGO.<\/strong> Oltre duemila persone hanno partecipato ieri ai funerali di Nicola Xausa e Pietro Pisapia, i due giovani di Conco morti nell\u2019incidente di Asiago. Presenti familiari, amici, insegnanti ed ex compagni dello Ski College di Falcade e della scuola sci Coldai di Alleghe. Commovente la cerimonia celebrata da don Luigi Bordignon, che ha ricordato i due ragazzi come \u201csorrisi e sogni che restano nel cuore di tutti\u201d. Le famiglie hanno donato le cornee e i tessuti dei figli, gesto di grande generosit\u00e0 che ha unito nella commozione tutta la comunit\u00e0 agordina e vicentina. <em>\u00abLa scuola \u00e8 stata toccata profondamente in tutte le sue componenti\u00bb, dice Luca Marchetto, presidente dello Ski College, \u00abper questo abbiamo sospeso subito tutte le attivit\u00e0 sportive, che riprenderemo nei prossimi giorni. E non potevamo non essere presenti ai funerali tutti noi del consiglio di amministrazione, lo staff tecnico, gli atleti. Non ci si vorrebbe mai confrontare con vicende del genere, ma purtroppo \u00e8 accaduto\u00bb.\u00a0\u2014<\/em><\/p>\n<p><strong>FOTO: STUDIOSTELLA\/DONOVAN CISCATO: OGGI SUL CORRIERE DELLE ALPI<\/strong><\/p>\n<p>&nbsp;<\/p>\n<hr \/>\n<p>&nbsp;<\/p>\n<p><a class=\"dt-pswp-item\" href=\"https:\/\/www.radiopiu.net\/wordpress\/wp-content\/uploads\/2025\/10\/bba16dc5-23ee-45e9-8f97-ea79e80088ae.jpg\" data-dt-img-description=\"\" data-large_image_width=\"850\" data-large_image_height=\"598\"><img loading=\"lazy\" decoding=\"async\" class=\" wp-image-476806 alignleft\" src=\"https:\/\/www.radiopiu.net\/wordpress\/wp-content\/uploads\/2025\/10\/bba16dc5-23ee-45e9-8f97-ea79e80088ae-300x211.jpg\" alt=\"\" width=\"209\" height=\"147\" srcset=\"https:\/\/www.radiopiu.net\/wordpress\/wp-content\/uploads\/2025\/10\/bba16dc5-23ee-45e9-8f97-ea79e80088ae-300x211.jpg 300w, https:\/\/www.radiopiu.net\/wordpress\/wp-content\/uploads\/2025\/10\/bba16dc5-23ee-45e9-8f97-ea79e80088ae-768x540.jpg 768w, https:\/\/www.radiopiu.net\/wordpress\/wp-content\/uploads\/2025\/10\/bba16dc5-23ee-45e9-8f97-ea79e80088ae.jpg 850w\" sizes=\"auto, (max-width: 209px) 100vw, 209px\" \/><\/a><strong>OGGI ALLE 10.30 NELLA CHIESA PARROCCHIALE DI TAIBON I FUNERALI DI PAOLO BUTTOL, SOCIO FONDATORE DELLA NOSTRA EMITTENTE RADIOFONICA\u00a0<\/strong><\/p>\n<p><em>Radio Pi\u00f9 si stringe con affetto alla figlia Silvia, a Edi, a Tiziana e a tutti i familiari. Con il cuore colmo di gratitudine, salutiamo Paolo come lo abbiamo sempre conosciuto: con un sorriso, una battuta pronta e una mano tesa. Grazie Paolo, per aver creduto in un sogno che continua a vivere ogni giorno nell\u2019aria di questa radio.<br \/>\nCiao pizaro&#8230;.<\/em><em>mirko<\/em><\/p>\n<blockquote>\n<h3 data-start=\"0\" data-end=\"89\"><\/h3>\n<hr \/>\n<h3 data-start=\"0\" data-end=\"89\"><\/h3>\n<h3 data-start=\"0\" data-end=\"89\"><strong data-start=\"4\" data-end=\"87\"><a class=\"dt-pswp-item\" href=\"https:\/\/www.radiopiu.net\/wordpress\/wp-content\/uploads\/2025\/10\/Screenshot-2025-10-25-051854.png\" data-dt-img-description=\"\" data-large_image_width=\"283\" data-large_image_height=\"223\"><img loading=\"lazy\" decoding=\"async\" class=\"wp-image-477131 alignleft\" src=\"https:\/\/www.radiopiu.net\/wordpress\/wp-content\/uploads\/2025\/10\/Screenshot-2025-10-25-051854.png\" alt=\"\" width=\"176\" height=\"139\" \/><\/a><\/strong><\/h3>\n<h3 data-start=\"0\" data-end=\"89\"><strong data-start=\"4\" data-end=\"87\">ADDIO A ROBERTO PELLEGRINET, DESIGNER E APPASSIONATO DI MUSICA E IMPEGNO CIVICO<\/strong><\/h3>\n<\/blockquote>\n<p><b>FELTRE <\/b>Si \u00e8 spento a 73 anni Roberto Pellegrinet, designer conosciuto per la sua passione per la musica e per l\u2019impegno civico. Diplomato al Colotti e laureato in architettura, era stato a lungo contitolare di uno studio in via Luzzo e candidato alle comunali del 1997 nella lista di Silvano Turrin, con proposte dedicate alla citt\u00e0. La benedizione si terr\u00e0 luned\u00ec alle 14 all\u2019obitorio dell\u2019ospedale di Belluno.<\/p>\n<p>&nbsp;<\/p>\n<p>&nbsp;<\/p>\n<hr \/>\n<p>&nbsp;<\/p>\n<blockquote>\n<h3>UOMO CADE IN UNA SCARPATA A CESIOMAGGIORE<\/h3>\n<\/blockquote>\n<p><strong><a class=\"dt-pswp-item\" href=\"https:\/\/www.radiopiu.net\/wordpress\/wp-content\/uploads\/2025\/09\/JEEP-soccorso-alpino.jpg\" data-dt-img-description=\"\" data-large_image_width=\"768\" data-large_image_height=\"468\"><img loading=\"lazy\" decoding=\"async\" class=\" wp-image-470835 alignleft\" src=\"https:\/\/www.radiopiu.net\/wordpress\/wp-content\/uploads\/2025\/09\/JEEP-soccorso-alpino-300x183.jpg\" alt=\"\" width=\"175\" height=\"107\" srcset=\"https:\/\/www.radiopiu.net\/wordpress\/wp-content\/uploads\/2025\/09\/JEEP-soccorso-alpino-300x183.jpg 300w, https:\/\/www.radiopiu.net\/wordpress\/wp-content\/uploads\/2025\/09\/JEEP-soccorso-alpino.jpg 768w\" sizes=\"auto, (max-width: 175px) 100vw, 175px\" \/><\/a>CESIOMAGGIORE<\/strong> Una squadra del Soccorso alpino di Feltre \u00e8 intervenuta assieme ai Vigili del fuoco a Cesiomaggiore, dove, mentre si trovava nel proprio giardino, un 65enne del posto, colto da malore improvviso, era scivolato e ruzzolato in una scarpata per una quarantina di metri tra rovi e cespugli. Una volta sul posto &#8211; gi\u00e0 presente il personale sanitario dell&#8217;ambulanza &#8211; i soccorritori hanno provveduto a imbarellate e sollevare verso l&#8217;altro, tramite paranco, l&#8217;uomo, che aveva riportato diverse escoriazioni. L&#8217;infortunato \u00e8 stato trasferito nell&#8217;ambulanza partita in direzione dell&#8217;ospedale di Feltre per gli opportuni approfondimenti.<\/p>\n<p>&nbsp;<\/p>\n<p>&nbsp;<\/p>\n<hr \/>\n<p>&nbsp;<\/p>\n<blockquote>\n<h3>MALORE A CORTINA E INCIDENTE A LONGARONE<\/h3>\n<\/blockquote>\n<p><strong><a class=\"dt-pswp-item\" href=\"https:\/\/www.radiopiu.net\/wordpress\/wp-content\/uploads\/2023\/08\/ambulanza-ulss-1.jpg\" data-dt-img-description=\"\" data-large_image_width=\"1591\" data-large_image_height=\"1029\"><img loading=\"lazy\" decoding=\"async\" class=\" wp-image-348787 alignleft\" src=\"https:\/\/www.radiopiu.net\/wordpress\/wp-content\/uploads\/2023\/08\/ambulanza-ulss-1-300x194.jpg\" alt=\"\" width=\"176\" height=\"114\" srcset=\"https:\/\/www.radiopiu.net\/wordpress\/wp-content\/uploads\/2023\/08\/ambulanza-ulss-1-300x194.jpg 300w, https:\/\/www.radiopiu.net\/wordpress\/wp-content\/uploads\/2023\/08\/ambulanza-ulss-1-1024x662.jpg 1024w, https:\/\/www.radiopiu.net\/wordpress\/wp-content\/uploads\/2023\/08\/ambulanza-ulss-1-768x497.jpg 768w, https:\/\/www.radiopiu.net\/wordpress\/wp-content\/uploads\/2023\/08\/ambulanza-ulss-1-1536x993.jpg 1536w, https:\/\/www.radiopiu.net\/wordpress\/wp-content\/uploads\/2023\/08\/ambulanza-ulss-1.jpg 1591w\" sizes=\"auto, (max-width: 176px) 100vw, 176px\" \/><\/a>REDAZIONE <\/strong>A Cortina d\u2019Ampezzo, i sanitari sono intervenuti per prestare aiuto a una donna di 57 anni, residente a Pieve di Cadore, colpita da un malore. Le sue condizioni hanno richiesto il supporto congiunto dell\u2019ambulanza e dell\u2019elicottero Falco, che ha provveduto al trasferimento all\u2019ospedale di Belluno per gli accertamenti e le cure del caso. A Longarone, invece, i soccorritori sono stati chiamati per un trauma conseguente a un incidente stradale che ha coinvolto un uomo di 44 anni, originario di Crotone. L\u2019uomo \u00e8 stato assistito dal personale sanitario e trasportato in ambulanza all\u2019ospedale di Belluno in condizioni di media gravit\u00e0.<\/p>\n<p>&nbsp;<\/p>\n<p>&nbsp;<\/p>\n<hr \/>\n<p>&nbsp;<\/p>\n<blockquote>\n<h3>DASPO A 15 ULTRAS DI VENEZIA E PADOVA<\/h3>\n<\/blockquote>\n<p><strong><a class=\"dt-pswp-item\" href=\"https:\/\/www.radiopiu.net\/wordpress\/wp-content\/uploads\/2022\/08\/295832323_428597342649333_2091359398335650946_n.jpg\" data-dt-img-description=\"\" data-large_image_width=\"512\" data-large_image_height=\"640\"><img loading=\"lazy\" decoding=\"async\" class=\" wp-image-293577 alignleft\" src=\"https:\/\/www.radiopiu.net\/wordpress\/wp-content\/uploads\/2022\/08\/295832323_428597342649333_2091359398335650946_n-240x300.jpg\" alt=\"\" width=\"128\" height=\"160\" srcset=\"https:\/\/www.radiopiu.net\/wordpress\/wp-content\/uploads\/2022\/08\/295832323_428597342649333_2091359398335650946_n-240x300.jpg 240w, https:\/\/www.radiopiu.net\/wordpress\/wp-content\/uploads\/2022\/08\/295832323_428597342649333_2091359398335650946_n.jpg 512w\" sizes=\"auto, (max-width: 128px) 100vw, 128px\" \/><\/a>TREVISO <\/strong>A seguito della violenta rissa avvenuta la scorsa estate nell\u2019autostrada A27, presso l\u2019area di servizio di \u201cCervada est\u201d, rissa che ha visto il coinvolgimento di circa una trentina tra sostenitori delle tifoserie del Padova e del Venezia calcio, il Questore di Treviso \u2013 Alessandra Simone \u2013 ha emanato 15 provvedimenti di D.A.SPO nei confronti di altrettanti ultras residenti nelle province di Venezia, Padova e Verona, indiziati di aver preso parte al grave episodio delittuoso.<\/p>\n<p><strong>DI BARBARA PAOLAZZI<\/strong><\/p>\n<audio class=\"wp-audio-shortcode\" id=\"audio-476945-6\" preload=\"none\" style=\"width: 100%;\" controls=\"controls\"><source type=\"audio\/mpeg\" src=\"https:\/\/www.radiopiu.net\/wordpress\/wp-content\/uploads\/2025\/10\/PAOLAZZI-DASPO-A-15-ULTRAS.mp3?_=6\" \/><a href=\"https:\/\/www.radiopiu.net\/wordpress\/wp-content\/uploads\/2025\/10\/PAOLAZZI-DASPO-A-15-ULTRAS.mp3\">https:\/\/www.radiopiu.net\/wordpress\/wp-content\/uploads\/2025\/10\/PAOLAZZI-DASPO-A-15-ULTRAS.mp3<\/a><\/audio>\n<p>&nbsp;<\/p>\n<p>&nbsp;<\/p>\n<hr \/>\n<p>&nbsp;<\/p>\n<p><strong>LA GIUDIZIARIA OGGI<\/strong><br \/>\n<strong>SINTESI DAL CORRIERE DELLE ALPI<\/strong><\/p>\n<p><strong>GIGI SOSSO\u00a0<\/strong><\/p>\n<blockquote>\n<h3>CONDANNA DEFINITIVA PER VIOLENZA DI GRUPPO<\/h3>\n<\/blockquote>\n<p><strong>BELLUNO<\/strong> La Cassazione ha confermato la condanna a sei anni di reclusione per Santiago Visentin, difensore argentino oggi all\u2019Audace Cerignola ed ex giocatore del Belluno, del Cittadella e della Virtus Verona, per violenza sessuale di gruppo avvenuta nel 2020 ai tempi scaligeri. Confermate anche le pene di 3 anni e 4 mesi per i compagni Gianni Manfrin e Stefano Casarotto, mentre \u00e8 stato annullato il verdetto per Edoardo Merci, con rinvio in Appello. Il bellunese Daniel Onescu aveva patteggiato un anno e dieci mesi. Visentin, 26 anni, dovr\u00e0 affrontare<\/p>\n<blockquote>\n<h3>AGGREDISCE IL BARISTA E PICCHIA DUE POLIZIOTTI: A DICEMBRE IL PROCESSO<\/h3>\n<\/blockquote>\n<p><strong data-start=\"234\" data-end=\"246\">BELLUNO.<\/strong> Sar\u00e0 processato il 5 dicembre il 49enne feltrino Christian Dal Pan, accusato di percosse, resistenza a pubblico ufficiale e lesioni aggravate. Nel luglio di due anni fa aveva aggredito il barista dell\u2019Osteria al Ponte, Massimo Bortoluzzi, e poi colpito due agenti di polizia intervenuti sul posto con pugni e calci. I poliziotti riportarono ferite lievi ma refertate, mentre per l\u2019aggressione al barista si parla di semplici percosse. La vittima si costituir\u00e0 parte civile, assistita dall\u2019avvocato Martino Fogliato. L\u2019imputato, difeso dagli avvocati Erminio e Valentina Mazzucco, dovr\u00e0 rispondere anche della recidiva per episodi simili gi\u00e0 avvenuti in passato.<\/p>\n<article class=\"text-token-text-primary w-full focus:outline-none [--shadow-height:45px] has-data-writing-block:pointer-events-none has-data-writing-block:-mt-(--shadow-height) has-data-writing-block:pt-(--shadow-height) [&amp;:has([data-writing-block])&gt;*]:pointer-events-auto scroll-mt-[calc(var(--header-height)+min(200px,max(70px,20svh)))]\" dir=\"auto\" tabindex=\"-1\" data-turn-id=\"request-WEB:883dcea2-8d80-45c9-88c3-f3ce1a37ba1e-10\" data-testid=\"conversation-turn-22\" data-scroll-anchor=\"true\" data-turn=\"assistant\">\n<div class=\"text-base my-auto mx-auto pb-10 [--thread-content-margin:--spacing(4)] thread-sm:[--thread-content-margin:--spacing(6)] thread-lg:[--thread-content-margin:--spacing(16)] px-(--thread-content-margin)\">\n<div class=\"[--thread-content-max-width:40rem] thread-lg:[--thread-content-max-width:48rem] mx-auto max-w-(--thread-content-max-width) flex-1 group\/turn-messages focus-visible:outline-hidden relative flex w-full min-w-0 flex-col agent-turn\" tabindex=\"-1\">\n<div class=\"flex max-w-full flex-col grow\">\n<div class=\"min-h-8 text-message relative flex w-full flex-col items-end gap-2 text-start break-words whitespace-normal [.text-message+&amp;]:mt-1\" dir=\"auto\" data-message-author-role=\"assistant\" data-message-id=\"3405e22f-8f80-4a08-adf5-7e612ae13ad7\" data-message-model-slug=\"gpt-5\">\n<div class=\"flex w-full flex-col gap-1 empty:hidden first:pt-[1px]\">\n<div class=\"markdown prose dark:prose-invert w-full break-words dark markdown-new-styling\">\n<blockquote>\n<h3 data-start=\"0\" data-end=\"81\"><strong data-start=\"4\" data-end=\"79\">\u201cMARITO PADRONE\u201d CONDANNATO PER MALTRATTAMENTI<\/strong><\/h3>\n<\/blockquote>\n<p><strong data-start=\"213\" data-end=\"224\">FELTRE.<\/strong> Ricorre in Cassazione il cittadino tunisino D.F., condannato per maltrattamenti in famiglia a tre anni e sei mesi, pena ridotta in Appello dopo un percorso di riabilitazione a Montebelluna. L\u2019uomo, difeso dall\u2019avvocato Martino Fogliato, ha chiesto di accedere alla giustizia riparativa, mentre la moglie e i figli, parti civili assistite da Enrico Rech, hanno gi\u00e0 ottenuto 40 mila euro di risarcimento. I maltrattamenti, iniziati nel 2011, erano emersi grazie alla segnalazione di una scuola del Feltrino. La donna subiva botte, insulti e controlli ossessivi, fino a minacce con un coltello.<\/p>\n<\/div>\n<\/div>\n<\/div>\n<\/div>\n<div class=\"z-0 flex min-h-[46px] justify-start\"><\/div>\n<div class=\"mt-3 w-full empty:hidden\">\n<blockquote>\n<h3 class=\"text-center\">ANZIANI MALTRATTATI: DECISIONE IL 2 DICEMBRE<\/h3>\n<\/blockquote>\n<p><strong data-start=\"217\" data-end=\"232\">SETTEVILLE.<\/strong> Sar\u00e0 il 2 dicembre la data decisiva per il caso dei maltrattamenti agli anziani nella struttura San Vincenzo di Colmirano. Dopo vari rinvii, il gup Elisabetta Scolozzi ha fissato l\u2019udienza per i patteggiamenti e i riti abbreviati. La presidente Maria Iavazzo pattegger\u00e0 un anno e sei mesi, mentre Cristian ed Emanuele Auletta un anno e quattro mesi. Gli altri imputati, tra cui Sara Zanon e Monica Martinello, potrebbero essere prosciolti o rinviati a giudizio. Le accuse parlano di strattonamenti, contenzioni fisiche, pasti forzati e somministrazione di psicofarmaci ad anziani non autosufficienti, oltre alla gestione abusiva della struttura tra il 2018 e il 2023.<\/p>\n<\/div>\n<\/div>\n<\/div>\n<\/article>\n<div class=\"pointer-events-none h-px w-px\" aria-hidden=\"true\" data-edge=\"true\">\n<blockquote>\n<h3 data-start=\"0\" data-end=\"74\"><strong data-start=\"4\" data-end=\"72\">MORTE SUL LAVORO SENZA COLPEVOLI<\/strong><\/h3>\n<\/blockquote>\n<p><strong data-start=\"206\" data-end=\"218\">SEDICO .<\/strong> Si chiude definitivamente il caso della morte del boscaiolo Pietro Fanfoni, deceduto nel 2015 colpito da un ramo durante lavori di esbosco. La Cassazione ha respinto l\u2019ultimo ricorso presentato dalla madre e dal fratello, mettendo fine a dieci anni di battaglie legali. L\u2019impresario Gianvittore Zucco era gi\u00e0 stato assolto in Appello perch\u00e9 \u201cil fatto non sussiste\u201d. I familiari cercavano non un risarcimento, ma il riconoscimento di una responsabilit\u00e0. Ora, per\u00f2, la decisione \u00e8 definitiva: nessun colpevole per la tragedia che cost\u00f2 la vita al lavoratore 51enne, assunto in nero il giorno dell\u2019incidente.<\/p>\n<\/div>\n<blockquote>\n<h3 data-start=\"0\" data-end=\"94\"><strong data-start=\"4\" data-end=\"92\">IDENTIFICATO IL LADRO RIPRESO DALLE TELECAMERE<\/strong><\/h3>\n<\/blockquote>\n<p><strong data-start=\"226\" data-end=\"237\">LIMANA.<\/strong> \u00c8 stato identificato il responsabile del furto aggravato all\u2019area di servizio di Limana, avvenuto il 17 aprile di due anni fa. Si tratta del cittadino marocchino Fouad Kamal, ripreso in diretta dalle telecamere di sorveglianza mentre forzava una finestra e rubava circa 200 euro dal registratore di cassa. Il gestore Ivan Balcon, assistito dall\u2019avvocato Martino Fogliato, si \u00e8 costituito parte civile per chiedere il risarcimento dei danni. L\u2019imputato, difeso da Tullio Tandura, dovr\u00e0 rispondere di furto aggravato davanti al tribunale.<\/p>\n<p>&nbsp;<\/p>\n<p>&nbsp;<\/p>\n<hr \/>\n<p>&nbsp;<\/p>\n<blockquote>\n<h3>DANNEGGIATA CONDOTTA DEL GAS A CORTINA: INTERVENTO TEMPESTIVO DI ITALGAS<\/h3>\n<\/blockquote>\n<p><strong><a class=\"dt-pswp-item\" href=\"https:\/\/www.radiopiu.net\/wordpress\/wp-content\/uploads\/2025\/10\/italgas.png\" data-dt-img-description=\"\" data-large_image_width=\"277\" data-large_image_height=\"99\"><img loading=\"lazy\" decoding=\"async\" class=\" wp-image-477030 alignleft\" src=\"https:\/\/www.radiopiu.net\/wordpress\/wp-content\/uploads\/2025\/10\/italgas.png\" alt=\"\" width=\"179\" height=\"64\" \/><\/a>CORTINA<\/strong> Nella zona di Verocai, si \u00e8 verificata una dispersione di gas che ha richiesto l\u2019intervento immediato dei Vigili del Fuoco e dei tecnici Italgas. Secondo quanto riferito da un portavoce della Societ\u00e0, l\u2019incidente \u00e8 stato causato da un\u2019impresa esterna che, durante lavori sulla rete elettrica, ha accidentalmente danneggiato una condotta del gas. I tecnici Italgas sono giunti sul posto in tempi rapidi, riuscendo a mettere in sicurezza l\u2019area nonostante le difficili condizioni meteorologiche. Le operazioni di riparazione della condotta, avviate subito dopo la messa in sicurezza, sono proseguite per tutta la giornata. Nessuna persona \u00e8 rimasta coinvolta nell\u2019episodio e non si segnalano danni ulteriori alle infrastrutture circostanti.<\/p>\n<p>&nbsp;<\/p>\n<p>&nbsp;<\/p>\n<hr \/>\n<p>&nbsp;<\/p>\n<blockquote>\n<h3>FRANCESCO MILLERI NOMINATO CAVALIERE DEL LAVORO<\/h3>\n<\/blockquote>\n<p><strong><a class=\"dt-pswp-item\" href=\"https:\/\/www.radiopiu.net\/wordpress\/wp-content\/uploads\/2025\/10\/92676-scaled.jpg\" data-dt-img-description=\"\" data-large_image_width=\"2560\" data-large_image_height=\"1721\"><img loading=\"lazy\" decoding=\"async\" class=\" wp-image-477043 alignleft\" src=\"https:\/\/www.radiopiu.net\/wordpress\/wp-content\/uploads\/2025\/10\/92676-300x202.jpg\" alt=\"\" width=\"198\" height=\"133\" srcset=\"https:\/\/www.radiopiu.net\/wordpress\/wp-content\/uploads\/2025\/10\/92676-300x202.jpg 300w, https:\/\/www.radiopiu.net\/wordpress\/wp-content\/uploads\/2025\/10\/92676-1024x688.jpg 1024w, https:\/\/www.radiopiu.net\/wordpress\/wp-content\/uploads\/2025\/10\/92676-768x516.jpg 768w, https:\/\/www.radiopiu.net\/wordpress\/wp-content\/uploads\/2025\/10\/92676-1536x1033.jpg 1536w, https:\/\/www.radiopiu.net\/wordpress\/wp-content\/uploads\/2025\/10\/92676-2048x1377.jpg 2048w\" sizes=\"auto, (max-width: 198px) 100vw, 198px\" \/><\/a>ROMA<\/strong> Il Presidente della Repubblica Sergio Mattarella ha conferito a Francesco Milleri l\u2019onorificenza di Cavaliere del Lavoro, riconoscendo il suo contributo di rilievo nel settore industriale e, in particolare, nell\u2019ambito dell\u2019ottica. La nomina rientra tra le venticinque assegnazioni ufficializzate il 30 maggio, a testimonianza del valore e dell\u2019impegno di figure che hanno saputo distinguersi per capacit\u00e0 imprenditoriali, innovazione e responsabilit\u00e0 sociale. Milleri, figura di spicco nel panorama economico italiano, ha guidato con visione e determinazione la crescita di EssilorLuxottica, promuovendo allo stesso tempo ricerca, sostenibilit\u00e0 e sviluppo tecnologico. Il riconoscimento rappresenta un ulteriore attestato del suo ruolo di riferimento nel mondo industriale, in linea con la tradizione del Cavalierato del Lavoro, che celebra l\u2019eccellenza e il merito di coloro che contribuiscono in modo significativo al progresso economico e sociale del Paese. (Foto: Quirinale)<\/p>\n<p>&nbsp;<\/p>\n<p>&nbsp;<\/p>\n<hr \/>\n<p>&nbsp;<\/p>\n<blockquote>\n<h3>PROGETTO INTERREG KLANG 2: LA PROSSIMA TAPPA PARLER\u00c0 TUTTO AGORDINO<\/h3>\n<\/blockquote>\n<p><strong><a class=\"dt-pswp-item\" href=\"https:\/\/www.radiopiu.net\/wordpress\/wp-content\/uploads\/2025\/10\/b9e4a937-139d-4e70-88bc-98cee08cd2e4.jpg\" data-dt-img-description=\"\" data-large_image_width=\"1600\" data-large_image_height=\"900\"><img loading=\"lazy\" decoding=\"async\" class=\" wp-image-477078 alignleft\" src=\"https:\/\/www.radiopiu.net\/wordpress\/wp-content\/uploads\/2025\/10\/b9e4a937-139d-4e70-88bc-98cee08cd2e4-300x169.jpg\" alt=\"\" width=\"206\" height=\"116\" srcset=\"https:\/\/www.radiopiu.net\/wordpress\/wp-content\/uploads\/2025\/10\/b9e4a937-139d-4e70-88bc-98cee08cd2e4-300x169.jpg 300w, https:\/\/www.radiopiu.net\/wordpress\/wp-content\/uploads\/2025\/10\/b9e4a937-139d-4e70-88bc-98cee08cd2e4-1024x576.jpg 1024w, https:\/\/www.radiopiu.net\/wordpress\/wp-content\/uploads\/2025\/10\/b9e4a937-139d-4e70-88bc-98cee08cd2e4-768x432.jpg 768w, https:\/\/www.radiopiu.net\/wordpress\/wp-content\/uploads\/2025\/10\/b9e4a937-139d-4e70-88bc-98cee08cd2e4-1536x864.jpg 1536w, https:\/\/www.radiopiu.net\/wordpress\/wp-content\/uploads\/2025\/10\/b9e4a937-139d-4e70-88bc-98cee08cd2e4.jpg 1600w\" sizes=\"auto, (max-width: 206px) 100vw, 206px\" \/><\/a>COLLE SANTA LUCIA<\/strong> Parler\u00e0 tutto agordino la prossima tappa del progetto Interreg Klang 2, dedicato allo studio e alla ricerca sulla produzione di spade nel Feltrino, nell\u2019Alto Agordino, nel Tirolo e in Alto Adige.<\/p>\n<p><strong>DI DANIELE DALVIT<\/strong><\/p>\n<audio class=\"wp-audio-shortcode\" id=\"audio-476945-7\" preload=\"none\" style=\"width: 100%;\" controls=\"controls\"><source type=\"audio\/mpeg\" src=\"https:\/\/www.radiopiu.net\/wordpress\/wp-content\/uploads\/2025\/10\/Servizio-Klang-2-Colle-Santa-Lucia.mp3?_=7\" \/><a href=\"https:\/\/www.radiopiu.net\/wordpress\/wp-content\/uploads\/2025\/10\/Servizio-Klang-2-Colle-Santa-Lucia.mp3\">https:\/\/www.radiopiu.net\/wordpress\/wp-content\/uploads\/2025\/10\/Servizio-Klang-2-Colle-Santa-Lucia.mp3<\/a><\/audio>\n<p>&nbsp;<\/p>\n<hr \/>\n<p>&nbsp;<\/p>\n<blockquote>\n<h3>LA CAMPAGNA ANTITRUFFA DELL\u2019ARMA DEI CARABINIERI FA TAPPA A PALAZZO FULCIS<\/h3>\n<\/blockquote>\n<p><strong>BELLUNO<\/strong> La campagna di contrasto alle truffe promossa dall\u2019Arma dei Carabinieri ha fatto tappa venerd\u00ec sera a Palazzo Fulcis, a Belluno. Una serata partecipata che verr\u00e0 replicata anche nelle altre zone delle provincia e che ha visto gli uomini dell\u2019Arma, in particolare il tenente colonnello Alessandro Starace e il maresciallo capo Giulia Dorella guidati dal colonnello Carmelo Rustico arrivato in provincia poche settimane fa, confrontarsi con i cittadini sui temi dei raggiri e sui consigli per prevenirli e contrastarli.<\/p>\n<p><strong>DI DANIELE DALVIT<\/strong><\/p>\n<audio class=\"wp-audio-shortcode\" id=\"audio-476945-8\" preload=\"none\" style=\"width: 100%;\" controls=\"controls\"><source type=\"audio\/mpeg\" src=\"https:\/\/www.radiopiu.net\/wordpress\/wp-content\/uploads\/2025\/10\/DALVIT-CARABINIERI-BELLUNO.mp3?_=8\" \/><a href=\"https:\/\/www.radiopiu.net\/wordpress\/wp-content\/uploads\/2025\/10\/DALVIT-CARABINIERI-BELLUNO.mp3\">https:\/\/www.radiopiu.net\/wordpress\/wp-content\/uploads\/2025\/10\/DALVIT-CARABINIERI-BELLUNO.mp3<\/a><\/audio>\n<p>&nbsp;<\/p>\n\n\t\t\t<style type='text\/css'>\n\t\t\t\t#gallery-4 {\n\t\t\t\t\tmargin: auto;\n\t\t\t\t}\n\t\t\t\t#gallery-4 .gallery-item {\n\t\t\t\t\tfloat: left;\n\t\t\t\t\tmargin-top: 10px;\n\t\t\t\t\ttext-align: center;\n\t\t\t\t\twidth: 20%;\n\t\t\t\t}\n\t\t\t\t#gallery-4 img {\n\t\t\t\t\tborder: 2px solid #cfcfcf;\n\t\t\t\t}\n\t\t\t\t#gallery-4 .gallery-caption {\n\t\t\t\t\tmargin-left: 0;\n\t\t\t\t}\n\t\t\t\t\/* see gallery_shortcode() in wp-includes\/media.php *\/\n\t\t\t<\/style>\n\t\t<div id='gallery-4' class='dt-gallery-container gallery galleryid-476945 gallery-columns-5 gallery-size-thumbnail'><dl class='gallery-item'>\n\t\t\t\t<dt class='gallery-icon landscape'>\n\t\t\t\t\t<a class=\"rollover rollover-zoom dt-pswp-item\" title=\"19085c74-eb78-4add-8031-2c91e3b4c824\" data-dt-img-description=\"\" data-large_image_width=\"2048\" data-large_image_height=\"1536\"href='https:\/\/www.radiopiu.net\/wordpress\/wp-content\/uploads\/2025\/10\/19085c74-eb78-4add-8031-2c91e3b4c824.jpg'><img loading=\"lazy\" decoding=\"async\" width=\"150\" height=\"150\" src=\"https:\/\/www.radiopiu.net\/wordpress\/wp-content\/uploads\/2025\/10\/19085c74-eb78-4add-8031-2c91e3b4c824-150x150.jpg\" class=\"attachment-thumbnail size-thumbnail\" alt=\"\" \/><\/a>\n\t\t\t\t<\/dt><\/dl><dl class='gallery-item'>\n\t\t\t\t<dt class='gallery-icon landscape'>\n\t\t\t\t\t<a class=\"rollover rollover-zoom dt-pswp-item\" title=\"935401b8-4ff5-42d0-aa8b-8d85b60e5443\" data-dt-img-description=\"\" data-large_image_width=\"2048\" data-large_image_height=\"1536\"href='https:\/\/www.radiopiu.net\/wordpress\/wp-content\/uploads\/2025\/10\/935401b8-4ff5-42d0-aa8b-8d85b60e5443.jpg'><img loading=\"lazy\" decoding=\"async\" width=\"150\" height=\"150\" src=\"https:\/\/www.radiopiu.net\/wordpress\/wp-content\/uploads\/2025\/10\/935401b8-4ff5-42d0-aa8b-8d85b60e5443-150x150.jpg\" class=\"attachment-thumbnail size-thumbnail\" alt=\"\" \/><\/a>\n\t\t\t\t<\/dt><\/dl><dl class='gallery-item'>\n\t\t\t\t<dt class='gallery-icon landscape'>\n\t\t\t\t\t<a class=\"rollover rollover-zoom dt-pswp-item\" title=\"0debd0fb-c911-4f6b-9471-a037d269f7b9\" data-dt-img-description=\"\" data-large_image_width=\"2048\" data-large_image_height=\"1536\"href='https:\/\/www.radiopiu.net\/wordpress\/wp-content\/uploads\/2025\/10\/0debd0fb-c911-4f6b-9471-a037d269f7b9.jpg'><img loading=\"lazy\" decoding=\"async\" width=\"150\" height=\"150\" src=\"https:\/\/www.radiopiu.net\/wordpress\/wp-content\/uploads\/2025\/10\/0debd0fb-c911-4f6b-9471-a037d269f7b9-150x150.jpg\" class=\"attachment-thumbnail size-thumbnail\" alt=\"\" \/><\/a>\n\t\t\t\t<\/dt><\/dl><dl class='gallery-item'>\n\t\t\t\t<dt class='gallery-icon landscape'>\n\t\t\t\t\t<a class=\"rollover rollover-zoom dt-pswp-item\" title=\"6cd3bb16-4a20-405c-997f-cbde5e281044\" data-dt-img-description=\"\" data-large_image_width=\"2048\" data-large_image_height=\"1536\"href='https:\/\/www.radiopiu.net\/wordpress\/wp-content\/uploads\/2025\/10\/6cd3bb16-4a20-405c-997f-cbde5e281044.jpg'><img loading=\"lazy\" decoding=\"async\" width=\"150\" height=\"150\" src=\"https:\/\/www.radiopiu.net\/wordpress\/wp-content\/uploads\/2025\/10\/6cd3bb16-4a20-405c-997f-cbde5e281044-150x150.jpg\" class=\"attachment-thumbnail size-thumbnail\" alt=\"\" \/><\/a>\n\t\t\t\t<\/dt><\/dl><dl class='gallery-item'>\n\t\t\t\t<dt class='gallery-icon landscape'>\n\t\t\t\t\t<a class=\"rollover rollover-zoom dt-pswp-item\" title=\"8c73b8b5-02a3-4361-aa1f-65c7089333f2\" data-dt-img-description=\"\" data-large_image_width=\"2048\" data-large_image_height=\"1536\"href='https:\/\/www.radiopiu.net\/wordpress\/wp-content\/uploads\/2025\/10\/8c73b8b5-02a3-4361-aa1f-65c7089333f2.jpg'><img loading=\"lazy\" decoding=\"async\" width=\"150\" height=\"150\" src=\"https:\/\/www.radiopiu.net\/wordpress\/wp-content\/uploads\/2025\/10\/8c73b8b5-02a3-4361-aa1f-65c7089333f2-150x150.jpg\" class=\"attachment-thumbnail size-thumbnail\" alt=\"\" \/><\/a>\n\t\t\t\t<\/dt><\/dl><br style=\"clear: both\" \/><dl class='gallery-item'>\n\t\t\t\t<dt class='gallery-icon landscape'>\n\t\t\t\t\t<a class=\"rollover rollover-zoom dt-pswp-item\" title=\"8195da3d-a85e-4074-85b3-54eba8f4ced2\" data-dt-img-description=\"\" data-large_image_width=\"1600\" data-large_image_height=\"1200\"href='https:\/\/www.radiopiu.net\/wordpress\/wp-content\/uploads\/2025\/10\/8195da3d-a85e-4074-85b3-54eba8f4ced2.jpg'><img loading=\"lazy\" decoding=\"async\" width=\"150\" height=\"150\" src=\"https:\/\/www.radiopiu.net\/wordpress\/wp-content\/uploads\/2025\/10\/8195da3d-a85e-4074-85b3-54eba8f4ced2-150x150.jpg\" class=\"attachment-thumbnail size-thumbnail\" alt=\"\" \/><\/a>\n\t\t\t\t<\/dt><\/dl><dl class='gallery-item'>\n\t\t\t\t<dt class='gallery-icon landscape'>\n\t\t\t\t\t<a class=\"rollover rollover-zoom dt-pswp-item\" title=\"61e0eb30-6c79-48a8-8e45-fcb513feb068\" data-dt-img-description=\"\" data-large_image_width=\"1600\" data-large_image_height=\"1200\"href='https:\/\/www.radiopiu.net\/wordpress\/wp-content\/uploads\/2025\/10\/61e0eb30-6c79-48a8-8e45-fcb513feb068.jpg'><img loading=\"lazy\" decoding=\"async\" width=\"150\" height=\"150\" src=\"https:\/\/www.radiopiu.net\/wordpress\/wp-content\/uploads\/2025\/10\/61e0eb30-6c79-48a8-8e45-fcb513feb068-150x150.jpg\" class=\"attachment-thumbnail size-thumbnail\" alt=\"\" \/><\/a>\n\t\t\t\t<\/dt><\/dl><dl class='gallery-item'>\n\t\t\t\t<dt class='gallery-icon landscape'>\n\t\t\t\t\t<a class=\"rollover rollover-zoom dt-pswp-item\" title=\"05f9be6c-72df-4158-b664-deb30f110daa\" data-dt-img-description=\"\" data-large_image_width=\"1600\" data-large_image_height=\"1200\"href='https:\/\/www.radiopiu.net\/wordpress\/wp-content\/uploads\/2025\/10\/05f9be6c-72df-4158-b664-deb30f110daa.jpg'><img loading=\"lazy\" decoding=\"async\" width=\"150\" height=\"150\" src=\"https:\/\/www.radiopiu.net\/wordpress\/wp-content\/uploads\/2025\/10\/05f9be6c-72df-4158-b664-deb30f110daa-150x150.jpg\" class=\"attachment-thumbnail size-thumbnail\" alt=\"\" \/><\/a>\n\t\t\t\t<\/dt><\/dl><dl class='gallery-item'>\n\t\t\t\t<dt class='gallery-icon landscape'>\n\t\t\t\t\t<a class=\"rollover rollover-zoom dt-pswp-item\" title=\"3b66707b-85bc-46b1-a7e5-7b623a1657a5\" data-dt-img-description=\"\" data-large_image_width=\"1600\" data-large_image_height=\"1200\"href='https:\/\/www.radiopiu.net\/wordpress\/wp-content\/uploads\/2025\/10\/3b66707b-85bc-46b1-a7e5-7b623a1657a5.jpg'><img loading=\"lazy\" decoding=\"async\" width=\"150\" height=\"150\" src=\"https:\/\/www.radiopiu.net\/wordpress\/wp-content\/uploads\/2025\/10\/3b66707b-85bc-46b1-a7e5-7b623a1657a5-150x150.jpg\" class=\"attachment-thumbnail size-thumbnail\" alt=\"\" \/><\/a>\n\t\t\t\t<\/dt><\/dl>\n\t\t\t\t<br style='clear: both' \/>\n\t\t\t<\/div>\n\n<p>&nbsp;<\/p>\n<hr \/>\n<p>&nbsp;<\/p>\n<blockquote>\n<h3>LA POLIZIA DI STATO INCONTRA GLI ADULTI-ANZIANI: UN CONFRONTO SULLA VIOLENZA DI GENERE<\/h3>\n<\/blockquote>\n<p><strong>BELLUNO <\/strong>Ad Alleghe, presso l\u2019Universit\u00e0 degli Adulti-Anziani di Belluno \u2013 Sezione Alto Cordevole, il Questore della Rocca e l\u2019Ispettore Patrizia d\u2019Alberto hanno tenuto un incontro sul tema della violenza di genere, davanti a un centinaio di partecipanti. I relatori hanno illustrato il \u201cciclo della violenza\u201d, spiegando come si sviluppa attraverso fasi di tensione, esplosione, pentimento e riconciliazione, fino a nuovi episodi di aggressione. Il Questore ha evidenziato le difficolt\u00e0 delle vittime nel riconoscere la violenza subita, spesso aggravate da solitudine e dipendenza economica. L\u2019Ispettore ha presentato l\u2019Ammonimento del Questore, strumento che consente di interrompere i comportamenti violenti anche senza procedimento penale, fungendo da deterrente per l\u2019autore. \u00c8 stato affrontato anche il tema della violenza domestica e della possibilit\u00e0 di segnalazioni anonime da parte di terzi, per favorire l\u2019emersione dei casi nascosti. Della Rocca ha ribadito l\u2019importanza della collaborazione tra istituzioni, sanit\u00e0 e associazioni per una rete di sostegno efficace alle vittime. \u00c8 stato inoltre ricordato lo sportello Ares di Feltre, che offre percorsi rieducativi per uomini autori di violenza.<\/p>\n\n\t\t\t<style type='text\/css'>\n\t\t\t\t#gallery-5 {\n\t\t\t\t\tmargin: auto;\n\t\t\t\t}\n\t\t\t\t#gallery-5 .gallery-item {\n\t\t\t\t\tfloat: left;\n\t\t\t\t\tmargin-top: 10px;\n\t\t\t\t\ttext-align: center;\n\t\t\t\t\twidth: 33%;\n\t\t\t\t}\n\t\t\t\t#gallery-5 img {\n\t\t\t\t\tborder: 2px solid #cfcfcf;\n\t\t\t\t}\n\t\t\t\t#gallery-5 .gallery-caption {\n\t\t\t\t\tmargin-left: 0;\n\t\t\t\t}\n\t\t\t\t\/* see gallery_shortcode() in wp-includes\/media.php *\/\n\t\t\t<\/style>\n\t\t<div id='gallery-5' class='dt-gallery-container gallery galleryid-476945 gallery-columns-3 gallery-size-medium'><dl class='gallery-item'>\n\t\t\t\t<dt class='gallery-icon landscape'>\n\t\t\t\t\t<a class=\"rollover rollover-zoom dt-pswp-item\" title=\"Oplus_131106\" data-dt-img-description=\"\" data-large_image_width=\"1484\" data-large_image_height=\"949\"href='https:\/\/www.radiopiu.net\/wordpress\/wp-content\/uploads\/2025\/10\/foto-3.jpg'><img loading=\"lazy\" decoding=\"async\" width=\"300\" height=\"192\" src=\"https:\/\/www.radiopiu.net\/wordpress\/wp-content\/uploads\/2025\/10\/foto-3-300x192.jpg\" class=\"attachment-medium size-medium\" alt=\"\" srcset=\"https:\/\/www.radiopiu.net\/wordpress\/wp-content\/uploads\/2025\/10\/foto-3-300x192.jpg 300w, https:\/\/www.radiopiu.net\/wordpress\/wp-content\/uploads\/2025\/10\/foto-3-1024x655.jpg 1024w, https:\/\/www.radiopiu.net\/wordpress\/wp-content\/uploads\/2025\/10\/foto-3-768x491.jpg 768w, https:\/\/www.radiopiu.net\/wordpress\/wp-content\/uploads\/2025\/10\/foto-3.jpg 1484w\" sizes=\"auto, (max-width: 300px) 100vw, 300px\" \/><\/a>\n\t\t\t\t<\/dt><\/dl><dl class='gallery-item'>\n\t\t\t\t<dt class='gallery-icon landscape'>\n\t\t\t\t\t<a class=\"rollover rollover-zoom dt-pswp-item\" title=\"oplus_2\" data-dt-img-description=\"\" data-large_image_width=\"2560\" data-large_image_height=\"1920\"href='https:\/\/www.radiopiu.net\/wordpress\/wp-content\/uploads\/2025\/10\/foto-2-scaled.jpg'><img loading=\"lazy\" decoding=\"async\" width=\"300\" height=\"225\" src=\"https:\/\/www.radiopiu.net\/wordpress\/wp-content\/uploads\/2025\/10\/foto-2-300x225.jpg\" class=\"attachment-medium size-medium\" alt=\"\" srcset=\"https:\/\/www.radiopiu.net\/wordpress\/wp-content\/uploads\/2025\/10\/foto-2-300x225.jpg 300w, https:\/\/www.radiopiu.net\/wordpress\/wp-content\/uploads\/2025\/10\/foto-2-1024x768.jpg 1024w, https:\/\/www.radiopiu.net\/wordpress\/wp-content\/uploads\/2025\/10\/foto-2-768x576.jpg 768w, https:\/\/www.radiopiu.net\/wordpress\/wp-content\/uploads\/2025\/10\/foto-2-1536x1152.jpg 1536w, https:\/\/www.radiopiu.net\/wordpress\/wp-content\/uploads\/2025\/10\/foto-2-2048x1536.jpg 2048w\" sizes=\"auto, (max-width: 300px) 100vw, 300px\" \/><\/a>\n\t\t\t\t<\/dt><\/dl><dl class='gallery-item'>\n\t\t\t\t<dt class='gallery-icon landscape'>\n\t\t\t\t\t<a class=\"rollover rollover-zoom dt-pswp-item\" title=\"Oplus_131074\" data-dt-img-description=\"\" data-large_image_width=\"1619\" data-large_image_height=\"1023\"href='https:\/\/www.radiopiu.net\/wordpress\/wp-content\/uploads\/2025\/10\/foto-1.jpg'><img loading=\"lazy\" decoding=\"async\" width=\"300\" height=\"190\" src=\"https:\/\/www.radiopiu.net\/wordpress\/wp-content\/uploads\/2025\/10\/foto-1-300x190.jpg\" class=\"attachment-medium size-medium\" alt=\"\" srcset=\"https:\/\/www.radiopiu.net\/wordpress\/wp-content\/uploads\/2025\/10\/foto-1-300x190.jpg 300w, https:\/\/www.radiopiu.net\/wordpress\/wp-content\/uploads\/2025\/10\/foto-1-1024x647.jpg 1024w, https:\/\/www.radiopiu.net\/wordpress\/wp-content\/uploads\/2025\/10\/foto-1-768x485.jpg 768w, https:\/\/www.radiopiu.net\/wordpress\/wp-content\/uploads\/2025\/10\/foto-1-1536x971.jpg 1536w, https:\/\/www.radiopiu.net\/wordpress\/wp-content\/uploads\/2025\/10\/foto-1.jpg 1619w\" sizes=\"auto, (max-width: 300px) 100vw, 300px\" \/><\/a>\n\t\t\t\t<\/dt><\/dl><br style=\"clear: both\" \/>\n\t\t\t<\/div>\n\n<p>&nbsp;<\/p>\n<hr \/>\n<p>&nbsp;<\/p>\n<blockquote>\n<h3>TASSA DI SOGGIORNO PER LE AZIENDE AGRICOLE DI MONTAGNA SOLO IN CASO DI SOSTEGNO AGLI AGRICOLTORI<\/h3>\n<\/blockquote>\n<p><strong><a class=\"dt-pswp-item\" href=\"https:\/\/www.radiopiu.net\/wordpress\/wp-content\/uploads\/2021\/05\/Arabba_Fodom_Turismo_photo-credit.RobertoDePellegrin-scaled.jpg\" data-dt-img-description=\"\" data-large_image_width=\"2560\" data-large_image_height=\"1707\"><img loading=\"lazy\" decoding=\"async\" class=\" wp-image-210754 alignleft\" src=\"https:\/\/www.radiopiu.net\/wordpress\/wp-content\/uploads\/2021\/05\/Arabba_Fodom_Turismo_photo-credit.RobertoDePellegrin-300x200.jpg\" alt=\"\" width=\"165\" height=\"110\" srcset=\"https:\/\/www.radiopiu.net\/wordpress\/wp-content\/uploads\/2021\/05\/Arabba_Fodom_Turismo_photo-credit.RobertoDePellegrin-300x200.jpg 300w, https:\/\/www.radiopiu.net\/wordpress\/wp-content\/uploads\/2021\/05\/Arabba_Fodom_Turismo_photo-credit.RobertoDePellegrin-1024x683.jpg 1024w, https:\/\/www.radiopiu.net\/wordpress\/wp-content\/uploads\/2021\/05\/Arabba_Fodom_Turismo_photo-credit.RobertoDePellegrin-768x512.jpg 768w, https:\/\/www.radiopiu.net\/wordpress\/wp-content\/uploads\/2021\/05\/Arabba_Fodom_Turismo_photo-credit.RobertoDePellegrin-1536x1024.jpg 1536w, https:\/\/www.radiopiu.net\/wordpress\/wp-content\/uploads\/2021\/05\/Arabba_Fodom_Turismo_photo-credit.RobertoDePellegrin-2048x1365.jpg 2048w\" sizes=\"auto, (max-width: 165px) 100vw, 165px\" \/><\/a>LIVINALLONGO<\/strong><\/p>\n<p>DI LORENZO SORATROI<\/p>\n<audio class=\"wp-audio-shortcode\" id=\"audio-476945-9\" preload=\"none\" style=\"width: 100%;\" controls=\"controls\"><source type=\"audio\/mpeg\" src=\"https:\/\/www.radiopiu.net\/wordpress\/wp-content\/uploads\/2025\/10\/SORATROI-TASSA-DI-SOGGIORNO-PER-LE-AZIENDE-AGRICOLE-DI-MONTAGNA-SOLO-IN-CASO-DI-SOSTEGNO-AGLI-AGRICOLTORI.mp3?_=9\" \/><a href=\"https:\/\/www.radiopiu.net\/wordpress\/wp-content\/uploads\/2025\/10\/SORATROI-TASSA-DI-SOGGIORNO-PER-LE-AZIENDE-AGRICOLE-DI-MONTAGNA-SOLO-IN-CASO-DI-SOSTEGNO-AGLI-AGRICOLTORI.mp3\">https:\/\/www.radiopiu.net\/wordpress\/wp-content\/uploads\/2025\/10\/SORATROI-TASSA-DI-SOGGIORNO-PER-LE-AZIENDE-AGRICOLE-DI-MONTAGNA-SOLO-IN-CASO-DI-SOSTEGNO-AGLI-AGRICOLTORI.mp3<\/a><\/audio>\n<p>&nbsp;<\/p>\n<p>&nbsp;<\/p>\n<hr \/>\n<p>&nbsp;<\/p>\n<blockquote>\n<h3><a class=\"dt-pswp-item\" href=\"https:\/\/www.radiopiu.net\/wordpress\/wp-content\/uploads\/2025\/10\/2a78b0fc-84d6-4ad5-8a93-f71993f07704.jpg\" data-dt-img-description=\"\" data-large_image_width=\"480\" data-large_image_height=\"640\"><img loading=\"lazy\" decoding=\"async\" class=\" wp-image-477112 alignleft\" src=\"https:\/\/www.radiopiu.net\/wordpress\/wp-content\/uploads\/2025\/10\/2a78b0fc-84d6-4ad5-8a93-f71993f07704-225x300.jpg\" alt=\"\" width=\"124\" height=\"165\" srcset=\"https:\/\/www.radiopiu.net\/wordpress\/wp-content\/uploads\/2025\/10\/2a78b0fc-84d6-4ad5-8a93-f71993f07704-225x300.jpg 225w, https:\/\/www.radiopiu.net\/wordpress\/wp-content\/uploads\/2025\/10\/2a78b0fc-84d6-4ad5-8a93-f71993f07704.jpg 480w\" sizes=\"auto, (max-width: 124px) 100vw, 124px\" \/><\/a> INFRASTRUTTURE DI MILANO-CORTINA 2026<\/h3>\n<\/blockquote>\n<p><strong>CORTINA<\/strong> Punto sulle infrastrutture a Cortina d\u2019Ampezzo tra l\u2019Architetto Fabio Saldini, Commissario di Governo e AD di Societ\u00e0 Infrastrutture Milano Cortina 2026, Stefano Ghezze, Assessore alla Pianificazione Urbanistica del Comune di Cortina d&#8217;Ampezzo e l\u2019Assessore allo Sport, Lavori pubblici e Grandi Eventi, Giorgio Da Rin.<\/p>\n<p><strong>DI BARBARA PAOLAZZI<\/strong><\/p>\n<audio class=\"wp-audio-shortcode\" id=\"audio-476945-10\" preload=\"none\" style=\"width: 100%;\" controls=\"controls\"><source type=\"audio\/mpeg\" src=\"https:\/\/www.radiopiu.net\/wordpress\/wp-content\/uploads\/2025\/10\/PAOLAZZI-INFRASTRUTTURE-MILANO-CORTINA.mp3?_=10\" \/><a href=\"https:\/\/www.radiopiu.net\/wordpress\/wp-content\/uploads\/2025\/10\/PAOLAZZI-INFRASTRUTTURE-MILANO-CORTINA.mp3\">https:\/\/www.radiopiu.net\/wordpress\/wp-content\/uploads\/2025\/10\/PAOLAZZI-INFRASTRUTTURE-MILANO-CORTINA.mp3<\/a><\/audio>\n<p>&nbsp;<\/p>\n<p>&nbsp;<\/p>\n<hr \/>\n<blockquote>\n<h3><\/h3>\n<blockquote>\n<h3>VAX DAY REGIONALE<\/h3>\n<\/blockquote>\n<\/blockquote>\n<p><strong>\u00a0<\/strong>Oggi si terr\u00e0 la prima giornata \u201cVax Day\u201d della campagna antinfluenzale 2025\/2026. Sar\u00e0 possibile vaccinarsi, su prenotazione, nei Centri Vaccinali di Popolazione dell\u2019Ulss Dolomiti: Tai di Cadore e Agordo (9.00-12.30), Salce e Feltre (14.00-17.30). \u00a0L\u2019iniziativa coinvolge anche numerose farmacie del territorio, tra cui quelle di Alleghe, Auronzo, Belluno, Feltre, Fonzaso, Longarone, San Pietro di Cadore, Seren del Grappa, Setteville e Tambre. I cittadini sono invitati a informarsi sugli orari e luoghi disponibili per accedere alla vaccinazione in sicurezza.<\/p>\n<blockquote><p>&nbsp;<\/p>\n<h3>CAMPAGNA VACCINALE ANTINFLUENZALE ULSS DOLOMITI: SEDUTE A ACCESSO LIBERO<\/h3>\n<\/blockquote>\n<p><strong><a class=\"dt-pswp-item\" href=\"https:\/\/www.radiopiu.net\/wordpress\/wp-content\/uploads\/2021\/03\/ULSS-1.jpg\" data-dt-img-description=\"\" data-large_image_width=\"776\" data-large_image_height=\"408\"><img loading=\"lazy\" decoding=\"async\" class=\" wp-image-198838 alignleft\" src=\"https:\/\/www.radiopiu.net\/wordpress\/wp-content\/uploads\/2021\/03\/ULSS-1-300x158.jpg\" alt=\"\" width=\"148\" height=\"78\" srcset=\"https:\/\/www.radiopiu.net\/wordpress\/wp-content\/uploads\/2021\/03\/ULSS-1-300x158.jpg 300w, https:\/\/www.radiopiu.net\/wordpress\/wp-content\/uploads\/2021\/03\/ULSS-1-768x404.jpg 768w, https:\/\/www.radiopiu.net\/wordpress\/wp-content\/uploads\/2021\/03\/ULSS-1.jpg 776w\" sizes=\"auto, (max-width: 148px) 100vw, 148px\" \/><\/a>BELLUNO <\/strong>L\u2019Ulss Dolomiti organizza sedute vaccinali anti-influenzali a accesso libero per gli assistiti del medico di Continuit\u00e0 Assistenziale. Le vaccinazioni si terranno: a Cortina d\u2019Ampezzo (27 ottobre), Agordo (29 ottobre), San Vito di Cadore (30 ottobre) e Alpago (31 ottobre 2025). Gli orari variano in base all\u2019iniziale del cognome: A\u2013D 14.30-15.00, E\u2013L 15.00-15.30, M\u2013R 15.30-16.00, S\u2013Z 16.00-16.30. \u00c8 necessario portare la tessera sanitaria e, se disponibile, la documentazione vaccinale precedente.<\/p>\n<h2><span style=\"color: #993300;\">IL PUNTO CON IL DIRETTORE GENERALE DELL&#8217;ULSS 1 DOLOMITI<\/span><\/h2>\n<p><strong><a class=\"dt-pswp-item\" href=\"https:\/\/www.radiopiu.net\/wordpress\/wp-content\/uploads\/2024\/12\/GIUSEPPE-DAL-BEN.jpeg\" data-dt-img-description=\"\" data-large_image_width=\"1198\" data-large_image_height=\"788\"><img loading=\"lazy\" decoding=\"async\" class=\" wp-image-424023 alignleft\" src=\"https:\/\/www.radiopiu.net\/wordpress\/wp-content\/uploads\/2024\/12\/GIUSEPPE-DAL-BEN-300x197.jpeg\" alt=\"\" width=\"193\" height=\"127\" srcset=\"https:\/\/www.radiopiu.net\/wordpress\/wp-content\/uploads\/2024\/12\/GIUSEPPE-DAL-BEN-300x197.jpeg 300w, https:\/\/www.radiopiu.net\/wordpress\/wp-content\/uploads\/2024\/12\/GIUSEPPE-DAL-BEN-1024x674.jpeg 1024w, https:\/\/www.radiopiu.net\/wordpress\/wp-content\/uploads\/2024\/12\/GIUSEPPE-DAL-BEN-768x505.jpeg 768w, https:\/\/www.radiopiu.net\/wordpress\/wp-content\/uploads\/2024\/12\/GIUSEPPE-DAL-BEN.jpeg 1198w\" sizes=\"auto, (max-width: 193px) 100vw, 193px\" \/><\/a>DI MIRKO MEZZACASA<\/strong><\/p>\n<p>OSPITE: Giuseppe Dal Ben, direttore generale Ulss 1 Dolomiti<\/p>\n<audio class=\"wp-audio-shortcode\" id=\"audio-476945-11\" preload=\"none\" style=\"width: 100%;\" controls=\"controls\"><source type=\"audio\/mpeg\" src=\"https:\/\/www.radiopiu.net\/wordpress\/wp-content\/uploads\/2025\/10\/dorro-dal-ben-sulss1-dolomiti-belluno.mp3?_=11\" \/><a href=\"https:\/\/www.radiopiu.net\/wordpress\/wp-content\/uploads\/2025\/10\/dorro-dal-ben-sulss1-dolomiti-belluno.mp3\">https:\/\/www.radiopiu.net\/wordpress\/wp-content\/uploads\/2025\/10\/dorro-dal-ben-sulss1-dolomiti-belluno.mp3<\/a><\/audio>\n<p>&nbsp;<\/p>\n<p>&nbsp;<\/p>\n<hr \/>\n<p>&nbsp;<\/p>\n<blockquote>\n<h3>AIDO BELLUNO CELEBRA 50 ANNI CON UN CANTO CORALE<\/h3>\n<\/blockquote>\n<p><strong>DI MARINA DONA&#8217;<\/strong><\/p>\n<p><strong>BELLUNO<\/strong> Il 24 ottobre alle 17 in Prefettura, in occasione dei 50 anni di Aido Belluno, si \u00e8 svolta una proiezione di un brano a lui dedicato, interpretato dal coro Arcobaleno Limana. Non si \u00e8 trattato solo di un canto ma, ma di un progetto che ha coinvolto tutte le regioni italiane attraverso altrettanti cori di bambini. Presenti all&#8217;evento le pi\u00f9 alte figure politiche del territorio.<\/p>\n<div style=\"width: 848px;\" class=\"wp-video\"><video class=\"wp-video-shortcode\" id=\"video-476945-1\" width=\"848\" height=\"480\" preload=\"metadata\" controls=\"controls\"><source type=\"video\/mp4\" src=\"https:\/\/www.radiopiu.net\/wordpress\/wp-content\/uploads\/2025\/10\/WhatsApp-Video-2025-10-24-at-18.23.07.mp4?_=1\" \/><a href=\"https:\/\/www.radiopiu.net\/wordpress\/wp-content\/uploads\/2025\/10\/WhatsApp-Video-2025-10-24-at-18.23.07.mp4\">https:\/\/www.radiopiu.net\/wordpress\/wp-content\/uploads\/2025\/10\/WhatsApp-Video-2025-10-24-at-18.23.07.mp4<\/a><\/video><\/div>\n<p>&nbsp;<\/p>\n\n\t\t\t<style type='text\/css'>\n\t\t\t\t#gallery-6 {\n\t\t\t\t\tmargin: auto;\n\t\t\t\t}\n\t\t\t\t#gallery-6 .gallery-item {\n\t\t\t\t\tfloat: left;\n\t\t\t\t\tmargin-top: 10px;\n\t\t\t\t\ttext-align: center;\n\t\t\t\t\twidth: 33%;\n\t\t\t\t}\n\t\t\t\t#gallery-6 img {\n\t\t\t\t\tborder: 2px solid #cfcfcf;\n\t\t\t\t}\n\t\t\t\t#gallery-6 .gallery-caption {\n\t\t\t\t\tmargin-left: 0;\n\t\t\t\t}\n\t\t\t\t\/* see gallery_shortcode() in wp-includes\/media.php *\/\n\t\t\t<\/style>\n\t\t<div id='gallery-6' class='dt-gallery-container gallery galleryid-476945 gallery-columns-3 gallery-size-medium'><dl class='gallery-item'>\n\t\t\t\t<dt class='gallery-icon landscape'>\n\t\t\t\t\t<a class=\"rollover rollover-zoom dt-pswp-item\" title=\"a3d7a9b6-75f6-4dd8-bebf-f71cdc9496e5\" data-dt-img-description=\"\" data-large_image_width=\"1600\" data-large_image_height=\"1200\"href='https:\/\/www.radiopiu.net\/wordpress\/wp-content\/uploads\/2025\/10\/a3d7a9b6-75f6-4dd8-bebf-f71cdc9496e5.jpg'><img loading=\"lazy\" decoding=\"async\" width=\"300\" height=\"225\" src=\"https:\/\/www.radiopiu.net\/wordpress\/wp-content\/uploads\/2025\/10\/a3d7a9b6-75f6-4dd8-bebf-f71cdc9496e5-300x225.jpg\" class=\"attachment-medium size-medium\" alt=\"\" srcset=\"https:\/\/www.radiopiu.net\/wordpress\/wp-content\/uploads\/2025\/10\/a3d7a9b6-75f6-4dd8-bebf-f71cdc9496e5-300x225.jpg 300w, https:\/\/www.radiopiu.net\/wordpress\/wp-content\/uploads\/2025\/10\/a3d7a9b6-75f6-4dd8-bebf-f71cdc9496e5-1024x768.jpg 1024w, https:\/\/www.radiopiu.net\/wordpress\/wp-content\/uploads\/2025\/10\/a3d7a9b6-75f6-4dd8-bebf-f71cdc9496e5-768x576.jpg 768w, https:\/\/www.radiopiu.net\/wordpress\/wp-content\/uploads\/2025\/10\/a3d7a9b6-75f6-4dd8-bebf-f71cdc9496e5-1536x1152.jpg 1536w, https:\/\/www.radiopiu.net\/wordpress\/wp-content\/uploads\/2025\/10\/a3d7a9b6-75f6-4dd8-bebf-f71cdc9496e5.jpg 1600w\" sizes=\"auto, (max-width: 300px) 100vw, 300px\" \/><\/a>\n\t\t\t\t<\/dt><\/dl><dl class='gallery-item'>\n\t\t\t\t<dt class='gallery-icon landscape'>\n\t\t\t\t\t<a class=\"rollover rollover-zoom dt-pswp-item\" title=\"aa8c41b0-b4e0-46ff-aa4d-adcfedc8b7af\" data-dt-img-description=\"\" data-large_image_width=\"1600\" data-large_image_height=\"1200\"href='https:\/\/www.radiopiu.net\/wordpress\/wp-content\/uploads\/2025\/10\/aa8c41b0-b4e0-46ff-aa4d-adcfedc8b7af.jpg'><img loading=\"lazy\" decoding=\"async\" width=\"300\" height=\"225\" src=\"https:\/\/www.radiopiu.net\/wordpress\/wp-content\/uploads\/2025\/10\/aa8c41b0-b4e0-46ff-aa4d-adcfedc8b7af-300x225.jpg\" class=\"attachment-medium size-medium\" alt=\"\" srcset=\"https:\/\/www.radiopiu.net\/wordpress\/wp-content\/uploads\/2025\/10\/aa8c41b0-b4e0-46ff-aa4d-adcfedc8b7af-300x225.jpg 300w, https:\/\/www.radiopiu.net\/wordpress\/wp-content\/uploads\/2025\/10\/aa8c41b0-b4e0-46ff-aa4d-adcfedc8b7af-1024x768.jpg 1024w, https:\/\/www.radiopiu.net\/wordpress\/wp-content\/uploads\/2025\/10\/aa8c41b0-b4e0-46ff-aa4d-adcfedc8b7af-768x576.jpg 768w, https:\/\/www.radiopiu.net\/wordpress\/wp-content\/uploads\/2025\/10\/aa8c41b0-b4e0-46ff-aa4d-adcfedc8b7af-1536x1152.jpg 1536w, https:\/\/www.radiopiu.net\/wordpress\/wp-content\/uploads\/2025\/10\/aa8c41b0-b4e0-46ff-aa4d-adcfedc8b7af.jpg 1600w\" sizes=\"auto, (max-width: 300px) 100vw, 300px\" \/><\/a>\n\t\t\t\t<\/dt><\/dl><dl class='gallery-item'>\n\t\t\t\t<dt class='gallery-icon landscape'>\n\t\t\t\t\t<a class=\"rollover rollover-zoom dt-pswp-item\" title=\"ac8f9f35-8c15-4d91-98ca-10057194f3bc\" data-dt-img-description=\"\" data-large_image_width=\"1600\" data-large_image_height=\"1200\"href='https:\/\/www.radiopiu.net\/wordpress\/wp-content\/uploads\/2025\/10\/ac8f9f35-8c15-4d91-98ca-10057194f3bc.jpg'><img loading=\"lazy\" decoding=\"async\" width=\"300\" height=\"225\" src=\"https:\/\/www.radiopiu.net\/wordpress\/wp-content\/uploads\/2025\/10\/ac8f9f35-8c15-4d91-98ca-10057194f3bc-300x225.jpg\" class=\"attachment-medium size-medium\" alt=\"\" srcset=\"https:\/\/www.radiopiu.net\/wordpress\/wp-content\/uploads\/2025\/10\/ac8f9f35-8c15-4d91-98ca-10057194f3bc-300x225.jpg 300w, https:\/\/www.radiopiu.net\/wordpress\/wp-content\/uploads\/2025\/10\/ac8f9f35-8c15-4d91-98ca-10057194f3bc-1024x768.jpg 1024w, https:\/\/www.radiopiu.net\/wordpress\/wp-content\/uploads\/2025\/10\/ac8f9f35-8c15-4d91-98ca-10057194f3bc-768x576.jpg 768w, https:\/\/www.radiopiu.net\/wordpress\/wp-content\/uploads\/2025\/10\/ac8f9f35-8c15-4d91-98ca-10057194f3bc-1536x1152.jpg 1536w, https:\/\/www.radiopiu.net\/wordpress\/wp-content\/uploads\/2025\/10\/ac8f9f35-8c15-4d91-98ca-10057194f3bc.jpg 1600w\" sizes=\"auto, (max-width: 300px) 100vw, 300px\" \/><\/a>\n\t\t\t\t<\/dt><\/dl><br style=\"clear: both\" \/><dl class='gallery-item'>\n\t\t\t\t<dt class='gallery-icon landscape'>\n\t\t\t\t\t<a class=\"rollover rollover-zoom dt-pswp-item\" title=\"86e5d805-b85f-4481-b463-cfd5d177dfa4\" data-dt-img-description=\"\" data-large_image_width=\"1600\" data-large_image_height=\"1200\"href='https:\/\/www.radiopiu.net\/wordpress\/wp-content\/uploads\/2025\/10\/86e5d805-b85f-4481-b463-cfd5d177dfa4.jpg'><img loading=\"lazy\" decoding=\"async\" width=\"300\" height=\"225\" src=\"https:\/\/www.radiopiu.net\/wordpress\/wp-content\/uploads\/2025\/10\/86e5d805-b85f-4481-b463-cfd5d177dfa4-300x225.jpg\" class=\"attachment-medium size-medium\" alt=\"\" srcset=\"https:\/\/www.radiopiu.net\/wordpress\/wp-content\/uploads\/2025\/10\/86e5d805-b85f-4481-b463-cfd5d177dfa4-300x225.jpg 300w, https:\/\/www.radiopiu.net\/wordpress\/wp-content\/uploads\/2025\/10\/86e5d805-b85f-4481-b463-cfd5d177dfa4-1024x768.jpg 1024w, https:\/\/www.radiopiu.net\/wordpress\/wp-content\/uploads\/2025\/10\/86e5d805-b85f-4481-b463-cfd5d177dfa4-768x576.jpg 768w, https:\/\/www.radiopiu.net\/wordpress\/wp-content\/uploads\/2025\/10\/86e5d805-b85f-4481-b463-cfd5d177dfa4-1536x1152.jpg 1536w, https:\/\/www.radiopiu.net\/wordpress\/wp-content\/uploads\/2025\/10\/86e5d805-b85f-4481-b463-cfd5d177dfa4.jpg 1600w\" sizes=\"auto, (max-width: 300px) 100vw, 300px\" \/><\/a>\n\t\t\t\t<\/dt><\/dl><dl class='gallery-item'>\n\t\t\t\t<dt class='gallery-icon landscape'>\n\t\t\t\t\t<a class=\"rollover rollover-zoom dt-pswp-item\" title=\"e693a0e6-5e4c-4f09-b1f1-ada88437912b\" data-dt-img-description=\"\" data-large_image_width=\"1600\" data-large_image_height=\"1200\"href='https:\/\/www.radiopiu.net\/wordpress\/wp-content\/uploads\/2025\/10\/e693a0e6-5e4c-4f09-b1f1-ada88437912b.jpg'><img loading=\"lazy\" decoding=\"async\" width=\"300\" height=\"225\" src=\"https:\/\/www.radiopiu.net\/wordpress\/wp-content\/uploads\/2025\/10\/e693a0e6-5e4c-4f09-b1f1-ada88437912b-300x225.jpg\" class=\"attachment-medium size-medium\" alt=\"\" srcset=\"https:\/\/www.radiopiu.net\/wordpress\/wp-content\/uploads\/2025\/10\/e693a0e6-5e4c-4f09-b1f1-ada88437912b-300x225.jpg 300w, https:\/\/www.radiopiu.net\/wordpress\/wp-content\/uploads\/2025\/10\/e693a0e6-5e4c-4f09-b1f1-ada88437912b-1024x768.jpg 1024w, https:\/\/www.radiopiu.net\/wordpress\/wp-content\/uploads\/2025\/10\/e693a0e6-5e4c-4f09-b1f1-ada88437912b-768x576.jpg 768w, https:\/\/www.radiopiu.net\/wordpress\/wp-content\/uploads\/2025\/10\/e693a0e6-5e4c-4f09-b1f1-ada88437912b-1536x1152.jpg 1536w, https:\/\/www.radiopiu.net\/wordpress\/wp-content\/uploads\/2025\/10\/e693a0e6-5e4c-4f09-b1f1-ada88437912b.jpg 1600w\" sizes=\"auto, (max-width: 300px) 100vw, 300px\" \/><\/a>\n\t\t\t\t<\/dt><\/dl><dl class='gallery-item'>\n\t\t\t\t<dt class='gallery-icon landscape'>\n\t\t\t\t\t<a class=\"rollover rollover-zoom dt-pswp-item\" title=\"0c3edc69-dacb-4aa8-ac91-7601c8b9c0d8\" data-dt-img-description=\"\" data-large_image_width=\"1296\" data-large_image_height=\"972\"href='https:\/\/www.radiopiu.net\/wordpress\/wp-content\/uploads\/2025\/10\/0c3edc69-dacb-4aa8-ac91-7601c8b9c0d8.jpg'><img loading=\"lazy\" decoding=\"async\" width=\"300\" height=\"225\" src=\"https:\/\/www.radiopiu.net\/wordpress\/wp-content\/uploads\/2025\/10\/0c3edc69-dacb-4aa8-ac91-7601c8b9c0d8-300x225.jpg\" class=\"attachment-medium size-medium\" alt=\"\" srcset=\"https:\/\/www.radiopiu.net\/wordpress\/wp-content\/uploads\/2025\/10\/0c3edc69-dacb-4aa8-ac91-7601c8b9c0d8-300x225.jpg 300w, https:\/\/www.radiopiu.net\/wordpress\/wp-content\/uploads\/2025\/10\/0c3edc69-dacb-4aa8-ac91-7601c8b9c0d8-1024x768.jpg 1024w, https:\/\/www.radiopiu.net\/wordpress\/wp-content\/uploads\/2025\/10\/0c3edc69-dacb-4aa8-ac91-7601c8b9c0d8-768x576.jpg 768w, https:\/\/www.radiopiu.net\/wordpress\/wp-content\/uploads\/2025\/10\/0c3edc69-dacb-4aa8-ac91-7601c8b9c0d8.jpg 1296w\" sizes=\"auto, (max-width: 300px) 100vw, 300px\" \/><\/a>\n\t\t\t\t<\/dt><\/dl><br style=\"clear: both\" \/>\n\t\t\t<\/div>\n\n<p>&nbsp;<\/p>\n<p>&nbsp;<\/p>\n<hr \/>\n<p>&nbsp;<\/p>\n<p>&nbsp;<\/p>\n<blockquote>\n<h3>MERCATO IMMOBILIARE VENETO IN CRESCITA: VENDITE +6%, AFFITTI +5,6%<\/h3>\n<\/blockquote>\n<p><strong><a class=\"dt-pswp-item\" href=\"https:\/\/www.radiopiu.net\/wordpress\/wp-content\/uploads\/2023\/04\/Mutui-casa_cPaeGAG.jpg\" data-dt-img-description=\"\" data-large_image_width=\"900\" data-large_image_height=\"536\"><img loading=\"lazy\" decoding=\"async\" class=\" wp-image-329921 alignleft\" src=\"https:\/\/www.radiopiu.net\/wordpress\/wp-content\/uploads\/2023\/04\/Mutui-casa_cPaeGAG-300x179.jpg\" alt=\"\" width=\"209\" height=\"125\" srcset=\"https:\/\/www.radiopiu.net\/wordpress\/wp-content\/uploads\/2023\/04\/Mutui-casa_cPaeGAG-300x179.jpg 300w, https:\/\/www.radiopiu.net\/wordpress\/wp-content\/uploads\/2023\/04\/Mutui-casa_cPaeGAG-768x457.jpg 768w, https:\/\/www.radiopiu.net\/wordpress\/wp-content\/uploads\/2023\/04\/Mutui-casa_cPaeGAG.jpg 900w\" sizes=\"auto, (max-width: 209px) 100vw, 209px\" \/><\/a>MILANO <\/strong>Nel terzo trimestre del 2025 il mercato immobiliare veneto mostra segnali di crescita sia nelle vendite sia nelle locazioni. I prezzi delle case aumentano del 6% su base annua, mentre i canoni d\u2019affitto salgono del 5,6%. Acquistare casa costa in media 2.128 euro\/mq, affittarla poco pi\u00f9 di 12 euro\/mq. Secondo l\u2019Osservatorio di Immobiliare.it Insights, la domanda di acquisto cresce del 12,3%, mentre cala quella per gli affitti (-18%). Di conseguenza, l\u2019offerta si riduce per le vendite (-4,9%) e aumenta per le locazioni (+35,4%). Tra i territori, Belluno guida i rialzi dei prezzi (+13,7%) ed \u00e8 la zona pi\u00f9 cara, mentre Rovigo resta la pi\u00f9 economica. In generale, i canoni di locazione crescono ovunque tranne che a Belluno e Vicenza, con Venezia e Belluno uniche eccezioni in aumento per la domanda di affitti.<\/p>\n<p>&nbsp;<\/p>\n<p>&nbsp;<\/p>\n<hr \/>\n<p>&nbsp;<\/p>\n<blockquote>\n<h3>ARREDAMONT 2025: LEGNO, ARREDO E CULTURA IN MOSTRA A LONGARONE<\/h3>\n<\/blockquote>\n<p><strong><a class=\"dt-pswp-item\" href=\"https:\/\/www.radiopiu.net\/wordpress\/wp-content\/uploads\/2025\/10\/Stand-Arredamont-2024.jpg\" data-dt-img-description=\"\" data-large_image_width=\"2048\" data-large_image_height=\"1365\"><img loading=\"lazy\" decoding=\"async\" class=\" wp-image-477056 alignleft\" src=\"https:\/\/www.radiopiu.net\/wordpress\/wp-content\/uploads\/2025\/10\/Stand-Arredamont-2024-300x200.jpg\" alt=\"\" width=\"176\" height=\"117\" srcset=\"https:\/\/www.radiopiu.net\/wordpress\/wp-content\/uploads\/2025\/10\/Stand-Arredamont-2024-300x200.jpg 300w, https:\/\/www.radiopiu.net\/wordpress\/wp-content\/uploads\/2025\/10\/Stand-Arredamont-2024-1024x683.jpg 1024w, https:\/\/www.radiopiu.net\/wordpress\/wp-content\/uploads\/2025\/10\/Stand-Arredamont-2024-768x512.jpg 768w, https:\/\/www.radiopiu.net\/wordpress\/wp-content\/uploads\/2025\/10\/Stand-Arredamont-2024-1536x1024.jpg 1536w, https:\/\/www.radiopiu.net\/wordpress\/wp-content\/uploads\/2025\/10\/Stand-Arredamont-2024.jpg 2048w\" sizes=\"auto, (max-width: 176px) 100vw, 176px\" \/><\/a>LONGARONE <\/strong>Torna a Longarone Fiere Dolomiti Arredamont, la Mostra nazionale dell\u2019arredare in montagna, in programma dal 25 ottobre al 2 novembre. Giunta alla 47\u00aa edizione, la manifestazione celebra da quasi mezzo secolo il legno, l\u2019artigianato, la casa e la montagna, con un\u2019attenzione particolare alla manualit\u00e0, all\u2019ingegno e all\u2019innovazione del territorio. Quest\u2019anno saranno presenti 187 aziende con 235 marchi provenienti da 11 regioni italiane e 13 Paesi esteri, su una superficie di 17.000 metri quadrati. L\u2019inaugurazione ufficiale avverr\u00e0 sabato 25 ottobre alle 11.30, accompagnata da momenti di memoria e arte, tra cui la presentazione di opere inedite dedicate al disastro del Vajont. La prima giornata offrir\u00e0 dimostrazioni artigianali e laboratori esperienziali, mentre il Villaggio di Confartigianato ospiter\u00e0 XILOTECA.IT, museo online della sostenibilit\u00e0 del legno. Spazio anche a mostre artistiche e storiche, come \u201cScie di gloria\u201d e \u201cArte in Fiera Dolomiti\u201d, con particolare attenzione alla creativit\u00e0 femminile. La fiera sar\u00e0 aperta sabato e domenica dalle 10 alle 19, nei feriali dalle 14 alle 19.<\/p>\n<p>&nbsp;<\/p>\n<p>&nbsp;<\/p>\n<hr \/>\n<p>&nbsp;<\/p>\n<blockquote>\n<h3>ESERCITAZIONI DELLE TRUPPE ALPINE AL POLIGONO MONTE BIVERA<\/h3>\n<\/blockquote>\n<p><strong><a class=\"dt-pswp-item\" href=\"https:\/\/www.radiopiu.net\/wordpress\/wp-content\/uploads\/2025\/10\/2_IL-COMANDANTE-DEL-7\u00b0-REGGIMENTO-ALPINI-RENDE-GLI-ONORI-AI-CADUTI.jpg\" data-dt-img-description=\"\" data-large_image_width=\"1600\" data-large_image_height=\"1200\"><img loading=\"lazy\" decoding=\"async\" class=\" wp-image-474395 alignleft\" src=\"https:\/\/www.radiopiu.net\/wordpress\/wp-content\/uploads\/2025\/10\/2_IL-COMANDANTE-DEL-7\u00b0-REGGIMENTO-ALPINI-RENDE-GLI-ONORI-AI-CADUTI-300x225.jpg\" alt=\"\" width=\"167\" height=\"125\" srcset=\"https:\/\/www.radiopiu.net\/wordpress\/wp-content\/uploads\/2025\/10\/2_IL-COMANDANTE-DEL-7\u00b0-REGGIMENTO-ALPINI-RENDE-GLI-ONORI-AI-CADUTI-300x225.jpg 300w, https:\/\/www.radiopiu.net\/wordpress\/wp-content\/uploads\/2025\/10\/2_IL-COMANDANTE-DEL-7\u00b0-REGGIMENTO-ALPINI-RENDE-GLI-ONORI-AI-CADUTI-1024x768.jpg 1024w, https:\/\/www.radiopiu.net\/wordpress\/wp-content\/uploads\/2025\/10\/2_IL-COMANDANTE-DEL-7\u00b0-REGGIMENTO-ALPINI-RENDE-GLI-ONORI-AI-CADUTI-768x576.jpg 768w, https:\/\/www.radiopiu.net\/wordpress\/wp-content\/uploads\/2025\/10\/2_IL-COMANDANTE-DEL-7\u00b0-REGGIMENTO-ALPINI-RENDE-GLI-ONORI-AI-CADUTI-1536x1152.jpg 1536w, https:\/\/www.radiopiu.net\/wordpress\/wp-content\/uploads\/2025\/10\/2_IL-COMANDANTE-DEL-7\u00b0-REGGIMENTO-ALPINI-RENDE-GLI-ONORI-AI-CADUTI.jpg 1600w\" sizes=\"auto, (max-width: 167px) 100vw, 167px\" \/><\/a>BELLUNO <\/strong>Dal 27 ottobre al 13 novembre, il 7\u00b0 Reggimento Alpini, insieme ad altri Reparti delle Truppe Alpine, parteciper\u00e0 a esercitazioni presso il poligono &#8220;Monte Bivera, Casera Razzo&#8221;. L\u2019attivit\u00e0 coinvolger\u00e0 tutti i Reggimenti di fanteria alpina e vedr\u00e0 l\u2019impiego di sistemi tecnologici avanzati, tra cui droni multicotteri e ad ala fissa, a supporto delle unit\u00e0 sul terreno. Saranno inoltre utilizzati mezzi corazzati di cavalleria e artiglierie, con l\u2019obiettivo di migliorare coordinamento, capacit\u00e0 operative e prontezza al combattimento delle Truppe Alpine in scenari complessi e multidimensionali.<\/p>\n<p>&nbsp;<\/p>\n<p>&nbsp;<\/p>\n<p>&nbsp;<\/p>\n<p>&nbsp;<\/p>\n<hr \/>\n<p>&nbsp;<\/p>\n<h2><span style=\"color: #ff0000;\">CONSIGLI COMUNALI IN AGORDINO<\/span><\/h2>\n<p><strong>AGORDO<\/strong> Il consiglio comunale di Agordo \u00e8 convocato per luned\u00ec alle 18:30. Sei punti in discussione: l\u2019approvazione del Documento Unico di Programmazione semplificato 2026\/2028; l\u2019affidamento della gestione dei servizi di asilo nido e scuola materna paritaria di Agordo all\u2019Azienda Speciale \u201cAgordo Servizi\u201d; la ratifica di una variazione al bilancio di previsione e al piano esecutivo di gestione; l\u2019approvazione del regolamento per il volontariato civico; la convenzione con la Provincia di Belluno per le agevolazioni sul trasporto pubblico; una variazione al DUP, al programma opere pubbliche e al bilancio 2025\/2027. Al termine le comunicazioni del sindaco.<\/p>\n<p><strong>SELVA DI<\/strong> <strong>CADORE<\/strong> Consiglio comunale convocato per marted\u00ec alle 19. Due punti da discutere: l&#8217;assemblea ordinaria della Val Fiorentina SPA e la permuta di un terreno di propriet\u00e0 comunale con terreni di privati in localit\u00e0 Bernart.<\/p>\n<p><strong>RIVAMONTE<\/strong> Consiglio Comunale per mercoled\u00ec alle 18:30. All\u2019ordine del giorno figurano nove punti, tra cui la ratifica di due delibere riguardanti variazioni al bilancio di previsione 2025\/2027, il rendiconto 2024 dell\u2019A.S.C.A., e l\u2019aggiornamento del Documento Unico di Programmazione (DUP). Si discuter\u00e0 anche dell\u2019estinzione anticipata di mutui, dell\u2019approvazione del nuovo regolamento di contabilit\u00e0 e delle norme per le adunanze del Consiglio.<\/p>\n<p><strong>SAN TOMASO<\/strong> Consiglio comunale convocato per venerd\u00ec alle 19. Si discuter\u00e0 di una variante al piano degli interventi comunale e la presa d&#8217;atto di un verbale di fine settembre relativo alle risultanze dei controlli interni<\/p>\n<p>&nbsp;<\/p>\n<p>&nbsp;<\/p>\n<hr \/>\n<blockquote>\n<h3>OTTOBRE ROSA: LA MALATTIA SI TRASFORMA IN UN\u2019OPERA D\u2019ARTE<\/h3>\n<\/blockquote>\n<p><strong><a class=\"dt-pswp-item\" href=\"https:\/\/www.radiopiu.net\/wordpress\/wp-content\/uploads\/2025\/10\/c71a97c1-94f1-4cc2-9042-1e49f30c773d.jpg\" data-dt-img-description=\"\" data-large_image_width=\"720\" data-large_image_height=\"548\"><img loading=\"lazy\" decoding=\"async\" class=\" wp-image-474274 alignleft\" src=\"https:\/\/www.radiopiu.net\/wordpress\/wp-content\/uploads\/2025\/10\/c71a97c1-94f1-4cc2-9042-1e49f30c773d-300x228.jpg\" alt=\"\" width=\"179\" height=\"136\" srcset=\"https:\/\/www.radiopiu.net\/wordpress\/wp-content\/uploads\/2025\/10\/c71a97c1-94f1-4cc2-9042-1e49f30c773d-300x228.jpg 300w, https:\/\/www.radiopiu.net\/wordpress\/wp-content\/uploads\/2025\/10\/c71a97c1-94f1-4cc2-9042-1e49f30c773d.jpg 720w\" sizes=\"auto, (max-width: 179px) 100vw, 179px\" \/><\/a>REDAZIONE<\/strong> In occasione di Ottobre Rosa, mese dedicato alla prevenzione del tumore al seno, il progetto Body Art Therapy Italia trasforma la malattia in un\u2019opera d\u2019arte e le cicatrici in simboli di rinascita. Attraverso la pittura sul corpo, donne operate al seno riscoprono la propria bellezza e forza interiore, fondendosi con la natura in immagini che raccontano armonia e speranza. L\u2019esperienza, raccolta nel Calendario 2026, sostiene la prevenzione e raccoglie fondi per la lotta contro il cancro al seno. Tra le partecipanti, Ilaria Zasso racconta l\u2019incontro con la pittrice ideatrice del progetto, anch\u2019essa operata, e descrive l\u2019iniziativa come un momento intenso e liberatorio. Il calendario pu\u00f2 essere prenotato online o tramite QR Code, con il ricavato destinato interamente alla prevenzione. Un messaggio potente che celebra la vita e dimostra come l\u2019arte possa trasformare il dolore in bellezza, coraggio e consapevolezza.<\/p>\n<p>&nbsp;<\/p>\n<p>&nbsp;<\/p>\n<hr \/>\n<p>&nbsp;<\/p>\n<blockquote>\n<h3><a class=\"dt-pswp-item\" href=\"https:\/\/www.radiopiu.net\/wordpress\/wp-content\/uploads\/2025\/10\/download-26.jpg\" data-dt-img-description=\"\" data-large_image_width=\"279\" data-large_image_height=\"180\"><img loading=\"lazy\" decoding=\"async\" class=\" wp-image-476241 alignleft\" src=\"https:\/\/www.radiopiu.net\/wordpress\/wp-content\/uploads\/2025\/10\/download-26.jpg\" alt=\"\" width=\"229\" height=\"148\" \/><\/a>BELLUNO, CONVEGNO SU CLIMA E TERRITORIO<\/h3>\n<\/blockquote>\n<p><strong data-start=\"47\" data-end=\"58\">BELLUNO<\/strong> \u2013 Oggi dalle 9 alle 12.30, nella corte di Palazzo Crepadona, si terr\u00e0 il convegno <em data-start=\"158\" data-end=\"211\" data-is-only-node=\"\">\u201cCambiamenti climatici: scenari, sfide e soluzioni\u201d<\/em>, promosso dal Comune di Belluno con l\u2019Ordine degli Ingegneri. L\u2019incontro approfondir\u00e0 azioni di adattamento e mitigazione sul territorio e sar\u00e0 la base per una futura pubblicazione sostenuta dalla Regione Veneto. Durante la mattinata si alterneranno relatori provenienti dal mondo universitario, scientifico e tecnico, che offriranno spunti di riflessione e prospettive sulle azioni di adattamento e mitigazione dei cambiamenti climatici, con particolare attenzione alle ricadute sul territorio e alla gestione dei rischi naturali. L\u2019appuntamento \u00e8 organizzato con il supporto degli Ordini degli Ingegneri della Provincia, nello specifico la presidente ing. Eleonora Dalla Corte.<\/p>\n<p>&nbsp;<\/p>\n<p>&nbsp;<\/p>\n<hr \/>\n<p>&nbsp;<\/p>\n<blockquote>\n<h3>\u201cNEL CANTO DEI COLORI\u201d: MUSICA E PREVENZIONE ONCOLOGICA A BELLUNO<\/h3>\n<\/blockquote>\n<p><strong><a class=\"dt-pswp-item\" href=\"https:\/\/www.radiopiu.net\/wordpress\/wp-content\/uploads\/2025\/10\/LJSF.jpg\" data-dt-img-description=\"\" data-large_image_width=\"1058\" data-large_image_height=\"530\"><img loading=\"lazy\" decoding=\"async\" class=\" wp-image-476291 alignleft\" src=\"https:\/\/www.radiopiu.net\/wordpress\/wp-content\/uploads\/2025\/10\/LJSF-300x150.jpg\" alt=\"\" width=\"232\" height=\"116\" srcset=\"https:\/\/www.radiopiu.net\/wordpress\/wp-content\/uploads\/2025\/10\/LJSF-300x150.jpg 300w, https:\/\/www.radiopiu.net\/wordpress\/wp-content\/uploads\/2025\/10\/LJSF-1024x513.jpg 1024w, https:\/\/www.radiopiu.net\/wordpress\/wp-content\/uploads\/2025\/10\/LJSF-768x385.jpg 768w, https:\/\/www.radiopiu.net\/wordpress\/wp-content\/uploads\/2025\/10\/LJSF.jpg 1058w\" sizes=\"auto, (max-width: 232px) 100vw, 232px\" \/><\/a>BELLUNO <\/strong>Oggi alle 20.30 al Centro Giovanni XXIII di Belluno va in scena \u201cNel Canto dei Colori\u201d, serata musicale di sensibilizzazione sui tumori, promossa dalle sezioni di Belluno di Lilt e Ail. L\u2019evento, a ingresso libero, unisce musica e prevenzione, alternando cori femminili, maschili e misti, tra cui Coro di Codissago, Gruppo Vocale Kantas, Coro Solenote, Coro Voci in Valle e Coro Adunata. La scenografia riproduce il passaggio cromatico dal rosa di ottobre, mese dedicato alla prevenzione oncologica femminile, al blu di novembre, simbolo della prevenzione maschile. Gli interventi di Mario e Bruno arricchiranno la serata con intrattenimento. Lilt e Ail promuovono informazione sanitaria, screening, assistenza domiciliare e sostegno ai pazienti, con l\u2019obiettivo di unire consapevolezza, solidariet\u00e0 e speranza attraverso la musica e la cultura della prevenzione.<\/p>\n<p>&nbsp;<\/p>\n<p>&nbsp;<\/p>\n<hr \/>\n<p>&nbsp;<\/p>\n<blockquote>\n<h3><a class=\"dt-pswp-item\" href=\"https:\/\/www.radiopiu.net\/wordpress\/wp-content\/uploads\/2025\/10\/Senza-nome-34.png\" data-dt-img-description=\"\" data-large_image_width=\"331\" data-large_image_height=\"306\"><img loading=\"lazy\" decoding=\"async\" class=\"wp-image-476467 alignleft\" src=\"https:\/\/www.radiopiu.net\/wordpress\/wp-content\/uploads\/2025\/10\/Senza-nome-34-300x277.png\" alt=\"\" width=\"153\" height=\"141\" srcset=\"https:\/\/www.radiopiu.net\/wordpress\/wp-content\/uploads\/2025\/10\/Senza-nome-34-300x277.png 300w, https:\/\/www.radiopiu.net\/wordpress\/wp-content\/uploads\/2025\/10\/Senza-nome-34.png 331w\" sizes=\"auto, (max-width: 153px) 100vw, 153px\" \/><\/a>FRA RABBIA E ANTIFASCISMO<\/h3>\n<\/blockquote>\n<p><strong>BORGO VALBELLUNA<\/strong><\/p>\n<p>DI ROBERTO BONA<\/p>\n<audio class=\"wp-audio-shortcode\" id=\"audio-476945-12\" preload=\"none\" style=\"width: 100%;\" controls=\"controls\"><source type=\"audio\/mpeg\" src=\"https:\/\/www.radiopiu.net\/wordpress\/wp-content\/uploads\/2025\/10\/BONA-FRA-RABBIA-E-ANTIFASCISMO-SCAD-25-OTTOBRE.mp3?_=12\" \/><a href=\"https:\/\/www.radiopiu.net\/wordpress\/wp-content\/uploads\/2025\/10\/BONA-FRA-RABBIA-E-ANTIFASCISMO-SCAD-25-OTTOBRE.mp3\">https:\/\/www.radiopiu.net\/wordpress\/wp-content\/uploads\/2025\/10\/BONA-FRA-RABBIA-E-ANTIFASCISMO-SCAD-25-OTTOBRE.mp3<\/a><\/audio>\n<p>&nbsp;<\/p>\n<p>&nbsp;<\/p>\n<p>&nbsp;<\/p>\n<hr \/>\n<p>&nbsp;<\/p>\n<blockquote>\n<h3>LA PRESENTAZIONE DEL LIBRO &#8220;L&#8217;UOMO DELLA VAL ROSNA&#8221;<\/h3>\n<\/blockquote>\n<p><strong><a class=\"dt-pswp-item\" href=\"https:\/\/www.radiopiu.net\/wordpress\/wp-content\/uploads\/2025\/10\/IMG-20251021-WA0001.jpg\" data-dt-img-description=\"\" data-large_image_width=\"1080\" data-large_image_height=\"1529\"><img loading=\"lazy\" decoding=\"async\" class=\" wp-image-476741 alignleft\" src=\"https:\/\/www.radiopiu.net\/wordpress\/wp-content\/uploads\/2025\/10\/IMG-20251021-WA0001-212x300.jpg\" alt=\"\" width=\"135\" height=\"191\" srcset=\"https:\/\/www.radiopiu.net\/wordpress\/wp-content\/uploads\/2025\/10\/IMG-20251021-WA0001-212x300.jpg 212w, https:\/\/www.radiopiu.net\/wordpress\/wp-content\/uploads\/2025\/10\/IMG-20251021-WA0001-723x1024.jpg 723w, https:\/\/www.radiopiu.net\/wordpress\/wp-content\/uploads\/2025\/10\/IMG-20251021-WA0001-768x1087.jpg 768w, https:\/\/www.radiopiu.net\/wordpress\/wp-content\/uploads\/2025\/10\/IMG-20251021-WA0001.jpg 1080w\" sizes=\"auto, (max-width: 135px) 100vw, 135px\" \/><\/a>CENCENIGHE<\/strong><\/p>\n<p>DI LUISA MANFROI<\/p>\n<audio class=\"wp-audio-shortcode\" id=\"audio-476945-13\" preload=\"none\" style=\"width: 100%;\" controls=\"controls\"><source type=\"audio\/mpeg\" src=\"https:\/\/www.radiopiu.net\/wordpress\/wp-content\/uploads\/2025\/10\/LUISA-MANFROI-Presentazione-del-libro-lUomo-della-Val-Rosna.mp3?_=13\" \/><a href=\"https:\/\/www.radiopiu.net\/wordpress\/wp-content\/uploads\/2025\/10\/LUISA-MANFROI-Presentazione-del-libro-lUomo-della-Val-Rosna.mp3\">https:\/\/www.radiopiu.net\/wordpress\/wp-content\/uploads\/2025\/10\/LUISA-MANFROI-Presentazione-del-libro-lUomo-della-Val-Rosna.mp3<\/a><\/audio>\n<p>&nbsp;<\/p>\n<hr \/>\n<p>&nbsp;<\/p>\n<blockquote>\n<h3><strong>FAMIGLIA FELTRINA CELEBRA ECCELLENZE E MERITO NELL\u2019INCONTRO AUTUNNALE 2025<\/strong><\/h3>\n<\/blockquote>\n<p><strong>FELTRE <\/strong>Domani alle 10, nella Sala degli Stemmi del Comune di Feltre, si terr\u00e0 \u201cL\u2019incontro autunnale 2025\u201d di Famiglia Feltrina. Durante la cerimonia verranno consegnati il Premio Beato Bernardino all\u2019associazione \u201cDino Buzzati\u201d e il Premio Panfilo Castaldi alla ditta \u201cUnisono S.r.l.\u201d. Saranno inoltre premiati gli studenti feltrini diplomati con il massimo dei voti e verr\u00e0 assegnata la Borsa di studio \u201cMichele De Boni\u201d a uno studente universitario meritevole.<\/p>\n<p>&nbsp;<\/p>\n<p>&nbsp;<\/p>\n<hr \/>\n<p>&nbsp;<\/p>\n<blockquote>\n<h3>MESSA PER I CADUTI DELLA MONTAGNA: UN MOMENTO DI RICORDO E DEVOZIONE AD AGORDO<\/h3>\n<\/blockquote>\n<p><strong><a class=\"dt-pswp-item\" href=\"https:\/\/www.radiopiu.net\/wordpress\/wp-content\/uploads\/2025\/10\/Manifesto2025-1-scaled.jpg\" data-dt-img-description=\"\" data-large_image_width=\"1797\" data-large_image_height=\"2560\"><img loading=\"lazy\" decoding=\"async\" class=\" wp-image-474299 alignleft\" src=\"https:\/\/www.radiopiu.net\/wordpress\/wp-content\/uploads\/2025\/10\/Manifesto2025-1-211x300.jpg\" alt=\"\" width=\"135\" height=\"192\" srcset=\"https:\/\/www.radiopiu.net\/wordpress\/wp-content\/uploads\/2025\/10\/Manifesto2025-1-211x300.jpg 211w, https:\/\/www.radiopiu.net\/wordpress\/wp-content\/uploads\/2025\/10\/Manifesto2025-1-719x1024.jpg 719w, https:\/\/www.radiopiu.net\/wordpress\/wp-content\/uploads\/2025\/10\/Manifesto2025-1-768x1094.jpg 768w, https:\/\/www.radiopiu.net\/wordpress\/wp-content\/uploads\/2025\/10\/Manifesto2025-1-1078x1536.jpg 1078w, https:\/\/www.radiopiu.net\/wordpress\/wp-content\/uploads\/2025\/10\/Manifesto2025-1-1438x2048.jpg 1438w, https:\/\/www.radiopiu.net\/wordpress\/wp-content\/uploads\/2025\/10\/Manifesto2025-1-scaled.jpg 1797w\" sizes=\"auto, (max-width: 135px) 100vw, 135px\" \/><\/a>AGORDO <\/strong>Domani, alle 18.30, la Chiesa Arcidiaconale di Agordo ospiter\u00e0 la tradizionale Santa Messa per i Caduti della Montagna, un appuntamento toccante che ogni anno riunisce la comunit\u00e0 agordina per rendere omaggio a coloro che hanno perso la vita tra le vette. L\u2019iniziativa, promossa dal Coro Agordo dell\u2019Associazione Filarmonica Agordina, vede la collaborazione di numerose realt\u00e0 del territorio: Club Alpino Italiano \u2013 Sezione Agordina, Pieve Arcidiaconale di Agordo, Gruppo Rocciatori \u201cGiri\u201d Agordo, Gruppo Rocciatori \u201cVal Biois\u201d, Corpo Nazionale Soccorso Alpino e Speleologico \u2013 Vallata Agordina, Associazione Nazionale Alpini \u2013 Gruppo Agordo-Rivamonte-Taibon, con il prezioso supporto di Radio Pi\u00f9. La celebrazione sar\u00e0 accompagnata dai canti del Coro Agordo, che interpreter\u00e0 anche il celebre brano \u201cSignore delle cime, lasciali andare per le Tue montagne\u201d, simbolo di questo momento di raccoglimento e memoria. La Messa verr\u00e0 trasmessa in diretta radiofonica su Radio Pi\u00f9 e anche in diretta video su canali social dell&#8217;emittente agordina.<\/p>\n<p>&nbsp;<\/p>\n<p>&nbsp;<\/p>\n<hr \/>\n<p>&nbsp;<\/p>\n<blockquote>\n<h3><a class=\"dt-pswp-item\" href=\"https:\/\/www.radiopiu.net\/wordpress\/wp-content\/uploads\/2025\/10\/B15B006A-C82A-48DE-8158-033329CE2887.jpg\" data-dt-img-description=\"\" data-large_image_width=\"605\" data-large_image_height=\"341\"><img loading=\"lazy\" decoding=\"async\" class=\" wp-image-477070 alignleft\" src=\"https:\/\/www.radiopiu.net\/wordpress\/wp-content\/uploads\/2025\/10\/B15B006A-C82A-48DE-8158-033329CE2887-300x169.jpg\" alt=\"\" width=\"291\" height=\"164\" srcset=\"https:\/\/www.radiopiu.net\/wordpress\/wp-content\/uploads\/2025\/10\/B15B006A-C82A-48DE-8158-033329CE2887-300x169.jpg 300w, https:\/\/www.radiopiu.net\/wordpress\/wp-content\/uploads\/2025\/10\/B15B006A-C82A-48DE-8158-033329CE2887.jpg 605w\" sizes=\"auto, (max-width: 291px) 100vw, 291px\" \/><\/a>\u201cCAPULETI E MONTECCHI\u201d: L\u2019OPERA TORNA AL TEATRO DI BELLUNO DOPO 190 ANNI<\/h3>\n<\/blockquote>\n<p><strong>BELLUNO <\/strong>L\u2019Associazione Dolomiti Symphonia Orchestra, insieme a Comune di Belluno, Fondazione Teatri delle Dolomiti e Circolo Cultura e Stampa Bellunese, porta in scena \u201cCapuleti e Montecchi\u201d di Vincenzo Bellini al Teatro Dino Buzzati il 31 ottobre alle 20:30. Il titolo fu il primo rappresentato all\u2019apertura del teatro nel 1835, e oggi viene riproposto per celebrare la storia cittadina e valorizzare la tradizione del \u201cbel canto\u201d.<\/p>\n<p>&nbsp;<\/p>\n<p>&nbsp;<\/p>\n<hr \/>\n<p>&nbsp;<\/p>\n<blockquote>\n<h3>\u201cTRA LE RIGHE CON\u201d: PAROLE, INCONTRI E STORIE IN MOVIMENTO<\/h3>\n<\/blockquote>\n<p><strong><a class=\"dt-pswp-item\" href=\"https:\/\/www.radiopiu.net\/wordpress\/wp-content\/uploads\/2025\/10\/TRA-LE-RIGHE.png\" data-dt-img-description=\"\" data-large_image_width=\"792\" data-large_image_height=\"310\"><img loading=\"lazy\" decoding=\"async\" class=\" wp-image-477007 alignleft\" src=\"https:\/\/www.radiopiu.net\/wordpress\/wp-content\/uploads\/2025\/10\/TRA-LE-RIGHE-300x117.png\" alt=\"\" width=\"218\" height=\"85\" srcset=\"https:\/\/www.radiopiu.net\/wordpress\/wp-content\/uploads\/2025\/10\/TRA-LE-RIGHE-300x117.png 300w, https:\/\/www.radiopiu.net\/wordpress\/wp-content\/uploads\/2025\/10\/TRA-LE-RIGHE-768x301.png 768w, https:\/\/www.radiopiu.net\/wordpress\/wp-content\/uploads\/2025\/10\/TRA-LE-RIGHE.png 792w\" sizes=\"auto, (max-width: 218px) 100vw, 218px\" \/><\/a>BELLUNO <\/strong>Nasce <strong>\u201c<\/strong>Tra le righe con\u201d, la nuova rassegna letteraria ideata da Barbara Chiarand\u00e0 e Martino Fogliato, pensata per portare la cultura in movimento tra incontri, dialoghi e ascolto. La rassegna far\u00e0 tappa in vari luoghi della provincia di Belluno, proponendo appuntamenti unici dove la parola diventa occasione di relazione e riflessione. Il primo incontro \u00e8 in programma sabato 1\u00b0 novembre alle 18 al Centro culturale \u201cFil\u00f2\u201d del Nevegal con Kristian Ghedina, che presenter\u00e0 la sua biografia <em>\u201cGhedo \u2013 Non ho fretta ma vado veloce\u201d<\/em> (Minerva Editore), scritta con Lorenzo Fabiano. Organizzato in collaborazione con Nevegallika, l\u2019evento \u00e8 a ingresso libero e inaugura un percorso dove letteratura ed emozione si intrecciano, illuminando la forza delle idee condivise.<\/p>\n<p>&nbsp;<\/p>\n<p>&nbsp;<\/p>\n<hr \/>\n<p>&nbsp;<\/p>\n<blockquote>\n<h3>FALCADE RICORDA I CADUTI E LE VITTIME DELL\u2019ALLUVIONE DEL 1966<\/h3>\n<\/blockquote>\n<p><strong><a class=\"dt-pswp-item\" href=\"https:\/\/www.radiopiu.net\/wordpress\/wp-content\/uploads\/2022\/12\/MUNICIPIO-FALCADE.png\" data-dt-img-description=\"\" data-large_image_width=\"941\" data-large_image_height=\"655\"><img loading=\"lazy\" decoding=\"async\" class=\" wp-image-314065 alignleft\" src=\"https:\/\/www.radiopiu.net\/wordpress\/wp-content\/uploads\/2022\/12\/MUNICIPIO-FALCADE-300x209.png\" alt=\"\" width=\"175\" height=\"122\" srcset=\"https:\/\/www.radiopiu.net\/wordpress\/wp-content\/uploads\/2022\/12\/MUNICIPIO-FALCADE-300x209.png 300w, https:\/\/www.radiopiu.net\/wordpress\/wp-content\/uploads\/2022\/12\/MUNICIPIO-FALCADE-768x535.png 768w, https:\/\/www.radiopiu.net\/wordpress\/wp-content\/uploads\/2022\/12\/MUNICIPIO-FALCADE.png 941w\" sizes=\"auto, (max-width: 175px) 100vw, 175px\" \/><\/a>FALCADE <\/strong>Il Comune di Falcade, con il Sindaco e l\u2019Amministrazione comunale, invita la cittadinanza a partecipare alle celebrazioni in memoria dei caduti in guerra e delle vittime dell\u2019alluvione del 1966. Marted\u00ec 4 novembre 2025, alle 14, si terr\u00e0 una Santa Messa in Piazza di Somor, in ricordo dei concittadini scomparsi; in caso di maltempo, la funzione sar\u00e0 celebrata nella Chiesa di Falcade Alto. Domenica 9 novembre, alle\u00a0 10.30, si svolger\u00e0 la Messa per la Festa dell\u2019Unit\u00e0 Nazionale e delle Forze Armate, seguita dalla deposizione di corone ai monumenti ai caduti. L\u2019Amministrazione ringrazia i gruppi A.N.A. locali per la collaborazione e invita tutti a difendere ogni giorno pace e libert\u00e0.<\/p>\n<p>&nbsp;<\/p>\n<p>&nbsp;<\/p>\n<p>&nbsp;<\/p>\n<hr \/>\n<blockquote>\n<h3><\/h3>\n<h3>DANILO GIORDANO PRESENTA IL SUO NUOVO LIBRO \u201cMA LE DOLOMITI, COSA SONO?\u201d<\/h3>\n<\/blockquote>\n<p><strong><a class=\"dt-pswp-item\" href=\"https:\/\/www.radiopiu.net\/wordpress\/wp-content\/uploads\/2025\/10\/giordano.jpg\" data-dt-img-description=\"\" data-large_image_width=\"432\" data-large_image_height=\"608\"><img loading=\"lazy\" decoding=\"async\" class=\" wp-image-476881 alignleft\" src=\"https:\/\/www.radiopiu.net\/wordpress\/wp-content\/uploads\/2025\/10\/giordano-213x300.jpg\" alt=\"\" width=\"91\" height=\"128\" srcset=\"https:\/\/www.radiopiu.net\/wordpress\/wp-content\/uploads\/2025\/10\/giordano-213x300.jpg 213w, https:\/\/www.radiopiu.net\/wordpress\/wp-content\/uploads\/2025\/10\/giordano.jpg 432w\" sizes=\"auto, (max-width: 91px) 100vw, 91px\" \/><\/a>AGORDO <\/strong>L\u2019Associazione Amici dei Minerari APS invita il pubblico alla presentazione del nuovo libro di Danilo Giordano, intitolato <em data-start=\"203\" data-end=\"322\">\u201cMa le Dolomiti, cosa sono? Una interpretazione geologica degli scritti di Dino Buzzati ispirata a Bruno Castiglioni\u201d<\/em>. L\u2019evento si terr\u00e0 venerd\u00ec 7 novembre 2025 alle ore 18 presso la Sala \u00abDon Tamis\u00bb di Agordo. L\u2019opera, ottavo volume della collana <em data-start=\"459\" data-end=\"488\">Memorie Geologiche Agordine<\/em>, propone un affascinante viaggio tra scienza e letteratura, esplorando le Dolomiti attraverso lo sguardo poetico di Dino Buzzati e l\u2019approccio scientifico di Bruno Castiglioni. Giordano intreccia geologia e narrativa, restituendo al lettore una visione unica delle montagne patrimonio dell\u2019umanit\u00e0.<\/p>\n<p>&nbsp;<\/p>\n<p>&nbsp;<\/p>\n<hr \/>\n<p>&nbsp;<\/p>\n<blockquote>\n<h3>&#8220;LA<a class=\"dt-pswp-item\" href=\"https:\/\/www.radiopiu.net\/wordpress\/wp-content\/uploads\/2025\/10\/AntoniaFedon_LaCreazione-particolare.jpeg\" data-dt-img-description=\"\" data-large_image_width=\"961\" data-large_image_height=\"1002\"><img loading=\"lazy\" decoding=\"async\" class=\" wp-image-476857 alignleft\" src=\"https:\/\/www.radiopiu.net\/wordpress\/wp-content\/uploads\/2025\/10\/AntoniaFedon_LaCreazione-particolare-288x300.jpeg\" alt=\"\" width=\"101\" height=\"106\" srcset=\"https:\/\/www.radiopiu.net\/wordpress\/wp-content\/uploads\/2025\/10\/AntoniaFedon_LaCreazione-particolare-288x300.jpeg 288w, https:\/\/www.radiopiu.net\/wordpress\/wp-content\/uploads\/2025\/10\/AntoniaFedon_LaCreazione-particolare-768x801.jpeg 768w, https:\/\/www.radiopiu.net\/wordpress\/wp-content\/uploads\/2025\/10\/AntoniaFedon_LaCreazione-particolare.jpeg 961w\" sizes=\"auto, (max-width: 101px) 100vw, 101px\" \/><\/a> CREAZIONE&#8221; DI MARIA ANTONIA FEDON AL TEATRO DINO BUZZATI<\/h3>\n<\/blockquote>\n<p><strong>BELLUNO <\/strong>Venerd\u00ec 7 novembre, alle 17, al Teatro Dino Buzzati di Belluno verr\u00e0 inaugurata &#8220;La Creazione&#8221;, opera dell&#8217;artista bellunese Maria Antonia Fedon dedicata allo scrittore e giornalista bellunese Dino Buzzati, che il Comune di Belluno ha deciso di esporre permanentemente all&#8217;interno del teatro, nell&#8217;antisala dell&#8217;ingresso.<\/p>\n<p>&nbsp;<\/p>\n<p>&nbsp;<\/p>\n<hr \/>\n<p>&nbsp;<\/p>\n<blockquote>\n<h3>AD AGORDO LA PRIMA PRESENTAZIONE DEL SAGGIO SULLA LINGUA LADINA<\/h3>\n<\/blockquote>\n<p><strong><a class=\"dt-pswp-item\" href=\"https:\/\/www.radiopiu.net\/wordpress\/wp-content\/uploads\/2025\/10\/musla.jpg\" data-dt-img-description=\"\" data-large_image_width=\"428\" data-large_image_height=\"609\"><img loading=\"lazy\" decoding=\"async\" class=\" wp-image-476877 alignleft\" src=\"https:\/\/www.radiopiu.net\/wordpress\/wp-content\/uploads\/2025\/10\/musla-211x300.jpg\" alt=\"\" width=\"101\" height=\"144\" srcset=\"https:\/\/www.radiopiu.net\/wordpress\/wp-content\/uploads\/2025\/10\/musla-211x300.jpg 211w, https:\/\/www.radiopiu.net\/wordpress\/wp-content\/uploads\/2025\/10\/musla.jpg 428w\" sizes=\"auto, (max-width: 101px) 100vw, 101px\" \/><\/a>AGORDO <\/strong>Agordo si prepara a ospitare un evento culturale di grande rilievo: il 22 novembre sar\u00e0 presentato il saggio <em data-start=\"269\" data-end=\"323\">\u201cNormalizzazione linguistica in Agordino e in Zoldo\u201d<\/em>, frutto del lavoro dell\u2019Istituto Bellunese di Ricerche Sociali e Culturali (IBRSC). Il libro, scritto a pi\u00f9 mani, \u00e8 stato realizzato in collaborazione con MUSLA, Federazione Ladina del Veneto, Unioni Ladine dell\u2019Agordino e Provincia di Belluno. La presentazione si svolger\u00e0 nella Sala Convegni Don Tamis, in Via 27 Aprile 10, a partire dalle ore 18:00. La serata prevede due momenti: la presentazione del volume e una tavola rotonda aperta al pubblico e agli ospiti invitati, per discutere delle sfide e delle opportunit\u00e0 della lingua ladina nella regione. Al termine dell\u2019incontro sar\u00e0 offerto un rinfresco, occasione per confrontarsi e approfondire i temi trattati.<\/p>\n<p>&nbsp;<\/p>\n<hr \/>\n<p>&nbsp;<\/p>\n<blockquote>\n<h3 data-start=\"0\" data-end=\"65\"><strong data-start=\"4\" data-end=\"63\">QUARANTA NUOVI SOMMELIER PER LA DELEGAZIONE AIS BELLUNO<\/strong><\/h3>\n<\/blockquote>\n<p data-start=\"130\" data-end=\"753\" data-is-last-node=\"\" data-is-only-node=\"\">La delegazione bellunese dell\u2019<strong data-start=\"160\" data-end=\"195\">Associazione Italiana Sommelier<\/strong> festeggia <strong data-start=\"206\" data-end=\"228\">40 nuovi sommelier<\/strong>, proclamati il 23 ottobre nella prestigiosa <strong data-start=\"273\" data-end=\"294\">cantina Berlucchi<\/strong>, in Franciacorta.<br data-start=\"312\" data-end=\"315\" \/>Gli esami si erano svolti a giugno al <strong data-start=\"353\" data-end=\"367\">Nogherazza<\/strong> di Castion. <em>\u00ab\u00c8 una grande soddisfazione \u2013 ha detto il delegato <strong data-start=\"433\" data-end=\"451\">Ivan Del Puppo<\/strong> \u2013 un risultato che conferma la crescita costante della nostra provincia grazie all\u2019impegno dei corsisti e dei volontari\u00bb.<\/em> La sezione AIS Belluno \u00e8 gi\u00e0 ripartita con due nuovi corsi: un primo livello a <strong data-start=\"655\" data-end=\"666\">Belluno<\/strong> e un secondo a <strong data-start=\"682\" data-end=\"692\">Feltre<\/strong>, a conferma del crescente interesse per la cultura del vino.<\/p>\n<p><a class=\"dt-pswp-item\" href=\"https:\/\/www.radiopiu.net\/wordpress\/wp-content\/uploads\/2025\/10\/Foto-Consegna-diplomi-AIS-Belluno-alla-Berlucchi-scaled.jpg\" data-dt-img-description=\"\" data-large_image_width=\"2560\" data-large_image_height=\"1920\"><img loading=\"lazy\" decoding=\"async\" class=\"alignnone wp-image-477126 size-full\" src=\"https:\/\/www.radiopiu.net\/wordpress\/wp-content\/uploads\/2025\/10\/Foto-Consegna-diplomi-AIS-Belluno-alla-Berlucchi-scaled.jpg\" alt=\"\" width=\"2560\" height=\"1920\" srcset=\"https:\/\/www.radiopiu.net\/wordpress\/wp-content\/uploads\/2025\/10\/Foto-Consegna-diplomi-AIS-Belluno-alla-Berlucchi-scaled.jpg 2560w, https:\/\/www.radiopiu.net\/wordpress\/wp-content\/uploads\/2025\/10\/Foto-Consegna-diplomi-AIS-Belluno-alla-Berlucchi-300x225.jpg 300w, https:\/\/www.radiopiu.net\/wordpress\/wp-content\/uploads\/2025\/10\/Foto-Consegna-diplomi-AIS-Belluno-alla-Berlucchi-1024x768.jpg 1024w, https:\/\/www.radiopiu.net\/wordpress\/wp-content\/uploads\/2025\/10\/Foto-Consegna-diplomi-AIS-Belluno-alla-Berlucchi-768x576.jpg 768w, https:\/\/www.radiopiu.net\/wordpress\/wp-content\/uploads\/2025\/10\/Foto-Consegna-diplomi-AIS-Belluno-alla-Berlucchi-1536x1152.jpg 1536w, https:\/\/www.radiopiu.net\/wordpress\/wp-content\/uploads\/2025\/10\/Foto-Consegna-diplomi-AIS-Belluno-alla-Berlucchi-2048x1536.jpg 2048w\" sizes=\"auto, (max-width: 2560px) 100vw, 2560px\" \/><\/a><\/p>\n<p>&nbsp;<\/p>\n<p>&nbsp;<\/p>\n<hr \/>\n<p>&nbsp;<\/p>\n<blockquote class=\"wp-embedded-content\" data-secret=\"U9PUwW5FAI\"><p><a href=\"https:\/\/www.radiopiu.net\/wordpress\/puntata-10asa\/\">UN\u2019AMICIZIA SCOLPITA NEL TEMPO: IL RICORDO DI FRANCO FIABANE ATTRAVERSO LE FOTO DI ELIO<\/a><\/p><\/blockquote>\n<p><iframe loading=\"lazy\" class=\"wp-embedded-content\" sandbox=\"allow-scripts\" security=\"restricted\" style=\"position: absolute; visibility: hidden;\" title=\"&#8220;UN\u2019AMICIZIA SCOLPITA NEL TEMPO: IL RICORDO DI FRANCO FIABANE ATTRAVERSO LE FOTO DI ELIO&#8221; &#8212; Radio Pi\u00f9\" src=\"https:\/\/www.radiopiu.net\/wordpress\/puntata-10asa\/embed\/#?secret=0W4vyfLT9z#?secret=U9PUwW5FAI\" data-secret=\"U9PUwW5FAI\" width=\"600\" height=\"338\" frameborder=\"0\" marginwidth=\"0\" marginheight=\"0\" scrolling=\"no\"><\/iframe><\/p>\n<p>&nbsp;<\/p>\n<hr \/>\n<p>&nbsp;<\/p>\n<h1><span style=\"color: #ff6600;\">IERI ALLA RADIO<\/span><\/h1>\n<p>&nbsp;<\/p>\n<p>&nbsp;<\/p>\n<h2><span style=\"color: #000000;\"><span style=\"color: #008080;\">&#8220;DINTORN E FORA VIA&#8221;\u00a0 IL PROGRAMMA\u00a0 A CURA DEL MUSLA\u00a0<\/span> <strong>\u00a0 \u00a0<\/strong><\/span><\/h2>\n<h1 style=\"text-align: center;\"><span style=\"color: #ff0000;\">QUARTO\u00a0 ANNO\u00a0 \u00a02025\u00a0<\/span><\/h1>\n<p>&nbsp;<\/p>\n<p><strong><a class=\"dt-pswp-item\" href=\"https:\/\/www.radiopiu.net\/wordpress\/wp-content\/uploads\/2023\/10\/GIORNALE-QUOTIDIANO.jpg\" data-dt-img-description=\"\" data-large_image_width=\"1280\" data-large_image_height=\"853\"><img loading=\"lazy\" decoding=\"async\" class=\" wp-image-356264 alignleft\" src=\"https:\/\/www.radiopiu.net\/wordpress\/wp-content\/uploads\/2023\/10\/GIORNALE-QUOTIDIANO-300x200.jpg\" alt=\"\" width=\"146\" height=\"97\" srcset=\"https:\/\/www.radiopiu.net\/wordpress\/wp-content\/uploads\/2023\/10\/GIORNALE-QUOTIDIANO-300x200.jpg 300w, https:\/\/www.radiopiu.net\/wordpress\/wp-content\/uploads\/2023\/10\/GIORNALE-QUOTIDIANO-1024x682.jpg 1024w, https:\/\/www.radiopiu.net\/wordpress\/wp-content\/uploads\/2023\/10\/GIORNALE-QUOTIDIANO-768x512.jpg 768w, https:\/\/www.radiopiu.net\/wordpress\/wp-content\/uploads\/2023\/10\/GIORNALE-QUOTIDIANO.jpg 1280w\" sizes=\"auto, (max-width: 146px) 100vw, 146px\" \/><\/a>PUNTATA DEL 24 OTTOBRE 2025 ANNA VALT<\/strong><\/p>\n<audio class=\"wp-audio-shortcode\" id=\"audio-476945-14\" preload=\"none\" style=\"width: 100%;\" controls=\"controls\"><source type=\"audio\/mpeg\" src=\"https:\/\/www.radiopiu.net\/wordpress\/wp-content\/uploads\/2025\/10\/MUSLA-6.mp3?_=14\" \/><a href=\"https:\/\/www.radiopiu.net\/wordpress\/wp-content\/uploads\/2025\/10\/MUSLA-6.mp3\">https:\/\/www.radiopiu.net\/wordpress\/wp-content\/uploads\/2025\/10\/MUSLA-6.mp3<\/a><\/audio>\n<p>&nbsp;<\/p>\n<h2><strong>LA RACCOLTA COMPLETA <a href=\"https:\/\/www.radiopiu.net\/wordpress\/musla\/\"><span style=\"color: #3366ff;\">CLICCA QUI<\/span><\/a><\/strong><\/h2>\n<p>&nbsp;<\/p>\n<hr \/>\n<p>&nbsp;<\/p>\n<h2><span style=\"color: #ff00ff;\">RADIO PIU&#8217; PREMIERE, LE NOVITA&#8217; MUSICALI DEL FINE SETTIMANA<\/span><\/h2>\n<p><strong><a class=\"dt-pswp-item\" href=\"https:\/\/www.radiopiu.net\/wordpress\/wp-content\/uploads\/2025\/10\/bb01aa87-bfc4-4870-ba95-3a2210770d6e.jpg\" data-dt-img-description=\"\" data-large_image_width=\"1179\" data-large_image_height=\"609\"><img loading=\"lazy\" decoding=\"async\" class=\"size-medium wp-image-477011 alignleft\" src=\"https:\/\/www.radiopiu.net\/wordpress\/wp-content\/uploads\/2025\/10\/bb01aa87-bfc4-4870-ba95-3a2210770d6e-300x155.jpg\" alt=\"\" width=\"300\" height=\"155\" srcset=\"https:\/\/www.radiopiu.net\/wordpress\/wp-content\/uploads\/2025\/10\/bb01aa87-bfc4-4870-ba95-3a2210770d6e-300x155.jpg 300w, https:\/\/www.radiopiu.net\/wordpress\/wp-content\/uploads\/2025\/10\/bb01aa87-bfc4-4870-ba95-3a2210770d6e-1024x529.jpg 1024w, https:\/\/www.radiopiu.net\/wordpress\/wp-content\/uploads\/2025\/10\/bb01aa87-bfc4-4870-ba95-3a2210770d6e-768x397.jpg 768w, https:\/\/www.radiopiu.net\/wordpress\/wp-content\/uploads\/2025\/10\/bb01aa87-bfc4-4870-ba95-3a2210770d6e.jpg 1179w\" sizes=\"auto, (max-width: 300px) 100vw, 300px\" \/><\/a>PUNTATA DEL 24 OTTOBRE 2025<\/strong><\/p>\n<p>Daniele Silvestri &#8211; La Mia Strada<\/p>\n<p>Ermal Meta &#8211; Io Ti Conosco<\/p>\n<audio class=\"wp-audio-shortcode\" id=\"audio-476945-15\" preload=\"none\" style=\"width: 100%;\" controls=\"controls\"><source type=\"audio\/mpeg\" src=\"https:\/\/www.radiopiu.net\/wordpress\/wp-content\/uploads\/2025\/10\/MARCONOVITA-2.mp3?_=15\" \/><a href=\"https:\/\/www.radiopiu.net\/wordpress\/wp-content\/uploads\/2025\/10\/MARCONOVITA-2.mp3\">https:\/\/www.radiopiu.net\/wordpress\/wp-content\/uploads\/2025\/10\/MARCONOVITA-2.mp3<\/a><\/audio>\n<p>&nbsp;<\/p>\n<h2><strong>LA RACCOLTA COMPLETA <a href=\"https:\/\/www.radiopiu.net\/wordpress\/radio-piu-premiere-le-novita-musicali-del-fine-settimana-il-podcast-24-ott\/\"><span style=\"color: #3366ff;\">CLICCA QUI<\/span><\/a><\/strong><\/h2>\n<p>&nbsp;<\/p>\n<hr \/>\n<p>&nbsp;<\/p>\n<h2><span style=\"color: #ff99cc;\">MUSIC A B C, IL MONDO DELLA MUSICA UNA LETTERA ALLA VOLTA<\/span><\/h2>\n<p><span style=\"color: #ff0000;\"><strong><a class=\"dt-pswp-item\" href=\"https:\/\/www.radiopiu.net\/wordpress\/wp-content\/uploads\/2021\/07\/microfono-radio-ok-768x448-768x448-1.jpg\" data-dt-img-description=\"\" data-large_image_width=\"768\" data-large_image_height=\"448\"><img loading=\"lazy\" decoding=\"async\" class=\" wp-image-220632 alignleft\" src=\"https:\/\/www.radiopiu.net\/wordpress\/wp-content\/uploads\/2021\/07\/microfono-radio-ok-768x448-768x448-1-300x175.jpg\" alt=\"\" width=\"148\" height=\"86\" srcset=\"https:\/\/www.radiopiu.net\/wordpress\/wp-content\/uploads\/2021\/07\/microfono-radio-ok-768x448-768x448-1-300x175.jpg 300w, https:\/\/www.radiopiu.net\/wordpress\/wp-content\/uploads\/2021\/07\/microfono-radio-ok-768x448-768x448-1.jpg 768w\" sizes=\"auto, (max-width: 148px) 100vw, 148px\" \/><\/a>CON MARINA DONA&#8217; E DAVID &#8220;ATHOS&#8221; BEN<\/strong><\/span><\/p>\n<h2><strong>STAGIONE 2025\/2026<\/strong><\/h2>\n<p><strong>PUNTATA DEL 24 OTTOBRE 2025<\/strong><\/p>\n<p><strong>PRIMA PARTE<\/strong><\/p>\n<audio class=\"wp-audio-shortcode\" id=\"audio-476945-16\" preload=\"none\" style=\"width: 100%;\" controls=\"controls\"><source type=\"audio\/mpeg\" src=\"https:\/\/www.radiopiu.net\/wordpress\/wp-content\/uploads\/2025\/10\/GOLD1-2.mp3?_=16\" \/><a href=\"https:\/\/www.radiopiu.net\/wordpress\/wp-content\/uploads\/2025\/10\/GOLD1-2.mp3\">https:\/\/www.radiopiu.net\/wordpress\/wp-content\/uploads\/2025\/10\/GOLD1-2.mp3<\/a><\/audio>\n<p>&nbsp;<\/p>\n<p><strong>SECONDA PARTE<\/strong><\/p>\n<audio class=\"wp-audio-shortcode\" id=\"audio-476945-17\" preload=\"none\" style=\"width: 100%;\" controls=\"controls\"><source type=\"audio\/mpeg\" src=\"https:\/\/www.radiopiu.net\/wordpress\/wp-content\/uploads\/2025\/10\/GOLD2-2.mp3?_=17\" \/><a href=\"https:\/\/www.radiopiu.net\/wordpress\/wp-content\/uploads\/2025\/10\/GOLD2-2.mp3\">https:\/\/www.radiopiu.net\/wordpress\/wp-content\/uploads\/2025\/10\/GOLD2-2.mp3<\/a><\/audio>\n<p>&nbsp;<\/p>\n<p><strong>TERZA PARTE<\/strong><\/p>\n<audio class=\"wp-audio-shortcode\" id=\"audio-476945-18\" preload=\"none\" style=\"width: 100%;\" controls=\"controls\"><source type=\"audio\/mpeg\" src=\"https:\/\/www.radiopiu.net\/wordpress\/wp-content\/uploads\/2025\/10\/GOLD3-2.mp3?_=18\" \/><a href=\"https:\/\/www.radiopiu.net\/wordpress\/wp-content\/uploads\/2025\/10\/GOLD3-2.mp3\">https:\/\/www.radiopiu.net\/wordpress\/wp-content\/uploads\/2025\/10\/GOLD3-2.mp3<\/a><\/audio>\n<p>&nbsp;<\/p>\n<h2><strong>LA RACCOLTA COMPLETA <a href=\"https:\/\/www.radiopiu.net\/wordpress\/music-a-b-c-il-mondo-della-musica-una-lettera-alla-volta-la-raccolta\/\"><span style=\"color: #3366ff;\">CLICCA QUI<\/span><\/a><\/strong><\/h2>\n<p>&nbsp;<\/p>\n<hr \/>\n<p>&nbsp;<\/p>\n<h2><span style=\"color: #00ffff;\">ARIA DI OLIMPIADI. A 100 GIORNI DAL VIA MOLTI NON HANNO ANCORA CAPITO COSA SUCCEDERA&#8217;<\/span><\/h2>\n<p><a class=\"dt-pswp-item\" href=\"https:\/\/www.radiopiu.net\/wordpress\/wp-content\/uploads\/2021\/02\/210221_Pertl_\u00a9Pentaphoto_152589-scaled.jpg\" data-dt-img-description=\"Cortina 2021 Alpine Ski World Championships. Cortina d'Ampezzo 21\/02\/2021, Adrian Pertl (AUT), Photo: Gabriele Facciotti, Pentaphoto\" data-large_image_width=\"2560\" data-large_image_height=\"1706\"><img loading=\"lazy\" decoding=\"async\" class=\"wp-image-192876 alignleft\" src=\"https:\/\/www.radiopiu.net\/wordpress\/wp-content\/uploads\/2021\/02\/210221_Pertl_\u00a9Pentaphoto_152589-300x200.jpg\" alt=\"\" width=\"212\" height=\"141\" srcset=\"https:\/\/www.radiopiu.net\/wordpress\/wp-content\/uploads\/2021\/02\/210221_Pertl_\u00a9Pentaphoto_152589-300x200.jpg 300w, https:\/\/www.radiopiu.net\/wordpress\/wp-content\/uploads\/2021\/02\/210221_Pertl_\u00a9Pentaphoto_152589-1024x683.jpg 1024w, https:\/\/www.radiopiu.net\/wordpress\/wp-content\/uploads\/2021\/02\/210221_Pertl_\u00a9Pentaphoto_152589-768x512.jpg 768w, https:\/\/www.radiopiu.net\/wordpress\/wp-content\/uploads\/2021\/02\/210221_Pertl_\u00a9Pentaphoto_152589-1536x1024.jpg 1536w, https:\/\/www.radiopiu.net\/wordpress\/wp-content\/uploads\/2021\/02\/210221_Pertl_\u00a9Pentaphoto_152589-2048x1365.jpg 2048w\" sizes=\"auto, (max-width: 212px) 100vw, 212px\" \/><\/a><strong>DI MARINA DONA&#8217;<\/strong><\/p>\n<audio class=\"wp-audio-shortcode\" id=\"audio-476945-19\" preload=\"none\" style=\"width: 100%;\" controls=\"controls\"><source type=\"audio\/mpeg\" src=\"https:\/\/www.radiopiu.net\/wordpress\/wp-content\/uploads\/2025\/10\/REPORTER-MILANO-CORTINA-2026.mp3?_=19\" \/><a href=\"https:\/\/www.radiopiu.net\/wordpress\/wp-content\/uploads\/2025\/10\/REPORTER-MILANO-CORTINA-2026.mp3\">https:\/\/www.radiopiu.net\/wordpress\/wp-content\/uploads\/2025\/10\/REPORTER-MILANO-CORTINA-2026.mp3<\/a><\/audio>\n<p>&nbsp;<\/p>\n<hr \/>\n<p>&nbsp;<\/p>\n<h2><span style=\"color: #99cc00;\">ANDREA FONTANA A MONZA PER IL TITOLO GT PRO-AM<\/span><\/h2>\n<p><strong>MONZA <\/strong>Sul leggendario circuito dell\u2019Autodromo Nazionale, Andrea Fontana si gioca il titolo tricolore PRO-AM del Campionato Italiano Gran Turismo Sprint 2025. Dopo una stagione di sfide intense, Fontana arriva all\u2019ultimo round a pari punti con Ferdinando D\u2019Auria, mentre la Ferrari 296 Challenge di Pegoraro\u2013Croccolino \u00e8 distante solo tre punti. Il pilota bellunese, insieme al compagno di vettura Alessandro Mainetti, punta a trasformare velocit\u00e0, grinta e strategia in un risultato storico. Fondamentale il lavoro del team Target Racing e dei partner che hanno sostenuto il progetto. Le gare decisive si terranno sabato 25 ottobre alle 13:50 e domenica 26 ottobre alle 10:30, promettendo emozioni fino all\u2019ultimo decimo.<\/p>\n<p><strong>L&#8217;INTERVISTA AD ANDREA FONTANA<\/strong><\/p>\n<audio class=\"wp-audio-shortcode\" id=\"audio-476945-20\" preload=\"none\" style=\"width: 100%;\" controls=\"controls\"><source type=\"audio\/mpeg\" src=\"https:\/\/www.radiopiu.net\/wordpress\/wp-content\/uploads\/2025\/10\/gr-24-sport-motori-intervista-andrea-fontana.mp3?_=20\" \/><a href=\"https:\/\/www.radiopiu.net\/wordpress\/wp-content\/uploads\/2025\/10\/gr-24-sport-motori-intervista-andrea-fontana.mp3\">https:\/\/www.radiopiu.net\/wordpress\/wp-content\/uploads\/2025\/10\/gr-24-sport-motori-intervista-andrea-fontana.mp3<\/a><\/audio>\n<p>&nbsp;<\/p>\n\n\t\t\t<style type='text\/css'>\n\t\t\t\t#gallery-7 {\n\t\t\t\t\tmargin: auto;\n\t\t\t\t}\n\t\t\t\t#gallery-7 .gallery-item {\n\t\t\t\t\tfloat: left;\n\t\t\t\t\tmargin-top: 10px;\n\t\t\t\t\ttext-align: center;\n\t\t\t\t\twidth: 33%;\n\t\t\t\t}\n\t\t\t\t#gallery-7 img {\n\t\t\t\t\tborder: 2px solid #cfcfcf;\n\t\t\t\t}\n\t\t\t\t#gallery-7 .gallery-caption {\n\t\t\t\t\tmargin-left: 0;\n\t\t\t\t}\n\t\t\t\t\/* see gallery_shortcode() in wp-includes\/media.php *\/\n\t\t\t<\/style>\n\t\t<div id='gallery-7' class='dt-gallery-container gallery galleryid-476945 gallery-columns-3 gallery-size-medium'><dl class='gallery-item'>\n\t\t\t\t<dt class='gallery-icon landscape'>\n\t\t\t\t\t<a class=\"rollover rollover-zoom dt-pswp-item\" title=\"cb74b701-ab7a-a930-fa77-be5d3c55858b\" data-dt-img-description=\"\" data-large_image_width=\"1152\" data-large_image_height=\"1152\"href='https:\/\/www.radiopiu.net\/wordpress\/wp-content\/uploads\/2025\/10\/cb74b701-ab7a-a930-fa77-be5d3c55858b.jpg'><img loading=\"lazy\" decoding=\"async\" width=\"300\" height=\"300\" src=\"https:\/\/www.radiopiu.net\/wordpress\/wp-content\/uploads\/2025\/10\/cb74b701-ab7a-a930-fa77-be5d3c55858b-300x300.jpg\" class=\"attachment-medium size-medium\" alt=\"\" srcset=\"https:\/\/www.radiopiu.net\/wordpress\/wp-content\/uploads\/2025\/10\/cb74b701-ab7a-a930-fa77-be5d3c55858b-300x300.jpg 300w, https:\/\/www.radiopiu.net\/wordpress\/wp-content\/uploads\/2025\/10\/cb74b701-ab7a-a930-fa77-be5d3c55858b-1024x1024.jpg 1024w, https:\/\/www.radiopiu.net\/wordpress\/wp-content\/uploads\/2025\/10\/cb74b701-ab7a-a930-fa77-be5d3c55858b-150x150.jpg 150w, https:\/\/www.radiopiu.net\/wordpress\/wp-content\/uploads\/2025\/10\/cb74b701-ab7a-a930-fa77-be5d3c55858b-768x768.jpg 768w, https:\/\/www.radiopiu.net\/wordpress\/wp-content\/uploads\/2025\/10\/cb74b701-ab7a-a930-fa77-be5d3c55858b.jpg 1152w\" sizes=\"auto, (max-width: 300px) 100vw, 300px\" \/><\/a>\n\t\t\t\t<\/dt><\/dl><dl class='gallery-item'>\n\t\t\t\t<dt class='gallery-icon landscape'>\n\t\t\t\t\t<a class=\"rollover rollover-zoom dt-pswp-item\" title=\"e3a326a4-6236-1432-5251-75ba0b21f5b9\" data-dt-img-description=\"\" data-large_image_width=\"1365\" data-large_image_height=\"1365\"href='https:\/\/www.radiopiu.net\/wordpress\/wp-content\/uploads\/2025\/10\/e3a326a4-6236-1432-5251-75ba0b21f5b9.jpg'><img loading=\"lazy\" decoding=\"async\" width=\"300\" height=\"300\" src=\"https:\/\/www.radiopiu.net\/wordpress\/wp-content\/uploads\/2025\/10\/e3a326a4-6236-1432-5251-75ba0b21f5b9-300x300.jpg\" class=\"attachment-medium size-medium\" alt=\"\" srcset=\"https:\/\/www.radiopiu.net\/wordpress\/wp-content\/uploads\/2025\/10\/e3a326a4-6236-1432-5251-75ba0b21f5b9-300x300.jpg 300w, https:\/\/www.radiopiu.net\/wordpress\/wp-content\/uploads\/2025\/10\/e3a326a4-6236-1432-5251-75ba0b21f5b9-1024x1024.jpg 1024w, https:\/\/www.radiopiu.net\/wordpress\/wp-content\/uploads\/2025\/10\/e3a326a4-6236-1432-5251-75ba0b21f5b9-150x150.jpg 150w, https:\/\/www.radiopiu.net\/wordpress\/wp-content\/uploads\/2025\/10\/e3a326a4-6236-1432-5251-75ba0b21f5b9-768x768.jpg 768w, https:\/\/www.radiopiu.net\/wordpress\/wp-content\/uploads\/2025\/10\/e3a326a4-6236-1432-5251-75ba0b21f5b9.jpg 1365w\" sizes=\"auto, (max-width: 300px) 100vw, 300px\" \/><\/a>\n\t\t\t\t<\/dt><\/dl><dl class='gallery-item'>\n\t\t\t\t<dt class='gallery-icon landscape'>\n\t\t\t\t\t<a class=\"rollover rollover-zoom dt-pswp-item\" title=\"0bd8a433-0ddf-c0c1-c985-5a06361f98ce\" data-dt-img-description=\"\" data-large_image_width=\"1365\" data-large_image_height=\"1365\"href='https:\/\/www.radiopiu.net\/wordpress\/wp-content\/uploads\/2025\/10\/0bd8a433-0ddf-c0c1-c985-5a06361f98ce.jpg'><img loading=\"lazy\" decoding=\"async\" width=\"300\" height=\"300\" src=\"https:\/\/www.radiopiu.net\/wordpress\/wp-content\/uploads\/2025\/10\/0bd8a433-0ddf-c0c1-c985-5a06361f98ce-300x300.jpg\" class=\"attachment-medium size-medium\" alt=\"\" srcset=\"https:\/\/www.radiopiu.net\/wordpress\/wp-content\/uploads\/2025\/10\/0bd8a433-0ddf-c0c1-c985-5a06361f98ce-300x300.jpg 300w, https:\/\/www.radiopiu.net\/wordpress\/wp-content\/uploads\/2025\/10\/0bd8a433-0ddf-c0c1-c985-5a06361f98ce-1024x1024.jpg 1024w, https:\/\/www.radiopiu.net\/wordpress\/wp-content\/uploads\/2025\/10\/0bd8a433-0ddf-c0c1-c985-5a06361f98ce-150x150.jpg 150w, https:\/\/www.radiopiu.net\/wordpress\/wp-content\/uploads\/2025\/10\/0bd8a433-0ddf-c0c1-c985-5a06361f98ce-768x768.jpg 768w, https:\/\/www.radiopiu.net\/wordpress\/wp-content\/uploads\/2025\/10\/0bd8a433-0ddf-c0c1-c985-5a06361f98ce.jpg 1365w\" sizes=\"auto, (max-width: 300px) 100vw, 300px\" \/><\/a>\n\t\t\t\t<\/dt><\/dl><br style=\"clear: both\" \/>\n\t\t\t<\/div>\n\n<p>&nbsp;<\/p>\n<hr \/>\n<p>&nbsp;<\/p>\n<h2><span style=\"color: #cc99ff;\">I CONSIGLI DI GIANLUCA&#8230;DA DOLOMITI BEER &amp; WINE SHOP<\/span><\/h2>\n<p><strong>24 OTTOBRE REIA ESSENZA DEL BIODINAMICO TRA DOLCI COLLINE E ANTICHE PIETRO<\/strong><\/p>\n<p><span style=\"font-family: Times New Roman, serif;\"><span style=\"font-size: medium;\"><a class=\"dt-pswp-item\" href=\"https:\/\/www.radiopiu.net\/wordpress\/wp-content\/uploads\/2025\/10\/Designer-17.png\" data-dt-img-description=\"\" data-large_image_width=\"1536\" data-large_image_height=\"1024\"><img loading=\"lazy\" decoding=\"async\" class=\"size-medium wp-image-476994 alignleft\" src=\"https:\/\/www.radiopiu.net\/wordpress\/wp-content\/uploads\/2025\/10\/Designer-17-300x200.png\" alt=\"\" width=\"300\" height=\"200\" srcset=\"https:\/\/www.radiopiu.net\/wordpress\/wp-content\/uploads\/2025\/10\/Designer-17-300x200.png 300w, https:\/\/www.radiopiu.net\/wordpress\/wp-content\/uploads\/2025\/10\/Designer-17-1024x683.png 1024w, https:\/\/www.radiopiu.net\/wordpress\/wp-content\/uploads\/2025\/10\/Designer-17-768x512.png 768w, https:\/\/www.radiopiu.net\/wordpress\/wp-content\/uploads\/2025\/10\/Designer-17.png 1536w\" sizes=\"auto, (max-width: 300px) 100vw, 300px\" \/><\/a>Incastonata nel cuore del Collio sloveno, lungo il confine con il Friuli Venezia Giulia, la tenuta <\/span><\/span><span style=\"font-family: Times New Roman, serif;\"><span style=\"font-size: medium;\"><b>REIA<\/b><\/span><\/span><span style=\"font-family: Times New Roman, serif;\"><span style=\"font-size: medium;\"> \u00e8 una storia viva di terra, famiglia e passione. Qui, tra il profilo delle Alpi Giulie, le Dolomiti e il respiro dell\u2019Adriatico, la famiglia Reia porta avanti una tradizione vitivinicola che abbraccia la <\/span><\/span><span style=\"font-family: Times New Roman, serif;\"><span style=\"font-size: medium;\"><b>biodinamica<\/b><\/span><\/span><span style=\"font-family: Times New Roman, serif;\"><span style=\"font-size: medium;\"> con rigore e armonia. <\/span><\/span>\u25b6 <span style=\"font-family: Times New Roman, serif;\"><span style=\"font-size: medium;\"><b>Una filosofia autentica <\/b><\/span><\/span><span style=\"font-family: Times New Roman, serif;\"><span style=\"font-size: medium;\">Sin dal 2010, REIA ha scelto un\u2019agricoltura che rispetta davvero la natura, ottenendo le certificazioni biologiche e biodinamiche, a garanzia di trasparenza e integrit\u00e0 in ogni frutto e bottiglia che produce. <\/span><\/span>\u25b6 <span style=\"font-family: Times New Roman, serif;\"><span style=\"font-size: medium;\"><b>Territorio e tradizione <\/b><\/span><\/span><span style=\"font-family: Times New Roman, serif;\"><span style=\"font-size: medium;\">Circondata da boschi, frutteti e vigneti su terreni ricchi di \u201copoka\u201d (flysch), l\u2019azienda si estende per circa 15 ettari, di cui 7 dedicati alla vite. Ogni elemento conserva il segno delle generazioni che l\u2019hanno plasmato, mantenendo vivo un patrimonio storico e naturale. <\/span><\/span>\u25b6 <span style=\"font-family: Times New Roman, serif;\"><span style=\"font-size: medium;\"><b>Famiglia, innovazione e curiosit\u00e0 <\/b><\/span><\/span><span style=\"font-family: Times New Roman, serif;\"><span style=\"font-size: medium;\">REIA non \u00e8 solo vino: \u00e8 una storia familiare che si evolve, dove creativit\u00e0 e tradizione si incontrano. Oltre alla vite, i frutteti di ciliegi, albicocchi, kaki e ulivi raccontano un\u2019agricoltura <\/span><\/span><span style=\"font-family: Times New Roman, serif;\"><span style=\"font-size: medium;\"><b>olistico-armoniosa<\/b><\/span><\/span><span style=\"font-family: Times New Roman, serif;\"><span style=\"font-size: medium;\">, fatta di rispetto per ogni forma di vita. <\/span><\/span>\u25b6 <span style=\"font-family: Times New Roman, serif;\"><span style=\"font-size: medium;\"><b>Vini naturali con un tocco moderno <\/b><\/span><\/span><span style=\"font-family: Times New Roman, serif;\"><span style=\"font-size: medium;\">La cantina produce vini contemporanei e autentici: dal Pet-Nat alla Rebula (Ribolla Gialla), dalla Malvazija (Malvasia Istriana) al Tolovaj (Friulano), fino a blend raffinati e longevi. Tutto realizzato con attenzione, cura e una filosofia che unisce natura e modernit\u00e0<br \/>\nparola&#8230; di GIANLUCA<\/span><\/span><\/p>\n<h2><strong>LA RACCOLTA COMPLETA <a href=\"https:\/\/www.radiopiu.net\/wordpress\/parola-di-gianluca-20\/\"><span style=\"color: #3366ff;\">CLICCA QUI<\/span><\/a><\/strong><\/h2>\n<p>&nbsp;<\/p>\n<hr \/>\n<p>&nbsp;<\/p>\n<h2><span style=\"color: #ff0000;\"><a class=\"dt-pswp-item\" href=\"https:\/\/www.radiopiu.net\/wordpress\/wp-content\/uploads\/2018\/09\/appuntamenti.jpeg\" data-dt-img-description=\"\" data-large_image_width=\"800\" data-large_image_height=\"100\"><img loading=\"lazy\" decoding=\"async\" class=\"wp-image-61958 size-full aligncenter\" src=\"https:\/\/www.radiopiu.net\/wordpress\/wp-content\/uploads\/2018\/09\/appuntamenti.jpeg\" alt=\"\" width=\"800\" height=\"100\" srcset=\"https:\/\/www.radiopiu.net\/wordpress\/wp-content\/uploads\/2018\/09\/appuntamenti.jpeg 800w, https:\/\/www.radiopiu.net\/wordpress\/wp-content\/uploads\/2018\/09\/appuntamenti-300x38.jpeg 300w, https:\/\/www.radiopiu.net\/wordpress\/wp-content\/uploads\/2018\/09\/appuntamenti-768x96.jpeg 768w\" sizes=\"auto, (max-width: 800px) 100vw, 800px\" \/><\/a><\/span><\/h2>\n<p>&nbsp;<\/p>\n\n\t\t\t<style type='text\/css'>\n\t\t\t\t#gallery-8 {\n\t\t\t\t\tmargin: auto;\n\t\t\t\t}\n\t\t\t\t#gallery-8 .gallery-item {\n\t\t\t\t\tfloat: left;\n\t\t\t\t\tmargin-top: 10px;\n\t\t\t\t\ttext-align: center;\n\t\t\t\t\twidth: 20%;\n\t\t\t\t}\n\t\t\t\t#gallery-8 img {\n\t\t\t\t\tborder: 2px solid #cfcfcf;\n\t\t\t\t}\n\t\t\t\t#gallery-8 .gallery-caption {\n\t\t\t\t\tmargin-left: 0;\n\t\t\t\t}\n\t\t\t\t\/* see gallery_shortcode() in wp-includes\/media.php *\/\n\t\t\t<\/style>\n\t\t<div id='gallery-8' class='dt-gallery-container gallery galleryid-476945 gallery-columns-5 gallery-size-thumbnail'><dl class='gallery-item'>\n\t\t\t\t<dt class='gallery-icon portrait'>\n\t\t\t\t\t<a class=\"rollover rollover-zoom dt-pswp-item\" title=\"87dc020f-6cc3-41db-b532-ca50fd7a9a52\" data-dt-img-description=\"\" data-large_image_width=\"1080\" data-large_image_height=\"1480\"href='https:\/\/www.radiopiu.net\/wordpress\/wp-content\/uploads\/2025\/10\/87dc020f-6cc3-41db-b532-ca50fd7a9a52.jpg'><img loading=\"lazy\" decoding=\"async\" width=\"150\" height=\"150\" src=\"https:\/\/www.radiopiu.net\/wordpress\/wp-content\/uploads\/2025\/10\/87dc020f-6cc3-41db-b532-ca50fd7a9a52-150x150.jpg\" class=\"attachment-thumbnail size-thumbnail\" alt=\"\" \/><\/a>\n\t\t\t\t<\/dt><\/dl><dl class='gallery-item'>\n\t\t\t\t<dt class='gallery-icon portrait'>\n\t\t\t\t\t<a class=\"rollover rollover-zoom dt-pswp-item\" title=\"a17ff1ba-52f6-4309-8f50-cbee91e65865\" data-dt-img-description=\"\" data-large_image_width=\"707\" data-large_image_height=\"1000\"href='https:\/\/www.radiopiu.net\/wordpress\/wp-content\/uploads\/2025\/10\/a17ff1ba-52f6-4309-8f50-cbee91e65865.jpg'><img loading=\"lazy\" decoding=\"async\" width=\"150\" height=\"150\" src=\"https:\/\/www.radiopiu.net\/wordpress\/wp-content\/uploads\/2025\/10\/a17ff1ba-52f6-4309-8f50-cbee91e65865-150x150.jpg\" class=\"attachment-thumbnail size-thumbnail\" alt=\"\" \/><\/a>\n\t\t\t\t<\/dt><\/dl><dl class='gallery-item'>\n\t\t\t\t<dt class='gallery-icon portrait'>\n\t\t\t\t\t<a class=\"rollover rollover-zoom dt-pswp-item\" title=\"CONVEGNO_SCRITTURA_MANO_def\" data-dt-img-description=\"\" data-large_image_width=\"1811\" data-large_image_height=\"2560\"href='https:\/\/www.radiopiu.net\/wordpress\/wp-content\/uploads\/2025\/10\/CONVEGNO_SCRITTURA_MANO_def-scaled.jpg'><img loading=\"lazy\" decoding=\"async\" width=\"150\" height=\"150\" src=\"https:\/\/www.radiopiu.net\/wordpress\/wp-content\/uploads\/2025\/10\/CONVEGNO_SCRITTURA_MANO_def-150x150.jpg\" class=\"attachment-thumbnail size-thumbnail\" alt=\"\" \/><\/a>\n\t\t\t\t<\/dt><\/dl><dl class='gallery-item'>\n\t\t\t\t<dt class='gallery-icon portrait'>\n\t\t\t\t\t<a class=\"rollover rollover-zoom dt-pswp-item\" title=\"Locandina Settecento serenissimo ottobre 2025\" data-dt-img-description=\"\" data-large_image_width=\"1447\" data-large_image_height=\"2048\"href='https:\/\/www.radiopiu.net\/wordpress\/wp-content\/uploads\/2025\/10\/Locandina-Settecento-serenissimo-ottobre-2025.jpg'><img loading=\"lazy\" decoding=\"async\" width=\"150\" height=\"150\" src=\"https:\/\/www.radiopiu.net\/wordpress\/wp-content\/uploads\/2025\/10\/Locandina-Settecento-serenissimo-ottobre-2025-150x150.jpg\" class=\"attachment-thumbnail size-thumbnail\" alt=\"\" \/><\/a>\n\t\t\t\t<\/dt><\/dl><dl class='gallery-item'>\n\t\t\t\t<dt class='gallery-icon portrait'>\n\t\t\t\t\t<a class=\"rollover rollover-zoom dt-pswp-item\" title=\"2-SECONDO SPETTACOLO-LE MIRABOLANTI AVVENTURE DI ARLECCHINO - 25 OTTOBRE 2025\" data-dt-img-description=\"\" data-large_image_width=\"1809\" data-large_image_height=\"2560\"href='https:\/\/www.radiopiu.net\/wordpress\/wp-content\/uploads\/2025\/10\/2-SECONDO-SPETTACOLO-LE-MIRABOLANTI-AVVENTURE-DI-ARLECCHINO-25-OTTOBRE-2025-scaled.jpg'><img loading=\"lazy\" decoding=\"async\" width=\"150\" height=\"150\" src=\"https:\/\/www.radiopiu.net\/wordpress\/wp-content\/uploads\/2025\/10\/2-SECONDO-SPETTACOLO-LE-MIRABOLANTI-AVVENTURE-DI-ARLECCHINO-25-OTTOBRE-2025-150x150.jpg\" class=\"attachment-thumbnail size-thumbnail\" alt=\"\" \/><\/a>\n\t\t\t\t<\/dt><\/dl><br style=\"clear: both\" \/><dl class='gallery-item'>\n\t\t\t\t<dt class='gallery-icon portrait'>\n\t\t\t\t\t<a class=\"rollover rollover-zoom dt-pswp-item\" title=\"IMG-20251021-WA0001\" data-dt-img-description=\"\" data-large_image_width=\"1080\" data-large_image_height=\"1529\"href='https:\/\/www.radiopiu.net\/wordpress\/wp-content\/uploads\/2025\/10\/IMG-20251021-WA0001.jpg'><img loading=\"lazy\" decoding=\"async\" width=\"150\" height=\"150\" src=\"https:\/\/www.radiopiu.net\/wordpress\/wp-content\/uploads\/2025\/10\/IMG-20251021-WA0001-150x150.jpg\" class=\"attachment-thumbnail size-thumbnail\" alt=\"\" \/><\/a>\n\t\t\t\t<\/dt><\/dl><dl class='gallery-item'>\n\t\t\t\t<dt class='gallery-icon portrait'>\n\t\t\t\t\t<a class=\"rollover rollover-zoom dt-pswp-item\" title=\"CORI ALPINI\" data-dt-img-description=\"\" data-large_image_width=\"601\" data-large_image_height=\"856\"href='https:\/\/www.radiopiu.net\/wordpress\/wp-content\/uploads\/2025\/10\/CORI-ALPINI.jpg'><img loading=\"lazy\" decoding=\"async\" width=\"150\" height=\"150\" src=\"https:\/\/www.radiopiu.net\/wordpress\/wp-content\/uploads\/2025\/10\/CORI-ALPINI-150x150.jpg\" class=\"attachment-thumbnail size-thumbnail\" alt=\"\" \/><\/a>\n\t\t\t\t<\/dt><\/dl><dl class='gallery-item'>\n\t\t\t\t<dt class='gallery-icon portrait'>\n\t\t\t\t\t<a class=\"rollover rollover-zoom dt-pswp-item\" title=\"locandina concerto\" data-dt-img-description=\"\" data-large_image_width=\"1059\" data-large_image_height=\"1600\"href='https:\/\/www.radiopiu.net\/wordpress\/wp-content\/uploads\/2025\/10\/locandina-concerto.jpg'><img loading=\"lazy\" decoding=\"async\" width=\"150\" height=\"150\" src=\"https:\/\/www.radiopiu.net\/wordpress\/wp-content\/uploads\/2025\/10\/locandina-concerto-150x150.jpg\" class=\"attachment-thumbnail size-thumbnail\" alt=\"\" \/><\/a>\n\t\t\t\t<\/dt><\/dl><dl class='gallery-item'>\n\t\t\t\t<dt class='gallery-icon portrait'>\n\t\t\t\t\t<a class=\"rollover rollover-zoom dt-pswp-item\" title=\"2e6ac4e6-1d7d-41ac-9068-0e0f9e3bffcc\" data-dt-img-description=\"\" data-large_image_width=\"1029\" data-large_image_height=\"1456\"href='https:\/\/www.radiopiu.net\/wordpress\/wp-content\/uploads\/2025\/10\/2e6ac4e6-1d7d-41ac-9068-0e0f9e3bffcc.jpg'><img loading=\"lazy\" decoding=\"async\" width=\"150\" height=\"150\" src=\"https:\/\/www.radiopiu.net\/wordpress\/wp-content\/uploads\/2025\/10\/2e6ac4e6-1d7d-41ac-9068-0e0f9e3bffcc-150x150.jpg\" class=\"attachment-thumbnail size-thumbnail\" alt=\"\" \/><\/a>\n\t\t\t\t<\/dt><\/dl><dl class='gallery-item'>\n\t\t\t\t<dt class='gallery-icon portrait'>\n\t\t\t\t\t<a class=\"rollover rollover-zoom dt-pswp-item\" title=\"LOCAND\" data-dt-img-description=\"\" data-large_image_width=\"429\" data-large_image_height=\"605\"href='https:\/\/www.radiopiu.net\/wordpress\/wp-content\/uploads\/2025\/10\/LOCAND.jpg'><img loading=\"lazy\" decoding=\"async\" width=\"150\" height=\"150\" src=\"https:\/\/www.radiopiu.net\/wordpress\/wp-content\/uploads\/2025\/10\/LOCAND-150x150.jpg\" class=\"attachment-thumbnail size-thumbnail\" alt=\"\" \/><\/a>\n\t\t\t\t<\/dt><\/dl><br style=\"clear: both\" \/><dl class='gallery-item'>\n\t\t\t\t<dt class='gallery-icon portrait'>\n\t\t\t\t\t<a class=\"rollover rollover-zoom dt-pswp-item\" title=\"2e565432-df60-4322-b0a1-1fdbb189e3e2\" data-dt-img-description=\"\" data-large_image_width=\"1138\" data-large_image_height=\"1600\"href='https:\/\/www.radiopiu.net\/wordpress\/wp-content\/uploads\/2025\/10\/2e565432-df60-4322-b0a1-1fdbb189e3e2.jpg'><img loading=\"lazy\" decoding=\"async\" width=\"150\" height=\"150\" src=\"https:\/\/www.radiopiu.net\/wordpress\/wp-content\/uploads\/2025\/10\/2e565432-df60-4322-b0a1-1fdbb189e3e2-150x150.jpg\" class=\"attachment-thumbnail size-thumbnail\" alt=\"\" \/><\/a>\n\t\t\t\t<\/dt><\/dl><dl class='gallery-item'>\n\t\t\t\t<dt class='gallery-icon portrait'>\n\t\t\t\t\t<a class=\"rollover rollover-zoom dt-pswp-item\" title=\"giordano\" data-dt-img-description=\"\" data-large_image_width=\"432\" data-large_image_height=\"608\"href='https:\/\/www.radiopiu.net\/wordpress\/wp-content\/uploads\/2025\/10\/giordano.jpg'><img loading=\"lazy\" decoding=\"async\" width=\"150\" height=\"150\" src=\"https:\/\/www.radiopiu.net\/wordpress\/wp-content\/uploads\/2025\/10\/giordano-150x150.jpg\" class=\"attachment-thumbnail size-thumbnail\" alt=\"\" \/><\/a>\n\t\t\t\t<\/dt><\/dl><dl class='gallery-item'>\n\t\t\t\t<dt class='gallery-icon portrait'>\n\t\t\t\t\t<a class=\"rollover rollover-zoom dt-pswp-item\" title=\"cde32a2a-6720-4581-b60b-6cbc68dd5afa\" data-dt-img-description=\"\" data-large_image_width=\"966\" data-large_image_height=\"2048\"href='https:\/\/www.radiopiu.net\/wordpress\/wp-content\/uploads\/2025\/10\/cde32a2a-6720-4581-b60b-6cbc68dd5afa.jpg'><img loading=\"lazy\" decoding=\"async\" width=\"150\" height=\"150\" src=\"https:\/\/www.radiopiu.net\/wordpress\/wp-content\/uploads\/2025\/10\/cde32a2a-6720-4581-b60b-6cbc68dd5afa-150x150.jpg\" class=\"attachment-thumbnail size-thumbnail\" alt=\"\" \/><\/a>\n\t\t\t\t<\/dt><\/dl><dl class='gallery-item'>\n\t\t\t\t<dt class='gallery-icon landscape'>\n\t\t\t\t\t<a class=\"rollover rollover-zoom dt-pswp-item\" title=\"563612389_1219539743553039_1535719683077900500_n\" data-dt-img-description=\"\" data-large_image_width=\"1080\" data-large_image_height=\"1080\"href='https:\/\/www.radiopiu.net\/wordpress\/wp-content\/uploads\/2025\/10\/563612389_1219539743553039_1535719683077900500_n.jpg'><img loading=\"lazy\" decoding=\"async\" width=\"150\" height=\"150\" src=\"https:\/\/www.radiopiu.net\/wordpress\/wp-content\/uploads\/2025\/10\/563612389_1219539743553039_1535719683077900500_n-150x150.jpg\" class=\"attachment-thumbnail size-thumbnail\" alt=\"\" srcset=\"https:\/\/www.radiopiu.net\/wordpress\/wp-content\/uploads\/2025\/10\/563612389_1219539743553039_1535719683077900500_n-150x150.jpg 150w, https:\/\/www.radiopiu.net\/wordpress\/wp-content\/uploads\/2025\/10\/563612389_1219539743553039_1535719683077900500_n-300x300.jpg 300w, https:\/\/www.radiopiu.net\/wordpress\/wp-content\/uploads\/2025\/10\/563612389_1219539743553039_1535719683077900500_n-1024x1024.jpg 1024w, https:\/\/www.radiopiu.net\/wordpress\/wp-content\/uploads\/2025\/10\/563612389_1219539743553039_1535719683077900500_n-768x768.jpg 768w, https:\/\/www.radiopiu.net\/wordpress\/wp-content\/uploads\/2025\/10\/563612389_1219539743553039_1535719683077900500_n.jpg 1080w\" sizes=\"auto, (max-width: 150px) 100vw, 150px\" \/><\/a>\n\t\t\t\t<\/dt><\/dl><dl class='gallery-item'>\n\t\t\t\t<dt class='gallery-icon landscape'>\n\t\t\t\t\t<a class=\"rollover rollover-zoom dt-pswp-item\" title=\"542759768_1187692263404454_707530732478693509_n\" data-dt-img-description=\"\" data-large_image_width=\"1440\" data-large_image_height=\"1440\"href='https:\/\/www.radiopiu.net\/wordpress\/wp-content\/uploads\/2025\/10\/542759768_1187692263404454_707530732478693509_n.jpg'><img loading=\"lazy\" decoding=\"async\" width=\"150\" height=\"150\" src=\"https:\/\/www.radiopiu.net\/wordpress\/wp-content\/uploads\/2025\/10\/542759768_1187692263404454_707530732478693509_n-150x150.jpg\" class=\"attachment-thumbnail size-thumbnail\" alt=\"\" srcset=\"https:\/\/www.radiopiu.net\/wordpress\/wp-content\/uploads\/2025\/10\/542759768_1187692263404454_707530732478693509_n-150x150.jpg 150w, https:\/\/www.radiopiu.net\/wordpress\/wp-content\/uploads\/2025\/10\/542759768_1187692263404454_707530732478693509_n-300x300.jpg 300w, https:\/\/www.radiopiu.net\/wordpress\/wp-content\/uploads\/2025\/10\/542759768_1187692263404454_707530732478693509_n-1024x1024.jpg 1024w, https:\/\/www.radiopiu.net\/wordpress\/wp-content\/uploads\/2025\/10\/542759768_1187692263404454_707530732478693509_n-768x768.jpg 768w, https:\/\/www.radiopiu.net\/wordpress\/wp-content\/uploads\/2025\/10\/542759768_1187692263404454_707530732478693509_n.jpg 1440w\" sizes=\"auto, (max-width: 150px) 100vw, 150px\" \/><\/a>\n\t\t\t\t<\/dt><\/dl><br style=\"clear: both\" \/><dl class='gallery-item'>\n\t\t\t\t<dt class='gallery-icon portrait'>\n\t\t\t\t\t<a class=\"rollover rollover-zoom dt-pswp-item\" title=\"e58f3ae7-93bd-41d1-9398-2938c3c13a83\" data-dt-img-description=\"\" data-large_image_width=\"1131\" data-large_image_height=\"1600\"href='https:\/\/www.radiopiu.net\/wordpress\/wp-content\/uploads\/2025\/10\/e58f3ae7-93bd-41d1-9398-2938c3c13a83.jpg'><img loading=\"lazy\" decoding=\"async\" width=\"150\" height=\"150\" src=\"https:\/\/www.radiopiu.net\/wordpress\/wp-content\/uploads\/2025\/10\/e58f3ae7-93bd-41d1-9398-2938c3c13a83-150x150.jpg\" class=\"attachment-thumbnail size-thumbnail\" alt=\"\" \/><\/a>\n\t\t\t\t<\/dt><\/dl><dl class='gallery-item'>\n\t\t\t\t<dt class='gallery-icon portrait'>\n\t\t\t\t\t<a class=\"rollover rollover-zoom dt-pswp-item\" title=\"musla\" data-dt-img-description=\"\" data-large_image_width=\"428\" data-large_image_height=\"609\"href='https:\/\/www.radiopiu.net\/wordpress\/wp-content\/uploads\/2025\/10\/musla.jpg'><img loading=\"lazy\" decoding=\"async\" width=\"150\" height=\"150\" src=\"https:\/\/www.radiopiu.net\/wordpress\/wp-content\/uploads\/2025\/10\/musla-150x150.jpg\" class=\"attachment-thumbnail size-thumbnail\" alt=\"\" \/><\/a>\n\t\t\t\t<\/dt><\/dl>\n\t\t\t\t<br style='clear: both' \/>\n\t\t\t<\/div>\n\n<h2><\/h2>\n<hr \/>\n<p>&nbsp;<\/p>\n<p class=\"mceTemp\"><a class=\"dt-pswp-item\" href=\"https:\/\/www.radiopiu.net\/wordpress\/wp-content\/uploads\/2018\/09\/WhatsApp-Image-2018-09-20-at-16.04.06.jpeg\" data-dt-img-description=\"\" data-large_image_width=\"800\" data-large_image_height=\"100\"><img loading=\"lazy\" decoding=\"async\" class=\"wp-image-61378 size-full aligncenter\" src=\"https:\/\/www.radiopiu.net\/wordpress\/wp-content\/uploads\/2018\/09\/WhatsApp-Image-2018-09-20-at-16.04.06.jpeg\" alt=\"\" width=\"800\" height=\"100\" srcset=\"https:\/\/www.radiopiu.net\/wordpress\/wp-content\/uploads\/2018\/09\/WhatsApp-Image-2018-09-20-at-16.04.06.jpeg 800w, https:\/\/www.radiopiu.net\/wordpress\/wp-content\/uploads\/2018\/09\/WhatsApp-Image-2018-09-20-at-16.04.06-300x38.jpeg 300w, https:\/\/www.radiopiu.net\/wordpress\/wp-content\/uploads\/2018\/09\/WhatsApp-Image-2018-09-20-at-16.04.06-768x96.jpeg 768w\" sizes=\"auto, (max-width: 800px) 100vw, 800px\" \/><\/a><\/p>\n<p>&nbsp;<\/p>\n<p><center><\/center><center><b>OGGI<\/b><\/center>Nella notte e fino all&#8217;alba poco o parzialmente nuvoloso, al mattino e fino al primo pomeriggio sereno o poco nuvoloso. Da met\u00e0 pomeriggio nubi in aumento in modo irregolare fino a tratti nuvoloso verso sera.<br \/>\n<b>Precipitazioni: <\/b>Generalmente assenti, salvo al pi\u00f9 occasionalmente qualche fiocco di neve in quota sulle Dolomiti nel pomeriggio\/sera.<br \/>\n<b>Temperature: <\/b>Stazionarie o in lieve aumento le massime.<\/p>\n<hr \/>\n<p><center><b>DOMANI<\/b><\/center>Al mattino sereno, nel pomeriggio variabilit\u00e0 con nubi aumento fino a nuvoloso. A seguire schiarite in serata.<br \/>\n<b>Precipitazioni: <\/b>Nel pomeriggio non esclusa qualche debole precipitazione sparsa o piovasco qua e l\u00e0, un p\u00f2 pi\u00f9 probabile su Bellunese<br \/>\n<b>Temperature: <\/b>Minime in lieve aumento nelle valli, massime stazionarie.<\/p>\n<hr \/>\n<p><center><b>LUNEDI<\/b><\/center>Nuvolosit\u00e0 variabile a tratti estesa alternata a schiarite un p\u00f2 pi\u00f9 ampie e probabili su Prealpi ovest. Non del tutto escluso, a tratti, qualche fiocco in quota. Temperature minime senza notevoli variazioni, massime un po&#8217; in diminuzione.<\/p>\n<hr \/>\n<p><center><b>MARTEDI<\/b><\/center>Cielo sereno o al pi\u00f9 poco nuvoloso. Temperature in lieve aumento.<\/p>\n<p>&nbsp;<\/p>\n<hr \/>\n<p>&nbsp;<\/p>\n<p class=\"mceTemp\"><a class=\"dt-pswp-item\" href=\"https:\/\/www.radiopiu.net\/wordpress\/wp-content\/uploads\/2018\/09\/sport.jpg\" data-dt-img-description=\"\" data-large_image_width=\"800\" data-large_image_height=\"100\"><img loading=\"lazy\" decoding=\"async\" class=\"aligncenter wp-image-60761 size-full\" src=\"https:\/\/www.radiopiu.net\/wordpress\/wp-content\/uploads\/2018\/09\/sport.jpg\" alt=\"\" width=\"800\" height=\"100\" srcset=\"https:\/\/www.radiopiu.net\/wordpress\/wp-content\/uploads\/2018\/09\/sport.jpg 800w, https:\/\/www.radiopiu.net\/wordpress\/wp-content\/uploads\/2018\/09\/sport-300x38.jpg 300w, https:\/\/www.radiopiu.net\/wordpress\/wp-content\/uploads\/2018\/09\/sport-768x96.jpg 768w\" sizes=\"auto, (max-width: 800px) 100vw, 800px\" \/> <\/a><\/p>\n<p>&nbsp;<\/p>\n<p><span style=\"color: #0000ff;\"><strong>HOCKEY SU GHIACCIO<\/strong><\/span><\/p>\n<blockquote>\n<h3>ALLEGHE NELLA TANA DELLE LINCI. CIVETTE IN TRASFERTA A PERGINE<\/h3>\n<\/blockquote>\n<p><strong><a class=\"dt-pswp-item\" href=\"https:\/\/www.radiopiu.net\/wordpress\/wp-content\/uploads\/2025\/10\/05ed9f88-63c8-4ca7-ae17-315e77c702c4.jpg\" data-dt-img-description=\"\" data-large_image_width=\"1200\" data-large_image_height=\"628\"><img loading=\"lazy\" decoding=\"async\" class=\" wp-image-476950 alignleft\" src=\"https:\/\/www.radiopiu.net\/wordpress\/wp-content\/uploads\/2025\/10\/05ed9f88-63c8-4ca7-ae17-315e77c702c4-300x157.jpg\" alt=\"\" width=\"212\" height=\"111\" srcset=\"https:\/\/www.radiopiu.net\/wordpress\/wp-content\/uploads\/2025\/10\/05ed9f88-63c8-4ca7-ae17-315e77c702c4-300x157.jpg 300w, https:\/\/www.radiopiu.net\/wordpress\/wp-content\/uploads\/2025\/10\/05ed9f88-63c8-4ca7-ae17-315e77c702c4-1024x536.jpg 1024w, https:\/\/www.radiopiu.net\/wordpress\/wp-content\/uploads\/2025\/10\/05ed9f88-63c8-4ca7-ae17-315e77c702c4-768x402.jpg 768w, https:\/\/www.radiopiu.net\/wordpress\/wp-content\/uploads\/2025\/10\/05ed9f88-63c8-4ca7-ae17-315e77c702c4.jpg 1200w\" sizes=\"auto, (max-width: 212px) 100vw, 212px\" \/><\/a>DI ROBERTO MIANA, PORTAVOCE DELL&#8217;ALLEGHE HOCKEY<\/strong><\/p>\n<p>Settima giornata del campionato IHL di hockey su ghiaccio. Sabato 25 Ottobre alle 18:45 a Pergine Valsugana le Civette affrontano le Linci. Nel turno precedente, dopo tre vittorie casalinghe, \u00e8 maturata la prima sconfitta tra le mura amiche per l\u2019Alleghe, sconfitto 4-5 ai tiri di rigore per merito di un ottimo Dobbiaco che ha compiuto una straordinaria rimonta da 0-3 a 4-3. Prima frazione equilibrata con le due squadre che hanno sviluppato un gioco piacevole. Nel finale di drittel gli Alleghesi, prima con Edgar De Toni e dopo un solo giro di orologio con Patrick Isiguzo, hanno rotto l\u2019equilibrio della gara portandosi sul doppio vantaggio. Nel secondo tempo gli ospiti sono partiti fortissimo, ma \u00e8 stato ancora l\u2019Alleghe ad andare a segno con Francesco Soppelsa. Dobbiaco che non si \u00e8 perso d\u2019animo riuscendo a riaprire la gara grazie ad un gioco pi\u00f9 propositivo, che ha messo in difficolt\u00e0 gli Alleghesi, coronato da due meritate marcature in una seconda frazione dominata dagli ospiti. Ultimo periodo che ha visto in apertura prima il pareggio del Dobbiaco e successivamente il sorpasso degli Altoatesini che hanno sfruttato al meglio le superiorit\u00e0 numeriche. Nel finale di gara la mossa di Vesa Surenkin di togliere il portiere per l\u2019uomo di movimento in pi\u00f9 ha dato i suoi frutti, permettendo ai Biancorossi di pervenire al pareggio grazie alla rete di Patrick Isiguzo, che ha portando la gara all\u2019overtime. Nel supplementare il risultato non \u00e8 cambiato e ci sono voluti i tiri di rigore, dove il Dobbiaco si \u00e8 dimostrato pi\u00f9 cinico aggiudicandosi l\u2019incontro dopo aver disputato una buona partita. Alla vigilia della settima giornata l\u2019Alleghe \u00e8 quarto in classifica con 13 punti, preceduto da Varese e Caldaro a 14 e seguito dall\u2019Appiano a 12 punti. Il Pergine, che nella passata stagione aveva svecchiato notevolmente il roster, continua con ambizione il percorso di crescita intrapreso. Nel mercato estivo sono arrivati l&#8217;esperto difensore Stefano Marchetti da Asiago e gli attaccanti Giuseppe Viliotti dall&#8217;Aosta, Michael Sullmann dall&#8217;Unterland e Yuri Cristellon dal Gherd\u00ebina. Giocatori che hanno rinforzato ed aumentato il tasso tecnico della formazione del confermato coach Andrea Ambrosi. Squadra che al momento ha nel nuovo attaccante canadese Mason Emoff l\u2019unico straniero. Nell\u2019ultimo turno le Linci sono state sconfitte dal Fassa 4-3 all\u2019overtime sul ghiaccio di Canazei. Pergine che attualmente occupa l\u2019ottavo posto in classifica con 7 punti. Sono 33 i precedenti giocati nel campionato IHL tra Alleghe e Pergine. Bilancio in perfetto equilibrio con 16 successi per parte ed un pareggio. L\u2019ultima gara disputata in terra trentina, datata 28 settembre 2024, ha registrato il successo agordino 6-4.<\/p>\n<p><strong>HOCKEY PERGINE SAPIENS- ALLEGHE HOCKEY <\/strong>Sabato 25 Ottobre ore 18:45 &#8211; Palaghiaccio di Pergine (TN). Arbitri: Luca Cassol e Simone Soraperra con giudici di linea Lorenzo Dell&#8217;amico e Alberto Plancher. Collegamenti in DIRETTA RADIOFONICA su Radio Pi\u00f9 (www.radiopiu.net) con \u201chockey al punto giusto\u201d, in studio Marco Gaz e da Pergine interventi di Federico Paganin<\/p>\n<p>&nbsp;<\/p>\n<p><span style=\"color: #0000ff;\"><strong>CALCIO<\/strong><\/span><\/p>\n<blockquote>\n<h3>DOMANI AGORDINA IN CASA CON LA LAMONESE<\/h3>\n<\/blockquote>\n<p><a class=\"dt-pswp-item\" href=\"https:\/\/www.radiopiu.net\/wordpress\/wp-content\/uploads\/2019\/09\/AGORDINA-CALCIO.jpeg\" data-dt-img-description=\"\" data-large_image_width=\"225\" data-large_image_height=\"225\"><img loading=\"lazy\" decoding=\"async\" class=\" wp-image-97575 alignleft\" src=\"https:\/\/www.radiopiu.net\/wordpress\/wp-content\/uploads\/2019\/09\/AGORDINA-CALCIO.jpeg\" alt=\"\" width=\"135\" height=\"135\" srcset=\"https:\/\/www.radiopiu.net\/wordpress\/wp-content\/uploads\/2019\/09\/AGORDINA-CALCIO.jpeg 225w, https:\/\/www.radiopiu.net\/wordpress\/wp-content\/uploads\/2019\/09\/AGORDINA-CALCIO-150x150.jpeg 150w\" sizes=\"auto, (max-width: 135px) 100vw, 135px\" \/><\/a>Fine settimana intenso per le squadre dell\u2019Agordina Calcio, impegnate su pi\u00f9 fronti. Oggi alle <strong>1<\/strong>5:30, nei Juniores Provinciali, trasferta insidiosa a Lentiai per l\u2019Agordina, chiamata a fare risultato per restare agganciata al gruppo di testa. Sempre oggi, alle 16, i Giovanissimi A ospitano il Sois: dopo il passo falso della scorsa settimana, serviranno tre punti per confermare le prime posizioni in classifica e proseguire il buon momento stagionale. Domani mattina, alle 10:30, gli Allievi Regionali faranno visita al Portomansu\u00e8: obiettivo, una vittoria per rialzare la testa dopo alcune gare sottotono. Chiuder\u00e0 il weekend la Prima Squadra, impegnata domani alle 14:30 al \u201cIvano Dorigo\u201d di Agordo contro la Lamonese in Seconda Categoria. I biancocelesti cercano punti fondamentali per abbandonare l\u2019ultimo posto in classifica e rilanciare la propria stagione.<\/p>\n<p>&nbsp;<\/p>\n<p>&nbsp;<\/p>\n<p>&nbsp;<\/p>\n<p>&nbsp;<\/p>\n<p>&nbsp;<\/p>\n<p>&nbsp;<\/p>\n","protected":false},"excerpt":{"rendered":"<p>******** &nbsp; &nbsp; LA\u00a0 APP PER IOS-IPHONE di Nicola Vettorello https:\/\/apps.apple.com\/it\/app\/radio-pi%C3%B9-emittente-agordina\/id1515939845 LA\u00a0 APP RADIO\u00a0 PER ANDROID di Nicola Vettorello https:\/\/play.google.com\/store\/apps\/details?id=net.radiopiu.iniko\u00a0\u00a0\u00a0\u00a0 \u00a0 LA VIGNETTA DI PIER ALDO VIGNAZIA&#8230; &#8220;VIP&#8221; Nella sua consueta rubrica satirica \u201cCavoli di Bruxelles\u201d, il disegnatore Pieraldo Vignazia alias VIP, \u00a0firma una vignetta dal tono ironico e amaro sulle contraddizioni della politica europea.&hellip;<\/p>\n","protected":false},"author":4,"featured_media":477133,"comment_status":"closed","ping_status":"closed","sticky":false,"template":"","format":"standard","meta":{"_monsterinsights_skip_tracking":false,"_monsterinsights_sitenote_active":false,"_monsterinsights_sitenote_note":"","_monsterinsights_sitenote_category":0,"footnotes":""},"categories":[51,86,49],"tags":[],"class_list":["post-476945","post","type-post","status-publish","format-standard","has-post-thumbnail","hentry","category-evidenza-top","category-gr","category-news-18","category-51","category-86","category-49","description-off"],"img_url":"https:\/\/www.radiopiu.net\/wordpress\/wp-content\/uploads\/2025\/10\/Screenshot-2025-10-25-052413-1.png","_links":{"self":[{"href":"https:\/\/www.radiopiu.net\/wordpress\/wp-json\/wp\/v2\/posts\/476945","targetHints":{"allow":["GET"]}}],"collection":[{"href":"https:\/\/www.radiopiu.net\/wordpress\/wp-json\/wp\/v2\/posts"}],"about":[{"href":"https:\/\/www.radiopiu.net\/wordpress\/wp-json\/wp\/v2\/types\/post"}],"author":[{"embeddable":true,"href":"https:\/\/www.radiopiu.net\/wordpress\/wp-json\/wp\/v2\/users\/4"}],"replies":[{"embeddable":true,"href":"https:\/\/www.radiopiu.net\/wordpress\/wp-json\/wp\/v2\/comments?post=476945"}],"version-history":[{"count":39,"href":"https:\/\/www.radiopiu.net\/wordpress\/wp-json\/wp\/v2\/posts\/476945\/revisions"}],"predecessor-version":[{"id":477210,"href":"https:\/\/www.radiopiu.net\/wordpress\/wp-json\/wp\/v2\/posts\/476945\/revisions\/477210"}],"wp:featuredmedia":[{"embeddable":true,"href":"https:\/\/www.radiopiu.net\/wordpress\/wp-json\/wp\/v2\/media\/477133"}],"wp:attachment":[{"href":"https:\/\/www.radiopiu.net\/wordpress\/wp-json\/wp\/v2\/media?parent=476945"}],"wp:term":[{"taxonomy":"category","embeddable":true,"href":"https:\/\/www.radiopiu.net\/wordpress\/wp-json\/wp\/v2\/categories?post=476945"},{"taxonomy":"post_tag","embeddable":true,"href":"https:\/\/www.radiopiu.net\/wordpress\/wp-json\/wp\/v2\/tags?post=476945"}],"curies":[{"name":"wp","href":"https:\/\/api.w.org\/{rel}","templated":true}]}}