{"id":477179,"date":"2025-10-27T05:49:07","date_gmt":"2025-10-27T04:49:07","guid":{"rendered":"https:\/\/www.radiopiu.net\/wordpress\/?p=477179"},"modified":"2025-10-27T08:34:29","modified_gmt":"2025-10-27T07:34:29","slug":"giornale-radiopiu-27-ottobre-2025-direttore-mirko-mezzacasa","status":"publish","type":"post","link":"https:\/\/www.radiopiu.net\/wordpress\/giornale-radiopiu-27-ottobre-2025-direttore-mirko-mezzacasa\/","title":{"rendered":"GIORNALE RADIOPIU 27 OTTOBRE 2025 DIRETTORE MIRKO MEZZACASA"},"content":{"rendered":"<p>********<\/p>\n<p>&nbsp;<\/p>\n<p><em><span style=\"color: #ff0000;\"><a class=\"dt-pswp-item\" href=\"https:\/\/www.radiopiu.net\/wordpress\/wp-content\/uploads\/2024\/10\/Senza-nome-8.png\" data-dt-img-description=\"\" data-large_image_width=\"343\" data-large_image_height=\"303\"><img loading=\"lazy\" decoding=\"async\" class=\"wp-image-412130 alignleft\" src=\"https:\/\/www.radiopiu.net\/wordpress\/wp-content\/uploads\/2024\/10\/Senza-nome-8-300x265.png\" alt=\"\" width=\"105\" height=\"93\" srcset=\"https:\/\/www.radiopiu.net\/wordpress\/wp-content\/uploads\/2024\/10\/Senza-nome-8-300x265.png 300w, https:\/\/www.radiopiu.net\/wordpress\/wp-content\/uploads\/2024\/10\/Senza-nome-8.png 343w\" sizes=\"auto, (max-width: 105px) 100vw, 105px\" \/><\/a><\/span><\/em><strong><em><span style=\"color: #ff0000;\"> LA\u00a0 APP PER IOS-IPHONE di Nicola Vettorello<\/span><\/em><\/strong><\/p>\n<p><strong><span style=\"color: #0000ff;\"><a style=\"color: #0000ff;\" href=\"https:\/\/apps.apple.com\/it\/app\/radio-pi%C3%B9-emittente-agordina\/id1515939845\">https:\/\/apps.apple.com\/it\/app\/radio-pi%C3%B9-emittente-agordina\/id1515939845<\/a><\/span><\/strong><\/p>\n<p><strong><em style=\"color: #ff0000;\">LA\u00a0 APP RADIO\u00a0 PER ANDROID di Nicola Vettorello<\/em><\/strong><\/p>\n<p><strong><span style=\"color: #0000ff;\"><a style=\"color: #0000ff;\" href=\"https:\/\/play.google.com\/store\/apps\/details?id=net.radiopiu.iniko\" target=\"_blank\" rel=\"noopener noreferrer\">https:\/\/<\/a><a style=\"color: #0000ff;\" href=\"https:\/\/play.google.com\/store\/apps\/details?id=net.radiopiu.iniko\" target=\"_blank\" rel=\"noopener noreferrer\">play.google.com\/store\/apps\/details?id=net.radiopiu.iniko\u00a0\u00a0\u00a0\u00a0\u00a0<\/a><\/span><\/strong><\/p>\n<p>&nbsp;<\/p>\n<p><strong>FOTO COPERTINA\u00a0<\/strong><br \/>\nL&#8217;offertorio durante la messa per i Caduti della Montagna, ieri sera in Chiesa ad Agordo alla presenza degli uomini e donne della montagna: Club Alpino Italiano Sezione Agordina, Soccorso Alpino, Gruppo Alpini. Anche quest&#8217;anno organizzata ed accompagnata dal Coro Agordo. Rivedila e riascoltala in podcast su tutti i canali di Radio Pi\u00f9, ieri sera trasmessa in diretta in tutta la provincia (frequenze FM) in tutto il Vento (in dab plus) in tutto il mondo (streaming radiopiu.it)<br \/>\n<a class=\"dt-pswp-item\" href=\"https:\/\/www.radiopiu.net\/wordpress\/wp-content\/uploads\/2025\/10\/aaaa.png\" data-dt-img-description=\"\" data-large_image_width=\"926\" data-large_image_height=\"477\"><img loading=\"lazy\" decoding=\"async\" class=\"wp-image-477453 size-full aligncenter\" src=\"https:\/\/www.radiopiu.net\/wordpress\/wp-content\/uploads\/2025\/10\/aaaa.png\" alt=\"\" width=\"926\" height=\"477\" srcset=\"https:\/\/www.radiopiu.net\/wordpress\/wp-content\/uploads\/2025\/10\/aaaa.png 926w, https:\/\/www.radiopiu.net\/wordpress\/wp-content\/uploads\/2025\/10\/aaaa-300x155.png 300w, https:\/\/www.radiopiu.net\/wordpress\/wp-content\/uploads\/2025\/10\/aaaa-768x396.png 768w\" sizes=\"auto, (max-width: 926px) 100vw, 926px\" \/><\/a><\/p>\n<p>&nbsp;<\/p>\n<hr \/>\n<p>&nbsp;<\/p>\n<blockquote>\n<div class=\"mceTemp\">\n<h1 data-start=\"0\" data-end=\"60\"><strong data-start=\"0\" data-end=\"60\">OGGI SU RADIOPI\u00d9: <span style=\"color: #000000;\">MUSICA, informazione\u00a0<\/span> e dirette\u00a0\u00a0<\/strong><\/h1>\n<\/div>\n<\/blockquote>\n<p><strong class=\"photoswipe-wrapper\"><a class=\"dt-pswp-item\" href=\"https:\/\/www.radiopiu.net\/wordpress\/wp-content\/uploads\/2025\/10\/SCR-20251025-jttr-300x208-1.png\" data-dt-img-description=\"\" data-large_image_width=\"300\" data-large_image_height=\"208\"><img loading=\"lazy\" decoding=\"async\" class=\"wp-image-477457 alignleft\" src=\"https:\/\/www.radiopiu.net\/wordpress\/wp-content\/uploads\/2025\/10\/SCR-20251025-jttr-300x208-1.png\" alt=\"\" width=\"195\" height=\"135\" \/><\/a>ALLE 8.05 LA RASSEGNA STAMPA LOCALE 8.25 PIU SIAMO, DI MARINA DONA&#8217; 900 oggi come ieri di SILVIA BALDO <\/strong><strong>940\u00a0 i raconti di paolo soppelsa 10 10 SIB INFORMA CON BARBARA PAOLAZZI PER LE TRE RADIO 10.30\u00a0 \u00a0PERITI MINERARI NEL MONDO CON MASSIMO CONEDERA\u00a0 (FOTO)\u00a0 11.00\u00a0 \u00a0SPECIALE ARREDAMONT LE INTERVISTE DALLO STAND DELL&#8217;APPIA LO SPECIALE SULLE TRE RADIO CON LA COLLABORAZIONE DI DANIELE DALVIT (REPLICA 18.10) 11.30 REMIX\u00a0 \u00a013.10 TRE PER DUE PER TE&#8230; CON MARINA DONA&#8217;\u00a0 13.20\u00a0 SALUTE E SOCIETA&#8217; CON IL DOTTOR MARCO CARACCIOLO 1500 lo sport del fine settimana a cura della redazione sportiva di radiopiu <\/strong><strong>16 45 LE HIT STORICHE DI MIRCO BENCIVENNI<\/strong> <strong>19.05 LE ANTICIPAZIONI DAL TG DI ANTENNA 3 DA UN\u2019IDEA DI TIZIANA BOLOGNANI\u00a0<\/strong><\/p>\n<p>&nbsp;<\/p>\n<p>&nbsp;<\/p>\n<p>&nbsp;<\/p>\n<p>&nbsp;<\/p>\n<hr \/>\n<p>&nbsp;<\/p>\n<div class=\"x11i5rnm xat24cr x1mh8g0r x1vvkbs xtlvy1s x126k92a\">\n<blockquote>\n<h1><strong><a class=\"dt-pswp-item\" href=\"https:\/\/www.radiopiu.net\/wordpress\/wp-content\/uploads\/2024\/10\/629301fd-708d-4f53-95c2-d28cbefd500f.jpg\" data-dt-img-description=\"\" data-large_image_width=\"1600\" data-large_image_height=\"1322\"><img loading=\"lazy\" decoding=\"async\" class=\"wp-image-413782 alignright\" src=\"https:\/\/www.radiopiu.net\/wordpress\/wp-content\/uploads\/2024\/10\/629301fd-708d-4f53-95c2-d28cbefd500f-300x248.jpg\" alt=\"\" width=\"106\" height=\"88\" srcset=\"https:\/\/www.radiopiu.net\/wordpress\/wp-content\/uploads\/2024\/10\/629301fd-708d-4f53-95c2-d28cbefd500f-300x248.jpg 300w, https:\/\/www.radiopiu.net\/wordpress\/wp-content\/uploads\/2024\/10\/629301fd-708d-4f53-95c2-d28cbefd500f-1024x846.jpg 1024w, https:\/\/www.radiopiu.net\/wordpress\/wp-content\/uploads\/2024\/10\/629301fd-708d-4f53-95c2-d28cbefd500f-768x635.jpg 768w, https:\/\/www.radiopiu.net\/wordpress\/wp-content\/uploads\/2024\/10\/629301fd-708d-4f53-95c2-d28cbefd500f-1536x1269.jpg 1536w, https:\/\/www.radiopiu.net\/wordpress\/wp-content\/uploads\/2024\/10\/629301fd-708d-4f53-95c2-d28cbefd500f.jpg 1600w\" sizes=\"auto, (max-width: 106px) 100vw, 106px\" \/><\/a><\/strong><\/h1>\n<h1><strong><a class=\"dt-pswp-item\" href=\"https:\/\/www.radiopiu.net\/wordpress\/wp-content\/uploads\/2024\/11\/th-18.jpg\" data-dt-img-description=\"\" data-large_image_width=\"156\" data-large_image_height=\"180\"><img loading=\"lazy\" decoding=\"async\" class=\"size-full wp-image-421611 alignleft\" src=\"https:\/\/www.radiopiu.net\/wordpress\/wp-content\/uploads\/2024\/11\/th-18.jpg\" alt=\"\" width=\"156\" height=\"180\" \/><\/a><\/strong><\/h1>\n<h1><strong>N di parom &#8211; L Almanach de la nosta jent<\/strong><\/h1>\n<\/blockquote>\n<p>&nbsp;<\/p>\n<p>Le voci: Davide Conedera, Agordo, Michela Dell&#8217;Osbel, La Valle Agordina Simone Ganz, Falcade Veronica Lezuo, Colle Santa Lucia. La voce nella sigla \u00e8 di Giorgia Taio<\/p>\n<p><strong>LA PUNTATA DI OGGI, 27 OTTOBRE 2025<\/strong><\/p>\n<audio class=\"wp-audio-shortcode\" id=\"audio-477179-1\" preload=\"none\" style=\"width: 100%;\" controls=\"controls\"><source type=\"audio\/mpeg\" src=\"https:\/\/www.radiopiu.net\/wordpress\/wp-content\/uploads\/2025\/10\/AL1-4.mp3?_=1\" \/><a href=\"https:\/\/www.radiopiu.net\/wordpress\/wp-content\/uploads\/2025\/10\/AL1-4.mp3\">https:\/\/www.radiopiu.net\/wordpress\/wp-content\/uploads\/2025\/10\/AL1-4.mp3<\/a><\/audio>\n<p>&nbsp;<\/p>\n<\/div>\n<hr \/>\n<p>&nbsp;<\/p>\n<p>&nbsp;<\/p>\n<div class=\"x11i5rnm xat24cr x1mh8g0r x1vvkbs xtlvy1s x126k92a\">\n<div dir=\"auto\">\n<div dir=\"auto\">\n<p><strong><a class=\"dt-pswp-item\" href=\"https:\/\/www.radiopiu.net\/wordpress\/wp-content\/uploads\/2025\/09\/file-4.jpg\" data-dt-img-description=\"\" data-large_image_width=\"640\" data-large_image_height=\"641\"><img loading=\"lazy\" decoding=\"async\" class=\"wp-image-471370 alignleft\" src=\"https:\/\/www.radiopiu.net\/wordpress\/wp-content\/uploads\/2025\/09\/file-4-300x300.jpg\" alt=\"\" width=\"170\" height=\"170\" srcset=\"https:\/\/www.radiopiu.net\/wordpress\/wp-content\/uploads\/2025\/09\/file-4-300x300.jpg 300w, https:\/\/www.radiopiu.net\/wordpress\/wp-content\/uploads\/2025\/09\/file-4-150x150.jpg 150w, https:\/\/www.radiopiu.net\/wordpress\/wp-content\/uploads\/2025\/09\/file-4.jpg 640w\" sizes=\"auto, (max-width: 170px) 100vw, 170px\" \/><\/a>EL BAL DEL FIOR, DI GIULIANA DA RONCH, 27 OTTOBRE<\/strong><strong>\u00a02025<\/strong><\/p>\n<\/div>\n<\/div>\n<div dir=\"auto\">\n<div dir=\"auto\">\n<p>&nbsp;<\/p>\n<\/div>\n<\/div>\n<\/div>\n<div class=\"x11i5rnm xat24cr x1mh8g0r x1vvkbs xtlvy1s x126k92a\">\n<div dir=\"auto\">\n<p>&nbsp;<\/p>\n<audio class=\"wp-audio-shortcode\" id=\"audio-477179-2\" preload=\"none\" style=\"width: 100%;\" controls=\"controls\"><source type=\"audio\/mpeg\" src=\"https:\/\/www.radiopiu.net\/wordpress\/wp-content\/uploads\/2025\/10\/GLU-3.mp3?_=2\" \/><a href=\"https:\/\/www.radiopiu.net\/wordpress\/wp-content\/uploads\/2025\/10\/GLU-3.mp3\">https:\/\/www.radiopiu.net\/wordpress\/wp-content\/uploads\/2025\/10\/GLU-3.mp3<\/a><\/audio>\n<p>&nbsp;<\/p>\n<hr \/>\n<\/div>\n<\/div>\n<blockquote>\n<blockquote>\n<h1><span style=\"color: #ff0000;\">\u00a0<\/span><\/h1>\n<h1><span style=\"color: #ff0000;\">I podcast informativi del mattino &#8211; audio &#8211;\u00a0\u00a0<\/span><\/h1>\n<\/blockquote>\n<p><strong><a class=\"dt-pswp-item\" href=\"https:\/\/www.radiopiu.net\/wordpress\/wp-content\/uploads\/2024\/11\/6.jpg\" data-dt-img-description=\"\" data-large_image_width=\"177\" data-large_image_height=\"180\"><img loading=\"lazy\" decoding=\"async\" class=\"size-full wp-image-417911 alignleft\" src=\"https:\/\/www.radiopiu.net\/wordpress\/wp-content\/uploads\/2024\/11\/6.jpg\" alt=\"\" width=\"177\" height=\"180\" \/><\/a>LA RASSEGNA STAMPA NAZIONALE ALLA RADIO, OGNI GIORNO ALLE 5 E ALLE 6 DEL MATTINO <span style=\"color: #0000ff;\">viene pubblicata alle 6.00 <span style=\"color: #ff0000;\">DIRETTA RADIO\u00a0 \u00a0\u00a0<\/span><\/span><\/strong><\/p><\/blockquote>\n<h1><strong>NOTIZIE DELLA NOTTE\u00a0 \u00a0<\/strong><\/h1>\n<p data-start=\"130\" data-end=\"379\"><strong data-start=\"130\" data-end=\"140\">PARIGI<\/strong> \u2013 Svolta nel furto al Louvre: la polizia francese ha arrestato due componenti della banda responsabile del clamoroso colpo al museo. Restano per\u00f2 ancora dispersi i preziosi gioielli trafugati, il cui valore \u00e8 stimato in milioni di euro.<\/p>\n<p data-start=\"381\" data-end=\"656\"><strong data-start=\"381\" data-end=\"389\">ROMA<\/strong> \u2013 \u201cLa forza \u00e8 tornata a essere la misura delle relazioni internazionali, ma serve dialogo e mediazione\u201d, ha dichiarato il Presidente della Repubblica Sergio Mattarella nel suo intervento alla Comunit\u00e0 di Sant\u2019Egidio, ribadendo la necessit\u00e0 di insistere sulla pace.<\/p>\n<p data-start=\"658\" data-end=\"868\"><strong data-start=\"658\" data-end=\"674\">BUENOS AIRES<\/strong> \u2013 Il presidente Javier Milei ha ottenuto il 40,84% dei voti alle elezioni di medio termine, rafforzando la propria maggioranza. Record negativo di affluenza alle urne, con il 61% dei votanti.<\/p>\n<p data-start=\"870\" data-end=\"1095\"><strong data-start=\"870\" data-end=\"879\">MOSCA<\/strong> \u2013 Nuova ondata di droni ucraini contro obiettivi nella capitale russa. Le autorit\u00e0 riferiscono di almeno dieci velivoli abbattuti senza vittime, mentre Kiev rivendica l\u2019operazione come risposta ai raid su Kharkiv.<\/p>\n<p data-start=\"1097\" data-end=\"1272\"><strong data-start=\"1097\" data-end=\"1108\">VILNIUS<\/strong> \u2013 La Lituania ha chiuso temporaneamente i valichi di frontiera con la Bielorussia per motivi di sicurezza, dopo l\u2019aumento delle tensioni e dei flussi irregolari.<\/p>\n<p data-start=\"1274\" data-end=\"1461\"><strong data-start=\"1274\" data-end=\"1283\">TOKYO<\/strong> \u2013 La Borsa di Tokyo segna un nuovo record: il Nikkei supera per la prima volta la soglia dei 50mila punti, spinto dai titoli tecnologici e dall\u2019ottimismo sui mercati asiatici.<\/p>\n<p data-start=\"1463\" data-end=\"1641\"><strong data-start=\"1463\" data-end=\"1475\">NEW YORK<\/strong> \u2013 Lutto nel mondo dello sport: \u00e8 morto a 41 anni Nick Mangold, storico centro dei New York Jets nella Nfl, due volte All-Pro e leggenda della franchigia americana.<\/p>\n<p data-start=\"1643\" data-end=\"1812\"><strong data-start=\"1643\" data-end=\"1653\">VIENNA<\/strong> \u2013 Jannik Sinner conquista il torneo di tennis, battendo in finale Alexander Zverev in tre set e aggiungendo un nuovo titolo alla sua straordinaria stagione.<\/p>\n<p data-start=\"1814\" data-end=\"1992\" data-is-last-node=\"\" data-is-only-node=\"\"><strong data-start=\"1814\" data-end=\"1822\">ROMA<\/strong> \u2013 Nuovo scontro tra Sigfrido Ranucci e il Garante per le comunicazioni: il giornalista di <em data-start=\"1913\" data-end=\"1921\">Report<\/em> torna in onda e ringrazia il pubblico, \u201cla mia vera scorta siete voi\u201d.<\/p>\n<h1>IL GIORNALE DELLE SEI DEL MATTINO<\/h1>\n<audio class=\"wp-audio-shortcode\" id=\"audio-477179-3\" preload=\"none\" style=\"width: 100%;\" controls=\"controls\"><source type=\"audio\/mpeg\" src=\"https:\/\/www.radiopiu.net\/wordpress\/wp-content\/uploads\/2025\/10\/GIORNALEDELLESEI-22.mp3?_=3\" \/><a href=\"https:\/\/www.radiopiu.net\/wordpress\/wp-content\/uploads\/2025\/10\/GIORNALEDELLESEI-22.mp3\">https:\/\/www.radiopiu.net\/wordpress\/wp-content\/uploads\/2025\/10\/GIORNALEDELLESEI-22.mp3<\/a><\/audio>\n<p>&nbsp;<\/p>\n<p>&nbsp;<\/p>\n<hr \/>\n<p>&nbsp;<\/p>\n<h1 style=\"text-align: center;\"><span style=\"color: #ff0000;\"><a class=\"dt-pswp-item\" href=\"https:\/\/www.radiopiu.net\/wordpress\/wp-content\/uploads\/2024\/11\/7.jpg\" data-dt-img-description=\"\" data-large_image_width=\"180\" data-large_image_height=\"180\"><img loading=\"lazy\" decoding=\"async\" class=\"size-full wp-image-417912 alignleft\" src=\"https:\/\/www.radiopiu.net\/wordpress\/wp-content\/uploads\/2024\/11\/7.jpg\" alt=\"\" width=\"180\" height=\"180\" srcset=\"https:\/\/www.radiopiu.net\/wordpress\/wp-content\/uploads\/2024\/11\/7.jpg 180w, https:\/\/www.radiopiu.net\/wordpress\/wp-content\/uploads\/2024\/11\/7-150x150.jpg 150w\" sizes=\"auto, (max-width: 180px) 100vw, 180px\" \/><\/a>I podcast informativi del mattino &#8211; audio &#8211;\u00a0<\/span><\/h1>\n<p><strong>OGNI GIORNO ALLE SETTE DEL MATTINO, LA RASSEGNA STAMPA LOCALE FLASH&#8230; PER CHI VA IN FRETTA. I TITOLI DAI GIORNALI E DAL SITO WWW.RADIOPIU.NET <span style=\"color: #0000ff;\">viene pubblicato alle 7.00<\/span> <span style=\"color: #ff0000;\">DIRETTA RADIO\u00a0<\/span><\/strong><\/p>\n<p><em><span style=\"color: #ff0000;\">per chi va in fretta&#8230; tante notizie in pochi minuti. L&#8217;informazione locale alla radio, ogni ora dalle 7 del mattino alle 19 della sera.\u00a0\u00a0<\/span><\/em><\/p>\n<p><strong data-start=\"0\" data-end=\"62\">Notizie locali dal Bellunese: tra cronaca, eventi e novit\u00e0<\/strong><\/p>\n<div class=\"flex flex-1 grow basis-auto flex-col overflow-hidden\">\n<div class=\"relative h-full\">\n<div class=\"flex h-full flex-col overflow-y-auto [scrollbar-gutter:stable]\">\n<div class=\"mt-1.5 flex flex-col text-sm @thread-xl\/thread:pt-header-height md:pb-9\">\n<article class=\"group\/turn w-full text-token-text-primary focus-visible:outline-none\" dir=\"auto\" tabindex=\"-1\" data-testid=\"conversation-turn-2\" data-scroll-anchor=\"true\">\n<div class=\"text-base my-auto mx-auto py-5 px-6\">\n<div class=\"mx-auto flex flex-1 text-base gap-4 md:gap-5 lg:gap-6 md:max-w-3xl\">\n<div class=\"group\/conversation-turn relative flex w-full min-w-0 flex-col agent-turn @xs\/thread:px-0 @sm\/thread:px-1.5 @md\/thread:px-4\">\n<div class=\"relative flex-col gap-1 md:gap-3\">\n<div class=\"flex max-w-full flex-col flex-grow\">\n<div class=\"min-h-8 text-message relative flex w-full flex-col items-end gap-2 whitespace-normal break-words text-start [.text-message+&amp;]:mt-5\" dir=\"auto\" data-message-author-role=\"assistant\" data-message-id=\"bff05fc0-dc7c-4ab7-9b20-d3eec753127b\" data-message-model-slug=\"gpt-4o-mini\">\n<div class=\"flex w-full flex-col gap-1 empty:hidden first:pt-[3px]\">\n<div class=\"markdown prose w-full break-words dark:prose-invert dark\">\n<p class=\"\" data-start=\"64\" data-end=\"329\"><em><strong>Radio Pi\u00f9 offre una panoramica sui principali eventi e notizie in provincia di Belluno, accompagnata dalla programmazione radiofonica. Tra le principali notizie<\/strong><\/em><\/p>\n<\/div>\n<\/div>\n<\/div>\n<\/div>\n<\/div>\n<\/div>\n<\/div>\n<\/div>\n<\/article>\n<\/div>\n<\/div>\n<\/div>\n<\/div>\n<h1>AUDIO dalle 7 del mattino<\/h1>\n<audio class=\"wp-audio-shortcode\" id=\"audio-477179-4\" preload=\"none\" style=\"width: 100%;\" controls=\"controls\"><source type=\"audio\/mpeg\" src=\"https:\/\/www.radiopiu.net\/wordpress\/wp-content\/uploads\/2025\/10\/GF07-22.mp3?_=4\" \/><a href=\"https:\/\/www.radiopiu.net\/wordpress\/wp-content\/uploads\/2025\/10\/GF07-22.mp3\">https:\/\/www.radiopiu.net\/wordpress\/wp-content\/uploads\/2025\/10\/GF07-22.mp3<\/a><\/audio>\n<p>&nbsp;<\/p>\n<p>&nbsp;<\/p>\n<hr \/>\n<p>&nbsp;<\/p>\n<h1><\/h1>\n<h1 style=\"text-align: center;\"><span style=\"color: #ff0000;\"><a class=\"dt-pswp-item\" href=\"https:\/\/www.radiopiu.net\/wordpress\/wp-content\/uploads\/2024\/11\/th.jpg\" data-dt-img-description=\"\" data-large_image_width=\"148\" data-large_image_height=\"179\"><img loading=\"lazy\" decoding=\"async\" class=\" wp-image-417913 alignleft\" src=\"https:\/\/www.radiopiu.net\/wordpress\/wp-content\/uploads\/2024\/11\/th.jpg\" alt=\"\" width=\"66\" height=\"80\" \/><\/a>I podcast informativi del mattino &#8211; audio &#8211;\u00a0<\/span><\/h1>\n<blockquote><p><strong>GIORNALE RADIO NAZIONALE, EDIZIONE DELLE SETTE <span style=\"color: #0000ff;\">viene pubblicato alle 7.05 <span style=\"color: #ff0000;\">DIRETTA RADIO\u00a0<\/span><\/span><\/strong><\/p><\/blockquote>\n<p><strong>il giornale radionazionale e&#8217; in onda ogni ora, dalle sette del mattino alle venti della sera\u00a0 \u00a0\u00a0<\/strong><\/p>\n<blockquote>\n<h2><em><a class=\"dt-pswp-item\" href=\"https:\/\/www.radiopiu.net\/wordpress\/wp-content\/uploads\/2025\/02\/download-7.jpg\" data-dt-img-description=\"\" data-large_image_width=\"211\" data-large_image_height=\"239\"><img loading=\"lazy\" decoding=\"async\" class=\" wp-image-435553 alignleft\" src=\"https:\/\/www.radiopiu.net\/wordpress\/wp-content\/uploads\/2025\/02\/download-7.jpg\" alt=\"\" width=\"186\" height=\"211\" \/><\/a><span style=\"color: #ff0000;\">RADIOPI\u00d9<\/span> \u2013 La voce del territorio, lo sguardo sul Paese.\u00a0<\/em><\/h2>\n<\/blockquote>\n<div class=\"flex basis-auto flex-col -mb-(--composer-overlap-px) [--composer-overlap-px:55px] grow overflow-hidden\">\n<div class=\"relative h-full\">\n<div class=\"flex h-full flex-col overflow-y-auto [scrollbar-gutter:stable_both-edges] @[84rem]\/thread:pt-(--header-height)\">\n<div class=\"@thread-xl\/thread:pt-header-height flex flex-col text-sm pb-25\">\n<article class=\"text-token-text-primary w-full focus:outline-none scroll-mt-[calc(var(--header-height)+min(200px,max(70px,20svh)))]\" dir=\"auto\" tabindex=\"-1\" data-testid=\"conversation-turn-68\" data-scroll-anchor=\"true\" data-turn=\"assistant\">\n<div class=\"text-base my-auto mx-auto pb-10 [--thread-content-margin:--spacing(4)] @[37rem]:[--thread-content-margin:--spacing(6)] @[72rem]:[--thread-content-margin:--spacing(16)] px-(--thread-content-margin)\">\n<div class=\"[--thread-content-max-width:32rem] @[34rem]:[--thread-content-max-width:40rem] @[64rem]:[--thread-content-max-width:48rem] mx-auto max-w-(--thread-content-max-width) flex-1 group\/turn-messages focus-visible:outline-hidden relative flex w-full min-w-0 flex-col agent-turn\" tabindex=\"-1\">\n<div class=\"flex max-w-full flex-col grow\">\n<div class=\"min-h-8 text-message relative flex w-full flex-col items-end gap-2 text-start break-words whitespace-normal [.text-message+&amp;]:mt-5\" dir=\"auto\" data-message-author-role=\"assistant\" data-message-id=\"44b2bab2-310d-4a9e-8ff2-f21a32a7d5b3\" data-message-model-slug=\"gpt-4-1-mini\">\n<div class=\"flex w-full flex-col gap-1 empty:hidden first:pt-[3px]\">\n<div class=\"markdown prose dark:prose-invert w-full break-words dark\">\n<div class=\"pointer-events-none h-px w-px\" aria-hidden=\"true\" data-edge=\"true\">\n<p><strong data-start=\"130\" data-end=\"140\">MILANO<\/strong> \u2013 Notte di violenza nella movida: un ragazzo di 18 anni \u00e8 stato accoltellato ed \u00e8 in gravissime condizioni. Altri cinque feriti in tre episodi diversi tra <strong data-start=\"296\" data-end=\"306\">Milano<\/strong> e <strong data-start=\"309\" data-end=\"320\">Palermo<\/strong>, dove un uomo \u00e8 stato accoltellato nella \u201czona rossa\u201d della movida cittadina.<\/p>\n<\/div>\n<div aria-hidden=\"true\" data-edge=\"true\">\n<article class=\"text-token-text-primary w-full focus:outline-none scroll-mt-[calc(var(--header-height)+min(200px,max(70px,20svh)))]\" dir=\"auto\" tabindex=\"-1\" data-turn-id=\"request-WEB:f41a0c73-8d43-4ed6-8953-1fa5b0f7900f-45\" data-testid=\"conversation-turn-24\" data-scroll-anchor=\"true\" data-turn=\"assistant\">\n<div class=\"text-base my-auto mx-auto pb-10 [--thread-content-margin:--spacing(4)] thread-sm:[--thread-content-margin:--spacing(6)] thread-lg:[--thread-content-margin:--spacing(16)] px-(--thread-content-margin)\">\n<div class=\"[--thread-content-max-width:40rem] thread-lg:[--thread-content-max-width:48rem] mx-auto max-w-(--thread-content-max-width) flex-1 group\/turn-messages focus-visible:outline-hidden relative flex w-full min-w-0 flex-col agent-turn\" tabindex=\"-1\">\n<div class=\"flex min-h-[46px] justify-start\">\n<p data-start=\"402\" data-end=\"616\"><strong data-start=\"402\" data-end=\"410\">ROMA<\/strong> \u2013 Tragedia nella notte: una ventenne \u00e8 morta dopo che l\u2019auto su cui viaggiava \u00e8 stata travolta da una Bmw lanciata a folle velocit\u00e0. Il conducente, 22 anni, \u00e8 risultato negativo ai test su alcol e droga.<\/p>\n<p data-start=\"618\" data-end=\"822\"><strong data-start=\"618\" data-end=\"630\">AVELLINO<\/strong> \u2013 Terremoto di magnitudo 4.0 in Irpinia: tanta paura e gente in strada. L\u2019epicentro a Montefredane, dove il sindaco ha riferito di una popolazione \u201cspaventata ma senza danni gravi\u201d.<\/p>\n<p data-start=\"824\" data-end=\"1092\"><strong data-start=\"824\" data-end=\"834\">GENOVA<\/strong> \u2013 Blitz in un liceo occupato: un gruppo di estremisti armato di spranghe ha devastato le aule lasciando svastiche e scritte \u201cviva il duce\u201d. Nella stessa giornata, a <strong data-start=\"1000\" data-end=\"1013\">Predappio<\/strong>, mille persone al raduno per la Marcia su Roma hanno eseguito saluti romani.<\/p>\n<p data-start=\"1094\" data-end=\"1270\"><strong data-start=\"1094\" data-end=\"1105\">BRESCIA<\/strong> \u2013 Dramma in famiglia: un\u2019auto con cinque giovani \u00e8 precipitata da un ponte. \u00c8 morto un ventenne, figlio di un vigile del fuoco intervenuto per primo nei soccorsi.<\/p>\n<p data-start=\"1272\" data-end=\"1485\"><strong data-start=\"1272\" data-end=\"1285\">LA THUILE<\/strong> \u2013 Due persone sono morte per un\u2019intossicazione da monossido di carbonio in una casa di montagna. Le vittime, una coppia torinese, sarebbero state sorprese nel sonno dai fumi di una stufa difettosa.<\/p>\n<p data-start=\"1487\" data-end=\"1642\"><strong data-start=\"1487\" data-end=\"1507\">MAZARA DEL VALLO<\/strong> \u2013 Denise Pipitone compie 25 anni. I genitori e il sindaco hanno ricordato il caso, simbolo di una ferita ancora aperta per l\u2019Italia.<\/p>\n<p data-start=\"1644\" data-end=\"1802\"><strong data-start=\"1644\" data-end=\"1656\">GARLASCO<\/strong> \u2013 Attesa per le nuove perizie sul delitto di Chiara Poggi: il nodo resta l\u2019orario della morte, elemento chiave nella condanna di Alberto Stasi.<\/p>\n<p data-start=\"1804\" data-end=\"2018\"><strong data-start=\"1804\" data-end=\"1815\">PALERMO<\/strong> \u2013 Svolta giudiziaria sull\u2019omicidio di Piersanti Mattarella: l\u2019ex prefetto Piritore, arrestato per depistaggio, ha dichiarato al gip di aver \u201cfatto confusione\u201d sul guanto trovato sul luogo del delitto.<\/p>\n<p data-start=\"2020\" data-end=\"2204\"><strong data-start=\"2020\" data-end=\"2028\">ROMA<\/strong> \u2013 Il Sinodo propone che la Cei appoggi le giornate contro l\u2019omofobia e discuta una maggiore presenza delle donne nella Chiesa, ipotesi che divide l\u2019assemblea episcopale.<\/p>\n<p data-start=\"2206\" data-end=\"2342\" data-is-last-node=\"\" data-is-only-node=\"\">\n<\/div>\n<\/div>\n<\/div>\n<\/article>\n<div class=\"pointer-events-none h-px w-px\" aria-hidden=\"true\" data-edge=\"true\"><\/div>\n<\/div>\n<\/div>\n<\/div>\n<\/div>\n<\/div>\n<\/div>\n<\/div>\n<\/article>\n<\/div>\n<\/div>\n<\/div>\n<\/div>\n<article class=\"text-token-text-primary w-full focus:outline-none scroll-mt-[calc(var(--header-height)+min(200px,max(70px,20svh)))]\" dir=\"auto\" tabindex=\"-1\" data-testid=\"conversation-turn-72\" data-scroll-anchor=\"true\" data-turn=\"assistant\">\n<div class=\"text-base my-auto mx-auto pb-10 [--thread-content-margin:--spacing(4)] @[37rem]:[--thread-content-margin:--spacing(6)] @[72rem]:[--thread-content-margin:--spacing(16)] px-(--thread-content-margin)\">\n<div class=\"[--thread-content-max-width:32rem] @[34rem]:[--thread-content-max-width:40rem] @[64rem]:[--thread-content-max-width:48rem] mx-auto max-w-(--thread-content-max-width) flex-1 group\/turn-messages focus-visible:outline-hidden relative flex w-full min-w-0 flex-col agent-turn\" tabindex=\"-1\">\n<div class=\"flex max-w-full flex-col grow\">\n<div class=\"min-h-8 text-message relative flex w-full flex-col items-end gap-2 text-start break-words whitespace-normal [.text-message+&amp;]:mt-5\" dir=\"auto\" data-message-author-role=\"assistant\" data-message-id=\"6ad35c52-e3d0-4186-88d9-35bb4972681f\" data-message-model-slug=\"gpt-4o\">\n<div class=\"flex w-full flex-col gap-1 empty:hidden first:pt-[3px]\">\n<div class=\"markdown prose dark:prose-invert w-full break-words dark\">\n<article class=\"text-token-text-primary w-full\" dir=\"auto\" data-testid=\"conversation-turn-163\" data-scroll-anchor=\"true\">\n<div class=\"text-base my-auto mx-auto pb-10 [--thread-content-margin:--spacing(4)] @[37rem]:[--thread-content-margin:--spacing(6)] @[72rem]:[--thread-content-margin:--spacing(16)] px-(--thread-content-margin)\">\n<div class=\"[--thread-content-max-width:32rem] @[34rem]:[--thread-content-max-width:40rem] @[64rem]:[--thread-content-max-width:48rem] mx-auto flex max-w-(--thread-content-max-width) flex-1 text-base gap-4 md:gap-5 lg:gap-6 group\/turn-messages focus-visible:outline-hidden\" tabindex=\"-1\">\n<div class=\"group\/conversation-turn relative flex w-full min-w-0 flex-col agent-turn\">\n<div class=\"relative flex-col gap-1 md:gap-3\">\n<div class=\"flex max-w-full flex-col grow\">\n<div class=\"min-h-8 text-message relative flex w-full flex-col items-end gap-2 text-start break-words whitespace-normal [.text-message+&amp;]:mt-5\" dir=\"auto\" data-message-author-role=\"assistant\" data-message-id=\"efdea043-c36a-42e6-8e01-aec593793ec1\" data-message-model-slug=\"gpt-4o\">\n<div class=\"flex w-full flex-col gap-1 empty:hidden first:pt-[3px]\">\n<div class=\"markdown prose dark:prose-invert w-full break-words dark\">\n<article class=\"text-token-text-primary w-full focus:outline-none scroll-mt-[calc(var(--header-height)+min(200px,max(70px,20svh)))]\" dir=\"auto\" tabindex=\"-1\" data-testid=\"conversation-turn-162\" data-scroll-anchor=\"true\" data-turn=\"assistant\">\n<div class=\"text-base my-auto mx-auto pb-10 [--thread-content-margin:--spacing(4)] @[37rem]:[--thread-content-margin:--spacing(6)] @[72rem]:[--thread-content-margin:--spacing(16)] px-(--thread-content-margin)\">\n<div class=\"[--thread-content-max-width:32rem] @[34rem]:[--thread-content-max-width:40rem] @[64rem]:[--thread-content-max-width:48rem] mx-auto max-w-(--thread-content-max-width) flex-1 group\/turn-messages focus-visible:outline-hidden relative flex w-full min-w-0 flex-col agent-turn\" tabindex=\"-1\">\n<div class=\"flex max-w-full flex-col grow\">\n<div class=\"min-h-8 text-message relative flex w-full flex-col items-end gap-2 text-start break-words whitespace-normal [.text-message+&amp;]:mt-5\" dir=\"auto\" data-message-author-role=\"assistant\" data-message-id=\"842efa5e-0b6b-4c68-b1eb-9dd894bae6c3\" data-message-model-slug=\"gpt-4o\">\n<div class=\"flex w-full flex-col gap-1 empty:hidden first:pt-[3px]\">\n<div class=\"markdown prose dark:prose-invert w-full break-words dark\">\n<div class=\"flex basis-auto flex-col -mb-(--composer-overlap-px) [--composer-overlap-px:55px] grow overflow-hidden\">\n<div class=\"relative h-full\">\n<div class=\"flex h-full flex-col overflow-y-auto [scrollbar-gutter:stable_both-edges] @[84rem]\/thread:pt-(--header-height)\">\n<div class=\"@thread-xl\/thread:pt-header-height flex flex-col text-sm pb-25\">\n<article class=\"text-token-text-primary w-full focus:outline-none scroll-mt-[calc(var(--header-height)+min(200px,max(70px,20svh)))]\" dir=\"auto\" tabindex=\"-1\" data-testid=\"conversation-turn-18\" data-scroll-anchor=\"true\" data-turn=\"assistant\">\n<div class=\"text-base my-auto mx-auto pb-10 [--thread-content-margin:--spacing(4)] @[37rem]:[--thread-content-margin:--spacing(6)] @[72rem]:[--thread-content-margin:--spacing(16)] px-(--thread-content-margin)\">\n<div class=\"[--thread-content-max-width:32rem] @[34rem]:[--thread-content-max-width:40rem] @[64rem]:[--thread-content-max-width:48rem] mx-auto max-w-(--thread-content-max-width) flex-1 group\/turn-messages focus-visible:outline-hidden relative flex w-full min-w-0 flex-col agent-turn\" tabindex=\"-1\">\n<div class=\"flex max-w-full flex-col grow\">\n<div class=\"min-h-8 text-message relative flex w-full flex-col items-end gap-2 text-start break-words whitespace-normal [.text-message+&amp;]:mt-5\" dir=\"auto\" data-message-author-role=\"assistant\" data-message-id=\"10a6d749-a0ed-478c-a66e-5f27b47e163c\" data-message-model-slug=\"gpt-5\">\n<div class=\"flex w-full flex-col gap-1 empty:hidden first:pt-[3px]\">\n<div class=\"markdown prose dark:prose-invert w-full break-words dark\">\n<hr data-start=\"1055\" data-end=\"1058\" \/>\n<\/div>\n<\/div>\n<\/div>\n<\/div>\n<\/div>\n<\/div>\n<\/article>\n<\/div>\n<\/div>\n<\/div>\n<\/div>\n<div id=\"thread-bottom-container\" class=\"content-fade relative isolate z-10 w-full basis-auto has-data-has-thread-error:pt-2 has-data-has-thread-error:[box-shadow:var(--sharp-edge-bottom-shadow)] md:border-transparent md:pt-0 dark:border-white\/20 md:dark:border-transparent flex flex-col\">\n<div id=\"thread-bottom\">\n<div class=\"text-base mx-auto [--thread-content-margin:--spacing(4)] @[37rem]:[--thread-content-margin:--spacing(6)] @[72rem]:[--thread-content-margin:--spacing(16)] px-(--thread-content-margin)\">\n<div class=\"[--thread-content-max-width:32rem] @[34rem]:[--thread-content-max-width:40rem] @[64rem]:[--thread-content-max-width:48rem] mx-auto max-w-(--thread-content-max-width) flex-1\">\n<div class=\"max-xs:[--force-hide-label:none] relative z-1 flex h-full max-w-full flex-1 flex-col\">\n<form class=\"w-full [view-transition-name:var(--vt-composer)]\" data-type=\"unified-composer\">\n<div class=\"bg-token-bg-primary shadow-short flex w-full cursor-text flex-col items-center justify-center overflow-clip bg-clip-padding contain-inline-size dark:bg-[#303030] rounded-[28px]\">\n<div class=\"relative flex min-h-14 w-full items-end\">\n<div class=\"relative flex w-full flex-auto flex-col\">\n<div class=\"relative mx-5 flex min-h-14 flex-auto bg-transparent items-start\">\n<div class=\"_prosemirror-parent_276o5_2 text-token-text-primary max-h-[25dvh] max-h-52 flex-1 overflow-auto [scrollbar-width:thin] default-browser vertical-scroll-fade-mask\">\n<div id=\"prompt-textarea\" class=\"ProseMirror\" contenteditable=\"true\" translate=\"no\" data-virtualkeyboard=\"true\"><\/div>\n<\/div>\n<\/div>\n<\/div>\n<\/div>\n<\/div>\n<\/form>\n<\/div>\n<\/div>\n<\/div>\n<\/div>\n<\/div>\n<\/div>\n<\/div>\n<\/div>\n<\/div>\n<\/div>\n<\/div>\n<\/article>\n<\/div>\n<\/div>\n<\/div>\n<\/div>\n<\/div>\n<\/div>\n<\/div>\n<\/div>\n<\/article>\n<\/div>\n<\/div>\n<\/div>\n<\/div>\n<\/div>\n<\/div>\n<\/article>\n<article class=\"text-token-text-primary w-full focus:outline-none scroll-mt-[calc(var(--header-height)+min(200px,max(70px,20svh)))]\" dir=\"auto\" tabindex=\"-1\" data-testid=\"conversation-turn-72\" data-scroll-anchor=\"true\" data-turn=\"assistant\">\n<div class=\"text-base my-auto mx-auto pb-10 [--thread-content-margin:--spacing(4)] @[37rem]:[--thread-content-margin:--spacing(6)] @[72rem]:[--thread-content-margin:--spacing(16)] px-(--thread-content-margin)\">\n<div class=\"[--thread-content-max-width:32rem] @[34rem]:[--thread-content-max-width:40rem] @[64rem]:[--thread-content-max-width:48rem] mx-auto max-w-(--thread-content-max-width) flex-1 group\/turn-messages focus-visible:outline-hidden relative flex w-full min-w-0 flex-col agent-turn\" tabindex=\"-1\">\n<div class=\"flex max-w-full flex-col grow\">\n<div class=\"min-h-8 text-message relative flex w-full flex-col items-end gap-2 text-start break-words whitespace-normal [.text-message+&amp;]:mt-5\" dir=\"auto\" data-message-author-role=\"assistant\" data-message-id=\"6ad35c52-e3d0-4186-88d9-35bb4972681f\" data-message-model-slug=\"gpt-4o\">\n<div class=\"flex w-full flex-col gap-1 empty:hidden first:pt-[3px]\">\n<div class=\"markdown prose dark:prose-invert w-full break-words dark\">\n<article class=\"text-token-text-primary w-full\" dir=\"auto\" data-testid=\"conversation-turn-163\" data-scroll-anchor=\"true\">\n<div class=\"text-base my-auto mx-auto pb-10 [--thread-content-margin:--spacing(4)] @[37rem]:[--thread-content-margin:--spacing(6)] @[72rem]:[--thread-content-margin:--spacing(16)] px-(--thread-content-margin)\">\n<div class=\"[--thread-content-max-width:32rem] @[34rem]:[--thread-content-max-width:40rem] @[64rem]:[--thread-content-max-width:48rem] mx-auto flex max-w-(--thread-content-max-width) flex-1 text-base gap-4 md:gap-5 lg:gap-6 group\/turn-messages focus-visible:outline-hidden\" tabindex=\"-1\">\n<div class=\"group\/conversation-turn relative flex w-full min-w-0 flex-col agent-turn\">\n<div class=\"flex items-center justify-center\"><\/div>\n<\/div>\n<\/div>\n<\/div>\n<\/article>\n<\/div>\n<\/div>\n<\/div>\n<\/div>\n<\/div>\n<\/div>\n<\/article>\n<blockquote>\n<h2><span style=\"color: #ff0000;\"><strong><a class=\"dt-pswp-item\" href=\"https:\/\/www.radiopiu.net\/wordpress\/wp-content\/uploads\/2025\/02\/download-3.jpg\" data-dt-img-description=\"\" data-large_image_width=\"223\" data-large_image_height=\"226\"><img loading=\"lazy\" decoding=\"async\" class=\"size-full wp-image-434732 alignleft\" src=\"https:\/\/www.radiopiu.net\/wordpress\/wp-content\/uploads\/2025\/02\/download-3.jpg\" alt=\"\" width=\"223\" height=\"226\" \/><\/a><\/strong>RADIOPI\u00d9<\/span> \u2013 Dalle Dolomiti alla pianura, i fatti che segnano la Regione.<\/h2>\n<\/blockquote>\n<article class=\"text-token-text-primary w-full focus:outline-none scroll-mt-[calc(var(--header-height)+min(200px,max(70px,20svh)))]\" dir=\"auto\" tabindex=\"-1\" data-testid=\"conversation-turn-112\" data-scroll-anchor=\"true\" data-turn=\"assistant\">\n<div class=\"text-base my-auto mx-auto pb-10 [--thread-content-margin:--spacing(4)] @[37rem]:[--thread-content-margin:--spacing(6)] @[72rem]:[--thread-content-margin:--spacing(16)] px-(--thread-content-margin)\">\n<div class=\"[--thread-content-max-width:32rem] @[34rem]:[--thread-content-max-width:40rem] @[64rem]:[--thread-content-max-width:48rem] mx-auto max-w-(--thread-content-max-width) flex-1 group\/turn-messages focus-visible:outline-hidden relative flex w-full min-w-0 flex-col agent-turn\" tabindex=\"-1\">\n<div class=\"flex max-w-full flex-col grow\">\n<div class=\"min-h-8 text-message relative flex w-full flex-col items-end gap-2 text-start break-words whitespace-normal [.text-message+&amp;]:mt-5\" dir=\"auto\" data-message-author-role=\"assistant\" data-message-id=\"74820017-8765-4ccc-b0c7-da916c45f87f\" data-message-model-slug=\"gpt-5\">\n<div class=\"flex w-full flex-col gap-1 empty:hidden first:pt-[3px]\">\n<div class=\"markdown prose dark:prose-invert w-full break-words dark\">\n<article class=\"text-token-text-primary w-full focus:outline-none [--shadow-height:45px] has-data-writing-block:pointer-events-none has-data-writing-block:-mt-(--shadow-height) has-data-writing-block:pt-(--shadow-height) [&amp;:has([data-writing-block])&gt;*]:pointer-events-auto scroll-mt-[calc(var(--header-height)+min(200px,max(70px,20svh)))]\" dir=\"auto\" tabindex=\"-1\" data-turn-id=\"request-WEB:53f6fc62-b1fc-4e54-82c6-eb0c08aa523c-13\" data-testid=\"conversation-turn-28\" data-scroll-anchor=\"true\" data-turn=\"assistant\">\n<div class=\"text-base my-auto mx-auto pb-10 [--thread-content-margin:--spacing(4)] thread-sm:[--thread-content-margin:--spacing(6)] thread-lg:[--thread-content-margin:--spacing(16)] px-(--thread-content-margin)\">\n<div class=\"[--thread-content-max-width:40rem] thread-lg:[--thread-content-max-width:48rem] mx-auto max-w-(--thread-content-max-width) flex-1 group\/turn-messages focus-visible:outline-hidden relative flex w-full min-w-0 flex-col agent-turn\" tabindex=\"-1\">\n<div class=\"flex max-w-full flex-col grow\">\n<div class=\"min-h-8 text-message relative flex w-full flex-col items-end gap-2 text-start break-words whitespace-normal [.text-message+&amp;]:mt-1\" dir=\"auto\" data-message-author-role=\"assistant\" data-message-id=\"b2be96ab-7eb0-4ea2-971f-f62feff14388\" data-message-model-slug=\"gpt-5\">\n<div class=\"flex w-full flex-col gap-1 empty:hidden first:pt-[1px]\">\n<div class=\"markdown prose dark:prose-invert w-full break-words dark markdown-new-styling\">\n<p data-start=\"2206\" data-end=\"2342\" data-is-last-node=\"\" data-is-only-node=\"\"><strong data-start=\"130\" data-end=\"140\">ROVIGO<\/strong> \u2013 Inseguiti in auto con una targa clonata, tre napoletani sono stati arrestati in flagranza di reato. Il gip ha convalidato l\u2019arresto disponendo per tutti l\u2019obbligo di residenza e la sorveglianza speciale.<\/p>\n<\/div>\n<\/div>\n<\/div>\n<\/div>\n<\/div>\n<\/div>\n<\/article>\n<\/div>\n<\/div>\n<\/div>\n<\/div>\n<\/div>\n<\/div>\n<\/article>\n<p data-start=\"350\" data-end=\"539\"><strong data-start=\"350\" data-end=\"369\">CASTEL D\u2019AZZANO<\/strong> \u2013 Il Comune intitoler\u00e0 tre vie ai carabinieri caduti in servizio. La proposta, condivisa con l\u2019Arma, sar\u00e0 ora presentata alla Prefettura per l\u2019approvazione definitiva.<\/p>\n<p data-start=\"541\" data-end=\"717\"><strong data-start=\"541\" data-end=\"551\">MILANO<\/strong> \u2013 Massimo Cacciari si \u00e8 sposato a 81 anni con Chiara Patriarca, 52. Le nozze, celebrate in forma privata, hanno visto la partecipazione di pochi amici e familiari.<\/p>\n<p data-start=\"719\" data-end=\"913\"><strong data-start=\"719\" data-end=\"729\">VERONA<\/strong> \u2013 Consegnati i Premi Masi 2025: i cinque vincitori hanno firmato la storica botte di Amarone. Tema dell\u2019edizione, \u201cProgresso e conflitti\u201d, dedicato al dialogo tra scienza e cultura.<\/p>\n<p data-start=\"915\" data-end=\"1097\"><strong data-start=\"915\" data-end=\"926\">VENEZIA<\/strong> \u2013 Il Veneto conferma la leadership nazionale per sostenibilit\u00e0 turistica: campeggi e villaggi della regione sono stati premiati al Forum Open Air di Faita-Federcamping.<\/p>\n<p data-start=\"1099\" data-end=\"1267\"><strong data-start=\"1099\" data-end=\"1109\">PADOVA<\/strong> \u2013 \u201cChi l\u2019ha visto?\u201d rilancia l\u2019appello per rintracciare l\u2019erede di un uomo morto per Covid. Secondo le indagini, l\u2019uomo potrebbe essere nato a <strong data-start=\"1253\" data-end=\"1264\">Trieste<\/strong>.<\/p>\n<p data-start=\"1269\" data-end=\"1461\"><strong data-start=\"1269\" data-end=\"1280\">TREVISO<\/strong> \u2013 Otto giovani atleti quindicenni con la sindrome del \u201cQt lungo\u201d tornano all\u2019attivit\u00e0 agonistica grazie a un innovativo programma di monitoraggio cardiaco sperimentato in Veneto.<\/p>\n<p data-start=\"1463\" data-end=\"1659\"><strong data-start=\"1463\" data-end=\"1473\">VERONA<\/strong> \u2013 Nei pronto soccorso dell\u2019Ulss 9 arrivano i braccialetti anti-aggressione. Il progetto, finanziato con 138mila euro, prevede 290 dispositivi per la sicurezza del personale sanitario.<\/p>\n<p data-start=\"1661\" data-end=\"1863\"><strong data-start=\"1661\" data-end=\"1678\">SOMMACAMPAGNA<\/strong> \u2013 Incendio nella notte in una taverna al piano terra di una villetta: due famiglie sono state evacuate. I vigili del fuoco hanno evitato che le fiamme si estendessero all\u2019abitazione.<\/p>\n<p data-start=\"1865\" data-end=\"2011\" data-is-last-node=\"\" data-is-only-node=\"\"><strong data-start=\"1865\" data-end=\"1874\">METEO<\/strong> \u2013 Cielo sereno e clima mite al mattino, nubi in aumento dal pomeriggio con possibili piogge sulle aree montane. Temperature stazionarie.<\/p>\n<h1><span style=\"color: #ff0000;\"><span style=\"color: #0000ff;\">ULTIM&#8217;ORA<\/span> <span style=\"color: #000000;\">AUDIO dalle sette del mattino, ogni ora alla radio EDIZIONE DELLE SETTE<\/span><\/span><\/h1>\n<audio class=\"wp-audio-shortcode\" id=\"audio-477179-5\" preload=\"none\" style=\"width: 100%;\" controls=\"controls\"><source type=\"audio\/mpeg\" src=\"https:\/\/www.radiopiu.net\/wordpress\/wp-content\/uploads\/2025\/10\/giornale07-25.mp3?_=5\" \/><a href=\"https:\/\/www.radiopiu.net\/wordpress\/wp-content\/uploads\/2025\/10\/giornale07-25.mp3\">https:\/\/www.radiopiu.net\/wordpress\/wp-content\/uploads\/2025\/10\/giornale07-25.mp3<\/a><\/audio>\n<p>&nbsp;<\/p>\n<hr \/>\n<p>&nbsp;<\/p>\n<h1><span style=\"color: #ff0000;\"><a class=\"dt-pswp-item\" href=\"https:\/\/www.radiopiu.net\/wordpress\/wp-content\/uploads\/2024\/11\/8.jpg\" data-dt-img-description=\"\" data-large_image_width=\"180\" data-large_image_height=\"180\"><img loading=\"lazy\" decoding=\"async\" class=\"size-full wp-image-417910 alignleft\" src=\"https:\/\/www.radiopiu.net\/wordpress\/wp-content\/uploads\/2024\/11\/8.jpg\" alt=\"\" width=\"180\" height=\"180\" srcset=\"https:\/\/www.radiopiu.net\/wordpress\/wp-content\/uploads\/2024\/11\/8.jpg 180w, https:\/\/www.radiopiu.net\/wordpress\/wp-content\/uploads\/2024\/11\/8-150x150.jpg 150w\" sizes=\"auto, (max-width: 180px) 100vw, 180px\" \/><\/a>I podcast informativi del mattino &#8211; video &#8211;\u00a0<\/span><\/h1>\n<h2 style=\"text-align: left;\"><strong>RASSEGNA STAMPA LOCALE, ORE OTTO<\/strong><\/h2>\n<h2><strong> <span style=\"color: #0000ff;\">viene\u00a0 <\/span><\/strong><strong><span style=\"color: #0000ff;\">pubblicata alle 8.05 <span style=\"color: #ff0000;\">DIRETTA RADIO\u00a0 \u00a0<\/span><\/span><\/strong><strong>DI MIRKO MEZZACASA<\/strong><\/h2>\n<h1><span style=\"color: #ff0000;\"><strong>VIDEO\u00a0 \u00a0in diretta AGGIORNAMENTO\u00a0 dalle 8 del mattino\u00a0 \u00a0<\/strong><\/span><\/h1>\n<div class=\"page-title-head hgroup\"><\/div>\n<div><\/div>\n<div><\/div>\n<div>\n\n\t\t\t<style type='text\/css'>\n\t\t\t\t#gallery-1 {\n\t\t\t\t\tmargin: auto;\n\t\t\t\t}\n\t\t\t\t#gallery-1 .gallery-item {\n\t\t\t\t\tfloat: left;\n\t\t\t\t\tmargin-top: 10px;\n\t\t\t\t\ttext-align: center;\n\t\t\t\t\twidth: 33%;\n\t\t\t\t}\n\t\t\t\t#gallery-1 img {\n\t\t\t\t\tborder: 2px solid #cfcfcf;\n\t\t\t\t}\n\t\t\t\t#gallery-1 .gallery-caption {\n\t\t\t\t\tmargin-left: 0;\n\t\t\t\t}\n\t\t\t\t\/* see gallery_shortcode() in wp-includes\/media.php *\/\n\t\t\t<\/style>\n\t\t<div id='gallery-1' class='dt-gallery-container gallery galleryid-477179 gallery-columns-3 gallery-size-large'><dl class='gallery-item'>\n\t\t\t\t<dt class='gallery-icon landscape'>\n\t\t\t\t\t<a class=\"rollover rollover-zoom dt-pswp-item\" title=\"COOP1\" data-dt-img-description=\"\" data-large_image_width=\"681\" data-large_image_height=\"286\"href='https:\/\/www.radiopiu.net\/wordpress\/wp-content\/uploads\/2025\/10\/COOP1-4.png'><img loading=\"lazy\" decoding=\"async\" width=\"681\" height=\"286\" src=\"https:\/\/www.radiopiu.net\/wordpress\/wp-content\/uploads\/2025\/10\/COOP1-4.png\" class=\"attachment-large size-large\" alt=\"\" srcset=\"https:\/\/www.radiopiu.net\/wordpress\/wp-content\/uploads\/2025\/10\/COOP1-4.png 681w, https:\/\/www.radiopiu.net\/wordpress\/wp-content\/uploads\/2025\/10\/COOP1-4-300x126.png 300w\" sizes=\"auto, (max-width: 681px) 100vw, 681px\" \/><\/a>\n\t\t\t\t<\/dt><\/dl><dl class='gallery-item'>\n\t\t\t\t<dt class='gallery-icon landscape'>\n\t\t\t\t\t<a class=\"rollover rollover-zoom dt-pswp-item\" title=\"COOP3\" data-dt-img-description=\"\" data-large_image_width=\"493\" data-large_image_height=\"266\"href='https:\/\/www.radiopiu.net\/wordpress\/wp-content\/uploads\/2025\/10\/COOP3-5.png'><img loading=\"lazy\" decoding=\"async\" width=\"493\" height=\"266\" src=\"https:\/\/www.radiopiu.net\/wordpress\/wp-content\/uploads\/2025\/10\/COOP3-5.png\" class=\"attachment-large size-large\" alt=\"\" srcset=\"https:\/\/www.radiopiu.net\/wordpress\/wp-content\/uploads\/2025\/10\/COOP3-5.png 493w, https:\/\/www.radiopiu.net\/wordpress\/wp-content\/uploads\/2025\/10\/COOP3-5-300x162.png 300w\" sizes=\"auto, (max-width: 493px) 100vw, 493px\" \/><\/a>\n\t\t\t\t<\/dt><\/dl><dl class='gallery-item'>\n\t\t\t\t<dt class='gallery-icon landscape'>\n\t\t\t\t\t<a class=\"rollover rollover-zoom dt-pswp-item\" title=\"COOP2\" data-dt-img-description=\"\" data-large_image_width=\"502\" data-large_image_height=\"262\"href='https:\/\/www.radiopiu.net\/wordpress\/wp-content\/uploads\/2025\/10\/COOP2-4.png'><img loading=\"lazy\" decoding=\"async\" width=\"502\" height=\"262\" src=\"https:\/\/www.radiopiu.net\/wordpress\/wp-content\/uploads\/2025\/10\/COOP2-4.png\" class=\"attachment-large size-large\" alt=\"\" srcset=\"https:\/\/www.radiopiu.net\/wordpress\/wp-content\/uploads\/2025\/10\/COOP2-4.png 502w, https:\/\/www.radiopiu.net\/wordpress\/wp-content\/uploads\/2025\/10\/COOP2-4-300x157.png 300w\" sizes=\"auto, (max-width: 502px) 100vw, 502px\" \/><\/a>\n\t\t\t\t<\/dt><\/dl><br style=\"clear: both\" \/>\n\t\t\t<\/div>\n\n<\/div>\n<div>\n<p><iframe loading=\"lazy\" title=\"DAL 1983 LA RASSEGNA STAMPA LOCALE di mirko mezzacasa. L&#039;ORIGINALE\" width=\"1200\" height=\"675\" src=\"https:\/\/www.youtube.com\/embed\/QZcLOxceXBk?feature=oembed\" frameborder=\"0\" allow=\"accelerometer; autoplay; clipboard-write; encrypted-media; gyroscope; picture-in-picture; web-share\" referrerpolicy=\"strict-origin-when-cross-origin\" allowfullscreen><\/iframe><\/p>\n<\/div>\n<div><\/div>\n<div><\/div>\n<div class=\"page-title-breadcrumbs\"><\/div>\n<hr \/>\n<p>&nbsp;<\/p>\n<p><strong><a class=\"dt-pswp-item\" href=\"https:\/\/www.radiopiu.net\/wordpress\/wp-content\/uploads\/2023\/12\/ANTENNA.png\" data-dt-img-description=\"\" data-large_image_width=\"300\" data-large_image_height=\"166\"><img loading=\"lazy\" decoding=\"async\" class=\"wp-image-366306 alignright\" src=\"https:\/\/www.radiopiu.net\/wordpress\/wp-content\/uploads\/2023\/12\/ANTENNA.png\" alt=\"\" width=\"101\" height=\"56\" \/><\/a><a class=\"dt-pswp-item\" href=\"https:\/\/www.radiopiu.net\/wordpress\/wp-content\/uploads\/2024\/11\/th-17.jpg\" data-dt-img-description=\"\" data-large_image_width=\"224\" data-large_image_height=\"180\"><img loading=\"lazy\" decoding=\"async\" class=\" wp-image-421610 alignleft\" src=\"https:\/\/www.radiopiu.net\/wordpress\/wp-content\/uploads\/2024\/11\/th-17.jpg\" alt=\"\" width=\"167\" height=\"134\" \/><\/a>ogni sera alle 19 le anticipazioni alla radio, quello che poi seguirete nel TELEGIORNALE BELLUNESE\u00a0 in onda alle 19.30 sul CANALE 10 del digitale terrestre.\u00a0\u00a0<\/strong><\/p>\n<p><b>\u00a0<\/b><\/p>\n<p>&nbsp;<\/p>\n<p>&nbsp;<\/p>\n<blockquote>\n<h2><span style=\"color: #ff0000;\">ANTICIPAZIONI, DI\u00a0 TIZIANA BOLOGNANI<\/span><\/h2>\n<\/blockquote>\n<p>&nbsp;<\/p>\n<hr \/>\n<p>&nbsp;<\/p>\n<blockquote>\n<h3><a class=\"dt-pswp-item\" href=\"https:\/\/www.radiopiu.net\/wordpress\/wp-content\/uploads\/2025\/09\/6cd00d19-fcc3-41ef-b687-64ff8c1c22e1.jpg\" data-dt-img-description=\"\" data-large_image_width=\"2016\" data-large_image_height=\"1216\"><img loading=\"lazy\" decoding=\"async\" class=\" wp-image-471071 alignleft\" src=\"https:\/\/www.radiopiu.net\/wordpress\/wp-content\/uploads\/2025\/09\/6cd00d19-fcc3-41ef-b687-64ff8c1c22e1-300x181.jpg\" alt=\"\" width=\"234\" height=\"141\" srcset=\"https:\/\/www.radiopiu.net\/wordpress\/wp-content\/uploads\/2025\/09\/6cd00d19-fcc3-41ef-b687-64ff8c1c22e1-300x181.jpg 300w, https:\/\/www.radiopiu.net\/wordpress\/wp-content\/uploads\/2025\/09\/6cd00d19-fcc3-41ef-b687-64ff8c1c22e1-1024x618.jpg 1024w, https:\/\/www.radiopiu.net\/wordpress\/wp-content\/uploads\/2025\/09\/6cd00d19-fcc3-41ef-b687-64ff8c1c22e1-768x463.jpg 768w, https:\/\/www.radiopiu.net\/wordpress\/wp-content\/uploads\/2025\/09\/6cd00d19-fcc3-41ef-b687-64ff8c1c22e1-1536x926.jpg 1536w, https:\/\/www.radiopiu.net\/wordpress\/wp-content\/uploads\/2025\/09\/6cd00d19-fcc3-41ef-b687-64ff8c1c22e1.jpg 2016w\" sizes=\"auto, (max-width: 234px) 100vw, 234px\" \/><\/a>PASSO FEDAIA CHIUSO LATO TRENTINO ALTO ADIGE<\/h3>\n<\/blockquote>\n<p><strong>REDAZIONE<\/strong> Fino al 31 ottobre 2025 la Strada Statale 641 del Passo Fedaia rester\u00e0 chiusa al traffico lato da Canazei al Passo Nessun problema tra Rocca Pietore e la diga, si transita regolarmente<\/p>\n<p>&nbsp;<\/p>\n<p>&nbsp;<\/p>\n<p>&nbsp;<\/p>\n<p>&nbsp;<\/p>\n<hr \/>\n<p>&nbsp;<\/p>\n<blockquote>\n<h3><a class=\"dt-pswp-item\" href=\"https:\/\/www.radiopiu.net\/wordpress\/wp-content\/uploads\/2024\/10\/ANAS.jpg\" data-dt-img-description=\"\" data-large_image_width=\"842\" data-large_image_height=\"595\"><img loading=\"lazy\" decoding=\"async\" class=\" wp-image-414157 alignleft\" src=\"https:\/\/www.radiopiu.net\/wordpress\/wp-content\/uploads\/2024\/10\/ANAS-300x212.jpg\" alt=\"\" width=\"166\" height=\"117\" srcset=\"https:\/\/www.radiopiu.net\/wordpress\/wp-content\/uploads\/2024\/10\/ANAS-300x212.jpg 300w, https:\/\/www.radiopiu.net\/wordpress\/wp-content\/uploads\/2024\/10\/ANAS-768x543.jpg 768w, https:\/\/www.radiopiu.net\/wordpress\/wp-content\/uploads\/2024\/10\/ANAS.jpg 842w\" sizes=\"auto, (max-width: 166px) 100vw, 166px\" \/><\/a>LAVORI DI MANUTENZIONE SUL PONTE DI RIO VALBONA A OSPITALE DI CADORE<\/h3>\n<\/blockquote>\n<p><strong>VENEZIA<\/strong>\u00a0 I veicoli sotto le 3,5 tonnellate saranno deviati su via Roma, mentre rester\u00e0 garantito l\u2019accesso a residenti,\u00a0 Per i mezzi pesanti oltre 3,5 tonnellate scatter\u00e0 il divieto di transito con deviazione sulla SS 51.<\/p>\n<p>&nbsp;<\/p>\n<blockquote>\n<h3><strong data-start=\"0\" data-end=\"74\">CHIUSURA A FASCE ORARIE DELLA SS51 PER LAVORI ALLA ROCCA DI BOTESTAGNO<\/strong><\/h3>\n<\/blockquote>\n<p>Dal 13 al 31 ottobre la SS51 \u201cdi Alemagna\u201d sar\u00e0 chiusa al traffico tra il km 109,100 e il km 111,200 per interventi di messa in sicurezza della parete rocciosa presso la Rocca di Botestagno. La chiusura totale sar\u00e0 attiva dal luned\u00ec al venerd\u00ec nelle fasce 09:00-13:00 e 14:00-18:00. Durante questi orari, il traffico tra Cortina e Dobbiaco\/Carbonin sar\u00e0 deviato lungo la SR48 e la SP49 attraverso il lago di Misurina.<\/p>\n<p>&nbsp;<\/p>\n<hr \/>\n<p>&nbsp;<\/p>\n<blockquote>\n<h3>SP 25 \u201cPASSO VALLES\u201d: CHIUSURE TEMPORANEE A FALCADE<\/h3>\n<\/blockquote>\n<p><strong>SEDICO <\/strong>Veneto Strade comunica che sulla S.P. 25 \u201cPasso Valles\u201d, nel tratto tra il Bivio Valles e Caverson, nel comune di Falcade, dal 27 ottobre al 28 novembre, la strada sar\u00e0 soggetta a chiusure temporanee per lavori di taglio di piante pericolanti. Le interruzioni, regolate da movieri, avverranno nei giorni feriali dalle ore 8 alle 12 e dalle 13 alle 16, con chiusure di massimo 30 minuti. I sabati, le domeniche e i festivi infrasettimanali non sono interessati dai lavori.<\/p>\n<p>&nbsp;<\/p>\n<hr \/>\n<p>&nbsp;<\/p>\n<blockquote>\n<h3>LAVORI PROGRAMMATI SIB<\/h3>\n<\/blockquote>\n<p><strong>VALLADA<\/strong> Per lavori alla rete idrica comunale, domani dalle 8 alle 17\u00a0 verr\u00e0 sospesa l\u2019erogazione dell\u2019acqua\u00a0 in Localit\u00e0 Andrich, Cogul, Piaz e San Simon.<\/p>\n<p>&nbsp;<\/p>\n<hr \/>\n<p>&nbsp;<\/p>\n<blockquote>\n<h3>ACQUA NON POTABILE IN DUE ZONE DI LIVINALLONGO<\/h3>\n<\/blockquote>\n<p><strong><a class=\"dt-pswp-item\" href=\"https:\/\/www.radiopiu.net\/wordpress\/wp-content\/uploads\/2022\/05\/acqua.jpg\" data-dt-img-description=\"\" data-large_image_width=\"1920\" data-large_image_height=\"1275\"><img loading=\"lazy\" decoding=\"async\" class=\" wp-image-274889 alignleft\" src=\"https:\/\/www.radiopiu.net\/wordpress\/wp-content\/uploads\/2022\/05\/acqua-300x199.jpg\" alt=\"\" width=\"106\" height=\"70\" srcset=\"https:\/\/www.radiopiu.net\/wordpress\/wp-content\/uploads\/2022\/05\/acqua-300x199.jpg 300w, https:\/\/www.radiopiu.net\/wordpress\/wp-content\/uploads\/2022\/05\/acqua-1024x680.jpg 1024w, https:\/\/www.radiopiu.net\/wordpress\/wp-content\/uploads\/2022\/05\/acqua-768x510.jpg 768w, https:\/\/www.radiopiu.net\/wordpress\/wp-content\/uploads\/2022\/05\/acqua-1536x1020.jpg 1536w, https:\/\/www.radiopiu.net\/wordpress\/wp-content\/uploads\/2022\/05\/acqua.jpg 1920w\" sizes=\"auto, (max-width: 106px) 100vw, 106px\" \/><\/a>LIVINALLONGO<\/strong> Servizi Integrati Bellunesi informa che a LIvinallongo Del\u00a0 Col Di Lana nelle localit\u00e0 Larzonei e Collaz l&#8217;acqua erogata dall&#8217;acquedotto non \u00e8 potabile e pu\u00f2 essere usata per scopi alimentari solo previa bollitura. Verr\u00e0 effettuato servizio sostitutivo con consegna di acqua in bottiglia presso le utenze interessate. SIB ha, comunque, gi\u00e0 adottato le necessarie misure di pulizia e disinfezione dell&#8217;acqua presente nei serbatoi e nella rete idrica.<\/p>\n<p>&nbsp;<\/p>\n<p>&nbsp;<\/p>\n<hr \/>\n<p>&nbsp;<\/p>\n<blockquote>\n<h3>MUORE NEL SONNO A 18 ANNI, IL DOLORE ARRIVA ANCHE A FELTRE<\/h3>\n<\/blockquote>\n<p><strong><a class=\"dt-pswp-item\" href=\"https:\/\/www.radiopiu.net\/wordpress\/wp-content\/uploads\/2025\/10\/Immagine-2025-10-26-070451.png\" data-dt-img-description=\"\" data-large_image_width=\"224\" data-large_image_height=\"177\"><img loading=\"lazy\" decoding=\"async\" class=\" wp-image-477332 alignleft\" src=\"https:\/\/www.radiopiu.net\/wordpress\/wp-content\/uploads\/2025\/10\/Immagine-2025-10-26-070451.png\" alt=\"\" width=\"172\" height=\"136\" \/><\/a>PEDEROBBA (TV)\u00a0 <\/strong>Tragedia nella Marca: Chiara Zardo, 18 anni, \u00e8 stata trovata senza vita dalla madre nella loro abitazione di piazza Guarnier. La donna, Elisa Cianillo, dopo aver chiamato i soccorsi ha tentato disperatamente di rianimarla, ma per la giovane non c\u2019era pi\u00f9 nulla da fare. Il pap\u00e0, No\u00e8 Zardo, \u00e8 maresciallo dei carabinieri in pensione, molto conosciuto anche a Feltre, dove ha prestato servizio per anni, prima alla stazione di Quero e poi al Nucleo Radiomobile. Chiara, che avrebbe dovuto iniziare la formazione da operatrice sociosanitaria all\u2019ospedale di Montebelluna, potrebbe essere stata stroncata da un arresto cardiaco nel sonno. Un dramma che ha scosso profondamente Pederobba e Feltre, unite nel dolore di una giovane vita spezzata troppo presto.<\/p>\n<p>&nbsp;<\/p>\n<p>&nbsp;<\/p>\n<hr \/>\n<p>&nbsp;<\/p>\n<blockquote>\n<h3>BOSCAIOLO TREVIGIANO PERDE LA VITA A LIVINALLONGO<\/h3>\n<\/blockquote>\n<p><strong><a class=\"dt-pswp-item\" href=\"https:\/\/www.radiopiu.net\/wordpress\/wp-content\/uploads\/2025\/10\/025684af-badd-4607-bb77-20eb82853c82.jpg\" data-dt-img-description=\"\" data-large_image_width=\"1179\" data-large_image_height=\"908\"><img loading=\"lazy\" decoding=\"async\" class=\" wp-image-477280 alignleft\" src=\"https:\/\/www.radiopiu.net\/wordpress\/wp-content\/uploads\/2025\/10\/025684af-badd-4607-bb77-20eb82853c82-300x231.jpg\" alt=\"\" width=\"188\" height=\"145\" srcset=\"https:\/\/www.radiopiu.net\/wordpress\/wp-content\/uploads\/2025\/10\/025684af-badd-4607-bb77-20eb82853c82-300x231.jpg 300w, https:\/\/www.radiopiu.net\/wordpress\/wp-content\/uploads\/2025\/10\/025684af-badd-4607-bb77-20eb82853c82-1024x789.jpg 1024w, https:\/\/www.radiopiu.net\/wordpress\/wp-content\/uploads\/2025\/10\/025684af-badd-4607-bb77-20eb82853c82-768x591.jpg 768w, https:\/\/www.radiopiu.net\/wordpress\/wp-content\/uploads\/2025\/10\/025684af-badd-4607-bb77-20eb82853c82.jpg 1179w\" sizes=\"auto, (max-width: 188px) 100vw, 188px\" \/><\/a>LIVINALLONGO<\/strong> Tragedia nel primo pomeriggio di oggi a Livinallongo del Col di Lana. Un uomo di 42 anni, Tony Facchin, originario di Pederobba (Treviso), ha perso la vita . Il boscaiolo trevigiano lavorava nella zona per sistemare una recinzione quando qualcosa \u00e8 andato storto: l&#8217;uomo \u00e8 caduto in un fosso, riportando gravi traumi alla testa e al torace. Un trauma violento ma non fatale che ha consentito al 42enne di rientrare fino al mezzo e una manciata di minuti prima delle 14 l&#8217;uomo ha perso conoscenza ed \u00e8 spirato. Sul posto sono intervenuti l\u2019elisoccorso Falco e i sanitari di Colle Santa Lucia, che hanno tentato invano di rianimarlo.\u00a0 Le autorit\u00e0 stanno indagando per chiarire l\u2019esatta dinamica dell\u2019incidente.<br \/>\n(foto, IN FRAZIONE COLLAZ LUNGO LA STRADA PRINCIPALE CHE COLLEGA PIEVE DI LIVINALLONGO AD ARABBA)<\/p>\n<p>&nbsp;<\/p>\n<p>&nbsp;<\/p>\n<blockquote>\n<h3>UNA FAMIGLIA SEGNATA DAL DOLORE: IL RICORDO DI FACCHIN E DELLA SUA STORIA<\/h3>\n<\/blockquote>\n<p><strong><a class=\"dt-pswp-item\" href=\"https:\/\/www.radiopiu.net\/wordpress\/wp-content\/uploads\/2025\/10\/Immagine-2025-10-26-062648.png\" data-dt-img-description=\"\" data-large_image_width=\"170\" data-large_image_height=\"169\"><img loading=\"lazy\" decoding=\"async\" class=\" wp-image-477315 alignleft\" src=\"https:\/\/www.radiopiu.net\/wordpress\/wp-content\/uploads\/2025\/10\/Immagine-2025-10-26-062648.png\" alt=\"\" width=\"123\" height=\"122\" srcset=\"https:\/\/www.radiopiu.net\/wordpress\/wp-content\/uploads\/2025\/10\/Immagine-2025-10-26-062648.png 170w, https:\/\/www.radiopiu.net\/wordpress\/wp-content\/uploads\/2025\/10\/Immagine-2025-10-26-062648-150x150.png 150w\" sizes=\"auto, (max-width: 123px) 100vw, 123px\" \/><\/a>LONGARONE<\/strong> Frequentava spesso Longarone, dove \u00e8 originaria la madre Maura. L\u00ec aveva amici, affetti, legami profondi. La vita di Facchin, per\u00f2, \u00e8 stata segnata dal dolore fin da giovane: la famiglia aveva gi\u00e0 vissuto una tragedia terribile, quella dello scoppio del camper in cui si trovava il padre Remo, un episodio che aveva sconvolto l\u2019intera comunit\u00e0. Un destino crudele che torna a colpire, lasciando ancora una volta sgomento e tristezza tra chi conosceva la famiglia, stimata e benvoluta. A Longarone, come in tutta la vallata, in molti oggi ricordano quel sorriso e la gentilezza di un ragazzo cresciuto tra due comunit\u00e0 unite ora nello stesso dolore.<\/p>\n<p>&nbsp;<\/p>\n<p>&nbsp;<\/p>\n<p>&nbsp;<\/p>\n<hr \/>\n<p>&nbsp;<\/p>\n<blockquote>\n<h3 class=\"entry-title\"><a class=\"dt-pswp-item\" href=\"https:\/\/www.radiopiu.net\/wordpress\/wp-content\/uploads\/2025\/10\/Immagine-2025-10-26-063612.png\" data-dt-img-description=\"\" data-large_image_width=\"195\" data-large_image_height=\"139\"><img loading=\"lazy\" decoding=\"async\" class=\" wp-image-477319 alignleft\" src=\"https:\/\/www.radiopiu.net\/wordpress\/wp-content\/uploads\/2025\/10\/Immagine-2025-10-26-063612.png\" alt=\"\" width=\"171\" height=\"122\" \/><\/a>TRAGEDIA NEI BOSCHI DI VENAS: MUORE SCHIACCIATO DAL TRATTORINO EMILIO LENA, 60 ANNI<br \/>\n<em>I funerali si terranno domani alle 14.30 nella chiesa di San Marco a Venas di Cadore.<\/em><\/h3>\n<\/blockquote>\n<p><strong>VALLE DI CADORE<\/strong> Un sessantenne di Valle di Cadore ha perso sabato la vita nei boschi di Venas, dopo essere rimasto schiacciato dal trattorino su cui si stava muovendo assieme al padre. L&#8217;uomo, che stava facendo legna nei dintorni di una baita, dalle prime informazioni si stava spostando con il padre sul mezzo vuoto, quando questo si \u00e8 rovesciato. Il padre \u00e8 stato sbalzato a monte, senza riportare conseguenze di rilievo. Sul posto sono arrivati l&#8217;equipe medica di Falco, verricellata non distante dal luogo dell&#8217;incidente, il Soccorso alpino di Pieve di Cadore, i Vigili del fuoco e i Carabinieri di Auronzo. Il medico ha solamente potuto constatare il decesso dell&#8217;uomo. Ottenuto il nulla osta dalla magistratura per la rimozione, la salma \u00e8 stata trasportata per un centinaio di metri in barella e poi portata con i mezzi al cimitero di Venas dove \u00e8 stata affidata al carro funebre.<\/p>\n<p>&nbsp;<\/p>\n<p>&nbsp;<\/p>\n<hr \/>\n<p>&nbsp;<\/p>\n<blockquote>\n<h3>\u00a0RITROVATO SENZA VITA BRUNO POGGI<\/h3>\n<\/blockquote>\n<p><strong><a class=\"dt-pswp-item\" href=\"https:\/\/www.radiopiu.net\/wordpress\/wp-content\/uploads\/2025\/10\/02e92c40-cdd9-46eb-b7fe-89c169bae13d.jpg\" data-dt-img-description=\"\" data-large_image_width=\"1280\" data-large_image_height=\"960\"><img loading=\"lazy\" decoding=\"async\" class=\" wp-image-477305 alignleft\" src=\"https:\/\/www.radiopiu.net\/wordpress\/wp-content\/uploads\/2025\/10\/02e92c40-cdd9-46eb-b7fe-89c169bae13d-300x225.jpg\" alt=\"\" width=\"160\" height=\"120\" srcset=\"https:\/\/www.radiopiu.net\/wordpress\/wp-content\/uploads\/2025\/10\/02e92c40-cdd9-46eb-b7fe-89c169bae13d-300x225.jpg 300w, https:\/\/www.radiopiu.net\/wordpress\/wp-content\/uploads\/2025\/10\/02e92c40-cdd9-46eb-b7fe-89c169bae13d-1024x768.jpg 1024w, https:\/\/www.radiopiu.net\/wordpress\/wp-content\/uploads\/2025\/10\/02e92c40-cdd9-46eb-b7fe-89c169bae13d-768x576.jpg 768w, https:\/\/www.radiopiu.net\/wordpress\/wp-content\/uploads\/2025\/10\/02e92c40-cdd9-46eb-b7fe-89c169bae13d.jpg 1280w\" sizes=\"auto, (max-width: 160px) 100vw, 160px\" \/><\/a>LIMANA <\/strong>Il Comando Provinciale dei Vigili del Fuoco di Belluno \u00e8 intervenuto per la presunta scomparsa di un uomo, \u00a0Bruno Poggi, di 60 anni, residente in zona. Inizialmente si temeva un malore all\u2019interno dell\u2019abitazione, ma durante le verifiche \u00e8 emerso che l\u2019uomo era solito recarsi a funghi nei dintorni. La squadra di Belluno, insieme alle forze dell\u2019ordine, ha controllato l\u2019abitazione senza rinvenire il soggetto. Grazie alle informazioni raccolte sul posto, le ricerche si sono estese nelle vicinanze, fino al ritrovamento del corpo in un torrente. L\u2019area, particolarmente impervia, ha reso necessario l\u2019intervento dell\u2019elicottero del Nucleo dei Vigili del Fuoco di Venezia per il recupero. Sul luogo erano presenti il sindaco, le forze di polizia e il personale sanitario, ciascuno per le proprie competenze. L\u2019operazione si \u00e8 conclusa in circa un\u2019ora, con il corpo dell\u2019uomo trasportato in sicurezza.<\/p>\n<p>&nbsp;<\/p>\n<p>&nbsp;<\/p>\n<hr \/>\n<p>&nbsp;<\/p>\n<blockquote>\n<h3>CICLISTA SOCCORSO A SOSPIROLO, MALORE AL RIFUGIO AURONZO<\/h3>\n<\/blockquote>\n<p><strong><a class=\"dt-pswp-item\" href=\"https:\/\/www.radiopiu.net\/wordpress\/wp-content\/uploads\/2021\/10\/a0c568f4-8fef-4e1e-b203-57f1d1d0c1e7.jpg\" data-dt-img-description=\"\" data-large_image_width=\"2000\" data-large_image_height=\"1496\"><img loading=\"lazy\" decoding=\"async\" class=\" wp-image-238247 alignleft\" src=\"https:\/\/www.radiopiu.net\/wordpress\/wp-content\/uploads\/2021\/10\/a0c568f4-8fef-4e1e-b203-57f1d1d0c1e7-300x224.jpg\" alt=\"\" width=\"159\" height=\"119\" srcset=\"https:\/\/www.radiopiu.net\/wordpress\/wp-content\/uploads\/2021\/10\/a0c568f4-8fef-4e1e-b203-57f1d1d0c1e7-300x224.jpg 300w, https:\/\/www.radiopiu.net\/wordpress\/wp-content\/uploads\/2021\/10\/a0c568f4-8fef-4e1e-b203-57f1d1d0c1e7-1024x766.jpg 1024w, https:\/\/www.radiopiu.net\/wordpress\/wp-content\/uploads\/2021\/10\/a0c568f4-8fef-4e1e-b203-57f1d1d0c1e7-768x574.jpg 768w, https:\/\/www.radiopiu.net\/wordpress\/wp-content\/uploads\/2021\/10\/a0c568f4-8fef-4e1e-b203-57f1d1d0c1e7-1536x1149.jpg 1536w, https:\/\/www.radiopiu.net\/wordpress\/wp-content\/uploads\/2021\/10\/a0c568f4-8fef-4e1e-b203-57f1d1d0c1e7.jpg 2000w\" sizes=\"auto, (max-width: 159px) 100vw, 159px\" \/><\/a>REDAZIONE <\/strong>A Sospirolo un ciclista di 72 anni, residente a Belluno, \u00e8 rimasto ferito in seguito a una caduta. Sul posto \u00e8 intervenuta un\u2019ambulanza supportata dall\u2019elisoccorso. L\u2019uomo, dopo le prime cure, \u00e8 stato trasferito all\u2019ospedale di Belluno. Un altro intervento ha riguardato Pedavena, dove un giovane di 28 anni \u00e8 rimasto coinvolto in un incidente stradale. Soccorso dal personale sanitario, \u00e8 stato trasportato all\u2019ospedale di Feltre in condizioni di media gravit\u00e0. Nel pomeriggio, il SUEM \u00e8 stato attivato anche per un malore nella zona del Rifugio Auronzo. Sul posto \u00e8 intervenuto l\u2019elicottero Falco per prestare assistenza all\u2019escursionista.<\/p>\n<p>&nbsp;<\/p>\n<p>&nbsp;<\/p>\n<hr \/>\n<p>&nbsp;<\/p>\n<blockquote>\n<h3>AGORDO, ANCORA CAOS AL FOLLADOR-DE ROSSI<\/h3>\n<\/blockquote>\n<p><strong><img loading=\"lazy\" decoding=\"async\" class=\"alignleft\" src=\"https:\/\/www.radiopiu.net\/wordpress\/wp-content\/uploads\/2025\/10\/Senza-nome-17-300x166-1.png\" width=\"201\" height=\"111\" \/>AGORDO<\/strong> Ancora disagi all\u2019istituto Follador De Rossi di Agordo-Falcade. Dopo giorni di incertezza, venerd\u00ec sera \u00e8 arrivato il nuovo orario scolastico, poi corretto in extremis per un errore che prevedeva perfino lezioni nel giorno di Ognissanti. Ma il vero problema resta la carenza di docenti, in particolare di matematica al liceo sportivo. Le famiglie, sempre pi\u00f9 preoccupate, denunciano un clima di disorganizzazione e propongono di accorpare le classi per non far perdere ore preziose agli studenti. Durante i primi consigli di classe dell\u2019anno, i genitori hanno parlato di una scuola \u201callo sbando\u201d, senza ancora una programmazione definita per laboratori e attivit\u00e0 extra. Intanto, la preside ha avviato un sondaggio sul rientro al sabato, ma i genitori invitano a non rispondere, accusando la dirigenza di scelte unilaterali.<\/p>\n<p>&nbsp;<\/p>\n<blockquote>\n<h3>IL FOLLADOR NON TROVA PACE: \u201cSERVE UN\u2019AZIONE CONDIVISA O SAR\u00c0 UN DISASTRO ANNUNCIATO\u201d<\/h3>\n<\/blockquote>\n<p><strong>AGORDO <\/strong><em>Il nostro istituto Follador non trova pace.\u201d<\/em> Cos\u00ec scrive Cesare in una lettera giunta alla redazione di Dillo a Radio Pi\u00f9, esprimendo la crescente preoccupazione di molte famiglie per la situazione che da settimane agita il mondo scolastico agordino. Orari contestati, carenza di docenti in materie fondamentali, mense sottoutilizzate e una distanza <a class=\"dt-pswp-item\" href=\"https:\/\/www.radiopiu.net\/wordpress\/wp-content\/uploads\/2025\/10\/1111111.png\" data-dt-img-description=\"\" data-large_image_width=\"359\" data-large_image_height=\"214\"><img loading=\"lazy\" decoding=\"async\" class=\"size-medium wp-image-477335 alignleft\" src=\"https:\/\/www.radiopiu.net\/wordpress\/wp-content\/uploads\/2025\/10\/1111111-300x179.png\" alt=\"\" width=\"300\" height=\"179\" srcset=\"https:\/\/www.radiopiu.net\/wordpress\/wp-content\/uploads\/2025\/10\/1111111-300x179.png 300w, https:\/\/www.radiopiu.net\/wordpress\/wp-content\/uploads\/2025\/10\/1111111.png 359w\" sizes=\"auto, (max-width: 300px) 100vw, 300px\" \/><\/a>sempre pi\u00f9 evidente tra dirigenza e utenza stanno minando la fiducia dei genitori.<em> Una fiducia essenzial\u201cperch\u00e9 il prossimo anno ci siano ancora i numeri sufficienti ad aprire nuove classi\u201d. <\/em><em><strong>\u201cL\u2019Istituto Follador non merita una nomea di scuola poco affidabile \u2013 aggiunge \u2013 ma serve una soluzione pronta e condivisa. La Comunit\u00e0 Montana e i sindaci, in particolare quello di Agordo, si impegnino per quanto possibile a favorire una rapida soluzione del problema. In caso contrario, il rischio \u00e8 una migrazione di studenti verso Belluno e Feltre, un disastro annunciato di cui qualcuno dovr\u00e0 farsi carico.\u201d <\/strong><\/em>Un appello chiaro, che riflette il malessere di una comunit\u00e0 scolastica che chiede ascolto, risposte e soprattutto rispetto per una scuola che da decenni forma i giovani dell\u2019Agordino.<\/p>\n<p>&nbsp;<\/p>\n<p>&nbsp;<\/p>\n<p>&nbsp;<\/p>\n<p>&nbsp;<\/p>\n<hr \/>\n<p>&nbsp;<\/p>\n<blockquote>\n<h3>PICCOLA FRANA SUL MONTE PELMO<\/h3>\n<\/blockquote>\n<p><strong>REDAZIONE<\/strong> Una piccola frana si \u00e8 verificata sabato sul Monte Pelmo. Alcuni massi si sono staccati dalla parete, rotolando a valle senza per\u00f2 coinvolgere persone o causare danni<\/p>\n<p><strong>IL VIDEO DI NICOLA MATTESCO<\/strong><\/p>\n<div style=\"width: 1200px;\" class=\"wp-video\"><video class=\"wp-video-shortcode\" id=\"video-477179-1\" width=\"1200\" height=\"675\" preload=\"metadata\" controls=\"controls\"><source type=\"video\/mp4\" src=\"https:\/\/www.radiopiu.net\/wordpress\/wp-content\/uploads\/2025\/10\/WhatsApp-Video-2025-10-26-at-15.14.20.mp4?_=1\" \/><a href=\"https:\/\/www.radiopiu.net\/wordpress\/wp-content\/uploads\/2025\/10\/WhatsApp-Video-2025-10-26-at-15.14.20.mp4\">https:\/\/www.radiopiu.net\/wordpress\/wp-content\/uploads\/2025\/10\/WhatsApp-Video-2025-10-26-at-15.14.20.mp4<\/a><\/video><\/div>\n<p>&nbsp;<\/p>\n<hr \/>\n<p>&nbsp;<\/p>\n<p>&nbsp;<\/p>\n<blockquote>\n<h3>SEDICO CELEBRA LA 75\u00aa GIORNATA PROVINCIALE DEL RINGRAZIAMENTO AGRICOLO<\/h3>\n<\/blockquote>\n<p><strong>SEDICO<\/strong> Sedico ha ospitato la 75\u00aa Giornata Provinciale del Ringraziamento Agricolo Coldiretti, appuntamento tradizionale promosso per ringraziare dei frutti della terra e invocare la benedizione sui nuovi lavori. La cerimonia ha riunito agricoltori, famiglie e autorit\u00e0 locali in un momento di fede e comunit\u00e0. L\u2019iniziativa ha voluto sottolineare il valore dell\u2019agricoltura come risorsa vitale per il territorio bellunese, ricordando l\u2019impegno quotidiano di chi lavora la terra con passione e rispetto per l\u2019ambiente. Un\u2019edizione speciale per celebrare 75 anni di gratitudine e tradizione condivisa.<\/p>\n<p><strong>IL VIDEO E L&#8217;INTERVISTA AL SINDACO DI SEDICO CHRISTIAN ROLDO<\/strong><\/p>\n<p><iframe loading=\"lazy\" title=\"GIORNATA PROVINCIALE RINGRAZIAMENTO AGRICOLO SEDICO\" width=\"1200\" height=\"675\" src=\"https:\/\/www.youtube.com\/embed\/TV_NpWt_jxA?feature=oembed\" frameborder=\"0\" allow=\"accelerometer; autoplay; clipboard-write; encrypted-media; gyroscope; picture-in-picture; web-share\" referrerpolicy=\"strict-origin-when-cross-origin\" allowfullscreen><\/iframe><\/p>\n<div dir=\"auto\">A SEDICO&#8230; IERI 75ESIMA FESTA DEL RINGRAZIAMENTO,<\/div>\n<div dir=\"auto\">IERI&#8230; LA DIRETTA SUI CANALI DI <span class=\"html-span xdj266r x14z9mp xat24cr x1lziwak xexx8yu xyri2b x18d9i69 x1c1uobl x1hl2dhg x16tdsg8 x1vvkbs\"><a class=\"x1i10hfl xjbqb8w x1ejq31n x18oe1m7 x1sy0etr xstzfhl x972fbf x10w94by x1qhh985 x14e42zd x9f619 x1ypdohk xt0psk2 x3ct3a4 xdj266r x14z9mp xat24cr x1lziwak xexx8yu xyri2b x18d9i69 x1c1uobl x16tdsg8 x1hl2dhg xggy1nq x1a2a7pz xkrqix3 x1sur9pj x1fey0fg x1s688f\" tabindex=\"0\" role=\"link\" href=\"https:\/\/www.facebook.com\/groups\/radiopiu\/?__cft__[0]=AZWT5ujfb_YjNfDxT4rvOrPMW3d9CIlFJsJG_9ASYYnR99JojTGnr8PYbH1WwW351KF0OJratiKVzSNKZnMH1tHRd1n_tE9KIy5boE63RWck7O9qwK70UFa6VTKy4eJv2KcRp9-5Btqo6Yjqb_AjGA2QT9zBwFB-1KWFLNRMGFzrGQ&amp;__tn__=-UK-R\"><span class=\"xt0psk2\"><span class=\"xjp7ctv\">RADIO PIU&#8217; EMITTENTE AGORDINA (Taibon_32027)<\/span><\/span><\/a><\/span> rivedilo in podcast sui canali youtube e su tutte la pagine facebook<\/div>\n<div dir=\"auto\">OGGI IL RESOCONTO SUL <span class=\"html-span xdj266r x14z9mp xat24cr x1lziwak xexx8yu xyri2b x18d9i69 x1c1uobl x1hl2dhg x16tdsg8 x1vvkbs\"><a class=\"x1i10hfl xjbqb8w x1ejq31n x18oe1m7 x1sy0etr xstzfhl x972fbf x10w94by x1qhh985 x14e42zd x9f619 x1ypdohk xt0psk2 x3ct3a4 xdj266r x14z9mp xat24cr x1lziwak xexx8yu xyri2b x18d9i69 x1c1uobl x16tdsg8 x1hl2dhg xggy1nq x1a2a7pz xkrqix3 x1sur9pj x1fey0fg x1s688f\" tabindex=\"0\" role=\"link\" href=\"https:\/\/www.facebook.com\/groups\/61488111720\/user\/100064177472794\/?__cft__[0]=AZWT5ujfb_YjNfDxT4rvOrPMW3d9CIlFJsJG_9ASYYnR99JojTGnr8PYbH1WwW351KF0OJratiKVzSNKZnMH1tHRd1n_tE9KIy5boE63RWck7O9qwK70UFa6VTKy4eJv2KcRp9-5Btqo6Yjqb_AjGA2QT9zBwFB-1KWFLNRMGFzrGQ&amp;__tn__=-]K-R\"><span class=\"xt0psk2\"><span class=\"xjp7ctv\">Corriere delle Alpi<\/span><\/span><\/a><\/span> DI <span class=\"html-span xdj266r x14z9mp xat24cr x1lziwak xexx8yu xyri2b x18d9i69 x1c1uobl x1hl2dhg x16tdsg8 x1vvkbs\"><a class=\"x1i10hfl xjbqb8w x1ejq31n x18oe1m7 x1sy0etr xstzfhl x972fbf x10w94by x1qhh985 x14e42zd x9f619 x1ypdohk xt0psk2 x3ct3a4 xdj266r x14z9mp xat24cr x1lziwak xexx8yu xyri2b x18d9i69 x1c1uobl x16tdsg8 x1hl2dhg xggy1nq x1a2a7pz xkrqix3 x1sur9pj x1fey0fg x1s688f\" tabindex=\"0\" role=\"link\" href=\"https:\/\/www.facebook.com\/groups\/61488111720\/user\/1522104238\/?__cft__[0]=AZWT5ujfb_YjNfDxT4rvOrPMW3d9CIlFJsJG_9ASYYnR99JojTGnr8PYbH1WwW351KF0OJratiKVzSNKZnMH1tHRd1n_tE9KIy5boE63RWck7O9qwK70UFa6VTKy4eJv2KcRp9-5Btqo6Yjqb_AjGA2QT9zBwFB-1KWFLNRMGFzrGQ&amp;__tn__=-]K-R\"><span class=\"xt0psk2\"><span class=\"xjp7ctv\">Irene Aliprandi<\/span><\/span><\/a><\/span><\/div>\n<p><a class=\"dt-pswp-item\" href=\"https:\/\/www.radiopiu.net\/wordpress\/wp-content\/uploads\/2025\/10\/SEDICO.png\" data-dt-img-description=\"\" data-large_image_width=\"374\" data-large_image_height=\"255\"><img loading=\"lazy\" decoding=\"async\" class=\"wp-image-477450 size-full aligncenter\" src=\"https:\/\/www.radiopiu.net\/wordpress\/wp-content\/uploads\/2025\/10\/SEDICO.png\" alt=\"\" width=\"374\" height=\"255\" srcset=\"https:\/\/www.radiopiu.net\/wordpress\/wp-content\/uploads\/2025\/10\/SEDICO.png 374w, https:\/\/www.radiopiu.net\/wordpress\/wp-content\/uploads\/2025\/10\/SEDICO-300x205.png 300w\" sizes=\"auto, (max-width: 374px) 100vw, 374px\" \/><\/a><\/p>\n<p>&nbsp;<\/p>\n<p>&nbsp;<\/p>\n<hr \/>\n<p>&nbsp;<\/p>\n<blockquote>\n<h3>AI GENERATIVA A SCUOLA: CONFINDUSTRIA BELLUNO FORMA GLI STUDENTI AL FUTURO DIGITALE<\/h3>\n<\/blockquote>\n<p><strong><a class=\"dt-pswp-item\" href=\"https:\/\/www.radiopiu.net\/wordpress\/wp-content\/uploads\/2021\/05\/CONFINDUSTRIA.png\" data-dt-img-description=\"\" data-large_image_width=\"575\" data-large_image_height=\"575\"><img loading=\"lazy\" decoding=\"async\" class=\" wp-image-211858 alignleft\" src=\"https:\/\/www.radiopiu.net\/wordpress\/wp-content\/uploads\/2021\/05\/CONFINDUSTRIA-300x300.png\" alt=\"\" width=\"121\" height=\"121\" srcset=\"https:\/\/www.radiopiu.net\/wordpress\/wp-content\/uploads\/2021\/05\/CONFINDUSTRIA-300x300.png 300w, https:\/\/www.radiopiu.net\/wordpress\/wp-content\/uploads\/2021\/05\/CONFINDUSTRIA-150x150.png 150w, https:\/\/www.radiopiu.net\/wordpress\/wp-content\/uploads\/2021\/05\/CONFINDUSTRIA.png 575w\" sizes=\"auto, (max-width: 121px) 100vw, 121px\" \/><\/a>BELLUNO <\/strong>Sabato \u00e8 partito il progetto \u201cAI Generativa per Studenti e Studentesse delle Scuole Superiori della Provincia di Belluno\u201d, promosso da Confindustria Belluno Dolomiti e dal Gruppo Giovani Imprenditori. L\u2019iniziativa, nata per colmare il divario tra scuola e innovazione, mira a fornire ai giovani competenze critiche e pratiche sull\u2019uso dell\u2019intelligenza artificiale. Coinvolger\u00e0 inizialmente due istituti, con un laboratorio di 8 ore in quattro incontri, utile anche per l\u2019Educazione Civica Digitale. L\u2019obiettivo \u00e8 formare studenti consapevoli, capaci di comprendere e gestire le tecnologie emergenti. In base ai risultati, il progetto potr\u00e0 essere esteso ad altre scuole per rafforzare l\u2019ecosistema educativo e il futuro economico del territorio.<\/p>\n<p>&nbsp;<\/p>\n<p>&nbsp;<\/p>\n<hr \/>\n<p>&nbsp;<\/p>\n<blockquote>\n<h3>ARREDAMONT 2025: IL LEGNO CHE RACCONTA LA MONTAGNA<\/h3>\n<\/blockquote>\n<p><strong><a class=\"dt-pswp-item\" href=\"https:\/\/www.radiopiu.net\/wordpress\/wp-content\/uploads\/2025\/10\/inaugurazione-arredamont-060.jpg\" data-dt-img-description=\"\" data-large_image_width=\"2048\" data-large_image_height=\"1365\"><img loading=\"lazy\" decoding=\"async\" class=\" wp-image-477277 alignleft\" src=\"https:\/\/www.radiopiu.net\/wordpress\/wp-content\/uploads\/2025\/10\/inaugurazione-arredamont-060-300x200.jpg\" alt=\"\" width=\"227\" height=\"151\" srcset=\"https:\/\/www.radiopiu.net\/wordpress\/wp-content\/uploads\/2025\/10\/inaugurazione-arredamont-060-300x200.jpg 300w, https:\/\/www.radiopiu.net\/wordpress\/wp-content\/uploads\/2025\/10\/inaugurazione-arredamont-060-1024x683.jpg 1024w, https:\/\/www.radiopiu.net\/wordpress\/wp-content\/uploads\/2025\/10\/inaugurazione-arredamont-060-768x512.jpg 768w, https:\/\/www.radiopiu.net\/wordpress\/wp-content\/uploads\/2025\/10\/inaugurazione-arredamont-060-1536x1024.jpg 1536w, https:\/\/www.radiopiu.net\/wordpress\/wp-content\/uploads\/2025\/10\/inaugurazione-arredamont-060.jpg 2048w\" sizes=\"auto, (max-width: 227px) 100vw, 227px\" \/><\/a>LONGARONE <\/strong>Arredamont non \u00e8 solo una fiera: \u00e8 un racconto collettivo che intreccia legno, design e visioni. La 47\u00aa Mostra nazionale dell\u2019arredare in montagna ha aperto oggi i battenti a Longarone Fiere Dolomiti, accogliendo visitatori e professionisti in un viaggio tra artigianato, territorio e sostenibilit\u00e0. Con 187 aziende espositrici provenienti da 11 regioni italiane e 13 Paesi esteri, l\u2019evento offre uno sguardo completo sull\u2019abitare in quota: dall\u2019arredo alpino al design contemporaneo, dalle soluzioni per l\u2019efficienza energetica ai complementi d\u2019autore. Tra le novit\u00e0, il \u201cVillaggio di Confartigianato\u201d e la piattaforma digitale Xiloteca.it, dedicata alla cultura del legno. Spazio anche ad arte e memoria con la mostra \u201cOmaggio a Longarone \u2013 Una tragedia annunciata\u201d di Vincenzo Munaro, e alle esposizioni \u201cScie di gloria\u201d e \u201cArte in Fiera Dolomiti\u201d. Arredamont resta cos\u00ec un punto d\u2019incontro tra tradizione e futuro, dove il saper fare artigiano continua a raccontare l\u2019anima della montagna.<\/p>\n<p>&nbsp;<\/p>\n<p>&nbsp;<\/p>\n<hr \/>\n<p>&nbsp;<\/p>\n<p><img loading=\"lazy\" decoding=\"async\" class=\" wp-image-477197 alignleft\" src=\"https:\/\/www.radiopiu.net\/wordpress\/wp-content\/uploads\/2025\/10\/d0f070e2-8055-4e24-86da-988127132caa-212x300.jpg\" alt=\"\" width=\"140\" height=\"199\" srcset=\"https:\/\/www.radiopiu.net\/wordpress\/wp-content\/uploads\/2025\/10\/d0f070e2-8055-4e24-86da-988127132caa-212x300.jpg 212w, https:\/\/www.radiopiu.net\/wordpress\/wp-content\/uploads\/2025\/10\/d0f070e2-8055-4e24-86da-988127132caa-723x1024.jpg 723w, https:\/\/www.radiopiu.net\/wordpress\/wp-content\/uploads\/2025\/10\/d0f070e2-8055-4e24-86da-988127132caa-768x1087.jpg 768w, https:\/\/www.radiopiu.net\/wordpress\/wp-content\/uploads\/2025\/10\/d0f070e2-8055-4e24-86da-988127132caa.jpg 904w\" sizes=\"auto, (max-width: 140px) 100vw, 140px\" \/><\/p>\n<blockquote>\n<h3>A VOLTAGO INCONTRO FORMATIVO CON I CARABINIERI SULLA PREVENZIONE DELLE TRUFFE AGLI ANZIANI<\/h3>\n<\/blockquote>\n<p><strong>VOLTAGO <\/strong>Il Comune di Voltago Agordino organizza un incontro pubblico dedicato alla prevenzione delle truffe agli anziani, in collaborazione con l\u2019Arma dei Carabinieri. L\u2019appuntamento \u00e8 fissato per venerd\u00ec 31 ottobre 2025 alle 17, presso la Sala Maestro Gianni De Col. Interverr\u00e0 il Maggiore Giovanni Meriano, che illustrer\u00e0 le tecniche pi\u00f9 diffuse utilizzate dai truffatori e fornir\u00e0 consigli pratici per riconoscere e prevenire i raggiri. L\u2019iniziativa, intitolata \u201cTruffe agli anziani, come prevenirle?\u201d, mira a sensibilizzare la popolazione e a diffondere una maggiore cultura della prudenza. L\u2019amministrazione comunale invita cittadini e famiglie a partecipare, per imparare a proteggersi e ad aiutare chi \u00e8 pi\u00f9 esposto a tentativi di frode.<\/p>\n<p>&nbsp;<\/p>\n<p>&nbsp;<\/p>\n<p>&nbsp;<\/p>\n<p>&nbsp;<\/p>\n<hr \/>\n<p>&nbsp;<\/p>\n<blockquote>\n<h3>NUOVO QUADRANTE SOLARE AL CENTRO ASTRONOMICO DI ARSON<\/h3>\n<\/blockquote>\n<p><strong><a class=\"dt-pswp-item\" href=\"https:\/\/www.radiopiu.net\/wordpress\/wp-content\/uploads\/2025\/10\/meridiana-starson-scaled.jpg\" data-dt-img-description=\"\" data-large_image_width=\"2560\" data-large_image_height=\"1440\"><img loading=\"lazy\" decoding=\"async\" class=\" wp-image-477276 alignleft\" src=\"https:\/\/www.radiopiu.net\/wordpress\/wp-content\/uploads\/2025\/10\/meridiana-starson-300x169.jpg\" alt=\"\" width=\"249\" height=\"140\" srcset=\"https:\/\/www.radiopiu.net\/wordpress\/wp-content\/uploads\/2025\/10\/meridiana-starson-300x169.jpg 300w, https:\/\/www.radiopiu.net\/wordpress\/wp-content\/uploads\/2025\/10\/meridiana-starson-1024x576.jpg 1024w, https:\/\/www.radiopiu.net\/wordpress\/wp-content\/uploads\/2025\/10\/meridiana-starson-768x432.jpg 768w, https:\/\/www.radiopiu.net\/wordpress\/wp-content\/uploads\/2025\/10\/meridiana-starson-1536x864.jpg 1536w, https:\/\/www.radiopiu.net\/wordpress\/wp-content\/uploads\/2025\/10\/meridiana-starson-2048x1152.jpg 2048w\" sizes=\"auto, (max-width: 249px) 100vw, 249px\" \/><\/a>FELTRE <\/strong>Il Corso di Gnomonica tenutosi al Centro Astronomico di Arson, guidato da Giovanni Sogne, si \u00e8 concluso con entusiasmo e soddisfazione generale. Come coronamento, i partecipanti hanno realizzato un nuovo quadrante solare sulla parete meridionale dell\u2019Osservatorio. Nonostante lo spazio ridotto, lo strumento racchiude ricche informazioni astronomiche: riporta le ore francesi e le ore italiche, legate all\u2019antico modo di misurare il tempo dal tramonto. Include inoltre la lemniscata del tempo medio del mezzogiorno e le curve stagionali che mostrano il percorso del Sole nei solstizi, equinozi e segni zodiacali. Il quadrante reca il motto copernicano <em>\u201cIn medio vero omnium residet Sol\u201d<\/em>, simbolo dell\u2019armonia tra scienza e natura.<\/p>\n<p>&nbsp;<\/p>\n<p>&nbsp;<\/p>\n<p>&nbsp;<\/p>\n<hr \/>\n<p>&nbsp;<\/p>\n<blockquote>\n<h3>LILIANA PORTER\u00c0 LA FIAMMA OLIMPICA: DA GOSALDO ALLE OLIMPIADI MILANO-CORTINA 2026<\/h3>\n<\/blockquote>\n<p><strong><a class=\"dt-pswp-item\" href=\"https:\/\/www.radiopiu.net\/wordpress\/wp-content\/uploads\/2025\/10\/fiamma.png\" data-dt-img-description=\"\" data-large_image_width=\"353\" data-large_image_height=\"247\"><img loading=\"lazy\" decoding=\"async\" class=\" wp-image-477294 alignleft\" src=\"https:\/\/www.radiopiu.net\/wordpress\/wp-content\/uploads\/2025\/10\/fiamma-300x210.png\" alt=\"\" width=\"191\" height=\"134\" srcset=\"https:\/\/www.radiopiu.net\/wordpress\/wp-content\/uploads\/2025\/10\/fiamma-300x210.png 300w, https:\/\/www.radiopiu.net\/wordpress\/wp-content\/uploads\/2025\/10\/fiamma.png 353w\" sizes=\"auto, (max-width: 191px) 100vw, 191px\" \/><\/a>GOSALDO <\/strong>C\u2019\u00e8 anche Liliana, dell\u2019Azienda Agricola Liliana di Gosaldo, tra i 10.001 tedofori scelti per portare la fiamma olimpica delle prossime Olimpiadi Milano-Cortina 2026 lungo il grande percorso che attraverser\u00e0 tutta l\u2019Italia. La sua selezione non \u00e8 casuale: Liliana \u00e8 stata scelta perch\u00e9 con la sua storia personale, il suo impegno quotidiano e i suoi valori autentici incarna appieno lo spirito olimpico, fondato su passione, talento, energia e rispetto. Valori che, come la fiamma, rappresentano un messaggio universale di pace e unit\u00e0. Conosciuta e stimata per la sua dedizione all\u2019allevamento e alla produzione casearia, Liliana \u00e8 stata premiata nei giorni scorsi per i suoi formaggi di capra, riconoscimento che conferma la qualit\u00e0 e la passione che da sempre caratterizzano la sua attivit\u00e0 agricola. Nei prossimi giorni verranno resi noti la data e l\u2019orario precisi della tappa in cui Liliana avr\u00e0 l\u2019onore di portare la torcia olimpica, in un momento che si preannuncia emozionante non solo per lei, ma per tutta la comunit\u00e0 di Gosaldo.<\/p>\n<p>&nbsp;<\/p>\n<p>&nbsp;<\/p>\n<hr \/>\n<p>&nbsp;<\/p>\n<div class=\"page-title-head hgroup\">\n<h1 class=\"entry-title\">VIVERE E LAVORARE NELLE DOLOMITI: UN DOCUMENTARIO DEDICATO AL PROGETTO LINGUISTICO DELL\u2019AGORDINO<\/h1>\n<\/div>\n<div class=\"page-title-breadcrumbs\">\n<p data-start=\"130\" data-end=\"519\"><strong data-start=\"130\" data-end=\"142\">AGORDINO<\/strong> \u2013 \u00c8 online il bellissimo documentario dedicato al progetto linguistico locale nell\u2019ambito della serie televisiva <em data-start=\"256\" data-end=\"292\">\u201cVivere e lavorare nelle Dolomiti\u201d<\/em>, un racconto autentico di vita, passione e radici. Il progetto, finanziato da <strong data-start=\"371\" data-end=\"388\">Cortina Banca<\/strong>, celebra coloro che, attraverso il proprio lavoro, si prendono cura della montagna e ne custodiscono la cultura e le tradizioni. Nel filmato, protagoniste sono le voci e i volti della comunit\u00e0 agordina: studenti, bambini, ragazzi e adulti che hanno partecipato come comparse, regalando al pubblico un racconto corale e genuino. Un\u2019esperienza condivisa che unisce generazioni e territori nel segno della lingua, della memoria e dell\u2019amore per le Dolomiti. Questa \u00e8 la storia di un progetto che nasce dal territorio e parla con il cuore dell\u2019Agordino.<\/p>\n<p><iframe loading=\"lazy\" title=\"La storia di Claudia | Vivere e lavorare tra le Dolomiti - S4, episodio 4\" width=\"1200\" height=\"675\" src=\"https:\/\/www.youtube.com\/embed\/cMXfTPxT2fo?feature=oembed\" frameborder=\"0\" allow=\"accelerometer; autoplay; clipboard-write; encrypted-media; gyroscope; picture-in-picture; web-share\" referrerpolicy=\"strict-origin-when-cross-origin\" allowfullscreen><\/iframe><\/p>\n<p>&nbsp;<\/p>\n<\/div>\n<p>&nbsp;<\/p>\n<hr \/>\n<p>&nbsp;<\/p>\n<blockquote>\n<h3>VENETO: OCCUPAZIONE AL TOP, MA CRESCE LA CIG<\/h3>\n<\/blockquote>\n<p><a class=\"dt-pswp-item\" href=\"https:\/\/www.radiopiu.net\/wordpress\/wp-content\/uploads\/2025\/10\/aa1.png\" data-dt-img-description=\"\" data-large_image_width=\"1277\" data-large_image_height=\"705\"><img loading=\"lazy\" decoding=\"async\" class=\"size-medium wp-image-477177 alignleft\" src=\"https:\/\/www.radiopiu.net\/wordpress\/wp-content\/uploads\/2025\/10\/aa1-300x166.png\" alt=\"\" width=\"300\" height=\"166\" srcset=\"https:\/\/www.radiopiu.net\/wordpress\/wp-content\/uploads\/2025\/10\/aa1-300x166.png 300w, https:\/\/www.radiopiu.net\/wordpress\/wp-content\/uploads\/2025\/10\/aa1-1024x565.png 1024w, https:\/\/www.radiopiu.net\/wordpress\/wp-content\/uploads\/2025\/10\/aa1-768x424.png 768w, https:\/\/www.radiopiu.net\/wordpress\/wp-content\/uploads\/2025\/10\/aa1.png 1277w\" sizes=\"auto, (max-width: 300px) 100vw, 300px\" \/><\/a>Torna a crescere la Cassa integrazione (Cig) in Veneto. Nel primo semestre di quest\u2019anno, a confronto con lo stesso periodo dell\u2019anno scorso, il numero delle ore autorizzate \u00e8 salito del 9,2 per cento. Nei primi 6 mesi del 2025 lo stock ha toccato i 38,2 milioni di ore, 3,2 milioni in pi\u00f9 rispetto allo stesso periodo del 2024. Una variazione, comunque, molto inferiore rispetto a quella registrata sia dalla Lombardia (+17,9 per cento), sia dall\u2019Emilia Romagna (+20,5 per cento). In Veneto le situazioni pi\u00f9 difficili si sono verificate in provincia di Rovigo che presenta un incremento molto un preoccupante e pari al + 60,1 per cento, nella Citt\u00e0 Metropolitana di Venezia con il +59,5 e in provincia di Vicenza con il +10,8. In forte controtendenza, invece, \u00e8 Belluno che ha visto ridursi la richiesta del 16 per cento. I settori pi\u00f9 interessati dal numero di ore di Cig autorizzate sono il tessile\/abbigliamento\/calzature, l\u2019automotive, la metallurgia (lavorazione ferro, alluminio, rame, etc.), la produzione di macchine ed apparecchi meccanici e il mobile.<\/p>\n<p><strong>La segnalazione giunge dall\u2019Ufficio studi della CGIA.<\/strong><\/p>\n<p><strong>Veneto: occupazione al top e pochissimi disoccupati<\/strong><br \/>\nRimanendo sul fronte occupazionale, il numero degli occupati presenti in Veneto continua costantemente a crescere. Nel 2025 la platea degli addetti dovrebbe toccare 2.232.000 unit\u00e0. Per contro, il tasso di disoccupazione \u00e8 in costante calo e quest\u2019anno dovrebbe scendere al di sotto del 3 per cento (i senza lavoro pari a 70.000 unit\u00e0). A livello nazionale solo le province autonome di Trento e di Bolzano possono contare su delle performance migliori delle nostre.<\/p>\n<p><strong><a class=\"dt-pswp-item\" href=\"https:\/\/www.radiopiu.net\/wordpress\/wp-content\/uploads\/2025\/10\/aa2.png\" data-dt-img-description=\"\" data-large_image_width=\"1319\" data-large_image_height=\"1521\"><img loading=\"lazy\" decoding=\"async\" class=\"size-medium wp-image-477176 alignleft\" src=\"https:\/\/www.radiopiu.net\/wordpress\/wp-content\/uploads\/2025\/10\/aa2-260x300.png\" alt=\"\" width=\"260\" height=\"300\" srcset=\"https:\/\/www.radiopiu.net\/wordpress\/wp-content\/uploads\/2025\/10\/aa2-260x300.png 260w, https:\/\/www.radiopiu.net\/wordpress\/wp-content\/uploads\/2025\/10\/aa2-888x1024.png 888w, https:\/\/www.radiopiu.net\/wordpress\/wp-content\/uploads\/2025\/10\/aa2-768x886.png 768w, https:\/\/www.radiopiu.net\/wordpress\/wp-content\/uploads\/2025\/10\/aa2.png 1319w\" sizes=\"auto, (max-width: 260px) 100vw, 260px\" \/><\/a>Pi\u00f9 lavoratori, ma retribuzioni al palo<\/strong><br \/>\nIn questi primi tre anni di governo, i risultati ottenuti in materia occupazionale sono stati certamente positivi, anche se il merito \u00e8 riconducibile pi\u00f9 agli imprenditori che alla politica. Tuttavia, non dobbiamo dimenticare che con una crescita che per ognuno degli ultimi tre anni \u00e8 stata inferiore all\u20191 per cento, all\u2019aumento dell\u2019occupazione non \u00e8 corrisposto un incremento altrettanto importante della produttivit\u00e0, almeno nel settore dei servizi e del terziario, purtroppo anche in Veneto. Pertanto, gli stipendi degli italiani, che mediamente sono al di sotto della media europea, faticano a crescere adeguatamente. Inoltre, il tasso di occupazione femminile \u00e8 molto basso, mentre i NEET presentano ancora dimensioni preoccupanti. Ora, con una produzione industriale che stenta a riprendersi e il deciso aumento del ricorso alla cassa integrazione, il quadro generale presenta pi\u00f9 ombre che luci. Pertanto, se non vogliamo scivolare verso una crisi strisciante che \u2013 a seguito delle tensioni geopolitiche e della transizione digitale ed ecologica \u2013 ha gi\u00e0 coinvolto la Germania e la Francia, dobbiamo spendere bene e presto i soldi del Pnrr. Con la messa a terra entro il mese di giugno 2026 degli oltre 100 miliardi di euro che l\u2019Italia ha ancora a disposizione, possiamo dare un contributo importante all\u2019ammodernamento del Paese ed evitare una nuova crisi che, ribadiamo, ha gi\u00e0 messo in seria difficolt\u00e0 sia Berlino che Parigi.<\/p>\n<p>&nbsp;<\/p>\n<p>&nbsp;<\/p>\n<p>&nbsp;<\/p>\n<p>&nbsp;<\/p>\n<p>&nbsp;<\/p>\n<hr \/>\n<p>&nbsp;<\/p>\n<blockquote>\n<h3>MESSA PER I CADUTI DELLA MONTAGNA<\/h3>\n<\/blockquote>\n<p><strong>AGORDO<\/strong> La Chiesa Arcidiaconale di Agordo ha ospitato la tradizionale Santa Messa per i Caduti della Montagna, un momento di profonda commozione che ha riunito la comunit\u00e0 per onorare chi ha perso la vita tra le vette. La celebrazione \u00e8 stata accompagnata dai canti del Coro Agordo, che ha interpretato anche il toccante brano \u201cSignore delle cime\u201d, divenuto simbolo di questa cerimonia di memoria e gratitudine verso tutti gli amanti della montagna scomparsi.<\/p>\n<p><strong>LA DIRETTA RADIO PIU&#8217;<\/strong><\/p>\n<p><iframe loading=\"lazy\" title=\"MESSA PER I CADUTI DELLA MONTAGNA - 26 OTTOBRE 2025\" width=\"1200\" height=\"900\" src=\"https:\/\/www.youtube.com\/embed\/j-nCnMVZjSA?feature=oembed\" frameborder=\"0\" allow=\"accelerometer; autoplay; clipboard-write; encrypted-media; gyroscope; picture-in-picture; web-share\" referrerpolicy=\"strict-origin-when-cross-origin\" allowfullscreen><\/iframe><\/p>\n<p>&nbsp;<\/p>\n<p><strong>L&#8217;ELENCO DEI CADUTI IN MONTAGNA<\/strong><\/p>\n\n\t\t\t<style type='text\/css'>\n\t\t\t\t#gallery-2 {\n\t\t\t\t\tmargin: auto;\n\t\t\t\t}\n\t\t\t\t#gallery-2 .gallery-item {\n\t\t\t\t\tfloat: left;\n\t\t\t\t\tmargin-top: 10px;\n\t\t\t\t\ttext-align: center;\n\t\t\t\t\twidth: 100%;\n\t\t\t\t}\n\t\t\t\t#gallery-2 img {\n\t\t\t\t\tborder: 2px solid #cfcfcf;\n\t\t\t\t}\n\t\t\t\t#gallery-2 .gallery-caption {\n\t\t\t\t\tmargin-left: 0;\n\t\t\t\t}\n\t\t\t\t\/* see gallery_shortcode() in wp-includes\/media.php *\/\n\t\t\t<\/style>\n\t\t<div id='gallery-2' class='dt-gallery-container gallery galleryid-477179 gallery-columns-1 gallery-size-medium'><dl class='gallery-item'>\n\t\t\t\t<dt class='gallery-icon landscape'>\n\t\t\t\t\t<a class=\"rollover rollover-zoom dt-pswp-item\" title=\"SCR-20251026-rvdd\" data-dt-img-description=\"\" data-large_image_width=\"1558\" data-large_image_height=\"1434\"href='https:\/\/www.radiopiu.net\/wordpress\/wp-content\/uploads\/2025\/10\/SCR-20251026-rvdd.png'><img loading=\"lazy\" decoding=\"async\" width=\"300\" height=\"276\" src=\"https:\/\/www.radiopiu.net\/wordpress\/wp-content\/uploads\/2025\/10\/SCR-20251026-rvdd-300x276.png\" class=\"attachment-medium size-medium\" alt=\"\" srcset=\"https:\/\/www.radiopiu.net\/wordpress\/wp-content\/uploads\/2025\/10\/SCR-20251026-rvdd-300x276.png 300w, https:\/\/www.radiopiu.net\/wordpress\/wp-content\/uploads\/2025\/10\/SCR-20251026-rvdd-1024x943.png 1024w, https:\/\/www.radiopiu.net\/wordpress\/wp-content\/uploads\/2025\/10\/SCR-20251026-rvdd-768x707.png 768w, https:\/\/www.radiopiu.net\/wordpress\/wp-content\/uploads\/2025\/10\/SCR-20251026-rvdd-1536x1414.png 1536w, https:\/\/www.radiopiu.net\/wordpress\/wp-content\/uploads\/2025\/10\/SCR-20251026-rvdd.png 1558w\" sizes=\"auto, (max-width: 300px) 100vw, 300px\" \/><\/a>\n\t\t\t\t<\/dt><\/dl><br style=\"clear: both\" \/>\n\t\t\t<\/div>\n\n<p>&nbsp;<\/p>\n<hr \/>\n<p>&nbsp;<\/p>\n<blockquote>\n<h3>NUOVA GESTIONE THUN AD AGORDO: INAUGURATO IL NEGOZIO \u201cETCETERA\u201d DI SARA<\/h3>\n<\/blockquote>\n<p><strong>DI MARINA DONA&#8217;<\/strong><\/p>\n<p><strong>AGORDO<\/strong> Il 25 ottobre 2025 segna la data dell&#8217;inaugurazione della nuova gestione del punto vendita &#8220;Thun&#8221;, negozio &#8220;Etcetera&#8221; in via Santa Maria ad Agordo con Sara, negozio che offre diversi spunti per dei regali di qualit\u00e0 con prodotti a marchio &#8220;Thun&#8221;, che anche al di l\u00e0 della mode rimane sempre un prodotto prestigioso con prezzi accessibili. Grande via vai per questo primo giorno di apertura. Il periodo dei regali \u00e8 vicino e Sara con il suo punto vendita offre diverse opportunit\u00e0 dai soprammobili agli accessori pi\u00f9 svariati per la casa, ai gioielli da indossare e molto altro.<\/p>\n<div style=\"width: 848px;\" class=\"wp-video\"><video class=\"wp-video-shortcode\" id=\"video-477179-2\" width=\"848\" height=\"480\" preload=\"metadata\" controls=\"controls\"><source type=\"video\/mp4\" src=\"https:\/\/www.radiopiu.net\/wordpress\/wp-content\/uploads\/2025\/10\/WhatsApp-Video-2025-10-25-at-13.00.55.mp4?_=2\" \/><a href=\"https:\/\/www.radiopiu.net\/wordpress\/wp-content\/uploads\/2025\/10\/WhatsApp-Video-2025-10-25-at-13.00.55.mp4\">https:\/\/www.radiopiu.net\/wordpress\/wp-content\/uploads\/2025\/10\/WhatsApp-Video-2025-10-25-at-13.00.55.mp4<\/a><\/video><\/div>\n<p>&nbsp;<\/p>\n\n\t\t\t<style type='text\/css'>\n\t\t\t\t#gallery-3 {\n\t\t\t\t\tmargin: auto;\n\t\t\t\t}\n\t\t\t\t#gallery-3 .gallery-item {\n\t\t\t\t\tfloat: left;\n\t\t\t\t\tmargin-top: 10px;\n\t\t\t\t\ttext-align: center;\n\t\t\t\t\twidth: 16%;\n\t\t\t\t}\n\t\t\t\t#gallery-3 img {\n\t\t\t\t\tborder: 2px solid #cfcfcf;\n\t\t\t\t}\n\t\t\t\t#gallery-3 .gallery-caption {\n\t\t\t\t\tmargin-left: 0;\n\t\t\t\t}\n\t\t\t\t\/* see gallery_shortcode() in wp-includes\/media.php *\/\n\t\t\t<\/style>\n\t\t<div id='gallery-3' class='dt-gallery-container gallery galleryid-477179 gallery-columns-6 gallery-size-thumbnail'><dl class='gallery-item'>\n\t\t\t\t<dt class='gallery-icon landscape'>\n\t\t\t\t\t<a class=\"rollover rollover-zoom dt-pswp-item\" title=\"8fd2606a-de87-4bcb-994f-23fba3e1d366\" data-dt-img-description=\"\" data-large_image_width=\"1296\" data-large_image_height=\"972\"href='https:\/\/www.radiopiu.net\/wordpress\/wp-content\/uploads\/2025\/10\/8fd2606a-de87-4bcb-994f-23fba3e1d366.jpg'><img loading=\"lazy\" decoding=\"async\" width=\"150\" height=\"150\" src=\"https:\/\/www.radiopiu.net\/wordpress\/wp-content\/uploads\/2025\/10\/8fd2606a-de87-4bcb-994f-23fba3e1d366-150x150.jpg\" class=\"attachment-thumbnail size-thumbnail\" alt=\"\" \/><\/a>\n\t\t\t\t<\/dt><\/dl><dl class='gallery-item'>\n\t\t\t\t<dt class='gallery-icon landscape'>\n\t\t\t\t\t<a class=\"rollover rollover-zoom dt-pswp-item\" title=\"66762ecb-2121-40bd-ba7a-22c1b8d53411\" data-dt-img-description=\"\" data-large_image_width=\"1296\" data-large_image_height=\"972\"href='https:\/\/www.radiopiu.net\/wordpress\/wp-content\/uploads\/2025\/10\/66762ecb-2121-40bd-ba7a-22c1b8d53411.jpg'><img loading=\"lazy\" decoding=\"async\" width=\"150\" height=\"150\" src=\"https:\/\/www.radiopiu.net\/wordpress\/wp-content\/uploads\/2025\/10\/66762ecb-2121-40bd-ba7a-22c1b8d53411-150x150.jpg\" class=\"attachment-thumbnail size-thumbnail\" alt=\"\" \/><\/a>\n\t\t\t\t<\/dt><\/dl><dl class='gallery-item'>\n\t\t\t\t<dt class='gallery-icon landscape'>\n\t\t\t\t\t<a class=\"rollover rollover-zoom dt-pswp-item\" title=\"1a0f27cf-18fa-4291-8d7a-1f43525d64b8\" data-dt-img-description=\"\" data-large_image_width=\"1296\" data-large_image_height=\"972\"href='https:\/\/www.radiopiu.net\/wordpress\/wp-content\/uploads\/2025\/10\/1a0f27cf-18fa-4291-8d7a-1f43525d64b8.jpg'><img loading=\"lazy\" decoding=\"async\" width=\"150\" height=\"150\" src=\"https:\/\/www.radiopiu.net\/wordpress\/wp-content\/uploads\/2025\/10\/1a0f27cf-18fa-4291-8d7a-1f43525d64b8-150x150.jpg\" class=\"attachment-thumbnail size-thumbnail\" alt=\"\" \/><\/a>\n\t\t\t\t<\/dt><\/dl><dl class='gallery-item'>\n\t\t\t\t<dt class='gallery-icon landscape'>\n\t\t\t\t\t<a class=\"rollover rollover-zoom dt-pswp-item\" title=\"218d9a25-712a-4c75-b055-ab39ef520fa0\" data-dt-img-description=\"\" data-large_image_width=\"1296\" data-large_image_height=\"972\"href='https:\/\/www.radiopiu.net\/wordpress\/wp-content\/uploads\/2025\/10\/218d9a25-712a-4c75-b055-ab39ef520fa0.jpg'><img loading=\"lazy\" decoding=\"async\" width=\"150\" height=\"150\" src=\"https:\/\/www.radiopiu.net\/wordpress\/wp-content\/uploads\/2025\/10\/218d9a25-712a-4c75-b055-ab39ef520fa0-150x150.jpg\" class=\"attachment-thumbnail size-thumbnail\" alt=\"\" \/><\/a>\n\t\t\t\t<\/dt><\/dl><dl class='gallery-item'>\n\t\t\t\t<dt class='gallery-icon landscape'>\n\t\t\t\t\t<a class=\"rollover rollover-zoom dt-pswp-item\" title=\"2d1cc462-5aa0-40cf-bdc4-504d25e280c5\" data-dt-img-description=\"\" data-large_image_width=\"1600\" data-large_image_height=\"1200\"href='https:\/\/www.radiopiu.net\/wordpress\/wp-content\/uploads\/2025\/10\/2d1cc462-5aa0-40cf-bdc4-504d25e280c5.jpg'><img loading=\"lazy\" decoding=\"async\" width=\"150\" height=\"150\" src=\"https:\/\/www.radiopiu.net\/wordpress\/wp-content\/uploads\/2025\/10\/2d1cc462-5aa0-40cf-bdc4-504d25e280c5-150x150.jpg\" class=\"attachment-thumbnail size-thumbnail\" alt=\"\" \/><\/a>\n\t\t\t\t<\/dt><\/dl><dl class='gallery-item'>\n\t\t\t\t<dt class='gallery-icon landscape'>\n\t\t\t\t\t<a class=\"rollover rollover-zoom dt-pswp-item\" title=\"ce42ea61-7147-4bc3-81f1-c789c06bd0d2\" data-dt-img-description=\"\" data-large_image_width=\"1600\" data-large_image_height=\"1200\"href='https:\/\/www.radiopiu.net\/wordpress\/wp-content\/uploads\/2025\/10\/ce42ea61-7147-4bc3-81f1-c789c06bd0d2.jpg'><img loading=\"lazy\" decoding=\"async\" width=\"150\" height=\"150\" src=\"https:\/\/www.radiopiu.net\/wordpress\/wp-content\/uploads\/2025\/10\/ce42ea61-7147-4bc3-81f1-c789c06bd0d2-150x150.jpg\" class=\"attachment-thumbnail size-thumbnail\" alt=\"\" \/><\/a>\n\t\t\t\t<\/dt><\/dl><br style=\"clear: both\" \/><dl class='gallery-item'>\n\t\t\t\t<dt class='gallery-icon landscape'>\n\t\t\t\t\t<a class=\"rollover rollover-zoom dt-pswp-item\" title=\"ee64e40a-d4b8-4dc7-9aa5-0bb98b04bf7e\" data-dt-img-description=\"\" data-large_image_width=\"1600\" data-large_image_height=\"1200\"href='https:\/\/www.radiopiu.net\/wordpress\/wp-content\/uploads\/2025\/10\/ee64e40a-d4b8-4dc7-9aa5-0bb98b04bf7e.jpg'><img loading=\"lazy\" decoding=\"async\" width=\"150\" height=\"150\" src=\"https:\/\/www.radiopiu.net\/wordpress\/wp-content\/uploads\/2025\/10\/ee64e40a-d4b8-4dc7-9aa5-0bb98b04bf7e-150x150.jpg\" class=\"attachment-thumbnail size-thumbnail\" alt=\"\" \/><\/a>\n\t\t\t\t<\/dt><\/dl><dl class='gallery-item'>\n\t\t\t\t<dt class='gallery-icon landscape'>\n\t\t\t\t\t<a class=\"rollover rollover-zoom dt-pswp-item\" title=\"d2983eec-b265-48e1-bd2d-38ac6d029444\" data-dt-img-description=\"\" data-large_image_width=\"1600\" data-large_image_height=\"1200\"href='https:\/\/www.radiopiu.net\/wordpress\/wp-content\/uploads\/2025\/10\/d2983eec-b265-48e1-bd2d-38ac6d029444.jpg'><img loading=\"lazy\" decoding=\"async\" width=\"150\" height=\"150\" src=\"https:\/\/www.radiopiu.net\/wordpress\/wp-content\/uploads\/2025\/10\/d2983eec-b265-48e1-bd2d-38ac6d029444-150x150.jpg\" class=\"attachment-thumbnail size-thumbnail\" alt=\"\" \/><\/a>\n\t\t\t\t<\/dt><\/dl><dl class='gallery-item'>\n\t\t\t\t<dt class='gallery-icon landscape'>\n\t\t\t\t\t<a class=\"rollover rollover-zoom dt-pswp-item\" title=\"f2d6fb08-c68a-4f45-a7fd-51ab27f2078c\" data-dt-img-description=\"\" data-large_image_width=\"1600\" data-large_image_height=\"1200\"href='https:\/\/www.radiopiu.net\/wordpress\/wp-content\/uploads\/2025\/10\/f2d6fb08-c68a-4f45-a7fd-51ab27f2078c.jpg'><img loading=\"lazy\" decoding=\"async\" width=\"150\" height=\"150\" src=\"https:\/\/www.radiopiu.net\/wordpress\/wp-content\/uploads\/2025\/10\/f2d6fb08-c68a-4f45-a7fd-51ab27f2078c-150x150.jpg\" class=\"attachment-thumbnail size-thumbnail\" alt=\"\" \/><\/a>\n\t\t\t\t<\/dt><\/dl><dl class='gallery-item'>\n\t\t\t\t<dt class='gallery-icon landscape'>\n\t\t\t\t\t<a class=\"rollover rollover-zoom dt-pswp-item\" title=\"c4a9fcbf-5a6e-461c-b7d1-b24005eb35d1\" data-dt-img-description=\"\" data-large_image_width=\"1600\" data-large_image_height=\"1200\"href='https:\/\/www.radiopiu.net\/wordpress\/wp-content\/uploads\/2025\/10\/c4a9fcbf-5a6e-461c-b7d1-b24005eb35d1.jpg'><img loading=\"lazy\" decoding=\"async\" width=\"150\" height=\"150\" src=\"https:\/\/www.radiopiu.net\/wordpress\/wp-content\/uploads\/2025\/10\/c4a9fcbf-5a6e-461c-b7d1-b24005eb35d1-150x150.jpg\" class=\"attachment-thumbnail size-thumbnail\" alt=\"\" \/><\/a>\n\t\t\t\t<\/dt><\/dl><dl class='gallery-item'>\n\t\t\t\t<dt class='gallery-icon landscape'>\n\t\t\t\t\t<a class=\"rollover rollover-zoom dt-pswp-item\" title=\"7fa595c4-f248-44c0-80f1-ae17c37493b2\" data-dt-img-description=\"\" data-large_image_width=\"1600\" data-large_image_height=\"1200\"href='https:\/\/www.radiopiu.net\/wordpress\/wp-content\/uploads\/2025\/10\/7fa595c4-f248-44c0-80f1-ae17c37493b2.jpg'><img loading=\"lazy\" decoding=\"async\" width=\"150\" height=\"150\" src=\"https:\/\/www.radiopiu.net\/wordpress\/wp-content\/uploads\/2025\/10\/7fa595c4-f248-44c0-80f1-ae17c37493b2-150x150.jpg\" class=\"attachment-thumbnail size-thumbnail\" alt=\"\" \/><\/a>\n\t\t\t\t<\/dt><\/dl><dl class='gallery-item'>\n\t\t\t\t<dt class='gallery-icon landscape'>\n\t\t\t\t\t<a class=\"rollover rollover-zoom dt-pswp-item\" title=\"e61dfdb5-92d0-414a-9b75-3ce228814fb7\" data-dt-img-description=\"\" data-large_image_width=\"1600\" data-large_image_height=\"1200\"href='https:\/\/www.radiopiu.net\/wordpress\/wp-content\/uploads\/2025\/10\/e61dfdb5-92d0-414a-9b75-3ce228814fb7.jpg'><img loading=\"lazy\" decoding=\"async\" width=\"150\" height=\"150\" src=\"https:\/\/www.radiopiu.net\/wordpress\/wp-content\/uploads\/2025\/10\/e61dfdb5-92d0-414a-9b75-3ce228814fb7-150x150.jpg\" class=\"attachment-thumbnail size-thumbnail\" alt=\"\" \/><\/a>\n\t\t\t\t<\/dt><\/dl><br style=\"clear: both\" \/><dl class='gallery-item'>\n\t\t\t\t<dt class='gallery-icon landscape'>\n\t\t\t\t\t<a class=\"rollover rollover-zoom dt-pswp-item\" title=\"033e0e69-0d5a-4884-b01e-40086c1d3662\" data-dt-img-description=\"\" data-large_image_width=\"1600\" data-large_image_height=\"1200\"href='https:\/\/www.radiopiu.net\/wordpress\/wp-content\/uploads\/2025\/10\/033e0e69-0d5a-4884-b01e-40086c1d3662.jpg'><img loading=\"lazy\" decoding=\"async\" width=\"150\" height=\"150\" src=\"https:\/\/www.radiopiu.net\/wordpress\/wp-content\/uploads\/2025\/10\/033e0e69-0d5a-4884-b01e-40086c1d3662-150x150.jpg\" class=\"attachment-thumbnail size-thumbnail\" alt=\"\" \/><\/a>\n\t\t\t\t<\/dt><\/dl><dl class='gallery-item'>\n\t\t\t\t<dt class='gallery-icon landscape'>\n\t\t\t\t\t<a class=\"rollover rollover-zoom dt-pswp-item\" title=\"e5486c86-e096-4c62-9ab1-f0e4442d2e9b\" data-dt-img-description=\"\" data-large_image_width=\"1600\" data-large_image_height=\"1200\"href='https:\/\/www.radiopiu.net\/wordpress\/wp-content\/uploads\/2025\/10\/e5486c86-e096-4c62-9ab1-f0e4442d2e9b.jpg'><img loading=\"lazy\" decoding=\"async\" width=\"150\" height=\"150\" src=\"https:\/\/www.radiopiu.net\/wordpress\/wp-content\/uploads\/2025\/10\/e5486c86-e096-4c62-9ab1-f0e4442d2e9b-150x150.jpg\" class=\"attachment-thumbnail size-thumbnail\" alt=\"\" \/><\/a>\n\t\t\t\t<\/dt><\/dl><dl class='gallery-item'>\n\t\t\t\t<dt class='gallery-icon landscape'>\n\t\t\t\t\t<a class=\"rollover rollover-zoom dt-pswp-item\" title=\"38813b8e-f91b-429e-a9d7-adfebf1c167e\" data-dt-img-description=\"\" data-large_image_width=\"1600\" data-large_image_height=\"1200\"href='https:\/\/www.radiopiu.net\/wordpress\/wp-content\/uploads\/2025\/10\/38813b8e-f91b-429e-a9d7-adfebf1c167e.jpg'><img loading=\"lazy\" decoding=\"async\" width=\"150\" height=\"150\" src=\"https:\/\/www.radiopiu.net\/wordpress\/wp-content\/uploads\/2025\/10\/38813b8e-f91b-429e-a9d7-adfebf1c167e-150x150.jpg\" class=\"attachment-thumbnail size-thumbnail\" alt=\"\" \/><\/a>\n\t\t\t\t<\/dt><\/dl><dl class='gallery-item'>\n\t\t\t\t<dt class='gallery-icon landscape'>\n\t\t\t\t\t<a class=\"rollover rollover-zoom dt-pswp-item\" title=\"26ad2cf4-7dc5-4bfe-83d8-67711ac5b12d\" data-dt-img-description=\"\" data-large_image_width=\"1600\" data-large_image_height=\"1200\"href='https:\/\/www.radiopiu.net\/wordpress\/wp-content\/uploads\/2025\/10\/26ad2cf4-7dc5-4bfe-83d8-67711ac5b12d.jpg'><img loading=\"lazy\" decoding=\"async\" width=\"150\" height=\"150\" src=\"https:\/\/www.radiopiu.net\/wordpress\/wp-content\/uploads\/2025\/10\/26ad2cf4-7dc5-4bfe-83d8-67711ac5b12d-150x150.jpg\" class=\"attachment-thumbnail size-thumbnail\" alt=\"\" \/><\/a>\n\t\t\t\t<\/dt><\/dl><dl class='gallery-item'>\n\t\t\t\t<dt class='gallery-icon landscape'>\n\t\t\t\t\t<a class=\"rollover rollover-zoom dt-pswp-item\" title=\"5b37e953-00a2-4aba-9b77-f90ebc7576be\" data-dt-img-description=\"\" data-large_image_width=\"1600\" data-large_image_height=\"1200\"href='https:\/\/www.radiopiu.net\/wordpress\/wp-content\/uploads\/2025\/10\/5b37e953-00a2-4aba-9b77-f90ebc7576be.jpg'><img loading=\"lazy\" decoding=\"async\" width=\"150\" height=\"150\" src=\"https:\/\/www.radiopiu.net\/wordpress\/wp-content\/uploads\/2025\/10\/5b37e953-00a2-4aba-9b77-f90ebc7576be-150x150.jpg\" class=\"attachment-thumbnail size-thumbnail\" alt=\"\" \/><\/a>\n\t\t\t\t<\/dt><\/dl><dl class='gallery-item'>\n\t\t\t\t<dt class='gallery-icon landscape'>\n\t\t\t\t\t<a class=\"rollover rollover-zoom dt-pswp-item\" title=\"59fd87c1-5871-49b3-bc2a-40f95c66edd6\" data-dt-img-description=\"\" data-large_image_width=\"1600\" data-large_image_height=\"1200\"href='https:\/\/www.radiopiu.net\/wordpress\/wp-content\/uploads\/2025\/10\/59fd87c1-5871-49b3-bc2a-40f95c66edd6.jpg'><img loading=\"lazy\" decoding=\"async\" width=\"150\" height=\"150\" src=\"https:\/\/www.radiopiu.net\/wordpress\/wp-content\/uploads\/2025\/10\/59fd87c1-5871-49b3-bc2a-40f95c66edd6-150x150.jpg\" class=\"attachment-thumbnail size-thumbnail\" alt=\"\" \/><\/a>\n\t\t\t\t<\/dt><\/dl><br style=\"clear: both\" \/>\n\t\t\t<\/div>\n\n<p>&nbsp;<\/p>\n<p>&nbsp;<\/p>\n<hr \/>\n<p>&nbsp;<\/p>\n<h2><span style=\"color: #ff0000;\">CONSIGLI COMUNALI IN AGORDINO<\/span><\/h2>\n<p><strong>AGORDO<\/strong> Il consiglio comunale di Agordo \u00e8 convocato per oggi alle 18:30. Sei punti in discussione: l\u2019approvazione del Documento Unico di Programmazione semplificato 2026\/2028; l\u2019affidamento della gestione dei servizi di asilo nido e scuola materna paritaria di Agordo all\u2019Azienda Speciale \u201cAgordo Servizi\u201d; la ratifica di una variazione al bilancio di previsione e al piano esecutivo di gestione; l\u2019approvazione del regolamento per il volontariato civico; la convenzione con la Provincia di Belluno per le agevolazioni sul trasporto pubblico; una variazione al DUP, al programma opere pubbliche e al bilancio 2025\/2027. Al termine le comunicazioni del sindaco.<\/p>\n<p><strong>SELVA DI<\/strong> <strong>CADORE<\/strong> Consiglio comunale convocato per domani alle 19. Due punti da discutere: l&#8217;assemblea ordinaria della Val Fiorentina SPA e la permuta di un terreno di propriet\u00e0 comunale con terreni di privati in localit\u00e0 Bernart.<\/p>\n<p><strong>RIVAMONTE<\/strong> Consiglio Comunale per mercoled\u00ec alle 18:30. All\u2019ordine del giorno figurano nove punti, tra cui la ratifica di due delibere riguardanti variazioni al bilancio di previsione 2025\/2027, il rendiconto 2024 dell\u2019A.S.C.A., e l\u2019aggiornamento del Documento Unico di Programmazione (DUP). Si discuter\u00e0 anche dell\u2019estinzione anticipata di mutui, dell\u2019approvazione del nuovo regolamento di contabilit\u00e0 e delle norme per le adunanze del Consiglio.<\/p>\n<p><strong>SAN TOMASO<\/strong> Consiglio comunale convocato per venerd\u00ec alle 19. Si discuter\u00e0 di una variante al piano degli interventi comunale e la presa d&#8217;atto di un verbale di fine settembre relativo alle risultanze dei controlli interni<\/p>\n<p>&nbsp;<\/p>\n<p>&nbsp;<\/p>\n<hr \/>\n<p>&nbsp;<\/p>\n<blockquote>\n<h3>NOVEMBRE \u00c8 IL MESE DELLA PREVENZIONE DEI TUMORI MASCHILI<\/h3>\n<\/blockquote>\n<p><strong><a class=\"dt-pswp-item\" href=\"https:\/\/www.radiopiu.net\/wordpress\/wp-content\/uploads\/2025\/03\/LILT.jpg\" data-dt-img-description=\"\" data-large_image_width=\"768\" data-large_image_height=\"433\"><img loading=\"lazy\" decoding=\"async\" class=\" wp-image-440668 alignleft\" src=\"https:\/\/www.radiopiu.net\/wordpress\/wp-content\/uploads\/2025\/03\/LILT-300x169.jpg\" alt=\"\" width=\"181\" height=\"102\" srcset=\"https:\/\/www.radiopiu.net\/wordpress\/wp-content\/uploads\/2025\/03\/LILT-300x169.jpg 300w, https:\/\/www.radiopiu.net\/wordpress\/wp-content\/uploads\/2025\/03\/LILT.jpg 768w\" sizes=\"auto, (max-width: 181px) 100vw, 181px\" \/><\/a>BELLUNO <\/strong>La L.I.L.T. &#8211; Sezione Provinciale di Belluno promuove per novembre 2025 la campagna \u201cNon perdere il filo della prevenzione, contro i tumori maschili \u00e8 la tua prima alleata\u201d, dedicata alla salute maschile. Gli uomini tra i 50 e i 70 anni possono prenotare gratuitamente il prelievo per il dosaggio del PSA e una visita urologica di prevenzione con la Dott.ssa Maria Cristina Camuffo. Le prenotazioni si effettuano telefonando alla Segreteria della L.I.L.T. di Belluno al numero 0437-1841362, il marted\u00ec e mercoled\u00ec dalle ore 10.00 alle 12.00. Un\u2019occasione importante per prendersi cura di s\u00e9 e prevenire i tumori maschili.<\/p>\n<p>&nbsp;<\/p>\n<p>&nbsp;<\/p>\n<hr \/>\n<p>&nbsp;<\/p>\n<blockquote>\n<h3><a class=\"dt-pswp-item\" href=\"https:\/\/www.radiopiu.net\/wordpress\/wp-content\/uploads\/2025\/10\/B15B006A-C82A-48DE-8158-033329CE2887.jpg\" data-dt-img-description=\"\" data-large_image_width=\"605\" data-large_image_height=\"341\"><img loading=\"lazy\" decoding=\"async\" class=\" wp-image-477070 alignleft\" src=\"https:\/\/www.radiopiu.net\/wordpress\/wp-content\/uploads\/2025\/10\/B15B006A-C82A-48DE-8158-033329CE2887-300x169.jpg\" alt=\"\" width=\"291\" height=\"164\" srcset=\"https:\/\/www.radiopiu.net\/wordpress\/wp-content\/uploads\/2025\/10\/B15B006A-C82A-48DE-8158-033329CE2887-300x169.jpg 300w, https:\/\/www.radiopiu.net\/wordpress\/wp-content\/uploads\/2025\/10\/B15B006A-C82A-48DE-8158-033329CE2887.jpg 605w\" sizes=\"auto, (max-width: 291px) 100vw, 291px\" \/><\/a>\u201cCAPULETI E MONTECCHI\u201d: L\u2019OPERA TORNA AL TEATRO DI BELLUNO DOPO 190 ANNI<\/h3>\n<\/blockquote>\n<p><strong>BELLUNO <\/strong>L\u2019Associazione Dolomiti Symphonia Orchestra, insieme a Comune di Belluno, Fondazione Teatri delle Dolomiti e Circolo Cultura e Stampa Bellunese, porta in scena \u201cCapuleti e Montecchi\u201d di Vincenzo Bellini al Teatro Dino Buzzati il 31 ottobre alle 20:30. Il titolo fu il primo rappresentato all\u2019apertura del teatro nel 1835, e oggi viene riproposto per celebrare la storia cittadina e valorizzare la tradizione del \u201cbel canto\u201d.<\/p>\n<p>&nbsp;<\/p>\n<p>&nbsp;<\/p>\n<hr \/>\n<p>&nbsp;<\/p>\n<blockquote>\n<h3>INFORMAZIONE E GUERRA: LUCA STEINMANN A BELLUNO CON LE SCUOLE IN RETE<\/h3>\n<\/blockquote>\n<p><strong><a class=\"dt-pswp-item\" href=\"https:\/\/www.radiopiu.net\/wordpress\/wp-content\/uploads\/2025\/10\/Senza-titolo.png\" data-dt-img-description=\"\" data-large_image_width=\"644\" data-large_image_height=\"488\"><img loading=\"lazy\" decoding=\"async\" class=\" wp-image-477398 alignleft\" src=\"https:\/\/www.radiopiu.net\/wordpress\/wp-content\/uploads\/2025\/10\/Senza-titolo-300x227.png\" alt=\"\" width=\"153\" height=\"116\" srcset=\"https:\/\/www.radiopiu.net\/wordpress\/wp-content\/uploads\/2025\/10\/Senza-titolo-300x227.png 300w, https:\/\/www.radiopiu.net\/wordpress\/wp-content\/uploads\/2025\/10\/Senza-titolo.png 644w\" sizes=\"auto, (max-width: 153px) 100vw, 153px\" \/><\/a>BELLUNO <\/strong>Raccontare la guerra significa affrontare la complessit\u00e0 dell\u2019informazione. Le Scuole in Rete, insieme all\u2019Associazione Amici delle Scuole in Rete e all\u2019APS Gianni Ballerio, ospitano a Belluno il giornalista e docente Luca Steinmann, autore de <em>Il fronte russo<\/em>. Reporter con esperienza diretta nei principali teatri di guerra, Steinmann \u00e8 oggi l\u2019unico giornalista occidentale con un punto di vista interno al fronte russo. L\u2019incontro \u201cInformazione e guerra: notizie dal fronte\u201d si terr\u00e0 venerd\u00ec 31 ottobre, con dialoghi mattutini per gli studenti e un appuntamento serale alle 20:30 al Liceo Lollino.<\/p>\n<p>&nbsp;<\/p>\n<p>&nbsp;<\/p>\n<hr \/>\n<p>&nbsp;<\/p>\n<blockquote>\n<h3>\u201cTRA LE RIGHE CON\u201d: PAROLE, INCONTRI E STORIE IN MOVIMENTO<\/h3>\n<\/blockquote>\n<p><strong><a class=\"dt-pswp-item\" href=\"https:\/\/www.radiopiu.net\/wordpress\/wp-content\/uploads\/2025\/10\/TRA-LE-RIGHE.png\" data-dt-img-description=\"\" data-large_image_width=\"792\" data-large_image_height=\"310\"><img loading=\"lazy\" decoding=\"async\" class=\" wp-image-477007 alignleft\" src=\"https:\/\/www.radiopiu.net\/wordpress\/wp-content\/uploads\/2025\/10\/TRA-LE-RIGHE-300x117.png\" alt=\"\" width=\"218\" height=\"85\" srcset=\"https:\/\/www.radiopiu.net\/wordpress\/wp-content\/uploads\/2025\/10\/TRA-LE-RIGHE-300x117.png 300w, https:\/\/www.radiopiu.net\/wordpress\/wp-content\/uploads\/2025\/10\/TRA-LE-RIGHE-768x301.png 768w, https:\/\/www.radiopiu.net\/wordpress\/wp-content\/uploads\/2025\/10\/TRA-LE-RIGHE.png 792w\" sizes=\"auto, (max-width: 218px) 100vw, 218px\" \/><\/a>BELLUNO <\/strong>Nasce <strong>\u201c<\/strong>Tra le righe con\u201d, la nuova rassegna letteraria ideata da Barbara Chiarand\u00e0 e Martino Fogliato, pensata per portare la cultura in movimento tra incontri, dialoghi e ascolto. La rassegna far\u00e0 tappa in vari luoghi della provincia di Belluno, proponendo appuntamenti unici dove la parola diventa occasione di relazione e riflessione. Il primo incontro \u00e8 in programma sabato 1\u00b0 novembre alle 18 al Centro culturale \u201cFil\u00f2\u201d del Nevegal con Kristian Ghedina, che presenter\u00e0 la sua biografia <em>\u201cGhedo \u2013 Non ho fretta ma vado veloce\u201d<\/em> (Minerva Editore), scritta con Lorenzo Fabiano. Organizzato in collaborazione con Nevegallika, l\u2019evento \u00e8 a ingresso libero e inaugura un percorso dove letteratura ed emozione si intrecciano, illuminando la forza delle idee condivise.<\/p>\n<p>&nbsp;<\/p>\n<p>&nbsp;<\/p>\n<hr \/>\n<p>&nbsp;<\/p>\n<blockquote>\n<h3>FALCADE RICORDA I CADUTI E LE VITTIME DELL\u2019ALLUVIONE DEL 1966<\/h3>\n<\/blockquote>\n<p><strong><a class=\"dt-pswp-item\" href=\"https:\/\/www.radiopiu.net\/wordpress\/wp-content\/uploads\/2022\/12\/MUNICIPIO-FALCADE.png\" data-dt-img-description=\"\" data-large_image_width=\"941\" data-large_image_height=\"655\"><img loading=\"lazy\" decoding=\"async\" class=\" wp-image-314065 alignleft\" src=\"https:\/\/www.radiopiu.net\/wordpress\/wp-content\/uploads\/2022\/12\/MUNICIPIO-FALCADE-300x209.png\" alt=\"\" width=\"175\" height=\"122\" srcset=\"https:\/\/www.radiopiu.net\/wordpress\/wp-content\/uploads\/2022\/12\/MUNICIPIO-FALCADE-300x209.png 300w, https:\/\/www.radiopiu.net\/wordpress\/wp-content\/uploads\/2022\/12\/MUNICIPIO-FALCADE-768x535.png 768w, https:\/\/www.radiopiu.net\/wordpress\/wp-content\/uploads\/2022\/12\/MUNICIPIO-FALCADE.png 941w\" sizes=\"auto, (max-width: 175px) 100vw, 175px\" \/><\/a>FALCADE <\/strong>Il Comune di Falcade, con il Sindaco e l\u2019Amministrazione comunale, invita la cittadinanza a partecipare alle celebrazioni in memoria dei caduti in guerra e delle vittime dell\u2019alluvione del 1966. Marted\u00ec 4 novembre 2025, alle 14, si terr\u00e0 una Santa Messa in Piazza di Somor, in ricordo dei concittadini scomparsi; in caso di maltempo, la funzione sar\u00e0 celebrata nella Chiesa di Falcade Alto. Domenica 9 novembre, alle\u00a0 10.30, si svolger\u00e0 la Messa per la Festa dell\u2019Unit\u00e0 Nazionale e delle Forze Armate, seguita dalla deposizione di corone ai monumenti ai caduti. L\u2019Amministrazione ringrazia i gruppi A.N.A. locali per la collaborazione e invita tutti a difendere ogni giorno pace e libert\u00e0.<\/p>\n<p>&nbsp;<\/p>\n<p>&nbsp;<\/p>\n<p>&nbsp;<\/p>\n<hr \/>\n<blockquote>\n<h3><\/h3>\n<h3>DANILO GIORDANO PRESENTA IL SUO NUOVO LIBRO \u201cMA LE DOLOMITI, COSA SONO?\u201d<\/h3>\n<\/blockquote>\n<p><strong><a class=\"dt-pswp-item\" href=\"https:\/\/www.radiopiu.net\/wordpress\/wp-content\/uploads\/2025\/10\/giordano.jpg\" data-dt-img-description=\"\" data-large_image_width=\"432\" data-large_image_height=\"608\"><img loading=\"lazy\" decoding=\"async\" class=\" wp-image-476881 alignleft\" src=\"https:\/\/www.radiopiu.net\/wordpress\/wp-content\/uploads\/2025\/10\/giordano-213x300.jpg\" alt=\"\" width=\"91\" height=\"128\" srcset=\"https:\/\/www.radiopiu.net\/wordpress\/wp-content\/uploads\/2025\/10\/giordano-213x300.jpg 213w, https:\/\/www.radiopiu.net\/wordpress\/wp-content\/uploads\/2025\/10\/giordano.jpg 432w\" sizes=\"auto, (max-width: 91px) 100vw, 91px\" \/><\/a>AGORDO <\/strong>L\u2019Associazione Amici dei Minerari APS invita il pubblico alla presentazione del nuovo libro di Danilo Giordano, intitolato <em data-start=\"203\" data-end=\"322\">\u201cMa le Dolomiti, cosa sono? Una interpretazione geologica degli scritti di Dino Buzzati ispirata a Bruno Castiglioni\u201d<\/em>. L\u2019evento si terr\u00e0 venerd\u00ec 7 novembre 2025 alle ore 18 presso la Sala \u00abDon Tamis\u00bb di Agordo. L\u2019opera, ottavo volume della collana <em data-start=\"459\" data-end=\"488\">Memorie Geologiche Agordine<\/em>, propone un affascinante viaggio tra scienza e letteratura, esplorando le Dolomiti attraverso lo sguardo poetico di Dino Buzzati e l\u2019approccio scientifico di Bruno Castiglioni. Giordano intreccia geologia e narrativa, restituendo al lettore una visione unica delle montagne patrimonio dell\u2019umanit\u00e0.<\/p>\n<p>&nbsp;<\/p>\n<p>&nbsp;<\/p>\n<hr \/>\n<p>&nbsp;<\/p>\n<blockquote>\n<h3>&#8220;LA<a class=\"dt-pswp-item\" href=\"https:\/\/www.radiopiu.net\/wordpress\/wp-content\/uploads\/2025\/10\/AntoniaFedon_LaCreazione-particolare.jpeg\" data-dt-img-description=\"\" data-large_image_width=\"961\" data-large_image_height=\"1002\"><img loading=\"lazy\" decoding=\"async\" class=\" wp-image-476857 alignleft\" src=\"https:\/\/www.radiopiu.net\/wordpress\/wp-content\/uploads\/2025\/10\/AntoniaFedon_LaCreazione-particolare-288x300.jpeg\" alt=\"\" width=\"101\" height=\"106\" srcset=\"https:\/\/www.radiopiu.net\/wordpress\/wp-content\/uploads\/2025\/10\/AntoniaFedon_LaCreazione-particolare-288x300.jpeg 288w, https:\/\/www.radiopiu.net\/wordpress\/wp-content\/uploads\/2025\/10\/AntoniaFedon_LaCreazione-particolare-768x801.jpeg 768w, https:\/\/www.radiopiu.net\/wordpress\/wp-content\/uploads\/2025\/10\/AntoniaFedon_LaCreazione-particolare.jpeg 961w\" sizes=\"auto, (max-width: 101px) 100vw, 101px\" \/><\/a> CREAZIONE&#8221; DI MARIA ANTONIA FEDON AL TEATRO DINO BUZZATI<\/h3>\n<\/blockquote>\n<p><strong>BELLUNO <\/strong>Venerd\u00ec 7 novembre, alle 17, al Teatro Dino Buzzati di Belluno verr\u00e0 inaugurata &#8220;La Creazione&#8221;, opera dell&#8217;artista bellunese Maria Antonia Fedon dedicata allo scrittore e giornalista bellunese Dino Buzzati, che il Comune di Belluno ha deciso di esporre permanentemente all&#8217;interno del teatro, nell&#8217;antisala dell&#8217;ingresso.<\/p>\n<p>&nbsp;<\/p>\n<p>&nbsp;<\/p>\n<hr \/>\n<p>&nbsp;<\/p>\n<blockquote>\n<h3>AD AGORDO LA PRIMA PRESENTAZIONE DEL SAGGIO SULLA LINGUA LADINA<\/h3>\n<\/blockquote>\n<p><strong><a class=\"dt-pswp-item\" href=\"https:\/\/www.radiopiu.net\/wordpress\/wp-content\/uploads\/2025\/10\/musla.jpg\" data-dt-img-description=\"\" data-large_image_width=\"428\" data-large_image_height=\"609\"><img loading=\"lazy\" decoding=\"async\" class=\" wp-image-476877 alignleft\" src=\"https:\/\/www.radiopiu.net\/wordpress\/wp-content\/uploads\/2025\/10\/musla-211x300.jpg\" alt=\"\" width=\"101\" height=\"144\" srcset=\"https:\/\/www.radiopiu.net\/wordpress\/wp-content\/uploads\/2025\/10\/musla-211x300.jpg 211w, https:\/\/www.radiopiu.net\/wordpress\/wp-content\/uploads\/2025\/10\/musla.jpg 428w\" sizes=\"auto, (max-width: 101px) 100vw, 101px\" \/><\/a>AGORDO <\/strong>Agordo si prepara a ospitare un evento culturale di grande rilievo: il 22 novembre sar\u00e0 presentato il saggio <em data-start=\"269\" data-end=\"323\">\u201cNormalizzazione linguistica in Agordino e in Zoldo\u201d<\/em>, frutto del lavoro dell\u2019Istituto Bellunese di Ricerche Sociali e Culturali (IBRSC). Il libro, scritto a pi\u00f9 mani, \u00e8 stato realizzato in collaborazione con MUSLA, Federazione Ladina del Veneto, Unioni Ladine dell\u2019Agordino e Provincia di Belluno. La presentazione si svolger\u00e0 nella Sala Convegni Don Tamis, in Via 27 Aprile 10, a partire dalle ore 18:00. La serata prevede due momenti: la presentazione del volume e una tavola rotonda aperta al pubblico e agli ospiti invitati, per discutere delle sfide e delle opportunit\u00e0 della lingua ladina nella regione. Al termine dell\u2019incontro sar\u00e0 offerto un rinfresco, occasione per confrontarsi e approfondire i temi trattati.<\/p>\n<p>&nbsp;<\/p>\n<p>&nbsp;<\/p>\n<hr \/>\n<p>&nbsp;<\/p>\n<blockquote class=\"wp-embedded-content\" data-secret=\"Mt7zBytghi\"><p><a href=\"https:\/\/www.radiopiu.net\/wordpress\/puntata-11asa\/\">UN\u2019AMICIZIA SCOLPITA NEL TEMPO: IL RICORDO DI FRANCO FIABANE ATTRAVERSO LE FOTO DI ELIO<\/a><\/p><\/blockquote>\n<p><iframe loading=\"lazy\" class=\"wp-embedded-content\" sandbox=\"allow-scripts\" security=\"restricted\" style=\"position: absolute; visibility: hidden;\" title=\"&#8220;UN\u2019AMICIZIA SCOLPITA NEL TEMPO: IL RICORDO DI FRANCO FIABANE ATTRAVERSO LE FOTO DI ELIO&#8221; &#8212; Radio Pi\u00f9\" src=\"https:\/\/www.radiopiu.net\/wordpress\/puntata-11asa\/embed\/#?secret=6iq4wjEd4L#?secret=Mt7zBytghi\" data-secret=\"Mt7zBytghi\" width=\"600\" height=\"338\" frameborder=\"0\" marginwidth=\"0\" marginheight=\"0\" scrolling=\"no\"><\/iframe><\/p>\n<p>&nbsp;<\/p>\n<hr \/>\n<p>&nbsp;<\/p>\n<h1><span style=\"color: #ff6600;\">IERI ALLA RADIO<\/span><\/h1>\n<h2><span style=\"color: #00ccff;\">L&#8217;AUTUNNO DI ATTIVAMENTE AGORDINO ALLA PISCINA DI AGORDO<\/span><\/h2>\n<p><strong><a class=\"dt-pswp-item\" href=\"https:\/\/www.radiopiu.net\/wordpress\/wp-content\/uploads\/2025\/10\/35e0b6bc-179a-4ae2-8698-94e78fe3c0fa.jpg\" data-dt-img-description=\"\" data-large_image_width=\"1224\" data-large_image_height=\"695\"><img loading=\"lazy\" decoding=\"async\" class=\" wp-image-477082 alignleft\" src=\"https:\/\/www.radiopiu.net\/wordpress\/wp-content\/uploads\/2025\/10\/35e0b6bc-179a-4ae2-8698-94e78fe3c0fa-300x170.jpg\" alt=\"\" width=\"221\" height=\"125\" srcset=\"https:\/\/www.radiopiu.net\/wordpress\/wp-content\/uploads\/2025\/10\/35e0b6bc-179a-4ae2-8698-94e78fe3c0fa-300x170.jpg 300w, https:\/\/www.radiopiu.net\/wordpress\/wp-content\/uploads\/2025\/10\/35e0b6bc-179a-4ae2-8698-94e78fe3c0fa-1024x581.jpg 1024w, https:\/\/www.radiopiu.net\/wordpress\/wp-content\/uploads\/2025\/10\/35e0b6bc-179a-4ae2-8698-94e78fe3c0fa-768x436.jpg 768w, https:\/\/www.radiopiu.net\/wordpress\/wp-content\/uploads\/2025\/10\/35e0b6bc-179a-4ae2-8698-94e78fe3c0fa.jpg 1224w\" sizes=\"auto, (max-width: 221px) 100vw, 221px\" \/><\/a>DI MARINA DONA&#8217;<\/strong><\/p>\n<p>OSPITI: Roberto Broglio e Cristiana Carazzai<\/p>\n<audio class=\"wp-audio-shortcode\" id=\"audio-477179-6\" preload=\"none\" style=\"width: 100%;\" controls=\"controls\"><source type=\"audio\/mpeg\" src=\"https:\/\/www.radiopiu.net\/wordpress\/wp-content\/uploads\/2025\/10\/REPORTER-ATTIVAMENTE-AGORDINO-LA-STAGIONE-2025-2026-E-I-25-ANNI-DI-ATTIVITA.mp3?_=6\" \/><a href=\"https:\/\/www.radiopiu.net\/wordpress\/wp-content\/uploads\/2025\/10\/REPORTER-ATTIVAMENTE-AGORDINO-LA-STAGIONE-2025-2026-E-I-25-ANNI-DI-ATTIVITA.mp3\">https:\/\/www.radiopiu.net\/wordpress\/wp-content\/uploads\/2025\/10\/REPORTER-ATTIVAMENTE-AGORDINO-LA-STAGIONE-2025-2026-E-I-25-ANNI-DI-ATTIVITA.mp3<\/a><\/audio>\n<p>&nbsp;<\/p>\n<div style=\"width: 848px;\" class=\"wp-video\"><video class=\"wp-video-shortcode\" id=\"video-477179-3\" width=\"848\" height=\"478\" preload=\"metadata\" controls=\"controls\"><source type=\"video\/mp4\" src=\"https:\/\/www.radiopiu.net\/wordpress\/wp-content\/uploads\/2025\/10\/VIDEO-PISCINA.mp4?_=3\" \/><a href=\"https:\/\/www.radiopiu.net\/wordpress\/wp-content\/uploads\/2025\/10\/VIDEO-PISCINA.mp4\">https:\/\/www.radiopiu.net\/wordpress\/wp-content\/uploads\/2025\/10\/VIDEO-PISCINA.mp4<\/a><\/video><\/div>\n<p>&nbsp;<\/p>\n<p>&nbsp;<\/p>\n<hr \/>\n<p>&nbsp;<\/p>\n<h2><span style=\"color: #800080;\">LA RASSEGNA STAMPA DA L&#8217;AMICO DEL POPOLO<\/span><\/h2>\n<p><strong><a class=\"dt-pswp-item\" href=\"https:\/\/www.radiopiu.net\/wordpress\/wp-content\/uploads\/2025\/10\/558957532_1108003048076204_1400615308326418037_n.jpg\" data-dt-img-description=\"\" data-large_image_width=\"623\" data-large_image_height=\"575\"><img loading=\"lazy\" decoding=\"async\" class=\" wp-image-477232 alignleft\" src=\"https:\/\/www.radiopiu.net\/wordpress\/wp-content\/uploads\/2025\/10\/558957532_1108003048076204_1400615308326418037_n-300x277.jpg\" alt=\"\" width=\"192\" height=\"177\" srcset=\"https:\/\/www.radiopiu.net\/wordpress\/wp-content\/uploads\/2025\/10\/558957532_1108003048076204_1400615308326418037_n-300x277.jpg 300w, https:\/\/www.radiopiu.net\/wordpress\/wp-content\/uploads\/2025\/10\/558957532_1108003048076204_1400615308326418037_n.jpg 623w\" sizes=\"auto, (max-width: 192px) 100vw, 192px\" \/><\/a>DI GIANNI SANTOMASO<\/strong><\/p>\n<p>OSPITE: Simone Carnielli<\/p>\n<audio class=\"wp-audio-shortcode\" id=\"audio-477179-7\" preload=\"none\" style=\"width: 100%;\" controls=\"controls\"><source type=\"audio\/mpeg\" src=\"https:\/\/www.radiopiu.net\/wordpress\/wp-content\/uploads\/2025\/10\/RASSEGNA-GIANNI-SITO-1.mp3?_=7\" \/><a href=\"https:\/\/www.radiopiu.net\/wordpress\/wp-content\/uploads\/2025\/10\/RASSEGNA-GIANNI-SITO-1.mp3\">https:\/\/www.radiopiu.net\/wordpress\/wp-content\/uploads\/2025\/10\/RASSEGNA-GIANNI-SITO-1.mp3<\/a><\/audio>\n<p>&nbsp;<\/p>\n<hr \/>\n<p>&nbsp;<\/p>\n<h2><span style=\"color: #808000;\">DUE MINUTI PER TE<\/span><\/h2>\n<p><strong><a class=\"dt-pswp-item\" href=\"https:\/\/www.radiopiu.net\/wordpress\/wp-content\/uploads\/2025\/09\/DON-GIORGIO-LISE.jpg\" data-dt-img-description=\"\" data-large_image_width=\"768\" data-large_image_height=\"448\"><img loading=\"lazy\" decoding=\"async\" class=\" wp-image-470788 alignleft\" src=\"https:\/\/www.radiopiu.net\/wordpress\/wp-content\/uploads\/2025\/09\/DON-GIORGIO-LISE-300x175.jpg\" alt=\"\" width=\"195\" height=\"114\" srcset=\"https:\/\/www.radiopiu.net\/wordpress\/wp-content\/uploads\/2025\/09\/DON-GIORGIO-LISE-300x175.jpg 300w, https:\/\/www.radiopiu.net\/wordpress\/wp-content\/uploads\/2025\/09\/DON-GIORGIO-LISE.jpg 768w\" sizes=\"auto, (max-width: 195px) 100vw, 195px\" \/><\/a>APPUNTAMENTO DELLA DOMENICA CON IL PENSIERO DI MONSIGNOR GIORGIO LISE<\/strong><\/p>\n<audio class=\"wp-audio-shortcode\" id=\"audio-477179-8\" preload=\"none\" style=\"width: 100%;\" controls=\"controls\"><source type=\"audio\/mpeg\" src=\"https:\/\/www.radiopiu.net\/wordpress\/wp-content\/uploads\/2025\/10\/DON-GIORGIO-3.mp3?_=8\" \/><a href=\"https:\/\/www.radiopiu.net\/wordpress\/wp-content\/uploads\/2025\/10\/DON-GIORGIO-3.mp3\">https:\/\/www.radiopiu.net\/wordpress\/wp-content\/uploads\/2025\/10\/DON-GIORGIO-3.mp3<\/a><\/audio>\n<p>&nbsp;<\/p>\n<hr \/>\n<p>&nbsp;<\/p>\n<blockquote class=\"wp-embedded-content\" data-secret=\"cN72vPGodw\"><p><a href=\"https:\/\/www.radiopiu.net\/wordpress\/piu-siamo-con-marina-settimana-dal-20-al-24-ottobre-2025\/\">PIU&#8217; SIAMO&#8230;CON MARINA. SETTIMANA DAL 20 AL 24 OTTOBRE 2025<\/a><\/p><\/blockquote>\n<p><iframe loading=\"lazy\" class=\"wp-embedded-content\" sandbox=\"allow-scripts\" security=\"restricted\" style=\"position: absolute; visibility: hidden;\" title=\"&#8220;PIU&#8217; SIAMO&#8230;CON MARINA. SETTIMANA DAL 20 AL 24 OTTOBRE 2025&#8221; &#8212; Radio Pi\u00f9\" src=\"https:\/\/www.radiopiu.net\/wordpress\/piu-siamo-con-marina-settimana-dal-20-al-24-ottobre-2025\/embed\/#?secret=x4647KHKyQ#?secret=cN72vPGodw\" data-secret=\"cN72vPGodw\" width=\"600\" height=\"338\" frameborder=\"0\" marginwidth=\"0\" marginheight=\"0\" scrolling=\"no\"><\/iframe><\/p>\n<p>&nbsp;<\/p>\n<hr \/>\n<p>&nbsp;<\/p>\n<h2><span style=\"color: #ff0000;\"><a class=\"dt-pswp-item\" href=\"https:\/\/www.radiopiu.net\/wordpress\/wp-content\/uploads\/2018\/09\/appuntamenti.jpeg\" data-dt-img-description=\"\" data-large_image_width=\"800\" data-large_image_height=\"100\"><img loading=\"lazy\" decoding=\"async\" class=\"wp-image-61958 size-full aligncenter\" src=\"https:\/\/www.radiopiu.net\/wordpress\/wp-content\/uploads\/2018\/09\/appuntamenti.jpeg\" alt=\"\" width=\"800\" height=\"100\" srcset=\"https:\/\/www.radiopiu.net\/wordpress\/wp-content\/uploads\/2018\/09\/appuntamenti.jpeg 800w, https:\/\/www.radiopiu.net\/wordpress\/wp-content\/uploads\/2018\/09\/appuntamenti-300x38.jpeg 300w, https:\/\/www.radiopiu.net\/wordpress\/wp-content\/uploads\/2018\/09\/appuntamenti-768x96.jpeg 768w\" sizes=\"auto, (max-width: 800px) 100vw, 800px\" \/><\/a><\/span><\/h2>\n<p>&nbsp;<\/p>\n\n\t\t\t<style type='text\/css'>\n\t\t\t\t#gallery-4 {\n\t\t\t\t\tmargin: auto;\n\t\t\t\t}\n\t\t\t\t#gallery-4 .gallery-item {\n\t\t\t\t\tfloat: left;\n\t\t\t\t\tmargin-top: 10px;\n\t\t\t\t\ttext-align: center;\n\t\t\t\t\twidth: 20%;\n\t\t\t\t}\n\t\t\t\t#gallery-4 img {\n\t\t\t\t\tborder: 2px solid #cfcfcf;\n\t\t\t\t}\n\t\t\t\t#gallery-4 .gallery-caption {\n\t\t\t\t\tmargin-left: 0;\n\t\t\t\t}\n\t\t\t\t\/* see gallery_shortcode() in wp-includes\/media.php *\/\n\t\t\t<\/style>\n\t\t<div id='gallery-4' class='dt-gallery-container gallery galleryid-477179 gallery-columns-5 gallery-size-thumbnail'><dl class='gallery-item'>\n\t\t\t\t<dt class='gallery-icon portrait'>\n\t\t\t\t\t<a class=\"rollover rollover-zoom dt-pswp-item\" title=\"87dc020f-6cc3-41db-b532-ca50fd7a9a52\" data-dt-img-description=\"\" data-large_image_width=\"1080\" data-large_image_height=\"1480\"href='https:\/\/www.radiopiu.net\/wordpress\/wp-content\/uploads\/2025\/10\/87dc020f-6cc3-41db-b532-ca50fd7a9a52.jpg'><img loading=\"lazy\" decoding=\"async\" width=\"150\" height=\"150\" src=\"https:\/\/www.radiopiu.net\/wordpress\/wp-content\/uploads\/2025\/10\/87dc020f-6cc3-41db-b532-ca50fd7a9a52-150x150.jpg\" class=\"attachment-thumbnail size-thumbnail\" alt=\"\" \/><\/a>\n\t\t\t\t<\/dt><\/dl><dl class='gallery-item'>\n\t\t\t\t<dt class='gallery-icon portrait'>\n\t\t\t\t\t<a class=\"rollover rollover-zoom dt-pswp-item\" title=\"2e6ac4e6-1d7d-41ac-9068-0e0f9e3bffcc\" data-dt-img-description=\"\" data-large_image_width=\"1029\" data-large_image_height=\"1456\"href='https:\/\/www.radiopiu.net\/wordpress\/wp-content\/uploads\/2025\/10\/2e6ac4e6-1d7d-41ac-9068-0e0f9e3bffcc.jpg'><img loading=\"lazy\" decoding=\"async\" width=\"150\" height=\"150\" src=\"https:\/\/www.radiopiu.net\/wordpress\/wp-content\/uploads\/2025\/10\/2e6ac4e6-1d7d-41ac-9068-0e0f9e3bffcc-150x150.jpg\" class=\"attachment-thumbnail size-thumbnail\" alt=\"\" \/><\/a>\n\t\t\t\t<\/dt><\/dl><dl class='gallery-item'>\n\t\t\t\t<dt class='gallery-icon portrait'>\n\t\t\t\t\t<a class=\"rollover rollover-zoom dt-pswp-item\" title=\"LOCANDINA CONFERENZA CANE A LIMANA\" data-dt-img-description=\"\" data-large_image_width=\"1165\" data-large_image_height=\"1654\"href='https:\/\/www.radiopiu.net\/wordpress\/wp-content\/uploads\/2025\/10\/LOCANDINA-CONFERENZA-CANE-A-LIMANA.jpg'><img loading=\"lazy\" decoding=\"async\" width=\"150\" height=\"150\" src=\"https:\/\/www.radiopiu.net\/wordpress\/wp-content\/uploads\/2025\/10\/LOCANDINA-CONFERENZA-CANE-A-LIMANA-150x150.jpg\" class=\"attachment-thumbnail size-thumbnail\" alt=\"\" \/><\/a>\n\t\t\t\t<\/dt><\/dl><dl class='gallery-item'>\n\t\t\t\t<dt class='gallery-icon portrait'>\n\t\t\t\t\t<a class=\"rollover rollover-zoom dt-pswp-item\" title=\"Dove nuotano i caprioli\" data-dt-img-description=\"\" data-large_image_width=\"1754\" data-large_image_height=\"2481\"href='https:\/\/www.radiopiu.net\/wordpress\/wp-content\/uploads\/2025\/10\/Dove-nuotano-i-caprioli.jpg'><img loading=\"lazy\" decoding=\"async\" width=\"150\" height=\"150\" src=\"https:\/\/www.radiopiu.net\/wordpress\/wp-content\/uploads\/2025\/10\/Dove-nuotano-i-caprioli-150x150.jpg\" class=\"attachment-thumbnail size-thumbnail\" alt=\"\" \/><\/a>\n\t\t\t\t<\/dt><\/dl><dl class='gallery-item'>\n\t\t\t\t<dt class='gallery-icon portrait'>\n\t\t\t\t\t<a class=\"rollover rollover-zoom dt-pswp-item\" title=\"d0f070e2-8055-4e24-86da-988127132caa\" data-dt-img-description=\"\" data-large_image_width=\"904\" data-large_image_height=\"1280\"href='https:\/\/www.radiopiu.net\/wordpress\/wp-content\/uploads\/2025\/10\/d0f070e2-8055-4e24-86da-988127132caa.jpg'><img loading=\"lazy\" decoding=\"async\" width=\"150\" height=\"150\" src=\"https:\/\/www.radiopiu.net\/wordpress\/wp-content\/uploads\/2025\/10\/d0f070e2-8055-4e24-86da-988127132caa-150x150.jpg\" class=\"attachment-thumbnail size-thumbnail\" alt=\"\" \/><\/a>\n\t\t\t\t<\/dt><\/dl><br style=\"clear: both\" \/><dl class='gallery-item'>\n\t\t\t\t<dt class='gallery-icon portrait'>\n\t\t\t\t\t<a class=\"rollover rollover-zoom dt-pswp-item\" title=\"LOCAND\" data-dt-img-description=\"\" data-large_image_width=\"429\" data-large_image_height=\"605\"href='https:\/\/www.radiopiu.net\/wordpress\/wp-content\/uploads\/2025\/10\/LOCAND.jpg'><img loading=\"lazy\" decoding=\"async\" width=\"150\" height=\"150\" src=\"https:\/\/www.radiopiu.net\/wordpress\/wp-content\/uploads\/2025\/10\/LOCAND-150x150.jpg\" class=\"attachment-thumbnail size-thumbnail\" alt=\"\" \/><\/a>\n\t\t\t\t<\/dt><\/dl><dl class='gallery-item'>\n\t\t\t\t<dt class='gallery-icon landscape'>\n\t\t\t\t\t<a class=\"rollover rollover-zoom dt-pswp-item\" title=\"563612389_1219539743553039_1535719683077900500_n\" data-dt-img-description=\"\" data-large_image_width=\"1080\" data-large_image_height=\"1080\"href='https:\/\/www.radiopiu.net\/wordpress\/wp-content\/uploads\/2025\/10\/563612389_1219539743553039_1535719683077900500_n.jpg'><img loading=\"lazy\" decoding=\"async\" width=\"150\" height=\"150\" src=\"https:\/\/www.radiopiu.net\/wordpress\/wp-content\/uploads\/2025\/10\/563612389_1219539743553039_1535719683077900500_n-150x150.jpg\" class=\"attachment-thumbnail size-thumbnail\" alt=\"\" srcset=\"https:\/\/www.radiopiu.net\/wordpress\/wp-content\/uploads\/2025\/10\/563612389_1219539743553039_1535719683077900500_n-150x150.jpg 150w, https:\/\/www.radiopiu.net\/wordpress\/wp-content\/uploads\/2025\/10\/563612389_1219539743553039_1535719683077900500_n-300x300.jpg 300w, https:\/\/www.radiopiu.net\/wordpress\/wp-content\/uploads\/2025\/10\/563612389_1219539743553039_1535719683077900500_n-1024x1024.jpg 1024w, https:\/\/www.radiopiu.net\/wordpress\/wp-content\/uploads\/2025\/10\/563612389_1219539743553039_1535719683077900500_n-768x768.jpg 768w, https:\/\/www.radiopiu.net\/wordpress\/wp-content\/uploads\/2025\/10\/563612389_1219539743553039_1535719683077900500_n.jpg 1080w\" sizes=\"auto, (max-width: 150px) 100vw, 150px\" \/><\/a>\n\t\t\t\t<\/dt><\/dl><dl class='gallery-item'>\n\t\t\t\t<dt class='gallery-icon portrait'>\n\t\t\t\t\t<a class=\"rollover rollover-zoom dt-pswp-item\" title=\"2e565432-df60-4322-b0a1-1fdbb189e3e2\" data-dt-img-description=\"\" data-large_image_width=\"1138\" data-large_image_height=\"1600\"href='https:\/\/www.radiopiu.net\/wordpress\/wp-content\/uploads\/2025\/10\/2e565432-df60-4322-b0a1-1fdbb189e3e2.jpg'><img loading=\"lazy\" decoding=\"async\" width=\"150\" height=\"150\" src=\"https:\/\/www.radiopiu.net\/wordpress\/wp-content\/uploads\/2025\/10\/2e565432-df60-4322-b0a1-1fdbb189e3e2-150x150.jpg\" class=\"attachment-thumbnail size-thumbnail\" alt=\"\" \/><\/a>\n\t\t\t\t<\/dt><\/dl><dl class='gallery-item'>\n\t\t\t\t<dt class='gallery-icon portrait'>\n\t\t\t\t\t<a class=\"rollover rollover-zoom dt-pswp-item\" title=\"giordano\" data-dt-img-description=\"\" data-large_image_width=\"432\" data-large_image_height=\"608\"href='https:\/\/www.radiopiu.net\/wordpress\/wp-content\/uploads\/2025\/10\/giordano.jpg'><img loading=\"lazy\" decoding=\"async\" width=\"150\" height=\"150\" src=\"https:\/\/www.radiopiu.net\/wordpress\/wp-content\/uploads\/2025\/10\/giordano-150x150.jpg\" class=\"attachment-thumbnail size-thumbnail\" alt=\"\" \/><\/a>\n\t\t\t\t<\/dt><\/dl><dl class='gallery-item'>\n\t\t\t\t<dt class='gallery-icon portrait'>\n\t\t\t\t\t<a class=\"rollover rollover-zoom dt-pswp-item\" title=\"cde32a2a-6720-4581-b60b-6cbc68dd5afa\" data-dt-img-description=\"\" data-large_image_width=\"966\" data-large_image_height=\"2048\"href='https:\/\/www.radiopiu.net\/wordpress\/wp-content\/uploads\/2025\/10\/cde32a2a-6720-4581-b60b-6cbc68dd5afa.jpg'><img loading=\"lazy\" decoding=\"async\" width=\"150\" height=\"150\" src=\"https:\/\/www.radiopiu.net\/wordpress\/wp-content\/uploads\/2025\/10\/cde32a2a-6720-4581-b60b-6cbc68dd5afa-150x150.jpg\" class=\"attachment-thumbnail size-thumbnail\" alt=\"\" \/><\/a>\n\t\t\t\t<\/dt><\/dl><br style=\"clear: both\" \/><dl class='gallery-item'>\n\t\t\t\t<dt class='gallery-icon landscape'>\n\t\t\t\t\t<a class=\"rollover rollover-zoom dt-pswp-item\" title=\"542759768_1187692263404454_707530732478693509_n\" data-dt-img-description=\"\" data-large_image_width=\"1440\" data-large_image_height=\"1440\"href='https:\/\/www.radiopiu.net\/wordpress\/wp-content\/uploads\/2025\/10\/542759768_1187692263404454_707530732478693509_n.jpg'><img loading=\"lazy\" decoding=\"async\" width=\"150\" height=\"150\" src=\"https:\/\/www.radiopiu.net\/wordpress\/wp-content\/uploads\/2025\/10\/542759768_1187692263404454_707530732478693509_n-150x150.jpg\" class=\"attachment-thumbnail size-thumbnail\" alt=\"\" srcset=\"https:\/\/www.radiopiu.net\/wordpress\/wp-content\/uploads\/2025\/10\/542759768_1187692263404454_707530732478693509_n-150x150.jpg 150w, https:\/\/www.radiopiu.net\/wordpress\/wp-content\/uploads\/2025\/10\/542759768_1187692263404454_707530732478693509_n-300x300.jpg 300w, https:\/\/www.radiopiu.net\/wordpress\/wp-content\/uploads\/2025\/10\/542759768_1187692263404454_707530732478693509_n-1024x1024.jpg 1024w, https:\/\/www.radiopiu.net\/wordpress\/wp-content\/uploads\/2025\/10\/542759768_1187692263404454_707530732478693509_n-768x768.jpg 768w, https:\/\/www.radiopiu.net\/wordpress\/wp-content\/uploads\/2025\/10\/542759768_1187692263404454_707530732478693509_n.jpg 1440w\" sizes=\"auto, (max-width: 150px) 100vw, 150px\" \/><\/a>\n\t\t\t\t<\/dt><\/dl><dl class='gallery-item'>\n\t\t\t\t<dt class='gallery-icon portrait'>\n\t\t\t\t\t<a class=\"rollover rollover-zoom dt-pswp-item\" title=\"e58f3ae7-93bd-41d1-9398-2938c3c13a83\" data-dt-img-description=\"\" data-large_image_width=\"1131\" data-large_image_height=\"1600\"href='https:\/\/www.radiopiu.net\/wordpress\/wp-content\/uploads\/2025\/10\/e58f3ae7-93bd-41d1-9398-2938c3c13a83.jpg'><img loading=\"lazy\" decoding=\"async\" width=\"150\" height=\"150\" src=\"https:\/\/www.radiopiu.net\/wordpress\/wp-content\/uploads\/2025\/10\/e58f3ae7-93bd-41d1-9398-2938c3c13a83-150x150.jpg\" class=\"attachment-thumbnail size-thumbnail\" alt=\"\" \/><\/a>\n\t\t\t\t<\/dt><\/dl><dl class='gallery-item'>\n\t\t\t\t<dt class='gallery-icon portrait'>\n\t\t\t\t\t<a class=\"rollover rollover-zoom dt-pswp-item\" title=\"musla\" data-dt-img-description=\"\" data-large_image_width=\"428\" data-large_image_height=\"609\"href='https:\/\/www.radiopiu.net\/wordpress\/wp-content\/uploads\/2025\/10\/musla.jpg'><img loading=\"lazy\" decoding=\"async\" width=\"150\" height=\"150\" src=\"https:\/\/www.radiopiu.net\/wordpress\/wp-content\/uploads\/2025\/10\/musla-150x150.jpg\" class=\"attachment-thumbnail size-thumbnail\" alt=\"\" \/><\/a>\n\t\t\t\t<\/dt><\/dl>\n\t\t\t\t<br style='clear: both' \/>\n\t\t\t<\/div>\n\n<h2><\/h2>\n<hr \/>\n<p>&nbsp;<\/p>\n<p class=\"mceTemp\"><a class=\"dt-pswp-item\" href=\"https:\/\/www.radiopiu.net\/wordpress\/wp-content\/uploads\/2018\/09\/WhatsApp-Image-2018-09-20-at-16.04.06.jpeg\" data-dt-img-description=\"\" data-large_image_width=\"800\" data-large_image_height=\"100\"><img loading=\"lazy\" decoding=\"async\" class=\"wp-image-61378 size-full aligncenter\" src=\"https:\/\/www.radiopiu.net\/wordpress\/wp-content\/uploads\/2018\/09\/WhatsApp-Image-2018-09-20-at-16.04.06.jpeg\" alt=\"\" width=\"800\" height=\"100\" srcset=\"https:\/\/www.radiopiu.net\/wordpress\/wp-content\/uploads\/2018\/09\/WhatsApp-Image-2018-09-20-at-16.04.06.jpeg 800w, https:\/\/www.radiopiu.net\/wordpress\/wp-content\/uploads\/2018\/09\/WhatsApp-Image-2018-09-20-at-16.04.06-300x38.jpeg 300w, https:\/\/www.radiopiu.net\/wordpress\/wp-content\/uploads\/2018\/09\/WhatsApp-Image-2018-09-20-at-16.04.06-768x96.jpeg 768w\" sizes=\"auto, (max-width: 800px) 100vw, 800px\" \/><\/a><\/p>\n<p>&nbsp;<\/p>\n<p><center><\/center><center><b>OGGI<\/b><\/center>Al mattino poco nuvoloso con qualche irregolare annuvolamento su Dolomiti. Nel pomeriggio nubi in aumento fino a tratti nuvoloso su Dolomiti nord, irregolarmente nuvoloso altrove con schiarite via via pi\u00f9 ampie su Prealpi specie occidentali con cielo poco nuvoloso. In serata tendenza a schiarite anche su Dolomiti.<br \/>\n<b>Precipitazioni: <\/b>Dal pomeriggio e fino a sera probabilit\u00e0 in aumento su Dolomiti nord specie ungo la cresta di confine con l&#8217; Alto Adige per deboli precipitazioni, via via meno probabili verso sud dove saranno per lo pi\u00f9 limitate alle cime. Limite neve a 1500-1600 m. Generalmente assenti su Prealpi o al pi\u00f9 qualche fiocco sulle cime.<br \/>\n<b>Temperature: <\/b>Temperature minime senza notevoli variazioni, massime staionarie o in lieve calo.<\/p>\n<hr \/>\n<p><center><b>DOMANI<\/b><\/center>Cielo sereno o al pi\u00f9 poco nuvoloso per qualche velatura nel pomeriggio.<br \/>\n<b>Precipitazioni: <\/b>Assenti<br \/>\n<b>Temperature: <\/b>Temperature in lieve aumento.<\/p>\n<hr \/>\n<p><center><b>MERCOLEDI<\/b><\/center>Su Dolomiti fino al pomeriggio poco nuvoloso per velature, poi aumento delle nubi fino a nuvoloso verso sera. Su Prealpi comparsa di nubi basse gi\u00e0 al mattino in estensione a vicentino e bellunese in giornata fino a nuvoloso dal pomeriggio. Temperature stazionarie nelle valli, in aumento in quota.<\/p>\n<hr \/>\n<p><center><b>GIOVEDI<\/b><\/center>Nuvoloso o molto nuvoloso con possibili deboli o debolissime piogge a tratti specie su Prealpi, meno probabili su Dolomiti. Temperature minime in aumento, massime stazionarie<\/p>\n<p>&nbsp;<\/p>\n<hr \/>\n<p>&nbsp;<\/p>\n<p class=\"mceTemp\"><a class=\"dt-pswp-item\" href=\"https:\/\/www.radiopiu.net\/wordpress\/wp-content\/uploads\/2018\/09\/sport.jpg\" data-dt-img-description=\"\" data-large_image_width=\"800\" data-large_image_height=\"100\"><img loading=\"lazy\" decoding=\"async\" class=\"aligncenter wp-image-60761 size-full\" src=\"https:\/\/www.radiopiu.net\/wordpress\/wp-content\/uploads\/2018\/09\/sport.jpg\" alt=\"\" width=\"800\" height=\"100\" srcset=\"https:\/\/www.radiopiu.net\/wordpress\/wp-content\/uploads\/2018\/09\/sport.jpg 800w, https:\/\/www.radiopiu.net\/wordpress\/wp-content\/uploads\/2018\/09\/sport-300x38.jpg 300w, https:\/\/www.radiopiu.net\/wordpress\/wp-content\/uploads\/2018\/09\/sport-768x96.jpg 768w\" sizes=\"auto, (max-width: 800px) 100vw, 800px\" \/> <\/a><\/p>\n<p>&nbsp;<\/p>\n<p><span style=\"color: #3366ff;\"><strong>MOTORI<\/strong><\/span><\/p>\n<blockquote>\n<h3>ANDREA FONTANA E ALESSANDRO MAINETTI SONO CAMPIONI ITALIANI GT PRO-AM<\/h3>\n<\/blockquote>\n<p><strong><a class=\"dt-pswp-item\" href=\"https:\/\/www.radiopiu.net\/wordpress\/wp-content\/uploads\/2025\/10\/SCR-20251026-mbtc.jpeg\" data-dt-img-description=\"\" data-large_image_width=\"1408\" data-large_image_height=\"940\"><img loading=\"lazy\" decoding=\"async\" class=\" wp-image-477363 alignleft\" src=\"https:\/\/www.radiopiu.net\/wordpress\/wp-content\/uploads\/2025\/10\/SCR-20251026-mbtc-300x200.jpeg\" alt=\"\" width=\"210\" height=\"140\" srcset=\"https:\/\/www.radiopiu.net\/wordpress\/wp-content\/uploads\/2025\/10\/SCR-20251026-mbtc-300x200.jpeg 300w, https:\/\/www.radiopiu.net\/wordpress\/wp-content\/uploads\/2025\/10\/SCR-20251026-mbtc-1024x684.jpeg 1024w, https:\/\/www.radiopiu.net\/wordpress\/wp-content\/uploads\/2025\/10\/SCR-20251026-mbtc-768x513.jpeg 768w, https:\/\/www.radiopiu.net\/wordpress\/wp-content\/uploads\/2025\/10\/SCR-20251026-mbtc.jpeg 1408w\" sizes=\"auto, (max-width: 210px) 100vw, 210px\" \/><\/a>MONZA <\/strong>Andrea Fontana e Alessandro Mainetti si sono laureati campioni italiani GT Pro-Am al termine dell\u2019ultimo appuntamento stagionale disputato sul leggendario Autodromo Nazionale di Monza. Un weekend perfetto, coronato da due secondi posti \u2013 in Gara 1 sabato e in Gara 2 domenica \u2013 che hanno consegnato ai due portacolori i punti decisivi per la conquista del titolo tricolore. La coppia ha saputo gestire al meglio la pressione dell\u2019ultimo round, mostrando maturit\u00e0, costanza e grande affiatamento al volante della loro vettura. Le due piazze d\u2019onore ottenute nel \u201cTempio della Velocit\u00e0\u201d hanno sigillato una stagione di altissimo livello, fatta di podi, velocit\u00e0 e solidit\u00e0 strategica. Per Andrea Fontana, pilota bellunese con un solido percorso nel motorsport nazionale e internazionale, questo successo rappresenta un nuovo capitolo importante della sua carriera. Con il titolo GT Pro-Am 2025, Fontana conferma ancora una volta il suo valore nel panorama dell\u2019automobilismo tricolore, chiudendo una stagione da incorniciare.<\/p>\n<p>&nbsp;<\/p>\n<div class=\"html-div xdj266r x14z9mp xat24cr x1lziwak xexx8yu xyri2b x18d9i69 x1c1uobl\" tabindex=\"-1\">\n<blockquote>\n<div class=\"html-div xdj266r x14z9mp x1lziwak xexx8yu xyri2b x18d9i69 x1c1uobl x1e56ztr\">\n<p><span class=\"x193iq5w xeuugli x13faqbe x1vvkbs x1xmvt09 x6prxxf xvq8zen xo1l8bm xzsf02u\"><strong>ANDREA FONTANA: CAMPIONE! OGGI SUL\u00a0<span class=\"html-span xdj266r x14z9mp xat24cr x1lziwak xexx8yu xyri2b x18d9i69 x1c1uobl x1hl2dhg x16tdsg8 x1vvkbs\"><a class=\"x1i10hfl xjbqb8w x1ejq31n x18oe1m7 x1sy0etr xstzfhl x972fbf x10w94by x1qhh985 x14e42zd x9f619 x1ypdohk xt0psk2 x3ct3a4 xdj266r x14z9mp xat24cr x1lziwak xexx8yu xyri2b x18d9i69 x1c1uobl x16tdsg8 x1hl2dhg xggy1nq x1a2a7pz xkrqix3 x1sur9pj x1fey0fg x1s688f\" tabindex=\"0\" role=\"link\" href=\"https:\/\/www.facebook.com\/groups\/61488111720\/user\/100064177472794\/?__cft__[0]=AZW1Wxz10qGBRUBt98nrmaOVTd2t2hl7ifDQFW5tWLOyKdrZzU12PYrk8pSi6Bg29JVzIayE8qShPbB0rrIHoJwpqls9VK5HOkwN9a8rWs1-kKt0ks3dWmApAy_SBt5kAF7StqtBVf_9gz9mtftv6Q077cTF65MZW7FY5HnhFveSqg&amp;__tn__=-]K-R\"><span class=\"xt0psk2\"><span class=\"xjp7ctv\">Corriere delle Alpi<\/span><\/span><\/a><\/span>\u00a0NEL CORPOSO E CONSUETO FASCICOLO SPORTIVO DEL LUNEDI<\/strong><br class=\"html-br\" \/><br class=\"html-br\" \/><span class=\"html-span xdj266r x14z9mp xat24cr x1lziwak xexx8yu xyri2b x18d9i69 x1c1uobl x1hl2dhg x16tdsg8 x1vvkbs\"><strong class=\"html-strong xdj266r x14z9mp xat24cr x1lziwak xexx8yu xyri2b x18d9i69 x1c1uobl x1hl2dhg x16tdsg8 x1vvkbs x1s688f\">MONZA<\/strong><\/span> \u2013 Andrea Fontana \u00e8 campione italiano 2025 del Campionato Gran Turismo Sprint, categoria GT Cup Pro-Am. Il pilota pontalpino, in coppia con Alessandro Mainetti, ha conquistato il titolo al termine di una stagione straordinaria, chiusa con un terzo posto decisivo sull\u2019Autodromo di Monza. <\/span>\u201c\u00c8 fatta! Siamo campioni italiani \u2013 ha detto un emozionato Fontana \u2013 grazie al mio compagno, al team e alla mia famiglia: questo titolo \u00e8 anche vostro\u201d. Un successo che conferma ancora una volta il nome di\u00a0<span class=\"html-span xdj266r x14z9mp xat24cr x1lziwak xexx8yu xyri2b x18d9i69 x1c1uobl x1hl2dhg x16tdsg8 x1vvkbs\"><strong class=\"html-strong xdj266r x14z9mp xat24cr x1lziwak xexx8yu xyri2b x18d9i69 x1c1uobl x1hl2dhg x16tdsg8 x1vvkbs x1s688f\">Andrea Fontana<\/strong><\/span> tra i grandi dell\u2019automobilismo tricolore.<\/p>\n<p><a class=\"dt-pswp-item\" href=\"https:\/\/www.radiopiu.net\/wordpress\/wp-content\/uploads\/2025\/10\/COOP2-4.png\" data-dt-img-description=\"\" data-large_image_width=\"502\" data-large_image_height=\"262\"><img loading=\"lazy\" decoding=\"async\" class=\"wp-image-477447 size-full aligncenter\" src=\"https:\/\/www.radiopiu.net\/wordpress\/wp-content\/uploads\/2025\/10\/COOP2-4.png\" alt=\"\" width=\"502\" height=\"262\" srcset=\"https:\/\/www.radiopiu.net\/wordpress\/wp-content\/uploads\/2025\/10\/COOP2-4.png 502w, https:\/\/www.radiopiu.net\/wordpress\/wp-content\/uploads\/2025\/10\/COOP2-4-300x157.png 300w\" sizes=\"auto, (max-width: 502px) 100vw, 502px\" \/><\/a><\/p>\n<\/div>\n<\/blockquote>\n<\/div>\n<p>&nbsp;<\/p>\n<hr \/>\n<p><span style=\"color: #0000ff;\"><strong>\u00a0<\/strong><\/span><\/p>\n<p><span style=\"color: #0000ff;\"><strong>HOCKEY SU GHIACCIO<\/strong><\/span><\/p>\n<blockquote>\n<h3>L&#8217;ALLEGHE CALA IL POKER A PERGINE. IL FELTRE CADE IN CASA CON IL FASSA<\/h3>\n<\/blockquote>\n<p><strong>DI MARCO GAZ<\/strong><\/p>\n<p><span style=\"color: #ff0000;\"><strong>IHL \u2013 7\u00b0 GIORNATA<\/strong><\/span><\/p>\n<p><strong>PERGINE \u2013 ALLEGHE 1-4<\/strong><\/p>\n<p>PARZIALI: 0-0, 0-2, 1-2<\/p>\n<p>GOL: st. 2\u201927\u201d Hutela, 6\u201938\u201d N. Fontanive. tt. 4\u201928\u201d Alessio, 18\u201941\u201d Bitetto, 18\u201957\u201d Isiguzzo<\/p>\n<p>L\u2019Alleghe torna a vincere e lo fa nella tana delle linci. A Pergine gli agordini giocano una patita alla pai con i padroni di casa e sfruttano al meglio le occasioni pi\u00f9 ghiotte. Bella prestazione delle Civette che, dopo il passo falso di 7 giorni fa, tornano a vincere. Gioved\u00ec di nuovo in campo: gli agordini giocheranno in casa l\u2019atteso derby bellunese contro il Feltre. La partita parte subito a ritmi alti con le due formazioni che fanno un botta e risposta ma senza trovare il gol. Le difese sono attente e sventano ogni minaccia. Le civette non aprofitta di un powerplay a favore e il Pergine si fa pericoloso. Il tempo corre e si va alla prima sirena con le reti inviolate. Nel secondo tempo la squadra di casa tiene in mano la sfida e nel giro di pochi secondi si avvicina al gol in pi\u00f9 occasioni colpendo la traversa con un tiro dalla distanza. Provano a reagire gli agordini e alla prima vera occasione l\u2019Alleghe passa in vantaggio. Confusione davanti alla porta e colpo vincente di Huhtela. I biancorossi continuano a spingere e poco dopo trovano il raddoppio. Questa volta ci pensa Nicol\u00f2 Fontanive a battere il golie trentino. Saltano i nervi e gli arbitri sono costretti a calmare gli animi. ad essere pericolosi sono ancora gli alleghesi che si fanno vedere con Diego Iori ma il suo slap non centra i pali. Terzo tempo che inizia con la terza marcatura alleghese. Tiro di zardini Lacedelli e tappin vincente di Alessio. Le linci provano a sfruttare una superiorit\u00e0 numerica ma la difesa agordina si comporta bene e non lascia spazi. Nel finale l\u2019Alleghe gestisce al meglio il vantaggio. Le linci provano a rispondere e trovano la rete della bandiera con Bitetto che infila il disco sotto la traversa. Agordini che rispondono e Isiguzzo cala il poker.<\/p>\n<p><strong>LE FOTO DI PAOLO SANTINI<\/strong><\/p>\n\n\t\t\t<style type='text\/css'>\n\t\t\t\t#gallery-5 {\n\t\t\t\t\tmargin: auto;\n\t\t\t\t}\n\t\t\t\t#gallery-5 .gallery-item {\n\t\t\t\t\tfloat: left;\n\t\t\t\t\tmargin-top: 10px;\n\t\t\t\t\ttext-align: center;\n\t\t\t\t\twidth: 20%;\n\t\t\t\t}\n\t\t\t\t#gallery-5 img {\n\t\t\t\t\tborder: 2px solid #cfcfcf;\n\t\t\t\t}\n\t\t\t\t#gallery-5 .gallery-caption {\n\t\t\t\t\tmargin-left: 0;\n\t\t\t\t}\n\t\t\t\t\/* see gallery_shortcode() in wp-includes\/media.php *\/\n\t\t\t<\/style>\n\t\t<div id='gallery-5' class='dt-gallery-container gallery galleryid-477179 gallery-columns-5 gallery-size-thumbnail'><dl class='gallery-item'>\n\t\t\t\t<dt class='gallery-icon landscape'>\n\t\t\t\t\t<a class=\"rollover rollover-zoom dt-pswp-item\" title=\"526921df-5b0f-4875-907b-0f28acd169cd\" data-dt-img-description=\"\" data-large_image_width=\"1515\" data-large_image_height=\"899\"href='https:\/\/www.radiopiu.net\/wordpress\/wp-content\/uploads\/2025\/10\/526921df-5b0f-4875-907b-0f28acd169cd.jpg'><img loading=\"lazy\" decoding=\"async\" width=\"150\" height=\"150\" src=\"https:\/\/www.radiopiu.net\/wordpress\/wp-content\/uploads\/2025\/10\/526921df-5b0f-4875-907b-0f28acd169cd-150x150.jpg\" class=\"attachment-thumbnail size-thumbnail\" alt=\"\" \/><\/a>\n\t\t\t\t<\/dt><\/dl><dl class='gallery-item'>\n\t\t\t\t<dt class='gallery-icon landscape'>\n\t\t\t\t\t<a class=\"rollover rollover-zoom dt-pswp-item\" title=\"81620603-c462-4aee-a96f-cb4428ce72ed\" data-dt-img-description=\"\" data-large_image_width=\"1599\" data-large_image_height=\"899\"href='https:\/\/www.radiopiu.net\/wordpress\/wp-content\/uploads\/2025\/10\/81620603-c462-4aee-a96f-cb4428ce72ed.jpg'><img loading=\"lazy\" decoding=\"async\" width=\"150\" height=\"150\" src=\"https:\/\/www.radiopiu.net\/wordpress\/wp-content\/uploads\/2025\/10\/81620603-c462-4aee-a96f-cb4428ce72ed-150x150.jpg\" class=\"attachment-thumbnail size-thumbnail\" alt=\"\" \/><\/a>\n\t\t\t\t<\/dt><\/dl><dl class='gallery-item'>\n\t\t\t\t<dt class='gallery-icon landscape'>\n\t\t\t\t\t<a class=\"rollover rollover-zoom dt-pswp-item\" title=\"4142bb99-fd62-4eff-b31d-d006e17821d3\" data-dt-img-description=\"\" data-large_image_width=\"1599\" data-large_image_height=\"899\"href='https:\/\/www.radiopiu.net\/wordpress\/wp-content\/uploads\/2025\/10\/4142bb99-fd62-4eff-b31d-d006e17821d3.jpg'><img loading=\"lazy\" decoding=\"async\" width=\"150\" height=\"150\" src=\"https:\/\/www.radiopiu.net\/wordpress\/wp-content\/uploads\/2025\/10\/4142bb99-fd62-4eff-b31d-d006e17821d3-150x150.jpg\" class=\"attachment-thumbnail size-thumbnail\" alt=\"\" \/><\/a>\n\t\t\t\t<\/dt><\/dl><dl class='gallery-item'>\n\t\t\t\t<dt class='gallery-icon landscape'>\n\t\t\t\t\t<a class=\"rollover rollover-zoom dt-pswp-item\" title=\"237140e1-4c33-4f05-b978-13f14ab2cf25\" data-dt-img-description=\"\" data-large_image_width=\"1482\" data-large_image_height=\"879\"href='https:\/\/www.radiopiu.net\/wordpress\/wp-content\/uploads\/2025\/10\/237140e1-4c33-4f05-b978-13f14ab2cf25.jpg'><img loading=\"lazy\" decoding=\"async\" width=\"150\" height=\"150\" src=\"https:\/\/www.radiopiu.net\/wordpress\/wp-content\/uploads\/2025\/10\/237140e1-4c33-4f05-b978-13f14ab2cf25-150x150.jpg\" class=\"attachment-thumbnail size-thumbnail\" alt=\"\" \/><\/a>\n\t\t\t\t<\/dt><\/dl><dl class='gallery-item'>\n\t\t\t\t<dt class='gallery-icon landscape'>\n\t\t\t\t\t<a class=\"rollover rollover-zoom dt-pswp-item\" title=\"dfdfc10d-9c97-4ac1-b1a4-d382e3aa7183\" data-dt-img-description=\"\" data-large_image_width=\"1197\" data-large_image_height=\"712\"href='https:\/\/www.radiopiu.net\/wordpress\/wp-content\/uploads\/2025\/10\/dfdfc10d-9c97-4ac1-b1a4-d382e3aa7183.jpg'><img loading=\"lazy\" decoding=\"async\" width=\"150\" height=\"150\" src=\"https:\/\/www.radiopiu.net\/wordpress\/wp-content\/uploads\/2025\/10\/dfdfc10d-9c97-4ac1-b1a4-d382e3aa7183-150x150.jpg\" class=\"attachment-thumbnail size-thumbnail\" alt=\"\" \/><\/a>\n\t\t\t\t<\/dt><\/dl><br style=\"clear: both\" \/>\n\t\t\t<\/div>\n\n<p>&nbsp;<\/p>\n<p><strong>FELTRE \u2013 FASSA 4-6<\/strong><\/p>\n<p>PARZIALI: 0-2, 1-3, 3-1<\/p>\n<p>GOL: pt. 8\u201914\u201d Salo, 16\u201936\u201d Moroder. st. 1\u201917\u201d e 12\u201939\u201d Salo, 5\u201910\u201d Deluca, 11\u201929\u201d Foltin. tt. 1\u201939\u201d Mikhonov, 3\u201942\u201d Zampieri, 16\u201901\u201d e 17\u201921\u201d Da Forno<\/p>\n<p>Quarta sconfitta consecutiva per il Feltre che scivola nella parte bassa della classifica della IHL. Il Fassa chiude la sfida nei primi 40\u2019 di gara concedendo qualcosa di pi\u00f9 ai picchi nella terza frazione di gioco. Ora qualche giorno di riposo per i feltrini che gioved\u00ec saranno al De Toni di Alleghe per il derby bellunese. Poco Feltre nella prima frazione di gara che non riesce ad ingranare. I trentini vanno a segno con Salo e Moroder chiudendo la prima frazione in vantaggio di 2 gol. Nel drittel centrale i picchi si svegliano ma il Fassa trova altre tre marcature. Foltin accorcia le distanze ma il divario \u00e8 ampio. Nel terzo tempo monologo feltrino che prova a riaprire la sfida con Zampieri e la doppietta di Da Forno ma l\u2019impresa non riesce.<\/p>\n<p>&nbsp;<\/p>\n<p><span style=\"color: #0000ff;\"><strong>CALCIO<\/strong><\/span><\/p>\n<blockquote>\n<h3>PRIMA VITTORIA STAGIONALE PER L&#8217;AGORDINA DI SECONDA CATEGORIA<\/h3>\n<\/blockquote>\n<p><strong><a class=\"dt-pswp-item\" href=\"https:\/\/www.radiopiu.net\/wordpress\/wp-content\/uploads\/2023\/04\/calcio-rigore-2023.png\" data-dt-img-description=\"\" data-large_image_width=\"623\" data-large_image_height=\"402\"><img loading=\"lazy\" decoding=\"async\" class=\" wp-image-331419 alignleft\" src=\"https:\/\/www.radiopiu.net\/wordpress\/wp-content\/uploads\/2023\/04\/calcio-rigore-2023-300x194.png\" alt=\"\" width=\"227\" height=\"147\" srcset=\"https:\/\/www.radiopiu.net\/wordpress\/wp-content\/uploads\/2023\/04\/calcio-rigore-2023-300x194.png 300w, https:\/\/www.radiopiu.net\/wordpress\/wp-content\/uploads\/2023\/04\/calcio-rigore-2023.png 623w\" sizes=\"auto, (max-width: 227px) 100vw, 227px\" \/><\/a>DI MARCO GAZ<\/strong><\/p>\n<p><span style=\"color: #ff0000;\"><strong>SECONDA CATEGORIA \u2013 7\u00aa GIORNATA<\/strong><\/span><\/p>\n<p><strong>AGORDINA \u2013 LAMONESE 1-0<\/strong><\/p>\n<p>GOL AGORDINA: Costa<\/p>\n<p>L\u2019Agordina conquista una preziosa vittoria casalinga superando di misura la Lamonese per 1-0. Match combattuto e intenso, deciso da un lampo di Costa al 4\u2019 della ripresa: il numero 4 agordino inventa un tiro preciso che scavalca il portiere, regalando ai suoi tre punti fondamentali. Nel primo tempo poche emozioni, con la Lamonese pericolosa su punizione e l\u2019Agordina pronta a rispondere con conclusioni dal limite. Nella seconda frazione i padroni di casa alzano il ritmo, difendendo poi con ordine il vantaggio. Nel finale la Lamonese tenta il tutto per tutto, ma trova davanti un\u2019Agordina attenta e un portiere in giornata di grazia, autore di un paio di interventi decisivi. Nei minuti di recupero brivido per la difesa ospite: il numero 20 dell\u2019Agordina sfiora il raddoppio, ma un difensore salva sulla linea. Vittoria meritata per i ragazzi agordini, che confermano solidit\u00e0 e carattere.<\/p>\n<p>LA CLASSIFICA: JM Feltre 21, Sospirolese 17, \u00a0Ponte Nelle Alpi e Itlas Santa Giustina 16, Comelico 14, Unione Cadore Domegge 12, Follinese e Plavis 9, Fulgor Farra 7, Auronzo e Nogar\u00e8 6, San Michele Salsa, Lamonese, San Vittore e Agordina 5, Sarmede 3<\/p>\n<p><span style=\"color: #3366ff;\"><strong>SETTORE GIOVANILE<\/strong><\/span><\/p>\n<p><span style=\"color: #ff0000;\"><strong>JUNIORES PROVINCIALE<\/strong><\/span><\/p>\n<p><strong>LENTIAI \u2013 AGORDINA 2-1<\/strong><\/p>\n<p>Un gol negli ultimi minuti di gioco regala al Lentai la sfida con l\u2019Agordina. La squadra di Marco De Luca rientra dalla trasferta di Borgo Valbelluna con le tasche vuote. Una sconfitta di misura dopo una buona prova dei ragazzi di Agordo che erano andati a segno con Benevgn\u00f9 su assist di Decima. Poi le due reti dei padroni di casa.<\/p>\n<p><span style=\"color: #ff0000;\"><strong>ALLIEVI REGIONALI<\/strong><\/span><\/p>\n<p><strong>PORTOMANSUE\u2019 \u2013 AGORDINA 5-0<\/strong><\/p>\n<p>Niente da fare per gli allievi regionali dell\u2019Agordina. La squadra di De Lazzer torna dalla trasferta in terra trevigiana a secco di punti contro la quarta forza del campionato. Il Portomansu\u00e8 mette a segno 5 marcature e gli agordini non riescono ad andare a segno.<\/p>\n<p><span style=\"color: #ff0000;\"><strong>GIOVANISSIMI PROVINCIALI<\/strong><\/span><\/p>\n<p><strong>AGORDINA \u2013 SOIS 2-3<\/strong><\/p>\n<p>Sconfitta amara per i giovani allenati da De Bastiani che sul sintetico di Agordo perdono di misura con il Sois. Agordini subito a segno con Chenet e avversari che rispondono subito dopo. Ferrara riporta avanti la compagine di Agordo ma il Sois pareggia i conti e a trova anche il gol della vittoria. Agordina che resta al terzo posto in classifica a 4 lunghezze dalla vetta.<\/p>\n<p>&nbsp;<\/p>\n<blockquote class=\"wp-embedded-content\" data-secret=\"Ugme1pdUwn\"><p><a href=\"https:\/\/www.radiopiu.net\/wordpress\/agordina-in-prima-linea-ogni-domenica-su-radio-piu-il-podcast\/\">AGORDINA IN PRIMA LINEA, OGNI DOMENICA SU RADIO PIU&#8217; &#8211; IL PODCAST<\/a><\/p><\/blockquote>\n<p><iframe loading=\"lazy\" class=\"wp-embedded-content\" sandbox=\"allow-scripts\" security=\"restricted\" style=\"position: absolute; visibility: hidden;\" title=\"&#8220;AGORDINA IN PRIMA LINEA, OGNI DOMENICA SU RADIO PIU&#8217; &#8211; IL PODCAST&#8221; &#8212; Radio Pi\u00f9\" src=\"https:\/\/www.radiopiu.net\/wordpress\/agordina-in-prima-linea-ogni-domenica-su-radio-piu-il-podcast\/embed\/#?secret=rHcr0UcONG#?secret=Ugme1pdUwn\" data-secret=\"Ugme1pdUwn\" width=\"600\" height=\"338\" frameborder=\"0\" marginwidth=\"0\" marginheight=\"0\" scrolling=\"no\"><\/iframe><\/p>\n<p>&nbsp;<\/p>\n<blockquote>\n<h3>IL FINE SETTIMANA DEL CALCIO FEMMINILE DELLA DOLOMITI BELLUNESI<\/h3>\n<\/blockquote>\n<p><strong>DI ALESSIO DA ROLD<\/strong><\/p>\n<audio class=\"wp-audio-shortcode\" id=\"audio-477179-9\" preload=\"none\" style=\"width: 100%;\" controls=\"controls\"><source type=\"audio\/mpeg\" src=\"https:\/\/www.radiopiu.net\/wordpress\/wp-content\/uploads\/2025\/10\/gr-27-sport-calcio-femminile-alessio.mp3?_=9\" \/><a href=\"https:\/\/www.radiopiu.net\/wordpress\/wp-content\/uploads\/2025\/10\/gr-27-sport-calcio-femminile-alessio.mp3\">https:\/\/www.radiopiu.net\/wordpress\/wp-content\/uploads\/2025\/10\/gr-27-sport-calcio-femminile-alessio.mp3<\/a><\/audio>\n<p>&nbsp;<\/p>\n<p><span style=\"color: #0000ff;\"><strong>CORSA CAMPESTRE<\/strong><\/span><\/p>\n<blockquote>\n<h3>CORSA CAMPESTRE CSI: IN 270 A CAMPO DI ZOLDO<\/h3>\n<\/blockquote>\n<p><strong><a class=\"dt-pswp-item\" href=\"https:\/\/www.radiopiu.net\/wordpress\/wp-content\/uploads\/2025\/10\/778da45e-8eaf-4b95-9233-e7d7f9fdf0cc.jpg\" data-dt-img-description=\"\" data-large_image_width=\"2040\" data-large_image_height=\"1530\"><img loading=\"lazy\" decoding=\"async\" class=\" wp-image-477393 alignleft\" src=\"https:\/\/www.radiopiu.net\/wordpress\/wp-content\/uploads\/2025\/10\/778da45e-8eaf-4b95-9233-e7d7f9fdf0cc-300x225.jpg\" alt=\"\" width=\"185\" height=\"139\" srcset=\"https:\/\/www.radiopiu.net\/wordpress\/wp-content\/uploads\/2025\/10\/778da45e-8eaf-4b95-9233-e7d7f9fdf0cc-300x225.jpg 300w, https:\/\/www.radiopiu.net\/wordpress\/wp-content\/uploads\/2025\/10\/778da45e-8eaf-4b95-9233-e7d7f9fdf0cc-1024x768.jpg 1024w, https:\/\/www.radiopiu.net\/wordpress\/wp-content\/uploads\/2025\/10\/778da45e-8eaf-4b95-9233-e7d7f9fdf0cc-768x576.jpg 768w, https:\/\/www.radiopiu.net\/wordpress\/wp-content\/uploads\/2025\/10\/778da45e-8eaf-4b95-9233-e7d7f9fdf0cc-1536x1152.jpg 1536w, https:\/\/www.radiopiu.net\/wordpress\/wp-content\/uploads\/2025\/10\/778da45e-8eaf-4b95-9233-e7d7f9fdf0cc.jpg 2040w\" sizes=\"auto, (max-width: 185px) 100vw, 185px\" \/><\/a>VAL DI ZOLDO <\/strong>Sono stati ben 270 i partecipanti alla prima prova del Campionato provinciale di corsa campestre del Csi Belluno, andata in scena domenica 26 ottobre nella suggestiva cornice di Campo, in Val di Zoldo. La spianata ai piedi della pieve di San Floriano (XV secolo), con vista sul gruppo del Bosconero, ha regalato un\u2019atmosfera unica, impreziosita da una splendida giornata autunnale. Ottima l\u2019organizzazione dell\u2019Atletica Zoldo, che ha curato l\u2019evento in ogni dettaglio. Nelle classifiche per societ\u00e0 il Gruppo sportivo Castionese ha vinto il Trofeo Sportway, mentre la Piave 2000 ha conquistato il Memorial Serafino Barp. Tra gli assoluti successi per Lucia Arnoldo e Pablo Luis Cappelletto. Per l\u2019Atletica Agordina (foto), 21 atleti al via: da segnalare l\u2019ottimo esordio di Elia Della Dora (4\u00b0 tra i cuccioli), Renzo Deola (3\u00b0 Veterani A) e Paolo Cancel (2\u00b0 Veterani B).<\/p>\n<p>&nbsp;<\/p>\n<p>&nbsp;<\/p>\n","protected":false},"excerpt":{"rendered":"<p>******** &nbsp; LA\u00a0 APP PER IOS-IPHONE di Nicola Vettorello https:\/\/apps.apple.com\/it\/app\/radio-pi%C3%B9-emittente-agordina\/id1515939845 LA\u00a0 APP RADIO\u00a0 PER ANDROID di Nicola Vettorello https:\/\/play.google.com\/store\/apps\/details?id=net.radiopiu.iniko\u00a0\u00a0\u00a0\u00a0\u00a0 &nbsp; FOTO COPERTINA\u00a0 L&#8217;offertorio durante la messa per i Caduti della Montagna, ieri sera in Chiesa ad Agordo alla presenza degli uomini e donne della montagna: Club Alpino Italiano Sezione Agordina, Soccorso Alpino, Gruppo Alpini. Anche&hellip;<\/p>\n","protected":false},"author":4,"featured_media":477453,"comment_status":"closed","ping_status":"closed","sticky":false,"template":"","format":"standard","meta":{"_monsterinsights_skip_tracking":false,"_monsterinsights_sitenote_active":false,"_monsterinsights_sitenote_note":"","_monsterinsights_sitenote_category":0,"footnotes":""},"categories":[51,86,49],"tags":[],"class_list":["post-477179","post","type-post","status-publish","format-standard","has-post-thumbnail","hentry","category-evidenza-top","category-gr","category-news-18","category-51","category-86","category-49","description-off"],"img_url":"https:\/\/www.radiopiu.net\/wordpress\/wp-content\/uploads\/2025\/10\/aaaa.png","_links":{"self":[{"href":"https:\/\/www.radiopiu.net\/wordpress\/wp-json\/wp\/v2\/posts\/477179","targetHints":{"allow":["GET"]}}],"collection":[{"href":"https:\/\/www.radiopiu.net\/wordpress\/wp-json\/wp\/v2\/posts"}],"about":[{"href":"https:\/\/www.radiopiu.net\/wordpress\/wp-json\/wp\/v2\/types\/post"}],"author":[{"embeddable":true,"href":"https:\/\/www.radiopiu.net\/wordpress\/wp-json\/wp\/v2\/users\/4"}],"replies":[{"embeddable":true,"href":"https:\/\/www.radiopiu.net\/wordpress\/wp-json\/wp\/v2\/comments?post=477179"}],"version-history":[{"count":47,"href":"https:\/\/www.radiopiu.net\/wordpress\/wp-json\/wp\/v2\/posts\/477179\/revisions"}],"predecessor-version":[{"id":477473,"href":"https:\/\/www.radiopiu.net\/wordpress\/wp-json\/wp\/v2\/posts\/477179\/revisions\/477473"}],"wp:featuredmedia":[{"embeddable":true,"href":"https:\/\/www.radiopiu.net\/wordpress\/wp-json\/wp\/v2\/media\/477453"}],"wp:attachment":[{"href":"https:\/\/www.radiopiu.net\/wordpress\/wp-json\/wp\/v2\/media?parent=477179"}],"wp:term":[{"taxonomy":"category","embeddable":true,"href":"https:\/\/www.radiopiu.net\/wordpress\/wp-json\/wp\/v2\/categories?post=477179"},{"taxonomy":"post_tag","embeddable":true,"href":"https:\/\/www.radiopiu.net\/wordpress\/wp-json\/wp\/v2\/tags?post=477179"}],"curies":[{"name":"wp","href":"https:\/\/api.w.org\/{rel}","templated":true}]}}