{"id":477317,"date":"2025-10-26T06:30:28","date_gmt":"2025-10-26T05:30:28","guid":{"rendered":"https:\/\/www.radiopiu.net\/wordpress\/?p=477317"},"modified":"2025-10-26T08:14:12","modified_gmt":"2025-10-26T07:14:12","slug":"anche-longarone-piange-il-boscaiolo-morto-a-livinallongo","status":"publish","type":"post","link":"https:\/\/www.radiopiu.net\/wordpress\/anche-longarone-piange-il-boscaiolo-morto-a-livinallongo\/","title":{"rendered":"ANCHE LONGARONE PIANGE IL BOSCAIOLO MORTO A COLLAZ DI LIVINALLONGO"},"content":{"rendered":"<p>***<\/p>\n<p>&nbsp;<\/p>\n<p>&nbsp;<\/p>\n<blockquote><p><strong>UNA FAMIGLIA SEGNATA DAL DOLORE: IL RICORDO DI FACCHIN E DELLA SUA STORIA<\/strong><\/p><\/blockquote>\n<p><a class=\"dt-pswp-item\" href=\"https:\/\/www.radiopiu.net\/wordpress\/wp-content\/uploads\/2025\/10\/Immagine-2025-10-26-062648.png\" data-dt-img-description=\"\" data-large_image_width=\"170\" data-large_image_height=\"169\"><img loading=\"lazy\" decoding=\"async\" class=\"size-full wp-image-477315 alignleft\" src=\"https:\/\/www.radiopiu.net\/wordpress\/wp-content\/uploads\/2025\/10\/Immagine-2025-10-26-062648.png\" alt=\"\" width=\"170\" height=\"169\" srcset=\"https:\/\/www.radiopiu.net\/wordpress\/wp-content\/uploads\/2025\/10\/Immagine-2025-10-26-062648.png 170w, https:\/\/www.radiopiu.net\/wordpress\/wp-content\/uploads\/2025\/10\/Immagine-2025-10-26-062648-150x150.png 150w\" sizes=\"auto, (max-width: 170px) 100vw, 170px\" \/><\/a><strong>LONGARONE <\/strong>\u2013 Frequentava spesso Longarone, dove \u00e8 originaria la madre Maura. L\u00ec aveva amici, affetti, legami profondi.<br \/>\nLa vita di Facchin, per\u00f2, \u00e8 stata segnata dal dolore fin da giovane: la famiglia aveva gi\u00e0 vissuto una tragedia terribile, quella dello scoppio del camper in cui si trovava il padre Remo, un episodio che aveva sconvolto l\u2019intera comunit\u00e0.<\/p>\n<p>Un destino crudele che torna a colpire, lasciando ancora una volta sgomento e tristezza tra chi conosceva la famiglia, stimata e benvoluta.<br \/>\nA Longarone, come in tutta la vallata, in molti oggi ricordano quel sorriso e la gentilezza di un ragazzo cresciuto tra due comunit\u00e0 unite ora nello stesso dolore. (foto corriere delle alpi)<\/p>\n<blockquote><p><em><strong>La vittima stava facendo manutenzione ai profili presenti sopra una strada quanto \u00e8 avvenuto il fatale incidente.<\/strong><\/em><\/p><\/blockquote>\n<p><strong><a class=\"dt-pswp-item\" href=\"https:\/\/www.radiopiu.net\/wordpress\/wp-content\/uploads\/2025\/10\/025684af-badd-4607-bb77-20eb82853c82.jpg\" data-dt-img-description=\"\" data-large_image_width=\"1179\" data-large_image_height=\"908\"><img loading=\"lazy\" decoding=\"async\" class=\" wp-image-477280 alignleft\" src=\"https:\/\/www.radiopiu.net\/wordpress\/wp-content\/uploads\/2025\/10\/025684af-badd-4607-bb77-20eb82853c82-300x231.jpg\" alt=\"\" width=\"188\" height=\"145\" srcset=\"https:\/\/www.radiopiu.net\/wordpress\/wp-content\/uploads\/2025\/10\/025684af-badd-4607-bb77-20eb82853c82-300x231.jpg 300w, https:\/\/www.radiopiu.net\/wordpress\/wp-content\/uploads\/2025\/10\/025684af-badd-4607-bb77-20eb82853c82-1024x789.jpg 1024w, https:\/\/www.radiopiu.net\/wordpress\/wp-content\/uploads\/2025\/10\/025684af-badd-4607-bb77-20eb82853c82-768x591.jpg 768w, https:\/\/www.radiopiu.net\/wordpress\/wp-content\/uploads\/2025\/10\/025684af-badd-4607-bb77-20eb82853c82.jpg 1179w\" sizes=\"auto, (max-width: 188px) 100vw, 188px\" \/><\/a>LIVINALLONGO<\/strong> Tragedia nel primo pomeriggio di oggi a Livinallongo del Col di Lana. Un uomo di 42 anni, Tony Facchin, originario di Pederobba (Treviso), ha perso la vita . Il boscaiolo trevigiano lavorava nella zona per sistemare una recinzione quando qualcosa \u00e8 andato storto: l&#8217;uomo \u00e8 caduto in un fosso, riportando gravi traumi alla testa e al torace. Un trauma violento ma non fatale che ha consentito al 42enne di rientrare fino al mezzo e una manciata di minuti prima delle 14 l&#8217;uomo ha perso conoscenza ed \u00e8 spirato. Sul posto sono intervenuti l\u2019elisoccorso Falco e i sanitari di Colle Santa Lucia, che hanno tentato invano di rianimarlo.\u00a0 Le autorit\u00e0 stanno indagando per chiarire l\u2019esatta dinamica dell\u2019incidente.<br \/>\nfoto, IN FRAZIONE COLLAZ LUNGO LA STRADA PRINCIPALE CHE COLLEGA PIEVE DI LIVINALLONGO AD ARABBA.<\/p>\n<p>&nbsp;<\/p>\n","protected":false},"excerpt":{"rendered":"<p>*** &nbsp; &nbsp; UNA FAMIGLIA SEGNATA DAL DOLORE: IL RICORDO DI FACCHIN E DELLA SUA STORIA LONGARONE \u2013 Frequentava spesso Longarone, dove \u00e8 originaria la madre Maura. L\u00ec aveva amici, affetti, legami profondi. La vita di Facchin, per\u00f2, \u00e8 stata segnata dal dolore fin da giovane: la famiglia aveva gi\u00e0 vissuto una tragedia terribile, quella&hellip;<\/p>\n","protected":false},"author":4,"featured_media":477315,"comment_status":"closed","ping_status":"closed","sticky":false,"template":"","format":"standard","meta":{"_monsterinsights_skip_tracking":false,"_monsterinsights_sitenote_active":false,"_monsterinsights_sitenote_note":"","_monsterinsights_sitenote_category":0,"footnotes":""},"categories":[51,49],"tags":[],"class_list":["post-477317","post","type-post","status-publish","format-standard","has-post-thumbnail","hentry","category-evidenza-top","category-news-18","category-51","category-49","description-off"],"img_url":"https:\/\/www.radiopiu.net\/wordpress\/wp-content\/uploads\/2025\/10\/Immagine-2025-10-26-062648.png","_links":{"self":[{"href":"https:\/\/www.radiopiu.net\/wordpress\/wp-json\/wp\/v2\/posts\/477317","targetHints":{"allow":["GET"]}}],"collection":[{"href":"https:\/\/www.radiopiu.net\/wordpress\/wp-json\/wp\/v2\/posts"}],"about":[{"href":"https:\/\/www.radiopiu.net\/wordpress\/wp-json\/wp\/v2\/types\/post"}],"author":[{"embeddable":true,"href":"https:\/\/www.radiopiu.net\/wordpress\/wp-json\/wp\/v2\/users\/4"}],"replies":[{"embeddable":true,"href":"https:\/\/www.radiopiu.net\/wordpress\/wp-json\/wp\/v2\/comments?post=477317"}],"version-history":[{"count":4,"href":"https:\/\/www.radiopiu.net\/wordpress\/wp-json\/wp\/v2\/posts\/477317\/revisions"}],"predecessor-version":[{"id":477341,"href":"https:\/\/www.radiopiu.net\/wordpress\/wp-json\/wp\/v2\/posts\/477317\/revisions\/477341"}],"wp:featuredmedia":[{"embeddable":true,"href":"https:\/\/www.radiopiu.net\/wordpress\/wp-json\/wp\/v2\/media\/477315"}],"wp:attachment":[{"href":"https:\/\/www.radiopiu.net\/wordpress\/wp-json\/wp\/v2\/media?parent=477317"}],"wp:term":[{"taxonomy":"category","embeddable":true,"href":"https:\/\/www.radiopiu.net\/wordpress\/wp-json\/wp\/v2\/categories?post=477317"},{"taxonomy":"post_tag","embeddable":true,"href":"https:\/\/www.radiopiu.net\/wordpress\/wp-json\/wp\/v2\/tags?post=477317"}],"curies":[{"name":"wp","href":"https:\/\/api.w.org\/{rel}","templated":true}]}}