{"id":477331,"date":"2025-10-26T07:06:26","date_gmt":"2025-10-26T06:06:26","guid":{"rendered":"https:\/\/www.radiopiu.net\/wordpress\/?p=477331"},"modified":"2025-10-26T07:06:26","modified_gmt":"2025-10-26T06:06:26","slug":"muore-nel-sonno-a-18-a","status":"publish","type":"post","link":"https:\/\/www.radiopiu.net\/wordpress\/muore-nel-sonno-a-18-a\/","title":{"rendered":"MUORE NEL SONNO A 18 ANNI, IL DOLORE ARRIVA ANCHE A FELTRE"},"content":{"rendered":"<p>**<\/p>\n<p><strong><img decoding=\"async\" class=\"alignleft\" src=\"https:\/\/www.radiopiu.net\/wordpress\/wp-content\/uploads\/2025\/10\/Immagine-2025-10-26-070451.png\" \/>PEDEROBBA<\/strong> \u2013 Tragedia nella Marca: Chiara Zardo, 18 anni, \u00e8 stata trovata senza vita dalla madre nella loro abitazione di piazza Guarnier. La donna, Elisa Cianillo, dopo aver chiamato i soccorsi ha tentato disperatamente di rianimarla, ma per la giovane non c\u2019era pi\u00f9 nulla da fare.<\/p>\n<p>Il pap\u00e0, No\u00e8 Zardo, \u00e8 maresciallo dei carabinieri in pensione, molto conosciuto anche a Feltre, dove ha prestato servizio per anni, prima alla stazione di Quero e poi al Nucleo Radiomobile.<\/p>\n<p>Chiara, che avrebbe dovuto iniziare la formazione da operatrice sociosanitaria all\u2019ospedale di Montebelluna, potrebbe essere stata stroncata da un arresto cardiaco nel sonno.<br \/>\nUn dramma che ha scosso profondamente Pederobba e Feltre, unite nel dolore di una giovane vita spezzata troppo presto.<\/p>\n","protected":false},"excerpt":{"rendered":"<p>** PEDEROBBA \u2013 Tragedia nella Marca: Chiara Zardo, 18 anni, \u00e8 stata trovata senza vita dalla madre nella loro abitazione di piazza Guarnier. La donna, Elisa Cianillo, dopo aver chiamato i soccorsi ha tentato disperatamente di rianimarla, ma per la giovane non c\u2019era pi\u00f9 nulla da fare. Il pap\u00e0, No\u00e8 Zardo, \u00e8 maresciallo dei carabinieri&hellip;<\/p>\n","protected":false},"author":4,"featured_media":477332,"comment_status":"closed","ping_status":"closed","sticky":false,"template":"","format":"standard","meta":{"_monsterinsights_skip_tracking":false,"_monsterinsights_sitenote_active":false,"_monsterinsights_sitenote_note":"","_monsterinsights_sitenote_category":0,"footnotes":""},"categories":[51,49],"tags":[],"class_list":["post-477331","post","type-post","status-publish","format-standard","has-post-thumbnail","hentry","category-evidenza-top","category-news-18","category-51","category-49","description-off"],"img_url":"https:\/\/www.radiopiu.net\/wordpress\/wp-content\/uploads\/2025\/10\/Immagine-2025-10-26-070451.png","_links":{"self":[{"href":"https:\/\/www.radiopiu.net\/wordpress\/wp-json\/wp\/v2\/posts\/477331","targetHints":{"allow":["GET"]}}],"collection":[{"href":"https:\/\/www.radiopiu.net\/wordpress\/wp-json\/wp\/v2\/posts"}],"about":[{"href":"https:\/\/www.radiopiu.net\/wordpress\/wp-json\/wp\/v2\/types\/post"}],"author":[{"embeddable":true,"href":"https:\/\/www.radiopiu.net\/wordpress\/wp-json\/wp\/v2\/users\/4"}],"replies":[{"embeddable":true,"href":"https:\/\/www.radiopiu.net\/wordpress\/wp-json\/wp\/v2\/comments?post=477331"}],"version-history":[{"count":1,"href":"https:\/\/www.radiopiu.net\/wordpress\/wp-json\/wp\/v2\/posts\/477331\/revisions"}],"predecessor-version":[{"id":477333,"href":"https:\/\/www.radiopiu.net\/wordpress\/wp-json\/wp\/v2\/posts\/477331\/revisions\/477333"}],"wp:featuredmedia":[{"embeddable":true,"href":"https:\/\/www.radiopiu.net\/wordpress\/wp-json\/wp\/v2\/media\/477332"}],"wp:attachment":[{"href":"https:\/\/www.radiopiu.net\/wordpress\/wp-json\/wp\/v2\/media?parent=477331"}],"wp:term":[{"taxonomy":"category","embeddable":true,"href":"https:\/\/www.radiopiu.net\/wordpress\/wp-json\/wp\/v2\/categories?post=477331"},{"taxonomy":"post_tag","embeddable":true,"href":"https:\/\/www.radiopiu.net\/wordpress\/wp-json\/wp\/v2\/tags?post=477331"}],"curies":[{"name":"wp","href":"https:\/\/api.w.org\/{rel}","templated":true}]}}