{"id":477348,"date":"2025-10-26T09:36:18","date_gmt":"2025-10-26T08:36:18","guid":{"rendered":"https:\/\/www.radiopiu.net\/wordpress\/?p=477348"},"modified":"2025-10-26T09:50:42","modified_gmt":"2025-10-26T08:50:42","slug":"andrea-fontana-secondo-in-gara-1-a-monza-alle-1030-gara-2","status":"publish","type":"post","link":"https:\/\/www.radiopiu.net\/wordpress\/andrea-fontana-secondo-in-gara-1-a-monza-alle-1030-gara-2\/","title":{"rendered":"ANDREA FONTANA SECONDO IN GARA 1 A MONZA. ALLE 10:30 GARA 2"},"content":{"rendered":"<p>*******<\/p>\n<p>&nbsp;<\/p>\n<p><strong><a class=\"dt-pswp-item\" href=\"https:\/\/www.radiopiu.net\/wordpress\/wp-content\/uploads\/2025\/10\/SCR-20251026-iwjw.jpeg\" data-dt-img-description=\"\" data-large_image_width=\"1340\" data-large_image_height=\"852\"><img loading=\"lazy\" decoding=\"async\" class=\" wp-image-477349 alignleft\" src=\"https:\/\/www.radiopiu.net\/wordpress\/wp-content\/uploads\/2025\/10\/SCR-20251026-iwjw-300x191.jpeg\" alt=\"\" width=\"210\" height=\"134\" srcset=\"https:\/\/www.radiopiu.net\/wordpress\/wp-content\/uploads\/2025\/10\/SCR-20251026-iwjw-300x191.jpeg 300w, https:\/\/www.radiopiu.net\/wordpress\/wp-content\/uploads\/2025\/10\/SCR-20251026-iwjw-1024x651.jpeg 1024w, https:\/\/www.radiopiu.net\/wordpress\/wp-content\/uploads\/2025\/10\/SCR-20251026-iwjw-768x488.jpeg 768w, https:\/\/www.radiopiu.net\/wordpress\/wp-content\/uploads\/2025\/10\/SCR-20251026-iwjw.jpeg 1340w\" sizes=\"auto, (max-width: 210px) 100vw, 210px\" \/><\/a>MONZA<\/strong> Andrea Fontana \u00e8 stato grande protagonista nella PRO-AM, conquistando con il compagno Mainetti un prezioso secondo posto che lo proietta in vetta alla classifica provvisoria 2025. Il pilota bellunese di Target Racing ha disputato una gara intelligente e costante, sfruttando al meglio il potenziale della sua Lamborghini Huracan ST EVO2. Dopo un avvio prudente, Fontana ha mantenuto il contatto con i battistrada, consegnando l\u2019auto a Mainetti in una posizione ideale per il finale. La coppia ha poi approfittato del colpo di scena all\u2019ultimo giro, quando Viglietti si \u00e8 fermato per mancanza di carburante, centrando cos\u00ec un risultato fondamentale in chiave campionato. Per Fontana, \u00e8 un secondo posto che vale come una vittoria e conferma la sua costanza ai vertici della categoria. Alle 10:30 Gara 2 in diretta anche su ACI SPORT TV sul canale 228 di Sky<\/p>\n<p>&nbsp;<\/p>\n<p>&nbsp;<\/p>\n<p>&nbsp;<\/p>\n<p>&nbsp;<\/p>\n<p>*******<\/p>\n","protected":false},"excerpt":{"rendered":"<p>******* &nbsp; MONZA Andrea Fontana \u00e8 stato grande protagonista nella PRO-AM, conquistando con il compagno Mainetti un prezioso secondo posto che lo proietta in vetta alla classifica provvisoria 2025. Il pilota bellunese di Target Racing ha disputato una gara intelligente e costante, sfruttando al meglio il potenziale della sua Lamborghini Huracan ST EVO2. Dopo un&hellip;<\/p>\n","protected":false},"author":4,"featured_media":477349,"comment_status":"closed","ping_status":"closed","sticky":false,"template":"","format":"standard","meta":{"_monsterinsights_skip_tracking":false,"_monsterinsights_sitenote_active":false,"_monsterinsights_sitenote_note":"","_monsterinsights_sitenote_category":0,"footnotes":""},"categories":[104,49],"tags":[],"class_list":["post-477348","post","type-post","status-publish","format-standard","has-post-thumbnail","hentry","category-evidenza_3","category-news-18","category-104","category-49","description-off"],"img_url":"https:\/\/www.radiopiu.net\/wordpress\/wp-content\/uploads\/2025\/10\/SCR-20251026-iwjw.jpeg","_links":{"self":[{"href":"https:\/\/www.radiopiu.net\/wordpress\/wp-json\/wp\/v2\/posts\/477348","targetHints":{"allow":["GET"]}}],"collection":[{"href":"https:\/\/www.radiopiu.net\/wordpress\/wp-json\/wp\/v2\/posts"}],"about":[{"href":"https:\/\/www.radiopiu.net\/wordpress\/wp-json\/wp\/v2\/types\/post"}],"author":[{"embeddable":true,"href":"https:\/\/www.radiopiu.net\/wordpress\/wp-json\/wp\/v2\/users\/4"}],"replies":[{"embeddable":true,"href":"https:\/\/www.radiopiu.net\/wordpress\/wp-json\/wp\/v2\/comments?post=477348"}],"version-history":[{"count":3,"href":"https:\/\/www.radiopiu.net\/wordpress\/wp-json\/wp\/v2\/posts\/477348\/revisions"}],"predecessor-version":[{"id":477351,"href":"https:\/\/www.radiopiu.net\/wordpress\/wp-json\/wp\/v2\/posts\/477348\/revisions\/477351"}],"wp:featuredmedia":[{"embeddable":true,"href":"https:\/\/www.radiopiu.net\/wordpress\/wp-json\/wp\/v2\/media\/477349"}],"wp:attachment":[{"href":"https:\/\/www.radiopiu.net\/wordpress\/wp-json\/wp\/v2\/media?parent=477348"}],"wp:term":[{"taxonomy":"category","embeddable":true,"href":"https:\/\/www.radiopiu.net\/wordpress\/wp-json\/wp\/v2\/categories?post=477348"},{"taxonomy":"post_tag","embeddable":true,"href":"https:\/\/www.radiopiu.net\/wordpress\/wp-json\/wp\/v2\/tags?post=477348"}],"curies":[{"name":"wp","href":"https:\/\/api.w.org\/{rel}","templated":true}]}}