{"id":477366,"date":"2025-10-27T13:30:56","date_gmt":"2025-10-27T12:30:56","guid":{"rendered":"https:\/\/www.radiopiu.net\/wordpress\/?p=477366"},"modified":"2025-10-26T13:52:39","modified_gmt":"2025-10-26T12:52:39","slug":"i-racconti-di-paolo-soppelsa-puntata-299","status":"publish","type":"post","link":"https:\/\/www.radiopiu.net\/wordpress\/i-racconti-di-paolo-soppelsa-puntata-299\/","title":{"rendered":"I RACCONTI DI PAOLO SOPPELSA &#8211; PUNTATA 299"},"content":{"rendered":"<p>*******<\/p>\n<p>&nbsp;<\/p>\n<p><strong>ARIA DA NEF<\/strong><\/p>\n<p><strong>AUDIO<\/strong><\/p>\n<audio class=\"wp-audio-shortcode\" id=\"audio-477366-1\" preload=\"none\" style=\"width: 100%;\" controls=\"controls\"><source type=\"audio\/mpeg\" src=\"https:\/\/www.radiopiu.net\/wordpress\/wp-content\/uploads\/2025\/10\/PAOLOS-3.mp3?_=1\" \/><a href=\"https:\/\/www.radiopiu.net\/wordpress\/wp-content\/uploads\/2025\/10\/PAOLOS-3.mp3\">https:\/\/www.radiopiu.net\/wordpress\/wp-content\/uploads\/2025\/10\/PAOLOS-3.mp3<\/a><\/audio>\n<p>&nbsp;<\/p>\n<p><a class=\"dt-pswp-item\" href=\"https:\/\/www.radiopiu.net\/wordpress\/wp-content\/uploads\/2025\/10\/d0ba9352-da79-4fd0-bb2a-274c73d61444.jpg\" data-dt-img-description=\"\" data-large_image_width=\"2048\" data-large_image_height=\"1536\"><img loading=\"lazy\" decoding=\"async\" class=\" wp-image-477368 alignleft\" src=\"https:\/\/www.radiopiu.net\/wordpress\/wp-content\/uploads\/2025\/10\/d0ba9352-da79-4fd0-bb2a-274c73d61444-300x225.jpg\" alt=\"\" width=\"188\" height=\"141\" srcset=\"https:\/\/www.radiopiu.net\/wordpress\/wp-content\/uploads\/2025\/10\/d0ba9352-da79-4fd0-bb2a-274c73d61444-300x225.jpg 300w, https:\/\/www.radiopiu.net\/wordpress\/wp-content\/uploads\/2025\/10\/d0ba9352-da79-4fd0-bb2a-274c73d61444-1024x768.jpg 1024w, https:\/\/www.radiopiu.net\/wordpress\/wp-content\/uploads\/2025\/10\/d0ba9352-da79-4fd0-bb2a-274c73d61444-768x576.jpg 768w, https:\/\/www.radiopiu.net\/wordpress\/wp-content\/uploads\/2025\/10\/d0ba9352-da79-4fd0-bb2a-274c73d61444-1536x1152.jpg 1536w, https:\/\/www.radiopiu.net\/wordpress\/wp-content\/uploads\/2025\/10\/d0ba9352-da79-4fd0-bb2a-274c73d61444.jpg 2048w\" sizes=\"auto, (max-width: 188px) 100vw, 188px\" \/><\/a>Nel silenzio di quel primo mattino d&#8217;inizio novembre avevo sentito il rumore del motore della Ritmo che si stava parcheggiando sotto casa. Faceva freddo a Cencenighe. Mamma si era alzata presto e aveva acceso subito il fuoco e preparato la colazione. Nel frattempo io guardavo dalla finestra un orizzonte che non c&#8217;era. Aldil\u00e0 dei vetri l&#8217;autunno sembrava scomparso, ingoiato dall&#8217;inverno precoce che era entrato nella valle. Una coltre di nuvole grigie e basse copriva i boschi colorati e la strada era coperta da uno spesso strato di brina. Grigio e bianco, proprio come in certe giornate di pieno inverno. Dopo qualche minuto pap\u00e0 era entrato in cucina e si era messo accanto alla stufa. Era ritornato presto dalla caccia. Le aria da nef, aveva detto mentre le sue mani si riscaldavano sopra i cerchi ormai roventi. Le propio cambi\u00e0 el temp, stanot l&#8217;era fret, aveva detto la mamma mentre pensierosa guardava dalla finestra. Dopo la morte del fuoco era stata notte fredda. In quel fine settimana era comparsa l&#8217;umidit\u00e0 classica delle case poco abitate e un p\u00f2 la si sentiva entrare nelle ossa. Ocor almancol trei d\u00ec de fok parch\u00e8 se scalde i mur, aveva detto pap\u00e0 mentre metteva altra legna nel fuoco. Ero uscito in passeggiata con il cane mentre le campane annunciavano la Messa. Un silenzio ovattato mi aveva accolto e anche le campane avevano un suono sordo, assorbito dalla nebbia umida e leggera. Il freddo, complice l&#8217;umidit\u00e0, mordeva, e la si respirava veramente quell&#8217;aria da neve. Il cane tirava mentre vivevo quel particolare silenzio che precede l&#8217;inizio di una nevicata. Non c&#8217;era nessuno in giro e i camini fumavano come in pieno dicembre. Guardavo con attenzione cercando di scorgere i primi fiocchi, ma le nuvole non erano ancora scese a lambire i tetti e non era ancora il momento della neve. A casa avevo trovato atmosfera da fine permanenza autunnale a Cencenighe. C&#8217;era aria di inverno, nel cimitero la tomba della nonna aveva i fiori nuovi e in casa ci sarebbe stato troppo freddo e il sabato avremmo avuto poco tempo per scaldare a sufficienza. En d\u00ec de chesti viene su a ser\u00e0 le acque, aveva detto pap\u00e0 mentre mamma sistemava i letti e terminava di mettere un po\u2019 di ordine. Avevamo lasciato morire l&#8217;ultimo fuoco d&#8217;autunno e poi eravamo saliti a San Tomaso per pranzare dai nonni. Il calore potente del fornel che il nonno aveva acceso all&#8217;alba, ci aveva accolti e in quegli istanti aveva iniziato a nevicare. I fiocchi di neve, dapprima radi e poi sempre pi\u00f9 fitti, erano stati immediatamente accolti dal terreno gelato. Al termine del pranzo l&#8217;atmosfera era quella classica dell&#8217;inverno, con i tetti, i prati e l&#8217;asfalto della Provinciale ricoperti da qualche centimetro di neve. Guardavo scendere i fiocchi ed ero stupito da quella nevicata cos\u00ec precoce. Osservavo il manto bianco che diventava sempre pi\u00f9 spesso mentre nonni e genitori raccontavano vecchie nevicate d&#8217;inizio novembre. Verso le sedici, all\u2019approssimarsi dell\u2019imbrunire, era stato il rumore del versor a rompere per un attimo il silenzio della neve. Il lampeggiante giallo che si faceva largo nella nebbia, il suono cupo della lama che aveva sfiorato l&#8217;asfalto e poi nuovamente il silenzio della sera che stava per nascere. Alle 18, quando ormai era notte fonda e aveva smesso di nevicare, siamo partiti alla volta di Belluno. Fino a Mezcanal la Strada Madre era vestita d&#8217;inverno, a Listolade avevamo incontrato nuovamente l&#8217;autunno. C&#8217;erano tante stelle in cielo e pap\u00e0 aveva detto Las\u00f9 stanot el giaza. Era il 4 novembre.<\/p>\n<p>&nbsp;<\/p>\n<p>&nbsp;<\/p>\n<p>&nbsp;<\/p>\n<p>*********<\/p>\n","protected":false},"excerpt":{"rendered":"<p>******* &nbsp; ARIA DA NEF AUDIO &nbsp; Nel silenzio di quel primo mattino d&#8217;inizio novembre avevo sentito il rumore del motore della Ritmo che si stava parcheggiando sotto casa. Faceva freddo a Cencenighe. Mamma si era alzata presto e aveva acceso subito il fuoco e preparato la colazione. Nel frattempo io guardavo dalla finestra un&hellip;<\/p>\n","protected":false},"author":4,"featured_media":477368,"comment_status":"closed","ping_status":"closed","sticky":false,"template":"","format":"standard","meta":{"_monsterinsights_skip_tracking":false,"_monsterinsights_sitenote_active":false,"_monsterinsights_sitenote_note":"","_monsterinsights_sitenote_category":0,"footnotes":""},"categories":[104,49,112],"tags":[],"class_list":["post-477366","post","type-post","status-publish","format-standard","has-post-thumbnail","hentry","category-evidenza_3","category-news-18","category-racconti-soppelsa","category-104","category-49","category-112","description-off"],"img_url":"https:\/\/www.radiopiu.net\/wordpress\/wp-content\/uploads\/2025\/10\/d0ba9352-da79-4fd0-bb2a-274c73d61444.jpg","_links":{"self":[{"href":"https:\/\/www.radiopiu.net\/wordpress\/wp-json\/wp\/v2\/posts\/477366","targetHints":{"allow":["GET"]}}],"collection":[{"href":"https:\/\/www.radiopiu.net\/wordpress\/wp-json\/wp\/v2\/posts"}],"about":[{"href":"https:\/\/www.radiopiu.net\/wordpress\/wp-json\/wp\/v2\/types\/post"}],"author":[{"embeddable":true,"href":"https:\/\/www.radiopiu.net\/wordpress\/wp-json\/wp\/v2\/users\/4"}],"replies":[{"embeddable":true,"href":"https:\/\/www.radiopiu.net\/wordpress\/wp-json\/wp\/v2\/comments?post=477366"}],"version-history":[{"count":1,"href":"https:\/\/www.radiopiu.net\/wordpress\/wp-json\/wp\/v2\/posts\/477366\/revisions"}],"predecessor-version":[{"id":477369,"href":"https:\/\/www.radiopiu.net\/wordpress\/wp-json\/wp\/v2\/posts\/477366\/revisions\/477369"}],"wp:featuredmedia":[{"embeddable":true,"href":"https:\/\/www.radiopiu.net\/wordpress\/wp-json\/wp\/v2\/media\/477368"}],"wp:attachment":[{"href":"https:\/\/www.radiopiu.net\/wordpress\/wp-json\/wp\/v2\/media?parent=477366"}],"wp:term":[{"taxonomy":"category","embeddable":true,"href":"https:\/\/www.radiopiu.net\/wordpress\/wp-json\/wp\/v2\/categories?post=477366"},{"taxonomy":"post_tag","embeddable":true,"href":"https:\/\/www.radiopiu.net\/wordpress\/wp-json\/wp\/v2\/tags?post=477366"}],"curies":[{"name":"wp","href":"https:\/\/api.w.org\/{rel}","templated":true}]}}