{"id":477379,"date":"2025-10-26T18:28:54","date_gmt":"2025-10-26T17:28:54","guid":{"rendered":"https:\/\/www.radiopiu.net\/wordpress\/?p=477379"},"modified":"2025-10-26T20:32:13","modified_gmt":"2025-10-26T19:32:13","slug":"messa-per-i-caduti-della-montagna-in-diretta-da-agordo","status":"publish","type":"post","link":"https:\/\/www.radiopiu.net\/wordpress\/messa-per-i-caduti-della-montagna-in-diretta-da-agordo\/","title":{"rendered":"MESSA PER I CADUTI DELLA MONTAGNA IN DIRETTA DA AGORDO"},"content":{"rendered":"<p>********<\/p>\n<p>&nbsp;<\/p>\n<p><strong>AGORDO<\/strong> La Chiesa Arcidiaconale di Agordo ospita la tradizionale Santa Messa per i Caduti della Montagna, un appuntamento toccante che ogni anno riunisce la comunit\u00e0 agordina per rendere omaggio a coloro che hanno perso la vita tra le vette. L\u2019iniziativa, promossa dal Coro Agordo dell\u2019Associazione Filarmonica Agordina, vede la collaborazione di numerose realt\u00e0 del territorio: Club Alpino Italiano \u2013 Sezione Agordina, Pieve Arcidiaconale di Agordo, Gruppo Rocciatori \u201cGiri\u201d Agordo, Gruppo Rocciatori \u201cVal Biois\u201d, Corpo Nazionale Soccorso Alpino e Speleologico \u2013 Vallata Agordina, Associazione Nazionale Alpini \u2013 Gruppo Agordo-Rivamonte-Taibon, con il prezioso supporto di Radio Pi\u00f9. La celebrazione sar\u00e0 accompagnata dai canti del Coro Agordo, che interpreter\u00e0 anche il celebre brano \u201cSignore delle cime, lasciali andare per le Tue montagne\u201d, simbolo di questo momento di raccoglimento e memoria.<\/p>\n<p><strong>LA DIRETTA RADIO PIU&#8217;<\/strong><\/p>\n<p><iframe loading=\"lazy\" title=\"MESSA PER I CADUTI DELLA MONTAGNA - 26 OTTOBRE 2025\" width=\"1200\" height=\"900\" src=\"https:\/\/www.youtube.com\/embed\/j-nCnMVZjSA?feature=oembed\" frameborder=\"0\" allow=\"accelerometer; autoplay; clipboard-write; encrypted-media; gyroscope; picture-in-picture; web-share\" referrerpolicy=\"strict-origin-when-cross-origin\" allowfullscreen><\/iframe><\/p>\n<p>&nbsp;<\/p>\n<p><strong>L&#8217;ELENCO DEI CADUTI IN MONTAGNA<\/strong><\/p>\n\n\t\t\t<style type='text\/css'>\n\t\t\t\t#gallery-1 {\n\t\t\t\t\tmargin: auto;\n\t\t\t\t}\n\t\t\t\t#gallery-1 .gallery-item {\n\t\t\t\t\tfloat: left;\n\t\t\t\t\tmargin-top: 10px;\n\t\t\t\t\ttext-align: center;\n\t\t\t\t\twidth: 100%;\n\t\t\t\t}\n\t\t\t\t#gallery-1 img {\n\t\t\t\t\tborder: 2px solid #cfcfcf;\n\t\t\t\t}\n\t\t\t\t#gallery-1 .gallery-caption {\n\t\t\t\t\tmargin-left: 0;\n\t\t\t\t}\n\t\t\t\t\/* see gallery_shortcode() in wp-includes\/media.php *\/\n\t\t\t<\/style>\n\t\t<div id='gallery-1' class='dt-gallery-container gallery galleryid-477379 gallery-columns-1 gallery-size-medium'><dl class='gallery-item'>\n\t\t\t\t<dt class='gallery-icon landscape'>\n\t\t\t\t\t<a class=\"rollover rollover-zoom dt-pswp-item\" title=\"SCR-20251026-rvdd\" data-dt-img-description=\"\" data-large_image_width=\"1558\" data-large_image_height=\"1434\"href='https:\/\/www.radiopiu.net\/wordpress\/wp-content\/uploads\/2025\/10\/SCR-20251026-rvdd.png'><img loading=\"lazy\" decoding=\"async\" width=\"300\" height=\"276\" src=\"https:\/\/www.radiopiu.net\/wordpress\/wp-content\/uploads\/2025\/10\/SCR-20251026-rvdd-300x276.png\" class=\"attachment-medium size-medium\" alt=\"\" srcset=\"https:\/\/www.radiopiu.net\/wordpress\/wp-content\/uploads\/2025\/10\/SCR-20251026-rvdd-300x276.png 300w, https:\/\/www.radiopiu.net\/wordpress\/wp-content\/uploads\/2025\/10\/SCR-20251026-rvdd-1024x943.png 1024w, https:\/\/www.radiopiu.net\/wordpress\/wp-content\/uploads\/2025\/10\/SCR-20251026-rvdd-768x707.png 768w, https:\/\/www.radiopiu.net\/wordpress\/wp-content\/uploads\/2025\/10\/SCR-20251026-rvdd-1536x1414.png 1536w, https:\/\/www.radiopiu.net\/wordpress\/wp-content\/uploads\/2025\/10\/SCR-20251026-rvdd.png 1558w\" sizes=\"auto, (max-width: 300px) 100vw, 300px\" \/><\/a>\n\t\t\t\t<\/dt><\/dl><br style=\"clear: both\" \/>\n\t\t\t<\/div>\n\n<p>&nbsp;<\/p>\n<p>*********<\/p>\n","protected":false},"excerpt":{"rendered":"<p>******** &nbsp; AGORDO La Chiesa Arcidiaconale di Agordo ospita la tradizionale Santa Messa per i Caduti della Montagna, un appuntamento toccante che ogni anno riunisce la comunit\u00e0 agordina per rendere omaggio a coloro che hanno perso la vita tra le vette. L\u2019iniziativa, promossa dal Coro Agordo dell\u2019Associazione Filarmonica Agordina, vede la collaborazione di numerose realt\u00e0&hellip;<\/p>\n","protected":false},"author":4,"featured_media":380526,"comment_status":"closed","ping_status":"closed","sticky":false,"template":"","format":"standard","meta":{"_monsterinsights_skip_tracking":false,"_monsterinsights_sitenote_active":false,"_monsterinsights_sitenote_note":"","_monsterinsights_sitenote_category":0,"footnotes":""},"categories":[51,49],"tags":[],"class_list":["post-477379","post","type-post","status-publish","format-standard","has-post-thumbnail","hentry","category-evidenza-top","category-news-18","category-51","category-49","description-off"],"img_url":"https:\/\/www.radiopiu.net\/wordpress\/wp-content\/uploads\/2024\/03\/chiesa-agordo.jpg","_links":{"self":[{"href":"https:\/\/www.radiopiu.net\/wordpress\/wp-json\/wp\/v2\/posts\/477379","targetHints":{"allow":["GET"]}}],"collection":[{"href":"https:\/\/www.radiopiu.net\/wordpress\/wp-json\/wp\/v2\/posts"}],"about":[{"href":"https:\/\/www.radiopiu.net\/wordpress\/wp-json\/wp\/v2\/types\/post"}],"author":[{"embeddable":true,"href":"https:\/\/www.radiopiu.net\/wordpress\/wp-json\/wp\/v2\/users\/4"}],"replies":[{"embeddable":true,"href":"https:\/\/www.radiopiu.net\/wordpress\/wp-json\/wp\/v2\/comments?post=477379"}],"version-history":[{"count":3,"href":"https:\/\/www.radiopiu.net\/wordpress\/wp-json\/wp\/v2\/posts\/477379\/revisions"}],"predecessor-version":[{"id":477403,"href":"https:\/\/www.radiopiu.net\/wordpress\/wp-json\/wp\/v2\/posts\/477379\/revisions\/477403"}],"wp:featuredmedia":[{"embeddable":true,"href":"https:\/\/www.radiopiu.net\/wordpress\/wp-json\/wp\/v2\/media\/380526"}],"wp:attachment":[{"href":"https:\/\/www.radiopiu.net\/wordpress\/wp-json\/wp\/v2\/media?parent=477379"}],"wp:term":[{"taxonomy":"category","embeddable":true,"href":"https:\/\/www.radiopiu.net\/wordpress\/wp-json\/wp\/v2\/categories?post=477379"},{"taxonomy":"post_tag","embeddable":true,"href":"https:\/\/www.radiopiu.net\/wordpress\/wp-json\/wp\/v2\/tags?post=477379"}],"curies":[{"name":"wp","href":"https:\/\/api.w.org\/{rel}","templated":true}]}}