{"id":477385,"date":"2025-10-26T17:41:53","date_gmt":"2025-10-26T16:41:53","guid":{"rendered":"https:\/\/www.radiopiu.net\/wordpress\/?p=477385"},"modified":"2025-10-26T17:42:17","modified_gmt":"2025-10-26T16:42:17","slug":"ciclista-soccorso-a-sospirolo","status":"publish","type":"post","link":"https:\/\/www.radiopiu.net\/wordpress\/ciclista-soccorso-a-sospirolo\/","title":{"rendered":"CICLISTA SOCCORSO A SOSPIROLO, MALORE AL RIFUGIO AURONZO"},"content":{"rendered":"<p>********<\/p>\n<p>&nbsp;<\/p>\n<p><strong><a class=\"dt-pswp-item\" href=\"https:\/\/www.radiopiu.net\/wordpress\/wp-content\/uploads\/2021\/10\/a0c568f4-8fef-4e1e-b203-57f1d1d0c1e7.jpg\" data-dt-img-description=\"\" data-large_image_width=\"2000\" data-large_image_height=\"1496\"><img loading=\"lazy\" decoding=\"async\" class=\" wp-image-238247 alignleft\" src=\"https:\/\/www.radiopiu.net\/wordpress\/wp-content\/uploads\/2021\/10\/a0c568f4-8fef-4e1e-b203-57f1d1d0c1e7-300x224.jpg\" alt=\"\" width=\"159\" height=\"119\" srcset=\"https:\/\/www.radiopiu.net\/wordpress\/wp-content\/uploads\/2021\/10\/a0c568f4-8fef-4e1e-b203-57f1d1d0c1e7-300x224.jpg 300w, https:\/\/www.radiopiu.net\/wordpress\/wp-content\/uploads\/2021\/10\/a0c568f4-8fef-4e1e-b203-57f1d1d0c1e7-1024x766.jpg 1024w, https:\/\/www.radiopiu.net\/wordpress\/wp-content\/uploads\/2021\/10\/a0c568f4-8fef-4e1e-b203-57f1d1d0c1e7-768x574.jpg 768w, https:\/\/www.radiopiu.net\/wordpress\/wp-content\/uploads\/2021\/10\/a0c568f4-8fef-4e1e-b203-57f1d1d0c1e7-1536x1149.jpg 1536w, https:\/\/www.radiopiu.net\/wordpress\/wp-content\/uploads\/2021\/10\/a0c568f4-8fef-4e1e-b203-57f1d1d0c1e7.jpg 2000w\" sizes=\"auto, (max-width: 159px) 100vw, 159px\" \/><\/a>REDAZIONE <\/strong>A Sospirolo un ciclista di 72 anni, residente a Belluno, \u00e8 rimasto ferito in seguito a una caduta. Sul posto \u00e8 intervenuta un\u2019ambulanza supportata dall\u2019elisoccorso. L\u2019uomo, dopo le prime cure, \u00e8 stato trasferito all\u2019ospedale di Belluno. Un altro intervento ha riguardato Pedavena, dove un giovane di 28 anni \u00e8 rimasto coinvolto in un incidente stradale. Soccorso dal personale sanitario, \u00e8 stato trasportato all\u2019ospedale di Feltre in condizioni di media gravit\u00e0. Nel pomeriggio, il SUEM \u00e8 stato attivato anche per un malore nella zona del Rifugio Auronzo. Sul posto \u00e8 intervenuto l\u2019elicottero Falco per prestare assistenza all\u2019escursionista.<\/p>\n<p>&nbsp;<\/p>\n<p>&nbsp;<\/p>\n<p>&nbsp;<\/p>\n<p>&nbsp;<\/p>\n<p>*********<\/p>\n","protected":false},"excerpt":{"rendered":"<p>******** &nbsp; REDAZIONE A Sospirolo un ciclista di 72 anni, residente a Belluno, \u00e8 rimasto ferito in seguito a una caduta. Sul posto \u00e8 intervenuta un\u2019ambulanza supportata dall\u2019elisoccorso. L\u2019uomo, dopo le prime cure, \u00e8 stato trasferito all\u2019ospedale di Belluno. Un altro intervento ha riguardato Pedavena, dove un giovane di 28 anni \u00e8 rimasto coinvolto in&hellip;<\/p>\n","protected":false},"author":4,"featured_media":238247,"comment_status":"closed","ping_status":"closed","sticky":false,"template":"","format":"standard","meta":{"_monsterinsights_skip_tracking":false,"_monsterinsights_sitenote_active":false,"_monsterinsights_sitenote_note":"","_monsterinsights_sitenote_category":0,"footnotes":""},"categories":[51,49],"tags":[],"class_list":["post-477385","post","type-post","status-publish","format-standard","has-post-thumbnail","hentry","category-evidenza-top","category-news-18","category-51","category-49","description-off"],"img_url":"https:\/\/www.radiopiu.net\/wordpress\/wp-content\/uploads\/2021\/10\/a0c568f4-8fef-4e1e-b203-57f1d1d0c1e7.jpg","_links":{"self":[{"href":"https:\/\/www.radiopiu.net\/wordpress\/wp-json\/wp\/v2\/posts\/477385","targetHints":{"allow":["GET"]}}],"collection":[{"href":"https:\/\/www.radiopiu.net\/wordpress\/wp-json\/wp\/v2\/posts"}],"about":[{"href":"https:\/\/www.radiopiu.net\/wordpress\/wp-json\/wp\/v2\/types\/post"}],"author":[{"embeddable":true,"href":"https:\/\/www.radiopiu.net\/wordpress\/wp-json\/wp\/v2\/users\/4"}],"replies":[{"embeddable":true,"href":"https:\/\/www.radiopiu.net\/wordpress\/wp-json\/wp\/v2\/comments?post=477385"}],"version-history":[{"count":1,"href":"https:\/\/www.radiopiu.net\/wordpress\/wp-json\/wp\/v2\/posts\/477385\/revisions"}],"predecessor-version":[{"id":477386,"href":"https:\/\/www.radiopiu.net\/wordpress\/wp-json\/wp\/v2\/posts\/477385\/revisions\/477386"}],"wp:featuredmedia":[{"embeddable":true,"href":"https:\/\/www.radiopiu.net\/wordpress\/wp-json\/wp\/v2\/media\/238247"}],"wp:attachment":[{"href":"https:\/\/www.radiopiu.net\/wordpress\/wp-json\/wp\/v2\/media?parent=477385"}],"wp:term":[{"taxonomy":"category","embeddable":true,"href":"https:\/\/www.radiopiu.net\/wordpress\/wp-json\/wp\/v2\/categories?post=477385"},{"taxonomy":"post_tag","embeddable":true,"href":"https:\/\/www.radiopiu.net\/wordpress\/wp-json\/wp\/v2\/tags?post=477385"}],"curies":[{"name":"wp","href":"https:\/\/api.w.org\/{rel}","templated":true}]}}