{"id":477406,"date":"2025-10-28T05:49:06","date_gmt":"2025-10-28T04:49:06","guid":{"rendered":"https:\/\/www.radiopiu.net\/wordpress\/?p=477406"},"modified":"2025-10-28T08:00:52","modified_gmt":"2025-10-28T07:00:52","slug":"giornale-radiopiu-28-ottobre-2025-direttore-mirko-mezzacasa","status":"publish","type":"post","link":"https:\/\/www.radiopiu.net\/wordpress\/giornale-radiopiu-28-ottobre-2025-direttore-mirko-mezzacasa\/","title":{"rendered":"GIORNALE RADIOPIU 28 OTTOBRE 2025 DIRETTORE MIRKO MEZZACASA"},"content":{"rendered":"<p>********<\/p>\n<h1>A SETTE ANNI DALL&#8217;INCENDIO CHE DEVASTO&#8217; LE PALE DI SAN LUCANO A TAIBON. A SETTE ANNI DALLA TEMPESTA VAIA<\/h1>\n\n\t\t\t<style type='text\/css'>\n\t\t\t\t#gallery-1 {\n\t\t\t\t\tmargin: auto;\n\t\t\t\t}\n\t\t\t\t#gallery-1 .gallery-item {\n\t\t\t\t\tfloat: left;\n\t\t\t\t\tmargin-top: 10px;\n\t\t\t\t\ttext-align: center;\n\t\t\t\t\twidth: 25%;\n\t\t\t\t}\n\t\t\t\t#gallery-1 img {\n\t\t\t\t\tborder: 2px solid #cfcfcf;\n\t\t\t\t}\n\t\t\t\t#gallery-1 .gallery-caption {\n\t\t\t\t\tmargin-left: 0;\n\t\t\t\t}\n\t\t\t\t\/* see gallery_shortcode() in wp-includes\/media.php *\/\n\t\t\t<\/style>\n\t\t<div id='gallery-1' class='dt-gallery-container gallery galleryid-477406 gallery-columns-4 gallery-size-thumbnail'><dl class='gallery-item'>\n\t\t\t\t<dt class='gallery-icon landscape'>\n\t\t\t\t\t<a class=\"rollover rollover-zoom dt-pswp-item\" title=\"Taibon_25-10-2018_Spegnimento incendio a S. Lucano\" data-dt-img-description=\"\" data-large_image_width=\"2560\" data-large_image_height=\"1920\"href='https:\/\/www.radiopiu.net\/wordpress\/wp-content\/uploads\/2023\/10\/Taibon_25-10-2018_Spegnimento-incendio-a-S.-Lucano-scaled.jpg'><img loading=\"lazy\" decoding=\"async\" width=\"150\" height=\"150\" src=\"https:\/\/www.radiopiu.net\/wordpress\/wp-content\/uploads\/2023\/10\/Taibon_25-10-2018_Spegnimento-incendio-a-S.-Lucano-150x150.jpg\" class=\"attachment-thumbnail size-thumbnail\" alt=\"\" \/><\/a>\n\t\t\t\t<\/dt><\/dl><dl class='gallery-item'>\n\t\t\t\t<dt class='gallery-icon landscape'>\n\t\t\t\t\t<a class=\"rollover rollover-zoom dt-pswp-item\" title=\"Taibon_25-10-2018_Spegnimento incendio a S. Lucano 2\" data-dt-img-description=\"\" data-large_image_width=\"2560\" data-large_image_height=\"1920\"href='https:\/\/www.radiopiu.net\/wordpress\/wp-content\/uploads\/2023\/10\/Taibon_25-10-2018_Spegnimento-incendio-a-S.-Lucano-2-scaled.jpg'><img loading=\"lazy\" decoding=\"async\" width=\"150\" height=\"150\" src=\"https:\/\/www.radiopiu.net\/wordpress\/wp-content\/uploads\/2023\/10\/Taibon_25-10-2018_Spegnimento-incendio-a-S.-Lucano-2-150x150.jpg\" class=\"attachment-thumbnail size-thumbnail\" alt=\"\" \/><\/a>\n\t\t\t\t<\/dt><\/dl><dl class='gallery-item'>\n\t\t\t\t<dt class='gallery-icon landscape'>\n\t\t\t\t\t<a class=\"rollover rollover-zoom dt-pswp-item\" title=\"INCENDIO FIAMME\" data-dt-img-description=\"\" data-large_image_width=\"1600\" data-large_image_height=\"900\"href='https:\/\/www.radiopiu.net\/wordpress\/wp-content\/uploads\/2018\/10\/INCENDIO-FIAMME.jpg'><img loading=\"lazy\" decoding=\"async\" width=\"150\" height=\"150\" src=\"https:\/\/www.radiopiu.net\/wordpress\/wp-content\/uploads\/2018\/10\/INCENDIO-FIAMME-150x150.jpg\" class=\"attachment-thumbnail size-thumbnail\" alt=\"\" \/><\/a>\n\t\t\t\t<\/dt><\/dl><dl class='gallery-item'>\n\t\t\t\t<dt class='gallery-icon landscape'>\n\t\t\t\t\t<a class=\"rollover rollover-zoom dt-pswp-item\" title=\"INCENDIO BOTTACIN\" data-dt-img-description=\"\" data-large_image_width=\"1336\" data-large_image_height=\"1004\"href='https:\/\/www.radiopiu.net\/wordpress\/wp-content\/uploads\/2018\/10\/INCENDIO-BOTTACIN.jpg'><img loading=\"lazy\" decoding=\"async\" width=\"150\" height=\"150\" src=\"https:\/\/www.radiopiu.net\/wordpress\/wp-content\/uploads\/2018\/10\/INCENDIO-BOTTACIN-150x150.jpg\" class=\"attachment-thumbnail size-thumbnail\" alt=\"\" \/><\/a>\n\t\t\t\t<\/dt><\/dl><br style=\"clear: both\" \/><dl class='gallery-item'>\n\t\t\t\t<dt class='gallery-icon landscape'>\n\t\t\t\t\t<a class=\"rollover rollover-zoom dt-pswp-item\" title=\"de-bernardin-sottoguda\" data-dt-img-description=\"\" data-large_image_width=\"1599\" data-large_image_height=\"1200\"href='https:\/\/www.radiopiu.net\/wordpress\/wp-content\/uploads\/2024\/07\/de-bernardin-sottoguda.jpg'><img loading=\"lazy\" decoding=\"async\" width=\"150\" height=\"150\" src=\"https:\/\/www.radiopiu.net\/wordpress\/wp-content\/uploads\/2024\/07\/de-bernardin-sottoguda-150x150.jpg\" class=\"attachment-thumbnail size-thumbnail\" alt=\"\" aria-describedby=\"gallery-1-398648\" \/><\/a>\n\t\t\t\t<\/dt>\n\t\t\t\t\t<dd class='wp-caption-text gallery-caption' id='gallery-1-398648'>\n\t\t\t\t\tnei giorni di Vaia\n\t\t\t\t\t<\/dd><\/dl><dl class='gallery-item'>\n\t\t\t\t<dt class='gallery-icon landscape'>\n\t\t\t\t\t<a class=\"rollover rollover-zoom dt-pswp-item\" title=\"VAIA BOTTACIN 4\" data-dt-img-description=\"\" data-large_image_width=\"960\" data-large_image_height=\"720\"href='https:\/\/www.radiopiu.net\/wordpress\/wp-content\/uploads\/2022\/10\/VAIA-BOTTACIN-4.jpeg'><img loading=\"lazy\" decoding=\"async\" width=\"150\" height=\"150\" src=\"https:\/\/www.radiopiu.net\/wordpress\/wp-content\/uploads\/2022\/10\/VAIA-BOTTACIN-4-150x150.jpeg\" class=\"attachment-thumbnail size-thumbnail\" alt=\"\" \/><\/a>\n\t\t\t\t<\/dt><\/dl><dl class='gallery-item'>\n\t\t\t\t<dt class='gallery-icon landscape'>\n\t\t\t\t\t<a class=\"rollover rollover-zoom dt-pswp-item\" title=\"Lac Torond e bosco del Poi dopo Vaia\" data-dt-img-description=\"\" data-large_image_width=\"2048\" data-large_image_height=\"1536\"href='https:\/\/www.radiopiu.net\/wordpress\/wp-content\/uploads\/2024\/04\/Lac-Torond-e-bosco-del-Poi-dopo-Vaia.jpg'><img loading=\"lazy\" decoding=\"async\" width=\"150\" height=\"150\" src=\"https:\/\/www.radiopiu.net\/wordpress\/wp-content\/uploads\/2024\/04\/Lac-Torond-e-bosco-del-Poi-dopo-Vaia-150x150.jpg\" class=\"attachment-thumbnail size-thumbnail\" alt=\"\" \/><\/a>\n\t\t\t\t<\/dt><\/dl><dl class='gallery-item'>\n\t\t\t\t<dt class='gallery-icon landscape'>\n\t\t\t\t\t<a class=\"rollover rollover-zoom dt-pswp-item\" title=\"VAIA ZAIA BOTTACIN2-1\" data-dt-img-description=\"\" data-large_image_width=\"640\" data-large_image_height=\"640\"href='https:\/\/www.radiopiu.net\/wordpress\/wp-content\/uploads\/2022\/10\/VAIA-ZAIA-BOTTACIN2-1.jpeg'><img loading=\"lazy\" decoding=\"async\" width=\"150\" height=\"150\" src=\"https:\/\/www.radiopiu.net\/wordpress\/wp-content\/uploads\/2022\/10\/VAIA-ZAIA-BOTTACIN2-1-150x150.jpeg\" class=\"attachment-thumbnail size-thumbnail\" alt=\"\" srcset=\"https:\/\/www.radiopiu.net\/wordpress\/wp-content\/uploads\/2022\/10\/VAIA-ZAIA-BOTTACIN2-1-150x150.jpeg 150w, https:\/\/www.radiopiu.net\/wordpress\/wp-content\/uploads\/2022\/10\/VAIA-ZAIA-BOTTACIN2-1-300x300.jpeg 300w, https:\/\/www.radiopiu.net\/wordpress\/wp-content\/uploads\/2022\/10\/VAIA-ZAIA-BOTTACIN2-1.jpeg 640w\" sizes=\"auto, (max-width: 150px) 100vw, 150px\" \/><\/a>\n\t\t\t\t<\/dt><\/dl><br style=\"clear: both\" \/>\n\t\t\t<\/div>\n\n<blockquote class=\"wp-embedded-content\" data-secret=\"SF41zCZMwN\"><p><a href=\"https:\/\/www.radiopiu.net\/wordpress\/vaiasette\/\">VAIA 7 ANNI DOPO: RICORDI A FIOR DI PELLE &#8211; testi, foto, video di Mirko Mezzacasa<\/a><\/p><\/blockquote>\n<p><iframe loading=\"lazy\" class=\"wp-embedded-content\" sandbox=\"allow-scripts\" security=\"restricted\" style=\"position: absolute; visibility: hidden;\" title=\"&#8220;VAIA 7 ANNI DOPO: RICORDI A FIOR DI PELLE &#8211; testi, foto, video di Mirko Mezzacasa&#8221; &#8212; Radio Pi\u00f9\" src=\"https:\/\/www.radiopiu.net\/wordpress\/vaiasette\/embed\/#?secret=EvePnLVFfH#?secret=SF41zCZMwN\" data-secret=\"SF41zCZMwN\" width=\"600\" height=\"338\" frameborder=\"0\" marginwidth=\"0\" marginheight=\"0\" scrolling=\"no\"><\/iframe><\/p>\n<p><em><span style=\"color: #ff0000;\"><a class=\"dt-pswp-item\" href=\"https:\/\/www.radiopiu.net\/wordpress\/wp-content\/uploads\/2024\/10\/Senza-nome-8.png\" data-dt-img-description=\"\" data-large_image_width=\"343\" data-large_image_height=\"303\"><img loading=\"lazy\" decoding=\"async\" class=\"wp-image-412130 alignleft\" src=\"https:\/\/www.radiopiu.net\/wordpress\/wp-content\/uploads\/2024\/10\/Senza-nome-8-300x265.png\" alt=\"\" width=\"105\" height=\"93\" srcset=\"https:\/\/www.radiopiu.net\/wordpress\/wp-content\/uploads\/2024\/10\/Senza-nome-8-300x265.png 300w, https:\/\/www.radiopiu.net\/wordpress\/wp-content\/uploads\/2024\/10\/Senza-nome-8.png 343w\" sizes=\"auto, (max-width: 105px) 100vw, 105px\" \/><\/a><\/span><\/em><strong><em><span style=\"color: #ff0000;\"> LA\u00a0 APP PER IOS-IPHONE di Nicola Vettorello<\/span><\/em><\/strong><\/p>\n<p><strong><span style=\"color: #0000ff;\"><a style=\"color: #0000ff;\" href=\"https:\/\/apps.apple.com\/it\/app\/radio-pi%C3%B9-emittente-agordina\/id1515939845\">https:\/\/apps.apple.com\/it\/app\/radio-pi%C3%B9-emittente-agordina\/id1515939845<\/a><\/span><\/strong><\/p>\n<p><strong><em style=\"color: #ff0000;\">LA\u00a0 APP RADIO\u00a0 PER ANDROID di Nicola Vettorello<\/em><\/strong><\/p>\n<p><strong><span style=\"color: #0000ff;\"><a style=\"color: #0000ff;\" href=\"https:\/\/play.google.com\/store\/apps\/details?id=net.radiopiu.iniko\" target=\"_blank\" rel=\"noopener noreferrer\">https:\/\/<\/a><a style=\"color: #0000ff;\" href=\"https:\/\/play.google.com\/store\/apps\/details?id=net.radiopiu.iniko\" target=\"_blank\" rel=\"noopener noreferrer\">play.google.com\/store\/apps\/details?id=net.radiopiu.iniko\u00a0\u00a0\u00a0\u00a0\u00a0<\/a><\/span><\/strong><\/p>\n<p>&nbsp;<\/p>\n<p>&nbsp;<\/p>\n<hr \/>\n<p>&nbsp;<\/p>\n<blockquote>\n<div class=\"mceTemp\">\n<h1 data-start=\"0\" data-end=\"60\"><strong data-start=\"0\" data-end=\"60\">OGGI SU RADIOPI\u00d9: <span style=\"color: #000000;\">MUSICA, informazione\u00a0<\/span> e dirette\u00a0\u00a0<\/strong><\/h1>\n<\/div>\n<\/blockquote>\n<p><strong class=\"photoswipe-wrapper\"><a class=\"dt-pswp-item\" href=\"https:\/\/www.radiopiu.net\/wordpress\/wp-content\/uploads\/2025\/10\/SCR-20251026-mbtc.jpeg\" data-dt-img-description=\"\" data-large_image_width=\"1408\" data-large_image_height=\"940\"><img loading=\"lazy\" decoding=\"async\" class=\"size-medium wp-image-477363 alignleft\" src=\"https:\/\/www.radiopiu.net\/wordpress\/wp-content\/uploads\/2025\/10\/SCR-20251026-mbtc-300x200.jpeg\" alt=\"\" width=\"300\" height=\"200\" srcset=\"https:\/\/www.radiopiu.net\/wordpress\/wp-content\/uploads\/2025\/10\/SCR-20251026-mbtc-300x200.jpeg 300w, https:\/\/www.radiopiu.net\/wordpress\/wp-content\/uploads\/2025\/10\/SCR-20251026-mbtc-1024x684.jpeg 1024w, https:\/\/www.radiopiu.net\/wordpress\/wp-content\/uploads\/2025\/10\/SCR-20251026-mbtc-768x513.jpeg 768w, https:\/\/www.radiopiu.net\/wordpress\/wp-content\/uploads\/2025\/10\/SCR-20251026-mbtc.jpeg 1408w\" sizes=\"auto, (max-width: 300px) 100vw, 300px\" \/><\/a>ALLE 8.05 LA RASSEGNA STAMPA LOCALE 8.25 PIU SIAMO, DI MARINA DONA&#8217; 900\u00a0 \u00a0LA MUSICA COUNTRY DI ALEX NASCINBEN 940 OGGI COME IERI DI E CON SILVIA BALDO <\/strong><strong>10.10\u00a0 \u00a0MUSLA LE NOVE IN LADIN CON DAVIDE CONEDERA 10.30 ATTIVAMENTE AGORDINO&#8230; IN PISCINA AD AGORDO CON MARINA DONA&#8217; 10.40\u00a0 \u00a0DALLO STAND DELL&#8217;APPIA AD ARREDAMONT, LONGARONE LE INTERVISE PER LE TRE RADIO\u00a0 \u00a011.00\u00a0 \u00a0 FOGLIE E CASTAGNE CON MARINA DONA&#8217;\u00a0 A SEGUIRE MARINA REMIX 12 LISCIO NON TI LASCIO DI MIRCO BENVICENNI\u00a0 13.10 TRE PER DUE PER TE&#8230; CON MARINA DONA&#8217;\u00a0 13.20\u00a0 collage operazione nostalgia, con loris scussel\u00a0 14.00 LA MUSICA DI MORENO TOCCHETTO 14.30 andrea FONTANA: CAMPIONE!!! L&#8217;INTERVISTA ALLA RADIO&#8230; DI MARCO GAZ (FOTO) 15.00\u00a0 \u00a0ELIA CASAGRANDE PRESENTA&#8230; ARCADE SHOW <\/strong><strong>16 45 LE HIT STORICHE DI MIRCO BENCIVENNI<\/strong> <strong>19.05 LE ANTICIPAZIONI DAL TG DI ANTENNA 3 DA UN\u2019IDEA DI TIZIANA BOLOGNANI\u00a0<\/strong><\/p>\n<p>&nbsp;<\/p>\n<p>&nbsp;<\/p>\n<hr \/>\n<p>&nbsp;<\/p>\n<div class=\"x11i5rnm xat24cr x1mh8g0r x1vvkbs xtlvy1s x126k92a\">\n<blockquote>\n<h1><strong><a class=\"dt-pswp-item\" href=\"https:\/\/www.radiopiu.net\/wordpress\/wp-content\/uploads\/2024\/10\/629301fd-708d-4f53-95c2-d28cbefd500f.jpg\" data-dt-img-description=\"\" data-large_image_width=\"1600\" data-large_image_height=\"1322\"><img loading=\"lazy\" decoding=\"async\" class=\"wp-image-413782 alignright\" src=\"https:\/\/www.radiopiu.net\/wordpress\/wp-content\/uploads\/2024\/10\/629301fd-708d-4f53-95c2-d28cbefd500f-300x248.jpg\" alt=\"\" width=\"106\" height=\"88\" srcset=\"https:\/\/www.radiopiu.net\/wordpress\/wp-content\/uploads\/2024\/10\/629301fd-708d-4f53-95c2-d28cbefd500f-300x248.jpg 300w, https:\/\/www.radiopiu.net\/wordpress\/wp-content\/uploads\/2024\/10\/629301fd-708d-4f53-95c2-d28cbefd500f-1024x846.jpg 1024w, https:\/\/www.radiopiu.net\/wordpress\/wp-content\/uploads\/2024\/10\/629301fd-708d-4f53-95c2-d28cbefd500f-768x635.jpg 768w, https:\/\/www.radiopiu.net\/wordpress\/wp-content\/uploads\/2024\/10\/629301fd-708d-4f53-95c2-d28cbefd500f-1536x1269.jpg 1536w, https:\/\/www.radiopiu.net\/wordpress\/wp-content\/uploads\/2024\/10\/629301fd-708d-4f53-95c2-d28cbefd500f.jpg 1600w\" sizes=\"auto, (max-width: 106px) 100vw, 106px\" \/><\/a><\/strong><\/h1>\n<h1><strong><a class=\"dt-pswp-item\" href=\"https:\/\/www.radiopiu.net\/wordpress\/wp-content\/uploads\/2024\/11\/th-18.jpg\" data-dt-img-description=\"\" data-large_image_width=\"156\" data-large_image_height=\"180\"><img loading=\"lazy\" decoding=\"async\" class=\"size-full wp-image-421611 alignleft\" src=\"https:\/\/www.radiopiu.net\/wordpress\/wp-content\/uploads\/2024\/11\/th-18.jpg\" alt=\"\" width=\"156\" height=\"180\" \/><\/a><\/strong><\/h1>\n<h1><strong>N di parom &#8211; L Almanach de la nosta jent<\/strong><\/h1>\n<\/blockquote>\n<p>&nbsp;<\/p>\n<p>Le voci: Davide Conedera, Agordo, Michela Dell&#8217;Osbel, La Valle Agordina Simone Ganz, Falcade Veronica Lezuo, Colle Santa Lucia. La voce nella sigla \u00e8 di Giorgia Taio<\/p>\n<p><strong>LA PUNTATA DI OGGI, 28 OTTOBRE 2025<\/strong><\/p>\n<p>&nbsp;<\/p>\n<audio class=\"wp-audio-shortcode\" id=\"audio-477406-1\" preload=\"none\" style=\"width: 100%;\" controls=\"controls\"><source type=\"audio\/mpeg\" src=\"https:\/\/www.radiopiu.net\/wordpress\/wp-content\/uploads\/2025\/10\/AL2-3.mp3?_=1\" \/><a href=\"https:\/\/www.radiopiu.net\/wordpress\/wp-content\/uploads\/2025\/10\/AL2-3.mp3\">https:\/\/www.radiopiu.net\/wordpress\/wp-content\/uploads\/2025\/10\/AL2-3.mp3<\/a><\/audio>\n<\/div>\n<hr \/>\n<p>&nbsp;<\/p>\n<p>&nbsp;<\/p>\n<div class=\"x11i5rnm xat24cr x1mh8g0r x1vvkbs xtlvy1s x126k92a\">\n<div dir=\"auto\">\n<div dir=\"auto\">\n<h1><strong><a class=\"dt-pswp-item\" href=\"https:\/\/www.radiopiu.net\/wordpress\/wp-content\/uploads\/2025\/09\/file-4.jpg\" data-dt-img-description=\"\" data-large_image_width=\"640\" data-large_image_height=\"641\"><img loading=\"lazy\" decoding=\"async\" class=\"wp-image-471370 alignleft\" src=\"https:\/\/www.radiopiu.net\/wordpress\/wp-content\/uploads\/2025\/09\/file-4-300x300.jpg\" alt=\"\" width=\"170\" height=\"170\" srcset=\"https:\/\/www.radiopiu.net\/wordpress\/wp-content\/uploads\/2025\/09\/file-4-300x300.jpg 300w, https:\/\/www.radiopiu.net\/wordpress\/wp-content\/uploads\/2025\/09\/file-4-150x150.jpg 150w, https:\/\/www.radiopiu.net\/wordpress\/wp-content\/uploads\/2025\/09\/file-4.jpg 640w\" sizes=\"auto, (max-width: 170px) 100vw, 170px\" \/><\/a>EL BAL DEL FIOR, DI GIULIANA DA RONCH, 28 OTTOBRE<\/strong><strong>\u00a02025<\/strong><\/h1>\n<\/div>\n<\/div>\n<div dir=\"auto\">\n<div dir=\"auto\">\n<p>&nbsp;<\/p>\n<\/div>\n<\/div>\n<\/div>\n<div class=\"x11i5rnm xat24cr x1mh8g0r x1vvkbs xtlvy1s x126k92a\">\n<div dir=\"auto\">\n<p>&nbsp;<\/p>\n<p>&nbsp;<\/p>\n<audio class=\"wp-audio-shortcode\" id=\"audio-477406-2\" preload=\"none\" style=\"width: 100%;\" controls=\"controls\"><source type=\"audio\/mpeg\" src=\"https:\/\/www.radiopiu.net\/wordpress\/wp-content\/uploads\/2025\/10\/GMA-3.mp3?_=2\" \/><a href=\"https:\/\/www.radiopiu.net\/wordpress\/wp-content\/uploads\/2025\/10\/GMA-3.mp3\">https:\/\/www.radiopiu.net\/wordpress\/wp-content\/uploads\/2025\/10\/GMA-3.mp3<\/a><\/audio>\n<p>&nbsp;<\/p>\n<hr \/>\n<\/div>\n<\/div>\n<blockquote>\n<blockquote>\n<h1><span style=\"color: #ff0000;\">\u00a0<\/span><\/h1>\n<h1><span style=\"color: #ff0000;\">I podcast informativi del mattino &#8211; audio &#8211;\u00a0\u00a0<\/span><\/h1>\n<\/blockquote>\n<p><strong><a class=\"dt-pswp-item\" href=\"https:\/\/www.radiopiu.net\/wordpress\/wp-content\/uploads\/2024\/11\/6.jpg\" data-dt-img-description=\"\" data-large_image_width=\"177\" data-large_image_height=\"180\"><img loading=\"lazy\" decoding=\"async\" class=\"size-full wp-image-417911 alignleft\" src=\"https:\/\/www.radiopiu.net\/wordpress\/wp-content\/uploads\/2024\/11\/6.jpg\" alt=\"\" width=\"177\" height=\"180\" \/><\/a>LA RASSEGNA STAMPA NAZIONALE ALLA RADIO, OGNI GIORNO ALLE 5 E ALLE 6 DEL MATTINO <span style=\"color: #0000ff;\">viene pubblicata alle 6.00 <span style=\"color: #ff0000;\">DIRETTA RADIO\u00a0 \u00a0\u00a0<\/span><\/span><\/strong><\/p><\/blockquote>\n<h1><strong>NOTIZIE DELLA NOTTE\u00a0 \u00a0<\/strong><\/h1>\n<article class=\"text-token-text-primary w-full focus:outline-none [--shadow-height:45px] has-data-writing-block:pointer-events-none has-data-writing-block:-mt-(--shadow-height) has-data-writing-block:pt-(--shadow-height) [&amp;:has([data-writing-block])&gt;*]:pointer-events-auto scroll-mt-[calc(var(--header-height)+min(200px,max(70px,20svh)))]\" dir=\"auto\" tabindex=\"-1\" data-turn-id=\"request-WEB:bb343f37-1c1a-4701-8e28-242278a2f38e-16\" data-testid=\"conversation-turn-34\" data-scroll-anchor=\"true\" data-turn=\"assistant\">\n<div class=\"text-base my-auto mx-auto pb-10 [--thread-content-margin:--spacing(4)] thread-sm:[--thread-content-margin:--spacing(6)] thread-lg:[--thread-content-margin:--spacing(16)] px-(--thread-content-margin)\">\n<div class=\"[--thread-content-max-width:40rem] thread-lg:[--thread-content-max-width:48rem] mx-auto max-w-(--thread-content-max-width) flex-1 group\/turn-messages focus-visible:outline-hidden relative flex w-full min-w-0 flex-col agent-turn\" tabindex=\"-1\">\n<div class=\"flex max-w-full flex-col grow\">\n<div class=\"min-h-8 text-message relative flex w-full flex-col items-end gap-2 text-start break-words whitespace-normal [.text-message+&amp;]:mt-1\" dir=\"auto\" data-message-author-role=\"assistant\" data-message-id=\"48e6e3b7-b41c-4b16-b2f0-6a5b0ce2d1ed\" data-message-model-slug=\"gpt-5\">\n<div class=\"flex w-full flex-col gap-1 empty:hidden first:pt-[1px]\">\n<div class=\"markdown prose dark:prose-invert w-full break-words dark markdown-new-styling\">\n<p data-start=\"0\" data-end=\"146\"><strong data-start=\"0\" data-end=\"14\">WASHINGTON <\/strong>La Casa Bianca conferma: la premier giapponese Takaichi sosterr\u00e0 Donald Trump per la candidatura al <em data-start=\"117\" data-end=\"143\">Premio Nobel per la Pace<\/em>.<\/p>\n<p data-start=\"148\" data-end=\"267\"><strong data-start=\"148\" data-end=\"157\">TOKYO <\/strong>La Borsa apre in ribasso (-0,37%). Intanto Trump invita Putin a \u201cpensare alla pace, non ai supermissili\u201d.<\/p>\n<p data-start=\"148\" data-end=\"267\"><strong>AMAZON <\/strong>Amazon pronta a cacciare 30.000 dipendenti a partire da oggi<\/p>\n<p data-start=\"148\" data-end=\"267\"><strong>L&#8217;ALLARME <\/strong>&#8216;Oltre 1 milione di utenti di ChatGpt esprime tendenze suicide&#8217;. Da Francesca Barra a Chiara Ferragni, spogliate con l&#8217;IA.<br \/>\nSpunta un altro sito sessista<\/p>\n<p data-start=\"269\" data-end=\"398\"><strong data-start=\"269\" data-end=\"279\">ANKARA <\/strong>Forte terremoto di magnitudo 6.1 nella Turchia occidentale, avvertito anche a Istanbul. Nessuna vittima segnalata.<br \/>\n<strong>UCRAINA <\/strong>Trump attacca Putin: &#8216;Pensi alla pace, non ai supermissili&#8217;<\/p>\n<p data-start=\"400\" data-end=\"620\"><strong data-start=\"400\" data-end=\"408\">ROMA <\/strong>La premier Meloni difende la manovra: \u201cGiusto chiedere un aiuto alle banche\u201d. Intanto Francesca Barra denuncia la diffusione online di foto false create con l\u2019IA, un caso che coinvolge anche Chiara Ferragni.<\/p>\n<p data-start=\"622\" data-end=\"721\" data-is-last-node=\"\" data-is-only-node=\"\"><strong data-start=\"622\" data-end=\"633\">BOLZANO <\/strong>Il presidente dell\u2019aula comunale finisce ai domiciliari con braccialetto elettronico.<br \/>\n<strong>CALCIO <\/strong>Rodgers lascia la panchina del Celtic, &#8216;divisivo&#8217;<\/p>\n<\/div>\n<\/div>\n<\/div>\n<\/div>\n<\/div>\n<\/div>\n<\/article>\n<h1>IL GIORNALE DELLE SEI DEL MATTINO<\/h1>\n<audio class=\"wp-audio-shortcode\" id=\"audio-477406-3\" preload=\"none\" style=\"width: 100%;\" controls=\"controls\"><source type=\"audio\/mpeg\" src=\"https:\/\/www.radiopiu.net\/wordpress\/wp-content\/uploads\/2025\/10\/GIORNALEDELLESEI-23.mp3?_=3\" \/><a href=\"https:\/\/www.radiopiu.net\/wordpress\/wp-content\/uploads\/2025\/10\/GIORNALEDELLESEI-23.mp3\">https:\/\/www.radiopiu.net\/wordpress\/wp-content\/uploads\/2025\/10\/GIORNALEDELLESEI-23.mp3<\/a><\/audio>\n<p>&nbsp;<\/p>\n<p>&nbsp;<\/p>\n<hr \/>\n<p>&nbsp;<\/p>\n<h1 style=\"text-align: center;\"><span style=\"color: #ff0000;\"><a class=\"dt-pswp-item\" href=\"https:\/\/www.radiopiu.net\/wordpress\/wp-content\/uploads\/2024\/11\/7.jpg\" data-dt-img-description=\"\" data-large_image_width=\"180\" data-large_image_height=\"180\"><img loading=\"lazy\" decoding=\"async\" class=\"size-full wp-image-417912 alignleft\" src=\"https:\/\/www.radiopiu.net\/wordpress\/wp-content\/uploads\/2024\/11\/7.jpg\" alt=\"\" width=\"180\" height=\"180\" srcset=\"https:\/\/www.radiopiu.net\/wordpress\/wp-content\/uploads\/2024\/11\/7.jpg 180w, https:\/\/www.radiopiu.net\/wordpress\/wp-content\/uploads\/2024\/11\/7-150x150.jpg 150w\" sizes=\"auto, (max-width: 180px) 100vw, 180px\" \/><\/a>I podcast informativi del mattino &#8211; audio &#8211;\u00a0<\/span><\/h1>\n<p><strong>OGNI GIORNO ALLE SETTE DEL MATTINO, LA RASSEGNA STAMPA LOCALE FLASH&#8230; PER CHI VA IN FRETTA. I TITOLI DAI GIORNALI E DAL SITO WWW.RADIOPIU.NET <span style=\"color: #0000ff;\">viene pubblicato alle 7.00<\/span> <span style=\"color: #ff0000;\">DIRETTA RADIO\u00a0<\/span><\/strong><\/p>\n<p><em><span style=\"color: #ff0000;\">per chi va in fretta&#8230; tante notizie in pochi minuti. L&#8217;informazione locale alla radio, ogni ora dalle 7 del mattino alle 19 della sera.\u00a0\u00a0<\/span><\/em><\/p>\n<p><strong data-start=\"0\" data-end=\"62\">Notizie locali dal Bellunese: tra cronaca, eventi e novit\u00e0<\/strong><\/p>\n<div class=\"flex flex-1 grow basis-auto flex-col overflow-hidden\">\n<div class=\"relative h-full\">\n<div class=\"flex h-full flex-col overflow-y-auto [scrollbar-gutter:stable]\">\n<div class=\"mt-1.5 flex flex-col text-sm @thread-xl\/thread:pt-header-height md:pb-9\">\n<article class=\"group\/turn w-full text-token-text-primary focus-visible:outline-none\" dir=\"auto\" tabindex=\"-1\" data-testid=\"conversation-turn-2\" data-scroll-anchor=\"true\">\n<div class=\"text-base my-auto mx-auto py-5 px-6\">\n<div class=\"mx-auto flex flex-1 text-base gap-4 md:gap-5 lg:gap-6 md:max-w-3xl\">\n<div class=\"group\/conversation-turn relative flex w-full min-w-0 flex-col agent-turn @xs\/thread:px-0 @sm\/thread:px-1.5 @md\/thread:px-4\">\n<div class=\"relative flex-col gap-1 md:gap-3\">\n<div class=\"flex max-w-full flex-col flex-grow\">\n<div class=\"min-h-8 text-message relative flex w-full flex-col items-end gap-2 whitespace-normal break-words text-start [.text-message+&amp;]:mt-5\" dir=\"auto\" data-message-author-role=\"assistant\" data-message-id=\"bff05fc0-dc7c-4ab7-9b20-d3eec753127b\" data-message-model-slug=\"gpt-4o-mini\">\n<div class=\"flex w-full flex-col gap-1 empty:hidden first:pt-[3px]\">\n<div class=\"markdown prose w-full break-words dark:prose-invert dark\">\n<p class=\"\" data-start=\"64\" data-end=\"329\"><em><strong>Radio Pi\u00f9 offre una panoramica sui principali eventi e notizie in provincia di Belluno, accompagnata dalla programmazione radiofonica. Tra le principali notizie<\/strong><\/em><\/p>\n<\/div>\n<\/div>\n<\/div>\n<\/div>\n<\/div>\n<\/div>\n<\/div>\n<\/div>\n<\/article>\n<\/div>\n<\/div>\n<\/div>\n<\/div>\n<h1>AUDIO dalle 7 del mattino<\/h1>\n<audio class=\"wp-audio-shortcode\" id=\"audio-477406-4\" preload=\"none\" style=\"width: 100%;\" controls=\"controls\"><source type=\"audio\/mpeg\" src=\"https:\/\/www.radiopiu.net\/wordpress\/wp-content\/uploads\/2025\/10\/GF07-23.mp3?_=4\" \/><a href=\"https:\/\/www.radiopiu.net\/wordpress\/wp-content\/uploads\/2025\/10\/GF07-23.mp3\">https:\/\/www.radiopiu.net\/wordpress\/wp-content\/uploads\/2025\/10\/GF07-23.mp3<\/a><\/audio>\n<p>&nbsp;<\/p>\n<p>&nbsp;<\/p>\n<hr \/>\n<p>&nbsp;<\/p>\n<h1><\/h1>\n<h1 style=\"text-align: center;\"><span style=\"color: #ff0000;\"><a class=\"dt-pswp-item\" href=\"https:\/\/www.radiopiu.net\/wordpress\/wp-content\/uploads\/2024\/11\/th.jpg\" data-dt-img-description=\"\" data-large_image_width=\"148\" data-large_image_height=\"179\"><img loading=\"lazy\" decoding=\"async\" class=\" wp-image-417913 alignleft\" src=\"https:\/\/www.radiopiu.net\/wordpress\/wp-content\/uploads\/2024\/11\/th.jpg\" alt=\"\" width=\"66\" height=\"80\" \/><\/a>I podcast informativi del mattino &#8211; audio &#8211;\u00a0<\/span><\/h1>\n<blockquote><p><strong>GIORNALE RADIO NAZIONALE, EDIZIONE DELLE SETTE <span style=\"color: #0000ff;\">viene pubblicato alle 7.05 <span style=\"color: #ff0000;\">DIRETTA RADIO\u00a0<\/span><\/span><\/strong><\/p><\/blockquote>\n<p><strong>il giornale radionazionale e&#8217; in onda ogni ora, dalle sette del mattino alle venti della sera\u00a0 \u00a0\u00a0<\/strong><\/p>\n<blockquote>\n<h2><em><a class=\"dt-pswp-item\" href=\"https:\/\/www.radiopiu.net\/wordpress\/wp-content\/uploads\/2025\/02\/download-7.jpg\" data-dt-img-description=\"\" data-large_image_width=\"211\" data-large_image_height=\"239\"><img loading=\"lazy\" decoding=\"async\" class=\" wp-image-435553 alignleft\" src=\"https:\/\/www.radiopiu.net\/wordpress\/wp-content\/uploads\/2025\/02\/download-7.jpg\" alt=\"\" width=\"186\" height=\"211\" \/><\/a><span style=\"color: #ff0000;\">RADIOPI\u00d9<\/span> \u2013 La voce del territorio, lo sguardo sul Paese.\u00a0<\/em><\/h2>\n<\/blockquote>\n<div class=\"flex basis-auto flex-col -mb-(--composer-overlap-px) [--composer-overlap-px:55px] grow overflow-hidden\">\n<div class=\"relative h-full\">\n<div class=\"flex h-full flex-col overflow-y-auto [scrollbar-gutter:stable_both-edges] @[84rem]\/thread:pt-(--header-height)\">\n<div class=\"@thread-xl\/thread:pt-header-height flex flex-col text-sm pb-25\">\n<article class=\"text-token-text-primary w-full focus:outline-none scroll-mt-[calc(var(--header-height)+min(200px,max(70px,20svh)))]\" dir=\"auto\" tabindex=\"-1\" data-testid=\"conversation-turn-68\" data-scroll-anchor=\"true\" data-turn=\"assistant\">\n<div class=\"text-base my-auto mx-auto pb-10 [--thread-content-margin:--spacing(4)] @[37rem]:[--thread-content-margin:--spacing(6)] @[72rem]:[--thread-content-margin:--spacing(16)] px-(--thread-content-margin)\">\n<div class=\"[--thread-content-max-width:32rem] @[34rem]:[--thread-content-max-width:40rem] @[64rem]:[--thread-content-max-width:48rem] mx-auto max-w-(--thread-content-max-width) flex-1 group\/turn-messages focus-visible:outline-hidden relative flex w-full min-w-0 flex-col agent-turn\" tabindex=\"-1\">\n<div class=\"flex max-w-full flex-col grow\">\n<div class=\"min-h-8 text-message relative flex w-full flex-col items-end gap-2 text-start break-words whitespace-normal [.text-message+&amp;]:mt-5\" dir=\"auto\" data-message-author-role=\"assistant\" data-message-id=\"44b2bab2-310d-4a9e-8ff2-f21a32a7d5b3\" data-message-model-slug=\"gpt-4-1-mini\">\n<div class=\"flex w-full flex-col gap-1 empty:hidden first:pt-[3px]\">\n<div class=\"markdown prose dark:prose-invert w-full break-words dark\">\n<div class=\"pointer-events-none h-px w-px\" aria-hidden=\"true\" data-edge=\"true\">\n<p><strong>BOLZANO <\/strong>Il presidente del consiglio comunale Vettori (FdI) in libert\u00e0 vigilata, accusato di maltrattamenti e lesioni alla compagna.<\/p>\n<p><strong>ROMA <\/strong>Tragedia nella capitale: Batrice Bellucci \u00e8 stata travolta e uccisa da un\u2019auto lanciata a folle velocit\u00e0. Le indagini puntano a individuare altri veicoli coinvolti nella corsa mortale.<\/p>\n<p><strong>GENOVA <\/strong>Una ragazza di 22 anni incinta \u00e8 stata ferita a coltellate. Identificata la coetanea responsabile dell\u2019aggressione.<\/p>\n<p><strong>PREDAPPIO <\/strong>Il procuratore generale definisce i saluti romani paramilitari \u201cun pericolo per la democrazia\u201d.<\/p>\n<p><strong>SICILIA <\/strong>Una bimba chiama Telefono Azzurro per denunciare gli abusi subiti dai genitori. Aperta un\u2019inchiesta.<\/p>\n<p><strong>NAPOLI <\/strong>I carabinieri sequestrano oltre una tonnellata di cannabis in una \u201cfabbrica della droga\u201d a Lettere. Denunciato un uomo.<\/p>\n<p><strong>VITERBO <\/strong>Tre giovani feriti in un incidente, si indaga su una possibile gara di velocit\u00e0 tra auto.<\/p>\n<p><strong>TORINO <\/strong>Nel caso sull\u2019eredit\u00e0 Agnelli, il commercialista Ferrero propone un patteggiamento da 73 mila euro.<\/p>\n<p><strong>MILANO <\/strong>Sequestrata una supercar Pagani da 12 milioni di euro: solo tre esemplari al mondo, sospetti illeciti nel noleggio.<\/p>\n<p><strong>RIETI <\/strong>Il Viminale vieta le trasferte ai tifosi di Rieti e Pistoia: partite a porte chiuse per motivi di sicurezza.<\/p>\n<p><strong>MACERATA <\/strong>La madre di Pamela Genini querela l\u2019ex fidanzato per il furto della cagnolina. L\u2019uomo l\u2019ha poi riconsegnata.<\/p>\n<\/div>\n<div aria-hidden=\"true\" data-edge=\"true\">\n<article class=\"text-token-text-primary w-full focus:outline-none scroll-mt-[calc(var(--header-height)+min(200px,max(70px,20svh)))]\" dir=\"auto\" tabindex=\"-1\" data-turn-id=\"request-WEB:f41a0c73-8d43-4ed6-8953-1fa5b0f7900f-45\" data-testid=\"conversation-turn-24\" data-scroll-anchor=\"true\" data-turn=\"assistant\">\n<p data-start=\"874\" data-end=\"1212\" data-is-last-node=\"\" data-is-only-node=\"\">\n<\/article>\n<\/div>\n<\/div>\n<\/div>\n<\/div>\n<\/div>\n<\/div>\n<\/div>\n<\/article>\n<\/div>\n<\/div>\n<\/div>\n<\/div>\n<article class=\"text-token-text-primary w-full focus:outline-none scroll-mt-[calc(var(--header-height)+min(200px,max(70px,20svh)))]\" dir=\"auto\" tabindex=\"-1\" data-testid=\"conversation-turn-72\" data-scroll-anchor=\"true\" data-turn=\"assistant\">\n<div class=\"text-base my-auto mx-auto pb-10 [--thread-content-margin:--spacing(4)] @[37rem]:[--thread-content-margin:--spacing(6)] @[72rem]:[--thread-content-margin:--spacing(16)] px-(--thread-content-margin)\">\n<div class=\"[--thread-content-max-width:32rem] @[34rem]:[--thread-content-max-width:40rem] @[64rem]:[--thread-content-max-width:48rem] mx-auto max-w-(--thread-content-max-width) flex-1 group\/turn-messages focus-visible:outline-hidden relative flex w-full min-w-0 flex-col agent-turn\" tabindex=\"-1\">\n<div class=\"flex max-w-full flex-col grow\">\n<div class=\"min-h-8 text-message relative flex w-full flex-col items-end gap-2 text-start break-words whitespace-normal [.text-message+&amp;]:mt-5\" dir=\"auto\" data-message-author-role=\"assistant\" data-message-id=\"6ad35c52-e3d0-4186-88d9-35bb4972681f\" data-message-model-slug=\"gpt-4o\">\n<div class=\"flex w-full flex-col gap-1 empty:hidden first:pt-[3px]\">\n<div class=\"markdown prose dark:prose-invert w-full break-words dark\">\n<article class=\"text-token-text-primary w-full\" dir=\"auto\" data-testid=\"conversation-turn-163\" data-scroll-anchor=\"true\">\n<div class=\"text-base my-auto mx-auto pb-10 [--thread-content-margin:--spacing(4)] @[37rem]:[--thread-content-margin:--spacing(6)] @[72rem]:[--thread-content-margin:--spacing(16)] px-(--thread-content-margin)\">\n<div class=\"[--thread-content-max-width:32rem] @[34rem]:[--thread-content-max-width:40rem] @[64rem]:[--thread-content-max-width:48rem] mx-auto flex max-w-(--thread-content-max-width) flex-1 text-base gap-4 md:gap-5 lg:gap-6 group\/turn-messages focus-visible:outline-hidden\" tabindex=\"-1\">\n<div class=\"group\/conversation-turn relative flex w-full min-w-0 flex-col agent-turn\">\n<div class=\"relative flex-col gap-1 md:gap-3\">\n<div class=\"flex max-w-full flex-col grow\">\n<div class=\"min-h-8 text-message relative flex w-full flex-col items-end gap-2 text-start break-words whitespace-normal [.text-message+&amp;]:mt-5\" dir=\"auto\" data-message-author-role=\"assistant\" data-message-id=\"efdea043-c36a-42e6-8e01-aec593793ec1\" data-message-model-slug=\"gpt-4o\">\n<div class=\"flex w-full flex-col gap-1 empty:hidden first:pt-[3px]\">\n<div class=\"markdown prose dark:prose-invert w-full break-words dark\">\n<article class=\"text-token-text-primary w-full focus:outline-none scroll-mt-[calc(var(--header-height)+min(200px,max(70px,20svh)))]\" dir=\"auto\" tabindex=\"-1\" data-testid=\"conversation-turn-162\" data-scroll-anchor=\"true\" data-turn=\"assistant\">\n<div class=\"text-base my-auto mx-auto pb-10 [--thread-content-margin:--spacing(4)] @[37rem]:[--thread-content-margin:--spacing(6)] @[72rem]:[--thread-content-margin:--spacing(16)] px-(--thread-content-margin)\">\n<div class=\"[--thread-content-max-width:32rem] @[34rem]:[--thread-content-max-width:40rem] @[64rem]:[--thread-content-max-width:48rem] mx-auto max-w-(--thread-content-max-width) flex-1 group\/turn-messages focus-visible:outline-hidden relative flex w-full min-w-0 flex-col agent-turn\" tabindex=\"-1\">\n<div class=\"flex max-w-full flex-col grow\">\n<div class=\"min-h-8 text-message relative flex w-full flex-col items-end gap-2 text-start break-words whitespace-normal [.text-message+&amp;]:mt-5\" dir=\"auto\" data-message-author-role=\"assistant\" data-message-id=\"842efa5e-0b6b-4c68-b1eb-9dd894bae6c3\" data-message-model-slug=\"gpt-4o\">\n<div class=\"flex w-full flex-col gap-1 empty:hidden first:pt-[3px]\">\n<div class=\"markdown prose dark:prose-invert w-full break-words dark\">\n<div class=\"flex basis-auto flex-col -mb-(--composer-overlap-px) [--composer-overlap-px:55px] grow overflow-hidden\">\n<div class=\"relative h-full\">\n<div class=\"flex h-full flex-col overflow-y-auto [scrollbar-gutter:stable_both-edges] @[84rem]\/thread:pt-(--header-height)\">\n<div class=\"@thread-xl\/thread:pt-header-height flex flex-col text-sm pb-25\">\n<article class=\"text-token-text-primary w-full focus:outline-none scroll-mt-[calc(var(--header-height)+min(200px,max(70px,20svh)))]\" dir=\"auto\" tabindex=\"-1\" data-testid=\"conversation-turn-18\" data-scroll-anchor=\"true\" data-turn=\"assistant\">\n<div class=\"text-base my-auto mx-auto pb-10 [--thread-content-margin:--spacing(4)] @[37rem]:[--thread-content-margin:--spacing(6)] @[72rem]:[--thread-content-margin:--spacing(16)] px-(--thread-content-margin)\">\n<div class=\"[--thread-content-max-width:32rem] @[34rem]:[--thread-content-max-width:40rem] @[64rem]:[--thread-content-max-width:48rem] mx-auto max-w-(--thread-content-max-width) flex-1 group\/turn-messages focus-visible:outline-hidden relative flex w-full min-w-0 flex-col agent-turn\" tabindex=\"-1\">\n<div class=\"flex max-w-full flex-col grow\">\n<div class=\"min-h-8 text-message relative flex w-full flex-col items-end gap-2 text-start break-words whitespace-normal [.text-message+&amp;]:mt-5\" dir=\"auto\" data-message-author-role=\"assistant\" data-message-id=\"10a6d749-a0ed-478c-a66e-5f27b47e163c\" data-message-model-slug=\"gpt-5\">\n<div class=\"flex w-full flex-col gap-1 empty:hidden first:pt-[3px]\">\n<div class=\"markdown prose dark:prose-invert w-full break-words dark\">\n<hr data-start=\"1055\" data-end=\"1058\" \/>\n<\/div>\n<\/div>\n<\/div>\n<\/div>\n<\/div>\n<\/div>\n<\/article>\n<\/div>\n<\/div>\n<\/div>\n<\/div>\n<div id=\"thread-bottom-container\" class=\"content-fade relative isolate z-10 w-full basis-auto has-data-has-thread-error:pt-2 has-data-has-thread-error:[box-shadow:var(--sharp-edge-bottom-shadow)] md:border-transparent md:pt-0 dark:border-white\/20 md:dark:border-transparent flex flex-col\">\n<div id=\"thread-bottom\">\n<div class=\"text-base mx-auto [--thread-content-margin:--spacing(4)] @[37rem]:[--thread-content-margin:--spacing(6)] @[72rem]:[--thread-content-margin:--spacing(16)] px-(--thread-content-margin)\">\n<div class=\"[--thread-content-max-width:32rem] @[34rem]:[--thread-content-max-width:40rem] @[64rem]:[--thread-content-max-width:48rem] mx-auto max-w-(--thread-content-max-width) flex-1\">\n<div class=\"max-xs:[--force-hide-label:none] relative z-1 flex h-full max-w-full flex-1 flex-col\">\n<form class=\"w-full [view-transition-name:var(--vt-composer)]\" data-type=\"unified-composer\">\n<div class=\"bg-token-bg-primary shadow-short flex w-full cursor-text flex-col items-center justify-center overflow-clip bg-clip-padding contain-inline-size dark:bg-[#303030] rounded-[28px]\">\n<div class=\"relative flex min-h-14 w-full items-end\">\n<div class=\"relative flex w-full flex-auto flex-col\">\n<div class=\"relative mx-5 flex min-h-14 flex-auto bg-transparent items-start\">\n<div class=\"_prosemirror-parent_276o5_2 text-token-text-primary max-h-[25dvh] max-h-52 flex-1 overflow-auto [scrollbar-width:thin] default-browser vertical-scroll-fade-mask\">\n<div id=\"prompt-textarea\" class=\"ProseMirror\" contenteditable=\"true\" translate=\"no\" data-virtualkeyboard=\"true\"><\/div>\n<\/div>\n<\/div>\n<\/div>\n<\/div>\n<\/div>\n<\/form>\n<\/div>\n<\/div>\n<\/div>\n<\/div>\n<\/div>\n<\/div>\n<\/div>\n<\/div>\n<\/div>\n<\/div>\n<\/div>\n<\/article>\n<\/div>\n<\/div>\n<\/div>\n<\/div>\n<\/div>\n<\/div>\n<\/div>\n<\/div>\n<\/article>\n<\/div>\n<\/div>\n<\/div>\n<\/div>\n<\/div>\n<\/div>\n<\/article>\n<article class=\"text-token-text-primary w-full focus:outline-none scroll-mt-[calc(var(--header-height)+min(200px,max(70px,20svh)))]\" dir=\"auto\" tabindex=\"-1\" data-testid=\"conversation-turn-72\" data-scroll-anchor=\"true\" data-turn=\"assistant\">\n<div class=\"text-base my-auto mx-auto pb-10 [--thread-content-margin:--spacing(4)] @[37rem]:[--thread-content-margin:--spacing(6)] @[72rem]:[--thread-content-margin:--spacing(16)] px-(--thread-content-margin)\">\n<div class=\"[--thread-content-max-width:32rem] @[34rem]:[--thread-content-max-width:40rem] @[64rem]:[--thread-content-max-width:48rem] mx-auto max-w-(--thread-content-max-width) flex-1 group\/turn-messages focus-visible:outline-hidden relative flex w-full min-w-0 flex-col agent-turn\" tabindex=\"-1\">\n<div class=\"flex max-w-full flex-col grow\">\n<div class=\"min-h-8 text-message relative flex w-full flex-col items-end gap-2 text-start break-words whitespace-normal [.text-message+&amp;]:mt-5\" dir=\"auto\" data-message-author-role=\"assistant\" data-message-id=\"6ad35c52-e3d0-4186-88d9-35bb4972681f\" data-message-model-slug=\"gpt-4o\">\n<div class=\"flex w-full flex-col gap-1 empty:hidden first:pt-[3px]\">\n<div class=\"markdown prose dark:prose-invert w-full break-words dark\">\n<article class=\"text-token-text-primary w-full\" dir=\"auto\" data-testid=\"conversation-turn-163\" data-scroll-anchor=\"true\">\n<div class=\"text-base my-auto mx-auto pb-10 [--thread-content-margin:--spacing(4)] @[37rem]:[--thread-content-margin:--spacing(6)] @[72rem]:[--thread-content-margin:--spacing(16)] px-(--thread-content-margin)\">\n<div class=\"[--thread-content-max-width:32rem] @[34rem]:[--thread-content-max-width:40rem] @[64rem]:[--thread-content-max-width:48rem] mx-auto flex max-w-(--thread-content-max-width) flex-1 text-base gap-4 md:gap-5 lg:gap-6 group\/turn-messages focus-visible:outline-hidden\" tabindex=\"-1\">\n<div class=\"group\/conversation-turn relative flex w-full min-w-0 flex-col agent-turn\">\n<div class=\"flex items-center justify-center\"><\/div>\n<\/div>\n<\/div>\n<\/div>\n<\/article>\n<\/div>\n<\/div>\n<\/div>\n<\/div>\n<\/div>\n<\/div>\n<\/article>\n<blockquote>\n<h2><span style=\"color: #ff0000;\"><strong><a class=\"dt-pswp-item\" href=\"https:\/\/www.radiopiu.net\/wordpress\/wp-content\/uploads\/2025\/02\/download-3.jpg\" data-dt-img-description=\"\" data-large_image_width=\"223\" data-large_image_height=\"226\"><img loading=\"lazy\" decoding=\"async\" class=\"size-full wp-image-434732 alignleft\" src=\"https:\/\/www.radiopiu.net\/wordpress\/wp-content\/uploads\/2025\/02\/download-3.jpg\" alt=\"\" width=\"223\" height=\"226\" \/><\/a><\/strong>RADIOPI\u00d9<\/span> \u2013 Dalle Dolomiti alla pianura, i fatti che segnano la Regione.<\/h2>\n<\/blockquote>\n<article class=\"text-token-text-primary w-full focus:outline-none scroll-mt-[calc(var(--header-height)+min(200px,max(70px,20svh)))]\" dir=\"auto\" tabindex=\"-1\" data-testid=\"conversation-turn-112\" data-scroll-anchor=\"true\" data-turn=\"assistant\">\n<div class=\"text-base my-auto mx-auto pb-10 [--thread-content-margin:--spacing(4)] @[37rem]:[--thread-content-margin:--spacing(6)] @[72rem]:[--thread-content-margin:--spacing(16)] px-(--thread-content-margin)\">\n<div class=\"[--thread-content-max-width:32rem] @[34rem]:[--thread-content-max-width:40rem] @[64rem]:[--thread-content-max-width:48rem] mx-auto max-w-(--thread-content-max-width) flex-1 group\/turn-messages focus-visible:outline-hidden relative flex w-full min-w-0 flex-col agent-turn\" tabindex=\"-1\">\n<div class=\"flex max-w-full flex-col grow\">\n<div class=\"min-h-8 text-message relative flex w-full flex-col items-end gap-2 text-start break-words whitespace-normal [.text-message+&amp;]:mt-5\" dir=\"auto\" data-message-author-role=\"assistant\" data-message-id=\"74820017-8765-4ccc-b0c7-da916c45f87f\" data-message-model-slug=\"gpt-5\">\n<div class=\"flex w-full flex-col gap-1 empty:hidden first:pt-[3px]\">\n<div class=\"markdown prose dark:prose-invert w-full break-words dark\">\n<p><strong>VENEZIA <\/strong>Attivisti pro Palestina interrompono un incontro all\u2019Universit\u00e0 Ca\u2019 Foscari impedendo l\u2019intervento del parlamentare Pd Emanuele Fiano, invitato per un dibattito sul Medio Oriente.<\/p>\n<p><strong>MESTRE <\/strong>Tragedia all\u2019alba: un\u2019auto si schianta contro il casello autostradale, muore una donna. Inutili i soccorsi.<\/p>\n<p><strong>VICENZA <\/strong>Un operaio perde la vita dopo un malore in cantiere. I colleghi hanno dato l\u2019allarme, ma ogni tentativo di rianimazione \u00e8 stato vano.<\/p>\n<p><strong>PADOVA <\/strong>Maxi rissa in una discoteca: 15 misure di prevenzione e una 21enne denunciata anche per un furto in centro commerciale.<\/p>\n<p><strong>ROVIGO <\/strong>Tre napoletani inseguiti in auto con targa clonata: arresto convalidato, scatta l\u2019obbligo di residenza.<\/p>\n<p><strong>FRIULI <\/strong>Individuato il furgone pirata che ha travolto e ucciso un 46enne di origine indiana lungo la strada regionale in Veneto.<\/p>\n<p><strong>CASTEL D\u2019AZZANO <\/strong>Tre vie del paese saranno intitolate ai carabinieri caduti in servizio, proposta in arrivo alla Prefettura.<\/p>\n<p><strong>MILANO <\/strong>Massimo Cacciari, 81 anni, sposa Chiara Patriarca, 52. Cerimonia riservata nel capoluogo lombardo.<\/p>\n<p><strong>VERONA <\/strong>Premio Masi 2025: cinque vincitori firmano la storica botte di Amarone dedicata al tema \u201cProgresso e conflitti\u201d.<\/p>\n<p><strong>VENETO <\/strong>Campeggi e villaggi turistici della regione premiati come i pi\u00f9 sostenibili d\u2019Italia al Forum Open Air di Faita Federcamping.<\/p>\n<\/div>\n<\/div>\n<\/div>\n<\/div>\n<\/div>\n<\/div>\n<\/article>\n<h1><span style=\"color: #ff0000;\"><span style=\"color: #0000ff;\">ULTIM&#8217;ORA<\/span> <span style=\"color: #000000;\">AUDIO dalle sette del mattino, ogni ora alla radio EDIZIONE DELLE SETTE<\/span><\/span><\/h1>\n<audio class=\"wp-audio-shortcode\" id=\"audio-477406-5\" preload=\"none\" style=\"width: 100%;\" controls=\"controls\"><source type=\"audio\/mpeg\" src=\"https:\/\/www.radiopiu.net\/wordpress\/wp-content\/uploads\/2025\/10\/giornale07-26.mp3?_=5\" \/><a href=\"https:\/\/www.radiopiu.net\/wordpress\/wp-content\/uploads\/2025\/10\/giornale07-26.mp3\">https:\/\/www.radiopiu.net\/wordpress\/wp-content\/uploads\/2025\/10\/giornale07-26.mp3<\/a><\/audio>\n<p>&nbsp;<\/p>\n<p>&nbsp;<\/p>\n<hr \/>\n<p>&nbsp;<\/p>\n<h1><span style=\"color: #ff0000;\"><a class=\"dt-pswp-item\" href=\"https:\/\/www.radiopiu.net\/wordpress\/wp-content\/uploads\/2024\/11\/8.jpg\" data-dt-img-description=\"\" data-large_image_width=\"180\" data-large_image_height=\"180\"><img loading=\"lazy\" decoding=\"async\" class=\"size-full wp-image-417910 alignleft\" src=\"https:\/\/www.radiopiu.net\/wordpress\/wp-content\/uploads\/2024\/11\/8.jpg\" alt=\"\" width=\"180\" height=\"180\" srcset=\"https:\/\/www.radiopiu.net\/wordpress\/wp-content\/uploads\/2024\/11\/8.jpg 180w, https:\/\/www.radiopiu.net\/wordpress\/wp-content\/uploads\/2024\/11\/8-150x150.jpg 150w\" sizes=\"auto, (max-width: 180px) 100vw, 180px\" \/><\/a>I podcast informativi del mattino &#8211; video &#8211;\u00a0<\/span><\/h1>\n<h2 style=\"text-align: left;\"><strong>RASSEGNA STAMPA LOCALE, ORE OTTO<\/strong><\/h2>\n<h2><strong> <span style=\"color: #0000ff;\">viene\u00a0 <\/span><\/strong><strong><span style=\"color: #0000ff;\">pubblicata alle 8.05 <span style=\"color: #ff0000;\">DIRETTA RADIO\u00a0 \u00a0<\/span><\/span><\/strong><strong>DI MIRKO MEZZACASA<\/strong><\/h2>\n<h1><span style=\"color: #ff0000;\"><strong>VIDEO\u00a0 \u00a0in diretta AGGIORNAMENTO\u00a0 dalle 8 del mattino\u00a0 \u00a0<\/strong><\/span><\/h1>\n<div class=\"page-title-head hgroup\"><\/div>\n<div>\n\n\t\t\t<style type='text\/css'>\n\t\t\t\t#gallery-2 {\n\t\t\t\t\tmargin: auto;\n\t\t\t\t}\n\t\t\t\t#gallery-2 .gallery-item {\n\t\t\t\t\tfloat: left;\n\t\t\t\t\tmargin-top: 10px;\n\t\t\t\t\ttext-align: center;\n\t\t\t\t\twidth: 33%;\n\t\t\t\t}\n\t\t\t\t#gallery-2 img {\n\t\t\t\t\tborder: 2px solid #cfcfcf;\n\t\t\t\t}\n\t\t\t\t#gallery-2 .gallery-caption {\n\t\t\t\t\tmargin-left: 0;\n\t\t\t\t}\n\t\t\t\t\/* see gallery_shortcode() in wp-includes\/media.php *\/\n\t\t\t<\/style>\n\t\t<div id='gallery-2' class='dt-gallery-container gallery galleryid-477406 gallery-columns-3 gallery-size-thumbnail'><dl class='gallery-item'>\n\t\t\t\t<dt class='gallery-icon landscape'>\n\t\t\t\t\t<a class=\"rollover rollover-zoom dt-pswp-item\" title=\"Screenshot 2025-10-28 051442\" data-dt-img-description=\"\" data-large_image_width=\"545\" data-large_image_height=\"267\"href='https:\/\/www.radiopiu.net\/wordpress\/wp-content\/uploads\/2025\/10\/Screenshot-2025-10-28-051442.png'><img loading=\"lazy\" decoding=\"async\" width=\"150\" height=\"150\" src=\"https:\/\/www.radiopiu.net\/wordpress\/wp-content\/uploads\/2025\/10\/Screenshot-2025-10-28-051442-150x150.png\" class=\"attachment-thumbnail size-thumbnail\" alt=\"\" \/><\/a>\n\t\t\t\t<\/dt><\/dl><dl class='gallery-item'>\n\t\t\t\t<dt class='gallery-icon landscape'>\n\t\t\t\t\t<a class=\"rollover rollover-zoom dt-pswp-item\" title=\"Screenshot 2025-10-28 051424\" data-dt-img-description=\"\" data-large_image_width=\"510\" data-large_image_height=\"236\"href='https:\/\/www.radiopiu.net\/wordpress\/wp-content\/uploads\/2025\/10\/Screenshot-2025-10-28-051424.png'><img loading=\"lazy\" decoding=\"async\" width=\"150\" height=\"150\" src=\"https:\/\/www.radiopiu.net\/wordpress\/wp-content\/uploads\/2025\/10\/Screenshot-2025-10-28-051424-150x150.png\" class=\"attachment-thumbnail size-thumbnail\" alt=\"\" \/><\/a>\n\t\t\t\t<\/dt><\/dl><dl class='gallery-item'>\n\t\t\t\t<dt class='gallery-icon landscape'>\n\t\t\t\t\t<a class=\"rollover rollover-zoom dt-pswp-item\" title=\"Screenshot 2025-10-28 051458\" data-dt-img-description=\"\" data-large_image_width=\"522\" data-large_image_height=\"228\"href='https:\/\/www.radiopiu.net\/wordpress\/wp-content\/uploads\/2025\/10\/Screenshot-2025-10-28-051458.png'><img loading=\"lazy\" decoding=\"async\" width=\"150\" height=\"150\" src=\"https:\/\/www.radiopiu.net\/wordpress\/wp-content\/uploads\/2025\/10\/Screenshot-2025-10-28-051458-150x150.png\" class=\"attachment-thumbnail size-thumbnail\" alt=\"\" \/><\/a>\n\t\t\t\t<\/dt><\/dl><br style=\"clear: both\" \/>\n\t\t\t<\/div>\n\n<\/div>\n<div class=\"page-title-breadcrumbs\">\n<p><iframe loading=\"lazy\" title=\"DAL 1983 LA RASSEGNA STAMPA LOCALE di mirko mezzacasa. L&#039;ORIGINALE\" width=\"1200\" height=\"675\" src=\"https:\/\/www.youtube.com\/embed\/9dlIM8WdVWQ?feature=oembed\" frameborder=\"0\" allow=\"accelerometer; autoplay; clipboard-write; encrypted-media; gyroscope; picture-in-picture; web-share\" referrerpolicy=\"strict-origin-when-cross-origin\" allowfullscreen><\/iframe><\/p>\n<\/div>\n<hr \/>\n<p>&nbsp;<\/p>\n<p><strong><a class=\"dt-pswp-item\" href=\"https:\/\/www.radiopiu.net\/wordpress\/wp-content\/uploads\/2023\/12\/ANTENNA.png\" data-dt-img-description=\"\" data-large_image_width=\"300\" data-large_image_height=\"166\"><img loading=\"lazy\" decoding=\"async\" class=\"wp-image-366306 alignright\" src=\"https:\/\/www.radiopiu.net\/wordpress\/wp-content\/uploads\/2023\/12\/ANTENNA.png\" alt=\"\" width=\"101\" height=\"56\" \/><\/a><a class=\"dt-pswp-item\" href=\"https:\/\/www.radiopiu.net\/wordpress\/wp-content\/uploads\/2024\/11\/th-17.jpg\" data-dt-img-description=\"\" data-large_image_width=\"224\" data-large_image_height=\"180\"><img loading=\"lazy\" decoding=\"async\" class=\" wp-image-421610 alignleft\" src=\"https:\/\/www.radiopiu.net\/wordpress\/wp-content\/uploads\/2024\/11\/th-17.jpg\" alt=\"\" width=\"167\" height=\"134\" \/><\/a>ogni sera alle 19 le anticipazioni alla radio, quello che poi seguirete nel TELEGIORNALE BELLUNESE\u00a0 in onda alle 19.30 sul CANALE 10 del digitale terrestre.\u00a0\u00a0<\/strong><\/p>\n<p><b>\u00a0<\/b><\/p>\n<p>&nbsp;<\/p>\n<p>&nbsp;<\/p>\n<blockquote>\n<h1><span style=\"color: #ff0000;\">ANTICIPAZIONI, DI\u00a0 FABIO FIORAVANZI<\/span><\/h1>\n<p><span style=\"color: #000000;\">Ieri sera nel TG DI ANTENNA 3 Fabio Fioravanzi ha affrontato il problema dei Cervi in zona Parco Nazionale delle Dolomiti Bellunesi. Immagini che testimoniano il pericolo, la presenza di decine di ungualati lungo un tratto di strada segnato da due incidenti mortali, troppo spesso lo si dimentica attaccandosi ai numeri, alle statistiche. Non importa se gli incidenti (quelli denunciati) non fanno numeri da grancassa, importa che sono morte due persone, due giovani e questo in pochi anni. Importa che le statistiche non comprendono quegli incidenti non denunciati, perch\u00e9 in molti non avendo l&#8217;assicurazione non chiamano n\u00e8 i Carabinieri n\u00e8 la Polizia Provinciale, ma si limitano a constare i danni. La vera inchiesta sugli investimenti andrebbe fatta nelle carrozzeria della provincia. (mm)<\/span><\/p><\/blockquote>\n<audio class=\"wp-audio-shortcode\" id=\"audio-477406-6\" preload=\"none\" style=\"width: 100%;\" controls=\"controls\"><source type=\"audio\/mpeg\" src=\"https:\/\/www.radiopiu.net\/wordpress\/wp-content\/uploads\/2025\/10\/ANTENNA3-20.mp3?_=6\" \/><a href=\"https:\/\/www.radiopiu.net\/wordpress\/wp-content\/uploads\/2025\/10\/ANTENNA3-20.mp3\">https:\/\/www.radiopiu.net\/wordpress\/wp-content\/uploads\/2025\/10\/ANTENNA3-20.mp3<\/a><\/audio>\n<p>&nbsp;<\/p>\n<hr \/>\n<p>&nbsp;<\/p>\n<blockquote>\n<h3><a class=\"dt-pswp-item\" href=\"https:\/\/www.radiopiu.net\/wordpress\/wp-content\/uploads\/2025\/09\/6cd00d19-fcc3-41ef-b687-64ff8c1c22e1.jpg\" data-dt-img-description=\"\" data-large_image_width=\"2016\" data-large_image_height=\"1216\"><img loading=\"lazy\" decoding=\"async\" class=\" wp-image-471071 alignleft\" src=\"https:\/\/www.radiopiu.net\/wordpress\/wp-content\/uploads\/2025\/09\/6cd00d19-fcc3-41ef-b687-64ff8c1c22e1-300x181.jpg\" alt=\"\" width=\"234\" height=\"141\" srcset=\"https:\/\/www.radiopiu.net\/wordpress\/wp-content\/uploads\/2025\/09\/6cd00d19-fcc3-41ef-b687-64ff8c1c22e1-300x181.jpg 300w, https:\/\/www.radiopiu.net\/wordpress\/wp-content\/uploads\/2025\/09\/6cd00d19-fcc3-41ef-b687-64ff8c1c22e1-1024x618.jpg 1024w, https:\/\/www.radiopiu.net\/wordpress\/wp-content\/uploads\/2025\/09\/6cd00d19-fcc3-41ef-b687-64ff8c1c22e1-768x463.jpg 768w, https:\/\/www.radiopiu.net\/wordpress\/wp-content\/uploads\/2025\/09\/6cd00d19-fcc3-41ef-b687-64ff8c1c22e1-1536x926.jpg 1536w, https:\/\/www.radiopiu.net\/wordpress\/wp-content\/uploads\/2025\/09\/6cd00d19-fcc3-41ef-b687-64ff8c1c22e1.jpg 2016w\" sizes=\"auto, (max-width: 234px) 100vw, 234px\" \/><\/a>PASSO FEDAIA CHIUSO LATO TRENTINO ALTO ADIGE<\/h3>\n<\/blockquote>\n<p><strong>REDAZIONE<\/strong> Fino al 31 ottobre 2025 la Strada Statale 641 del Passo Fedaia rester\u00e0 chiusa al traffico lato da Canazei al Passo Nessun problema tra Rocca Pietore e la diga, si transita regolarmente<\/p>\n<p>&nbsp;<\/p>\n<p>&nbsp;<\/p>\n<p>&nbsp;<\/p>\n<p>&nbsp;<\/p>\n<hr \/>\n<p>&nbsp;<\/p>\n<blockquote>\n<h3><a class=\"dt-pswp-item\" href=\"https:\/\/www.radiopiu.net\/wordpress\/wp-content\/uploads\/2024\/10\/ANAS.jpg\" data-dt-img-description=\"\" data-large_image_width=\"842\" data-large_image_height=\"595\"><img loading=\"lazy\" decoding=\"async\" class=\" wp-image-414157 alignleft\" src=\"https:\/\/www.radiopiu.net\/wordpress\/wp-content\/uploads\/2024\/10\/ANAS-300x212.jpg\" alt=\"\" width=\"166\" height=\"117\" srcset=\"https:\/\/www.radiopiu.net\/wordpress\/wp-content\/uploads\/2024\/10\/ANAS-300x212.jpg 300w, https:\/\/www.radiopiu.net\/wordpress\/wp-content\/uploads\/2024\/10\/ANAS-768x543.jpg 768w, https:\/\/www.radiopiu.net\/wordpress\/wp-content\/uploads\/2024\/10\/ANAS.jpg 842w\" sizes=\"auto, (max-width: 166px) 100vw, 166px\" \/><\/a>LAVORI DI MANUTENZIONE SUL PONTE DI RIO VALBONA A OSPITALE DI CADORE<\/h3>\n<\/blockquote>\n<p><strong>VENEZIA<\/strong>\u00a0 I veicoli sotto le 3,5 tonnellate saranno deviati su via Roma, mentre rester\u00e0 garantito l\u2019accesso a residenti,\u00a0 Per i mezzi pesanti oltre 3,5 tonnellate scatter\u00e0 il divieto di transito con deviazione sulla SS 51.<\/p>\n<p>&nbsp;<\/p>\n<blockquote>\n<h3><strong data-start=\"0\" data-end=\"74\">CHIUSURA A FASCE ORARIE DELLA SS51 PER LAVORI ALLA ROCCA DI BOTESTAGNO<\/strong><\/h3>\n<\/blockquote>\n<p>Dal 13 al 31 ottobre la SS51 \u201cdi Alemagna\u201d sar\u00e0 chiusa al traffico tra il km 109,100 e il km 111,200 per interventi di messa in sicurezza della parete rocciosa presso la Rocca di Botestagno. La chiusura totale sar\u00e0 attiva dal luned\u00ec al venerd\u00ec nelle fasce 09:00-13:00 e 14:00-18:00. Durante questi orari, il traffico tra Cortina e Dobbiaco\/Carbonin sar\u00e0 deviato lungo la SR48 e la SP49 attraverso il lago di Misurina.<\/p>\n<p>&nbsp;<\/p>\n<hr \/>\n<p>&nbsp;<\/p>\n<blockquote>\n<h3>SP 25 \u201cPASSO VALLES\u201d: CHIUSURE TEMPORANEE A FALCADE<\/h3>\n<\/blockquote>\n<p><strong>SEDICO <\/strong>Veneto Strade comunica che sulla S.P. 25 \u201cPasso Valles\u201d, nel tratto tra il Bivio Valles e Caverson, nel comune di Falcade, dal 27 ottobre al 28 novembre, la strada sar\u00e0 soggetta a chiusure temporanee per lavori di taglio di piante pericolanti. Le interruzioni, regolate da movieri, avverranno nei giorni feriali dalle ore 8 alle 12 e dalle 13 alle 16, con chiusure di massimo 30 minuti. I sabati, le domeniche e i festivi infrasettimanali non sono interessati dai lavori.<\/p>\n<p>&nbsp;<\/p>\n<hr \/>\n<p>&nbsp;<\/p>\n<blockquote>\n<h3>LAVORI A COL CAVALIER DI BELLUNO<\/h3>\n<\/blockquote>\n<p><strong>BELLUNO<\/strong> Fino al 23 dicembre 2025 a Belluno: senso unico alternato in via Col Cavalier, divieto di accesso a via Castelet vicino al cantiere, limite 30 km\/h e divieto di sorpasso nelle aree di lavori.<\/p>\n<p>&nbsp;<\/p>\n<p>&nbsp;<\/p>\n<hr \/>\n<p>&nbsp;<\/p>\n<blockquote>\n<h3>LAVORI PROGRAMMATI SIB<\/h3>\n<\/blockquote>\n<p><strong>VALLADA<\/strong> Per lavori alla rete idrica comunale, oggi dalle 8 alle 17\u00a0 verr\u00e0 sospesa l\u2019erogazione dell\u2019acqua\u00a0 in Localit\u00e0 Andrich, Cogul, Piaz e San Simon.<\/p>\n<p><strong>FALCADE<\/strong> Servizi Integrati Bellunesi informa che, per lavori alla rete idrica comunale, domani dalle 10 alle 17 verr\u00e0 sospesa l\u2019erogazione dell\u2019acqua a Falcade nelle localit\u00e0 Meneghina, Sappade e Tabiadon Di Val<\/p>\n<p>&nbsp;<\/p>\n<hr \/>\n<p>&nbsp;<\/p>\n<blockquote>\n<h3>ACQUA NON POTABILE IN DUE ZONE DI LIVINALLONGO<\/h3>\n<\/blockquote>\n<p><strong><a class=\"dt-pswp-item\" href=\"https:\/\/www.radiopiu.net\/wordpress\/wp-content\/uploads\/2022\/05\/acqua.jpg\" data-dt-img-description=\"\" data-large_image_width=\"1920\" data-large_image_height=\"1275\"><img loading=\"lazy\" decoding=\"async\" class=\" wp-image-274889 alignleft\" src=\"https:\/\/www.radiopiu.net\/wordpress\/wp-content\/uploads\/2022\/05\/acqua-300x199.jpg\" alt=\"\" width=\"106\" height=\"70\" srcset=\"https:\/\/www.radiopiu.net\/wordpress\/wp-content\/uploads\/2022\/05\/acqua-300x199.jpg 300w, https:\/\/www.radiopiu.net\/wordpress\/wp-content\/uploads\/2022\/05\/acqua-1024x680.jpg 1024w, https:\/\/www.radiopiu.net\/wordpress\/wp-content\/uploads\/2022\/05\/acqua-768x510.jpg 768w, https:\/\/www.radiopiu.net\/wordpress\/wp-content\/uploads\/2022\/05\/acqua-1536x1020.jpg 1536w, https:\/\/www.radiopiu.net\/wordpress\/wp-content\/uploads\/2022\/05\/acqua.jpg 1920w\" sizes=\"auto, (max-width: 106px) 100vw, 106px\" \/><\/a>LIVINALLONGO<\/strong> Servizi Integrati Bellunesi informa che a LIvinallongo Del\u00a0 Col Di Lana nelle localit\u00e0 Larzonei e Collaz l&#8217;acqua erogata dall&#8217;acquedotto non \u00e8 potabile e pu\u00f2 essere usata per scopi alimentari solo previa bollitura. Verr\u00e0 effettuato servizio sostitutivo con consegna di acqua in bottiglia presso le utenze interessate. SIB ha, comunque, gi\u00e0 adottato le necessarie misure di pulizia e disinfezione dell&#8217;acqua presente nei serbatoi e nella rete idrica.<\/p>\n<p>&nbsp;<\/p>\n<hr \/>\n<p>&nbsp;<\/p>\n<blockquote>\n<h3>INCIDENTE A LIMANA, DUE FERITI<\/h3>\n<\/blockquote>\n<p><strong><a class=\"dt-pswp-item\" href=\"https:\/\/www.radiopiu.net\/wordpress\/wp-content\/uploads\/2025\/07\/SALT-1.jpeg\" data-dt-img-description=\"\" data-large_image_width=\"2040\" data-large_image_height=\"1536\"><img loading=\"lazy\" decoding=\"async\" class=\" wp-image-457763 alignleft\" src=\"https:\/\/www.radiopiu.net\/wordpress\/wp-content\/uploads\/2025\/07\/SALT-1-300x226.jpeg\" alt=\"\" width=\"190\" height=\"143\" srcset=\"https:\/\/www.radiopiu.net\/wordpress\/wp-content\/uploads\/2025\/07\/SALT-1-300x226.jpeg 300w, https:\/\/www.radiopiu.net\/wordpress\/wp-content\/uploads\/2025\/07\/SALT-1-1024x771.jpeg 1024w, https:\/\/www.radiopiu.net\/wordpress\/wp-content\/uploads\/2025\/07\/SALT-1-768x578.jpeg 768w, https:\/\/www.radiopiu.net\/wordpress\/wp-content\/uploads\/2025\/07\/SALT-1-1536x1157.jpeg 1536w, https:\/\/www.radiopiu.net\/wordpress\/wp-content\/uploads\/2025\/07\/SALT-1.jpeg 2040w\" sizes=\"auto, (max-width: 190px) 100vw, 190px\" \/><\/a>REDAZIONE\u00a0<\/strong>Sono due gli interventi registrati nella giornata di oggi dalla centrale operativa del SUEM 118. Il primo episodio ha riguardato un\u2019escursionista sessantasettenne di nazionalit\u00e0 thailandese che ha riportato un trauma durante un\u2019escursione nella zona delle Tre Cime. L\u2019uomo \u00e8 stato raggiunto dall\u2019elicottero Falco, per poi essere trasportato in sicurezza al Pronto Soccorso di Cortina d\u2019Ampezzo. Nel secondo intervento, i soccorsi sono stati chiamati a Limana per un incidente stradale che ha coinvolto due persone: un uomo di 70 anni e una donna di 68, entrambi residenti a Belluno. Entrambi i feriti sono stati assistiti sul posto dal personale sanitario e trasferiti in ambulanza al Pronto Soccorso dell\u2019Ospedale di Belluno per accertamenti e cure.<\/p>\n<p>&nbsp;<\/p>\n<hr \/>\n<div class=\"page-title-head hgroup\">\n<h1><\/h1>\n<h1 class=\"entry-title\">AGGUATO IN GALLERIA ROMITA: DONNA SCIPPATA IN BICI A FELTRE<\/h1>\n<\/div>\n<div class=\"page-title-breadcrumbs\"><\/div>\n<p><strong>FELTRE\u00a0<\/strong><\/p>\n<p><img loading=\"lazy\" decoding=\"async\" class=\"alignleft\" src=\"https:\/\/www.radiopiu.net\/wordpress\/wp-content\/uploads\/2025\/10\/download-34.jpg\" width=\"182\" height=\"136\" \/><\/p>\n<p>Paura ieri pomeriggio a Feltre: una donna in bicicletta \u00e8 stata scippata in pieno giorno nella galleria Romita. Un uomo con felpa e cappuccio le ha strappato la borsa dal braccio, fuggendo poi verso il bosco \u201cDrio le Rive\u201d. La refurtiva \u00e8 stata ritrovata poco dopo, ma senza portafoglio. Nessuna conseguenza fisica grave per la vittima, solo un grande spavento. L\u2019episodio riaccende l\u2019allarme sicurezza in citt\u00e0.<\/p>\n<p>&nbsp;<\/p>\n<p>&nbsp;<\/p>\n<p>&nbsp;<\/p>\n<hr \/>\n<p>&nbsp;<\/p>\n<blockquote>\n<h1 class=\"_title post-title entry-title\">\u00a0MORTA IN CASA A 18 ANNI. LA MAMMA: \u00abVOGLIO CAPIRE PERCHE\u2019. ERA SANISSIMA\u00bb<\/h1>\n<\/blockquote>\n<p>Intervistati ELISA CIANNILLO \u2013 MAMMA DI CHIARA ZARDO (Al telefono) (Servizio di\u00a0<a href=\"https:\/\/antennatre.medianordest.it\/redazione\/Cristian-Arboit\/\">Cristian Arboit<\/a>)<\/p>\n<p><iframe loading=\"lazy\" title=\"MORTA IN CASA A 18 ANNI. LA MAMMA: \u00abVOGLIO CAPIRE PERCHE&#039;. ERA SANISSIMA\u00bb | 26\/10\/2025\" width=\"1200\" height=\"675\" src=\"https:\/\/www.youtube.com\/embed\/9AHdayxgwQM?feature=oembed\" frameborder=\"0\" allow=\"accelerometer; autoplay; clipboard-write; encrypted-media; gyroscope; picture-in-picture; web-share\" referrerpolicy=\"strict-origin-when-cross-origin\" allowfullscreen><\/iframe><\/p>\n<p>&nbsp;<\/p>\n<h1 class=\"_title post-title entry-title\">INCIDENTE FATALE SUL LAVORO. ADDIO A TONY ZOLDAN, UNA VITA PER IL ROCK<\/h1>\n<p>Pederobba ieri \u00e8 stata travolta da un altro lutto, la morte sul lavoro ad Arabba del 42enne Antonio Facchin. Indagini sono in corso da parte dello Spisal di Belluno. Facchin era noto anche per la sua passione, la musica rock: per molti era Tony Zoldan. \u2013 Intervistati FABIO MAGGIO \u2013 VICESINDACO PEDEROBBA (Al telefono) (Servizio di\u00a0<a href=\"https:\/\/antennatre.medianordest.it\/redazione\/Cristian-Arboit\/\">Cristian Arboit<\/a>)<\/p>\n<p><iframe loading=\"lazy\" title=\"INCIDENTE FATALE SUL LAVORO. ADDIO A TONY ZOLDAN, UNA VITA PER IL ROCK | 26\/10\/2025\" width=\"1200\" height=\"675\" src=\"https:\/\/www.youtube.com\/embed\/Ez1otZxq0yk?feature=oembed\" frameborder=\"0\" allow=\"accelerometer; autoplay; clipboard-write; encrypted-media; gyroscope; picture-in-picture; web-share\" referrerpolicy=\"strict-origin-when-cross-origin\" allowfullscreen><\/iframe><\/p>\n<p>&nbsp;<\/p>\n<hr \/>\n<blockquote>\n<h2><\/h2>\n<h2>NEVE SUL SAN PELLEGRINO: PRIMO ASSAGGIO D\u2019INVERNO<\/h2>\n<\/blockquote>\n<div class=\"page-title-breadcrumbs\">\n<p><strong>SAN PELLEGRINO<\/strong><br \/>\nUna spruzzata d\u2019inverno sul San Pellegrino: la foto cattura la magia della neve che torna a imbiancare la strada e le luci del passo, creando quell\u2019atmosfera silenziosa e speciale che solo le prime nevicate sanno regalare. Un assaggio della stagione che arriva, tra stupore e un pizzico di nostalgia per l\u2019estate appena finita. (chat viabilit\u00e0 provincia belluno VPB)<\/p>\n<p><img decoding=\"async\" class=\"aligncenter\" src=\"https:\/\/www.radiopiu.net\/wordpress\/wp-content\/uploads\/2025\/10\/Screenshot-2025-10-27-194437.png\" \/><\/p>\n<\/div>\n<p>&nbsp;<\/p>\n<p>&nbsp;<\/p>\n<hr \/>\n<p>&nbsp;<\/p>\n<blockquote>\n<h1>MANIFESTO OFFENSIVO: INDIGNA IL MESSAGGIO PUBBLICITARIO<\/h1>\n<\/blockquote>\n<p><strong><a class=\"dt-pswp-item\" href=\"https:\/\/www.radiopiu.net\/wordpress\/wp-content\/uploads\/2025\/10\/mani-1.jpg\" data-dt-img-description=\"\" data-large_image_width=\"963\" data-large_image_height=\"739\"><img loading=\"lazy\" decoding=\"async\" class=\" wp-image-477559 alignleft\" src=\"https:\/\/www.radiopiu.net\/wordpress\/wp-content\/uploads\/2025\/10\/mani-1-300x230.jpg\" alt=\"\" width=\"179\" height=\"137\" srcset=\"https:\/\/www.radiopiu.net\/wordpress\/wp-content\/uploads\/2025\/10\/mani-1-300x230.jpg 300w, https:\/\/www.radiopiu.net\/wordpress\/wp-content\/uploads\/2025\/10\/mani-1-768x589.jpg 768w, https:\/\/www.radiopiu.net\/wordpress\/wp-content\/uploads\/2025\/10\/mani-1.jpg 963w\" sizes=\"auto, (max-width: 179px) 100vw, 179px\" \/><\/a>BELLUNO<\/strong> Uno slogan pubblicitario apparso in citt\u00e0 ha suscitato sconcerto e indignazione. Il manifesto mostra un giovane in abiti da lavoro con la scritta in dialetto \u201cDai vegn\u00ec zo in val che ghe xe da far andar avanti tut!\u201d, interpretata come una caricatura linguistica e un messaggio paternalista verso chi vive in montagna. Secondo molti, il tono offensivo invita i montanari a \u201cscendere in valle\u201d per lavorare, banalizzando la realt\u00e0 delle terre alte. In una nota congiunta, la CGIL Belluno e il NIDIL CGIL denunciano la campagna come \u201cun insulto\u201d a chi vive, studia e lavora con sacrificio in montagna, accusando il messaggio di rafforzare stereotipi e di oltraggiare la cultura e la dignit\u00e0 delle lingue locali. Chiedono il ritiro e scuse pubbliche.<\/p>\n<p>&nbsp;<\/p>\n<p>&nbsp;<\/p>\n<hr \/>\n<p>&nbsp;<\/p>\n<blockquote>\n<h1>TEMPESTA VAIA: LA FORZA DISTRUTTIVA DELLA NATURA E LA RINASCITA DEL VENETO<\/h1>\n<\/blockquote>\n<p><strong><a class=\"dt-pswp-item\" href=\"https:\/\/www.radiopiu.net\/wordpress\/wp-content\/uploads\/2025\/10\/VAIA.jpg\" data-dt-img-description=\"\" data-large_image_width=\"922\" data-large_image_height=\"582\"><img loading=\"lazy\" decoding=\"async\" class=\" wp-image-477547 alignleft\" src=\"https:\/\/www.radiopiu.net\/wordpress\/wp-content\/uploads\/2025\/10\/VAIA-300x189.jpg\" alt=\"\" width=\"183\" height=\"115\" srcset=\"https:\/\/www.radiopiu.net\/wordpress\/wp-content\/uploads\/2025\/10\/VAIA-300x189.jpg 300w, https:\/\/www.radiopiu.net\/wordpress\/wp-content\/uploads\/2025\/10\/VAIA-768x485.jpg 768w, https:\/\/www.radiopiu.net\/wordpress\/wp-content\/uploads\/2025\/10\/VAIA.jpg 922w\" sizes=\"auto, (max-width: 183px) 100vw, 183px\" \/><\/a>BELLUNO <\/strong>La Tempesta Vaia del 2018 fu un evento meteorologico di portata eccezionale che tra il 28 e 29 ottobre devast\u00f2 il Veneto, abbattendo circa 15 milioni di alberi e colpendo duramente Agordino, Cadore, Feltrino, Comelico, Carnia, Val di Fassa e Val di Fiemme. Descritta come un uragano o un terremoto, caus\u00f2 paura e distruzione ma anche straordinaria solidariet\u00e0. Le comunit\u00e0 locali reagirono con coraggio e impegno, avviando subito la ricostruzione. Come ha ricordato Roberto Toigo, segretario generale della Uil Veneto, Vaia rappresent\u00f2 non solo una tragedia naturale senza precedenti, ma anche la testimonianza della forza, dell\u2019unit\u00e0 e della determinazione del popolo veneto nel ridare vita alle proprie montagne.<\/p>\n<p>&nbsp;<\/p>\n<hr \/>\n<p>&nbsp;<\/p>\n<blockquote>\n<h2>ASILO NIDO \u201cLA COA DEI PICH\u201d \u2013 \u00c8 GUERRA DI RICORSI TRA COMUNE E MINISTERO<\/h2>\n<\/blockquote>\n<p><strong><img loading=\"lazy\" decoding=\"async\" class=\"alignleft\" src=\"https:\/\/www.radiopiu.net\/wordpress\/wp-content\/uploads\/2020\/03\/MINUTO-SILENZIO-MUNICIPIO-LIVINALLONGO.jpg\" width=\"143\" height=\"161\" \/>LIVINALLONGO<br \/>\n<\/strong><br \/>\nLorenzo Soratroi racconta la lunga battaglia legale tra il Comune di Livinallongo e il ministero dell\u2019Istruzione sul progetto dell\u2019asilo nido \u201cLa coa dei pichi\u201d. Dopo due ricorsi al Tar del Lazio e una riduzione improvvisa dei fondi PNRR da 5 a 2,6 milioni, il Comune non si arrende e porta la vicenda al Consiglio di Stato. Al centro, la difesa di un progetto ritenuto fondamentale per la comunit\u00e0 e il diritto di realizzarlo nonostante burocrazia, tagli e silenzi da Roma.<\/p>\n<p><strong>AUDIO<\/strong><\/p>\n<audio class=\"wp-audio-shortcode\" id=\"audio-477406-7\" preload=\"none\" style=\"width: 100%;\" controls=\"controls\"><source type=\"audio\/mpeg\" src=\"https:\/\/www.radiopiu.net\/wordpress\/wp-content\/uploads\/2025\/10\/LORENZO.mp3?_=7\" \/><a href=\"https:\/\/www.radiopiu.net\/wordpress\/wp-content\/uploads\/2025\/10\/LORENZO.mp3\">https:\/\/www.radiopiu.net\/wordpress\/wp-content\/uploads\/2025\/10\/LORENZO.mp3<\/a><\/audio>\n<p>&nbsp;<\/p>\n<hr \/>\n<p>&nbsp;<\/p>\n<blockquote>\n<h1>COMPLETATO IL RIPRISTINO DEL PONTE DEL GIGION<\/h1>\n<\/blockquote>\n<p><strong>GOSALDO <\/strong>Si \u00e8 concluso il ripristino del ponte del Gigion a Gosaldo, infrastruttura strategica per la viabilit\u00e0 della valle. L\u2019intervento, realizzato grazie alla collaborazione tra ANA Belluno, ANA Gosaldo e il Gruppo Protezione Civile Gosaldo, rappresenta un esempio concreto di sinergia tra volontariato, associazioni e comunit\u00e0 locale. Il progetto ha risposto a necessit\u00e0 di manutenzione dovute all\u2019usura e ai danni pregressi, con l\u2019obiettivo di garantire sicurezza, accessibilit\u00e0 e continuit\u00e0 del collegamento viario. L\u2019opera, completata in tempi rapidi, \u00e8 fondamentale per migliorare la mobilit\u00e0 dei residenti, sostenere il turismo e favorire le attivit\u00e0 economiche. In un territorio montano come Gosaldo, la stabilit\u00e0 delle infrastrutture \u00e8 essenziale per la sicurezza stradale, la resilienza del territorio e lo sviluppo locale. L\u2019amministrazione comunale ringrazia tutti i volontari e le associazioni per l\u2019impegno e la collaborazione dimostrati.<\/p>\n\n\t\t\t<style type='text\/css'>\n\t\t\t\t#gallery-3 {\n\t\t\t\t\tmargin: auto;\n\t\t\t\t}\n\t\t\t\t#gallery-3 .gallery-item {\n\t\t\t\t\tfloat: left;\n\t\t\t\t\tmargin-top: 10px;\n\t\t\t\t\ttext-align: center;\n\t\t\t\t\twidth: 25%;\n\t\t\t\t}\n\t\t\t\t#gallery-3 img {\n\t\t\t\t\tborder: 2px solid #cfcfcf;\n\t\t\t\t}\n\t\t\t\t#gallery-3 .gallery-caption {\n\t\t\t\t\tmargin-left: 0;\n\t\t\t\t}\n\t\t\t\t\/* see gallery_shortcode() in wp-includes\/media.php *\/\n\t\t\t<\/style>\n\t\t<div id='gallery-3' class='dt-gallery-container gallery galleryid-477406 gallery-columns-4 gallery-size-thumbnail'><dl class='gallery-item'>\n\t\t\t\t<dt class='gallery-icon portrait'>\n\t\t\t\t\t<a class=\"rollover rollover-zoom dt-pswp-item\" title=\"f88a11aa-05dc-4580-9b5a-920e15aa050a\" data-dt-img-description=\"\" data-large_image_width=\"1200\" data-large_image_height=\"1600\"href='https:\/\/www.radiopiu.net\/wordpress\/wp-content\/uploads\/2025\/10\/f88a11aa-05dc-4580-9b5a-920e15aa050a-1.jpg'><img loading=\"lazy\" decoding=\"async\" width=\"150\" height=\"150\" src=\"https:\/\/www.radiopiu.net\/wordpress\/wp-content\/uploads\/2025\/10\/f88a11aa-05dc-4580-9b5a-920e15aa050a-1-150x150.jpg\" class=\"attachment-thumbnail size-thumbnail\" alt=\"\" \/><\/a>\n\t\t\t\t<\/dt><\/dl><dl class='gallery-item'>\n\t\t\t\t<dt class='gallery-icon landscape'>\n\t\t\t\t\t<a class=\"rollover rollover-zoom dt-pswp-item\" title=\"26bb6fce-b340-416c-aeff-cfae51d205ff\" data-dt-img-description=\"\" data-large_image_width=\"1296\" data-large_image_height=\"966\"href='https:\/\/www.radiopiu.net\/wordpress\/wp-content\/uploads\/2025\/10\/26bb6fce-b340-416c-aeff-cfae51d205ff-1.jpg'><img loading=\"lazy\" decoding=\"async\" width=\"150\" height=\"150\" src=\"https:\/\/www.radiopiu.net\/wordpress\/wp-content\/uploads\/2025\/10\/26bb6fce-b340-416c-aeff-cfae51d205ff-1-150x150.jpg\" class=\"attachment-thumbnail size-thumbnail\" alt=\"\" \/><\/a>\n\t\t\t\t<\/dt><\/dl><dl class='gallery-item'>\n\t\t\t\t<dt class='gallery-icon landscape'>\n\t\t\t\t\t<a class=\"rollover rollover-zoom dt-pswp-item\" title=\"fdf7a61b-6a74-4342-bef7-733703a3b5d9\" data-dt-img-description=\"\" data-large_image_width=\"1600\" data-large_image_height=\"1200\"href='https:\/\/www.radiopiu.net\/wordpress\/wp-content\/uploads\/2025\/10\/fdf7a61b-6a74-4342-bef7-733703a3b5d9-1.jpg'><img loading=\"lazy\" decoding=\"async\" width=\"150\" height=\"150\" src=\"https:\/\/www.radiopiu.net\/wordpress\/wp-content\/uploads\/2025\/10\/fdf7a61b-6a74-4342-bef7-733703a3b5d9-1-150x150.jpg\" class=\"attachment-thumbnail size-thumbnail\" alt=\"\" \/><\/a>\n\t\t\t\t<\/dt><\/dl><dl class='gallery-item'>\n\t\t\t\t<dt class='gallery-icon landscape'>\n\t\t\t\t\t<a class=\"rollover rollover-zoom dt-pswp-item\" title=\"a2b4af6b-a0ff-4c4e-863c-714b2246dc2d\" data-dt-img-description=\"\" data-large_image_width=\"1600\" data-large_image_height=\"1200\"href='https:\/\/www.radiopiu.net\/wordpress\/wp-content\/uploads\/2025\/10\/a2b4af6b-a0ff-4c4e-863c-714b2246dc2d-1.jpg'><img loading=\"lazy\" decoding=\"async\" width=\"150\" height=\"150\" src=\"https:\/\/www.radiopiu.net\/wordpress\/wp-content\/uploads\/2025\/10\/a2b4af6b-a0ff-4c4e-863c-714b2246dc2d-1-150x150.jpg\" class=\"attachment-thumbnail size-thumbnail\" alt=\"\" \/><\/a>\n\t\t\t\t<\/dt><\/dl><br style=\"clear: both\" \/>\n\t\t\t<\/div>\n\n<p>&nbsp;<\/p>\n<hr \/>\n<p>&nbsp;<\/p>\n<blockquote>\n<h1>UN LOCALE PER ATTIVIT\u00c0 DI SOMMINISTRAZIONE DI ALIMENTI E BEVANDE<\/h1>\n<\/blockquote>\n<p><strong>GOSALDO\u00a0 <\/strong>Il Comune di Gosaldo ha pubblicato un avviso di procedura aperta per la locazione di un immobile comunale in via Roma n. 1, destinato ad accogliere un\u2019attivit\u00e0 di pubblico esercizio per la somministrazione di alimenti e bevande. L\u2019iniziativa mira a valorizzare il patrimonio immobiliare e a sostenere la nascita di nuove attivit\u00e0 nel centro storico, contribuendo alla rivitalizzazione del paese. L\u2019immobile, recentemente ristrutturato e arredato in stile montano, si presta all\u2019apertura di un bar, bistrot o piccolo ristorante, ideale come punto di incontro per residenti e turisti. Le offerte dovranno essere presentate entro le ore 12:00 del 14 novembre 2025. Tutti i dettagli sono disponibili sul sito istituzionale del Comune. Con questo bando, l\u2019amministrazione conferma il proprio impegno nel rilancio delle attivit\u00e0 commerciali di montagna e nel sostegno all\u2019imprenditoria locale.<\/p>\n<p><strong>DI GIANNI SANTOMASO<\/strong><\/p>\n<audio class=\"wp-audio-shortcode\" id=\"audio-477406-8\" preload=\"none\" style=\"width: 100%;\" controls=\"controls\"><source type=\"audio\/mpeg\" src=\"https:\/\/www.radiopiu.net\/wordpress\/wp-content\/uploads\/2025\/10\/GIANNI-ATTIVITA-GOSALDO.mp3?_=8\" \/><a href=\"https:\/\/www.radiopiu.net\/wordpress\/wp-content\/uploads\/2025\/10\/GIANNI-ATTIVITA-GOSALDO.mp3\">https:\/\/www.radiopiu.net\/wordpress\/wp-content\/uploads\/2025\/10\/GIANNI-ATTIVITA-GOSALDO.mp3<\/a><\/audio>\n<p>&nbsp;<\/p>\n\n\t\t\t<style type='text\/css'>\n\t\t\t\t#gallery-4 {\n\t\t\t\t\tmargin: auto;\n\t\t\t\t}\n\t\t\t\t#gallery-4 .gallery-item {\n\t\t\t\t\tfloat: left;\n\t\t\t\t\tmargin-top: 10px;\n\t\t\t\t\ttext-align: center;\n\t\t\t\t\twidth: 33%;\n\t\t\t\t}\n\t\t\t\t#gallery-4 img {\n\t\t\t\t\tborder: 2px solid #cfcfcf;\n\t\t\t\t}\n\t\t\t\t#gallery-4 .gallery-caption {\n\t\t\t\t\tmargin-left: 0;\n\t\t\t\t}\n\t\t\t\t\/* see gallery_shortcode() in wp-includes\/media.php *\/\n\t\t\t<\/style>\n\t\t<div id='gallery-4' class='dt-gallery-container gallery galleryid-477406 gallery-columns-3 gallery-size-thumbnail'><dl class='gallery-item'>\n\t\t\t\t<dt class='gallery-icon portrait'>\n\t\t\t\t\t<a class=\"rollover rollover-zoom dt-pswp-item\" title=\"35b486fb-87df-4b12-8be2-02eac2d39634\" data-dt-img-description=\"\" data-large_image_width=\"1200\" data-large_image_height=\"1600\"href='https:\/\/www.radiopiu.net\/wordpress\/wp-content\/uploads\/2025\/10\/35b486fb-87df-4b12-8be2-02eac2d39634.jpg'><img loading=\"lazy\" decoding=\"async\" width=\"150\" height=\"150\" src=\"https:\/\/www.radiopiu.net\/wordpress\/wp-content\/uploads\/2025\/10\/35b486fb-87df-4b12-8be2-02eac2d39634-150x150.jpg\" class=\"attachment-thumbnail size-thumbnail\" alt=\"\" \/><\/a>\n\t\t\t\t<\/dt><\/dl><dl class='gallery-item'>\n\t\t\t\t<dt class='gallery-icon portrait'>\n\t\t\t\t\t<a class=\"rollover rollover-zoom dt-pswp-item\" title=\"9d1271cb-9e17-4b72-9df3-31a19eac64dd\" data-dt-img-description=\"\" data-large_image_width=\"1200\" data-large_image_height=\"1600\"href='https:\/\/www.radiopiu.net\/wordpress\/wp-content\/uploads\/2025\/10\/9d1271cb-9e17-4b72-9df3-31a19eac64dd.jpg'><img loading=\"lazy\" decoding=\"async\" width=\"150\" height=\"150\" src=\"https:\/\/www.radiopiu.net\/wordpress\/wp-content\/uploads\/2025\/10\/9d1271cb-9e17-4b72-9df3-31a19eac64dd-150x150.jpg\" class=\"attachment-thumbnail size-thumbnail\" alt=\"\" \/><\/a>\n\t\t\t\t<\/dt><\/dl><dl class='gallery-item'>\n\t\t\t\t<dt class='gallery-icon portrait'>\n\t\t\t\t\t<a class=\"rollover rollover-zoom dt-pswp-item\" title=\"46e76c81-31a2-45a6-9e99-92bd061b698e\" data-dt-img-description=\"\" data-large_image_width=\"1200\" data-large_image_height=\"1600\"href='https:\/\/www.radiopiu.net\/wordpress\/wp-content\/uploads\/2025\/10\/46e76c81-31a2-45a6-9e99-92bd061b698e.jpg'><img loading=\"lazy\" decoding=\"async\" width=\"150\" height=\"150\" src=\"https:\/\/www.radiopiu.net\/wordpress\/wp-content\/uploads\/2025\/10\/46e76c81-31a2-45a6-9e99-92bd061b698e-150x150.jpg\" class=\"attachment-thumbnail size-thumbnail\" alt=\"\" \/><\/a>\n\t\t\t\t<\/dt><\/dl><br style=\"clear: both\" \/><dl class='gallery-item'>\n\t\t\t\t<dt class='gallery-icon landscape'>\n\t\t\t\t\t<a class=\"rollover rollover-zoom dt-pswp-item\" title=\"1d7f2aca-43a5-42a7-b231-bb7e7d60c7a4\" data-dt-img-description=\"\" data-large_image_width=\"2000\" data-large_image_height=\"1500\"href='https:\/\/www.radiopiu.net\/wordpress\/wp-content\/uploads\/2025\/10\/1d7f2aca-43a5-42a7-b231-bb7e7d60c7a4.jpg'><img loading=\"lazy\" decoding=\"async\" width=\"150\" height=\"150\" src=\"https:\/\/www.radiopiu.net\/wordpress\/wp-content\/uploads\/2025\/10\/1d7f2aca-43a5-42a7-b231-bb7e7d60c7a4-150x150.jpg\" class=\"attachment-thumbnail size-thumbnail\" alt=\"\" \/><\/a>\n\t\t\t\t<\/dt><\/dl><dl class='gallery-item'>\n\t\t\t\t<dt class='gallery-icon landscape'>\n\t\t\t\t\t<a class=\"rollover rollover-zoom dt-pswp-item\" title=\"cf49043b-787e-4227-957c-0866a74ab8e7\" data-dt-img-description=\"\" data-large_image_width=\"2000\" data-large_image_height=\"1500\"href='https:\/\/www.radiopiu.net\/wordpress\/wp-content\/uploads\/2025\/10\/cf49043b-787e-4227-957c-0866a74ab8e7.jpg'><img loading=\"lazy\" decoding=\"async\" width=\"150\" height=\"150\" src=\"https:\/\/www.radiopiu.net\/wordpress\/wp-content\/uploads\/2025\/10\/cf49043b-787e-4227-957c-0866a74ab8e7-150x150.jpg\" class=\"attachment-thumbnail size-thumbnail\" alt=\"\" \/><\/a>\n\t\t\t\t<\/dt><\/dl><dl class='gallery-item'>\n\t\t\t\t<dt class='gallery-icon landscape'>\n\t\t\t\t\t<a class=\"rollover rollover-zoom dt-pswp-item\" title=\"Screenshot 2025-10-27 141640\" data-dt-img-description=\"\" data-large_image_width=\"360\" data-large_image_height=\"245\"href='https:\/\/www.radiopiu.net\/wordpress\/wp-content\/uploads\/2025\/10\/Screenshot-2025-10-27-141640.png'><img loading=\"lazy\" decoding=\"async\" width=\"150\" height=\"150\" src=\"https:\/\/www.radiopiu.net\/wordpress\/wp-content\/uploads\/2025\/10\/Screenshot-2025-10-27-141640-150x150.png\" class=\"attachment-thumbnail size-thumbnail\" alt=\"\" \/><\/a>\n\t\t\t\t<\/dt><\/dl><br style=\"clear: both\" \/>\n\t\t\t<\/div>\n\n<p>&nbsp;<\/p>\n<hr \/>\n<p>&nbsp;<\/p>\n<blockquote>\n<h1>INNOVATEK E SINDACATI SIGLANO ACCORDI PER IL RILANCIO DELLO STABILIMENTO DI LONGARONE<\/h1>\n<\/blockquote>\n<p><strong><a class=\"dt-pswp-item\" href=\"https:\/\/www.radiopiu.net\/wordpress\/wp-content\/uploads\/2025\/03\/Innovatek-riduzione-dimensione-1-1.jpg\" data-dt-img-description=\"\" data-large_image_width=\"2560\" data-large_image_height=\"1191\"><img loading=\"lazy\" decoding=\"async\" class=\" wp-image-437916 alignleft\" src=\"https:\/\/www.radiopiu.net\/wordpress\/wp-content\/uploads\/2025\/03\/Innovatek-riduzione-dimensione-1-1-300x140.jpg\" alt=\"\" width=\"193\" height=\"90\" srcset=\"https:\/\/www.radiopiu.net\/wordpress\/wp-content\/uploads\/2025\/03\/Innovatek-riduzione-dimensione-1-1-300x140.jpg 300w, https:\/\/www.radiopiu.net\/wordpress\/wp-content\/uploads\/2025\/03\/Innovatek-riduzione-dimensione-1-1-1024x476.jpg 1024w, https:\/\/www.radiopiu.net\/wordpress\/wp-content\/uploads\/2025\/03\/Innovatek-riduzione-dimensione-1-1-768x357.jpg 768w, https:\/\/www.radiopiu.net\/wordpress\/wp-content\/uploads\/2025\/03\/Innovatek-riduzione-dimensione-1-1-1536x715.jpg 1536w, https:\/\/www.radiopiu.net\/wordpress\/wp-content\/uploads\/2025\/03\/Innovatek-riduzione-dimensione-1-1-2048x953.jpg 2048w\" sizes=\"auto, (max-width: 193px) 100vw, 193px\" \/><\/a>VENEZIA <\/strong>In un clima di confronto costruttivo mediato dalle strutture tecniche regionali, l\u2019Unit\u00e0 di crisi aziendali di Veneto Lavoro e la Direzione lavoro, Innovatek e le Parti sindacali Filctem Cgil, Femca Cisl e Uiltec Uil hanno sottoscritto oggi gli accordi per il rilancio dello stabilimento di Longarone. Dopo aver rilevato a fine 2023 il ramo ex Safilo non assorbito da Thelios, Innovatek ha affrontato la sfida di garantire il lavoro agli oltre 200 dipendenti acquisiti in un mercato in rallentamento. Attualmente, 75 lavoratori risultano impiegati su 152, ma nei prossimi mesi potrebbero salire a 100. Gli accordi comprendono l\u2019accordo quadro per il rilancio del sito, la proroga della Cassa integrazione straordinaria per un anno e incentivi all\u2019esodo per chi lascer\u00e0 volontariamente l\u2019azienda entro dicembre. Previsto anche un contributo welfare per i lavoratori sospesi e il supporto delle politiche attive regionali per il ricollocamento. L\u2019intesa conferma l\u2019impegno di Innovatek a rispettare il patto con la Regione, evitando licenziamenti unilaterali al termine dei due anni dal subentro, garantendo cos\u00ec stabilit\u00e0 occupazionale e continuit\u00e0 produttiva.<\/p>\n<p>&nbsp;<\/p>\n<p>&nbsp;<\/p>\n<hr \/>\n<p>&nbsp;<\/p>\n<blockquote>\n<h1>SEI PUNTI NEL CONSIGLIO COMUNALE DI AGORDO<\/h1>\n<\/blockquote>\n<p><strong><a class=\"dt-pswp-item\" href=\"https:\/\/www.radiopiu.net\/wordpress\/wp-content\/uploads\/2025\/10\/municipio_di_agordo.jpg\" data-dt-img-description=\"\" data-large_image_width=\"320\" data-large_image_height=\"180\"><img loading=\"lazy\" decoding=\"async\" class=\" wp-image-477596 alignleft\" src=\"https:\/\/www.radiopiu.net\/wordpress\/wp-content\/uploads\/2025\/10\/municipio_di_agordo-300x169.jpg\" alt=\"\" width=\"224\" height=\"126\" srcset=\"https:\/\/www.radiopiu.net\/wordpress\/wp-content\/uploads\/2025\/10\/municipio_di_agordo-300x169.jpg 300w, https:\/\/www.radiopiu.net\/wordpress\/wp-content\/uploads\/2025\/10\/municipio_di_agordo.jpg 320w\" sizes=\"auto, (max-width: 224px) 100vw, 224px\" \/><\/a>AGORDO<\/strong> Consiglio comunale di Agordo. Sei punti in discussione: l\u2019approvazione del Documento Unico di Programmazione semplificato 2026\/2028; l\u2019affidamento della gestione dei servizi di asilo nido e scuola materna paritaria di Agordo all\u2019Azienda Speciale \u201cAgordo Servizi\u201d; la ratifica di una variazione al bilancio di previsione e al piano esecutivo di gestione; l\u2019approvazione del regolamento per il volontariato civico; la convenzione con la Provincia di Belluno per le agevolazioni sul trasporto pubblico; una variazione al DUP, al programma opere pubbliche e al bilancio 2025\/2027. Al termine le comunicazioni del sindaco.<\/p>\n<p><strong>LA DIRETTA RADIO PIU&#8217;<\/strong><\/p>\n<p><iframe loading=\"lazy\" title=\"CONSIGLIO COMUNALE DI AGORDO\" width=\"1200\" height=\"900\" src=\"https:\/\/www.youtube.com\/embed\/lLzHUSe1T58?feature=oembed\" frameborder=\"0\" allow=\"accelerometer; autoplay; clipboard-write; encrypted-media; gyroscope; picture-in-picture; web-share\" referrerpolicy=\"strict-origin-when-cross-origin\" allowfullscreen><\/iframe><\/p>\n<p>&nbsp;<\/p>\n<hr \/>\n<p>&nbsp;<\/p>\n<blockquote>\n<h1>SEDICO IN AZIONE PER L\u2019AMBIENTE: SUCCESSO DELLA GIORNATA ECOLOGICA<\/h1>\n<\/blockquote>\n<p><strong>SEDICO <\/strong>Domenica 19 ottobre Sedico ha vissuto una mattinata dedicata al senso civico e alla tutela ambientale grazie alla giornata ecologica organizzata dall\u2019Assessore all\u2019ambiente con il supporto di consiglieri comunali, Protezione Civile, Pro Loco e altre associazioni locali. Oltre 70 volontari si sono ritrovati in municipio, divisi in squadre per raccogliere rifiuti lungo strade, aree verdi e percorsi pedonali, conferendo poi i materiali all\u2019ecocentro comunale. Il territorio si \u00e8 dimostrato generalmente pulito, segno dell\u2019attenzione dei cittadini, ma alcune criticit\u00e0 sono emerse in periferia e lungo vie di scorrimento, dove rifiuti abbandonati da non residenti e mozziconi di sigaretta richiedono maggiore sensibilizzazione. La mattinata si \u00e8 conclusa con un pranzo offerto dalla Pro Loco, momento di ringraziamento e convivialit\u00e0. L\u2019iniziativa non solo ha migliorato l\u2019ambiente, ma ha rafforzato il senso di comunit\u00e0, sottolineando l\u2019importanza della responsabilit\u00e0 condivisa verso il territorio.<\/p>\n\n\t\t\t<style type='text\/css'>\n\t\t\t\t#gallery-5 {\n\t\t\t\t\tmargin: auto;\n\t\t\t\t}\n\t\t\t\t#gallery-5 .gallery-item {\n\t\t\t\t\tfloat: left;\n\t\t\t\t\tmargin-top: 10px;\n\t\t\t\t\ttext-align: center;\n\t\t\t\t\twidth: 33%;\n\t\t\t\t}\n\t\t\t\t#gallery-5 img {\n\t\t\t\t\tborder: 2px solid #cfcfcf;\n\t\t\t\t}\n\t\t\t\t#gallery-5 .gallery-caption {\n\t\t\t\t\tmargin-left: 0;\n\t\t\t\t}\n\t\t\t\t\/* see gallery_shortcode() in wp-includes\/media.php *\/\n\t\t\t<\/style>\n\t\t<div id='gallery-5' class='dt-gallery-container gallery galleryid-477406 gallery-columns-3 gallery-size-medium'><dl class='gallery-item'>\n\t\t\t\t<dt class='gallery-icon landscape'>\n\t\t\t\t\t<a class=\"rollover rollover-zoom dt-pswp-item\" title=\"36185a90-2db2-486c-8b53-85273403794b\" data-dt-img-description=\"\" data-large_image_width=\"1600\" data-large_image_height=\"1200\"href='https:\/\/www.radiopiu.net\/wordpress\/wp-content\/uploads\/2025\/10\/36185a90-2db2-486c-8b53-85273403794b.jpg'><img loading=\"lazy\" decoding=\"async\" width=\"300\" height=\"225\" src=\"https:\/\/www.radiopiu.net\/wordpress\/wp-content\/uploads\/2025\/10\/36185a90-2db2-486c-8b53-85273403794b-300x225.jpg\" class=\"attachment-medium size-medium\" alt=\"\" srcset=\"https:\/\/www.radiopiu.net\/wordpress\/wp-content\/uploads\/2025\/10\/36185a90-2db2-486c-8b53-85273403794b-300x225.jpg 300w, https:\/\/www.radiopiu.net\/wordpress\/wp-content\/uploads\/2025\/10\/36185a90-2db2-486c-8b53-85273403794b-1024x768.jpg 1024w, https:\/\/www.radiopiu.net\/wordpress\/wp-content\/uploads\/2025\/10\/36185a90-2db2-486c-8b53-85273403794b-768x576.jpg 768w, https:\/\/www.radiopiu.net\/wordpress\/wp-content\/uploads\/2025\/10\/36185a90-2db2-486c-8b53-85273403794b-1536x1152.jpg 1536w, https:\/\/www.radiopiu.net\/wordpress\/wp-content\/uploads\/2025\/10\/36185a90-2db2-486c-8b53-85273403794b.jpg 1600w\" sizes=\"auto, (max-width: 300px) 100vw, 300px\" \/><\/a>\n\t\t\t\t<\/dt><\/dl><dl class='gallery-item'>\n\t\t\t\t<dt class='gallery-icon landscape'>\n\t\t\t\t\t<a class=\"rollover rollover-zoom dt-pswp-item\" title=\"0ac19aac-aa1f-4b44-952a-c9de6edb8c94\" data-dt-img-description=\"\" data-large_image_width=\"1600\" data-large_image_height=\"1200\"href='https:\/\/www.radiopiu.net\/wordpress\/wp-content\/uploads\/2025\/10\/0ac19aac-aa1f-4b44-952a-c9de6edb8c94.jpg'><img loading=\"lazy\" decoding=\"async\" width=\"300\" height=\"225\" src=\"https:\/\/www.radiopiu.net\/wordpress\/wp-content\/uploads\/2025\/10\/0ac19aac-aa1f-4b44-952a-c9de6edb8c94-300x225.jpg\" class=\"attachment-medium size-medium\" alt=\"\" srcset=\"https:\/\/www.radiopiu.net\/wordpress\/wp-content\/uploads\/2025\/10\/0ac19aac-aa1f-4b44-952a-c9de6edb8c94-300x225.jpg 300w, https:\/\/www.radiopiu.net\/wordpress\/wp-content\/uploads\/2025\/10\/0ac19aac-aa1f-4b44-952a-c9de6edb8c94-1024x768.jpg 1024w, https:\/\/www.radiopiu.net\/wordpress\/wp-content\/uploads\/2025\/10\/0ac19aac-aa1f-4b44-952a-c9de6edb8c94-768x576.jpg 768w, https:\/\/www.radiopiu.net\/wordpress\/wp-content\/uploads\/2025\/10\/0ac19aac-aa1f-4b44-952a-c9de6edb8c94-1536x1152.jpg 1536w, https:\/\/www.radiopiu.net\/wordpress\/wp-content\/uploads\/2025\/10\/0ac19aac-aa1f-4b44-952a-c9de6edb8c94.jpg 1600w\" sizes=\"auto, (max-width: 300px) 100vw, 300px\" \/><\/a>\n\t\t\t\t<\/dt><\/dl><dl class='gallery-item'>\n\t\t\t\t<dt class='gallery-icon landscape'>\n\t\t\t\t\t<a class=\"rollover rollover-zoom dt-pswp-item\" title=\"dbd02016-5139-4f16-bd56-75e7efd37ff8\" data-dt-img-description=\"\" data-large_image_width=\"1600\" data-large_image_height=\"1200\"href='https:\/\/www.radiopiu.net\/wordpress\/wp-content\/uploads\/2025\/10\/dbd02016-5139-4f16-bd56-75e7efd37ff8.jpg'><img loading=\"lazy\" decoding=\"async\" width=\"300\" height=\"225\" src=\"https:\/\/www.radiopiu.net\/wordpress\/wp-content\/uploads\/2025\/10\/dbd02016-5139-4f16-bd56-75e7efd37ff8-300x225.jpg\" class=\"attachment-medium size-medium\" alt=\"\" srcset=\"https:\/\/www.radiopiu.net\/wordpress\/wp-content\/uploads\/2025\/10\/dbd02016-5139-4f16-bd56-75e7efd37ff8-300x225.jpg 300w, https:\/\/www.radiopiu.net\/wordpress\/wp-content\/uploads\/2025\/10\/dbd02016-5139-4f16-bd56-75e7efd37ff8-1024x768.jpg 1024w, https:\/\/www.radiopiu.net\/wordpress\/wp-content\/uploads\/2025\/10\/dbd02016-5139-4f16-bd56-75e7efd37ff8-768x576.jpg 768w, https:\/\/www.radiopiu.net\/wordpress\/wp-content\/uploads\/2025\/10\/dbd02016-5139-4f16-bd56-75e7efd37ff8-1536x1152.jpg 1536w, https:\/\/www.radiopiu.net\/wordpress\/wp-content\/uploads\/2025\/10\/dbd02016-5139-4f16-bd56-75e7efd37ff8.jpg 1600w\" sizes=\"auto, (max-width: 300px) 100vw, 300px\" \/><\/a>\n\t\t\t\t<\/dt><\/dl><br style=\"clear: both\" \/>\n\t\t\t<\/div>\n\n<p>&nbsp;<\/p>\n<hr \/>\n<p>&nbsp;<\/p>\n<blockquote>\n<h1>INAUGURATA L\u2019OFFICINA \u201cMECCATRONICA DI MARIO E LUCA\u201d A CHIESA DI VAL DI ZOLDO<\/h1>\n<\/blockquote>\n<p><strong>VAL DI ZOLDO <\/strong>A Chiesa si \u00e8 svolta l\u2019inaugurazione dell\u2019officina \u201cMeccatronica di Mario e Luca\u201d, un\u2019iniziativa che porta una ventata di novit\u00e0 e dinamismo nel territorio. I protagonisti sono due giovani imprenditori locali, Mario e Luca di Agordo, che hanno deciso di investire nel loro paese, offrendo servizi meccanici di qualit\u00e0 e creando nuove opportunit\u00e0 per la comunit\u00e0 e i dintorni. All\u2019evento era presente anche il sindaco di Val di Zoldo, Camillo De Pellegrin. L\u2019inaugurazione ha richiamato numerosi cittadini, curiosi di conoscere la nuova realt\u00e0 e di confrontarsi con i ragazzi dietro il progetto. Un\u2019iniziativa che va oltre l\u2019aspetto commerciale: rappresenta un segnale di vitalit\u00e0 per la comunit\u00e0 e un esempio positivo di imprenditoria giovanile.<\/p>\n\n\t\t\t<style type='text\/css'>\n\t\t\t\t#gallery-6 {\n\t\t\t\t\tmargin: auto;\n\t\t\t\t}\n\t\t\t\t#gallery-6 .gallery-item {\n\t\t\t\t\tfloat: left;\n\t\t\t\t\tmargin-top: 10px;\n\t\t\t\t\ttext-align: center;\n\t\t\t\t\twidth: 33%;\n\t\t\t\t}\n\t\t\t\t#gallery-6 img {\n\t\t\t\t\tborder: 2px solid #cfcfcf;\n\t\t\t\t}\n\t\t\t\t#gallery-6 .gallery-caption {\n\t\t\t\t\tmargin-left: 0;\n\t\t\t\t}\n\t\t\t\t\/* see gallery_shortcode() in wp-includes\/media.php *\/\n\t\t\t<\/style>\n\t\t<div id='gallery-6' class='dt-gallery-container gallery galleryid-477406 gallery-columns-3 gallery-size-thumbnail'><dl class='gallery-item'>\n\t\t\t\t<dt class='gallery-icon portrait'>\n\t\t\t\t\t<a class=\"rollover rollover-zoom dt-pswp-item\" title=\"9ba853b2-6d4b-4052-8925-926407991601\" data-dt-img-description=\"\" data-large_image_width=\"1200\" data-large_image_height=\"1600\"href='https:\/\/www.radiopiu.net\/wordpress\/wp-content\/uploads\/2025\/10\/9ba853b2-6d4b-4052-8925-926407991601.jpg'><img loading=\"lazy\" decoding=\"async\" width=\"150\" height=\"150\" src=\"https:\/\/www.radiopiu.net\/wordpress\/wp-content\/uploads\/2025\/10\/9ba853b2-6d4b-4052-8925-926407991601-150x150.jpg\" class=\"attachment-thumbnail size-thumbnail\" alt=\"\" \/><\/a>\n\t\t\t\t<\/dt><\/dl><dl class='gallery-item'>\n\t\t\t\t<dt class='gallery-icon landscape'>\n\t\t\t\t\t<a class=\"rollover rollover-zoom dt-pswp-item\" title=\"c871147d-94db-4d4d-80fa-cbb177808029\" data-dt-img-description=\"\" data-large_image_width=\"2040\" data-large_image_height=\"1536\"href='https:\/\/www.radiopiu.net\/wordpress\/wp-content\/uploads\/2025\/10\/c871147d-94db-4d4d-80fa-cbb177808029.jpg'><img loading=\"lazy\" decoding=\"async\" width=\"150\" height=\"150\" src=\"https:\/\/www.radiopiu.net\/wordpress\/wp-content\/uploads\/2025\/10\/c871147d-94db-4d4d-80fa-cbb177808029-150x150.jpg\" class=\"attachment-thumbnail size-thumbnail\" alt=\"\" \/><\/a>\n\t\t\t\t<\/dt><\/dl><dl class='gallery-item'>\n\t\t\t\t<dt class='gallery-icon landscape'>\n\t\t\t\t\t<a class=\"rollover rollover-zoom dt-pswp-item\" title=\"9d7f89e8-33d7-44f1-bad1-5a87a737bac4\" data-dt-img-description=\"\" data-large_image_width=\"1600\" data-large_image_height=\"1200\"href='https:\/\/www.radiopiu.net\/wordpress\/wp-content\/uploads\/2025\/10\/9d7f89e8-33d7-44f1-bad1-5a87a737bac4.jpg'><img loading=\"lazy\" decoding=\"async\" width=\"150\" height=\"150\" src=\"https:\/\/www.radiopiu.net\/wordpress\/wp-content\/uploads\/2025\/10\/9d7f89e8-33d7-44f1-bad1-5a87a737bac4-150x150.jpg\" class=\"attachment-thumbnail size-thumbnail\" alt=\"\" \/><\/a>\n\t\t\t\t<\/dt><\/dl><br style=\"clear: both\" \/>\n\t\t\t<\/div>\n\n<p>&nbsp;<\/p>\n<hr \/>\n<p>&nbsp;<\/p>\n<div class=\"page-title-head hgroup\">\n<blockquote>\n<h1 class=\"entry-title\">DON FABIANO ABBRACCIA LA NUOVA COMUNITA\u2019 LONGARONESE \u2013 VIDEO DI SERENA SOPPERA<\/h1>\n<\/blockquote>\n<\/div>\n<div id=\"title\" class=\"style-scope ytd-watch-metadata\">\n<h1 class=\"style-scope ytd-watch-metadata\"><em>Don Fabiano,il nuovo parroco d\u00ec Longarone e dintorni<\/em><\/h1>\n<\/div>\n<div id=\"top-row\" class=\"style-scope ytd-watch-metadata\">\n<div id=\"owner\" class=\"item style-scope ytd-watch-metadata\">\n<p><a class=\"yt-simple-endpoint style-scope ytd-video-owner-renderer\" tabindex=\"-1\" href=\"https:\/\/www.youtube.com\/@serenasoppera\"><img decoding=\"async\" id=\"img\" class=\"style-scope yt-img-shadow\" draggable=\"false\" src=\"https:\/\/yt3.ggpht.com\/Z-YcxzoQ9BDowY_LysBpa8nNT5MKF26x0hJoSEa9DCR21hNBB4WtERr1lVKf47nkyDFu5tMN2Q=s48-c-k-c0x00ffffff-no-rj\" alt=\"\" width=\"40\" \/><\/a><\/p>\n<div id=\"upload-info\" class=\"style-scope ytd-video-owner-renderer\">\n<div id=\"container\" class=\"style-scope ytd-channel-name\">\n<div id=\"text-container\" class=\"style-scope ytd-channel-name\"><a class=\"yt-simple-endpoint style-scope yt-formatted-string\" spellcheck=\"false\" href=\"https:\/\/www.youtube.com\/@serenasoppera\">Serena Soppera<\/a><\/div>\n<\/div>\n<\/div>\n<\/div>\n<div id=\"owner\" class=\"item style-scope ytd-watch-metadata\">\n<div id=\"subscribe-button\" class=\"style-scope ytd-watch-metadata\">\n<div class=\"smartimation__content\">\n<div class=\"yt-spec-touch-feedback-shape__fill\"><\/div>\n<div class=\"ytAnimatedActionContentWithBackground\">\n<div id=\"notification-preference-button\" class=\"style-scope ytd-subscribe-button-renderer\">\n<div class=\"yt-spec-button-shape-next__icon\" aria-hidden=\"true\">\n<p class=\"\" data-placeholder_class_index=\"1\" data-placeholder-image=\"https:\/\/www.radiopiu.net\/wordpress\/wp-content\/uploads\/complianz\/placeholders\/youtube1WCfU09ITtA-maxresdefault.webp\"><iframe loading=\"lazy\" class=\"cmplz-placeholder-element cmplz-video cmplz-processed cmplz-activated\" title=\"Don Fabiano,il nuovo parroco d\u00ec Longarone e dintorni \" src=\"https:\/\/www.youtube.com\/embed\/1WCfU09ITtA?feature=oembed\" width=\"1200\" height=\"675\" frameborder=\"0\" allowfullscreen=\"allowfullscreen\" data-placeholder-image=\"https:\/\/www.radiopiu.net\/wordpress\/wp-content\/uploads\/complianz\/placeholders\/youtube1WCfU09ITtA-maxresdefault.webp\" data-category=\"marketing\" data-service=\"youtube\" data-cmplz-target=\"src\" data-src-cmplz=\"https:\/\/www.youtube.com\/embed\/1WCfU09ITtA?feature=oembed\" data-mce-fragment=\"1\"><\/iframe><\/p>\n<p>&nbsp;<\/p>\n<\/div>\n<\/div>\n<\/div>\n<\/div>\n<\/div>\n<\/div>\n<\/div>\n<p>&nbsp;<\/p>\n<p>&nbsp;<\/p>\n<hr \/>\n<p>&nbsp;<\/p>\n<blockquote>\n<h1>COPPA DONO 2025: SPORT E SOLIDARIET\u00c0 PREMIANO ASTRA QUERO E DYNAMO VELLAI<\/h1>\n<\/blockquote>\n<p><strong><a class=\"dt-pswp-item\" href=\"https:\/\/www.radiopiu.net\/wordpress\/wp-content\/uploads\/2025\/10\/Immagine1.jpg\" data-dt-img-description=\"\" data-large_image_width=\"451\" data-large_image_height=\"254\"><img loading=\"lazy\" decoding=\"async\" class=\" wp-image-477583 alignleft\" src=\"https:\/\/www.radiopiu.net\/wordpress\/wp-content\/uploads\/2025\/10\/Immagine1-300x169.jpg\" alt=\"\" width=\"218\" height=\"123\" srcset=\"https:\/\/www.radiopiu.net\/wordpress\/wp-content\/uploads\/2025\/10\/Immagine1-300x169.jpg 300w, https:\/\/www.radiopiu.net\/wordpress\/wp-content\/uploads\/2025\/10\/Immagine1.jpg 451w\" sizes=\"auto, (max-width: 218px) 100vw, 218px\" \/><\/a>FELTRE <\/strong>Sabato 25 ottobre si \u00e8 svolta la premiazione della Coppa Dono 2025, iniziativa che premia le societ\u00e0 sportive locali pi\u00f9 attive nella donazione di sangue. Quest\u2019anno il riconoscimento \u00e8 andato ad Astra Quero e Dynamo Vellai, grazie alla generosit\u00e0 di atleti, tifosi e simpatizzanti. La Coppa Dono trasforma ogni donazione in punti: dal 1\u00b0 ottobre 2024 al 30 giugno 2025, venti societ\u00e0 del Feltrino e del Primiero hanno partecipato, con doppi punti per i donatori under 26. L\u2019iniziativa, promossa dal Gruppo Giovani dell\u2019Associazione Feltrina Donatori Volontari di Sangue, mira a diffondere la cultura del dono e a coinvolgere in particolare i giovani. La cerimonia ha visto la partecipazione del presidente Andrea Raveane, dei capisezione locali e di un rappresentante del Gruppo Giovani. Le societ\u00e0 vincitrici hanno ricevuto attrezzature sportive, simbolo del riconoscimento per il loro impegno e sensibilit\u00e0. L\u2019evento ha confermato come lo sport possa diventare veicolo di solidariet\u00e0 e altruismo.<\/p>\n<p>&nbsp;<\/p>\n<p>&nbsp;<\/p>\n<hr \/>\n<p>&nbsp;<\/p>\n<blockquote>\n<h3><a class=\"dt-pswp-item\" href=\"https:\/\/www.radiopiu.net\/wordpress\/wp-content\/uploads\/2024\/01\/POSTE-ITALIANE.png\" data-dt-img-description=\"\" data-large_image_width=\"400\" data-large_image_height=\"400\"><img loading=\"lazy\" decoding=\"async\" class=\" wp-image-370478 alignleft\" src=\"https:\/\/www.radiopiu.net\/wordpress\/wp-content\/uploads\/2024\/01\/POSTE-ITALIANE-300x300.png\" alt=\"\" width=\"118\" height=\"118\" srcset=\"https:\/\/www.radiopiu.net\/wordpress\/wp-content\/uploads\/2024\/01\/POSTE-ITALIANE-300x300.png 300w, https:\/\/www.radiopiu.net\/wordpress\/wp-content\/uploads\/2024\/01\/POSTE-ITALIANE-150x150.png 150w, https:\/\/www.radiopiu.net\/wordpress\/wp-content\/uploads\/2024\/01\/POSTE-ITALIANE.png 400w\" sizes=\"auto, (max-width: 118px) 100vw, 118px\" \/><\/a>LAVORI IN CORSO ALL&#8217;UFFICIO POSTALE DI ZOPPE&#8217; DI CADORE<\/h3>\n<\/blockquote>\n<p><strong>BELLUNO <\/strong>Poste Italiane comunica che da domani, l\u2019ufficio postale di Zopp\u00e8 di Cadore \u00e8 interessato da interventi di ammodernamento per migliorare la qualit\u00e0 dei servizi e dell\u2019accoglienza. Nel corso dei lavori Poste Italiane garantir\u00e0 ai cittadini di Zopp\u00e8 di Cadore la continuit\u00e0 di tutti i servizi attraverso uno sportello dedicato nell\u2019ufficio postale di Forno di Zoldo, via Roma aperto da luned\u00ec a venerd\u00ec dalle 8.20 alle 13.45 ed il sabato fino alle 12.45.<\/p>\n<p>&nbsp;<\/p>\n<hr \/>\n<p>&nbsp;<\/p>\n<blockquote>\n<h2 data-start=\"0\" data-end=\"54\"><strong data-start=\"0\" data-end=\"52\"><a class=\"dt-pswp-item\" href=\"https:\/\/www.radiopiu.net\/wordpress\/wp-content\/uploads\/2025\/10\/07aca541-7ee0-4a6d-8ced-5e30a0902d43.jpg\" data-dt-img-description=\"\" data-large_image_width=\"1080\" data-large_image_height=\"1531\"><img loading=\"lazy\" decoding=\"async\" class=\"size-medium wp-image-477623 alignleft\" src=\"https:\/\/www.radiopiu.net\/wordpress\/wp-content\/uploads\/2025\/10\/07aca541-7ee0-4a6d-8ced-5e30a0902d43-212x300.jpg\" alt=\"\" width=\"212\" height=\"300\" srcset=\"https:\/\/www.radiopiu.net\/wordpress\/wp-content\/uploads\/2025\/10\/07aca541-7ee0-4a6d-8ced-5e30a0902d43-212x300.jpg 212w, https:\/\/www.radiopiu.net\/wordpress\/wp-content\/uploads\/2025\/10\/07aca541-7ee0-4a6d-8ced-5e30a0902d43-722x1024.jpg 722w, https:\/\/www.radiopiu.net\/wordpress\/wp-content\/uploads\/2025\/10\/07aca541-7ee0-4a6d-8ced-5e30a0902d43-768x1089.jpg 768w, https:\/\/www.radiopiu.net\/wordpress\/wp-content\/uploads\/2025\/10\/07aca541-7ee0-4a6d-8ced-5e30a0902d43.jpg 1080w\" sizes=\"auto, (max-width: 212px) 100vw, 212px\" \/><\/a>UN PROGETTO SPECIALE CHE UNISCE CUORE E LIBRI <\/strong><\/h2>\n<\/blockquote>\n<p>Questo Natale vogliamo portare un po\u2019 di magia ai bambini ricoverati nei reparti pediatrici, regalando loro libri Gaby Books che facciano sognare e sorridere.\u00a0 Insieme all\u2019<em data-start=\"234\" data-end=\"257\">Associazione 6 luglio<\/em> raccogliamo libri per i piccoli del reparto pediatrico di Feltre! Per ogni 10 libri acquistati dal nostro catalogo, uno verr\u00e0 donato. \u00a0Puoi anche scegliere di regalare direttamente un titolo: ogni libro avr\u00e0 il nome del donatore.\u00a0 <strong data-start=\"513\" data-end=\"536\">AIUTACI AD AIUTARE! <\/strong>Ogni libro \u00e8 un sorriso in pi\u00f9.\u00a0 Insieme rendiamo questo Natale pi\u00f9 luminoso per tanti bambini.<\/p>\n<p>&nbsp;<\/p>\n<p>&nbsp;<\/p>\n<p>&nbsp;<\/p>\n<p>&nbsp;<\/p>\n<p>&nbsp;<\/p>\n<hr \/>\n<p>&nbsp;<\/p>\n<h2><span style=\"color: #ff0000;\">CONSIGLI COMUNALI IN AGORDINO<\/span><\/h2>\n<p><strong>SELVA DI<\/strong> <strong>CADORE<\/strong> Consiglio comunale convocato per oggi alle 19. Due punti da discutere: l&#8217;assemblea ordinaria della Val Fiorentina SPA e la permuta di un terreno di propriet\u00e0 comunale con terreni di privati in localit\u00e0 Bernart.<\/p>\n<p><strong>RIVAMONTE<\/strong> Consiglio Comunale per domani alle 18:30. All\u2019ordine del giorno figurano nove punti, tra cui la ratifica di due delibere riguardanti variazioni al bilancio di previsione 2025\/2027, il rendiconto 2024 dell\u2019A.S.C.A., e l\u2019aggiornamento del Documento Unico di Programmazione (DUP). Si discuter\u00e0 anche dell\u2019estinzione anticipata di mutui, dell\u2019approvazione del nuovo regolamento di contabilit\u00e0 e delle norme per le adunanze del Consiglio.<\/p>\n<p><strong>SAN TOMASO<\/strong> Consiglio comunale convocato per venerd\u00ec alle 19. Si discuter\u00e0 di una variante al piano degli interventi comunale e la presa d&#8217;atto di un verbale di fine settembre relativo alle risultanze dei controlli interni<\/p>\n<p>&nbsp;<\/p>\n<p>&nbsp;<\/p>\n<hr \/>\n<p>&nbsp;<\/p>\n<blockquote>\n<h3>NOVEMBRE \u00c8 IL MESE DELLA PREVENZIONE DEI TUMORI MASCHILI<\/h3>\n<\/blockquote>\n<p><strong><a class=\"dt-pswp-item\" href=\"https:\/\/www.radiopiu.net\/wordpress\/wp-content\/uploads\/2025\/03\/LILT.jpg\" data-dt-img-description=\"\" data-large_image_width=\"768\" data-large_image_height=\"433\"><img loading=\"lazy\" decoding=\"async\" class=\" wp-image-440668 alignleft\" src=\"https:\/\/www.radiopiu.net\/wordpress\/wp-content\/uploads\/2025\/03\/LILT-300x169.jpg\" alt=\"\" width=\"181\" height=\"102\" srcset=\"https:\/\/www.radiopiu.net\/wordpress\/wp-content\/uploads\/2025\/03\/LILT-300x169.jpg 300w, https:\/\/www.radiopiu.net\/wordpress\/wp-content\/uploads\/2025\/03\/LILT.jpg 768w\" sizes=\"auto, (max-width: 181px) 100vw, 181px\" \/><\/a>BELLUNO <\/strong>La L.I.L.T. &#8211; Sezione Provinciale di Belluno promuove per novembre 2025 la campagna \u201cNon perdere il filo della prevenzione, contro i tumori maschili \u00e8 la tua prima alleata\u201d, dedicata alla salute maschile. Gli uomini tra i 50 e i 70 anni possono prenotare gratuitamente il prelievo per il dosaggio del PSA e una visita urologica di prevenzione con la Dott.ssa Maria Cristina Camuffo. Le prenotazioni si effettuano telefonando alla Segreteria della L.I.L.T. di Belluno al numero 0437-1841362, il marted\u00ec e mercoled\u00ec dalle ore 10.00 alle 12.00. Un\u2019occasione importante per prendersi cura di s\u00e9 e prevenire i tumori maschili.<\/p>\n<p>&nbsp;<\/p>\n<p>&nbsp;<\/p>\n<hr \/>\n<p>&nbsp;<\/p>\n<blockquote>\n<h3><a class=\"dt-pswp-item\" href=\"https:\/\/www.radiopiu.net\/wordpress\/wp-content\/uploads\/2025\/10\/Foto_Odhecaton.jpg\" data-dt-img-description=\"\" data-large_image_width=\"1000\" data-large_image_height=\"662\"><img loading=\"lazy\" decoding=\"async\" class=\" wp-image-477585 alignleft\" src=\"https:\/\/www.radiopiu.net\/wordpress\/wp-content\/uploads\/2025\/10\/Foto_Odhecaton-300x199.jpg\" alt=\"\" width=\"201\" height=\"133\" srcset=\"https:\/\/www.radiopiu.net\/wordpress\/wp-content\/uploads\/2025\/10\/Foto_Odhecaton-300x199.jpg 300w, https:\/\/www.radiopiu.net\/wordpress\/wp-content\/uploads\/2025\/10\/Foto_Odhecaton-768x508.jpg 768w, https:\/\/www.radiopiu.net\/wordpress\/wp-content\/uploads\/2025\/10\/Foto_Odhecaton.jpg 1000w\" sizes=\"auto, (max-width: 201px) 100vw, 201px\" \/><\/a>ODHECATON A BELLUNO<\/h3>\n<\/blockquote>\n<p><strong>BELLUNO<\/strong> Domani, alle 20:30, nella Chiesa di San Pietro a Belluno, si esibir\u00e0 l\u2019ensemble Odhecaton, pluripremiata formazione diretta dal maestro Paolo Da Col. Fin dalla sua fondazione nel 1998, l\u2019ensemble Odhecaton ha ottenuto alcuni dei pi\u00f9 prestigiosi premi discografici e il riconoscimento della critica per aver inaugurato, nel campo dell\u2019esecuzione polifonica, un nuovo atteggiamento interpretativo.<\/p>\n<p>&nbsp;<\/p>\n<p>&nbsp;<\/p>\n<hr \/>\n<p>&nbsp;<\/p>\n<p>&nbsp;<\/p>\n<blockquote class=\"wp-embedded-content\" data-secret=\"U0X7B2H9ru\"><p><a href=\"https:\/\/www.radiopiu.net\/wordpress\/il-settimo-di-vaja-la-memoria-della-tempesta\/\">IL SETTIMO DI VAJA \u2013 LA MEMORIA DELLA TEMPESTA<\/a><\/p><\/blockquote>\n<p><iframe loading=\"lazy\" class=\"wp-embedded-content\" sandbox=\"allow-scripts\" security=\"restricted\" style=\"position: absolute; visibility: hidden;\" title=\"&#8220;IL SETTIMO DI VAJA \u2013 LA MEMORIA DELLA TEMPESTA&#8221; &#8212; Radio Pi\u00f9\" src=\"https:\/\/www.radiopiu.net\/wordpress\/il-settimo-di-vaja-la-memoria-della-tempesta\/embed\/#?secret=xFwJIQDeXQ#?secret=U0X7B2H9ru\" data-secret=\"U0X7B2H9ru\" width=\"600\" height=\"338\" frameborder=\"0\" marginwidth=\"0\" marginheight=\"0\" scrolling=\"no\"><\/iframe><\/p>\n<p>&nbsp;<\/p>\n<hr \/>\n<p>&nbsp;<\/p>\n<blockquote>\n<h1><a class=\"dt-pswp-item\" href=\"https:\/\/www.radiopiu.net\/wordpress\/wp-content\/uploads\/2025\/10\/770a729c-1409-4d64-90f8-9d8a9df40234.png\" data-dt-img-description=\"\" data-large_image_width=\"1024\" data-large_image_height=\"1024\"><img loading=\"lazy\" decoding=\"async\" class=\" wp-image-477584 alignleft\" src=\"https:\/\/www.radiopiu.net\/wordpress\/wp-content\/uploads\/2025\/10\/770a729c-1409-4d64-90f8-9d8a9df40234-300x300.png\" alt=\"\" width=\"183\" height=\"183\" srcset=\"https:\/\/www.radiopiu.net\/wordpress\/wp-content\/uploads\/2025\/10\/770a729c-1409-4d64-90f8-9d8a9df40234-300x300.png 300w, https:\/\/www.radiopiu.net\/wordpress\/wp-content\/uploads\/2025\/10\/770a729c-1409-4d64-90f8-9d8a9df40234-150x150.png 150w, https:\/\/www.radiopiu.net\/wordpress\/wp-content\/uploads\/2025\/10\/770a729c-1409-4d64-90f8-9d8a9df40234-768x768.png 768w, https:\/\/www.radiopiu.net\/wordpress\/wp-content\/uploads\/2025\/10\/770a729c-1409-4d64-90f8-9d8a9df40234.png 1024w\" sizes=\"auto, (max-width: 183px) 100vw, 183px\" \/><\/a>RADIO PI\u00d9 RAGGIUNGE 21.000 AMICI SUL GRUPPO FACEBOOK<\/h1>\n<\/blockquote>\n<p>Un altro motivo di festa arriva da <em data-start=\"2246\" data-end=\"2278\">Radio Pi\u00f9 \u2013 Emittente Agordina<\/em>:<a href=\"https:\/\/www.facebook.com\/groups\/radiopiu\/member-requests\"> il gruppo Facebook<\/a> della storica emittente ha appena accolto il <strong data-start=\"2344\" data-end=\"2373\">nuovo amico numero 21.000<\/strong>. Un traguardo importante, che conferma la forza del legame tra la radio e il territorio. Notizie, cultura e solidariet\u00e0: <em data-start=\"2516\" data-end=\"2527\">Radio Pi\u00f9<\/em> continua a essere la voce viva delle Dolomiti Bellunesi, un ponte \u2014 anche questo \u2014 tra le persone.<br \/>\nOltre al gruppo <a href=\"https:\/\/www.facebook.com\/groups\/radiopiu\/member-requests\">RADIO PIU EMITTENTE AGORDINA\u00a0\u00a0<\/a>l&#8217;emittente \u00e8 presente con la <a href=\"https:\/\/www.facebook.com\/radiopiu\/\">pagina facebook RADIO piu<\/a>\u00a0 con 14.600 follower e la pagina <a href=\"https:\/\/www.facebook.com\/marco.baghy.1\/\">DIRETTA RADIO PIU EMITTENTE AGORDINA<\/a> con 5000 follower<\/p>\n<p>&nbsp;<\/p>\n<hr \/>\n<p>&nbsp;<\/p>\n<blockquote>\n<h3>INFORMAZIONE E GUERRA: LUCA STEINMANN A BELLUNO CON LE SCUOLE IN RETE<\/h3>\n<\/blockquote>\n<p><strong><a class=\"dt-pswp-item\" href=\"https:\/\/www.radiopiu.net\/wordpress\/wp-content\/uploads\/2025\/10\/Senza-titolo.png\" data-dt-img-description=\"\" data-large_image_width=\"644\" data-large_image_height=\"488\"><img loading=\"lazy\" decoding=\"async\" class=\" wp-image-477398 alignleft\" src=\"https:\/\/www.radiopiu.net\/wordpress\/wp-content\/uploads\/2025\/10\/Senza-titolo-300x227.png\" alt=\"\" width=\"153\" height=\"116\" srcset=\"https:\/\/www.radiopiu.net\/wordpress\/wp-content\/uploads\/2025\/10\/Senza-titolo-300x227.png 300w, https:\/\/www.radiopiu.net\/wordpress\/wp-content\/uploads\/2025\/10\/Senza-titolo.png 644w\" sizes=\"auto, (max-width: 153px) 100vw, 153px\" \/><\/a>BELLUNO <\/strong>Raccontare la guerra significa affrontare la complessit\u00e0 dell\u2019informazione. Le Scuole in Rete, insieme all\u2019Associazione Amici delle Scuole in Rete e all\u2019APS Gianni Ballerio, ospitano a Belluno il giornalista e docente Luca Steinmann, autore de <em>Il fronte russo<\/em>. Reporter con esperienza diretta nei principali teatri di guerra, Steinmann \u00e8 oggi l\u2019unico giornalista occidentale con un punto di vista interno al fronte russo. L\u2019incontro \u201cInformazione e guerra: notizie dal fronte\u201d si terr\u00e0 venerd\u00ec 31 ottobre, con dialoghi mattutini per gli studenti e un appuntamento serale alle 20:30 al Liceo Lollino.<\/p>\n<p>&nbsp;<\/p>\n<p>&nbsp;<\/p>\n<hr \/>\n<p>&nbsp;<\/p>\n<blockquote>\n<h3>\u201cTRA LE RIGHE CON\u201d: PAROLE, INCONTRI E STORIE IN MOVIMENTO<\/h3>\n<\/blockquote>\n<p><strong><a class=\"dt-pswp-item\" href=\"https:\/\/www.radiopiu.net\/wordpress\/wp-content\/uploads\/2025\/10\/TRA-LE-RIGHE.png\" data-dt-img-description=\"\" data-large_image_width=\"792\" data-large_image_height=\"310\"><img loading=\"lazy\" decoding=\"async\" class=\" wp-image-477007 alignleft\" src=\"https:\/\/www.radiopiu.net\/wordpress\/wp-content\/uploads\/2025\/10\/TRA-LE-RIGHE-300x117.png\" alt=\"\" width=\"218\" height=\"85\" srcset=\"https:\/\/www.radiopiu.net\/wordpress\/wp-content\/uploads\/2025\/10\/TRA-LE-RIGHE-300x117.png 300w, https:\/\/www.radiopiu.net\/wordpress\/wp-content\/uploads\/2025\/10\/TRA-LE-RIGHE-768x301.png 768w, https:\/\/www.radiopiu.net\/wordpress\/wp-content\/uploads\/2025\/10\/TRA-LE-RIGHE.png 792w\" sizes=\"auto, (max-width: 218px) 100vw, 218px\" \/><\/a>BELLUNO <\/strong>Nasce <strong>\u201c<\/strong>Tra le righe con\u201d, la nuova rassegna letteraria ideata da Barbara Chiarand\u00e0 e Martino Fogliato, pensata per portare la cultura in movimento tra incontri, dialoghi e ascolto. La rassegna far\u00e0 tappa in vari luoghi della provincia di Belluno, proponendo appuntamenti unici dove la parola diventa occasione di relazione e riflessione. Il primo incontro \u00e8 in programma sabato 1\u00b0 novembre alle 18 al Centro culturale \u201cFil\u00f2\u201d del Nevegal con Kristian Ghedina, che presenter\u00e0 la sua biografia <em>\u201cGhedo \u2013 Non ho fretta ma vado veloce\u201d<\/em> (Minerva Editore), scritta con Lorenzo Fabiano. Organizzato in collaborazione con Nevegallika, l\u2019evento \u00e8 a ingresso libero e inaugura un percorso dove letteratura ed emozione si intrecciano, illuminando la forza delle idee condivise.<\/p>\n<p>&nbsp;<\/p>\n<p>&nbsp;<\/p>\n<hr \/>\n<p>&nbsp;<\/p>\n<blockquote>\n<h3>FALCADE RICORDA I CADUTI E LE VITTIME DELL\u2019ALLUVIONE DEL 1966<\/h3>\n<\/blockquote>\n<p><strong><a class=\"dt-pswp-item\" href=\"https:\/\/www.radiopiu.net\/wordpress\/wp-content\/uploads\/2022\/12\/MUNICIPIO-FALCADE.png\" data-dt-img-description=\"\" data-large_image_width=\"941\" data-large_image_height=\"655\"><img loading=\"lazy\" decoding=\"async\" class=\" wp-image-314065 alignleft\" src=\"https:\/\/www.radiopiu.net\/wordpress\/wp-content\/uploads\/2022\/12\/MUNICIPIO-FALCADE-300x209.png\" alt=\"\" width=\"175\" height=\"122\" srcset=\"https:\/\/www.radiopiu.net\/wordpress\/wp-content\/uploads\/2022\/12\/MUNICIPIO-FALCADE-300x209.png 300w, https:\/\/www.radiopiu.net\/wordpress\/wp-content\/uploads\/2022\/12\/MUNICIPIO-FALCADE-768x535.png 768w, https:\/\/www.radiopiu.net\/wordpress\/wp-content\/uploads\/2022\/12\/MUNICIPIO-FALCADE.png 941w\" sizes=\"auto, (max-width: 175px) 100vw, 175px\" \/><\/a>FALCADE <\/strong>Il Comune di Falcade, con il Sindaco e l\u2019Amministrazione comunale, invita la cittadinanza a partecipare alle celebrazioni in memoria dei caduti in guerra e delle vittime dell\u2019alluvione del 1966. Marted\u00ec 4 novembre 2025, alle 14, si terr\u00e0 una Santa Messa in Piazza di Somor, in ricordo dei concittadini scomparsi; in caso di maltempo, la funzione sar\u00e0 celebrata nella Chiesa di Falcade Alto. Domenica 9 novembre, alle\u00a0 10.30, si svolger\u00e0 la Messa per la Festa dell\u2019Unit\u00e0 Nazionale e delle Forze Armate, seguita dalla deposizione di corone ai monumenti ai caduti. L\u2019Amministrazione ringrazia i gruppi A.N.A. locali per la collaborazione e invita tutti a difendere ogni giorno pace e libert\u00e0.<\/p>\n<p>&nbsp;<\/p>\n<p>&nbsp;<\/p>\n<p>&nbsp;<\/p>\n<hr \/>\n<blockquote>\n<h3><\/h3>\n<h3>DANILO GIORDANO PRESENTA IL SUO NUOVO LIBRO \u201cMA LE DOLOMITI, COSA SONO?\u201d<\/h3>\n<\/blockquote>\n<p><strong><a class=\"dt-pswp-item\" href=\"https:\/\/www.radiopiu.net\/wordpress\/wp-content\/uploads\/2025\/10\/giordano.jpg\" data-dt-img-description=\"\" data-large_image_width=\"432\" data-large_image_height=\"608\"><img loading=\"lazy\" decoding=\"async\" class=\" wp-image-476881 alignleft\" src=\"https:\/\/www.radiopiu.net\/wordpress\/wp-content\/uploads\/2025\/10\/giordano-213x300.jpg\" alt=\"\" width=\"91\" height=\"128\" srcset=\"https:\/\/www.radiopiu.net\/wordpress\/wp-content\/uploads\/2025\/10\/giordano-213x300.jpg 213w, https:\/\/www.radiopiu.net\/wordpress\/wp-content\/uploads\/2025\/10\/giordano.jpg 432w\" sizes=\"auto, (max-width: 91px) 100vw, 91px\" \/><\/a>AGORDO <\/strong>L\u2019Associazione Amici dei Minerari APS invita il pubblico alla presentazione del nuovo libro di Danilo Giordano, intitolato <em data-start=\"203\" data-end=\"322\">\u201cMa le Dolomiti, cosa sono? Una interpretazione geologica degli scritti di Dino Buzzati ispirata a Bruno Castiglioni\u201d<\/em>. L\u2019evento si terr\u00e0 venerd\u00ec 7 novembre 2025 alle ore 18 presso la Sala \u00abDon Tamis\u00bb di Agordo. L\u2019opera, ottavo volume della collana <em data-start=\"459\" data-end=\"488\">Memorie Geologiche Agordine<\/em>, propone un affascinante viaggio tra scienza e letteratura, esplorando le Dolomiti attraverso lo sguardo poetico di Dino Buzzati e l\u2019approccio scientifico di Bruno Castiglioni. Giordano intreccia geologia e narrativa, restituendo al lettore una visione unica delle montagne patrimonio dell\u2019umanit\u00e0.<\/p>\n<p>&nbsp;<\/p>\n<p>&nbsp;<\/p>\n<hr \/>\n<p>&nbsp;<\/p>\n<blockquote>\n<h3>&#8220;LA<a class=\"dt-pswp-item\" href=\"https:\/\/www.radiopiu.net\/wordpress\/wp-content\/uploads\/2025\/10\/AntoniaFedon_LaCreazione-particolare.jpeg\" data-dt-img-description=\"\" data-large_image_width=\"961\" data-large_image_height=\"1002\"><img loading=\"lazy\" decoding=\"async\" class=\" wp-image-476857 alignleft\" src=\"https:\/\/www.radiopiu.net\/wordpress\/wp-content\/uploads\/2025\/10\/AntoniaFedon_LaCreazione-particolare-288x300.jpeg\" alt=\"\" width=\"101\" height=\"106\" srcset=\"https:\/\/www.radiopiu.net\/wordpress\/wp-content\/uploads\/2025\/10\/AntoniaFedon_LaCreazione-particolare-288x300.jpeg 288w, https:\/\/www.radiopiu.net\/wordpress\/wp-content\/uploads\/2025\/10\/AntoniaFedon_LaCreazione-particolare-768x801.jpeg 768w, https:\/\/www.radiopiu.net\/wordpress\/wp-content\/uploads\/2025\/10\/AntoniaFedon_LaCreazione-particolare.jpeg 961w\" sizes=\"auto, (max-width: 101px) 100vw, 101px\" \/><\/a> CREAZIONE&#8221; DI MARIA ANTONIA FEDON AL TEATRO DINO BUZZATI<\/h3>\n<\/blockquote>\n<p><strong>BELLUNO <\/strong>Venerd\u00ec 7 novembre, alle 17, al Teatro Dino Buzzati di Belluno verr\u00e0 inaugurata &#8220;La Creazione&#8221;, opera dell&#8217;artista bellunese Maria Antonia Fedon dedicata allo scrittore e giornalista bellunese Dino Buzzati, che il Comune di Belluno ha deciso di esporre permanentemente all&#8217;interno del teatro, nell&#8217;antisala dell&#8217;ingresso.<\/p>\n<p>&nbsp;<\/p>\n<p>&nbsp;<\/p>\n<hr \/>\n<p>&nbsp;<\/p>\n<blockquote>\n<h3>AD AGORDO LA PRIMA PRESENTAZIONE DEL SAGGIO SULLA LINGUA LADINA<\/h3>\n<\/blockquote>\n<p><strong><a class=\"dt-pswp-item\" href=\"https:\/\/www.radiopiu.net\/wordpress\/wp-content\/uploads\/2025\/10\/musla.jpg\" data-dt-img-description=\"\" data-large_image_width=\"428\" data-large_image_height=\"609\"><img loading=\"lazy\" decoding=\"async\" class=\" wp-image-476877 alignleft\" src=\"https:\/\/www.radiopiu.net\/wordpress\/wp-content\/uploads\/2025\/10\/musla-211x300.jpg\" alt=\"\" width=\"101\" height=\"144\" srcset=\"https:\/\/www.radiopiu.net\/wordpress\/wp-content\/uploads\/2025\/10\/musla-211x300.jpg 211w, https:\/\/www.radiopiu.net\/wordpress\/wp-content\/uploads\/2025\/10\/musla.jpg 428w\" sizes=\"auto, (max-width: 101px) 100vw, 101px\" \/><\/a>AGORDO <\/strong>Agordo si prepara a ospitare un evento culturale di grande rilievo: il 22 novembre sar\u00e0 presentato il saggio <em data-start=\"269\" data-end=\"323\">\u201cNormalizzazione linguistica in Agordino e in Zoldo\u201d<\/em>, frutto del lavoro dell\u2019Istituto Bellunese di Ricerche Sociali e Culturali (IBRSC). Il libro, scritto a pi\u00f9 mani, \u00e8 stato realizzato in collaborazione con MUSLA, Federazione Ladina del Veneto, Unioni Ladine dell\u2019Agordino e Provincia di Belluno. La presentazione si svolger\u00e0 nella Sala Convegni Don Tamis, in Via 27 Aprile 10, a partire dalle ore 18:00. La serata prevede due momenti: la presentazione del volume e una tavola rotonda aperta al pubblico e agli ospiti invitati, per discutere delle sfide e delle opportunit\u00e0 della lingua ladina nella regione. Al termine dell\u2019incontro sar\u00e0 offerto un rinfresco, occasione per confrontarsi e approfondire i temi trattati.<\/p>\n<p>&nbsp;<\/p>\n<p>&nbsp;<\/p>\n<hr \/>\n<p>&nbsp;<\/p>\n<blockquote class=\"wp-embedded-content\" data-secret=\"KmjEInNuok\"><p><a href=\"https:\/\/www.radiopiu.net\/wordpress\/puntata-11asa1\/\">UN\u2019AMICIZIA SCOLPITA NEL TEMPO: IL RICORDO DI FRANCO FIABANE ATTRAVERSO LE FOTO DI ELIO<\/a><\/p><\/blockquote>\n<p><iframe loading=\"lazy\" class=\"wp-embedded-content\" sandbox=\"allow-scripts\" security=\"restricted\" style=\"position: absolute; visibility: hidden;\" title=\"&#8220;UN\u2019AMICIZIA SCOLPITA NEL TEMPO: IL RICORDO DI FRANCO FIABANE ATTRAVERSO LE FOTO DI ELIO&#8221; &#8212; Radio Pi\u00f9\" src=\"https:\/\/www.radiopiu.net\/wordpress\/puntata-11asa1\/embed\/#?secret=1GI2vyX1n8#?secret=KmjEInNuok\" data-secret=\"KmjEInNuok\" width=\"600\" height=\"338\" frameborder=\"0\" marginwidth=\"0\" marginheight=\"0\" scrolling=\"no\"><\/iframe><\/p>\n<p>&nbsp;<\/p>\n<hr \/>\n<p>&nbsp;<\/p>\n<h1><span style=\"color: #ff6600;\">IERI ALLA RADIO<\/span><\/h1>\n<h2><span style=\"color: #33cccc;\">DALLO STAND APPIA, ARREDAMONT 2025 &#8211; LONGARONE FIERE<\/span><\/h2>\n<p><strong>LONGARONE<\/strong> Appia CNA Belluno \u00e8 protagonista ad Arredamont 2025 con un programma dedicato al valore e alla modernit\u00e0 dell\u2019artigianato locale. Nel Padiglione B, lo stand dell\u2019associazione diventer\u00e0 un laboratorio a cielo aperto con il progetto <em data-start=\"242\" data-end=\"292\">\u201cL\u2019artigiano in Fiera 2025 \u2013 Un\u2019arte per lavoro\u201d<\/em>, tra dimostrazioni, workshop e incontri sui mestieri del territorio. Ogni giorno artigiani di vari settori \u2013 dall\u2019occhialeria al design, dalla meccanica al tessile \u2013 mostreranno come tradizione e innovazione possano convivere. Tra gli eventi spiccano la prova dell\u2019esoscheletro Wurth, i laboratori di stampa 3D e CAD e l\u2019incontro <em data-start=\"627\" data-end=\"649\">\u201cMeccanica e design\u201d<\/em>. Completa il programma la mostra <em data-start=\"683\" data-end=\"712\">\u201c80 anni di Libera Impresa\u201d<\/em> e, il 2 novembre, uno spettacolo teatrale celebrativo.<\/p>\n<p><strong>PUNTATA 01 &#8211; 27 OTTOBRE 2025<\/strong><\/p>\n<p><iframe loading=\"lazy\" title=\"Appia Arredamont Le tre Radio - 27 10 2025\" width=\"1200\" height=\"675\" src=\"https:\/\/www.youtube.com\/embed\/wy7vmKfp004?feature=oembed\" frameborder=\"0\" allow=\"accelerometer; autoplay; clipboard-write; encrypted-media; gyroscope; picture-in-picture; web-share\" referrerpolicy=\"strict-origin-when-cross-origin\" allowfullscreen><\/iframe><\/p>\n<p>&nbsp;<\/p>\n<h2><strong>LA RACCOLTA COMPLETA <a href=\"https:\/\/www.radiopiu.net\/wordpress\/dallo-stand-appia-arredamont-2025-longarone-fiere-raccolta-completa\/\"><span style=\"color: #3366ff;\">CLICCA QUI<\/span><\/a><\/strong><\/h2>\n<p>&nbsp;<\/p>\n<hr \/>\n<p>&nbsp;<\/p>\n<h2><span style=\"color: #333399;\">OGGI COME IERI, TERZO ANNO. CON SILVIA BALDO<\/span><\/h2>\n<p><strong><a class=\"dt-pswp-item\" href=\"https:\/\/www.radiopiu.net\/wordpress\/wp-content\/uploads\/2025\/10\/30anni_di_www.jpg\" data-dt-img-description=\"\" data-large_image_width=\"1500\" data-large_image_height=\"960\"><img loading=\"lazy\" decoding=\"async\" class=\" wp-image-477524 alignleft\" src=\"https:\/\/www.radiopiu.net\/wordpress\/wp-content\/uploads\/2025\/10\/30anni_di_www-300x192.jpg\" alt=\"\" width=\"178\" height=\"114\" srcset=\"https:\/\/www.radiopiu.net\/wordpress\/wp-content\/uploads\/2025\/10\/30anni_di_www-300x192.jpg 300w, https:\/\/www.radiopiu.net\/wordpress\/wp-content\/uploads\/2025\/10\/30anni_di_www-1024x655.jpg 1024w, https:\/\/www.radiopiu.net\/wordpress\/wp-content\/uploads\/2025\/10\/30anni_di_www-768x492.jpg 768w, https:\/\/www.radiopiu.net\/wordpress\/wp-content\/uploads\/2025\/10\/30anni_di_www.jpg 1500w\" sizes=\"auto, (max-width: 178px) 100vw, 178px\" \/><\/a>27 OTTOBRE<\/strong><\/p>\n<audio class=\"wp-audio-shortcode\" id=\"audio-477406-9\" preload=\"none\" style=\"width: 100%;\" controls=\"controls\"><source type=\"audio\/mpeg\" src=\"https:\/\/www.radiopiu.net\/wordpress\/wp-content\/uploads\/2025\/10\/SIBI-3.mp3?_=9\" \/><a href=\"https:\/\/www.radiopiu.net\/wordpress\/wp-content\/uploads\/2025\/10\/SIBI-3.mp3\">https:\/\/www.radiopiu.net\/wordpress\/wp-content\/uploads\/2025\/10\/SIBI-3.mp3<\/a><\/audio>\n<p>&nbsp;<\/p>\n<h2><strong>LA RACCOLTA COMPLETA <a href=\"https:\/\/www.radiopiu.net\/wordpress\/oggi-come-otto27\/\"><span style=\"color: #3366ff;\">CLICCA QUI<\/span><\/a><\/strong><\/h2>\n<p>&nbsp;<\/p>\n<hr \/>\n<p>&nbsp;<\/p>\n<h2><span style=\"color: #808000;\">PERITI MINERARI DALL&#8217;AGORDINO AL MONDO SECONDA EDIZIONE<\/span><\/h2>\n<p><strong>07 MASSIMO CONEDERA<\/strong><\/p>\n<p><iframe loading=\"lazy\" title=\"07 MASSIMO CONEDERA\" width=\"1200\" height=\"675\" src=\"https:\/\/www.youtube.com\/embed\/KAmmRhrdiSA?feature=oembed\" frameborder=\"0\" allow=\"accelerometer; autoplay; clipboard-write; encrypted-media; gyroscope; picture-in-picture; web-share\" referrerpolicy=\"strict-origin-when-cross-origin\" allowfullscreen><\/iframe><\/p>\n<p>&nbsp;<\/p>\n<h2><strong>LA RACCOLTA COMPLETA <span style=\"color: #3366ff;\"><a style=\"color: #3366ff;\" href=\"https:\/\/www.radiopiu.net\/wordpress\/periti-minerari-dallagordino-al-mondo\/\">CLICCA QUI<\/a><\/span><\/strong><\/h2>\n<p>&nbsp;<\/p>\n<hr \/>\n<p>&nbsp;<\/p>\n<h2><span style=\"color: #ff00ff;\">SIB INFORMA: FORMAZIONE E SICUREZZA IN SIB<\/span><\/h2>\n<p><strong><a class=\"dt-pswp-item\" href=\"https:\/\/www.radiopiu.net\/wordpress\/wp-content\/uploads\/2025\/10\/sicurezza.jpg\" data-dt-img-description=\"\" data-large_image_width=\"781\" data-large_image_height=\"613\"><img loading=\"lazy\" decoding=\"async\" class=\" wp-image-477531 alignleft\" src=\"https:\/\/www.radiopiu.net\/wordpress\/wp-content\/uploads\/2025\/10\/sicurezza-300x235.jpg\" alt=\"\" width=\"165\" height=\"129\" srcset=\"https:\/\/www.radiopiu.net\/wordpress\/wp-content\/uploads\/2025\/10\/sicurezza-300x235.jpg 300w, https:\/\/www.radiopiu.net\/wordpress\/wp-content\/uploads\/2025\/10\/sicurezza-768x603.jpg 768w, https:\/\/www.radiopiu.net\/wordpress\/wp-content\/uploads\/2025\/10\/sicurezza.jpg 781w\" sizes=\"auto, (max-width: 165px) 100vw, 165px\" \/><\/a>DI BARBARA PAOLAZZI<\/strong><\/p>\n<p>OSPITI: Alice Fontanella (responsabile del servizio prevenzione e protezione) e Sabrina De Toffol (addetta del servizio prevenzione e protezione), Simone Cerra e Davide Preloran (dipendenti SIB)<\/p>\n<audio class=\"wp-audio-shortcode\" id=\"audio-477406-10\" preload=\"none\" style=\"width: 100%;\" controls=\"controls\"><source type=\"audio\/mpeg\" src=\"https:\/\/www.radiopiu.net\/wordpress\/wp-content\/uploads\/2025\/10\/23-SIB-INFORMA-27-10-2025-corsi-sicurezza.mp3?_=10\" \/><a href=\"https:\/\/www.radiopiu.net\/wordpress\/wp-content\/uploads\/2025\/10\/23-SIB-INFORMA-27-10-2025-corsi-sicurezza.mp3\">https:\/\/www.radiopiu.net\/wordpress\/wp-content\/uploads\/2025\/10\/23-SIB-INFORMA-27-10-2025-corsi-sicurezza.mp3<\/a><\/audio>\n<p>&nbsp;<\/p>\n<blockquote class=\"wp-embedded-content\" data-secret=\"uan4uR1hZF\"><p><a href=\"https:\/\/www.radiopiu.net\/wordpress\/gsp-informa\/\">SIB informa<\/a><\/p><\/blockquote>\n<p><iframe loading=\"lazy\" class=\"wp-embedded-content\" sandbox=\"allow-scripts\" security=\"restricted\" style=\"position: absolute; visibility: hidden;\" title=\"&#8220;SIB informa&#8221; &#8212; Radio Pi\u00f9\" src=\"https:\/\/www.radiopiu.net\/wordpress\/gsp-informa\/embed\/#?secret=RWVJCu6VjZ#?secret=uan4uR1hZF\" data-secret=\"uan4uR1hZF\" width=\"600\" height=\"338\" frameborder=\"0\" marginwidth=\"0\" marginheight=\"0\" scrolling=\"no\"><\/iframe><\/p>\n<p>&nbsp;<\/p>\n<hr \/>\n<p>&nbsp;<\/p>\n<h2><span style=\"color: #ff99cc;\">SALUTE E SOCIETA&#8217;<\/span><\/h2>\n<p><strong><a class=\"dt-pswp-item\" href=\"https:\/\/www.radiopiu.net\/wordpress\/wp-content\/uploads\/2025\/10\/er.jpeg\" data-dt-img-description=\"\" data-large_image_width=\"1200\" data-large_image_height=\"686\"><img loading=\"lazy\" decoding=\"async\" class=\" wp-image-477486 alignleft\" src=\"https:\/\/www.radiopiu.net\/wordpress\/wp-content\/uploads\/2025\/10\/er-300x172.jpeg\" alt=\"\" width=\"225\" height=\"129\" srcset=\"https:\/\/www.radiopiu.net\/wordpress\/wp-content\/uploads\/2025\/10\/er-300x172.jpeg 300w, https:\/\/www.radiopiu.net\/wordpress\/wp-content\/uploads\/2025\/10\/er-1024x585.jpeg 1024w, https:\/\/www.radiopiu.net\/wordpress\/wp-content\/uploads\/2025\/10\/er-768x439.jpeg 768w, https:\/\/www.radiopiu.net\/wordpress\/wp-content\/uploads\/2025\/10\/er.jpeg 1200w\" sizes=\"auto, (max-width: 225px) 100vw, 225px\" \/><\/a>PUNTATA DEL 27 OTTOBRE 2025<\/strong><\/p>\n<p><strong>Tumore della prostata <\/strong>Una nuova terapia contro il tumore della prostata pi\u00f9 aggressivo \u00e8 ora rimborsata in Italia. Si tratta della prima compressa a doppia azione per pazienti con forme metastatiche e mutazioni genetiche BRCA. Secondo lo studio clinico, riduce del 45% il rischio di progressione della malattia. <strong>Herpes Zoster <\/strong>Novanta pazienti oncologici e immunocompromessi su cento non ricevono il vaccino contro l\u2019Herpes Zoster durante i loro percorsi di cura in ospedale. Una lacuna che pu\u00f2 costare cara: dolore cronico, infezioni invalidanti, interruzioni delle terapie salvavita. Per colmare questo vuoto nasce Vax Populi, un progetto nazionale che coinvolge dieci ospedali italiani con l\u2019obiettivo di portare la prevenzione direttamente nei reparti, trasformando l\u2019ospedale da luogo che cura a luogo che protegge.<\/p>\n<audio class=\"wp-audio-shortcode\" id=\"audio-477406-11\" preload=\"none\" style=\"width: 100%;\" controls=\"controls\"><source type=\"audio\/mpeg\" src=\"https:\/\/www.radiopiu.net\/wordpress\/wp-content\/uploads\/2025\/10\/SALUTE-4.mp3?_=11\" \/><a href=\"https:\/\/www.radiopiu.net\/wordpress\/wp-content\/uploads\/2025\/10\/SALUTE-4.mp3\">https:\/\/www.radiopiu.net\/wordpress\/wp-content\/uploads\/2025\/10\/SALUTE-4.mp3<\/a><\/audio>\n<p>&nbsp;<\/p>\n<hr \/>\n<p>&nbsp;<\/p>\n<h2><span style=\"color: #00ffff;\">I RACCONTI DI PAOLO SOPPELSA<\/span><\/h2>\n<p><strong>ARIA DA NEF<\/strong><\/p>\n<p><strong>AUDIO<\/strong><\/p>\n<audio class=\"wp-audio-shortcode\" id=\"audio-477406-12\" preload=\"none\" style=\"width: 100%;\" controls=\"controls\"><source type=\"audio\/mpeg\" src=\"https:\/\/www.radiopiu.net\/wordpress\/wp-content\/uploads\/2025\/10\/PAOLOS-3.mp3?_=12\" \/><a href=\"https:\/\/www.radiopiu.net\/wordpress\/wp-content\/uploads\/2025\/10\/PAOLOS-3.mp3\">https:\/\/www.radiopiu.net\/wordpress\/wp-content\/uploads\/2025\/10\/PAOLOS-3.mp3<\/a><\/audio>\n<p>&nbsp;<\/p>\n<p><a class=\"dt-pswp-item\" href=\"https:\/\/www.radiopiu.net\/wordpress\/wp-content\/uploads\/2025\/10\/d0ba9352-da79-4fd0-bb2a-274c73d61444.jpg\" data-dt-img-description=\"\" data-large_image_width=\"2048\" data-large_image_height=\"1536\"><img loading=\"lazy\" decoding=\"async\" class=\" wp-image-477368 alignleft\" src=\"https:\/\/www.radiopiu.net\/wordpress\/wp-content\/uploads\/2025\/10\/d0ba9352-da79-4fd0-bb2a-274c73d61444-300x225.jpg\" alt=\"\" width=\"188\" height=\"141\" srcset=\"https:\/\/www.radiopiu.net\/wordpress\/wp-content\/uploads\/2025\/10\/d0ba9352-da79-4fd0-bb2a-274c73d61444-300x225.jpg 300w, https:\/\/www.radiopiu.net\/wordpress\/wp-content\/uploads\/2025\/10\/d0ba9352-da79-4fd0-bb2a-274c73d61444-1024x768.jpg 1024w, https:\/\/www.radiopiu.net\/wordpress\/wp-content\/uploads\/2025\/10\/d0ba9352-da79-4fd0-bb2a-274c73d61444-768x576.jpg 768w, https:\/\/www.radiopiu.net\/wordpress\/wp-content\/uploads\/2025\/10\/d0ba9352-da79-4fd0-bb2a-274c73d61444-1536x1152.jpg 1536w, https:\/\/www.radiopiu.net\/wordpress\/wp-content\/uploads\/2025\/10\/d0ba9352-da79-4fd0-bb2a-274c73d61444.jpg 2048w\" sizes=\"auto, (max-width: 188px) 100vw, 188px\" \/><\/a>Nel silenzio di quel primo mattino d&#8217;inizio novembre avevo sentito il rumore del motore della Ritmo che si stava parcheggiando sotto casa. Faceva freddo a Cencenighe. Mamma si era alzata presto e aveva acceso subito il fuoco e preparato la colazione. Nel frattempo io guardavo dalla finestra un orizzonte che non c&#8217;era. Aldil\u00e0 dei vetri l&#8217;autunno sembrava scomparso, ingoiato dall&#8217;inverno precoce che era entrato nella valle. Una coltre di nuvole grigie e basse copriva i boschi colorati e la strada era coperta da uno spesso strato di brina. Grigio e bianco, proprio come in certe giornate di pieno inverno. Dopo qualche minuto pap\u00e0 era entrato in cucina e si era messo accanto alla stufa. Era ritornato presto dalla caccia. Le aria da nef, aveva detto mentre le sue mani si riscaldavano sopra i cerchi ormai roventi. Le propio cambi\u00e0 el temp, stanot l&#8217;era fret, aveva detto la mamma mentre pensierosa guardava dalla finestra. Dopo la morte del fuoco era stata notte fredda. In quel fine settimana era comparsa l&#8217;umidit\u00e0 classica delle case poco abitate e un p\u00f2 la si sentiva entrare nelle ossa. Ocor almancol trei d\u00ec de fok parch\u00e8 se scalde i mur, aveva detto pap\u00e0 mentre metteva altra legna nel fuoco. Ero uscito in passeggiata con il cane mentre le campane annunciavano la Messa. Un silenzio ovattato mi aveva accolto e anche le campane avevano un suono sordo, assorbito dalla nebbia umida e leggera. Il freddo, complice l&#8217;umidit\u00e0, mordeva, e la si respirava veramente quell&#8217;aria da neve. Il cane tirava mentre vivevo quel particolare silenzio che precede l&#8217;inizio di una nevicata. Non c&#8217;era nessuno in giro e i camini fumavano come in pieno dicembre. Guardavo con attenzione cercando di scorgere i primi fiocchi, ma le nuvole non erano ancora scese a lambire i tetti e non era ancora il momento della neve. A casa avevo trovato atmosfera da fine permanenza autunnale a Cencenighe. C&#8217;era aria di inverno, nel cimitero la tomba della nonna aveva i fiori nuovi e in casa ci sarebbe stato troppo freddo e il sabato avremmo avuto poco tempo per scaldare a sufficienza. En d\u00ec de chesti viene su a ser\u00e0 le acque, aveva detto pap\u00e0 mentre mamma sistemava i letti e terminava di mettere un po\u2019 di ordine. Avevamo lasciato morire l&#8217;ultimo fuoco d&#8217;autunno e poi eravamo saliti a San Tomaso per pranzare dai nonni. Il calore potente del fornel che il nonno aveva acceso all&#8217;alba, ci aveva accolti e in quegli istanti aveva iniziato a nevicare. I fiocchi di neve, dapprima radi e poi sempre pi\u00f9 fitti, erano stati immediatamente accolti dal terreno gelato. Al termine del pranzo l&#8217;atmosfera era quella classica dell&#8217;inverno, con i tetti, i prati e l&#8217;asfalto della Provinciale ricoperti da qualche centimetro di neve. Guardavo scendere i fiocchi ed ero stupito da quella nevicata cos\u00ec precoce. Osservavo il manto bianco che diventava sempre pi\u00f9 spesso mentre nonni e genitori raccontavano vecchie nevicate d&#8217;inizio novembre. Verso le sedici, all\u2019approssimarsi dell\u2019imbrunire, era stato il rumore del versor a rompere per un attimo il silenzio della neve. Il lampeggiante giallo che si faceva largo nella nebbia, il suono cupo della lama che aveva sfiorato l&#8217;asfalto e poi nuovamente il silenzio della sera che stava per nascere. Alle 18, quando ormai era notte fonda e aveva smesso di nevicare, siamo partiti alla volta di Belluno. Fino a Mezcanal la Strada Madre era vestita d&#8217;inverno, a Listolade avevamo incontrato nuovamente l&#8217;autunno. C&#8217;erano tante stelle in cielo e pap\u00e0 aveva detto Las\u00f9 stanot el giaza. Era il 4 novembre.<\/p>\n<p>&nbsp;<\/p>\n<p>&nbsp;<\/p>\n<hr \/>\n<p>&nbsp;<\/p>\n<h2><span style=\"color: #800080;\">I CONSIGLI DI GIANLUCA&#8230;DA DOLOMITI BEER &amp; WINE SHOP<\/span><\/h2>\n<p><a class=\"dt-pswp-item\" href=\"https:\/\/www.radiopiu.net\/wordpress\/wp-content\/uploads\/2025\/10\/Designer-15.png\" data-dt-img-description=\"\" data-large_image_width=\"1024\" data-large_image_height=\"1536\"><img loading=\"lazy\" decoding=\"async\" class=\"wp-image-477464 alignleft\" src=\"https:\/\/www.radiopiu.net\/wordpress\/wp-content\/uploads\/2025\/10\/Designer-15-200x300.png\" alt=\"\" width=\"143\" height=\"215\" srcset=\"https:\/\/www.radiopiu.net\/wordpress\/wp-content\/uploads\/2025\/10\/Designer-15-200x300.png 200w, https:\/\/www.radiopiu.net\/wordpress\/wp-content\/uploads\/2025\/10\/Designer-15-683x1024.png 683w, https:\/\/www.radiopiu.net\/wordpress\/wp-content\/uploads\/2025\/10\/Designer-15-768x1152.png 768w, https:\/\/www.radiopiu.net\/wordpress\/wp-content\/uploads\/2025\/10\/Designer-15.png 1024w\" sizes=\"auto, (max-width: 143px) 100vw, 143px\" \/><\/a><strong>27 OTTOBRE UOU \u2013 I VIGNETI CHE RITROVANO VITA NEL CUORE DEL COLLIO SLOVENO<\/strong><\/p>\n<p><span style=\"font-family: Times New Roman, serif;\"><span style=\"font-size: medium;\">Tra le colline soleggiate di <\/span><\/span><span style=\"font-family: Times New Roman, serif;\"><span style=\"font-size: medium;\"><b>Solkan<\/b><\/span><\/span><span style=\"font-family: Times New Roman, serif;\"><span style=\"font-size: medium;\">, un gruppo di amici guidato da <\/span><\/span><span style=\"font-family: Times New Roman, serif;\"><span style=\"font-size: medium;\"><b>Marinko Pintar<\/b><\/span><\/span><span style=\"font-family: Times New Roman, serif;\"><span style=\"font-size: medium;\"> ha deciso di ridare respiro a vecchi vigneti abbandonati. Cos\u00ec \u00e8 nato <\/span><\/span><span style=\"font-family: Times New Roman, serif;\"><span style=\"font-size: medium;\"><b>UOU<\/b><\/span><\/span><span style=\"font-family: Times New Roman, serif;\"><span style=\"font-size: medium;\">, un progetto che custodisce antiche variet\u00e0 autoctone e le trasforma in vini autentici, realizzati con metodi naturali e tanta passione. <\/span><\/span> <span style=\"font-family: Times New Roman, serif;\"><span style=\"font-size: medium;\">Nei loro filari convivono Rebula, Merlot, Barbera, Refosco, Gamay e persino vigneti rarissimi. Il risultato? Vini intensi, vivi, che raccontano una storia di rinascita e amore per la terra. <\/span><\/span><span style=\"font-family: Times New Roman, serif;\"><span style=\"font-size: medium;\">Da <\/span><\/span><span style=\"font-family: Times New Roman, serif;\"><span style=\"font-size: medium;\"><b>Dafrom<\/b><\/span><\/span><span style=\"font-family: Times New Roman, serif;\"><span style=\"font-size: medium;\"> e nei <\/span><\/span><span style=\"font-family: Times New Roman, serif;\"><span style=\"font-size: medium;\"><b>Dolomiti Beer &amp; Wine Shop<\/b><\/span><\/span><span style=\"font-family: Times New Roman, serif;\"><span style=\"font-size: medium;\"> cerchiamo proprio questo: produttori veri, capaci di emozionare con ogni sorso. <\/span><\/span> \u00a0<span style=\"font-family: Times New Roman, serif;\"><span style=\"font-size: medium;\">Ricorda: <\/span><\/span><span style=\"font-family: Times New Roman, serif;\"><span style=\"font-size: medium;\"><b>ogni persona \u00e8 un buon bevitore.<\/b><\/span><\/span><\/p>\n<p>&nbsp;<\/p>\n<p>&nbsp;<\/p>\n<p>&nbsp;<\/p>\n<p><strong>AUDIO<\/strong><\/p>\n<audio class=\"wp-audio-shortcode\" id=\"audio-477406-13\" preload=\"none\" style=\"width: 100%;\" controls=\"controls\"><source type=\"audio\/mpeg\" src=\"https:\/\/www.radiopiu.net\/wordpress\/wp-content\/uploads\/2025\/10\/GWINE1A-9.mp3?_=13\" \/><a href=\"https:\/\/www.radiopiu.net\/wordpress\/wp-content\/uploads\/2025\/10\/GWINE1A-9.mp3\">https:\/\/www.radiopiu.net\/wordpress\/wp-content\/uploads\/2025\/10\/GWINE1A-9.mp3<\/a><\/audio>\n<p>&nbsp;<\/p>\n<h2><strong>LA RACCOLTA COMPLETA <a href=\"https:\/\/www.radiopiu.net\/wordpress\/parola-di-gianluca-27\/\"><span style=\"color: #3366ff;\">CLICCA QUI<\/span><\/a><\/strong><\/h2>\n<p>&nbsp;<\/p>\n<hr \/>\n<p>&nbsp;<\/p>\n<h2><span style=\"color: #ff0000;\"><a class=\"dt-pswp-item\" href=\"https:\/\/www.radiopiu.net\/wordpress\/wp-content\/uploads\/2018\/09\/appuntamenti.jpeg\" data-dt-img-description=\"\" data-large_image_width=\"800\" data-large_image_height=\"100\"><img loading=\"lazy\" decoding=\"async\" class=\"wp-image-61958 size-full aligncenter\" src=\"https:\/\/www.radiopiu.net\/wordpress\/wp-content\/uploads\/2018\/09\/appuntamenti.jpeg\" alt=\"\" width=\"800\" height=\"100\" srcset=\"https:\/\/www.radiopiu.net\/wordpress\/wp-content\/uploads\/2018\/09\/appuntamenti.jpeg 800w, https:\/\/www.radiopiu.net\/wordpress\/wp-content\/uploads\/2018\/09\/appuntamenti-300x38.jpeg 300w, https:\/\/www.radiopiu.net\/wordpress\/wp-content\/uploads\/2018\/09\/appuntamenti-768x96.jpeg 768w\" sizes=\"auto, (max-width: 800px) 100vw, 800px\" \/><\/a><\/span><\/h2>\n<p>&nbsp;<\/p>\n\n\t\t\t<style type='text\/css'>\n\t\t\t\t#gallery-7 {\n\t\t\t\t\tmargin: auto;\n\t\t\t\t}\n\t\t\t\t#gallery-7 .gallery-item {\n\t\t\t\t\tfloat: left;\n\t\t\t\t\tmargin-top: 10px;\n\t\t\t\t\ttext-align: center;\n\t\t\t\t\twidth: 20%;\n\t\t\t\t}\n\t\t\t\t#gallery-7 img {\n\t\t\t\t\tborder: 2px solid #cfcfcf;\n\t\t\t\t}\n\t\t\t\t#gallery-7 .gallery-caption {\n\t\t\t\t\tmargin-left: 0;\n\t\t\t\t}\n\t\t\t\t\/* see gallery_shortcode() in wp-includes\/media.php *\/\n\t\t\t<\/style>\n\t\t<div id='gallery-7' class='dt-gallery-container gallery galleryid-477406 gallery-columns-5 gallery-size-thumbnail'><dl class='gallery-item'>\n\t\t\t\t<dt class='gallery-icon portrait'>\n\t\t\t\t\t<a class=\"rollover rollover-zoom dt-pswp-item\" title=\"87dc020f-6cc3-41db-b532-ca50fd7a9a52\" data-dt-img-description=\"\" data-large_image_width=\"1080\" data-large_image_height=\"1480\"href='https:\/\/www.radiopiu.net\/wordpress\/wp-content\/uploads\/2025\/10\/87dc020f-6cc3-41db-b532-ca50fd7a9a52.jpg'><img loading=\"lazy\" decoding=\"async\" width=\"150\" height=\"150\" src=\"https:\/\/www.radiopiu.net\/wordpress\/wp-content\/uploads\/2025\/10\/87dc020f-6cc3-41db-b532-ca50fd7a9a52-150x150.jpg\" class=\"attachment-thumbnail size-thumbnail\" alt=\"\" \/><\/a>\n\t\t\t\t<\/dt><\/dl><dl class='gallery-item'>\n\t\t\t\t<dt class='gallery-icon portrait'>\n\t\t\t\t\t<a class=\"rollover rollover-zoom dt-pswp-item\" title=\"2e6ac4e6-1d7d-41ac-9068-0e0f9e3bffcc\" data-dt-img-description=\"\" data-large_image_width=\"1029\" data-large_image_height=\"1456\"href='https:\/\/www.radiopiu.net\/wordpress\/wp-content\/uploads\/2025\/10\/2e6ac4e6-1d7d-41ac-9068-0e0f9e3bffcc.jpg'><img loading=\"lazy\" decoding=\"async\" width=\"150\" height=\"150\" src=\"https:\/\/www.radiopiu.net\/wordpress\/wp-content\/uploads\/2025\/10\/2e6ac4e6-1d7d-41ac-9068-0e0f9e3bffcc-150x150.jpg\" class=\"attachment-thumbnail size-thumbnail\" alt=\"\" \/><\/a>\n\t\t\t\t<\/dt><\/dl><dl class='gallery-item'>\n\t\t\t\t<dt class='gallery-icon portrait'>\n\t\t\t\t\t<a class=\"rollover rollover-zoom dt-pswp-item\" title=\"LOCANDINA CONFERENZA CANE A LIMANA\" data-dt-img-description=\"\" data-large_image_width=\"1165\" data-large_image_height=\"1654\"href='https:\/\/www.radiopiu.net\/wordpress\/wp-content\/uploads\/2025\/10\/LOCANDINA-CONFERENZA-CANE-A-LIMANA.jpg'><img loading=\"lazy\" decoding=\"async\" width=\"150\" height=\"150\" src=\"https:\/\/www.radiopiu.net\/wordpress\/wp-content\/uploads\/2025\/10\/LOCANDINA-CONFERENZA-CANE-A-LIMANA-150x150.jpg\" class=\"attachment-thumbnail size-thumbnail\" alt=\"\" \/><\/a>\n\t\t\t\t<\/dt><\/dl><dl class='gallery-item'>\n\t\t\t\t<dt class='gallery-icon portrait'>\n\t\t\t\t\t<a class=\"rollover rollover-zoom dt-pswp-item\" title=\"Dove nuotano i caprioli\" data-dt-img-description=\"\" data-large_image_width=\"1754\" data-large_image_height=\"2481\"href='https:\/\/www.radiopiu.net\/wordpress\/wp-content\/uploads\/2025\/10\/Dove-nuotano-i-caprioli.jpg'><img loading=\"lazy\" decoding=\"async\" width=\"150\" height=\"150\" src=\"https:\/\/www.radiopiu.net\/wordpress\/wp-content\/uploads\/2025\/10\/Dove-nuotano-i-caprioli-150x150.jpg\" class=\"attachment-thumbnail size-thumbnail\" alt=\"\" \/><\/a>\n\t\t\t\t<\/dt><\/dl><dl class='gallery-item'>\n\t\t\t\t<dt class='gallery-icon portrait'>\n\t\t\t\t\t<a class=\"rollover rollover-zoom dt-pswp-item\" title=\"d0f070e2-8055-4e24-86da-988127132caa\" data-dt-img-description=\"\" data-large_image_width=\"904\" data-large_image_height=\"1280\"href='https:\/\/www.radiopiu.net\/wordpress\/wp-content\/uploads\/2025\/10\/d0f070e2-8055-4e24-86da-988127132caa.jpg'><img loading=\"lazy\" decoding=\"async\" width=\"150\" height=\"150\" src=\"https:\/\/www.radiopiu.net\/wordpress\/wp-content\/uploads\/2025\/10\/d0f070e2-8055-4e24-86da-988127132caa-150x150.jpg\" class=\"attachment-thumbnail size-thumbnail\" alt=\"\" \/><\/a>\n\t\t\t\t<\/dt><\/dl><br style=\"clear: both\" \/><dl class='gallery-item'>\n\t\t\t\t<dt class='gallery-icon portrait'>\n\t\t\t\t\t<a class=\"rollover rollover-zoom dt-pswp-item\" title=\"LOCAND\" data-dt-img-description=\"\" data-large_image_width=\"429\" data-large_image_height=\"605\"href='https:\/\/www.radiopiu.net\/wordpress\/wp-content\/uploads\/2025\/10\/LOCAND.jpg'><img loading=\"lazy\" decoding=\"async\" width=\"150\" height=\"150\" src=\"https:\/\/www.radiopiu.net\/wordpress\/wp-content\/uploads\/2025\/10\/LOCAND-150x150.jpg\" class=\"attachment-thumbnail size-thumbnail\" alt=\"\" \/><\/a>\n\t\t\t\t<\/dt><\/dl><dl class='gallery-item'>\n\t\t\t\t<dt class='gallery-icon landscape'>\n\t\t\t\t\t<a class=\"rollover rollover-zoom dt-pswp-item\" title=\"563612389_1219539743553039_1535719683077900500_n\" data-dt-img-description=\"\" data-large_image_width=\"1080\" data-large_image_height=\"1080\"href='https:\/\/www.radiopiu.net\/wordpress\/wp-content\/uploads\/2025\/10\/563612389_1219539743553039_1535719683077900500_n.jpg'><img loading=\"lazy\" decoding=\"async\" width=\"150\" height=\"150\" src=\"https:\/\/www.radiopiu.net\/wordpress\/wp-content\/uploads\/2025\/10\/563612389_1219539743553039_1535719683077900500_n-150x150.jpg\" class=\"attachment-thumbnail size-thumbnail\" alt=\"\" srcset=\"https:\/\/www.radiopiu.net\/wordpress\/wp-content\/uploads\/2025\/10\/563612389_1219539743553039_1535719683077900500_n-150x150.jpg 150w, https:\/\/www.radiopiu.net\/wordpress\/wp-content\/uploads\/2025\/10\/563612389_1219539743553039_1535719683077900500_n-300x300.jpg 300w, https:\/\/www.radiopiu.net\/wordpress\/wp-content\/uploads\/2025\/10\/563612389_1219539743553039_1535719683077900500_n-1024x1024.jpg 1024w, https:\/\/www.radiopiu.net\/wordpress\/wp-content\/uploads\/2025\/10\/563612389_1219539743553039_1535719683077900500_n-768x768.jpg 768w, https:\/\/www.radiopiu.net\/wordpress\/wp-content\/uploads\/2025\/10\/563612389_1219539743553039_1535719683077900500_n.jpg 1080w\" sizes=\"auto, (max-width: 150px) 100vw, 150px\" \/><\/a>\n\t\t\t\t<\/dt><\/dl><dl class='gallery-item'>\n\t\t\t\t<dt class='gallery-icon portrait'>\n\t\t\t\t\t<a class=\"rollover rollover-zoom dt-pswp-item\" title=\"2e565432-df60-4322-b0a1-1fdbb189e3e2\" data-dt-img-description=\"\" data-large_image_width=\"1138\" data-large_image_height=\"1600\"href='https:\/\/www.radiopiu.net\/wordpress\/wp-content\/uploads\/2025\/10\/2e565432-df60-4322-b0a1-1fdbb189e3e2.jpg'><img loading=\"lazy\" decoding=\"async\" width=\"150\" height=\"150\" src=\"https:\/\/www.radiopiu.net\/wordpress\/wp-content\/uploads\/2025\/10\/2e565432-df60-4322-b0a1-1fdbb189e3e2-150x150.jpg\" class=\"attachment-thumbnail size-thumbnail\" alt=\"\" \/><\/a>\n\t\t\t\t<\/dt><\/dl><dl class='gallery-item'>\n\t\t\t\t<dt class='gallery-icon portrait'>\n\t\t\t\t\t<a class=\"rollover rollover-zoom dt-pswp-item\" title=\"giordano\" data-dt-img-description=\"\" data-large_image_width=\"432\" data-large_image_height=\"608\"href='https:\/\/www.radiopiu.net\/wordpress\/wp-content\/uploads\/2025\/10\/giordano.jpg'><img loading=\"lazy\" decoding=\"async\" width=\"150\" height=\"150\" src=\"https:\/\/www.radiopiu.net\/wordpress\/wp-content\/uploads\/2025\/10\/giordano-150x150.jpg\" class=\"attachment-thumbnail size-thumbnail\" alt=\"\" \/><\/a>\n\t\t\t\t<\/dt><\/dl><dl class='gallery-item'>\n\t\t\t\t<dt class='gallery-icon portrait'>\n\t\t\t\t\t<a class=\"rollover rollover-zoom dt-pswp-item\" title=\"cde32a2a-6720-4581-b60b-6cbc68dd5afa\" data-dt-img-description=\"\" data-large_image_width=\"966\" data-large_image_height=\"2048\"href='https:\/\/www.radiopiu.net\/wordpress\/wp-content\/uploads\/2025\/10\/cde32a2a-6720-4581-b60b-6cbc68dd5afa.jpg'><img loading=\"lazy\" decoding=\"async\" width=\"150\" height=\"150\" src=\"https:\/\/www.radiopiu.net\/wordpress\/wp-content\/uploads\/2025\/10\/cde32a2a-6720-4581-b60b-6cbc68dd5afa-150x150.jpg\" class=\"attachment-thumbnail size-thumbnail\" alt=\"\" \/><\/a>\n\t\t\t\t<\/dt><\/dl><br style=\"clear: both\" \/><dl class='gallery-item'>\n\t\t\t\t<dt class='gallery-icon landscape'>\n\t\t\t\t\t<a class=\"rollover rollover-zoom dt-pswp-item\" title=\"542759768_1187692263404454_707530732478693509_n\" data-dt-img-description=\"\" data-large_image_width=\"1440\" data-large_image_height=\"1440\"href='https:\/\/www.radiopiu.net\/wordpress\/wp-content\/uploads\/2025\/10\/542759768_1187692263404454_707530732478693509_n.jpg'><img loading=\"lazy\" decoding=\"async\" width=\"150\" height=\"150\" src=\"https:\/\/www.radiopiu.net\/wordpress\/wp-content\/uploads\/2025\/10\/542759768_1187692263404454_707530732478693509_n-150x150.jpg\" class=\"attachment-thumbnail size-thumbnail\" alt=\"\" srcset=\"https:\/\/www.radiopiu.net\/wordpress\/wp-content\/uploads\/2025\/10\/542759768_1187692263404454_707530732478693509_n-150x150.jpg 150w, https:\/\/www.radiopiu.net\/wordpress\/wp-content\/uploads\/2025\/10\/542759768_1187692263404454_707530732478693509_n-300x300.jpg 300w, https:\/\/www.radiopiu.net\/wordpress\/wp-content\/uploads\/2025\/10\/542759768_1187692263404454_707530732478693509_n-1024x1024.jpg 1024w, https:\/\/www.radiopiu.net\/wordpress\/wp-content\/uploads\/2025\/10\/542759768_1187692263404454_707530732478693509_n-768x768.jpg 768w, https:\/\/www.radiopiu.net\/wordpress\/wp-content\/uploads\/2025\/10\/542759768_1187692263404454_707530732478693509_n.jpg 1440w\" sizes=\"auto, (max-width: 150px) 100vw, 150px\" \/><\/a>\n\t\t\t\t<\/dt><\/dl><dl class='gallery-item'>\n\t\t\t\t<dt class='gallery-icon portrait'>\n\t\t\t\t\t<a class=\"rollover rollover-zoom dt-pswp-item\" title=\"e58f3ae7-93bd-41d1-9398-2938c3c13a83\" data-dt-img-description=\"\" data-large_image_width=\"1131\" data-large_image_height=\"1600\"href='https:\/\/www.radiopiu.net\/wordpress\/wp-content\/uploads\/2025\/10\/e58f3ae7-93bd-41d1-9398-2938c3c13a83.jpg'><img loading=\"lazy\" decoding=\"async\" width=\"150\" height=\"150\" src=\"https:\/\/www.radiopiu.net\/wordpress\/wp-content\/uploads\/2025\/10\/e58f3ae7-93bd-41d1-9398-2938c3c13a83-150x150.jpg\" class=\"attachment-thumbnail size-thumbnail\" alt=\"\" \/><\/a>\n\t\t\t\t<\/dt><\/dl><dl class='gallery-item'>\n\t\t\t\t<dt class='gallery-icon portrait'>\n\t\t\t\t\t<a class=\"rollover rollover-zoom dt-pswp-item\" title=\"musla\" data-dt-img-description=\"\" data-large_image_width=\"428\" data-large_image_height=\"609\"href='https:\/\/www.radiopiu.net\/wordpress\/wp-content\/uploads\/2025\/10\/musla.jpg'><img loading=\"lazy\" decoding=\"async\" width=\"150\" height=\"150\" src=\"https:\/\/www.radiopiu.net\/wordpress\/wp-content\/uploads\/2025\/10\/musla-150x150.jpg\" class=\"attachment-thumbnail size-thumbnail\" alt=\"\" \/><\/a>\n\t\t\t\t<\/dt><\/dl>\n\t\t\t\t<br style='clear: both' \/>\n\t\t\t<\/div>\n\n<h2><\/h2>\n<hr \/>\n<p>&nbsp;<\/p>\n<p class=\"mceTemp\"><a class=\"dt-pswp-item\" href=\"https:\/\/www.radiopiu.net\/wordpress\/wp-content\/uploads\/2018\/09\/WhatsApp-Image-2018-09-20-at-16.04.06.jpeg\" data-dt-img-description=\"\" data-large_image_width=\"800\" data-large_image_height=\"100\"><img loading=\"lazy\" decoding=\"async\" class=\"wp-image-61378 size-full aligncenter\" src=\"https:\/\/www.radiopiu.net\/wordpress\/wp-content\/uploads\/2018\/09\/WhatsApp-Image-2018-09-20-at-16.04.06.jpeg\" alt=\"\" width=\"800\" height=\"100\" srcset=\"https:\/\/www.radiopiu.net\/wordpress\/wp-content\/uploads\/2018\/09\/WhatsApp-Image-2018-09-20-at-16.04.06.jpeg 800w, https:\/\/www.radiopiu.net\/wordpress\/wp-content\/uploads\/2018\/09\/WhatsApp-Image-2018-09-20-at-16.04.06-300x38.jpeg 300w, https:\/\/www.radiopiu.net\/wordpress\/wp-content\/uploads\/2018\/09\/WhatsApp-Image-2018-09-20-at-16.04.06-768x96.jpeg 768w\" sizes=\"auto, (max-width: 800px) 100vw, 800px\" \/><\/a><\/p>\n<p>&nbsp;<\/p>\n<p><center><\/center><center><b>OGGI<\/b><\/center>Salvo una residua e modesta nuvolosit\u00e0 nelle prime ore, tempo stabile con cielo in prevalenza sereno soprattutto al mattino, in genere sereno e poco nuvoloso per sottili e innocue velature nel pomeriggio.<br \/>\n<b>Precipitazioni: <\/b>Assenti<br \/>\n<b>Temperature: <\/b>Minime in quota in lieve o contenuto aumento, stazionarie o in lieve calo nelle valli; massime in aumento a tutte le quote.<\/p>\n<hr \/>\n<p><center><b>DOMANI<\/b><\/center>Fino al pomeriggio poco nuvoloso per velature, poi graduale aumento della nuvolosit\u00e0 fino a cielo nuvoloso o parzialmente verso sera, specie sulle Prealpi.<br \/>\n<b>Precipitazioni: <\/b>Al mattino assenti; nel pomeriggio in gran parte assenti ma verso sera non si esclude un po&#8217; di pioviggine nell&#8217;area prealpina<br \/>\n<b>Temperature: <\/b>In lieve o contenuto aumento, salvo le massime nelle valli che saranno in lieve diminuzione e in quota nell&#8217;area prealpina.<\/p>\n<hr \/>\n<p><center><b>GIOVEDI<\/b><\/center>Nuvoloso o molto nuvoloso con possibili deboli o debolissime piogge pi\u00f9 probabili sulle Prealpi, meno probabili su Dolomiti. Temperature minime in aumento, massime stazionarie o in lieve aumento in quota, in lieve calo nelle valli.<\/p>\n<hr \/>\n<p><center><b>VENERDI<\/b><\/center>Tempo variabile a tratti leggermente instabile. Temperature in lieve aumento salvo risultare stazionarie le massime nelle valli. Modesta escursione termica giornaliera.<\/p>\n<p>&nbsp;<\/p>\n<hr \/>\n<p>&nbsp;<\/p>\n<p class=\"mceTemp\"><a class=\"dt-pswp-item\" href=\"https:\/\/www.radiopiu.net\/wordpress\/wp-content\/uploads\/2018\/09\/sport.jpg\" data-dt-img-description=\"\" data-large_image_width=\"800\" data-large_image_height=\"100\"><img loading=\"lazy\" decoding=\"async\" class=\"aligncenter wp-image-60761 size-full\" src=\"https:\/\/www.radiopiu.net\/wordpress\/wp-content\/uploads\/2018\/09\/sport.jpg\" alt=\"\" width=\"800\" height=\"100\" srcset=\"https:\/\/www.radiopiu.net\/wordpress\/wp-content\/uploads\/2018\/09\/sport.jpg 800w, https:\/\/www.radiopiu.net\/wordpress\/wp-content\/uploads\/2018\/09\/sport-300x38.jpg 300w, https:\/\/www.radiopiu.net\/wordpress\/wp-content\/uploads\/2018\/09\/sport-768x96.jpg 768w\" sizes=\"auto, (max-width: 800px) 100vw, 800px\" \/> <\/a><\/p>\n<p>&nbsp;<\/p>\n<p><span style=\"color: #3366ff;\"><strong>CORSA IN MONTAGNA<\/strong><\/span><\/p>\n<blockquote>\n<h3>GARDENER TRIONFA ALLA VERTICAL COSTOLINA<\/h3>\n<\/blockquote>\n<p><strong><a class=\"dt-pswp-item\" href=\"https:\/\/www.radiopiu.net\/wordpress\/wp-content\/uploads\/2025\/10\/IMG-20251026-WA0038-scaled.jpg\" data-dt-img-description=\"\" data-large_image_width=\"2560\" data-large_image_height=\"1920\"><img loading=\"lazy\" decoding=\"async\" class=\" wp-image-477539 alignleft\" src=\"https:\/\/www.radiopiu.net\/wordpress\/wp-content\/uploads\/2025\/10\/IMG-20251026-WA0038-300x225.jpg\" alt=\"\" width=\"215\" height=\"161\" srcset=\"https:\/\/www.radiopiu.net\/wordpress\/wp-content\/uploads\/2025\/10\/IMG-20251026-WA0038-300x225.jpg 300w, https:\/\/www.radiopiu.net\/wordpress\/wp-content\/uploads\/2025\/10\/IMG-20251026-WA0038-1024x768.jpg 1024w, https:\/\/www.radiopiu.net\/wordpress\/wp-content\/uploads\/2025\/10\/IMG-20251026-WA0038-768x576.jpg 768w, https:\/\/www.radiopiu.net\/wordpress\/wp-content\/uploads\/2025\/10\/IMG-20251026-WA0038-1536x1152.jpg 1536w, https:\/\/www.radiopiu.net\/wordpress\/wp-content\/uploads\/2025\/10\/IMG-20251026-WA0038-2048x1536.jpg 2048w\" sizes=\"auto, (max-width: 215px) 100vw, 215px\" \/><\/a>DI MATTIA VALENTINI<\/strong><\/p>\n<p><span id=\"m_-2683885164725647017m_-4093649675555506191gmail-docs-internal-guid-9c8d3051-7fff-b62d-6ad4-c2e062a84c2c\">Cala il sipario sul circuito vertical Fiemme Fassa Bios con la vittoria di Stefano Gardener alla Vertical Costolina di Ziano di Fiemme. <\/span>L\u2019atleta dell\u2019U.S. Cornacci si impone nell\u2019ultima prova FFB siglando il nuovo record di gara con il tempo di 24\u201940\u201d davanti agli skialper primierotti delle Fiamme Oro Hermann Debertolis 24\u201952\u201d e Leonardo Taufer 26\u201918\u201d. Margit Zulian conquista la prima piazza al femminile con 31\u201914\u201d davanti con ampio margine all\u2019olimpica Antonella Confortola (Marathon Club Imperia) 34\u201917\u201d e Federica Spessot (Team Fontanari) 36\u201907\u201d. 700 metri di dislivello per 2,8 chilometri di sviluppo, che hanno visto protagonisti, sabato 25 ottobre, anche una quindicina di ragazzi impegnati nell\u2019ultima prova delle junior track FFB. A vincere sul tracciato dedicato il giovane classe 2010 Federico Vanzetta.Un pomeriggio all\u2019insegna dello sport e del divertimento quello organizzato dalla A.S.D. Cauriol ma anche occasione del ricordo di Alessandro Conti scomparso 10 anni fa. Con la prova di sabato 25 ottobre si chiude anche l\u2019edizione 2025 del calendario di gare verticali che ha visto protagonisti pi\u00f9 di 300 atleti, dagli 8 ai quasi 80 anni, partecipare ai sei appuntamenti organizzati grazie alla preziosa collaborazione di appassionati, gruppi di volontari e societ\u00e0 sportive del territorio. Durante le premiazioni nell\u2019area ex impianti Belvedere, anche la consegna, da parte dei rappresentanti delle societ\u00e0 coinvolte nel circuito, del premio finisher. In questa edizione 2025, 27 sono gli atleti che hanno portato a termine almeno 4 prove, tra le 6 manifestazioni proposte a partire dal 31 agosto scorso e per tutto il mese di ottobre.<\/p>\n<p><strong>IL SERVIZIO ALLA RADIO<\/strong><\/p>\n<audio class=\"wp-audio-shortcode\" id=\"audio-477406-14\" preload=\"none\" style=\"width: 100%;\" controls=\"controls\"><source type=\"audio\/mpeg\" src=\"https:\/\/www.radiopiu.net\/wordpress\/wp-content\/uploads\/2025\/10\/VK-Costolina-Recap-Radio-Piu.mp3?_=14\" \/><a href=\"https:\/\/www.radiopiu.net\/wordpress\/wp-content\/uploads\/2025\/10\/VK-Costolina-Recap-Radio-Piu.mp3\">https:\/\/www.radiopiu.net\/wordpress\/wp-content\/uploads\/2025\/10\/VK-Costolina-Recap-Radio-Piu.mp3<\/a><\/audio>\n<p>&nbsp;<\/p>\n<p><span style=\"color: #3366ff;\"><strong>PATTINAGGIO ARTISTICO<\/strong><\/span><\/p>\n<blockquote>\n<h3>AGORDINO GHIACCIO E SPORT: BUONI RISULTATI PER I GIOVANI ATLETI<\/h3>\n<\/blockquote>\n<p><strong>ALLEGHE <\/strong>Fine ottobre all\u2019insegna del pattinaggio artistico per gli atleti dell\u2019Agordino Ghiaccio e Sport, protagonisti in due importanti competizioni nazionali. Sofia Petri ha conquistato l\u2019ottavo posto nella gara FISG fascia Gold, categoria Prenovice, disputata il 18 e 19 ottobre a Pinzolo, dimostrando determinazione e talento sulle lame. Il weekend successivo, il 25 e 26 ottobre, si \u00e8 svolta a Tai di Cadore la prima prova del circuito Triveneto FISG, fascia Silver. Nella categoria Basic Novice, Anna Carlini si \u00e8 classificata 11\u00aa, mentre Anita Serafini ha chiuso al 14\u00b0 posto, entrambe mostrando progressi significativi e grande impegno. Sempre a Tai di Cadore, Martina Da Tos ha sfiorato il podio nella categoria Junior, classificandosi 4\u00aa con appena un punto di distacco dal terzo gradino, un risultato che testimonia la competitivit\u00e0 e la crescita costante degli atleti agordini.<\/p>\n\n\t\t\t<style type='text\/css'>\n\t\t\t\t#gallery-8 {\n\t\t\t\t\tmargin: auto;\n\t\t\t\t}\n\t\t\t\t#gallery-8 .gallery-item {\n\t\t\t\t\tfloat: left;\n\t\t\t\t\tmargin-top: 10px;\n\t\t\t\t\ttext-align: center;\n\t\t\t\t\twidth: 25%;\n\t\t\t\t}\n\t\t\t\t#gallery-8 img {\n\t\t\t\t\tborder: 2px solid #cfcfcf;\n\t\t\t\t}\n\t\t\t\t#gallery-8 .gallery-caption {\n\t\t\t\t\tmargin-left: 0;\n\t\t\t\t}\n\t\t\t\t\/* see gallery_shortcode() in wp-includes\/media.php *\/\n\t\t\t<\/style>\n\t\t<div id='gallery-8' class='dt-gallery-container gallery galleryid-477406 gallery-columns-4 gallery-size-thumbnail'><dl class='gallery-item'>\n\t\t\t\t<dt class='gallery-icon landscape'>\n\t\t\t\t\t<a class=\"rollover rollover-zoom dt-pswp-item\" title=\"558443961_1313758297210336_8215075418720783811_n\" data-dt-img-description=\"\" data-large_image_width=\"1600\" data-large_image_height=\"1200\"href='https:\/\/www.radiopiu.net\/wordpress\/wp-content\/uploads\/2025\/10\/558443961_1313758297210336_8215075418720783811_n.jpg'><img loading=\"lazy\" decoding=\"async\" width=\"150\" height=\"150\" src=\"https:\/\/www.radiopiu.net\/wordpress\/wp-content\/uploads\/2025\/10\/558443961_1313758297210336_8215075418720783811_n-150x150.jpg\" class=\"attachment-thumbnail size-thumbnail\" alt=\"\" \/><\/a>\n\t\t\t\t<\/dt><\/dl><dl class='gallery-item'>\n\t\t\t\t<dt class='gallery-icon portrait'>\n\t\t\t\t\t<a class=\"rollover rollover-zoom dt-pswp-item\" title=\"559115149_1313758380543661_1375603429486037382_n\" data-dt-img-description=\"\" data-large_image_width=\"1200\" data-large_image_height=\"1600\"href='https:\/\/www.radiopiu.net\/wordpress\/wp-content\/uploads\/2025\/10\/559115149_1313758380543661_1375603429486037382_n.jpg'><img loading=\"lazy\" decoding=\"async\" width=\"150\" height=\"150\" src=\"https:\/\/www.radiopiu.net\/wordpress\/wp-content\/uploads\/2025\/10\/559115149_1313758380543661_1375603429486037382_n-150x150.jpg\" class=\"attachment-thumbnail size-thumbnail\" alt=\"\" \/><\/a>\n\t\t\t\t<\/dt><\/dl><dl class='gallery-item'>\n\t\t\t\t<dt class='gallery-icon portrait'>\n\t\t\t\t\t<a class=\"rollover rollover-zoom dt-pswp-item\" title=\"0b7c34cf-89bd-440e-9fa4-83890370a767\" data-dt-img-description=\"\" data-large_image_width=\"1204\" data-large_image_height=\"1600\"href='https:\/\/www.radiopiu.net\/wordpress\/wp-content\/uploads\/2025\/10\/0b7c34cf-89bd-440e-9fa4-83890370a767.jpg'><img loading=\"lazy\" decoding=\"async\" width=\"150\" height=\"150\" src=\"https:\/\/www.radiopiu.net\/wordpress\/wp-content\/uploads\/2025\/10\/0b7c34cf-89bd-440e-9fa4-83890370a767-150x150.jpg\" class=\"attachment-thumbnail size-thumbnail\" alt=\"\" \/><\/a>\n\t\t\t\t<\/dt><\/dl><dl class='gallery-item'>\n\t\t\t\t<dt class='gallery-icon portrait'>\n\t\t\t\t\t<a class=\"rollover rollover-zoom dt-pswp-item\" title=\"040321b0-28ae-4c0f-999a-ac9ec99ad4d0\" data-dt-img-description=\"\" data-large_image_width=\"1502\" data-large_image_height=\"2048\"href='https:\/\/www.radiopiu.net\/wordpress\/wp-content\/uploads\/2025\/10\/040321b0-28ae-4c0f-999a-ac9ec99ad4d0.jpg'><img loading=\"lazy\" decoding=\"async\" width=\"150\" height=\"150\" src=\"https:\/\/www.radiopiu.net\/wordpress\/wp-content\/uploads\/2025\/10\/040321b0-28ae-4c0f-999a-ac9ec99ad4d0-150x150.jpg\" class=\"attachment-thumbnail size-thumbnail\" alt=\"\" \/><\/a>\n\t\t\t\t<\/dt><\/dl><br style=\"clear: both\" \/>\n\t\t\t<\/div>\n\n<p>&nbsp;<\/p>\n<p>&nbsp;<\/p>\n<p>&nbsp;<\/p>\n<p>&nbsp;<\/p>\n<p>&nbsp;<\/p>\n<p>&nbsp;<\/p>\n<p>&nbsp;<\/p>\n","protected":false},"excerpt":{"rendered":"<p>******** A SETTE ANNI DALL&#8217;INCENDIO CHE DEVASTO&#8217; LE PALE DI SAN LUCANO A TAIBON. A SETTE ANNI DALLA TEMPESTA VAIA LA\u00a0 APP PER IOS-IPHONE di Nicola Vettorello https:\/\/apps.apple.com\/it\/app\/radio-pi%C3%B9-emittente-agordina\/id1515939845 LA\u00a0 APP RADIO\u00a0 PER ANDROID di Nicola Vettorello https:\/\/play.google.com\/store\/apps\/details?id=net.radiopiu.iniko\u00a0\u00a0\u00a0\u00a0\u00a0 &nbsp; &nbsp; &nbsp; OGGI SU RADIOPI\u00d9: MUSICA, informazione\u00a0 e dirette\u00a0\u00a0 ALLE 8.05 LA RASSEGNA STAMPA LOCALE 8.25 PIU&hellip;<\/p>\n","protected":false},"author":4,"featured_media":398648,"comment_status":"closed","ping_status":"closed","sticky":false,"template":"","format":"standard","meta":{"_monsterinsights_skip_tracking":false,"_monsterinsights_sitenote_active":false,"_monsterinsights_sitenote_note":"","_monsterinsights_sitenote_category":0,"footnotes":""},"categories":[51,86,49],"tags":[],"class_list":["post-477406","post","type-post","status-publish","format-standard","has-post-thumbnail","hentry","category-evidenza-top","category-gr","category-news-18","category-51","category-86","category-49","description-off"],"img_url":"https:\/\/www.radiopiu.net\/wordpress\/wp-content\/uploads\/2024\/07\/de-bernardin-sottoguda.jpg","_links":{"self":[{"href":"https:\/\/www.radiopiu.net\/wordpress\/wp-json\/wp\/v2\/posts\/477406","targetHints":{"allow":["GET"]}}],"collection":[{"href":"https:\/\/www.radiopiu.net\/wordpress\/wp-json\/wp\/v2\/posts"}],"about":[{"href":"https:\/\/www.radiopiu.net\/wordpress\/wp-json\/wp\/v2\/types\/post"}],"author":[{"embeddable":true,"href":"https:\/\/www.radiopiu.net\/wordpress\/wp-json\/wp\/v2\/users\/4"}],"replies":[{"embeddable":true,"href":"https:\/\/www.radiopiu.net\/wordpress\/wp-json\/wp\/v2\/comments?post=477406"}],"version-history":[{"count":34,"href":"https:\/\/www.radiopiu.net\/wordpress\/wp-json\/wp\/v2\/posts\/477406\/revisions"}],"predecessor-version":[{"id":477656,"href":"https:\/\/www.radiopiu.net\/wordpress\/wp-json\/wp\/v2\/posts\/477406\/revisions\/477656"}],"wp:featuredmedia":[{"embeddable":true,"href":"https:\/\/www.radiopiu.net\/wordpress\/wp-json\/wp\/v2\/media\/398648"}],"wp:attachment":[{"href":"https:\/\/www.radiopiu.net\/wordpress\/wp-json\/wp\/v2\/media?parent=477406"}],"wp:term":[{"taxonomy":"category","embeddable":true,"href":"https:\/\/www.radiopiu.net\/wordpress\/wp-json\/wp\/v2\/categories?post=477406"},{"taxonomy":"post_tag","embeddable":true,"href":"https:\/\/www.radiopiu.net\/wordpress\/wp-json\/wp\/v2\/tags?post=477406"}],"curies":[{"name":"wp","href":"https:\/\/api.w.org\/{rel}","templated":true}]}}