{"id":477491,"date":"2025-10-28T03:59:09","date_gmt":"2025-10-28T02:59:09","guid":{"rendered":"https:\/\/www.radiopiu.net\/wordpress\/?p=477491"},"modified":"2025-10-28T05:54:50","modified_gmt":"2025-10-28T04:54:50","slug":"un-locale-per-attivita-di-somministrazione-di-alimenti-e-bevande","status":"publish","type":"post","link":"https:\/\/www.radiopiu.net\/wordpress\/un-locale-per-attivita-di-somministrazione-di-alimenti-e-bevande\/","title":{"rendered":"UN LOCALE PER ATTIVIT\u00c0 DI SOMMINISTRAZIONE DI ALIMENTI E BEVANDE"},"content":{"rendered":"<p>**<\/p>\n<p><strong><a class=\"dt-pswp-item\" href=\"https:\/\/www.radiopiu.net\/wordpress\/wp-content\/uploads\/2025\/10\/Screenshot-2025-10-27-141640.png\" data-dt-img-description=\"\" data-large_image_width=\"360\" data-large_image_height=\"245\"><img loading=\"lazy\" decoding=\"async\" class=\" wp-image-477493 alignleft\" src=\"https:\/\/www.radiopiu.net\/wordpress\/wp-content\/uploads\/2025\/10\/Screenshot-2025-10-27-141640-300x204.png\" alt=\"\" width=\"260\" height=\"177\" srcset=\"https:\/\/www.radiopiu.net\/wordpress\/wp-content\/uploads\/2025\/10\/Screenshot-2025-10-27-141640-300x204.png 300w, https:\/\/www.radiopiu.net\/wordpress\/wp-content\/uploads\/2025\/10\/Screenshot-2025-10-27-141640.png 360w\" sizes=\"auto, (max-width: 260px) 100vw, 260px\" \/><\/a>GOSALDO<\/strong> Il Comune\u00a0 ha pubblicato un avviso di procedura aperta per la locazione di un immobile di propriet\u00e0 comunale, situato in via Roma n. 1, destinato a ospitare un\u2019attivit\u00e0 di pubblico esercizio per la somministrazione di alimenti e bevande. L\u2019iniziativa mira a valorizzare il patrimonio immobiliare comunale e a favorire la nascita di nuove attivit\u00e0 economiche nel cuore del paese, contribuendo cos\u00ec alla rivitalizzazione del centro storico. L\u2019immobile, completamente ristrutturato e caratterizzato da un accogliente ambiente in legno in perfetto stile montano, si presta idealmente all\u2019apertura di un bar, bistrot o piccolo ristorante. L\u2019amministrazione comunale punta con questa iniziativa a creare un punto di incontro per residenti e turisti, promuovendo al contempo il turismo locale e l\u2019economia di prossimit\u00e0. Le offerte dovranno essere presentate entro le ore 12:00 del 14 novembre 2025. Tutta la documentazione e i dettagli relativi alla procedura sono disponibili sul sito istituzionale del Comune di Gosaldo. Con questo bando, il Comune conferma il proprio impegno nel sostenere nuove imprese e nel rilanciare le attivit\u00e0 commerciali di montagna, creando opportunit\u00e0 per chi desidera investire in un territorio autentico e ricco di potenzialit\u00e0.<\/p>\n<p><strong>di GIANNI SANTOMASO<\/strong><\/p>\n<audio class=\"wp-audio-shortcode\" id=\"audio-477491-1\" preload=\"none\" style=\"width: 100%;\" controls=\"controls\"><source type=\"audio\/mpeg\" src=\"https:\/\/www.radiopiu.net\/wordpress\/wp-content\/uploads\/2025\/10\/GIANNI-ATTIVITA-GOSALDO-1.mp3?_=1\" \/><a href=\"https:\/\/www.radiopiu.net\/wordpress\/wp-content\/uploads\/2025\/10\/GIANNI-ATTIVITA-GOSALDO-1.mp3\">https:\/\/www.radiopiu.net\/wordpress\/wp-content\/uploads\/2025\/10\/GIANNI-ATTIVITA-GOSALDO-1.mp3<\/a><\/audio>\n<p>&nbsp;<\/p>\n<p>&nbsp;<\/p>\n\n\t\t\t<style type='text\/css'>\n\t\t\t\t#gallery-1 {\n\t\t\t\t\tmargin: auto;\n\t\t\t\t}\n\t\t\t\t#gallery-1 .gallery-item {\n\t\t\t\t\tfloat: left;\n\t\t\t\t\tmargin-top: 10px;\n\t\t\t\t\ttext-align: center;\n\t\t\t\t\twidth: 33%;\n\t\t\t\t}\n\t\t\t\t#gallery-1 img {\n\t\t\t\t\tborder: 2px solid #cfcfcf;\n\t\t\t\t}\n\t\t\t\t#gallery-1 .gallery-caption {\n\t\t\t\t\tmargin-left: 0;\n\t\t\t\t}\n\t\t\t\t\/* see gallery_shortcode() in wp-includes\/media.php *\/\n\t\t\t<\/style>\n\t\t<div id='gallery-1' class='dt-gallery-container gallery galleryid-477491 gallery-columns-3 gallery-size-thumbnail'><dl class='gallery-item'>\n\t\t\t\t<dt class='gallery-icon portrait'>\n\t\t\t\t\t<a class=\"rollover rollover-zoom dt-pswp-item\" title=\"35b486fb-87df-4b12-8be2-02eac2d39634\" data-dt-img-description=\"\" data-large_image_width=\"1200\" data-large_image_height=\"1600\"href='https:\/\/www.radiopiu.net\/wordpress\/wp-content\/uploads\/2025\/10\/35b486fb-87df-4b12-8be2-02eac2d39634.jpg'><img loading=\"lazy\" decoding=\"async\" width=\"150\" height=\"150\" src=\"https:\/\/www.radiopiu.net\/wordpress\/wp-content\/uploads\/2025\/10\/35b486fb-87df-4b12-8be2-02eac2d39634-150x150.jpg\" class=\"attachment-thumbnail size-thumbnail\" alt=\"\" \/><\/a>\n\t\t\t\t<\/dt><\/dl><dl class='gallery-item'>\n\t\t\t\t<dt class='gallery-icon portrait'>\n\t\t\t\t\t<a class=\"rollover rollover-zoom dt-pswp-item\" title=\"9d1271cb-9e17-4b72-9df3-31a19eac64dd\" data-dt-img-description=\"\" data-large_image_width=\"1200\" data-large_image_height=\"1600\"href='https:\/\/www.radiopiu.net\/wordpress\/wp-content\/uploads\/2025\/10\/9d1271cb-9e17-4b72-9df3-31a19eac64dd.jpg'><img loading=\"lazy\" decoding=\"async\" width=\"150\" height=\"150\" src=\"https:\/\/www.radiopiu.net\/wordpress\/wp-content\/uploads\/2025\/10\/9d1271cb-9e17-4b72-9df3-31a19eac64dd-150x150.jpg\" class=\"attachment-thumbnail size-thumbnail\" alt=\"\" \/><\/a>\n\t\t\t\t<\/dt><\/dl><dl class='gallery-item'>\n\t\t\t\t<dt class='gallery-icon portrait'>\n\t\t\t\t\t<a class=\"rollover rollover-zoom dt-pswp-item\" title=\"46e76c81-31a2-45a6-9e99-92bd061b698e\" data-dt-img-description=\"\" data-large_image_width=\"1200\" data-large_image_height=\"1600\"href='https:\/\/www.radiopiu.net\/wordpress\/wp-content\/uploads\/2025\/10\/46e76c81-31a2-45a6-9e99-92bd061b698e.jpg'><img loading=\"lazy\" decoding=\"async\" width=\"150\" height=\"150\" src=\"https:\/\/www.radiopiu.net\/wordpress\/wp-content\/uploads\/2025\/10\/46e76c81-31a2-45a6-9e99-92bd061b698e-150x150.jpg\" class=\"attachment-thumbnail size-thumbnail\" alt=\"\" \/><\/a>\n\t\t\t\t<\/dt><\/dl><br style=\"clear: both\" \/><dl class='gallery-item'>\n\t\t\t\t<dt class='gallery-icon landscape'>\n\t\t\t\t\t<a class=\"rollover rollover-zoom dt-pswp-item\" title=\"1d7f2aca-43a5-42a7-b231-bb7e7d60c7a4\" data-dt-img-description=\"\" data-large_image_width=\"2000\" data-large_image_height=\"1500\"href='https:\/\/www.radiopiu.net\/wordpress\/wp-content\/uploads\/2025\/10\/1d7f2aca-43a5-42a7-b231-bb7e7d60c7a4.jpg'><img loading=\"lazy\" decoding=\"async\" width=\"150\" height=\"150\" src=\"https:\/\/www.radiopiu.net\/wordpress\/wp-content\/uploads\/2025\/10\/1d7f2aca-43a5-42a7-b231-bb7e7d60c7a4-150x150.jpg\" class=\"attachment-thumbnail size-thumbnail\" alt=\"\" \/><\/a>\n\t\t\t\t<\/dt><\/dl><dl class='gallery-item'>\n\t\t\t\t<dt class='gallery-icon landscape'>\n\t\t\t\t\t<a class=\"rollover rollover-zoom dt-pswp-item\" title=\"cf49043b-787e-4227-957c-0866a74ab8e7\" data-dt-img-description=\"\" data-large_image_width=\"2000\" data-large_image_height=\"1500\"href='https:\/\/www.radiopiu.net\/wordpress\/wp-content\/uploads\/2025\/10\/cf49043b-787e-4227-957c-0866a74ab8e7.jpg'><img loading=\"lazy\" decoding=\"async\" width=\"150\" height=\"150\" src=\"https:\/\/www.radiopiu.net\/wordpress\/wp-content\/uploads\/2025\/10\/cf49043b-787e-4227-957c-0866a74ab8e7-150x150.jpg\" class=\"attachment-thumbnail size-thumbnail\" alt=\"\" \/><\/a>\n\t\t\t\t<\/dt><\/dl><dl class='gallery-item'>\n\t\t\t\t<dt class='gallery-icon landscape'>\n\t\t\t\t\t<a class=\"rollover rollover-zoom dt-pswp-item\" title=\"Screenshot 2025-10-27 141640\" data-dt-img-description=\"\" data-large_image_width=\"360\" data-large_image_height=\"245\"href='https:\/\/www.radiopiu.net\/wordpress\/wp-content\/uploads\/2025\/10\/Screenshot-2025-10-27-141640.png'><img loading=\"lazy\" decoding=\"async\" width=\"150\" height=\"150\" src=\"https:\/\/www.radiopiu.net\/wordpress\/wp-content\/uploads\/2025\/10\/Screenshot-2025-10-27-141640-150x150.png\" class=\"attachment-thumbnail size-thumbnail\" alt=\"\" \/><\/a>\n\t\t\t\t<\/dt><\/dl><br style=\"clear: both\" \/>\n\t\t\t<\/div>\n\n<p>&nbsp;<\/p>\n<hr \/>\n<p>&nbsp;<\/p>\n","protected":false},"excerpt":{"rendered":"<p>** GOSALDO Il Comune\u00a0 ha pubblicato un avviso di procedura aperta per la locazione di un immobile di propriet\u00e0 comunale, situato in via Roma n. 1, destinato a ospitare un\u2019attivit\u00e0 di pubblico esercizio per la somministrazione di alimenti e bevande. L\u2019iniziativa mira a valorizzare il patrimonio immobiliare comunale e a favorire la nascita di nuove&hellip;<\/p>\n","protected":false},"author":4,"featured_media":477498,"comment_status":"closed","ping_status":"closed","sticky":false,"template":"","format":"standard","meta":{"_monsterinsights_skip_tracking":false,"_monsterinsights_sitenote_active":false,"_monsterinsights_sitenote_note":"","_monsterinsights_sitenote_category":0,"footnotes":""},"categories":[51,49],"tags":[],"class_list":["post-477491","post","type-post","status-publish","format-standard","has-post-thumbnail","hentry","category-evidenza-top","category-news-18","category-51","category-49","description-off"],"img_url":"https:\/\/www.radiopiu.net\/wordpress\/wp-content\/uploads\/2025\/10\/Screenshot-2025-10-27-142011.png","_links":{"self":[{"href":"https:\/\/www.radiopiu.net\/wordpress\/wp-json\/wp\/v2\/posts\/477491","targetHints":{"allow":["GET"]}}],"collection":[{"href":"https:\/\/www.radiopiu.net\/wordpress\/wp-json\/wp\/v2\/posts"}],"about":[{"href":"https:\/\/www.radiopiu.net\/wordpress\/wp-json\/wp\/v2\/types\/post"}],"author":[{"embeddable":true,"href":"https:\/\/www.radiopiu.net\/wordpress\/wp-json\/wp\/v2\/users\/4"}],"replies":[{"embeddable":true,"href":"https:\/\/www.radiopiu.net\/wordpress\/wp-json\/wp\/v2\/comments?post=477491"}],"version-history":[{"count":4,"href":"https:\/\/www.radiopiu.net\/wordpress\/wp-json\/wp\/v2\/posts\/477491\/revisions"}],"predecessor-version":[{"id":477638,"href":"https:\/\/www.radiopiu.net\/wordpress\/wp-json\/wp\/v2\/posts\/477491\/revisions\/477638"}],"wp:featuredmedia":[{"embeddable":true,"href":"https:\/\/www.radiopiu.net\/wordpress\/wp-json\/wp\/v2\/media\/477498"}],"wp:attachment":[{"href":"https:\/\/www.radiopiu.net\/wordpress\/wp-json\/wp\/v2\/media?parent=477491"}],"wp:term":[{"taxonomy":"category","embeddable":true,"href":"https:\/\/www.radiopiu.net\/wordpress\/wp-json\/wp\/v2\/categories?post=477491"},{"taxonomy":"post_tag","embeddable":true,"href":"https:\/\/www.radiopiu.net\/wordpress\/wp-json\/wp\/v2\/tags?post=477491"}],"curies":[{"name":"wp","href":"https:\/\/api.w.org\/{rel}","templated":true}]}}