{"id":477544,"date":"2025-10-28T05:34:52","date_gmt":"2025-10-28T04:34:52","guid":{"rendered":"https:\/\/www.radiopiu.net\/wordpress\/?p=477544"},"modified":"2025-10-28T05:55:39","modified_gmt":"2025-10-28T04:55:39","slug":"tempesta-vaia-la-forza","status":"publish","type":"post","link":"https:\/\/www.radiopiu.net\/wordpress\/tempesta-vaia-la-forza\/","title":{"rendered":"TEMPESTA VAIA: LA FORZA DISTRUTTIVA DELLA NATURA E LA RINASCITA DEL VENETO"},"content":{"rendered":"<p>********<\/p>\n<p>&nbsp;<\/p>\n<p><strong><a class=\"dt-pswp-item\" href=\"https:\/\/www.radiopiu.net\/wordpress\/wp-content\/uploads\/2025\/10\/VAIA.jpg\" data-dt-img-description=\"\" data-large_image_width=\"922\" data-large_image_height=\"582\"><img loading=\"lazy\" decoding=\"async\" class=\" wp-image-477547 alignleft\" src=\"https:\/\/www.radiopiu.net\/wordpress\/wp-content\/uploads\/2025\/10\/VAIA-300x189.jpg\" alt=\"\" width=\"224\" height=\"141\" srcset=\"https:\/\/www.radiopiu.net\/wordpress\/wp-content\/uploads\/2025\/10\/VAIA-300x189.jpg 300w, https:\/\/www.radiopiu.net\/wordpress\/wp-content\/uploads\/2025\/10\/VAIA-768x485.jpg 768w, https:\/\/www.radiopiu.net\/wordpress\/wp-content\/uploads\/2025\/10\/VAIA.jpg 922w\" sizes=\"auto, (max-width: 224px) 100vw, 224px\" \/><\/a>BELLUNO<\/strong> \u201cUn inferno di vento e acqua: questa \u00e8 stata la Tempesta Vaia del 2018. Una calamit\u00e0 che ha messo a dura prova il Veneto ma che ha contemporaneamente dimostrato come la nostra gente sia capace di rimboccarsi le maniche per ricostruire. Una tempesta senza precedenti che ha cominciato a scatenarsi in Veneto tra il 28 e 29 ottobre di sette anni fa colpendo senza piet\u00e0 le nostre montagne, le mie montagne, distruggendo circa 15 milioni di alberi. Le zone pi\u00f9 colpite sono state quelle dell&#8217;Agordino, del Cadore, del Feltrino, del Comelico, della Carnia, della Val di Fassa e Val di Fiemme. Qualcuno ha parlato di un evento eccezionale paragonabile ad un terremoto e qualcun altro ad un uragano. Sono stati momenti di paura e disperazione. Ma anche di grandi gesti di solidariet\u00e0 e aiuto reciproco. Quando tutto \u00e8 finito, quando \u00e8 cessata la pioggia che per giorni si \u00e8 abbattuta violenta, quando si \u00e8 fermato il vento tagliente, quando finalmente si \u00e8 rivisto il cielo, allora \u00e8 ricominciata la ricostruzione, che ha visto il lavoro di tutti per restituire, negli anni, un nuovo volto al nostro bellissimo territorio\u201d. Lo ha detto Roberto Toigo, segretario generale della Uil Veneto, nel ricordare il settimo anniversario di uno spaventoso evento meteorologico che colp\u00ec con una violenza inaudita una parte del territorio veneto.<\/p>\n<p>&nbsp;<\/p>\n<p>&nbsp;<\/p>\n<p>&nbsp;<\/p>\n<p>**********<\/p>\n","protected":false},"excerpt":{"rendered":"<p>******** &nbsp; BELLUNO \u201cUn inferno di vento e acqua: questa \u00e8 stata la Tempesta Vaia del 2018. Una calamit\u00e0 che ha messo a dura prova il Veneto ma che ha contemporaneamente dimostrato come la nostra gente sia capace di rimboccarsi le maniche per ricostruire. Una tempesta senza precedenti che ha cominciato a scatenarsi in Veneto&hellip;<\/p>\n","protected":false},"author":4,"featured_media":477547,"comment_status":"closed","ping_status":"closed","sticky":false,"template":"","format":"standard","meta":{"_monsterinsights_skip_tracking":false,"_monsterinsights_sitenote_active":false,"_monsterinsights_sitenote_note":"","_monsterinsights_sitenote_category":0,"footnotes":""},"categories":[51,49],"tags":[],"class_list":["post-477544","post","type-post","status-publish","format-standard","has-post-thumbnail","hentry","category-evidenza-top","category-news-18","category-51","category-49","description-off"],"img_url":"https:\/\/www.radiopiu.net\/wordpress\/wp-content\/uploads\/2025\/10\/VAIA.jpg","_links":{"self":[{"href":"https:\/\/www.radiopiu.net\/wordpress\/wp-json\/wp\/v2\/posts\/477544","targetHints":{"allow":["GET"]}}],"collection":[{"href":"https:\/\/www.radiopiu.net\/wordpress\/wp-json\/wp\/v2\/posts"}],"about":[{"href":"https:\/\/www.radiopiu.net\/wordpress\/wp-json\/wp\/v2\/types\/post"}],"author":[{"embeddable":true,"href":"https:\/\/www.radiopiu.net\/wordpress\/wp-json\/wp\/v2\/users\/4"}],"replies":[{"embeddable":true,"href":"https:\/\/www.radiopiu.net\/wordpress\/wp-json\/wp\/v2\/comments?post=477544"}],"version-history":[{"count":1,"href":"https:\/\/www.radiopiu.net\/wordpress\/wp-json\/wp\/v2\/posts\/477544\/revisions"}],"predecessor-version":[{"id":477548,"href":"https:\/\/www.radiopiu.net\/wordpress\/wp-json\/wp\/v2\/posts\/477544\/revisions\/477548"}],"wp:featuredmedia":[{"embeddable":true,"href":"https:\/\/www.radiopiu.net\/wordpress\/wp-json\/wp\/v2\/media\/477547"}],"wp:attachment":[{"href":"https:\/\/www.radiopiu.net\/wordpress\/wp-json\/wp\/v2\/media?parent=477544"}],"wp:term":[{"taxonomy":"category","embeddable":true,"href":"https:\/\/www.radiopiu.net\/wordpress\/wp-json\/wp\/v2\/categories?post=477544"},{"taxonomy":"post_tag","embeddable":true,"href":"https:\/\/www.radiopiu.net\/wordpress\/wp-json\/wp\/v2\/tags?post=477544"}],"curies":[{"name":"wp","href":"https:\/\/api.w.org\/{rel}","templated":true}]}}