{"id":477558,"date":"2025-10-28T05:28:23","date_gmt":"2025-10-28T04:28:23","guid":{"rendered":"https:\/\/www.radiopiu.net\/wordpress\/?p=477558"},"modified":"2025-10-28T05:53:59","modified_gmt":"2025-10-28T04:53:59","slug":"manifesto-offensivo-indigna-il-messaggio-pubblicitario","status":"publish","type":"post","link":"https:\/\/www.radiopiu.net\/wordpress\/manifesto-offensivo-indigna-il-messaggio-pubblicitario\/","title":{"rendered":"MANIFESTO OFFENSIVO: INDIGNA IL MESSAGGIO PUBBLICITARIO"},"content":{"rendered":"<p>*******<\/p>\n<p>&nbsp;<\/p>\n<p><strong><a class=\"dt-pswp-item\" href=\"https:\/\/www.radiopiu.net\/wordpress\/wp-content\/uploads\/2025\/10\/mani-1.jpg\" data-dt-img-description=\"\" data-large_image_width=\"963\" data-large_image_height=\"739\"><img loading=\"lazy\" decoding=\"async\" class=\" wp-image-477559 alignleft\" src=\"https:\/\/www.radiopiu.net\/wordpress\/wp-content\/uploads\/2025\/10\/mani-1-300x230.jpg\" alt=\"\" width=\"217\" height=\"166\" srcset=\"https:\/\/www.radiopiu.net\/wordpress\/wp-content\/uploads\/2025\/10\/mani-1-300x230.jpg 300w, https:\/\/www.radiopiu.net\/wordpress\/wp-content\/uploads\/2025\/10\/mani-1-768x589.jpg 768w, https:\/\/www.radiopiu.net\/wordpress\/wp-content\/uploads\/2025\/10\/mani-1.jpg 963w\" sizes=\"auto, (max-width: 217px) 100vw, 217px\" \/><\/a>BELLUNO<\/strong> Prima lo sconcerto, poi la rabbia. \u00c8 questa la reazione davanti a un manifesto pubblicitario apparso in citt\u00e0 nei giorni scorsi. L\u2019immagine, che mostra un giovane con abiti da lavoro sullo sfondo delle montagne, riporta lo slogan <em data-start=\"609\" data-end=\"668\">\u201cDai vegn\u00ec zo in val che ghe xe da far andar avanti tut!\u201d<\/em>, una frase che, nelle intenzioni, vorrebbe forse richiamare le parlate locali ma che, nei fatti, risulta una caricatura linguistica senza senso. Il messaggio, percepito come ironico o paternalista, invita chi vive \u201cin montagna\u201d a \u201cscendere in valle\u201d per trovare opportunit\u00e0 lavorative. Ma il tono e le parole scelte hanno suscitato profonda indignazione.\u00a0 In una nota congiunta, Denise Casanova, segretaria generale della CGIL Belluno, e Alberto Chiesura, segretario NIDIL CGIL Belluno, denunciano apertamente la campagna: \u00abRiteniamo questa pubblicit\u00e0 offensiva per tutti i cittadini che vivono e lavorano nelle cosiddette terre alte \u2014 scrivono \u2014 per chi, con maggiori difficolt\u00e0 rispetto alla pianura, sceglie di continuare a far vivere quelle comunit\u00e0. \u00c8 un insulto anche a quei ragazzi che studiano, si diplomano, imparano un mestiere o si laureano con grandi sacrifici loro e delle loro famiglie\u00bb. Secondo i sindacati, l\u2019immagine proposta e il testo che la accompagna \u00aboltraggiano la cultura della montagna\u00bb, rafforzando lo stereotipo del montanaro rozzo e poco istruito e ignorando del tutto \u00abla dignit\u00e0 delle lingue minoritarie\u00bb. La CGIL chiede quindi all&#8217;agenzia per il lavoro di ritirare immediatamente il manifesto e di scusarsi pubblicamente per l\u2019episodio.<\/p>\n<p>&nbsp;<\/p>\n<p>&nbsp;<\/p>\n<p>&nbsp;<\/p>\n<p>*********<\/p>\n<p>&nbsp;<\/p>\n","protected":false},"excerpt":{"rendered":"<p>******* &nbsp; BELLUNO Prima lo sconcerto, poi la rabbia. \u00c8 questa la reazione davanti a un manifesto pubblicitario apparso in citt\u00e0 nei giorni scorsi. L\u2019immagine, che mostra un giovane con abiti da lavoro sullo sfondo delle montagne, riporta lo slogan \u201cDai vegn\u00ec zo in val che ghe xe da far andar avanti tut!\u201d, una frase&hellip;<\/p>\n","protected":false},"author":4,"featured_media":477559,"comment_status":"closed","ping_status":"closed","sticky":false,"template":"","format":"standard","meta":{"_monsterinsights_skip_tracking":false,"_monsterinsights_sitenote_active":false,"_monsterinsights_sitenote_note":"","_monsterinsights_sitenote_category":0,"footnotes":""},"categories":[51,49],"tags":[],"class_list":["post-477558","post","type-post","status-publish","format-standard","has-post-thumbnail","hentry","category-evidenza-top","category-news-18","category-51","category-49","description-off"],"img_url":"https:\/\/www.radiopiu.net\/wordpress\/wp-content\/uploads\/2025\/10\/mani-1.jpg","_links":{"self":[{"href":"https:\/\/www.radiopiu.net\/wordpress\/wp-json\/wp\/v2\/posts\/477558","targetHints":{"allow":["GET"]}}],"collection":[{"href":"https:\/\/www.radiopiu.net\/wordpress\/wp-json\/wp\/v2\/posts"}],"about":[{"href":"https:\/\/www.radiopiu.net\/wordpress\/wp-json\/wp\/v2\/types\/post"}],"author":[{"embeddable":true,"href":"https:\/\/www.radiopiu.net\/wordpress\/wp-json\/wp\/v2\/users\/4"}],"replies":[{"embeddable":true,"href":"https:\/\/www.radiopiu.net\/wordpress\/wp-json\/wp\/v2\/comments?post=477558"}],"version-history":[{"count":2,"href":"https:\/\/www.radiopiu.net\/wordpress\/wp-json\/wp\/v2\/posts\/477558\/revisions"}],"predecessor-version":[{"id":477561,"href":"https:\/\/www.radiopiu.net\/wordpress\/wp-json\/wp\/v2\/posts\/477558\/revisions\/477561"}],"wp:featuredmedia":[{"embeddable":true,"href":"https:\/\/www.radiopiu.net\/wordpress\/wp-json\/wp\/v2\/media\/477559"}],"wp:attachment":[{"href":"https:\/\/www.radiopiu.net\/wordpress\/wp-json\/wp\/v2\/media?parent=477558"}],"wp:term":[{"taxonomy":"category","embeddable":true,"href":"https:\/\/www.radiopiu.net\/wordpress\/wp-json\/wp\/v2\/categories?post=477558"},{"taxonomy":"post_tag","embeddable":true,"href":"https:\/\/www.radiopiu.net\/wordpress\/wp-json\/wp\/v2\/tags?post=477558"}],"curies":[{"name":"wp","href":"https:\/\/api.w.org\/{rel}","templated":true}]}}