{"id":477563,"date":"2025-10-27T16:40:41","date_gmt":"2025-10-27T15:40:41","guid":{"rendered":"https:\/\/www.radiopiu.net\/wordpress\/?p=477563"},"modified":"2025-10-27T16:40:41","modified_gmt":"2025-10-27T15:40:41","slug":"innovatek-e-sindacati-siglano-accordi-per-il-rilancio-dello-stabilimento-di-longarone","status":"publish","type":"post","link":"https:\/\/www.radiopiu.net\/wordpress\/innovatek-e-sindacati-siglano-accordi-per-il-rilancio-dello-stabilimento-di-longarone\/","title":{"rendered":"INNOVATEK E SINDACATI SIGLANO ACCORDI PER IL RILANCIO DELLO STABILIMENTO DI LONGARONE"},"content":{"rendered":"<p>********<\/p>\n<p>&nbsp;<\/p>\n<p><strong><a class=\"dt-pswp-item\" href=\"https:\/\/www.radiopiu.net\/wordpress\/wp-content\/uploads\/2025\/03\/Innovatek-riduzione-dimensione-1-1.jpg\" data-dt-img-description=\"\" data-large_image_width=\"2560\" data-large_image_height=\"1191\"><img loading=\"lazy\" decoding=\"async\" class=\" wp-image-437916 alignleft\" src=\"https:\/\/www.radiopiu.net\/wordpress\/wp-content\/uploads\/2025\/03\/Innovatek-riduzione-dimensione-1-1-300x140.jpg\" alt=\"\" width=\"193\" height=\"90\" srcset=\"https:\/\/www.radiopiu.net\/wordpress\/wp-content\/uploads\/2025\/03\/Innovatek-riduzione-dimensione-1-1-300x140.jpg 300w, https:\/\/www.radiopiu.net\/wordpress\/wp-content\/uploads\/2025\/03\/Innovatek-riduzione-dimensione-1-1-1024x476.jpg 1024w, https:\/\/www.radiopiu.net\/wordpress\/wp-content\/uploads\/2025\/03\/Innovatek-riduzione-dimensione-1-1-768x357.jpg 768w, https:\/\/www.radiopiu.net\/wordpress\/wp-content\/uploads\/2025\/03\/Innovatek-riduzione-dimensione-1-1-1536x715.jpg 1536w, https:\/\/www.radiopiu.net\/wordpress\/wp-content\/uploads\/2025\/03\/Innovatek-riduzione-dimensione-1-1-2048x953.jpg 2048w\" sizes=\"auto, (max-width: 193px) 100vw, 193px\" \/><\/a>VENEZIA <\/strong>In un clima di confronto costruttivo mediato dalle strutture tecniche regionali, l\u2019Unit\u00e0 di crisi aziendali di Veneto Lavoro e la Direzione lavoro, Innovatek e le Parti sindacali Filctem Cgil, Femca Cisl e Uiltec Uil hanno sottoscritto oggi gli accordi per il rilancio dello stabilimento di Longarone. Dopo aver rilevato a fine 2023 il ramo ex Safilo non assorbito da Thelios, Innovatek ha affrontato la sfida di garantire il lavoro agli oltre 200 dipendenti acquisiti in un mercato in rallentamento. Attualmente, 75 lavoratori risultano impiegati su 152, ma nei prossimi mesi potrebbero salire a 100. Gli accordi comprendono l\u2019accordo quadro per il rilancio del sito, la proroga della Cassa integrazione straordinaria per un anno e incentivi all\u2019esodo per chi lascer\u00e0 volontariamente l\u2019azienda entro dicembre. Previsto anche un contributo welfare per i lavoratori sospesi e il supporto delle politiche attive regionali per il ricollocamento. L\u2019intesa conferma l\u2019impegno di Innovatek a rispettare il patto con la Regione, evitando licenziamenti unilaterali al termine dei due anni dal subentro, garantendo cos\u00ec stabilit\u00e0 occupazionale e continuit\u00e0 produttiva.<\/p>\n<p>&nbsp;<\/p>\n<p>&nbsp;<\/p>\n<p>&nbsp;<\/p>\n<p>&nbsp;<\/p>\n<p>*********<\/p>\n","protected":false},"excerpt":{"rendered":"<p>******** &nbsp; VENEZIA In un clima di confronto costruttivo mediato dalle strutture tecniche regionali, l\u2019Unit\u00e0 di crisi aziendali di Veneto Lavoro e la Direzione lavoro, Innovatek e le Parti sindacali Filctem Cgil, Femca Cisl e Uiltec Uil hanno sottoscritto oggi gli accordi per il rilancio dello stabilimento di Longarone. Dopo aver rilevato a fine 2023&hellip;<\/p>\n","protected":false},"author":4,"featured_media":437916,"comment_status":"closed","ping_status":"closed","sticky":false,"template":"","format":"standard","meta":{"_monsterinsights_skip_tracking":false,"_monsterinsights_sitenote_active":false,"_monsterinsights_sitenote_note":"","_monsterinsights_sitenote_category":0,"footnotes":""},"categories":[51,49],"tags":[],"class_list":["post-477563","post","type-post","status-publish","format-standard","has-post-thumbnail","hentry","category-evidenza-top","category-news-18","category-51","category-49","description-off"],"img_url":"https:\/\/www.radiopiu.net\/wordpress\/wp-content\/uploads\/2025\/03\/Innovatek-riduzione-dimensione-1-1.jpg","_links":{"self":[{"href":"https:\/\/www.radiopiu.net\/wordpress\/wp-json\/wp\/v2\/posts\/477563","targetHints":{"allow":["GET"]}}],"collection":[{"href":"https:\/\/www.radiopiu.net\/wordpress\/wp-json\/wp\/v2\/posts"}],"about":[{"href":"https:\/\/www.radiopiu.net\/wordpress\/wp-json\/wp\/v2\/types\/post"}],"author":[{"embeddable":true,"href":"https:\/\/www.radiopiu.net\/wordpress\/wp-json\/wp\/v2\/users\/4"}],"replies":[{"embeddable":true,"href":"https:\/\/www.radiopiu.net\/wordpress\/wp-json\/wp\/v2\/comments?post=477563"}],"version-history":[{"count":1,"href":"https:\/\/www.radiopiu.net\/wordpress\/wp-json\/wp\/v2\/posts\/477563\/revisions"}],"predecessor-version":[{"id":477564,"href":"https:\/\/www.radiopiu.net\/wordpress\/wp-json\/wp\/v2\/posts\/477563\/revisions\/477564"}],"wp:featuredmedia":[{"embeddable":true,"href":"https:\/\/www.radiopiu.net\/wordpress\/wp-json\/wp\/v2\/media\/437916"}],"wp:attachment":[{"href":"https:\/\/www.radiopiu.net\/wordpress\/wp-json\/wp\/v2\/media?parent=477563"}],"wp:term":[{"taxonomy":"category","embeddable":true,"href":"https:\/\/www.radiopiu.net\/wordpress\/wp-json\/wp\/v2\/categories?post=477563"},{"taxonomy":"post_tag","embeddable":true,"href":"https:\/\/www.radiopiu.net\/wordpress\/wp-json\/wp\/v2\/tags?post=477563"}],"curies":[{"name":"wp","href":"https:\/\/api.w.org\/{rel}","templated":true}]}}