{"id":477577,"date":"2025-10-27T16:58:04","date_gmt":"2025-10-27T15:58:04","guid":{"rendered":"https:\/\/www.radiopiu.net\/wordpress\/?p=477577"},"modified":"2025-10-27T16:58:20","modified_gmt":"2025-10-27T15:58:20","slug":"sedico-in-azione-per-lambiente","status":"publish","type":"post","link":"https:\/\/www.radiopiu.net\/wordpress\/sedico-in-azione-per-lambiente\/","title":{"rendered":"SEDICO IN AZIONE PER L\u2019AMBIENTE: SUCCESSO DELLA GIORNATA ECOLOGICA"},"content":{"rendered":"<p>*******<\/p>\n<p>&nbsp;<\/p>\n<p><strong>SEDICO <\/strong>Domenica 19 ottobre Sedico ha vissuto una mattinata all\u2019insegna del senso civico e della tutela dell\u2019ambiente grazie alla giornata ecologica organizzata e coordinata dall\u2019Assessore all\u2019ambiente, con la collaborazione di alcuni consiglieri comunali di maggioranza Un\u2019iniziativa resa possibile anche dal prezioso supporto dei volontari della Protezione Civile ANA, della Protezione Civile Monte Peron, della Pro Loco e di altre associazioni volontaristiche e sportive del territorio. Il ritrovo \u00e8 avvenuto presso la sede municipale, dove pi\u00f9 di 70 volontari hanno ricevuto le indicazioni e formato le squadre di intervento. Da l\u00ec, gli eco-volontari sono partiti per diverse zone del comune per raccogliere rifiuti lungo strade, aree verdi, e spazi pubblici, e percorsi pedonali. Al rientro, verso fine mattinata, i materiali raccolti sono stati conferiti all&#8217;ecocentro comunale. Nel complesso, Sedico si \u00e8 dimostrato un territorio ben curato: il livello generale di pulizia \u00e8 apparso pi\u00f9 che buono, segno dell\u2019attenzione dei cittadini verso l\u2019ambiente e del senso di responsabilit\u00e0 diffuso nella comunit\u00e0. Tuttavia, alcune criticit\u00e0 non sono mancate. In particolare, sono emerse problematiche nelle aree pi\u00f9 periferiche e vicino alle principali vie di scorrimento, dove il traffico veicolare \u00e8 intenso. Proprio in queste zone, persone di passaggio \u2013 non residenti \u2013 tendono ad abbandonare rifiuti in modo scorretto. Un comportamento incivile che grava ingiustamente sul territorio e sul lavoro dei volontari, e che richiede maggiore vigilanza e sensibilizzazione. Un altro aspetto da sensibilizzare riguarda la notevole quantit\u00e0 di mozziconi di sigaretta raccolti. Sebbene piccoli, questi rifiuti sono molto inquinanti e diffusi. Da qui l\u2019invito a una maggiore responsabilit\u00e0 da parte di chi fuma, perch\u00e9 bastano pochi accorgimenti per proteggere il nostro ambiente. La mattinata si \u00e8 conclusa in un clima di convivialit\u00e0 e gratitudine: alle ore 12 tutti i volontari si sono ritrovati per un pranzo preparato dalla Pro Loco, momento ideale per ringraziare concretamente chi ha dedicato tempo ed energie al bene comune. L\u2019amministrazione comunale esprime un sentito ringraziamento a tutti coloro che hanno partecipato e collaborato, sottolineando come iniziative di questo tipo non solo migliorino il territorio, ma rafforzino anche il senso di comunit\u00e0, dimostrando ancora una volta che prendersi cura dell\u2019ambiente \u00e8 una responsabilit\u00e0 condivisa e un gesto di amore verso il proprio territorio.<\/p>\n\n\t\t\t<style type='text\/css'>\n\t\t\t\t#gallery-1 {\n\t\t\t\t\tmargin: auto;\n\t\t\t\t}\n\t\t\t\t#gallery-1 .gallery-item {\n\t\t\t\t\tfloat: left;\n\t\t\t\t\tmargin-top: 10px;\n\t\t\t\t\ttext-align: center;\n\t\t\t\t\twidth: 33%;\n\t\t\t\t}\n\t\t\t\t#gallery-1 img {\n\t\t\t\t\tborder: 2px solid #cfcfcf;\n\t\t\t\t}\n\t\t\t\t#gallery-1 .gallery-caption {\n\t\t\t\t\tmargin-left: 0;\n\t\t\t\t}\n\t\t\t\t\/* see gallery_shortcode() in wp-includes\/media.php *\/\n\t\t\t<\/style>\n\t\t<div id='gallery-1' class='dt-gallery-container gallery galleryid-477577 gallery-columns-3 gallery-size-medium'><dl class='gallery-item'>\n\t\t\t\t<dt class='gallery-icon landscape'>\n\t\t\t\t\t<a class=\"rollover rollover-zoom dt-pswp-item\" title=\"36185a90-2db2-486c-8b53-85273403794b\" data-dt-img-description=\"\" data-large_image_width=\"1600\" data-large_image_height=\"1200\"href='https:\/\/www.radiopiu.net\/wordpress\/wp-content\/uploads\/2025\/10\/36185a90-2db2-486c-8b53-85273403794b.jpg'><img loading=\"lazy\" decoding=\"async\" width=\"300\" height=\"225\" src=\"https:\/\/www.radiopiu.net\/wordpress\/wp-content\/uploads\/2025\/10\/36185a90-2db2-486c-8b53-85273403794b-300x225.jpg\" class=\"attachment-medium size-medium\" alt=\"\" srcset=\"https:\/\/www.radiopiu.net\/wordpress\/wp-content\/uploads\/2025\/10\/36185a90-2db2-486c-8b53-85273403794b-300x225.jpg 300w, https:\/\/www.radiopiu.net\/wordpress\/wp-content\/uploads\/2025\/10\/36185a90-2db2-486c-8b53-85273403794b-1024x768.jpg 1024w, https:\/\/www.radiopiu.net\/wordpress\/wp-content\/uploads\/2025\/10\/36185a90-2db2-486c-8b53-85273403794b-768x576.jpg 768w, https:\/\/www.radiopiu.net\/wordpress\/wp-content\/uploads\/2025\/10\/36185a90-2db2-486c-8b53-85273403794b-1536x1152.jpg 1536w, https:\/\/www.radiopiu.net\/wordpress\/wp-content\/uploads\/2025\/10\/36185a90-2db2-486c-8b53-85273403794b.jpg 1600w\" sizes=\"auto, (max-width: 300px) 100vw, 300px\" \/><\/a>\n\t\t\t\t<\/dt><\/dl><dl class='gallery-item'>\n\t\t\t\t<dt class='gallery-icon landscape'>\n\t\t\t\t\t<a class=\"rollover rollover-zoom dt-pswp-item\" title=\"0ac19aac-aa1f-4b44-952a-c9de6edb8c94\" data-dt-img-description=\"\" data-large_image_width=\"1600\" data-large_image_height=\"1200\"href='https:\/\/www.radiopiu.net\/wordpress\/wp-content\/uploads\/2025\/10\/0ac19aac-aa1f-4b44-952a-c9de6edb8c94.jpg'><img loading=\"lazy\" decoding=\"async\" width=\"300\" height=\"225\" src=\"https:\/\/www.radiopiu.net\/wordpress\/wp-content\/uploads\/2025\/10\/0ac19aac-aa1f-4b44-952a-c9de6edb8c94-300x225.jpg\" class=\"attachment-medium size-medium\" alt=\"\" srcset=\"https:\/\/www.radiopiu.net\/wordpress\/wp-content\/uploads\/2025\/10\/0ac19aac-aa1f-4b44-952a-c9de6edb8c94-300x225.jpg 300w, https:\/\/www.radiopiu.net\/wordpress\/wp-content\/uploads\/2025\/10\/0ac19aac-aa1f-4b44-952a-c9de6edb8c94-1024x768.jpg 1024w, https:\/\/www.radiopiu.net\/wordpress\/wp-content\/uploads\/2025\/10\/0ac19aac-aa1f-4b44-952a-c9de6edb8c94-768x576.jpg 768w, https:\/\/www.radiopiu.net\/wordpress\/wp-content\/uploads\/2025\/10\/0ac19aac-aa1f-4b44-952a-c9de6edb8c94-1536x1152.jpg 1536w, https:\/\/www.radiopiu.net\/wordpress\/wp-content\/uploads\/2025\/10\/0ac19aac-aa1f-4b44-952a-c9de6edb8c94.jpg 1600w\" sizes=\"auto, (max-width: 300px) 100vw, 300px\" \/><\/a>\n\t\t\t\t<\/dt><\/dl><dl class='gallery-item'>\n\t\t\t\t<dt class='gallery-icon landscape'>\n\t\t\t\t\t<a class=\"rollover rollover-zoom dt-pswp-item\" title=\"dbd02016-5139-4f16-bd56-75e7efd37ff8\" data-dt-img-description=\"\" data-large_image_width=\"1600\" data-large_image_height=\"1200\"href='https:\/\/www.radiopiu.net\/wordpress\/wp-content\/uploads\/2025\/10\/dbd02016-5139-4f16-bd56-75e7efd37ff8.jpg'><img loading=\"lazy\" decoding=\"async\" width=\"300\" height=\"225\" src=\"https:\/\/www.radiopiu.net\/wordpress\/wp-content\/uploads\/2025\/10\/dbd02016-5139-4f16-bd56-75e7efd37ff8-300x225.jpg\" class=\"attachment-medium size-medium\" alt=\"\" srcset=\"https:\/\/www.radiopiu.net\/wordpress\/wp-content\/uploads\/2025\/10\/dbd02016-5139-4f16-bd56-75e7efd37ff8-300x225.jpg 300w, https:\/\/www.radiopiu.net\/wordpress\/wp-content\/uploads\/2025\/10\/dbd02016-5139-4f16-bd56-75e7efd37ff8-1024x768.jpg 1024w, https:\/\/www.radiopiu.net\/wordpress\/wp-content\/uploads\/2025\/10\/dbd02016-5139-4f16-bd56-75e7efd37ff8-768x576.jpg 768w, https:\/\/www.radiopiu.net\/wordpress\/wp-content\/uploads\/2025\/10\/dbd02016-5139-4f16-bd56-75e7efd37ff8-1536x1152.jpg 1536w, https:\/\/www.radiopiu.net\/wordpress\/wp-content\/uploads\/2025\/10\/dbd02016-5139-4f16-bd56-75e7efd37ff8.jpg 1600w\" sizes=\"auto, (max-width: 300px) 100vw, 300px\" \/><\/a>\n\t\t\t\t<\/dt><\/dl><br style=\"clear: both\" \/>\n\t\t\t<\/div>\n\n<p>&nbsp;<\/p>\n<p>&nbsp;<\/p>\n<p>**********<\/p>\n","protected":false},"excerpt":{"rendered":"<p>******* &nbsp; SEDICO Domenica 19 ottobre Sedico ha vissuto una mattinata all\u2019insegna del senso civico e della tutela dell\u2019ambiente grazie alla giornata ecologica organizzata e coordinata dall\u2019Assessore all\u2019ambiente, con la collaborazione di alcuni consiglieri comunali di maggioranza Un\u2019iniziativa resa possibile anche dal prezioso supporto dei volontari della Protezione Civile ANA, della Protezione Civile Monte Peron,&hellip;<\/p>\n","protected":false},"author":4,"featured_media":477579,"comment_status":"closed","ping_status":"closed","sticky":false,"template":"","format":"standard","meta":{"_monsterinsights_skip_tracking":false,"_monsterinsights_sitenote_active":false,"_monsterinsights_sitenote_note":"","_monsterinsights_sitenote_category":0,"footnotes":""},"categories":[51,49],"tags":[],"class_list":["post-477577","post","type-post","status-publish","format-standard","has-post-thumbnail","hentry","category-evidenza-top","category-news-18","category-51","category-49","description-off"],"img_url":"https:\/\/www.radiopiu.net\/wordpress\/wp-content\/uploads\/2025\/10\/0ac19aac-aa1f-4b44-952a-c9de6edb8c94.jpg","_links":{"self":[{"href":"https:\/\/www.radiopiu.net\/wordpress\/wp-json\/wp\/v2\/posts\/477577","targetHints":{"allow":["GET"]}}],"collection":[{"href":"https:\/\/www.radiopiu.net\/wordpress\/wp-json\/wp\/v2\/posts"}],"about":[{"href":"https:\/\/www.radiopiu.net\/wordpress\/wp-json\/wp\/v2\/types\/post"}],"author":[{"embeddable":true,"href":"https:\/\/www.radiopiu.net\/wordpress\/wp-json\/wp\/v2\/users\/4"}],"replies":[{"embeddable":true,"href":"https:\/\/www.radiopiu.net\/wordpress\/wp-json\/wp\/v2\/comments?post=477577"}],"version-history":[{"count":1,"href":"https:\/\/www.radiopiu.net\/wordpress\/wp-json\/wp\/v2\/posts\/477577\/revisions"}],"predecessor-version":[{"id":477581,"href":"https:\/\/www.radiopiu.net\/wordpress\/wp-json\/wp\/v2\/posts\/477577\/revisions\/477581"}],"wp:featuredmedia":[{"embeddable":true,"href":"https:\/\/www.radiopiu.net\/wordpress\/wp-json\/wp\/v2\/media\/477579"}],"wp:attachment":[{"href":"https:\/\/www.radiopiu.net\/wordpress\/wp-json\/wp\/v2\/media?parent=477577"}],"wp:term":[{"taxonomy":"category","embeddable":true,"href":"https:\/\/www.radiopiu.net\/wordpress\/wp-json\/wp\/v2\/categories?post=477577"},{"taxonomy":"post_tag","embeddable":true,"href":"https:\/\/www.radiopiu.net\/wordpress\/wp-json\/wp\/v2\/tags?post=477577"}],"curies":[{"name":"wp","href":"https:\/\/api.w.org\/{rel}","templated":true}]}}