{"id":477588,"date":"2025-10-27T17:11:53","date_gmt":"2025-10-27T16:11:53","guid":{"rendered":"https:\/\/www.radiopiu.net\/wordpress\/?p=477588"},"modified":"2025-10-28T17:36:00","modified_gmt":"2025-10-28T16:36:00","slug":"inaugurata-lofficina-meccatronica","status":"publish","type":"post","link":"https:\/\/www.radiopiu.net\/wordpress\/inaugurata-lofficina-meccatronica\/","title":{"rendered":"INAUGURATA L\u2019OFFICINA \u201cMECCATRONICA DI MARIO E LUCA\u201d A CHIESA DI VAL DI ZOLDO"},"content":{"rendered":"<p>******<\/p>\n<p>&nbsp;<\/p>\n<p><strong>VAL DI ZOLDO <\/strong>A Chiesa si \u00e8 svolta l\u2019inaugurazione dell\u2019officina \u201cMeccatronica di Mario e Luca\u201d, un\u2019iniziativa che porta una ventata di novit\u00e0 e dinamismo nel territorio. I protagonisti sono due giovani imprenditori locali, Mario e Luca Allia (padre e figlio di Agordo), che hanno deciso di investire nei loro paesi, offrendo servizi meccanici di qualit\u00e0 e creando nuove opportunit\u00e0 per la comunit\u00e0 e i dintorni. All\u2019evento era presente anche il sindaco di Val di Zoldo, Camillo De Pellegrin.. L\u2019inaugurazione ha richiamato numerosi cittadini, curiosi di conoscere la nuova realt\u00e0 e di confrontarsi con i ragazzi dietro il progetto. Un\u2019iniziativa che va oltre l\u2019aspetto commerciale: rappresenta un segnale di vitalit\u00e0 per la comunit\u00e0 e un esempio positivo di imprenditoria giovanile.<\/p>\n\n\t\t\t<style type='text\/css'>\n\t\t\t\t#gallery-1 {\n\t\t\t\t\tmargin: auto;\n\t\t\t\t}\n\t\t\t\t#gallery-1 .gallery-item {\n\t\t\t\t\tfloat: left;\n\t\t\t\t\tmargin-top: 10px;\n\t\t\t\t\ttext-align: center;\n\t\t\t\t\twidth: 33%;\n\t\t\t\t}\n\t\t\t\t#gallery-1 img {\n\t\t\t\t\tborder: 2px solid #cfcfcf;\n\t\t\t\t}\n\t\t\t\t#gallery-1 .gallery-caption {\n\t\t\t\t\tmargin-left: 0;\n\t\t\t\t}\n\t\t\t\t\/* see gallery_shortcode() in wp-includes\/media.php *\/\n\t\t\t<\/style>\n\t\t<div id='gallery-1' class='dt-gallery-container gallery galleryid-477588 gallery-columns-3 gallery-size-thumbnail'><dl class='gallery-item'>\n\t\t\t\t<dt class='gallery-icon portrait'>\n\t\t\t\t\t<a class=\"rollover rollover-zoom dt-pswp-item\" title=\"9ba853b2-6d4b-4052-8925-926407991601\" data-dt-img-description=\"\" data-large_image_width=\"1200\" data-large_image_height=\"1600\"href='https:\/\/www.radiopiu.net\/wordpress\/wp-content\/uploads\/2025\/10\/9ba853b2-6d4b-4052-8925-926407991601.jpg'><img loading=\"lazy\" decoding=\"async\" width=\"150\" height=\"150\" src=\"https:\/\/www.radiopiu.net\/wordpress\/wp-content\/uploads\/2025\/10\/9ba853b2-6d4b-4052-8925-926407991601-150x150.jpg\" class=\"attachment-thumbnail size-thumbnail\" alt=\"\" \/><\/a>\n\t\t\t\t<\/dt><\/dl><dl class='gallery-item'>\n\t\t\t\t<dt class='gallery-icon landscape'>\n\t\t\t\t\t<a class=\"rollover rollover-zoom dt-pswp-item\" title=\"c871147d-94db-4d4d-80fa-cbb177808029\" data-dt-img-description=\"\" data-large_image_width=\"2040\" data-large_image_height=\"1536\"href='https:\/\/www.radiopiu.net\/wordpress\/wp-content\/uploads\/2025\/10\/c871147d-94db-4d4d-80fa-cbb177808029.jpg'><img loading=\"lazy\" decoding=\"async\" width=\"150\" height=\"150\" src=\"https:\/\/www.radiopiu.net\/wordpress\/wp-content\/uploads\/2025\/10\/c871147d-94db-4d4d-80fa-cbb177808029-150x150.jpg\" class=\"attachment-thumbnail size-thumbnail\" alt=\"\" \/><\/a>\n\t\t\t\t<\/dt><\/dl><dl class='gallery-item'>\n\t\t\t\t<dt class='gallery-icon landscape'>\n\t\t\t\t\t<a class=\"rollover rollover-zoom dt-pswp-item\" title=\"9d7f89e8-33d7-44f1-bad1-5a87a737bac4\" data-dt-img-description=\"\" data-large_image_width=\"1600\" data-large_image_height=\"1200\"href='https:\/\/www.radiopiu.net\/wordpress\/wp-content\/uploads\/2025\/10\/9d7f89e8-33d7-44f1-bad1-5a87a737bac4.jpg'><img loading=\"lazy\" decoding=\"async\" width=\"150\" height=\"150\" src=\"https:\/\/www.radiopiu.net\/wordpress\/wp-content\/uploads\/2025\/10\/9d7f89e8-33d7-44f1-bad1-5a87a737bac4-150x150.jpg\" class=\"attachment-thumbnail size-thumbnail\" alt=\"\" \/><\/a>\n\t\t\t\t<\/dt><\/dl><br style=\"clear: both\" \/>\n\t\t\t<\/div>\n\n<p>&nbsp;<\/p>\n<p>&nbsp;<\/p>\n<p>***********<\/p>\n","protected":false},"excerpt":{"rendered":"<p>****** &nbsp; VAL DI ZOLDO A Chiesa si \u00e8 svolta l\u2019inaugurazione dell\u2019officina \u201cMeccatronica di Mario e Luca\u201d, un\u2019iniziativa che porta una ventata di novit\u00e0 e dinamismo nel territorio. I protagonisti sono due giovani imprenditori locali, Mario e Luca Allia (padre e figlio di Agordo), che hanno deciso di investire nei loro paesi, offrendo servizi meccanici&hellip;<\/p>\n","protected":false},"author":4,"featured_media":477590,"comment_status":"closed","ping_status":"closed","sticky":false,"template":"","format":"standard","meta":{"_monsterinsights_skip_tracking":false,"_monsterinsights_sitenote_active":false,"_monsterinsights_sitenote_note":"","_monsterinsights_sitenote_category":0,"footnotes":""},"categories":[49],"tags":[],"class_list":["post-477588","post","type-post","status-publish","format-standard","has-post-thumbnail","hentry","category-news-18","category-49","description-off"],"img_url":"https:\/\/www.radiopiu.net\/wordpress\/wp-content\/uploads\/2025\/10\/c871147d-94db-4d4d-80fa-cbb177808029.jpg","_links":{"self":[{"href":"https:\/\/www.radiopiu.net\/wordpress\/wp-json\/wp\/v2\/posts\/477588","targetHints":{"allow":["GET"]}}],"collection":[{"href":"https:\/\/www.radiopiu.net\/wordpress\/wp-json\/wp\/v2\/posts"}],"about":[{"href":"https:\/\/www.radiopiu.net\/wordpress\/wp-json\/wp\/v2\/types\/post"}],"author":[{"embeddable":true,"href":"https:\/\/www.radiopiu.net\/wordpress\/wp-json\/wp\/v2\/users\/4"}],"replies":[{"embeddable":true,"href":"https:\/\/www.radiopiu.net\/wordpress\/wp-json\/wp\/v2\/comments?post=477588"}],"version-history":[{"count":4,"href":"https:\/\/www.radiopiu.net\/wordpress\/wp-json\/wp\/v2\/posts\/477588\/revisions"}],"predecessor-version":[{"id":477754,"href":"https:\/\/www.radiopiu.net\/wordpress\/wp-json\/wp\/v2\/posts\/477588\/revisions\/477754"}],"wp:featuredmedia":[{"embeddable":true,"href":"https:\/\/www.radiopiu.net\/wordpress\/wp-json\/wp\/v2\/media\/477590"}],"wp:attachment":[{"href":"https:\/\/www.radiopiu.net\/wordpress\/wp-json\/wp\/v2\/media?parent=477588"}],"wp:term":[{"taxonomy":"category","embeddable":true,"href":"https:\/\/www.radiopiu.net\/wordpress\/wp-json\/wp\/v2\/categories?post=477588"},{"taxonomy":"post_tag","embeddable":true,"href":"https:\/\/www.radiopiu.net\/wordpress\/wp-json\/wp\/v2\/tags?post=477588"}],"curies":[{"name":"wp","href":"https:\/\/api.w.org\/{rel}","templated":true}]}}