{"id":477619,"date":"2025-10-29T05:58:11","date_gmt":"2025-10-29T04:58:11","guid":{"rendered":"https:\/\/www.radiopiu.net\/wordpress\/?p=477619"},"modified":"2025-10-29T08:53:38","modified_gmt":"2025-10-29T07:53:38","slug":"giornale-radiopiu-29-ottobre-2025-direttore-mirko-mezzacasa","status":"publish","type":"post","link":"https:\/\/www.radiopiu.net\/wordpress\/giornale-radiopiu-29-ottobre-2025-direttore-mirko-mezzacasa\/","title":{"rendered":"GIORNALE RADIOPIU 29 OTTOBRE 2025 DIRETTORE MIRKO MEZZACASA"},"content":{"rendered":"<p>********<\/p>\n<p>&nbsp;<\/p>\n<p><em><span style=\"color: #ff0000;\"><a class=\"dt-pswp-item\" href=\"https:\/\/www.radiopiu.net\/wordpress\/wp-content\/uploads\/2024\/10\/Senza-nome-8.png\" data-dt-img-description=\"\" data-large_image_width=\"343\" data-large_image_height=\"303\"><img loading=\"lazy\" decoding=\"async\" class=\"wp-image-412130 alignleft\" src=\"https:\/\/www.radiopiu.net\/wordpress\/wp-content\/uploads\/2024\/10\/Senza-nome-8-300x265.png\" alt=\"\" width=\"105\" height=\"93\" srcset=\"https:\/\/www.radiopiu.net\/wordpress\/wp-content\/uploads\/2024\/10\/Senza-nome-8-300x265.png 300w, https:\/\/www.radiopiu.net\/wordpress\/wp-content\/uploads\/2024\/10\/Senza-nome-8.png 343w\" sizes=\"auto, (max-width: 105px) 100vw, 105px\" \/><\/a><\/span><\/em><strong><em><span style=\"color: #ff0000;\"> LA\u00a0 APP PER IOS-IPHONE di Nicola Vettorello<\/span><\/em><\/strong><\/p>\n<p><strong><span style=\"color: #0000ff;\"><a style=\"color: #0000ff;\" href=\"https:\/\/apps.apple.com\/it\/app\/radio-pi%C3%B9-emittente-agordina\/id1515939845\">https:\/\/apps.apple.com\/it\/app\/radio-pi%C3%B9-emittente-agordina\/id1515939845<\/a><\/span><\/strong><\/p>\n<p><strong><em style=\"color: #ff0000;\">LA\u00a0 APP RADIO\u00a0 PER ANDROID di Nicola Vettorello<\/em><\/strong><\/p>\n<p><strong><span style=\"color: #0000ff;\"><a style=\"color: #0000ff;\" href=\"https:\/\/play.google.com\/store\/apps\/details?id=net.radiopiu.iniko\" target=\"_blank\" rel=\"noopener noreferrer\">https:\/\/<\/a><a style=\"color: #0000ff;\" href=\"https:\/\/play.google.com\/store\/apps\/details?id=net.radiopiu.iniko\" target=\"_blank\" rel=\"noopener noreferrer\">play.google.com\/store\/apps\/details?id=net.radiopiu.iniko\u00a0\u00a0\u00a0\u00a0\u00a0<\/a><\/span><\/strong><\/p>\n<p>&nbsp;<\/p>\n<p>&nbsp;<\/p>\n<hr \/>\n<p>&nbsp;<\/p>\n<blockquote>\n<div class=\"mceTemp\">\n<h1 data-start=\"0\" data-end=\"60\"><strong data-start=\"0\" data-end=\"60\">OGGI SU RADIOPI\u00d9: <span style=\"color: #000000;\">MUSICA, informazione\u00a0<\/span> e dirette\u00a0\u00a0<\/strong><\/h1>\n<\/div>\n<\/blockquote>\n<p><strong class=\"photoswipe-wrapper\"><a class=\"dt-pswp-item\" href=\"https:\/\/www.radiopiu.net\/wordpress\/wp-content\/uploads\/2025\/10\/APPIA-1.jpg\" data-dt-img-description=\"\" data-large_image_width=\"1021\" data-large_image_height=\"599\"><img loading=\"lazy\" decoding=\"async\" class=\"size-medium wp-image-477518 alignleft\" src=\"https:\/\/www.radiopiu.net\/wordpress\/wp-content\/uploads\/2025\/10\/APPIA-1-300x176.jpg\" alt=\"\" width=\"300\" height=\"176\" srcset=\"https:\/\/www.radiopiu.net\/wordpress\/wp-content\/uploads\/2025\/10\/APPIA-1-300x176.jpg 300w, https:\/\/www.radiopiu.net\/wordpress\/wp-content\/uploads\/2025\/10\/APPIA-1-768x451.jpg 768w, https:\/\/www.radiopiu.net\/wordpress\/wp-content\/uploads\/2025\/10\/APPIA-1.jpg 1021w\" sizes=\"auto, (max-width: 300px) 100vw, 300px\" \/><\/a>ALLE 8.05 LA RASSEGNA STAMPA LOCALE 8.25 PIU SIAMO, DI MARINA DONA&#8217; 900\u00a0 SULLE ORME DI LIANA CAVALLET, Elena De Zaiacomo, recensisce &#8220;Il leggendario tesoro di Hell Gate&#8221; di Davide Morosinotto. <\/strong><strong>\u00a010 10 DALLO STAND DI LONGARONE FIERE LE INTERVISTE CON L&#8217;APPIA &#8211; SULLE TRE RADIO 10.30\u00a0 SE NON LA SMETTI DI MANDO DAL PRESIDE CON LA PROF. MARIA ROSA SALMAZO\u00a0 11.00\u00a0 \u00a0 FOGLIE E CASTAGNE CON MARINA DONA&#8217;\u00a0 A SEGUIRE MARINA REMIX 12 LISCIO NON TI LASCIO DI MIRCO BENVICENNI\u00a0 13.10 TRE PER DUE PER TE&#8230; CON MARINA DONA&#8217;\u00a0 13.20\u00a0 collage operazione nostalgia, con loris scussel\u00a0 14.00 LA\u00a0 CLASSIFICA DI MARCO GAZ\u00a0 \u00a015.00\u00a0 AMAZIN CALENDAR DALLA NEVEGAL TOUR DI BELLUNO, CON MICHELA E MARINA\u00a0 <\/strong><strong>16 45 LE HIT STORICHE DI MIRCO BENCIVENNI<\/strong> <strong>19.05 LE ANTICIPAZIONI DAL TG DI ANTENNA 3 DA UN\u2019IDEA DI TIZIANA BOLOGNANI\u00a0<\/strong><\/p>\n<p>&nbsp;<\/p>\n<p>&nbsp;<\/p>\n<hr \/>\n<p>&nbsp;<\/p>\n<div class=\"x11i5rnm xat24cr x1mh8g0r x1vvkbs xtlvy1s x126k92a\">\n<blockquote>\n<h1><strong><a class=\"dt-pswp-item\" href=\"https:\/\/www.radiopiu.net\/wordpress\/wp-content\/uploads\/2024\/10\/629301fd-708d-4f53-95c2-d28cbefd500f.jpg\" data-dt-img-description=\"\" data-large_image_width=\"1600\" data-large_image_height=\"1322\"><img loading=\"lazy\" decoding=\"async\" class=\"wp-image-413782 alignright\" src=\"https:\/\/www.radiopiu.net\/wordpress\/wp-content\/uploads\/2024\/10\/629301fd-708d-4f53-95c2-d28cbefd500f-300x248.jpg\" alt=\"\" width=\"106\" height=\"88\" srcset=\"https:\/\/www.radiopiu.net\/wordpress\/wp-content\/uploads\/2024\/10\/629301fd-708d-4f53-95c2-d28cbefd500f-300x248.jpg 300w, https:\/\/www.radiopiu.net\/wordpress\/wp-content\/uploads\/2024\/10\/629301fd-708d-4f53-95c2-d28cbefd500f-1024x846.jpg 1024w, https:\/\/www.radiopiu.net\/wordpress\/wp-content\/uploads\/2024\/10\/629301fd-708d-4f53-95c2-d28cbefd500f-768x635.jpg 768w, https:\/\/www.radiopiu.net\/wordpress\/wp-content\/uploads\/2024\/10\/629301fd-708d-4f53-95c2-d28cbefd500f-1536x1269.jpg 1536w, https:\/\/www.radiopiu.net\/wordpress\/wp-content\/uploads\/2024\/10\/629301fd-708d-4f53-95c2-d28cbefd500f.jpg 1600w\" sizes=\"auto, (max-width: 106px) 100vw, 106px\" \/><\/a><\/strong><\/h1>\n<h1><strong><a class=\"dt-pswp-item\" href=\"https:\/\/www.radiopiu.net\/wordpress\/wp-content\/uploads\/2024\/11\/th-18.jpg\" data-dt-img-description=\"\" data-large_image_width=\"156\" data-large_image_height=\"180\"><img loading=\"lazy\" decoding=\"async\" class=\"size-full wp-image-421611 alignleft\" src=\"https:\/\/www.radiopiu.net\/wordpress\/wp-content\/uploads\/2024\/11\/th-18.jpg\" alt=\"\" width=\"156\" height=\"180\" \/><\/a><\/strong><\/h1>\n<h1><strong>N di parom &#8211; L Almanach de la nosta jent<\/strong><\/h1>\n<\/blockquote>\n<p>&nbsp;<\/p>\n<p>Le voci: Davide Conedera, Agordo, Michela Dell&#8217;Osbel, La Valle Agordina Simone Ganz, Falcade Veronica Lezuo, Colle Santa Lucia. La voce nella sigla \u00e8 di Giorgia Taio<\/p>\n<p><strong>LA PUNTATA DI OGGI, 29 OTTOBRE 2025<\/strong><\/p>\n<p>&nbsp;<\/p>\n<audio class=\"wp-audio-shortcode\" id=\"audio-477619-1\" preload=\"none\" style=\"width: 100%;\" controls=\"controls\"><source type=\"audio\/mpeg\" src=\"https:\/\/www.radiopiu.net\/wordpress\/wp-content\/uploads\/2025\/10\/AL3-3.mp3?_=1\" \/><a href=\"https:\/\/www.radiopiu.net\/wordpress\/wp-content\/uploads\/2025\/10\/AL3-3.mp3\">https:\/\/www.radiopiu.net\/wordpress\/wp-content\/uploads\/2025\/10\/AL3-3.mp3<\/a><\/audio>\n<p>&nbsp;<\/p>\n<\/div>\n<hr \/>\n<p>&nbsp;<\/p>\n<p>&nbsp;<\/p>\n<div class=\"x11i5rnm xat24cr x1mh8g0r x1vvkbs xtlvy1s x126k92a\">\n<div dir=\"auto\">\n<div dir=\"auto\">\n<p><strong><a class=\"dt-pswp-item\" href=\"https:\/\/www.radiopiu.net\/wordpress\/wp-content\/uploads\/2025\/09\/file-4.jpg\" data-dt-img-description=\"\" data-large_image_width=\"640\" data-large_image_height=\"641\"><img loading=\"lazy\" decoding=\"async\" class=\"wp-image-471370 alignleft\" src=\"https:\/\/www.radiopiu.net\/wordpress\/wp-content\/uploads\/2025\/09\/file-4-300x300.jpg\" alt=\"\" width=\"170\" height=\"170\" srcset=\"https:\/\/www.radiopiu.net\/wordpress\/wp-content\/uploads\/2025\/09\/file-4-300x300.jpg 300w, https:\/\/www.radiopiu.net\/wordpress\/wp-content\/uploads\/2025\/09\/file-4-150x150.jpg 150w, https:\/\/www.radiopiu.net\/wordpress\/wp-content\/uploads\/2025\/09\/file-4.jpg 640w\" sizes=\"auto, (max-width: 170px) 100vw, 170px\" \/><\/a>EL BAL DEL FIOR, DI GIULIANA DA RONCH, 29 OTTOBRE<\/strong><strong>\u00a02025<\/strong><\/p>\n<\/div>\n<\/div>\n<div dir=\"auto\">\n<div dir=\"auto\">\n<p>&nbsp;<\/p>\n<\/div>\n<\/div>\n<\/div>\n<div class=\"x11i5rnm xat24cr x1mh8g0r x1vvkbs xtlvy1s x126k92a\">\n<div dir=\"auto\">\n<p>&nbsp;<\/p>\n<p>&nbsp;<\/p>\n<audio class=\"wp-audio-shortcode\" id=\"audio-477619-2\" preload=\"none\" style=\"width: 100%;\" controls=\"controls\"><source type=\"audio\/mpeg\" src=\"https:\/\/www.radiopiu.net\/wordpress\/wp-content\/uploads\/2025\/10\/GME-3.mp3?_=2\" \/><a href=\"https:\/\/www.radiopiu.net\/wordpress\/wp-content\/uploads\/2025\/10\/GME-3.mp3\">https:\/\/www.radiopiu.net\/wordpress\/wp-content\/uploads\/2025\/10\/GME-3.mp3<\/a><\/audio>\n<p>&nbsp;<\/p>\n<hr \/>\n<\/div>\n<\/div>\n<blockquote>\n<blockquote>\n<h1><span style=\"color: #ff0000;\">\u00a0<\/span><\/h1>\n<h1><span style=\"color: #ff0000;\">I podcast informativi del mattino &#8211; audio &#8211;\u00a0\u00a0<\/span><\/h1>\n<\/blockquote>\n<p><strong><a class=\"dt-pswp-item\" href=\"https:\/\/www.radiopiu.net\/wordpress\/wp-content\/uploads\/2024\/11\/6.jpg\" data-dt-img-description=\"\" data-large_image_width=\"177\" data-large_image_height=\"180\"><img loading=\"lazy\" decoding=\"async\" class=\"size-full wp-image-417911 alignleft\" src=\"https:\/\/www.radiopiu.net\/wordpress\/wp-content\/uploads\/2024\/11\/6.jpg\" alt=\"\" width=\"177\" height=\"180\" \/><\/a>LA RASSEGNA STAMPA NAZIONALE ALLA RADIO, OGNI GIORNO ALLE 5 E ALLE 6 DEL MATTINO <span style=\"color: #0000ff;\">viene pubblicata alle 6.00 <span style=\"color: #ff0000;\">DIRETTA RADIO\u00a0 \u00a0\u00a0<\/span><\/span><\/strong><\/p><\/blockquote>\n<h1><strong>NOTIZIE DELLA NOTTE\u00a0 \u00a0<\/strong><\/h1>\n<p data-start=\"273\" data-end=\"599\"><strong data-start=\"273\" data-end=\"288\">STATI UNITI<\/strong> \u2013 Il presidente Donald Trump ha dichiarato che \u201crisolver\u00e0 molte questioni con Xi Jinping\u201d e che intende ridurre i dazi sulla Cina legati al fentanyl. Ha inoltre assicurato che \u201cil cessate il fuoco a Gaza non \u00e8 a rischio\u201d, in vista del suo prossimo viaggio a <strong data-start=\"547\" data-end=\"555\">Seul<\/strong> dopo un nuovo test balistico nordcoreano.<\/p>\n<p data-start=\"601\" data-end=\"843\"><strong data-start=\"601\" data-end=\"619\">RIO DE JANEIRO<\/strong> \u2013 Sessantaquattro morti nell\u2019operazione anti-narcos pi\u00f9 letale di sempre in Brasile. L\u2019intervento della polizia ha scatenato violenti scontri nelle favelas, con decine di feriti e proteste per l\u2019eccessivo uso della forza.<\/p>\n<p data-start=\"845\" data-end=\"1034\"><strong data-start=\"845\" data-end=\"857\">GIAMAICA<\/strong> \u2013 L\u2019uragano Melissa, inizialmente di categoria 5, ha toccato terra ed \u00e8 stato declassato, ma continua a portare venti oltre i 200 km\/h e gravi danni lungo la costa caraibica.<\/p>\n<p data-start=\"1036\" data-end=\"1231\"><strong data-start=\"1036\" data-end=\"1046\">ITALIA<\/strong> \u2013 \u00c8 legge la nuova Maturit\u00e0: due prove scritte e quattro materie orali. Il ministro dell\u2019Istruzione promette un esame \u201cpi\u00f9 equilibrato e vicino alle competenze reali degli studenti\u201d.<\/p>\n<p data-start=\"1233\" data-end=\"1420\"><strong data-start=\"1233\" data-end=\"1242\">TOKYO<\/strong> \u2013 Apertura in rialzo della Borsa (+0,57%), trainata dai titoli tecnologici, mentre gli investitori guardano con cautela all\u2019evoluzione dei rapporti commerciali tra USA e Cina.<\/p>\n<p data-start=\"1422\" data-end=\"1541\"><strong data-start=\"1422\" data-end=\"1432\">MILANO<\/strong> \u2013 In Serie A, Atalanta-Milan finisce 1-1. Allegri commenta: \u201cSiamo calati tecnicamente dopo il vantaggio\u201d.<\/p>\n<p data-start=\"1543\" data-end=\"1684\" data-is-last-node=\"\" data-is-only-node=\"\"><strong data-start=\"1543\" data-end=\"1551\">ROMA<\/strong> \u2013 Il governatore di Bankitalia Fabio Panetta rassicura: \u201cConti in ordine, banche solide e pronte a sostenere la crescita del Paese\u201d.<\/p>\n<h1>IL GIORNALE DELLE SEI DEL MATTINO<\/h1>\n<audio class=\"wp-audio-shortcode\" id=\"audio-477619-3\" preload=\"none\" style=\"width: 100%;\" controls=\"controls\"><source type=\"audio\/mpeg\" src=\"https:\/\/www.radiopiu.net\/wordpress\/wp-content\/uploads\/2025\/10\/GIORNALEDELLESEI-24.mp3?_=3\" \/><a href=\"https:\/\/www.radiopiu.net\/wordpress\/wp-content\/uploads\/2025\/10\/GIORNALEDELLESEI-24.mp3\">https:\/\/www.radiopiu.net\/wordpress\/wp-content\/uploads\/2025\/10\/GIORNALEDELLESEI-24.mp3<\/a><\/audio>\n<p>&nbsp;<\/p>\n<p>&nbsp;<\/p>\n<hr \/>\n<p>&nbsp;<\/p>\n<h1 style=\"text-align: center;\"><span style=\"color: #ff0000;\"><a class=\"dt-pswp-item\" href=\"https:\/\/www.radiopiu.net\/wordpress\/wp-content\/uploads\/2024\/11\/7.jpg\" data-dt-img-description=\"\" data-large_image_width=\"180\" data-large_image_height=\"180\"><img loading=\"lazy\" decoding=\"async\" class=\"size-full wp-image-417912 alignleft\" src=\"https:\/\/www.radiopiu.net\/wordpress\/wp-content\/uploads\/2024\/11\/7.jpg\" alt=\"\" width=\"180\" height=\"180\" srcset=\"https:\/\/www.radiopiu.net\/wordpress\/wp-content\/uploads\/2024\/11\/7.jpg 180w, https:\/\/www.radiopiu.net\/wordpress\/wp-content\/uploads\/2024\/11\/7-150x150.jpg 150w\" sizes=\"auto, (max-width: 180px) 100vw, 180px\" \/><\/a>I podcast informativi del mattino &#8211; audio &#8211;\u00a0<\/span><\/h1>\n<p><strong>OGNI GIORNO ALLE SETTE DEL MATTINO, LA RASSEGNA STAMPA LOCALE FLASH&#8230; PER CHI VA IN FRETTA. I TITOLI DAI GIORNALI E DAL SITO WWW.RADIOPIU.NET <span style=\"color: #0000ff;\">viene pubblicato alle 7.00<\/span> <span style=\"color: #ff0000;\">DIRETTA RADIO\u00a0<\/span><\/strong><\/p>\n<p><em><span style=\"color: #ff0000;\">per chi va in fretta&#8230; tante notizie in pochi minuti. L&#8217;informazione locale alla radio, ogni ora dalle 7 del mattino alle 19 della sera.\u00a0\u00a0<\/span><\/em><\/p>\n<p><strong data-start=\"0\" data-end=\"62\">Notizie locali dal Bellunese: tra cronaca, eventi e novit\u00e0<\/strong><\/p>\n<div class=\"flex flex-1 grow basis-auto flex-col overflow-hidden\">\n<div class=\"relative h-full\">\n<div class=\"flex h-full flex-col overflow-y-auto [scrollbar-gutter:stable]\">\n<div class=\"mt-1.5 flex flex-col text-sm @thread-xl\/thread:pt-header-height md:pb-9\">\n<article class=\"group\/turn w-full text-token-text-primary focus-visible:outline-none\" dir=\"auto\" tabindex=\"-1\" data-testid=\"conversation-turn-2\" data-scroll-anchor=\"true\">\n<div class=\"text-base my-auto mx-auto py-5 px-6\">\n<div class=\"mx-auto flex flex-1 text-base gap-4 md:gap-5 lg:gap-6 md:max-w-3xl\">\n<div class=\"group\/conversation-turn relative flex w-full min-w-0 flex-col agent-turn @xs\/thread:px-0 @sm\/thread:px-1.5 @md\/thread:px-4\">\n<div class=\"relative flex-col gap-1 md:gap-3\">\n<div class=\"flex max-w-full flex-col flex-grow\">\n<div class=\"min-h-8 text-message relative flex w-full flex-col items-end gap-2 whitespace-normal break-words text-start [.text-message+&amp;]:mt-5\" dir=\"auto\" data-message-author-role=\"assistant\" data-message-id=\"bff05fc0-dc7c-4ab7-9b20-d3eec753127b\" data-message-model-slug=\"gpt-4o-mini\">\n<div class=\"flex w-full flex-col gap-1 empty:hidden first:pt-[3px]\">\n<div class=\"markdown prose w-full break-words dark:prose-invert dark\">\n<p class=\"\" data-start=\"64\" data-end=\"329\"><em><strong>Radio Pi\u00f9 offre una panoramica sui principali eventi e notizie in provincia di Belluno, accompagnata dalla programmazione radiofonica. Tra le principali notizie<\/strong><\/em><\/p>\n<\/div>\n<\/div>\n<\/div>\n<\/div>\n<\/div>\n<\/div>\n<\/div>\n<\/div>\n<\/article>\n<\/div>\n<\/div>\n<\/div>\n<\/div>\n<h1>AUDIO dalle 7 del mattino<\/h1>\n<audio class=\"wp-audio-shortcode\" id=\"audio-477619-4\" preload=\"none\" style=\"width: 100%;\" controls=\"controls\"><source type=\"audio\/mpeg\" src=\"https:\/\/www.radiopiu.net\/wordpress\/wp-content\/uploads\/2025\/10\/GF07-24.mp3?_=4\" \/><a href=\"https:\/\/www.radiopiu.net\/wordpress\/wp-content\/uploads\/2025\/10\/GF07-24.mp3\">https:\/\/www.radiopiu.net\/wordpress\/wp-content\/uploads\/2025\/10\/GF07-24.mp3<\/a><\/audio>\n<p>&nbsp;<\/p>\n<p>&nbsp;<\/p>\n<hr \/>\n<p>&nbsp;<\/p>\n<h1><\/h1>\n<h1 style=\"text-align: center;\"><span style=\"color: #ff0000;\"><a class=\"dt-pswp-item\" href=\"https:\/\/www.radiopiu.net\/wordpress\/wp-content\/uploads\/2024\/11\/th.jpg\" data-dt-img-description=\"\" data-large_image_width=\"148\" data-large_image_height=\"179\"><img loading=\"lazy\" decoding=\"async\" class=\" wp-image-417913 alignleft\" src=\"https:\/\/www.radiopiu.net\/wordpress\/wp-content\/uploads\/2024\/11\/th.jpg\" alt=\"\" width=\"66\" height=\"80\" \/><\/a>I podcast informativi del mattino &#8211; audio &#8211;\u00a0<\/span><\/h1>\n<blockquote><p><strong>GIORNALE RADIO NAZIONALE, EDIZIONE DELLE SETTE <span style=\"color: #0000ff;\">viene pubblicato alle 7.05 <span style=\"color: #ff0000;\">DIRETTA RADIO\u00a0<\/span><\/span><\/strong><\/p><\/blockquote>\n<p><strong>il giornale radionazionale e&#8217; in onda ogni ora, dalle sette del mattino alle venti della sera\u00a0 \u00a0\u00a0<\/strong><\/p>\n<blockquote>\n<h2><em><a class=\"dt-pswp-item\" href=\"https:\/\/www.radiopiu.net\/wordpress\/wp-content\/uploads\/2025\/02\/download-7.jpg\" data-dt-img-description=\"\" data-large_image_width=\"211\" data-large_image_height=\"239\"><img loading=\"lazy\" decoding=\"async\" class=\" wp-image-435553 alignleft\" src=\"https:\/\/www.radiopiu.net\/wordpress\/wp-content\/uploads\/2025\/02\/download-7.jpg\" alt=\"\" width=\"186\" height=\"211\" \/><\/a><span style=\"color: #ff0000;\">RADIOPI\u00d9<\/span> \u2013 La voce del territorio, lo sguardo sul Paese.\u00a0<\/em><\/h2>\n<\/blockquote>\n<div class=\"flex basis-auto flex-col -mb-(--composer-overlap-px) [--composer-overlap-px:55px] grow overflow-hidden\">\n<div class=\"relative h-full\">\n<div class=\"flex h-full flex-col overflow-y-auto [scrollbar-gutter:stable_both-edges] @[84rem]\/thread:pt-(--header-height)\">\n<div class=\"@thread-xl\/thread:pt-header-height flex flex-col text-sm pb-25\">\n<article class=\"text-token-text-primary w-full focus:outline-none scroll-mt-[calc(var(--header-height)+min(200px,max(70px,20svh)))]\" dir=\"auto\" tabindex=\"-1\" data-testid=\"conversation-turn-68\" data-scroll-anchor=\"true\" data-turn=\"assistant\">\n<div class=\"text-base my-auto mx-auto pb-10 [--thread-content-margin:--spacing(4)] @[37rem]:[--thread-content-margin:--spacing(6)] @[72rem]:[--thread-content-margin:--spacing(16)] px-(--thread-content-margin)\">\n<div class=\"[--thread-content-max-width:32rem] @[34rem]:[--thread-content-max-width:40rem] @[64rem]:[--thread-content-max-width:48rem] mx-auto max-w-(--thread-content-max-width) flex-1 group\/turn-messages focus-visible:outline-hidden relative flex w-full min-w-0 flex-col agent-turn\" tabindex=\"-1\">\n<div class=\"flex max-w-full flex-col grow\">\n<div class=\"min-h-8 text-message relative flex w-full flex-col items-end gap-2 text-start break-words whitespace-normal [.text-message+&amp;]:mt-5\" dir=\"auto\" data-message-author-role=\"assistant\" data-message-id=\"44b2bab2-310d-4a9e-8ff2-f21a32a7d5b3\" data-message-model-slug=\"gpt-4-1-mini\">\n<div class=\"flex w-full flex-col gap-1 empty:hidden first:pt-[3px]\">\n<div class=\"markdown prose dark:prose-invert w-full break-words dark\">\n<div class=\"pointer-events-none h-px w-px\" aria-hidden=\"true\" data-edge=\"true\">\n<div class=\"relative basis-auto flex-col -mb-(--composer-overlap-px) [--composer-overlap-px:28px] grow flex overflow-hidden\">\n<div class=\"relative h-full\">\n<div class=\"flex h-full flex-col overflow-y-auto thread-xl:pt-(--header-height) [scrollbar-gutter:stable_both-edges]\">\n<div class=\"flex flex-col text-sm thread-xl:pt-header-height pb-25\">\n<article class=\"text-token-text-primary w-full focus:outline-none [--shadow-height:45px] has-data-writing-block:pointer-events-none has-data-writing-block:-mt-(--shadow-height) has-data-writing-block:pt-(--shadow-height) [&amp;:has([data-writing-block])&gt;*]:pointer-events-auto [content-visibility:auto] supports-[content-visibility:auto]:[contain-intrinsic-size:auto_100lvh] scroll-mt-[calc(var(--header-height)+min(200px,max(70px,20svh)))]\" dir=\"auto\" tabindex=\"-1\" data-turn-id=\"request-WEB:311edd51-6585-447f-954b-eba2b848ca71-11\" data-testid=\"conversation-turn-24\" data-scroll-anchor=\"true\" data-turn=\"assistant\">\n<div class=\"text-base my-auto mx-auto pb-10 [--thread-content-margin:--spacing(4)] thread-sm:[--thread-content-margin:--spacing(6)] thread-lg:[--thread-content-margin:--spacing(16)] px-(--thread-content-margin)\">\n<div class=\"[--thread-content-max-width:40rem] thread-lg:[--thread-content-max-width:48rem] mx-auto max-w-(--thread-content-max-width) flex-1 group\/turn-messages focus-visible:outline-hidden relative flex w-full min-w-0 flex-col agent-turn\" tabindex=\"-1\">\n<div class=\"flex max-w-full flex-col grow\">\n<div class=\"min-h-8 text-message relative flex w-full flex-col items-end gap-2 text-start break-words whitespace-normal [.text-message+&amp;]:mt-1\" dir=\"auto\" data-message-author-role=\"assistant\" data-message-id=\"aaf289ee-94ae-4828-88f9-8990902bc04c\" data-message-model-slug=\"gpt-5\">\n<div class=\"flex w-full flex-col gap-1 empty:hidden first:pt-[1px]\">\n<div class=\"markdown prose dark:prose-invert w-full break-words dark markdown-new-styling\">\n<p data-start=\"0\" data-end=\"204\"><strong data-start=\"0\" data-end=\"7\">MACERATA<\/strong>\u00a0\u2013 Rapina a un portavalori: un commando di sette persone ha assaltato il mezzo in autostrada. Tre sono stati arrestati nel Maceratese, uno \u00e8 in ospedale, mentre altri quattro restano in fuga.<\/p>\n<p data-start=\"206\" data-end=\"379\"><strong data-start=\"206\" data-end=\"217\">CROTONE<\/strong> \u2013 Il sindaco Vincenzo Voce ha aggredito un consigliere comunale durante una discussione in municipio e poi ha rassegnato le dimissioni. La citt\u00e0 \u00e8 sotto shock.<\/p>\n<p data-start=\"381\" data-end=\"539\"><strong data-start=\"381\" data-end=\"394\">LOMBARDIA<\/strong> \u2013 Dramma sul lavoro: un 23enne \u00e8 morto dopo essere rimasto incastrato in un macchinario agricolo. Indagini in corso sulle misure di sicurezza.<\/p>\n<p data-start=\"541\" data-end=\"663\"><strong data-start=\"541\" data-end=\"549\">ROMA<\/strong> \u2013 L\u2019inchiesta sul \u201cclick day\u201d per l\u2019ingresso dei lavoratori stranieri: 21 persone hanno chiesto di patteggiare.<\/p>\n<p data-start=\"665\" data-end=\"823\"><strong data-start=\"665\" data-end=\"676\">BRESCIA<\/strong> \u2013 Scoppia la protesta tra i genitori di 1.600 alunni: per visualizzare i compiti in classe dei figli, l\u2019istituto chiede un contributo economico.<\/p>\n<p data-start=\"825\" data-end=\"976\"><strong data-start=\"825\" data-end=\"838\">DESENZANO<\/strong> \u2013 Si \u00e8 costituito il consuocero di Dolores Dori, trovata morta il 2 ottobre vicino all\u2019ospedale. L\u2019uomo era ricercato da settimane.<\/p>\n<p data-start=\"978\" data-end=\"1090\"><strong data-start=\"978\" data-end=\"988\">LONATO<\/strong> \u2013 I carabinieri hanno messo i sigilli al campo nomadi dove la donna era stata uccisa e abbandonata.<\/p>\n<p data-start=\"1092\" data-end=\"1295\"><strong data-start=\"1092\" data-end=\"1102\">NAPOLI<\/strong> \u2013 L\u2019ultimo saluto a Raffaele Marianella, autista ucciso per futili motivi. Il fratello ha celebrato i funerali, il vescovo invita a incontrare i ragazzi responsabili: \u201cLo sport \u00e8 altro\u201d.<\/p>\n<p data-start=\"1297\" data-end=\"1431\"><strong data-start=\"1297\" data-end=\"1307\">MILANO<\/strong> \u2013 Braccialetto elettronico e divieto di avvicinamento per il rapper Faneto, accusato di aver picchiato l\u2019ex compagna.<\/p>\n<p data-start=\"1433\" data-end=\"1605\"><strong data-start=\"1433\" data-end=\"1443\">ITALIA<\/strong> \u2013 Il 6 novembre sciopero dei 60mila farmacisti dipendenti: i sindacati chiedono il rinnovo del contratto scaduto e un ritorno al tavolo da parte di Federfarma.<\/p>\n<p data-start=\"1607\" data-end=\"1795\"><strong data-start=\"1607\" data-end=\"1618\">LIVORNO<\/strong> \u2013 Addio al generale Franco Angioni, che guid\u00f2 in Libano la prima missione italiana all\u2019estero dopo la Seconda guerra mondiale, inaugurando il cosiddetto \u201cmodello Italia\u201d.<\/p>\n<p data-start=\"1797\" data-end=\"1943\"><strong data-start=\"1797\" data-end=\"1809\">ROSOLINA<\/strong> \u2013 Cold case riaperto dopo 27 anni: un uomo sar\u00e0 processato per il duplice omicidio di madre e figlia massacrate in un bar nel 1998.<\/p>\n<p data-start=\"1945\" data-end=\"2107\" data-is-last-node=\"\" data-is-only-node=\"\"><strong data-start=\"1945\" data-end=\"1953\">ROMA<\/strong> \u2013 Secondo la Societ\u00e0 Geografica Italiana, entro il 2050 il 20% delle spiagge italiane rischia di finire sommerso; entro il 2100 la stima sale al 40%.<\/p>\n<\/div>\n<\/div>\n<\/div>\n<\/div>\n<\/div>\n<\/div>\n<\/article>\n<div class=\"pointer-events-none h-px w-px\" aria-hidden=\"true\" data-edge=\"true\"><\/div>\n<\/div>\n<\/div>\n<\/div>\n<\/div>\n<\/div>\n<div aria-hidden=\"true\" data-edge=\"true\">\n<div class=\"pointer-events-none h-px w-px\" aria-hidden=\"true\" data-edge=\"true\"><\/div>\n<\/div>\n<\/div>\n<\/div>\n<\/div>\n<\/div>\n<\/div>\n<\/div>\n<\/article>\n<\/div>\n<\/div>\n<\/div>\n<\/div>\n<article class=\"text-token-text-primary w-full focus:outline-none scroll-mt-[calc(var(--header-height)+min(200px,max(70px,20svh)))]\" dir=\"auto\" tabindex=\"-1\" data-testid=\"conversation-turn-72\" data-scroll-anchor=\"true\" data-turn=\"assistant\">\n<div class=\"text-base my-auto mx-auto pb-10 [--thread-content-margin:--spacing(4)] @[37rem]:[--thread-content-margin:--spacing(6)] @[72rem]:[--thread-content-margin:--spacing(16)] px-(--thread-content-margin)\">\n<div class=\"[--thread-content-max-width:32rem] @[34rem]:[--thread-content-max-width:40rem] @[64rem]:[--thread-content-max-width:48rem] mx-auto max-w-(--thread-content-max-width) flex-1 group\/turn-messages focus-visible:outline-hidden relative flex w-full min-w-0 flex-col agent-turn\" tabindex=\"-1\">\n<div class=\"flex max-w-full flex-col grow\">\n<div class=\"min-h-8 text-message relative flex w-full flex-col items-end gap-2 text-start break-words whitespace-normal [.text-message+&amp;]:mt-5\" dir=\"auto\" data-message-author-role=\"assistant\" data-message-id=\"6ad35c52-e3d0-4186-88d9-35bb4972681f\" data-message-model-slug=\"gpt-4o\">\n<div class=\"flex w-full flex-col gap-1 empty:hidden first:pt-[3px]\">\n<div class=\"markdown prose dark:prose-invert w-full break-words dark\">\n<article class=\"text-token-text-primary w-full\" dir=\"auto\" data-testid=\"conversation-turn-163\" data-scroll-anchor=\"true\">\n<div class=\"text-base my-auto mx-auto pb-10 [--thread-content-margin:--spacing(4)] @[37rem]:[--thread-content-margin:--spacing(6)] @[72rem]:[--thread-content-margin:--spacing(16)] px-(--thread-content-margin)\">\n<div class=\"[--thread-content-max-width:32rem] @[34rem]:[--thread-content-max-width:40rem] @[64rem]:[--thread-content-max-width:48rem] mx-auto flex max-w-(--thread-content-max-width) flex-1 text-base gap-4 md:gap-5 lg:gap-6 group\/turn-messages focus-visible:outline-hidden\" tabindex=\"-1\">\n<div class=\"group\/conversation-turn relative flex w-full min-w-0 flex-col agent-turn\">\n<div class=\"relative flex-col gap-1 md:gap-3\">\n<div class=\"flex max-w-full flex-col grow\">\n<div class=\"min-h-8 text-message relative flex w-full flex-col items-end gap-2 text-start break-words whitespace-normal [.text-message+&amp;]:mt-5\" dir=\"auto\" data-message-author-role=\"assistant\" data-message-id=\"efdea043-c36a-42e6-8e01-aec593793ec1\" data-message-model-slug=\"gpt-4o\">\n<div class=\"flex w-full flex-col gap-1 empty:hidden first:pt-[3px]\">\n<div class=\"markdown prose dark:prose-invert w-full break-words dark\">\n<article class=\"text-token-text-primary w-full focus:outline-none scroll-mt-[calc(var(--header-height)+min(200px,max(70px,20svh)))]\" dir=\"auto\" tabindex=\"-1\" data-testid=\"conversation-turn-162\" data-scroll-anchor=\"true\" data-turn=\"assistant\">\n<div class=\"text-base my-auto mx-auto pb-10 [--thread-content-margin:--spacing(4)] @[37rem]:[--thread-content-margin:--spacing(6)] @[72rem]:[--thread-content-margin:--spacing(16)] px-(--thread-content-margin)\">\n<div class=\"[--thread-content-max-width:32rem] @[34rem]:[--thread-content-max-width:40rem] @[64rem]:[--thread-content-max-width:48rem] mx-auto max-w-(--thread-content-max-width) flex-1 group\/turn-messages focus-visible:outline-hidden relative flex w-full min-w-0 flex-col agent-turn\" tabindex=\"-1\">\n<div class=\"flex max-w-full flex-col grow\">\n<div class=\"min-h-8 text-message relative flex w-full flex-col items-end gap-2 text-start break-words whitespace-normal [.text-message+&amp;]:mt-5\" dir=\"auto\" data-message-author-role=\"assistant\" data-message-id=\"842efa5e-0b6b-4c68-b1eb-9dd894bae6c3\" data-message-model-slug=\"gpt-4o\">\n<div class=\"flex w-full flex-col gap-1 empty:hidden first:pt-[3px]\">\n<div class=\"markdown prose dark:prose-invert w-full break-words dark\">\n<div class=\"flex basis-auto flex-col -mb-(--composer-overlap-px) [--composer-overlap-px:55px] grow overflow-hidden\">\n<div class=\"relative h-full\">\n<div class=\"flex h-full flex-col overflow-y-auto [scrollbar-gutter:stable_both-edges] @[84rem]\/thread:pt-(--header-height)\">\n<div class=\"@thread-xl\/thread:pt-header-height flex flex-col text-sm pb-25\">\n<article class=\"text-token-text-primary w-full focus:outline-none scroll-mt-[calc(var(--header-height)+min(200px,max(70px,20svh)))]\" dir=\"auto\" tabindex=\"-1\" data-testid=\"conversation-turn-18\" data-scroll-anchor=\"true\" data-turn=\"assistant\">\n<div class=\"text-base my-auto mx-auto pb-10 [--thread-content-margin:--spacing(4)] @[37rem]:[--thread-content-margin:--spacing(6)] @[72rem]:[--thread-content-margin:--spacing(16)] px-(--thread-content-margin)\">\n<div class=\"[--thread-content-max-width:32rem] @[34rem]:[--thread-content-max-width:40rem] @[64rem]:[--thread-content-max-width:48rem] mx-auto max-w-(--thread-content-max-width) flex-1 group\/turn-messages focus-visible:outline-hidden relative flex w-full min-w-0 flex-col agent-turn\" tabindex=\"-1\">\n<div class=\"flex max-w-full flex-col grow\">\n<div class=\"min-h-8 text-message relative flex w-full flex-col items-end gap-2 text-start break-words whitespace-normal [.text-message+&amp;]:mt-5\" dir=\"auto\" data-message-author-role=\"assistant\" data-message-id=\"10a6d749-a0ed-478c-a66e-5f27b47e163c\" data-message-model-slug=\"gpt-5\">\n<div class=\"flex w-full flex-col gap-1 empty:hidden first:pt-[3px]\">\n<div class=\"markdown prose dark:prose-invert w-full break-words dark\">\n<hr data-start=\"1055\" data-end=\"1058\" \/>\n<\/div>\n<\/div>\n<\/div>\n<\/div>\n<\/div>\n<\/div>\n<\/article>\n<\/div>\n<\/div>\n<\/div>\n<\/div>\n<div id=\"thread-bottom-container\" class=\"content-fade relative isolate z-10 w-full basis-auto has-data-has-thread-error:pt-2 has-data-has-thread-error:[box-shadow:var(--sharp-edge-bottom-shadow)] md:border-transparent md:pt-0 dark:border-white\/20 md:dark:border-transparent flex flex-col\">\n<div id=\"thread-bottom\">\n<div class=\"text-base mx-auto [--thread-content-margin:--spacing(4)] @[37rem]:[--thread-content-margin:--spacing(6)] @[72rem]:[--thread-content-margin:--spacing(16)] px-(--thread-content-margin)\">\n<div class=\"[--thread-content-max-width:32rem] @[34rem]:[--thread-content-max-width:40rem] @[64rem]:[--thread-content-max-width:48rem] mx-auto max-w-(--thread-content-max-width) flex-1\">\n<div class=\"max-xs:[--force-hide-label:none] relative z-1 flex h-full max-w-full flex-1 flex-col\">\n<form class=\"w-full [view-transition-name:var(--vt-composer)]\" data-type=\"unified-composer\">\n<div class=\"bg-token-bg-primary shadow-short flex w-full cursor-text flex-col items-center justify-center overflow-clip bg-clip-padding contain-inline-size dark:bg-[#303030] rounded-[28px]\">\n<div class=\"relative flex min-h-14 w-full items-end\">\n<div class=\"relative flex w-full flex-auto flex-col\">\n<div class=\"relative mx-5 flex min-h-14 flex-auto bg-transparent items-start\">\n<div class=\"_prosemirror-parent_276o5_2 text-token-text-primary max-h-[25dvh] max-h-52 flex-1 overflow-auto [scrollbar-width:thin] default-browser vertical-scroll-fade-mask\">\n<div id=\"prompt-textarea\" class=\"ProseMirror\" contenteditable=\"true\" translate=\"no\" data-virtualkeyboard=\"true\"><\/div>\n<\/div>\n<\/div>\n<\/div>\n<\/div>\n<\/div>\n<\/form>\n<\/div>\n<\/div>\n<\/div>\n<\/div>\n<\/div>\n<\/div>\n<\/div>\n<\/div>\n<\/div>\n<\/div>\n<\/div>\n<\/article>\n<\/div>\n<\/div>\n<\/div>\n<\/div>\n<\/div>\n<\/div>\n<\/div>\n<\/div>\n<\/article>\n<\/div>\n<\/div>\n<\/div>\n<\/div>\n<\/div>\n<\/div>\n<\/article>\n<article class=\"text-token-text-primary w-full focus:outline-none scroll-mt-[calc(var(--header-height)+min(200px,max(70px,20svh)))]\" dir=\"auto\" tabindex=\"-1\" data-testid=\"conversation-turn-72\" data-scroll-anchor=\"true\" data-turn=\"assistant\">\n<div class=\"text-base my-auto mx-auto pb-10 [--thread-content-margin:--spacing(4)] @[37rem]:[--thread-content-margin:--spacing(6)] @[72rem]:[--thread-content-margin:--spacing(16)] px-(--thread-content-margin)\">\n<div class=\"[--thread-content-max-width:32rem] @[34rem]:[--thread-content-max-width:40rem] @[64rem]:[--thread-content-max-width:48rem] mx-auto max-w-(--thread-content-max-width) flex-1 group\/turn-messages focus-visible:outline-hidden relative flex w-full min-w-0 flex-col agent-turn\" tabindex=\"-1\">\n<div class=\"flex max-w-full flex-col grow\">\n<div class=\"min-h-8 text-message relative flex w-full flex-col items-end gap-2 text-start break-words whitespace-normal [.text-message+&amp;]:mt-5\" dir=\"auto\" data-message-author-role=\"assistant\" data-message-id=\"6ad35c52-e3d0-4186-88d9-35bb4972681f\" data-message-model-slug=\"gpt-4o\">\n<div class=\"flex w-full flex-col gap-1 empty:hidden first:pt-[3px]\">\n<div class=\"markdown prose dark:prose-invert w-full break-words dark\">\n<article class=\"text-token-text-primary w-full\" dir=\"auto\" data-testid=\"conversation-turn-163\" data-scroll-anchor=\"true\">\n<div class=\"text-base my-auto mx-auto pb-10 [--thread-content-margin:--spacing(4)] @[37rem]:[--thread-content-margin:--spacing(6)] @[72rem]:[--thread-content-margin:--spacing(16)] px-(--thread-content-margin)\">\n<div class=\"[--thread-content-max-width:32rem] @[34rem]:[--thread-content-max-width:40rem] @[64rem]:[--thread-content-max-width:48rem] mx-auto flex max-w-(--thread-content-max-width) flex-1 text-base gap-4 md:gap-5 lg:gap-6 group\/turn-messages focus-visible:outline-hidden\" tabindex=\"-1\">\n<div class=\"group\/conversation-turn relative flex w-full min-w-0 flex-col agent-turn\">\n<div class=\"flex items-center justify-center\"><\/div>\n<\/div>\n<\/div>\n<\/div>\n<\/article>\n<\/div>\n<\/div>\n<\/div>\n<\/div>\n<\/div>\n<\/div>\n<\/article>\n<blockquote>\n<h2><span style=\"color: #ff0000;\"><strong><a class=\"dt-pswp-item\" href=\"https:\/\/www.radiopiu.net\/wordpress\/wp-content\/uploads\/2025\/02\/download-3.jpg\" data-dt-img-description=\"\" data-large_image_width=\"223\" data-large_image_height=\"226\"><img loading=\"lazy\" decoding=\"async\" class=\"size-full wp-image-434732 alignleft\" src=\"https:\/\/www.radiopiu.net\/wordpress\/wp-content\/uploads\/2025\/02\/download-3.jpg\" alt=\"\" width=\"223\" height=\"226\" \/><\/a><\/strong>RADIOPI\u00d9<\/span> \u2013 Dalle Dolomiti alla pianura, i fatti che segnano la Regione.<\/h2>\n<\/blockquote>\n<article class=\"text-token-text-primary w-full focus:outline-none scroll-mt-[calc(var(--header-height)+min(200px,max(70px,20svh)))]\" dir=\"auto\" tabindex=\"-1\" data-testid=\"conversation-turn-112\" data-scroll-anchor=\"true\" data-turn=\"assistant\">\n<div class=\"text-base my-auto mx-auto pb-10 [--thread-content-margin:--spacing(4)] @[37rem]:[--thread-content-margin:--spacing(6)] @[72rem]:[--thread-content-margin:--spacing(16)] px-(--thread-content-margin)\">\n<div class=\"[--thread-content-max-width:32rem] @[34rem]:[--thread-content-max-width:40rem] @[64rem]:[--thread-content-max-width:48rem] mx-auto max-w-(--thread-content-max-width) flex-1 group\/turn-messages focus-visible:outline-hidden relative flex w-full min-w-0 flex-col agent-turn\" tabindex=\"-1\">\n<div class=\"flex max-w-full flex-col grow\">\n<div class=\"min-h-8 text-message relative flex w-full flex-col items-end gap-2 text-start break-words whitespace-normal [.text-message+&amp;]:mt-5\" dir=\"auto\" data-message-author-role=\"assistant\" data-message-id=\"74820017-8765-4ccc-b0c7-da916c45f87f\" data-message-model-slug=\"gpt-5\">\n<div class=\"flex w-full flex-col gap-1 empty:hidden first:pt-[3px]\">\n<div class=\"markdown prose dark:prose-invert w-full break-words dark\">\n<p><strong>MESTRE \u2013<\/strong> Donna muore dopo essersi schiantata con l\u2019auto contro il casello autostradale alla barriera; vano ogni tentativo di soccorso.<strong><br \/>\n<\/strong><\/p>\n<p><strong>FRIULI \u2013<\/strong> Individuato il furgone pirata che ha investito e ucciso un 46enne di origine indiana.<\/p>\n<p><strong>VICENTINO<\/strong> \u2013 Un operaio muore in cantiere per un malore improvviso; inutili i soccorsi allertati dai colleghi.<\/p>\n<p><strong>PADOVA<\/strong> \u2013 Rissa in una discoteca: emesse quindici misure di prevenzione. Una 21enne denunciata anche per un furto in un centro commerciale.<\/p>\n<p><strong>VICENZA<\/strong> \u2013 Si schianta in auto contro una dimora storica ma resta illeso: una statua, staccatasi dalla facciata, ha sfondato il parabrezza senza colpirlo.<\/p>\n<p>&nbsp;<\/p>\n<p><strong>ROVIGO<\/strong> \u2013 Dopo 27 anni si apre il processo per un duplice omicidio: madre e figlia massacrate in un bar del Rodigino.<\/p>\n<p><strong>CHIOGGIA<\/strong> \u2013 Sequestrato un quintale di capesante sottomisura, inferiori ai 10 centimetri. Il valore commerciale del pescato illegale \u00e8 di circa 1.500 euro.<\/p>\n<p><strong>DESENZANO<\/strong> \u2013 Si \u00e8 costituito il consuocero di Dolores Dori, ricercato da settimane per l\u2019omicidio della donna trovata morta il 2 ottobre.<\/p>\n<p><strong>ROVIGO<\/strong> \u2013 La Procura chiede il giudizio immediato per sei indagati accusati dell\u2019uccisione di un giovane con un coccio di bottiglia.<\/p>\n<p><strong>VENETO<\/strong> \u2013 Municipi illuminati di blu per la campagna \u201cProteggi la palla\u201d della Fondazione Foresta, dedicata alla prevenzione dei tumori maschili.<\/p>\n<p><strong>VERONA<\/strong> \u2013 Al via dal 6 al 9 novembre la 127\u00aa edizione di Fieracavalli, con nuovi spazi espositivi e oltre duemila cavalli da tutto il mondo.<\/p>\n<\/div>\n<\/div>\n<\/div>\n<\/div>\n<\/div>\n<\/div>\n<\/article>\n<h1><span style=\"color: #ff0000;\"><span style=\"color: #0000ff;\">ULTIM&#8217;ORA<\/span> <span style=\"color: #000000;\">AUDIO dalle sette del mattino, ogni ora alla radio EDIZIONE DELLE SETTE<\/span><\/span><\/h1>\n<audio class=\"wp-audio-shortcode\" id=\"audio-477619-5\" preload=\"none\" style=\"width: 100%;\" controls=\"controls\"><source type=\"audio\/mpeg\" src=\"https:\/\/www.radiopiu.net\/wordpress\/wp-content\/uploads\/2025\/10\/giornale07-27.mp3?_=5\" \/><a href=\"https:\/\/www.radiopiu.net\/wordpress\/wp-content\/uploads\/2025\/10\/giornale07-27.mp3\">https:\/\/www.radiopiu.net\/wordpress\/wp-content\/uploads\/2025\/10\/giornale07-27.mp3<\/a><\/audio>\n<p>&nbsp;<\/p>\n<p><iframe loading=\"lazy\" title=\"DAL 1983 LA RASSEGNA STAMPA LOCALE di mirko mezzacasa. L&#039;ORIGINALE\" width=\"1200\" height=\"675\" src=\"https:\/\/www.youtube.com\/embed\/rxXwx3HSqgE?feature=oembed\" frameborder=\"0\" allow=\"accelerometer; autoplay; clipboard-write; encrypted-media; gyroscope; picture-in-picture; web-share\" referrerpolicy=\"strict-origin-when-cross-origin\" allowfullscreen><\/iframe><\/p>\n<hr \/>\n<p>&nbsp;<\/p>\n<h1><span style=\"color: #ff0000;\"><a class=\"dt-pswp-item\" href=\"https:\/\/www.radiopiu.net\/wordpress\/wp-content\/uploads\/2024\/11\/8.jpg\" data-dt-img-description=\"\" data-large_image_width=\"180\" data-large_image_height=\"180\"><img loading=\"lazy\" decoding=\"async\" class=\"size-full wp-image-417910 alignleft\" src=\"https:\/\/www.radiopiu.net\/wordpress\/wp-content\/uploads\/2024\/11\/8.jpg\" alt=\"\" width=\"180\" height=\"180\" srcset=\"https:\/\/www.radiopiu.net\/wordpress\/wp-content\/uploads\/2024\/11\/8.jpg 180w, https:\/\/www.radiopiu.net\/wordpress\/wp-content\/uploads\/2024\/11\/8-150x150.jpg 150w\" sizes=\"auto, (max-width: 180px) 100vw, 180px\" \/><\/a>I podcast informativi del mattino &#8211; video &#8211;\u00a0<\/span><\/h1>\n<h2 style=\"text-align: left;\"><strong>RASSEGNA STAMPA LOCALE, ORE OTTO<\/strong><\/h2>\n<h2><strong> <span style=\"color: #0000ff;\">viene\u00a0 <\/span><\/strong><strong><span style=\"color: #0000ff;\">pubblicata alle 8.05 <span style=\"color: #ff0000;\">DIRETTA RADIO\u00a0 \u00a0<\/span><\/span><\/strong><strong>DI MIRKO MEZZACASA<\/strong><\/h2>\n<h1><span style=\"color: #ff0000;\"><strong>VIDEO\u00a0 \u00a0in diretta AGGIORNAMENTO\u00a0 dalle 8 del mattino\u00a0 \u00a0<\/strong><\/span><\/h1>\n<div class=\"page-title-head hgroup\"><\/div>\n<div><\/div>\n<div><\/div>\n<div>\n\n\t\t\t<style type='text\/css'>\n\t\t\t\t#gallery-1 {\n\t\t\t\t\tmargin: auto;\n\t\t\t\t}\n\t\t\t\t#gallery-1 .gallery-item {\n\t\t\t\t\tfloat: left;\n\t\t\t\t\tmargin-top: 10px;\n\t\t\t\t\ttext-align: center;\n\t\t\t\t\twidth: 33%;\n\t\t\t\t}\n\t\t\t\t#gallery-1 img {\n\t\t\t\t\tborder: 2px solid #cfcfcf;\n\t\t\t\t}\n\t\t\t\t#gallery-1 .gallery-caption {\n\t\t\t\t\tmargin-left: 0;\n\t\t\t\t}\n\t\t\t\t\/* see gallery_shortcode() in wp-includes\/media.php *\/\n\t\t\t<\/style>\n\t\t<div id='gallery-1' class='dt-gallery-container gallery galleryid-477619 gallery-columns-3 gallery-size-large'><dl class='gallery-item'>\n\t\t\t\t<dt class='gallery-icon landscape'>\n\t\t\t\t\t<a class=\"rollover rollover-zoom dt-pswp-item\" title=\"C3\" data-dt-img-description=\"\" data-large_image_width=\"668\" data-large_image_height=\"378\"href='https:\/\/www.radiopiu.net\/wordpress\/wp-content\/uploads\/2025\/10\/C3-1.png'><img loading=\"lazy\" decoding=\"async\" width=\"668\" height=\"378\" src=\"https:\/\/www.radiopiu.net\/wordpress\/wp-content\/uploads\/2025\/10\/C3-1.png\" class=\"attachment-large size-large\" alt=\"\" srcset=\"https:\/\/www.radiopiu.net\/wordpress\/wp-content\/uploads\/2025\/10\/C3-1.png 668w, https:\/\/www.radiopiu.net\/wordpress\/wp-content\/uploads\/2025\/10\/C3-1-300x170.png 300w\" sizes=\"auto, (max-width: 668px) 100vw, 668px\" \/><\/a>\n\t\t\t\t<\/dt><\/dl><dl class='gallery-item'>\n\t\t\t\t<dt class='gallery-icon landscape'>\n\t\t\t\t\t<a class=\"rollover rollover-zoom dt-pswp-item\" title=\"C2\" data-dt-img-description=\"\" data-large_image_width=\"1155\" data-large_image_height=\"339\"href='https:\/\/www.radiopiu.net\/wordpress\/wp-content\/uploads\/2025\/10\/C2-1.png'><img loading=\"lazy\" decoding=\"async\" width=\"1024\" height=\"301\" src=\"https:\/\/www.radiopiu.net\/wordpress\/wp-content\/uploads\/2025\/10\/C2-1-1024x301.png\" class=\"attachment-large size-large\" alt=\"\" srcset=\"https:\/\/www.radiopiu.net\/wordpress\/wp-content\/uploads\/2025\/10\/C2-1-1024x301.png 1024w, https:\/\/www.radiopiu.net\/wordpress\/wp-content\/uploads\/2025\/10\/C2-1-300x88.png 300w, https:\/\/www.radiopiu.net\/wordpress\/wp-content\/uploads\/2025\/10\/C2-1-768x225.png 768w, https:\/\/www.radiopiu.net\/wordpress\/wp-content\/uploads\/2025\/10\/C2-1.png 1155w\" sizes=\"auto, (max-width: 1024px) 100vw, 1024px\" \/><\/a>\n\t\t\t\t<\/dt><\/dl><dl class='gallery-item'>\n\t\t\t\t<dt class='gallery-icon landscape'>\n\t\t\t\t\t<a class=\"rollover rollover-zoom dt-pswp-item\" title=\"C1\" data-dt-img-description=\"\" data-large_image_width=\"562\" data-large_image_height=\"203\"href='https:\/\/www.radiopiu.net\/wordpress\/wp-content\/uploads\/2025\/10\/C1-1.png'><img loading=\"lazy\" decoding=\"async\" width=\"562\" height=\"203\" src=\"https:\/\/www.radiopiu.net\/wordpress\/wp-content\/uploads\/2025\/10\/C1-1.png\" class=\"attachment-large size-large\" alt=\"\" srcset=\"https:\/\/www.radiopiu.net\/wordpress\/wp-content\/uploads\/2025\/10\/C1-1.png 562w, https:\/\/www.radiopiu.net\/wordpress\/wp-content\/uploads\/2025\/10\/C1-1-300x108.png 300w\" sizes=\"auto, (max-width: 562px) 100vw, 562px\" \/><\/a>\n\t\t\t\t<\/dt><\/dl><br style=\"clear: both\" \/>\n\t\t\t<\/div>\n\n<\/div>\n<blockquote>\n<h2><\/h2>\n<\/blockquote>\n<p>&nbsp;<\/p>\n<hr \/>\n<p>&nbsp;<\/p>\n<blockquote>\n<h3><a class=\"dt-pswp-item\" href=\"https:\/\/www.radiopiu.net\/wordpress\/wp-content\/uploads\/2025\/09\/6cd00d19-fcc3-41ef-b687-64ff8c1c22e1.jpg\" data-dt-img-description=\"\" data-large_image_width=\"2016\" data-large_image_height=\"1216\"><img loading=\"lazy\" decoding=\"async\" class=\" wp-image-471071 alignleft\" src=\"https:\/\/www.radiopiu.net\/wordpress\/wp-content\/uploads\/2025\/09\/6cd00d19-fcc3-41ef-b687-64ff8c1c22e1-300x181.jpg\" alt=\"\" width=\"234\" height=\"141\" srcset=\"https:\/\/www.radiopiu.net\/wordpress\/wp-content\/uploads\/2025\/09\/6cd00d19-fcc3-41ef-b687-64ff8c1c22e1-300x181.jpg 300w, https:\/\/www.radiopiu.net\/wordpress\/wp-content\/uploads\/2025\/09\/6cd00d19-fcc3-41ef-b687-64ff8c1c22e1-1024x618.jpg 1024w, https:\/\/www.radiopiu.net\/wordpress\/wp-content\/uploads\/2025\/09\/6cd00d19-fcc3-41ef-b687-64ff8c1c22e1-768x463.jpg 768w, https:\/\/www.radiopiu.net\/wordpress\/wp-content\/uploads\/2025\/09\/6cd00d19-fcc3-41ef-b687-64ff8c1c22e1-1536x926.jpg 1536w, https:\/\/www.radiopiu.net\/wordpress\/wp-content\/uploads\/2025\/09\/6cd00d19-fcc3-41ef-b687-64ff8c1c22e1.jpg 2016w\" sizes=\"auto, (max-width: 234px) 100vw, 234px\" \/><\/a>PASSO FEDAIA CHIUSO LATO TRENTINO ALTO ADIGE<\/h3>\n<\/blockquote>\n<p><strong>REDAZIONE<\/strong> Fino al 31 ottobre 2025 la Strada Statale 641 del Passo Fedaia rester\u00e0 chiusa al traffico lato da Canazei al Passo Nessun problema tra Rocca Pietore e la diga, si transita regolarmente<\/p>\n<p>&nbsp;<\/p>\n<p>&nbsp;<\/p>\n<p>&nbsp;<\/p>\n<p>&nbsp;<\/p>\n<hr \/>\n<p>&nbsp;<\/p>\n<blockquote>\n<h3><a class=\"dt-pswp-item\" href=\"https:\/\/www.radiopiu.net\/wordpress\/wp-content\/uploads\/2024\/10\/ANAS.jpg\" data-dt-img-description=\"\" data-large_image_width=\"842\" data-large_image_height=\"595\"><img loading=\"lazy\" decoding=\"async\" class=\" wp-image-414157 alignleft\" src=\"https:\/\/www.radiopiu.net\/wordpress\/wp-content\/uploads\/2024\/10\/ANAS-300x212.jpg\" alt=\"\" width=\"166\" height=\"117\" srcset=\"https:\/\/www.radiopiu.net\/wordpress\/wp-content\/uploads\/2024\/10\/ANAS-300x212.jpg 300w, https:\/\/www.radiopiu.net\/wordpress\/wp-content\/uploads\/2024\/10\/ANAS-768x543.jpg 768w, https:\/\/www.radiopiu.net\/wordpress\/wp-content\/uploads\/2024\/10\/ANAS.jpg 842w\" sizes=\"auto, (max-width: 166px) 100vw, 166px\" \/><\/a>LAVORI DI MANUTENZIONE SUL PONTE DI RIO VALBONA A OSPITALE DI CADORE<\/h3>\n<\/blockquote>\n<p><strong>VENEZIA<\/strong>\u00a0 I veicoli sotto le 3,5 tonnellate saranno deviati su via Roma, mentre rester\u00e0 garantito l\u2019accesso a residenti,\u00a0 Per i mezzi pesanti oltre 3,5 tonnellate scatter\u00e0 il divieto di transito con deviazione sulla SS 51.<\/p>\n<p>&nbsp;<\/p>\n<blockquote>\n<h3><strong data-start=\"0\" data-end=\"74\">CHIUSURA A FASCE ORARIE DELLA SS51 PER LAVORI ALLA ROCCA DI BOTESTAGNO<\/strong><\/h3>\n<\/blockquote>\n<p>Dal 13 al 31 ottobre la SS51 \u201cdi Alemagna\u201d sar\u00e0 chiusa al traffico tra il km 109,100 e il km 111,200 per interventi di messa in sicurezza della parete rocciosa presso la Rocca di Botestagno. La chiusura totale sar\u00e0 attiva dal luned\u00ec al venerd\u00ec nelle fasce 09:00-13:00 e 14:00-18:00. Durante questi orari, il traffico tra Cortina e Dobbiaco\/Carbonin sar\u00e0 deviato lungo la SR48 e la SP49 attraverso il lago di Misurina.<\/p>\n<p>&nbsp;<\/p>\n<hr \/>\n<p>&nbsp;<\/p>\n<blockquote>\n<h3>SP 25 \u201cPASSO VALLES\u201d: CHIUSURE TEMPORANEE A FALCADE<\/h3>\n<\/blockquote>\n<p><strong>SEDICO <\/strong>Veneto Strade comunica che sulla S.P. 25 \u201cPasso Valles\u201d, nel tratto tra il Bivio Valles e Caverson, nel comune di Falcade, fino al 28 novembre, la strada sar\u00e0 soggetta a chiusure temporanee per lavori di taglio di piante pericolanti. Le interruzioni, regolate da movieri, avverranno nei giorni feriali dalle ore 8 alle 12 e dalle 13 alle 16, con chiusure di massimo 30 minuti. I sabati, le domeniche e i festivi infrasettimanali non sono interessati dai lavori.<\/p>\n<p>&nbsp;<\/p>\n<hr \/>\n<p>&nbsp;<\/p>\n<blockquote>\n<h3>LAVORI A COL CAVALIER DI BELLUNO<\/h3>\n<\/blockquote>\n<p><strong>BELLUNO<\/strong> Fino al 23 dicembre 2025 a Belluno: senso unico alternato in via Col Cavalier, divieto di accesso a via Castelet vicino al cantiere, limite 30 km\/h e divieto di sorpasso nelle aree di lavori.<\/p>\n<p>&nbsp;<\/p>\n<p>&nbsp;<\/p>\n<hr \/>\n<p>&nbsp;<\/p>\n<blockquote>\n<h3>LAVORI PROGRAMMATI SIB<\/h3>\n<\/blockquote>\n<p><strong>FALCADE<\/strong> Servizi Integrati Bellunesi informa che, per lavori alla rete idrica comunale, oggi dalle 10 alle 17 verr\u00e0 sospesa l\u2019erogazione dell\u2019acqua a Falcade nelle localit\u00e0 Meneghina, Sappade e Tabiadon Di Val<\/p>\n<p>&nbsp;<\/p>\n<hr \/>\n<p>&nbsp;<\/p>\n<blockquote>\n<h3>ACQUA NON POTABILE IN DUE ZONE DI LIVINALLONGO<\/h3>\n<\/blockquote>\n<p><strong><a class=\"dt-pswp-item\" href=\"https:\/\/www.radiopiu.net\/wordpress\/wp-content\/uploads\/2022\/05\/acqua.jpg\" data-dt-img-description=\"\" data-large_image_width=\"1920\" data-large_image_height=\"1275\"><img loading=\"lazy\" decoding=\"async\" class=\" wp-image-274889 alignleft\" src=\"https:\/\/www.radiopiu.net\/wordpress\/wp-content\/uploads\/2022\/05\/acqua-300x199.jpg\" alt=\"\" width=\"106\" height=\"70\" srcset=\"https:\/\/www.radiopiu.net\/wordpress\/wp-content\/uploads\/2022\/05\/acqua-300x199.jpg 300w, https:\/\/www.radiopiu.net\/wordpress\/wp-content\/uploads\/2022\/05\/acqua-1024x680.jpg 1024w, https:\/\/www.radiopiu.net\/wordpress\/wp-content\/uploads\/2022\/05\/acqua-768x510.jpg 768w, https:\/\/www.radiopiu.net\/wordpress\/wp-content\/uploads\/2022\/05\/acqua-1536x1020.jpg 1536w, https:\/\/www.radiopiu.net\/wordpress\/wp-content\/uploads\/2022\/05\/acqua.jpg 1920w\" sizes=\"auto, (max-width: 106px) 100vw, 106px\" \/><\/a>LIVINALLONGO<\/strong> Servizi Integrati Bellunesi informa che a LIvinallongo Del\u00a0 Col Di Lana nelle localit\u00e0 Larzonei e Collaz l&#8217;acqua erogata dall&#8217;acquedotto non \u00e8 potabile e pu\u00f2 essere usata per scopi alimentari solo previa bollitura. Verr\u00e0 effettuato servizio sostitutivo con consegna di acqua in bottiglia presso le utenze interessate. SIB ha, comunque, gi\u00e0 adottato le necessarie misure di pulizia e disinfezione dell&#8217;acqua presente nei serbatoi e nella rete idrica.<\/p>\n<p>&nbsp;<\/p>\n<hr \/>\n<p>&nbsp;<\/p>\n<blockquote>\n<h3>ADDIO A LARA DE CASSAN: UNA PERDITA CHE LASCIA SENZA PAROLE<\/h3>\n<\/blockquote>\n<p><strong><img loading=\"lazy\" decoding=\"async\" class=\"alignleft\" src=\"https:\/\/www.radiopiu.net\/wordpress\/wp-content\/uploads\/2025\/10\/Screenshot-2025-10-29-055637-e1761713826452.png\" width=\"208\" height=\"217\" \/>LIVINALLONGO <\/strong>Una notizia improvvisa, di quelle che spezzano il fiato e lasciano un silenzio pesante. La comunit\u00e0 di Livinallongo del Col di Lana \u00e8 sotto choc: Lara De Cassan, 37 anni, se n\u2019\u00e8 andata a Sharm el-Sheikh, colpita da un arresto cardiaco. Lara era una donna piena di vita, energia e sorrisi. Sposata con Simon Grones, maestro di sci, era madre di tre figli, il suo orgoglio pi\u00f9 grande. Figlia di Belino ed Elia, titolari dello storico Hotel Malita di Arabba, e sorella di Luca e Serena, Lara aveva scelto di portare avanti la tradizione di famiglia dividendosi tra il Malita e il Garni Serena, punto di riferimento per tanti ospiti e amici che l\u2019avevano conosciuta e amata. Instancabile, con quella luce negli occhi di chi ama ci\u00f2 che fa: Lara era il volto di una valle che vive di passione, lavoro e accoglienza. Chi la conosceva racconta di una donna generosa, capace di regalare un sorriso anche nei momenti pi\u00f9 intensi, sempre pronta ad aiutare, sempre presente. La notizia della sua scomparsa ha lasciato un vuoto profondo. Un dolore che attraversa le famiglie, gli amici, i colleghi, e tutti coloro che con lei hanno condiviso un pezzo di strada. In tanti la ricordano come una persona semplice, solare, autentica, con una forza tranquilla che sapeva unire le persone. Oggi Arabba e tuttoLivinallongo si stringono nel lutto, con il cuore colmo di tristezza e di affetto. Perch\u00e9 quando se ne va una giovane madre, una figlia, un\u2019amica, non \u00e8 solo una vita che si spegne: \u00e8 una parte di comunit\u00e0 che si ferma, che si guarda negli occhi e capisce quanto fragili siamo, quanto prezioso sia ogni respiro. Simon Grones e i figli sono rientrati in Italia con un volo su Milano e, in giornata, dovrebbero raggiungere Arabba. I tempi per il rimpatrio della salma di Lara De Cassan saranno invece pi\u00f9 lunghi: le procedure burocratiche all\u2019estero richiedono diversi giorni, e si stima che occorrer\u00e0 almeno una settimana, forse di pi\u00f9, prima del rientro in paese.<\/p>\n<p><strong><em>Ciao, Lara. Il tuo sorriso continuer\u00e0 a vivere tra le montagne che tanto amavi, nel calore di chi non ti dimenticher\u00e0 mai.<\/em><\/strong><\/p>\n<p><span class=\"xt0psk2\"><a class=\"x1i10hfl xjbqb8w x1ejq31n x18oe1m7 x1sy0etr xstzfhl x972fbf x10w94by x1qhh985 x14e42zd x9f619 x1ypdohk xt0psk2 x3ct3a4 xdj266r x14z9mp xat24cr x1lziwak xexx8yu xyri2b x18d9i69 x1c1uobl x16tdsg8 x1hl2dhg xggy1nq x1a2a7pz x1heor9g xkrqix3 x1sur9pj x1s688f\" tabindex=\"0\" role=\"link\" href=\"https:\/\/www.facebook.com\/groups\/61488111720\/user\/1593844315\/?__cft__[0]=AZXxTovqYLMXvvbaWUNaqg7zt8qZH1avJ7N_B_HS8bb1vkuqFp8kbgSB-9jnir6QuB1V39JcceFow354VvQWTBAs8CJpytE7Wm_NxOmja3gxB-_Lj-vo9nX0NBo9TBu_sr2eWCbJJ4McRTcbjt8UZ2oKxmfcQy83MhTsJx32Vi9hQA&amp;__tn__=R]-R\" aria-hidden=\"false\"><span class=\"x3nfvp2\"><span class=\"xdmh292 x15dsfln x140p0ai x1gufx9m x1s928wv xhkezso x1gmr53x x1cpjm7i x1fgarty x1943h6x x193iq5w xeuugli x13faqbe x1vvkbs x1lliihq xzsf02u xlh3980 xvmahel x1x9mg3 x1s688f\" dir=\"auto\">Debora Crepaz<\/span><\/span><\/a>\u00a0<\/span>Ciao anima buona\u2026. Il tuo sorriso rimarr\u00e0 impresso nei nostri ricordi. Aiuta da lass\u00f9 la tua famiglia, Simon i tuoi amati figli\u00a0<span class=\"html-span xexx8yu xyri2b x18d9i69 x1c1uobl x1hl2dhg x16tdsg8 x1vvkbs x3nfvp2 x1j61x8r x1fcty0u xdj266r xat24cr xm2jcoa x1mpyi22 xxymvpz xlup9mm x1kky2od\"><img loading=\"lazy\" decoding=\"async\" class=\"xz74otr x15mokao x1ga7v0g x16uus16 xbiv7yw\" src=\"https:\/\/static.xx.fbcdn.net\/images\/emoji.php\/v9\/t80\/1\/16\/1f64f.png\" alt=\"\" width=\"16\" height=\"16\" \/><\/span>\u00a0e tutti noi Rimarrai sempre nei nostri cuori\u00a0<span class=\"html-span xexx8yu xyri2b x18d9i69 x1c1uobl x1hl2dhg x16tdsg8 x1vvkbs x3nfvp2 x1j61x8r x1fcty0u xdj266r xat24cr xm2jcoa x1mpyi22 xxymvpz xlup9mm x1kky2od\"><img loading=\"lazy\" decoding=\"async\" class=\"xz74otr x15mokao x1ga7v0g x16uus16 xbiv7yw\" src=\"https:\/\/static.xx.fbcdn.net\/images\/emoji.php\/v9\/tac\/1\/16\/2665.png\" alt=\"\u2665\ufe0f\" width=\"16\" height=\"16\" \/>\u00a0Ciao cara Lara<br \/>\n<span class=\"xt0psk2\"><a class=\"x1i10hfl xjbqb8w x1ejq31n x18oe1m7 x1sy0etr xstzfhl x972fbf x10w94by x1qhh985 x14e42zd x9f619 x1ypdohk xt0psk2 x3ct3a4 xdj266r x14z9mp xat24cr x1lziwak xexx8yu xyri2b x18d9i69 x1c1uobl x16tdsg8 x1hl2dhg xggy1nq x1a2a7pz x1heor9g xkrqix3 x1sur9pj x1s688f\" tabindex=\"0\" role=\"link\" href=\"https:\/\/www.facebook.com\/groups\/61488111720\/user\/100007707638271\/?__cft__[0]=AZXxTovqYLMXvvbaWUNaqg7zt8qZH1avJ7N_B_HS8bb1vkuqFp8kbgSB-9jnir6QuB1V39JcceFow354VvQWTBAs8CJpytE7Wm_NxOmja3gxB-_Lj-vo9nX0NBo9TBu_sr2eWCbJJ4McRTcbjt8UZ2oKxmfcQy83MhTsJx32Vi9hQA&amp;__tn__=R]-R\" aria-hidden=\"false\"><span class=\"x3nfvp2\"><span class=\"xdmh292 x15dsfln x140p0ai x1gufx9m x1s928wv xhkezso x1gmr53x x1cpjm7i x1fgarty x1943h6x x193iq5w xeuugli x13faqbe x1vvkbs x1lliihq xzsf02u xlh3980 xvmahel x1x9mg3 x1s688f\" dir=\"auto\">Gaetano De Dona<\/span><\/span><\/a>\u00a0<\/span><\/span>\u00c8 vero.\u00a0 Le parole tante volte sono superflue . Ma alle volte guai che non ci fossero . Specialmente quando una parola pu\u00f2 Portare sollievo ai superstiti condoglianze vivissime .<\/p>\n<p><span class=\"html-span xexx8yu xyri2b x18d9i69 x1c1uobl x1hl2dhg x16tdsg8 x1vvkbs x3nfvp2 x1j61x8r x1fcty0u xdj266r xat24cr xm2jcoa x1mpyi22 xxymvpz xlup9mm x1kky2od\"><span class=\"xt0psk2\"><a class=\"x1i10hfl xjbqb8w x1ejq31n x18oe1m7 x1sy0etr xstzfhl x972fbf x10w94by x1qhh985 x14e42zd x9f619 x1ypdohk xt0psk2 x3ct3a4 xdj266r x14z9mp xat24cr x1lziwak xexx8yu xyri2b x18d9i69 x1c1uobl x16tdsg8 x1hl2dhg xggy1nq x1a2a7pz x1heor9g xkrqix3 x1sur9pj x1s688f\" tabindex=\"0\" role=\"link\" href=\"https:\/\/www.facebook.com\/groups\/61488111720\/user\/1654985990\/?__cft__[0]=AZXxTovqYLMXvvbaWUNaqg7zt8qZH1avJ7N_B_HS8bb1vkuqFp8kbgSB-9jnir6QuB1V39JcceFow354VvQWTBAs8CJpytE7Wm_NxOmja3gxB-_Lj-vo9nX0NBo9TBu_sr2eWCbJJ4McRTcbjt8UZ2oKxmfcQy83MhTsJx32Vi9hQA&amp;__tn__=R]-R\" aria-hidden=\"false\"><span class=\"x3nfvp2\"><span class=\"xdmh292 x15dsfln x140p0ai x1gufx9m x1s928wv xhkezso x1gmr53x x1cpjm7i x1fgarty x1943h6x x193iq5w xeuugli x13faqbe x1vvkbs x1lliihq xzsf02u xlh3980 xvmahel x1x9mg3 x1s688f\" dir=\"auto\">Vecchini Marica<\/span><\/span><\/a>\u00a0<\/span><\/span>Sei stata luce e colori per tutti quelli che hanno avuto la fortuna di incontrarti e casa per tutti i tuoi amici, ed esempio di cosa vuol dire famiglia. Una notizia che non avremmo mai voluto sentire ..condoglianze di cuore<br \/>\n<span class=\"xt0psk2\"><a class=\"x1i10hfl xjbqb8w x1ejq31n x18oe1m7 x1sy0etr xstzfhl x972fbf x10w94by x1qhh985 x14e42zd x9f619 x1ypdohk xt0psk2 x3ct3a4 xdj266r x14z9mp xat24cr x1lziwak xexx8yu xyri2b x18d9i69 x1c1uobl x16tdsg8 x1hl2dhg xggy1nq x1a2a7pz x1heor9g xkrqix3 x1sur9pj x1s688f\" tabindex=\"0\" role=\"link\" href=\"https:\/\/www.facebook.com\/groups\/61488111720\/user\/100000867924864\/?__cft__[0]=AZXxTovqYLMXvvbaWUNaqg7zt8qZH1avJ7N_B_HS8bb1vkuqFp8kbgSB-9jnir6QuB1V39JcceFow354VvQWTBAs8CJpytE7Wm_NxOmja3gxB-_Lj-vo9nX0NBo9TBu_sr2eWCbJJ4McRTcbjt8UZ2oKxmfcQy83MhTsJx32Vi9hQA&amp;__tn__=R]-R\" aria-hidden=\"false\"><span class=\"x3nfvp2\"><span class=\"xdmh292 x15dsfln x140p0ai x1gufx9m x1s928wv xhkezso x1gmr53x x1cpjm7i x1fgarty x1943h6x x193iq5w xeuugli x13faqbe x1vvkbs x1lliihq xzsf02u xlh3980 xvmahel x1x9mg3 x1s688f\" dir=\"auto\">Marino Demarch<\/span><\/span><\/a>\u00a0<\/span>A volte viene proprio da chiedersi \u2026. Ma perch\u00e9 ma perch\u00e9 !! Una giovane vita cos\u00ec giovane , cos\u00ec brillante , cos\u00ec capace di dare e poter dare ancora tantissimo al prossimo oltre che ai suoi figlioli , compagno , famigliari e a tutti noi , perch\u00e9 privarcela , perch\u00e9 strapparcela , non c\u2019\u00e8 spiegazione !! Le pi\u00f9 sentite condoglianze a tutti i suoi famigliari !!<\/p>\n<p><span class=\"html-span xexx8yu xyri2b x18d9i69 x1c1uobl x1hl2dhg x16tdsg8 x1vvkbs x3nfvp2 x1j61x8r x1fcty0u xdj266r xat24cr xm2jcoa x1mpyi22 xxymvpz xlup9mm x1kky2od\">\u00a0<\/span><\/p>\n<hr \/>\n<p>&nbsp;<\/p>\n<div class=\"page-title-head hgroup\">\n<blockquote>\n<h2 class=\"entry-title\">MISTERIOSI PRELIEVI DA 47 EURO SUL CONTO POSTALE: FEDERCONSUMATORI LANCIA L\u2019ALLARME TRUFFA<\/h2>\n<\/blockquote>\n<\/div>\n<p><img loading=\"lazy\" decoding=\"async\" class=\"alignleft\" src=\"https:\/\/www.radiopiu.net\/wordpress\/wp-content\/uploads\/2025\/10\/Senza-nome-50.png\" width=\"121\" height=\"80\" \/>Una donna bellunese ha scoperto prelievi mensili di 47 euro dal proprio conto postale, ripetuti per mesi senza conoscerne l\u2019autore. Il caso \u00e8 seguito da Federconsumatori Belluno e dal referente Alberto Feltrin, che\u00a0 oggi sul <em><strong>Corriere delle Alpi<\/strong><\/em> riferisce\u00a0 come, nonostante le verifiche con Poste Italiane e Polizia Postale, non sia stato possibile risalire al responsabile. I prelievi risultano diretti verso un conto bancario italiano, segno che qualcuno ha avuto accesso ai dati riservati della vittima. Feltrin consiglia di chiudere il conto e aprirne uno nuovo, avvertendo che si tratta di un episodio anomalo e potenzialmente grave: le truffe bancarie non risparmiano nessuno e rappresentano un rischio crescente anche per i pi\u00f9 giovani.<\/p>\n<p>&nbsp;<\/p>\n<hr \/>\n<p>&nbsp;<\/p>\n<blockquote>\n<h3>SETTIMO ANNIVERSARIO DELLA TEMPESTA VAIA: RICORDI E PAURA A RADIO PI\u00d9<\/h3>\n<\/blockquote>\n<p><strong><a class=\"dt-pswp-item\" href=\"https:\/\/www.radiopiu.net\/wordpress\/wp-content\/uploads\/2025\/10\/58d6d401-f497-48ee-b148-71acd7ce0732.jpg\" data-dt-img-description=\"\" data-large_image_width=\"1600\" data-large_image_height=\"900\"><img loading=\"lazy\" decoding=\"async\" class=\" wp-image-477720 alignleft\" src=\"https:\/\/www.radiopiu.net\/wordpress\/wp-content\/uploads\/2025\/10\/58d6d401-f497-48ee-b148-71acd7ce0732-300x169.jpg\" alt=\"\" width=\"220\" height=\"124\" srcset=\"https:\/\/www.radiopiu.net\/wordpress\/wp-content\/uploads\/2025\/10\/58d6d401-f497-48ee-b148-71acd7ce0732-300x169.jpg 300w, https:\/\/www.radiopiu.net\/wordpress\/wp-content\/uploads\/2025\/10\/58d6d401-f497-48ee-b148-71acd7ce0732-1024x576.jpg 1024w, https:\/\/www.radiopiu.net\/wordpress\/wp-content\/uploads\/2025\/10\/58d6d401-f497-48ee-b148-71acd7ce0732-768x432.jpg 768w, https:\/\/www.radiopiu.net\/wordpress\/wp-content\/uploads\/2025\/10\/58d6d401-f497-48ee-b148-71acd7ce0732-1536x864.jpg 1536w, https:\/\/www.radiopiu.net\/wordpress\/wp-content\/uploads\/2025\/10\/58d6d401-f497-48ee-b148-71acd7ce0732.jpg 1600w\" sizes=\"auto, (max-width: 220px) 100vw, 220px\" \/><\/a>TAIBON<\/strong> Nelle giornate in cui cade il settimo anniversario della tempesta Vaia, parliamo \u201cdi noi\u201d e di come si vissero a Radio Pi\u00f9 quei lunghi giorni di paura.<\/p>\n<p><strong>DI DANIELE DALVIT<\/strong><\/p>\n<audio class=\"wp-audio-shortcode\" id=\"audio-477619-6\" preload=\"none\" style=\"width: 100%;\" controls=\"controls\"><source type=\"audio\/mpeg\" src=\"https:\/\/www.radiopiu.net\/wordpress\/wp-content\/uploads\/2025\/10\/Servizio-Radio-Piu-Vaia.mp3?_=6\" \/><a href=\"https:\/\/www.radiopiu.net\/wordpress\/wp-content\/uploads\/2025\/10\/Servizio-Radio-Piu-Vaia.mp3\">https:\/\/www.radiopiu.net\/wordpress\/wp-content\/uploads\/2025\/10\/Servizio-Radio-Piu-Vaia.mp3<\/a><\/audio>\n<p>&nbsp;<\/p>\n<p><iframe loading=\"lazy\" title=\"Mirko   Sette anni Vaia 1\" width=\"1200\" height=\"675\" src=\"https:\/\/www.youtube.com\/embed\/0ribsu1mYbw?feature=oembed\" frameborder=\"0\" allow=\"accelerometer; autoplay; clipboard-write; encrypted-media; gyroscope; picture-in-picture; web-share\" referrerpolicy=\"strict-origin-when-cross-origin\" allowfullscreen><\/iframe><\/p>\n<blockquote class=\"wp-embedded-content\" data-secret=\"Ldh22Gihsw\"><p><a href=\"https:\/\/www.radiopiu.net\/wordpress\/vaiasette\/\">VAIA 7 ANNI DOPO: RICORDI A FIOR DI PELLE &#8211; testi, foto, video di Mirko Mezzacasa<\/a><\/p><\/blockquote>\n<p><iframe loading=\"lazy\" class=\"wp-embedded-content\" sandbox=\"allow-scripts\" security=\"restricted\" style=\"position: absolute; visibility: hidden;\" title=\"&#8220;VAIA 7 ANNI DOPO: RICORDI A FIOR DI PELLE &#8211; testi, foto, video di Mirko Mezzacasa&#8221; &#8212; Radio Pi\u00f9\" src=\"https:\/\/www.radiopiu.net\/wordpress\/vaiasette\/embed\/#?secret=p192zAemkA#?secret=Ldh22Gihsw\" data-secret=\"Ldh22Gihsw\" width=\"600\" height=\"338\" frameborder=\"0\" marginwidth=\"0\" marginheight=\"0\" scrolling=\"no\"><\/iframe><\/p>\n<hr \/>\n<p>&nbsp;<\/p>\n<blockquote>\n<h2>INFLUENCER BELLUNESE COLPITA DALLA DENGUE<\/h2>\n<\/blockquote>\n<p><img loading=\"lazy\" decoding=\"async\" class=\"alignleft\" src=\"https:\/\/www.radiopiu.net\/wordpress\/wp-content\/uploads\/2025\/10\/Senza-nome-53.png\" width=\"345\" height=\"187\" \/>Dalle acque cristalline delle Maldive a un letto d\u2019ospedale a Belluno. \u00c8 l\u2019odissea di Eva Lovat, giovane blogger e influencer di viaggi, seguita da migliaia di persone sui social per i suoi racconti e le immagini tra Dolomiti, Asia e Sudamerica. Tornata da una vacanza tropicale, Eva ha iniziato ad accusare febbre alta, dolori muscolari e spossatezza. Dopo gli accertamenti all\u2019ospedale San Martino di Belluno, la diagnosi: febbre Dengue, trasmessa da una zanzara infetta. \u00ab<em>Gli squali non mi uccidono, ma una zanzara quasi ci riesce\u00bb<\/em>, ha scritto sui social, con il tono ironico che la contraddistingue. Ricoverata per quasi dieci giorni, ha documentato anche questa esperienza, tra paura e gratitudine per i medici che l\u2019hanno seguita. Ora Eva sta meglio e guarda avanti, ma con un messaggio chiaro ai suoi follower:<em> \u00abViaggiare \u00e8 la mia vita, ma la salute viene prima di tutto. Usate repellenti, informatevi sui rischi e non sottovalutate mai le piccole cose\u00bb. <\/em>Un\u2019avventura finita bene, che la blogger ha gi\u00e0 ribattezzato <em>\u201cil viaggio pi\u00f9 difficile di tutti\u201d.<\/em><\/p>\n<p>&nbsp;<\/p>\n<hr \/>\n<blockquote>\n<h2 data-start=\"0\" data-end=\"65\"><\/h2>\n<h2 data-start=\"0\" data-end=\"65\"><strong data-start=\"0\" data-end=\"63\"><a class=\"dt-pswp-item\" href=\"https:\/\/www.radiopiu.net\/wordpress\/wp-content\/uploads\/2025\/10\/Senza-nome-51.png\" data-dt-img-description=\"\" data-large_image_width=\"344\" data-large_image_height=\"234\"><img loading=\"lazy\" decoding=\"async\" class=\" wp-image-477799 alignleft\" src=\"https:\/\/www.radiopiu.net\/wordpress\/wp-content\/uploads\/2025\/10\/Senza-nome-51-300x204.png\" alt=\"\" width=\"210\" height=\"143\" srcset=\"https:\/\/www.radiopiu.net\/wordpress\/wp-content\/uploads\/2025\/10\/Senza-nome-51-300x204.png 300w, https:\/\/www.radiopiu.net\/wordpress\/wp-content\/uploads\/2025\/10\/Senza-nome-51.png 344w\" sizes=\"auto, (max-width: 210px) 100vw, 210px\" \/><\/a><\/strong><\/h2>\n<h2 data-start=\"0\" data-end=\"65\"><strong data-start=\"0\" data-end=\"63\">TAMPONAMENTO DAVANTI AL FAMILA, PAURA PER UNA GIOVANE DONNA<\/strong><\/h2>\n<\/blockquote>\n<p data-start=\"67\" data-end=\"354\"><strong>FELTRE<\/strong> Paura ieri pomeriggio alle 15 in via Dante Alighieri a Feltre, davanti al supermercato Famila della Peschiera, per un violento tamponamento. Un uomo alla guida di un\u2019Audi scura ha centrato una Fiat Punto, condotta da una ventenne straniera residente a Feltre. La ragazza, dolorante ma non grave, \u00e8 stata estratta dai sanitari del 118 e trasportata al pronto soccorso di Feltre per accertamenti. Sul posto la Polizia Locale, che ha raccolto testimonianze e ricostruito la dinamica, e gli operai comunali, intervenuti per ripulire l\u2019asfalto con materiale assorbente.<\/p>\n<p>&nbsp;<\/p>\n<p>&nbsp;<\/p>\n<hr \/>\n<p>&nbsp;<\/p>\n<blockquote>\n<h3>ESCURSIONISTA SI INFORTUNA LUNGO IL SENTIERO TEMATICO DELLE CHIESETTE PEDEMONTANE<\/h3>\n<\/blockquote>\n<p><strong><a class=\"dt-pswp-item\" href=\"https:\/\/www.radiopiu.net\/wordpress\/wp-content\/uploads\/2024\/09\/SALT.jpeg\" data-dt-img-description=\"\" data-large_image_width=\"1072\" data-large_image_height=\"768\"><img loading=\"lazy\" decoding=\"async\" class=\" wp-image-410721 alignleft\" src=\"https:\/\/www.radiopiu.net\/wordpress\/wp-content\/uploads\/2024\/09\/SALT-300x215.jpeg\" alt=\"\" width=\"160\" height=\"115\" srcset=\"https:\/\/www.radiopiu.net\/wordpress\/wp-content\/uploads\/2024\/09\/SALT-300x215.jpeg 300w, https:\/\/www.radiopiu.net\/wordpress\/wp-content\/uploads\/2024\/09\/SALT-1024x734.jpeg 1024w, https:\/\/www.radiopiu.net\/wordpress\/wp-content\/uploads\/2024\/09\/SALT-768x550.jpeg 768w, https:\/\/www.radiopiu.net\/wordpress\/wp-content\/uploads\/2024\/09\/SALT.jpeg 1072w\" sizes=\"auto, (max-width: 160px) 100vw, 160px\" \/><\/a>SANTA GIUSTINA <\/strong>La Centrale del 118 \u00e8 stata allertata per una escursionista che si era infortunata lungo il Sentiero tematico delle chiesette pedemontane. La 68enne di Rossano Veneto (VI), che stava scendendo in compagnia dalla Chiesetta di San Mauro in Val Scura, era caduta riportando un trauma alla gamba. Risaliti al luogo dell&#8217;incidente, l&#8217;elicottero del Suem di Pieve di Cadore sul posto ha calato con un verricello di 30 metri medico, infermiere e tecnico di elisoccorso, che hanno valutato le condizioni della donna prestandole primo soccorso. Issata a bordo, l&#8217;escursionista \u00e8 stata trasportata all&#8217;ospedale di Belluno.<\/p>\n<p>&nbsp;<\/p>\n<p>&nbsp;<\/p>\n<hr \/>\n<p>&nbsp;<\/p>\n<blockquote>\n<h3>ANCORA UN GESTO VERGOGNOSO SULLA MADONNA DEL MENADAR<\/h3>\n<\/blockquote>\n<p><strong><a class=\"dt-pswp-item\" href=\"https:\/\/www.radiopiu.net\/wordpress\/wp-content\/uploads\/2025\/10\/Screenshot-2025-10-28-152909.png\" data-dt-img-description=\"\" data-large_image_width=\"407\" data-large_image_height=\"293\"><img loading=\"lazy\" decoding=\"async\" class=\" wp-image-477684 alignleft\" src=\"https:\/\/www.radiopiu.net\/wordpress\/wp-content\/uploads\/2025\/10\/Screenshot-2025-10-28-152909-300x216.png\" alt=\"\" width=\"183\" height=\"132\" srcset=\"https:\/\/www.radiopiu.net\/wordpress\/wp-content\/uploads\/2025\/10\/Screenshot-2025-10-28-152909-300x216.png 300w, https:\/\/www.radiopiu.net\/wordpress\/wp-content\/uploads\/2025\/10\/Screenshot-2025-10-28-152909.png 407w\" sizes=\"auto, (max-width: 183px) 100vw, 183px\" \/><\/a>LA VALLE AGORDINA <\/strong>A La Valle Agordina torna l\u2019indignazione: la Madonna del Menadar, simbolo di fede e identit\u00e0 della vallata, \u00e8 stata nuovamente presa di mira. Dopo il furto dell\u2019agosto 2024 \u2014 quando la statua era stata sottratta e poi ritrovata intatta dai Carabinieri di Feltre \u2014 i volontari l\u2019avevano ricollocata, ben ancorata alla roccia. Ora, per\u00f2, l\u2019immagine sacra \u00e8 stata decapitata, in un gesto definito da tutti vile e offensivo. Sui social esplode la rabbia: \u00abUn atto vergognoso\u00bb, scrive Jessica, mentre Anna si chiede \u00abche gioia si provi a fare una cosa del genere\u00bb. Claudio, uno dei volontari, ricorda con amarezza che era prevista una cerimonia di ringraziamento con il parroco: \u00abSiamo stati preceduti da chi non conosce il rispetto\u2026 ma faranno i conti con il Karma\u00bb. La comunit\u00e0 agordina \u00e8 profondamente delusa e ferita: quel che doveva essere un simbolo di unione \u00e8 diventato bersaglio dell\u2019incivilt\u00e0. Distruggere una statua non \u00e8 ribellione \u2014 commentano in molti \u2014 ma solo povert\u00e0 d\u2019animo e mancanza di rispetto verso la fede e la storia di un intero paese.<\/p>\n<p data-start=\"312\" data-end=\"629\"><strong>AGOSTO 2024<\/strong><\/p>\n<p data-start=\"312\" data-end=\"629\"><a class=\"dt-pswp-item\" href=\"https:\/\/www.radiopiu.net\/wordpress\/wp-content\/uploads\/2025\/10\/Screenshot-2025-10-28-153103.png\" data-dt-img-description=\"\" data-large_image_width=\"706\" data-large_image_height=\"235\"><img loading=\"lazy\" decoding=\"async\" class=\"alignnone wp-image-477691 size-full\" src=\"https:\/\/www.radiopiu.net\/wordpress\/wp-content\/uploads\/2025\/10\/Screenshot-2025-10-28-153103.png\" alt=\"\" width=\"706\" height=\"235\" srcset=\"https:\/\/www.radiopiu.net\/wordpress\/wp-content\/uploads\/2025\/10\/Screenshot-2025-10-28-153103.png 706w, https:\/\/www.radiopiu.net\/wordpress\/wp-content\/uploads\/2025\/10\/Screenshot-2025-10-28-153103-300x100.png 300w\" sizes=\"auto, (max-width: 706px) 100vw, 706px\" \/><\/a><\/p>\n<blockquote>\n<h2 data-start=\"2070\" data-end=\"2152\"><\/h2>\n<p>&nbsp;<\/p><\/blockquote>\n<hr \/>\n<p>&nbsp;<\/p>\n<p><strong>OGGI LA GIUDIZIARIA<\/strong><br \/>\n<strong>DAL CORRIERE DELLE ALPI<\/strong><br \/>\n<strong>GIGI SOSSO\u00a0<\/strong><\/p>\n<p>&nbsp;<\/p>\n<blockquote>\n<h2 data-start=\"0\" data-end=\"60\">PROCESSO PER STALKING ANTICIPATO, VINCE LA DONNA DI LIMANA<\/h2>\n<\/blockquote>\n<p data-start=\"62\" data-end=\"827\" data-is-last-node=\"\" data-is-only-node=\"\"><strong>LIMANA\u00a0<\/strong>Il processo per stalking che vede imputato un uomo di Limana si terr\u00e0 il 2 dicembre, e non pi\u00f9 nel marzo 2026. Il giudice Elisabetta Scolozzi ha deciso di anticipare l\u2019udienza dopo due rinvii per impedimenti del difensore e malattia del giudice.<br data-start=\"527\" data-end=\"530\" \/>La Procura contesta all\u2019uomo una serie di atti persecutori tra giugno 2023 e gennaio 2024: messaggi offensivi, minacce e persino un Gps sotto l\u2019auto della vittima. La donna, assistita dall\u2019avvocato Andrea Rui, ha cambiato casa e chiede solo un processo rapido. Si proceder\u00e0 con rito abbreviato, sulle carte raccolte dal pm Roberta Gallego.<\/p>\n<blockquote>\n<h2 data-start=\"0\" data-end=\"67\"><strong data-start=\"0\" data-end=\"65\">INFORTUNIO CON LA SMERIGLIATRICE: ASSOLTO IL DATORE DI LAVORO<\/strong><\/h2>\n<\/blockquote>\n<p data-start=\"69\" data-end=\"308\"><strong>FELTRE\u00a0 <\/strong>Era rimasto ferito a un occhio durante lavori di ristrutturazione a Feltre, ma il datore di lavoro Qingqiao Wang \u00e8 stato assolto dal giudice Luca Berletti \u201cper non aver commesso il fatto\u201d.Il pm Giuseppe Gulli aveva chiesto nove mesi di arresto, ma la difesa, con l\u2019avvocato Massimo Montino, ha ottenuto il proscioglimento. Determinante il sopralluogo Spisal avvenuto un mese dopo l\u2019incidente, che ha reso incerta la prova. L\u2019operaio Chonglin Wang, 61 anni, aveva riportato una ferita alla palpebra sinistra, rischiando di perdere l\u2019occhio. Il datore, di nazionalit\u00e0 cinese e ora irreperibile, \u00e8 stato assolto con formula dubitativa.<\/p>\n<p>&nbsp;<\/p>\n<blockquote>\n<h2 data-start=\"0\" data-end=\"65\"><strong data-start=\"0\" data-end=\"63\">TENT\u00d2 DI RAPINARE LA FARMACIA, ORA CHIEDE LO SCONTO DI PENA<\/strong><\/h2>\n<\/blockquote>\n<p data-start=\"67\" data-end=\"351\"><strong>BELLUNO <\/strong>Tentata rapina e sequestro alla farmacia Santo Stefano di Belluno. Il cittadino romeno di 40 anni, che ad agosto aveva tenuto in ostaggio per oltre un\u2019ora il dottor Gianfranco Alesci e un cliente, andr\u00e0 a processo il 10 dicembre. La Procura ha chiesto il giudizio immediato e l\u2019uomo, gi\u00e0 in libert\u00e0 vigilata, ha scelto il rito abbreviato, che prevede uno sconto di un terzo della pena in caso di condanna. Fu arrestato dai Carabinieri, che lo disarmarono dopo l\u2019allarme al 112. Resta detenuto a Baldenich, mentre il farmacista potrebbe costituirsi parte civile.<\/p>\n<blockquote>\n<h2 data-start=\"354\" data-end=\"429\"><strong data-start=\"354\" data-end=\"427\">TENTA UN APPROCCIO, LA MOGLIE DICE NO: SCATTA IL PROCESSO PER LESIONI<\/strong><\/h2>\n<\/blockquote>\n<p data-start=\"431\" data-end=\"759\"><strong>FELTRE\u00a0<\/strong> \u00e8 finito a processo un uomo di origini asiatiche, accusato di lesioni aggravate contro l\u2019ex moglie. Secondo la Procura di Belluno, due anni fa, dopo un approccio respinto, avrebbe reagito con uno schiaffo, una spinta e un afferramento al collo, provocando contusioni guaribili in tre giorni. La donna, seguita dall\u2019avvocata Cristiana Riccitiello, si \u00e8 costituita parte civile. In aula, davanti al giudice Luca Berletti, l\u2019imputato era presente con i suoi difensori e un interprete. Il processo proseguir\u00e0 con l\u2019ascolto del medico del pronto soccorso, che segnal\u00f2 l\u2019episodio ai Carabinieri.<\/p>\n<p>&nbsp;<\/p>\n<hr \/>\n<p>&nbsp;<\/p>\n<blockquote>\n<h3>DEOLA &#8220;BUTTARE I SOLDI DELLA FARMACIA PER L&#8217;ASILO&#8221;. BIEN &#8220;BASTA BANALIZZARE&#8221;<\/h3>\n<\/blockquote>\n<p><strong><img loading=\"lazy\" decoding=\"async\" class=\"alignleft\" src=\"https:\/\/www.radiopiu.net\/wordpress\/wp-content\/uploads\/2021\/03\/ed290f40-7d29-4675-8cf9-0210b20495e7.jpg\" width=\"306\" height=\"173\" \/>AGORDO<\/strong> Farmacia e Asilo, entrambi dell&#8217;Azienda Municipalizzato Agordo Servizi, l&#8217;una guadagna (Farmacia comunale), l&#8217;altro (insieme della Scuola Materna e Asilo Nido)\u00a0 presta un servizio importante per la comunit\u00e0 con costi non di poco conto. Per la minoranza, per bocca del consigliere Giancarlo Deola<em> &#8220;Si butta via l&#8217;utile della<\/em> Farmacia<em> per sanare il bilancio dell&#8217;asilo, e non c&#8217;\u00e8 alternativa&#8221;.\u00a0<\/em>L&#8217;assessore Cristina Bien pur d&#8217;accordo mette in evidenza il servizio dell&#8217;asilo nido e scuola materna e relativi costi.<em> &#8220;C&#8217;\u00e8 un servizio da fare, e non ci sono altre soluzioni&#8221;.\u00a0<\/em>Nel dibattito interviene anche il sindaco, Roberto Chissal\u00e8<em> &#8220;Buttare via i soldi? Non sono proprio d&#8217;accordo&#8221;<\/em><\/p>\n<p>L&#8217;auspicio: che la scuola diventi pubblica. <em>&#8220;Molto difficile con questi numeri&#8221; <\/em>chiosa Chissal\u00e8<\/p>\n<blockquote><p>&nbsp;<\/p>\n<p>&nbsp;<\/p>\n<p><strong>SINTESI DEL DIBATTITO AUDIO<\/strong><\/p><\/blockquote>\n<audio class=\"wp-audio-shortcode\" id=\"audio-477619-7\" preload=\"none\" style=\"width: 100%;\" controls=\"controls\"><source type=\"audio\/mpeg\" src=\"https:\/\/www.radiopiu.net\/wordpress\/wp-content\/uploads\/2025\/10\/CONSIGLIO-COMUNALE-DI-AGORDO.mp3?_=7\" \/><a href=\"https:\/\/www.radiopiu.net\/wordpress\/wp-content\/uploads\/2025\/10\/CONSIGLIO-COMUNALE-DI-AGORDO.mp3\">https:\/\/www.radiopiu.net\/wordpress\/wp-content\/uploads\/2025\/10\/CONSIGLIO-COMUNALE-DI-AGORDO.mp3<\/a><\/audio>\n<p>l&#8217;intero consiglio comuanale in podcast- diretta RADIOPIU<\/p>\n<p><iframe loading=\"lazy\" title=\"CONSIGLIO COMUNALE DI AGORDO\" width=\"1200\" height=\"675\" src=\"https:\/\/www.youtube.com\/embed\/lLzHUSe1T58?start=2873&#038;feature=oembed\" frameborder=\"0\" allow=\"accelerometer; autoplay; clipboard-write; encrypted-media; gyroscope; picture-in-picture; web-share\" referrerpolicy=\"strict-origin-when-cross-origin\" allowfullscreen><\/iframe><\/p>\n<p>&nbsp;<\/p>\n<p>&nbsp;<\/p>\n<hr \/>\n<p>&nbsp;<\/p>\n<blockquote>\n<h2>LAGO DI ALLEGHE, 7,5 MILIONI PER RIPULIRE IL BACINO E METTERLO IN SICUREZZA<\/h2>\n<\/blockquote>\n<p>&nbsp;<\/p>\n<p>&nbsp;<\/p>\n\n\t\t\t<style type='text\/css'>\n\t\t\t\t#gallery-2 {\n\t\t\t\t\tmargin: auto;\n\t\t\t\t}\n\t\t\t\t#gallery-2 .gallery-item {\n\t\t\t\t\tfloat: left;\n\t\t\t\t\tmargin-top: 10px;\n\t\t\t\t\ttext-align: center;\n\t\t\t\t\twidth: 33%;\n\t\t\t\t}\n\t\t\t\t#gallery-2 img {\n\t\t\t\t\tborder: 2px solid #cfcfcf;\n\t\t\t\t}\n\t\t\t\t#gallery-2 .gallery-caption {\n\t\t\t\t\tmargin-left: 0;\n\t\t\t\t}\n\t\t\t\t\/* see gallery_shortcode() in wp-includes\/media.php *\/\n\t\t\t<\/style>\n\t\t<div id='gallery-2' class='dt-gallery-container gallery galleryid-477619 gallery-columns-3 gallery-size-thumbnail'><dl class='gallery-item'>\n\t\t\t\t<dt class='gallery-icon landscape'>\n\t\t\t\t\t<a class=\"rollover rollover-zoom dt-pswp-item\" title=\"WhatsApp Image 2025-10-29 at 07.11.30\" data-dt-img-description=\"\" data-large_image_width=\"1296\" data-large_image_height=\"972\"href='https:\/\/www.radiopiu.net\/wordpress\/wp-content\/uploads\/2025\/10\/WhatsApp-Image-2025-10-29-at-07.11.30.jpeg'><img loading=\"lazy\" decoding=\"async\" width=\"150\" height=\"150\" src=\"https:\/\/www.radiopiu.net\/wordpress\/wp-content\/uploads\/2025\/10\/WhatsApp-Image-2025-10-29-at-07.11.30-150x150.jpeg\" class=\"attachment-thumbnail size-thumbnail\" alt=\"\" \/><\/a>\n\t\t\t\t<\/dt><\/dl><dl class='gallery-item'>\n\t\t\t\t<dt class='gallery-icon landscape'>\n\t\t\t\t\t<a class=\"rollover rollover-zoom dt-pswp-item\" title=\"WhatsApp Image 2025-10-29 at 07.11.30 (2)\" data-dt-img-description=\"\" data-large_image_width=\"1600\" data-large_image_height=\"1200\"href='https:\/\/www.radiopiu.net\/wordpress\/wp-content\/uploads\/2025\/10\/WhatsApp-Image-2025-10-29-at-07.11.30-2.jpeg'><img loading=\"lazy\" decoding=\"async\" width=\"150\" height=\"150\" src=\"https:\/\/www.radiopiu.net\/wordpress\/wp-content\/uploads\/2025\/10\/WhatsApp-Image-2025-10-29-at-07.11.30-2-150x150.jpeg\" class=\"attachment-thumbnail size-thumbnail\" alt=\"\" \/><\/a>\n\t\t\t\t<\/dt><\/dl><dl class='gallery-item'>\n\t\t\t\t<dt class='gallery-icon landscape'>\n\t\t\t\t\t<a class=\"rollover rollover-zoom dt-pswp-item\" title=\"WhatsApp Image 2025-10-29 at 07.11.30 (1)\" data-dt-img-description=\"\" data-large_image_width=\"1600\" data-large_image_height=\"1200\"href='https:\/\/www.radiopiu.net\/wordpress\/wp-content\/uploads\/2025\/10\/WhatsApp-Image-2025-10-29-at-07.11.30-1.jpeg'><img loading=\"lazy\" decoding=\"async\" width=\"150\" height=\"150\" src=\"https:\/\/www.radiopiu.net\/wordpress\/wp-content\/uploads\/2025\/10\/WhatsApp-Image-2025-10-29-at-07.11.30-1-150x150.jpeg\" class=\"attachment-thumbnail size-thumbnail\" alt=\"\" \/><\/a>\n\t\t\t\t<\/dt><\/dl><br style=\"clear: both\" \/>\n\t\t\t<\/div>\n\n<p><strong>ALLEGHE<\/strong><\/p>\n<p><img loading=\"lazy\" decoding=\"async\" class=\"alignleft\" src=\"https:\/\/www.radiopiu.net\/wordpress\/wp-content\/uploads\/2021\/06\/d387af2d-5fd5-45f0-aac2-6b610c874311.jpg\" width=\"199\" height=\"149\" \/>Il livello del lago di Alleghe \u00e8 stato abbassato di circa due metri per consentire la posa della nuova fognatura e controllare la situazione di interramento che da anni interessa il bacino. Gi\u00e0 a meno un metro era evidente l\u2019accumulo di sedimenti portati dai torrenti, che riduce la profondit\u00e0 e favorisce la crescita di vegetazione lacustre. Con un decreto interministeriale del 9 maggio 2025, il Comune di Alleghe ha ottenuto 7,5 milioni di euro per la rimozione del materiale dal fondale, cos\u00ec da ridurre il rischio di esondazioni durante le piene. I lavori, affidati con il supporto di Veneto Acque, dovranno iniziare entro il 2026 e concludersi entro il 2030, ma l\u2019amministrazione punta a chiuderli gi\u00e0 nel 2029. L\u2019intervento completer\u00e0 il progetto di asporto di 500 mila metri cubi di materiale litoide, di cui 200 mila gi\u00e0 rimossi con i fondi dell\u2019emergenza Vaia. Veneto Acque, che ha gi\u00e0 curato la sistemazione del Cordevole, la pulizia post-alluvione del lago e il nuovo canale scolmatore, sar\u00e0 nuovamente partner tecnico del Comune. Le operazioni, che prevedono un ulteriore abbassamento del livello dell\u2019acqua e il transito dei mezzi per il trasporto del materiale, saranno concordate anche con Rocca Pietore, il cui territorio \u00e8 in parte lambito dal lago.<\/p>\n<p>&nbsp;<\/p>\n<div style=\"width: 848px;\" class=\"wp-video\"><video class=\"wp-video-shortcode\" id=\"video-477619-1\" width=\"848\" height=\"478\" preload=\"metadata\" controls=\"controls\"><source type=\"video\/mp4\" src=\"https:\/\/www.radiopiu.net\/wordpress\/wp-content\/uploads\/2025\/10\/WhatsApp-Video-2025-10-29-at-07.10.20-1.mp4?_=1\" \/><a href=\"https:\/\/www.radiopiu.net\/wordpress\/wp-content\/uploads\/2025\/10\/WhatsApp-Video-2025-10-29-at-07.10.20-1.mp4\">https:\/\/www.radiopiu.net\/wordpress\/wp-content\/uploads\/2025\/10\/WhatsApp-Video-2025-10-29-at-07.10.20-1.mp4<\/a><\/video><\/div>\n<p>&nbsp;<\/p>\n<p>___<\/p>\n<p>&nbsp;<\/p>\n<hr \/>\n<p>&nbsp;<\/p>\n<blockquote>\n<h3>CORTINA, AVANZANO I LAVORI DI CONSOLIDAMENTO DEL LUNGO BOITE IN VISTA DELLE OLIMPIADI 2026<\/h3>\n<\/blockquote>\n<p><strong><a class=\"dt-pswp-item\" href=\"https:\/\/www.radiopiu.net\/wordpress\/wp-content\/uploads\/2025\/10\/CORTINA-scaled.jpeg\" data-dt-img-description=\"\" data-large_image_width=\"2560\" data-large_image_height=\"1760\"><img loading=\"lazy\" decoding=\"async\" class=\" wp-image-476894 alignleft\" src=\"https:\/\/www.radiopiu.net\/wordpress\/wp-content\/uploads\/2025\/10\/CORTINA-300x206.jpeg\" alt=\"\" width=\"223\" height=\"153\" srcset=\"https:\/\/www.radiopiu.net\/wordpress\/wp-content\/uploads\/2025\/10\/CORTINA-300x206.jpeg 300w, https:\/\/www.radiopiu.net\/wordpress\/wp-content\/uploads\/2025\/10\/CORTINA-1024x704.jpeg 1024w, https:\/\/www.radiopiu.net\/wordpress\/wp-content\/uploads\/2025\/10\/CORTINA-768x528.jpeg 768w, https:\/\/www.radiopiu.net\/wordpress\/wp-content\/uploads\/2025\/10\/CORTINA-1536x1056.jpeg 1536w, https:\/\/www.radiopiu.net\/wordpress\/wp-content\/uploads\/2025\/10\/CORTINA-2048x1408.jpeg 2048w\" sizes=\"auto, (max-width: 223px) 100vw, 223px\" \/><\/a>CORTINA <\/strong>Proseguono a Cortina d\u2019Ampezzo i lavori di consolidamento del Lungo Boite, il corso d\u2019acqua simbolo della conca ampezzana. L\u2019intervento, coordinato dalla Societ\u00e0 Infrastrutture Milano Cortina 2026 (SIMICO) insieme al MIT, mira a rafforzare le sponde del fiume e la stabilit\u00e0 della viabilit\u00e0 circostante, garantendo sicurezza e funzionalit\u00e0 in vista dei Giochi Olimpici. Le opere comprendono consolidamenti, nuovi sistemi di drenaggio e miglioramenti stradali per prevenire frane ed erosioni. Contestualmente, la viabilit\u00e0 viene riorganizzata per gestire l\u2019afflusso olimpico. Il progetto unisce ingegneria e tutela ambientale, lasciando in eredit\u00e0 a Cortina infrastrutture pi\u00f9 sicure, efficienti e sostenibili, simbolo del lascito positivo del piano olimpico nazionale.<\/p>\n<p>&nbsp;<\/p>\n<p>&nbsp;<\/p>\n<hr \/>\n<p>&nbsp;<\/p>\n<blockquote>\n<h3>FONDAZIONE CORTINA CHIUDE IL BILANCIO 2025 CON UN UTILE DI 92,2 MILA EURO<\/h3>\n<\/blockquote>\n<p><strong><a class=\"dt-pswp-item\" href=\"https:\/\/www.radiopiu.net\/wordpress\/wp-content\/uploads\/2025\/10\/b48387db-13d1-4a93-8532-b46e3835499e.jpg\" data-dt-img-description=\"\" data-large_image_width=\"1600\" data-large_image_height=\"1066\"><img loading=\"lazy\" decoding=\"async\" class=\" wp-image-477783 alignleft\" src=\"https:\/\/www.radiopiu.net\/wordpress\/wp-content\/uploads\/2025\/10\/b48387db-13d1-4a93-8532-b46e3835499e-300x200.jpg\" alt=\"\" width=\"171\" height=\"114\" srcset=\"https:\/\/www.radiopiu.net\/wordpress\/wp-content\/uploads\/2025\/10\/b48387db-13d1-4a93-8532-b46e3835499e-300x200.jpg 300w, https:\/\/www.radiopiu.net\/wordpress\/wp-content\/uploads\/2025\/10\/b48387db-13d1-4a93-8532-b46e3835499e-1024x682.jpg 1024w, https:\/\/www.radiopiu.net\/wordpress\/wp-content\/uploads\/2025\/10\/b48387db-13d1-4a93-8532-b46e3835499e-768x512.jpg 768w, https:\/\/www.radiopiu.net\/wordpress\/wp-content\/uploads\/2025\/10\/b48387db-13d1-4a93-8532-b46e3835499e-1536x1023.jpg 1536w, https:\/\/www.radiopiu.net\/wordpress\/wp-content\/uploads\/2025\/10\/b48387db-13d1-4a93-8532-b46e3835499e.jpg 1600w\" sizes=\"auto, (max-width: 171px) 100vw, 171px\" \/><\/a>CORTINA\u00a0 <\/strong>Riversati sul territorio oltre 16 milioni di euro in 3 anni. Stefano Longo, Presidente di Fondazione Cortina: \u201cGuardiamo con fiducia alla vicina stagione olimpica, oggi la Fondazione \u00e8 una macchina organizzativa d\u2019eccellenza, capace di ideare e gestire progetti sportivi, culturali e sociali di elevata complessit\u00e0 e qualit\u00e0, trasformandoli in straordinari strumenti di promozione del territorio su scala internazionale\u201d.<\/p>\n<p><strong>DI BARBARA PAOLAZZI<\/strong><\/p>\n<audio class=\"wp-audio-shortcode\" id=\"audio-477619-8\" preload=\"none\" style=\"width: 100%;\" controls=\"controls\"><source type=\"audio\/mpeg\" src=\"https:\/\/www.radiopiu.net\/wordpress\/wp-content\/uploads\/2025\/10\/PAOLAZZI-FONDAZIONE-CORTINA.mp3?_=8\" \/><a href=\"https:\/\/www.radiopiu.net\/wordpress\/wp-content\/uploads\/2025\/10\/PAOLAZZI-FONDAZIONE-CORTINA.mp3\">https:\/\/www.radiopiu.net\/wordpress\/wp-content\/uploads\/2025\/10\/PAOLAZZI-FONDAZIONE-CORTINA.mp3<\/a><\/audio>\n<p>&nbsp;<\/p>\n<hr \/>\n<p>&nbsp;<\/p>\n<blockquote>\n<h3>SCIE CHIMICHE? NO&#8230;SOLO TRAFFICO AEREO INTENSO<\/h3>\n<\/blockquote>\n<p><strong><a class=\"dt-pswp-item\" href=\"https:\/\/www.radiopiu.net\/wordpress\/wp-content\/uploads\/2025\/10\/1d9e2652-480b-4cb6-a725-a6f76cade454.jpg\" data-dt-img-description=\"\" data-large_image_width=\"2048\" data-large_image_height=\"1536\"><img loading=\"lazy\" decoding=\"async\" class=\" wp-image-477766 alignleft\" src=\"https:\/\/www.radiopiu.net\/wordpress\/wp-content\/uploads\/2025\/10\/1d9e2652-480b-4cb6-a725-a6f76cade454-300x225.jpg\" alt=\"\" width=\"231\" height=\"173\" srcset=\"https:\/\/www.radiopiu.net\/wordpress\/wp-content\/uploads\/2025\/10\/1d9e2652-480b-4cb6-a725-a6f76cade454-300x225.jpg 300w, https:\/\/www.radiopiu.net\/wordpress\/wp-content\/uploads\/2025\/10\/1d9e2652-480b-4cb6-a725-a6f76cade454-1024x768.jpg 1024w, https:\/\/www.radiopiu.net\/wordpress\/wp-content\/uploads\/2025\/10\/1d9e2652-480b-4cb6-a725-a6f76cade454-768x576.jpg 768w, https:\/\/www.radiopiu.net\/wordpress\/wp-content\/uploads\/2025\/10\/1d9e2652-480b-4cb6-a725-a6f76cade454-1536x1152.jpg 1536w, https:\/\/www.radiopiu.net\/wordpress\/wp-content\/uploads\/2025\/10\/1d9e2652-480b-4cb6-a725-a6f76cade454.jpg 2048w\" sizes=\"auto, (max-width: 231px) 100vw, 231px\" \/><\/a>REDAZIONE <\/strong>Nelle ultime ore, numerosi cittadini hanno notato lunghe scie bianche attraversare il cielo sopra la nostra zona, alimentando dubbi e teorie su presunti fenomeni \u201cchimici\u201d. La realt\u00e0, tuttavia, \u00e8 molto pi\u00f9 semplice e scientifica: si tratta esclusivamente di scie di condensazione generate dal passaggio degli aerei. Il traffico aereo nella nostra zona ha registrato un aumento significativo, con decine di voli commerciali e cargo che hanno sorvolato il nostro spazio aereo nelle ore centrali della giornata. \u00c8 proprio la presenza di tanti aerei a spiegare la concentrazione di queste scie nel cielo, visibili anche da lunghe distanze. Ma da cosa sono causate queste scie? Le cosiddette scie di condensazione, o contrails, si formano quando l\u2019aria calda e umida dei motori degli aerei incontra l\u2019aria fredda dell\u2019alta quota. Le particelle di vapore acqueo si condensano rapidamente e, a seconda delle condizioni atmosferiche, possono trasformarsi in cristalli di ghiaccio visibili come strisce bianche dietro l\u2019aereo. In alcuni casi, le scie si dissolvono rapidamente; in altri, possono persistere e diffondersi, dando l\u2019impressione di coprire ampie zone del cielo. In sintesi, quello che molti interpretano come un fenomeno misterioso \u00e8 in realt\u00e0 un effetto naturale e prevedibile del normale traffico aereo. La scienza atmosferica conferma che non vi sono sostanze chimiche aggiunte intenzionalmente: ci\u00f2 che vediamo \u00e8 semplicemente il risultato della fisica dei motori a reazione in alta quota.<\/p>\n<p>&nbsp;<\/p>\n<blockquote>\n<h3>DILLO A RADIO PIU&#8217;&#8230;.SCIE CHIMICHE O CLOUD SEEDING: TRA COMPLOTTISMO E REALT\u00c0<\/h3>\n<\/blockquote>\n<p><strong><a class=\"dt-pswp-item\" href=\"https:\/\/www.radiopiu.net\/wordpress\/wp-content\/uploads\/2025\/10\/SCR-20251028-tgwf.png\" data-dt-img-description=\"\" data-large_image_width=\"818\" data-large_image_height=\"484\"><img loading=\"lazy\" decoding=\"async\" class=\" wp-image-477779 alignleft\" src=\"https:\/\/www.radiopiu.net\/wordpress\/wp-content\/uploads\/2025\/10\/SCR-20251028-tgwf-300x178.png\" alt=\"\" width=\"217\" height=\"129\" srcset=\"https:\/\/www.radiopiu.net\/wordpress\/wp-content\/uploads\/2025\/10\/SCR-20251028-tgwf-300x178.png 300w, https:\/\/www.radiopiu.net\/wordpress\/wp-content\/uploads\/2025\/10\/SCR-20251028-tgwf-768x454.png 768w, https:\/\/www.radiopiu.net\/wordpress\/wp-content\/uploads\/2025\/10\/SCR-20251028-tgwf.png 818w\" sizes=\"auto, (max-width: 217px) 100vw, 217px\" \/><\/a>RICEVIAMO E PUBBLICHIAMO<\/strong><\/p>\n<p>Al giorno d\u2019oggi tutto \u00e8 complotto o niente lo \u00e8: gli estremi sono sempre pericolosi. In questo caso, credere alle scie chimiche come alcuni sostengono \u00e8 un esempio, ma non credervi affatto pu\u00f2 essere altrettanto rischioso. Banalmente, se si cerca su Internet \u201cscie chimiche\u201d, si trovano quasi esclusivamente articoli che parlano di complottismo e che offrono spiegazioni naturali del fenomeno, come se chi ne parla fosse un folle. Tuttavia, se si approfondisce un minimo e invece di \u201cscie chimiche\u201d si cerca \u201cinseminazione delle nuvole\u201d o \u201ccloud seeding\u201d, la realt\u00e0 appare molto pi\u00f9 vicina a quella che i complottisti descrivono. La stessa Wikipedia riporta entrambe le terminologie, ma senza collegarle tra loro, non favorendo \u2014 a mio avviso \u2014 una reale informazione trasversale. In conclusione, non bisogna credere che tutte le scie siano chimiche e frutto di qualche complotto, ma nemmeno banalizzare il fenomeno pensando che si tratti sempre e solo di vapore acqueo.<\/p>\n<p><strong>Nicola Vettorello<\/strong><\/p>\n<p>&nbsp;<\/p>\n<hr \/>\n<p>&nbsp;<\/p>\n<blockquote>\n<h3>FIRMATO IL NUOVO CONTRATTO NAZIONALE DELLA SANIT\u00c0 PUBBLICA 2022\u20132024: AUMENTI, TUTELE E VALORIZZAZIONE DEL PERSONALE<\/h3>\n<\/blockquote>\n<p><strong><a class=\"dt-pswp-item\" href=\"https:\/\/www.radiopiu.net\/wordpress\/wp-content\/uploads\/2025\/10\/CISL-FP.jpg\" data-dt-img-description=\"\" data-large_image_width=\"240\" data-large_image_height=\"176\"><img loading=\"lazy\" decoding=\"async\" class=\" wp-image-477699 alignleft\" src=\"https:\/\/www.radiopiu.net\/wordpress\/wp-content\/uploads\/2025\/10\/CISL-FP.jpg\" alt=\"\" width=\"181\" height=\"133\" \/><\/a>BELLUNO <\/strong>Firmato il nuovo Contratto Collettivo Nazionale della Sanit\u00e0 Pubblica 2022\u20132024 tra Aran e i sindacati CISL FP, Nursind, Fials e Nursing Up, dopo un anno e mezzo di trattative. Riguarda infermieri, ostetriche, OSS, tecnici e amministrativi: 7.949 lavoratori della Marca e 3.070 del Bellunese ottengono nuovi diritti e aumenti economici. L\u2019aumento medio sar\u00e0 di 172 euro lordi al mese con effetto retroattivo, pi\u00f9 arretrati tra 800 e 1.360 euro. Crescono anche le indennit\u00e0: Pronto Soccorso fino a 250 euro, specificit\u00e0 infermieristica fino a 165 euro e tutela del malato fino a 119 euro. Tra le novit\u00e0: buoni pasto anche per chi lavora in smart working, tutela legale gratuita per chi subisce aggressioni e il principio di age management con meno turni notturni per gli over 60. Prevista inoltre la parit\u00e0 retributiva tra infermieri e ostetriche, valorizzazione delle prestazioni aggiuntive fino a 50 euro l\u2019ora e incentivi fino a 1.500 euro per responsabilit\u00e0. Per la CISL FP Belluno Treviso, l\u2019accordo restituisce dignit\u00e0 e attrattivit\u00e0 al lavoro pubblico sanitario, rafforzando qualit\u00e0 e sostenibilit\u00e0 del sistema.<\/p>\n<p>&nbsp;<\/p>\n<p>&nbsp;<\/p>\n<hr \/>\n<p>&nbsp;<\/p>\n<blockquote>\n<h3>CONTRATTO SANIT\u00c0: PER LA CGIL UN AUMENTO INSUFFICIENTE CHE IMPOVERISCE I LAVORATORI<\/h3>\n<\/blockquote>\n<p><strong><a class=\"dt-pswp-item\" href=\"https:\/\/www.radiopiu.net\/wordpress\/wp-content\/uploads\/2020\/03\/fp-cgil.png\" data-dt-img-description=\"\" data-large_image_width=\"175\" data-large_image_height=\"191\"><img loading=\"lazy\" decoding=\"async\" class=\" wp-image-122552 alignleft\" src=\"https:\/\/www.radiopiu.net\/wordpress\/wp-content\/uploads\/2020\/03\/fp-cgil.png\" alt=\"\" width=\"119\" height=\"130\" \/><\/a>BELLUNO<\/strong> La firma del nuovo CCNL del comparto sanit\u00e0 rappresenta, secondo la FP CGIL, un grave passo indietro nella contrattazione. La CGIL non ha sottoscritto il contratto perch\u00e9 l\u2019incremento salariale del 5,78%, ben al di sotto del 16% di inflazione certificato dall\u2019Istat, non recupera il potere d\u2019acquisto perso. Gli aumenti tabellari oscillano tra 115 e 135 \u20ac, con poche centinaia di operatori che percepiranno 193 \u20ac, mentre la media di 172 \u20ac dichiarata dai firmatari non riflette la realt\u00e0 per la maggior parte dei 500.000 lavoratori. Anche le indennit\u00e0 aggiuntive, come quelle di pronto soccorso, interessano solo una piccola parte del personale e non rappresentano aumenti generali. Il contratto non prevede arretrati per il 2022-2023 e introduce figure nuove come l\u2019assistente infermiere, senza chiarire l\u2019inquadramento degli OSS e degli autisti soccorritori. La CGIL denuncia che il contratto impoverisce i lavoratori, scoraggia l\u2019ingresso dei giovani nelle professioni sanitarie e favorisce un\u2019accomodante accettazione di aumenti insufficienti, mentre le spese militari cresceranno significativamente. Si annunciano assemblee e iniziative di sensibilizzazione per informare i lavoratori sulle criticit\u00e0 del CCNL.<\/p>\n<p><strong>ANDREA FIOCCO, FP CGIL<\/strong><\/p>\n<audio class=\"wp-audio-shortcode\" id=\"audio-477619-9\" preload=\"none\" style=\"width: 100%;\" controls=\"controls\"><source type=\"audio\/mpeg\" src=\"https:\/\/www.radiopiu.net\/wordpress\/wp-content\/uploads\/2025\/10\/ANDREA-FIOCCO.mp3?_=9\" \/><a href=\"https:\/\/www.radiopiu.net\/wordpress\/wp-content\/uploads\/2025\/10\/ANDREA-FIOCCO.mp3\">https:\/\/www.radiopiu.net\/wordpress\/wp-content\/uploads\/2025\/10\/ANDREA-FIOCCO.mp3<\/a><\/audio>\n<p>&nbsp;<\/p>\n<p>&nbsp;<\/p>\n<hr \/>\n<p>&nbsp;<\/p>\n<blockquote>\n<h2 class=\"_title post-title entry-title\">BELLUNO | DIMINUISCONO LE IMPRESE ARTIGIANE<\/h2>\n<\/blockquote>\n<p>Intervistati ANDREA CERENTIN (PRESIDENTE APPIA CNA BELLUNO) (Servizio di\u00a0<a href=\"https:\/\/antennatre.medianordest.it\/redazione\/Fabio-Fioravanzi\/\">Fabio Fioravanzi<\/a>)<\/p>\n<p><iframe loading=\"lazy\" title=\"DIMINUISCONO LE IMPRESE ARTIGIANE | 28\/10\/2025\" width=\"1200\" height=\"675\" src=\"https:\/\/www.youtube.com\/embed\/D-wIn_A_Z7c?feature=oembed\" frameborder=\"0\" allow=\"accelerometer; autoplay; clipboard-write; encrypted-media; gyroscope; picture-in-picture; web-share\" referrerpolicy=\"strict-origin-when-cross-origin\" allowfullscreen><\/iframe><\/p>\n<hr \/>\n<p>&nbsp;<\/p>\n<blockquote>\n<h3>CENTENARIO DEL GRUPPO SCIATORI FIAMME GIALLE E 60\u00b0 ANNIVERSARIO DEL SOCCORSO ALPINO DELLA GUARDIA DI FINANZA<\/h3>\n<\/blockquote>\n<p><strong><a class=\"dt-pswp-item\" href=\"https:\/\/www.radiopiu.net\/wordpress\/wp-content\/uploads\/2022\/04\/GUARDIA-FINANZA-SCI.jpg\" data-dt-img-description=\"\" data-large_image_width=\"768\" data-large_image_height=\"576\"><img loading=\"lazy\" decoding=\"async\" class=\" wp-image-270373 alignleft\" src=\"https:\/\/www.radiopiu.net\/wordpress\/wp-content\/uploads\/2022\/04\/GUARDIA-FINANZA-SCI-300x225.jpg\" alt=\"\" width=\"204\" height=\"153\" srcset=\"https:\/\/www.radiopiu.net\/wordpress\/wp-content\/uploads\/2022\/04\/GUARDIA-FINANZA-SCI-300x225.jpg 300w, https:\/\/www.radiopiu.net\/wordpress\/wp-content\/uploads\/2022\/04\/GUARDIA-FINANZA-SCI.jpg 768w\" sizes=\"auto, (max-width: 204px) 100vw, 204px\" \/><\/a>TRENTO<\/strong> Nella suggestiva cornice del Castello del Buonconsiglio a Trento si \u00e8 svolta la cerimonia congiunta della Guardia di Finanza per celebrare il Centenario del Gruppo Sciatori Fiamme Gialle e il 60\u00b0 anniversario del Soccorso Alpino del Corpo. Alla presenza del Presidente della Repubblica Sergio Mattarella, del Ministro Giancarlo Giorgetti e del Comandante Generale Andrea De Gennaro, l\u2019evento ha riunito autorit\u00e0, campioni sportivi e rappresentanti del S.A.G.F. Tra gli atleti presenti, Gustav Th\u00f6ni, Piero Gros, Franco Nones, Sofia Goggia, Dorothea Wierer e Martina Valcepina hanno testimoniato i valori di sacrificio, dedizione e spirito di corpo. Il narratore Cristoforo Gorno ha arricchito la cerimonia con un viaggio tra mito e storia, mentre immagini e testimonianze hanno ricordato un secolo di successi sportivi e sessant\u2019anni di salvataggi in montagna, esaltando coraggio, altruismo e l\u2019identit\u00e0 delle Fiamme Gialle in alta quota.<\/p>\n<p>&nbsp;<\/p>\n<p>&nbsp;<\/p>\n<hr \/>\n<p>&nbsp;<\/p>\n<blockquote>\n<h3>DILLO A RADIO PIU&#8217;&#8230;COME OTTENERE IL RISARCIMENTO DALLA REGIONE PER DANNI DA INCIDENTI CON ANIMALI SELVATICI<\/h3>\n<\/blockquote>\n<p>Il problema degli incidenti con animali selvatici, sempre pi\u00f9 frequenti in tutta Italia, richiede attenzione e consapevolezza. In caso di sinistro, la prima regola \u00e8 chiamare immediatamente le Forze dell\u2019Ordine: non si rischiano sanzioni e si ottiene invece un verbale indispensabile per la richiesta di risarcimento alla Regione. Regioni come Veneto, Friuli Venezia Giulia e Lombardia prevedono infatti un indennizzo per i danni causati da fauna selvatica, purch\u00e9 si segua la procedura corretta. Occorre compilare la modulistica regionale (obbligatoria), allegando patente, carta di circolazione, verbale delle Forze dell\u2019Ordine o, se assente, foto del luogo e testimonianze. \u00c8 necessario includere anche un preventivo dettagliato dei danni rilasciato da una carrozzeria o officina abilitata, con pagamenti tracciabili. Le fotografie devono documentare chiaramente veicolo, targa e danni subiti. Un consiglio utile \u00e8 contattare la Regione per sapere se \u00e8 previsto un sopralluogo peritale. Seguendo questi passaggi, \u00e8 possibile ottenere il rimborso della maggior parte delle spese e trasformare un evento spiacevole in un\u2019esperienza gestita con consapevolezza e correttezza amministrativa.<\/p>\n<p><strong>L&#8217;ARTICOLO COMPLETO<\/strong><\/p>\n<blockquote class=\"wp-embedded-content\" data-secret=\"UV0vTfSPpM\"><p><a href=\"https:\/\/www.radiopiu.net\/wordpress\/dillo-a-radio-piu-come-ottenere\/\">DILLO A RADIO PIU&#8217;&#8230;COME OTTENERE IL RISARCIMENTO DALLA REGIONE PER DANNI DA INCIDENTI CON ANIMALI SELVATICI<\/a><\/p><\/blockquote>\n<p><iframe loading=\"lazy\" class=\"wp-embedded-content\" sandbox=\"allow-scripts\" security=\"restricted\" style=\"position: absolute; visibility: hidden;\" title=\"&#8220;DILLO A RADIO PIU&#8217;&#8230;COME OTTENERE IL RISARCIMENTO DALLA REGIONE PER DANNI DA INCIDENTI CON ANIMALI SELVATICI&#8221; &#8212; Radio Pi\u00f9\" src=\"https:\/\/www.radiopiu.net\/wordpress\/dillo-a-radio-piu-come-ottenere\/embed\/#?secret=Dlr9brmBBe#?secret=UV0vTfSPpM\" data-secret=\"UV0vTfSPpM\" width=\"600\" height=\"338\" frameborder=\"0\" marginwidth=\"0\" marginheight=\"0\" scrolling=\"no\"><\/iframe><\/p>\n<p>&nbsp;<\/p>\n<hr \/>\n<p>&nbsp;<\/p>\n<h2><span style=\"color: #ff0000;\">CONSIGLI COMUNALI IN AGORDINO<\/span><\/h2>\n<p><strong>RIVAMONTE<\/strong> Consiglio Comunale per oggi alle 18:30. All\u2019ordine del giorno figurano nove punti, tra cui la ratifica di due delibere riguardanti variazioni al bilancio di previsione 2025\/2027, il rendiconto 2024 dell\u2019A.S.C.A., e l\u2019aggiornamento del Documento Unico di Programmazione (DUP). Si discuter\u00e0 anche dell\u2019estinzione anticipata di mutui, dell\u2019approvazione del nuovo regolamento di contabilit\u00e0 e delle norme per le adunanze del Consiglio.<\/p>\n<p><strong>SAN TOMASO<\/strong> Consiglio comunale convocato per venerd\u00ec alle 19. Si discuter\u00e0 di una variante al piano degli interventi comunale e la presa d&#8217;atto di un verbale di fine settembre relativo alle risultanze dei controlli interni<\/p>\n<p>&nbsp;<\/p>\n<p>&nbsp;<\/p>\n<hr \/>\n<p>&nbsp;<\/p>\n<blockquote>\n<h3>NOVEMBRE \u00c8 IL MESE DELLA PREVENZIONE DEI TUMORI MASCHILI<\/h3>\n<\/blockquote>\n<p><strong><a class=\"dt-pswp-item\" href=\"https:\/\/www.radiopiu.net\/wordpress\/wp-content\/uploads\/2025\/03\/LILT.jpg\" data-dt-img-description=\"\" data-large_image_width=\"768\" data-large_image_height=\"433\"><img loading=\"lazy\" decoding=\"async\" class=\" wp-image-440668 alignleft\" src=\"https:\/\/www.radiopiu.net\/wordpress\/wp-content\/uploads\/2025\/03\/LILT-300x169.jpg\" alt=\"\" width=\"181\" height=\"102\" srcset=\"https:\/\/www.radiopiu.net\/wordpress\/wp-content\/uploads\/2025\/03\/LILT-300x169.jpg 300w, https:\/\/www.radiopiu.net\/wordpress\/wp-content\/uploads\/2025\/03\/LILT.jpg 768w\" sizes=\"auto, (max-width: 181px) 100vw, 181px\" \/><\/a>BELLUNO <\/strong>La L.I.L.T. &#8211; Sezione Provinciale di Belluno promuove per novembre 2025 la campagna \u201cNon perdere il filo della prevenzione, contro i tumori maschili \u00e8 la tua prima alleata\u201d, dedicata alla salute maschile. Gli uomini tra i 50 e i 70 anni possono prenotare gratuitamente il prelievo per il dosaggio del PSA e una visita urologica di prevenzione con la Dott.ssa Maria Cristina Camuffo. Le prenotazioni si effettuano telefonando alla Segreteria della L.I.L.T. di Belluno al numero 0437-1841362, il marted\u00ec e mercoled\u00ec dalle ore 10.00 alle 12.00. Un\u2019occasione importante per prendersi cura di s\u00e9 e prevenire i tumori maschili.<\/p>\n<p>&nbsp;<\/p>\n<p>&nbsp;<\/p>\n<hr \/>\n<p>&nbsp;<\/p>\n<p><img loading=\"lazy\" decoding=\"async\" class=\" wp-image-477197 alignleft\" src=\"https:\/\/www.radiopiu.net\/wordpress\/wp-content\/uploads\/2025\/10\/d0f070e2-8055-4e24-86da-988127132caa-212x300.jpg\" sizes=\"auto, (max-width: 140px) 100vw, 140px\" srcset=\"https:\/\/www.radiopiu.net\/wordpress\/wp-content\/uploads\/2025\/10\/d0f070e2-8055-4e24-86da-988127132caa-212x300.jpg 212w, https:\/\/www.radiopiu.net\/wordpress\/wp-content\/uploads\/2025\/10\/d0f070e2-8055-4e24-86da-988127132caa-723x1024.jpg 723w, https:\/\/www.radiopiu.net\/wordpress\/wp-content\/uploads\/2025\/10\/d0f070e2-8055-4e24-86da-988127132caa-768x1087.jpg 768w, https:\/\/www.radiopiu.net\/wordpress\/wp-content\/uploads\/2025\/10\/d0f070e2-8055-4e24-86da-988127132caa.jpg 904w\" alt=\"\" width=\"140\" height=\"199\" \/><\/p>\n<blockquote>\n<h3>A VOLTAGO INCONTRO FORMATIVO CON I CARABINIERI SULLA PREVENZIONE DELLE TRUFFE AGLI ANZIANI<\/h3>\n<\/blockquote>\n<p><strong>VOLTAGO\u00a0<\/strong>Il Comune di Voltago Agordino organizza un incontro pubblico dedicato alla prevenzione delle truffe agli anziani, in collaborazione con l\u2019Arma dei Carabinieri. L\u2019appuntamento \u00e8 fissato per venerd\u00ec 31 ottobre 2025 alle 17, presso la Sala Maestro Gianni De Col. Interverr\u00e0 il Maggiore Giovanni Meriano, che illustrer\u00e0 le tecniche pi\u00f9 diffuse utilizzate dai truffatori e fornir\u00e0 consigli pratici per riconoscere e prevenire i raggiri. L\u2019iniziativa, intitolata \u201cTruffe agli anziani, come prevenirle?\u201d, mira a sensibilizzare la popolazione e a diffondere una maggiore cultura della prudenza. L\u2019amministrazione comunale invita cittadini e famiglie a partecipare, per imparare a proteggersi e ad aiutare chi \u00e8 pi\u00f9 esposto a tentativi di frode.<\/p>\n<p>&nbsp;<\/p>\n<p>&nbsp;<\/p>\n<hr \/>\n<p>&nbsp;<\/p>\n<blockquote>\n<h3><a class=\"dt-pswp-item\" href=\"https:\/\/www.radiopiu.net\/wordpress\/wp-content\/uploads\/2025\/10\/Foto_Odhecaton.jpg\" data-dt-img-description=\"\" data-large_image_width=\"1000\" data-large_image_height=\"662\"><img loading=\"lazy\" decoding=\"async\" class=\" wp-image-477585 alignleft\" src=\"https:\/\/www.radiopiu.net\/wordpress\/wp-content\/uploads\/2025\/10\/Foto_Odhecaton-300x199.jpg\" alt=\"\" width=\"201\" height=\"133\" srcset=\"https:\/\/www.radiopiu.net\/wordpress\/wp-content\/uploads\/2025\/10\/Foto_Odhecaton-300x199.jpg 300w, https:\/\/www.radiopiu.net\/wordpress\/wp-content\/uploads\/2025\/10\/Foto_Odhecaton-768x508.jpg 768w, https:\/\/www.radiopiu.net\/wordpress\/wp-content\/uploads\/2025\/10\/Foto_Odhecaton.jpg 1000w\" sizes=\"auto, (max-width: 201px) 100vw, 201px\" \/><\/a>ODHECATON A BELLUNO<\/h3>\n<\/blockquote>\n<p><strong>BELLUNO<\/strong> Oggi, alle 20:30, nella Chiesa di San Pietro a Belluno, si esibir\u00e0 l\u2019ensemble Odhecaton, pluripremiata formazione diretta dal maestro Paolo Da Col. Fin dalla sua fondazione nel 1998, l\u2019ensemble Odhecaton ha ottenuto alcuni dei pi\u00f9 prestigiosi premi discografici e il riconoscimento della critica per aver inaugurato, nel campo dell\u2019esecuzione polifonica, un nuovo atteggiamento interpretativo.<\/p>\n<p>&nbsp;<\/p>\n<p>&nbsp;<\/p>\n<p>&nbsp;<\/p>\n<p>&nbsp;<\/p>\n<hr \/>\n<p>&nbsp;<\/p>\n<blockquote>\n<h3>INFORMAZIONE E GUERRA: LUCA STEINMANN A BELLUNO CON LE SCUOLE IN RETE<\/h3>\n<\/blockquote>\n<p><strong><a class=\"dt-pswp-item\" href=\"https:\/\/www.radiopiu.net\/wordpress\/wp-content\/uploads\/2025\/10\/Senza-titolo.png\" data-dt-img-description=\"\" data-large_image_width=\"644\" data-large_image_height=\"488\"><img loading=\"lazy\" decoding=\"async\" class=\" wp-image-477398 alignleft\" src=\"https:\/\/www.radiopiu.net\/wordpress\/wp-content\/uploads\/2025\/10\/Senza-titolo-300x227.png\" alt=\"\" width=\"153\" height=\"116\" srcset=\"https:\/\/www.radiopiu.net\/wordpress\/wp-content\/uploads\/2025\/10\/Senza-titolo-300x227.png 300w, https:\/\/www.radiopiu.net\/wordpress\/wp-content\/uploads\/2025\/10\/Senza-titolo.png 644w\" sizes=\"auto, (max-width: 153px) 100vw, 153px\" \/><\/a>BELLUNO <\/strong>Raccontare la guerra significa affrontare la complessit\u00e0 dell\u2019informazione. Le Scuole in Rete, insieme all\u2019Associazione Amici delle Scuole in Rete e all\u2019APS Gianni Ballerio, ospitano a Belluno il giornalista e docente Luca Steinmann, autore de <em>Il fronte russo<\/em>. Reporter con esperienza diretta nei principali teatri di guerra, Steinmann \u00e8 oggi l\u2019unico giornalista occidentale con un punto di vista interno al fronte russo. L\u2019incontro \u201cInformazione e guerra: notizie dal fronte\u201d si terr\u00e0 venerd\u00ec 31 ottobre, con dialoghi mattutini per gli studenti e un appuntamento serale alle 20:30 al Liceo Lollino.<\/p>\n<p>&nbsp;<\/p>\n<p>&nbsp;<\/p>\n<hr \/>\n<p>&nbsp;<\/p>\n<blockquote>\n<h3>\u201cTRA LE RIGHE CON\u201d: PAROLE, INCONTRI E STORIE IN MOVIMENTO<\/h3>\n<\/blockquote>\n<p><strong><a class=\"dt-pswp-item\" href=\"https:\/\/www.radiopiu.net\/wordpress\/wp-content\/uploads\/2025\/10\/TRA-LE-RIGHE.png\" data-dt-img-description=\"\" data-large_image_width=\"792\" data-large_image_height=\"310\"><img loading=\"lazy\" decoding=\"async\" class=\" wp-image-477007 alignleft\" src=\"https:\/\/www.radiopiu.net\/wordpress\/wp-content\/uploads\/2025\/10\/TRA-LE-RIGHE-300x117.png\" alt=\"\" width=\"218\" height=\"85\" srcset=\"https:\/\/www.radiopiu.net\/wordpress\/wp-content\/uploads\/2025\/10\/TRA-LE-RIGHE-300x117.png 300w, https:\/\/www.radiopiu.net\/wordpress\/wp-content\/uploads\/2025\/10\/TRA-LE-RIGHE-768x301.png 768w, https:\/\/www.radiopiu.net\/wordpress\/wp-content\/uploads\/2025\/10\/TRA-LE-RIGHE.png 792w\" sizes=\"auto, (max-width: 218px) 100vw, 218px\" \/><\/a>BELLUNO <\/strong>Nasce <strong>\u201c<\/strong>Tra le righe con\u201d, la nuova rassegna letteraria ideata da Barbara Chiarand\u00e0 e Martino Fogliato, pensata per portare la cultura in movimento tra incontri, dialoghi e ascolto. La rassegna far\u00e0 tappa in vari luoghi della provincia di Belluno, proponendo appuntamenti unici dove la parola diventa occasione di relazione e riflessione. Il primo incontro \u00e8 in programma sabato 1\u00b0 novembre alle 18 al Centro culturale \u201cFil\u00f2\u201d del Nevegal con Kristian Ghedina, che presenter\u00e0 la sua biografia <em>\u201cGhedo \u2013 Non ho fretta ma vado veloce\u201d<\/em> (Minerva Editore), scritta con Lorenzo Fabiano. Organizzato in collaborazione con Nevegallika, l\u2019evento \u00e8 a ingresso libero e inaugura un percorso dove letteratura ed emozione si intrecciano, illuminando la forza delle idee condivise.<\/p>\n<p>&nbsp;<\/p>\n<p>&nbsp;<\/p>\n<hr \/>\n<p>&nbsp;<\/p>\n<blockquote>\n<h3>FALCADE RICORDA I CADUTI E LE VITTIME DELL\u2019ALLUVIONE DEL 1966<\/h3>\n<\/blockquote>\n<p><strong><a class=\"dt-pswp-item\" href=\"https:\/\/www.radiopiu.net\/wordpress\/wp-content\/uploads\/2022\/12\/MUNICIPIO-FALCADE.png\" data-dt-img-description=\"\" data-large_image_width=\"941\" data-large_image_height=\"655\"><img loading=\"lazy\" decoding=\"async\" class=\" wp-image-314065 alignleft\" src=\"https:\/\/www.radiopiu.net\/wordpress\/wp-content\/uploads\/2022\/12\/MUNICIPIO-FALCADE-300x209.png\" alt=\"\" width=\"175\" height=\"122\" srcset=\"https:\/\/www.radiopiu.net\/wordpress\/wp-content\/uploads\/2022\/12\/MUNICIPIO-FALCADE-300x209.png 300w, https:\/\/www.radiopiu.net\/wordpress\/wp-content\/uploads\/2022\/12\/MUNICIPIO-FALCADE-768x535.png 768w, https:\/\/www.radiopiu.net\/wordpress\/wp-content\/uploads\/2022\/12\/MUNICIPIO-FALCADE.png 941w\" sizes=\"auto, (max-width: 175px) 100vw, 175px\" \/><\/a>FALCADE <\/strong>Il Comune di Falcade, con il Sindaco e l\u2019Amministrazione comunale, invita la cittadinanza a partecipare alle celebrazioni in memoria dei caduti in guerra e delle vittime dell\u2019alluvione del 1966. Marted\u00ec 4 novembre 2025, alle 14, si terr\u00e0 una Santa Messa in Piazza di Somor, in ricordo dei concittadini scomparsi; in caso di maltempo, la funzione sar\u00e0 celebrata nella Chiesa di Falcade Alto. Domenica 9 novembre, alle\u00a0 10.30, si svolger\u00e0 la Messa per la Festa dell\u2019Unit\u00e0 Nazionale e delle Forze Armate, seguita dalla deposizione di corone ai monumenti ai caduti. L\u2019Amministrazione ringrazia i gruppi A.N.A. locali per la collaborazione e invita tutti a difendere ogni giorno pace e libert\u00e0.<\/p>\n<p>&nbsp;<\/p>\n<p>&nbsp;<\/p>\n<p>&nbsp;<\/p>\n<hr \/>\n<blockquote>\n<h3><\/h3>\n<h3>DANILO GIORDANO PRESENTA IL SUO NUOVO LIBRO \u201cMA LE DOLOMITI, COSA SONO?\u201d<\/h3>\n<\/blockquote>\n<p><strong><a class=\"dt-pswp-item\" href=\"https:\/\/www.radiopiu.net\/wordpress\/wp-content\/uploads\/2025\/10\/giordano.jpg\" data-dt-img-description=\"\" data-large_image_width=\"432\" data-large_image_height=\"608\"><img loading=\"lazy\" decoding=\"async\" class=\" wp-image-476881 alignleft\" src=\"https:\/\/www.radiopiu.net\/wordpress\/wp-content\/uploads\/2025\/10\/giordano-213x300.jpg\" alt=\"\" width=\"91\" height=\"128\" srcset=\"https:\/\/www.radiopiu.net\/wordpress\/wp-content\/uploads\/2025\/10\/giordano-213x300.jpg 213w, https:\/\/www.radiopiu.net\/wordpress\/wp-content\/uploads\/2025\/10\/giordano.jpg 432w\" sizes=\"auto, (max-width: 91px) 100vw, 91px\" \/><\/a>AGORDO <\/strong>L\u2019Associazione Amici dei Minerari APS invita il pubblico alla presentazione del nuovo libro di Danilo Giordano, intitolato <em data-start=\"203\" data-end=\"322\">\u201cMa le Dolomiti, cosa sono? Una interpretazione geologica degli scritti di Dino Buzzati ispirata a Bruno Castiglioni\u201d<\/em>. L\u2019evento si terr\u00e0 venerd\u00ec 7 novembre 2025 alle ore 18 presso la Sala \u00abDon Tamis\u00bb di Agordo. L\u2019opera, ottavo volume della collana <em data-start=\"459\" data-end=\"488\">Memorie Geologiche Agordine<\/em>, propone un affascinante viaggio tra scienza e letteratura, esplorando le Dolomiti attraverso lo sguardo poetico di Dino Buzzati e l\u2019approccio scientifico di Bruno Castiglioni. Giordano intreccia geologia e narrativa, restituendo al lettore una visione unica delle montagne patrimonio dell\u2019umanit\u00e0.<\/p>\n<p>&nbsp;<\/p>\n<p>&nbsp;<\/p>\n<hr \/>\n<p>&nbsp;<\/p>\n<blockquote>\n<h3>&#8220;LA<a class=\"dt-pswp-item\" href=\"https:\/\/www.radiopiu.net\/wordpress\/wp-content\/uploads\/2025\/10\/AntoniaFedon_LaCreazione-particolare.jpeg\" data-dt-img-description=\"\" data-large_image_width=\"961\" data-large_image_height=\"1002\"><img loading=\"lazy\" decoding=\"async\" class=\" wp-image-476857 alignleft\" src=\"https:\/\/www.radiopiu.net\/wordpress\/wp-content\/uploads\/2025\/10\/AntoniaFedon_LaCreazione-particolare-288x300.jpeg\" alt=\"\" width=\"101\" height=\"106\" srcset=\"https:\/\/www.radiopiu.net\/wordpress\/wp-content\/uploads\/2025\/10\/AntoniaFedon_LaCreazione-particolare-288x300.jpeg 288w, https:\/\/www.radiopiu.net\/wordpress\/wp-content\/uploads\/2025\/10\/AntoniaFedon_LaCreazione-particolare-768x801.jpeg 768w, https:\/\/www.radiopiu.net\/wordpress\/wp-content\/uploads\/2025\/10\/AntoniaFedon_LaCreazione-particolare.jpeg 961w\" sizes=\"auto, (max-width: 101px) 100vw, 101px\" \/><\/a> CREAZIONE&#8221; DI MARIA ANTONIA FEDON AL TEATRO DINO BUZZATI<\/h3>\n<\/blockquote>\n<p><strong>BELLUNO <\/strong>Venerd\u00ec 7 novembre, alle 17, al Teatro Dino Buzzati di Belluno verr\u00e0 inaugurata &#8220;La Creazione&#8221;, opera dell&#8217;artista bellunese Maria Antonia Fedon dedicata allo scrittore e giornalista bellunese Dino Buzzati, che il Comune di Belluno ha deciso di esporre permanentemente all&#8217;interno del teatro, nell&#8217;antisala dell&#8217;ingresso.<\/p>\n<p>&nbsp;<\/p>\n<p>&nbsp;<\/p>\n<hr \/>\n<p>&nbsp;<\/p>\n<blockquote>\n<h3>AD AGORDO LA PRIMA PRESENTAZIONE DEL SAGGIO SULLA LINGUA LADINA<\/h3>\n<\/blockquote>\n<p><strong><a class=\"dt-pswp-item\" href=\"https:\/\/www.radiopiu.net\/wordpress\/wp-content\/uploads\/2025\/10\/musla.jpg\" data-dt-img-description=\"\" data-large_image_width=\"428\" data-large_image_height=\"609\"><img loading=\"lazy\" decoding=\"async\" class=\" wp-image-476877 alignleft\" src=\"https:\/\/www.radiopiu.net\/wordpress\/wp-content\/uploads\/2025\/10\/musla-211x300.jpg\" alt=\"\" width=\"101\" height=\"144\" srcset=\"https:\/\/www.radiopiu.net\/wordpress\/wp-content\/uploads\/2025\/10\/musla-211x300.jpg 211w, https:\/\/www.radiopiu.net\/wordpress\/wp-content\/uploads\/2025\/10\/musla.jpg 428w\" sizes=\"auto, (max-width: 101px) 100vw, 101px\" \/><\/a>AGORDO <\/strong>Agordo si prepara a ospitare un evento culturale di grande rilievo: il 22 novembre sar\u00e0 presentato il saggio <em data-start=\"269\" data-end=\"323\">\u201cNormalizzazione linguistica in Agordino e in Zoldo\u201d<\/em>, frutto del lavoro dell\u2019Istituto Bellunese di Ricerche Sociali e Culturali (IBRSC). Il libro, scritto a pi\u00f9 mani, \u00e8 stato realizzato in collaborazione con MUSLA, Federazione Ladina del Veneto, Unioni Ladine dell\u2019Agordino e Provincia di Belluno. La presentazione si svolger\u00e0 nella Sala Convegni Don Tamis, in Via 27 Aprile 10, a partire dalle ore 18:00. La serata prevede due momenti: la presentazione del volume e una tavola rotonda aperta al pubblico e agli ospiti invitati, per discutere delle sfide e delle opportunit\u00e0 della lingua ladina nella regione. Al termine dell\u2019incontro sar\u00e0 offerto un rinfresco, occasione per confrontarsi e approfondire i temi trattati.<\/p>\n<p>&nbsp;<\/p>\n<p>&nbsp;<\/p>\n<hr \/>\n<p>&nbsp;<\/p>\n<blockquote class=\"wp-embedded-content\" data-secret=\"NO3e9KP1ra\"><p><a href=\"https:\/\/www.radiopiu.net\/wordpress\/puntata-11asa1a\/\">FRANCO FIABANE, L\u2019ARTE CHE UNISCE TRADIZIONE E MODERNIT\u00c0<\/a><\/p><\/blockquote>\n<p><iframe loading=\"lazy\" class=\"wp-embedded-content\" sandbox=\"allow-scripts\" security=\"restricted\" style=\"position: absolute; visibility: hidden;\" title=\"&#8220;FRANCO FIABANE, L\u2019ARTE CHE UNISCE TRADIZIONE E MODERNIT\u00c0&#8221; &#8212; Radio Pi\u00f9\" src=\"https:\/\/www.radiopiu.net\/wordpress\/puntata-11asa1a\/embed\/#?secret=0hEFfqzTkz#?secret=NO3e9KP1ra\" data-secret=\"NO3e9KP1ra\" width=\"600\" height=\"338\" frameborder=\"0\" marginwidth=\"0\" marginheight=\"0\" scrolling=\"no\"><\/iframe><\/p>\n<p>&nbsp;<\/p>\n<hr \/>\n<p>&nbsp;<\/p>\n<h1><span style=\"color: #ff6600;\">IERI ALLA RADIO<\/span><\/h1>\n<h2><span style=\"color: #99cc00;\">DALLO STAND APPIA, ARREDAMONT 2025 &#8211; LONGARONE FIERE<\/span><\/h2>\n<p><strong>LONGARONE<\/strong> Appia CNA Belluno \u00e8 protagonista ad Arredamont 2025 con un programma dedicato al valore e alla modernit\u00e0 dell\u2019artigianato locale. Nel Padiglione B, lo stand dell\u2019associazione diventer\u00e0 un laboratorio a cielo aperto con il progetto <em data-start=\"242\" data-end=\"292\">\u201cL\u2019artigiano in Fiera 2025 \u2013 Un\u2019arte per lavoro\u201d<\/em>, tra dimostrazioni, workshop e incontri sui mestieri del territorio. Ogni giorno artigiani di vari settori \u2013 dall\u2019occhialeria al design, dalla meccanica al tessile \u2013 mostreranno come tradizione e innovazione possano convivere. Tra gli eventi spiccano la prova dell\u2019esoscheletro Wurth, i laboratori di stampa 3D e CAD e l\u2019incontro <em data-start=\"627\" data-end=\"649\">\u201cMeccanica e design\u201d<\/em>. Completa il programma la mostra <em data-start=\"683\" data-end=\"712\">\u201c80 anni di Libera Impresa\u201d<\/em> e, il 2 novembre, uno spettacolo teatrale celebrativo.<\/p>\n<p><strong>PUNTATA 02 &#8211; 28 OTTOBRE 2025<\/strong><\/p>\n<p><iframe loading=\"lazy\" title=\"02 Appia Arredamont Le tre Radio   28 10 2025\" width=\"1200\" height=\"675\" src=\"https:\/\/www.youtube.com\/embed\/3a62-zz34HU?feature=oembed\" frameborder=\"0\" allow=\"accelerometer; autoplay; clipboard-write; encrypted-media; gyroscope; picture-in-picture; web-share\" referrerpolicy=\"strict-origin-when-cross-origin\" allowfullscreen><\/iframe><\/p>\n<p>&nbsp;<\/p>\n<h2><strong>LA RACCOLTA COMPLETA <a href=\"https:\/\/www.radiopiu.net\/wordpress\/dallo-stand-appia-arredamont-2025-longarone-fiere-raccolta-completa\/\"><span style=\"color: #3366ff;\">CLICCA QUI<\/span><\/a><\/strong><\/h2>\n<p>&nbsp;<\/p>\n<hr \/>\n<p>&nbsp;<\/p>\n<h2><span style=\"color: #ff00ff;\">OGGI COME IERI, TERZO ANNO. CON SILVIA BALDO<\/span><\/h2>\n<p><strong><a class=\"dt-pswp-item\" href=\"https:\/\/www.radiopiu.net\/wordpress\/wp-content\/uploads\/2025\/10\/Signor_Bonaventura.jpg\" data-dt-img-description=\"\" data-large_image_width=\"190\" data-large_image_height=\"189\"><img loading=\"lazy\" decoding=\"async\" class=\" wp-image-477727 alignleft\" src=\"https:\/\/www.radiopiu.net\/wordpress\/wp-content\/uploads\/2025\/10\/Signor_Bonaventura.jpg\" alt=\"\" width=\"115\" height=\"114\" srcset=\"https:\/\/www.radiopiu.net\/wordpress\/wp-content\/uploads\/2025\/10\/Signor_Bonaventura.jpg 190w, https:\/\/www.radiopiu.net\/wordpress\/wp-content\/uploads\/2025\/10\/Signor_Bonaventura-150x150.jpg 150w\" sizes=\"auto, (max-width: 115px) 100vw, 115px\" \/><\/a>28 OTTOBRE\u00a0<\/strong><\/p>\n<audio class=\"wp-audio-shortcode\" id=\"audio-477619-10\" preload=\"none\" style=\"width: 100%;\" controls=\"controls\"><source type=\"audio\/mpeg\" src=\"https:\/\/www.radiopiu.net\/wordpress\/wp-content\/uploads\/2025\/10\/SIBI2-3.mp3?_=10\" \/><a href=\"https:\/\/www.radiopiu.net\/wordpress\/wp-content\/uploads\/2025\/10\/SIBI2-3.mp3\">https:\/\/www.radiopiu.net\/wordpress\/wp-content\/uploads\/2025\/10\/SIBI2-3.mp3<\/a><\/audio>\n<p>&nbsp;<\/p>\n<h2><strong>LA RACCOLTA COMPLETA <a href=\"https:\/\/www.radiopiu.net\/wordpress\/oggi-come-otto28\/\"><span style=\"color: #3366ff;\">CLICCA QUI<\/span><\/a><\/strong><\/h2>\n<p>&nbsp;<\/p>\n<hr \/>\n<p>&nbsp;<\/p>\n<h2><span style=\"color: #993300;\">&#8220;DINTORN E FORA VIA&#8221;\u00a0 IL PROGRAMMA\u00a0 A CURA DEL MUSLA\u00a0\u00a0<strong>\u00a0 \u00a0<\/strong><\/span><\/h2>\n<p><strong><a class=\"dt-pswp-item\" href=\"https:\/\/www.radiopiu.net\/wordpress\/wp-content\/uploads\/2022\/05\/QUOTIDIANO-GIORNALE.jpg\" data-dt-img-description=\"\" data-large_image_width=\"1920\" data-large_image_height=\"1271\"><img loading=\"lazy\" decoding=\"async\" class=\" wp-image-274885 alignleft\" src=\"https:\/\/www.radiopiu.net\/wordpress\/wp-content\/uploads\/2022\/05\/QUOTIDIANO-GIORNALE-300x199.jpg\" alt=\"\" width=\"157\" height=\"104\" srcset=\"https:\/\/www.radiopiu.net\/wordpress\/wp-content\/uploads\/2022\/05\/QUOTIDIANO-GIORNALE-300x199.jpg 300w, https:\/\/www.radiopiu.net\/wordpress\/wp-content\/uploads\/2022\/05\/QUOTIDIANO-GIORNALE-1024x678.jpg 1024w, https:\/\/www.radiopiu.net\/wordpress\/wp-content\/uploads\/2022\/05\/QUOTIDIANO-GIORNALE-768x508.jpg 768w, https:\/\/www.radiopiu.net\/wordpress\/wp-content\/uploads\/2022\/05\/QUOTIDIANO-GIORNALE-1536x1017.jpg 1536w, https:\/\/www.radiopiu.net\/wordpress\/wp-content\/uploads\/2022\/05\/QUOTIDIANO-GIORNALE.jpg 1920w\" sizes=\"auto, (max-width: 157px) 100vw, 157px\" \/><\/a>PUNTATA DEL 28 OTTOBRE 2025 DAVIDE CONEDERA<\/strong><\/p>\n<audio class=\"wp-audio-shortcode\" id=\"audio-477619-11\" preload=\"none\" style=\"width: 100%;\" controls=\"controls\"><source type=\"audio\/mpeg\" src=\"https:\/\/www.radiopiu.net\/wordpress\/wp-content\/uploads\/2025\/10\/MUSLA-8.mp3?_=11\" \/><a href=\"https:\/\/www.radiopiu.net\/wordpress\/wp-content\/uploads\/2025\/10\/MUSLA-8.mp3\">https:\/\/www.radiopiu.net\/wordpress\/wp-content\/uploads\/2025\/10\/MUSLA-8.mp3<\/a><\/audio>\n<p>&nbsp;<\/p>\n<h2><strong>LA RACCOLTA COMPLETA <a href=\"https:\/\/www.radiopiu.net\/wordpress\/musla\/\"><span style=\"color: #3366ff;\">CLICCA QUI<\/span><\/a><\/strong><\/h2>\n<p>&nbsp;<\/p>\n<hr \/>\n<p>&nbsp;<\/p>\n<h2><span style=\"color: #00ff00;\">ANDREA FONTANA, CAMPIONE ITALIANO GT-PRO AM<\/span><\/h2>\n<p><strong><a class=\"dt-pswp-item\" href=\"https:\/\/www.radiopiu.net\/wordpress\/wp-content\/uploads\/2025\/10\/1ef4f9e3-4dbb-4381-bd96-ead06eed0a84.jpg\" data-dt-img-description=\"\" data-large_image_width=\"1179\" data-large_image_height=\"759\"><img loading=\"lazy\" decoding=\"async\" class=\" wp-image-477732 alignleft\" src=\"https:\/\/www.radiopiu.net\/wordpress\/wp-content\/uploads\/2025\/10\/1ef4f9e3-4dbb-4381-bd96-ead06eed0a84-300x193.jpg\" alt=\"\" width=\"221\" height=\"142\" srcset=\"https:\/\/www.radiopiu.net\/wordpress\/wp-content\/uploads\/2025\/10\/1ef4f9e3-4dbb-4381-bd96-ead06eed0a84-300x193.jpg 300w, https:\/\/www.radiopiu.net\/wordpress\/wp-content\/uploads\/2025\/10\/1ef4f9e3-4dbb-4381-bd96-ead06eed0a84-1024x659.jpg 1024w, https:\/\/www.radiopiu.net\/wordpress\/wp-content\/uploads\/2025\/10\/1ef4f9e3-4dbb-4381-bd96-ead06eed0a84-768x494.jpg 768w, https:\/\/www.radiopiu.net\/wordpress\/wp-content\/uploads\/2025\/10\/1ef4f9e3-4dbb-4381-bd96-ead06eed0a84.jpg 1179w\" sizes=\"auto, (max-width: 221px) 100vw, 221px\" \/><\/a>DI MARCO GAZ<\/strong><\/p>\n<p>OSPITE: Andrea Fontana<\/p>\n<audio class=\"wp-audio-shortcode\" id=\"audio-477619-12\" preload=\"none\" style=\"width: 100%;\" controls=\"controls\"><source type=\"audio\/mpeg\" src=\"https:\/\/www.radiopiu.net\/wordpress\/wp-content\/uploads\/2025\/10\/REPORTER-ANDREA-FONTANA.mp3?_=12\" \/><a href=\"https:\/\/www.radiopiu.net\/wordpress\/wp-content\/uploads\/2025\/10\/REPORTER-ANDREA-FONTANA.mp3\">https:\/\/www.radiopiu.net\/wordpress\/wp-content\/uploads\/2025\/10\/REPORTER-ANDREA-FONTANA.mp3<\/a><\/audio>\n<p>&nbsp;<\/p>\n<hr \/>\n<p>&nbsp;<\/p>\n<h2><span style=\"color: #00ccff;\">L&#8217;AUTUNNO DI ATTIVAMENTE AGORDINO ALLA PISCINA DI AGORDO<\/span><\/h2>\n<p><strong><a class=\"dt-pswp-item\" href=\"https:\/\/www.radiopiu.net\/wordpress\/wp-content\/uploads\/2025\/10\/35e0b6bc-179a-4ae2-8698-94e78fe3c0fa.jpg\" data-dt-img-description=\"\" data-large_image_width=\"1224\" data-large_image_height=\"695\"><img loading=\"lazy\" decoding=\"async\" class=\" wp-image-477082 alignleft\" src=\"https:\/\/www.radiopiu.net\/wordpress\/wp-content\/uploads\/2025\/10\/35e0b6bc-179a-4ae2-8698-94e78fe3c0fa-300x170.jpg\" alt=\"\" width=\"221\" height=\"125\" srcset=\"https:\/\/www.radiopiu.net\/wordpress\/wp-content\/uploads\/2025\/10\/35e0b6bc-179a-4ae2-8698-94e78fe3c0fa-300x170.jpg 300w, https:\/\/www.radiopiu.net\/wordpress\/wp-content\/uploads\/2025\/10\/35e0b6bc-179a-4ae2-8698-94e78fe3c0fa-1024x581.jpg 1024w, https:\/\/www.radiopiu.net\/wordpress\/wp-content\/uploads\/2025\/10\/35e0b6bc-179a-4ae2-8698-94e78fe3c0fa-768x436.jpg 768w, https:\/\/www.radiopiu.net\/wordpress\/wp-content\/uploads\/2025\/10\/35e0b6bc-179a-4ae2-8698-94e78fe3c0fa.jpg 1224w\" sizes=\"auto, (max-width: 221px) 100vw, 221px\" \/><\/a>DI MARINA DONA&#8217;<\/strong><\/p>\n<p>OSPITI: Roberto Broglio e Cristiana Carazzai<\/p>\n<audio class=\"wp-audio-shortcode\" id=\"audio-477619-13\" preload=\"none\" style=\"width: 100%;\" controls=\"controls\"><source type=\"audio\/mpeg\" src=\"https:\/\/www.radiopiu.net\/wordpress\/wp-content\/uploads\/2025\/10\/REPORTER-ATTIVAMENTE-AGORDINO-LA-STAGIONE-2025-2026-E-I-25-ANNI-DI-ATTIVITA.mp3?_=13\" \/><a href=\"https:\/\/www.radiopiu.net\/wordpress\/wp-content\/uploads\/2025\/10\/REPORTER-ATTIVAMENTE-AGORDINO-LA-STAGIONE-2025-2026-E-I-25-ANNI-DI-ATTIVITA.mp3\">https:\/\/www.radiopiu.net\/wordpress\/wp-content\/uploads\/2025\/10\/REPORTER-ATTIVAMENTE-AGORDINO-LA-STAGIONE-2025-2026-E-I-25-ANNI-DI-ATTIVITA.mp3<\/a><\/audio>\n<p>&nbsp;<\/p>\n<div style=\"width: 848px;\" class=\"wp-video\"><video class=\"wp-video-shortcode\" id=\"video-477619-2\" width=\"848\" height=\"478\" preload=\"metadata\" controls=\"controls\"><source type=\"video\/mp4\" src=\"https:\/\/www.radiopiu.net\/wordpress\/wp-content\/uploads\/2025\/10\/VIDEO-PISCINA.mp4?_=2\" \/><a href=\"https:\/\/www.radiopiu.net\/wordpress\/wp-content\/uploads\/2025\/10\/VIDEO-PISCINA.mp4\">https:\/\/www.radiopiu.net\/wordpress\/wp-content\/uploads\/2025\/10\/VIDEO-PISCINA.mp4<\/a><\/video><\/div>\n<p>&nbsp;<\/p>\n<hr \/>\n<p>&nbsp;<\/p>\n<h2><span style=\"color: #800080;\">I CONSIGLI DI GIANLUCA&#8230;DA DOLOMITI BEER &amp; WINE SHOP<\/span><\/h2>\n<p><strong><a class=\"dt-pswp-item\" href=\"https:\/\/www.radiopiu.net\/wordpress\/wp-content\/uploads\/2025\/10\/Designer-13.png\" data-dt-img-description=\"\" data-large_image_width=\"1024\" data-large_image_height=\"1536\"><img loading=\"lazy\" decoding=\"async\" class=\" wp-image-477667 alignleft\" src=\"https:\/\/www.radiopiu.net\/wordpress\/wp-content\/uploads\/2025\/10\/Designer-13-200x300.png\" alt=\"\" width=\"125\" height=\"188\" srcset=\"https:\/\/www.radiopiu.net\/wordpress\/wp-content\/uploads\/2025\/10\/Designer-13-200x300.png 200w, https:\/\/www.radiopiu.net\/wordpress\/wp-content\/uploads\/2025\/10\/Designer-13-683x1024.png 683w, https:\/\/www.radiopiu.net\/wordpress\/wp-content\/uploads\/2025\/10\/Designer-13-768x1152.png 768w, https:\/\/www.radiopiu.net\/wordpress\/wp-content\/uploads\/2025\/10\/Designer-13.png 1024w\" sizes=\"auto, (max-width: 125px) 100vw, 125px\" \/><\/a>28 OTTOBRE VDF BLANC DE CROISILLE CHARDONNAY<br \/>\n<\/strong><\/p>\n<p><span style=\"font-family: Times New Roman, serif;\"><span style=\"font-size: medium;\">Scopri il <\/span><\/span><span style=\"font-family: Times New Roman, serif;\"><span style=\"font-size: medium;\">Blanc des Croisille \u2013 Chardonnay<\/span><\/span><span style=\"font-family: Times New Roman, serif;\"><span style=\"font-size: medium;\">, un bianco unico firmato <\/span><\/span><span style=\"font-family: Times New Roman, serif;\"><span style=\"font-size: medium;\">Ch\u00e2teau Les Croisille<\/span><\/span><span style=\"font-family: Times New Roman, serif;\"><span style=\"font-size: medium;\">.<br \/>\nProdotto in sole <\/span><\/span><span style=\"font-family: Times New Roman, serif;\"><span style=\"font-size: medium;\">2.500 bottiglie<\/span><\/span><span style=\"font-family: Times New Roman, serif;\"><span style=\"font-size: medium;\">, nasce da viti di 10 anni coltivate su plateau calcarei a 300 metri di altitudine. Nessuna aggiunta di solfiti, fermentazione con lieviti indigeni e un equilibrio naturale che lo rende fresco, minerale e sorprendentemente autentico.<\/span><\/span> <span style=\"font-family: Times New Roman, serif;\"><span style=\"font-size: medium;\">Curiosit\u00e0<\/span><\/span><span style=\"font-family: Times New Roman, serif;\"><span style=\"font-size: medium;\">: la cantina Les Croisille, certificata <\/span><\/span><span style=\"font-family: Times New Roman, serif;\"><span style=\"font-size: medium;\">biodinamica DEMETER<\/span><\/span><span style=\"font-family: Times New Roman, serif;\"><span style=\"font-size: medium;\">, nasce dall\u2019intuizione della famiglia Croisille che nel 1979 recuper\u00f2 una propriet\u00e0 abbandonata nei Causses de Luzech. Oggi \u00e8 un punto di riferimento per vini puri e vibranti, capaci di raccontare il territorio.<\/span><\/span> <span style=\"font-family: Times New Roman, serif;\"><span style=\"font-size: medium;\">Caratteristiche<\/span><\/span><span style=\"font-family: Times New Roman, serif;\"><span style=\"font-size: medium;\">:<\/span><\/span><span style=\"font-size: medium; font-family: 'Times New Roman', serif;\">Profumi floreali e agrumati <\/span><span style=\"font-size: medium; font-family: 'Times New Roman', serif;\">Freschezza minerale <\/span><span style=\"font-size: medium; font-family: 'Times New Roman', serif;\">Finale pulito e sapido <\/span><span style=\"font-size: medium; font-family: 'Times New Roman', serif;\">Produzione limitata <\/span> <span style=\"font-family: Times New Roman, serif;\"><span style=\"font-size: medium;\">Lo trovi da <\/span><\/span><span style=\"font-family: Times New Roman, serif;\"><span style=\"font-size: medium;\">Dafrom<\/span><\/span><span style=\"font-family: Times New Roman, serif;\"><span style=\"font-size: medium;\"> e nei <\/span><\/span><span style=\"font-family: Times New Roman, serif;\"><span style=\"font-size: medium;\">Dolomiti Beer &amp; Wine Shop<\/span><\/span><span style=\"font-family: Times New Roman, serif;\"><span style=\"font-size: medium;\">: il vero punto di riferimento per chi ama il buon bere.<br \/>\nparola di Gianluca<br \/>\n<strong>AUDIO<\/strong><\/span><\/span><\/p>\n<audio class=\"wp-audio-shortcode\" id=\"audio-477619-14\" preload=\"none\" style=\"width: 100%;\" controls=\"controls\"><source type=\"audio\/mpeg\" src=\"https:\/\/www.radiopiu.net\/wordpress\/wp-content\/uploads\/2025\/10\/ElevenLabs_2025-09-04T15_17_09_gianluca_pvc_sp100_s50_sb75_se27_b_m2.mp3?_=14\" \/><a href=\"https:\/\/www.radiopiu.net\/wordpress\/wp-content\/uploads\/2025\/10\/ElevenLabs_2025-09-04T15_17_09_gianluca_pvc_sp100_s50_sb75_se27_b_m2.mp3\">https:\/\/www.radiopiu.net\/wordpress\/wp-content\/uploads\/2025\/10\/ElevenLabs_2025-09-04T15_17_09_gianluca_pvc_sp100_s50_sb75_se27_b_m2.mp3<\/a><\/audio>\n<p><strong>\u00a0<\/strong><\/p>\n<h2><strong>LA RACCOLTA COMPLETA <a href=\"https:\/\/www.radiopiu.net\/wordpress\/parola-di-gianluca-27\/\"><span style=\"color: #3366ff;\">CLICCA QUI<\/span><\/a><\/strong><\/h2>\n<p>&nbsp;<\/p>\n<h2><span style=\"color: #ff9900;\">DOMANI AL DOLOMITI BEER &amp; WINE SHOP DI FELTRE GLI ORANGE WINE<\/span><\/h2>\n<p><strong><a class=\"dt-pswp-item\" href=\"https:\/\/www.radiopiu.net\/wordpress\/wp-content\/uploads\/2025\/10\/7cb468c4-87f0-4d42-8c0a-be01ae73a28b.jpg\" data-dt-img-description=\"\" data-large_image_width=\"1080\" data-large_image_height=\"1080\"><img loading=\"lazy\" decoding=\"async\" class=\" wp-image-477737 alignleft\" src=\"https:\/\/www.radiopiu.net\/wordpress\/wp-content\/uploads\/2025\/10\/7cb468c4-87f0-4d42-8c0a-be01ae73a28b-300x300.jpg\" alt=\"\" width=\"137\" height=\"137\" srcset=\"https:\/\/www.radiopiu.net\/wordpress\/wp-content\/uploads\/2025\/10\/7cb468c4-87f0-4d42-8c0a-be01ae73a28b-300x300.jpg 300w, https:\/\/www.radiopiu.net\/wordpress\/wp-content\/uploads\/2025\/10\/7cb468c4-87f0-4d42-8c0a-be01ae73a28b-1024x1024.jpg 1024w, https:\/\/www.radiopiu.net\/wordpress\/wp-content\/uploads\/2025\/10\/7cb468c4-87f0-4d42-8c0a-be01ae73a28b-150x150.jpg 150w, https:\/\/www.radiopiu.net\/wordpress\/wp-content\/uploads\/2025\/10\/7cb468c4-87f0-4d42-8c0a-be01ae73a28b-768x768.jpg 768w, https:\/\/www.radiopiu.net\/wordpress\/wp-content\/uploads\/2025\/10\/7cb468c4-87f0-4d42-8c0a-be01ae73a28b.jpg 1080w\" sizes=\"auto, (max-width: 137px) 100vw, 137px\" \/><\/a>FELTRE<\/strong> Continuano gli appuntamenti con le degustazioni di Dolomiti Beer &amp; Wine Shop. Domani a Feltre, dalle 17 alle 19:30, la degustazione gratuita di Orange Wine.<\/p>\n<p><strong>LO SPOT ALLA RADIO<\/strong><\/p>\n<audio class=\"wp-audio-shortcode\" id=\"audio-477619-15\" preload=\"none\" style=\"width: 100%;\" controls=\"controls\"><source type=\"audio\/mpeg\" src=\"https:\/\/www.radiopiu.net\/wordpress\/wp-content\/uploads\/2025\/10\/giovedi-30-ottobre.mp3?_=15\" \/><a href=\"https:\/\/www.radiopiu.net\/wordpress\/wp-content\/uploads\/2025\/10\/giovedi-30-ottobre.mp3\">https:\/\/www.radiopiu.net\/wordpress\/wp-content\/uploads\/2025\/10\/giovedi-30-ottobre.mp3<\/a><\/audio>\n<p>&nbsp;<\/p>\n<hr \/>\n<p>&nbsp;<\/p>\n<h2><span style=\"color: #ff0000;\"><a class=\"dt-pswp-item\" href=\"https:\/\/www.radiopiu.net\/wordpress\/wp-content\/uploads\/2018\/09\/appuntamenti.jpeg\" data-dt-img-description=\"\" data-large_image_width=\"800\" data-large_image_height=\"100\"><img loading=\"lazy\" decoding=\"async\" class=\"wp-image-61958 size-full aligncenter\" src=\"https:\/\/www.radiopiu.net\/wordpress\/wp-content\/uploads\/2018\/09\/appuntamenti.jpeg\" alt=\"\" width=\"800\" height=\"100\" srcset=\"https:\/\/www.radiopiu.net\/wordpress\/wp-content\/uploads\/2018\/09\/appuntamenti.jpeg 800w, https:\/\/www.radiopiu.net\/wordpress\/wp-content\/uploads\/2018\/09\/appuntamenti-300x38.jpeg 300w, https:\/\/www.radiopiu.net\/wordpress\/wp-content\/uploads\/2018\/09\/appuntamenti-768x96.jpeg 768w\" sizes=\"auto, (max-width: 800px) 100vw, 800px\" \/><\/a><\/span><\/h2>\n<p>&nbsp;<\/p>\n\n\t\t\t<style type='text\/css'>\n\t\t\t\t#gallery-3 {\n\t\t\t\t\tmargin: auto;\n\t\t\t\t}\n\t\t\t\t#gallery-3 .gallery-item {\n\t\t\t\t\tfloat: left;\n\t\t\t\t\tmargin-top: 10px;\n\t\t\t\t\ttext-align: center;\n\t\t\t\t\twidth: 20%;\n\t\t\t\t}\n\t\t\t\t#gallery-3 img {\n\t\t\t\t\tborder: 2px solid #cfcfcf;\n\t\t\t\t}\n\t\t\t\t#gallery-3 .gallery-caption {\n\t\t\t\t\tmargin-left: 0;\n\t\t\t\t}\n\t\t\t\t\/* see gallery_shortcode() in wp-includes\/media.php *\/\n\t\t\t<\/style>\n\t\t<div id='gallery-3' class='dt-gallery-container gallery galleryid-477619 gallery-columns-5 gallery-size-thumbnail'><dl class='gallery-item'>\n\t\t\t\t<dt class='gallery-icon portrait'>\n\t\t\t\t\t<a class=\"rollover rollover-zoom dt-pswp-item\" title=\"87dc020f-6cc3-41db-b532-ca50fd7a9a52\" data-dt-img-description=\"\" data-large_image_width=\"1080\" data-large_image_height=\"1480\"href='https:\/\/www.radiopiu.net\/wordpress\/wp-content\/uploads\/2025\/10\/87dc020f-6cc3-41db-b532-ca50fd7a9a52.jpg'><img loading=\"lazy\" decoding=\"async\" width=\"150\" height=\"150\" src=\"https:\/\/www.radiopiu.net\/wordpress\/wp-content\/uploads\/2025\/10\/87dc020f-6cc3-41db-b532-ca50fd7a9a52-150x150.jpg\" class=\"attachment-thumbnail size-thumbnail\" alt=\"\" \/><\/a>\n\t\t\t\t<\/dt><\/dl><dl class='gallery-item'>\n\t\t\t\t<dt class='gallery-icon portrait'>\n\t\t\t\t\t<a class=\"rollover rollover-zoom dt-pswp-item\" title=\"2e6ac4e6-1d7d-41ac-9068-0e0f9e3bffcc\" data-dt-img-description=\"\" data-large_image_width=\"1029\" data-large_image_height=\"1456\"href='https:\/\/www.radiopiu.net\/wordpress\/wp-content\/uploads\/2025\/10\/2e6ac4e6-1d7d-41ac-9068-0e0f9e3bffcc.jpg'><img loading=\"lazy\" decoding=\"async\" width=\"150\" height=\"150\" src=\"https:\/\/www.radiopiu.net\/wordpress\/wp-content\/uploads\/2025\/10\/2e6ac4e6-1d7d-41ac-9068-0e0f9e3bffcc-150x150.jpg\" class=\"attachment-thumbnail size-thumbnail\" alt=\"\" \/><\/a>\n\t\t\t\t<\/dt><\/dl><dl class='gallery-item'>\n\t\t\t\t<dt class='gallery-icon portrait'>\n\t\t\t\t\t<a class=\"rollover rollover-zoom dt-pswp-item\" title=\"LOCANDINA CONFERENZA CANE A LIMANA\" data-dt-img-description=\"\" data-large_image_width=\"1165\" data-large_image_height=\"1654\"href='https:\/\/www.radiopiu.net\/wordpress\/wp-content\/uploads\/2025\/10\/LOCANDINA-CONFERENZA-CANE-A-LIMANA.jpg'><img loading=\"lazy\" decoding=\"async\" width=\"150\" height=\"150\" src=\"https:\/\/www.radiopiu.net\/wordpress\/wp-content\/uploads\/2025\/10\/LOCANDINA-CONFERENZA-CANE-A-LIMANA-150x150.jpg\" class=\"attachment-thumbnail size-thumbnail\" alt=\"\" \/><\/a>\n\t\t\t\t<\/dt><\/dl><dl class='gallery-item'>\n\t\t\t\t<dt class='gallery-icon portrait'>\n\t\t\t\t\t<a class=\"rollover rollover-zoom dt-pswp-item\" title=\"Dove nuotano i caprioli\" data-dt-img-description=\"\" data-large_image_width=\"1754\" data-large_image_height=\"2481\"href='https:\/\/www.radiopiu.net\/wordpress\/wp-content\/uploads\/2025\/10\/Dove-nuotano-i-caprioli.jpg'><img loading=\"lazy\" decoding=\"async\" width=\"150\" height=\"150\" src=\"https:\/\/www.radiopiu.net\/wordpress\/wp-content\/uploads\/2025\/10\/Dove-nuotano-i-caprioli-150x150.jpg\" class=\"attachment-thumbnail size-thumbnail\" alt=\"\" \/><\/a>\n\t\t\t\t<\/dt><\/dl><dl class='gallery-item'>\n\t\t\t\t<dt class='gallery-icon portrait'>\n\t\t\t\t\t<a class=\"rollover rollover-zoom dt-pswp-item\" title=\"d0f070e2-8055-4e24-86da-988127132caa\" data-dt-img-description=\"\" data-large_image_width=\"904\" data-large_image_height=\"1280\"href='https:\/\/www.radiopiu.net\/wordpress\/wp-content\/uploads\/2025\/10\/d0f070e2-8055-4e24-86da-988127132caa.jpg'><img loading=\"lazy\" decoding=\"async\" width=\"150\" height=\"150\" src=\"https:\/\/www.radiopiu.net\/wordpress\/wp-content\/uploads\/2025\/10\/d0f070e2-8055-4e24-86da-988127132caa-150x150.jpg\" class=\"attachment-thumbnail size-thumbnail\" alt=\"\" \/><\/a>\n\t\t\t\t<\/dt><\/dl><br style=\"clear: both\" \/><dl class='gallery-item'>\n\t\t\t\t<dt class='gallery-icon portrait'>\n\t\t\t\t\t<a class=\"rollover rollover-zoom dt-pswp-item\" title=\"LOCAND\" data-dt-img-description=\"\" data-large_image_width=\"429\" data-large_image_height=\"605\"href='https:\/\/www.radiopiu.net\/wordpress\/wp-content\/uploads\/2025\/10\/LOCAND.jpg'><img loading=\"lazy\" decoding=\"async\" width=\"150\" height=\"150\" src=\"https:\/\/www.radiopiu.net\/wordpress\/wp-content\/uploads\/2025\/10\/LOCAND-150x150.jpg\" class=\"attachment-thumbnail size-thumbnail\" alt=\"\" \/><\/a>\n\t\t\t\t<\/dt><\/dl><dl class='gallery-item'>\n\t\t\t\t<dt class='gallery-icon landscape'>\n\t\t\t\t\t<a class=\"rollover rollover-zoom dt-pswp-item\" title=\"563612389_1219539743553039_1535719683077900500_n\" data-dt-img-description=\"\" data-large_image_width=\"1080\" data-large_image_height=\"1080\"href='https:\/\/www.radiopiu.net\/wordpress\/wp-content\/uploads\/2025\/10\/563612389_1219539743553039_1535719683077900500_n.jpg'><img loading=\"lazy\" decoding=\"async\" width=\"150\" height=\"150\" src=\"https:\/\/www.radiopiu.net\/wordpress\/wp-content\/uploads\/2025\/10\/563612389_1219539743553039_1535719683077900500_n-150x150.jpg\" class=\"attachment-thumbnail size-thumbnail\" alt=\"\" srcset=\"https:\/\/www.radiopiu.net\/wordpress\/wp-content\/uploads\/2025\/10\/563612389_1219539743553039_1535719683077900500_n-150x150.jpg 150w, https:\/\/www.radiopiu.net\/wordpress\/wp-content\/uploads\/2025\/10\/563612389_1219539743553039_1535719683077900500_n-300x300.jpg 300w, https:\/\/www.radiopiu.net\/wordpress\/wp-content\/uploads\/2025\/10\/563612389_1219539743553039_1535719683077900500_n-1024x1024.jpg 1024w, https:\/\/www.radiopiu.net\/wordpress\/wp-content\/uploads\/2025\/10\/563612389_1219539743553039_1535719683077900500_n-768x768.jpg 768w, https:\/\/www.radiopiu.net\/wordpress\/wp-content\/uploads\/2025\/10\/563612389_1219539743553039_1535719683077900500_n.jpg 1080w\" sizes=\"auto, (max-width: 150px) 100vw, 150px\" \/><\/a>\n\t\t\t\t<\/dt><\/dl><dl class='gallery-item'>\n\t\t\t\t<dt class='gallery-icon portrait'>\n\t\t\t\t\t<a class=\"rollover rollover-zoom dt-pswp-item\" title=\"2e565432-df60-4322-b0a1-1fdbb189e3e2\" data-dt-img-description=\"\" data-large_image_width=\"1138\" data-large_image_height=\"1600\"href='https:\/\/www.radiopiu.net\/wordpress\/wp-content\/uploads\/2025\/10\/2e565432-df60-4322-b0a1-1fdbb189e3e2.jpg'><img loading=\"lazy\" decoding=\"async\" width=\"150\" height=\"150\" src=\"https:\/\/www.radiopiu.net\/wordpress\/wp-content\/uploads\/2025\/10\/2e565432-df60-4322-b0a1-1fdbb189e3e2-150x150.jpg\" class=\"attachment-thumbnail size-thumbnail\" alt=\"\" \/><\/a>\n\t\t\t\t<\/dt><\/dl><dl class='gallery-item'>\n\t\t\t\t<dt class='gallery-icon portrait'>\n\t\t\t\t\t<a class=\"rollover rollover-zoom dt-pswp-item\" title=\"giordano\" data-dt-img-description=\"\" data-large_image_width=\"432\" data-large_image_height=\"608\"href='https:\/\/www.radiopiu.net\/wordpress\/wp-content\/uploads\/2025\/10\/giordano.jpg'><img loading=\"lazy\" decoding=\"async\" width=\"150\" height=\"150\" src=\"https:\/\/www.radiopiu.net\/wordpress\/wp-content\/uploads\/2025\/10\/giordano-150x150.jpg\" class=\"attachment-thumbnail size-thumbnail\" alt=\"\" \/><\/a>\n\t\t\t\t<\/dt><\/dl><dl class='gallery-item'>\n\t\t\t\t<dt class='gallery-icon portrait'>\n\t\t\t\t\t<a class=\"rollover rollover-zoom dt-pswp-item\" title=\"cde32a2a-6720-4581-b60b-6cbc68dd5afa\" data-dt-img-description=\"\" data-large_image_width=\"966\" data-large_image_height=\"2048\"href='https:\/\/www.radiopiu.net\/wordpress\/wp-content\/uploads\/2025\/10\/cde32a2a-6720-4581-b60b-6cbc68dd5afa.jpg'><img loading=\"lazy\" decoding=\"async\" width=\"150\" height=\"150\" src=\"https:\/\/www.radiopiu.net\/wordpress\/wp-content\/uploads\/2025\/10\/cde32a2a-6720-4581-b60b-6cbc68dd5afa-150x150.jpg\" class=\"attachment-thumbnail size-thumbnail\" alt=\"\" \/><\/a>\n\t\t\t\t<\/dt><\/dl><br style=\"clear: both\" \/><dl class='gallery-item'>\n\t\t\t\t<dt class='gallery-icon landscape'>\n\t\t\t\t\t<a class=\"rollover rollover-zoom dt-pswp-item\" title=\"542759768_1187692263404454_707530732478693509_n\" data-dt-img-description=\"\" data-large_image_width=\"1440\" data-large_image_height=\"1440\"href='https:\/\/www.radiopiu.net\/wordpress\/wp-content\/uploads\/2025\/10\/542759768_1187692263404454_707530732478693509_n.jpg'><img loading=\"lazy\" decoding=\"async\" width=\"150\" height=\"150\" src=\"https:\/\/www.radiopiu.net\/wordpress\/wp-content\/uploads\/2025\/10\/542759768_1187692263404454_707530732478693509_n-150x150.jpg\" class=\"attachment-thumbnail size-thumbnail\" alt=\"\" srcset=\"https:\/\/www.radiopiu.net\/wordpress\/wp-content\/uploads\/2025\/10\/542759768_1187692263404454_707530732478693509_n-150x150.jpg 150w, https:\/\/www.radiopiu.net\/wordpress\/wp-content\/uploads\/2025\/10\/542759768_1187692263404454_707530732478693509_n-300x300.jpg 300w, https:\/\/www.radiopiu.net\/wordpress\/wp-content\/uploads\/2025\/10\/542759768_1187692263404454_707530732478693509_n-1024x1024.jpg 1024w, https:\/\/www.radiopiu.net\/wordpress\/wp-content\/uploads\/2025\/10\/542759768_1187692263404454_707530732478693509_n-768x768.jpg 768w, https:\/\/www.radiopiu.net\/wordpress\/wp-content\/uploads\/2025\/10\/542759768_1187692263404454_707530732478693509_n.jpg 1440w\" sizes=\"auto, (max-width: 150px) 100vw, 150px\" \/><\/a>\n\t\t\t\t<\/dt><\/dl><dl class='gallery-item'>\n\t\t\t\t<dt class='gallery-icon portrait'>\n\t\t\t\t\t<a class=\"rollover rollover-zoom dt-pswp-item\" title=\"e58f3ae7-93bd-41d1-9398-2938c3c13a83\" data-dt-img-description=\"\" data-large_image_width=\"1131\" data-large_image_height=\"1600\"href='https:\/\/www.radiopiu.net\/wordpress\/wp-content\/uploads\/2025\/10\/e58f3ae7-93bd-41d1-9398-2938c3c13a83.jpg'><img loading=\"lazy\" decoding=\"async\" width=\"150\" height=\"150\" src=\"https:\/\/www.radiopiu.net\/wordpress\/wp-content\/uploads\/2025\/10\/e58f3ae7-93bd-41d1-9398-2938c3c13a83-150x150.jpg\" class=\"attachment-thumbnail size-thumbnail\" alt=\"\" \/><\/a>\n\t\t\t\t<\/dt><\/dl><dl class='gallery-item'>\n\t\t\t\t<dt class='gallery-icon portrait'>\n\t\t\t\t\t<a class=\"rollover rollover-zoom dt-pswp-item\" title=\"musla\" data-dt-img-description=\"\" data-large_image_width=\"428\" data-large_image_height=\"609\"href='https:\/\/www.radiopiu.net\/wordpress\/wp-content\/uploads\/2025\/10\/musla.jpg'><img loading=\"lazy\" decoding=\"async\" width=\"150\" height=\"150\" src=\"https:\/\/www.radiopiu.net\/wordpress\/wp-content\/uploads\/2025\/10\/musla-150x150.jpg\" class=\"attachment-thumbnail size-thumbnail\" alt=\"\" \/><\/a>\n\t\t\t\t<\/dt><\/dl>\n\t\t\t\t<br style='clear: both' \/>\n\t\t\t<\/div>\n\n<h2><\/h2>\n<hr \/>\n<p>&nbsp;<\/p>\n<p class=\"mceTemp\"><a class=\"dt-pswp-item\" href=\"https:\/\/www.radiopiu.net\/wordpress\/wp-content\/uploads\/2018\/09\/WhatsApp-Image-2018-09-20-at-16.04.06.jpeg\" data-dt-img-description=\"\" data-large_image_width=\"800\" data-large_image_height=\"100\"><img loading=\"lazy\" decoding=\"async\" class=\"wp-image-61378 size-full aligncenter\" src=\"https:\/\/www.radiopiu.net\/wordpress\/wp-content\/uploads\/2018\/09\/WhatsApp-Image-2018-09-20-at-16.04.06.jpeg\" alt=\"\" width=\"800\" height=\"100\" srcset=\"https:\/\/www.radiopiu.net\/wordpress\/wp-content\/uploads\/2018\/09\/WhatsApp-Image-2018-09-20-at-16.04.06.jpeg 800w, https:\/\/www.radiopiu.net\/wordpress\/wp-content\/uploads\/2018\/09\/WhatsApp-Image-2018-09-20-at-16.04.06-300x38.jpeg 300w, https:\/\/www.radiopiu.net\/wordpress\/wp-content\/uploads\/2018\/09\/WhatsApp-Image-2018-09-20-at-16.04.06-768x96.jpeg 768w\" sizes=\"auto, (max-width: 800px) 100vw, 800px\" \/><\/a><\/p>\n<p>&nbsp;<\/p>\n<p><center><\/center><center><b>OGGI<\/b><\/center>Dalle prime ore e fino al primo pomeriggio cielo poco nuvoloso per velature e per possibili nubi basse sparse con foschie in alcune conche prealpine nelle ore fredde, in diradamento nella mattinata; poi nel pomeriggio graduale aumento della nuvolosit\u00e0 fino a cielo nuvoloso verso sera, per nubi medio-basse, specie sulle Prealpi<br \/>\n<b>Precipitazioni: <\/b>Al mattino assenti; nel pomeriggio in gran parte assenti ma verso sera non si esclude un po&#8217; di pioviggine perlopi\u00f9 locale nell&#8217;area prealpina<br \/>\n<b>Temperature: <\/b>In lieve o contenuto aumento, salvo le massime che saranno in lieve diminuzione nelle valli dolomitiche e nell&#8217;area prealpina.<\/p>\n<hr \/>\n<p><center><b>DOMANI<\/b><\/center>Cielo in prevalenza nuvoloso o molto nuvoloso con possibili fenomeni.<br \/>\n<b>Precipitazioni: <\/b>Al mattino possibili precipitazioni sparse, anche a tratti diffuse sulle zone prealpine con fenomeni perlopi\u00f9 modesti e intermittenti; nel pomeriggio non esclusi locali fenomeni occasionali, perlopi\u00f9 qualche pioviggine.<br \/>\n<b>Temperature: <\/b>Minime in aumento, massime in quota stazionarie o in lieve aumento, mentre nelle valli in lieve calo. Modesta escursione termica giornaliera.<\/p>\n<hr \/>\n<p><center><b>VENERDI<\/b><\/center>Tempo variabile con nuvolosit\u00e0 irregolare associata a fenomeni scarsi o del tutto assenti, perlopi\u00f9 occasionali con qualche eventuale breve. Temperature in lieve aumento, salvo risultare stazionarie le massime nelle valli. Modesta escursione termica giornaliera.<\/p>\n<hr \/>\n<p><center><b>SABATO<\/b><\/center>Tempo ancora variabile con cielo irregolarmente nuvoloso e qualche schiarita. Fenomeni molto scarsi o assenti. Temperature minime in aumento, massime stazionarie o in lieve calo.<\/p>\n<p>&nbsp;<\/p>\n<hr \/>\n<p>&nbsp;<\/p>\n<p class=\"mceTemp\"><a class=\"dt-pswp-item\" href=\"https:\/\/www.radiopiu.net\/wordpress\/wp-content\/uploads\/2018\/09\/sport.jpg\" data-dt-img-description=\"\" data-large_image_width=\"800\" data-large_image_height=\"100\"><img loading=\"lazy\" decoding=\"async\" class=\"aligncenter wp-image-60761 size-full\" src=\"https:\/\/www.radiopiu.net\/wordpress\/wp-content\/uploads\/2018\/09\/sport.jpg\" alt=\"\" width=\"800\" height=\"100\" srcset=\"https:\/\/www.radiopiu.net\/wordpress\/wp-content\/uploads\/2018\/09\/sport.jpg 800w, https:\/\/www.radiopiu.net\/wordpress\/wp-content\/uploads\/2018\/09\/sport-300x38.jpg 300w, https:\/\/www.radiopiu.net\/wordpress\/wp-content\/uploads\/2018\/09\/sport-768x96.jpg 768w\" sizes=\"auto, (max-width: 800px) 100vw, 800px\" \/> <\/a><\/p>\n<p>&nbsp;<\/p>\n<p><span style=\"color: #3366ff;\"><strong>HOCKEY SU GHIACCIO<\/strong><\/span><\/p>\n<blockquote>\n<h3>ERIC BOUCHARD NUOVO HEAD COACH DELLA NAZIONALE ITALIANA FEMMINILE DI HOCKEY SU GHIACCIO<\/h3>\n<\/blockquote>\n<p><a class=\"dt-pswp-item\" href=\"https:\/\/www.radiopiu.net\/wordpress\/wp-content\/uploads\/2025\/10\/3b41da64-61a3-baa5-d234-fcb5c0470572-scaled.jpg\" data-dt-img-description=\"\" data-large_image_width=\"2560\" data-large_image_height=\"2331\"><img loading=\"lazy\" decoding=\"async\" class=\" wp-image-477713 alignleft\" src=\"https:\/\/www.radiopiu.net\/wordpress\/wp-content\/uploads\/2025\/10\/3b41da64-61a3-baa5-d234-fcb5c0470572-300x273.jpg\" alt=\"\" width=\"149\" height=\"135\" srcset=\"https:\/\/www.radiopiu.net\/wordpress\/wp-content\/uploads\/2025\/10\/3b41da64-61a3-baa5-d234-fcb5c0470572-300x273.jpg 300w, https:\/\/www.radiopiu.net\/wordpress\/wp-content\/uploads\/2025\/10\/3b41da64-61a3-baa5-d234-fcb5c0470572-1024x932.jpg 1024w, https:\/\/www.radiopiu.net\/wordpress\/wp-content\/uploads\/2025\/10\/3b41da64-61a3-baa5-d234-fcb5c0470572-768x699.jpg 768w, https:\/\/www.radiopiu.net\/wordpress\/wp-content\/uploads\/2025\/10\/3b41da64-61a3-baa5-d234-fcb5c0470572-1536x1399.jpg 1536w, https:\/\/www.radiopiu.net\/wordpress\/wp-content\/uploads\/2025\/10\/3b41da64-61a3-baa5-d234-fcb5c0470572-2048x1865.jpg 2048w\" sizes=\"auto, (max-width: 149px) 100vw, 149px\" \/><\/a>A pochi giorni dal raduno di Bolzano, la Nazionale italiana femminile di hockey su ghiaccio accoglie Eric Bouchard come nuovo capo allenatore. Nato a Montr\u00e9al nel 1991, Bouchard vanta un\u2019importante esperienza in Canada, tra leghe giovanili e la Canadian Women\u2019s Hockey League, oltre al ruolo di assistente nella nazionale canadese Under 17 campione del mondo 2023\/24. Succede a St\u00e9phanie Poirier, che resta nello staff dopo aver guidato le azzurre al successo nel Mondiale di Prima Divisione Gruppo B. La nomina, voluta da Dani\u00e8le Sauvageau, punta a rafforzare la struttura tecnica in vista delle Olimpiadi di Milano-Cortina 2026 e dei Mondiali di Prima Divisione Gruppo A. Dopo i test di Bolzano, la squadra voler\u00e0 a Montr\u00e9al per un intenso raduno di sei settimane. (foto: Gianluca Prati)<\/p>\n<p>&nbsp;<\/p>\n<p>&nbsp;<\/p>\n<p>&nbsp;<\/p>\n<p>&nbsp;<\/p>\n","protected":false},"excerpt":{"rendered":"<p>******** &nbsp; LA\u00a0 APP PER IOS-IPHONE di Nicola Vettorello https:\/\/apps.apple.com\/it\/app\/radio-pi%C3%B9-emittente-agordina\/id1515939845 LA\u00a0 APP RADIO\u00a0 PER ANDROID di Nicola Vettorello https:\/\/play.google.com\/store\/apps\/details?id=net.radiopiu.iniko\u00a0\u00a0\u00a0\u00a0\u00a0 &nbsp; &nbsp; &nbsp; OGGI SU RADIOPI\u00d9: MUSICA, informazione\u00a0 e dirette\u00a0\u00a0 ALLE 8.05 LA RASSEGNA STAMPA LOCALE 8.25 PIU SIAMO, DI MARINA DONA&#8217; 900\u00a0 SULLE ORME DI LIANA CAVALLET, Elena De Zaiacomo, recensisce &#8220;Il leggendario tesoro di&hellip;<\/p>\n","protected":false},"author":4,"featured_media":477815,"comment_status":"closed","ping_status":"closed","sticky":false,"template":"","format":"standard","meta":{"_monsterinsights_skip_tracking":false,"_monsterinsights_sitenote_active":false,"_monsterinsights_sitenote_note":"","_monsterinsights_sitenote_category":0,"footnotes":""},"categories":[51,86,49],"tags":[],"class_list":["post-477619","post","type-post","status-publish","format-standard","has-post-thumbnail","hentry","category-evidenza-top","category-gr","category-news-18","category-51","category-86","category-49","description-off"],"img_url":"https:\/\/www.radiopiu.net\/wordpress\/wp-content\/uploads\/2025\/10\/Screenshot-2025-10-29-055637-e1761713826452.png","_links":{"self":[{"href":"https:\/\/www.radiopiu.net\/wordpress\/wp-json\/wp\/v2\/posts\/477619","targetHints":{"allow":["GET"]}}],"collection":[{"href":"https:\/\/www.radiopiu.net\/wordpress\/wp-json\/wp\/v2\/posts"}],"about":[{"href":"https:\/\/www.radiopiu.net\/wordpress\/wp-json\/wp\/v2\/types\/post"}],"author":[{"embeddable":true,"href":"https:\/\/www.radiopiu.net\/wordpress\/wp-json\/wp\/v2\/users\/4"}],"replies":[{"embeddable":true,"href":"https:\/\/www.radiopiu.net\/wordpress\/wp-json\/wp\/v2\/comments?post=477619"}],"version-history":[{"count":34,"href":"https:\/\/www.radiopiu.net\/wordpress\/wp-json\/wp\/v2\/posts\/477619\/revisions"}],"predecessor-version":[{"id":477839,"href":"https:\/\/www.radiopiu.net\/wordpress\/wp-json\/wp\/v2\/posts\/477619\/revisions\/477839"}],"wp:featuredmedia":[{"embeddable":true,"href":"https:\/\/www.radiopiu.net\/wordpress\/wp-json\/wp\/v2\/media\/477815"}],"wp:attachment":[{"href":"https:\/\/www.radiopiu.net\/wordpress\/wp-json\/wp\/v2\/media?parent=477619"}],"wp:term":[{"taxonomy":"category","embeddable":true,"href":"https:\/\/www.radiopiu.net\/wordpress\/wp-json\/wp\/v2\/categories?post=477619"},{"taxonomy":"post_tag","embeddable":true,"href":"https:\/\/www.radiopiu.net\/wordpress\/wp-json\/wp\/v2\/tags?post=477619"}],"curies":[{"name":"wp","href":"https:\/\/api.w.org\/{rel}","templated":true}]}}