{"id":477677,"date":"2025-10-29T04:01:07","date_gmt":"2025-10-29T03:01:07","guid":{"rendered":"https:\/\/www.radiopiu.net\/wordpress\/?p=477677"},"modified":"2025-10-29T06:05:03","modified_gmt":"2025-10-29T05:05:03","slug":"ancora-un-gesto-vergognoso-sulla-madonna-del-menadar","status":"publish","type":"post","link":"https:\/\/www.radiopiu.net\/wordpress\/ancora-un-gesto-vergognoso-sulla-madonna-del-menadar\/","title":{"rendered":"ANCORA UN GESTO VERGOGNOSO SULLA MADONNA DEL MENADAR"},"content":{"rendered":"<p>**<\/p>\n<p><strong>di Mirko Mezzacasa<\/strong><\/p>\n<p data-start=\"312\" data-end=\"629\"><a class=\"dt-pswp-item\" href=\"https:\/\/www.radiopiu.net\/wordpress\/wp-content\/uploads\/2025\/10\/Screenshot-2025-10-28-152909.png\" data-dt-img-description=\"\" data-large_image_width=\"407\" data-large_image_height=\"293\"><img loading=\"lazy\" decoding=\"async\" class=\"size-medium wp-image-477684 alignleft\" src=\"https:\/\/www.radiopiu.net\/wordpress\/wp-content\/uploads\/2025\/10\/Screenshot-2025-10-28-152909-300x216.png\" alt=\"\" width=\"300\" height=\"216\" srcset=\"https:\/\/www.radiopiu.net\/wordpress\/wp-content\/uploads\/2025\/10\/Screenshot-2025-10-28-152909-300x216.png 300w, https:\/\/www.radiopiu.net\/wordpress\/wp-content\/uploads\/2025\/10\/Screenshot-2025-10-28-152909.png 407w\" sizes=\"auto, (max-width: 300px) 100vw, 300px\" \/><\/a>\u00c8 successo di nuovo. Non c\u2019\u00e8 pace \u2014 e soprattutto non c\u2019\u00e8 pi\u00f9 rispetto \u2014 per la Madonna del Menadar, la statua che dall\u2019alto di La Valle Agordina veglia sulla comunit\u00e0 e sulla vallata. Una presenza benedetta, simbolo di fede, unione e tradizione popolare, diventata ormai bersaglio di gesti inqualificabili. Dopo il furto dell\u2019agosto 2024, quando la Madonnina era stata sottratta con la scusa che fosse \u201cnon consona all\u2019ambiente\u201d, e poi fortunatamente ritrovata intatta dai Carabinieri di Feltre, il gruppo di volontari che l\u2019aveva collocata l\u2019aveva rimessa al suo posto. Questa volta ben fissata alla roccia, per proteggerla da mani indegne. Eppure, l\u2019incivilt\u00e0 ha colpito di nuovo: la statua \u00e8 stata decapitata. Un atto vile, codardo e profondamente offensivo non solo per i credenti, ma per l\u2019intera comunit\u00e0 agordina.<br data-start=\"1157\" data-end=\"1160\" \/><em>\u00abUn atto vergognoso\u00bb<\/em> commenta Jessica sui social, e Anna si chiede: \u00ab<em>Perch\u00e9? Che gioia si prova a fare una cosa del genere?\u00bb.<\/em><br data-start=\"1285\" data-end=\"1288\" \/>Tanti i commenti, tutti indignati, molti rabbiosi \u2014 perch\u00e9 il limite della pazienza \u00e8 stato superato da tempo. C\u2019\u00e8 chi, con amarezza, ricorda che sarebbe dovuta salire anche una delegazione con il parroco, per una cerimonia di ringraziamento: <em>\u00abSiamo stati preceduti da non sappiamo chi\u2026 ma faranno i conti con il Karma\u00bb<\/em>, commenta Claudio uno dei volontari salito pi\u00f9 volte fin lass\u00f9. \u00a0Ma quel che resta, oltre alla rabbia, \u00e8 la delusione di un\u2019intera comunit\u00e0 stanca di dover difendere la propria fede e i propri simboli da chi non conosce il significato della parola rispetto. Perch\u00e9 distruggere una statua non \u00e8 un gesto di ribellione: \u00e8 solo un segno di povert\u00e0 d\u2019animo.<br \/>\n<strong>\u00a0<\/strong><\/p>\n<p data-start=\"312\" data-end=\"629\">\n<p data-start=\"312\" data-end=\"629\"><strong>AGOSTO 2024<\/strong><\/p>\n<p data-start=\"312\" data-end=\"629\"><a class=\"dt-pswp-item\" href=\"https:\/\/www.radiopiu.net\/wordpress\/wp-content\/uploads\/2025\/10\/Screenshot-2025-10-28-153103.png\" data-dt-img-description=\"\" data-large_image_width=\"706\" data-large_image_height=\"235\"><img loading=\"lazy\" decoding=\"async\" class=\"alignnone wp-image-477691 size-full\" src=\"https:\/\/www.radiopiu.net\/wordpress\/wp-content\/uploads\/2025\/10\/Screenshot-2025-10-28-153103.png\" alt=\"\" width=\"706\" height=\"235\" srcset=\"https:\/\/www.radiopiu.net\/wordpress\/wp-content\/uploads\/2025\/10\/Screenshot-2025-10-28-153103.png 706w, https:\/\/www.radiopiu.net\/wordpress\/wp-content\/uploads\/2025\/10\/Screenshot-2025-10-28-153103-300x100.png 300w\" sizes=\"auto, (max-width: 706px) 100vw, 706px\" \/><\/a><\/p>\n<blockquote>\n<h2 data-start=\"2070\" data-end=\"2152\"><\/h2>\n<h2 data-start=\"2070\" data-end=\"2152\"><strong data-start=\"2077\" data-end=\"2152\">SINTESI DEGLI ARTICOLI D\u2019ARCHIVIO \u2013 \u201cIL CASO DELLA MADONNA DEL MENADAR\u201d<\/strong><\/h2>\n<\/blockquote>\n<p data-start=\"2154\" data-end=\"2506\"><strong data-start=\"2157\" data-end=\"2172\">Agosto 2024<\/strong><br data-start=\"2172\" data-end=\"2175\" \/><a class=\"dt-pswp-item\" href=\"https:\/\/www.radiopiu.net\/wordpress\/wp-content\/uploads\/2025\/10\/2ded260a-83df-419b-8cbf-2545ec04e1cf-225x300-1.jpg\" data-dt-img-description=\"\" data-large_image_width=\"225\" data-large_image_height=\"300\"><img loading=\"lazy\" decoding=\"async\" class=\" wp-image-477680 alignleft\" src=\"https:\/\/www.radiopiu.net\/wordpress\/wp-content\/uploads\/2025\/10\/2ded260a-83df-419b-8cbf-2545ec04e1cf-225x300-1.jpg\" alt=\"\" width=\"122\" height=\"163\" \/><\/a>Durante i preparativi per la festa \u201cMadona de la Neif\u201d a La Valle Agordina, un gruppo di volontari colloca una statua in ottone della Madonna sul Col Menadar, visibile da gran parte della Conca Agordina. Poco dopo l\u2019installazione, ignoti distruggono il faretto d\u2019illuminazione, poi sradicano la statua e la fanno sparire. Sui social appare un messaggio da un profilo anonimo (\u201cGiovanni Manardi\u201d) che rivendica l\u2019azione, dichiarando di aver \u201cpreso in custodia\u201d la Madonnina per collocarla \u201cin un luogo pi\u00f9 consono\u201d. Il gesto scatena indignazione e sdegno, con centinaia di commenti e prese di posizione.<\/p>\n<p data-start=\"2798\" data-end=\"2904\"><strong data-start=\"2801\" data-end=\"2827\">Reazione istituzionale<\/strong><br data-start=\"2827\" data-end=\"2830\" \/>Il Presidente del Veneto, Luca Zaia, condanna con fermezza il gesto: \u201cNon \u00e8 la presenza di una Madonnina a deturpare la bellezza delle nostre vette, ma gli atti irrispettosi e provocatori. Gi\u00f9 le mani dai simboli sacri.\u201d Zaia parla di \u201catto offensivo verso la spiritualit\u00e0 e la storia delle comunit\u00e0 montane\u201d e chiede un\u2019indagine per individuare i responsabili.<\/p>\n<p data-start=\"3205\" data-end=\"3461\"><strong>Indagini e ritrovamento<\/strong><br data-start=\"3238\" data-end=\"3241\" \/>Le indagini affidate ai Carabinieri\u00a0portano, pochi giorni dopo, al ritrovamento della statua a Nemeggio di Feltre, grazie alla segnalazione di un cittadino. La Madonna \u00e8 intatta e non danneggiata.<\/p>\n<p data-start=\"3205\" data-end=\"3461\"><a class=\"dt-pswp-item\" href=\"https:\/\/www.radiopiu.net\/wordpress\/wp-content\/uploads\/2025\/10\/61240637-3e1a-4198-ace2-a5de953fefce-1024x768-1.jpg\" data-dt-img-description=\"\" data-large_image_width=\"1024\" data-large_image_height=\"768\"><img loading=\"lazy\" decoding=\"async\" class=\"size-medium wp-image-477679 aligncenter\" src=\"https:\/\/www.radiopiu.net\/wordpress\/wp-content\/uploads\/2025\/10\/61240637-3e1a-4198-ace2-a5de953fefce-1024x768-1-300x225.jpg\" alt=\"\" width=\"300\" height=\"225\" srcset=\"https:\/\/www.radiopiu.net\/wordpress\/wp-content\/uploads\/2025\/10\/61240637-3e1a-4198-ace2-a5de953fefce-1024x768-1-300x225.jpg 300w, https:\/\/www.radiopiu.net\/wordpress\/wp-content\/uploads\/2025\/10\/61240637-3e1a-4198-ace2-a5de953fefce-1024x768-1-768x576.jpg 768w, https:\/\/www.radiopiu.net\/wordpress\/wp-content\/uploads\/2025\/10\/61240637-3e1a-4198-ace2-a5de953fefce-1024x768-1.jpg 1024w\" sizes=\"auto, (max-width: 300px) 100vw, 300px\" \/><\/a><\/p>\n<p data-start=\"3463\" data-end=\"3857\"><strong>___<\/strong><\/p>\n<p data-start=\"3463\" data-end=\"3857\">\n","protected":false},"excerpt":{"rendered":"<p>** di Mirko Mezzacasa \u00c8 successo di nuovo. Non c\u2019\u00e8 pace \u2014 e soprattutto non c\u2019\u00e8 pi\u00f9 rispetto \u2014 per la Madonna del Menadar, la statua che dall\u2019alto di La Valle Agordina veglia sulla comunit\u00e0 e sulla vallata. Una presenza benedetta, simbolo di fede, unione e tradizione popolare, diventata ormai bersaglio di gesti inqualificabili. Dopo&hellip;<\/p>\n","protected":false},"author":4,"featured_media":477684,"comment_status":"closed","ping_status":"closed","sticky":false,"template":"","format":"standard","meta":{"_monsterinsights_skip_tracking":false,"_monsterinsights_sitenote_active":false,"_monsterinsights_sitenote_note":"","_monsterinsights_sitenote_category":0,"footnotes":""},"categories":[104,49],"tags":[],"class_list":["post-477677","post","type-post","status-publish","format-standard","has-post-thumbnail","hentry","category-evidenza_3","category-news-18","category-104","category-49","description-off"],"img_url":"https:\/\/www.radiopiu.net\/wordpress\/wp-content\/uploads\/2025\/10\/Screenshot-2025-10-28-152909.png","_links":{"self":[{"href":"https:\/\/www.radiopiu.net\/wordpress\/wp-json\/wp\/v2\/posts\/477677","targetHints":{"allow":["GET"]}}],"collection":[{"href":"https:\/\/www.radiopiu.net\/wordpress\/wp-json\/wp\/v2\/posts"}],"about":[{"href":"https:\/\/www.radiopiu.net\/wordpress\/wp-json\/wp\/v2\/types\/post"}],"author":[{"embeddable":true,"href":"https:\/\/www.radiopiu.net\/wordpress\/wp-json\/wp\/v2\/users\/4"}],"replies":[{"embeddable":true,"href":"https:\/\/www.radiopiu.net\/wordpress\/wp-json\/wp\/v2\/comments?post=477677"}],"version-history":[{"count":3,"href":"https:\/\/www.radiopiu.net\/wordpress\/wp-json\/wp\/v2\/posts\/477677\/revisions"}],"predecessor-version":[{"id":477693,"href":"https:\/\/www.radiopiu.net\/wordpress\/wp-json\/wp\/v2\/posts\/477677\/revisions\/477693"}],"wp:featuredmedia":[{"embeddable":true,"href":"https:\/\/www.radiopiu.net\/wordpress\/wp-json\/wp\/v2\/media\/477684"}],"wp:attachment":[{"href":"https:\/\/www.radiopiu.net\/wordpress\/wp-json\/wp\/v2\/media?parent=477677"}],"wp:term":[{"taxonomy":"category","embeddable":true,"href":"https:\/\/www.radiopiu.net\/wordpress\/wp-json\/wp\/v2\/categories?post=477677"},{"taxonomy":"post_tag","embeddable":true,"href":"https:\/\/www.radiopiu.net\/wordpress\/wp-json\/wp\/v2\/tags?post=477677"}],"curies":[{"name":"wp","href":"https:\/\/api.w.org\/{rel}","templated":true}]}}