{"id":477697,"date":"2025-10-28T16:03:40","date_gmt":"2025-10-28T15:03:40","guid":{"rendered":"https:\/\/www.radiopiu.net\/wordpress\/?p=477697"},"modified":"2025-10-28T16:03:58","modified_gmt":"2025-10-28T15:03:58","slug":"firmato-il-nuovo-contratto-nazionale-della-sanita","status":"publish","type":"post","link":"https:\/\/www.radiopiu.net\/wordpress\/firmato-il-nuovo-contratto-nazionale-della-sanita\/","title":{"rendered":"FIRMATO IL NUOVO CONTRATTO NAZIONALE DELLA SANIT\u00c0 PUBBLICA 2022\u20132024: AUMENTI, TUTELE E VALORIZZAZIONE DEL PERSONALE"},"content":{"rendered":"<p>********<\/p>\n<p>&nbsp;<\/p>\n<p><strong><a class=\"dt-pswp-item\" href=\"https:\/\/www.radiopiu.net\/wordpress\/wp-content\/uploads\/2025\/10\/CISL-FP.jpg\" data-dt-img-description=\"\" data-large_image_width=\"240\" data-large_image_height=\"176\"><img loading=\"lazy\" decoding=\"async\" class=\" wp-image-477699 alignleft\" src=\"https:\/\/www.radiopiu.net\/wordpress\/wp-content\/uploads\/2025\/10\/CISL-FP.jpg\" alt=\"\" width=\"175\" height=\"128\" \/><\/a>BELLUNO <\/strong>Dopo un anno e mezzo di trattative, \u00e8 stato firmato il nuovo Contratto Collettivo Nazionale della Sanit\u00e0 Pubblica 2022\u20132024 tra Aran e le sigle sindacali CISL FP, Nursind, Fials e Nursing Up. Il rinnovo, atteso da quasi quattro anni, riguarda infermieri, ostetriche, OSS, professionisti socio-sanitari, tecnici e amministrativi: 7.949 lavoratori della Marca e 3.070 del Bellunese beneficeranno di nuovi diritti e aumenti retributivi. L\u2019aumento medio \u00e8 di circa 172 euro lordi al mese, con effetto retroattivo e pagamento da novembre 2025. Gli stipendi tabellari cresceranno di 145 euro medi mensili, a cui si aggiungono incrementi per diverse indennit\u00e0: Pronto Soccorso fino a 250 euro, specificit\u00e0 infermieristica fino a 165 euro e tutela del malato e promozione della salute fino a 119 euro. Sono inoltre previsti arretrati tra 800 e 1.360 euro. Il contratto introduce nuove tutele e misure di welfare: buoni pasto anche per chi lavora in smart working, tutela legale gratuita in caso di aggressioni e il principio di age management per adattare i carichi di lavoro all\u2019et\u00e0, con riduzione dei turni notturni per gli over 60. \u00c8 prevista anche la parit\u00e0 retributiva tra infermieri e ostetriche, la valorizzazione delle prestazioni aggiuntive fino a 50 euro l\u2019ora e bonus fino a 1.500 euro per incarichi di responsabilit\u00e0. Grande importanza viene data alla formazione continua, resa pi\u00f9 flessibile e aggiornata. Secondo la CISL FP Belluno Treviso, questo rinnovo restituisce dignit\u00e0 e attrattivit\u00e0 al lavoro sanitario, rafforzando la qualit\u00e0 dei servizi e la sostenibilit\u00e0 sociale dei territori pi\u00f9 complessi come Belluno e Treviso. Il nuovo contratto chiude una fase difficile e apre la strada alla tornata 2025\u20132027.<\/p>\n<p>&nbsp;<\/p>\n<p>&nbsp;<\/p>\n<p>&nbsp;<\/p>\n<p>**********<\/p>\n","protected":false},"excerpt":{"rendered":"<p>******** &nbsp; BELLUNO Dopo un anno e mezzo di trattative, \u00e8 stato firmato il nuovo Contratto Collettivo Nazionale della Sanit\u00e0 Pubblica 2022\u20132024 tra Aran e le sigle sindacali CISL FP, Nursind, Fials e Nursing Up. Il rinnovo, atteso da quasi quattro anni, riguarda infermieri, ostetriche, OSS, professionisti socio-sanitari, tecnici e amministrativi: 7.949 lavoratori della Marca&hellip;<\/p>\n","protected":false},"author":4,"featured_media":477699,"comment_status":"closed","ping_status":"closed","sticky":false,"template":"","format":"standard","meta":{"_monsterinsights_skip_tracking":false,"_monsterinsights_sitenote_active":false,"_monsterinsights_sitenote_note":"","_monsterinsights_sitenote_category":0,"footnotes":""},"categories":[51,49],"tags":[],"class_list":["post-477697","post","type-post","status-publish","format-standard","has-post-thumbnail","hentry","category-evidenza-top","category-news-18","category-51","category-49","description-off"],"img_url":"https:\/\/www.radiopiu.net\/wordpress\/wp-content\/uploads\/2025\/10\/CISL-FP.jpg","_links":{"self":[{"href":"https:\/\/www.radiopiu.net\/wordpress\/wp-json\/wp\/v2\/posts\/477697","targetHints":{"allow":["GET"]}}],"collection":[{"href":"https:\/\/www.radiopiu.net\/wordpress\/wp-json\/wp\/v2\/posts"}],"about":[{"href":"https:\/\/www.radiopiu.net\/wordpress\/wp-json\/wp\/v2\/types\/post"}],"author":[{"embeddable":true,"href":"https:\/\/www.radiopiu.net\/wordpress\/wp-json\/wp\/v2\/users\/4"}],"replies":[{"embeddable":true,"href":"https:\/\/www.radiopiu.net\/wordpress\/wp-json\/wp\/v2\/comments?post=477697"}],"version-history":[{"count":1,"href":"https:\/\/www.radiopiu.net\/wordpress\/wp-json\/wp\/v2\/posts\/477697\/revisions"}],"predecessor-version":[{"id":477700,"href":"https:\/\/www.radiopiu.net\/wordpress\/wp-json\/wp\/v2\/posts\/477697\/revisions\/477700"}],"wp:featuredmedia":[{"embeddable":true,"href":"https:\/\/www.radiopiu.net\/wordpress\/wp-json\/wp\/v2\/media\/477699"}],"wp:attachment":[{"href":"https:\/\/www.radiopiu.net\/wordpress\/wp-json\/wp\/v2\/media?parent=477697"}],"wp:term":[{"taxonomy":"category","embeddable":true,"href":"https:\/\/www.radiopiu.net\/wordpress\/wp-json\/wp\/v2\/categories?post=477697"},{"taxonomy":"post_tag","embeddable":true,"href":"https:\/\/www.radiopiu.net\/wordpress\/wp-json\/wp\/v2\/tags?post=477697"}],"curies":[{"name":"wp","href":"https:\/\/api.w.org\/{rel}","templated":true}]}}